{"id":478565,"date":"2014-01-25T07:21:06","date_gmt":"2014-01-25T08:21:06","guid":{"rendered":"http:\/\/www.eldigitaldeasturias.com\/noticias\/?p=478565"},"modified":"2014-01-25T07:21:06","modified_gmt":"2014-01-25T08:21:06","slug":"mas-dice-que-la-convencion-del-pp-en-barcelona-es-un-festival-de-amenazas","status":"publish","type":"post","link":"https:\/\/www.eldigitaldeasturias.com\/noticias\/mas-dice-que-la-convencion-del-pp-en-barcelona-es-un-festival-de-amenazas\/","title":{"rendered":"Mas dice que la convenci\u00f3n del PP en Barcelona es un \u00abfestival de amenazas\u00bb"},"content":{"rendered":"<p><img loading=\"lazy\" decoding=\"async\" class=\"alignleft size-medium wp-image-478566\" alt=\"5875127w\" src=\"https:\/\/www.eldigitaldeasturias.com\/noticias\/wp-content\/uploads\/2014\/01\/5875127w-360x255.jpg\" width=\"360\" height=\"255\" \/>Calella (Barcelona), 24 ene (EFE).- El presidente catal\u00e1n, Artur Mas, ha afirmado que la reuni\u00f3n que celebra desde hoy en Barcelona el PP \u00abno es una convenci\u00f3n de ideas y propuestas\u00bb, sino que es \u00abun festival de amenazas\u00bb a Catalu\u00f1a, y ha denunciado la campa\u00f1a \u00absucia\u00bb que ha emprendido el PP a favor del \u00abno\u00bb cuando rechaza la consulta.<\/p>\n<p>Mas ha hecho estas declaraciones en el marco de la convenci\u00f3n municipal que CDC celebra en Calella, y despu\u00e9s de los mensajes que dirigentes del PP han vertido durante la jornada a ra\u00edz del debate sobre el proceso soberanista para celebrar una consulta de autodeterminaci\u00f3n el pr\u00f3ximo 9 de noviembre en Catalu\u00f1a.<\/p>\n<p>Artur Mas ha manifestado que espera que \u00abesta convenci\u00f3n -la del PP- sea una convenci\u00f3n de ideas&#8230; \u00bfEs mucho pedir que sea una convenci\u00f3n de idas y propuestas? Todo lo que nos llega no va por aqu\u00ed. Es un festival de amenazas. De momento la hacen as\u00ed. Esperemos que acabe con alguna idea\u00bb.<\/p>\n<p>De la misma manera, Mas ha se\u00f1alado que \u00absi pudi\u00e9semos contraponer ideas, entender\u00eda perfectamente a un Gobierno espa\u00f1ol que convenciera a los catalanes que es mejor estar dentro que fuera\u00bb.<\/p>\n<p>\u00abNo entiendo un Gobierno y un partido que no dejen a los catalanes decidir su futuro. Este festival de amenazas no va a ning\u00fan sitio. Esperemos que ma\u00f1ana, con los peces m\u00e1s grandes, haya aportaciones en positivo. No vienen a convencer, vienen a asustar\u00bb.<\/p>\n<p>El president ha destacado que desde el PP quieren convencer que una Catalu\u00f1a independiente ser\u00eda \u00abde pobres y no podremos pagar nada&#8230; \u00bfEstos son sus planes?\u00bb.<\/p>\n<p>Adem\u00e1s, ha a\u00f1adido que \u00absi van por este camino es que ya hacen la campa\u00f1a de la consulta, por lo que entienden que la consulta se har\u00e1. Si no quieren consulta que no pierdan el tiempo. Est\u00e1n en campa\u00f1a, una campa\u00f1a sucia, pero est\u00e1n en campa\u00f1a por el no\u00bb.<\/p>\n<p>Por otro lado, Mas tambi\u00e9n ha hablado de el intento fallido de los partidos catalanistas de ir unidos en las elecciones europeas. \u00abEs una l\u00e1stima, a lo mejor no cubre las expectativas de pa\u00eds pero si no lo ven claro, no podemos insistir\u00bb.<\/p>\n<p>Adem\u00e1s, ha anunciado que ofrecer\u00e1 a los partidos que \u00abcomo m\u00ednimo pactemos un programa com\u00fan para ir con una voz propia a Europa y que vean que, a pesar de no ir juntos, podemos llevar un programa similar\u00bb.<\/p>\n","protected":false},"excerpt":{"rendered":"<p>Calella (Barcelona), 24 ene (EFE).- El presidente catal\u00e1n, Artur Mas, ha afirmado que la reuni\u00f3n que celebra desde hoy en Barcelona el PP \u00abno es una convenci\u00f3n de ideas y propuestas\u00bb, sino que es \u00abun festival de amenazas\u00bb a Catalu\u00f1a, y ha denunciado la campa\u00f1a \u00absucia\u00bb que ha emprendido el PP a favor del \u00abno\u00bb [&hellip;]<\/p>\n","protected":false},"author":1,"featured_media":1132184,"comment_status":"closed","ping_status":"open","sticky":false,"template":"","format":"standard","meta":{"footnotes":""},"categories":[1],"tags":[],"class_list":["post-478565","post","type-post","status-publish","format-standard","has-post-thumbnail","hentry","category-actualidad"],"aioseo_notices":[],"aioseo_head":"\n\t\t<!-- All in One SEO Pro 5.0.1 - aioseo.com -->\n\t<meta name=\"description\" content=\"Calella (Barcelona), 24 ene (EFE).- El presidente catal\u00e1n, Artur Mas, ha afirmado que la reuni\u00f3n que celebra desde hoy en Barcelona el PP &quot;no es una convenci\u00f3n de ideas y propuestas&quot;, sino que es &quot;un festival de amenazas&quot; a Catalu\u00f1a, y ha denunciado la campa\u00f1a &quot;sucia&quot; que ha emprendido el PP a favor del &quot;no&quot;\" \/>\n\t<meta name=\"robots\" content=\"max-image-preview:large\" \/>\n\t<meta name=\"author\" content=\"El Digital de Asturias\"\/>\n\t<meta name=\"google-site-verification\" content=\"UA-38556648-1\" \/>\n\t<meta name=\"msvalidate.01\" content=\"7dfe9f3f1b24437ab69f4f2559babe99\" \/>\n\t<meta name=\"keywords\" content=\"actualidad\" \/>\n\t<link rel=\"canonical\" href=\"https:\/\/www.eldigitaldeasturias.com\/noticias\/mas-dice-que-la-convencion-del-pp-en-barcelona-es-un-festival-de-amenazas\/\" \/>\n\t<meta name=\"generator\" content=\"All in One SEO Pro (AIOSEO) 5.0.1\" \/>\n\t\t<meta property=\"og:locale\" content=\"es_ES\" \/>\n\t\t<meta property=\"og:site_name\" content=\"El Digital de Asturias\" \/>\n\t\t<meta property=\"og:type\" content=\"article\" \/>\n\t\t<meta property=\"og:title\" content=\"Mas dice que la convenci\u00f3n del PP en Barcelona es un \u00abfestival de amenazas\u00bb - El Digital de Asturias\" \/>\n\t\t<meta property=\"og:description\" content=\"Calella (Barcelona), 24 ene (EFE).- El presidente catal\u00e1n, Artur Mas, ha afirmado que la reuni\u00f3n que celebra desde hoy en Barcelona el PP &quot;no es una convenci\u00f3n de ideas y propuestas&quot;, sino que es &quot;un festival de amenazas&quot; a Catalu\u00f1a, y ha denunciado la campa\u00f1a &quot;sucia&quot; que ha emprendido el PP a favor del &quot;no&quot;\" \/>\n\t\t<meta property=\"og:url\" content=\"https:\/\/www.eldigitaldeasturias.com\/noticias\/mas-dice-que-la-convencion-del-pp-en-barcelona-es-un-festival-de-amenazas\/\" \/>\n\t\t<meta property=\"og:image\" content=\"https:\/\/www.eldigitaldeasturias.com\/noticias\/wp-content\/uploads\/2026\/06\/Contenidos.jpg\" \/>\n\t\t<meta property=\"og:image:secure_url\" content=\"https:\/\/www.eldigitaldeasturias.com\/noticias\/wp-content\/uploads\/2026\/06\/Contenidos.jpg\" \/>\n\t\t<meta property=\"og:image:width\" content=\"1265\" \/>\n\t\t<meta property=\"og:image:height\" content=\"697\" \/>\n\t\t<meta property=\"article:tag\" content=\"actualidad\" \/>\n\t\t<meta property=\"article:published_time\" content=\"2014-01-25T08:21:06+00:00\" \/>\n\t\t<meta property=\"article:modified_time\" content=\"2014-01-25T08:21:06+00:00\" \/>\n\t\t<meta property=\"article:publisher\" content=\"https:\/\/facebook.com\/eldigitaldeasturias\" \/>\n\t\t<meta name=\"twitter:card\" content=\"summary_large_image\" \/>\n\t\t<meta name=\"twitter:title\" content=\"Mas dice que la convenci\u00f3n del PP en Barcelona es un \u00abfestival de amenazas\u00bb - El Digital de Asturias\" \/>\n\t\t<meta name=\"twitter:description\" content=\"Calella (Barcelona), 24 ene (EFE).- El presidente catal\u00e1n, Artur Mas, ha afirmado que la reuni\u00f3n que celebra desde hoy en Barcelona el PP &quot;no es una convenci\u00f3n de ideas y propuestas&quot;, sino que es &quot;un festival de amenazas&quot; a Catalu\u00f1a, y ha denunciado la campa\u00f1a &quot;sucia&quot; que ha emprendido el PP a favor del &quot;no&quot;\" \/>\n\t\t<meta name=\"twitter:image\" content=\"https:\/\/www.eldigitaldeasturias.com\/noticias\/wp-content\/uploads\/2026\/06\/Contenidos.jpg\" \/>\n\t\t<meta name=\"twitter:label1\" content=\"Escrito por\" \/>\n\t\t<meta name=\"twitter:data1\" content=\"El Digital de Asturias\" \/>\n\t\t<meta name=\"twitter:label2\" content=\"Tiempo de lectura estimado\" \/>\n\t\t<meta name=\"twitter:data2\" content=\"2 minutos\" \/>\n\t\t<script type=\"application\/ld+json\" class=\"aioseo-schema\">\n\t\t\t{\"@context\":\"https:\\\/\\\/schema.org\",\"@graph\":[{\"@type\":\"BlogPosting\",\"@id\":\"https:\\\/\\\/www.eldigitaldeasturias.com\\\/noticias\\\/mas-dice-que-la-convencion-del-pp-en-barcelona-es-un-festival-de-amenazas\\\/#blogposting\",\"name\":\"Mas dice que la convenci\\u00f3n del PP en Barcelona es un \\u00abfestival de amenazas\\u00bb - El Digital de Asturias\",\"headline\":\"Mas dice que la convenci\\u00f3n del PP en Barcelona es un \\u00abfestival de amenazas\\u00bb\",\"author\":{\"@id\":\"https:\\\/\\\/www.eldigitaldeasturias.com\\\/noticias\\\/author\\\/admin\\\/#author\"},\"publisher\":{\"@id\":\"https:\\\/\\\/www.eldigitaldeasturias.com\\\/noticias\\\/#organization\"},\"image\":{\"@type\":\"ImageObject\",\"url\":\"https:\\\/\\\/www.eldigitaldeasturias.com\\\/noticias\\\/wp-content\\\/uploads\\\/2026\\\/06\\\/Contenidos.jpg\",\"width\":1265,\"height\":697,\"caption\":\"Contenidos\"},\"datePublished\":\"2014-01-25T07:21:06+01:00\",\"dateModified\":\"2014-01-25T07:21:06+01:00\",\"inLanguage\":\"es-ES\",\"mainEntityOfPage\":{\"@id\":\"https:\\\/\\\/www.eldigitaldeasturias.com\\\/noticias\\\/mas-dice-que-la-convencion-del-pp-en-barcelona-es-un-festival-de-amenazas\\\/#webpage\"},\"isPartOf\":{\"@id\":\"https:\\\/\\\/www.eldigitaldeasturias.com\\\/noticias\\\/mas-dice-que-la-convencion-del-pp-en-barcelona-es-un-festival-de-amenazas\\\/#webpage\"},\"articleSection\":\"Actualidad\"},{\"@type\":\"BreadcrumbList\",\"@id\":\"https:\\\/\\\/www.eldigitaldeasturias.com\\\/noticias\\\/mas-dice-que-la-convencion-del-pp-en-barcelona-es-un-festival-de-amenazas\\\/#breadcrumblist\",\"itemListElement\":[{\"@type\":\"ListItem\",\"@id\":\"https:\\\/\\\/www.eldigitaldeasturias.com\\\/noticias#listItem\",\"position\":1,\"name\":\"Home\",\"item\":\"https:\\\/\\\/www.eldigitaldeasturias.com\\\/noticias\",\"nextItem\":{\"@type\":\"ListItem\",\"@id\":\"https:\\\/\\\/www.eldigitaldeasturias.com\\\/noticias\\\/category\\\/actualidad\\\/#listItem\",\"name\":\"Actualidad\"}},{\"@type\":\"ListItem\",\"@id\":\"https:\\\/\\\/www.eldigitaldeasturias.com\\\/noticias\\\/category\\\/actualidad\\\/#listItem\",\"position\":2,\"name\":\"Actualidad\",\"item\":\"https:\\\/\\\/www.eldigitaldeasturias.com\\\/noticias\\\/category\\\/actualidad\\\/\",\"nextItem\":{\"@type\":\"ListItem\",\"@id\":\"https:\\\/\\\/www.eldigitaldeasturias.com\\\/noticias\\\/mas-dice-que-la-convencion-del-pp-en-barcelona-es-un-festival-de-amenazas\\\/#listItem\",\"name\":\"Mas dice que la convenci\\u00f3n del PP en Barcelona es un \\u00abfestival de amenazas\\u00bb\"},\"previousItem\":{\"@type\":\"ListItem\",\"@id\":\"https:\\\/\\\/www.eldigitaldeasturias.com\\\/noticias#listItem\",\"name\":\"Home\"}},{\"@type\":\"ListItem\",\"@id\":\"https:\\\/\\\/www.eldigitaldeasturias.com\\\/noticias\\\/mas-dice-que-la-convencion-del-pp-en-barcelona-es-un-festival-de-amenazas\\\/#listItem\",\"position\":3,\"name\":\"Mas dice que la convenci\\u00f3n del PP en Barcelona es un \\u00abfestival de amenazas\\u00bb\",\"previousItem\":{\"@type\":\"ListItem\",\"@id\":\"https:\\\/\\\/www.eldigitaldeasturias.com\\\/noticias\\\/category\\\/actualidad\\\/#listItem\",\"name\":\"Actualidad\"}}]},{\"@type\":\"Organization\",\"@id\":\"https:\\\/\\\/www.eldigitaldeasturias.com\\\/noticias\\\/#organization\",\"name\":\"El Digital de Asturias\",\"description\":\"Hemeroteca\",\"url\":\"https:\\\/\\\/www.eldigitaldeasturias.com\\\/noticias\\\/\",\"email\":\"info@eldigitaldeasturias.com\",\"telephone\":\"+34652131393\",\"logo\":{\"@type\":\"ImageObject\",\"url\":\"https:\\\/\\\/www.eldigitaldeasturias.com\\\/noticias\\\/wp-content\\\/uploads\\\/2020\\\/12\\\/EDA.jpg\",\"@id\":\"https:\\\/\\\/www.eldigitaldeasturias.com\\\/noticias\\\/mas-dice-que-la-convencion-del-pp-en-barcelona-es-un-festival-de-amenazas\\\/#organizationLogo\"},\"image\":{\"@id\":\"https:\\\/\\\/www.eldigitaldeasturias.com\\\/noticias\\\/mas-dice-que-la-convencion-del-pp-en-barcelona-es-un-festival-de-amenazas\\\/#organizationLogo\"},\"sameAs\":[\"https:\\\/\\\/facebook.com\\\/eldigitaldeasturias\",\"https:\\\/\\\/www.youtube.com\\\/channel\\\/UCZP-2wLEB9Rv6erhFmqVnvg\"],\"address\":{\"@id\":\"https:\\\/\\\/www.eldigitaldeasturias.com\\\/noticias\\\/#postaladdress\",\"@type\":\"PostalAddress\",\"streetAddress\":\"san antonio 4\",\"postalCode\":\"33430\",\"addressLocality\":\"Cand\\u00e1s\",\"addressRegion\":\"Asturias\",\"addressCountry\":\"ES\"}},{\"@type\":\"Person\",\"@id\":\"https:\\\/\\\/www.eldigitaldeasturias.com\\\/noticias\\\/author\\\/admin\\\/#author\",\"url\":\"https:\\\/\\\/www.eldigitaldeasturias.com\\\/noticias\\\/author\\\/admin\\\/\",\"name\":\"El Digital de Asturias\",\"image\":{\"@type\":\"ImageObject\",\"@id\":\"https:\\\/\\\/www.eldigitaldeasturias.com\\\/noticias\\\/mas-dice-que-la-convencion-del-pp-en-barcelona-es-un-festival-de-amenazas\\\/#authorImage\",\"url\":\"https:\\\/\\\/secure.gravatar.com\\\/avatar\\\/df2aeffc32bcd13f8d26072ef8a91b623d677766deac7f97ca815868cd41bf5e?s=96&d=mm&r=g\",\"width\":96,\"height\":96,\"caption\":\"El Digital de Asturias\"}},{\"@type\":\"WebPage\",\"@id\":\"https:\\\/\\\/www.eldigitaldeasturias.com\\\/noticias\\\/mas-dice-que-la-convencion-del-pp-en-barcelona-es-un-festival-de-amenazas\\\/#webpage\",\"url\":\"https:\\\/\\\/www.eldigitaldeasturias.com\\\/noticias\\\/mas-dice-que-la-convencion-del-pp-en-barcelona-es-un-festival-de-amenazas\\\/\",\"name\":\"Mas dice que la convenci\\u00f3n del PP en Barcelona es un \\u00abfestival de amenazas\\u00bb - El Digital de Asturias\",\"description\":\"Calella (Barcelona), 24 ene (EFE).- El presidente catal\\u00e1n, Artur Mas, ha afirmado que la reuni\\u00f3n que celebra desde hoy en Barcelona el PP \\\"no es una convenci\\u00f3n de ideas y propuestas\\\", sino que es \\\"un festival de amenazas\\\" a Catalu\\u00f1a, y ha denunciado la campa\\u00f1a \\\"sucia\\\" que ha emprendido el PP a favor del \\\"no\\\"\",\"inLanguage\":\"es-ES\",\"isPartOf\":{\"@id\":\"https:\\\/\\\/www.eldigitaldeasturias.com\\\/noticias\\\/#website\"},\"breadcrumb\":{\"@id\":\"https:\\\/\\\/www.eldigitaldeasturias.com\\\/noticias\\\/mas-dice-que-la-convencion-del-pp-en-barcelona-es-un-festival-de-amenazas\\\/#breadcrumblist\"},\"author\":{\"@id\":\"https:\\\/\\\/www.eldigitaldeasturias.com\\\/noticias\\\/author\\\/admin\\\/#author\"},\"creator\":{\"@id\":\"https:\\\/\\\/www.eldigitaldeasturias.com\\\/noticias\\\/author\\\/admin\\\/#author\"},\"image\":{\"@type\":\"ImageObject\",\"url\":\"https:\\\/\\\/www.eldigitaldeasturias.com\\\/noticias\\\/wp-content\\\/uploads\\\/2026\\\/06\\\/Contenidos.jpg\",\"@id\":\"https:\\\/\\\/www.eldigitaldeasturias.com\\\/noticias\\\/mas-dice-que-la-convencion-del-pp-en-barcelona-es-un-festival-de-amenazas\\\/#mainImage\",\"width\":1265,\"height\":697,\"caption\":\"Contenidos\"},\"primaryImageOfPage\":{\"@id\":\"https:\\\/\\\/www.eldigitaldeasturias.com\\\/noticias\\\/mas-dice-que-la-convencion-del-pp-en-barcelona-es-un-festival-de-amenazas\\\/#mainImage\"},\"datePublished\":\"2014-01-25T07:21:06+01:00\",\"dateModified\":\"2014-01-25T07:21:06+01:00\"},{\"@type\":\"WebSite\",\"@id\":\"https:\\\/\\\/www.eldigitaldeasturias.com\\\/noticias\\\/#website\",\"url\":\"https:\\\/\\\/www.eldigitaldeasturias.com\\\/noticias\\\/\",\"name\":\"El Digital de Asturias - Diario de actualidad y noticias\",\"alternateName\":\"El Digital de Asturias - Diario de actualidad y noticias\",\"description\":\"Hemeroteca\",\"inLanguage\":\"es-ES\",\"publisher\":{\"@id\":\"https:\\\/\\\/www.eldigitaldeasturias.com\\\/noticias\\\/#organization\"}}]}\n\t\t<\/script>\n\t\t<!-- All in One SEO Pro -->\r\n\t\t<title>Mas dice que la convenci\u00f3n del PP en Barcelona es un \u00abfestival de amenazas\u00bb - El Digital de Asturias<\/title>\n\n","aioseo_head_json":{"title":"Mas dice que la convenci\u00f3n del PP en Barcelona es un \u00abfestival de amenazas\u00bb - El Digital de Asturias","description":"Calella (Barcelona), 24 ene (EFE).- El presidente catal\u00e1n, Artur Mas, ha afirmado que la reuni\u00f3n que celebra desde hoy en Barcelona el PP \"no es una convenci\u00f3n de ideas y propuestas\", sino que es \"un festival de amenazas\" a Catalu\u00f1a, y ha denunciado la campa\u00f1a \"sucia\" que ha emprendido el PP a favor del \"no\"","canonical_url":"https:\/\/www.eldigitaldeasturias.com\/noticias\/mas-dice-que-la-convencion-del-pp-en-barcelona-es-un-festival-de-amenazas\/","robots":"max-image-preview:large","keywords":"actualidad","webmasterTools":{"google-site-verification":"UA-38556648-1","msvalidate.01":"7dfe9f3f1b24437ab69f4f2559babe99","miscellaneous":""},"schema":{"@context":"https:\/\/schema.org","@graph":[{"@type":"BlogPosting","@id":"https:\/\/www.eldigitaldeasturias.com\/noticias\/mas-dice-que-la-convencion-del-pp-en-barcelona-es-un-festival-de-amenazas\/#blogposting","name":"Mas dice que la convenci\u00f3n del PP en Barcelona es un \u00abfestival de amenazas\u00bb - El Digital de Asturias","headline":"Mas dice que la convenci\u00f3n del PP en Barcelona es un \u00abfestival de amenazas\u00bb","author":{"@id":"https:\/\/www.eldigitaldeasturias.com\/noticias\/author\/admin\/#author"},"publisher":{"@id":"https:\/\/www.eldigitaldeasturias.com\/noticias\/#organization"},"image":{"@type":"ImageObject","url":"https:\/\/www.eldigitaldeasturias.com\/noticias\/wp-content\/uploads\/2026\/06\/Contenidos.jpg","width":1265,"height":697,"caption":"Contenidos"},"datePublished":"2014-01-25T07:21:06+01:00","dateModified":"2014-01-25T07:21:06+01:00","inLanguage":"es-ES","mainEntityOfPage":{"@id":"https:\/\/www.eldigitaldeasturias.com\/noticias\/mas-dice-que-la-convencion-del-pp-en-barcelona-es-un-festival-de-amenazas\/#webpage"},"isPartOf":{"@id":"https:\/\/www.eldigitaldeasturias.com\/noticias\/mas-dice-que-la-convencion-del-pp-en-barcelona-es-un-festival-de-amenazas\/#webpage"},"articleSection":"Actualidad"},{"@type":"BreadcrumbList","@id":"https:\/\/www.eldigitaldeasturias.com\/noticias\/mas-dice-que-la-convencion-del-pp-en-barcelona-es-un-festival-de-amenazas\/#breadcrumblist","itemListElement":[{"@type":"ListItem","@id":"https:\/\/www.eldigitaldeasturias.com\/noticias#listItem","position":1,"name":"Home","item":"https:\/\/www.eldigitaldeasturias.com\/noticias","nextItem":{"@type":"ListItem","@id":"https:\/\/www.eldigitaldeasturias.com\/noticias\/category\/actualidad\/#listItem","name":"Actualidad"}},{"@type":"ListItem","@id":"https:\/\/www.eldigitaldeasturias.com\/noticias\/category\/actualidad\/#listItem","position":2,"name":"Actualidad","item":"https:\/\/www.eldigitaldeasturias.com\/noticias\/category\/actualidad\/","nextItem":{"@type":"ListItem","@id":"https:\/\/www.eldigitaldeasturias.com\/noticias\/mas-dice-que-la-convencion-del-pp-en-barcelona-es-un-festival-de-amenazas\/#listItem","name":"Mas dice que la convenci\u00f3n del PP en Barcelona es un \u00abfestival de amenazas\u00bb"},"previousItem":{"@type":"ListItem","@id":"https:\/\/www.eldigitaldeasturias.com\/noticias#listItem","name":"Home"}},{"@type":"ListItem","@id":"https:\/\/www.eldigitaldeasturias.com\/noticias\/mas-dice-que-la-convencion-del-pp-en-barcelona-es-un-festival-de-amenazas\/#listItem","position":3,"name":"Mas dice que la convenci\u00f3n del PP en Barcelona es un \u00abfestival de amenazas\u00bb","previousItem":{"@type":"ListItem","@id":"https:\/\/www.eldigitaldeasturias.com\/noticias\/category\/actualidad\/#listItem","name":"Actualidad"}}]},{"@type":"Organization","@id":"https:\/\/www.eldigitaldeasturias.com\/noticias\/#organization","name":"El Digital de Asturias","description":"Hemeroteca","url":"https:\/\/www.eldigitaldeasturias.com\/noticias\/","email":"info@eldigitaldeasturias.com","telephone":"+34652131393","logo":{"@type":"ImageObject","url":"https:\/\/www.eldigitaldeasturias.com\/noticias\/wp-content\/uploads\/2020\/12\/EDA.jpg","@id":"https:\/\/www.eldigitaldeasturias.com\/noticias\/mas-dice-que-la-convencion-del-pp-en-barcelona-es-un-festival-de-amenazas\/#organizationLogo"},"image":{"@id":"https:\/\/www.eldigitaldeasturias.com\/noticias\/mas-dice-que-la-convencion-del-pp-en-barcelona-es-un-festival-de-amenazas\/#organizationLogo"},"sameAs":["https:\/\/facebook.com\/eldigitaldeasturias","https:\/\/www.youtube.com\/channel\/UCZP-2wLEB9Rv6erhFmqVnvg"],"address":{"@id":"https:\/\/www.eldigitaldeasturias.com\/noticias\/#postaladdress","@type":"PostalAddress","streetAddress":"san antonio 4","postalCode":"33430","addressLocality":"Cand\u00e1s","addressRegion":"Asturias","addressCountry":"ES"}},{"@type":"Person","@id":"https:\/\/www.eldigitaldeasturias.com\/noticias\/author\/admin\/#author","url":"https:\/\/www.eldigitaldeasturias.com\/noticias\/author\/admin\/","name":"El Digital de Asturias","image":{"@type":"ImageObject","@id":"https:\/\/www.eldigitaldeasturias.com\/noticias\/mas-dice-que-la-convencion-del-pp-en-barcelona-es-un-festival-de-amenazas\/#authorImage","url":"https:\/\/secure.gravatar.com\/avatar\/df2aeffc32bcd13f8d26072ef8a91b623d677766deac7f97ca815868cd41bf5e?s=96&d=mm&r=g","width":96,"height":96,"caption":"El Digital de Asturias"}},{"@type":"WebPage","@id":"https:\/\/www.eldigitaldeasturias.com\/noticias\/mas-dice-que-la-convencion-del-pp-en-barcelona-es-un-festival-de-amenazas\/#webpage","url":"https:\/\/www.eldigitaldeasturias.com\/noticias\/mas-dice-que-la-convencion-del-pp-en-barcelona-es-un-festival-de-amenazas\/","name":"Mas dice que la convenci\u00f3n del PP en Barcelona es un \u00abfestival de amenazas\u00bb - El Digital de Asturias","description":"Calella (Barcelona), 24 ene (EFE).- El presidente catal\u00e1n, Artur Mas, ha afirmado que la reuni\u00f3n que celebra desde hoy en Barcelona el PP \"no es una convenci\u00f3n de ideas y propuestas\", sino que es \"un festival de amenazas\" a Catalu\u00f1a, y ha denunciado la campa\u00f1a \"sucia\" que ha emprendido el PP a favor del \"no\"","inLanguage":"es-ES","isPartOf":{"@id":"https:\/\/www.eldigitaldeasturias.com\/noticias\/#website"},"breadcrumb":{"@id":"https:\/\/www.eldigitaldeasturias.com\/noticias\/mas-dice-que-la-convencion-del-pp-en-barcelona-es-un-festival-de-amenazas\/#breadcrumblist"},"author":{"@id":"https:\/\/www.eldigitaldeasturias.com\/noticias\/author\/admin\/#author"},"creator":{"@id":"https:\/\/www.eldigitaldeasturias.com\/noticias\/author\/admin\/#author"},"image":{"@type":"ImageObject","url":"https:\/\/www.eldigitaldeasturias.com\/noticias\/wp-content\/uploads\/2026\/06\/Contenidos.jpg","@id":"https:\/\/www.eldigitaldeasturias.com\/noticias\/mas-dice-que-la-convencion-del-pp-en-barcelona-es-un-festival-de-amenazas\/#mainImage","width":1265,"height":697,"caption":"Contenidos"},"primaryImageOfPage":{"@id":"https:\/\/www.eldigitaldeasturias.com\/noticias\/mas-dice-que-la-convencion-del-pp-en-barcelona-es-un-festival-de-amenazas\/#mainImage"},"datePublished":"2014-01-25T07:21:06+01:00","dateModified":"2014-01-25T07:21:06+01:00"},{"@type":"WebSite","@id":"https:\/\/www.eldigitaldeasturias.com\/noticias\/#website","url":"https:\/\/www.eldigitaldeasturias.com\/noticias\/","name":"El Digital de Asturias - Diario de actualidad y noticias","alternateName":"El Digital de Asturias - Diario de actualidad y noticias","description":"Hemeroteca","inLanguage":"es-ES","publisher":{"@id":"https:\/\/www.eldigitaldeasturias.com\/noticias\/#organization"}}]},"og:locale":"es_ES","og:site_name":"El Digital de Asturias","og:type":"article","og:title":"Mas dice que la convenci\u00f3n del PP en Barcelona es un \u00abfestival de amenazas\u00bb - El Digital de Asturias","og:description":"Calella (Barcelona), 24 ene (EFE).- El presidente catal\u00e1n, Artur Mas, ha afirmado que la reuni\u00f3n que celebra desde hoy en Barcelona el PP &quot;no es una convenci\u00f3n de ideas y propuestas&quot;, sino que es &quot;un festival de amenazas&quot; a Catalu\u00f1a, y ha denunciado la campa\u00f1a &quot;sucia&quot; que ha emprendido el PP a favor del &quot;no&quot;","og:url":"https:\/\/www.eldigitaldeasturias.com\/noticias\/mas-dice-que-la-convencion-del-pp-en-barcelona-es-un-festival-de-amenazas\/","og:image":"https:\/\/www.eldigitaldeasturias.com\/noticias\/wp-content\/uploads\/2026\/06\/Contenidos.jpg","og:image:secure_url":"https:\/\/www.eldigitaldeasturias.com\/noticias\/wp-content\/uploads\/2026\/06\/Contenidos.jpg","og:image:width":1265,"og:image:height":697,"article:tag":["actualidad"],"article:published_time":"2014-01-25T08:21:06+00:00","article:modified_time":"2014-01-25T08:21:06+00:00","article:publisher":"https:\/\/facebook.com\/eldigitaldeasturias","twitter:card":"summary_large_image","twitter:title":"Mas dice que la convenci\u00f3n del PP en Barcelona es un \u00abfestival de amenazas\u00bb - El Digital de Asturias","twitter:description":"Calella (Barcelona), 24 ene (EFE).- El presidente catal\u00e1n, Artur Mas, ha afirmado que la reuni\u00f3n que celebra desde hoy en Barcelona el PP &quot;no es una convenci\u00f3n de ideas y propuestas&quot;, sino que es &quot;un festival de amenazas&quot; a Catalu\u00f1a, y ha denunciado la campa\u00f1a &quot;sucia&quot; que ha emprendido el PP a favor del &quot;no&quot;","twitter:image":"https:\/\/www.eldigitaldeasturias.com\/noticias\/wp-content\/uploads\/2026\/06\/Contenidos.jpg","twitter:label1":"Escrito por","twitter:data1":"El Digital de Asturias","twitter:label2":"Tiempo de lectura estimado","twitter:data2":"2 minutos"},"aioseo_meta_data":{"post_id":"478565","title":null,"description":null,"keywords":null,"keyphrases":null,"primary_term":null,"canonical_url":null,"og_title":null,"og_description":null,"og_object_type":"default","og_image_type":"default","og_image_url":null,"og_image_width":null,"og_image_height":null,"og_image_custom_url":null,"og_image_custom_fields":null,"og_video":null,"og_custom_url":null,"og_article_section":null,"og_article_tags":null,"twitter_use_og":true,"twitter_card":"default","twitter_image_type":"default","twitter_image_url":null,"twitter_image_custom_url":null,"twitter_image_custom_fields":null,"twitter_title":null,"twitter_description":null,"schema":{"blockGraphs":[],"customGraphs":[],"default":{"data":{"Article":[],"Course":[],"Dataset":[],"FAQPage":[],"Movie":[],"Person":[],"Product":[],"ProductReview":[],"Car":[],"Recipe":[],"Service":[],"SoftwareApplication":[],"WebPage":[]},"graphName":"","isEnabled":true},"graphs":[],"defaultGraph":"","defaultPostTypeGraph":""},"schema_type":null,"schema_type_options":null,"pillar_content":false,"robots_default":true,"robots_noindex":false,"robots_noarchive":false,"robots_nosnippet":false,"robots_nofollow":false,"robots_noimageindex":false,"robots_noodp":false,"robots_notranslate":false,"robots_max_snippet":null,"robots_max_videopreview":null,"robots_max_imagepreview":"none","priority":null,"frequency":null,"local_seo":null,"seo_analyzer_scan_date":"2026-06-01 21:54:54","breadcrumb_settings":null,"limit_modified_date":false,"open_ai":null,"ai":null,"created":"2020-11-14 22:53:56","updated":"2026-06-01 21:54:54","focus_keyword":null,"additional_keywords":null,"truseo_locale":null},"aioseo_breadcrumb":"<div class=\"aioseo-breadcrumbs\"><span class=\"aioseo-breadcrumb\">\n\t<a href=\"https:\/\/www.eldigitaldeasturias.com\/noticias\" title=\"Home\">Home<\/a>\n<\/span><span class=\"aioseo-breadcrumb-separator\">\u2013<\/span><span class=\"aioseo-breadcrumb\">\n\t<a href=\"https:\/\/www.eldigitaldeasturias.com\/noticias\/category\/actualidad\/\" title=\"Actualidad\">Actualidad<\/a>\n<\/span><span class=\"aioseo-breadcrumb-separator\">\u2013<\/span><span class=\"aioseo-breadcrumb\">\n\t<a href=\"https:\/\/www.eldigitaldeasturias.com\/noticias\/mas-dice-que-la-convencion-del-pp-en-barcelona-es-un-festival-de-amenazas\/\" title=\"Mas dice que la convenci\u00f3n del PP en Barcelona es un \u00abfestival de amenazas\u00bb\">Mas dice que la convenci\u00f3n del PP en Barcelona es un \u00abfestival de amenazas\u00bb<\/a>\n<\/span><\/div>","aioseo_breadcrumb_json":[{"label":"Home","link":"https:\/\/www.eldigitaldeasturias.com\/noticias"},{"label":"Actualidad","link":"https:\/\/www.eldigitaldeasturias.com\/noticias\/category\/actualidad\/"},{"label":"Mas dice que la convenci\u00f3n del PP en Barcelona es un \u00abfestival de amenazas\u00bb","link":"https:\/\/www.eldigitaldeasturias.com\/noticias\/mas-dice-que-la-convencion-del-pp-en-barcelona-es-un-festival-de-amenazas\/"}],"_links":{"self":[{"href":"https:\/\/www.eldigitaldeasturias.com\/noticias\/wp-json\/wp\/v2\/posts\/478565","targetHints":{"allow":["GET"]}}],"collection":[{"href":"https:\/\/www.eldigitaldeasturias.com\/noticias\/wp-json\/wp\/v2\/posts"}],"about":[{"href":"https:\/\/www.eldigitaldeasturias.com\/noticias\/wp-json\/wp\/v2\/types\/post"}],"author":[{"embeddable":true,"href":"https:\/\/www.eldigitaldeasturias.com\/noticias\/wp-json\/wp\/v2\/users\/1"}],"replies":[{"embeddable":true,"href":"https:\/\/www.eldigitaldeasturias.com\/noticias\/wp-json\/wp\/v2\/comments?post=478565"}],"version-history":[{"count":0,"href":"https:\/\/www.eldigitaldeasturias.com\/noticias\/wp-json\/wp\/v2\/posts\/478565\/revisions"}],"wp:featuredmedia":[{"embeddable":true,"href":"https:\/\/www.eldigitaldeasturias.com\/noticias\/wp-json\/wp\/v2\/media\/1132184"}],"wp:attachment":[{"href":"https:\/\/www.eldigitaldeasturias.com\/noticias\/wp-json\/wp\/v2\/media?parent=478565"}],"wp:term":[{"taxonomy":"category","embeddable":true,"href":"https:\/\/www.eldigitaldeasturias.com\/noticias\/wp-json\/wp\/v2\/categories?post=478565"},{"taxonomy":"post_tag","embeddable":true,"href":"https:\/\/www.eldigitaldeasturias.com\/noticias\/wp-json\/wp\/v2\/tags?post=478565"}],"curies":[{"name":"wp","href":"https:\/\/api.w.org\/{rel}","templated":true}]}}