{"id":478556,"date":"2014-01-25T07:16:07","date_gmt":"2014-01-25T08:16:07","guid":{"rendered":"http:\/\/www.eldigitaldeasturias.com\/noticias\/?p=478556"},"modified":"2014-01-25T07:16:07","modified_gmt":"2014-01-25T08:16:07","slug":"landin-conduce-a-dinamarca-a-la-final","status":"publish","type":"post","link":"https:\/\/www.eldigitaldeasturias.com\/noticias\/landin-conduce-a-dinamarca-a-la-final\/","title":{"rendered":"Landin conduce a Dinamarca a la final"},"content":{"rendered":"<p><img loading=\"lazy\" decoding=\"async\" class=\"alignleft size-medium wp-image-478557\" alt=\"5875448w\" src=\"https:\/\/www.eldigitaldeasturias.com\/noticias\/wp-content\/uploads\/2014\/01\/5875448w-360x256.jpg\" width=\"360\" height=\"256\" \/>Herning (Dinamarca), 24 ene (EFE).- La selecci\u00f3n danesa de balonmano logr\u00f3 hoy la clasificaci\u00f3n para la final del Europeo del que es anfitri\u00f3n y pelear\u00e1 el pr\u00f3ximo domingo con Francia por el oro, tras imponerse hoy por 29-27 a Croacia, en un encuentro en el que volvi\u00f3 a ser decisivo el meta Niklas Landin.<\/p>\n<p>Los pupilos de Ulrik Wilbek no defraudaron a los 14.000 espectadores que volvieron a llenar un partido m\u00e1s el Jyske Bank Boxen de Herning, ni a todo el pa\u00eds, que desde hace dos semanas vive volcado con sus jugadores, y pelear\u00e1n por revalidar el t\u00edtulo continental conquistado hace dos a\u00f1os en Serbia.<\/p>\n<p>Si entonces los daneses mostraron la fortaleza mental suficiente para sobreponerse en la final ante Serbia al infernal ambiente del Beogradska Arena, hoy tuvieron que echar nuevamente a ese esp\u00edritu competitivo para doblegar a una excelente selecci\u00f3n croata.<\/p>\n<p>Un equipo balc\u00e1nico que pareci\u00f3 en disposici\u00f3n de \u00abrobarle\u00bb a los anfitriones su puesto en la final en una magn\u00edfica primera parte, en la que Croacia mostr\u00f3 todas las virtudes que hist\u00f3ricamente le han convertido en un rival a temer.<\/p>\n<p>M\u00e1xime, cuando como hoy,todo parece jugar en su contra, circunstancia que pareci\u00f3 acrecentar todav\u00eda m\u00e1s a los de Slavko Goluza, que hicieron gala, al menos en la primera mitad, de la fortaleza mental de la que han carecido en los momentos cruciales de los \u00faltimos campeonatos.<\/p>\n<p>De lo contrario no se puede explicar la capacidad de Croacia para aguantar durante los primeros treinta minutos, y a pesar de las cuatro exclusiones con las que fueron castigados en la primera mitad -dos m\u00e1s que los daneses- la renta de dos goles que lograron nada m\u00e1s empezar la semifinal.<\/p>\n<p>Guiados por un gran Domagoj Duvnjak y el siempre efectivo Marko Kopjlar, la selecci\u00f3n croata logr\u00f3 arrancar el segundo per\u00edodo con una renta de dos goles (15-13), que comenzaba a poner en duda la te\u00f3rica superioridad danesa.<\/p>\n<p>Dudas que el meta n\u00f3rdico Niklas Landin, que cerr\u00f3 el primer tiempo con tan \u00abs\u00f3lo\u00bb un veinti\u00fan por ciento de paradas, no estaba dispuesto a que fueran a m\u00e1s, tal y como demostr\u00f3 en el arranque de la primera mitad.<\/p>\n<p>Momento en el que Landin con tres paradas casi consecutivas permiti\u00f3 a Dinamarca situarse por primera vez en el encuentro por delante en el marcador (17-16) para delirio del Jyske Bank Boxen, que con ventaja de su equipo s\u00ed que empez\u00f3 a apretar.<\/p>\n<p>Un apoy\u00f3 que pareci\u00f3 permitir a Dinamarca subir un punto m\u00e1s la intensidad de su defensa, que pudo por fin frenar a los Duvnjak y Kopljar, lo que no tard\u00f3 en traducirse en una ventaja de tres goles (21-18) para los n\u00f3rdicos, que por fin ve\u00edan cerca \u00absu\u00bb final.<\/p>\n<p>Pero Croacia no estaba dispuesta a dejarse vencer tan pronto y de la mano de un inspirado Venio Losert, que sustituy\u00f3 bajo palos a Alilovic, logr\u00f3 situarse a tan solo un gol (26-25) a seis minutos para el final.<\/p>\n<p>Paradas a las que no tard\u00f3 en dar replica un magnifico Landin, que por encima de porcentajes -el dan\u00e9s cerr\u00f3 con un cuarenta y dos por ciento de intervenciones-, mostr\u00f3 ante Croacia, que sabe parar los balones que hay que parar, con varias atajadas cruciales que permitieron a Dinamarca volver a escaparse como reflej\u00f3 el 29-27 final.<\/p>\n<p>&nbsp;<\/p>\n<p>Ficha t\u00e9cnica:<\/p>\n<p>29 &#8211; Dinamarca: Landin; Lindberg (2), Sondergaard (2), Mogensen (2), Mikkel Hansen (2), Eggert (8, 4p) y Toft Hansen (4) -equipo inicial- Green (ps), Christiansen (3), Thomsen (-), Mensah Larsen (2), Spellerberg (-), Knudsen (-), Noddesbo (2), Svan Hansen (2) y Mollgaard (-)<\/p>\n<p>27 &#8211; Croacia: Alilovic; Cupic (3, 2p), Kopljar (6), Musa (-), Gojun (-), Duvnjak (5) y Strlek (2) -equipo inicial- Losert (ps), Vori (1), Horvat (6), Vukovic (-), Bicanic (3), Buntic (-), Valcic (-), Nincevic (-) y Sliskovic (1)<\/p>\n<p>Marcador cada cinco minutos: 2-2, 4-5, 6-7, 9-11, 11-13 y 13-15 (Descanso) 15-15, 19-18, 22-21, 25-23, 27-25 y 29-27 (Final)<\/p>\n<p>\u00c1rbitros: Geipel y Helbig (GER). Excluyeron por dos minutos a Eggert (2), Toft Hansen, Knudsen y Noddesbo por Dinamarca; y a Vukovic, Bicanic, Cupic, Musa y Vori por Croacia.<\/p>\n<p>Incidencias: Segunda semifinal del Campeonato de Europa de balonmano de Dinamarca 2014 disputado en el Jyske Bank Boxen de Herning ante 14.000 espectadores. Lleno.<\/p>\n","protected":false},"excerpt":{"rendered":"<p>Herning (Dinamarca), 24 ene (EFE).- La selecci\u00f3n danesa de balonmano logr\u00f3 hoy la clasificaci\u00f3n para la final del Europeo del que es anfitri\u00f3n y pelear\u00e1 el pr\u00f3ximo domingo con Francia por el oro, tras imponerse hoy por 29-27 a Croacia, en un encuentro en el que volvi\u00f3 a ser decisivo el meta Niklas Landin. Los [&hellip;]<\/p>\n","protected":false},"author":1,"featured_media":1132184,"comment_status":"closed","ping_status":"open","sticky":false,"template":"","format":"standard","meta":{"footnotes":""},"categories":[1],"tags":[],"class_list":["post-478556","post","type-post","status-publish","format-standard","has-post-thumbnail","hentry","category-actualidad"],"aioseo_notices":[],"aioseo_head":"\n\t\t<!-- All in One SEO Pro 5.0.1 - aioseo.com -->\n\t<meta name=\"description\" content=\"Herning (Dinamarca), 24 ene (EFE).- La selecci\u00f3n danesa de balonmano logr\u00f3 hoy la clasificaci\u00f3n para la final del Europeo del que es anfitri\u00f3n y pelear\u00e1 el pr\u00f3ximo domingo con Francia por el oro, tras imponerse hoy por 29-27 a Croacia, en un encuentro en el que volvi\u00f3 a ser decisivo el meta Niklas Landin. Los\" \/>\n\t<meta name=\"robots\" content=\"max-image-preview:large\" \/>\n\t<meta name=\"author\" content=\"El Digital de Asturias\"\/>\n\t<meta name=\"google-site-verification\" content=\"UA-38556648-1\" \/>\n\t<meta name=\"msvalidate.01\" content=\"7dfe9f3f1b24437ab69f4f2559babe99\" \/>\n\t<meta name=\"keywords\" content=\"actualidad\" \/>\n\t<link rel=\"canonical\" href=\"https:\/\/www.eldigitaldeasturias.com\/noticias\/landin-conduce-a-dinamarca-a-la-final\/\" \/>\n\t<meta name=\"generator\" content=\"All in One SEO Pro (AIOSEO) 5.0.1\" \/>\n\t\t<meta property=\"og:locale\" content=\"es_ES\" \/>\n\t\t<meta property=\"og:site_name\" content=\"El Digital de Asturias\" \/>\n\t\t<meta property=\"og:type\" content=\"article\" \/>\n\t\t<meta property=\"og:title\" content=\"Landin conduce a Dinamarca a la final - El Digital de Asturias\" \/>\n\t\t<meta property=\"og:description\" content=\"Herning (Dinamarca), 24 ene (EFE).- La selecci\u00f3n danesa de balonmano logr\u00f3 hoy la clasificaci\u00f3n para la final del Europeo del que es anfitri\u00f3n y pelear\u00e1 el pr\u00f3ximo domingo con Francia por el oro, tras imponerse hoy por 29-27 a Croacia, en un encuentro en el que volvi\u00f3 a ser decisivo el meta Niklas Landin. Los\" \/>\n\t\t<meta property=\"og:url\" content=\"https:\/\/www.eldigitaldeasturias.com\/noticias\/landin-conduce-a-dinamarca-a-la-final\/\" \/>\n\t\t<meta property=\"og:image\" content=\"https:\/\/www.eldigitaldeasturias.com\/noticias\/wp-content\/uploads\/2026\/06\/Contenidos.jpg\" \/>\n\t\t<meta property=\"og:image:secure_url\" content=\"https:\/\/www.eldigitaldeasturias.com\/noticias\/wp-content\/uploads\/2026\/06\/Contenidos.jpg\" \/>\n\t\t<meta property=\"og:image:width\" content=\"1265\" \/>\n\t\t<meta property=\"og:image:height\" content=\"697\" \/>\n\t\t<meta property=\"article:tag\" content=\"actualidad\" \/>\n\t\t<meta property=\"article:published_time\" content=\"2014-01-25T08:16:07+00:00\" \/>\n\t\t<meta property=\"article:modified_time\" content=\"2014-01-25T08:16:07+00:00\" \/>\n\t\t<meta property=\"article:publisher\" content=\"https:\/\/facebook.com\/eldigitaldeasturias\" \/>\n\t\t<meta name=\"twitter:card\" content=\"summary_large_image\" \/>\n\t\t<meta name=\"twitter:title\" content=\"Landin conduce a Dinamarca a la final - El Digital de Asturias\" \/>\n\t\t<meta name=\"twitter:description\" content=\"Herning (Dinamarca), 24 ene (EFE).- La selecci\u00f3n danesa de balonmano logr\u00f3 hoy la clasificaci\u00f3n para la final del Europeo del que es anfitri\u00f3n y pelear\u00e1 el pr\u00f3ximo domingo con Francia por el oro, tras imponerse hoy por 29-27 a Croacia, en un encuentro en el que volvi\u00f3 a ser decisivo el meta Niklas Landin. Los\" \/>\n\t\t<meta name=\"twitter:image\" content=\"https:\/\/www.eldigitaldeasturias.com\/noticias\/wp-content\/uploads\/2026\/06\/Contenidos.jpg\" \/>\n\t\t<meta name=\"twitter:label1\" content=\"Escrito por\" \/>\n\t\t<meta name=\"twitter:data1\" content=\"El Digital de Asturias\" \/>\n\t\t<meta name=\"twitter:label2\" content=\"Tiempo de lectura estimado\" \/>\n\t\t<meta name=\"twitter:data2\" content=\"4 minutos\" \/>\n\t\t<script type=\"application\/ld+json\" class=\"aioseo-schema\">\n\t\t\t{\"@context\":\"https:\\\/\\\/schema.org\",\"@graph\":[{\"@type\":\"BlogPosting\",\"@id\":\"https:\\\/\\\/www.eldigitaldeasturias.com\\\/noticias\\\/landin-conduce-a-dinamarca-a-la-final\\\/#blogposting\",\"name\":\"Landin conduce a Dinamarca a la final - El Digital de Asturias\",\"headline\":\"Landin conduce a Dinamarca a la final\",\"author\":{\"@id\":\"https:\\\/\\\/www.eldigitaldeasturias.com\\\/noticias\\\/author\\\/admin\\\/#author\"},\"publisher\":{\"@id\":\"https:\\\/\\\/www.eldigitaldeasturias.com\\\/noticias\\\/#organization\"},\"image\":{\"@type\":\"ImageObject\",\"url\":\"https:\\\/\\\/www.eldigitaldeasturias.com\\\/noticias\\\/wp-content\\\/uploads\\\/2026\\\/06\\\/Contenidos.jpg\",\"width\":1265,\"height\":697,\"caption\":\"Contenidos\"},\"datePublished\":\"2014-01-25T07:16:07+01:00\",\"dateModified\":\"2014-01-25T07:16:07+01:00\",\"inLanguage\":\"es-ES\",\"mainEntityOfPage\":{\"@id\":\"https:\\\/\\\/www.eldigitaldeasturias.com\\\/noticias\\\/landin-conduce-a-dinamarca-a-la-final\\\/#webpage\"},\"isPartOf\":{\"@id\":\"https:\\\/\\\/www.eldigitaldeasturias.com\\\/noticias\\\/landin-conduce-a-dinamarca-a-la-final\\\/#webpage\"},\"articleSection\":\"Actualidad\"},{\"@type\":\"BreadcrumbList\",\"@id\":\"https:\\\/\\\/www.eldigitaldeasturias.com\\\/noticias\\\/landin-conduce-a-dinamarca-a-la-final\\\/#breadcrumblist\",\"itemListElement\":[{\"@type\":\"ListItem\",\"@id\":\"https:\\\/\\\/www.eldigitaldeasturias.com\\\/noticias#listItem\",\"position\":1,\"name\":\"Home\",\"item\":\"https:\\\/\\\/www.eldigitaldeasturias.com\\\/noticias\",\"nextItem\":{\"@type\":\"ListItem\",\"@id\":\"https:\\\/\\\/www.eldigitaldeasturias.com\\\/noticias\\\/category\\\/actualidad\\\/#listItem\",\"name\":\"Actualidad\"}},{\"@type\":\"ListItem\",\"@id\":\"https:\\\/\\\/www.eldigitaldeasturias.com\\\/noticias\\\/category\\\/actualidad\\\/#listItem\",\"position\":2,\"name\":\"Actualidad\",\"item\":\"https:\\\/\\\/www.eldigitaldeasturias.com\\\/noticias\\\/category\\\/actualidad\\\/\",\"nextItem\":{\"@type\":\"ListItem\",\"@id\":\"https:\\\/\\\/www.eldigitaldeasturias.com\\\/noticias\\\/landin-conduce-a-dinamarca-a-la-final\\\/#listItem\",\"name\":\"Landin conduce a Dinamarca a la final\"},\"previousItem\":{\"@type\":\"ListItem\",\"@id\":\"https:\\\/\\\/www.eldigitaldeasturias.com\\\/noticias#listItem\",\"name\":\"Home\"}},{\"@type\":\"ListItem\",\"@id\":\"https:\\\/\\\/www.eldigitaldeasturias.com\\\/noticias\\\/landin-conduce-a-dinamarca-a-la-final\\\/#listItem\",\"position\":3,\"name\":\"Landin conduce a Dinamarca a la final\",\"previousItem\":{\"@type\":\"ListItem\",\"@id\":\"https:\\\/\\\/www.eldigitaldeasturias.com\\\/noticias\\\/category\\\/actualidad\\\/#listItem\",\"name\":\"Actualidad\"}}]},{\"@type\":\"Organization\",\"@id\":\"https:\\\/\\\/www.eldigitaldeasturias.com\\\/noticias\\\/#organization\",\"name\":\"El Digital de Asturias\",\"description\":\"Hemeroteca\",\"url\":\"https:\\\/\\\/www.eldigitaldeasturias.com\\\/noticias\\\/\",\"email\":\"info@eldigitaldeasturias.com\",\"telephone\":\"+34652131393\",\"logo\":{\"@type\":\"ImageObject\",\"url\":\"https:\\\/\\\/www.eldigitaldeasturias.com\\\/noticias\\\/wp-content\\\/uploads\\\/2020\\\/12\\\/EDA.jpg\",\"@id\":\"https:\\\/\\\/www.eldigitaldeasturias.com\\\/noticias\\\/landin-conduce-a-dinamarca-a-la-final\\\/#organizationLogo\"},\"image\":{\"@id\":\"https:\\\/\\\/www.eldigitaldeasturias.com\\\/noticias\\\/landin-conduce-a-dinamarca-a-la-final\\\/#organizationLogo\"},\"sameAs\":[\"https:\\\/\\\/facebook.com\\\/eldigitaldeasturias\",\"https:\\\/\\\/www.youtube.com\\\/channel\\\/UCZP-2wLEB9Rv6erhFmqVnvg\"],\"address\":{\"@id\":\"https:\\\/\\\/www.eldigitaldeasturias.com\\\/noticias\\\/#postaladdress\",\"@type\":\"PostalAddress\",\"streetAddress\":\"san antonio 4\",\"postalCode\":\"33430\",\"addressLocality\":\"Cand\\u00e1s\",\"addressRegion\":\"Asturias\",\"addressCountry\":\"ES\"}},{\"@type\":\"Person\",\"@id\":\"https:\\\/\\\/www.eldigitaldeasturias.com\\\/noticias\\\/author\\\/admin\\\/#author\",\"url\":\"https:\\\/\\\/www.eldigitaldeasturias.com\\\/noticias\\\/author\\\/admin\\\/\",\"name\":\"El Digital de Asturias\",\"image\":{\"@type\":\"ImageObject\",\"@id\":\"https:\\\/\\\/www.eldigitaldeasturias.com\\\/noticias\\\/landin-conduce-a-dinamarca-a-la-final\\\/#authorImage\",\"url\":\"https:\\\/\\\/secure.gravatar.com\\\/avatar\\\/df2aeffc32bcd13f8d26072ef8a91b623d677766deac7f97ca815868cd41bf5e?s=96&d=mm&r=g\",\"width\":96,\"height\":96,\"caption\":\"El Digital de Asturias\"}},{\"@type\":\"WebPage\",\"@id\":\"https:\\\/\\\/www.eldigitaldeasturias.com\\\/noticias\\\/landin-conduce-a-dinamarca-a-la-final\\\/#webpage\",\"url\":\"https:\\\/\\\/www.eldigitaldeasturias.com\\\/noticias\\\/landin-conduce-a-dinamarca-a-la-final\\\/\",\"name\":\"Landin conduce a Dinamarca a la final - El Digital de Asturias\",\"description\":\"Herning (Dinamarca), 24 ene (EFE).- La selecci\\u00f3n danesa de balonmano logr\\u00f3 hoy la clasificaci\\u00f3n para la final del Europeo del que es anfitri\\u00f3n y pelear\\u00e1 el pr\\u00f3ximo domingo con Francia por el oro, tras imponerse hoy por 29-27 a Croacia, en un encuentro en el que volvi\\u00f3 a ser decisivo el meta Niklas Landin. Los\",\"inLanguage\":\"es-ES\",\"isPartOf\":{\"@id\":\"https:\\\/\\\/www.eldigitaldeasturias.com\\\/noticias\\\/#website\"},\"breadcrumb\":{\"@id\":\"https:\\\/\\\/www.eldigitaldeasturias.com\\\/noticias\\\/landin-conduce-a-dinamarca-a-la-final\\\/#breadcrumblist\"},\"author\":{\"@id\":\"https:\\\/\\\/www.eldigitaldeasturias.com\\\/noticias\\\/author\\\/admin\\\/#author\"},\"creator\":{\"@id\":\"https:\\\/\\\/www.eldigitaldeasturias.com\\\/noticias\\\/author\\\/admin\\\/#author\"},\"image\":{\"@type\":\"ImageObject\",\"url\":\"https:\\\/\\\/www.eldigitaldeasturias.com\\\/noticias\\\/wp-content\\\/uploads\\\/2026\\\/06\\\/Contenidos.jpg\",\"@id\":\"https:\\\/\\\/www.eldigitaldeasturias.com\\\/noticias\\\/landin-conduce-a-dinamarca-a-la-final\\\/#mainImage\",\"width\":1265,\"height\":697,\"caption\":\"Contenidos\"},\"primaryImageOfPage\":{\"@id\":\"https:\\\/\\\/www.eldigitaldeasturias.com\\\/noticias\\\/landin-conduce-a-dinamarca-a-la-final\\\/#mainImage\"},\"datePublished\":\"2014-01-25T07:16:07+01:00\",\"dateModified\":\"2014-01-25T07:16:07+01:00\"},{\"@type\":\"WebSite\",\"@id\":\"https:\\\/\\\/www.eldigitaldeasturias.com\\\/noticias\\\/#website\",\"url\":\"https:\\\/\\\/www.eldigitaldeasturias.com\\\/noticias\\\/\",\"name\":\"El Digital de Asturias - Diario de actualidad y noticias\",\"alternateName\":\"El Digital de Asturias - Diario de actualidad y noticias\",\"description\":\"Hemeroteca\",\"inLanguage\":\"es-ES\",\"publisher\":{\"@id\":\"https:\\\/\\\/www.eldigitaldeasturias.com\\\/noticias\\\/#organization\"}}]}\n\t\t<\/script>\n\t\t<!-- All in One SEO Pro -->\r\n\t\t<title>Landin conduce a Dinamarca a la final - El Digital de Asturias<\/title>\n\n","aioseo_head_json":{"title":"Landin conduce a Dinamarca a la final - El Digital de Asturias","description":"Herning (Dinamarca), 24 ene (EFE).- La selecci\u00f3n danesa de balonmano logr\u00f3 hoy la clasificaci\u00f3n para la final del Europeo del que es anfitri\u00f3n y pelear\u00e1 el pr\u00f3ximo domingo con Francia por el oro, tras imponerse hoy por 29-27 a Croacia, en un encuentro en el que volvi\u00f3 a ser decisivo el meta Niklas Landin. Los","canonical_url":"https:\/\/www.eldigitaldeasturias.com\/noticias\/landin-conduce-a-dinamarca-a-la-final\/","robots":"max-image-preview:large","keywords":"actualidad","webmasterTools":{"google-site-verification":"UA-38556648-1","msvalidate.01":"7dfe9f3f1b24437ab69f4f2559babe99","miscellaneous":""},"schema":{"@context":"https:\/\/schema.org","@graph":[{"@type":"BlogPosting","@id":"https:\/\/www.eldigitaldeasturias.com\/noticias\/landin-conduce-a-dinamarca-a-la-final\/#blogposting","name":"Landin conduce a Dinamarca a la final - El Digital de Asturias","headline":"Landin conduce a Dinamarca a la final","author":{"@id":"https:\/\/www.eldigitaldeasturias.com\/noticias\/author\/admin\/#author"},"publisher":{"@id":"https:\/\/www.eldigitaldeasturias.com\/noticias\/#organization"},"image":{"@type":"ImageObject","url":"https:\/\/www.eldigitaldeasturias.com\/noticias\/wp-content\/uploads\/2026\/06\/Contenidos.jpg","width":1265,"height":697,"caption":"Contenidos"},"datePublished":"2014-01-25T07:16:07+01:00","dateModified":"2014-01-25T07:16:07+01:00","inLanguage":"es-ES","mainEntityOfPage":{"@id":"https:\/\/www.eldigitaldeasturias.com\/noticias\/landin-conduce-a-dinamarca-a-la-final\/#webpage"},"isPartOf":{"@id":"https:\/\/www.eldigitaldeasturias.com\/noticias\/landin-conduce-a-dinamarca-a-la-final\/#webpage"},"articleSection":"Actualidad"},{"@type":"BreadcrumbList","@id":"https:\/\/www.eldigitaldeasturias.com\/noticias\/landin-conduce-a-dinamarca-a-la-final\/#breadcrumblist","itemListElement":[{"@type":"ListItem","@id":"https:\/\/www.eldigitaldeasturias.com\/noticias#listItem","position":1,"name":"Home","item":"https:\/\/www.eldigitaldeasturias.com\/noticias","nextItem":{"@type":"ListItem","@id":"https:\/\/www.eldigitaldeasturias.com\/noticias\/category\/actualidad\/#listItem","name":"Actualidad"}},{"@type":"ListItem","@id":"https:\/\/www.eldigitaldeasturias.com\/noticias\/category\/actualidad\/#listItem","position":2,"name":"Actualidad","item":"https:\/\/www.eldigitaldeasturias.com\/noticias\/category\/actualidad\/","nextItem":{"@type":"ListItem","@id":"https:\/\/www.eldigitaldeasturias.com\/noticias\/landin-conduce-a-dinamarca-a-la-final\/#listItem","name":"Landin conduce a Dinamarca a la final"},"previousItem":{"@type":"ListItem","@id":"https:\/\/www.eldigitaldeasturias.com\/noticias#listItem","name":"Home"}},{"@type":"ListItem","@id":"https:\/\/www.eldigitaldeasturias.com\/noticias\/landin-conduce-a-dinamarca-a-la-final\/#listItem","position":3,"name":"Landin conduce a Dinamarca a la final","previousItem":{"@type":"ListItem","@id":"https:\/\/www.eldigitaldeasturias.com\/noticias\/category\/actualidad\/#listItem","name":"Actualidad"}}]},{"@type":"Organization","@id":"https:\/\/www.eldigitaldeasturias.com\/noticias\/#organization","name":"El Digital de Asturias","description":"Hemeroteca","url":"https:\/\/www.eldigitaldeasturias.com\/noticias\/","email":"info@eldigitaldeasturias.com","telephone":"+34652131393","logo":{"@type":"ImageObject","url":"https:\/\/www.eldigitaldeasturias.com\/noticias\/wp-content\/uploads\/2020\/12\/EDA.jpg","@id":"https:\/\/www.eldigitaldeasturias.com\/noticias\/landin-conduce-a-dinamarca-a-la-final\/#organizationLogo"},"image":{"@id":"https:\/\/www.eldigitaldeasturias.com\/noticias\/landin-conduce-a-dinamarca-a-la-final\/#organizationLogo"},"sameAs":["https:\/\/facebook.com\/eldigitaldeasturias","https:\/\/www.youtube.com\/channel\/UCZP-2wLEB9Rv6erhFmqVnvg"],"address":{"@id":"https:\/\/www.eldigitaldeasturias.com\/noticias\/#postaladdress","@type":"PostalAddress","streetAddress":"san antonio 4","postalCode":"33430","addressLocality":"Cand\u00e1s","addressRegion":"Asturias","addressCountry":"ES"}},{"@type":"Person","@id":"https:\/\/www.eldigitaldeasturias.com\/noticias\/author\/admin\/#author","url":"https:\/\/www.eldigitaldeasturias.com\/noticias\/author\/admin\/","name":"El Digital de Asturias","image":{"@type":"ImageObject","@id":"https:\/\/www.eldigitaldeasturias.com\/noticias\/landin-conduce-a-dinamarca-a-la-final\/#authorImage","url":"https:\/\/secure.gravatar.com\/avatar\/df2aeffc32bcd13f8d26072ef8a91b623d677766deac7f97ca815868cd41bf5e?s=96&d=mm&r=g","width":96,"height":96,"caption":"El Digital de Asturias"}},{"@type":"WebPage","@id":"https:\/\/www.eldigitaldeasturias.com\/noticias\/landin-conduce-a-dinamarca-a-la-final\/#webpage","url":"https:\/\/www.eldigitaldeasturias.com\/noticias\/landin-conduce-a-dinamarca-a-la-final\/","name":"Landin conduce a Dinamarca a la final - El Digital de Asturias","description":"Herning (Dinamarca), 24 ene (EFE).- La selecci\u00f3n danesa de balonmano logr\u00f3 hoy la clasificaci\u00f3n para la final del Europeo del que es anfitri\u00f3n y pelear\u00e1 el pr\u00f3ximo domingo con Francia por el oro, tras imponerse hoy por 29-27 a Croacia, en un encuentro en el que volvi\u00f3 a ser decisivo el meta Niklas Landin. Los","inLanguage":"es-ES","isPartOf":{"@id":"https:\/\/www.eldigitaldeasturias.com\/noticias\/#website"},"breadcrumb":{"@id":"https:\/\/www.eldigitaldeasturias.com\/noticias\/landin-conduce-a-dinamarca-a-la-final\/#breadcrumblist"},"author":{"@id":"https:\/\/www.eldigitaldeasturias.com\/noticias\/author\/admin\/#author"},"creator":{"@id":"https:\/\/www.eldigitaldeasturias.com\/noticias\/author\/admin\/#author"},"image":{"@type":"ImageObject","url":"https:\/\/www.eldigitaldeasturias.com\/noticias\/wp-content\/uploads\/2026\/06\/Contenidos.jpg","@id":"https:\/\/www.eldigitaldeasturias.com\/noticias\/landin-conduce-a-dinamarca-a-la-final\/#mainImage","width":1265,"height":697,"caption":"Contenidos"},"primaryImageOfPage":{"@id":"https:\/\/www.eldigitaldeasturias.com\/noticias\/landin-conduce-a-dinamarca-a-la-final\/#mainImage"},"datePublished":"2014-01-25T07:16:07+01:00","dateModified":"2014-01-25T07:16:07+01:00"},{"@type":"WebSite","@id":"https:\/\/www.eldigitaldeasturias.com\/noticias\/#website","url":"https:\/\/www.eldigitaldeasturias.com\/noticias\/","name":"El Digital de Asturias - Diario de actualidad y noticias","alternateName":"El Digital de Asturias - Diario de actualidad y noticias","description":"Hemeroteca","inLanguage":"es-ES","publisher":{"@id":"https:\/\/www.eldigitaldeasturias.com\/noticias\/#organization"}}]},"og:locale":"es_ES","og:site_name":"El Digital de Asturias","og:type":"article","og:title":"Landin conduce a Dinamarca a la final - El Digital de Asturias","og:description":"Herning (Dinamarca), 24 ene (EFE).- La selecci\u00f3n danesa de balonmano logr\u00f3 hoy la clasificaci\u00f3n para la final del Europeo del que es anfitri\u00f3n y pelear\u00e1 el pr\u00f3ximo domingo con Francia por el oro, tras imponerse hoy por 29-27 a Croacia, en un encuentro en el que volvi\u00f3 a ser decisivo el meta Niklas Landin. Los","og:url":"https:\/\/www.eldigitaldeasturias.com\/noticias\/landin-conduce-a-dinamarca-a-la-final\/","og:image":"https:\/\/www.eldigitaldeasturias.com\/noticias\/wp-content\/uploads\/2026\/06\/Contenidos.jpg","og:image:secure_url":"https:\/\/www.eldigitaldeasturias.com\/noticias\/wp-content\/uploads\/2026\/06\/Contenidos.jpg","og:image:width":1265,"og:image:height":697,"article:tag":["actualidad"],"article:published_time":"2014-01-25T08:16:07+00:00","article:modified_time":"2014-01-25T08:16:07+00:00","article:publisher":"https:\/\/facebook.com\/eldigitaldeasturias","twitter:card":"summary_large_image","twitter:title":"Landin conduce a Dinamarca a la final - El Digital de Asturias","twitter:description":"Herning (Dinamarca), 24 ene (EFE).- La selecci\u00f3n danesa de balonmano logr\u00f3 hoy la clasificaci\u00f3n para la final del Europeo del que es anfitri\u00f3n y pelear\u00e1 el pr\u00f3ximo domingo con Francia por el oro, tras imponerse hoy por 29-27 a Croacia, en un encuentro en el que volvi\u00f3 a ser decisivo el meta Niklas Landin. Los","twitter:image":"https:\/\/www.eldigitaldeasturias.com\/noticias\/wp-content\/uploads\/2026\/06\/Contenidos.jpg","twitter:label1":"Escrito por","twitter:data1":"El Digital de Asturias","twitter:label2":"Tiempo de lectura estimado","twitter:data2":"4 minutos"},"aioseo_meta_data":{"post_id":"478556","title":null,"description":null,"keywords":null,"keyphrases":null,"primary_term":null,"canonical_url":null,"og_title":null,"og_description":null,"og_object_type":"default","og_image_type":"default","og_image_url":null,"og_image_width":null,"og_image_height":null,"og_image_custom_url":null,"og_image_custom_fields":null,"og_video":null,"og_custom_url":null,"og_article_section":null,"og_article_tags":null,"twitter_use_og":true,"twitter_card":"default","twitter_image_type":"default","twitter_image_url":null,"twitter_image_custom_url":null,"twitter_image_custom_fields":null,"twitter_title":null,"twitter_description":null,"schema":{"blockGraphs":[],"customGraphs":[],"default":{"data":{"Article":[],"Course":[],"Dataset":[],"FAQPage":[],"Movie":[],"Person":[],"Product":[],"ProductReview":[],"Car":[],"Recipe":[],"Service":[],"SoftwareApplication":[],"WebPage":[]},"graphName":"","isEnabled":true},"graphs":[],"defaultGraph":"","defaultPostTypeGraph":""},"schema_type":null,"schema_type_options":null,"pillar_content":false,"robots_default":true,"robots_noindex":false,"robots_noarchive":false,"robots_nosnippet":false,"robots_nofollow":false,"robots_noimageindex":false,"robots_noodp":false,"robots_notranslate":false,"robots_max_snippet":null,"robots_max_videopreview":null,"robots_max_imagepreview":"none","priority":null,"frequency":null,"local_seo":null,"seo_analyzer_scan_date":"2026-06-01 21:53:05","breadcrumb_settings":null,"limit_modified_date":false,"open_ai":null,"ai":null,"created":"2020-11-14 22:53:56","updated":"2026-06-01 21:53:05","focus_keyword":null,"additional_keywords":null,"truseo_locale":null},"aioseo_breadcrumb":"<div class=\"aioseo-breadcrumbs\"><span class=\"aioseo-breadcrumb\">\n\t<a href=\"https:\/\/www.eldigitaldeasturias.com\/noticias\" title=\"Home\">Home<\/a>\n<\/span><span class=\"aioseo-breadcrumb-separator\">\u2013<\/span><span class=\"aioseo-breadcrumb\">\n\t<a href=\"https:\/\/www.eldigitaldeasturias.com\/noticias\/category\/actualidad\/\" title=\"Actualidad\">Actualidad<\/a>\n<\/span><span class=\"aioseo-breadcrumb-separator\">\u2013<\/span><span class=\"aioseo-breadcrumb\">\n\t<a href=\"https:\/\/www.eldigitaldeasturias.com\/noticias\/landin-conduce-a-dinamarca-a-la-final\/\" title=\"Landin conduce a Dinamarca a la final\">Landin conduce a Dinamarca a la final<\/a>\n<\/span><\/div>","aioseo_breadcrumb_json":[{"label":"Home","link":"https:\/\/www.eldigitaldeasturias.com\/noticias"},{"label":"Actualidad","link":"https:\/\/www.eldigitaldeasturias.com\/noticias\/category\/actualidad\/"},{"label":"Landin conduce a Dinamarca a la final","link":"https:\/\/www.eldigitaldeasturias.com\/noticias\/landin-conduce-a-dinamarca-a-la-final\/"}],"_links":{"self":[{"href":"https:\/\/www.eldigitaldeasturias.com\/noticias\/wp-json\/wp\/v2\/posts\/478556","targetHints":{"allow":["GET"]}}],"collection":[{"href":"https:\/\/www.eldigitaldeasturias.com\/noticias\/wp-json\/wp\/v2\/posts"}],"about":[{"href":"https:\/\/www.eldigitaldeasturias.com\/noticias\/wp-json\/wp\/v2\/types\/post"}],"author":[{"embeddable":true,"href":"https:\/\/www.eldigitaldeasturias.com\/noticias\/wp-json\/wp\/v2\/users\/1"}],"replies":[{"embeddable":true,"href":"https:\/\/www.eldigitaldeasturias.com\/noticias\/wp-json\/wp\/v2\/comments?post=478556"}],"version-history":[{"count":0,"href":"https:\/\/www.eldigitaldeasturias.com\/noticias\/wp-json\/wp\/v2\/posts\/478556\/revisions"}],"wp:featuredmedia":[{"embeddable":true,"href":"https:\/\/www.eldigitaldeasturias.com\/noticias\/wp-json\/wp\/v2\/media\/1132184"}],"wp:attachment":[{"href":"https:\/\/www.eldigitaldeasturias.com\/noticias\/wp-json\/wp\/v2\/media?parent=478556"}],"wp:term":[{"taxonomy":"category","embeddable":true,"href":"https:\/\/www.eldigitaldeasturias.com\/noticias\/wp-json\/wp\/v2\/categories?post=478556"},{"taxonomy":"post_tag","embeddable":true,"href":"https:\/\/www.eldigitaldeasturias.com\/noticias\/wp-json\/wp\/v2\/tags?post=478556"}],"curies":[{"name":"wp","href":"https:\/\/api.w.org\/{rel}","templated":true}]}}