{"id":478532,"date":"2014-01-25T06:55:23","date_gmt":"2014-01-25T07:55:23","guid":{"rendered":"http:\/\/www.eldigitaldeasturias.com\/noticias\/?p=478532"},"modified":"2014-01-25T06:55:23","modified_gmt":"2014-01-25T07:55:23","slug":"america-latina-ofrece-un-turismo-de-sensaciones-en-la-feria-de-madrid","status":"publish","type":"post","link":"https:\/\/www.eldigitaldeasturias.com\/noticias\/america-latina-ofrece-un-turismo-de-sensaciones-en-la-feria-de-madrid\/","title":{"rendered":"Am\u00e9rica Latina ofrece un turismo de sensaciones en la feria de Madrid"},"content":{"rendered":"<p><img loading=\"lazy\" decoding=\"async\" class=\"alignleft size-medium wp-image-478533\" alt=\"5874986w\" src=\"https:\/\/www.eldigitaldeasturias.com\/noticias\/wp-content\/uploads\/2014\/01\/5874986w-360x232.jpg\" width=\"360\" height=\"232\" \/>Madrid, 24 ene (EFE).- El pabell\u00f3n de Am\u00e9rica Latina en la Feria Internacional de Turismo de Madrid parece un bosque de fotograf\u00edas y pantallas gigantes, pero lo que no puede verse hasta que no se hace una parada en cada estand es que contiene tantas experiencias y sensaciones como pa\u00edses participan en \u00e9l.<\/p>\n<p>Entre las diferentes propuestas hay gui\u00f1os a todos los posibles perfiles de turista, desde el interesado en aventura y naturaleza hasta el m\u00e1s cosmopolita pasando por el que busca tranquilidad, sol y playa.<\/p>\n<p>El \u00abrealismo m\u00e1gico\u00bb pretende ser en Colombia el reclamo que unifique todos estos tipos de viaje. En la pantalla gigante de su estand pueden verse hasta una treintena de experiencias a la carta, es decir, seleccionadas por los visitantes que adem\u00e1s pueden participar en el sorteo de viajes al pa\u00eds.<\/p>\n<p>M\u00e9xico tambi\u00e9n apuesta por la tecnolog\u00eda interactiva, por ejemplo con un videojuego con detector de movimientos en el que el visitante puede explotar burbujas del Caribe, directamente con sus manos pero sin tocar la pantalla. Y es que uno de los atractivos que se quiere potenciar es la amplia variedad de deportes acu\u00e1ticos que pueden practicarse en costas mexicanas.<\/p>\n<p>\u00abBrasil sensacional\u00bb es el lema con el que este pa\u00eds apela tanto a profesionales del sector tur\u00edstico como a visitantes, mostrando im\u00e1genes de su naturaleza y playas as\u00ed como arquitectura colonial e infraestructuras modernas, y con un espacio destacado para el f\u00fatbol.<\/p>\n<p>Adem\u00e1s de la vista y el tacto, hay un lugar para el olfato en las catas de vinos en la caseta de Argentina, donde, seg\u00fan el sumiller F\u00e9lix Lanz, se puede conocer el suelo del pa\u00eds asomando la nariz a una copa de Cabernet Sauvignon.<\/p>\n<p>El estand que agrupa a empresas chilenas bajo iniciativa de la aerol\u00ednea Sky Airlines tambi\u00e9n hace una apuesta fuerte por el enoturismo con Valpara\u00edso y el valle de Casablanca, que ofrecen rutas por vi\u00f1edos y catas con precios asequibles, pese a haber ascendido el a\u00f1o pasado al puesto de d\u00e9cima capital mundial del vino.<\/p>\n<p>Al igual que otros a\u00f1os, no faltan las pruebas gastron\u00f3micas con platos t\u00edpicos. Tampoco los sonidos de las m\u00fasicas tradicionales, aunque en ocasiones se combinen con ritmos m\u00e1s modernos, como muestra a diario con sus actuaciones en el espacio de Ecuador el grupo La Papaya Dada, fusi\u00f3n de cumbia y jazz.<\/p>\n<p>Artesan\u00eda y folclor est\u00e1n presentes en propuestas como la de Panam\u00e1, donde se quiere atraer al p\u00fablico a las provincias mostrando danzas como la denesa y la espina ejecutadas por bailarines con ropas tradicionales. Como contrapunto, la candidata a Miss Mundo 2013 por Panam\u00e1, Virginia Hern\u00e1ndez, da la bienvenida al visitante vestida de fiesta y asegura a Efe que, como se sugiere, Panam\u00e1 es un \u00abpa\u00eds de contrastes\u00bb.<\/p>\n<p>El resto de pa\u00edses centroamericanos apelan especialmente a su exhuberante naturaleza, como Costa Rica, Guatemala o El Salvador, con casetas completamente verdes que imitan a sus selvas y parques naturales.<\/p>\n<p>Otra experiencia de naturaleza virgen es la propuesta por Bolivia. El agente de viajes Darius Morgan cuenta como este pa\u00eds ofrece \u00abuna vivencia especial, un destino nuevo\u00bb, y \u00abacercarse a la cultura local, no mirarla desde el autob\u00fas\u00bb.<\/p>\n<p>Seg\u00fan Morgan, el despegue de Bolivia como destino tur\u00edstico va de la mano de la promoci\u00f3n del Salar de Uyuni, donde el turista puede perderse en el mayor desierto de sal del mundo en caravana o tienda de campa\u00f1a, o incluso alojarse en hoteles construidos con sal equipados con todas las comodidades.<\/p>\n<p>Cuba presenta una oferta m\u00e1s tradicional de \u00absol y playa\u00bb, en un estand en el que no pod\u00eda faltar el tabaquero Jos\u00e9 Castelar Cairo, que con cinco r\u00e9cords Guiness lleva 16 a\u00f1os acudiendo a esta cita tur\u00edstica de Madrid.<\/p>\n<p>Castelar, conocido como \u00abCueto\u00bb y quien consigui\u00f3 su \u00faltimo r\u00e9cord en 2011 con el mayor puro del mundo, con unas dimensiones de 81,80 metros de largo por 4 cent\u00edmetros de ancho, declar\u00f3 a Efe que en Fitur hace demostraciones sobre c\u00f3mo hacer un habano con hojas de tabaco.<\/p>\n<p>En los estands de muchos pa\u00edses el visitante puede hacerse gratis fotos con escenarios de pel\u00edcula como fondo, como las ruinas preincas de Chan-Chan en Per\u00fa, una ciudad excavada en la arena.<\/p>\n<p>La b\u00fasqueda de una presentaci\u00f3n atractiva para los sentidos que atraiga a turistas ha llevado a que el paseo por el pabell\u00f3n de Am\u00e9rica Latina en Fitur sea, casi, un viaje en s\u00ed mismo.<\/p>\n<p>&nbsp;<\/p>\n<p>Por Luc\u00eda Rodr\u00edguez<\/p>\n","protected":false},"excerpt":{"rendered":"<p>Madrid, 24 ene (EFE).- El pabell\u00f3n de Am\u00e9rica Latina en la Feria Internacional de Turismo de Madrid parece un bosque de fotograf\u00edas y pantallas gigantes, pero lo que no puede verse hasta que no se hace una parada en cada estand es que contiene tantas experiencias y sensaciones como pa\u00edses participan en \u00e9l. Entre las [&hellip;]<\/p>\n","protected":false},"author":1,"featured_media":0,"comment_status":"closed","ping_status":"open","sticky":false,"template":"","format":"standard","meta":{"footnotes":""},"categories":[148],"tags":[],"class_list":["post-478532","post","type-post","status-publish","format-standard","hentry","category-turismo"],"aioseo_notices":[],"aioseo_head":"\n\t\t<!-- All in One SEO Pro 4.9.6.2 - aioseo.com -->\n\t<meta name=\"description\" content=\"Madrid, 24 ene (EFE).- El pabell\u00f3n de Am\u00e9rica Latina en la Feria Internacional de Turismo de Madrid parece un bosque de fotograf\u00edas y pantallas gigantes, pero lo que no puede verse hasta que no se hace una parada en cada estand es que contiene tantas experiencias y sensaciones como pa\u00edses participan en \u00e9l. Entre las\" \/>\n\t<meta name=\"robots\" content=\"max-image-preview:large\" \/>\n\t<meta name=\"author\" content=\"El Digital de Asturias\"\/>\n\t<meta name=\"google-site-verification\" content=\"UA-38556648-1\" \/>\n\t<meta name=\"msvalidate.01\" content=\"7dfe9f3f1b24437ab69f4f2559babe99\" \/>\n\t<meta name=\"keywords\" content=\"turismo\" \/>\n\t<link rel=\"canonical\" href=\"https:\/\/www.eldigitaldeasturias.com\/noticias\/america-latina-ofrece-un-turismo-de-sensaciones-en-la-feria-de-madrid\/\" \/>\n\t<meta name=\"generator\" content=\"All in One SEO Pro (AIOSEO) 4.9.6.2\" \/>\n\t\t<meta property=\"og:locale\" content=\"es_ES\" \/>\n\t\t<meta property=\"og:site_name\" content=\"El Digital de Asturias\" \/>\n\t\t<meta property=\"og:type\" content=\"article\" \/>\n\t\t<meta property=\"og:title\" content=\"Am\u00e9rica Latina ofrece un turismo de sensaciones en la feria de Madrid - El Digital de Asturias\" \/>\n\t\t<meta property=\"og:description\" content=\"Madrid, 24 ene (EFE).- El pabell\u00f3n de Am\u00e9rica Latina en la Feria Internacional de Turismo de Madrid parece un bosque de fotograf\u00edas y pantallas gigantes, pero lo que no puede verse hasta que no se hace una parada en cada estand es que contiene tantas experiencias y sensaciones como pa\u00edses participan en \u00e9l. Entre las\" \/>\n\t\t<meta property=\"og:url\" content=\"https:\/\/www.eldigitaldeasturias.com\/noticias\/america-latina-ofrece-un-turismo-de-sensaciones-en-la-feria-de-madrid\/\" \/>\n\t\t<meta property=\"article:tag\" content=\"turismo\" \/>\n\t\t<meta property=\"article:published_time\" content=\"2014-01-25T07:55:23+00:00\" \/>\n\t\t<meta property=\"article:modified_time\" content=\"2014-01-25T07:55:23+00:00\" \/>\n\t\t<meta property=\"article:publisher\" content=\"https:\/\/facebook.com\/eldigitaldeasturias\" \/>\n\t\t<meta name=\"twitter:card\" content=\"summary_large_image\" \/>\n\t\t<meta name=\"twitter:title\" content=\"Am\u00e9rica Latina ofrece un turismo de sensaciones en la feria de Madrid - El Digital de Asturias\" \/>\n\t\t<meta name=\"twitter:description\" content=\"Madrid, 24 ene (EFE).- El pabell\u00f3n de Am\u00e9rica Latina en la Feria Internacional de Turismo de Madrid parece un bosque de fotograf\u00edas y pantallas gigantes, pero lo que no puede verse hasta que no se hace una parada en cada estand es que contiene tantas experiencias y sensaciones como pa\u00edses participan en \u00e9l. Entre las\" \/>\n\t\t<meta name=\"twitter:label1\" content=\"Escrito por\" \/>\n\t\t<meta name=\"twitter:data1\" content=\"El Digital de Asturias\" \/>\n\t\t<meta name=\"twitter:label2\" content=\"Tiempo de lectura estimado\" \/>\n\t\t<meta name=\"twitter:data2\" content=\"4 minutos\" \/>\n\t\t<script type=\"application\/ld+json\" class=\"aioseo-schema\">\n\t\t\t{\"@context\":\"https:\\\/\\\/schema.org\",\"@graph\":[{\"@type\":\"BlogPosting\",\"@id\":\"https:\\\/\\\/www.eldigitaldeasturias.com\\\/noticias\\\/america-latina-ofrece-un-turismo-de-sensaciones-en-la-feria-de-madrid\\\/#blogposting\",\"name\":\"Am\\u00e9rica Latina ofrece un turismo de sensaciones en la feria de Madrid - El Digital de Asturias\",\"headline\":\"Am\\u00e9rica Latina ofrece un turismo de sensaciones en la feria de Madrid\",\"author\":{\"@id\":\"https:\\\/\\\/www.eldigitaldeasturias.com\\\/noticias\\\/author\\\/admin\\\/#author\"},\"publisher\":{\"@id\":\"https:\\\/\\\/www.eldigitaldeasturias.com\\\/noticias\\\/#organization\"},\"image\":{\"@type\":\"ImageObject\",\"url\":\"http:\\\/\\\/www.eldigitaldeasturias.com\\\/noticias\\\/wp-content\\\/uploads\\\/2014\\\/01\\\/5874986w-360x232.jpg\",\"@id\":\"https:\\\/\\\/www.eldigitaldeasturias.com\\\/noticias\\\/america-latina-ofrece-un-turismo-de-sensaciones-en-la-feria-de-madrid\\\/#articleImage\"},\"datePublished\":\"2014-01-25T06:55:23+01:00\",\"dateModified\":\"2014-01-25T06:55:23+01:00\",\"inLanguage\":\"es-ES\",\"mainEntityOfPage\":{\"@id\":\"https:\\\/\\\/www.eldigitaldeasturias.com\\\/noticias\\\/america-latina-ofrece-un-turismo-de-sensaciones-en-la-feria-de-madrid\\\/#webpage\"},\"isPartOf\":{\"@id\":\"https:\\\/\\\/www.eldigitaldeasturias.com\\\/noticias\\\/america-latina-ofrece-un-turismo-de-sensaciones-en-la-feria-de-madrid\\\/#webpage\"},\"articleSection\":\"Turismo\"},{\"@type\":\"BreadcrumbList\",\"@id\":\"https:\\\/\\\/www.eldigitaldeasturias.com\\\/noticias\\\/america-latina-ofrece-un-turismo-de-sensaciones-en-la-feria-de-madrid\\\/#breadcrumblist\",\"itemListElement\":[{\"@type\":\"ListItem\",\"@id\":\"https:\\\/\\\/www.eldigitaldeasturias.com\\\/noticias#listItem\",\"position\":1,\"name\":\"Home\",\"item\":\"https:\\\/\\\/www.eldigitaldeasturias.com\\\/noticias\",\"nextItem\":{\"@type\":\"ListItem\",\"@id\":\"https:\\\/\\\/www.eldigitaldeasturias.com\\\/noticias\\\/category\\\/turismo\\\/#listItem\",\"name\":\"Turismo\"}},{\"@type\":\"ListItem\",\"@id\":\"https:\\\/\\\/www.eldigitaldeasturias.com\\\/noticias\\\/category\\\/turismo\\\/#listItem\",\"position\":2,\"name\":\"Turismo\",\"item\":\"https:\\\/\\\/www.eldigitaldeasturias.com\\\/noticias\\\/category\\\/turismo\\\/\",\"nextItem\":{\"@type\":\"ListItem\",\"@id\":\"https:\\\/\\\/www.eldigitaldeasturias.com\\\/noticias\\\/america-latina-ofrece-un-turismo-de-sensaciones-en-la-feria-de-madrid\\\/#listItem\",\"name\":\"Am\\u00e9rica Latina ofrece un turismo de sensaciones en la feria de Madrid\"},\"previousItem\":{\"@type\":\"ListItem\",\"@id\":\"https:\\\/\\\/www.eldigitaldeasturias.com\\\/noticias#listItem\",\"name\":\"Home\"}},{\"@type\":\"ListItem\",\"@id\":\"https:\\\/\\\/www.eldigitaldeasturias.com\\\/noticias\\\/america-latina-ofrece-un-turismo-de-sensaciones-en-la-feria-de-madrid\\\/#listItem\",\"position\":3,\"name\":\"Am\\u00e9rica Latina ofrece un turismo de sensaciones en la feria de Madrid\",\"previousItem\":{\"@type\":\"ListItem\",\"@id\":\"https:\\\/\\\/www.eldigitaldeasturias.com\\\/noticias\\\/category\\\/turismo\\\/#listItem\",\"name\":\"Turismo\"}}]},{\"@type\":\"Organization\",\"@id\":\"https:\\\/\\\/www.eldigitaldeasturias.com\\\/noticias\\\/#organization\",\"name\":\"El Digital de Asturias\",\"description\":\"Hemeroteca\",\"url\":\"https:\\\/\\\/www.eldigitaldeasturias.com\\\/noticias\\\/\",\"email\":\"info@eldigitaldeasturias.com\",\"telephone\":\"+34652131393\",\"logo\":{\"@type\":\"ImageObject\",\"url\":\"https:\\\/\\\/www.eldigitaldeasturias.com\\\/noticias\\\/wp-content\\\/uploads\\\/2020\\\/12\\\/EDA.jpg\",\"@id\":\"https:\\\/\\\/www.eldigitaldeasturias.com\\\/noticias\\\/america-latina-ofrece-un-turismo-de-sensaciones-en-la-feria-de-madrid\\\/#organizationLogo\",\"width\":649,\"height\":297},\"image\":{\"@id\":\"https:\\\/\\\/www.eldigitaldeasturias.com\\\/noticias\\\/america-latina-ofrece-un-turismo-de-sensaciones-en-la-feria-de-madrid\\\/#organizationLogo\"},\"sameAs\":[\"https:\\\/\\\/facebook.com\\\/eldigitaldeasturias\",\"https:\\\/\\\/www.youtube.com\\\/channel\\\/UCZP-2wLEB9Rv6erhFmqVnvg\"],\"address\":{\"@id\":\"https:\\\/\\\/www.eldigitaldeasturias.com\\\/noticias\\\/#postaladdress\",\"@type\":\"PostalAddress\",\"streetAddress\":\"san antonio 4,\",\"postalCode\":\"33430\",\"addressLocality\":\"Cand\\u00e1s\",\"addressRegion\":\"Asturias\",\"addressCountry\":\"ES\"}},{\"@type\":\"Person\",\"@id\":\"https:\\\/\\\/www.eldigitaldeasturias.com\\\/noticias\\\/author\\\/admin\\\/#author\",\"url\":\"https:\\\/\\\/www.eldigitaldeasturias.com\\\/noticias\\\/author\\\/admin\\\/\",\"name\":\"El Digital de Asturias\",\"image\":{\"@type\":\"ImageObject\",\"@id\":\"https:\\\/\\\/www.eldigitaldeasturias.com\\\/noticias\\\/america-latina-ofrece-un-turismo-de-sensaciones-en-la-feria-de-madrid\\\/#authorImage\",\"url\":\"https:\\\/\\\/www.eldigitaldeasturias.com\\\/noticias\\\/wp-content\\\/litespeed\\\/avatar\\\/18677e78aa0546b92d9dbf31ec7d7668.jpg?ver=1776685526\",\"width\":96,\"height\":96,\"caption\":\"El Digital de Asturias\"}},{\"@type\":\"WebPage\",\"@id\":\"https:\\\/\\\/www.eldigitaldeasturias.com\\\/noticias\\\/america-latina-ofrece-un-turismo-de-sensaciones-en-la-feria-de-madrid\\\/#webpage\",\"url\":\"https:\\\/\\\/www.eldigitaldeasturias.com\\\/noticias\\\/america-latina-ofrece-un-turismo-de-sensaciones-en-la-feria-de-madrid\\\/\",\"name\":\"Am\\u00e9rica Latina ofrece un turismo de sensaciones en la feria de Madrid - El Digital de Asturias\",\"description\":\"Madrid, 24 ene (EFE).- El pabell\\u00f3n de Am\\u00e9rica Latina en la Feria Internacional de Turismo de Madrid parece un bosque de fotograf\\u00edas y pantallas gigantes, pero lo que no puede verse hasta que no se hace una parada en cada estand es que contiene tantas experiencias y sensaciones como pa\\u00edses participan en \\u00e9l. Entre las\",\"inLanguage\":\"es-ES\",\"isPartOf\":{\"@id\":\"https:\\\/\\\/www.eldigitaldeasturias.com\\\/noticias\\\/#website\"},\"breadcrumb\":{\"@id\":\"https:\\\/\\\/www.eldigitaldeasturias.com\\\/noticias\\\/america-latina-ofrece-un-turismo-de-sensaciones-en-la-feria-de-madrid\\\/#breadcrumblist\"},\"author\":{\"@id\":\"https:\\\/\\\/www.eldigitaldeasturias.com\\\/noticias\\\/author\\\/admin\\\/#author\"},\"creator\":{\"@id\":\"https:\\\/\\\/www.eldigitaldeasturias.com\\\/noticias\\\/author\\\/admin\\\/#author\"},\"datePublished\":\"2014-01-25T06:55:23+01:00\",\"dateModified\":\"2014-01-25T06:55:23+01:00\"},{\"@type\":\"WebSite\",\"@id\":\"https:\\\/\\\/www.eldigitaldeasturias.com\\\/noticias\\\/#website\",\"url\":\"https:\\\/\\\/www.eldigitaldeasturias.com\\\/noticias\\\/\",\"name\":\"El Digital de Asturias - Diario de actualidad y noticias\",\"alternateName\":\"El Digital de Asturias - Diario de actualidad y noticias\",\"description\":\"Hemeroteca\",\"inLanguage\":\"es-ES\",\"publisher\":{\"@id\":\"https:\\\/\\\/www.eldigitaldeasturias.com\\\/noticias\\\/#organization\"}}]}\n\t\t<\/script>\n\t\t<!-- All in One SEO Pro -->\r\n\t\t<title>Am\u00e9rica Latina ofrece un turismo de sensaciones en la feria de Madrid - El Digital de Asturias<\/title>\n\n","aioseo_head_json":{"title":"Am\u00e9rica Latina ofrece un turismo de sensaciones en la feria de Madrid - El Digital de Asturias","description":"Madrid, 24 ene (EFE).- El pabell\u00f3n de Am\u00e9rica Latina en la Feria Internacional de Turismo de Madrid parece un bosque de fotograf\u00edas y pantallas gigantes, pero lo que no puede verse hasta que no se hace una parada en cada estand es que contiene tantas experiencias y sensaciones como pa\u00edses participan en \u00e9l. Entre las","canonical_url":"https:\/\/www.eldigitaldeasturias.com\/noticias\/america-latina-ofrece-un-turismo-de-sensaciones-en-la-feria-de-madrid\/","robots":"max-image-preview:large","keywords":"turismo","webmasterTools":{"google-site-verification":"UA-38556648-1","msvalidate.01":"7dfe9f3f1b24437ab69f4f2559babe99","miscellaneous":""},"schema":{"@context":"https:\/\/schema.org","@graph":[{"@type":"BlogPosting","@id":"https:\/\/www.eldigitaldeasturias.com\/noticias\/america-latina-ofrece-un-turismo-de-sensaciones-en-la-feria-de-madrid\/#blogposting","name":"Am\u00e9rica Latina ofrece un turismo de sensaciones en la feria de Madrid - El Digital de Asturias","headline":"Am\u00e9rica Latina ofrece un turismo de sensaciones en la feria de Madrid","author":{"@id":"https:\/\/www.eldigitaldeasturias.com\/noticias\/author\/admin\/#author"},"publisher":{"@id":"https:\/\/www.eldigitaldeasturias.com\/noticias\/#organization"},"image":{"@type":"ImageObject","url":"http:\/\/www.eldigitaldeasturias.com\/noticias\/wp-content\/uploads\/2014\/01\/5874986w-360x232.jpg","@id":"https:\/\/www.eldigitaldeasturias.com\/noticias\/america-latina-ofrece-un-turismo-de-sensaciones-en-la-feria-de-madrid\/#articleImage"},"datePublished":"2014-01-25T06:55:23+01:00","dateModified":"2014-01-25T06:55:23+01:00","inLanguage":"es-ES","mainEntityOfPage":{"@id":"https:\/\/www.eldigitaldeasturias.com\/noticias\/america-latina-ofrece-un-turismo-de-sensaciones-en-la-feria-de-madrid\/#webpage"},"isPartOf":{"@id":"https:\/\/www.eldigitaldeasturias.com\/noticias\/america-latina-ofrece-un-turismo-de-sensaciones-en-la-feria-de-madrid\/#webpage"},"articleSection":"Turismo"},{"@type":"BreadcrumbList","@id":"https:\/\/www.eldigitaldeasturias.com\/noticias\/america-latina-ofrece-un-turismo-de-sensaciones-en-la-feria-de-madrid\/#breadcrumblist","itemListElement":[{"@type":"ListItem","@id":"https:\/\/www.eldigitaldeasturias.com\/noticias#listItem","position":1,"name":"Home","item":"https:\/\/www.eldigitaldeasturias.com\/noticias","nextItem":{"@type":"ListItem","@id":"https:\/\/www.eldigitaldeasturias.com\/noticias\/category\/turismo\/#listItem","name":"Turismo"}},{"@type":"ListItem","@id":"https:\/\/www.eldigitaldeasturias.com\/noticias\/category\/turismo\/#listItem","position":2,"name":"Turismo","item":"https:\/\/www.eldigitaldeasturias.com\/noticias\/category\/turismo\/","nextItem":{"@type":"ListItem","@id":"https:\/\/www.eldigitaldeasturias.com\/noticias\/america-latina-ofrece-un-turismo-de-sensaciones-en-la-feria-de-madrid\/#listItem","name":"Am\u00e9rica Latina ofrece un turismo de sensaciones en la feria de Madrid"},"previousItem":{"@type":"ListItem","@id":"https:\/\/www.eldigitaldeasturias.com\/noticias#listItem","name":"Home"}},{"@type":"ListItem","@id":"https:\/\/www.eldigitaldeasturias.com\/noticias\/america-latina-ofrece-un-turismo-de-sensaciones-en-la-feria-de-madrid\/#listItem","position":3,"name":"Am\u00e9rica Latina ofrece un turismo de sensaciones en la feria de Madrid","previousItem":{"@type":"ListItem","@id":"https:\/\/www.eldigitaldeasturias.com\/noticias\/category\/turismo\/#listItem","name":"Turismo"}}]},{"@type":"Organization","@id":"https:\/\/www.eldigitaldeasturias.com\/noticias\/#organization","name":"El Digital de Asturias","description":"Hemeroteca","url":"https:\/\/www.eldigitaldeasturias.com\/noticias\/","email":"info@eldigitaldeasturias.com","telephone":"+34652131393","logo":{"@type":"ImageObject","url":"https:\/\/www.eldigitaldeasturias.com\/noticias\/wp-content\/uploads\/2020\/12\/EDA.jpg","@id":"https:\/\/www.eldigitaldeasturias.com\/noticias\/america-latina-ofrece-un-turismo-de-sensaciones-en-la-feria-de-madrid\/#organizationLogo","width":649,"height":297},"image":{"@id":"https:\/\/www.eldigitaldeasturias.com\/noticias\/america-latina-ofrece-un-turismo-de-sensaciones-en-la-feria-de-madrid\/#organizationLogo"},"sameAs":["https:\/\/facebook.com\/eldigitaldeasturias","https:\/\/www.youtube.com\/channel\/UCZP-2wLEB9Rv6erhFmqVnvg"],"address":{"@id":"https:\/\/www.eldigitaldeasturias.com\/noticias\/#postaladdress","@type":"PostalAddress","streetAddress":"san antonio 4,","postalCode":"33430","addressLocality":"Cand\u00e1s","addressRegion":"Asturias","addressCountry":"ES"}},{"@type":"Person","@id":"https:\/\/www.eldigitaldeasturias.com\/noticias\/author\/admin\/#author","url":"https:\/\/www.eldigitaldeasturias.com\/noticias\/author\/admin\/","name":"El Digital de Asturias","image":{"@type":"ImageObject","@id":"https:\/\/www.eldigitaldeasturias.com\/noticias\/america-latina-ofrece-un-turismo-de-sensaciones-en-la-feria-de-madrid\/#authorImage","url":"https:\/\/www.eldigitaldeasturias.com\/noticias\/wp-content\/litespeed\/avatar\/18677e78aa0546b92d9dbf31ec7d7668.jpg?ver=1776685526","width":96,"height":96,"caption":"El Digital de Asturias"}},{"@type":"WebPage","@id":"https:\/\/www.eldigitaldeasturias.com\/noticias\/america-latina-ofrece-un-turismo-de-sensaciones-en-la-feria-de-madrid\/#webpage","url":"https:\/\/www.eldigitaldeasturias.com\/noticias\/america-latina-ofrece-un-turismo-de-sensaciones-en-la-feria-de-madrid\/","name":"Am\u00e9rica Latina ofrece un turismo de sensaciones en la feria de Madrid - El Digital de Asturias","description":"Madrid, 24 ene (EFE).- El pabell\u00f3n de Am\u00e9rica Latina en la Feria Internacional de Turismo de Madrid parece un bosque de fotograf\u00edas y pantallas gigantes, pero lo que no puede verse hasta que no se hace una parada en cada estand es que contiene tantas experiencias y sensaciones como pa\u00edses participan en \u00e9l. Entre las","inLanguage":"es-ES","isPartOf":{"@id":"https:\/\/www.eldigitaldeasturias.com\/noticias\/#website"},"breadcrumb":{"@id":"https:\/\/www.eldigitaldeasturias.com\/noticias\/america-latina-ofrece-un-turismo-de-sensaciones-en-la-feria-de-madrid\/#breadcrumblist"},"author":{"@id":"https:\/\/www.eldigitaldeasturias.com\/noticias\/author\/admin\/#author"},"creator":{"@id":"https:\/\/www.eldigitaldeasturias.com\/noticias\/author\/admin\/#author"},"datePublished":"2014-01-25T06:55:23+01:00","dateModified":"2014-01-25T06:55:23+01:00"},{"@type":"WebSite","@id":"https:\/\/www.eldigitaldeasturias.com\/noticias\/#website","url":"https:\/\/www.eldigitaldeasturias.com\/noticias\/","name":"El Digital de Asturias - Diario de actualidad y noticias","alternateName":"El Digital de Asturias - Diario de actualidad y noticias","description":"Hemeroteca","inLanguage":"es-ES","publisher":{"@id":"https:\/\/www.eldigitaldeasturias.com\/noticias\/#organization"}}]},"og:locale":"es_ES","og:site_name":"El Digital de Asturias","og:type":"article","og:title":"Am\u00e9rica Latina ofrece un turismo de sensaciones en la feria de Madrid - El Digital de Asturias","og:description":"Madrid, 24 ene (EFE).- El pabell\u00f3n de Am\u00e9rica Latina en la Feria Internacional de Turismo de Madrid parece un bosque de fotograf\u00edas y pantallas gigantes, pero lo que no puede verse hasta que no se hace una parada en cada estand es que contiene tantas experiencias y sensaciones como pa\u00edses participan en \u00e9l. Entre las","og:url":"https:\/\/www.eldigitaldeasturias.com\/noticias\/america-latina-ofrece-un-turismo-de-sensaciones-en-la-feria-de-madrid\/","article:tag":["turismo"],"article:published_time":"2014-01-25T07:55:23+00:00","article:modified_time":"2014-01-25T07:55:23+00:00","article:publisher":"https:\/\/facebook.com\/eldigitaldeasturias","twitter:card":"summary_large_image","twitter:title":"Am\u00e9rica Latina ofrece un turismo de sensaciones en la feria de Madrid - El Digital de Asturias","twitter:description":"Madrid, 24 ene (EFE).- El pabell\u00f3n de Am\u00e9rica Latina en la Feria Internacional de Turismo de Madrid parece un bosque de fotograf\u00edas y pantallas gigantes, pero lo que no puede verse hasta que no se hace una parada en cada estand es que contiene tantas experiencias y sensaciones como pa\u00edses participan en \u00e9l. Entre las","twitter:label1":"Escrito por","twitter:data1":"El Digital de Asturias","twitter:label2":"Tiempo de lectura estimado","twitter:data2":"4 minutos"},"aioseo_meta_data":{"post_id":"478532","title":null,"description":null,"keywords":null,"keyphrases":null,"primary_term":null,"canonical_url":null,"og_title":null,"og_description":null,"og_object_type":"default","og_image_type":"default","og_image_url":null,"og_image_width":null,"og_image_height":null,"og_image_custom_url":null,"og_image_custom_fields":null,"og_video":null,"og_custom_url":null,"og_article_section":null,"og_article_tags":null,"twitter_use_og":true,"twitter_card":"default","twitter_image_type":"default","twitter_image_url":null,"twitter_image_custom_url":null,"twitter_image_custom_fields":null,"twitter_title":null,"twitter_description":null,"schema":{"blockGraphs":[],"customGraphs":[],"default":{"data":{"Article":[],"Course":[],"Dataset":[],"FAQPage":[],"Movie":[],"Person":[],"Product":[],"ProductReview":[],"Car":[],"Recipe":[],"Service":[],"SoftwareApplication":[],"WebPage":[]},"graphName":"","isEnabled":true},"graphs":[],"defaultGraph":"","defaultPostTypeGraph":""},"schema_type":null,"schema_type_options":null,"pillar_content":false,"robots_default":true,"robots_noindex":false,"robots_noarchive":false,"robots_nosnippet":false,"robots_nofollow":false,"robots_noimageindex":false,"robots_noodp":false,"robots_notranslate":false,"robots_max_snippet":null,"robots_max_videopreview":null,"robots_max_imagepreview":"none","priority":null,"frequency":null,"local_seo":null,"seo_analyzer_scan_date":"2025-08-26 04:03:58","breadcrumb_settings":null,"limit_modified_date":false,"open_ai":null,"ai":null,"created":"2020-11-14 22:53:56","updated":"2025-08-26 04:03:58"},"aioseo_breadcrumb":"<div class=\"aioseo-breadcrumbs\"><span class=\"aioseo-breadcrumb\">\n\t<a href=\"https:\/\/www.eldigitaldeasturias.com\/noticias\" title=\"Home\">Home<\/a>\n<\/span><span class=\"aioseo-breadcrumb-separator\">\u2013<\/span><span class=\"aioseo-breadcrumb\">\n\t<a href=\"https:\/\/www.eldigitaldeasturias.com\/noticias\/category\/turismo\/\" title=\"Turismo\">Turismo<\/a>\n<\/span><span class=\"aioseo-breadcrumb-separator\">\u2013<\/span><span class=\"aioseo-breadcrumb\">\n\t<a href=\"https:\/\/www.eldigitaldeasturias.com\/noticias\/america-latina-ofrece-un-turismo-de-sensaciones-en-la-feria-de-madrid\/\" title=\"Am\u00e9rica Latina ofrece un turismo de sensaciones en la feria de Madrid\">Am\u00e9rica Latina ofrece un turismo de sensaciones en la feria de Madrid<\/a>\n<\/span><\/div>","aioseo_breadcrumb_json":[{"label":"Home","link":"https:\/\/www.eldigitaldeasturias.com\/noticias"},{"label":"Turismo","link":"https:\/\/www.eldigitaldeasturias.com\/noticias\/category\/turismo\/"},{"label":"Am\u00e9rica Latina ofrece un turismo de sensaciones en la feria de Madrid","link":"https:\/\/www.eldigitaldeasturias.com\/noticias\/america-latina-ofrece-un-turismo-de-sensaciones-en-la-feria-de-madrid\/"}],"_links":{"self":[{"href":"https:\/\/www.eldigitaldeasturias.com\/noticias\/wp-json\/wp\/v2\/posts\/478532","targetHints":{"allow":["GET"]}}],"collection":[{"href":"https:\/\/www.eldigitaldeasturias.com\/noticias\/wp-json\/wp\/v2\/posts"}],"about":[{"href":"https:\/\/www.eldigitaldeasturias.com\/noticias\/wp-json\/wp\/v2\/types\/post"}],"author":[{"embeddable":true,"href":"https:\/\/www.eldigitaldeasturias.com\/noticias\/wp-json\/wp\/v2\/users\/1"}],"replies":[{"embeddable":true,"href":"https:\/\/www.eldigitaldeasturias.com\/noticias\/wp-json\/wp\/v2\/comments?post=478532"}],"version-history":[{"count":0,"href":"https:\/\/www.eldigitaldeasturias.com\/noticias\/wp-json\/wp\/v2\/posts\/478532\/revisions"}],"wp:attachment":[{"href":"https:\/\/www.eldigitaldeasturias.com\/noticias\/wp-json\/wp\/v2\/media?parent=478532"}],"wp:term":[{"taxonomy":"category","embeddable":true,"href":"https:\/\/www.eldigitaldeasturias.com\/noticias\/wp-json\/wp\/v2\/categories?post=478532"},{"taxonomy":"post_tag","embeddable":true,"href":"https:\/\/www.eldigitaldeasturias.com\/noticias\/wp-json\/wp\/v2\/tags?post=478532"}],"curies":[{"name":"wp","href":"https:\/\/api.w.org\/{rel}","templated":true}]}}