{"id":478493,"date":"2014-01-25T06:37:51","date_gmt":"2014-01-25T07:37:51","guid":{"rendered":"http:\/\/www.eldigitaldeasturias.com\/noticias\/?p=478493"},"modified":"2014-01-25T06:37:51","modified_gmt":"2014-01-25T07:37:51","slug":"el-presidente-de-israel-recibe-el-premio-espiritu-de-davos","status":"publish","type":"post","link":"https:\/\/www.eldigitaldeasturias.com\/noticias\/el-presidente-de-israel-recibe-el-premio-espiritu-de-davos\/","title":{"rendered":"El presidente de Israel recibe el premio \u00abEsp\u00edritu de Davos\u00bb"},"content":{"rendered":"<p><img loading=\"lazy\" decoding=\"async\" class=\"alignleft size-medium wp-image-478494\" alt=\"5874541w\" src=\"https:\/\/www.eldigitaldeasturias.com\/noticias\/wp-content\/uploads\/2014\/01\/5874541w-360x239.jpg\" width=\"360\" height=\"239\" \/>Davos (Suiza), 24 ene (EFE).- El presidente de Israel, Simon Peres, fue galardonado hoy con \u00abel esp\u00edritu de Davos\u00bb por su labor en favor de la paz, la econom\u00eda y la tecnolog\u00eda, en una ceremonia en el Foro Econ\u00f3mico de Davos en Suiza a la que asistieron cientos de l\u00edderes pol\u00edticos y empresariales del mundo.<\/p>\n<p>El galard\u00f3n fue entregado a Peres por el fundador y presidente del Foro de Davos, Klaus Schwab, quien subray\u00f3 su esp\u00edritu visionario y sus dotes de liderazgo.<\/p>\n<p>Antes ambos hab\u00edan mantenido una animada charla en la que Peres departi\u00f3 sobre asuntos de actualidad como el programa nuclear iran\u00ed, la guerra en Siria o el en\u00e9simo intento de di\u00e1logo entre israel\u00edes y palestinos que promueve Estados Unidos.<\/p>\n<p>Respecto al discurso que el jueves pronunci\u00f3 en el mismo foro el presidente iran\u00ed, Hasan Rohan\u00ed, Peres quiso dejar claro que toda intervenci\u00f3n tiene dos facetas, lo que se dice y lo que se omite.<\/p>\n<p>\u00abA veces lo que se omite es m\u00e1s importante que lo que se dice. Si le preguntas por la paz y lo que consigues es que sonr\u00eda, eso no es una respuesta\u00bb, subray\u00f3.<\/p>\n<p>Por otra parte, Peres se mostr\u00f3 optimista respecto al nuevo esfuerzo negociador entre palestinos e israel\u00edes, al recordar que al principio pocos cre\u00edan en la posibilidad de que Egipto y Jordania firmaran la paz con Israel.<\/p>\n<p>Por \u00faltimo, insisti\u00f3 en que la soluci\u00f3n a la guerra en Siria no debe venir del exterior, sino que debe emanar del propio pueblo sirio y de sus nuevas generaciones.<\/p>\n","protected":false},"excerpt":{"rendered":"<p>Davos (Suiza), 24 ene (EFE).- El presidente de Israel, Simon Peres, fue galardonado hoy con \u00abel esp\u00edritu de Davos\u00bb por su labor en favor de la paz, la econom\u00eda y la tecnolog\u00eda, en una ceremonia en el Foro Econ\u00f3mico de Davos en Suiza a la que asistieron cientos de l\u00edderes pol\u00edticos y empresariales del mundo. [&hellip;]<\/p>\n","protected":false},"author":1,"featured_media":1132184,"comment_status":"closed","ping_status":"open","sticky":false,"template":"","format":"standard","meta":{"footnotes":""},"categories":[1],"tags":[],"class_list":["post-478493","post","type-post","status-publish","format-standard","has-post-thumbnail","hentry","category-actualidad"],"aioseo_notices":[],"aioseo_head":"\n\t\t<!-- All in One SEO Pro 5.0.1 - aioseo.com -->\n\t<meta name=\"description\" content=\"Davos (Suiza), 24 ene (EFE).- El presidente de Israel, Simon Peres, fue galardonado hoy con &quot;el esp\u00edritu de Davos&quot; por su labor en favor de la paz, la econom\u00eda y la tecnolog\u00eda, en una ceremonia en el Foro Econ\u00f3mico de Davos en Suiza a la que asistieron cientos de l\u00edderes pol\u00edticos y empresariales del mundo.\" \/>\n\t<meta name=\"robots\" content=\"max-image-preview:large\" \/>\n\t<meta name=\"author\" content=\"El Digital de Asturias\"\/>\n\t<meta name=\"google-site-verification\" content=\"UA-38556648-1\" \/>\n\t<meta name=\"msvalidate.01\" content=\"7dfe9f3f1b24437ab69f4f2559babe99\" \/>\n\t<meta name=\"keywords\" content=\"actualidad\" \/>\n\t<link rel=\"canonical\" href=\"https:\/\/www.eldigitaldeasturias.com\/noticias\/el-presidente-de-israel-recibe-el-premio-espiritu-de-davos\/\" \/>\n\t<meta name=\"generator\" content=\"All in One SEO Pro (AIOSEO) 5.0.1\" \/>\n\t\t<meta property=\"og:locale\" content=\"es_ES\" \/>\n\t\t<meta property=\"og:site_name\" content=\"El Digital de Asturias\" \/>\n\t\t<meta property=\"og:type\" content=\"article\" \/>\n\t\t<meta property=\"og:title\" content=\"El presidente de Israel recibe el premio \u00abEsp\u00edritu de Davos\u00bb - El Digital de Asturias\" \/>\n\t\t<meta property=\"og:description\" content=\"Davos (Suiza), 24 ene (EFE).- El presidente de Israel, Simon Peres, fue galardonado hoy con &quot;el esp\u00edritu de Davos&quot; por su labor en favor de la paz, la econom\u00eda y la tecnolog\u00eda, en una ceremonia en el Foro Econ\u00f3mico de Davos en Suiza a la que asistieron cientos de l\u00edderes pol\u00edticos y empresariales del mundo.\" \/>\n\t\t<meta property=\"og:url\" content=\"https:\/\/www.eldigitaldeasturias.com\/noticias\/el-presidente-de-israel-recibe-el-premio-espiritu-de-davos\/\" \/>\n\t\t<meta property=\"og:image\" content=\"https:\/\/www.eldigitaldeasturias.com\/noticias\/wp-content\/uploads\/2026\/06\/Contenidos.jpg\" \/>\n\t\t<meta property=\"og:image:secure_url\" content=\"https:\/\/www.eldigitaldeasturias.com\/noticias\/wp-content\/uploads\/2026\/06\/Contenidos.jpg\" \/>\n\t\t<meta property=\"og:image:width\" content=\"1265\" \/>\n\t\t<meta property=\"og:image:height\" content=\"697\" \/>\n\t\t<meta property=\"article:tag\" content=\"actualidad\" \/>\n\t\t<meta property=\"article:published_time\" content=\"2014-01-25T07:37:51+00:00\" \/>\n\t\t<meta property=\"article:modified_time\" content=\"2014-01-25T07:37:51+00:00\" \/>\n\t\t<meta property=\"article:publisher\" content=\"https:\/\/facebook.com\/eldigitaldeasturias\" \/>\n\t\t<meta name=\"twitter:card\" content=\"summary_large_image\" \/>\n\t\t<meta name=\"twitter:title\" content=\"El presidente de Israel recibe el premio \u00abEsp\u00edritu de Davos\u00bb - El Digital de Asturias\" \/>\n\t\t<meta name=\"twitter:description\" content=\"Davos (Suiza), 24 ene (EFE).- El presidente de Israel, Simon Peres, fue galardonado hoy con &quot;el esp\u00edritu de Davos&quot; por su labor en favor de la paz, la econom\u00eda y la tecnolog\u00eda, en una ceremonia en el Foro Econ\u00f3mico de Davos en Suiza a la que asistieron cientos de l\u00edderes pol\u00edticos y empresariales del mundo.\" \/>\n\t\t<meta name=\"twitter:image\" content=\"https:\/\/www.eldigitaldeasturias.com\/noticias\/wp-content\/uploads\/2026\/06\/Contenidos.jpg\" \/>\n\t\t<meta name=\"twitter:label1\" content=\"Escrito por\" \/>\n\t\t<meta name=\"twitter:data1\" content=\"El Digital de Asturias\" \/>\n\t\t<meta name=\"twitter:label2\" content=\"Tiempo de lectura estimado\" \/>\n\t\t<meta name=\"twitter:data2\" content=\"1 minuto\" \/>\n\t\t<script type=\"application\/ld+json\" class=\"aioseo-schema\">\n\t\t\t{\"@context\":\"https:\\\/\\\/schema.org\",\"@graph\":[{\"@type\":\"BlogPosting\",\"@id\":\"https:\\\/\\\/www.eldigitaldeasturias.com\\\/noticias\\\/el-presidente-de-israel-recibe-el-premio-espiritu-de-davos\\\/#blogposting\",\"name\":\"El presidente de Israel recibe el premio \\u00abEsp\\u00edritu de Davos\\u00bb - El Digital de Asturias\",\"headline\":\"El presidente de Israel recibe el premio \\u00abEsp\\u00edritu de Davos\\u00bb\",\"author\":{\"@id\":\"https:\\\/\\\/www.eldigitaldeasturias.com\\\/noticias\\\/author\\\/admin\\\/#author\"},\"publisher\":{\"@id\":\"https:\\\/\\\/www.eldigitaldeasturias.com\\\/noticias\\\/#organization\"},\"image\":{\"@type\":\"ImageObject\",\"url\":\"https:\\\/\\\/www.eldigitaldeasturias.com\\\/noticias\\\/wp-content\\\/uploads\\\/2026\\\/06\\\/Contenidos.jpg\",\"width\":1265,\"height\":697,\"caption\":\"Contenidos\"},\"datePublished\":\"2014-01-25T06:37:51+01:00\",\"dateModified\":\"2014-01-25T06:37:51+01:00\",\"inLanguage\":\"es-ES\",\"mainEntityOfPage\":{\"@id\":\"https:\\\/\\\/www.eldigitaldeasturias.com\\\/noticias\\\/el-presidente-de-israel-recibe-el-premio-espiritu-de-davos\\\/#webpage\"},\"isPartOf\":{\"@id\":\"https:\\\/\\\/www.eldigitaldeasturias.com\\\/noticias\\\/el-presidente-de-israel-recibe-el-premio-espiritu-de-davos\\\/#webpage\"},\"articleSection\":\"Actualidad\"},{\"@type\":\"BreadcrumbList\",\"@id\":\"https:\\\/\\\/www.eldigitaldeasturias.com\\\/noticias\\\/el-presidente-de-israel-recibe-el-premio-espiritu-de-davos\\\/#breadcrumblist\",\"itemListElement\":[{\"@type\":\"ListItem\",\"@id\":\"https:\\\/\\\/www.eldigitaldeasturias.com\\\/noticias#listItem\",\"position\":1,\"name\":\"Home\",\"item\":\"https:\\\/\\\/www.eldigitaldeasturias.com\\\/noticias\",\"nextItem\":{\"@type\":\"ListItem\",\"@id\":\"https:\\\/\\\/www.eldigitaldeasturias.com\\\/noticias\\\/category\\\/actualidad\\\/#listItem\",\"name\":\"Actualidad\"}},{\"@type\":\"ListItem\",\"@id\":\"https:\\\/\\\/www.eldigitaldeasturias.com\\\/noticias\\\/category\\\/actualidad\\\/#listItem\",\"position\":2,\"name\":\"Actualidad\",\"item\":\"https:\\\/\\\/www.eldigitaldeasturias.com\\\/noticias\\\/category\\\/actualidad\\\/\",\"nextItem\":{\"@type\":\"ListItem\",\"@id\":\"https:\\\/\\\/www.eldigitaldeasturias.com\\\/noticias\\\/el-presidente-de-israel-recibe-el-premio-espiritu-de-davos\\\/#listItem\",\"name\":\"El presidente de Israel recibe el premio \\u00abEsp\\u00edritu de Davos\\u00bb\"},\"previousItem\":{\"@type\":\"ListItem\",\"@id\":\"https:\\\/\\\/www.eldigitaldeasturias.com\\\/noticias#listItem\",\"name\":\"Home\"}},{\"@type\":\"ListItem\",\"@id\":\"https:\\\/\\\/www.eldigitaldeasturias.com\\\/noticias\\\/el-presidente-de-israel-recibe-el-premio-espiritu-de-davos\\\/#listItem\",\"position\":3,\"name\":\"El presidente de Israel recibe el premio \\u00abEsp\\u00edritu de Davos\\u00bb\",\"previousItem\":{\"@type\":\"ListItem\",\"@id\":\"https:\\\/\\\/www.eldigitaldeasturias.com\\\/noticias\\\/category\\\/actualidad\\\/#listItem\",\"name\":\"Actualidad\"}}]},{\"@type\":\"Organization\",\"@id\":\"https:\\\/\\\/www.eldigitaldeasturias.com\\\/noticias\\\/#organization\",\"name\":\"El Digital de Asturias\",\"description\":\"Hemeroteca\",\"url\":\"https:\\\/\\\/www.eldigitaldeasturias.com\\\/noticias\\\/\",\"email\":\"info@eldigitaldeasturias.com\",\"telephone\":\"+34652131393\",\"logo\":{\"@type\":\"ImageObject\",\"url\":\"https:\\\/\\\/www.eldigitaldeasturias.com\\\/noticias\\\/wp-content\\\/uploads\\\/2020\\\/12\\\/EDA.jpg\",\"@id\":\"https:\\\/\\\/www.eldigitaldeasturias.com\\\/noticias\\\/el-presidente-de-israel-recibe-el-premio-espiritu-de-davos\\\/#organizationLogo\"},\"image\":{\"@id\":\"https:\\\/\\\/www.eldigitaldeasturias.com\\\/noticias\\\/el-presidente-de-israel-recibe-el-premio-espiritu-de-davos\\\/#organizationLogo\"},\"sameAs\":[\"https:\\\/\\\/facebook.com\\\/eldigitaldeasturias\",\"https:\\\/\\\/www.youtube.com\\\/channel\\\/UCZP-2wLEB9Rv6erhFmqVnvg\"],\"address\":{\"@id\":\"https:\\\/\\\/www.eldigitaldeasturias.com\\\/noticias\\\/#postaladdress\",\"@type\":\"PostalAddress\",\"streetAddress\":\"san antonio 4\",\"postalCode\":\"33430\",\"addressLocality\":\"Cand\\u00e1s\",\"addressRegion\":\"Asturias\",\"addressCountry\":\"ES\"}},{\"@type\":\"Person\",\"@id\":\"https:\\\/\\\/www.eldigitaldeasturias.com\\\/noticias\\\/author\\\/admin\\\/#author\",\"url\":\"https:\\\/\\\/www.eldigitaldeasturias.com\\\/noticias\\\/author\\\/admin\\\/\",\"name\":\"El Digital de Asturias\",\"image\":{\"@type\":\"ImageObject\",\"@id\":\"https:\\\/\\\/www.eldigitaldeasturias.com\\\/noticias\\\/el-presidente-de-israel-recibe-el-premio-espiritu-de-davos\\\/#authorImage\",\"url\":\"https:\\\/\\\/secure.gravatar.com\\\/avatar\\\/df2aeffc32bcd13f8d26072ef8a91b623d677766deac7f97ca815868cd41bf5e?s=96&d=mm&r=g\",\"width\":96,\"height\":96,\"caption\":\"El Digital de Asturias\"}},{\"@type\":\"WebPage\",\"@id\":\"https:\\\/\\\/www.eldigitaldeasturias.com\\\/noticias\\\/el-presidente-de-israel-recibe-el-premio-espiritu-de-davos\\\/#webpage\",\"url\":\"https:\\\/\\\/www.eldigitaldeasturias.com\\\/noticias\\\/el-presidente-de-israel-recibe-el-premio-espiritu-de-davos\\\/\",\"name\":\"El presidente de Israel recibe el premio \\u00abEsp\\u00edritu de Davos\\u00bb - El Digital de Asturias\",\"description\":\"Davos (Suiza), 24 ene (EFE).- El presidente de Israel, Simon Peres, fue galardonado hoy con \\\"el esp\\u00edritu de Davos\\\" por su labor en favor de la paz, la econom\\u00eda y la tecnolog\\u00eda, en una ceremonia en el Foro Econ\\u00f3mico de Davos en Suiza a la que asistieron cientos de l\\u00edderes pol\\u00edticos y empresariales del mundo.\",\"inLanguage\":\"es-ES\",\"isPartOf\":{\"@id\":\"https:\\\/\\\/www.eldigitaldeasturias.com\\\/noticias\\\/#website\"},\"breadcrumb\":{\"@id\":\"https:\\\/\\\/www.eldigitaldeasturias.com\\\/noticias\\\/el-presidente-de-israel-recibe-el-premio-espiritu-de-davos\\\/#breadcrumblist\"},\"author\":{\"@id\":\"https:\\\/\\\/www.eldigitaldeasturias.com\\\/noticias\\\/author\\\/admin\\\/#author\"},\"creator\":{\"@id\":\"https:\\\/\\\/www.eldigitaldeasturias.com\\\/noticias\\\/author\\\/admin\\\/#author\"},\"image\":{\"@type\":\"ImageObject\",\"url\":\"https:\\\/\\\/www.eldigitaldeasturias.com\\\/noticias\\\/wp-content\\\/uploads\\\/2026\\\/06\\\/Contenidos.jpg\",\"@id\":\"https:\\\/\\\/www.eldigitaldeasturias.com\\\/noticias\\\/el-presidente-de-israel-recibe-el-premio-espiritu-de-davos\\\/#mainImage\",\"width\":1265,\"height\":697,\"caption\":\"Contenidos\"},\"primaryImageOfPage\":{\"@id\":\"https:\\\/\\\/www.eldigitaldeasturias.com\\\/noticias\\\/el-presidente-de-israel-recibe-el-premio-espiritu-de-davos\\\/#mainImage\"},\"datePublished\":\"2014-01-25T06:37:51+01:00\",\"dateModified\":\"2014-01-25T06:37:51+01:00\"},{\"@type\":\"WebSite\",\"@id\":\"https:\\\/\\\/www.eldigitaldeasturias.com\\\/noticias\\\/#website\",\"url\":\"https:\\\/\\\/www.eldigitaldeasturias.com\\\/noticias\\\/\",\"name\":\"El Digital de Asturias - Diario de actualidad y noticias\",\"alternateName\":\"El Digital de Asturias - Diario de actualidad y noticias\",\"description\":\"Hemeroteca\",\"inLanguage\":\"es-ES\",\"publisher\":{\"@id\":\"https:\\\/\\\/www.eldigitaldeasturias.com\\\/noticias\\\/#organization\"}}]}\n\t\t<\/script>\n\t\t<!-- All in One SEO Pro -->\r\n\t\t<title>El presidente de Israel recibe el premio \u00abEsp\u00edritu de Davos\u00bb - El Digital de Asturias<\/title>\n\n","aioseo_head_json":{"title":"El presidente de Israel recibe el premio \u00abEsp\u00edritu de Davos\u00bb - El Digital de Asturias","description":"Davos (Suiza), 24 ene (EFE).- El presidente de Israel, Simon Peres, fue galardonado hoy con \"el esp\u00edritu de Davos\" por su labor en favor de la paz, la econom\u00eda y la tecnolog\u00eda, en una ceremonia en el Foro Econ\u00f3mico de Davos en Suiza a la que asistieron cientos de l\u00edderes pol\u00edticos y empresariales del mundo.","canonical_url":"https:\/\/www.eldigitaldeasturias.com\/noticias\/el-presidente-de-israel-recibe-el-premio-espiritu-de-davos\/","robots":"max-image-preview:large","keywords":"actualidad","webmasterTools":{"google-site-verification":"UA-38556648-1","msvalidate.01":"7dfe9f3f1b24437ab69f4f2559babe99","miscellaneous":""},"schema":{"@context":"https:\/\/schema.org","@graph":[{"@type":"BlogPosting","@id":"https:\/\/www.eldigitaldeasturias.com\/noticias\/el-presidente-de-israel-recibe-el-premio-espiritu-de-davos\/#blogposting","name":"El presidente de Israel recibe el premio \u00abEsp\u00edritu de Davos\u00bb - El Digital de Asturias","headline":"El presidente de Israel recibe el premio \u00abEsp\u00edritu de Davos\u00bb","author":{"@id":"https:\/\/www.eldigitaldeasturias.com\/noticias\/author\/admin\/#author"},"publisher":{"@id":"https:\/\/www.eldigitaldeasturias.com\/noticias\/#organization"},"image":{"@type":"ImageObject","url":"https:\/\/www.eldigitaldeasturias.com\/noticias\/wp-content\/uploads\/2026\/06\/Contenidos.jpg","width":1265,"height":697,"caption":"Contenidos"},"datePublished":"2014-01-25T06:37:51+01:00","dateModified":"2014-01-25T06:37:51+01:00","inLanguage":"es-ES","mainEntityOfPage":{"@id":"https:\/\/www.eldigitaldeasturias.com\/noticias\/el-presidente-de-israel-recibe-el-premio-espiritu-de-davos\/#webpage"},"isPartOf":{"@id":"https:\/\/www.eldigitaldeasturias.com\/noticias\/el-presidente-de-israel-recibe-el-premio-espiritu-de-davos\/#webpage"},"articleSection":"Actualidad"},{"@type":"BreadcrumbList","@id":"https:\/\/www.eldigitaldeasturias.com\/noticias\/el-presidente-de-israel-recibe-el-premio-espiritu-de-davos\/#breadcrumblist","itemListElement":[{"@type":"ListItem","@id":"https:\/\/www.eldigitaldeasturias.com\/noticias#listItem","position":1,"name":"Home","item":"https:\/\/www.eldigitaldeasturias.com\/noticias","nextItem":{"@type":"ListItem","@id":"https:\/\/www.eldigitaldeasturias.com\/noticias\/category\/actualidad\/#listItem","name":"Actualidad"}},{"@type":"ListItem","@id":"https:\/\/www.eldigitaldeasturias.com\/noticias\/category\/actualidad\/#listItem","position":2,"name":"Actualidad","item":"https:\/\/www.eldigitaldeasturias.com\/noticias\/category\/actualidad\/","nextItem":{"@type":"ListItem","@id":"https:\/\/www.eldigitaldeasturias.com\/noticias\/el-presidente-de-israel-recibe-el-premio-espiritu-de-davos\/#listItem","name":"El presidente de Israel recibe el premio \u00abEsp\u00edritu de Davos\u00bb"},"previousItem":{"@type":"ListItem","@id":"https:\/\/www.eldigitaldeasturias.com\/noticias#listItem","name":"Home"}},{"@type":"ListItem","@id":"https:\/\/www.eldigitaldeasturias.com\/noticias\/el-presidente-de-israel-recibe-el-premio-espiritu-de-davos\/#listItem","position":3,"name":"El presidente de Israel recibe el premio \u00abEsp\u00edritu de Davos\u00bb","previousItem":{"@type":"ListItem","@id":"https:\/\/www.eldigitaldeasturias.com\/noticias\/category\/actualidad\/#listItem","name":"Actualidad"}}]},{"@type":"Organization","@id":"https:\/\/www.eldigitaldeasturias.com\/noticias\/#organization","name":"El Digital de Asturias","description":"Hemeroteca","url":"https:\/\/www.eldigitaldeasturias.com\/noticias\/","email":"info@eldigitaldeasturias.com","telephone":"+34652131393","logo":{"@type":"ImageObject","url":"https:\/\/www.eldigitaldeasturias.com\/noticias\/wp-content\/uploads\/2020\/12\/EDA.jpg","@id":"https:\/\/www.eldigitaldeasturias.com\/noticias\/el-presidente-de-israel-recibe-el-premio-espiritu-de-davos\/#organizationLogo"},"image":{"@id":"https:\/\/www.eldigitaldeasturias.com\/noticias\/el-presidente-de-israel-recibe-el-premio-espiritu-de-davos\/#organizationLogo"},"sameAs":["https:\/\/facebook.com\/eldigitaldeasturias","https:\/\/www.youtube.com\/channel\/UCZP-2wLEB9Rv6erhFmqVnvg"],"address":{"@id":"https:\/\/www.eldigitaldeasturias.com\/noticias\/#postaladdress","@type":"PostalAddress","streetAddress":"san antonio 4","postalCode":"33430","addressLocality":"Cand\u00e1s","addressRegion":"Asturias","addressCountry":"ES"}},{"@type":"Person","@id":"https:\/\/www.eldigitaldeasturias.com\/noticias\/author\/admin\/#author","url":"https:\/\/www.eldigitaldeasturias.com\/noticias\/author\/admin\/","name":"El Digital de Asturias","image":{"@type":"ImageObject","@id":"https:\/\/www.eldigitaldeasturias.com\/noticias\/el-presidente-de-israel-recibe-el-premio-espiritu-de-davos\/#authorImage","url":"https:\/\/secure.gravatar.com\/avatar\/df2aeffc32bcd13f8d26072ef8a91b623d677766deac7f97ca815868cd41bf5e?s=96&d=mm&r=g","width":96,"height":96,"caption":"El Digital de Asturias"}},{"@type":"WebPage","@id":"https:\/\/www.eldigitaldeasturias.com\/noticias\/el-presidente-de-israel-recibe-el-premio-espiritu-de-davos\/#webpage","url":"https:\/\/www.eldigitaldeasturias.com\/noticias\/el-presidente-de-israel-recibe-el-premio-espiritu-de-davos\/","name":"El presidente de Israel recibe el premio \u00abEsp\u00edritu de Davos\u00bb - El Digital de Asturias","description":"Davos (Suiza), 24 ene (EFE).- El presidente de Israel, Simon Peres, fue galardonado hoy con \"el esp\u00edritu de Davos\" por su labor en favor de la paz, la econom\u00eda y la tecnolog\u00eda, en una ceremonia en el Foro Econ\u00f3mico de Davos en Suiza a la que asistieron cientos de l\u00edderes pol\u00edticos y empresariales del mundo.","inLanguage":"es-ES","isPartOf":{"@id":"https:\/\/www.eldigitaldeasturias.com\/noticias\/#website"},"breadcrumb":{"@id":"https:\/\/www.eldigitaldeasturias.com\/noticias\/el-presidente-de-israel-recibe-el-premio-espiritu-de-davos\/#breadcrumblist"},"author":{"@id":"https:\/\/www.eldigitaldeasturias.com\/noticias\/author\/admin\/#author"},"creator":{"@id":"https:\/\/www.eldigitaldeasturias.com\/noticias\/author\/admin\/#author"},"image":{"@type":"ImageObject","url":"https:\/\/www.eldigitaldeasturias.com\/noticias\/wp-content\/uploads\/2026\/06\/Contenidos.jpg","@id":"https:\/\/www.eldigitaldeasturias.com\/noticias\/el-presidente-de-israel-recibe-el-premio-espiritu-de-davos\/#mainImage","width":1265,"height":697,"caption":"Contenidos"},"primaryImageOfPage":{"@id":"https:\/\/www.eldigitaldeasturias.com\/noticias\/el-presidente-de-israel-recibe-el-premio-espiritu-de-davos\/#mainImage"},"datePublished":"2014-01-25T06:37:51+01:00","dateModified":"2014-01-25T06:37:51+01:00"},{"@type":"WebSite","@id":"https:\/\/www.eldigitaldeasturias.com\/noticias\/#website","url":"https:\/\/www.eldigitaldeasturias.com\/noticias\/","name":"El Digital de Asturias - Diario de actualidad y noticias","alternateName":"El Digital de Asturias - Diario de actualidad y noticias","description":"Hemeroteca","inLanguage":"es-ES","publisher":{"@id":"https:\/\/www.eldigitaldeasturias.com\/noticias\/#organization"}}]},"og:locale":"es_ES","og:site_name":"El Digital de Asturias","og:type":"article","og:title":"El presidente de Israel recibe el premio \u00abEsp\u00edritu de Davos\u00bb - El Digital de Asturias","og:description":"Davos (Suiza), 24 ene (EFE).- El presidente de Israel, Simon Peres, fue galardonado hoy con &quot;el esp\u00edritu de Davos&quot; por su labor en favor de la paz, la econom\u00eda y la tecnolog\u00eda, en una ceremonia en el Foro Econ\u00f3mico de Davos en Suiza a la que asistieron cientos de l\u00edderes pol\u00edticos y empresariales del mundo.","og:url":"https:\/\/www.eldigitaldeasturias.com\/noticias\/el-presidente-de-israel-recibe-el-premio-espiritu-de-davos\/","og:image":"https:\/\/www.eldigitaldeasturias.com\/noticias\/wp-content\/uploads\/2026\/06\/Contenidos.jpg","og:image:secure_url":"https:\/\/www.eldigitaldeasturias.com\/noticias\/wp-content\/uploads\/2026\/06\/Contenidos.jpg","og:image:width":1265,"og:image:height":697,"article:tag":["actualidad"],"article:published_time":"2014-01-25T07:37:51+00:00","article:modified_time":"2014-01-25T07:37:51+00:00","article:publisher":"https:\/\/facebook.com\/eldigitaldeasturias","twitter:card":"summary_large_image","twitter:title":"El presidente de Israel recibe el premio \u00abEsp\u00edritu de Davos\u00bb - El Digital de Asturias","twitter:description":"Davos (Suiza), 24 ene (EFE).- El presidente de Israel, Simon Peres, fue galardonado hoy con &quot;el esp\u00edritu de Davos&quot; por su labor en favor de la paz, la econom\u00eda y la tecnolog\u00eda, en una ceremonia en el Foro Econ\u00f3mico de Davos en Suiza a la que asistieron cientos de l\u00edderes pol\u00edticos y empresariales del mundo.","twitter:image":"https:\/\/www.eldigitaldeasturias.com\/noticias\/wp-content\/uploads\/2026\/06\/Contenidos.jpg","twitter:label1":"Escrito por","twitter:data1":"El Digital de Asturias","twitter:label2":"Tiempo de lectura estimado","twitter:data2":"1 minuto"},"aioseo_meta_data":{"post_id":"478493","title":null,"description":null,"keywords":null,"keyphrases":null,"primary_term":null,"canonical_url":null,"og_title":null,"og_description":null,"og_object_type":"default","og_image_type":"default","og_image_url":null,"og_image_width":null,"og_image_height":null,"og_image_custom_url":null,"og_image_custom_fields":null,"og_video":null,"og_custom_url":null,"og_article_section":null,"og_article_tags":null,"twitter_use_og":true,"twitter_card":"default","twitter_image_type":"default","twitter_image_url":null,"twitter_image_custom_url":null,"twitter_image_custom_fields":null,"twitter_title":null,"twitter_description":null,"schema":{"blockGraphs":[],"customGraphs":[],"default":{"data":{"Article":[],"Course":[],"Dataset":[],"FAQPage":[],"Movie":[],"Person":[],"Product":[],"ProductReview":[],"Car":[],"Recipe":[],"Service":[],"SoftwareApplication":[],"WebPage":[]},"graphName":"","isEnabled":true},"graphs":[],"defaultGraph":"","defaultPostTypeGraph":""},"schema_type":null,"schema_type_options":null,"pillar_content":false,"robots_default":true,"robots_noindex":false,"robots_noarchive":false,"robots_nosnippet":false,"robots_nofollow":false,"robots_noimageindex":false,"robots_noodp":false,"robots_notranslate":false,"robots_max_snippet":null,"robots_max_videopreview":null,"robots_max_imagepreview":"none","priority":null,"frequency":null,"local_seo":null,"seo_analyzer_scan_date":"2026-06-01 21:43:00","breadcrumb_settings":null,"limit_modified_date":false,"open_ai":null,"ai":null,"created":"2020-11-14 22:53:56","updated":"2026-06-01 21:43:00","focus_keyword":null,"additional_keywords":null,"truseo_locale":null},"aioseo_breadcrumb":"<div class=\"aioseo-breadcrumbs\"><span class=\"aioseo-breadcrumb\">\n\t<a href=\"https:\/\/www.eldigitaldeasturias.com\/noticias\" title=\"Home\">Home<\/a>\n<\/span><span class=\"aioseo-breadcrumb-separator\">\u2013<\/span><span class=\"aioseo-breadcrumb\">\n\t<a href=\"https:\/\/www.eldigitaldeasturias.com\/noticias\/category\/actualidad\/\" title=\"Actualidad\">Actualidad<\/a>\n<\/span><span class=\"aioseo-breadcrumb-separator\">\u2013<\/span><span class=\"aioseo-breadcrumb\">\n\t<a href=\"https:\/\/www.eldigitaldeasturias.com\/noticias\/el-presidente-de-israel-recibe-el-premio-espiritu-de-davos\/\" title=\"El presidente de Israel recibe el premio \u00abEsp\u00edritu de Davos\u00bb\">El presidente de Israel recibe el premio \u00abEsp\u00edritu de Davos\u00bb<\/a>\n<\/span><\/div>","aioseo_breadcrumb_json":[{"label":"Home","link":"https:\/\/www.eldigitaldeasturias.com\/noticias"},{"label":"Actualidad","link":"https:\/\/www.eldigitaldeasturias.com\/noticias\/category\/actualidad\/"},{"label":"El presidente de Israel recibe el premio \u00abEsp\u00edritu de Davos\u00bb","link":"https:\/\/www.eldigitaldeasturias.com\/noticias\/el-presidente-de-israel-recibe-el-premio-espiritu-de-davos\/"}],"_links":{"self":[{"href":"https:\/\/www.eldigitaldeasturias.com\/noticias\/wp-json\/wp\/v2\/posts\/478493","targetHints":{"allow":["GET"]}}],"collection":[{"href":"https:\/\/www.eldigitaldeasturias.com\/noticias\/wp-json\/wp\/v2\/posts"}],"about":[{"href":"https:\/\/www.eldigitaldeasturias.com\/noticias\/wp-json\/wp\/v2\/types\/post"}],"author":[{"embeddable":true,"href":"https:\/\/www.eldigitaldeasturias.com\/noticias\/wp-json\/wp\/v2\/users\/1"}],"replies":[{"embeddable":true,"href":"https:\/\/www.eldigitaldeasturias.com\/noticias\/wp-json\/wp\/v2\/comments?post=478493"}],"version-history":[{"count":0,"href":"https:\/\/www.eldigitaldeasturias.com\/noticias\/wp-json\/wp\/v2\/posts\/478493\/revisions"}],"wp:featuredmedia":[{"embeddable":true,"href":"https:\/\/www.eldigitaldeasturias.com\/noticias\/wp-json\/wp\/v2\/media\/1132184"}],"wp:attachment":[{"href":"https:\/\/www.eldigitaldeasturias.com\/noticias\/wp-json\/wp\/v2\/media?parent=478493"}],"wp:term":[{"taxonomy":"category","embeddable":true,"href":"https:\/\/www.eldigitaldeasturias.com\/noticias\/wp-json\/wp\/v2\/categories?post=478493"},{"taxonomy":"post_tag","embeddable":true,"href":"https:\/\/www.eldigitaldeasturias.com\/noticias\/wp-json\/wp\/v2\/tags?post=478493"}],"curies":[{"name":"wp","href":"https:\/\/api.w.org\/{rel}","templated":true}]}}