{"id":478478,"date":"2014-01-25T06:31:49","date_gmt":"2014-01-25T07:31:49","guid":{"rendered":"http:\/\/www.eldigitaldeasturias.com\/noticias\/?p=478478"},"modified":"2014-01-25T06:31:49","modified_gmt":"2014-01-25T07:31:49","slug":"las-expropiaciones-se-descontaran-de-la-responsabilidad-estatal-en-autopistas","status":"publish","type":"post","link":"https:\/\/www.eldigitaldeasturias.com\/noticias\/las-expropiaciones-se-descontaran-de-la-responsabilidad-estatal-en-autopistas\/","title":{"rendered":"Las expropiaciones se descontar\u00e1n de la responsabilidad estatal en autopistas"},"content":{"rendered":"<p><img loading=\"lazy\" decoding=\"async\" class=\"alignleft size-medium wp-image-478479\" alt=\"5874317w\" src=\"https:\/\/www.eldigitaldeasturias.com\/noticias\/wp-content\/uploads\/2014\/01\/5874317w-360x267.jpg\" width=\"360\" height=\"267\" \/>Madrid, 24 ene (EFE).- El Gobierno ha reconocido hoy al Estado la posibilidad de minorar la responsabilidad patrimonial de la Administraci\u00f3n (RPA) en aquellos supuestos en los que el Estado se vea obligado a hacerse cargo del pago de las expropiaciones de las autopistas de peaje por el impago de la concesionaria en concurso.<\/p>\n<p>Seg\u00fan ha indicado hoy la ministra de Fomento, Ana Pastor, en un comunicado, el objetivo de esta reforma es evitar que el Estado acabe asumiendo dos veces el pago de la expropiaci\u00f3n en beneficio del concesionario.<\/p>\n<p>De esta forma se impide que el Estado pague por un lado al expropiado cuando hay una resoluci\u00f3n judicial que as\u00ed lo fije y entregue al concesionario el importe de la responsabilidad patrimonial.<\/p>\n<p>Por ello, se reconoce al Estado el derecho a subrogarse en el cr\u00e9dito del expropiado frente al concesionario, procedi\u00e9ndose a minorar el importe de la RPA con la parte del cr\u00e9dito no reembolsada por la sociedad concesionaria.<\/p>\n<p>El nuevo r\u00e9gimen podr\u00e1 aplicarse en cualquiera de las concesiones ya adjudicadas.<\/p>\n<p>Normalmente, el pago de las expropiaciones para la construcci\u00f3n de una autopista estatal de peaje en r\u00e9gimen de concesi\u00f3n deb\u00eda ser abonado por la sociedad concesionaria.<\/p>\n<p>Sin embargo, algunas sentencias judiciales obligan al Estado a hacerse cargo de dichas deudas en caso de impago por la sociedad concesionaria declarada en concurso de acreedores.<\/p>\n<p>\u00abCuando un tribunal diga que el Estado tiene que pagar la expropiaci\u00f3n se descontar\u00e1 de la administraci\u00f3n patrimonial de la administraci\u00f3n\u00bb, ha subrayado Pastor, quien ha argumentado que esto se hace para defender el inter\u00e9s p\u00fablico.<\/p>\n<p>El sobrecoste de las expropiaciones, la p\u00e9rdida de poder adquisitivo de los ciudadanos y la existencia -en muchas ocasiones- de carreteras gratuitas que cubren el mismo trayecto, ha llevado a varias autopistas de peaje al concurso de acreedores.<\/p>\n<p>Es el caso de las cuatro autopistas radiales de Madrid proyectadas durante el Gobierno de Jos\u00e9 Mar\u00eda Aznar (R-2, R-3, R-4 y R-5), del Eje Aeropuerto; de la AP-41, que conecta Madrid y Toledo; la AP-36, que discurre entre Oca\u00f1a (Toledo) y La Roda (Albacete); y la Cartagena (Murcia) y Vera (Almer\u00eda).<\/p>\n<p>Fomento negocia desde hace tiempo con constructoras, concesionarias y entidades financieras la creaci\u00f3n de una entidad similar a la extinta Empresa Nacional de Autopistas (ENA).<\/p>\n<p>Inicialmente, el valor residual de estas concesiones estaba previsto que representase el 20 % del capital de la empresa, en tanto que el 80 % restante ser\u00e1 controlado por la Sociedad Estatal de Infraestructuras de Transporte Terrestre (Seittsa).<\/p>\n","protected":false},"excerpt":{"rendered":"<p>Madrid, 24 ene (EFE).- El Gobierno ha reconocido hoy al Estado la posibilidad de minorar la responsabilidad patrimonial de la Administraci\u00f3n (RPA) en aquellos supuestos en los que el Estado se vea obligado a hacerse cargo del pago de las expropiaciones de las autopistas de peaje por el impago de la concesionaria en concurso. Seg\u00fan [&hellip;]<\/p>\n","protected":false},"author":1,"featured_media":1132184,"comment_status":"closed","ping_status":"open","sticky":false,"template":"","format":"standard","meta":{"footnotes":""},"categories":[1],"tags":[],"class_list":["post-478478","post","type-post","status-publish","format-standard","has-post-thumbnail","hentry","category-actualidad"],"aioseo_notices":[],"aioseo_head":"\n\t\t<!-- All in One SEO Pro 5.0.1 - aioseo.com -->\n\t<meta name=\"description\" content=\"Madrid, 24 ene (EFE).- El Gobierno ha reconocido hoy al Estado la posibilidad de minorar la responsabilidad patrimonial de la Administraci\u00f3n (RPA) en aquellos supuestos en los que el Estado se vea obligado a hacerse cargo del pago de las expropiaciones de las autopistas de peaje por el impago de la concesionaria en concurso. Seg\u00fan\" \/>\n\t<meta name=\"robots\" content=\"max-image-preview:large\" \/>\n\t<meta name=\"author\" content=\"El Digital de Asturias\"\/>\n\t<meta name=\"google-site-verification\" content=\"UA-38556648-1\" \/>\n\t<meta name=\"msvalidate.01\" content=\"7dfe9f3f1b24437ab69f4f2559babe99\" \/>\n\t<meta name=\"keywords\" content=\"actualidad\" \/>\n\t<link rel=\"canonical\" href=\"https:\/\/www.eldigitaldeasturias.com\/noticias\/las-expropiaciones-se-descontaran-de-la-responsabilidad-estatal-en-autopistas\/\" \/>\n\t<meta name=\"generator\" content=\"All in One SEO Pro (AIOSEO) 5.0.1\" \/>\n\t\t<meta property=\"og:locale\" content=\"es_ES\" \/>\n\t\t<meta property=\"og:site_name\" content=\"El Digital de Asturias\" \/>\n\t\t<meta property=\"og:type\" content=\"article\" \/>\n\t\t<meta property=\"og:title\" content=\"Las expropiaciones se descontar\u00e1n de la responsabilidad estatal en autopistas - El Digital de Asturias\" \/>\n\t\t<meta property=\"og:description\" content=\"Madrid, 24 ene (EFE).- El Gobierno ha reconocido hoy al Estado la posibilidad de minorar la responsabilidad patrimonial de la Administraci\u00f3n (RPA) en aquellos supuestos en los que el Estado se vea obligado a hacerse cargo del pago de las expropiaciones de las autopistas de peaje por el impago de la concesionaria en concurso. Seg\u00fan\" \/>\n\t\t<meta property=\"og:url\" content=\"https:\/\/www.eldigitaldeasturias.com\/noticias\/las-expropiaciones-se-descontaran-de-la-responsabilidad-estatal-en-autopistas\/\" \/>\n\t\t<meta property=\"og:image\" content=\"https:\/\/www.eldigitaldeasturias.com\/noticias\/wp-content\/uploads\/2026\/06\/Contenidos.jpg\" \/>\n\t\t<meta property=\"og:image:secure_url\" content=\"https:\/\/www.eldigitaldeasturias.com\/noticias\/wp-content\/uploads\/2026\/06\/Contenidos.jpg\" \/>\n\t\t<meta property=\"og:image:width\" content=\"1265\" \/>\n\t\t<meta property=\"og:image:height\" content=\"697\" \/>\n\t\t<meta property=\"article:tag\" content=\"actualidad\" \/>\n\t\t<meta property=\"article:published_time\" content=\"2014-01-25T07:31:49+00:00\" \/>\n\t\t<meta property=\"article:modified_time\" content=\"2014-01-25T07:31:49+00:00\" \/>\n\t\t<meta property=\"article:publisher\" content=\"https:\/\/facebook.com\/eldigitaldeasturias\" \/>\n\t\t<meta name=\"twitter:card\" content=\"summary_large_image\" \/>\n\t\t<meta name=\"twitter:title\" content=\"Las expropiaciones se descontar\u00e1n de la responsabilidad estatal en autopistas - El Digital de Asturias\" \/>\n\t\t<meta name=\"twitter:description\" content=\"Madrid, 24 ene (EFE).- El Gobierno ha reconocido hoy al Estado la posibilidad de minorar la responsabilidad patrimonial de la Administraci\u00f3n (RPA) en aquellos supuestos en los que el Estado se vea obligado a hacerse cargo del pago de las expropiaciones de las autopistas de peaje por el impago de la concesionaria en concurso. Seg\u00fan\" \/>\n\t\t<meta name=\"twitter:image\" content=\"https:\/\/www.eldigitaldeasturias.com\/noticias\/wp-content\/uploads\/2026\/06\/Contenidos.jpg\" \/>\n\t\t<meta name=\"twitter:label1\" content=\"Escrito por\" \/>\n\t\t<meta name=\"twitter:data1\" content=\"El Digital de Asturias\" \/>\n\t\t<meta name=\"twitter:label2\" content=\"Tiempo de lectura estimado\" \/>\n\t\t<meta name=\"twitter:data2\" content=\"2 minutos\" \/>\n\t\t<script type=\"application\/ld+json\" class=\"aioseo-schema\">\n\t\t\t{\"@context\":\"https:\\\/\\\/schema.org\",\"@graph\":[{\"@type\":\"BlogPosting\",\"@id\":\"https:\\\/\\\/www.eldigitaldeasturias.com\\\/noticias\\\/las-expropiaciones-se-descontaran-de-la-responsabilidad-estatal-en-autopistas\\\/#blogposting\",\"name\":\"Las expropiaciones se descontar\\u00e1n de la responsabilidad estatal en autopistas - El Digital de Asturias\",\"headline\":\"Las expropiaciones se descontar\\u00e1n de la responsabilidad estatal en autopistas\",\"author\":{\"@id\":\"https:\\\/\\\/www.eldigitaldeasturias.com\\\/noticias\\\/author\\\/admin\\\/#author\"},\"publisher\":{\"@id\":\"https:\\\/\\\/www.eldigitaldeasturias.com\\\/noticias\\\/#organization\"},\"image\":{\"@type\":\"ImageObject\",\"url\":\"https:\\\/\\\/www.eldigitaldeasturias.com\\\/noticias\\\/wp-content\\\/uploads\\\/2026\\\/06\\\/Contenidos.jpg\",\"width\":1265,\"height\":697,\"caption\":\"Contenidos\"},\"datePublished\":\"2014-01-25T06:31:49+01:00\",\"dateModified\":\"2014-01-25T06:31:49+01:00\",\"inLanguage\":\"es-ES\",\"mainEntityOfPage\":{\"@id\":\"https:\\\/\\\/www.eldigitaldeasturias.com\\\/noticias\\\/las-expropiaciones-se-descontaran-de-la-responsabilidad-estatal-en-autopistas\\\/#webpage\"},\"isPartOf\":{\"@id\":\"https:\\\/\\\/www.eldigitaldeasturias.com\\\/noticias\\\/las-expropiaciones-se-descontaran-de-la-responsabilidad-estatal-en-autopistas\\\/#webpage\"},\"articleSection\":\"Actualidad\"},{\"@type\":\"BreadcrumbList\",\"@id\":\"https:\\\/\\\/www.eldigitaldeasturias.com\\\/noticias\\\/las-expropiaciones-se-descontaran-de-la-responsabilidad-estatal-en-autopistas\\\/#breadcrumblist\",\"itemListElement\":[{\"@type\":\"ListItem\",\"@id\":\"https:\\\/\\\/www.eldigitaldeasturias.com\\\/noticias#listItem\",\"position\":1,\"name\":\"Home\",\"item\":\"https:\\\/\\\/www.eldigitaldeasturias.com\\\/noticias\",\"nextItem\":{\"@type\":\"ListItem\",\"@id\":\"https:\\\/\\\/www.eldigitaldeasturias.com\\\/noticias\\\/category\\\/actualidad\\\/#listItem\",\"name\":\"Actualidad\"}},{\"@type\":\"ListItem\",\"@id\":\"https:\\\/\\\/www.eldigitaldeasturias.com\\\/noticias\\\/category\\\/actualidad\\\/#listItem\",\"position\":2,\"name\":\"Actualidad\",\"item\":\"https:\\\/\\\/www.eldigitaldeasturias.com\\\/noticias\\\/category\\\/actualidad\\\/\",\"nextItem\":{\"@type\":\"ListItem\",\"@id\":\"https:\\\/\\\/www.eldigitaldeasturias.com\\\/noticias\\\/las-expropiaciones-se-descontaran-de-la-responsabilidad-estatal-en-autopistas\\\/#listItem\",\"name\":\"Las expropiaciones se descontar\\u00e1n de la responsabilidad estatal en autopistas\"},\"previousItem\":{\"@type\":\"ListItem\",\"@id\":\"https:\\\/\\\/www.eldigitaldeasturias.com\\\/noticias#listItem\",\"name\":\"Home\"}},{\"@type\":\"ListItem\",\"@id\":\"https:\\\/\\\/www.eldigitaldeasturias.com\\\/noticias\\\/las-expropiaciones-se-descontaran-de-la-responsabilidad-estatal-en-autopistas\\\/#listItem\",\"position\":3,\"name\":\"Las expropiaciones se descontar\\u00e1n de la responsabilidad estatal en autopistas\",\"previousItem\":{\"@type\":\"ListItem\",\"@id\":\"https:\\\/\\\/www.eldigitaldeasturias.com\\\/noticias\\\/category\\\/actualidad\\\/#listItem\",\"name\":\"Actualidad\"}}]},{\"@type\":\"Organization\",\"@id\":\"https:\\\/\\\/www.eldigitaldeasturias.com\\\/noticias\\\/#organization\",\"name\":\"El Digital de Asturias\",\"description\":\"Hemeroteca\",\"url\":\"https:\\\/\\\/www.eldigitaldeasturias.com\\\/noticias\\\/\",\"email\":\"info@eldigitaldeasturias.com\",\"telephone\":\"+34652131393\",\"logo\":{\"@type\":\"ImageObject\",\"url\":\"https:\\\/\\\/www.eldigitaldeasturias.com\\\/noticias\\\/wp-content\\\/uploads\\\/2020\\\/12\\\/EDA.jpg\",\"@id\":\"https:\\\/\\\/www.eldigitaldeasturias.com\\\/noticias\\\/las-expropiaciones-se-descontaran-de-la-responsabilidad-estatal-en-autopistas\\\/#organizationLogo\"},\"image\":{\"@id\":\"https:\\\/\\\/www.eldigitaldeasturias.com\\\/noticias\\\/las-expropiaciones-se-descontaran-de-la-responsabilidad-estatal-en-autopistas\\\/#organizationLogo\"},\"sameAs\":[\"https:\\\/\\\/facebook.com\\\/eldigitaldeasturias\",\"https:\\\/\\\/www.youtube.com\\\/channel\\\/UCZP-2wLEB9Rv6erhFmqVnvg\"],\"address\":{\"@id\":\"https:\\\/\\\/www.eldigitaldeasturias.com\\\/noticias\\\/#postaladdress\",\"@type\":\"PostalAddress\",\"streetAddress\":\"san antonio 4\",\"postalCode\":\"33430\",\"addressLocality\":\"Cand\\u00e1s\",\"addressRegion\":\"Asturias\",\"addressCountry\":\"ES\"}},{\"@type\":\"Person\",\"@id\":\"https:\\\/\\\/www.eldigitaldeasturias.com\\\/noticias\\\/author\\\/admin\\\/#author\",\"url\":\"https:\\\/\\\/www.eldigitaldeasturias.com\\\/noticias\\\/author\\\/admin\\\/\",\"name\":\"El Digital de Asturias\",\"image\":{\"@type\":\"ImageObject\",\"@id\":\"https:\\\/\\\/www.eldigitaldeasturias.com\\\/noticias\\\/las-expropiaciones-se-descontaran-de-la-responsabilidad-estatal-en-autopistas\\\/#authorImage\",\"url\":\"https:\\\/\\\/secure.gravatar.com\\\/avatar\\\/df2aeffc32bcd13f8d26072ef8a91b623d677766deac7f97ca815868cd41bf5e?s=96&d=mm&r=g\",\"width\":96,\"height\":96,\"caption\":\"El Digital de Asturias\"}},{\"@type\":\"WebPage\",\"@id\":\"https:\\\/\\\/www.eldigitaldeasturias.com\\\/noticias\\\/las-expropiaciones-se-descontaran-de-la-responsabilidad-estatal-en-autopistas\\\/#webpage\",\"url\":\"https:\\\/\\\/www.eldigitaldeasturias.com\\\/noticias\\\/las-expropiaciones-se-descontaran-de-la-responsabilidad-estatal-en-autopistas\\\/\",\"name\":\"Las expropiaciones se descontar\\u00e1n de la responsabilidad estatal en autopistas - El Digital de Asturias\",\"description\":\"Madrid, 24 ene (EFE).- El Gobierno ha reconocido hoy al Estado la posibilidad de minorar la responsabilidad patrimonial de la Administraci\\u00f3n (RPA) en aquellos supuestos en los que el Estado se vea obligado a hacerse cargo del pago de las expropiaciones de las autopistas de peaje por el impago de la concesionaria en concurso. Seg\\u00fan\",\"inLanguage\":\"es-ES\",\"isPartOf\":{\"@id\":\"https:\\\/\\\/www.eldigitaldeasturias.com\\\/noticias\\\/#website\"},\"breadcrumb\":{\"@id\":\"https:\\\/\\\/www.eldigitaldeasturias.com\\\/noticias\\\/las-expropiaciones-se-descontaran-de-la-responsabilidad-estatal-en-autopistas\\\/#breadcrumblist\"},\"author\":{\"@id\":\"https:\\\/\\\/www.eldigitaldeasturias.com\\\/noticias\\\/author\\\/admin\\\/#author\"},\"creator\":{\"@id\":\"https:\\\/\\\/www.eldigitaldeasturias.com\\\/noticias\\\/author\\\/admin\\\/#author\"},\"image\":{\"@type\":\"ImageObject\",\"url\":\"https:\\\/\\\/www.eldigitaldeasturias.com\\\/noticias\\\/wp-content\\\/uploads\\\/2026\\\/06\\\/Contenidos.jpg\",\"@id\":\"https:\\\/\\\/www.eldigitaldeasturias.com\\\/noticias\\\/las-expropiaciones-se-descontaran-de-la-responsabilidad-estatal-en-autopistas\\\/#mainImage\",\"width\":1265,\"height\":697,\"caption\":\"Contenidos\"},\"primaryImageOfPage\":{\"@id\":\"https:\\\/\\\/www.eldigitaldeasturias.com\\\/noticias\\\/las-expropiaciones-se-descontaran-de-la-responsabilidad-estatal-en-autopistas\\\/#mainImage\"},\"datePublished\":\"2014-01-25T06:31:49+01:00\",\"dateModified\":\"2014-01-25T06:31:49+01:00\"},{\"@type\":\"WebSite\",\"@id\":\"https:\\\/\\\/www.eldigitaldeasturias.com\\\/noticias\\\/#website\",\"url\":\"https:\\\/\\\/www.eldigitaldeasturias.com\\\/noticias\\\/\",\"name\":\"El Digital de Asturias - Diario de actualidad y noticias\",\"alternateName\":\"El Digital de Asturias - Diario de actualidad y noticias\",\"description\":\"Hemeroteca\",\"inLanguage\":\"es-ES\",\"publisher\":{\"@id\":\"https:\\\/\\\/www.eldigitaldeasturias.com\\\/noticias\\\/#organization\"}}]}\n\t\t<\/script>\n\t\t<!-- All in One SEO Pro -->\r\n\t\t<title>Las expropiaciones se descontar\u00e1n de la responsabilidad estatal en autopistas - El Digital de Asturias<\/title>\n\n","aioseo_head_json":{"title":"Las expropiaciones se descontar\u00e1n de la responsabilidad estatal en autopistas - El Digital de Asturias","description":"Madrid, 24 ene (EFE).- El Gobierno ha reconocido hoy al Estado la posibilidad de minorar la responsabilidad patrimonial de la Administraci\u00f3n (RPA) en aquellos supuestos en los que el Estado se vea obligado a hacerse cargo del pago de las expropiaciones de las autopistas de peaje por el impago de la concesionaria en concurso. Seg\u00fan","canonical_url":"https:\/\/www.eldigitaldeasturias.com\/noticias\/las-expropiaciones-se-descontaran-de-la-responsabilidad-estatal-en-autopistas\/","robots":"max-image-preview:large","keywords":"actualidad","webmasterTools":{"google-site-verification":"UA-38556648-1","msvalidate.01":"7dfe9f3f1b24437ab69f4f2559babe99","miscellaneous":""},"schema":{"@context":"https:\/\/schema.org","@graph":[{"@type":"BlogPosting","@id":"https:\/\/www.eldigitaldeasturias.com\/noticias\/las-expropiaciones-se-descontaran-de-la-responsabilidad-estatal-en-autopistas\/#blogposting","name":"Las expropiaciones se descontar\u00e1n de la responsabilidad estatal en autopistas - El Digital de Asturias","headline":"Las expropiaciones se descontar\u00e1n de la responsabilidad estatal en autopistas","author":{"@id":"https:\/\/www.eldigitaldeasturias.com\/noticias\/author\/admin\/#author"},"publisher":{"@id":"https:\/\/www.eldigitaldeasturias.com\/noticias\/#organization"},"image":{"@type":"ImageObject","url":"https:\/\/www.eldigitaldeasturias.com\/noticias\/wp-content\/uploads\/2026\/06\/Contenidos.jpg","width":1265,"height":697,"caption":"Contenidos"},"datePublished":"2014-01-25T06:31:49+01:00","dateModified":"2014-01-25T06:31:49+01:00","inLanguage":"es-ES","mainEntityOfPage":{"@id":"https:\/\/www.eldigitaldeasturias.com\/noticias\/las-expropiaciones-se-descontaran-de-la-responsabilidad-estatal-en-autopistas\/#webpage"},"isPartOf":{"@id":"https:\/\/www.eldigitaldeasturias.com\/noticias\/las-expropiaciones-se-descontaran-de-la-responsabilidad-estatal-en-autopistas\/#webpage"},"articleSection":"Actualidad"},{"@type":"BreadcrumbList","@id":"https:\/\/www.eldigitaldeasturias.com\/noticias\/las-expropiaciones-se-descontaran-de-la-responsabilidad-estatal-en-autopistas\/#breadcrumblist","itemListElement":[{"@type":"ListItem","@id":"https:\/\/www.eldigitaldeasturias.com\/noticias#listItem","position":1,"name":"Home","item":"https:\/\/www.eldigitaldeasturias.com\/noticias","nextItem":{"@type":"ListItem","@id":"https:\/\/www.eldigitaldeasturias.com\/noticias\/category\/actualidad\/#listItem","name":"Actualidad"}},{"@type":"ListItem","@id":"https:\/\/www.eldigitaldeasturias.com\/noticias\/category\/actualidad\/#listItem","position":2,"name":"Actualidad","item":"https:\/\/www.eldigitaldeasturias.com\/noticias\/category\/actualidad\/","nextItem":{"@type":"ListItem","@id":"https:\/\/www.eldigitaldeasturias.com\/noticias\/las-expropiaciones-se-descontaran-de-la-responsabilidad-estatal-en-autopistas\/#listItem","name":"Las expropiaciones se descontar\u00e1n de la responsabilidad estatal en autopistas"},"previousItem":{"@type":"ListItem","@id":"https:\/\/www.eldigitaldeasturias.com\/noticias#listItem","name":"Home"}},{"@type":"ListItem","@id":"https:\/\/www.eldigitaldeasturias.com\/noticias\/las-expropiaciones-se-descontaran-de-la-responsabilidad-estatal-en-autopistas\/#listItem","position":3,"name":"Las expropiaciones se descontar\u00e1n de la responsabilidad estatal en autopistas","previousItem":{"@type":"ListItem","@id":"https:\/\/www.eldigitaldeasturias.com\/noticias\/category\/actualidad\/#listItem","name":"Actualidad"}}]},{"@type":"Organization","@id":"https:\/\/www.eldigitaldeasturias.com\/noticias\/#organization","name":"El Digital de Asturias","description":"Hemeroteca","url":"https:\/\/www.eldigitaldeasturias.com\/noticias\/","email":"info@eldigitaldeasturias.com","telephone":"+34652131393","logo":{"@type":"ImageObject","url":"https:\/\/www.eldigitaldeasturias.com\/noticias\/wp-content\/uploads\/2020\/12\/EDA.jpg","@id":"https:\/\/www.eldigitaldeasturias.com\/noticias\/las-expropiaciones-se-descontaran-de-la-responsabilidad-estatal-en-autopistas\/#organizationLogo"},"image":{"@id":"https:\/\/www.eldigitaldeasturias.com\/noticias\/las-expropiaciones-se-descontaran-de-la-responsabilidad-estatal-en-autopistas\/#organizationLogo"},"sameAs":["https:\/\/facebook.com\/eldigitaldeasturias","https:\/\/www.youtube.com\/channel\/UCZP-2wLEB9Rv6erhFmqVnvg"],"address":{"@id":"https:\/\/www.eldigitaldeasturias.com\/noticias\/#postaladdress","@type":"PostalAddress","streetAddress":"san antonio 4","postalCode":"33430","addressLocality":"Cand\u00e1s","addressRegion":"Asturias","addressCountry":"ES"}},{"@type":"Person","@id":"https:\/\/www.eldigitaldeasturias.com\/noticias\/author\/admin\/#author","url":"https:\/\/www.eldigitaldeasturias.com\/noticias\/author\/admin\/","name":"El Digital de Asturias","image":{"@type":"ImageObject","@id":"https:\/\/www.eldigitaldeasturias.com\/noticias\/las-expropiaciones-se-descontaran-de-la-responsabilidad-estatal-en-autopistas\/#authorImage","url":"https:\/\/secure.gravatar.com\/avatar\/df2aeffc32bcd13f8d26072ef8a91b623d677766deac7f97ca815868cd41bf5e?s=96&d=mm&r=g","width":96,"height":96,"caption":"El Digital de Asturias"}},{"@type":"WebPage","@id":"https:\/\/www.eldigitaldeasturias.com\/noticias\/las-expropiaciones-se-descontaran-de-la-responsabilidad-estatal-en-autopistas\/#webpage","url":"https:\/\/www.eldigitaldeasturias.com\/noticias\/las-expropiaciones-se-descontaran-de-la-responsabilidad-estatal-en-autopistas\/","name":"Las expropiaciones se descontar\u00e1n de la responsabilidad estatal en autopistas - El Digital de Asturias","description":"Madrid, 24 ene (EFE).- El Gobierno ha reconocido hoy al Estado la posibilidad de minorar la responsabilidad patrimonial de la Administraci\u00f3n (RPA) en aquellos supuestos en los que el Estado se vea obligado a hacerse cargo del pago de las expropiaciones de las autopistas de peaje por el impago de la concesionaria en concurso. Seg\u00fan","inLanguage":"es-ES","isPartOf":{"@id":"https:\/\/www.eldigitaldeasturias.com\/noticias\/#website"},"breadcrumb":{"@id":"https:\/\/www.eldigitaldeasturias.com\/noticias\/las-expropiaciones-se-descontaran-de-la-responsabilidad-estatal-en-autopistas\/#breadcrumblist"},"author":{"@id":"https:\/\/www.eldigitaldeasturias.com\/noticias\/author\/admin\/#author"},"creator":{"@id":"https:\/\/www.eldigitaldeasturias.com\/noticias\/author\/admin\/#author"},"image":{"@type":"ImageObject","url":"https:\/\/www.eldigitaldeasturias.com\/noticias\/wp-content\/uploads\/2026\/06\/Contenidos.jpg","@id":"https:\/\/www.eldigitaldeasturias.com\/noticias\/las-expropiaciones-se-descontaran-de-la-responsabilidad-estatal-en-autopistas\/#mainImage","width":1265,"height":697,"caption":"Contenidos"},"primaryImageOfPage":{"@id":"https:\/\/www.eldigitaldeasturias.com\/noticias\/las-expropiaciones-se-descontaran-de-la-responsabilidad-estatal-en-autopistas\/#mainImage"},"datePublished":"2014-01-25T06:31:49+01:00","dateModified":"2014-01-25T06:31:49+01:00"},{"@type":"WebSite","@id":"https:\/\/www.eldigitaldeasturias.com\/noticias\/#website","url":"https:\/\/www.eldigitaldeasturias.com\/noticias\/","name":"El Digital de Asturias - Diario de actualidad y noticias","alternateName":"El Digital de Asturias - Diario de actualidad y noticias","description":"Hemeroteca","inLanguage":"es-ES","publisher":{"@id":"https:\/\/www.eldigitaldeasturias.com\/noticias\/#organization"}}]},"og:locale":"es_ES","og:site_name":"El Digital de Asturias","og:type":"article","og:title":"Las expropiaciones se descontar\u00e1n de la responsabilidad estatal en autopistas - El Digital de Asturias","og:description":"Madrid, 24 ene (EFE).- El Gobierno ha reconocido hoy al Estado la posibilidad de minorar la responsabilidad patrimonial de la Administraci\u00f3n (RPA) en aquellos supuestos en los que el Estado se vea obligado a hacerse cargo del pago de las expropiaciones de las autopistas de peaje por el impago de la concesionaria en concurso. Seg\u00fan","og:url":"https:\/\/www.eldigitaldeasturias.com\/noticias\/las-expropiaciones-se-descontaran-de-la-responsabilidad-estatal-en-autopistas\/","og:image":"https:\/\/www.eldigitaldeasturias.com\/noticias\/wp-content\/uploads\/2026\/06\/Contenidos.jpg","og:image:secure_url":"https:\/\/www.eldigitaldeasturias.com\/noticias\/wp-content\/uploads\/2026\/06\/Contenidos.jpg","og:image:width":1265,"og:image:height":697,"article:tag":["actualidad"],"article:published_time":"2014-01-25T07:31:49+00:00","article:modified_time":"2014-01-25T07:31:49+00:00","article:publisher":"https:\/\/facebook.com\/eldigitaldeasturias","twitter:card":"summary_large_image","twitter:title":"Las expropiaciones se descontar\u00e1n de la responsabilidad estatal en autopistas - El Digital de Asturias","twitter:description":"Madrid, 24 ene (EFE).- El Gobierno ha reconocido hoy al Estado la posibilidad de minorar la responsabilidad patrimonial de la Administraci\u00f3n (RPA) en aquellos supuestos en los que el Estado se vea obligado a hacerse cargo del pago de las expropiaciones de las autopistas de peaje por el impago de la concesionaria en concurso. Seg\u00fan","twitter:image":"https:\/\/www.eldigitaldeasturias.com\/noticias\/wp-content\/uploads\/2026\/06\/Contenidos.jpg","twitter:label1":"Escrito por","twitter:data1":"El Digital de Asturias","twitter:label2":"Tiempo de lectura estimado","twitter:data2":"2 minutos"},"aioseo_meta_data":{"post_id":"478478","title":null,"description":null,"keywords":null,"keyphrases":null,"primary_term":null,"canonical_url":null,"og_title":null,"og_description":null,"og_object_type":"default","og_image_type":"default","og_image_url":null,"og_image_width":null,"og_image_height":null,"og_image_custom_url":null,"og_image_custom_fields":null,"og_video":null,"og_custom_url":null,"og_article_section":null,"og_article_tags":null,"twitter_use_og":true,"twitter_card":"default","twitter_image_type":"default","twitter_image_url":null,"twitter_image_custom_url":null,"twitter_image_custom_fields":null,"twitter_title":null,"twitter_description":null,"schema":{"blockGraphs":[],"customGraphs":[],"default":{"data":{"Article":[],"Course":[],"Dataset":[],"FAQPage":[],"Movie":[],"Person":[],"Product":[],"ProductReview":[],"Car":[],"Recipe":[],"Service":[],"SoftwareApplication":[],"WebPage":[]},"graphName":"","isEnabled":true},"graphs":[],"defaultGraph":"","defaultPostTypeGraph":""},"schema_type":null,"schema_type_options":null,"pillar_content":false,"robots_default":true,"robots_noindex":false,"robots_noarchive":false,"robots_nosnippet":false,"robots_nofollow":false,"robots_noimageindex":false,"robots_noodp":false,"robots_notranslate":false,"robots_max_snippet":null,"robots_max_videopreview":null,"robots_max_imagepreview":"none","priority":null,"frequency":null,"local_seo":null,"seo_analyzer_scan_date":"2026-06-01 21:40:56","breadcrumb_settings":null,"limit_modified_date":false,"open_ai":null,"ai":null,"created":"2020-11-14 22:53:56","updated":"2026-06-01 21:40:56","focus_keyword":null,"additional_keywords":null,"truseo_locale":null},"aioseo_breadcrumb":"<div class=\"aioseo-breadcrumbs\"><span class=\"aioseo-breadcrumb\">\n\t<a href=\"https:\/\/www.eldigitaldeasturias.com\/noticias\" title=\"Home\">Home<\/a>\n<\/span><span class=\"aioseo-breadcrumb-separator\">\u2013<\/span><span class=\"aioseo-breadcrumb\">\n\t<a href=\"https:\/\/www.eldigitaldeasturias.com\/noticias\/category\/actualidad\/\" title=\"Actualidad\">Actualidad<\/a>\n<\/span><span class=\"aioseo-breadcrumb-separator\">\u2013<\/span><span class=\"aioseo-breadcrumb\">\n\t<a href=\"https:\/\/www.eldigitaldeasturias.com\/noticias\/las-expropiaciones-se-descontaran-de-la-responsabilidad-estatal-en-autopistas\/\" title=\"Las expropiaciones se descontar\u00e1n de la responsabilidad estatal en autopistas\">Las expropiaciones se descontar\u00e1n de la responsabilidad estatal en autopistas<\/a>\n<\/span><\/div>","aioseo_breadcrumb_json":[{"label":"Home","link":"https:\/\/www.eldigitaldeasturias.com\/noticias"},{"label":"Actualidad","link":"https:\/\/www.eldigitaldeasturias.com\/noticias\/category\/actualidad\/"},{"label":"Las expropiaciones se descontar\u00e1n de la responsabilidad estatal en autopistas","link":"https:\/\/www.eldigitaldeasturias.com\/noticias\/las-expropiaciones-se-descontaran-de-la-responsabilidad-estatal-en-autopistas\/"}],"_links":{"self":[{"href":"https:\/\/www.eldigitaldeasturias.com\/noticias\/wp-json\/wp\/v2\/posts\/478478","targetHints":{"allow":["GET"]}}],"collection":[{"href":"https:\/\/www.eldigitaldeasturias.com\/noticias\/wp-json\/wp\/v2\/posts"}],"about":[{"href":"https:\/\/www.eldigitaldeasturias.com\/noticias\/wp-json\/wp\/v2\/types\/post"}],"author":[{"embeddable":true,"href":"https:\/\/www.eldigitaldeasturias.com\/noticias\/wp-json\/wp\/v2\/users\/1"}],"replies":[{"embeddable":true,"href":"https:\/\/www.eldigitaldeasturias.com\/noticias\/wp-json\/wp\/v2\/comments?post=478478"}],"version-history":[{"count":0,"href":"https:\/\/www.eldigitaldeasturias.com\/noticias\/wp-json\/wp\/v2\/posts\/478478\/revisions"}],"wp:featuredmedia":[{"embeddable":true,"href":"https:\/\/www.eldigitaldeasturias.com\/noticias\/wp-json\/wp\/v2\/media\/1132184"}],"wp:attachment":[{"href":"https:\/\/www.eldigitaldeasturias.com\/noticias\/wp-json\/wp\/v2\/media?parent=478478"}],"wp:term":[{"taxonomy":"category","embeddable":true,"href":"https:\/\/www.eldigitaldeasturias.com\/noticias\/wp-json\/wp\/v2\/categories?post=478478"},{"taxonomy":"post_tag","embeddable":true,"href":"https:\/\/www.eldigitaldeasturias.com\/noticias\/wp-json\/wp\/v2\/tags?post=478478"}],"curies":[{"name":"wp","href":"https:\/\/api.w.org\/{rel}","templated":true}]}}