{"id":478469,"date":"2014-01-25T06:23:13","date_gmt":"2014-01-25T07:23:13","guid":{"rendered":"http:\/\/www.eldigitaldeasturias.com\/noticias\/?p=478469"},"modified":"2014-01-25T06:23:13","modified_gmt":"2014-01-25T07:23:13","slug":"ciudadania-la-asignatura-mas-polemica-sobrevivira-hasta-2016","status":"publish","type":"post","link":"https:\/\/www.eldigitaldeasturias.com\/noticias\/ciudadania-la-asignatura-mas-polemica-sobrevivira-hasta-2016\/","title":{"rendered":"Ciudadan\u00eda, la asignatura m\u00e1s pol\u00e9mica, sobrevivir\u00e1 hasta 2016"},"content":{"rendered":"<p><img loading=\"lazy\" decoding=\"async\" class=\"alignleft size-medium wp-image-478470\" alt=\"5873581w\" src=\"https:\/\/www.eldigitaldeasturias.com\/noticias\/wp-content\/uploads\/2014\/01\/5873581w-360x239.jpg\" width=\"360\" height=\"239\" \/>Madrid, 24 ene (EFE).- Ensalzada y criticada, siempre controvertida, Educaci\u00f3n para la Ciudadan\u00eda (EpC), con sus variantes, dejar\u00e1 de estudiarse poco a poco hasta desaparecer completamente a mediados de 2016 en virtud de la reforma educativa promovida por el PP.<\/p>\n<p>Hasta entonces, convivir\u00e1n alumnos que sigan estudi\u00e1ndola -con temarios reformados por el Ministerio de Educaci\u00f3n en 2012- y otros que ya no la cursen en funci\u00f3n del calendario de la Ley para la Mejora de la Calidad Educativa (Lomce), donde queda suprimida totalmente.<\/p>\n<p>Fue la novedad m\u00e1s pol\u00e9mica de la Ley Org\u00e1nica de Educaci\u00f3n (2006), aprobada cuando gobernaba Jos\u00e9 Luis Rodr\u00edguez Zapatero.<\/p>\n<p>Desencaden\u00f3 un debate social y pol\u00edtico creciente desde que el gobierno socialista propusiera, en septiembre de 2004, una nueva materia com\u00fan y obligatoria de educaci\u00f3n en valores.<\/p>\n<p>Entre los defensores, la Fundaci\u00f3n Cives destaca que es \u00abacertada\u00bb, recomendada por el Consejo de Europa y generalizada en el continente; entre los detractores, Profesionales por la \u00c9tica ha sido palad\u00edn de las familias opuestas.<\/p>\n<p>Se implant\u00f3 desde el curso 2007-2008 en quinto o sexto de Primaria y uno de los tres primeros cursos de ESO -seg\u00fan decidiera cada administraci\u00f3n- como Educaci\u00f3n para la Ciudadan\u00eda y los Derechos Humanos.<\/p>\n<p>Tomaba el nombre de Educaci\u00f3n \u00c9tico-C\u00edvica en cuarto de ESO; y de Filosof\u00eda y Ciudadan\u00eda en primero de Bachillerato.<\/p>\n<p>Ser\u00e1 en el curso 2016-2017 cuando desaparezca totalmente al empezar los nuevos planes de estudio de segundo y cuarto de ESO.<\/p>\n<p>Pero \u00abparece l\u00f3gico\u00bb que hubiera desaparecido completamente el curso pr\u00f3ximo si el gobierno actual consideraba que es una asignatura \u00abideol\u00f3gica\u00bb, seg\u00fan indica a Efe el presidente de Profesionales, Jaime Urcelay, para quien la supresi\u00f3n es \u00abun paso adelante en la recuperaci\u00f3n de espacios de libertad en la escuela\u00bb.<\/p>\n<p>La materia trataba temas como la dignidad humana, la Constituci\u00f3n, las instituciones democr\u00e1ticas, los derechos y deberes ciudadanos; y la familia, el amor y la sexualidad.<\/p>\n<p>Estos \u00faltimos puntos fueron los que m\u00e1s polvareda levantaron, con la oposici\u00f3n del PP (que se propuso eliminarla cuando gobernara), sectores educativos y la Conferencia Episcopal por creer que eran una intromisi\u00f3n estatal en la formaci\u00f3n moral de los hijos.<\/p>\n<p>Fue una campa\u00f1a \u00abrealmente dura\u00bb, con una \u00abuna gran violencia verbal\u00bb por parte de organizaciones \u00abmuy conservadoras\u00bb, recuerda a Efe el presidente de Cives, Victorino Mayoral.<\/p>\n<p>El Gobierno, a propuesta del ministro Jos\u00e9 Ignacio Wert, modific\u00f3 el curr\u00edculo m\u00ednimo para \u00absuprimir las cuestiones controvertidas y susceptibles de caer en el adoctrinamiento ideol\u00f3gico\u00bb y anunci\u00f3 que la formaci\u00f3n en valores ser\u00eda transversal.<\/p>\n<p>En junio de 2012, el comisario de Derechos Humanos del Consejo de Europa, Nils Muiznieks, alert\u00f3 del riesgo de que se diluyeran los contenidos al desaparecer la asignatura.<\/p>\n<p>El malestar con EpC se concret\u00f3 en 50.000 objeciones de padres, seg\u00fan algunos sectores, y un reguero de demandas judiciales y de sentencias dispares.<\/p>\n<p>El Tribunal Supremo dictamin\u00f3 en 2009 que no cab\u00eda la objeci\u00f3n porque los contenidos no lesionaban los derechos de los padres; faltan por resolver cuatro recursos de amparo en el Constitucional y una demanda de 400 familias en el Tribunal Europeo de Derechos Humanos.<\/p>\n<p>Piensa Mayoral, exdiputado socialista, que ya que no hubo el consenso necesario, se pod\u00edan haber seguido las sentencias del Supremo, \u00abque han quedado radicalmente olvidadas\u00bb.<\/p>\n<p>Argumenta que EpC ha sido \u00abpositiva\u00bb como promotora de sociedades \u00abcohesionadas, participativas y de ciudadan\u00eda activa\u00bb.<\/p>\n<p>Defiende que no se adoctrine, pero s\u00ed educar en el pluralismo: \u00abEl profesor, ante los temas controvertidos, no tiene que ocultarlos, sino explicar las distintas posiciones sin tomar parte para que el alumno forme su juicio\u00bb.<\/p>\n<p>Profesionales reconoce que ha ca\u00eddo la conflictividad, pero habla del \u00abda\u00f1o\u00bb para los objetores con la asignatura suspensa, pues les ha perjudicado en las medias acad\u00e9micas, aunque apenas hay alumnos que no hayan podido titularse.<\/p>\n<p>Su presidente reclama al Ministerio que \u00abdesaparezca\u00bb el suspenso del expediente porque se debe a una situaci\u00f3n \u00aban\u00f3mala e injusta\u00bb, algo que podr\u00eda haberse \u00absolucionado\u00bb en la Lomce.<\/p>\n<p>Urcelay teme que la nueva asignatura de valores alternativa a la Religi\u00f3n sirva para el \u00abmismo experimento ideol\u00f3gico\u00bb en \u00abalgunas comunidades\u00bb.<\/p>\n<p>Cives entiende que esa alternativa es volver a la \u00abfragmentaci\u00f3n\u00bb de los escolares, algo \u00abdesaconsejado por el Consejo de Europa\u00bb.<\/p>\n<p>Jes\u00fas Lozano.<\/p>\n","protected":false},"excerpt":{"rendered":"<p>Madrid, 24 ene (EFE).- Ensalzada y criticada, siempre controvertida, Educaci\u00f3n para la Ciudadan\u00eda (EpC), con sus variantes, dejar\u00e1 de estudiarse poco a poco hasta desaparecer completamente a mediados de 2016 en virtud de la reforma educativa promovida por el PP. Hasta entonces, convivir\u00e1n alumnos que sigan estudi\u00e1ndola -con temarios reformados por el Ministerio de Educaci\u00f3n [&hellip;]<\/p>\n","protected":false},"author":1,"featured_media":1132184,"comment_status":"closed","ping_status":"open","sticky":false,"template":"","format":"standard","meta":{"footnotes":""},"categories":[1],"tags":[],"class_list":["post-478469","post","type-post","status-publish","format-standard","has-post-thumbnail","hentry","category-actualidad"],"aioseo_notices":[],"aioseo_head":"\n\t\t<!-- All in One SEO Pro 5.0.1 - aioseo.com -->\n\t<meta name=\"description\" content=\"Madrid, 24 ene (EFE).- Ensalzada y criticada, siempre controvertida, Educaci\u00f3n para la Ciudadan\u00eda (EpC), con sus variantes, dejar\u00e1 de estudiarse poco a poco hasta desaparecer completamente a mediados de 2016 en virtud de la reforma educativa promovida por el PP. Hasta entonces, convivir\u00e1n alumnos que sigan estudi\u00e1ndola -con temarios reformados por el Ministerio de Educaci\u00f3n\" \/>\n\t<meta name=\"robots\" content=\"max-image-preview:large\" \/>\n\t<meta name=\"author\" content=\"El Digital de Asturias\"\/>\n\t<meta name=\"google-site-verification\" content=\"UA-38556648-1\" \/>\n\t<meta name=\"msvalidate.01\" content=\"7dfe9f3f1b24437ab69f4f2559babe99\" \/>\n\t<meta name=\"keywords\" content=\"actualidad\" \/>\n\t<link rel=\"canonical\" href=\"https:\/\/www.eldigitaldeasturias.com\/noticias\/ciudadania-la-asignatura-mas-polemica-sobrevivira-hasta-2016\/\" \/>\n\t<meta name=\"generator\" content=\"All in One SEO Pro (AIOSEO) 5.0.1\" \/>\n\t\t<meta property=\"og:locale\" content=\"es_ES\" \/>\n\t\t<meta property=\"og:site_name\" content=\"El Digital de Asturias\" \/>\n\t\t<meta property=\"og:type\" content=\"article\" \/>\n\t\t<meta property=\"og:title\" content=\"Ciudadan\u00eda, la asignatura m\u00e1s pol\u00e9mica, sobrevivir\u00e1 hasta 2016 - El Digital de Asturias\" \/>\n\t\t<meta property=\"og:description\" content=\"Madrid, 24 ene (EFE).- Ensalzada y criticada, siempre controvertida, Educaci\u00f3n para la Ciudadan\u00eda (EpC), con sus variantes, dejar\u00e1 de estudiarse poco a poco hasta desaparecer completamente a mediados de 2016 en virtud de la reforma educativa promovida por el PP. Hasta entonces, convivir\u00e1n alumnos que sigan estudi\u00e1ndola -con temarios reformados por el Ministerio de Educaci\u00f3n\" \/>\n\t\t<meta property=\"og:url\" content=\"https:\/\/www.eldigitaldeasturias.com\/noticias\/ciudadania-la-asignatura-mas-polemica-sobrevivira-hasta-2016\/\" \/>\n\t\t<meta property=\"og:image\" content=\"https:\/\/www.eldigitaldeasturias.com\/noticias\/wp-content\/uploads\/2026\/06\/Contenidos.jpg\" \/>\n\t\t<meta property=\"og:image:secure_url\" content=\"https:\/\/www.eldigitaldeasturias.com\/noticias\/wp-content\/uploads\/2026\/06\/Contenidos.jpg\" \/>\n\t\t<meta property=\"og:image:width\" content=\"1265\" \/>\n\t\t<meta property=\"og:image:height\" content=\"697\" \/>\n\t\t<meta property=\"article:tag\" content=\"actualidad\" \/>\n\t\t<meta property=\"article:published_time\" content=\"2014-01-25T07:23:13+00:00\" \/>\n\t\t<meta property=\"article:modified_time\" content=\"2014-01-25T07:23:13+00:00\" \/>\n\t\t<meta property=\"article:publisher\" content=\"https:\/\/facebook.com\/eldigitaldeasturias\" \/>\n\t\t<meta name=\"twitter:card\" content=\"summary_large_image\" \/>\n\t\t<meta name=\"twitter:title\" content=\"Ciudadan\u00eda, la asignatura m\u00e1s pol\u00e9mica, sobrevivir\u00e1 hasta 2016 - El Digital de Asturias\" \/>\n\t\t<meta name=\"twitter:description\" content=\"Madrid, 24 ene (EFE).- Ensalzada y criticada, siempre controvertida, Educaci\u00f3n para la Ciudadan\u00eda (EpC), con sus variantes, dejar\u00e1 de estudiarse poco a poco hasta desaparecer completamente a mediados de 2016 en virtud de la reforma educativa promovida por el PP. Hasta entonces, convivir\u00e1n alumnos que sigan estudi\u00e1ndola -con temarios reformados por el Ministerio de Educaci\u00f3n\" \/>\n\t\t<meta name=\"twitter:image\" content=\"https:\/\/www.eldigitaldeasturias.com\/noticias\/wp-content\/uploads\/2026\/06\/Contenidos.jpg\" \/>\n\t\t<meta name=\"twitter:label1\" content=\"Escrito por\" \/>\n\t\t<meta name=\"twitter:data1\" content=\"El Digital de Asturias\" \/>\n\t\t<meta name=\"twitter:label2\" content=\"Tiempo de lectura estimado\" \/>\n\t\t<meta name=\"twitter:data2\" content=\"4 minutos\" \/>\n\t\t<script type=\"application\/ld+json\" class=\"aioseo-schema\">\n\t\t\t{\"@context\":\"https:\\\/\\\/schema.org\",\"@graph\":[{\"@type\":\"BlogPosting\",\"@id\":\"https:\\\/\\\/www.eldigitaldeasturias.com\\\/noticias\\\/ciudadania-la-asignatura-mas-polemica-sobrevivira-hasta-2016\\\/#blogposting\",\"name\":\"Ciudadan\\u00eda, la asignatura m\\u00e1s pol\\u00e9mica, sobrevivir\\u00e1 hasta 2016 - El Digital de Asturias\",\"headline\":\"Ciudadan\\u00eda, la asignatura m\\u00e1s pol\\u00e9mica, sobrevivir\\u00e1 hasta 2016\",\"author\":{\"@id\":\"https:\\\/\\\/www.eldigitaldeasturias.com\\\/noticias\\\/author\\\/admin\\\/#author\"},\"publisher\":{\"@id\":\"https:\\\/\\\/www.eldigitaldeasturias.com\\\/noticias\\\/#organization\"},\"image\":{\"@type\":\"ImageObject\",\"url\":\"https:\\\/\\\/www.eldigitaldeasturias.com\\\/noticias\\\/wp-content\\\/uploads\\\/2026\\\/06\\\/Contenidos.jpg\",\"width\":1265,\"height\":697,\"caption\":\"Contenidos\"},\"datePublished\":\"2014-01-25T06:23:13+01:00\",\"dateModified\":\"2014-01-25T06:23:13+01:00\",\"inLanguage\":\"es-ES\",\"mainEntityOfPage\":{\"@id\":\"https:\\\/\\\/www.eldigitaldeasturias.com\\\/noticias\\\/ciudadania-la-asignatura-mas-polemica-sobrevivira-hasta-2016\\\/#webpage\"},\"isPartOf\":{\"@id\":\"https:\\\/\\\/www.eldigitaldeasturias.com\\\/noticias\\\/ciudadania-la-asignatura-mas-polemica-sobrevivira-hasta-2016\\\/#webpage\"},\"articleSection\":\"Actualidad\"},{\"@type\":\"BreadcrumbList\",\"@id\":\"https:\\\/\\\/www.eldigitaldeasturias.com\\\/noticias\\\/ciudadania-la-asignatura-mas-polemica-sobrevivira-hasta-2016\\\/#breadcrumblist\",\"itemListElement\":[{\"@type\":\"ListItem\",\"@id\":\"https:\\\/\\\/www.eldigitaldeasturias.com\\\/noticias#listItem\",\"position\":1,\"name\":\"Home\",\"item\":\"https:\\\/\\\/www.eldigitaldeasturias.com\\\/noticias\",\"nextItem\":{\"@type\":\"ListItem\",\"@id\":\"https:\\\/\\\/www.eldigitaldeasturias.com\\\/noticias\\\/category\\\/actualidad\\\/#listItem\",\"name\":\"Actualidad\"}},{\"@type\":\"ListItem\",\"@id\":\"https:\\\/\\\/www.eldigitaldeasturias.com\\\/noticias\\\/category\\\/actualidad\\\/#listItem\",\"position\":2,\"name\":\"Actualidad\",\"item\":\"https:\\\/\\\/www.eldigitaldeasturias.com\\\/noticias\\\/category\\\/actualidad\\\/\",\"nextItem\":{\"@type\":\"ListItem\",\"@id\":\"https:\\\/\\\/www.eldigitaldeasturias.com\\\/noticias\\\/ciudadania-la-asignatura-mas-polemica-sobrevivira-hasta-2016\\\/#listItem\",\"name\":\"Ciudadan\\u00eda, la asignatura m\\u00e1s pol\\u00e9mica, sobrevivir\\u00e1 hasta 2016\"},\"previousItem\":{\"@type\":\"ListItem\",\"@id\":\"https:\\\/\\\/www.eldigitaldeasturias.com\\\/noticias#listItem\",\"name\":\"Home\"}},{\"@type\":\"ListItem\",\"@id\":\"https:\\\/\\\/www.eldigitaldeasturias.com\\\/noticias\\\/ciudadania-la-asignatura-mas-polemica-sobrevivira-hasta-2016\\\/#listItem\",\"position\":3,\"name\":\"Ciudadan\\u00eda, la asignatura m\\u00e1s pol\\u00e9mica, sobrevivir\\u00e1 hasta 2016\",\"previousItem\":{\"@type\":\"ListItem\",\"@id\":\"https:\\\/\\\/www.eldigitaldeasturias.com\\\/noticias\\\/category\\\/actualidad\\\/#listItem\",\"name\":\"Actualidad\"}}]},{\"@type\":\"Organization\",\"@id\":\"https:\\\/\\\/www.eldigitaldeasturias.com\\\/noticias\\\/#organization\",\"name\":\"El Digital de Asturias\",\"description\":\"Hemeroteca\",\"url\":\"https:\\\/\\\/www.eldigitaldeasturias.com\\\/noticias\\\/\",\"email\":\"info@eldigitaldeasturias.com\",\"telephone\":\"+34652131393\",\"logo\":{\"@type\":\"ImageObject\",\"url\":\"https:\\\/\\\/www.eldigitaldeasturias.com\\\/noticias\\\/wp-content\\\/uploads\\\/2020\\\/12\\\/EDA.jpg\",\"@id\":\"https:\\\/\\\/www.eldigitaldeasturias.com\\\/noticias\\\/ciudadania-la-asignatura-mas-polemica-sobrevivira-hasta-2016\\\/#organizationLogo\"},\"image\":{\"@id\":\"https:\\\/\\\/www.eldigitaldeasturias.com\\\/noticias\\\/ciudadania-la-asignatura-mas-polemica-sobrevivira-hasta-2016\\\/#organizationLogo\"},\"sameAs\":[\"https:\\\/\\\/facebook.com\\\/eldigitaldeasturias\",\"https:\\\/\\\/www.youtube.com\\\/channel\\\/UCZP-2wLEB9Rv6erhFmqVnvg\"],\"address\":{\"@id\":\"https:\\\/\\\/www.eldigitaldeasturias.com\\\/noticias\\\/#postaladdress\",\"@type\":\"PostalAddress\",\"streetAddress\":\"san antonio 4\",\"postalCode\":\"33430\",\"addressLocality\":\"Cand\\u00e1s\",\"addressRegion\":\"Asturias\",\"addressCountry\":\"ES\"}},{\"@type\":\"Person\",\"@id\":\"https:\\\/\\\/www.eldigitaldeasturias.com\\\/noticias\\\/author\\\/admin\\\/#author\",\"url\":\"https:\\\/\\\/www.eldigitaldeasturias.com\\\/noticias\\\/author\\\/admin\\\/\",\"name\":\"El Digital de Asturias\",\"image\":{\"@type\":\"ImageObject\",\"@id\":\"https:\\\/\\\/www.eldigitaldeasturias.com\\\/noticias\\\/ciudadania-la-asignatura-mas-polemica-sobrevivira-hasta-2016\\\/#authorImage\",\"url\":\"https:\\\/\\\/secure.gravatar.com\\\/avatar\\\/df2aeffc32bcd13f8d26072ef8a91b623d677766deac7f97ca815868cd41bf5e?s=96&d=mm&r=g\",\"width\":96,\"height\":96,\"caption\":\"El Digital de Asturias\"}},{\"@type\":\"WebPage\",\"@id\":\"https:\\\/\\\/www.eldigitaldeasturias.com\\\/noticias\\\/ciudadania-la-asignatura-mas-polemica-sobrevivira-hasta-2016\\\/#webpage\",\"url\":\"https:\\\/\\\/www.eldigitaldeasturias.com\\\/noticias\\\/ciudadania-la-asignatura-mas-polemica-sobrevivira-hasta-2016\\\/\",\"name\":\"Ciudadan\\u00eda, la asignatura m\\u00e1s pol\\u00e9mica, sobrevivir\\u00e1 hasta 2016 - El Digital de Asturias\",\"description\":\"Madrid, 24 ene (EFE).- Ensalzada y criticada, siempre controvertida, Educaci\\u00f3n para la Ciudadan\\u00eda (EpC), con sus variantes, dejar\\u00e1 de estudiarse poco a poco hasta desaparecer completamente a mediados de 2016 en virtud de la reforma educativa promovida por el PP. Hasta entonces, convivir\\u00e1n alumnos que sigan estudi\\u00e1ndola -con temarios reformados por el Ministerio de Educaci\\u00f3n\",\"inLanguage\":\"es-ES\",\"isPartOf\":{\"@id\":\"https:\\\/\\\/www.eldigitaldeasturias.com\\\/noticias\\\/#website\"},\"breadcrumb\":{\"@id\":\"https:\\\/\\\/www.eldigitaldeasturias.com\\\/noticias\\\/ciudadania-la-asignatura-mas-polemica-sobrevivira-hasta-2016\\\/#breadcrumblist\"},\"author\":{\"@id\":\"https:\\\/\\\/www.eldigitaldeasturias.com\\\/noticias\\\/author\\\/admin\\\/#author\"},\"creator\":{\"@id\":\"https:\\\/\\\/www.eldigitaldeasturias.com\\\/noticias\\\/author\\\/admin\\\/#author\"},\"image\":{\"@type\":\"ImageObject\",\"url\":\"https:\\\/\\\/www.eldigitaldeasturias.com\\\/noticias\\\/wp-content\\\/uploads\\\/2026\\\/06\\\/Contenidos.jpg\",\"@id\":\"https:\\\/\\\/www.eldigitaldeasturias.com\\\/noticias\\\/ciudadania-la-asignatura-mas-polemica-sobrevivira-hasta-2016\\\/#mainImage\",\"width\":1265,\"height\":697,\"caption\":\"Contenidos\"},\"primaryImageOfPage\":{\"@id\":\"https:\\\/\\\/www.eldigitaldeasturias.com\\\/noticias\\\/ciudadania-la-asignatura-mas-polemica-sobrevivira-hasta-2016\\\/#mainImage\"},\"datePublished\":\"2014-01-25T06:23:13+01:00\",\"dateModified\":\"2014-01-25T06:23:13+01:00\"},{\"@type\":\"WebSite\",\"@id\":\"https:\\\/\\\/www.eldigitaldeasturias.com\\\/noticias\\\/#website\",\"url\":\"https:\\\/\\\/www.eldigitaldeasturias.com\\\/noticias\\\/\",\"name\":\"El Digital de Asturias - Diario de actualidad y noticias\",\"alternateName\":\"El Digital de Asturias - Diario de actualidad y noticias\",\"description\":\"Hemeroteca\",\"inLanguage\":\"es-ES\",\"publisher\":{\"@id\":\"https:\\\/\\\/www.eldigitaldeasturias.com\\\/noticias\\\/#organization\"}}]}\n\t\t<\/script>\n\t\t<!-- All in One SEO Pro -->\r\n\t\t<title>Ciudadan\u00eda, la asignatura m\u00e1s pol\u00e9mica, sobrevivir\u00e1 hasta 2016 - El Digital de Asturias<\/title>\n\n","aioseo_head_json":{"title":"Ciudadan\u00eda, la asignatura m\u00e1s pol\u00e9mica, sobrevivir\u00e1 hasta 2016 - El Digital de Asturias","description":"Madrid, 24 ene (EFE).- Ensalzada y criticada, siempre controvertida, Educaci\u00f3n para la Ciudadan\u00eda (EpC), con sus variantes, dejar\u00e1 de estudiarse poco a poco hasta desaparecer completamente a mediados de 2016 en virtud de la reforma educativa promovida por el PP. Hasta entonces, convivir\u00e1n alumnos que sigan estudi\u00e1ndola -con temarios reformados por el Ministerio de Educaci\u00f3n","canonical_url":"https:\/\/www.eldigitaldeasturias.com\/noticias\/ciudadania-la-asignatura-mas-polemica-sobrevivira-hasta-2016\/","robots":"max-image-preview:large","keywords":"actualidad","webmasterTools":{"google-site-verification":"UA-38556648-1","msvalidate.01":"7dfe9f3f1b24437ab69f4f2559babe99","miscellaneous":""},"schema":{"@context":"https:\/\/schema.org","@graph":[{"@type":"BlogPosting","@id":"https:\/\/www.eldigitaldeasturias.com\/noticias\/ciudadania-la-asignatura-mas-polemica-sobrevivira-hasta-2016\/#blogposting","name":"Ciudadan\u00eda, la asignatura m\u00e1s pol\u00e9mica, sobrevivir\u00e1 hasta 2016 - El Digital de Asturias","headline":"Ciudadan\u00eda, la asignatura m\u00e1s pol\u00e9mica, sobrevivir\u00e1 hasta 2016","author":{"@id":"https:\/\/www.eldigitaldeasturias.com\/noticias\/author\/admin\/#author"},"publisher":{"@id":"https:\/\/www.eldigitaldeasturias.com\/noticias\/#organization"},"image":{"@type":"ImageObject","url":"https:\/\/www.eldigitaldeasturias.com\/noticias\/wp-content\/uploads\/2026\/06\/Contenidos.jpg","width":1265,"height":697,"caption":"Contenidos"},"datePublished":"2014-01-25T06:23:13+01:00","dateModified":"2014-01-25T06:23:13+01:00","inLanguage":"es-ES","mainEntityOfPage":{"@id":"https:\/\/www.eldigitaldeasturias.com\/noticias\/ciudadania-la-asignatura-mas-polemica-sobrevivira-hasta-2016\/#webpage"},"isPartOf":{"@id":"https:\/\/www.eldigitaldeasturias.com\/noticias\/ciudadania-la-asignatura-mas-polemica-sobrevivira-hasta-2016\/#webpage"},"articleSection":"Actualidad"},{"@type":"BreadcrumbList","@id":"https:\/\/www.eldigitaldeasturias.com\/noticias\/ciudadania-la-asignatura-mas-polemica-sobrevivira-hasta-2016\/#breadcrumblist","itemListElement":[{"@type":"ListItem","@id":"https:\/\/www.eldigitaldeasturias.com\/noticias#listItem","position":1,"name":"Home","item":"https:\/\/www.eldigitaldeasturias.com\/noticias","nextItem":{"@type":"ListItem","@id":"https:\/\/www.eldigitaldeasturias.com\/noticias\/category\/actualidad\/#listItem","name":"Actualidad"}},{"@type":"ListItem","@id":"https:\/\/www.eldigitaldeasturias.com\/noticias\/category\/actualidad\/#listItem","position":2,"name":"Actualidad","item":"https:\/\/www.eldigitaldeasturias.com\/noticias\/category\/actualidad\/","nextItem":{"@type":"ListItem","@id":"https:\/\/www.eldigitaldeasturias.com\/noticias\/ciudadania-la-asignatura-mas-polemica-sobrevivira-hasta-2016\/#listItem","name":"Ciudadan\u00eda, la asignatura m\u00e1s pol\u00e9mica, sobrevivir\u00e1 hasta 2016"},"previousItem":{"@type":"ListItem","@id":"https:\/\/www.eldigitaldeasturias.com\/noticias#listItem","name":"Home"}},{"@type":"ListItem","@id":"https:\/\/www.eldigitaldeasturias.com\/noticias\/ciudadania-la-asignatura-mas-polemica-sobrevivira-hasta-2016\/#listItem","position":3,"name":"Ciudadan\u00eda, la asignatura m\u00e1s pol\u00e9mica, sobrevivir\u00e1 hasta 2016","previousItem":{"@type":"ListItem","@id":"https:\/\/www.eldigitaldeasturias.com\/noticias\/category\/actualidad\/#listItem","name":"Actualidad"}}]},{"@type":"Organization","@id":"https:\/\/www.eldigitaldeasturias.com\/noticias\/#organization","name":"El Digital de Asturias","description":"Hemeroteca","url":"https:\/\/www.eldigitaldeasturias.com\/noticias\/","email":"info@eldigitaldeasturias.com","telephone":"+34652131393","logo":{"@type":"ImageObject","url":"https:\/\/www.eldigitaldeasturias.com\/noticias\/wp-content\/uploads\/2020\/12\/EDA.jpg","@id":"https:\/\/www.eldigitaldeasturias.com\/noticias\/ciudadania-la-asignatura-mas-polemica-sobrevivira-hasta-2016\/#organizationLogo"},"image":{"@id":"https:\/\/www.eldigitaldeasturias.com\/noticias\/ciudadania-la-asignatura-mas-polemica-sobrevivira-hasta-2016\/#organizationLogo"},"sameAs":["https:\/\/facebook.com\/eldigitaldeasturias","https:\/\/www.youtube.com\/channel\/UCZP-2wLEB9Rv6erhFmqVnvg"],"address":{"@id":"https:\/\/www.eldigitaldeasturias.com\/noticias\/#postaladdress","@type":"PostalAddress","streetAddress":"san antonio 4","postalCode":"33430","addressLocality":"Cand\u00e1s","addressRegion":"Asturias","addressCountry":"ES"}},{"@type":"Person","@id":"https:\/\/www.eldigitaldeasturias.com\/noticias\/author\/admin\/#author","url":"https:\/\/www.eldigitaldeasturias.com\/noticias\/author\/admin\/","name":"El Digital de Asturias","image":{"@type":"ImageObject","@id":"https:\/\/www.eldigitaldeasturias.com\/noticias\/ciudadania-la-asignatura-mas-polemica-sobrevivira-hasta-2016\/#authorImage","url":"https:\/\/secure.gravatar.com\/avatar\/df2aeffc32bcd13f8d26072ef8a91b623d677766deac7f97ca815868cd41bf5e?s=96&d=mm&r=g","width":96,"height":96,"caption":"El Digital de Asturias"}},{"@type":"WebPage","@id":"https:\/\/www.eldigitaldeasturias.com\/noticias\/ciudadania-la-asignatura-mas-polemica-sobrevivira-hasta-2016\/#webpage","url":"https:\/\/www.eldigitaldeasturias.com\/noticias\/ciudadania-la-asignatura-mas-polemica-sobrevivira-hasta-2016\/","name":"Ciudadan\u00eda, la asignatura m\u00e1s pol\u00e9mica, sobrevivir\u00e1 hasta 2016 - El Digital de Asturias","description":"Madrid, 24 ene (EFE).- Ensalzada y criticada, siempre controvertida, Educaci\u00f3n para la Ciudadan\u00eda (EpC), con sus variantes, dejar\u00e1 de estudiarse poco a poco hasta desaparecer completamente a mediados de 2016 en virtud de la reforma educativa promovida por el PP. Hasta entonces, convivir\u00e1n alumnos que sigan estudi\u00e1ndola -con temarios reformados por el Ministerio de Educaci\u00f3n","inLanguage":"es-ES","isPartOf":{"@id":"https:\/\/www.eldigitaldeasturias.com\/noticias\/#website"},"breadcrumb":{"@id":"https:\/\/www.eldigitaldeasturias.com\/noticias\/ciudadania-la-asignatura-mas-polemica-sobrevivira-hasta-2016\/#breadcrumblist"},"author":{"@id":"https:\/\/www.eldigitaldeasturias.com\/noticias\/author\/admin\/#author"},"creator":{"@id":"https:\/\/www.eldigitaldeasturias.com\/noticias\/author\/admin\/#author"},"image":{"@type":"ImageObject","url":"https:\/\/www.eldigitaldeasturias.com\/noticias\/wp-content\/uploads\/2026\/06\/Contenidos.jpg","@id":"https:\/\/www.eldigitaldeasturias.com\/noticias\/ciudadania-la-asignatura-mas-polemica-sobrevivira-hasta-2016\/#mainImage","width":1265,"height":697,"caption":"Contenidos"},"primaryImageOfPage":{"@id":"https:\/\/www.eldigitaldeasturias.com\/noticias\/ciudadania-la-asignatura-mas-polemica-sobrevivira-hasta-2016\/#mainImage"},"datePublished":"2014-01-25T06:23:13+01:00","dateModified":"2014-01-25T06:23:13+01:00"},{"@type":"WebSite","@id":"https:\/\/www.eldigitaldeasturias.com\/noticias\/#website","url":"https:\/\/www.eldigitaldeasturias.com\/noticias\/","name":"El Digital de Asturias - Diario de actualidad y noticias","alternateName":"El Digital de Asturias - Diario de actualidad y noticias","description":"Hemeroteca","inLanguage":"es-ES","publisher":{"@id":"https:\/\/www.eldigitaldeasturias.com\/noticias\/#organization"}}]},"og:locale":"es_ES","og:site_name":"El Digital de Asturias","og:type":"article","og:title":"Ciudadan\u00eda, la asignatura m\u00e1s pol\u00e9mica, sobrevivir\u00e1 hasta 2016 - El Digital de Asturias","og:description":"Madrid, 24 ene (EFE).- Ensalzada y criticada, siempre controvertida, Educaci\u00f3n para la Ciudadan\u00eda (EpC), con sus variantes, dejar\u00e1 de estudiarse poco a poco hasta desaparecer completamente a mediados de 2016 en virtud de la reforma educativa promovida por el PP. Hasta entonces, convivir\u00e1n alumnos que sigan estudi\u00e1ndola -con temarios reformados por el Ministerio de Educaci\u00f3n","og:url":"https:\/\/www.eldigitaldeasturias.com\/noticias\/ciudadania-la-asignatura-mas-polemica-sobrevivira-hasta-2016\/","og:image":"https:\/\/www.eldigitaldeasturias.com\/noticias\/wp-content\/uploads\/2026\/06\/Contenidos.jpg","og:image:secure_url":"https:\/\/www.eldigitaldeasturias.com\/noticias\/wp-content\/uploads\/2026\/06\/Contenidos.jpg","og:image:width":1265,"og:image:height":697,"article:tag":["actualidad"],"article:published_time":"2014-01-25T07:23:13+00:00","article:modified_time":"2014-01-25T07:23:13+00:00","article:publisher":"https:\/\/facebook.com\/eldigitaldeasturias","twitter:card":"summary_large_image","twitter:title":"Ciudadan\u00eda, la asignatura m\u00e1s pol\u00e9mica, sobrevivir\u00e1 hasta 2016 - El Digital de Asturias","twitter:description":"Madrid, 24 ene (EFE).- Ensalzada y criticada, siempre controvertida, Educaci\u00f3n para la Ciudadan\u00eda (EpC), con sus variantes, dejar\u00e1 de estudiarse poco a poco hasta desaparecer completamente a mediados de 2016 en virtud de la reforma educativa promovida por el PP. Hasta entonces, convivir\u00e1n alumnos que sigan estudi\u00e1ndola -con temarios reformados por el Ministerio de Educaci\u00f3n","twitter:image":"https:\/\/www.eldigitaldeasturias.com\/noticias\/wp-content\/uploads\/2026\/06\/Contenidos.jpg","twitter:label1":"Escrito por","twitter:data1":"El Digital de Asturias","twitter:label2":"Tiempo de lectura estimado","twitter:data2":"4 minutos"},"aioseo_meta_data":{"post_id":"478469","title":null,"description":null,"keywords":null,"keyphrases":null,"primary_term":null,"canonical_url":null,"og_title":null,"og_description":null,"og_object_type":"default","og_image_type":"default","og_image_url":null,"og_image_width":null,"og_image_height":null,"og_image_custom_url":null,"og_image_custom_fields":null,"og_video":null,"og_custom_url":null,"og_article_section":null,"og_article_tags":null,"twitter_use_og":true,"twitter_card":"default","twitter_image_type":"default","twitter_image_url":null,"twitter_image_custom_url":null,"twitter_image_custom_fields":null,"twitter_title":null,"twitter_description":null,"schema":{"blockGraphs":[],"customGraphs":[],"default":{"data":{"Article":[],"Course":[],"Dataset":[],"FAQPage":[],"Movie":[],"Person":[],"Product":[],"ProductReview":[],"Car":[],"Recipe":[],"Service":[],"SoftwareApplication":[],"WebPage":[]},"graphName":"","isEnabled":true},"graphs":[],"defaultGraph":"","defaultPostTypeGraph":""},"schema_type":null,"schema_type_options":null,"pillar_content":false,"robots_default":true,"robots_noindex":false,"robots_noarchive":false,"robots_nosnippet":false,"robots_nofollow":false,"robots_noimageindex":false,"robots_noodp":false,"robots_notranslate":false,"robots_max_snippet":null,"robots_max_videopreview":null,"robots_max_imagepreview":"none","priority":null,"frequency":null,"local_seo":null,"seo_analyzer_scan_date":"2026-06-01 21:38:54","breadcrumb_settings":null,"limit_modified_date":false,"open_ai":null,"ai":null,"created":"2020-11-14 22:53:56","updated":"2026-06-01 21:38:54","focus_keyword":null,"additional_keywords":null,"truseo_locale":null},"aioseo_breadcrumb":"<div class=\"aioseo-breadcrumbs\"><span class=\"aioseo-breadcrumb\">\n\t<a href=\"https:\/\/www.eldigitaldeasturias.com\/noticias\" title=\"Home\">Home<\/a>\n<\/span><span class=\"aioseo-breadcrumb-separator\">\u2013<\/span><span class=\"aioseo-breadcrumb\">\n\t<a href=\"https:\/\/www.eldigitaldeasturias.com\/noticias\/category\/actualidad\/\" title=\"Actualidad\">Actualidad<\/a>\n<\/span><span class=\"aioseo-breadcrumb-separator\">\u2013<\/span><span class=\"aioseo-breadcrumb\">\n\t<a href=\"https:\/\/www.eldigitaldeasturias.com\/noticias\/ciudadania-la-asignatura-mas-polemica-sobrevivira-hasta-2016\/\" title=\"Ciudadan\u00eda, la asignatura m\u00e1s pol\u00e9mica, sobrevivir\u00e1 hasta 2016\">Ciudadan\u00eda, la asignatura m\u00e1s pol\u00e9mica, sobrevivir\u00e1 hasta 2016<\/a>\n<\/span><\/div>","aioseo_breadcrumb_json":[{"label":"Home","link":"https:\/\/www.eldigitaldeasturias.com\/noticias"},{"label":"Actualidad","link":"https:\/\/www.eldigitaldeasturias.com\/noticias\/category\/actualidad\/"},{"label":"Ciudadan\u00eda, la asignatura m\u00e1s pol\u00e9mica, sobrevivir\u00e1 hasta 2016","link":"https:\/\/www.eldigitaldeasturias.com\/noticias\/ciudadania-la-asignatura-mas-polemica-sobrevivira-hasta-2016\/"}],"_links":{"self":[{"href":"https:\/\/www.eldigitaldeasturias.com\/noticias\/wp-json\/wp\/v2\/posts\/478469","targetHints":{"allow":["GET"]}}],"collection":[{"href":"https:\/\/www.eldigitaldeasturias.com\/noticias\/wp-json\/wp\/v2\/posts"}],"about":[{"href":"https:\/\/www.eldigitaldeasturias.com\/noticias\/wp-json\/wp\/v2\/types\/post"}],"author":[{"embeddable":true,"href":"https:\/\/www.eldigitaldeasturias.com\/noticias\/wp-json\/wp\/v2\/users\/1"}],"replies":[{"embeddable":true,"href":"https:\/\/www.eldigitaldeasturias.com\/noticias\/wp-json\/wp\/v2\/comments?post=478469"}],"version-history":[{"count":0,"href":"https:\/\/www.eldigitaldeasturias.com\/noticias\/wp-json\/wp\/v2\/posts\/478469\/revisions"}],"wp:featuredmedia":[{"embeddable":true,"href":"https:\/\/www.eldigitaldeasturias.com\/noticias\/wp-json\/wp\/v2\/media\/1132184"}],"wp:attachment":[{"href":"https:\/\/www.eldigitaldeasturias.com\/noticias\/wp-json\/wp\/v2\/media?parent=478469"}],"wp:term":[{"taxonomy":"category","embeddable":true,"href":"https:\/\/www.eldigitaldeasturias.com\/noticias\/wp-json\/wp\/v2\/categories?post=478469"},{"taxonomy":"post_tag","embeddable":true,"href":"https:\/\/www.eldigitaldeasturias.com\/noticias\/wp-json\/wp\/v2\/tags?post=478469"}],"curies":[{"name":"wp","href":"https:\/\/api.w.org\/{rel}","templated":true}]}}