{"id":478462,"date":"2014-01-25T06:19:25","date_gmt":"2014-01-25T07:19:25","guid":{"rendered":"http:\/\/www.eldigitaldeasturias.com\/noticias\/?p=478462"},"modified":"2014-01-25T06:20:04","modified_gmt":"2014-01-25T07:20:04","slug":"interior-dice-la-ue-acoge-favorablemente-el-anteproyecto-de-ley-de-seguridad-ciudadana","status":"publish","type":"post","link":"https:\/\/www.eldigitaldeasturias.com\/noticias\/interior-dice-la-ue-acoge-favorablemente-el-anteproyecto-de-ley-de-seguridad-ciudadana\/","title":{"rendered":"Interior dice la UE acoge favorablemente el anteproyecto de ley de seguridad ciudadana"},"content":{"rendered":"<p><img loading=\"lazy\" decoding=\"async\" class=\"alignleft size-medium wp-image-478463\" alt=\"5873550w\" src=\"https:\/\/www.eldigitaldeasturias.com\/noticias\/wp-content\/uploads\/2014\/01\/5873550w-360x267.jpg\" width=\"360\" height=\"267\" \/>Atenas, 24 ene (EFE).- El ministro del Interior, Jorge Fern\u00e1ndez D\u00edaz, dijo hoy en Atenas que el Anteproyecto de Ley Org\u00e1nica de Seguridad Ciudadana ha sido acogido de manera favorable por la comisaria europea de Interior, Cecilia Malmstr\u00f6m, y por el comisario de Derechos Humanos del Consejo de Europa, Nils Muiznieks.<\/p>\n<p>\u00abTengo la impresi\u00f3n de que la respuesta de la comisaria Malmstr\u00f6m y del comisario de derechos humanos del Consejo de Europa es muy positiva y muy favorable\u00bb, asegur\u00f3 Fern\u00e1ndez D\u00edaz.<\/p>\n<p>El ministro, que asiste hoy a la reuni\u00f3n informal de titulares de Interior de la Uni\u00f3n Europea, destac\u00f3 que espera que los dict\u00e1menes de los \u00f3rganos consultivos, la Agencia Espa\u00f1ola de Protecci\u00f3n de Datos, el Consejo General del Poder Judicial y el Consejo de Estado, en cuyas manos est\u00e1 ahora el texto, contribuyan a mejorarlo.<\/p>\n<p>El responsable de Interior afirm\u00f3 que el texto recoge \u00abtodo tipo de garant\u00edas jur\u00eddicas\u00bb para luchar contra la inseguridad ciudadana en el marco de una \u00abestricta legalidad\u00bb.<\/p>\n<p>Por tanto, se mostr\u00f3 convencido de que cuando el anteproyecto sea aprobado por el Consejo de Ministros y remitido al Congreso gozar\u00e1 de \u00abtodas las garant\u00edas de constitucionalidad y legalidad\u00bb.<\/p>\n<p>El comisario de Derechos Humanos del Consejo de Europa, Nils Muiznieks, critic\u00f3 a finales del pasado a\u00f1o el contenido de esta ley por considerar que violaba los derechos humanos.<\/p>\n<p>Estas afirmaciones causaron malestar en el Gobierno espa\u00f1ol y Fern\u00e1ndez D\u00edaz emplaz\u00f3 al comisario europeo a leer el anteproyecto de ley.<\/p>\n","protected":false},"excerpt":{"rendered":"<p>Atenas, 24 ene (EFE).- El ministro del Interior, Jorge Fern\u00e1ndez D\u00edaz, dijo hoy en Atenas que el Anteproyecto de Ley Org\u00e1nica de Seguridad Ciudadana ha sido acogido de manera favorable por la comisaria europea de Interior, Cecilia Malmstr\u00f6m, y por el comisario de Derechos Humanos del Consejo de Europa, Nils Muiznieks. \u00abTengo la impresi\u00f3n de [&hellip;]<\/p>\n","protected":false},"author":1,"featured_media":1132184,"comment_status":"closed","ping_status":"open","sticky":false,"template":"","format":"standard","meta":{"footnotes":""},"categories":[1],"tags":[],"class_list":["post-478462","post","type-post","status-publish","format-standard","has-post-thumbnail","hentry","category-actualidad"],"aioseo_notices":[],"aioseo_head":"\n\t\t<!-- All in One SEO Pro 5.0.1 - aioseo.com -->\n\t<meta name=\"description\" content=\"Atenas, 24 ene (EFE).- El ministro del Interior, Jorge Fern\u00e1ndez D\u00edaz, dijo hoy en Atenas que el Anteproyecto de Ley Org\u00e1nica de Seguridad Ciudadana ha sido acogido de manera favorable por la comisaria europea de Interior, Cecilia Malmstr\u00f6m, y por el comisario de Derechos Humanos del Consejo de Europa, Nils Muiznieks. &quot;Tengo la impresi\u00f3n de\" \/>\n\t<meta name=\"robots\" content=\"max-image-preview:large\" \/>\n\t<meta name=\"author\" content=\"El Digital de Asturias\"\/>\n\t<meta name=\"google-site-verification\" content=\"UA-38556648-1\" \/>\n\t<meta name=\"msvalidate.01\" content=\"7dfe9f3f1b24437ab69f4f2559babe99\" \/>\n\t<meta name=\"keywords\" content=\"actualidad\" \/>\n\t<link rel=\"canonical\" href=\"https:\/\/www.eldigitaldeasturias.com\/noticias\/interior-dice-la-ue-acoge-favorablemente-el-anteproyecto-de-ley-de-seguridad-ciudadana\/\" \/>\n\t<meta name=\"generator\" content=\"All in One SEO Pro (AIOSEO) 5.0.1\" \/>\n\t\t<meta property=\"og:locale\" content=\"es_ES\" \/>\n\t\t<meta property=\"og:site_name\" content=\"El Digital de Asturias\" \/>\n\t\t<meta property=\"og:type\" content=\"article\" \/>\n\t\t<meta property=\"og:title\" content=\"Interior dice la UE acoge favorablemente el anteproyecto de ley de seguridad ciudadana - El Digital de Asturias\" \/>\n\t\t<meta property=\"og:description\" content=\"Atenas, 24 ene (EFE).- El ministro del Interior, Jorge Fern\u00e1ndez D\u00edaz, dijo hoy en Atenas que el Anteproyecto de Ley Org\u00e1nica de Seguridad Ciudadana ha sido acogido de manera favorable por la comisaria europea de Interior, Cecilia Malmstr\u00f6m, y por el comisario de Derechos Humanos del Consejo de Europa, Nils Muiznieks. &quot;Tengo la impresi\u00f3n de\" \/>\n\t\t<meta property=\"og:url\" content=\"https:\/\/www.eldigitaldeasturias.com\/noticias\/interior-dice-la-ue-acoge-favorablemente-el-anteproyecto-de-ley-de-seguridad-ciudadana\/\" \/>\n\t\t<meta property=\"og:image\" content=\"https:\/\/www.eldigitaldeasturias.com\/noticias\/wp-content\/uploads\/2026\/06\/Contenidos.jpg\" \/>\n\t\t<meta property=\"og:image:secure_url\" content=\"https:\/\/www.eldigitaldeasturias.com\/noticias\/wp-content\/uploads\/2026\/06\/Contenidos.jpg\" \/>\n\t\t<meta property=\"og:image:width\" content=\"1265\" \/>\n\t\t<meta property=\"og:image:height\" content=\"697\" \/>\n\t\t<meta property=\"article:tag\" content=\"actualidad\" \/>\n\t\t<meta property=\"article:published_time\" content=\"2014-01-25T07:19:25+00:00\" \/>\n\t\t<meta property=\"article:modified_time\" content=\"2014-01-25T07:20:04+00:00\" \/>\n\t\t<meta property=\"article:publisher\" content=\"https:\/\/facebook.com\/eldigitaldeasturias\" \/>\n\t\t<meta name=\"twitter:card\" content=\"summary_large_image\" \/>\n\t\t<meta name=\"twitter:title\" content=\"Interior dice la UE acoge favorablemente el anteproyecto de ley de seguridad ciudadana - El Digital de Asturias\" \/>\n\t\t<meta name=\"twitter:description\" content=\"Atenas, 24 ene (EFE).- El ministro del Interior, Jorge Fern\u00e1ndez D\u00edaz, dijo hoy en Atenas que el Anteproyecto de Ley Org\u00e1nica de Seguridad Ciudadana ha sido acogido de manera favorable por la comisaria europea de Interior, Cecilia Malmstr\u00f6m, y por el comisario de Derechos Humanos del Consejo de Europa, Nils Muiznieks. &quot;Tengo la impresi\u00f3n de\" \/>\n\t\t<meta name=\"twitter:image\" content=\"https:\/\/www.eldigitaldeasturias.com\/noticias\/wp-content\/uploads\/2026\/06\/Contenidos.jpg\" \/>\n\t\t<meta name=\"twitter:label1\" content=\"Escrito por\" \/>\n\t\t<meta name=\"twitter:data1\" content=\"El Digital de Asturias\" \/>\n\t\t<meta name=\"twitter:label2\" content=\"Tiempo de lectura estimado\" \/>\n\t\t<meta name=\"twitter:data2\" content=\"1 minuto\" \/>\n\t\t<script type=\"application\/ld+json\" class=\"aioseo-schema\">\n\t\t\t{\"@context\":\"https:\\\/\\\/schema.org\",\"@graph\":[{\"@type\":\"BlogPosting\",\"@id\":\"https:\\\/\\\/www.eldigitaldeasturias.com\\\/noticias\\\/interior-dice-la-ue-acoge-favorablemente-el-anteproyecto-de-ley-de-seguridad-ciudadana\\\/#blogposting\",\"name\":\"Interior dice la UE acoge favorablemente el anteproyecto de ley de seguridad ciudadana - El Digital de Asturias\",\"headline\":\"Interior dice la UE acoge favorablemente el anteproyecto de ley de seguridad ciudadana\",\"author\":{\"@id\":\"https:\\\/\\\/www.eldigitaldeasturias.com\\\/noticias\\\/author\\\/admin\\\/#author\"},\"publisher\":{\"@id\":\"https:\\\/\\\/www.eldigitaldeasturias.com\\\/noticias\\\/#organization\"},\"image\":{\"@type\":\"ImageObject\",\"url\":\"https:\\\/\\\/www.eldigitaldeasturias.com\\\/noticias\\\/wp-content\\\/uploads\\\/2026\\\/06\\\/Contenidos.jpg\",\"width\":1265,\"height\":697,\"caption\":\"Contenidos\"},\"datePublished\":\"2014-01-25T06:19:25+01:00\",\"dateModified\":\"2014-01-25T06:20:04+01:00\",\"inLanguage\":\"es-ES\",\"mainEntityOfPage\":{\"@id\":\"https:\\\/\\\/www.eldigitaldeasturias.com\\\/noticias\\\/interior-dice-la-ue-acoge-favorablemente-el-anteproyecto-de-ley-de-seguridad-ciudadana\\\/#webpage\"},\"isPartOf\":{\"@id\":\"https:\\\/\\\/www.eldigitaldeasturias.com\\\/noticias\\\/interior-dice-la-ue-acoge-favorablemente-el-anteproyecto-de-ley-de-seguridad-ciudadana\\\/#webpage\"},\"articleSection\":\"Actualidad\"},{\"@type\":\"BreadcrumbList\",\"@id\":\"https:\\\/\\\/www.eldigitaldeasturias.com\\\/noticias\\\/interior-dice-la-ue-acoge-favorablemente-el-anteproyecto-de-ley-de-seguridad-ciudadana\\\/#breadcrumblist\",\"itemListElement\":[{\"@type\":\"ListItem\",\"@id\":\"https:\\\/\\\/www.eldigitaldeasturias.com\\\/noticias#listItem\",\"position\":1,\"name\":\"Home\",\"item\":\"https:\\\/\\\/www.eldigitaldeasturias.com\\\/noticias\",\"nextItem\":{\"@type\":\"ListItem\",\"@id\":\"https:\\\/\\\/www.eldigitaldeasturias.com\\\/noticias\\\/category\\\/actualidad\\\/#listItem\",\"name\":\"Actualidad\"}},{\"@type\":\"ListItem\",\"@id\":\"https:\\\/\\\/www.eldigitaldeasturias.com\\\/noticias\\\/category\\\/actualidad\\\/#listItem\",\"position\":2,\"name\":\"Actualidad\",\"item\":\"https:\\\/\\\/www.eldigitaldeasturias.com\\\/noticias\\\/category\\\/actualidad\\\/\",\"nextItem\":{\"@type\":\"ListItem\",\"@id\":\"https:\\\/\\\/www.eldigitaldeasturias.com\\\/noticias\\\/interior-dice-la-ue-acoge-favorablemente-el-anteproyecto-de-ley-de-seguridad-ciudadana\\\/#listItem\",\"name\":\"Interior dice la UE acoge favorablemente el anteproyecto de ley de seguridad ciudadana\"},\"previousItem\":{\"@type\":\"ListItem\",\"@id\":\"https:\\\/\\\/www.eldigitaldeasturias.com\\\/noticias#listItem\",\"name\":\"Home\"}},{\"@type\":\"ListItem\",\"@id\":\"https:\\\/\\\/www.eldigitaldeasturias.com\\\/noticias\\\/interior-dice-la-ue-acoge-favorablemente-el-anteproyecto-de-ley-de-seguridad-ciudadana\\\/#listItem\",\"position\":3,\"name\":\"Interior dice la UE acoge favorablemente el anteproyecto de ley de seguridad ciudadana\",\"previousItem\":{\"@type\":\"ListItem\",\"@id\":\"https:\\\/\\\/www.eldigitaldeasturias.com\\\/noticias\\\/category\\\/actualidad\\\/#listItem\",\"name\":\"Actualidad\"}}]},{\"@type\":\"Organization\",\"@id\":\"https:\\\/\\\/www.eldigitaldeasturias.com\\\/noticias\\\/#organization\",\"name\":\"El Digital de Asturias\",\"description\":\"Hemeroteca\",\"url\":\"https:\\\/\\\/www.eldigitaldeasturias.com\\\/noticias\\\/\",\"email\":\"info@eldigitaldeasturias.com\",\"telephone\":\"+34652131393\",\"logo\":{\"@type\":\"ImageObject\",\"url\":\"https:\\\/\\\/www.eldigitaldeasturias.com\\\/noticias\\\/wp-content\\\/uploads\\\/2020\\\/12\\\/EDA.jpg\",\"@id\":\"https:\\\/\\\/www.eldigitaldeasturias.com\\\/noticias\\\/interior-dice-la-ue-acoge-favorablemente-el-anteproyecto-de-ley-de-seguridad-ciudadana\\\/#organizationLogo\"},\"image\":{\"@id\":\"https:\\\/\\\/www.eldigitaldeasturias.com\\\/noticias\\\/interior-dice-la-ue-acoge-favorablemente-el-anteproyecto-de-ley-de-seguridad-ciudadana\\\/#organizationLogo\"},\"sameAs\":[\"https:\\\/\\\/facebook.com\\\/eldigitaldeasturias\",\"https:\\\/\\\/www.youtube.com\\\/channel\\\/UCZP-2wLEB9Rv6erhFmqVnvg\"],\"address\":{\"@id\":\"https:\\\/\\\/www.eldigitaldeasturias.com\\\/noticias\\\/#postaladdress\",\"@type\":\"PostalAddress\",\"streetAddress\":\"san antonio 4\",\"postalCode\":\"33430\",\"addressLocality\":\"Cand\\u00e1s\",\"addressRegion\":\"Asturias\",\"addressCountry\":\"ES\"}},{\"@type\":\"Person\",\"@id\":\"https:\\\/\\\/www.eldigitaldeasturias.com\\\/noticias\\\/author\\\/admin\\\/#author\",\"url\":\"https:\\\/\\\/www.eldigitaldeasturias.com\\\/noticias\\\/author\\\/admin\\\/\",\"name\":\"El Digital de Asturias\",\"image\":{\"@type\":\"ImageObject\",\"@id\":\"https:\\\/\\\/www.eldigitaldeasturias.com\\\/noticias\\\/interior-dice-la-ue-acoge-favorablemente-el-anteproyecto-de-ley-de-seguridad-ciudadana\\\/#authorImage\",\"url\":\"https:\\\/\\\/secure.gravatar.com\\\/avatar\\\/df2aeffc32bcd13f8d26072ef8a91b623d677766deac7f97ca815868cd41bf5e?s=96&d=mm&r=g\",\"width\":96,\"height\":96,\"caption\":\"El Digital de Asturias\"}},{\"@type\":\"WebPage\",\"@id\":\"https:\\\/\\\/www.eldigitaldeasturias.com\\\/noticias\\\/interior-dice-la-ue-acoge-favorablemente-el-anteproyecto-de-ley-de-seguridad-ciudadana\\\/#webpage\",\"url\":\"https:\\\/\\\/www.eldigitaldeasturias.com\\\/noticias\\\/interior-dice-la-ue-acoge-favorablemente-el-anteproyecto-de-ley-de-seguridad-ciudadana\\\/\",\"name\":\"Interior dice la UE acoge favorablemente el anteproyecto de ley de seguridad ciudadana - El Digital de Asturias\",\"description\":\"Atenas, 24 ene (EFE).- El ministro del Interior, Jorge Fern\\u00e1ndez D\\u00edaz, dijo hoy en Atenas que el Anteproyecto de Ley Org\\u00e1nica de Seguridad Ciudadana ha sido acogido de manera favorable por la comisaria europea de Interior, Cecilia Malmstr\\u00f6m, y por el comisario de Derechos Humanos del Consejo de Europa, Nils Muiznieks. \\\"Tengo la impresi\\u00f3n de\",\"inLanguage\":\"es-ES\",\"isPartOf\":{\"@id\":\"https:\\\/\\\/www.eldigitaldeasturias.com\\\/noticias\\\/#website\"},\"breadcrumb\":{\"@id\":\"https:\\\/\\\/www.eldigitaldeasturias.com\\\/noticias\\\/interior-dice-la-ue-acoge-favorablemente-el-anteproyecto-de-ley-de-seguridad-ciudadana\\\/#breadcrumblist\"},\"author\":{\"@id\":\"https:\\\/\\\/www.eldigitaldeasturias.com\\\/noticias\\\/author\\\/admin\\\/#author\"},\"creator\":{\"@id\":\"https:\\\/\\\/www.eldigitaldeasturias.com\\\/noticias\\\/author\\\/admin\\\/#author\"},\"image\":{\"@type\":\"ImageObject\",\"url\":\"https:\\\/\\\/www.eldigitaldeasturias.com\\\/noticias\\\/wp-content\\\/uploads\\\/2026\\\/06\\\/Contenidos.jpg\",\"@id\":\"https:\\\/\\\/www.eldigitaldeasturias.com\\\/noticias\\\/interior-dice-la-ue-acoge-favorablemente-el-anteproyecto-de-ley-de-seguridad-ciudadana\\\/#mainImage\",\"width\":1265,\"height\":697,\"caption\":\"Contenidos\"},\"primaryImageOfPage\":{\"@id\":\"https:\\\/\\\/www.eldigitaldeasturias.com\\\/noticias\\\/interior-dice-la-ue-acoge-favorablemente-el-anteproyecto-de-ley-de-seguridad-ciudadana\\\/#mainImage\"},\"datePublished\":\"2014-01-25T06:19:25+01:00\",\"dateModified\":\"2014-01-25T06:20:04+01:00\"},{\"@type\":\"WebSite\",\"@id\":\"https:\\\/\\\/www.eldigitaldeasturias.com\\\/noticias\\\/#website\",\"url\":\"https:\\\/\\\/www.eldigitaldeasturias.com\\\/noticias\\\/\",\"name\":\"El Digital de Asturias - Diario de actualidad y noticias\",\"alternateName\":\"El Digital de Asturias - Diario de actualidad y noticias\",\"description\":\"Hemeroteca\",\"inLanguage\":\"es-ES\",\"publisher\":{\"@id\":\"https:\\\/\\\/www.eldigitaldeasturias.com\\\/noticias\\\/#organization\"}}]}\n\t\t<\/script>\n\t\t<!-- All in One SEO Pro -->\r\n\t\t<title>Interior dice la UE acoge favorablemente el anteproyecto de ley de seguridad ciudadana - El Digital de Asturias<\/title>\n\n","aioseo_head_json":{"title":"Interior dice la UE acoge favorablemente el anteproyecto de ley de seguridad ciudadana - El Digital de Asturias","description":"Atenas, 24 ene (EFE).- El ministro del Interior, Jorge Fern\u00e1ndez D\u00edaz, dijo hoy en Atenas que el Anteproyecto de Ley Org\u00e1nica de Seguridad Ciudadana ha sido acogido de manera favorable por la comisaria europea de Interior, Cecilia Malmstr\u00f6m, y por el comisario de Derechos Humanos del Consejo de Europa, Nils Muiznieks. \"Tengo la impresi\u00f3n de","canonical_url":"https:\/\/www.eldigitaldeasturias.com\/noticias\/interior-dice-la-ue-acoge-favorablemente-el-anteproyecto-de-ley-de-seguridad-ciudadana\/","robots":"max-image-preview:large","keywords":"actualidad","webmasterTools":{"google-site-verification":"UA-38556648-1","msvalidate.01":"7dfe9f3f1b24437ab69f4f2559babe99","miscellaneous":""},"schema":{"@context":"https:\/\/schema.org","@graph":[{"@type":"BlogPosting","@id":"https:\/\/www.eldigitaldeasturias.com\/noticias\/interior-dice-la-ue-acoge-favorablemente-el-anteproyecto-de-ley-de-seguridad-ciudadana\/#blogposting","name":"Interior dice la UE acoge favorablemente el anteproyecto de ley de seguridad ciudadana - El Digital de Asturias","headline":"Interior dice la UE acoge favorablemente el anteproyecto de ley de seguridad ciudadana","author":{"@id":"https:\/\/www.eldigitaldeasturias.com\/noticias\/author\/admin\/#author"},"publisher":{"@id":"https:\/\/www.eldigitaldeasturias.com\/noticias\/#organization"},"image":{"@type":"ImageObject","url":"https:\/\/www.eldigitaldeasturias.com\/noticias\/wp-content\/uploads\/2026\/06\/Contenidos.jpg","width":1265,"height":697,"caption":"Contenidos"},"datePublished":"2014-01-25T06:19:25+01:00","dateModified":"2014-01-25T06:20:04+01:00","inLanguage":"es-ES","mainEntityOfPage":{"@id":"https:\/\/www.eldigitaldeasturias.com\/noticias\/interior-dice-la-ue-acoge-favorablemente-el-anteproyecto-de-ley-de-seguridad-ciudadana\/#webpage"},"isPartOf":{"@id":"https:\/\/www.eldigitaldeasturias.com\/noticias\/interior-dice-la-ue-acoge-favorablemente-el-anteproyecto-de-ley-de-seguridad-ciudadana\/#webpage"},"articleSection":"Actualidad"},{"@type":"BreadcrumbList","@id":"https:\/\/www.eldigitaldeasturias.com\/noticias\/interior-dice-la-ue-acoge-favorablemente-el-anteproyecto-de-ley-de-seguridad-ciudadana\/#breadcrumblist","itemListElement":[{"@type":"ListItem","@id":"https:\/\/www.eldigitaldeasturias.com\/noticias#listItem","position":1,"name":"Home","item":"https:\/\/www.eldigitaldeasturias.com\/noticias","nextItem":{"@type":"ListItem","@id":"https:\/\/www.eldigitaldeasturias.com\/noticias\/category\/actualidad\/#listItem","name":"Actualidad"}},{"@type":"ListItem","@id":"https:\/\/www.eldigitaldeasturias.com\/noticias\/category\/actualidad\/#listItem","position":2,"name":"Actualidad","item":"https:\/\/www.eldigitaldeasturias.com\/noticias\/category\/actualidad\/","nextItem":{"@type":"ListItem","@id":"https:\/\/www.eldigitaldeasturias.com\/noticias\/interior-dice-la-ue-acoge-favorablemente-el-anteproyecto-de-ley-de-seguridad-ciudadana\/#listItem","name":"Interior dice la UE acoge favorablemente el anteproyecto de ley de seguridad ciudadana"},"previousItem":{"@type":"ListItem","@id":"https:\/\/www.eldigitaldeasturias.com\/noticias#listItem","name":"Home"}},{"@type":"ListItem","@id":"https:\/\/www.eldigitaldeasturias.com\/noticias\/interior-dice-la-ue-acoge-favorablemente-el-anteproyecto-de-ley-de-seguridad-ciudadana\/#listItem","position":3,"name":"Interior dice la UE acoge favorablemente el anteproyecto de ley de seguridad ciudadana","previousItem":{"@type":"ListItem","@id":"https:\/\/www.eldigitaldeasturias.com\/noticias\/category\/actualidad\/#listItem","name":"Actualidad"}}]},{"@type":"Organization","@id":"https:\/\/www.eldigitaldeasturias.com\/noticias\/#organization","name":"El Digital de Asturias","description":"Hemeroteca","url":"https:\/\/www.eldigitaldeasturias.com\/noticias\/","email":"info@eldigitaldeasturias.com","telephone":"+34652131393","logo":{"@type":"ImageObject","url":"https:\/\/www.eldigitaldeasturias.com\/noticias\/wp-content\/uploads\/2020\/12\/EDA.jpg","@id":"https:\/\/www.eldigitaldeasturias.com\/noticias\/interior-dice-la-ue-acoge-favorablemente-el-anteproyecto-de-ley-de-seguridad-ciudadana\/#organizationLogo"},"image":{"@id":"https:\/\/www.eldigitaldeasturias.com\/noticias\/interior-dice-la-ue-acoge-favorablemente-el-anteproyecto-de-ley-de-seguridad-ciudadana\/#organizationLogo"},"sameAs":["https:\/\/facebook.com\/eldigitaldeasturias","https:\/\/www.youtube.com\/channel\/UCZP-2wLEB9Rv6erhFmqVnvg"],"address":{"@id":"https:\/\/www.eldigitaldeasturias.com\/noticias\/#postaladdress","@type":"PostalAddress","streetAddress":"san antonio 4","postalCode":"33430","addressLocality":"Cand\u00e1s","addressRegion":"Asturias","addressCountry":"ES"}},{"@type":"Person","@id":"https:\/\/www.eldigitaldeasturias.com\/noticias\/author\/admin\/#author","url":"https:\/\/www.eldigitaldeasturias.com\/noticias\/author\/admin\/","name":"El Digital de Asturias","image":{"@type":"ImageObject","@id":"https:\/\/www.eldigitaldeasturias.com\/noticias\/interior-dice-la-ue-acoge-favorablemente-el-anteproyecto-de-ley-de-seguridad-ciudadana\/#authorImage","url":"https:\/\/secure.gravatar.com\/avatar\/df2aeffc32bcd13f8d26072ef8a91b623d677766deac7f97ca815868cd41bf5e?s=96&d=mm&r=g","width":96,"height":96,"caption":"El Digital de Asturias"}},{"@type":"WebPage","@id":"https:\/\/www.eldigitaldeasturias.com\/noticias\/interior-dice-la-ue-acoge-favorablemente-el-anteproyecto-de-ley-de-seguridad-ciudadana\/#webpage","url":"https:\/\/www.eldigitaldeasturias.com\/noticias\/interior-dice-la-ue-acoge-favorablemente-el-anteproyecto-de-ley-de-seguridad-ciudadana\/","name":"Interior dice la UE acoge favorablemente el anteproyecto de ley de seguridad ciudadana - El Digital de Asturias","description":"Atenas, 24 ene (EFE).- El ministro del Interior, Jorge Fern\u00e1ndez D\u00edaz, dijo hoy en Atenas que el Anteproyecto de Ley Org\u00e1nica de Seguridad Ciudadana ha sido acogido de manera favorable por la comisaria europea de Interior, Cecilia Malmstr\u00f6m, y por el comisario de Derechos Humanos del Consejo de Europa, Nils Muiznieks. \"Tengo la impresi\u00f3n de","inLanguage":"es-ES","isPartOf":{"@id":"https:\/\/www.eldigitaldeasturias.com\/noticias\/#website"},"breadcrumb":{"@id":"https:\/\/www.eldigitaldeasturias.com\/noticias\/interior-dice-la-ue-acoge-favorablemente-el-anteproyecto-de-ley-de-seguridad-ciudadana\/#breadcrumblist"},"author":{"@id":"https:\/\/www.eldigitaldeasturias.com\/noticias\/author\/admin\/#author"},"creator":{"@id":"https:\/\/www.eldigitaldeasturias.com\/noticias\/author\/admin\/#author"},"image":{"@type":"ImageObject","url":"https:\/\/www.eldigitaldeasturias.com\/noticias\/wp-content\/uploads\/2026\/06\/Contenidos.jpg","@id":"https:\/\/www.eldigitaldeasturias.com\/noticias\/interior-dice-la-ue-acoge-favorablemente-el-anteproyecto-de-ley-de-seguridad-ciudadana\/#mainImage","width":1265,"height":697,"caption":"Contenidos"},"primaryImageOfPage":{"@id":"https:\/\/www.eldigitaldeasturias.com\/noticias\/interior-dice-la-ue-acoge-favorablemente-el-anteproyecto-de-ley-de-seguridad-ciudadana\/#mainImage"},"datePublished":"2014-01-25T06:19:25+01:00","dateModified":"2014-01-25T06:20:04+01:00"},{"@type":"WebSite","@id":"https:\/\/www.eldigitaldeasturias.com\/noticias\/#website","url":"https:\/\/www.eldigitaldeasturias.com\/noticias\/","name":"El Digital de Asturias - Diario de actualidad y noticias","alternateName":"El Digital de Asturias - Diario de actualidad y noticias","description":"Hemeroteca","inLanguage":"es-ES","publisher":{"@id":"https:\/\/www.eldigitaldeasturias.com\/noticias\/#organization"}}]},"og:locale":"es_ES","og:site_name":"El Digital de Asturias","og:type":"article","og:title":"Interior dice la UE acoge favorablemente el anteproyecto de ley de seguridad ciudadana - El Digital de Asturias","og:description":"Atenas, 24 ene (EFE).- El ministro del Interior, Jorge Fern\u00e1ndez D\u00edaz, dijo hoy en Atenas que el Anteproyecto de Ley Org\u00e1nica de Seguridad Ciudadana ha sido acogido de manera favorable por la comisaria europea de Interior, Cecilia Malmstr\u00f6m, y por el comisario de Derechos Humanos del Consejo de Europa, Nils Muiznieks. &quot;Tengo la impresi\u00f3n de","og:url":"https:\/\/www.eldigitaldeasturias.com\/noticias\/interior-dice-la-ue-acoge-favorablemente-el-anteproyecto-de-ley-de-seguridad-ciudadana\/","og:image":"https:\/\/www.eldigitaldeasturias.com\/noticias\/wp-content\/uploads\/2026\/06\/Contenidos.jpg","og:image:secure_url":"https:\/\/www.eldigitaldeasturias.com\/noticias\/wp-content\/uploads\/2026\/06\/Contenidos.jpg","og:image:width":1265,"og:image:height":697,"article:tag":["actualidad"],"article:published_time":"2014-01-25T07:19:25+00:00","article:modified_time":"2014-01-25T07:20:04+00:00","article:publisher":"https:\/\/facebook.com\/eldigitaldeasturias","twitter:card":"summary_large_image","twitter:title":"Interior dice la UE acoge favorablemente el anteproyecto de ley de seguridad ciudadana - El Digital de Asturias","twitter:description":"Atenas, 24 ene (EFE).- El ministro del Interior, Jorge Fern\u00e1ndez D\u00edaz, dijo hoy en Atenas que el Anteproyecto de Ley Org\u00e1nica de Seguridad Ciudadana ha sido acogido de manera favorable por la comisaria europea de Interior, Cecilia Malmstr\u00f6m, y por el comisario de Derechos Humanos del Consejo de Europa, Nils Muiznieks. &quot;Tengo la impresi\u00f3n de","twitter:image":"https:\/\/www.eldigitaldeasturias.com\/noticias\/wp-content\/uploads\/2026\/06\/Contenidos.jpg","twitter:label1":"Escrito por","twitter:data1":"El Digital de Asturias","twitter:label2":"Tiempo de lectura estimado","twitter:data2":"1 minuto"},"aioseo_meta_data":{"post_id":"478462","title":null,"description":null,"keywords":null,"keyphrases":null,"primary_term":null,"canonical_url":null,"og_title":null,"og_description":null,"og_object_type":"default","og_image_type":"default","og_image_url":null,"og_image_width":null,"og_image_height":null,"og_image_custom_url":null,"og_image_custom_fields":null,"og_video":null,"og_custom_url":null,"og_article_section":null,"og_article_tags":null,"twitter_use_og":true,"twitter_card":"default","twitter_image_type":"default","twitter_image_url":null,"twitter_image_custom_url":null,"twitter_image_custom_fields":null,"twitter_title":null,"twitter_description":null,"schema":{"blockGraphs":[],"customGraphs":[],"default":{"data":{"Article":[],"Course":[],"Dataset":[],"FAQPage":[],"Movie":[],"Person":[],"Product":[],"ProductReview":[],"Car":[],"Recipe":[],"Service":[],"SoftwareApplication":[],"WebPage":[]},"graphName":"","isEnabled":true},"graphs":[],"defaultGraph":"","defaultPostTypeGraph":""},"schema_type":null,"schema_type_options":null,"pillar_content":false,"robots_default":true,"robots_noindex":false,"robots_noarchive":false,"robots_nosnippet":false,"robots_nofollow":false,"robots_noimageindex":false,"robots_noodp":false,"robots_notranslate":false,"robots_max_snippet":null,"robots_max_videopreview":null,"robots_max_imagepreview":"none","priority":null,"frequency":null,"local_seo":null,"seo_analyzer_scan_date":"2026-06-01 21:36:43","breadcrumb_settings":null,"limit_modified_date":false,"open_ai":null,"ai":null,"created":"2020-11-14 22:53:56","updated":"2026-06-01 21:36:43","focus_keyword":null,"additional_keywords":null,"truseo_locale":null},"aioseo_breadcrumb":"<div class=\"aioseo-breadcrumbs\"><span class=\"aioseo-breadcrumb\">\n\t<a href=\"https:\/\/www.eldigitaldeasturias.com\/noticias\" title=\"Home\">Home<\/a>\n<\/span><span class=\"aioseo-breadcrumb-separator\">\u2013<\/span><span class=\"aioseo-breadcrumb\">\n\t<a href=\"https:\/\/www.eldigitaldeasturias.com\/noticias\/category\/actualidad\/\" title=\"Actualidad\">Actualidad<\/a>\n<\/span><span class=\"aioseo-breadcrumb-separator\">\u2013<\/span><span class=\"aioseo-breadcrumb\">\n\t<a href=\"https:\/\/www.eldigitaldeasturias.com\/noticias\/interior-dice-la-ue-acoge-favorablemente-el-anteproyecto-de-ley-de-seguridad-ciudadana\/\" title=\"Interior dice la UE acoge favorablemente el anteproyecto de ley de seguridad ciudadana\">Interior dice la UE acoge favorablemente el anteproyecto de ley de seguridad ciudadana<\/a>\n<\/span><\/div>","aioseo_breadcrumb_json":[{"label":"Home","link":"https:\/\/www.eldigitaldeasturias.com\/noticias"},{"label":"Actualidad","link":"https:\/\/www.eldigitaldeasturias.com\/noticias\/category\/actualidad\/"},{"label":"Interior dice la UE acoge favorablemente el anteproyecto de ley de seguridad ciudadana","link":"https:\/\/www.eldigitaldeasturias.com\/noticias\/interior-dice-la-ue-acoge-favorablemente-el-anteproyecto-de-ley-de-seguridad-ciudadana\/"}],"_links":{"self":[{"href":"https:\/\/www.eldigitaldeasturias.com\/noticias\/wp-json\/wp\/v2\/posts\/478462","targetHints":{"allow":["GET"]}}],"collection":[{"href":"https:\/\/www.eldigitaldeasturias.com\/noticias\/wp-json\/wp\/v2\/posts"}],"about":[{"href":"https:\/\/www.eldigitaldeasturias.com\/noticias\/wp-json\/wp\/v2\/types\/post"}],"author":[{"embeddable":true,"href":"https:\/\/www.eldigitaldeasturias.com\/noticias\/wp-json\/wp\/v2\/users\/1"}],"replies":[{"embeddable":true,"href":"https:\/\/www.eldigitaldeasturias.com\/noticias\/wp-json\/wp\/v2\/comments?post=478462"}],"version-history":[{"count":0,"href":"https:\/\/www.eldigitaldeasturias.com\/noticias\/wp-json\/wp\/v2\/posts\/478462\/revisions"}],"wp:featuredmedia":[{"embeddable":true,"href":"https:\/\/www.eldigitaldeasturias.com\/noticias\/wp-json\/wp\/v2\/media\/1132184"}],"wp:attachment":[{"href":"https:\/\/www.eldigitaldeasturias.com\/noticias\/wp-json\/wp\/v2\/media?parent=478462"}],"wp:term":[{"taxonomy":"category","embeddable":true,"href":"https:\/\/www.eldigitaldeasturias.com\/noticias\/wp-json\/wp\/v2\/categories?post=478462"},{"taxonomy":"post_tag","embeddable":true,"href":"https:\/\/www.eldigitaldeasturias.com\/noticias\/wp-json\/wp\/v2\/tags?post=478462"}],"curies":[{"name":"wp","href":"https:\/\/api.w.org\/{rel}","templated":true}]}}