{"id":478456,"date":"2014-01-25T06:15:42","date_gmt":"2014-01-25T07:15:42","guid":{"rendered":"http:\/\/www.eldigitaldeasturias.com\/noticias\/?p=478456"},"modified":"2014-01-25T06:15:42","modified_gmt":"2014-01-25T07:15:42","slug":"dexia-rescatada-revisara-la-remuneracion-de-directivos-tras-aumentarla-30-por-ciento","status":"publish","type":"post","link":"https:\/\/www.eldigitaldeasturias.com\/noticias\/dexia-rescatada-revisara-la-remuneracion-de-directivos-tras-aumentarla-30-por-ciento\/","title":{"rendered":"Dexia, rescatada, revisar\u00e1 la remuneraci\u00f3n de directivos tras aumentarla 30 por ciento"},"content":{"rendered":"<p><img loading=\"lazy\" decoding=\"async\" class=\"alignleft size-medium wp-image-478457\" alt=\"5873514w\" src=\"https:\/\/www.eldigitaldeasturias.com\/noticias\/wp-content\/uploads\/2014\/01\/5873514w-360x239.jpg\" width=\"360\" height=\"239\" \/>Bruselas, 24 ene (EFE).- El banco franco-belga Dexia, rescatado en 2008, revisar\u00e1 la remuneraci\u00f3n de los miembros de su comit\u00e9 de direcci\u00f3n despu\u00e9s de que los Ejecutivos de Par\u00eds y Bruselas le hayan instado a anular la subida del 30 % que efectu\u00f3 en enero, inform\u00f3 hoy el ministro de Finanzas belga, Koen Geens.<\/p>\n<p>Geens explic\u00f3 en un comunicado que el gestor de Dexia presentar\u00e1 al comit\u00e9 de remuneraciones una proposici\u00f3n de revisi\u00f3n \u00abque tiene en cuenta las expectativas \u00e9ticas de la sociedad, la nueva legislaci\u00f3n bancaria y la necesidad de retener el talento para una resoluci\u00f3n ordenada\u00bb.<\/p>\n<p>El ministro belga se reuni\u00f3 esta ma\u00f1ana en Bruselas con el consejero delegado de la compa\u00f1\u00eda, Karel De Boeck, despu\u00e9s de que esta semana se conociese que el grupo aument\u00f3 en enero la remuneraci\u00f3n de tres de sus directivos un 30 %, hasta 450.000 euros, pese a que en 2008 tuvo que ser rescatada y nacionalizada por Francia y B\u00e9lgica.<\/p>\n<p>El comunicado precisa que las indemnizaciones que cobrar\u00e1n los directivos a su marcha se adaptar\u00e1n al proyecto de ley bancaria, de forma que se limitar\u00e1n a nueve meses e incorporar\u00e1n una cl\u00e1usula de recuperaci\u00f3n.<\/p>\n<p>Adem\u00e1s, los estatutos de la empresa, que datan de 2011, se adaptar\u00e1n a las nuevas normas de gobernanza bancaria.<\/p>\n<p>La comisi\u00f3n de remuneraciones de la entidad tendr\u00e1 que dar su opini\u00f3n antes del 19 de febrero, cuando se tomar\u00e1 una decisi\u00f3n en la reuni\u00f3n del consejo de administraci\u00f3n de Dexia.<\/p>\n<p>Este mi\u00e9rcoles el ministro franc\u00e9s de Finanzas, Pierre Moscovici, critic\u00f3 en una entrevista que Dexia haya incrementado el salario de sus directivos por tratarse de una empresa que recibi\u00f3 ayudas p\u00fablicas y est\u00e1 en proceso de resoluci\u00f3n.<\/p>\n<p>Moscovici ya adelant\u00f3 que estaba en contacto con el Gobierno belga para intentar que la entidad anulase la subida. Este di\u00e1logo se mantendr\u00e1 tambi\u00e9n despu\u00e9s de la reuni\u00f3n de hoy.<\/p>\n<p>Por su parte, el consejero delegado de la compa\u00f1\u00eda, Karel de Boeck, defendi\u00f3 este jueves en la radio p\u00fablica de Flandes (B\u00e9lgica) que el aumento est\u00e1 justificado por la necesidad de contar con profesionales experimentados para el proceso de resoluci\u00f3n y por la \u00abresponsabilidad jur\u00eddica\u00bb que recae sobre los directivos.<\/p>\n<p>Al mismo tiempo, denunci\u00f3 que hay \u00abuna campa\u00f1a de denigraci\u00f3n basada sobre informaciones err\u00f3neas\u00bb difundidas \u00abpor un empleado amargado de Dexia\u00bb, seg\u00fan recoge el diario La Libre Belgique.<\/p>\n<p>El comisario europeo de Comercio, Karel de Gutch, tambi\u00e9n apoy\u00f3 la decisi\u00f3n de la entidad en una entrevista con la radio flamenca, seg\u00fan las mismas fuentes.<\/p>\n","protected":false},"excerpt":{"rendered":"<p>Bruselas, 24 ene (EFE).- El banco franco-belga Dexia, rescatado en 2008, revisar\u00e1 la remuneraci\u00f3n de los miembros de su comit\u00e9 de direcci\u00f3n despu\u00e9s de que los Ejecutivos de Par\u00eds y Bruselas le hayan instado a anular la subida del 30 % que efectu\u00f3 en enero, inform\u00f3 hoy el ministro de Finanzas belga, Koen Geens. Geens [&hellip;]<\/p>\n","protected":false},"author":1,"featured_media":1132184,"comment_status":"closed","ping_status":"open","sticky":false,"template":"","format":"standard","meta":{"footnotes":""},"categories":[1],"tags":[],"class_list":["post-478456","post","type-post","status-publish","format-standard","has-post-thumbnail","hentry","category-actualidad"],"aioseo_notices":[],"aioseo_head":"\n\t\t<!-- All in One SEO Pro 5.0.1 - aioseo.com -->\n\t<meta name=\"description\" content=\"Bruselas, 24 ene (EFE).- El banco franco-belga Dexia, rescatado en 2008, revisar\u00e1 la remuneraci\u00f3n de los miembros de su comit\u00e9 de direcci\u00f3n despu\u00e9s de que los Ejecutivos de Par\u00eds y Bruselas le hayan instado a anular la subida del 30 % que efectu\u00f3 en enero, inform\u00f3 hoy el ministro de Finanzas belga, Koen Geens. Geens\" \/>\n\t<meta name=\"robots\" content=\"max-image-preview:large\" \/>\n\t<meta name=\"author\" content=\"El Digital de Asturias\"\/>\n\t<meta name=\"google-site-verification\" content=\"UA-38556648-1\" \/>\n\t<meta name=\"msvalidate.01\" content=\"7dfe9f3f1b24437ab69f4f2559babe99\" \/>\n\t<meta name=\"keywords\" content=\"actualidad\" \/>\n\t<link rel=\"canonical\" href=\"https:\/\/www.eldigitaldeasturias.com\/noticias\/dexia-rescatada-revisara-la-remuneracion-de-directivos-tras-aumentarla-30-por-ciento\/\" \/>\n\t<meta name=\"generator\" content=\"All in One SEO Pro (AIOSEO) 5.0.1\" \/>\n\t\t<meta property=\"og:locale\" content=\"es_ES\" \/>\n\t\t<meta property=\"og:site_name\" content=\"El Digital de Asturias\" \/>\n\t\t<meta property=\"og:type\" content=\"article\" \/>\n\t\t<meta property=\"og:title\" content=\"Dexia, rescatada, revisar\u00e1 la remuneraci\u00f3n de directivos tras aumentarla 30 por ciento - El Digital de Asturias\" \/>\n\t\t<meta property=\"og:description\" content=\"Bruselas, 24 ene (EFE).- El banco franco-belga Dexia, rescatado en 2008, revisar\u00e1 la remuneraci\u00f3n de los miembros de su comit\u00e9 de direcci\u00f3n despu\u00e9s de que los Ejecutivos de Par\u00eds y Bruselas le hayan instado a anular la subida del 30 % que efectu\u00f3 en enero, inform\u00f3 hoy el ministro de Finanzas belga, Koen Geens. Geens\" \/>\n\t\t<meta property=\"og:url\" content=\"https:\/\/www.eldigitaldeasturias.com\/noticias\/dexia-rescatada-revisara-la-remuneracion-de-directivos-tras-aumentarla-30-por-ciento\/\" \/>\n\t\t<meta property=\"og:image\" content=\"https:\/\/www.eldigitaldeasturias.com\/noticias\/wp-content\/uploads\/2026\/06\/Contenidos.jpg\" \/>\n\t\t<meta property=\"og:image:secure_url\" content=\"https:\/\/www.eldigitaldeasturias.com\/noticias\/wp-content\/uploads\/2026\/06\/Contenidos.jpg\" \/>\n\t\t<meta property=\"og:image:width\" content=\"1265\" \/>\n\t\t<meta property=\"og:image:height\" content=\"697\" \/>\n\t\t<meta property=\"article:tag\" content=\"actualidad\" \/>\n\t\t<meta property=\"article:published_time\" content=\"2014-01-25T07:15:42+00:00\" \/>\n\t\t<meta property=\"article:modified_time\" content=\"2014-01-25T07:15:42+00:00\" \/>\n\t\t<meta property=\"article:publisher\" content=\"https:\/\/facebook.com\/eldigitaldeasturias\" \/>\n\t\t<meta name=\"twitter:card\" content=\"summary_large_image\" \/>\n\t\t<meta name=\"twitter:title\" content=\"Dexia, rescatada, revisar\u00e1 la remuneraci\u00f3n de directivos tras aumentarla 30 por ciento - El Digital de Asturias\" \/>\n\t\t<meta name=\"twitter:description\" content=\"Bruselas, 24 ene (EFE).- El banco franco-belga Dexia, rescatado en 2008, revisar\u00e1 la remuneraci\u00f3n de los miembros de su comit\u00e9 de direcci\u00f3n despu\u00e9s de que los Ejecutivos de Par\u00eds y Bruselas le hayan instado a anular la subida del 30 % que efectu\u00f3 en enero, inform\u00f3 hoy el ministro de Finanzas belga, Koen Geens. Geens\" \/>\n\t\t<meta name=\"twitter:image\" content=\"https:\/\/www.eldigitaldeasturias.com\/noticias\/wp-content\/uploads\/2026\/06\/Contenidos.jpg\" \/>\n\t\t<meta name=\"twitter:label1\" content=\"Escrito por\" \/>\n\t\t<meta name=\"twitter:data1\" content=\"El Digital de Asturias\" \/>\n\t\t<meta name=\"twitter:label2\" content=\"Tiempo de lectura estimado\" \/>\n\t\t<meta name=\"twitter:data2\" content=\"2 minutos\" \/>\n\t\t<script type=\"application\/ld+json\" class=\"aioseo-schema\">\n\t\t\t{\"@context\":\"https:\\\/\\\/schema.org\",\"@graph\":[{\"@type\":\"BlogPosting\",\"@id\":\"https:\\\/\\\/www.eldigitaldeasturias.com\\\/noticias\\\/dexia-rescatada-revisara-la-remuneracion-de-directivos-tras-aumentarla-30-por-ciento\\\/#blogposting\",\"name\":\"Dexia, rescatada, revisar\\u00e1 la remuneraci\\u00f3n de directivos tras aumentarla 30 por ciento - El Digital de Asturias\",\"headline\":\"Dexia, rescatada, revisar\\u00e1 la remuneraci\\u00f3n de directivos tras aumentarla 30 por ciento\",\"author\":{\"@id\":\"https:\\\/\\\/www.eldigitaldeasturias.com\\\/noticias\\\/author\\\/admin\\\/#author\"},\"publisher\":{\"@id\":\"https:\\\/\\\/www.eldigitaldeasturias.com\\\/noticias\\\/#organization\"},\"image\":{\"@type\":\"ImageObject\",\"url\":\"https:\\\/\\\/www.eldigitaldeasturias.com\\\/noticias\\\/wp-content\\\/uploads\\\/2026\\\/06\\\/Contenidos.jpg\",\"width\":1265,\"height\":697,\"caption\":\"Contenidos\"},\"datePublished\":\"2014-01-25T06:15:42+01:00\",\"dateModified\":\"2014-01-25T06:15:42+01:00\",\"inLanguage\":\"es-ES\",\"mainEntityOfPage\":{\"@id\":\"https:\\\/\\\/www.eldigitaldeasturias.com\\\/noticias\\\/dexia-rescatada-revisara-la-remuneracion-de-directivos-tras-aumentarla-30-por-ciento\\\/#webpage\"},\"isPartOf\":{\"@id\":\"https:\\\/\\\/www.eldigitaldeasturias.com\\\/noticias\\\/dexia-rescatada-revisara-la-remuneracion-de-directivos-tras-aumentarla-30-por-ciento\\\/#webpage\"},\"articleSection\":\"Actualidad\"},{\"@type\":\"BreadcrumbList\",\"@id\":\"https:\\\/\\\/www.eldigitaldeasturias.com\\\/noticias\\\/dexia-rescatada-revisara-la-remuneracion-de-directivos-tras-aumentarla-30-por-ciento\\\/#breadcrumblist\",\"itemListElement\":[{\"@type\":\"ListItem\",\"@id\":\"https:\\\/\\\/www.eldigitaldeasturias.com\\\/noticias#listItem\",\"position\":1,\"name\":\"Home\",\"item\":\"https:\\\/\\\/www.eldigitaldeasturias.com\\\/noticias\",\"nextItem\":{\"@type\":\"ListItem\",\"@id\":\"https:\\\/\\\/www.eldigitaldeasturias.com\\\/noticias\\\/category\\\/actualidad\\\/#listItem\",\"name\":\"Actualidad\"}},{\"@type\":\"ListItem\",\"@id\":\"https:\\\/\\\/www.eldigitaldeasturias.com\\\/noticias\\\/category\\\/actualidad\\\/#listItem\",\"position\":2,\"name\":\"Actualidad\",\"item\":\"https:\\\/\\\/www.eldigitaldeasturias.com\\\/noticias\\\/category\\\/actualidad\\\/\",\"nextItem\":{\"@type\":\"ListItem\",\"@id\":\"https:\\\/\\\/www.eldigitaldeasturias.com\\\/noticias\\\/dexia-rescatada-revisara-la-remuneracion-de-directivos-tras-aumentarla-30-por-ciento\\\/#listItem\",\"name\":\"Dexia, rescatada, revisar\\u00e1 la remuneraci\\u00f3n de directivos tras aumentarla 30 por ciento\"},\"previousItem\":{\"@type\":\"ListItem\",\"@id\":\"https:\\\/\\\/www.eldigitaldeasturias.com\\\/noticias#listItem\",\"name\":\"Home\"}},{\"@type\":\"ListItem\",\"@id\":\"https:\\\/\\\/www.eldigitaldeasturias.com\\\/noticias\\\/dexia-rescatada-revisara-la-remuneracion-de-directivos-tras-aumentarla-30-por-ciento\\\/#listItem\",\"position\":3,\"name\":\"Dexia, rescatada, revisar\\u00e1 la remuneraci\\u00f3n de directivos tras aumentarla 30 por ciento\",\"previousItem\":{\"@type\":\"ListItem\",\"@id\":\"https:\\\/\\\/www.eldigitaldeasturias.com\\\/noticias\\\/category\\\/actualidad\\\/#listItem\",\"name\":\"Actualidad\"}}]},{\"@type\":\"Organization\",\"@id\":\"https:\\\/\\\/www.eldigitaldeasturias.com\\\/noticias\\\/#organization\",\"name\":\"El Digital de Asturias\",\"description\":\"Hemeroteca\",\"url\":\"https:\\\/\\\/www.eldigitaldeasturias.com\\\/noticias\\\/\",\"email\":\"info@eldigitaldeasturias.com\",\"telephone\":\"+34652131393\",\"logo\":{\"@type\":\"ImageObject\",\"url\":\"https:\\\/\\\/www.eldigitaldeasturias.com\\\/noticias\\\/wp-content\\\/uploads\\\/2020\\\/12\\\/EDA.jpg\",\"@id\":\"https:\\\/\\\/www.eldigitaldeasturias.com\\\/noticias\\\/dexia-rescatada-revisara-la-remuneracion-de-directivos-tras-aumentarla-30-por-ciento\\\/#organizationLogo\"},\"image\":{\"@id\":\"https:\\\/\\\/www.eldigitaldeasturias.com\\\/noticias\\\/dexia-rescatada-revisara-la-remuneracion-de-directivos-tras-aumentarla-30-por-ciento\\\/#organizationLogo\"},\"sameAs\":[\"https:\\\/\\\/facebook.com\\\/eldigitaldeasturias\",\"https:\\\/\\\/www.youtube.com\\\/channel\\\/UCZP-2wLEB9Rv6erhFmqVnvg\"],\"address\":{\"@id\":\"https:\\\/\\\/www.eldigitaldeasturias.com\\\/noticias\\\/#postaladdress\",\"@type\":\"PostalAddress\",\"streetAddress\":\"san antonio 4\",\"postalCode\":\"33430\",\"addressLocality\":\"Cand\\u00e1s\",\"addressRegion\":\"Asturias\",\"addressCountry\":\"ES\"}},{\"@type\":\"Person\",\"@id\":\"https:\\\/\\\/www.eldigitaldeasturias.com\\\/noticias\\\/author\\\/admin\\\/#author\",\"url\":\"https:\\\/\\\/www.eldigitaldeasturias.com\\\/noticias\\\/author\\\/admin\\\/\",\"name\":\"El Digital de Asturias\",\"image\":{\"@type\":\"ImageObject\",\"@id\":\"https:\\\/\\\/www.eldigitaldeasturias.com\\\/noticias\\\/dexia-rescatada-revisara-la-remuneracion-de-directivos-tras-aumentarla-30-por-ciento\\\/#authorImage\",\"url\":\"https:\\\/\\\/secure.gravatar.com\\\/avatar\\\/df2aeffc32bcd13f8d26072ef8a91b623d677766deac7f97ca815868cd41bf5e?s=96&d=mm&r=g\",\"width\":96,\"height\":96,\"caption\":\"El Digital de Asturias\"}},{\"@type\":\"WebPage\",\"@id\":\"https:\\\/\\\/www.eldigitaldeasturias.com\\\/noticias\\\/dexia-rescatada-revisara-la-remuneracion-de-directivos-tras-aumentarla-30-por-ciento\\\/#webpage\",\"url\":\"https:\\\/\\\/www.eldigitaldeasturias.com\\\/noticias\\\/dexia-rescatada-revisara-la-remuneracion-de-directivos-tras-aumentarla-30-por-ciento\\\/\",\"name\":\"Dexia, rescatada, revisar\\u00e1 la remuneraci\\u00f3n de directivos tras aumentarla 30 por ciento - El Digital de Asturias\",\"description\":\"Bruselas, 24 ene (EFE).- El banco franco-belga Dexia, rescatado en 2008, revisar\\u00e1 la remuneraci\\u00f3n de los miembros de su comit\\u00e9 de direcci\\u00f3n despu\\u00e9s de que los Ejecutivos de Par\\u00eds y Bruselas le hayan instado a anular la subida del 30 % que efectu\\u00f3 en enero, inform\\u00f3 hoy el ministro de Finanzas belga, Koen Geens. Geens\",\"inLanguage\":\"es-ES\",\"isPartOf\":{\"@id\":\"https:\\\/\\\/www.eldigitaldeasturias.com\\\/noticias\\\/#website\"},\"breadcrumb\":{\"@id\":\"https:\\\/\\\/www.eldigitaldeasturias.com\\\/noticias\\\/dexia-rescatada-revisara-la-remuneracion-de-directivos-tras-aumentarla-30-por-ciento\\\/#breadcrumblist\"},\"author\":{\"@id\":\"https:\\\/\\\/www.eldigitaldeasturias.com\\\/noticias\\\/author\\\/admin\\\/#author\"},\"creator\":{\"@id\":\"https:\\\/\\\/www.eldigitaldeasturias.com\\\/noticias\\\/author\\\/admin\\\/#author\"},\"image\":{\"@type\":\"ImageObject\",\"url\":\"https:\\\/\\\/www.eldigitaldeasturias.com\\\/noticias\\\/wp-content\\\/uploads\\\/2026\\\/06\\\/Contenidos.jpg\",\"@id\":\"https:\\\/\\\/www.eldigitaldeasturias.com\\\/noticias\\\/dexia-rescatada-revisara-la-remuneracion-de-directivos-tras-aumentarla-30-por-ciento\\\/#mainImage\",\"width\":1265,\"height\":697,\"caption\":\"Contenidos\"},\"primaryImageOfPage\":{\"@id\":\"https:\\\/\\\/www.eldigitaldeasturias.com\\\/noticias\\\/dexia-rescatada-revisara-la-remuneracion-de-directivos-tras-aumentarla-30-por-ciento\\\/#mainImage\"},\"datePublished\":\"2014-01-25T06:15:42+01:00\",\"dateModified\":\"2014-01-25T06:15:42+01:00\"},{\"@type\":\"WebSite\",\"@id\":\"https:\\\/\\\/www.eldigitaldeasturias.com\\\/noticias\\\/#website\",\"url\":\"https:\\\/\\\/www.eldigitaldeasturias.com\\\/noticias\\\/\",\"name\":\"El Digital de Asturias - Diario de actualidad y noticias\",\"alternateName\":\"El Digital de Asturias - Diario de actualidad y noticias\",\"description\":\"Hemeroteca\",\"inLanguage\":\"es-ES\",\"publisher\":{\"@id\":\"https:\\\/\\\/www.eldigitaldeasturias.com\\\/noticias\\\/#organization\"}}]}\n\t\t<\/script>\n\t\t<!-- All in One SEO Pro -->\r\n\t\t<title>Dexia, rescatada, revisar\u00e1 la remuneraci\u00f3n de directivos tras aumentarla 30 por ciento - El Digital de Asturias<\/title>\n\n","aioseo_head_json":{"title":"Dexia, rescatada, revisar\u00e1 la remuneraci\u00f3n de directivos tras aumentarla 30 por ciento - El Digital de Asturias","description":"Bruselas, 24 ene (EFE).- El banco franco-belga Dexia, rescatado en 2008, revisar\u00e1 la remuneraci\u00f3n de los miembros de su comit\u00e9 de direcci\u00f3n despu\u00e9s de que los Ejecutivos de Par\u00eds y Bruselas le hayan instado a anular la subida del 30 % que efectu\u00f3 en enero, inform\u00f3 hoy el ministro de Finanzas belga, Koen Geens. Geens","canonical_url":"https:\/\/www.eldigitaldeasturias.com\/noticias\/dexia-rescatada-revisara-la-remuneracion-de-directivos-tras-aumentarla-30-por-ciento\/","robots":"max-image-preview:large","keywords":"actualidad","webmasterTools":{"google-site-verification":"UA-38556648-1","msvalidate.01":"7dfe9f3f1b24437ab69f4f2559babe99","miscellaneous":""},"schema":{"@context":"https:\/\/schema.org","@graph":[{"@type":"BlogPosting","@id":"https:\/\/www.eldigitaldeasturias.com\/noticias\/dexia-rescatada-revisara-la-remuneracion-de-directivos-tras-aumentarla-30-por-ciento\/#blogposting","name":"Dexia, rescatada, revisar\u00e1 la remuneraci\u00f3n de directivos tras aumentarla 30 por ciento - El Digital de Asturias","headline":"Dexia, rescatada, revisar\u00e1 la remuneraci\u00f3n de directivos tras aumentarla 30 por ciento","author":{"@id":"https:\/\/www.eldigitaldeasturias.com\/noticias\/author\/admin\/#author"},"publisher":{"@id":"https:\/\/www.eldigitaldeasturias.com\/noticias\/#organization"},"image":{"@type":"ImageObject","url":"https:\/\/www.eldigitaldeasturias.com\/noticias\/wp-content\/uploads\/2026\/06\/Contenidos.jpg","width":1265,"height":697,"caption":"Contenidos"},"datePublished":"2014-01-25T06:15:42+01:00","dateModified":"2014-01-25T06:15:42+01:00","inLanguage":"es-ES","mainEntityOfPage":{"@id":"https:\/\/www.eldigitaldeasturias.com\/noticias\/dexia-rescatada-revisara-la-remuneracion-de-directivos-tras-aumentarla-30-por-ciento\/#webpage"},"isPartOf":{"@id":"https:\/\/www.eldigitaldeasturias.com\/noticias\/dexia-rescatada-revisara-la-remuneracion-de-directivos-tras-aumentarla-30-por-ciento\/#webpage"},"articleSection":"Actualidad"},{"@type":"BreadcrumbList","@id":"https:\/\/www.eldigitaldeasturias.com\/noticias\/dexia-rescatada-revisara-la-remuneracion-de-directivos-tras-aumentarla-30-por-ciento\/#breadcrumblist","itemListElement":[{"@type":"ListItem","@id":"https:\/\/www.eldigitaldeasturias.com\/noticias#listItem","position":1,"name":"Home","item":"https:\/\/www.eldigitaldeasturias.com\/noticias","nextItem":{"@type":"ListItem","@id":"https:\/\/www.eldigitaldeasturias.com\/noticias\/category\/actualidad\/#listItem","name":"Actualidad"}},{"@type":"ListItem","@id":"https:\/\/www.eldigitaldeasturias.com\/noticias\/category\/actualidad\/#listItem","position":2,"name":"Actualidad","item":"https:\/\/www.eldigitaldeasturias.com\/noticias\/category\/actualidad\/","nextItem":{"@type":"ListItem","@id":"https:\/\/www.eldigitaldeasturias.com\/noticias\/dexia-rescatada-revisara-la-remuneracion-de-directivos-tras-aumentarla-30-por-ciento\/#listItem","name":"Dexia, rescatada, revisar\u00e1 la remuneraci\u00f3n de directivos tras aumentarla 30 por ciento"},"previousItem":{"@type":"ListItem","@id":"https:\/\/www.eldigitaldeasturias.com\/noticias#listItem","name":"Home"}},{"@type":"ListItem","@id":"https:\/\/www.eldigitaldeasturias.com\/noticias\/dexia-rescatada-revisara-la-remuneracion-de-directivos-tras-aumentarla-30-por-ciento\/#listItem","position":3,"name":"Dexia, rescatada, revisar\u00e1 la remuneraci\u00f3n de directivos tras aumentarla 30 por ciento","previousItem":{"@type":"ListItem","@id":"https:\/\/www.eldigitaldeasturias.com\/noticias\/category\/actualidad\/#listItem","name":"Actualidad"}}]},{"@type":"Organization","@id":"https:\/\/www.eldigitaldeasturias.com\/noticias\/#organization","name":"El Digital de Asturias","description":"Hemeroteca","url":"https:\/\/www.eldigitaldeasturias.com\/noticias\/","email":"info@eldigitaldeasturias.com","telephone":"+34652131393","logo":{"@type":"ImageObject","url":"https:\/\/www.eldigitaldeasturias.com\/noticias\/wp-content\/uploads\/2020\/12\/EDA.jpg","@id":"https:\/\/www.eldigitaldeasturias.com\/noticias\/dexia-rescatada-revisara-la-remuneracion-de-directivos-tras-aumentarla-30-por-ciento\/#organizationLogo"},"image":{"@id":"https:\/\/www.eldigitaldeasturias.com\/noticias\/dexia-rescatada-revisara-la-remuneracion-de-directivos-tras-aumentarla-30-por-ciento\/#organizationLogo"},"sameAs":["https:\/\/facebook.com\/eldigitaldeasturias","https:\/\/www.youtube.com\/channel\/UCZP-2wLEB9Rv6erhFmqVnvg"],"address":{"@id":"https:\/\/www.eldigitaldeasturias.com\/noticias\/#postaladdress","@type":"PostalAddress","streetAddress":"san antonio 4","postalCode":"33430","addressLocality":"Cand\u00e1s","addressRegion":"Asturias","addressCountry":"ES"}},{"@type":"Person","@id":"https:\/\/www.eldigitaldeasturias.com\/noticias\/author\/admin\/#author","url":"https:\/\/www.eldigitaldeasturias.com\/noticias\/author\/admin\/","name":"El Digital de Asturias","image":{"@type":"ImageObject","@id":"https:\/\/www.eldigitaldeasturias.com\/noticias\/dexia-rescatada-revisara-la-remuneracion-de-directivos-tras-aumentarla-30-por-ciento\/#authorImage","url":"https:\/\/secure.gravatar.com\/avatar\/df2aeffc32bcd13f8d26072ef8a91b623d677766deac7f97ca815868cd41bf5e?s=96&d=mm&r=g","width":96,"height":96,"caption":"El Digital de Asturias"}},{"@type":"WebPage","@id":"https:\/\/www.eldigitaldeasturias.com\/noticias\/dexia-rescatada-revisara-la-remuneracion-de-directivos-tras-aumentarla-30-por-ciento\/#webpage","url":"https:\/\/www.eldigitaldeasturias.com\/noticias\/dexia-rescatada-revisara-la-remuneracion-de-directivos-tras-aumentarla-30-por-ciento\/","name":"Dexia, rescatada, revisar\u00e1 la remuneraci\u00f3n de directivos tras aumentarla 30 por ciento - El Digital de Asturias","description":"Bruselas, 24 ene (EFE).- El banco franco-belga Dexia, rescatado en 2008, revisar\u00e1 la remuneraci\u00f3n de los miembros de su comit\u00e9 de direcci\u00f3n despu\u00e9s de que los Ejecutivos de Par\u00eds y Bruselas le hayan instado a anular la subida del 30 % que efectu\u00f3 en enero, inform\u00f3 hoy el ministro de Finanzas belga, Koen Geens. Geens","inLanguage":"es-ES","isPartOf":{"@id":"https:\/\/www.eldigitaldeasturias.com\/noticias\/#website"},"breadcrumb":{"@id":"https:\/\/www.eldigitaldeasturias.com\/noticias\/dexia-rescatada-revisara-la-remuneracion-de-directivos-tras-aumentarla-30-por-ciento\/#breadcrumblist"},"author":{"@id":"https:\/\/www.eldigitaldeasturias.com\/noticias\/author\/admin\/#author"},"creator":{"@id":"https:\/\/www.eldigitaldeasturias.com\/noticias\/author\/admin\/#author"},"image":{"@type":"ImageObject","url":"https:\/\/www.eldigitaldeasturias.com\/noticias\/wp-content\/uploads\/2026\/06\/Contenidos.jpg","@id":"https:\/\/www.eldigitaldeasturias.com\/noticias\/dexia-rescatada-revisara-la-remuneracion-de-directivos-tras-aumentarla-30-por-ciento\/#mainImage","width":1265,"height":697,"caption":"Contenidos"},"primaryImageOfPage":{"@id":"https:\/\/www.eldigitaldeasturias.com\/noticias\/dexia-rescatada-revisara-la-remuneracion-de-directivos-tras-aumentarla-30-por-ciento\/#mainImage"},"datePublished":"2014-01-25T06:15:42+01:00","dateModified":"2014-01-25T06:15:42+01:00"},{"@type":"WebSite","@id":"https:\/\/www.eldigitaldeasturias.com\/noticias\/#website","url":"https:\/\/www.eldigitaldeasturias.com\/noticias\/","name":"El Digital de Asturias - Diario de actualidad y noticias","alternateName":"El Digital de Asturias - Diario de actualidad y noticias","description":"Hemeroteca","inLanguage":"es-ES","publisher":{"@id":"https:\/\/www.eldigitaldeasturias.com\/noticias\/#organization"}}]},"og:locale":"es_ES","og:site_name":"El Digital de Asturias","og:type":"article","og:title":"Dexia, rescatada, revisar\u00e1 la remuneraci\u00f3n de directivos tras aumentarla 30 por ciento - El Digital de Asturias","og:description":"Bruselas, 24 ene (EFE).- El banco franco-belga Dexia, rescatado en 2008, revisar\u00e1 la remuneraci\u00f3n de los miembros de su comit\u00e9 de direcci\u00f3n despu\u00e9s de que los Ejecutivos de Par\u00eds y Bruselas le hayan instado a anular la subida del 30 % que efectu\u00f3 en enero, inform\u00f3 hoy el ministro de Finanzas belga, Koen Geens. Geens","og:url":"https:\/\/www.eldigitaldeasturias.com\/noticias\/dexia-rescatada-revisara-la-remuneracion-de-directivos-tras-aumentarla-30-por-ciento\/","og:image":"https:\/\/www.eldigitaldeasturias.com\/noticias\/wp-content\/uploads\/2026\/06\/Contenidos.jpg","og:image:secure_url":"https:\/\/www.eldigitaldeasturias.com\/noticias\/wp-content\/uploads\/2026\/06\/Contenidos.jpg","og:image:width":1265,"og:image:height":697,"article:tag":["actualidad"],"article:published_time":"2014-01-25T07:15:42+00:00","article:modified_time":"2014-01-25T07:15:42+00:00","article:publisher":"https:\/\/facebook.com\/eldigitaldeasturias","twitter:card":"summary_large_image","twitter:title":"Dexia, rescatada, revisar\u00e1 la remuneraci\u00f3n de directivos tras aumentarla 30 por ciento - El Digital de Asturias","twitter:description":"Bruselas, 24 ene (EFE).- El banco franco-belga Dexia, rescatado en 2008, revisar\u00e1 la remuneraci\u00f3n de los miembros de su comit\u00e9 de direcci\u00f3n despu\u00e9s de que los Ejecutivos de Par\u00eds y Bruselas le hayan instado a anular la subida del 30 % que efectu\u00f3 en enero, inform\u00f3 hoy el ministro de Finanzas belga, Koen Geens. Geens","twitter:image":"https:\/\/www.eldigitaldeasturias.com\/noticias\/wp-content\/uploads\/2026\/06\/Contenidos.jpg","twitter:label1":"Escrito por","twitter:data1":"El Digital de Asturias","twitter:label2":"Tiempo de lectura estimado","twitter:data2":"2 minutos"},"aioseo_meta_data":{"post_id":"478456","title":null,"description":null,"keywords":null,"keyphrases":null,"primary_term":null,"canonical_url":null,"og_title":null,"og_description":null,"og_object_type":"default","og_image_type":"default","og_image_url":null,"og_image_width":null,"og_image_height":null,"og_image_custom_url":null,"og_image_custom_fields":null,"og_video":null,"og_custom_url":null,"og_article_section":null,"og_article_tags":null,"twitter_use_og":true,"twitter_card":"default","twitter_image_type":"default","twitter_image_url":null,"twitter_image_custom_url":null,"twitter_image_custom_fields":null,"twitter_title":null,"twitter_description":null,"schema":{"blockGraphs":[],"customGraphs":[],"default":{"data":{"Article":[],"Course":[],"Dataset":[],"FAQPage":[],"Movie":[],"Person":[],"Product":[],"ProductReview":[],"Car":[],"Recipe":[],"Service":[],"SoftwareApplication":[],"WebPage":[]},"graphName":"","isEnabled":true},"graphs":[],"defaultGraph":"","defaultPostTypeGraph":""},"schema_type":null,"schema_type_options":null,"pillar_content":false,"robots_default":true,"robots_noindex":false,"robots_noarchive":false,"robots_nosnippet":false,"robots_nofollow":false,"robots_noimageindex":false,"robots_noodp":false,"robots_notranslate":false,"robots_max_snippet":null,"robots_max_videopreview":null,"robots_max_imagepreview":"none","priority":null,"frequency":null,"local_seo":null,"seo_analyzer_scan_date":"2026-06-01 21:36:42","breadcrumb_settings":null,"limit_modified_date":false,"open_ai":null,"ai":null,"created":"2020-11-14 22:53:56","updated":"2026-06-01 21:36:42","focus_keyword":null,"additional_keywords":null,"truseo_locale":null},"aioseo_breadcrumb":"<div class=\"aioseo-breadcrumbs\"><span class=\"aioseo-breadcrumb\">\n\t<a href=\"https:\/\/www.eldigitaldeasturias.com\/noticias\" title=\"Home\">Home<\/a>\n<\/span><span class=\"aioseo-breadcrumb-separator\">\u2013<\/span><span class=\"aioseo-breadcrumb\">\n\t<a href=\"https:\/\/www.eldigitaldeasturias.com\/noticias\/category\/actualidad\/\" title=\"Actualidad\">Actualidad<\/a>\n<\/span><span class=\"aioseo-breadcrumb-separator\">\u2013<\/span><span class=\"aioseo-breadcrumb\">\n\t<a href=\"https:\/\/www.eldigitaldeasturias.com\/noticias\/dexia-rescatada-revisara-la-remuneracion-de-directivos-tras-aumentarla-30-por-ciento\/\" title=\"Dexia, rescatada, revisar\u00e1 la remuneraci\u00f3n de directivos tras aumentarla 30 por ciento\">Dexia, rescatada, revisar\u00e1 la remuneraci\u00f3n de directivos tras aumentarla 30 por ciento<\/a>\n<\/span><\/div>","aioseo_breadcrumb_json":[{"label":"Home","link":"https:\/\/www.eldigitaldeasturias.com\/noticias"},{"label":"Actualidad","link":"https:\/\/www.eldigitaldeasturias.com\/noticias\/category\/actualidad\/"},{"label":"Dexia, rescatada, revisar\u00e1 la remuneraci\u00f3n de directivos tras aumentarla 30 por ciento","link":"https:\/\/www.eldigitaldeasturias.com\/noticias\/dexia-rescatada-revisara-la-remuneracion-de-directivos-tras-aumentarla-30-por-ciento\/"}],"_links":{"self":[{"href":"https:\/\/www.eldigitaldeasturias.com\/noticias\/wp-json\/wp\/v2\/posts\/478456","targetHints":{"allow":["GET"]}}],"collection":[{"href":"https:\/\/www.eldigitaldeasturias.com\/noticias\/wp-json\/wp\/v2\/posts"}],"about":[{"href":"https:\/\/www.eldigitaldeasturias.com\/noticias\/wp-json\/wp\/v2\/types\/post"}],"author":[{"embeddable":true,"href":"https:\/\/www.eldigitaldeasturias.com\/noticias\/wp-json\/wp\/v2\/users\/1"}],"replies":[{"embeddable":true,"href":"https:\/\/www.eldigitaldeasturias.com\/noticias\/wp-json\/wp\/v2\/comments?post=478456"}],"version-history":[{"count":0,"href":"https:\/\/www.eldigitaldeasturias.com\/noticias\/wp-json\/wp\/v2\/posts\/478456\/revisions"}],"wp:featuredmedia":[{"embeddable":true,"href":"https:\/\/www.eldigitaldeasturias.com\/noticias\/wp-json\/wp\/v2\/media\/1132184"}],"wp:attachment":[{"href":"https:\/\/www.eldigitaldeasturias.com\/noticias\/wp-json\/wp\/v2\/media?parent=478456"}],"wp:term":[{"taxonomy":"category","embeddable":true,"href":"https:\/\/www.eldigitaldeasturias.com\/noticias\/wp-json\/wp\/v2\/categories?post=478456"},{"taxonomy":"post_tag","embeddable":true,"href":"https:\/\/www.eldigitaldeasturias.com\/noticias\/wp-json\/wp\/v2\/tags?post=478456"}],"curies":[{"name":"wp","href":"https:\/\/api.w.org\/{rel}","templated":true}]}}