{"id":478438,"date":"2014-01-25T06:06:47","date_gmt":"2014-01-25T07:06:47","guid":{"rendered":"http:\/\/www.eldigitaldeasturias.com\/noticias\/?p=478438"},"modified":"2014-01-25T06:06:47","modified_gmt":"2014-01-25T07:06:47","slug":"gisela-pulido-prepara-en-sri-lanka-la-defensa-de-su-titulo-mundial","status":"publish","type":"post","link":"https:\/\/www.eldigitaldeasturias.com\/noticias\/gisela-pulido-prepara-en-sri-lanka-la-defensa-de-su-titulo-mundial\/","title":{"rendered":"Gisela Pulido prepara en Sri Lanka la defensa de su t\u00edtulo mundial"},"content":{"rendered":"<p><img loading=\"lazy\" decoding=\"async\" class=\"alignleft size-medium wp-image-478439\" alt=\"5873385w\" src=\"https:\/\/www.eldigitaldeasturias.com\/noticias\/wp-content\/uploads\/2014\/01\/5873385w-360x240.jpg\" width=\"360\" height=\"240\" \/>C\u00e1diz, 24 ene (EFE).- La espa\u00f1ola Gisela Pulido, nueve veces campeona del mundo de tabla con cometa (kitesurf) se prepara en Sri Lanka para la defensa del t\u00edtulo en el pr\u00f3ximo Campeonato del Mundo de la especialidad, que comenzar\u00e1 a mediados de febrero en Panam\u00e1.<\/p>\n<p>La deportista catalana, de 19 a\u00f1os, tiene previsto entrenarse durante quince d\u00edas en el pa\u00eds asi\u00e1tico antes de que empiece la primera prueba del Mundial en Panam\u00e1, del 18 al 23 de febrero.<\/p>\n<p>En una pretemporada \u00abmuy corta\u00bb, seg\u00fan ha declarado a Efe, ahora encauza el entrenamiento t\u00e9cnico con \u00abbuenas condiciones\u00bb y una \u00abtemperatura agradable\u00bb.<\/p>\n<p>Previamente, Gisela ha estado trabajando \u00abmucho la forma f\u00edsica\u00bb en Tarifa (C\u00e1diz), su localidad de adopci\u00f3n y donde vive habitualmente. En el periodo invernal, \u00abno se puede navegar all\u00ed con el fr\u00edo y la lluvia\u00bb, ha comentado.<\/p>\n<p>En cambio, en Sri Lanka ha encontrado agua plana, viento de 15 a 25 nudos y temperatura de 25 a 30 grados, condiciones que considera \u00abideales para preparar la temporada 2014\u00bb.<\/p>\n<p>Para el inicio de la pr\u00f3xima temporada, ha considerado que la prueba de Panam\u00e1 es la \u00abm\u00e1s complicada\u00bb por \u00abser la primera\u00bb y ha a\u00f1adido que \u00absiempre tienes esos nervios e incertidumbre\u00bb para \u00abver c\u00f3mo se han preparado las rivales\u00bb.<\/p>\n<p>La principal adversaria es, a su juicio, la polaca Karolina Winkowska, que \u00abest\u00e1 entren\u00e1ndose duramente en Australia\u00bb. Despu\u00e9s de haber perdido el Campeonato del Mundo el a\u00f1o pasado, \u00abvendr\u00e1 con muchas ganas de darlo todo\u00bb pero ha agregado que es \u00abconsciente de ello\u00bb y que tiene \u00abque trabajar a tope\u00bb.<\/p>\n<p>La brasile\u00f1a Bruna Kajiya, que se lesion\u00f3 en el ligamento cruzado de una rodilla, tambi\u00e9n se encuentra entre las principales contendientes de Gisela Pulido.<\/p>\n<p>\u00abAhora est\u00e1 empezando a navegar, supongo que al principio le costar\u00e1 adaptarse pero tambi\u00e9n es una gran rival y hay que tenerla en mente\u00bb, ha indicado la campeona espa\u00f1ola.<\/p>\n<p>Adem\u00e1s de Winkowska y Kajiya, \u00abvienen nuevas chicas\u00bb que \u00abmostraron el a\u00f1o pasado un buen nivel\u00bb, ha asegurado Pulido en referencia a la arube\u00f1a Annabel Van Westerop y la checa Paula Novotna.<\/p>\n","protected":false},"excerpt":{"rendered":"<p>C\u00e1diz, 24 ene (EFE).- La espa\u00f1ola Gisela Pulido, nueve veces campeona del mundo de tabla con cometa (kitesurf) se prepara en Sri Lanka para la defensa del t\u00edtulo en el pr\u00f3ximo Campeonato del Mundo de la especialidad, que comenzar\u00e1 a mediados de febrero en Panam\u00e1. La deportista catalana, de 19 a\u00f1os, tiene previsto entrenarse durante [&hellip;]<\/p>\n","protected":false},"author":1,"featured_media":1132184,"comment_status":"closed","ping_status":"open","sticky":false,"template":"","format":"standard","meta":{"footnotes":""},"categories":[1],"tags":[],"class_list":["post-478438","post","type-post","status-publish","format-standard","has-post-thumbnail","hentry","category-actualidad"],"aioseo_notices":[],"aioseo_head":"\n\t\t<!-- All in One SEO Pro 5.0.1 - aioseo.com -->\n\t<meta name=\"description\" content=\"C\u00e1diz, 24 ene (EFE).- La espa\u00f1ola Gisela Pulido, nueve veces campeona del mundo de tabla con cometa (kitesurf) se prepara en Sri Lanka para la defensa del t\u00edtulo en el pr\u00f3ximo Campeonato del Mundo de la especialidad, que comenzar\u00e1 a mediados de febrero en Panam\u00e1. La deportista catalana, de 19 a\u00f1os, tiene previsto entrenarse durante\" \/>\n\t<meta name=\"robots\" content=\"max-image-preview:large\" \/>\n\t<meta name=\"author\" content=\"El Digital de Asturias\"\/>\n\t<meta name=\"google-site-verification\" content=\"UA-38556648-1\" \/>\n\t<meta name=\"msvalidate.01\" content=\"7dfe9f3f1b24437ab69f4f2559babe99\" \/>\n\t<meta name=\"keywords\" content=\"actualidad\" \/>\n\t<link rel=\"canonical\" href=\"https:\/\/www.eldigitaldeasturias.com\/noticias\/gisela-pulido-prepara-en-sri-lanka-la-defensa-de-su-titulo-mundial\/\" \/>\n\t<meta name=\"generator\" content=\"All in One SEO Pro (AIOSEO) 5.0.1\" \/>\n\t\t<meta property=\"og:locale\" content=\"es_ES\" \/>\n\t\t<meta property=\"og:site_name\" content=\"El Digital de Asturias\" \/>\n\t\t<meta property=\"og:type\" content=\"article\" \/>\n\t\t<meta property=\"og:title\" content=\"Gisela Pulido prepara en Sri Lanka la defensa de su t\u00edtulo mundial - El Digital de Asturias\" \/>\n\t\t<meta property=\"og:description\" content=\"C\u00e1diz, 24 ene (EFE).- La espa\u00f1ola Gisela Pulido, nueve veces campeona del mundo de tabla con cometa (kitesurf) se prepara en Sri Lanka para la defensa del t\u00edtulo en el pr\u00f3ximo Campeonato del Mundo de la especialidad, que comenzar\u00e1 a mediados de febrero en Panam\u00e1. La deportista catalana, de 19 a\u00f1os, tiene previsto entrenarse durante\" \/>\n\t\t<meta property=\"og:url\" content=\"https:\/\/www.eldigitaldeasturias.com\/noticias\/gisela-pulido-prepara-en-sri-lanka-la-defensa-de-su-titulo-mundial\/\" \/>\n\t\t<meta property=\"og:image\" content=\"https:\/\/www.eldigitaldeasturias.com\/noticias\/wp-content\/uploads\/2026\/06\/Contenidos.jpg\" \/>\n\t\t<meta property=\"og:image:secure_url\" content=\"https:\/\/www.eldigitaldeasturias.com\/noticias\/wp-content\/uploads\/2026\/06\/Contenidos.jpg\" \/>\n\t\t<meta property=\"og:image:width\" content=\"1265\" \/>\n\t\t<meta property=\"og:image:height\" content=\"697\" \/>\n\t\t<meta property=\"article:tag\" content=\"actualidad\" \/>\n\t\t<meta property=\"article:published_time\" content=\"2014-01-25T07:06:47+00:00\" \/>\n\t\t<meta property=\"article:modified_time\" content=\"2014-01-25T07:06:47+00:00\" \/>\n\t\t<meta property=\"article:publisher\" content=\"https:\/\/facebook.com\/eldigitaldeasturias\" \/>\n\t\t<meta name=\"twitter:card\" content=\"summary_large_image\" \/>\n\t\t<meta name=\"twitter:title\" content=\"Gisela Pulido prepara en Sri Lanka la defensa de su t\u00edtulo mundial - El Digital de Asturias\" \/>\n\t\t<meta name=\"twitter:description\" content=\"C\u00e1diz, 24 ene (EFE).- La espa\u00f1ola Gisela Pulido, nueve veces campeona del mundo de tabla con cometa (kitesurf) se prepara en Sri Lanka para la defensa del t\u00edtulo en el pr\u00f3ximo Campeonato del Mundo de la especialidad, que comenzar\u00e1 a mediados de febrero en Panam\u00e1. La deportista catalana, de 19 a\u00f1os, tiene previsto entrenarse durante\" \/>\n\t\t<meta name=\"twitter:image\" content=\"https:\/\/www.eldigitaldeasturias.com\/noticias\/wp-content\/uploads\/2026\/06\/Contenidos.jpg\" \/>\n\t\t<meta name=\"twitter:label1\" content=\"Escrito por\" \/>\n\t\t<meta name=\"twitter:data1\" content=\"El Digital de Asturias\" \/>\n\t\t<meta name=\"twitter:label2\" content=\"Tiempo de lectura estimado\" \/>\n\t\t<meta name=\"twitter:data2\" content=\"2 minutos\" \/>\n\t\t<script type=\"application\/ld+json\" class=\"aioseo-schema\">\n\t\t\t{\"@context\":\"https:\\\/\\\/schema.org\",\"@graph\":[{\"@type\":\"BlogPosting\",\"@id\":\"https:\\\/\\\/www.eldigitaldeasturias.com\\\/noticias\\\/gisela-pulido-prepara-en-sri-lanka-la-defensa-de-su-titulo-mundial\\\/#blogposting\",\"name\":\"Gisela Pulido prepara en Sri Lanka la defensa de su t\\u00edtulo mundial - El Digital de Asturias\",\"headline\":\"Gisela Pulido prepara en Sri Lanka la defensa de su t\\u00edtulo mundial\",\"author\":{\"@id\":\"https:\\\/\\\/www.eldigitaldeasturias.com\\\/noticias\\\/author\\\/admin\\\/#author\"},\"publisher\":{\"@id\":\"https:\\\/\\\/www.eldigitaldeasturias.com\\\/noticias\\\/#organization\"},\"image\":{\"@type\":\"ImageObject\",\"url\":\"https:\\\/\\\/www.eldigitaldeasturias.com\\\/noticias\\\/wp-content\\\/uploads\\\/2026\\\/06\\\/Contenidos.jpg\",\"width\":1265,\"height\":697,\"caption\":\"Contenidos\"},\"datePublished\":\"2014-01-25T06:06:47+01:00\",\"dateModified\":\"2014-01-25T06:06:47+01:00\",\"inLanguage\":\"es-ES\",\"mainEntityOfPage\":{\"@id\":\"https:\\\/\\\/www.eldigitaldeasturias.com\\\/noticias\\\/gisela-pulido-prepara-en-sri-lanka-la-defensa-de-su-titulo-mundial\\\/#webpage\"},\"isPartOf\":{\"@id\":\"https:\\\/\\\/www.eldigitaldeasturias.com\\\/noticias\\\/gisela-pulido-prepara-en-sri-lanka-la-defensa-de-su-titulo-mundial\\\/#webpage\"},\"articleSection\":\"Actualidad\"},{\"@type\":\"BreadcrumbList\",\"@id\":\"https:\\\/\\\/www.eldigitaldeasturias.com\\\/noticias\\\/gisela-pulido-prepara-en-sri-lanka-la-defensa-de-su-titulo-mundial\\\/#breadcrumblist\",\"itemListElement\":[{\"@type\":\"ListItem\",\"@id\":\"https:\\\/\\\/www.eldigitaldeasturias.com\\\/noticias#listItem\",\"position\":1,\"name\":\"Home\",\"item\":\"https:\\\/\\\/www.eldigitaldeasturias.com\\\/noticias\",\"nextItem\":{\"@type\":\"ListItem\",\"@id\":\"https:\\\/\\\/www.eldigitaldeasturias.com\\\/noticias\\\/category\\\/actualidad\\\/#listItem\",\"name\":\"Actualidad\"}},{\"@type\":\"ListItem\",\"@id\":\"https:\\\/\\\/www.eldigitaldeasturias.com\\\/noticias\\\/category\\\/actualidad\\\/#listItem\",\"position\":2,\"name\":\"Actualidad\",\"item\":\"https:\\\/\\\/www.eldigitaldeasturias.com\\\/noticias\\\/category\\\/actualidad\\\/\",\"nextItem\":{\"@type\":\"ListItem\",\"@id\":\"https:\\\/\\\/www.eldigitaldeasturias.com\\\/noticias\\\/gisela-pulido-prepara-en-sri-lanka-la-defensa-de-su-titulo-mundial\\\/#listItem\",\"name\":\"Gisela Pulido prepara en Sri Lanka la defensa de su t\\u00edtulo mundial\"},\"previousItem\":{\"@type\":\"ListItem\",\"@id\":\"https:\\\/\\\/www.eldigitaldeasturias.com\\\/noticias#listItem\",\"name\":\"Home\"}},{\"@type\":\"ListItem\",\"@id\":\"https:\\\/\\\/www.eldigitaldeasturias.com\\\/noticias\\\/gisela-pulido-prepara-en-sri-lanka-la-defensa-de-su-titulo-mundial\\\/#listItem\",\"position\":3,\"name\":\"Gisela Pulido prepara en Sri Lanka la defensa de su t\\u00edtulo mundial\",\"previousItem\":{\"@type\":\"ListItem\",\"@id\":\"https:\\\/\\\/www.eldigitaldeasturias.com\\\/noticias\\\/category\\\/actualidad\\\/#listItem\",\"name\":\"Actualidad\"}}]},{\"@type\":\"Organization\",\"@id\":\"https:\\\/\\\/www.eldigitaldeasturias.com\\\/noticias\\\/#organization\",\"name\":\"El Digital de Asturias\",\"description\":\"Hemeroteca\",\"url\":\"https:\\\/\\\/www.eldigitaldeasturias.com\\\/noticias\\\/\",\"email\":\"info@eldigitaldeasturias.com\",\"telephone\":\"+34652131393\",\"logo\":{\"@type\":\"ImageObject\",\"url\":\"https:\\\/\\\/www.eldigitaldeasturias.com\\\/noticias\\\/wp-content\\\/uploads\\\/2020\\\/12\\\/EDA.jpg\",\"@id\":\"https:\\\/\\\/www.eldigitaldeasturias.com\\\/noticias\\\/gisela-pulido-prepara-en-sri-lanka-la-defensa-de-su-titulo-mundial\\\/#organizationLogo\"},\"image\":{\"@id\":\"https:\\\/\\\/www.eldigitaldeasturias.com\\\/noticias\\\/gisela-pulido-prepara-en-sri-lanka-la-defensa-de-su-titulo-mundial\\\/#organizationLogo\"},\"sameAs\":[\"https:\\\/\\\/facebook.com\\\/eldigitaldeasturias\",\"https:\\\/\\\/www.youtube.com\\\/channel\\\/UCZP-2wLEB9Rv6erhFmqVnvg\"],\"address\":{\"@id\":\"https:\\\/\\\/www.eldigitaldeasturias.com\\\/noticias\\\/#postaladdress\",\"@type\":\"PostalAddress\",\"streetAddress\":\"san antonio 4\",\"postalCode\":\"33430\",\"addressLocality\":\"Cand\\u00e1s\",\"addressRegion\":\"Asturias\",\"addressCountry\":\"ES\"}},{\"@type\":\"Person\",\"@id\":\"https:\\\/\\\/www.eldigitaldeasturias.com\\\/noticias\\\/author\\\/admin\\\/#author\",\"url\":\"https:\\\/\\\/www.eldigitaldeasturias.com\\\/noticias\\\/author\\\/admin\\\/\",\"name\":\"El Digital de Asturias\",\"image\":{\"@type\":\"ImageObject\",\"@id\":\"https:\\\/\\\/www.eldigitaldeasturias.com\\\/noticias\\\/gisela-pulido-prepara-en-sri-lanka-la-defensa-de-su-titulo-mundial\\\/#authorImage\",\"url\":\"https:\\\/\\\/secure.gravatar.com\\\/avatar\\\/df2aeffc32bcd13f8d26072ef8a91b623d677766deac7f97ca815868cd41bf5e?s=96&d=mm&r=g\",\"width\":96,\"height\":96,\"caption\":\"El Digital de Asturias\"}},{\"@type\":\"WebPage\",\"@id\":\"https:\\\/\\\/www.eldigitaldeasturias.com\\\/noticias\\\/gisela-pulido-prepara-en-sri-lanka-la-defensa-de-su-titulo-mundial\\\/#webpage\",\"url\":\"https:\\\/\\\/www.eldigitaldeasturias.com\\\/noticias\\\/gisela-pulido-prepara-en-sri-lanka-la-defensa-de-su-titulo-mundial\\\/\",\"name\":\"Gisela Pulido prepara en Sri Lanka la defensa de su t\\u00edtulo mundial - El Digital de Asturias\",\"description\":\"C\\u00e1diz, 24 ene (EFE).- La espa\\u00f1ola Gisela Pulido, nueve veces campeona del mundo de tabla con cometa (kitesurf) se prepara en Sri Lanka para la defensa del t\\u00edtulo en el pr\\u00f3ximo Campeonato del Mundo de la especialidad, que comenzar\\u00e1 a mediados de febrero en Panam\\u00e1. La deportista catalana, de 19 a\\u00f1os, tiene previsto entrenarse durante\",\"inLanguage\":\"es-ES\",\"isPartOf\":{\"@id\":\"https:\\\/\\\/www.eldigitaldeasturias.com\\\/noticias\\\/#website\"},\"breadcrumb\":{\"@id\":\"https:\\\/\\\/www.eldigitaldeasturias.com\\\/noticias\\\/gisela-pulido-prepara-en-sri-lanka-la-defensa-de-su-titulo-mundial\\\/#breadcrumblist\"},\"author\":{\"@id\":\"https:\\\/\\\/www.eldigitaldeasturias.com\\\/noticias\\\/author\\\/admin\\\/#author\"},\"creator\":{\"@id\":\"https:\\\/\\\/www.eldigitaldeasturias.com\\\/noticias\\\/author\\\/admin\\\/#author\"},\"image\":{\"@type\":\"ImageObject\",\"url\":\"https:\\\/\\\/www.eldigitaldeasturias.com\\\/noticias\\\/wp-content\\\/uploads\\\/2026\\\/06\\\/Contenidos.jpg\",\"@id\":\"https:\\\/\\\/www.eldigitaldeasturias.com\\\/noticias\\\/gisela-pulido-prepara-en-sri-lanka-la-defensa-de-su-titulo-mundial\\\/#mainImage\",\"width\":1265,\"height\":697,\"caption\":\"Contenidos\"},\"primaryImageOfPage\":{\"@id\":\"https:\\\/\\\/www.eldigitaldeasturias.com\\\/noticias\\\/gisela-pulido-prepara-en-sri-lanka-la-defensa-de-su-titulo-mundial\\\/#mainImage\"},\"datePublished\":\"2014-01-25T06:06:47+01:00\",\"dateModified\":\"2014-01-25T06:06:47+01:00\"},{\"@type\":\"WebSite\",\"@id\":\"https:\\\/\\\/www.eldigitaldeasturias.com\\\/noticias\\\/#website\",\"url\":\"https:\\\/\\\/www.eldigitaldeasturias.com\\\/noticias\\\/\",\"name\":\"El Digital de Asturias - Diario de actualidad y noticias\",\"alternateName\":\"El Digital de Asturias - Diario de actualidad y noticias\",\"description\":\"Hemeroteca\",\"inLanguage\":\"es-ES\",\"publisher\":{\"@id\":\"https:\\\/\\\/www.eldigitaldeasturias.com\\\/noticias\\\/#organization\"}}]}\n\t\t<\/script>\n\t\t<!-- All in One SEO Pro -->\r\n\t\t<title>Gisela Pulido prepara en Sri Lanka la defensa de su t\u00edtulo mundial - El Digital de Asturias<\/title>\n\n","aioseo_head_json":{"title":"Gisela Pulido prepara en Sri Lanka la defensa de su t\u00edtulo mundial - El Digital de Asturias","description":"C\u00e1diz, 24 ene (EFE).- La espa\u00f1ola Gisela Pulido, nueve veces campeona del mundo de tabla con cometa (kitesurf) se prepara en Sri Lanka para la defensa del t\u00edtulo en el pr\u00f3ximo Campeonato del Mundo de la especialidad, que comenzar\u00e1 a mediados de febrero en Panam\u00e1. La deportista catalana, de 19 a\u00f1os, tiene previsto entrenarse durante","canonical_url":"https:\/\/www.eldigitaldeasturias.com\/noticias\/gisela-pulido-prepara-en-sri-lanka-la-defensa-de-su-titulo-mundial\/","robots":"max-image-preview:large","keywords":"actualidad","webmasterTools":{"google-site-verification":"UA-38556648-1","msvalidate.01":"7dfe9f3f1b24437ab69f4f2559babe99","miscellaneous":""},"schema":{"@context":"https:\/\/schema.org","@graph":[{"@type":"BlogPosting","@id":"https:\/\/www.eldigitaldeasturias.com\/noticias\/gisela-pulido-prepara-en-sri-lanka-la-defensa-de-su-titulo-mundial\/#blogposting","name":"Gisela Pulido prepara en Sri Lanka la defensa de su t\u00edtulo mundial - El Digital de Asturias","headline":"Gisela Pulido prepara en Sri Lanka la defensa de su t\u00edtulo mundial","author":{"@id":"https:\/\/www.eldigitaldeasturias.com\/noticias\/author\/admin\/#author"},"publisher":{"@id":"https:\/\/www.eldigitaldeasturias.com\/noticias\/#organization"},"image":{"@type":"ImageObject","url":"https:\/\/www.eldigitaldeasturias.com\/noticias\/wp-content\/uploads\/2026\/06\/Contenidos.jpg","width":1265,"height":697,"caption":"Contenidos"},"datePublished":"2014-01-25T06:06:47+01:00","dateModified":"2014-01-25T06:06:47+01:00","inLanguage":"es-ES","mainEntityOfPage":{"@id":"https:\/\/www.eldigitaldeasturias.com\/noticias\/gisela-pulido-prepara-en-sri-lanka-la-defensa-de-su-titulo-mundial\/#webpage"},"isPartOf":{"@id":"https:\/\/www.eldigitaldeasturias.com\/noticias\/gisela-pulido-prepara-en-sri-lanka-la-defensa-de-su-titulo-mundial\/#webpage"},"articleSection":"Actualidad"},{"@type":"BreadcrumbList","@id":"https:\/\/www.eldigitaldeasturias.com\/noticias\/gisela-pulido-prepara-en-sri-lanka-la-defensa-de-su-titulo-mundial\/#breadcrumblist","itemListElement":[{"@type":"ListItem","@id":"https:\/\/www.eldigitaldeasturias.com\/noticias#listItem","position":1,"name":"Home","item":"https:\/\/www.eldigitaldeasturias.com\/noticias","nextItem":{"@type":"ListItem","@id":"https:\/\/www.eldigitaldeasturias.com\/noticias\/category\/actualidad\/#listItem","name":"Actualidad"}},{"@type":"ListItem","@id":"https:\/\/www.eldigitaldeasturias.com\/noticias\/category\/actualidad\/#listItem","position":2,"name":"Actualidad","item":"https:\/\/www.eldigitaldeasturias.com\/noticias\/category\/actualidad\/","nextItem":{"@type":"ListItem","@id":"https:\/\/www.eldigitaldeasturias.com\/noticias\/gisela-pulido-prepara-en-sri-lanka-la-defensa-de-su-titulo-mundial\/#listItem","name":"Gisela Pulido prepara en Sri Lanka la defensa de su t\u00edtulo mundial"},"previousItem":{"@type":"ListItem","@id":"https:\/\/www.eldigitaldeasturias.com\/noticias#listItem","name":"Home"}},{"@type":"ListItem","@id":"https:\/\/www.eldigitaldeasturias.com\/noticias\/gisela-pulido-prepara-en-sri-lanka-la-defensa-de-su-titulo-mundial\/#listItem","position":3,"name":"Gisela Pulido prepara en Sri Lanka la defensa de su t\u00edtulo mundial","previousItem":{"@type":"ListItem","@id":"https:\/\/www.eldigitaldeasturias.com\/noticias\/category\/actualidad\/#listItem","name":"Actualidad"}}]},{"@type":"Organization","@id":"https:\/\/www.eldigitaldeasturias.com\/noticias\/#organization","name":"El Digital de Asturias","description":"Hemeroteca","url":"https:\/\/www.eldigitaldeasturias.com\/noticias\/","email":"info@eldigitaldeasturias.com","telephone":"+34652131393","logo":{"@type":"ImageObject","url":"https:\/\/www.eldigitaldeasturias.com\/noticias\/wp-content\/uploads\/2020\/12\/EDA.jpg","@id":"https:\/\/www.eldigitaldeasturias.com\/noticias\/gisela-pulido-prepara-en-sri-lanka-la-defensa-de-su-titulo-mundial\/#organizationLogo"},"image":{"@id":"https:\/\/www.eldigitaldeasturias.com\/noticias\/gisela-pulido-prepara-en-sri-lanka-la-defensa-de-su-titulo-mundial\/#organizationLogo"},"sameAs":["https:\/\/facebook.com\/eldigitaldeasturias","https:\/\/www.youtube.com\/channel\/UCZP-2wLEB9Rv6erhFmqVnvg"],"address":{"@id":"https:\/\/www.eldigitaldeasturias.com\/noticias\/#postaladdress","@type":"PostalAddress","streetAddress":"san antonio 4","postalCode":"33430","addressLocality":"Cand\u00e1s","addressRegion":"Asturias","addressCountry":"ES"}},{"@type":"Person","@id":"https:\/\/www.eldigitaldeasturias.com\/noticias\/author\/admin\/#author","url":"https:\/\/www.eldigitaldeasturias.com\/noticias\/author\/admin\/","name":"El Digital de Asturias","image":{"@type":"ImageObject","@id":"https:\/\/www.eldigitaldeasturias.com\/noticias\/gisela-pulido-prepara-en-sri-lanka-la-defensa-de-su-titulo-mundial\/#authorImage","url":"https:\/\/secure.gravatar.com\/avatar\/df2aeffc32bcd13f8d26072ef8a91b623d677766deac7f97ca815868cd41bf5e?s=96&d=mm&r=g","width":96,"height":96,"caption":"El Digital de Asturias"}},{"@type":"WebPage","@id":"https:\/\/www.eldigitaldeasturias.com\/noticias\/gisela-pulido-prepara-en-sri-lanka-la-defensa-de-su-titulo-mundial\/#webpage","url":"https:\/\/www.eldigitaldeasturias.com\/noticias\/gisela-pulido-prepara-en-sri-lanka-la-defensa-de-su-titulo-mundial\/","name":"Gisela Pulido prepara en Sri Lanka la defensa de su t\u00edtulo mundial - El Digital de Asturias","description":"C\u00e1diz, 24 ene (EFE).- La espa\u00f1ola Gisela Pulido, nueve veces campeona del mundo de tabla con cometa (kitesurf) se prepara en Sri Lanka para la defensa del t\u00edtulo en el pr\u00f3ximo Campeonato del Mundo de la especialidad, que comenzar\u00e1 a mediados de febrero en Panam\u00e1. La deportista catalana, de 19 a\u00f1os, tiene previsto entrenarse durante","inLanguage":"es-ES","isPartOf":{"@id":"https:\/\/www.eldigitaldeasturias.com\/noticias\/#website"},"breadcrumb":{"@id":"https:\/\/www.eldigitaldeasturias.com\/noticias\/gisela-pulido-prepara-en-sri-lanka-la-defensa-de-su-titulo-mundial\/#breadcrumblist"},"author":{"@id":"https:\/\/www.eldigitaldeasturias.com\/noticias\/author\/admin\/#author"},"creator":{"@id":"https:\/\/www.eldigitaldeasturias.com\/noticias\/author\/admin\/#author"},"image":{"@type":"ImageObject","url":"https:\/\/www.eldigitaldeasturias.com\/noticias\/wp-content\/uploads\/2026\/06\/Contenidos.jpg","@id":"https:\/\/www.eldigitaldeasturias.com\/noticias\/gisela-pulido-prepara-en-sri-lanka-la-defensa-de-su-titulo-mundial\/#mainImage","width":1265,"height":697,"caption":"Contenidos"},"primaryImageOfPage":{"@id":"https:\/\/www.eldigitaldeasturias.com\/noticias\/gisela-pulido-prepara-en-sri-lanka-la-defensa-de-su-titulo-mundial\/#mainImage"},"datePublished":"2014-01-25T06:06:47+01:00","dateModified":"2014-01-25T06:06:47+01:00"},{"@type":"WebSite","@id":"https:\/\/www.eldigitaldeasturias.com\/noticias\/#website","url":"https:\/\/www.eldigitaldeasturias.com\/noticias\/","name":"El Digital de Asturias - Diario de actualidad y noticias","alternateName":"El Digital de Asturias - Diario de actualidad y noticias","description":"Hemeroteca","inLanguage":"es-ES","publisher":{"@id":"https:\/\/www.eldigitaldeasturias.com\/noticias\/#organization"}}]},"og:locale":"es_ES","og:site_name":"El Digital de Asturias","og:type":"article","og:title":"Gisela Pulido prepara en Sri Lanka la defensa de su t\u00edtulo mundial - El Digital de Asturias","og:description":"C\u00e1diz, 24 ene (EFE).- La espa\u00f1ola Gisela Pulido, nueve veces campeona del mundo de tabla con cometa (kitesurf) se prepara en Sri Lanka para la defensa del t\u00edtulo en el pr\u00f3ximo Campeonato del Mundo de la especialidad, que comenzar\u00e1 a mediados de febrero en Panam\u00e1. La deportista catalana, de 19 a\u00f1os, tiene previsto entrenarse durante","og:url":"https:\/\/www.eldigitaldeasturias.com\/noticias\/gisela-pulido-prepara-en-sri-lanka-la-defensa-de-su-titulo-mundial\/","og:image":"https:\/\/www.eldigitaldeasturias.com\/noticias\/wp-content\/uploads\/2026\/06\/Contenidos.jpg","og:image:secure_url":"https:\/\/www.eldigitaldeasturias.com\/noticias\/wp-content\/uploads\/2026\/06\/Contenidos.jpg","og:image:width":1265,"og:image:height":697,"article:tag":["actualidad"],"article:published_time":"2014-01-25T07:06:47+00:00","article:modified_time":"2014-01-25T07:06:47+00:00","article:publisher":"https:\/\/facebook.com\/eldigitaldeasturias","twitter:card":"summary_large_image","twitter:title":"Gisela Pulido prepara en Sri Lanka la defensa de su t\u00edtulo mundial - El Digital de Asturias","twitter:description":"C\u00e1diz, 24 ene (EFE).- La espa\u00f1ola Gisela Pulido, nueve veces campeona del mundo de tabla con cometa (kitesurf) se prepara en Sri Lanka para la defensa del t\u00edtulo en el pr\u00f3ximo Campeonato del Mundo de la especialidad, que comenzar\u00e1 a mediados de febrero en Panam\u00e1. La deportista catalana, de 19 a\u00f1os, tiene previsto entrenarse durante","twitter:image":"https:\/\/www.eldigitaldeasturias.com\/noticias\/wp-content\/uploads\/2026\/06\/Contenidos.jpg","twitter:label1":"Escrito por","twitter:data1":"El Digital de Asturias","twitter:label2":"Tiempo de lectura estimado","twitter:data2":"2 minutos"},"aioseo_meta_data":{"post_id":"478438","title":null,"description":null,"keywords":null,"keyphrases":null,"primary_term":null,"canonical_url":null,"og_title":null,"og_description":null,"og_object_type":"default","og_image_type":"default","og_image_url":null,"og_image_width":null,"og_image_height":null,"og_image_custom_url":null,"og_image_custom_fields":null,"og_video":null,"og_custom_url":null,"og_article_section":null,"og_article_tags":null,"twitter_use_og":true,"twitter_card":"default","twitter_image_type":"default","twitter_image_url":null,"twitter_image_custom_url":null,"twitter_image_custom_fields":null,"twitter_title":null,"twitter_description":null,"schema":{"blockGraphs":[],"customGraphs":[],"default":{"data":{"Article":[],"Course":[],"Dataset":[],"FAQPage":[],"Movie":[],"Person":[],"Product":[],"ProductReview":[],"Car":[],"Recipe":[],"Service":[],"SoftwareApplication":[],"WebPage":[]},"graphName":"","isEnabled":true},"graphs":[],"defaultGraph":"","defaultPostTypeGraph":""},"schema_type":null,"schema_type_options":null,"pillar_content":false,"robots_default":true,"robots_noindex":false,"robots_noarchive":false,"robots_nosnippet":false,"robots_nofollow":false,"robots_noimageindex":false,"robots_noodp":false,"robots_notranslate":false,"robots_max_snippet":null,"robots_max_videopreview":null,"robots_max_imagepreview":"none","priority":null,"frequency":null,"local_seo":null,"seo_analyzer_scan_date":"2026-06-01 21:32:02","breadcrumb_settings":null,"limit_modified_date":false,"open_ai":null,"ai":null,"created":"2020-11-14 22:53:55","updated":"2026-06-01 21:32:02","focus_keyword":null,"additional_keywords":null,"truseo_locale":null},"aioseo_breadcrumb":"<div class=\"aioseo-breadcrumbs\"><span class=\"aioseo-breadcrumb\">\n\t<a href=\"https:\/\/www.eldigitaldeasturias.com\/noticias\" title=\"Home\">Home<\/a>\n<\/span><span class=\"aioseo-breadcrumb-separator\">\u2013<\/span><span class=\"aioseo-breadcrumb\">\n\t<a href=\"https:\/\/www.eldigitaldeasturias.com\/noticias\/category\/actualidad\/\" title=\"Actualidad\">Actualidad<\/a>\n<\/span><span class=\"aioseo-breadcrumb-separator\">\u2013<\/span><span class=\"aioseo-breadcrumb\">\n\t<a href=\"https:\/\/www.eldigitaldeasturias.com\/noticias\/gisela-pulido-prepara-en-sri-lanka-la-defensa-de-su-titulo-mundial\/\" title=\"Gisela Pulido prepara en Sri Lanka la defensa de su t\u00edtulo mundial\">Gisela Pulido prepara en Sri Lanka la defensa de su t\u00edtulo mundial<\/a>\n<\/span><\/div>","aioseo_breadcrumb_json":[{"label":"Home","link":"https:\/\/www.eldigitaldeasturias.com\/noticias"},{"label":"Actualidad","link":"https:\/\/www.eldigitaldeasturias.com\/noticias\/category\/actualidad\/"},{"label":"Gisela Pulido prepara en Sri Lanka la defensa de su t\u00edtulo mundial","link":"https:\/\/www.eldigitaldeasturias.com\/noticias\/gisela-pulido-prepara-en-sri-lanka-la-defensa-de-su-titulo-mundial\/"}],"_links":{"self":[{"href":"https:\/\/www.eldigitaldeasturias.com\/noticias\/wp-json\/wp\/v2\/posts\/478438","targetHints":{"allow":["GET"]}}],"collection":[{"href":"https:\/\/www.eldigitaldeasturias.com\/noticias\/wp-json\/wp\/v2\/posts"}],"about":[{"href":"https:\/\/www.eldigitaldeasturias.com\/noticias\/wp-json\/wp\/v2\/types\/post"}],"author":[{"embeddable":true,"href":"https:\/\/www.eldigitaldeasturias.com\/noticias\/wp-json\/wp\/v2\/users\/1"}],"replies":[{"embeddable":true,"href":"https:\/\/www.eldigitaldeasturias.com\/noticias\/wp-json\/wp\/v2\/comments?post=478438"}],"version-history":[{"count":0,"href":"https:\/\/www.eldigitaldeasturias.com\/noticias\/wp-json\/wp\/v2\/posts\/478438\/revisions"}],"wp:featuredmedia":[{"embeddable":true,"href":"https:\/\/www.eldigitaldeasturias.com\/noticias\/wp-json\/wp\/v2\/media\/1132184"}],"wp:attachment":[{"href":"https:\/\/www.eldigitaldeasturias.com\/noticias\/wp-json\/wp\/v2\/media?parent=478438"}],"wp:term":[{"taxonomy":"category","embeddable":true,"href":"https:\/\/www.eldigitaldeasturias.com\/noticias\/wp-json\/wp\/v2\/categories?post=478438"},{"taxonomy":"post_tag","embeddable":true,"href":"https:\/\/www.eldigitaldeasturias.com\/noticias\/wp-json\/wp\/v2\/tags?post=478438"}],"curies":[{"name":"wp","href":"https:\/\/api.w.org\/{rel}","templated":true}]}}