{"id":478429,"date":"2014-01-25T06:02:57","date_gmt":"2014-01-25T07:02:57","guid":{"rendered":"http:\/\/www.eldigitaldeasturias.com\/noticias\/?p=478429"},"modified":"2014-01-25T06:02:57","modified_gmt":"2014-01-25T07:02:57","slug":"bellvis-rodriguez-y-toni-descartes-de-luis-enrique-para-recibir-al-betis","status":"publish","type":"post","link":"https:\/\/www.eldigitaldeasturias.com\/noticias\/bellvis-rodriguez-y-toni-descartes-de-luis-enrique-para-recibir-al-betis\/","title":{"rendered":"Bellv\u00eds, Rodr\u00edguez y Toni, descartes de Luis Enrique para recibir al Betis"},"content":{"rendered":"<p><img loading=\"lazy\" decoding=\"async\" class=\"alignleft size-medium wp-image-478430\" alt=\"5873316w\" src=\"https:\/\/www.eldigitaldeasturias.com\/noticias\/wp-content\/uploads\/2014\/01\/5873316w-360x310.jpg\" width=\"360\" height=\"310\" \/>Vigo, 24 ene (EFE).- El entrenador del Celta de Vigo, Luis Enrique, ha dado a conocer este viernes la convocatoria de 18 futbolistas para el encuentro que esta noche su equipo disputar\u00e1 en Bala\u00eddos contra el Betis, una lista en la que no figuran por decisi\u00f3n t\u00e9cnica Carlos Bellv\u00eds, David Rodr\u00edguez y Toni.<\/p>\n<p>Con los dos primeros no cuenta el t\u00e9cnico asturiano desde que empez\u00f3 la temporada. El club sigue busc\u00e1ndole una soluci\u00f3n a su situaci\u00f3n porque tanto Bellv\u00eds como David Rodr\u00edguez tienen contrato en vigor, aunque ambos ya han anunciado que no abandonar\u00e1 el Celta salvo que les llegue una oferta interesante.<\/p>\n<p>M\u00e1s sorprendente es la no inclusi\u00f3n de Toni, quien en apenas un mes ha pasado de ser un fijo en el lateral izquierdo a ver los \u00faltimos cuatro partidos de su equipo -Real Madrid, Valencia, Espanyol y Betis- desde la grada.<\/p>\n<p>La convocatoria est\u00e1 formada por los siguientes jugadores: Yoel Rodr\u00edguez, Sergio, Hugo Mallo, Jonny, Aurtenetxe, Cabral, Font\u00e1s, Costas, Oubi\u00f1a, Alex L\u00f3pez, Madinda, Krohn-Dehli, Rafinha, Orellana, Nolito, Mario Bermejo, Santi Mina y Charles.<\/p>\n","protected":false},"excerpt":{"rendered":"<p>Vigo, 24 ene (EFE).- El entrenador del Celta de Vigo, Luis Enrique, ha dado a conocer este viernes la convocatoria de 18 futbolistas para el encuentro que esta noche su equipo disputar\u00e1 en Bala\u00eddos contra el Betis, una lista en la que no figuran por decisi\u00f3n t\u00e9cnica Carlos Bellv\u00eds, David Rodr\u00edguez y Toni. Con los [&hellip;]<\/p>\n","protected":false},"author":1,"featured_media":1132184,"comment_status":"closed","ping_status":"open","sticky":false,"template":"","format":"standard","meta":{"footnotes":""},"categories":[1],"tags":[],"class_list":["post-478429","post","type-post","status-publish","format-standard","has-post-thumbnail","hentry","category-actualidad"],"aioseo_notices":[],"aioseo_head":"\n\t\t<!-- All in One SEO Pro 5.0.1 - aioseo.com -->\n\t<meta name=\"description\" content=\"Vigo, 24 ene (EFE).- El entrenador del Celta de Vigo, Luis Enrique, ha dado a conocer este viernes la convocatoria de 18 futbolistas para el encuentro que esta noche su equipo disputar\u00e1 en Bala\u00eddos contra el Betis, una lista en la que no figuran por decisi\u00f3n t\u00e9cnica Carlos Bellv\u00eds, David Rodr\u00edguez y Toni. Con los\" \/>\n\t<meta name=\"robots\" content=\"max-image-preview:large\" \/>\n\t<meta name=\"author\" content=\"El Digital de Asturias\"\/>\n\t<meta name=\"google-site-verification\" content=\"UA-38556648-1\" \/>\n\t<meta name=\"msvalidate.01\" content=\"7dfe9f3f1b24437ab69f4f2559babe99\" \/>\n\t<meta name=\"keywords\" content=\"actualidad\" \/>\n\t<link rel=\"canonical\" href=\"https:\/\/www.eldigitaldeasturias.com\/noticias\/bellvis-rodriguez-y-toni-descartes-de-luis-enrique-para-recibir-al-betis\/\" \/>\n\t<meta name=\"generator\" content=\"All in One SEO Pro (AIOSEO) 5.0.1\" \/>\n\t\t<meta property=\"og:locale\" content=\"es_ES\" \/>\n\t\t<meta property=\"og:site_name\" content=\"El Digital de Asturias\" \/>\n\t\t<meta property=\"og:type\" content=\"article\" \/>\n\t\t<meta property=\"og:title\" content=\"Bellv\u00eds, Rodr\u00edguez y Toni, descartes de Luis Enrique para recibir al Betis - El Digital de Asturias\" \/>\n\t\t<meta property=\"og:description\" content=\"Vigo, 24 ene (EFE).- El entrenador del Celta de Vigo, Luis Enrique, ha dado a conocer este viernes la convocatoria de 18 futbolistas para el encuentro que esta noche su equipo disputar\u00e1 en Bala\u00eddos contra el Betis, una lista en la que no figuran por decisi\u00f3n t\u00e9cnica Carlos Bellv\u00eds, David Rodr\u00edguez y Toni. Con los\" \/>\n\t\t<meta property=\"og:url\" content=\"https:\/\/www.eldigitaldeasturias.com\/noticias\/bellvis-rodriguez-y-toni-descartes-de-luis-enrique-para-recibir-al-betis\/\" \/>\n\t\t<meta property=\"og:image\" content=\"https:\/\/www.eldigitaldeasturias.com\/noticias\/wp-content\/uploads\/2026\/06\/Contenidos.jpg\" \/>\n\t\t<meta property=\"og:image:secure_url\" content=\"https:\/\/www.eldigitaldeasturias.com\/noticias\/wp-content\/uploads\/2026\/06\/Contenidos.jpg\" \/>\n\t\t<meta property=\"og:image:width\" content=\"1265\" \/>\n\t\t<meta property=\"og:image:height\" content=\"697\" \/>\n\t\t<meta property=\"article:tag\" content=\"actualidad\" \/>\n\t\t<meta property=\"article:published_time\" content=\"2014-01-25T07:02:57+00:00\" \/>\n\t\t<meta property=\"article:modified_time\" content=\"2014-01-25T07:02:57+00:00\" \/>\n\t\t<meta property=\"article:publisher\" content=\"https:\/\/facebook.com\/eldigitaldeasturias\" \/>\n\t\t<meta name=\"twitter:card\" content=\"summary_large_image\" \/>\n\t\t<meta name=\"twitter:title\" content=\"Bellv\u00eds, Rodr\u00edguez y Toni, descartes de Luis Enrique para recibir al Betis - El Digital de Asturias\" \/>\n\t\t<meta name=\"twitter:description\" content=\"Vigo, 24 ene (EFE).- El entrenador del Celta de Vigo, Luis Enrique, ha dado a conocer este viernes la convocatoria de 18 futbolistas para el encuentro que esta noche su equipo disputar\u00e1 en Bala\u00eddos contra el Betis, una lista en la que no figuran por decisi\u00f3n t\u00e9cnica Carlos Bellv\u00eds, David Rodr\u00edguez y Toni. Con los\" \/>\n\t\t<meta name=\"twitter:image\" content=\"https:\/\/www.eldigitaldeasturias.com\/noticias\/wp-content\/uploads\/2026\/06\/Contenidos.jpg\" \/>\n\t\t<meta name=\"twitter:label1\" content=\"Escrito por\" \/>\n\t\t<meta name=\"twitter:data1\" content=\"El Digital de Asturias\" \/>\n\t\t<meta name=\"twitter:label2\" content=\"Tiempo de lectura estimado\" \/>\n\t\t<meta name=\"twitter:data2\" content=\"1 minuto\" \/>\n\t\t<script type=\"application\/ld+json\" class=\"aioseo-schema\">\n\t\t\t{\"@context\":\"https:\\\/\\\/schema.org\",\"@graph\":[{\"@type\":\"BlogPosting\",\"@id\":\"https:\\\/\\\/www.eldigitaldeasturias.com\\\/noticias\\\/bellvis-rodriguez-y-toni-descartes-de-luis-enrique-para-recibir-al-betis\\\/#blogposting\",\"name\":\"Bellv\\u00eds, Rodr\\u00edguez y Toni, descartes de Luis Enrique para recibir al Betis - El Digital de Asturias\",\"headline\":\"Bellv\\u00eds, Rodr\\u00edguez y Toni, descartes de Luis Enrique para recibir al Betis\",\"author\":{\"@id\":\"https:\\\/\\\/www.eldigitaldeasturias.com\\\/noticias\\\/author\\\/admin\\\/#author\"},\"publisher\":{\"@id\":\"https:\\\/\\\/www.eldigitaldeasturias.com\\\/noticias\\\/#organization\"},\"image\":{\"@type\":\"ImageObject\",\"url\":\"https:\\\/\\\/www.eldigitaldeasturias.com\\\/noticias\\\/wp-content\\\/uploads\\\/2026\\\/06\\\/Contenidos.jpg\",\"width\":1265,\"height\":697,\"caption\":\"Contenidos\"},\"datePublished\":\"2014-01-25T06:02:57+01:00\",\"dateModified\":\"2014-01-25T06:02:57+01:00\",\"inLanguage\":\"es-ES\",\"mainEntityOfPage\":{\"@id\":\"https:\\\/\\\/www.eldigitaldeasturias.com\\\/noticias\\\/bellvis-rodriguez-y-toni-descartes-de-luis-enrique-para-recibir-al-betis\\\/#webpage\"},\"isPartOf\":{\"@id\":\"https:\\\/\\\/www.eldigitaldeasturias.com\\\/noticias\\\/bellvis-rodriguez-y-toni-descartes-de-luis-enrique-para-recibir-al-betis\\\/#webpage\"},\"articleSection\":\"Actualidad\"},{\"@type\":\"BreadcrumbList\",\"@id\":\"https:\\\/\\\/www.eldigitaldeasturias.com\\\/noticias\\\/bellvis-rodriguez-y-toni-descartes-de-luis-enrique-para-recibir-al-betis\\\/#breadcrumblist\",\"itemListElement\":[{\"@type\":\"ListItem\",\"@id\":\"https:\\\/\\\/www.eldigitaldeasturias.com\\\/noticias#listItem\",\"position\":1,\"name\":\"Home\",\"item\":\"https:\\\/\\\/www.eldigitaldeasturias.com\\\/noticias\",\"nextItem\":{\"@type\":\"ListItem\",\"@id\":\"https:\\\/\\\/www.eldigitaldeasturias.com\\\/noticias\\\/category\\\/actualidad\\\/#listItem\",\"name\":\"Actualidad\"}},{\"@type\":\"ListItem\",\"@id\":\"https:\\\/\\\/www.eldigitaldeasturias.com\\\/noticias\\\/category\\\/actualidad\\\/#listItem\",\"position\":2,\"name\":\"Actualidad\",\"item\":\"https:\\\/\\\/www.eldigitaldeasturias.com\\\/noticias\\\/category\\\/actualidad\\\/\",\"nextItem\":{\"@type\":\"ListItem\",\"@id\":\"https:\\\/\\\/www.eldigitaldeasturias.com\\\/noticias\\\/bellvis-rodriguez-y-toni-descartes-de-luis-enrique-para-recibir-al-betis\\\/#listItem\",\"name\":\"Bellv\\u00eds, Rodr\\u00edguez y Toni, descartes de Luis Enrique para recibir al Betis\"},\"previousItem\":{\"@type\":\"ListItem\",\"@id\":\"https:\\\/\\\/www.eldigitaldeasturias.com\\\/noticias#listItem\",\"name\":\"Home\"}},{\"@type\":\"ListItem\",\"@id\":\"https:\\\/\\\/www.eldigitaldeasturias.com\\\/noticias\\\/bellvis-rodriguez-y-toni-descartes-de-luis-enrique-para-recibir-al-betis\\\/#listItem\",\"position\":3,\"name\":\"Bellv\\u00eds, Rodr\\u00edguez y Toni, descartes de Luis Enrique para recibir al Betis\",\"previousItem\":{\"@type\":\"ListItem\",\"@id\":\"https:\\\/\\\/www.eldigitaldeasturias.com\\\/noticias\\\/category\\\/actualidad\\\/#listItem\",\"name\":\"Actualidad\"}}]},{\"@type\":\"Organization\",\"@id\":\"https:\\\/\\\/www.eldigitaldeasturias.com\\\/noticias\\\/#organization\",\"name\":\"El Digital de Asturias\",\"description\":\"Hemeroteca\",\"url\":\"https:\\\/\\\/www.eldigitaldeasturias.com\\\/noticias\\\/\",\"email\":\"info@eldigitaldeasturias.com\",\"telephone\":\"+34652131393\",\"logo\":{\"@type\":\"ImageObject\",\"url\":\"https:\\\/\\\/www.eldigitaldeasturias.com\\\/noticias\\\/wp-content\\\/uploads\\\/2020\\\/12\\\/EDA.jpg\",\"@id\":\"https:\\\/\\\/www.eldigitaldeasturias.com\\\/noticias\\\/bellvis-rodriguez-y-toni-descartes-de-luis-enrique-para-recibir-al-betis\\\/#organizationLogo\"},\"image\":{\"@id\":\"https:\\\/\\\/www.eldigitaldeasturias.com\\\/noticias\\\/bellvis-rodriguez-y-toni-descartes-de-luis-enrique-para-recibir-al-betis\\\/#organizationLogo\"},\"sameAs\":[\"https:\\\/\\\/facebook.com\\\/eldigitaldeasturias\",\"https:\\\/\\\/www.youtube.com\\\/channel\\\/UCZP-2wLEB9Rv6erhFmqVnvg\"],\"address\":{\"@id\":\"https:\\\/\\\/www.eldigitaldeasturias.com\\\/noticias\\\/#postaladdress\",\"@type\":\"PostalAddress\",\"streetAddress\":\"san antonio 4\",\"postalCode\":\"33430\",\"addressLocality\":\"Cand\\u00e1s\",\"addressRegion\":\"Asturias\",\"addressCountry\":\"ES\"}},{\"@type\":\"Person\",\"@id\":\"https:\\\/\\\/www.eldigitaldeasturias.com\\\/noticias\\\/author\\\/admin\\\/#author\",\"url\":\"https:\\\/\\\/www.eldigitaldeasturias.com\\\/noticias\\\/author\\\/admin\\\/\",\"name\":\"El Digital de Asturias\",\"image\":{\"@type\":\"ImageObject\",\"@id\":\"https:\\\/\\\/www.eldigitaldeasturias.com\\\/noticias\\\/bellvis-rodriguez-y-toni-descartes-de-luis-enrique-para-recibir-al-betis\\\/#authorImage\",\"url\":\"https:\\\/\\\/secure.gravatar.com\\\/avatar\\\/df2aeffc32bcd13f8d26072ef8a91b623d677766deac7f97ca815868cd41bf5e?s=96&d=mm&r=g\",\"width\":96,\"height\":96,\"caption\":\"El Digital de Asturias\"}},{\"@type\":\"WebPage\",\"@id\":\"https:\\\/\\\/www.eldigitaldeasturias.com\\\/noticias\\\/bellvis-rodriguez-y-toni-descartes-de-luis-enrique-para-recibir-al-betis\\\/#webpage\",\"url\":\"https:\\\/\\\/www.eldigitaldeasturias.com\\\/noticias\\\/bellvis-rodriguez-y-toni-descartes-de-luis-enrique-para-recibir-al-betis\\\/\",\"name\":\"Bellv\\u00eds, Rodr\\u00edguez y Toni, descartes de Luis Enrique para recibir al Betis - El Digital de Asturias\",\"description\":\"Vigo, 24 ene (EFE).- El entrenador del Celta de Vigo, Luis Enrique, ha dado a conocer este viernes la convocatoria de 18 futbolistas para el encuentro que esta noche su equipo disputar\\u00e1 en Bala\\u00eddos contra el Betis, una lista en la que no figuran por decisi\\u00f3n t\\u00e9cnica Carlos Bellv\\u00eds, David Rodr\\u00edguez y Toni. Con los\",\"inLanguage\":\"es-ES\",\"isPartOf\":{\"@id\":\"https:\\\/\\\/www.eldigitaldeasturias.com\\\/noticias\\\/#website\"},\"breadcrumb\":{\"@id\":\"https:\\\/\\\/www.eldigitaldeasturias.com\\\/noticias\\\/bellvis-rodriguez-y-toni-descartes-de-luis-enrique-para-recibir-al-betis\\\/#breadcrumblist\"},\"author\":{\"@id\":\"https:\\\/\\\/www.eldigitaldeasturias.com\\\/noticias\\\/author\\\/admin\\\/#author\"},\"creator\":{\"@id\":\"https:\\\/\\\/www.eldigitaldeasturias.com\\\/noticias\\\/author\\\/admin\\\/#author\"},\"image\":{\"@type\":\"ImageObject\",\"url\":\"https:\\\/\\\/www.eldigitaldeasturias.com\\\/noticias\\\/wp-content\\\/uploads\\\/2026\\\/06\\\/Contenidos.jpg\",\"@id\":\"https:\\\/\\\/www.eldigitaldeasturias.com\\\/noticias\\\/bellvis-rodriguez-y-toni-descartes-de-luis-enrique-para-recibir-al-betis\\\/#mainImage\",\"width\":1265,\"height\":697,\"caption\":\"Contenidos\"},\"primaryImageOfPage\":{\"@id\":\"https:\\\/\\\/www.eldigitaldeasturias.com\\\/noticias\\\/bellvis-rodriguez-y-toni-descartes-de-luis-enrique-para-recibir-al-betis\\\/#mainImage\"},\"datePublished\":\"2014-01-25T06:02:57+01:00\",\"dateModified\":\"2014-01-25T06:02:57+01:00\"},{\"@type\":\"WebSite\",\"@id\":\"https:\\\/\\\/www.eldigitaldeasturias.com\\\/noticias\\\/#website\",\"url\":\"https:\\\/\\\/www.eldigitaldeasturias.com\\\/noticias\\\/\",\"name\":\"El Digital de Asturias - Diario de actualidad y noticias\",\"alternateName\":\"El Digital de Asturias - Diario de actualidad y noticias\",\"description\":\"Hemeroteca\",\"inLanguage\":\"es-ES\",\"publisher\":{\"@id\":\"https:\\\/\\\/www.eldigitaldeasturias.com\\\/noticias\\\/#organization\"}}]}\n\t\t<\/script>\n\t\t<!-- All in One SEO Pro -->\r\n\t\t<title>Bellv\u00eds, Rodr\u00edguez y Toni, descartes de Luis Enrique para recibir al Betis - El Digital de Asturias<\/title>\n\n","aioseo_head_json":{"title":"Bellv\u00eds, Rodr\u00edguez y Toni, descartes de Luis Enrique para recibir al Betis - El Digital de Asturias","description":"Vigo, 24 ene (EFE).- El entrenador del Celta de Vigo, Luis Enrique, ha dado a conocer este viernes la convocatoria de 18 futbolistas para el encuentro que esta noche su equipo disputar\u00e1 en Bala\u00eddos contra el Betis, una lista en la que no figuran por decisi\u00f3n t\u00e9cnica Carlos Bellv\u00eds, David Rodr\u00edguez y Toni. Con los","canonical_url":"https:\/\/www.eldigitaldeasturias.com\/noticias\/bellvis-rodriguez-y-toni-descartes-de-luis-enrique-para-recibir-al-betis\/","robots":"max-image-preview:large","keywords":"actualidad","webmasterTools":{"google-site-verification":"UA-38556648-1","msvalidate.01":"7dfe9f3f1b24437ab69f4f2559babe99","miscellaneous":""},"schema":{"@context":"https:\/\/schema.org","@graph":[{"@type":"BlogPosting","@id":"https:\/\/www.eldigitaldeasturias.com\/noticias\/bellvis-rodriguez-y-toni-descartes-de-luis-enrique-para-recibir-al-betis\/#blogposting","name":"Bellv\u00eds, Rodr\u00edguez y Toni, descartes de Luis Enrique para recibir al Betis - El Digital de Asturias","headline":"Bellv\u00eds, Rodr\u00edguez y Toni, descartes de Luis Enrique para recibir al Betis","author":{"@id":"https:\/\/www.eldigitaldeasturias.com\/noticias\/author\/admin\/#author"},"publisher":{"@id":"https:\/\/www.eldigitaldeasturias.com\/noticias\/#organization"},"image":{"@type":"ImageObject","url":"https:\/\/www.eldigitaldeasturias.com\/noticias\/wp-content\/uploads\/2026\/06\/Contenidos.jpg","width":1265,"height":697,"caption":"Contenidos"},"datePublished":"2014-01-25T06:02:57+01:00","dateModified":"2014-01-25T06:02:57+01:00","inLanguage":"es-ES","mainEntityOfPage":{"@id":"https:\/\/www.eldigitaldeasturias.com\/noticias\/bellvis-rodriguez-y-toni-descartes-de-luis-enrique-para-recibir-al-betis\/#webpage"},"isPartOf":{"@id":"https:\/\/www.eldigitaldeasturias.com\/noticias\/bellvis-rodriguez-y-toni-descartes-de-luis-enrique-para-recibir-al-betis\/#webpage"},"articleSection":"Actualidad"},{"@type":"BreadcrumbList","@id":"https:\/\/www.eldigitaldeasturias.com\/noticias\/bellvis-rodriguez-y-toni-descartes-de-luis-enrique-para-recibir-al-betis\/#breadcrumblist","itemListElement":[{"@type":"ListItem","@id":"https:\/\/www.eldigitaldeasturias.com\/noticias#listItem","position":1,"name":"Home","item":"https:\/\/www.eldigitaldeasturias.com\/noticias","nextItem":{"@type":"ListItem","@id":"https:\/\/www.eldigitaldeasturias.com\/noticias\/category\/actualidad\/#listItem","name":"Actualidad"}},{"@type":"ListItem","@id":"https:\/\/www.eldigitaldeasturias.com\/noticias\/category\/actualidad\/#listItem","position":2,"name":"Actualidad","item":"https:\/\/www.eldigitaldeasturias.com\/noticias\/category\/actualidad\/","nextItem":{"@type":"ListItem","@id":"https:\/\/www.eldigitaldeasturias.com\/noticias\/bellvis-rodriguez-y-toni-descartes-de-luis-enrique-para-recibir-al-betis\/#listItem","name":"Bellv\u00eds, Rodr\u00edguez y Toni, descartes de Luis Enrique para recibir al Betis"},"previousItem":{"@type":"ListItem","@id":"https:\/\/www.eldigitaldeasturias.com\/noticias#listItem","name":"Home"}},{"@type":"ListItem","@id":"https:\/\/www.eldigitaldeasturias.com\/noticias\/bellvis-rodriguez-y-toni-descartes-de-luis-enrique-para-recibir-al-betis\/#listItem","position":3,"name":"Bellv\u00eds, Rodr\u00edguez y Toni, descartes de Luis Enrique para recibir al Betis","previousItem":{"@type":"ListItem","@id":"https:\/\/www.eldigitaldeasturias.com\/noticias\/category\/actualidad\/#listItem","name":"Actualidad"}}]},{"@type":"Organization","@id":"https:\/\/www.eldigitaldeasturias.com\/noticias\/#organization","name":"El Digital de Asturias","description":"Hemeroteca","url":"https:\/\/www.eldigitaldeasturias.com\/noticias\/","email":"info@eldigitaldeasturias.com","telephone":"+34652131393","logo":{"@type":"ImageObject","url":"https:\/\/www.eldigitaldeasturias.com\/noticias\/wp-content\/uploads\/2020\/12\/EDA.jpg","@id":"https:\/\/www.eldigitaldeasturias.com\/noticias\/bellvis-rodriguez-y-toni-descartes-de-luis-enrique-para-recibir-al-betis\/#organizationLogo"},"image":{"@id":"https:\/\/www.eldigitaldeasturias.com\/noticias\/bellvis-rodriguez-y-toni-descartes-de-luis-enrique-para-recibir-al-betis\/#organizationLogo"},"sameAs":["https:\/\/facebook.com\/eldigitaldeasturias","https:\/\/www.youtube.com\/channel\/UCZP-2wLEB9Rv6erhFmqVnvg"],"address":{"@id":"https:\/\/www.eldigitaldeasturias.com\/noticias\/#postaladdress","@type":"PostalAddress","streetAddress":"san antonio 4","postalCode":"33430","addressLocality":"Cand\u00e1s","addressRegion":"Asturias","addressCountry":"ES"}},{"@type":"Person","@id":"https:\/\/www.eldigitaldeasturias.com\/noticias\/author\/admin\/#author","url":"https:\/\/www.eldigitaldeasturias.com\/noticias\/author\/admin\/","name":"El Digital de Asturias","image":{"@type":"ImageObject","@id":"https:\/\/www.eldigitaldeasturias.com\/noticias\/bellvis-rodriguez-y-toni-descartes-de-luis-enrique-para-recibir-al-betis\/#authorImage","url":"https:\/\/secure.gravatar.com\/avatar\/df2aeffc32bcd13f8d26072ef8a91b623d677766deac7f97ca815868cd41bf5e?s=96&d=mm&r=g","width":96,"height":96,"caption":"El Digital de Asturias"}},{"@type":"WebPage","@id":"https:\/\/www.eldigitaldeasturias.com\/noticias\/bellvis-rodriguez-y-toni-descartes-de-luis-enrique-para-recibir-al-betis\/#webpage","url":"https:\/\/www.eldigitaldeasturias.com\/noticias\/bellvis-rodriguez-y-toni-descartes-de-luis-enrique-para-recibir-al-betis\/","name":"Bellv\u00eds, Rodr\u00edguez y Toni, descartes de Luis Enrique para recibir al Betis - El Digital de Asturias","description":"Vigo, 24 ene (EFE).- El entrenador del Celta de Vigo, Luis Enrique, ha dado a conocer este viernes la convocatoria de 18 futbolistas para el encuentro que esta noche su equipo disputar\u00e1 en Bala\u00eddos contra el Betis, una lista en la que no figuran por decisi\u00f3n t\u00e9cnica Carlos Bellv\u00eds, David Rodr\u00edguez y Toni. Con los","inLanguage":"es-ES","isPartOf":{"@id":"https:\/\/www.eldigitaldeasturias.com\/noticias\/#website"},"breadcrumb":{"@id":"https:\/\/www.eldigitaldeasturias.com\/noticias\/bellvis-rodriguez-y-toni-descartes-de-luis-enrique-para-recibir-al-betis\/#breadcrumblist"},"author":{"@id":"https:\/\/www.eldigitaldeasturias.com\/noticias\/author\/admin\/#author"},"creator":{"@id":"https:\/\/www.eldigitaldeasturias.com\/noticias\/author\/admin\/#author"},"image":{"@type":"ImageObject","url":"https:\/\/www.eldigitaldeasturias.com\/noticias\/wp-content\/uploads\/2026\/06\/Contenidos.jpg","@id":"https:\/\/www.eldigitaldeasturias.com\/noticias\/bellvis-rodriguez-y-toni-descartes-de-luis-enrique-para-recibir-al-betis\/#mainImage","width":1265,"height":697,"caption":"Contenidos"},"primaryImageOfPage":{"@id":"https:\/\/www.eldigitaldeasturias.com\/noticias\/bellvis-rodriguez-y-toni-descartes-de-luis-enrique-para-recibir-al-betis\/#mainImage"},"datePublished":"2014-01-25T06:02:57+01:00","dateModified":"2014-01-25T06:02:57+01:00"},{"@type":"WebSite","@id":"https:\/\/www.eldigitaldeasturias.com\/noticias\/#website","url":"https:\/\/www.eldigitaldeasturias.com\/noticias\/","name":"El Digital de Asturias - Diario de actualidad y noticias","alternateName":"El Digital de Asturias - Diario de actualidad y noticias","description":"Hemeroteca","inLanguage":"es-ES","publisher":{"@id":"https:\/\/www.eldigitaldeasturias.com\/noticias\/#organization"}}]},"og:locale":"es_ES","og:site_name":"El Digital de Asturias","og:type":"article","og:title":"Bellv\u00eds, Rodr\u00edguez y Toni, descartes de Luis Enrique para recibir al Betis - El Digital de Asturias","og:description":"Vigo, 24 ene (EFE).- El entrenador del Celta de Vigo, Luis Enrique, ha dado a conocer este viernes la convocatoria de 18 futbolistas para el encuentro que esta noche su equipo disputar\u00e1 en Bala\u00eddos contra el Betis, una lista en la que no figuran por decisi\u00f3n t\u00e9cnica Carlos Bellv\u00eds, David Rodr\u00edguez y Toni. Con los","og:url":"https:\/\/www.eldigitaldeasturias.com\/noticias\/bellvis-rodriguez-y-toni-descartes-de-luis-enrique-para-recibir-al-betis\/","og:image":"https:\/\/www.eldigitaldeasturias.com\/noticias\/wp-content\/uploads\/2026\/06\/Contenidos.jpg","og:image:secure_url":"https:\/\/www.eldigitaldeasturias.com\/noticias\/wp-content\/uploads\/2026\/06\/Contenidos.jpg","og:image:width":1265,"og:image:height":697,"article:tag":["actualidad"],"article:published_time":"2014-01-25T07:02:57+00:00","article:modified_time":"2014-01-25T07:02:57+00:00","article:publisher":"https:\/\/facebook.com\/eldigitaldeasturias","twitter:card":"summary_large_image","twitter:title":"Bellv\u00eds, Rodr\u00edguez y Toni, descartes de Luis Enrique para recibir al Betis - El Digital de Asturias","twitter:description":"Vigo, 24 ene (EFE).- El entrenador del Celta de Vigo, Luis Enrique, ha dado a conocer este viernes la convocatoria de 18 futbolistas para el encuentro que esta noche su equipo disputar\u00e1 en Bala\u00eddos contra el Betis, una lista en la que no figuran por decisi\u00f3n t\u00e9cnica Carlos Bellv\u00eds, David Rodr\u00edguez y Toni. Con los","twitter:image":"https:\/\/www.eldigitaldeasturias.com\/noticias\/wp-content\/uploads\/2026\/06\/Contenidos.jpg","twitter:label1":"Escrito por","twitter:data1":"El Digital de Asturias","twitter:label2":"Tiempo de lectura estimado","twitter:data2":"1 minuto"},"aioseo_meta_data":{"post_id":"478429","title":null,"description":null,"keywords":null,"keyphrases":null,"primary_term":null,"canonical_url":null,"og_title":null,"og_description":null,"og_object_type":"default","og_image_type":"default","og_image_url":null,"og_image_width":null,"og_image_height":null,"og_image_custom_url":null,"og_image_custom_fields":null,"og_video":null,"og_custom_url":null,"og_article_section":null,"og_article_tags":null,"twitter_use_og":true,"twitter_card":"default","twitter_image_type":"default","twitter_image_url":null,"twitter_image_custom_url":null,"twitter_image_custom_fields":null,"twitter_title":null,"twitter_description":null,"schema":{"blockGraphs":[],"customGraphs":[],"default":{"data":{"Article":[],"Course":[],"Dataset":[],"FAQPage":[],"Movie":[],"Person":[],"Product":[],"ProductReview":[],"Car":[],"Recipe":[],"Service":[],"SoftwareApplication":[],"WebPage":[]},"graphName":"","isEnabled":true},"graphs":[],"defaultGraph":"","defaultPostTypeGraph":""},"schema_type":null,"schema_type_options":null,"pillar_content":false,"robots_default":true,"robots_noindex":false,"robots_noarchive":false,"robots_nosnippet":false,"robots_nofollow":false,"robots_noimageindex":false,"robots_noodp":false,"robots_notranslate":false,"robots_max_snippet":null,"robots_max_videopreview":null,"robots_max_imagepreview":"none","priority":null,"frequency":null,"local_seo":null,"seo_analyzer_scan_date":"2026-06-01 21:32:00","breadcrumb_settings":null,"limit_modified_date":false,"open_ai":null,"ai":null,"created":"2020-11-14 22:53:55","updated":"2026-06-01 21:32:00","focus_keyword":null,"additional_keywords":null,"truseo_locale":null},"aioseo_breadcrumb":"<div class=\"aioseo-breadcrumbs\"><span class=\"aioseo-breadcrumb\">\n\t<a href=\"https:\/\/www.eldigitaldeasturias.com\/noticias\" title=\"Home\">Home<\/a>\n<\/span><span class=\"aioseo-breadcrumb-separator\">\u2013<\/span><span class=\"aioseo-breadcrumb\">\n\t<a href=\"https:\/\/www.eldigitaldeasturias.com\/noticias\/category\/actualidad\/\" title=\"Actualidad\">Actualidad<\/a>\n<\/span><span class=\"aioseo-breadcrumb-separator\">\u2013<\/span><span class=\"aioseo-breadcrumb\">\n\t<a href=\"https:\/\/www.eldigitaldeasturias.com\/noticias\/bellvis-rodriguez-y-toni-descartes-de-luis-enrique-para-recibir-al-betis\/\" title=\"Bellv\u00eds, Rodr\u00edguez y Toni, descartes de Luis Enrique para recibir al Betis\">Bellv\u00eds, Rodr\u00edguez y Toni, descartes de Luis Enrique para recibir al Betis<\/a>\n<\/span><\/div>","aioseo_breadcrumb_json":[{"label":"Home","link":"https:\/\/www.eldigitaldeasturias.com\/noticias"},{"label":"Actualidad","link":"https:\/\/www.eldigitaldeasturias.com\/noticias\/category\/actualidad\/"},{"label":"Bellv\u00eds, Rodr\u00edguez y Toni, descartes de Luis Enrique para recibir al Betis","link":"https:\/\/www.eldigitaldeasturias.com\/noticias\/bellvis-rodriguez-y-toni-descartes-de-luis-enrique-para-recibir-al-betis\/"}],"_links":{"self":[{"href":"https:\/\/www.eldigitaldeasturias.com\/noticias\/wp-json\/wp\/v2\/posts\/478429","targetHints":{"allow":["GET"]}}],"collection":[{"href":"https:\/\/www.eldigitaldeasturias.com\/noticias\/wp-json\/wp\/v2\/posts"}],"about":[{"href":"https:\/\/www.eldigitaldeasturias.com\/noticias\/wp-json\/wp\/v2\/types\/post"}],"author":[{"embeddable":true,"href":"https:\/\/www.eldigitaldeasturias.com\/noticias\/wp-json\/wp\/v2\/users\/1"}],"replies":[{"embeddable":true,"href":"https:\/\/www.eldigitaldeasturias.com\/noticias\/wp-json\/wp\/v2\/comments?post=478429"}],"version-history":[{"count":0,"href":"https:\/\/www.eldigitaldeasturias.com\/noticias\/wp-json\/wp\/v2\/posts\/478429\/revisions"}],"wp:featuredmedia":[{"embeddable":true,"href":"https:\/\/www.eldigitaldeasturias.com\/noticias\/wp-json\/wp\/v2\/media\/1132184"}],"wp:attachment":[{"href":"https:\/\/www.eldigitaldeasturias.com\/noticias\/wp-json\/wp\/v2\/media?parent=478429"}],"wp:term":[{"taxonomy":"category","embeddable":true,"href":"https:\/\/www.eldigitaldeasturias.com\/noticias\/wp-json\/wp\/v2\/categories?post=478429"},{"taxonomy":"post_tag","embeddable":true,"href":"https:\/\/www.eldigitaldeasturias.com\/noticias\/wp-json\/wp\/v2\/tags?post=478429"}],"curies":[{"name":"wp","href":"https:\/\/api.w.org\/{rel}","templated":true}]}}