{"id":478408,"date":"2014-01-25T05:51:30","date_gmt":"2014-01-25T06:51:30","guid":{"rendered":"http:\/\/www.eldigitaldeasturias.com\/noticias\/?p=478408"},"modified":"2014-01-25T05:51:30","modified_gmt":"2014-01-25T06:51:30","slug":"linea-1-del-metro-de-panama-sera-sometida-a-un-largo-de-pruebas-por-seguridad","status":"publish","type":"post","link":"https:\/\/www.eldigitaldeasturias.com\/noticias\/linea-1-del-metro-de-panama-sera-sometida-a-un-largo-de-pruebas-por-seguridad\/","title":{"rendered":"L\u00ednea 1 del Metro de Panam\u00e1 ser\u00e1 sometida a un largo de pruebas por seguridad"},"content":{"rendered":"<p><img loading=\"lazy\" decoding=\"async\" class=\"alignleft size-medium wp-image-478409\" alt=\"5872937w\" src=\"https:\/\/www.eldigitaldeasturias.com\/noticias\/wp-content\/uploads\/2014\/01\/5872937w-360x221.jpg\" width=\"360\" height=\"221\" \/>(EFE).- La L\u00ednea 1 del Metro de Ciudad de Panam\u00e1, que construye la espa\u00f1ola FCC y cuya inauguraci\u00f3n oficial est\u00e1 prevista para el 5 de marzo, ser\u00e1 sometida a un periodo largo de pruebas hasta abril por razones de seguridad y por ser un medio nuevo de transporte, inform\u00f3 hoy una fuente oficial.<\/p>\n<p>El secretario del Metro, Roberto Roy, dijo hoy ante un foro de la Asociaci\u00f3n Paname\u00f1a de Ejecutivos de Empresa (APEDE) que, aunque la construcci\u00f3n del Metro estar\u00e1 concluida el 29 de febrero, como se hab\u00eda programado, estas pruebas son necesarias.<\/p>\n<p>Explic\u00f3 que se empezar\u00e1 por realizar pruebas sin gente, mientras que las primeras con pasajeros, \u00abpor razones de seguridad\u00bb, ser\u00edan en abril.<\/p>\n<p>Roy indic\u00f3 que hay que tener precauci\u00f3n ya que lo \u00abdif\u00edcil viene ahora con la parte m\u00e1s importante que es la calibraci\u00f3n de todo el sistema de trenes, lo que se conoce como las pruebas de carrusel\u00bb.<\/p>\n<p>\u00abEs un periodo largo de pruebas que hay que hacer ahora, hay que ir con mucho cuidado, poco a poco, se comienza con dos trenes, despu\u00e9s cuatro, seis. Eso toma tiempo\u00bb, a\u00f1adi\u00f3.<\/p>\n<p>El jefe de la Secretar\u00eda del Metro recalc\u00f3 que esto es as\u00ed porque se prev\u00e9 una \u00abdemanda demasiado grande\u00bb por tratarse de un sistema \u00abdemasiado nuevo\u00bb.<\/p>\n<p>\u00abSi de pronto dejamos entrar a todo el mundo a la misma vez podemos tener problemas de seguridad y eso s\u00ed lo queremos evitar\u00bb, acot\u00f3.<\/p>\n<p>Destac\u00f3 que se trabaja tambi\u00e9n para que la misma ciudad capital sea influenciada positivamente por el Metro, un proyecto a largo plazo que se expandir\u00e1 a otras dos l\u00edneas porque \u00abla L\u00ednea 1 -dijo- solo es el comienzo\u00bb.<\/p>\n<p>En ese sentido, anunci\u00f3 que el Ministerio de Vivienda (MIVI) ha elaborado un nuevo plan parcial de ordenamiento territorial para densificar la ciudad a lo largo de la L\u00ednea del Metro, para agilizar la movilidad urbana y bajar el flujo de tr\u00e1fico en la periferia.<\/p>\n<p>La L\u00ednea 1, que cubre 13,7 kil\u00f3metros y tiene un coste de 1.800 millones de d\u00f3lares, es construida por el consorcio integrado por la brasile\u00f1a Norberto Odebrecht y la espa\u00f1ola Fomento de Construcciones y Contratas.<\/p>\n<p>Roy explic\u00f3 que a la L\u00ednea 1, que va de Norte a Sur de la ciudad, seguir\u00e1 la L\u00ednea 2, que requerir\u00e1 una inversi\u00f3n de 2.200 millones de d\u00f3lares, y la 3, que cruzar\u00e1 el Canal interoce\u00e1nico hacia La Chorrera, al oeste de la capital.<\/p>\n<p>Agreg\u00f3 que la L\u00ednea 2 est\u00e1 en estudio y podr\u00eda ser licitada entre mayo y junio pr\u00f3ximo, para adjudicarla en julio o agosto.<\/p>\n<p>La L\u00ednea 3, seg\u00fan Roy, es un \u00abreto bien grande de ingenier\u00eda\u00bb por lo del cruce del Canal, para lo cual se ha barajado la construcci\u00f3n de un t\u00fanel \u00abmuy profundo\u00bb o un puente \u00abmuy alto\u00bb.<\/p>\n<p>Esta \u00faltima l\u00ednea, de 21 kil\u00f3metros, consistir\u00e1 en un monorra\u00edl que atravesar\u00e1 el Canal por un nuevo puente que se proyecta construir junto al actual Puente de las Am\u00e9ricas, o un t\u00fanel bajo la v\u00eda acu\u00e1tica, en el \u00faltimo tramo de la salida por el Pac\u00edfico.<\/p>\n<p>Unir\u00e1 la urbe con las cercanas poblaciones de Arraij\u00e1n y La Chorrera, aut\u00e9nticas ciudades dormitorios de la capital con m\u00e1s de 300.000 habitantes.<\/p>\n","protected":false},"excerpt":{"rendered":"<p>(EFE).- La L\u00ednea 1 del Metro de Ciudad de Panam\u00e1, que construye la espa\u00f1ola FCC y cuya inauguraci\u00f3n oficial est\u00e1 prevista para el 5 de marzo, ser\u00e1 sometida a un periodo largo de pruebas hasta abril por razones de seguridad y por ser un medio nuevo de transporte, inform\u00f3 hoy una fuente oficial. El secretario [&hellip;]<\/p>\n","protected":false},"author":1,"featured_media":1132184,"comment_status":"closed","ping_status":"open","sticky":false,"template":"","format":"standard","meta":{"footnotes":""},"categories":[1],"tags":[],"class_list":["post-478408","post","type-post","status-publish","format-standard","has-post-thumbnail","hentry","category-actualidad"],"aioseo_notices":[],"aioseo_head":"\n\t\t<!-- All in One SEO Pro 5.0.1 - aioseo.com -->\n\t<meta name=\"description\" content=\"(EFE).- La L\u00ednea 1 del Metro de Ciudad de Panam\u00e1, que construye la espa\u00f1ola FCC y cuya inauguraci\u00f3n oficial est\u00e1 prevista para el 5 de marzo, ser\u00e1 sometida a un periodo largo de pruebas hasta abril por razones de seguridad y por ser un medio nuevo de transporte, inform\u00f3 hoy una fuente oficial. El secretario\" \/>\n\t<meta name=\"robots\" content=\"max-image-preview:large\" \/>\n\t<meta name=\"author\" content=\"El Digital de Asturias\"\/>\n\t<meta name=\"google-site-verification\" content=\"UA-38556648-1\" \/>\n\t<meta name=\"msvalidate.01\" content=\"7dfe9f3f1b24437ab69f4f2559babe99\" \/>\n\t<meta name=\"keywords\" content=\"actualidad\" \/>\n\t<link rel=\"canonical\" href=\"https:\/\/www.eldigitaldeasturias.com\/noticias\/linea-1-del-metro-de-panama-sera-sometida-a-un-largo-de-pruebas-por-seguridad\/\" \/>\n\t<meta name=\"generator\" content=\"All in One SEO Pro (AIOSEO) 5.0.1\" \/>\n\t\t<meta property=\"og:locale\" content=\"es_ES\" \/>\n\t\t<meta property=\"og:site_name\" content=\"El Digital de Asturias\" \/>\n\t\t<meta property=\"og:type\" content=\"article\" \/>\n\t\t<meta property=\"og:title\" content=\"L\u00ednea 1 del Metro de Panam\u00e1 ser\u00e1 sometida a un largo de pruebas por seguridad - El Digital de Asturias\" \/>\n\t\t<meta property=\"og:description\" content=\"(EFE).- La L\u00ednea 1 del Metro de Ciudad de Panam\u00e1, que construye la espa\u00f1ola FCC y cuya inauguraci\u00f3n oficial est\u00e1 prevista para el 5 de marzo, ser\u00e1 sometida a un periodo largo de pruebas hasta abril por razones de seguridad y por ser un medio nuevo de transporte, inform\u00f3 hoy una fuente oficial. El secretario\" \/>\n\t\t<meta property=\"og:url\" content=\"https:\/\/www.eldigitaldeasturias.com\/noticias\/linea-1-del-metro-de-panama-sera-sometida-a-un-largo-de-pruebas-por-seguridad\/\" \/>\n\t\t<meta property=\"og:image\" content=\"https:\/\/www.eldigitaldeasturias.com\/noticias\/wp-content\/uploads\/2026\/06\/Contenidos.jpg\" \/>\n\t\t<meta property=\"og:image:secure_url\" content=\"https:\/\/www.eldigitaldeasturias.com\/noticias\/wp-content\/uploads\/2026\/06\/Contenidos.jpg\" \/>\n\t\t<meta property=\"og:image:width\" content=\"1265\" \/>\n\t\t<meta property=\"og:image:height\" content=\"697\" \/>\n\t\t<meta property=\"article:tag\" content=\"actualidad\" \/>\n\t\t<meta property=\"article:published_time\" content=\"2014-01-25T06:51:30+00:00\" \/>\n\t\t<meta property=\"article:modified_time\" content=\"2014-01-25T06:51:30+00:00\" \/>\n\t\t<meta property=\"article:publisher\" content=\"https:\/\/facebook.com\/eldigitaldeasturias\" \/>\n\t\t<meta name=\"twitter:card\" content=\"summary_large_image\" \/>\n\t\t<meta name=\"twitter:title\" content=\"L\u00ednea 1 del Metro de Panam\u00e1 ser\u00e1 sometida a un largo de pruebas por seguridad - El Digital de Asturias\" \/>\n\t\t<meta name=\"twitter:description\" content=\"(EFE).- La L\u00ednea 1 del Metro de Ciudad de Panam\u00e1, que construye la espa\u00f1ola FCC y cuya inauguraci\u00f3n oficial est\u00e1 prevista para el 5 de marzo, ser\u00e1 sometida a un periodo largo de pruebas hasta abril por razones de seguridad y por ser un medio nuevo de transporte, inform\u00f3 hoy una fuente oficial. El secretario\" \/>\n\t\t<meta name=\"twitter:image\" content=\"https:\/\/www.eldigitaldeasturias.com\/noticias\/wp-content\/uploads\/2026\/06\/Contenidos.jpg\" \/>\n\t\t<meta name=\"twitter:label1\" content=\"Escrito por\" \/>\n\t\t<meta name=\"twitter:data1\" content=\"El Digital de Asturias\" \/>\n\t\t<meta name=\"twitter:label2\" content=\"Tiempo de lectura estimado\" \/>\n\t\t<meta name=\"twitter:data2\" content=\"3 minutos\" \/>\n\t\t<script type=\"application\/ld+json\" class=\"aioseo-schema\">\n\t\t\t{\"@context\":\"https:\\\/\\\/schema.org\",\"@graph\":[{\"@type\":\"BlogPosting\",\"@id\":\"https:\\\/\\\/www.eldigitaldeasturias.com\\\/noticias\\\/linea-1-del-metro-de-panama-sera-sometida-a-un-largo-de-pruebas-por-seguridad\\\/#blogposting\",\"name\":\"L\\u00ednea 1 del Metro de Panam\\u00e1 ser\\u00e1 sometida a un largo de pruebas por seguridad - El Digital de Asturias\",\"headline\":\"L\\u00ednea 1 del Metro de Panam\\u00e1 ser\\u00e1 sometida a un largo de pruebas por seguridad\",\"author\":{\"@id\":\"https:\\\/\\\/www.eldigitaldeasturias.com\\\/noticias\\\/author\\\/admin\\\/#author\"},\"publisher\":{\"@id\":\"https:\\\/\\\/www.eldigitaldeasturias.com\\\/noticias\\\/#organization\"},\"image\":{\"@type\":\"ImageObject\",\"url\":\"https:\\\/\\\/www.eldigitaldeasturias.com\\\/noticias\\\/wp-content\\\/uploads\\\/2026\\\/06\\\/Contenidos.jpg\",\"width\":1265,\"height\":697,\"caption\":\"Contenidos\"},\"datePublished\":\"2014-01-25T05:51:30+01:00\",\"dateModified\":\"2014-01-25T05:51:30+01:00\",\"inLanguage\":\"es-ES\",\"mainEntityOfPage\":{\"@id\":\"https:\\\/\\\/www.eldigitaldeasturias.com\\\/noticias\\\/linea-1-del-metro-de-panama-sera-sometida-a-un-largo-de-pruebas-por-seguridad\\\/#webpage\"},\"isPartOf\":{\"@id\":\"https:\\\/\\\/www.eldigitaldeasturias.com\\\/noticias\\\/linea-1-del-metro-de-panama-sera-sometida-a-un-largo-de-pruebas-por-seguridad\\\/#webpage\"},\"articleSection\":\"Actualidad\"},{\"@type\":\"BreadcrumbList\",\"@id\":\"https:\\\/\\\/www.eldigitaldeasturias.com\\\/noticias\\\/linea-1-del-metro-de-panama-sera-sometida-a-un-largo-de-pruebas-por-seguridad\\\/#breadcrumblist\",\"itemListElement\":[{\"@type\":\"ListItem\",\"@id\":\"https:\\\/\\\/www.eldigitaldeasturias.com\\\/noticias#listItem\",\"position\":1,\"name\":\"Home\",\"item\":\"https:\\\/\\\/www.eldigitaldeasturias.com\\\/noticias\",\"nextItem\":{\"@type\":\"ListItem\",\"@id\":\"https:\\\/\\\/www.eldigitaldeasturias.com\\\/noticias\\\/category\\\/actualidad\\\/#listItem\",\"name\":\"Actualidad\"}},{\"@type\":\"ListItem\",\"@id\":\"https:\\\/\\\/www.eldigitaldeasturias.com\\\/noticias\\\/category\\\/actualidad\\\/#listItem\",\"position\":2,\"name\":\"Actualidad\",\"item\":\"https:\\\/\\\/www.eldigitaldeasturias.com\\\/noticias\\\/category\\\/actualidad\\\/\",\"nextItem\":{\"@type\":\"ListItem\",\"@id\":\"https:\\\/\\\/www.eldigitaldeasturias.com\\\/noticias\\\/linea-1-del-metro-de-panama-sera-sometida-a-un-largo-de-pruebas-por-seguridad\\\/#listItem\",\"name\":\"L\\u00ednea 1 del Metro de Panam\\u00e1 ser\\u00e1 sometida a un largo de pruebas por seguridad\"},\"previousItem\":{\"@type\":\"ListItem\",\"@id\":\"https:\\\/\\\/www.eldigitaldeasturias.com\\\/noticias#listItem\",\"name\":\"Home\"}},{\"@type\":\"ListItem\",\"@id\":\"https:\\\/\\\/www.eldigitaldeasturias.com\\\/noticias\\\/linea-1-del-metro-de-panama-sera-sometida-a-un-largo-de-pruebas-por-seguridad\\\/#listItem\",\"position\":3,\"name\":\"L\\u00ednea 1 del Metro de Panam\\u00e1 ser\\u00e1 sometida a un largo de pruebas por seguridad\",\"previousItem\":{\"@type\":\"ListItem\",\"@id\":\"https:\\\/\\\/www.eldigitaldeasturias.com\\\/noticias\\\/category\\\/actualidad\\\/#listItem\",\"name\":\"Actualidad\"}}]},{\"@type\":\"Organization\",\"@id\":\"https:\\\/\\\/www.eldigitaldeasturias.com\\\/noticias\\\/#organization\",\"name\":\"El Digital de Asturias\",\"description\":\"Hemeroteca\",\"url\":\"https:\\\/\\\/www.eldigitaldeasturias.com\\\/noticias\\\/\",\"email\":\"info@eldigitaldeasturias.com\",\"telephone\":\"+34652131393\",\"logo\":{\"@type\":\"ImageObject\",\"url\":\"https:\\\/\\\/www.eldigitaldeasturias.com\\\/noticias\\\/wp-content\\\/uploads\\\/2020\\\/12\\\/EDA.jpg\",\"@id\":\"https:\\\/\\\/www.eldigitaldeasturias.com\\\/noticias\\\/linea-1-del-metro-de-panama-sera-sometida-a-un-largo-de-pruebas-por-seguridad\\\/#organizationLogo\"},\"image\":{\"@id\":\"https:\\\/\\\/www.eldigitaldeasturias.com\\\/noticias\\\/linea-1-del-metro-de-panama-sera-sometida-a-un-largo-de-pruebas-por-seguridad\\\/#organizationLogo\"},\"sameAs\":[\"https:\\\/\\\/facebook.com\\\/eldigitaldeasturias\",\"https:\\\/\\\/www.youtube.com\\\/channel\\\/UCZP-2wLEB9Rv6erhFmqVnvg\"],\"address\":{\"@id\":\"https:\\\/\\\/www.eldigitaldeasturias.com\\\/noticias\\\/#postaladdress\",\"@type\":\"PostalAddress\",\"streetAddress\":\"san antonio 4\",\"postalCode\":\"33430\",\"addressLocality\":\"Cand\\u00e1s\",\"addressRegion\":\"Asturias\",\"addressCountry\":\"ES\"}},{\"@type\":\"Person\",\"@id\":\"https:\\\/\\\/www.eldigitaldeasturias.com\\\/noticias\\\/author\\\/admin\\\/#author\",\"url\":\"https:\\\/\\\/www.eldigitaldeasturias.com\\\/noticias\\\/author\\\/admin\\\/\",\"name\":\"El Digital de Asturias\",\"image\":{\"@type\":\"ImageObject\",\"@id\":\"https:\\\/\\\/www.eldigitaldeasturias.com\\\/noticias\\\/linea-1-del-metro-de-panama-sera-sometida-a-un-largo-de-pruebas-por-seguridad\\\/#authorImage\",\"url\":\"https:\\\/\\\/secure.gravatar.com\\\/avatar\\\/df2aeffc32bcd13f8d26072ef8a91b623d677766deac7f97ca815868cd41bf5e?s=96&d=mm&r=g\",\"width\":96,\"height\":96,\"caption\":\"El Digital de Asturias\"}},{\"@type\":\"WebPage\",\"@id\":\"https:\\\/\\\/www.eldigitaldeasturias.com\\\/noticias\\\/linea-1-del-metro-de-panama-sera-sometida-a-un-largo-de-pruebas-por-seguridad\\\/#webpage\",\"url\":\"https:\\\/\\\/www.eldigitaldeasturias.com\\\/noticias\\\/linea-1-del-metro-de-panama-sera-sometida-a-un-largo-de-pruebas-por-seguridad\\\/\",\"name\":\"L\\u00ednea 1 del Metro de Panam\\u00e1 ser\\u00e1 sometida a un largo de pruebas por seguridad - El Digital de Asturias\",\"description\":\"(EFE).- La L\\u00ednea 1 del Metro de Ciudad de Panam\\u00e1, que construye la espa\\u00f1ola FCC y cuya inauguraci\\u00f3n oficial est\\u00e1 prevista para el 5 de marzo, ser\\u00e1 sometida a un periodo largo de pruebas hasta abril por razones de seguridad y por ser un medio nuevo de transporte, inform\\u00f3 hoy una fuente oficial. El secretario\",\"inLanguage\":\"es-ES\",\"isPartOf\":{\"@id\":\"https:\\\/\\\/www.eldigitaldeasturias.com\\\/noticias\\\/#website\"},\"breadcrumb\":{\"@id\":\"https:\\\/\\\/www.eldigitaldeasturias.com\\\/noticias\\\/linea-1-del-metro-de-panama-sera-sometida-a-un-largo-de-pruebas-por-seguridad\\\/#breadcrumblist\"},\"author\":{\"@id\":\"https:\\\/\\\/www.eldigitaldeasturias.com\\\/noticias\\\/author\\\/admin\\\/#author\"},\"creator\":{\"@id\":\"https:\\\/\\\/www.eldigitaldeasturias.com\\\/noticias\\\/author\\\/admin\\\/#author\"},\"image\":{\"@type\":\"ImageObject\",\"url\":\"https:\\\/\\\/www.eldigitaldeasturias.com\\\/noticias\\\/wp-content\\\/uploads\\\/2026\\\/06\\\/Contenidos.jpg\",\"@id\":\"https:\\\/\\\/www.eldigitaldeasturias.com\\\/noticias\\\/linea-1-del-metro-de-panama-sera-sometida-a-un-largo-de-pruebas-por-seguridad\\\/#mainImage\",\"width\":1265,\"height\":697,\"caption\":\"Contenidos\"},\"primaryImageOfPage\":{\"@id\":\"https:\\\/\\\/www.eldigitaldeasturias.com\\\/noticias\\\/linea-1-del-metro-de-panama-sera-sometida-a-un-largo-de-pruebas-por-seguridad\\\/#mainImage\"},\"datePublished\":\"2014-01-25T05:51:30+01:00\",\"dateModified\":\"2014-01-25T05:51:30+01:00\"},{\"@type\":\"WebSite\",\"@id\":\"https:\\\/\\\/www.eldigitaldeasturias.com\\\/noticias\\\/#website\",\"url\":\"https:\\\/\\\/www.eldigitaldeasturias.com\\\/noticias\\\/\",\"name\":\"El Digital de Asturias - Diario de actualidad y noticias\",\"alternateName\":\"El Digital de Asturias - Diario de actualidad y noticias\",\"description\":\"Hemeroteca\",\"inLanguage\":\"es-ES\",\"publisher\":{\"@id\":\"https:\\\/\\\/www.eldigitaldeasturias.com\\\/noticias\\\/#organization\"}}]}\n\t\t<\/script>\n\t\t<!-- All in One SEO Pro -->\r\n\t\t<title>L\u00ednea 1 del Metro de Panam\u00e1 ser\u00e1 sometida a un largo de pruebas por seguridad - El Digital de Asturias<\/title>\n\n","aioseo_head_json":{"title":"L\u00ednea 1 del Metro de Panam\u00e1 ser\u00e1 sometida a un largo de pruebas por seguridad - El Digital de Asturias","description":"(EFE).- La L\u00ednea 1 del Metro de Ciudad de Panam\u00e1, que construye la espa\u00f1ola FCC y cuya inauguraci\u00f3n oficial est\u00e1 prevista para el 5 de marzo, ser\u00e1 sometida a un periodo largo de pruebas hasta abril por razones de seguridad y por ser un medio nuevo de transporte, inform\u00f3 hoy una fuente oficial. El secretario","canonical_url":"https:\/\/www.eldigitaldeasturias.com\/noticias\/linea-1-del-metro-de-panama-sera-sometida-a-un-largo-de-pruebas-por-seguridad\/","robots":"max-image-preview:large","keywords":"actualidad","webmasterTools":{"google-site-verification":"UA-38556648-1","msvalidate.01":"7dfe9f3f1b24437ab69f4f2559babe99","miscellaneous":""},"schema":{"@context":"https:\/\/schema.org","@graph":[{"@type":"BlogPosting","@id":"https:\/\/www.eldigitaldeasturias.com\/noticias\/linea-1-del-metro-de-panama-sera-sometida-a-un-largo-de-pruebas-por-seguridad\/#blogposting","name":"L\u00ednea 1 del Metro de Panam\u00e1 ser\u00e1 sometida a un largo de pruebas por seguridad - El Digital de Asturias","headline":"L\u00ednea 1 del Metro de Panam\u00e1 ser\u00e1 sometida a un largo de pruebas por seguridad","author":{"@id":"https:\/\/www.eldigitaldeasturias.com\/noticias\/author\/admin\/#author"},"publisher":{"@id":"https:\/\/www.eldigitaldeasturias.com\/noticias\/#organization"},"image":{"@type":"ImageObject","url":"https:\/\/www.eldigitaldeasturias.com\/noticias\/wp-content\/uploads\/2026\/06\/Contenidos.jpg","width":1265,"height":697,"caption":"Contenidos"},"datePublished":"2014-01-25T05:51:30+01:00","dateModified":"2014-01-25T05:51:30+01:00","inLanguage":"es-ES","mainEntityOfPage":{"@id":"https:\/\/www.eldigitaldeasturias.com\/noticias\/linea-1-del-metro-de-panama-sera-sometida-a-un-largo-de-pruebas-por-seguridad\/#webpage"},"isPartOf":{"@id":"https:\/\/www.eldigitaldeasturias.com\/noticias\/linea-1-del-metro-de-panama-sera-sometida-a-un-largo-de-pruebas-por-seguridad\/#webpage"},"articleSection":"Actualidad"},{"@type":"BreadcrumbList","@id":"https:\/\/www.eldigitaldeasturias.com\/noticias\/linea-1-del-metro-de-panama-sera-sometida-a-un-largo-de-pruebas-por-seguridad\/#breadcrumblist","itemListElement":[{"@type":"ListItem","@id":"https:\/\/www.eldigitaldeasturias.com\/noticias#listItem","position":1,"name":"Home","item":"https:\/\/www.eldigitaldeasturias.com\/noticias","nextItem":{"@type":"ListItem","@id":"https:\/\/www.eldigitaldeasturias.com\/noticias\/category\/actualidad\/#listItem","name":"Actualidad"}},{"@type":"ListItem","@id":"https:\/\/www.eldigitaldeasturias.com\/noticias\/category\/actualidad\/#listItem","position":2,"name":"Actualidad","item":"https:\/\/www.eldigitaldeasturias.com\/noticias\/category\/actualidad\/","nextItem":{"@type":"ListItem","@id":"https:\/\/www.eldigitaldeasturias.com\/noticias\/linea-1-del-metro-de-panama-sera-sometida-a-un-largo-de-pruebas-por-seguridad\/#listItem","name":"L\u00ednea 1 del Metro de Panam\u00e1 ser\u00e1 sometida a un largo de pruebas por seguridad"},"previousItem":{"@type":"ListItem","@id":"https:\/\/www.eldigitaldeasturias.com\/noticias#listItem","name":"Home"}},{"@type":"ListItem","@id":"https:\/\/www.eldigitaldeasturias.com\/noticias\/linea-1-del-metro-de-panama-sera-sometida-a-un-largo-de-pruebas-por-seguridad\/#listItem","position":3,"name":"L\u00ednea 1 del Metro de Panam\u00e1 ser\u00e1 sometida a un largo de pruebas por seguridad","previousItem":{"@type":"ListItem","@id":"https:\/\/www.eldigitaldeasturias.com\/noticias\/category\/actualidad\/#listItem","name":"Actualidad"}}]},{"@type":"Organization","@id":"https:\/\/www.eldigitaldeasturias.com\/noticias\/#organization","name":"El Digital de Asturias","description":"Hemeroteca","url":"https:\/\/www.eldigitaldeasturias.com\/noticias\/","email":"info@eldigitaldeasturias.com","telephone":"+34652131393","logo":{"@type":"ImageObject","url":"https:\/\/www.eldigitaldeasturias.com\/noticias\/wp-content\/uploads\/2020\/12\/EDA.jpg","@id":"https:\/\/www.eldigitaldeasturias.com\/noticias\/linea-1-del-metro-de-panama-sera-sometida-a-un-largo-de-pruebas-por-seguridad\/#organizationLogo"},"image":{"@id":"https:\/\/www.eldigitaldeasturias.com\/noticias\/linea-1-del-metro-de-panama-sera-sometida-a-un-largo-de-pruebas-por-seguridad\/#organizationLogo"},"sameAs":["https:\/\/facebook.com\/eldigitaldeasturias","https:\/\/www.youtube.com\/channel\/UCZP-2wLEB9Rv6erhFmqVnvg"],"address":{"@id":"https:\/\/www.eldigitaldeasturias.com\/noticias\/#postaladdress","@type":"PostalAddress","streetAddress":"san antonio 4","postalCode":"33430","addressLocality":"Cand\u00e1s","addressRegion":"Asturias","addressCountry":"ES"}},{"@type":"Person","@id":"https:\/\/www.eldigitaldeasturias.com\/noticias\/author\/admin\/#author","url":"https:\/\/www.eldigitaldeasturias.com\/noticias\/author\/admin\/","name":"El Digital de Asturias","image":{"@type":"ImageObject","@id":"https:\/\/www.eldigitaldeasturias.com\/noticias\/linea-1-del-metro-de-panama-sera-sometida-a-un-largo-de-pruebas-por-seguridad\/#authorImage","url":"https:\/\/secure.gravatar.com\/avatar\/df2aeffc32bcd13f8d26072ef8a91b623d677766deac7f97ca815868cd41bf5e?s=96&d=mm&r=g","width":96,"height":96,"caption":"El Digital de Asturias"}},{"@type":"WebPage","@id":"https:\/\/www.eldigitaldeasturias.com\/noticias\/linea-1-del-metro-de-panama-sera-sometida-a-un-largo-de-pruebas-por-seguridad\/#webpage","url":"https:\/\/www.eldigitaldeasturias.com\/noticias\/linea-1-del-metro-de-panama-sera-sometida-a-un-largo-de-pruebas-por-seguridad\/","name":"L\u00ednea 1 del Metro de Panam\u00e1 ser\u00e1 sometida a un largo de pruebas por seguridad - El Digital de Asturias","description":"(EFE).- La L\u00ednea 1 del Metro de Ciudad de Panam\u00e1, que construye la espa\u00f1ola FCC y cuya inauguraci\u00f3n oficial est\u00e1 prevista para el 5 de marzo, ser\u00e1 sometida a un periodo largo de pruebas hasta abril por razones de seguridad y por ser un medio nuevo de transporte, inform\u00f3 hoy una fuente oficial. El secretario","inLanguage":"es-ES","isPartOf":{"@id":"https:\/\/www.eldigitaldeasturias.com\/noticias\/#website"},"breadcrumb":{"@id":"https:\/\/www.eldigitaldeasturias.com\/noticias\/linea-1-del-metro-de-panama-sera-sometida-a-un-largo-de-pruebas-por-seguridad\/#breadcrumblist"},"author":{"@id":"https:\/\/www.eldigitaldeasturias.com\/noticias\/author\/admin\/#author"},"creator":{"@id":"https:\/\/www.eldigitaldeasturias.com\/noticias\/author\/admin\/#author"},"image":{"@type":"ImageObject","url":"https:\/\/www.eldigitaldeasturias.com\/noticias\/wp-content\/uploads\/2026\/06\/Contenidos.jpg","@id":"https:\/\/www.eldigitaldeasturias.com\/noticias\/linea-1-del-metro-de-panama-sera-sometida-a-un-largo-de-pruebas-por-seguridad\/#mainImage","width":1265,"height":697,"caption":"Contenidos"},"primaryImageOfPage":{"@id":"https:\/\/www.eldigitaldeasturias.com\/noticias\/linea-1-del-metro-de-panama-sera-sometida-a-un-largo-de-pruebas-por-seguridad\/#mainImage"},"datePublished":"2014-01-25T05:51:30+01:00","dateModified":"2014-01-25T05:51:30+01:00"},{"@type":"WebSite","@id":"https:\/\/www.eldigitaldeasturias.com\/noticias\/#website","url":"https:\/\/www.eldigitaldeasturias.com\/noticias\/","name":"El Digital de Asturias - Diario de actualidad y noticias","alternateName":"El Digital de Asturias - Diario de actualidad y noticias","description":"Hemeroteca","inLanguage":"es-ES","publisher":{"@id":"https:\/\/www.eldigitaldeasturias.com\/noticias\/#organization"}}]},"og:locale":"es_ES","og:site_name":"El Digital de Asturias","og:type":"article","og:title":"L\u00ednea 1 del Metro de Panam\u00e1 ser\u00e1 sometida a un largo de pruebas por seguridad - El Digital de Asturias","og:description":"(EFE).- La L\u00ednea 1 del Metro de Ciudad de Panam\u00e1, que construye la espa\u00f1ola FCC y cuya inauguraci\u00f3n oficial est\u00e1 prevista para el 5 de marzo, ser\u00e1 sometida a un periodo largo de pruebas hasta abril por razones de seguridad y por ser un medio nuevo de transporte, inform\u00f3 hoy una fuente oficial. El secretario","og:url":"https:\/\/www.eldigitaldeasturias.com\/noticias\/linea-1-del-metro-de-panama-sera-sometida-a-un-largo-de-pruebas-por-seguridad\/","og:image":"https:\/\/www.eldigitaldeasturias.com\/noticias\/wp-content\/uploads\/2026\/06\/Contenidos.jpg","og:image:secure_url":"https:\/\/www.eldigitaldeasturias.com\/noticias\/wp-content\/uploads\/2026\/06\/Contenidos.jpg","og:image:width":1265,"og:image:height":697,"article:tag":["actualidad"],"article:published_time":"2014-01-25T06:51:30+00:00","article:modified_time":"2014-01-25T06:51:30+00:00","article:publisher":"https:\/\/facebook.com\/eldigitaldeasturias","twitter:card":"summary_large_image","twitter:title":"L\u00ednea 1 del Metro de Panam\u00e1 ser\u00e1 sometida a un largo de pruebas por seguridad - El Digital de Asturias","twitter:description":"(EFE).- La L\u00ednea 1 del Metro de Ciudad de Panam\u00e1, que construye la espa\u00f1ola FCC y cuya inauguraci\u00f3n oficial est\u00e1 prevista para el 5 de marzo, ser\u00e1 sometida a un periodo largo de pruebas hasta abril por razones de seguridad y por ser un medio nuevo de transporte, inform\u00f3 hoy una fuente oficial. El secretario","twitter:image":"https:\/\/www.eldigitaldeasturias.com\/noticias\/wp-content\/uploads\/2026\/06\/Contenidos.jpg","twitter:label1":"Escrito por","twitter:data1":"El Digital de Asturias","twitter:label2":"Tiempo de lectura estimado","twitter:data2":"3 minutos"},"aioseo_meta_data":{"post_id":"478408","title":null,"description":null,"keywords":null,"keyphrases":null,"primary_term":null,"canonical_url":null,"og_title":null,"og_description":null,"og_object_type":"default","og_image_type":"default","og_image_url":null,"og_image_width":null,"og_image_height":null,"og_image_custom_url":null,"og_image_custom_fields":null,"og_video":null,"og_custom_url":null,"og_article_section":null,"og_article_tags":null,"twitter_use_og":true,"twitter_card":"default","twitter_image_type":"default","twitter_image_url":null,"twitter_image_custom_url":null,"twitter_image_custom_fields":null,"twitter_title":null,"twitter_description":null,"schema":{"blockGraphs":[],"customGraphs":[],"default":{"data":{"Article":[],"Course":[],"Dataset":[],"FAQPage":[],"Movie":[],"Person":[],"Product":[],"ProductReview":[],"Car":[],"Recipe":[],"Service":[],"SoftwareApplication":[],"WebPage":[]},"graphName":"","isEnabled":true},"graphs":[],"defaultGraph":"","defaultPostTypeGraph":""},"schema_type":null,"schema_type_options":null,"pillar_content":false,"robots_default":true,"robots_noindex":false,"robots_noarchive":false,"robots_nosnippet":false,"robots_nofollow":false,"robots_noimageindex":false,"robots_noodp":false,"robots_notranslate":false,"robots_max_snippet":null,"robots_max_videopreview":null,"robots_max_imagepreview":"none","priority":null,"frequency":null,"local_seo":null,"seo_analyzer_scan_date":"2026-06-01 21:27:37","breadcrumb_settings":null,"limit_modified_date":false,"open_ai":null,"ai":null,"created":"2020-11-14 22:53:55","updated":"2026-06-01 21:27:37","focus_keyword":null,"additional_keywords":null,"truseo_locale":null},"aioseo_breadcrumb":"<div class=\"aioseo-breadcrumbs\"><span class=\"aioseo-breadcrumb\">\n\t<a href=\"https:\/\/www.eldigitaldeasturias.com\/noticias\" title=\"Home\">Home<\/a>\n<\/span><span class=\"aioseo-breadcrumb-separator\">\u2013<\/span><span class=\"aioseo-breadcrumb\">\n\t<a href=\"https:\/\/www.eldigitaldeasturias.com\/noticias\/category\/actualidad\/\" title=\"Actualidad\">Actualidad<\/a>\n<\/span><span class=\"aioseo-breadcrumb-separator\">\u2013<\/span><span class=\"aioseo-breadcrumb\">\n\t<a href=\"https:\/\/www.eldigitaldeasturias.com\/noticias\/linea-1-del-metro-de-panama-sera-sometida-a-un-largo-de-pruebas-por-seguridad\/\" title=\"L\u00ednea 1 del Metro de Panam\u00e1 ser\u00e1 sometida a un largo de pruebas por seguridad\">L\u00ednea 1 del Metro de Panam\u00e1 ser\u00e1 sometida a un largo de pruebas por seguridad<\/a>\n<\/span><\/div>","aioseo_breadcrumb_json":[{"label":"Home","link":"https:\/\/www.eldigitaldeasturias.com\/noticias"},{"label":"Actualidad","link":"https:\/\/www.eldigitaldeasturias.com\/noticias\/category\/actualidad\/"},{"label":"L\u00ednea 1 del Metro de Panam\u00e1 ser\u00e1 sometida a un largo de pruebas por seguridad","link":"https:\/\/www.eldigitaldeasturias.com\/noticias\/linea-1-del-metro-de-panama-sera-sometida-a-un-largo-de-pruebas-por-seguridad\/"}],"_links":{"self":[{"href":"https:\/\/www.eldigitaldeasturias.com\/noticias\/wp-json\/wp\/v2\/posts\/478408","targetHints":{"allow":["GET"]}}],"collection":[{"href":"https:\/\/www.eldigitaldeasturias.com\/noticias\/wp-json\/wp\/v2\/posts"}],"about":[{"href":"https:\/\/www.eldigitaldeasturias.com\/noticias\/wp-json\/wp\/v2\/types\/post"}],"author":[{"embeddable":true,"href":"https:\/\/www.eldigitaldeasturias.com\/noticias\/wp-json\/wp\/v2\/users\/1"}],"replies":[{"embeddable":true,"href":"https:\/\/www.eldigitaldeasturias.com\/noticias\/wp-json\/wp\/v2\/comments?post=478408"}],"version-history":[{"count":0,"href":"https:\/\/www.eldigitaldeasturias.com\/noticias\/wp-json\/wp\/v2\/posts\/478408\/revisions"}],"wp:featuredmedia":[{"embeddable":true,"href":"https:\/\/www.eldigitaldeasturias.com\/noticias\/wp-json\/wp\/v2\/media\/1132184"}],"wp:attachment":[{"href":"https:\/\/www.eldigitaldeasturias.com\/noticias\/wp-json\/wp\/v2\/media?parent=478408"}],"wp:term":[{"taxonomy":"category","embeddable":true,"href":"https:\/\/www.eldigitaldeasturias.com\/noticias\/wp-json\/wp\/v2\/categories?post=478408"},{"taxonomy":"post_tag","embeddable":true,"href":"https:\/\/www.eldigitaldeasturias.com\/noticias\/wp-json\/wp\/v2\/tags?post=478408"}],"curies":[{"name":"wp","href":"https:\/\/api.w.org\/{rel}","templated":true}]}}