{"id":478402,"date":"2014-01-25T05:47:17","date_gmt":"2014-01-25T06:47:17","guid":{"rendered":"http:\/\/www.eldigitaldeasturias.com\/noticias\/?p=478402"},"modified":"2014-01-25T05:47:17","modified_gmt":"2014-01-25T06:47:17","slug":"falcao-campos-y-suazo-victimas-de-un-virus-que-ataca-a-las-figuras-antes-del-mundial","status":"publish","type":"post","link":"https:\/\/www.eldigitaldeasturias.com\/noticias\/falcao-campos-y-suazo-victimas-de-un-virus-que-ataca-a-las-figuras-antes-del-mundial\/","title":{"rendered":"Falcao, Campos y Suazo, v\u00edctimas de \u00abun virus\u00bb que ataca a las figuras antes del Mundial"},"content":{"rendered":"<p><img loading=\"lazy\" decoding=\"async\" class=\"alignleft size-medium wp-image-478403\" alt=\"5872791w\" src=\"https:\/\/www.eldigitaldeasturias.com\/noticias\/wp-content\/uploads\/2014\/01\/5872791w-360x236.jpg\" width=\"360\" height=\"236\" \/>(EFE).- El colombiano Radamel Falcao y el chileno Humberto Suazo tendr\u00e1n hasta junio una carrera contra el tiempo para evitar correr la mala suerte del ecuatoriano Jayro Campos, a quien una delicada lesi\u00f3n le ha arrebatado el sue\u00f1o de jugar el Mundial de Brasil.<\/p>\n<p>Si la rotura del tend\u00f3n de Aquiles sac\u00f3 de carrera el 13 de enero al lateral Campos, como la rotura de ligamentos de la rodilla izquierda ha condenado al ingl\u00e9s Theo Walcott; los casos de &#8216;el Tigre&#8217; Falcao y &#8216;el Chupete&#8217; Suazo est\u00e1n ahora vinculados a la fe y un milagro, como seguramente es el caso del alem\u00e1n Sami Khedira.<\/p>\n<p>Falcao ser\u00e1 intervenido este s\u00e1bado de la fractura en el ligamento cruzado anterior de la rodilla izquierda que sufri\u00f3 el mi\u00e9rcoles en un partido de dieciseisavos de final de la Copa de Francia contra un equipo de Tercera divisi\u00f3n.<\/p>\n<p>Suazo, exgoleador de las eliminatorias del Mundial y de la Copa Sudamericana, fue operado en M\u00e9xico el 20 de enero de una vieja lesi\u00f3n en el hombro izquierdo y los m\u00e9dicos del Monterrey creen que tarde cuatro meses para volver a las canchas.<\/p>\n<p>El Mundial de Brasil comenzar\u00e1 el 12 de junio y los seis meses previstos, como m\u00ednimo, para la recuperaci\u00f3n de Campos, persuadieron al seleccionador de Ecuador, Reinaldo Rueda, a anunciar la mala noticia y a buscar alternativas para marcar la zona derecha.<\/p>\n<p>Las lesiones a meses de un Mundial de f\u00fatbol se cobran v\u00edctimas de todos los niveles.<\/p>\n<p>Los ingleses David Beckham, Michael Owen, Owen Hargreaves y Rio Ferdinand; los portugueses Nani y Filipe Luis; el argentino Diego Milito; el alem\u00e1n Michael Ballack y el ghan\u00e9s Michael Essien fueron los grandes ausentes por sendas lesiones del Mundial de Sud\u00e1frica.<\/p>\n<p>Pero nada comparado con el caso del paraguayo Salvador Caba\u00f1as, que recibi\u00f3 un balazo en la cabeza que puso fin a su carrera en Ciudad de M\u00e9xico, en enero del 2010.<\/p>\n<p>Con miras al pr\u00f3ximo Mundial, el brasile\u00f1o Fred, goleador de la Copa Confederaciones 2013 junto con el espa\u00f1ol Fernando Torres, ya luchan para seguir compitiendo por un puesto en la lista final de Luiz Felipe Scolari.<\/p>\n<p>El atacante del Fluminense se perdi\u00f3 los amistosos de la Canarinha del 7 y 10 de septiembre contra Australia y Portugal por una lesi\u00f3n muscular durante un partido contra el Santos que lo dej\u00f3 sin actividad por casi cuatro meses.<\/p>\n<p>No obstante, el exjugador del Olympique de Lyon franc\u00e9s ya est\u00e1 a las \u00f3rdenes de Renato Ga\u00facho para debutar en el Campeonato Carioca.<\/p>\n<p>Si algunos buscan escapar a las lesiones o recuperarse de ellas, otros buscan jugar m\u00e1s para que sus seleccionadores los tengan en cuenta en la lista final de 23 convocados.<\/p>\n<p>El uruguayo \u00c1lvaro Pereira cambi\u00f3 al Inter italiano, donde era reserva, con la esperanza de recuperar el ritmo en el Sao Paulo brasile\u00f1o, mucho m\u00e1s cerca de la mirada de Oscar Washington Tab\u00e1rez.<\/p>\n<p>El exjugador del Oporto portugu\u00e9s y el Cluj rumano fue titular con la selecci\u00f3n uruguaya en apenas nueve encuentros de las eliminatorias sudamericanas, pero disput\u00f3 los dos de la repesca contra Jordania.<\/p>\n<p>El ecuatoriano Edison M\u00e9ndez, de 34 a\u00f1os y quien jug\u00f3 en las \u00faltimas dos temporadas en Liga de Quito, se enrol\u00f3 en las filas del Independiente Santa Fe colombiano por recomendaci\u00f3n del seleccionador Rueda para preservar las formas f\u00edsica y futbol\u00edstica.<\/p>\n<p>Un exjugador del Santa Fe y alternante en la selecci\u00f3n colombiana Carlos Vald\u00e9s tambi\u00e9n busca espacio en el San Lorenzo argentino para convencer al seleccionador Jos\u00e9 Pekerman de que debe incluirlo en su lista de convocados.<\/p>\n","protected":false},"excerpt":{"rendered":"<p>(EFE).- El colombiano Radamel Falcao y el chileno Humberto Suazo tendr\u00e1n hasta junio una carrera contra el tiempo para evitar correr la mala suerte del ecuatoriano Jayro Campos, a quien una delicada lesi\u00f3n le ha arrebatado el sue\u00f1o de jugar el Mundial de Brasil. Si la rotura del tend\u00f3n de Aquiles sac\u00f3 de carrera el [&hellip;]<\/p>\n","protected":false},"author":1,"featured_media":1132184,"comment_status":"closed","ping_status":"open","sticky":false,"template":"","format":"standard","meta":{"footnotes":""},"categories":[1],"tags":[],"class_list":["post-478402","post","type-post","status-publish","format-standard","has-post-thumbnail","hentry","category-actualidad"],"aioseo_notices":[],"aioseo_head":"\n\t\t<!-- All in One SEO Pro 5.0.1 - aioseo.com -->\n\t<meta name=\"description\" content=\"(EFE).- El colombiano Radamel Falcao y el chileno Humberto Suazo tendr\u00e1n hasta junio una carrera contra el tiempo para evitar correr la mala suerte del ecuatoriano Jayro Campos, a quien una delicada lesi\u00f3n le ha arrebatado el sue\u00f1o de jugar el Mundial de Brasil. Si la rotura del tend\u00f3n de Aquiles sac\u00f3 de carrera el\" \/>\n\t<meta name=\"robots\" content=\"max-image-preview:large\" \/>\n\t<meta name=\"author\" content=\"El Digital de Asturias\"\/>\n\t<meta name=\"google-site-verification\" content=\"UA-38556648-1\" \/>\n\t<meta name=\"msvalidate.01\" content=\"7dfe9f3f1b24437ab69f4f2559babe99\" \/>\n\t<meta name=\"keywords\" content=\"actualidad\" \/>\n\t<link rel=\"canonical\" href=\"https:\/\/www.eldigitaldeasturias.com\/noticias\/falcao-campos-y-suazo-victimas-de-un-virus-que-ataca-a-las-figuras-antes-del-mundial\/\" \/>\n\t<meta name=\"generator\" content=\"All in One SEO Pro (AIOSEO) 5.0.1\" \/>\n\t\t<meta property=\"og:locale\" content=\"es_ES\" \/>\n\t\t<meta property=\"og:site_name\" content=\"El Digital de Asturias\" \/>\n\t\t<meta property=\"og:type\" content=\"article\" \/>\n\t\t<meta property=\"og:title\" content=\"Falcao, Campos y Suazo, v\u00edctimas de \u00abun virus\u00bb que ataca a las figuras antes del Mundial - El Digital de Asturias\" \/>\n\t\t<meta property=\"og:description\" content=\"(EFE).- El colombiano Radamel Falcao y el chileno Humberto Suazo tendr\u00e1n hasta junio una carrera contra el tiempo para evitar correr la mala suerte del ecuatoriano Jayro Campos, a quien una delicada lesi\u00f3n le ha arrebatado el sue\u00f1o de jugar el Mundial de Brasil. Si la rotura del tend\u00f3n de Aquiles sac\u00f3 de carrera el\" \/>\n\t\t<meta property=\"og:url\" content=\"https:\/\/www.eldigitaldeasturias.com\/noticias\/falcao-campos-y-suazo-victimas-de-un-virus-que-ataca-a-las-figuras-antes-del-mundial\/\" \/>\n\t\t<meta property=\"og:image\" content=\"https:\/\/www.eldigitaldeasturias.com\/noticias\/wp-content\/uploads\/2026\/06\/Contenidos.jpg\" \/>\n\t\t<meta property=\"og:image:secure_url\" content=\"https:\/\/www.eldigitaldeasturias.com\/noticias\/wp-content\/uploads\/2026\/06\/Contenidos.jpg\" \/>\n\t\t<meta property=\"og:image:width\" content=\"1265\" \/>\n\t\t<meta property=\"og:image:height\" content=\"697\" \/>\n\t\t<meta property=\"article:tag\" content=\"actualidad\" \/>\n\t\t<meta property=\"article:published_time\" content=\"2014-01-25T06:47:17+00:00\" \/>\n\t\t<meta property=\"article:modified_time\" content=\"2014-01-25T06:47:17+00:00\" \/>\n\t\t<meta property=\"article:publisher\" content=\"https:\/\/facebook.com\/eldigitaldeasturias\" \/>\n\t\t<meta name=\"twitter:card\" content=\"summary_large_image\" \/>\n\t\t<meta name=\"twitter:title\" content=\"Falcao, Campos y Suazo, v\u00edctimas de \u00abun virus\u00bb que ataca a las figuras antes del Mundial - El Digital de Asturias\" \/>\n\t\t<meta name=\"twitter:description\" content=\"(EFE).- El colombiano Radamel Falcao y el chileno Humberto Suazo tendr\u00e1n hasta junio una carrera contra el tiempo para evitar correr la mala suerte del ecuatoriano Jayro Campos, a quien una delicada lesi\u00f3n le ha arrebatado el sue\u00f1o de jugar el Mundial de Brasil. Si la rotura del tend\u00f3n de Aquiles sac\u00f3 de carrera el\" \/>\n\t\t<meta name=\"twitter:image\" content=\"https:\/\/www.eldigitaldeasturias.com\/noticias\/wp-content\/uploads\/2026\/06\/Contenidos.jpg\" \/>\n\t\t<meta name=\"twitter:label1\" content=\"Escrito por\" \/>\n\t\t<meta name=\"twitter:data1\" content=\"El Digital de Asturias\" \/>\n\t\t<meta name=\"twitter:label2\" content=\"Tiempo de lectura estimado\" \/>\n\t\t<meta name=\"twitter:data2\" content=\"3 minutos\" \/>\n\t\t<script type=\"application\/ld+json\" class=\"aioseo-schema\">\n\t\t\t{\"@context\":\"https:\\\/\\\/schema.org\",\"@graph\":[{\"@type\":\"BlogPosting\",\"@id\":\"https:\\\/\\\/www.eldigitaldeasturias.com\\\/noticias\\\/falcao-campos-y-suazo-victimas-de-un-virus-que-ataca-a-las-figuras-antes-del-mundial\\\/#blogposting\",\"name\":\"Falcao, Campos y Suazo, v\\u00edctimas de \\u00abun virus\\u00bb que ataca a las figuras antes del Mundial - El Digital de Asturias\",\"headline\":\"Falcao, Campos y Suazo, v\\u00edctimas de \\u00abun virus\\u00bb que ataca a las figuras antes del Mundial\",\"author\":{\"@id\":\"https:\\\/\\\/www.eldigitaldeasturias.com\\\/noticias\\\/author\\\/admin\\\/#author\"},\"publisher\":{\"@id\":\"https:\\\/\\\/www.eldigitaldeasturias.com\\\/noticias\\\/#organization\"},\"image\":{\"@type\":\"ImageObject\",\"url\":\"https:\\\/\\\/www.eldigitaldeasturias.com\\\/noticias\\\/wp-content\\\/uploads\\\/2026\\\/06\\\/Contenidos.jpg\",\"width\":1265,\"height\":697,\"caption\":\"Contenidos\"},\"datePublished\":\"2014-01-25T05:47:17+01:00\",\"dateModified\":\"2014-01-25T05:47:17+01:00\",\"inLanguage\":\"es-ES\",\"mainEntityOfPage\":{\"@id\":\"https:\\\/\\\/www.eldigitaldeasturias.com\\\/noticias\\\/falcao-campos-y-suazo-victimas-de-un-virus-que-ataca-a-las-figuras-antes-del-mundial\\\/#webpage\"},\"isPartOf\":{\"@id\":\"https:\\\/\\\/www.eldigitaldeasturias.com\\\/noticias\\\/falcao-campos-y-suazo-victimas-de-un-virus-que-ataca-a-las-figuras-antes-del-mundial\\\/#webpage\"},\"articleSection\":\"Actualidad\"},{\"@type\":\"BreadcrumbList\",\"@id\":\"https:\\\/\\\/www.eldigitaldeasturias.com\\\/noticias\\\/falcao-campos-y-suazo-victimas-de-un-virus-que-ataca-a-las-figuras-antes-del-mundial\\\/#breadcrumblist\",\"itemListElement\":[{\"@type\":\"ListItem\",\"@id\":\"https:\\\/\\\/www.eldigitaldeasturias.com\\\/noticias#listItem\",\"position\":1,\"name\":\"Home\",\"item\":\"https:\\\/\\\/www.eldigitaldeasturias.com\\\/noticias\",\"nextItem\":{\"@type\":\"ListItem\",\"@id\":\"https:\\\/\\\/www.eldigitaldeasturias.com\\\/noticias\\\/category\\\/actualidad\\\/#listItem\",\"name\":\"Actualidad\"}},{\"@type\":\"ListItem\",\"@id\":\"https:\\\/\\\/www.eldigitaldeasturias.com\\\/noticias\\\/category\\\/actualidad\\\/#listItem\",\"position\":2,\"name\":\"Actualidad\",\"item\":\"https:\\\/\\\/www.eldigitaldeasturias.com\\\/noticias\\\/category\\\/actualidad\\\/\",\"nextItem\":{\"@type\":\"ListItem\",\"@id\":\"https:\\\/\\\/www.eldigitaldeasturias.com\\\/noticias\\\/falcao-campos-y-suazo-victimas-de-un-virus-que-ataca-a-las-figuras-antes-del-mundial\\\/#listItem\",\"name\":\"Falcao, Campos y Suazo, v\\u00edctimas de \\u00abun virus\\u00bb que ataca a las figuras antes del Mundial\"},\"previousItem\":{\"@type\":\"ListItem\",\"@id\":\"https:\\\/\\\/www.eldigitaldeasturias.com\\\/noticias#listItem\",\"name\":\"Home\"}},{\"@type\":\"ListItem\",\"@id\":\"https:\\\/\\\/www.eldigitaldeasturias.com\\\/noticias\\\/falcao-campos-y-suazo-victimas-de-un-virus-que-ataca-a-las-figuras-antes-del-mundial\\\/#listItem\",\"position\":3,\"name\":\"Falcao, Campos y Suazo, v\\u00edctimas de \\u00abun virus\\u00bb que ataca a las figuras antes del Mundial\",\"previousItem\":{\"@type\":\"ListItem\",\"@id\":\"https:\\\/\\\/www.eldigitaldeasturias.com\\\/noticias\\\/category\\\/actualidad\\\/#listItem\",\"name\":\"Actualidad\"}}]},{\"@type\":\"Organization\",\"@id\":\"https:\\\/\\\/www.eldigitaldeasturias.com\\\/noticias\\\/#organization\",\"name\":\"El Digital de Asturias\",\"description\":\"Hemeroteca\",\"url\":\"https:\\\/\\\/www.eldigitaldeasturias.com\\\/noticias\\\/\",\"email\":\"info@eldigitaldeasturias.com\",\"telephone\":\"+34652131393\",\"logo\":{\"@type\":\"ImageObject\",\"url\":\"https:\\\/\\\/www.eldigitaldeasturias.com\\\/noticias\\\/wp-content\\\/uploads\\\/2020\\\/12\\\/EDA.jpg\",\"@id\":\"https:\\\/\\\/www.eldigitaldeasturias.com\\\/noticias\\\/falcao-campos-y-suazo-victimas-de-un-virus-que-ataca-a-las-figuras-antes-del-mundial\\\/#organizationLogo\"},\"image\":{\"@id\":\"https:\\\/\\\/www.eldigitaldeasturias.com\\\/noticias\\\/falcao-campos-y-suazo-victimas-de-un-virus-que-ataca-a-las-figuras-antes-del-mundial\\\/#organizationLogo\"},\"sameAs\":[\"https:\\\/\\\/facebook.com\\\/eldigitaldeasturias\",\"https:\\\/\\\/www.youtube.com\\\/channel\\\/UCZP-2wLEB9Rv6erhFmqVnvg\"],\"address\":{\"@id\":\"https:\\\/\\\/www.eldigitaldeasturias.com\\\/noticias\\\/#postaladdress\",\"@type\":\"PostalAddress\",\"streetAddress\":\"san antonio 4\",\"postalCode\":\"33430\",\"addressLocality\":\"Cand\\u00e1s\",\"addressRegion\":\"Asturias\",\"addressCountry\":\"ES\"}},{\"@type\":\"Person\",\"@id\":\"https:\\\/\\\/www.eldigitaldeasturias.com\\\/noticias\\\/author\\\/admin\\\/#author\",\"url\":\"https:\\\/\\\/www.eldigitaldeasturias.com\\\/noticias\\\/author\\\/admin\\\/\",\"name\":\"El Digital de Asturias\",\"image\":{\"@type\":\"ImageObject\",\"@id\":\"https:\\\/\\\/www.eldigitaldeasturias.com\\\/noticias\\\/falcao-campos-y-suazo-victimas-de-un-virus-que-ataca-a-las-figuras-antes-del-mundial\\\/#authorImage\",\"url\":\"https:\\\/\\\/secure.gravatar.com\\\/avatar\\\/df2aeffc32bcd13f8d26072ef8a91b623d677766deac7f97ca815868cd41bf5e?s=96&d=mm&r=g\",\"width\":96,\"height\":96,\"caption\":\"El Digital de Asturias\"}},{\"@type\":\"WebPage\",\"@id\":\"https:\\\/\\\/www.eldigitaldeasturias.com\\\/noticias\\\/falcao-campos-y-suazo-victimas-de-un-virus-que-ataca-a-las-figuras-antes-del-mundial\\\/#webpage\",\"url\":\"https:\\\/\\\/www.eldigitaldeasturias.com\\\/noticias\\\/falcao-campos-y-suazo-victimas-de-un-virus-que-ataca-a-las-figuras-antes-del-mundial\\\/\",\"name\":\"Falcao, Campos y Suazo, v\\u00edctimas de \\u00abun virus\\u00bb que ataca a las figuras antes del Mundial - El Digital de Asturias\",\"description\":\"(EFE).- El colombiano Radamel Falcao y el chileno Humberto Suazo tendr\\u00e1n hasta junio una carrera contra el tiempo para evitar correr la mala suerte del ecuatoriano Jayro Campos, a quien una delicada lesi\\u00f3n le ha arrebatado el sue\\u00f1o de jugar el Mundial de Brasil. Si la rotura del tend\\u00f3n de Aquiles sac\\u00f3 de carrera el\",\"inLanguage\":\"es-ES\",\"isPartOf\":{\"@id\":\"https:\\\/\\\/www.eldigitaldeasturias.com\\\/noticias\\\/#website\"},\"breadcrumb\":{\"@id\":\"https:\\\/\\\/www.eldigitaldeasturias.com\\\/noticias\\\/falcao-campos-y-suazo-victimas-de-un-virus-que-ataca-a-las-figuras-antes-del-mundial\\\/#breadcrumblist\"},\"author\":{\"@id\":\"https:\\\/\\\/www.eldigitaldeasturias.com\\\/noticias\\\/author\\\/admin\\\/#author\"},\"creator\":{\"@id\":\"https:\\\/\\\/www.eldigitaldeasturias.com\\\/noticias\\\/author\\\/admin\\\/#author\"},\"image\":{\"@type\":\"ImageObject\",\"url\":\"https:\\\/\\\/www.eldigitaldeasturias.com\\\/noticias\\\/wp-content\\\/uploads\\\/2026\\\/06\\\/Contenidos.jpg\",\"@id\":\"https:\\\/\\\/www.eldigitaldeasturias.com\\\/noticias\\\/falcao-campos-y-suazo-victimas-de-un-virus-que-ataca-a-las-figuras-antes-del-mundial\\\/#mainImage\",\"width\":1265,\"height\":697,\"caption\":\"Contenidos\"},\"primaryImageOfPage\":{\"@id\":\"https:\\\/\\\/www.eldigitaldeasturias.com\\\/noticias\\\/falcao-campos-y-suazo-victimas-de-un-virus-que-ataca-a-las-figuras-antes-del-mundial\\\/#mainImage\"},\"datePublished\":\"2014-01-25T05:47:17+01:00\",\"dateModified\":\"2014-01-25T05:47:17+01:00\"},{\"@type\":\"WebSite\",\"@id\":\"https:\\\/\\\/www.eldigitaldeasturias.com\\\/noticias\\\/#website\",\"url\":\"https:\\\/\\\/www.eldigitaldeasturias.com\\\/noticias\\\/\",\"name\":\"El Digital de Asturias - Diario de actualidad y noticias\",\"alternateName\":\"El Digital de Asturias - Diario de actualidad y noticias\",\"description\":\"Hemeroteca\",\"inLanguage\":\"es-ES\",\"publisher\":{\"@id\":\"https:\\\/\\\/www.eldigitaldeasturias.com\\\/noticias\\\/#organization\"}}]}\n\t\t<\/script>\n\t\t<!-- All in One SEO Pro -->\r\n\t\t<title>Falcao, Campos y Suazo, v\u00edctimas de \u00abun virus\u00bb que ataca a las figuras antes del Mundial - El Digital de Asturias<\/title>\n\n","aioseo_head_json":{"title":"Falcao, Campos y Suazo, v\u00edctimas de \u00abun virus\u00bb que ataca a las figuras antes del Mundial - El Digital de Asturias","description":"(EFE).- El colombiano Radamel Falcao y el chileno Humberto Suazo tendr\u00e1n hasta junio una carrera contra el tiempo para evitar correr la mala suerte del ecuatoriano Jayro Campos, a quien una delicada lesi\u00f3n le ha arrebatado el sue\u00f1o de jugar el Mundial de Brasil. Si la rotura del tend\u00f3n de Aquiles sac\u00f3 de carrera el","canonical_url":"https:\/\/www.eldigitaldeasturias.com\/noticias\/falcao-campos-y-suazo-victimas-de-un-virus-que-ataca-a-las-figuras-antes-del-mundial\/","robots":"max-image-preview:large","keywords":"actualidad","webmasterTools":{"google-site-verification":"UA-38556648-1","msvalidate.01":"7dfe9f3f1b24437ab69f4f2559babe99","miscellaneous":""},"schema":{"@context":"https:\/\/schema.org","@graph":[{"@type":"BlogPosting","@id":"https:\/\/www.eldigitaldeasturias.com\/noticias\/falcao-campos-y-suazo-victimas-de-un-virus-que-ataca-a-las-figuras-antes-del-mundial\/#blogposting","name":"Falcao, Campos y Suazo, v\u00edctimas de \u00abun virus\u00bb que ataca a las figuras antes del Mundial - El Digital de Asturias","headline":"Falcao, Campos y Suazo, v\u00edctimas de \u00abun virus\u00bb que ataca a las figuras antes del Mundial","author":{"@id":"https:\/\/www.eldigitaldeasturias.com\/noticias\/author\/admin\/#author"},"publisher":{"@id":"https:\/\/www.eldigitaldeasturias.com\/noticias\/#organization"},"image":{"@type":"ImageObject","url":"https:\/\/www.eldigitaldeasturias.com\/noticias\/wp-content\/uploads\/2026\/06\/Contenidos.jpg","width":1265,"height":697,"caption":"Contenidos"},"datePublished":"2014-01-25T05:47:17+01:00","dateModified":"2014-01-25T05:47:17+01:00","inLanguage":"es-ES","mainEntityOfPage":{"@id":"https:\/\/www.eldigitaldeasturias.com\/noticias\/falcao-campos-y-suazo-victimas-de-un-virus-que-ataca-a-las-figuras-antes-del-mundial\/#webpage"},"isPartOf":{"@id":"https:\/\/www.eldigitaldeasturias.com\/noticias\/falcao-campos-y-suazo-victimas-de-un-virus-que-ataca-a-las-figuras-antes-del-mundial\/#webpage"},"articleSection":"Actualidad"},{"@type":"BreadcrumbList","@id":"https:\/\/www.eldigitaldeasturias.com\/noticias\/falcao-campos-y-suazo-victimas-de-un-virus-que-ataca-a-las-figuras-antes-del-mundial\/#breadcrumblist","itemListElement":[{"@type":"ListItem","@id":"https:\/\/www.eldigitaldeasturias.com\/noticias#listItem","position":1,"name":"Home","item":"https:\/\/www.eldigitaldeasturias.com\/noticias","nextItem":{"@type":"ListItem","@id":"https:\/\/www.eldigitaldeasturias.com\/noticias\/category\/actualidad\/#listItem","name":"Actualidad"}},{"@type":"ListItem","@id":"https:\/\/www.eldigitaldeasturias.com\/noticias\/category\/actualidad\/#listItem","position":2,"name":"Actualidad","item":"https:\/\/www.eldigitaldeasturias.com\/noticias\/category\/actualidad\/","nextItem":{"@type":"ListItem","@id":"https:\/\/www.eldigitaldeasturias.com\/noticias\/falcao-campos-y-suazo-victimas-de-un-virus-que-ataca-a-las-figuras-antes-del-mundial\/#listItem","name":"Falcao, Campos y Suazo, v\u00edctimas de \u00abun virus\u00bb que ataca a las figuras antes del Mundial"},"previousItem":{"@type":"ListItem","@id":"https:\/\/www.eldigitaldeasturias.com\/noticias#listItem","name":"Home"}},{"@type":"ListItem","@id":"https:\/\/www.eldigitaldeasturias.com\/noticias\/falcao-campos-y-suazo-victimas-de-un-virus-que-ataca-a-las-figuras-antes-del-mundial\/#listItem","position":3,"name":"Falcao, Campos y Suazo, v\u00edctimas de \u00abun virus\u00bb que ataca a las figuras antes del Mundial","previousItem":{"@type":"ListItem","@id":"https:\/\/www.eldigitaldeasturias.com\/noticias\/category\/actualidad\/#listItem","name":"Actualidad"}}]},{"@type":"Organization","@id":"https:\/\/www.eldigitaldeasturias.com\/noticias\/#organization","name":"El Digital de Asturias","description":"Hemeroteca","url":"https:\/\/www.eldigitaldeasturias.com\/noticias\/","email":"info@eldigitaldeasturias.com","telephone":"+34652131393","logo":{"@type":"ImageObject","url":"https:\/\/www.eldigitaldeasturias.com\/noticias\/wp-content\/uploads\/2020\/12\/EDA.jpg","@id":"https:\/\/www.eldigitaldeasturias.com\/noticias\/falcao-campos-y-suazo-victimas-de-un-virus-que-ataca-a-las-figuras-antes-del-mundial\/#organizationLogo"},"image":{"@id":"https:\/\/www.eldigitaldeasturias.com\/noticias\/falcao-campos-y-suazo-victimas-de-un-virus-que-ataca-a-las-figuras-antes-del-mundial\/#organizationLogo"},"sameAs":["https:\/\/facebook.com\/eldigitaldeasturias","https:\/\/www.youtube.com\/channel\/UCZP-2wLEB9Rv6erhFmqVnvg"],"address":{"@id":"https:\/\/www.eldigitaldeasturias.com\/noticias\/#postaladdress","@type":"PostalAddress","streetAddress":"san antonio 4","postalCode":"33430","addressLocality":"Cand\u00e1s","addressRegion":"Asturias","addressCountry":"ES"}},{"@type":"Person","@id":"https:\/\/www.eldigitaldeasturias.com\/noticias\/author\/admin\/#author","url":"https:\/\/www.eldigitaldeasturias.com\/noticias\/author\/admin\/","name":"El Digital de Asturias","image":{"@type":"ImageObject","@id":"https:\/\/www.eldigitaldeasturias.com\/noticias\/falcao-campos-y-suazo-victimas-de-un-virus-que-ataca-a-las-figuras-antes-del-mundial\/#authorImage","url":"https:\/\/secure.gravatar.com\/avatar\/df2aeffc32bcd13f8d26072ef8a91b623d677766deac7f97ca815868cd41bf5e?s=96&d=mm&r=g","width":96,"height":96,"caption":"El Digital de Asturias"}},{"@type":"WebPage","@id":"https:\/\/www.eldigitaldeasturias.com\/noticias\/falcao-campos-y-suazo-victimas-de-un-virus-que-ataca-a-las-figuras-antes-del-mundial\/#webpage","url":"https:\/\/www.eldigitaldeasturias.com\/noticias\/falcao-campos-y-suazo-victimas-de-un-virus-que-ataca-a-las-figuras-antes-del-mundial\/","name":"Falcao, Campos y Suazo, v\u00edctimas de \u00abun virus\u00bb que ataca a las figuras antes del Mundial - El Digital de Asturias","description":"(EFE).- El colombiano Radamel Falcao y el chileno Humberto Suazo tendr\u00e1n hasta junio una carrera contra el tiempo para evitar correr la mala suerte del ecuatoriano Jayro Campos, a quien una delicada lesi\u00f3n le ha arrebatado el sue\u00f1o de jugar el Mundial de Brasil. Si la rotura del tend\u00f3n de Aquiles sac\u00f3 de carrera el","inLanguage":"es-ES","isPartOf":{"@id":"https:\/\/www.eldigitaldeasturias.com\/noticias\/#website"},"breadcrumb":{"@id":"https:\/\/www.eldigitaldeasturias.com\/noticias\/falcao-campos-y-suazo-victimas-de-un-virus-que-ataca-a-las-figuras-antes-del-mundial\/#breadcrumblist"},"author":{"@id":"https:\/\/www.eldigitaldeasturias.com\/noticias\/author\/admin\/#author"},"creator":{"@id":"https:\/\/www.eldigitaldeasturias.com\/noticias\/author\/admin\/#author"},"image":{"@type":"ImageObject","url":"https:\/\/www.eldigitaldeasturias.com\/noticias\/wp-content\/uploads\/2026\/06\/Contenidos.jpg","@id":"https:\/\/www.eldigitaldeasturias.com\/noticias\/falcao-campos-y-suazo-victimas-de-un-virus-que-ataca-a-las-figuras-antes-del-mundial\/#mainImage","width":1265,"height":697,"caption":"Contenidos"},"primaryImageOfPage":{"@id":"https:\/\/www.eldigitaldeasturias.com\/noticias\/falcao-campos-y-suazo-victimas-de-un-virus-que-ataca-a-las-figuras-antes-del-mundial\/#mainImage"},"datePublished":"2014-01-25T05:47:17+01:00","dateModified":"2014-01-25T05:47:17+01:00"},{"@type":"WebSite","@id":"https:\/\/www.eldigitaldeasturias.com\/noticias\/#website","url":"https:\/\/www.eldigitaldeasturias.com\/noticias\/","name":"El Digital de Asturias - Diario de actualidad y noticias","alternateName":"El Digital de Asturias - Diario de actualidad y noticias","description":"Hemeroteca","inLanguage":"es-ES","publisher":{"@id":"https:\/\/www.eldigitaldeasturias.com\/noticias\/#organization"}}]},"og:locale":"es_ES","og:site_name":"El Digital de Asturias","og:type":"article","og:title":"Falcao, Campos y Suazo, v\u00edctimas de \u00abun virus\u00bb que ataca a las figuras antes del Mundial - El Digital de Asturias","og:description":"(EFE).- El colombiano Radamel Falcao y el chileno Humberto Suazo tendr\u00e1n hasta junio una carrera contra el tiempo para evitar correr la mala suerte del ecuatoriano Jayro Campos, a quien una delicada lesi\u00f3n le ha arrebatado el sue\u00f1o de jugar el Mundial de Brasil. Si la rotura del tend\u00f3n de Aquiles sac\u00f3 de carrera el","og:url":"https:\/\/www.eldigitaldeasturias.com\/noticias\/falcao-campos-y-suazo-victimas-de-un-virus-que-ataca-a-las-figuras-antes-del-mundial\/","og:image":"https:\/\/www.eldigitaldeasturias.com\/noticias\/wp-content\/uploads\/2026\/06\/Contenidos.jpg","og:image:secure_url":"https:\/\/www.eldigitaldeasturias.com\/noticias\/wp-content\/uploads\/2026\/06\/Contenidos.jpg","og:image:width":1265,"og:image:height":697,"article:tag":["actualidad"],"article:published_time":"2014-01-25T06:47:17+00:00","article:modified_time":"2014-01-25T06:47:17+00:00","article:publisher":"https:\/\/facebook.com\/eldigitaldeasturias","twitter:card":"summary_large_image","twitter:title":"Falcao, Campos y Suazo, v\u00edctimas de \u00abun virus\u00bb que ataca a las figuras antes del Mundial - El Digital de Asturias","twitter:description":"(EFE).- El colombiano Radamel Falcao y el chileno Humberto Suazo tendr\u00e1n hasta junio una carrera contra el tiempo para evitar correr la mala suerte del ecuatoriano Jayro Campos, a quien una delicada lesi\u00f3n le ha arrebatado el sue\u00f1o de jugar el Mundial de Brasil. Si la rotura del tend\u00f3n de Aquiles sac\u00f3 de carrera el","twitter:image":"https:\/\/www.eldigitaldeasturias.com\/noticias\/wp-content\/uploads\/2026\/06\/Contenidos.jpg","twitter:label1":"Escrito por","twitter:data1":"El Digital de Asturias","twitter:label2":"Tiempo de lectura estimado","twitter:data2":"3 minutos"},"aioseo_meta_data":{"post_id":"478402","title":null,"description":null,"keywords":null,"keyphrases":null,"primary_term":null,"canonical_url":null,"og_title":null,"og_description":null,"og_object_type":"default","og_image_type":"default","og_image_url":null,"og_image_width":null,"og_image_height":null,"og_image_custom_url":null,"og_image_custom_fields":null,"og_video":null,"og_custom_url":null,"og_article_section":null,"og_article_tags":null,"twitter_use_og":true,"twitter_card":"default","twitter_image_type":"default","twitter_image_url":null,"twitter_image_custom_url":null,"twitter_image_custom_fields":null,"twitter_title":null,"twitter_description":null,"schema":{"blockGraphs":[],"customGraphs":[],"default":{"data":{"Article":[],"Course":[],"Dataset":[],"FAQPage":[],"Movie":[],"Person":[],"Product":[],"ProductReview":[],"Car":[],"Recipe":[],"Service":[],"SoftwareApplication":[],"WebPage":[]},"graphName":"","isEnabled":true},"graphs":[],"defaultGraph":"","defaultPostTypeGraph":""},"schema_type":null,"schema_type_options":null,"pillar_content":false,"robots_default":true,"robots_noindex":false,"robots_noarchive":false,"robots_nosnippet":false,"robots_nofollow":false,"robots_noimageindex":false,"robots_noodp":false,"robots_notranslate":false,"robots_max_snippet":null,"robots_max_videopreview":null,"robots_max_imagepreview":"none","priority":null,"frequency":null,"local_seo":null,"seo_analyzer_scan_date":"2026-06-01 21:24:53","breadcrumb_settings":null,"limit_modified_date":false,"open_ai":null,"ai":null,"created":"2020-11-14 22:53:55","updated":"2026-06-01 21:24:53","focus_keyword":null,"additional_keywords":null,"truseo_locale":null},"aioseo_breadcrumb":"<div class=\"aioseo-breadcrumbs\"><span class=\"aioseo-breadcrumb\">\n\t<a href=\"https:\/\/www.eldigitaldeasturias.com\/noticias\" title=\"Home\">Home<\/a>\n<\/span><span class=\"aioseo-breadcrumb-separator\">\u2013<\/span><span class=\"aioseo-breadcrumb\">\n\t<a href=\"https:\/\/www.eldigitaldeasturias.com\/noticias\/category\/actualidad\/\" title=\"Actualidad\">Actualidad<\/a>\n<\/span><span class=\"aioseo-breadcrumb-separator\">\u2013<\/span><span class=\"aioseo-breadcrumb\">\n\t<a href=\"https:\/\/www.eldigitaldeasturias.com\/noticias\/falcao-campos-y-suazo-victimas-de-un-virus-que-ataca-a-las-figuras-antes-del-mundial\/\" title=\"Falcao, Campos y Suazo, v\u00edctimas de \u00abun virus\u00bb que ataca a las figuras antes del Mundial\">Falcao, Campos y Suazo, v\u00edctimas de \u00abun virus\u00bb que ataca a las figuras antes del Mundial<\/a>\n<\/span><\/div>","aioseo_breadcrumb_json":[{"label":"Home","link":"https:\/\/www.eldigitaldeasturias.com\/noticias"},{"label":"Actualidad","link":"https:\/\/www.eldigitaldeasturias.com\/noticias\/category\/actualidad\/"},{"label":"Falcao, Campos y Suazo, v\u00edctimas de \u00abun virus\u00bb que ataca a las figuras antes del Mundial","link":"https:\/\/www.eldigitaldeasturias.com\/noticias\/falcao-campos-y-suazo-victimas-de-un-virus-que-ataca-a-las-figuras-antes-del-mundial\/"}],"_links":{"self":[{"href":"https:\/\/www.eldigitaldeasturias.com\/noticias\/wp-json\/wp\/v2\/posts\/478402","targetHints":{"allow":["GET"]}}],"collection":[{"href":"https:\/\/www.eldigitaldeasturias.com\/noticias\/wp-json\/wp\/v2\/posts"}],"about":[{"href":"https:\/\/www.eldigitaldeasturias.com\/noticias\/wp-json\/wp\/v2\/types\/post"}],"author":[{"embeddable":true,"href":"https:\/\/www.eldigitaldeasturias.com\/noticias\/wp-json\/wp\/v2\/users\/1"}],"replies":[{"embeddable":true,"href":"https:\/\/www.eldigitaldeasturias.com\/noticias\/wp-json\/wp\/v2\/comments?post=478402"}],"version-history":[{"count":0,"href":"https:\/\/www.eldigitaldeasturias.com\/noticias\/wp-json\/wp\/v2\/posts\/478402\/revisions"}],"wp:featuredmedia":[{"embeddable":true,"href":"https:\/\/www.eldigitaldeasturias.com\/noticias\/wp-json\/wp\/v2\/media\/1132184"}],"wp:attachment":[{"href":"https:\/\/www.eldigitaldeasturias.com\/noticias\/wp-json\/wp\/v2\/media?parent=478402"}],"wp:term":[{"taxonomy":"category","embeddable":true,"href":"https:\/\/www.eldigitaldeasturias.com\/noticias\/wp-json\/wp\/v2\/categories?post=478402"},{"taxonomy":"post_tag","embeddable":true,"href":"https:\/\/www.eldigitaldeasturias.com\/noticias\/wp-json\/wp\/v2\/tags?post=478402"}],"curies":[{"name":"wp","href":"https:\/\/api.w.org\/{rel}","templated":true}]}}