{"id":478387,"date":"2014-01-24T21:30:32","date_gmt":"2014-01-24T22:30:32","guid":{"rendered":"http:\/\/www.eldigitaldeasturias.com\/noticias\/?p=478387"},"modified":"2014-01-24T21:30:32","modified_gmt":"2014-01-24T22:30:32","slug":"garzon-assange-no-renunciara-al-derecho-al-asilo-en-ecuador","status":"publish","type":"post","link":"https:\/\/www.eldigitaldeasturias.com\/noticias\/garzon-assange-no-renunciara-al-derecho-al-asilo-en-ecuador\/","title":{"rendered":"Garz\u00f3n: \u201cAssange no renunciar\u00e1 al derecho al asilo en Ecuador\u201d"},"content":{"rendered":"<p><img loading=\"lazy\" decoding=\"async\" class=\"alignleft size-medium wp-image-466217\" alt=\"5814511w\" src=\"https:\/\/www.eldigitaldeasturias.com\/noticias\/wp-content\/uploads\/2013\/12\/5814511w-360x229.jpg\" width=\"360\" height=\"229\" \/>Ciudad de Panam\u00e1, 24 ene (dpa) \u2013 Julian Assange, fundador del sitio web WikiLeaks y asilado en la embajada de Ecuador en Londres, jam\u00e1s renunciar\u00e1 al derecho fundamental de asilo, seg\u00fan asegur\u00f3 hoy en Panam\u00e1 el jurista y ex juez espa\u00f1ol Baltasar Garz\u00f3n.<\/p>\n<p>\u00abResulta absolutamente contradictorio, que quien prest\u00f3 servicio a la humanidad, poniendo en descubierto pr\u00e1cticas, en muchos casos claramente ilegales, se vea sometido a una investigaci\u00f3n secreta, como ocurre en este momento, con un gran jurado secreto en Estados Unidos\u201d, se\u00f1al\u00f3 Garz\u00f3n, abogado defensor de Assang y que se encuentra en el pa\u00eds centroamericano para disertar sobre la justicia y la lucha contra la corrupci\u00f3n en una conferencia promovida por el socialdem\u00f3crata Partido Revolucionario Democr\u00e1tico (PRD).<\/p>\n<p>El jurista espa\u00f1ol subray\u00f3 que en la situaci\u00f3n de su cliente es \u00abpreocupante\u00bb, porque \u00absigue sin saber de qu\u00e9 se le acusa y cu\u00e1nto tiempo va a durar esa investigaci\u00f3n, cuando lo \u00fanico que ha hecho ha sido defender la libertad de expresi\u00f3n, garantizar y defender el acceso a las fuentes de informaci\u00f3n y compartirlas con la sociedad\u00bb.<\/p>\n<p>Assange se refugi\u00f3 en la embajada de Ecuador en Londres, Inglaterra, 19 de junio de 2012, y solicit\u00f3 asilo pol\u00edtico, que fue concedido por \u201cmotivos humanitarios\u201d por el presidente ecuatoriano Rafael Correa, pese a dos \u00f3rdenes de arresto en Suecia por presuntos delitos sexuales en ese pa\u00eds.<\/p>\n<p>\u00abEn ning\u00fan, caso nosotros hemos dicho que no queramos someternos a la acci\u00f3n de la justicia en Suecia, pero s\u00f3lo con las garant\u00edas adecuadas, que pasan por no hacerle renunciar a un derecho fundamental, como lo es el derecho al asilo\u201d, acot\u00f3 el jurista, quien ejerce como asesor del Tribunal Penal Internacional de La Haya.<\/p>\n<p>Al respecto, Garz\u00f3n manifest\u00f3 que \u201cagradecemos a Ecuador que haya concedido el asilo, pero creo que ya es el momento de que Gran Breta\u00f1a y Suecia decidan conceder ese asilo\u201d.<\/p>\n<p>Assange fue acusado de difundir a trav\u00e9s de WikiLeaks documentos secretos filtrados, sobre el ataque a\u00e9reo estadounidense en Bagdad, los diarios de la Guerra de Afganist\u00e1n y los registros de la Guerra de Iraq, en los que afloran pr\u00e1cticas intervencionistas.<\/p>\n<p>Garz\u00f3n asever\u00f3 que la persecuci\u00f3n contra Assange contraviene el derecho internacional, lo que ha obligado a la defensa a analizar varias alternativas jur\u00eddicas. El gobierno brit\u00e1nico se ha negado a conceder al imputado el salvoconducto para viajar a Ecuador.<\/p>\n<p>El jurista espa\u00f1ol adujo que la principal lecci\u00f3n del caso, es la \u201cfalta de una legislaci\u00f3n que proteja los nuevos fen\u00f3menos de informaci\u00f3n masiva a trav\u00e9s de redes sociales\u201d, que podr\u00edan ser vulnerables al ser descritos como \u201cno period\u00edsticos\u201d.<\/p>\n<p>A\u00f1adi\u00f3 que un hecho que ilustra el escenario privativo del acceso a la informaci\u00f3n de inter\u00e9s p\u00fablico, es la revelaci\u00f3n del analista estadounidense Edward Snowden, perseguido por mostrar pruebas del uso de programas de vigilancia masiva, como PRISM y XKeyscore.<\/p>\n<p>Las presiones judiciales por el uso de datos restringidos alcanzan a Herv\u00e9 Falciani, un ingeniero de sistemas \u00edtalo-franc\u00e9s quien colabora con la justicia de varios pa\u00edses y public\u00f3 una lista de 130.000 evasores fiscales que ten\u00edan dinero en bancos suizos.<\/p>\n<p>Garz\u00f3n, recordado por ordenar en 1998 el arresto del ex general chileno Augusto Pinochet, en Londres, afirm\u00f3 que Falciani \u00abse ha visto perseguido, aunque amparado en Espa\u00f1a\u00bb, tras difundir informaci\u00f3n sobre la corrupci\u00f3n de empresarios chinos involucrados en el \u201clavado de activos\u201d en bancos en Europa, entre otros.<\/p>\n","protected":false},"excerpt":{"rendered":"<p>Ciudad de Panam\u00e1, 24 ene (dpa) \u2013 Julian Assange, fundador del sitio web WikiLeaks y asilado en la embajada de Ecuador en Londres, jam\u00e1s renunciar\u00e1 al derecho fundamental de asilo, seg\u00fan asegur\u00f3 hoy en Panam\u00e1 el jurista y ex juez espa\u00f1ol Baltasar Garz\u00f3n. \u00abResulta absolutamente contradictorio, que quien prest\u00f3 servicio a la humanidad, poniendo en [&hellip;]<\/p>\n","protected":false},"author":1,"featured_media":466217,"comment_status":"closed","ping_status":"open","sticky":false,"template":"","format":"standard","meta":{"footnotes":""},"categories":[1],"tags":[],"class_list":["post-478387","post","type-post","status-publish","format-standard","has-post-thumbnail","hentry","category-actualidad"],"aioseo_notices":[],"aioseo_head":"\n\t\t<!-- All in One SEO Pro 5.0.1 - aioseo.com -->\n\t<meta name=\"description\" content=\"Ciudad de Panam\u00e1, 24 ene (dpa) \u2013 Julian Assange, fundador del sitio web WikiLeaks y asilado en la embajada de Ecuador en Londres, jam\u00e1s renunciar\u00e1 al derecho fundamental de asilo, seg\u00fan asegur\u00f3 hoy en Panam\u00e1 el jurista y ex juez espa\u00f1ol Baltasar Garz\u00f3n. &quot;Resulta absolutamente contradictorio, que quien prest\u00f3 servicio a la humanidad, poniendo en\" \/>\n\t<meta name=\"robots\" content=\"max-image-preview:large\" \/>\n\t<meta name=\"author\" content=\"El Digital de Asturias\"\/>\n\t<meta name=\"google-site-verification\" content=\"UA-38556648-1\" \/>\n\t<meta name=\"msvalidate.01\" content=\"7dfe9f3f1b24437ab69f4f2559babe99\" \/>\n\t<meta name=\"keywords\" content=\"actualidad\" \/>\n\t<link rel=\"canonical\" href=\"https:\/\/www.eldigitaldeasturias.com\/noticias\/garzon-assange-no-renunciara-al-derecho-al-asilo-en-ecuador\/\" \/>\n\t<meta name=\"generator\" content=\"All in One SEO Pro (AIOSEO) 5.0.1\" \/>\n\t\t<meta property=\"og:locale\" content=\"es_ES\" \/>\n\t\t<meta property=\"og:site_name\" content=\"El Digital de Asturias\" \/>\n\t\t<meta property=\"og:type\" content=\"article\" \/>\n\t\t<meta property=\"og:title\" content=\"Garz\u00f3n: \u201cAssange no renunciar\u00e1 al derecho al asilo en Ecuador\u201d - El Digital de Asturias\" \/>\n\t\t<meta property=\"og:description\" content=\"Ciudad de Panam\u00e1, 24 ene (dpa) \u2013 Julian Assange, fundador del sitio web WikiLeaks y asilado en la embajada de Ecuador en Londres, jam\u00e1s renunciar\u00e1 al derecho fundamental de asilo, seg\u00fan asegur\u00f3 hoy en Panam\u00e1 el jurista y ex juez espa\u00f1ol Baltasar Garz\u00f3n. &quot;Resulta absolutamente contradictorio, que quien prest\u00f3 servicio a la humanidad, poniendo en\" \/>\n\t\t<meta property=\"og:url\" content=\"https:\/\/www.eldigitaldeasturias.com\/noticias\/garzon-assange-no-renunciara-al-derecho-al-asilo-en-ecuador\/\" \/>\n\t\t<meta property=\"article:tag\" content=\"actualidad\" \/>\n\t\t<meta property=\"article:published_time\" content=\"2014-01-24T22:30:32+00:00\" \/>\n\t\t<meta property=\"article:modified_time\" content=\"2014-01-24T22:30:32+00:00\" \/>\n\t\t<meta property=\"article:publisher\" content=\"https:\/\/facebook.com\/eldigitaldeasturias\" \/>\n\t\t<meta name=\"twitter:card\" content=\"summary_large_image\" \/>\n\t\t<meta name=\"twitter:title\" content=\"Garz\u00f3n: \u201cAssange no renunciar\u00e1 al derecho al asilo en Ecuador\u201d - El Digital de Asturias\" \/>\n\t\t<meta name=\"twitter:description\" content=\"Ciudad de Panam\u00e1, 24 ene (dpa) \u2013 Julian Assange, fundador del sitio web WikiLeaks y asilado en la embajada de Ecuador en Londres, jam\u00e1s renunciar\u00e1 al derecho fundamental de asilo, seg\u00fan asegur\u00f3 hoy en Panam\u00e1 el jurista y ex juez espa\u00f1ol Baltasar Garz\u00f3n. &quot;Resulta absolutamente contradictorio, que quien prest\u00f3 servicio a la humanidad, poniendo en\" \/>\n\t\t<meta name=\"twitter:label1\" content=\"Escrito por\" \/>\n\t\t<meta name=\"twitter:data1\" content=\"El Digital de Asturias\" \/>\n\t\t<meta name=\"twitter:label2\" content=\"Tiempo de lectura estimado\" \/>\n\t\t<meta name=\"twitter:data2\" content=\"3 minutos\" \/>\n\t\t<script type=\"application\/ld+json\" class=\"aioseo-schema\">\n\t\t\t{\"@context\":\"https:\\\/\\\/schema.org\",\"@graph\":[{\"@type\":\"BlogPosting\",\"@id\":\"https:\\\/\\\/www.eldigitaldeasturias.com\\\/noticias\\\/garzon-assange-no-renunciara-al-derecho-al-asilo-en-ecuador\\\/#blogposting\",\"name\":\"Garz\\u00f3n: \\u201cAssange no renunciar\\u00e1 al derecho al asilo en Ecuador\\u201d - El Digital de Asturias\",\"headline\":\"Garz\\u00f3n: \\u201cAssange no renunciar\\u00e1 al derecho al asilo en Ecuador\\u201d\",\"author\":{\"@id\":\"https:\\\/\\\/www.eldigitaldeasturias.com\\\/noticias\\\/author\\\/admin\\\/#author\"},\"publisher\":{\"@id\":\"https:\\\/\\\/www.eldigitaldeasturias.com\\\/noticias\\\/#organization\"},\"image\":{\"@type\":\"ImageObject\",\"url\":466217},\"datePublished\":\"2014-01-24T21:30:32+01:00\",\"dateModified\":\"2014-01-24T21:30:32+01:00\",\"inLanguage\":\"es-ES\",\"mainEntityOfPage\":{\"@id\":\"https:\\\/\\\/www.eldigitaldeasturias.com\\\/noticias\\\/garzon-assange-no-renunciara-al-derecho-al-asilo-en-ecuador\\\/#webpage\"},\"isPartOf\":{\"@id\":\"https:\\\/\\\/www.eldigitaldeasturias.com\\\/noticias\\\/garzon-assange-no-renunciara-al-derecho-al-asilo-en-ecuador\\\/#webpage\"},\"articleSection\":\"Actualidad\"},{\"@type\":\"BreadcrumbList\",\"@id\":\"https:\\\/\\\/www.eldigitaldeasturias.com\\\/noticias\\\/garzon-assange-no-renunciara-al-derecho-al-asilo-en-ecuador\\\/#breadcrumblist\",\"itemListElement\":[{\"@type\":\"ListItem\",\"@id\":\"https:\\\/\\\/www.eldigitaldeasturias.com\\\/noticias#listItem\",\"position\":1,\"name\":\"Home\",\"item\":\"https:\\\/\\\/www.eldigitaldeasturias.com\\\/noticias\",\"nextItem\":{\"@type\":\"ListItem\",\"@id\":\"https:\\\/\\\/www.eldigitaldeasturias.com\\\/noticias\\\/category\\\/actualidad\\\/#listItem\",\"name\":\"Actualidad\"}},{\"@type\":\"ListItem\",\"@id\":\"https:\\\/\\\/www.eldigitaldeasturias.com\\\/noticias\\\/category\\\/actualidad\\\/#listItem\",\"position\":2,\"name\":\"Actualidad\",\"item\":\"https:\\\/\\\/www.eldigitaldeasturias.com\\\/noticias\\\/category\\\/actualidad\\\/\",\"nextItem\":{\"@type\":\"ListItem\",\"@id\":\"https:\\\/\\\/www.eldigitaldeasturias.com\\\/noticias\\\/garzon-assange-no-renunciara-al-derecho-al-asilo-en-ecuador\\\/#listItem\",\"name\":\"Garz\\u00f3n: \\u201cAssange no renunciar\\u00e1 al derecho al asilo en Ecuador\\u201d\"},\"previousItem\":{\"@type\":\"ListItem\",\"@id\":\"https:\\\/\\\/www.eldigitaldeasturias.com\\\/noticias#listItem\",\"name\":\"Home\"}},{\"@type\":\"ListItem\",\"@id\":\"https:\\\/\\\/www.eldigitaldeasturias.com\\\/noticias\\\/garzon-assange-no-renunciara-al-derecho-al-asilo-en-ecuador\\\/#listItem\",\"position\":3,\"name\":\"Garz\\u00f3n: \\u201cAssange no renunciar\\u00e1 al derecho al asilo en Ecuador\\u201d\",\"previousItem\":{\"@type\":\"ListItem\",\"@id\":\"https:\\\/\\\/www.eldigitaldeasturias.com\\\/noticias\\\/category\\\/actualidad\\\/#listItem\",\"name\":\"Actualidad\"}}]},{\"@type\":\"Organization\",\"@id\":\"https:\\\/\\\/www.eldigitaldeasturias.com\\\/noticias\\\/#organization\",\"name\":\"El Digital de Asturias\",\"description\":\"Hemeroteca\",\"url\":\"https:\\\/\\\/www.eldigitaldeasturias.com\\\/noticias\\\/\",\"email\":\"info@eldigitaldeasturias.com\",\"telephone\":\"+34652131393\",\"logo\":{\"@type\":\"ImageObject\",\"url\":\"https:\\\/\\\/www.eldigitaldeasturias.com\\\/noticias\\\/wp-content\\\/uploads\\\/2020\\\/12\\\/EDA.jpg\",\"@id\":\"https:\\\/\\\/www.eldigitaldeasturias.com\\\/noticias\\\/garzon-assange-no-renunciara-al-derecho-al-asilo-en-ecuador\\\/#organizationLogo\"},\"image\":{\"@id\":\"https:\\\/\\\/www.eldigitaldeasturias.com\\\/noticias\\\/garzon-assange-no-renunciara-al-derecho-al-asilo-en-ecuador\\\/#organizationLogo\"},\"sameAs\":[\"https:\\\/\\\/facebook.com\\\/eldigitaldeasturias\",\"https:\\\/\\\/www.youtube.com\\\/channel\\\/UCZP-2wLEB9Rv6erhFmqVnvg\"],\"address\":{\"@id\":\"https:\\\/\\\/www.eldigitaldeasturias.com\\\/noticias\\\/#postaladdress\",\"@type\":\"PostalAddress\",\"streetAddress\":\"san antonio 4\",\"postalCode\":\"33430\",\"addressLocality\":\"Cand\\u00e1s\",\"addressRegion\":\"Asturias\",\"addressCountry\":\"ES\"}},{\"@type\":\"Person\",\"@id\":\"https:\\\/\\\/www.eldigitaldeasturias.com\\\/noticias\\\/author\\\/admin\\\/#author\",\"url\":\"https:\\\/\\\/www.eldigitaldeasturias.com\\\/noticias\\\/author\\\/admin\\\/\",\"name\":\"El Digital de Asturias\",\"image\":{\"@type\":\"ImageObject\",\"@id\":\"https:\\\/\\\/www.eldigitaldeasturias.com\\\/noticias\\\/garzon-assange-no-renunciara-al-derecho-al-asilo-en-ecuador\\\/#authorImage\",\"url\":\"https:\\\/\\\/secure.gravatar.com\\\/avatar\\\/df2aeffc32bcd13f8d26072ef8a91b623d677766deac7f97ca815868cd41bf5e?s=96&d=mm&r=g\",\"width\":96,\"height\":96,\"caption\":\"El Digital de Asturias\"}},{\"@type\":\"WebPage\",\"@id\":\"https:\\\/\\\/www.eldigitaldeasturias.com\\\/noticias\\\/garzon-assange-no-renunciara-al-derecho-al-asilo-en-ecuador\\\/#webpage\",\"url\":\"https:\\\/\\\/www.eldigitaldeasturias.com\\\/noticias\\\/garzon-assange-no-renunciara-al-derecho-al-asilo-en-ecuador\\\/\",\"name\":\"Garz\\u00f3n: \\u201cAssange no renunciar\\u00e1 al derecho al asilo en Ecuador\\u201d - El Digital de Asturias\",\"description\":\"Ciudad de Panam\\u00e1, 24 ene (dpa) \\u2013 Julian Assange, fundador del sitio web WikiLeaks y asilado en la embajada de Ecuador en Londres, jam\\u00e1s renunciar\\u00e1 al derecho fundamental de asilo, seg\\u00fan asegur\\u00f3 hoy en Panam\\u00e1 el jurista y ex juez espa\\u00f1ol Baltasar Garz\\u00f3n. \\\"Resulta absolutamente contradictorio, que quien prest\\u00f3 servicio a la humanidad, poniendo en\",\"inLanguage\":\"es-ES\",\"isPartOf\":{\"@id\":\"https:\\\/\\\/www.eldigitaldeasturias.com\\\/noticias\\\/#website\"},\"breadcrumb\":{\"@id\":\"https:\\\/\\\/www.eldigitaldeasturias.com\\\/noticias\\\/garzon-assange-no-renunciara-al-derecho-al-asilo-en-ecuador\\\/#breadcrumblist\"},\"author\":{\"@id\":\"https:\\\/\\\/www.eldigitaldeasturias.com\\\/noticias\\\/author\\\/admin\\\/#author\"},\"creator\":{\"@id\":\"https:\\\/\\\/www.eldigitaldeasturias.com\\\/noticias\\\/author\\\/admin\\\/#author\"},\"image\":{\"@type\":\"ImageObject\",\"url\":466217,\"@id\":\"https:\\\/\\\/www.eldigitaldeasturias.com\\\/noticias\\\/garzon-assange-no-renunciara-al-derecho-al-asilo-en-ecuador\\\/#mainImage\"},\"primaryImageOfPage\":{\"@id\":\"https:\\\/\\\/www.eldigitaldeasturias.com\\\/noticias\\\/garzon-assange-no-renunciara-al-derecho-al-asilo-en-ecuador\\\/#mainImage\"},\"datePublished\":\"2014-01-24T21:30:32+01:00\",\"dateModified\":\"2014-01-24T21:30:32+01:00\"},{\"@type\":\"WebSite\",\"@id\":\"https:\\\/\\\/www.eldigitaldeasturias.com\\\/noticias\\\/#website\",\"url\":\"https:\\\/\\\/www.eldigitaldeasturias.com\\\/noticias\\\/\",\"name\":\"El Digital de Asturias - Diario de actualidad y noticias\",\"alternateName\":\"El Digital de Asturias - Diario de actualidad y noticias\",\"description\":\"Hemeroteca\",\"inLanguage\":\"es-ES\",\"publisher\":{\"@id\":\"https:\\\/\\\/www.eldigitaldeasturias.com\\\/noticias\\\/#organization\"}}]}\n\t\t<\/script>\n\t\t<!-- All in One SEO Pro -->\r\n\t\t<title>Garz\u00f3n: \u201cAssange no renunciar\u00e1 al derecho al asilo en Ecuador\u201d - El Digital de Asturias<\/title>\n\n","aioseo_head_json":{"title":"Garz\u00f3n: \u201cAssange no renunciar\u00e1 al derecho al asilo en Ecuador\u201d - El Digital de Asturias","description":"Ciudad de Panam\u00e1, 24 ene (dpa) \u2013 Julian Assange, fundador del sitio web WikiLeaks y asilado en la embajada de Ecuador en Londres, jam\u00e1s renunciar\u00e1 al derecho fundamental de asilo, seg\u00fan asegur\u00f3 hoy en Panam\u00e1 el jurista y ex juez espa\u00f1ol Baltasar Garz\u00f3n. \"Resulta absolutamente contradictorio, que quien prest\u00f3 servicio a la humanidad, poniendo en","canonical_url":"https:\/\/www.eldigitaldeasturias.com\/noticias\/garzon-assange-no-renunciara-al-derecho-al-asilo-en-ecuador\/","robots":"max-image-preview:large","keywords":"actualidad","webmasterTools":{"google-site-verification":"UA-38556648-1","msvalidate.01":"7dfe9f3f1b24437ab69f4f2559babe99","miscellaneous":""},"schema":{"@context":"https:\/\/schema.org","@graph":[{"@type":"BlogPosting","@id":"https:\/\/www.eldigitaldeasturias.com\/noticias\/garzon-assange-no-renunciara-al-derecho-al-asilo-en-ecuador\/#blogposting","name":"Garz\u00f3n: \u201cAssange no renunciar\u00e1 al derecho al asilo en Ecuador\u201d - El Digital de Asturias","headline":"Garz\u00f3n: \u201cAssange no renunciar\u00e1 al derecho al asilo en Ecuador\u201d","author":{"@id":"https:\/\/www.eldigitaldeasturias.com\/noticias\/author\/admin\/#author"},"publisher":{"@id":"https:\/\/www.eldigitaldeasturias.com\/noticias\/#organization"},"image":{"@type":"ImageObject","url":466217},"datePublished":"2014-01-24T21:30:32+01:00","dateModified":"2014-01-24T21:30:32+01:00","inLanguage":"es-ES","mainEntityOfPage":{"@id":"https:\/\/www.eldigitaldeasturias.com\/noticias\/garzon-assange-no-renunciara-al-derecho-al-asilo-en-ecuador\/#webpage"},"isPartOf":{"@id":"https:\/\/www.eldigitaldeasturias.com\/noticias\/garzon-assange-no-renunciara-al-derecho-al-asilo-en-ecuador\/#webpage"},"articleSection":"Actualidad"},{"@type":"BreadcrumbList","@id":"https:\/\/www.eldigitaldeasturias.com\/noticias\/garzon-assange-no-renunciara-al-derecho-al-asilo-en-ecuador\/#breadcrumblist","itemListElement":[{"@type":"ListItem","@id":"https:\/\/www.eldigitaldeasturias.com\/noticias#listItem","position":1,"name":"Home","item":"https:\/\/www.eldigitaldeasturias.com\/noticias","nextItem":{"@type":"ListItem","@id":"https:\/\/www.eldigitaldeasturias.com\/noticias\/category\/actualidad\/#listItem","name":"Actualidad"}},{"@type":"ListItem","@id":"https:\/\/www.eldigitaldeasturias.com\/noticias\/category\/actualidad\/#listItem","position":2,"name":"Actualidad","item":"https:\/\/www.eldigitaldeasturias.com\/noticias\/category\/actualidad\/","nextItem":{"@type":"ListItem","@id":"https:\/\/www.eldigitaldeasturias.com\/noticias\/garzon-assange-no-renunciara-al-derecho-al-asilo-en-ecuador\/#listItem","name":"Garz\u00f3n: \u201cAssange no renunciar\u00e1 al derecho al asilo en Ecuador\u201d"},"previousItem":{"@type":"ListItem","@id":"https:\/\/www.eldigitaldeasturias.com\/noticias#listItem","name":"Home"}},{"@type":"ListItem","@id":"https:\/\/www.eldigitaldeasturias.com\/noticias\/garzon-assange-no-renunciara-al-derecho-al-asilo-en-ecuador\/#listItem","position":3,"name":"Garz\u00f3n: \u201cAssange no renunciar\u00e1 al derecho al asilo en Ecuador\u201d","previousItem":{"@type":"ListItem","@id":"https:\/\/www.eldigitaldeasturias.com\/noticias\/category\/actualidad\/#listItem","name":"Actualidad"}}]},{"@type":"Organization","@id":"https:\/\/www.eldigitaldeasturias.com\/noticias\/#organization","name":"El Digital de Asturias","description":"Hemeroteca","url":"https:\/\/www.eldigitaldeasturias.com\/noticias\/","email":"info@eldigitaldeasturias.com","telephone":"+34652131393","logo":{"@type":"ImageObject","url":"https:\/\/www.eldigitaldeasturias.com\/noticias\/wp-content\/uploads\/2020\/12\/EDA.jpg","@id":"https:\/\/www.eldigitaldeasturias.com\/noticias\/garzon-assange-no-renunciara-al-derecho-al-asilo-en-ecuador\/#organizationLogo"},"image":{"@id":"https:\/\/www.eldigitaldeasturias.com\/noticias\/garzon-assange-no-renunciara-al-derecho-al-asilo-en-ecuador\/#organizationLogo"},"sameAs":["https:\/\/facebook.com\/eldigitaldeasturias","https:\/\/www.youtube.com\/channel\/UCZP-2wLEB9Rv6erhFmqVnvg"],"address":{"@id":"https:\/\/www.eldigitaldeasturias.com\/noticias\/#postaladdress","@type":"PostalAddress","streetAddress":"san antonio 4","postalCode":"33430","addressLocality":"Cand\u00e1s","addressRegion":"Asturias","addressCountry":"ES"}},{"@type":"Person","@id":"https:\/\/www.eldigitaldeasturias.com\/noticias\/author\/admin\/#author","url":"https:\/\/www.eldigitaldeasturias.com\/noticias\/author\/admin\/","name":"El Digital de Asturias","image":{"@type":"ImageObject","@id":"https:\/\/www.eldigitaldeasturias.com\/noticias\/garzon-assange-no-renunciara-al-derecho-al-asilo-en-ecuador\/#authorImage","url":"https:\/\/secure.gravatar.com\/avatar\/df2aeffc32bcd13f8d26072ef8a91b623d677766deac7f97ca815868cd41bf5e?s=96&d=mm&r=g","width":96,"height":96,"caption":"El Digital de Asturias"}},{"@type":"WebPage","@id":"https:\/\/www.eldigitaldeasturias.com\/noticias\/garzon-assange-no-renunciara-al-derecho-al-asilo-en-ecuador\/#webpage","url":"https:\/\/www.eldigitaldeasturias.com\/noticias\/garzon-assange-no-renunciara-al-derecho-al-asilo-en-ecuador\/","name":"Garz\u00f3n: \u201cAssange no renunciar\u00e1 al derecho al asilo en Ecuador\u201d - El Digital de Asturias","description":"Ciudad de Panam\u00e1, 24 ene (dpa) \u2013 Julian Assange, fundador del sitio web WikiLeaks y asilado en la embajada de Ecuador en Londres, jam\u00e1s renunciar\u00e1 al derecho fundamental de asilo, seg\u00fan asegur\u00f3 hoy en Panam\u00e1 el jurista y ex juez espa\u00f1ol Baltasar Garz\u00f3n. \"Resulta absolutamente contradictorio, que quien prest\u00f3 servicio a la humanidad, poniendo en","inLanguage":"es-ES","isPartOf":{"@id":"https:\/\/www.eldigitaldeasturias.com\/noticias\/#website"},"breadcrumb":{"@id":"https:\/\/www.eldigitaldeasturias.com\/noticias\/garzon-assange-no-renunciara-al-derecho-al-asilo-en-ecuador\/#breadcrumblist"},"author":{"@id":"https:\/\/www.eldigitaldeasturias.com\/noticias\/author\/admin\/#author"},"creator":{"@id":"https:\/\/www.eldigitaldeasturias.com\/noticias\/author\/admin\/#author"},"image":{"@type":"ImageObject","url":466217,"@id":"https:\/\/www.eldigitaldeasturias.com\/noticias\/garzon-assange-no-renunciara-al-derecho-al-asilo-en-ecuador\/#mainImage"},"primaryImageOfPage":{"@id":"https:\/\/www.eldigitaldeasturias.com\/noticias\/garzon-assange-no-renunciara-al-derecho-al-asilo-en-ecuador\/#mainImage"},"datePublished":"2014-01-24T21:30:32+01:00","dateModified":"2014-01-24T21:30:32+01:00"},{"@type":"WebSite","@id":"https:\/\/www.eldigitaldeasturias.com\/noticias\/#website","url":"https:\/\/www.eldigitaldeasturias.com\/noticias\/","name":"El Digital de Asturias - Diario de actualidad y noticias","alternateName":"El Digital de Asturias - Diario de actualidad y noticias","description":"Hemeroteca","inLanguage":"es-ES","publisher":{"@id":"https:\/\/www.eldigitaldeasturias.com\/noticias\/#organization"}}]},"og:locale":"es_ES","og:site_name":"El Digital de Asturias","og:type":"article","og:title":"Garz\u00f3n: \u201cAssange no renunciar\u00e1 al derecho al asilo en Ecuador\u201d - El Digital de Asturias","og:description":"Ciudad de Panam\u00e1, 24 ene (dpa) \u2013 Julian Assange, fundador del sitio web WikiLeaks y asilado en la embajada de Ecuador en Londres, jam\u00e1s renunciar\u00e1 al derecho fundamental de asilo, seg\u00fan asegur\u00f3 hoy en Panam\u00e1 el jurista y ex juez espa\u00f1ol Baltasar Garz\u00f3n. &quot;Resulta absolutamente contradictorio, que quien prest\u00f3 servicio a la humanidad, poniendo en","og:url":"https:\/\/www.eldigitaldeasturias.com\/noticias\/garzon-assange-no-renunciara-al-derecho-al-asilo-en-ecuador\/","article:tag":["actualidad"],"article:published_time":"2014-01-24T22:30:32+00:00","article:modified_time":"2014-01-24T22:30:32+00:00","article:publisher":"https:\/\/facebook.com\/eldigitaldeasturias","twitter:card":"summary_large_image","twitter:title":"Garz\u00f3n: \u201cAssange no renunciar\u00e1 al derecho al asilo en Ecuador\u201d - El Digital de Asturias","twitter:description":"Ciudad de Panam\u00e1, 24 ene (dpa) \u2013 Julian Assange, fundador del sitio web WikiLeaks y asilado en la embajada de Ecuador en Londres, jam\u00e1s renunciar\u00e1 al derecho fundamental de asilo, seg\u00fan asegur\u00f3 hoy en Panam\u00e1 el jurista y ex juez espa\u00f1ol Baltasar Garz\u00f3n. &quot;Resulta absolutamente contradictorio, que quien prest\u00f3 servicio a la humanidad, poniendo en","twitter:label1":"Escrito por","twitter:data1":"El Digital de Asturias","twitter:label2":"Tiempo de lectura estimado","twitter:data2":"3 minutos"},"aioseo_meta_data":{"post_id":"478387","title":null,"description":null,"keywords":null,"keyphrases":null,"primary_term":null,"canonical_url":null,"og_title":null,"og_description":null,"og_object_type":"default","og_image_type":"default","og_image_url":null,"og_image_width":null,"og_image_height":null,"og_image_custom_url":null,"og_image_custom_fields":null,"og_video":null,"og_custom_url":null,"og_article_section":null,"og_article_tags":null,"twitter_use_og":true,"twitter_card":"default","twitter_image_type":"default","twitter_image_url":null,"twitter_image_custom_url":null,"twitter_image_custom_fields":null,"twitter_title":null,"twitter_description":null,"schema":{"blockGraphs":[],"customGraphs":[],"default":{"data":{"Article":[],"Course":[],"Dataset":[],"FAQPage":[],"Movie":[],"Person":[],"Product":[],"ProductReview":[],"Car":[],"Recipe":[],"Service":[],"SoftwareApplication":[],"WebPage":[]},"graphName":"","isEnabled":true},"graphs":[],"defaultGraph":"","defaultPostTypeGraph":""},"schema_type":null,"schema_type_options":null,"pillar_content":false,"robots_default":true,"robots_noindex":false,"robots_noarchive":false,"robots_nosnippet":false,"robots_nofollow":false,"robots_noimageindex":false,"robots_noodp":false,"robots_notranslate":false,"robots_max_snippet":null,"robots_max_videopreview":null,"robots_max_imagepreview":"none","priority":null,"frequency":null,"local_seo":null,"seo_analyzer_scan_date":"2026-06-01 21:23:01","breadcrumb_settings":null,"limit_modified_date":false,"open_ai":null,"ai":null,"created":"2020-11-14 22:53:55","updated":"2026-06-01 21:23:01","focus_keyword":null,"additional_keywords":null,"truseo_locale":null},"aioseo_breadcrumb":"<div class=\"aioseo-breadcrumbs\"><span class=\"aioseo-breadcrumb\">\n\t<a href=\"https:\/\/www.eldigitaldeasturias.com\/noticias\" title=\"Home\">Home<\/a>\n<\/span><span class=\"aioseo-breadcrumb-separator\">\u2013<\/span><span class=\"aioseo-breadcrumb\">\n\t<a href=\"https:\/\/www.eldigitaldeasturias.com\/noticias\/category\/actualidad\/\" title=\"Actualidad\">Actualidad<\/a>\n<\/span><span class=\"aioseo-breadcrumb-separator\">\u2013<\/span><span class=\"aioseo-breadcrumb\">\n\t<a href=\"https:\/\/www.eldigitaldeasturias.com\/noticias\/garzon-assange-no-renunciara-al-derecho-al-asilo-en-ecuador\/\" title=\"Garz\u00f3n: \u201cAssange no renunciar\u00e1 al derecho al asilo en Ecuador\u201d\">Garz\u00f3n: \u201cAssange no renunciar\u00e1 al derecho al asilo en Ecuador\u201d<\/a>\n<\/span><\/div>","aioseo_breadcrumb_json":[{"label":"Home","link":"https:\/\/www.eldigitaldeasturias.com\/noticias"},{"label":"Actualidad","link":"https:\/\/www.eldigitaldeasturias.com\/noticias\/category\/actualidad\/"},{"label":"Garz\u00f3n: \u201cAssange no renunciar\u00e1 al derecho al asilo en Ecuador\u201d","link":"https:\/\/www.eldigitaldeasturias.com\/noticias\/garzon-assange-no-renunciara-al-derecho-al-asilo-en-ecuador\/"}],"_links":{"self":[{"href":"https:\/\/www.eldigitaldeasturias.com\/noticias\/wp-json\/wp\/v2\/posts\/478387","targetHints":{"allow":["GET"]}}],"collection":[{"href":"https:\/\/www.eldigitaldeasturias.com\/noticias\/wp-json\/wp\/v2\/posts"}],"about":[{"href":"https:\/\/www.eldigitaldeasturias.com\/noticias\/wp-json\/wp\/v2\/types\/post"}],"author":[{"embeddable":true,"href":"https:\/\/www.eldigitaldeasturias.com\/noticias\/wp-json\/wp\/v2\/users\/1"}],"replies":[{"embeddable":true,"href":"https:\/\/www.eldigitaldeasturias.com\/noticias\/wp-json\/wp\/v2\/comments?post=478387"}],"version-history":[{"count":0,"href":"https:\/\/www.eldigitaldeasturias.com\/noticias\/wp-json\/wp\/v2\/posts\/478387\/revisions"}],"wp:attachment":[{"href":"https:\/\/www.eldigitaldeasturias.com\/noticias\/wp-json\/wp\/v2\/media?parent=478387"}],"wp:term":[{"taxonomy":"category","embeddable":true,"href":"https:\/\/www.eldigitaldeasturias.com\/noticias\/wp-json\/wp\/v2\/categories?post=478387"},{"taxonomy":"post_tag","embeddable":true,"href":"https:\/\/www.eldigitaldeasturias.com\/noticias\/wp-json\/wp\/v2\/tags?post=478387"}],"curies":[{"name":"wp","href":"https:\/\/api.w.org\/{rel}","templated":true}]}}