{"id":478385,"date":"2014-01-24T21:26:58","date_gmt":"2014-01-24T22:26:58","guid":{"rendered":"http:\/\/www.eldigitaldeasturias.com\/noticias\/?p=478385"},"modified":"2014-01-24T21:26:58","modified_gmt":"2014-01-24T22:26:58","slug":"merkel-recibira-a-ban-ki-moon-la-semana-que-viene-en-berlin","status":"publish","type":"post","link":"https:\/\/www.eldigitaldeasturias.com\/noticias\/merkel-recibira-a-ban-ki-moon-la-semana-que-viene-en-berlin\/","title":{"rendered":"Merkel recibir\u00e1 a Ban Ki-moon la semana que viene en Berl\u00edn"},"content":{"rendered":"<p><img loading=\"lazy\" decoding=\"async\" class=\"alignleft size-full wp-image-469165\" alt=\"merkel2\" src=\"https:\/\/www.eldigitaldeasturias.com\/noticias\/wp-content\/uploads\/2014\/01\/merkel2.jpg\" width=\"239\" height=\"320\" \/>Berl\u00edn, 24 ene (dpa) &#8211; El secretario general de la ONU, Ban Ki-moon, se reunir\u00e1 la semana pr\u00f3xima con la canciller Angela Merkel durante una visita de cuatro d\u00edas a Alemania, anunci\u00f3 hoy el gobierno en Berl\u00edn.<\/p>\n<p>Merkel recibir\u00e1 al diplom\u00e1tico surcoreano el jueves en la sede de la Canciller\u00eda. Los temas del encuentro ser\u00e1n las negociaciones de paz en Siria, la situaci\u00f3n de diversos conflictos en \u00c1frica -Rep\u00fablica Centroafricana, Mali y Sud\u00e1n del Sur- y los llamados Objetivos del Milenio, precis\u00f3 el portavoz del gobierno alem\u00e1n, Steffen Seibert.<\/p>\n<p>Ban se reunir\u00e1 tambi\u00e9n con el ministro de Exteriores alem\u00e1n, Frank-Walter Steinmeier, y visitar\u00e1 las oficinas de la ONU en Bonn, la antigua capital alemana. Luego participar\u00e1 en la Conferencia de Seguridad de M\u00fanich (31 de enero al 2 de febrero).<\/p>\n<p>Alemania es uno de los mayores donantes a la ONU. La primera potencia europea busca presidir la Comisi\u00f3n de Derechos Humanos de la ONU y aspira a volver a tener un asiento en el Consejo de Seguridad del organismo en los a\u00f1os 2019 y 2020.<\/p>\n","protected":false},"excerpt":{"rendered":"<p>Berl\u00edn, 24 ene (dpa) &#8211; El secretario general de la ONU, Ban Ki-moon, se reunir\u00e1 la semana pr\u00f3xima con la canciller Angela Merkel durante una visita de cuatro d\u00edas a Alemania, anunci\u00f3 hoy el gobierno en Berl\u00edn. Merkel recibir\u00e1 al diplom\u00e1tico surcoreano el jueves en la sede de la Canciller\u00eda. Los temas del encuentro ser\u00e1n [&hellip;]<\/p>\n","protected":false},"author":1,"featured_media":469165,"comment_status":"closed","ping_status":"open","sticky":false,"template":"","format":"standard","meta":{"footnotes":""},"categories":[1],"tags":[],"class_list":["post-478385","post","type-post","status-publish","format-standard","has-post-thumbnail","hentry","category-actualidad"],"aioseo_notices":[],"aioseo_head":"\n\t\t<!-- All in One SEO Pro 5.0.1 - aioseo.com -->\n\t<meta name=\"description\" content=\"Berl\u00edn, 24 ene (dpa) - El secretario general de la ONU, Ban Ki-moon, se reunir\u00e1 la semana pr\u00f3xima con la canciller Angela Merkel durante una visita de cuatro d\u00edas a Alemania, anunci\u00f3 hoy el gobierno en Berl\u00edn. Merkel recibir\u00e1 al diplom\u00e1tico surcoreano el jueves en la sede de la Canciller\u00eda. Los temas del encuentro ser\u00e1n\" \/>\n\t<meta name=\"robots\" content=\"max-image-preview:large\" \/>\n\t<meta name=\"author\" content=\"El Digital de Asturias\"\/>\n\t<meta name=\"google-site-verification\" content=\"UA-38556648-1\" \/>\n\t<meta name=\"msvalidate.01\" content=\"7dfe9f3f1b24437ab69f4f2559babe99\" \/>\n\t<meta name=\"keywords\" content=\"actualidad\" \/>\n\t<link rel=\"canonical\" href=\"https:\/\/www.eldigitaldeasturias.com\/noticias\/merkel-recibira-a-ban-ki-moon-la-semana-que-viene-en-berlin\/\" \/>\n\t<meta name=\"generator\" content=\"All in One SEO Pro (AIOSEO) 5.0.1\" \/>\n\t\t<meta property=\"og:locale\" content=\"es_ES\" \/>\n\t\t<meta property=\"og:site_name\" content=\"El Digital de Asturias\" \/>\n\t\t<meta property=\"og:type\" content=\"article\" \/>\n\t\t<meta property=\"og:title\" content=\"Merkel recibir\u00e1 a Ban Ki-moon la semana que viene en Berl\u00edn - El Digital de Asturias\" \/>\n\t\t<meta property=\"og:description\" content=\"Berl\u00edn, 24 ene (dpa) - El secretario general de la ONU, Ban Ki-moon, se reunir\u00e1 la semana pr\u00f3xima con la canciller Angela Merkel durante una visita de cuatro d\u00edas a Alemania, anunci\u00f3 hoy el gobierno en Berl\u00edn. Merkel recibir\u00e1 al diplom\u00e1tico surcoreano el jueves en la sede de la Canciller\u00eda. Los temas del encuentro ser\u00e1n\" \/>\n\t\t<meta property=\"og:url\" content=\"https:\/\/www.eldigitaldeasturias.com\/noticias\/merkel-recibira-a-ban-ki-moon-la-semana-que-viene-en-berlin\/\" \/>\n\t\t<meta property=\"article:tag\" content=\"actualidad\" \/>\n\t\t<meta property=\"article:published_time\" content=\"2014-01-24T22:26:58+00:00\" \/>\n\t\t<meta property=\"article:modified_time\" content=\"2014-01-24T22:26:58+00:00\" \/>\n\t\t<meta property=\"article:publisher\" content=\"https:\/\/facebook.com\/eldigitaldeasturias\" \/>\n\t\t<meta name=\"twitter:card\" content=\"summary_large_image\" \/>\n\t\t<meta name=\"twitter:title\" content=\"Merkel recibir\u00e1 a Ban Ki-moon la semana que viene en Berl\u00edn - El Digital de Asturias\" \/>\n\t\t<meta name=\"twitter:description\" content=\"Berl\u00edn, 24 ene (dpa) - El secretario general de la ONU, Ban Ki-moon, se reunir\u00e1 la semana pr\u00f3xima con la canciller Angela Merkel durante una visita de cuatro d\u00edas a Alemania, anunci\u00f3 hoy el gobierno en Berl\u00edn. Merkel recibir\u00e1 al diplom\u00e1tico surcoreano el jueves en la sede de la Canciller\u00eda. Los temas del encuentro ser\u00e1n\" \/>\n\t\t<meta name=\"twitter:label1\" content=\"Escrito por\" \/>\n\t\t<meta name=\"twitter:data1\" content=\"El Digital de Asturias\" \/>\n\t\t<meta name=\"twitter:label2\" content=\"Tiempo de lectura estimado\" \/>\n\t\t<meta name=\"twitter:data2\" content=\"1 minuto\" \/>\n\t\t<script type=\"application\/ld+json\" class=\"aioseo-schema\">\n\t\t\t{\"@context\":\"https:\\\/\\\/schema.org\",\"@graph\":[{\"@type\":\"BlogPosting\",\"@id\":\"https:\\\/\\\/www.eldigitaldeasturias.com\\\/noticias\\\/merkel-recibira-a-ban-ki-moon-la-semana-que-viene-en-berlin\\\/#blogposting\",\"name\":\"Merkel recibir\\u00e1 a Ban Ki-moon la semana que viene en Berl\\u00edn - El Digital de Asturias\",\"headline\":\"Merkel recibir\\u00e1 a Ban Ki-moon la semana que viene en Berl\\u00edn\",\"author\":{\"@id\":\"https:\\\/\\\/www.eldigitaldeasturias.com\\\/noticias\\\/author\\\/admin\\\/#author\"},\"publisher\":{\"@id\":\"https:\\\/\\\/www.eldigitaldeasturias.com\\\/noticias\\\/#organization\"},\"image\":{\"@type\":\"ImageObject\",\"url\":469165},\"datePublished\":\"2014-01-24T21:26:58+01:00\",\"dateModified\":\"2014-01-24T21:26:58+01:00\",\"inLanguage\":\"es-ES\",\"mainEntityOfPage\":{\"@id\":\"https:\\\/\\\/www.eldigitaldeasturias.com\\\/noticias\\\/merkel-recibira-a-ban-ki-moon-la-semana-que-viene-en-berlin\\\/#webpage\"},\"isPartOf\":{\"@id\":\"https:\\\/\\\/www.eldigitaldeasturias.com\\\/noticias\\\/merkel-recibira-a-ban-ki-moon-la-semana-que-viene-en-berlin\\\/#webpage\"},\"articleSection\":\"Actualidad\"},{\"@type\":\"BreadcrumbList\",\"@id\":\"https:\\\/\\\/www.eldigitaldeasturias.com\\\/noticias\\\/merkel-recibira-a-ban-ki-moon-la-semana-que-viene-en-berlin\\\/#breadcrumblist\",\"itemListElement\":[{\"@type\":\"ListItem\",\"@id\":\"https:\\\/\\\/www.eldigitaldeasturias.com\\\/noticias#listItem\",\"position\":1,\"name\":\"Home\",\"item\":\"https:\\\/\\\/www.eldigitaldeasturias.com\\\/noticias\",\"nextItem\":{\"@type\":\"ListItem\",\"@id\":\"https:\\\/\\\/www.eldigitaldeasturias.com\\\/noticias\\\/category\\\/actualidad\\\/#listItem\",\"name\":\"Actualidad\"}},{\"@type\":\"ListItem\",\"@id\":\"https:\\\/\\\/www.eldigitaldeasturias.com\\\/noticias\\\/category\\\/actualidad\\\/#listItem\",\"position\":2,\"name\":\"Actualidad\",\"item\":\"https:\\\/\\\/www.eldigitaldeasturias.com\\\/noticias\\\/category\\\/actualidad\\\/\",\"nextItem\":{\"@type\":\"ListItem\",\"@id\":\"https:\\\/\\\/www.eldigitaldeasturias.com\\\/noticias\\\/merkel-recibira-a-ban-ki-moon-la-semana-que-viene-en-berlin\\\/#listItem\",\"name\":\"Merkel recibir\\u00e1 a Ban Ki-moon la semana que viene en Berl\\u00edn\"},\"previousItem\":{\"@type\":\"ListItem\",\"@id\":\"https:\\\/\\\/www.eldigitaldeasturias.com\\\/noticias#listItem\",\"name\":\"Home\"}},{\"@type\":\"ListItem\",\"@id\":\"https:\\\/\\\/www.eldigitaldeasturias.com\\\/noticias\\\/merkel-recibira-a-ban-ki-moon-la-semana-que-viene-en-berlin\\\/#listItem\",\"position\":3,\"name\":\"Merkel recibir\\u00e1 a Ban Ki-moon la semana que viene en Berl\\u00edn\",\"previousItem\":{\"@type\":\"ListItem\",\"@id\":\"https:\\\/\\\/www.eldigitaldeasturias.com\\\/noticias\\\/category\\\/actualidad\\\/#listItem\",\"name\":\"Actualidad\"}}]},{\"@type\":\"Organization\",\"@id\":\"https:\\\/\\\/www.eldigitaldeasturias.com\\\/noticias\\\/#organization\",\"name\":\"El Digital de Asturias\",\"description\":\"Hemeroteca\",\"url\":\"https:\\\/\\\/www.eldigitaldeasturias.com\\\/noticias\\\/\",\"email\":\"info@eldigitaldeasturias.com\",\"telephone\":\"+34652131393\",\"logo\":{\"@type\":\"ImageObject\",\"url\":\"https:\\\/\\\/www.eldigitaldeasturias.com\\\/noticias\\\/wp-content\\\/uploads\\\/2020\\\/12\\\/EDA.jpg\",\"@id\":\"https:\\\/\\\/www.eldigitaldeasturias.com\\\/noticias\\\/merkel-recibira-a-ban-ki-moon-la-semana-que-viene-en-berlin\\\/#organizationLogo\"},\"image\":{\"@id\":\"https:\\\/\\\/www.eldigitaldeasturias.com\\\/noticias\\\/merkel-recibira-a-ban-ki-moon-la-semana-que-viene-en-berlin\\\/#organizationLogo\"},\"sameAs\":[\"https:\\\/\\\/facebook.com\\\/eldigitaldeasturias\",\"https:\\\/\\\/www.youtube.com\\\/channel\\\/UCZP-2wLEB9Rv6erhFmqVnvg\"],\"address\":{\"@id\":\"https:\\\/\\\/www.eldigitaldeasturias.com\\\/noticias\\\/#postaladdress\",\"@type\":\"PostalAddress\",\"streetAddress\":\"san antonio 4\",\"postalCode\":\"33430\",\"addressLocality\":\"Cand\\u00e1s\",\"addressRegion\":\"Asturias\",\"addressCountry\":\"ES\"}},{\"@type\":\"Person\",\"@id\":\"https:\\\/\\\/www.eldigitaldeasturias.com\\\/noticias\\\/author\\\/admin\\\/#author\",\"url\":\"https:\\\/\\\/www.eldigitaldeasturias.com\\\/noticias\\\/author\\\/admin\\\/\",\"name\":\"El Digital de Asturias\",\"image\":{\"@type\":\"ImageObject\",\"@id\":\"https:\\\/\\\/www.eldigitaldeasturias.com\\\/noticias\\\/merkel-recibira-a-ban-ki-moon-la-semana-que-viene-en-berlin\\\/#authorImage\",\"url\":\"https:\\\/\\\/secure.gravatar.com\\\/avatar\\\/df2aeffc32bcd13f8d26072ef8a91b623d677766deac7f97ca815868cd41bf5e?s=96&d=mm&r=g\",\"width\":96,\"height\":96,\"caption\":\"El Digital de Asturias\"}},{\"@type\":\"WebPage\",\"@id\":\"https:\\\/\\\/www.eldigitaldeasturias.com\\\/noticias\\\/merkel-recibira-a-ban-ki-moon-la-semana-que-viene-en-berlin\\\/#webpage\",\"url\":\"https:\\\/\\\/www.eldigitaldeasturias.com\\\/noticias\\\/merkel-recibira-a-ban-ki-moon-la-semana-que-viene-en-berlin\\\/\",\"name\":\"Merkel recibir\\u00e1 a Ban Ki-moon la semana que viene en Berl\\u00edn - El Digital de Asturias\",\"description\":\"Berl\\u00edn, 24 ene (dpa) - El secretario general de la ONU, Ban Ki-moon, se reunir\\u00e1 la semana pr\\u00f3xima con la canciller Angela Merkel durante una visita de cuatro d\\u00edas a Alemania, anunci\\u00f3 hoy el gobierno en Berl\\u00edn. Merkel recibir\\u00e1 al diplom\\u00e1tico surcoreano el jueves en la sede de la Canciller\\u00eda. Los temas del encuentro ser\\u00e1n\",\"inLanguage\":\"es-ES\",\"isPartOf\":{\"@id\":\"https:\\\/\\\/www.eldigitaldeasturias.com\\\/noticias\\\/#website\"},\"breadcrumb\":{\"@id\":\"https:\\\/\\\/www.eldigitaldeasturias.com\\\/noticias\\\/merkel-recibira-a-ban-ki-moon-la-semana-que-viene-en-berlin\\\/#breadcrumblist\"},\"author\":{\"@id\":\"https:\\\/\\\/www.eldigitaldeasturias.com\\\/noticias\\\/author\\\/admin\\\/#author\"},\"creator\":{\"@id\":\"https:\\\/\\\/www.eldigitaldeasturias.com\\\/noticias\\\/author\\\/admin\\\/#author\"},\"image\":{\"@type\":\"ImageObject\",\"url\":469165,\"@id\":\"https:\\\/\\\/www.eldigitaldeasturias.com\\\/noticias\\\/merkel-recibira-a-ban-ki-moon-la-semana-que-viene-en-berlin\\\/#mainImage\"},\"primaryImageOfPage\":{\"@id\":\"https:\\\/\\\/www.eldigitaldeasturias.com\\\/noticias\\\/merkel-recibira-a-ban-ki-moon-la-semana-que-viene-en-berlin\\\/#mainImage\"},\"datePublished\":\"2014-01-24T21:26:58+01:00\",\"dateModified\":\"2014-01-24T21:26:58+01:00\"},{\"@type\":\"WebSite\",\"@id\":\"https:\\\/\\\/www.eldigitaldeasturias.com\\\/noticias\\\/#website\",\"url\":\"https:\\\/\\\/www.eldigitaldeasturias.com\\\/noticias\\\/\",\"name\":\"El Digital de Asturias - Diario de actualidad y noticias\",\"alternateName\":\"El Digital de Asturias - Diario de actualidad y noticias\",\"description\":\"Hemeroteca\",\"inLanguage\":\"es-ES\",\"publisher\":{\"@id\":\"https:\\\/\\\/www.eldigitaldeasturias.com\\\/noticias\\\/#organization\"}}]}\n\t\t<\/script>\n\t\t<!-- All in One SEO Pro -->\r\n\t\t<title>Merkel recibir\u00e1 a Ban Ki-moon la semana que viene en Berl\u00edn - El Digital de Asturias<\/title>\n\n","aioseo_head_json":{"title":"Merkel recibir\u00e1 a Ban Ki-moon la semana que viene en Berl\u00edn - El Digital de Asturias","description":"Berl\u00edn, 24 ene (dpa) - El secretario general de la ONU, Ban Ki-moon, se reunir\u00e1 la semana pr\u00f3xima con la canciller Angela Merkel durante una visita de cuatro d\u00edas a Alemania, anunci\u00f3 hoy el gobierno en Berl\u00edn. Merkel recibir\u00e1 al diplom\u00e1tico surcoreano el jueves en la sede de la Canciller\u00eda. Los temas del encuentro ser\u00e1n","canonical_url":"https:\/\/www.eldigitaldeasturias.com\/noticias\/merkel-recibira-a-ban-ki-moon-la-semana-que-viene-en-berlin\/","robots":"max-image-preview:large","keywords":"actualidad","webmasterTools":{"google-site-verification":"UA-38556648-1","msvalidate.01":"7dfe9f3f1b24437ab69f4f2559babe99","miscellaneous":""},"schema":{"@context":"https:\/\/schema.org","@graph":[{"@type":"BlogPosting","@id":"https:\/\/www.eldigitaldeasturias.com\/noticias\/merkel-recibira-a-ban-ki-moon-la-semana-que-viene-en-berlin\/#blogposting","name":"Merkel recibir\u00e1 a Ban Ki-moon la semana que viene en Berl\u00edn - El Digital de Asturias","headline":"Merkel recibir\u00e1 a Ban Ki-moon la semana que viene en Berl\u00edn","author":{"@id":"https:\/\/www.eldigitaldeasturias.com\/noticias\/author\/admin\/#author"},"publisher":{"@id":"https:\/\/www.eldigitaldeasturias.com\/noticias\/#organization"},"image":{"@type":"ImageObject","url":469165},"datePublished":"2014-01-24T21:26:58+01:00","dateModified":"2014-01-24T21:26:58+01:00","inLanguage":"es-ES","mainEntityOfPage":{"@id":"https:\/\/www.eldigitaldeasturias.com\/noticias\/merkel-recibira-a-ban-ki-moon-la-semana-que-viene-en-berlin\/#webpage"},"isPartOf":{"@id":"https:\/\/www.eldigitaldeasturias.com\/noticias\/merkel-recibira-a-ban-ki-moon-la-semana-que-viene-en-berlin\/#webpage"},"articleSection":"Actualidad"},{"@type":"BreadcrumbList","@id":"https:\/\/www.eldigitaldeasturias.com\/noticias\/merkel-recibira-a-ban-ki-moon-la-semana-que-viene-en-berlin\/#breadcrumblist","itemListElement":[{"@type":"ListItem","@id":"https:\/\/www.eldigitaldeasturias.com\/noticias#listItem","position":1,"name":"Home","item":"https:\/\/www.eldigitaldeasturias.com\/noticias","nextItem":{"@type":"ListItem","@id":"https:\/\/www.eldigitaldeasturias.com\/noticias\/category\/actualidad\/#listItem","name":"Actualidad"}},{"@type":"ListItem","@id":"https:\/\/www.eldigitaldeasturias.com\/noticias\/category\/actualidad\/#listItem","position":2,"name":"Actualidad","item":"https:\/\/www.eldigitaldeasturias.com\/noticias\/category\/actualidad\/","nextItem":{"@type":"ListItem","@id":"https:\/\/www.eldigitaldeasturias.com\/noticias\/merkel-recibira-a-ban-ki-moon-la-semana-que-viene-en-berlin\/#listItem","name":"Merkel recibir\u00e1 a Ban Ki-moon la semana que viene en Berl\u00edn"},"previousItem":{"@type":"ListItem","@id":"https:\/\/www.eldigitaldeasturias.com\/noticias#listItem","name":"Home"}},{"@type":"ListItem","@id":"https:\/\/www.eldigitaldeasturias.com\/noticias\/merkel-recibira-a-ban-ki-moon-la-semana-que-viene-en-berlin\/#listItem","position":3,"name":"Merkel recibir\u00e1 a Ban Ki-moon la semana que viene en Berl\u00edn","previousItem":{"@type":"ListItem","@id":"https:\/\/www.eldigitaldeasturias.com\/noticias\/category\/actualidad\/#listItem","name":"Actualidad"}}]},{"@type":"Organization","@id":"https:\/\/www.eldigitaldeasturias.com\/noticias\/#organization","name":"El Digital de Asturias","description":"Hemeroteca","url":"https:\/\/www.eldigitaldeasturias.com\/noticias\/","email":"info@eldigitaldeasturias.com","telephone":"+34652131393","logo":{"@type":"ImageObject","url":"https:\/\/www.eldigitaldeasturias.com\/noticias\/wp-content\/uploads\/2020\/12\/EDA.jpg","@id":"https:\/\/www.eldigitaldeasturias.com\/noticias\/merkel-recibira-a-ban-ki-moon-la-semana-que-viene-en-berlin\/#organizationLogo"},"image":{"@id":"https:\/\/www.eldigitaldeasturias.com\/noticias\/merkel-recibira-a-ban-ki-moon-la-semana-que-viene-en-berlin\/#organizationLogo"},"sameAs":["https:\/\/facebook.com\/eldigitaldeasturias","https:\/\/www.youtube.com\/channel\/UCZP-2wLEB9Rv6erhFmqVnvg"],"address":{"@id":"https:\/\/www.eldigitaldeasturias.com\/noticias\/#postaladdress","@type":"PostalAddress","streetAddress":"san antonio 4","postalCode":"33430","addressLocality":"Cand\u00e1s","addressRegion":"Asturias","addressCountry":"ES"}},{"@type":"Person","@id":"https:\/\/www.eldigitaldeasturias.com\/noticias\/author\/admin\/#author","url":"https:\/\/www.eldigitaldeasturias.com\/noticias\/author\/admin\/","name":"El Digital de Asturias","image":{"@type":"ImageObject","@id":"https:\/\/www.eldigitaldeasturias.com\/noticias\/merkel-recibira-a-ban-ki-moon-la-semana-que-viene-en-berlin\/#authorImage","url":"https:\/\/secure.gravatar.com\/avatar\/df2aeffc32bcd13f8d26072ef8a91b623d677766deac7f97ca815868cd41bf5e?s=96&d=mm&r=g","width":96,"height":96,"caption":"El Digital de Asturias"}},{"@type":"WebPage","@id":"https:\/\/www.eldigitaldeasturias.com\/noticias\/merkel-recibira-a-ban-ki-moon-la-semana-que-viene-en-berlin\/#webpage","url":"https:\/\/www.eldigitaldeasturias.com\/noticias\/merkel-recibira-a-ban-ki-moon-la-semana-que-viene-en-berlin\/","name":"Merkel recibir\u00e1 a Ban Ki-moon la semana que viene en Berl\u00edn - El Digital de Asturias","description":"Berl\u00edn, 24 ene (dpa) - El secretario general de la ONU, Ban Ki-moon, se reunir\u00e1 la semana pr\u00f3xima con la canciller Angela Merkel durante una visita de cuatro d\u00edas a Alemania, anunci\u00f3 hoy el gobierno en Berl\u00edn. Merkel recibir\u00e1 al diplom\u00e1tico surcoreano el jueves en la sede de la Canciller\u00eda. Los temas del encuentro ser\u00e1n","inLanguage":"es-ES","isPartOf":{"@id":"https:\/\/www.eldigitaldeasturias.com\/noticias\/#website"},"breadcrumb":{"@id":"https:\/\/www.eldigitaldeasturias.com\/noticias\/merkel-recibira-a-ban-ki-moon-la-semana-que-viene-en-berlin\/#breadcrumblist"},"author":{"@id":"https:\/\/www.eldigitaldeasturias.com\/noticias\/author\/admin\/#author"},"creator":{"@id":"https:\/\/www.eldigitaldeasturias.com\/noticias\/author\/admin\/#author"},"image":{"@type":"ImageObject","url":469165,"@id":"https:\/\/www.eldigitaldeasturias.com\/noticias\/merkel-recibira-a-ban-ki-moon-la-semana-que-viene-en-berlin\/#mainImage"},"primaryImageOfPage":{"@id":"https:\/\/www.eldigitaldeasturias.com\/noticias\/merkel-recibira-a-ban-ki-moon-la-semana-que-viene-en-berlin\/#mainImage"},"datePublished":"2014-01-24T21:26:58+01:00","dateModified":"2014-01-24T21:26:58+01:00"},{"@type":"WebSite","@id":"https:\/\/www.eldigitaldeasturias.com\/noticias\/#website","url":"https:\/\/www.eldigitaldeasturias.com\/noticias\/","name":"El Digital de Asturias - Diario de actualidad y noticias","alternateName":"El Digital de Asturias - Diario de actualidad y noticias","description":"Hemeroteca","inLanguage":"es-ES","publisher":{"@id":"https:\/\/www.eldigitaldeasturias.com\/noticias\/#organization"}}]},"og:locale":"es_ES","og:site_name":"El Digital de Asturias","og:type":"article","og:title":"Merkel recibir\u00e1 a Ban Ki-moon la semana que viene en Berl\u00edn - El Digital de Asturias","og:description":"Berl\u00edn, 24 ene (dpa) - El secretario general de la ONU, Ban Ki-moon, se reunir\u00e1 la semana pr\u00f3xima con la canciller Angela Merkel durante una visita de cuatro d\u00edas a Alemania, anunci\u00f3 hoy el gobierno en Berl\u00edn. Merkel recibir\u00e1 al diplom\u00e1tico surcoreano el jueves en la sede de la Canciller\u00eda. Los temas del encuentro ser\u00e1n","og:url":"https:\/\/www.eldigitaldeasturias.com\/noticias\/merkel-recibira-a-ban-ki-moon-la-semana-que-viene-en-berlin\/","article:tag":["actualidad"],"article:published_time":"2014-01-24T22:26:58+00:00","article:modified_time":"2014-01-24T22:26:58+00:00","article:publisher":"https:\/\/facebook.com\/eldigitaldeasturias","twitter:card":"summary_large_image","twitter:title":"Merkel recibir\u00e1 a Ban Ki-moon la semana que viene en Berl\u00edn - El Digital de Asturias","twitter:description":"Berl\u00edn, 24 ene (dpa) - El secretario general de la ONU, Ban Ki-moon, se reunir\u00e1 la semana pr\u00f3xima con la canciller Angela Merkel durante una visita de cuatro d\u00edas a Alemania, anunci\u00f3 hoy el gobierno en Berl\u00edn. Merkel recibir\u00e1 al diplom\u00e1tico surcoreano el jueves en la sede de la Canciller\u00eda. Los temas del encuentro ser\u00e1n","twitter:label1":"Escrito por","twitter:data1":"El Digital de Asturias","twitter:label2":"Tiempo de lectura estimado","twitter:data2":"1 minuto"},"aioseo_meta_data":{"post_id":"478385","title":null,"description":null,"keywords":null,"keyphrases":null,"primary_term":null,"canonical_url":null,"og_title":null,"og_description":null,"og_object_type":"default","og_image_type":"default","og_image_url":null,"og_image_width":null,"og_image_height":null,"og_image_custom_url":null,"og_image_custom_fields":null,"og_video":null,"og_custom_url":null,"og_article_section":null,"og_article_tags":null,"twitter_use_og":true,"twitter_card":"default","twitter_image_type":"default","twitter_image_url":null,"twitter_image_custom_url":null,"twitter_image_custom_fields":null,"twitter_title":null,"twitter_description":null,"schema":{"blockGraphs":[],"customGraphs":[],"default":{"data":{"Article":[],"Course":[],"Dataset":[],"FAQPage":[],"Movie":[],"Person":[],"Product":[],"ProductReview":[],"Car":[],"Recipe":[],"Service":[],"SoftwareApplication":[],"WebPage":[]},"graphName":"","isEnabled":true},"graphs":[],"defaultGraph":"","defaultPostTypeGraph":""},"schema_type":null,"schema_type_options":null,"pillar_content":false,"robots_default":true,"robots_noindex":false,"robots_noarchive":false,"robots_nosnippet":false,"robots_nofollow":false,"robots_noimageindex":false,"robots_noodp":false,"robots_notranslate":false,"robots_max_snippet":null,"robots_max_videopreview":null,"robots_max_imagepreview":"none","priority":null,"frequency":null,"local_seo":null,"seo_analyzer_scan_date":"2026-06-01 21:23:01","breadcrumb_settings":null,"limit_modified_date":false,"open_ai":null,"ai":null,"created":"2020-11-14 22:53:55","updated":"2026-06-01 21:23:01","focus_keyword":null,"additional_keywords":null,"truseo_locale":null},"aioseo_breadcrumb":"<div class=\"aioseo-breadcrumbs\"><span class=\"aioseo-breadcrumb\">\n\t<a href=\"https:\/\/www.eldigitaldeasturias.com\/noticias\" title=\"Home\">Home<\/a>\n<\/span><span class=\"aioseo-breadcrumb-separator\">\u2013<\/span><span class=\"aioseo-breadcrumb\">\n\t<a href=\"https:\/\/www.eldigitaldeasturias.com\/noticias\/category\/actualidad\/\" title=\"Actualidad\">Actualidad<\/a>\n<\/span><span class=\"aioseo-breadcrumb-separator\">\u2013<\/span><span class=\"aioseo-breadcrumb\">\n\t<a href=\"https:\/\/www.eldigitaldeasturias.com\/noticias\/merkel-recibira-a-ban-ki-moon-la-semana-que-viene-en-berlin\/\" title=\"Merkel recibir\u00e1 a Ban Ki-moon la semana que viene en Berl\u00edn\">Merkel recibir\u00e1 a Ban Ki-moon la semana que viene en Berl\u00edn<\/a>\n<\/span><\/div>","aioseo_breadcrumb_json":[{"label":"Home","link":"https:\/\/www.eldigitaldeasturias.com\/noticias"},{"label":"Actualidad","link":"https:\/\/www.eldigitaldeasturias.com\/noticias\/category\/actualidad\/"},{"label":"Merkel recibir\u00e1 a Ban Ki-moon la semana que viene en Berl\u00edn","link":"https:\/\/www.eldigitaldeasturias.com\/noticias\/merkel-recibira-a-ban-ki-moon-la-semana-que-viene-en-berlin\/"}],"_links":{"self":[{"href":"https:\/\/www.eldigitaldeasturias.com\/noticias\/wp-json\/wp\/v2\/posts\/478385","targetHints":{"allow":["GET"]}}],"collection":[{"href":"https:\/\/www.eldigitaldeasturias.com\/noticias\/wp-json\/wp\/v2\/posts"}],"about":[{"href":"https:\/\/www.eldigitaldeasturias.com\/noticias\/wp-json\/wp\/v2\/types\/post"}],"author":[{"embeddable":true,"href":"https:\/\/www.eldigitaldeasturias.com\/noticias\/wp-json\/wp\/v2\/users\/1"}],"replies":[{"embeddable":true,"href":"https:\/\/www.eldigitaldeasturias.com\/noticias\/wp-json\/wp\/v2\/comments?post=478385"}],"version-history":[{"count":0,"href":"https:\/\/www.eldigitaldeasturias.com\/noticias\/wp-json\/wp\/v2\/posts\/478385\/revisions"}],"wp:attachment":[{"href":"https:\/\/www.eldigitaldeasturias.com\/noticias\/wp-json\/wp\/v2\/media?parent=478385"}],"wp:term":[{"taxonomy":"category","embeddable":true,"href":"https:\/\/www.eldigitaldeasturias.com\/noticias\/wp-json\/wp\/v2\/categories?post=478385"},{"taxonomy":"post_tag","embeddable":true,"href":"https:\/\/www.eldigitaldeasturias.com\/noticias\/wp-json\/wp\/v2\/tags?post=478385"}],"curies":[{"name":"wp","href":"https:\/\/api.w.org\/{rel}","templated":true}]}}