{"id":478374,"date":"2014-01-24T21:15:12","date_gmt":"2014-01-24T22:15:12","guid":{"rendered":"http:\/\/www.eldigitaldeasturias.com\/noticias\/?p=478374"},"modified":"2014-01-24T21:15:30","modified_gmt":"2014-01-24T22:15:30","slug":"no-todo-es-neymar-rosell-blanco-de-juicio-penal-tambien-en-brasil","status":"publish","type":"post","link":"https:\/\/www.eldigitaldeasturias.com\/noticias\/no-todo-es-neymar-rosell-blanco-de-juicio-penal-tambien-en-brasil\/","title":{"rendered":"No todo es Neymar: Rosell, blanco de juicio penal tambi\u00e9n en Brasil"},"content":{"rendered":"<p><img loading=\"lazy\" decoding=\"async\" class=\"alignleft size-medium wp-image-477430\" alt=\"rosell\" src=\"https:\/\/www.eldigitaldeasturias.com\/noticias\/wp-content\/uploads\/2014\/01\/rosell-360x225.jpg\" width=\"360\" height=\"225\" \/>R\u00edo de Janeiro, 24 ene (dpa) &#8211; Sandro Rosell no s\u00f3lo tiene problemas con la justicia espa\u00f1ola por el \u00abcaso Neymar\u00bb: el ya ex presidente de Barcelona tambi\u00e9n figura como acusado en un juicio penal en Brasil.<\/p>\n<p>El dirigente espa\u00f1ol fue denunciado en los primeros meses de 2013 por el Ministerio P\u00fablico de Brasilia por la sospecha de desv\u00edo de dinero p\u00fablico en la organizaci\u00f3n de un partido amistoso entre Brasil y Portugal a finales de 2008.<\/p>\n<p>Las investigaciones de la Fiscal\u00eda revelaron que la empresa Alianto Marketing, propiedad de Rosell, recibi\u00f3 de la gobernaci\u00f3n del distrito federal nueve millones de reales (unos 3,9 millones de d\u00f3lares, al cambio de la \u00e9poca).<\/p>\n<p>La defensa de Rosell asegura que no hay ilegalidades en el contrato, pero el Ministerio P\u00fablico sostiene que la empresa Ailanto fue creada despu\u00e9s de la realizaci\u00f3n del amistoso y que inform\u00f3 como ubicaci\u00f3n de su sede en Brasil una hacienda que pertenec\u00eda al entonces presidente de la Confederaci\u00f3n Brasile\u00f1a de F\u00fatbol (CBF), Ricardo Teixeira.<\/p>\n<p>Adem\u00e1s, las investigaciones del Ministerio P\u00fablico apuntan a que la empresa Ailanto envi\u00f3 un mill\u00f3n de reales (unos 416.000 d\u00f3lares) a la cuenta bancaria de Rosell en Barcelona, adem\u00e1s de transferir unos 293.000 d\u00f3lares a Teixeira, quien renunci\u00f3 al comando de la CBF en marzo de 2012 en medio de sospechas de corrupci\u00f3n.<\/p>\n<p>Adem\u00e1s de la denuncia penal contra Rosell, el Ministerio P\u00fablico de Brasilia inici\u00f3 contra el dirigente un juicio civil para exigir la devoluci\u00f3n de parte del dinero pagado por el amistoso, alegando indicios de sobrevaluaci\u00f3n en los costos de hospedaje de los jugadores que participaron en el partido amistoso.<\/p>\n<p>Rosell renunci\u00f3 el jueves a su cargo de presidente del Barcelona despu\u00e9s de que la Justicia espa\u00f1ola admitiera a tr\u00e1mite una querella contra \u00e9l por supuestas irregularidades en el traspaso de Neymar.<\/p>\n<p>El ex presidente catal\u00e1n siempre asegur\u00f3 que el fichaje se realiz\u00f3 dentro del marco legal por un valor de 57,1 millones de euros, pero el juez Pablo Ruz ve indicios de \u00absupuesto delito de apropiaci\u00f3n indebida en su modalidad de distracci\u00f3n\u00bb.<\/p>\n<p>Al comentar hoy la renuncia de Rosell, el analista Juca Kfouri, del diario \u00abFolha de Sao Paulo\u00bb y del portal de noticias UOL, record\u00f3 que el v\u00ednculo entre Rosell y Teixeira se inici\u00f3 en la d\u00e9cada del 90, cuando el ahora ex presidente del Barcelona se desempe\u00f1\u00f3 como ejecutivo de marketing de la empresa Nike.<\/p>\n<p>Precisamente en esa \u00e9poca, en 1996, fue firmado el contrato de patrocinio de Nike a la selecci\u00f3n brasile\u00f1a de f\u00fatbol, que ha sido investigado por una comisi\u00f3n del Congreso del pa\u00eds sudamericano.<\/p>\n<p>Kfouri record\u00f3 que Rosell es padrino de la hija menor de Teixeira, a quien \u00abregal\u00f3\u00bb en 2011 un dep\u00f3sito bancario por 3,8 millones de reales (unos 2,4 millones de d\u00f3lares, al cambio de la \u00e9poca).<\/p>\n<p>\u00abFue adem\u00e1s el ahora ex presidente del club catal\u00e1n quien aconsej\u00f3 Teixeira a salir de la CBF y del COL (el comit\u00e9 organizador del Mundial de Brasil 2014) cuando las cosas se complicaron para \u00e9l\u00bb, destac\u00f3 el columnista.<\/p>\n<p>Por Diana Ren\u00e9e<\/p>\n","protected":false},"excerpt":{"rendered":"<p>R\u00edo de Janeiro, 24 ene (dpa) &#8211; Sandro Rosell no s\u00f3lo tiene problemas con la justicia espa\u00f1ola por el \u00abcaso Neymar\u00bb: el ya ex presidente de Barcelona tambi\u00e9n figura como acusado en un juicio penal en Brasil. El dirigente espa\u00f1ol fue denunciado en los primeros meses de 2013 por el Ministerio P\u00fablico de Brasilia por [&hellip;]<\/p>\n","protected":false},"author":1,"featured_media":1132184,"comment_status":"closed","ping_status":"open","sticky":false,"template":"","format":"standard","meta":{"footnotes":""},"categories":[1],"tags":[],"class_list":["post-478374","post","type-post","status-publish","format-standard","has-post-thumbnail","hentry","category-actualidad"],"aioseo_notices":[],"aioseo_head":"\n\t\t<!-- All in One SEO Pro 5.0.1 - aioseo.com -->\n\t<meta name=\"description\" content=\"R\u00edo de Janeiro, 24 ene (dpa) - Sandro Rosell no s\u00f3lo tiene problemas con la justicia espa\u00f1ola por el &quot;caso Neymar&quot;: el ya ex presidente de Barcelona tambi\u00e9n figura como acusado en un juicio penal en Brasil. El dirigente espa\u00f1ol fue denunciado en los primeros meses de 2013 por el Ministerio P\u00fablico de Brasilia por\" \/>\n\t<meta name=\"robots\" content=\"max-image-preview:large\" \/>\n\t<meta name=\"author\" content=\"El Digital de Asturias\"\/>\n\t<meta name=\"google-site-verification\" content=\"UA-38556648-1\" \/>\n\t<meta name=\"msvalidate.01\" content=\"7dfe9f3f1b24437ab69f4f2559babe99\" \/>\n\t<meta name=\"keywords\" content=\"actualidad\" \/>\n\t<link rel=\"canonical\" href=\"https:\/\/www.eldigitaldeasturias.com\/noticias\/no-todo-es-neymar-rosell-blanco-de-juicio-penal-tambien-en-brasil\/\" \/>\n\t<meta name=\"generator\" content=\"All in One SEO Pro (AIOSEO) 5.0.1\" \/>\n\t\t<meta property=\"og:locale\" content=\"es_ES\" \/>\n\t\t<meta property=\"og:site_name\" content=\"El Digital de Asturias\" \/>\n\t\t<meta property=\"og:type\" content=\"article\" \/>\n\t\t<meta property=\"og:title\" content=\"No todo es Neymar: Rosell, blanco de juicio penal tambi\u00e9n en Brasil - El Digital de Asturias\" \/>\n\t\t<meta property=\"og:description\" content=\"R\u00edo de Janeiro, 24 ene (dpa) - Sandro Rosell no s\u00f3lo tiene problemas con la justicia espa\u00f1ola por el &quot;caso Neymar&quot;: el ya ex presidente de Barcelona tambi\u00e9n figura como acusado en un juicio penal en Brasil. El dirigente espa\u00f1ol fue denunciado en los primeros meses de 2013 por el Ministerio P\u00fablico de Brasilia por\" \/>\n\t\t<meta property=\"og:url\" content=\"https:\/\/www.eldigitaldeasturias.com\/noticias\/no-todo-es-neymar-rosell-blanco-de-juicio-penal-tambien-en-brasil\/\" \/>\n\t\t<meta property=\"og:image\" content=\"https:\/\/www.eldigitaldeasturias.com\/noticias\/wp-content\/uploads\/2026\/06\/Contenidos.jpg\" \/>\n\t\t<meta property=\"og:image:secure_url\" content=\"https:\/\/www.eldigitaldeasturias.com\/noticias\/wp-content\/uploads\/2026\/06\/Contenidos.jpg\" \/>\n\t\t<meta property=\"og:image:width\" content=\"1265\" \/>\n\t\t<meta property=\"og:image:height\" content=\"697\" \/>\n\t\t<meta property=\"article:tag\" content=\"actualidad\" \/>\n\t\t<meta property=\"article:published_time\" content=\"2014-01-24T22:15:12+00:00\" \/>\n\t\t<meta property=\"article:modified_time\" content=\"2014-01-24T22:15:30+00:00\" \/>\n\t\t<meta property=\"article:publisher\" content=\"https:\/\/facebook.com\/eldigitaldeasturias\" \/>\n\t\t<meta name=\"twitter:card\" content=\"summary_large_image\" \/>\n\t\t<meta name=\"twitter:title\" content=\"No todo es Neymar: Rosell, blanco de juicio penal tambi\u00e9n en Brasil - El Digital de Asturias\" \/>\n\t\t<meta name=\"twitter:description\" content=\"R\u00edo de Janeiro, 24 ene (dpa) - Sandro Rosell no s\u00f3lo tiene problemas con la justicia espa\u00f1ola por el &quot;caso Neymar&quot;: el ya ex presidente de Barcelona tambi\u00e9n figura como acusado en un juicio penal en Brasil. El dirigente espa\u00f1ol fue denunciado en los primeros meses de 2013 por el Ministerio P\u00fablico de Brasilia por\" \/>\n\t\t<meta name=\"twitter:image\" content=\"https:\/\/www.eldigitaldeasturias.com\/noticias\/wp-content\/uploads\/2026\/06\/Contenidos.jpg\" \/>\n\t\t<meta name=\"twitter:label1\" content=\"Escrito por\" \/>\n\t\t<meta name=\"twitter:data1\" content=\"El Digital de Asturias\" \/>\n\t\t<meta name=\"twitter:label2\" content=\"Tiempo de lectura estimado\" \/>\n\t\t<meta name=\"twitter:data2\" content=\"3 minutos\" \/>\n\t\t<script type=\"application\/ld+json\" class=\"aioseo-schema\">\n\t\t\t{\"@context\":\"https:\\\/\\\/schema.org\",\"@graph\":[{\"@type\":\"BlogPosting\",\"@id\":\"https:\\\/\\\/www.eldigitaldeasturias.com\\\/noticias\\\/no-todo-es-neymar-rosell-blanco-de-juicio-penal-tambien-en-brasil\\\/#blogposting\",\"name\":\"No todo es Neymar: Rosell, blanco de juicio penal tambi\\u00e9n en Brasil - El Digital de Asturias\",\"headline\":\"No todo es Neymar: Rosell, blanco de juicio penal tambi\\u00e9n en Brasil\",\"author\":{\"@id\":\"https:\\\/\\\/www.eldigitaldeasturias.com\\\/noticias\\\/author\\\/admin\\\/#author\"},\"publisher\":{\"@id\":\"https:\\\/\\\/www.eldigitaldeasturias.com\\\/noticias\\\/#organization\"},\"image\":{\"@type\":\"ImageObject\",\"url\":\"https:\\\/\\\/www.eldigitaldeasturias.com\\\/noticias\\\/wp-content\\\/uploads\\\/2026\\\/06\\\/Contenidos.jpg\",\"width\":1265,\"height\":697,\"caption\":\"Contenidos\"},\"datePublished\":\"2014-01-24T21:15:12+01:00\",\"dateModified\":\"2014-01-24T21:15:30+01:00\",\"inLanguage\":\"es-ES\",\"mainEntityOfPage\":{\"@id\":\"https:\\\/\\\/www.eldigitaldeasturias.com\\\/noticias\\\/no-todo-es-neymar-rosell-blanco-de-juicio-penal-tambien-en-brasil\\\/#webpage\"},\"isPartOf\":{\"@id\":\"https:\\\/\\\/www.eldigitaldeasturias.com\\\/noticias\\\/no-todo-es-neymar-rosell-blanco-de-juicio-penal-tambien-en-brasil\\\/#webpage\"},\"articleSection\":\"Actualidad\"},{\"@type\":\"BreadcrumbList\",\"@id\":\"https:\\\/\\\/www.eldigitaldeasturias.com\\\/noticias\\\/no-todo-es-neymar-rosell-blanco-de-juicio-penal-tambien-en-brasil\\\/#breadcrumblist\",\"itemListElement\":[{\"@type\":\"ListItem\",\"@id\":\"https:\\\/\\\/www.eldigitaldeasturias.com\\\/noticias#listItem\",\"position\":1,\"name\":\"Home\",\"item\":\"https:\\\/\\\/www.eldigitaldeasturias.com\\\/noticias\",\"nextItem\":{\"@type\":\"ListItem\",\"@id\":\"https:\\\/\\\/www.eldigitaldeasturias.com\\\/noticias\\\/category\\\/actualidad\\\/#listItem\",\"name\":\"Actualidad\"}},{\"@type\":\"ListItem\",\"@id\":\"https:\\\/\\\/www.eldigitaldeasturias.com\\\/noticias\\\/category\\\/actualidad\\\/#listItem\",\"position\":2,\"name\":\"Actualidad\",\"item\":\"https:\\\/\\\/www.eldigitaldeasturias.com\\\/noticias\\\/category\\\/actualidad\\\/\",\"nextItem\":{\"@type\":\"ListItem\",\"@id\":\"https:\\\/\\\/www.eldigitaldeasturias.com\\\/noticias\\\/no-todo-es-neymar-rosell-blanco-de-juicio-penal-tambien-en-brasil\\\/#listItem\",\"name\":\"No todo es Neymar: Rosell, blanco de juicio penal tambi\\u00e9n en Brasil\"},\"previousItem\":{\"@type\":\"ListItem\",\"@id\":\"https:\\\/\\\/www.eldigitaldeasturias.com\\\/noticias#listItem\",\"name\":\"Home\"}},{\"@type\":\"ListItem\",\"@id\":\"https:\\\/\\\/www.eldigitaldeasturias.com\\\/noticias\\\/no-todo-es-neymar-rosell-blanco-de-juicio-penal-tambien-en-brasil\\\/#listItem\",\"position\":3,\"name\":\"No todo es Neymar: Rosell, blanco de juicio penal tambi\\u00e9n en Brasil\",\"previousItem\":{\"@type\":\"ListItem\",\"@id\":\"https:\\\/\\\/www.eldigitaldeasturias.com\\\/noticias\\\/category\\\/actualidad\\\/#listItem\",\"name\":\"Actualidad\"}}]},{\"@type\":\"Organization\",\"@id\":\"https:\\\/\\\/www.eldigitaldeasturias.com\\\/noticias\\\/#organization\",\"name\":\"El Digital de Asturias\",\"description\":\"Hemeroteca\",\"url\":\"https:\\\/\\\/www.eldigitaldeasturias.com\\\/noticias\\\/\",\"email\":\"info@eldigitaldeasturias.com\",\"telephone\":\"+34652131393\",\"logo\":{\"@type\":\"ImageObject\",\"url\":\"https:\\\/\\\/www.eldigitaldeasturias.com\\\/noticias\\\/wp-content\\\/uploads\\\/2020\\\/12\\\/EDA.jpg\",\"@id\":\"https:\\\/\\\/www.eldigitaldeasturias.com\\\/noticias\\\/no-todo-es-neymar-rosell-blanco-de-juicio-penal-tambien-en-brasil\\\/#organizationLogo\"},\"image\":{\"@id\":\"https:\\\/\\\/www.eldigitaldeasturias.com\\\/noticias\\\/no-todo-es-neymar-rosell-blanco-de-juicio-penal-tambien-en-brasil\\\/#organizationLogo\"},\"sameAs\":[\"https:\\\/\\\/facebook.com\\\/eldigitaldeasturias\",\"https:\\\/\\\/www.youtube.com\\\/channel\\\/UCZP-2wLEB9Rv6erhFmqVnvg\"],\"address\":{\"@id\":\"https:\\\/\\\/www.eldigitaldeasturias.com\\\/noticias\\\/#postaladdress\",\"@type\":\"PostalAddress\",\"streetAddress\":\"san antonio 4\",\"postalCode\":\"33430\",\"addressLocality\":\"Cand\\u00e1s\",\"addressRegion\":\"Asturias\",\"addressCountry\":\"ES\"}},{\"@type\":\"Person\",\"@id\":\"https:\\\/\\\/www.eldigitaldeasturias.com\\\/noticias\\\/author\\\/admin\\\/#author\",\"url\":\"https:\\\/\\\/www.eldigitaldeasturias.com\\\/noticias\\\/author\\\/admin\\\/\",\"name\":\"El Digital de Asturias\",\"image\":{\"@type\":\"ImageObject\",\"@id\":\"https:\\\/\\\/www.eldigitaldeasturias.com\\\/noticias\\\/no-todo-es-neymar-rosell-blanco-de-juicio-penal-tambien-en-brasil\\\/#authorImage\",\"url\":\"https:\\\/\\\/secure.gravatar.com\\\/avatar\\\/df2aeffc32bcd13f8d26072ef8a91b623d677766deac7f97ca815868cd41bf5e?s=96&d=mm&r=g\",\"width\":96,\"height\":96,\"caption\":\"El Digital de Asturias\"}},{\"@type\":\"WebPage\",\"@id\":\"https:\\\/\\\/www.eldigitaldeasturias.com\\\/noticias\\\/no-todo-es-neymar-rosell-blanco-de-juicio-penal-tambien-en-brasil\\\/#webpage\",\"url\":\"https:\\\/\\\/www.eldigitaldeasturias.com\\\/noticias\\\/no-todo-es-neymar-rosell-blanco-de-juicio-penal-tambien-en-brasil\\\/\",\"name\":\"No todo es Neymar: Rosell, blanco de juicio penal tambi\\u00e9n en Brasil - El Digital de Asturias\",\"description\":\"R\\u00edo de Janeiro, 24 ene (dpa) - Sandro Rosell no s\\u00f3lo tiene problemas con la justicia espa\\u00f1ola por el \\\"caso Neymar\\\": el ya ex presidente de Barcelona tambi\\u00e9n figura como acusado en un juicio penal en Brasil. El dirigente espa\\u00f1ol fue denunciado en los primeros meses de 2013 por el Ministerio P\\u00fablico de Brasilia por\",\"inLanguage\":\"es-ES\",\"isPartOf\":{\"@id\":\"https:\\\/\\\/www.eldigitaldeasturias.com\\\/noticias\\\/#website\"},\"breadcrumb\":{\"@id\":\"https:\\\/\\\/www.eldigitaldeasturias.com\\\/noticias\\\/no-todo-es-neymar-rosell-blanco-de-juicio-penal-tambien-en-brasil\\\/#breadcrumblist\"},\"author\":{\"@id\":\"https:\\\/\\\/www.eldigitaldeasturias.com\\\/noticias\\\/author\\\/admin\\\/#author\"},\"creator\":{\"@id\":\"https:\\\/\\\/www.eldigitaldeasturias.com\\\/noticias\\\/author\\\/admin\\\/#author\"},\"image\":{\"@type\":\"ImageObject\",\"url\":\"https:\\\/\\\/www.eldigitaldeasturias.com\\\/noticias\\\/wp-content\\\/uploads\\\/2026\\\/06\\\/Contenidos.jpg\",\"@id\":\"https:\\\/\\\/www.eldigitaldeasturias.com\\\/noticias\\\/no-todo-es-neymar-rosell-blanco-de-juicio-penal-tambien-en-brasil\\\/#mainImage\",\"width\":1265,\"height\":697,\"caption\":\"Contenidos\"},\"primaryImageOfPage\":{\"@id\":\"https:\\\/\\\/www.eldigitaldeasturias.com\\\/noticias\\\/no-todo-es-neymar-rosell-blanco-de-juicio-penal-tambien-en-brasil\\\/#mainImage\"},\"datePublished\":\"2014-01-24T21:15:12+01:00\",\"dateModified\":\"2014-01-24T21:15:30+01:00\"},{\"@type\":\"WebSite\",\"@id\":\"https:\\\/\\\/www.eldigitaldeasturias.com\\\/noticias\\\/#website\",\"url\":\"https:\\\/\\\/www.eldigitaldeasturias.com\\\/noticias\\\/\",\"name\":\"El Digital de Asturias - Diario de actualidad y noticias\",\"alternateName\":\"El Digital de Asturias - Diario de actualidad y noticias\",\"description\":\"Hemeroteca\",\"inLanguage\":\"es-ES\",\"publisher\":{\"@id\":\"https:\\\/\\\/www.eldigitaldeasturias.com\\\/noticias\\\/#organization\"}}]}\n\t\t<\/script>\n\t\t<!-- All in One SEO Pro -->\r\n\t\t<title>No todo es Neymar: Rosell, blanco de juicio penal tambi\u00e9n en Brasil - El Digital de Asturias<\/title>\n\n","aioseo_head_json":{"title":"No todo es Neymar: Rosell, blanco de juicio penal tambi\u00e9n en Brasil - El Digital de Asturias","description":"R\u00edo de Janeiro, 24 ene (dpa) - Sandro Rosell no s\u00f3lo tiene problemas con la justicia espa\u00f1ola por el \"caso Neymar\": el ya ex presidente de Barcelona tambi\u00e9n figura como acusado en un juicio penal en Brasil. El dirigente espa\u00f1ol fue denunciado en los primeros meses de 2013 por el Ministerio P\u00fablico de Brasilia por","canonical_url":"https:\/\/www.eldigitaldeasturias.com\/noticias\/no-todo-es-neymar-rosell-blanco-de-juicio-penal-tambien-en-brasil\/","robots":"max-image-preview:large","keywords":"actualidad","webmasterTools":{"google-site-verification":"UA-38556648-1","msvalidate.01":"7dfe9f3f1b24437ab69f4f2559babe99","miscellaneous":""},"schema":{"@context":"https:\/\/schema.org","@graph":[{"@type":"BlogPosting","@id":"https:\/\/www.eldigitaldeasturias.com\/noticias\/no-todo-es-neymar-rosell-blanco-de-juicio-penal-tambien-en-brasil\/#blogposting","name":"No todo es Neymar: Rosell, blanco de juicio penal tambi\u00e9n en Brasil - El Digital de Asturias","headline":"No todo es Neymar: Rosell, blanco de juicio penal tambi\u00e9n en Brasil","author":{"@id":"https:\/\/www.eldigitaldeasturias.com\/noticias\/author\/admin\/#author"},"publisher":{"@id":"https:\/\/www.eldigitaldeasturias.com\/noticias\/#organization"},"image":{"@type":"ImageObject","url":"https:\/\/www.eldigitaldeasturias.com\/noticias\/wp-content\/uploads\/2026\/06\/Contenidos.jpg","width":1265,"height":697,"caption":"Contenidos"},"datePublished":"2014-01-24T21:15:12+01:00","dateModified":"2014-01-24T21:15:30+01:00","inLanguage":"es-ES","mainEntityOfPage":{"@id":"https:\/\/www.eldigitaldeasturias.com\/noticias\/no-todo-es-neymar-rosell-blanco-de-juicio-penal-tambien-en-brasil\/#webpage"},"isPartOf":{"@id":"https:\/\/www.eldigitaldeasturias.com\/noticias\/no-todo-es-neymar-rosell-blanco-de-juicio-penal-tambien-en-brasil\/#webpage"},"articleSection":"Actualidad"},{"@type":"BreadcrumbList","@id":"https:\/\/www.eldigitaldeasturias.com\/noticias\/no-todo-es-neymar-rosell-blanco-de-juicio-penal-tambien-en-brasil\/#breadcrumblist","itemListElement":[{"@type":"ListItem","@id":"https:\/\/www.eldigitaldeasturias.com\/noticias#listItem","position":1,"name":"Home","item":"https:\/\/www.eldigitaldeasturias.com\/noticias","nextItem":{"@type":"ListItem","@id":"https:\/\/www.eldigitaldeasturias.com\/noticias\/category\/actualidad\/#listItem","name":"Actualidad"}},{"@type":"ListItem","@id":"https:\/\/www.eldigitaldeasturias.com\/noticias\/category\/actualidad\/#listItem","position":2,"name":"Actualidad","item":"https:\/\/www.eldigitaldeasturias.com\/noticias\/category\/actualidad\/","nextItem":{"@type":"ListItem","@id":"https:\/\/www.eldigitaldeasturias.com\/noticias\/no-todo-es-neymar-rosell-blanco-de-juicio-penal-tambien-en-brasil\/#listItem","name":"No todo es Neymar: Rosell, blanco de juicio penal tambi\u00e9n en Brasil"},"previousItem":{"@type":"ListItem","@id":"https:\/\/www.eldigitaldeasturias.com\/noticias#listItem","name":"Home"}},{"@type":"ListItem","@id":"https:\/\/www.eldigitaldeasturias.com\/noticias\/no-todo-es-neymar-rosell-blanco-de-juicio-penal-tambien-en-brasil\/#listItem","position":3,"name":"No todo es Neymar: Rosell, blanco de juicio penal tambi\u00e9n en Brasil","previousItem":{"@type":"ListItem","@id":"https:\/\/www.eldigitaldeasturias.com\/noticias\/category\/actualidad\/#listItem","name":"Actualidad"}}]},{"@type":"Organization","@id":"https:\/\/www.eldigitaldeasturias.com\/noticias\/#organization","name":"El Digital de Asturias","description":"Hemeroteca","url":"https:\/\/www.eldigitaldeasturias.com\/noticias\/","email":"info@eldigitaldeasturias.com","telephone":"+34652131393","logo":{"@type":"ImageObject","url":"https:\/\/www.eldigitaldeasturias.com\/noticias\/wp-content\/uploads\/2020\/12\/EDA.jpg","@id":"https:\/\/www.eldigitaldeasturias.com\/noticias\/no-todo-es-neymar-rosell-blanco-de-juicio-penal-tambien-en-brasil\/#organizationLogo"},"image":{"@id":"https:\/\/www.eldigitaldeasturias.com\/noticias\/no-todo-es-neymar-rosell-blanco-de-juicio-penal-tambien-en-brasil\/#organizationLogo"},"sameAs":["https:\/\/facebook.com\/eldigitaldeasturias","https:\/\/www.youtube.com\/channel\/UCZP-2wLEB9Rv6erhFmqVnvg"],"address":{"@id":"https:\/\/www.eldigitaldeasturias.com\/noticias\/#postaladdress","@type":"PostalAddress","streetAddress":"san antonio 4","postalCode":"33430","addressLocality":"Cand\u00e1s","addressRegion":"Asturias","addressCountry":"ES"}},{"@type":"Person","@id":"https:\/\/www.eldigitaldeasturias.com\/noticias\/author\/admin\/#author","url":"https:\/\/www.eldigitaldeasturias.com\/noticias\/author\/admin\/","name":"El Digital de Asturias","image":{"@type":"ImageObject","@id":"https:\/\/www.eldigitaldeasturias.com\/noticias\/no-todo-es-neymar-rosell-blanco-de-juicio-penal-tambien-en-brasil\/#authorImage","url":"https:\/\/secure.gravatar.com\/avatar\/df2aeffc32bcd13f8d26072ef8a91b623d677766deac7f97ca815868cd41bf5e?s=96&d=mm&r=g","width":96,"height":96,"caption":"El Digital de Asturias"}},{"@type":"WebPage","@id":"https:\/\/www.eldigitaldeasturias.com\/noticias\/no-todo-es-neymar-rosell-blanco-de-juicio-penal-tambien-en-brasil\/#webpage","url":"https:\/\/www.eldigitaldeasturias.com\/noticias\/no-todo-es-neymar-rosell-blanco-de-juicio-penal-tambien-en-brasil\/","name":"No todo es Neymar: Rosell, blanco de juicio penal tambi\u00e9n en Brasil - El Digital de Asturias","description":"R\u00edo de Janeiro, 24 ene (dpa) - Sandro Rosell no s\u00f3lo tiene problemas con la justicia espa\u00f1ola por el \"caso Neymar\": el ya ex presidente de Barcelona tambi\u00e9n figura como acusado en un juicio penal en Brasil. El dirigente espa\u00f1ol fue denunciado en los primeros meses de 2013 por el Ministerio P\u00fablico de Brasilia por","inLanguage":"es-ES","isPartOf":{"@id":"https:\/\/www.eldigitaldeasturias.com\/noticias\/#website"},"breadcrumb":{"@id":"https:\/\/www.eldigitaldeasturias.com\/noticias\/no-todo-es-neymar-rosell-blanco-de-juicio-penal-tambien-en-brasil\/#breadcrumblist"},"author":{"@id":"https:\/\/www.eldigitaldeasturias.com\/noticias\/author\/admin\/#author"},"creator":{"@id":"https:\/\/www.eldigitaldeasturias.com\/noticias\/author\/admin\/#author"},"image":{"@type":"ImageObject","url":"https:\/\/www.eldigitaldeasturias.com\/noticias\/wp-content\/uploads\/2026\/06\/Contenidos.jpg","@id":"https:\/\/www.eldigitaldeasturias.com\/noticias\/no-todo-es-neymar-rosell-blanco-de-juicio-penal-tambien-en-brasil\/#mainImage","width":1265,"height":697,"caption":"Contenidos"},"primaryImageOfPage":{"@id":"https:\/\/www.eldigitaldeasturias.com\/noticias\/no-todo-es-neymar-rosell-blanco-de-juicio-penal-tambien-en-brasil\/#mainImage"},"datePublished":"2014-01-24T21:15:12+01:00","dateModified":"2014-01-24T21:15:30+01:00"},{"@type":"WebSite","@id":"https:\/\/www.eldigitaldeasturias.com\/noticias\/#website","url":"https:\/\/www.eldigitaldeasturias.com\/noticias\/","name":"El Digital de Asturias - Diario de actualidad y noticias","alternateName":"El Digital de Asturias - Diario de actualidad y noticias","description":"Hemeroteca","inLanguage":"es-ES","publisher":{"@id":"https:\/\/www.eldigitaldeasturias.com\/noticias\/#organization"}}]},"og:locale":"es_ES","og:site_name":"El Digital de Asturias","og:type":"article","og:title":"No todo es Neymar: Rosell, blanco de juicio penal tambi\u00e9n en Brasil - El Digital de Asturias","og:description":"R\u00edo de Janeiro, 24 ene (dpa) - Sandro Rosell no s\u00f3lo tiene problemas con la justicia espa\u00f1ola por el &quot;caso Neymar&quot;: el ya ex presidente de Barcelona tambi\u00e9n figura como acusado en un juicio penal en Brasil. El dirigente espa\u00f1ol fue denunciado en los primeros meses de 2013 por el Ministerio P\u00fablico de Brasilia por","og:url":"https:\/\/www.eldigitaldeasturias.com\/noticias\/no-todo-es-neymar-rosell-blanco-de-juicio-penal-tambien-en-brasil\/","og:image":"https:\/\/www.eldigitaldeasturias.com\/noticias\/wp-content\/uploads\/2026\/06\/Contenidos.jpg","og:image:secure_url":"https:\/\/www.eldigitaldeasturias.com\/noticias\/wp-content\/uploads\/2026\/06\/Contenidos.jpg","og:image:width":1265,"og:image:height":697,"article:tag":["actualidad"],"article:published_time":"2014-01-24T22:15:12+00:00","article:modified_time":"2014-01-24T22:15:30+00:00","article:publisher":"https:\/\/facebook.com\/eldigitaldeasturias","twitter:card":"summary_large_image","twitter:title":"No todo es Neymar: Rosell, blanco de juicio penal tambi\u00e9n en Brasil - El Digital de Asturias","twitter:description":"R\u00edo de Janeiro, 24 ene (dpa) - Sandro Rosell no s\u00f3lo tiene problemas con la justicia espa\u00f1ola por el &quot;caso Neymar&quot;: el ya ex presidente de Barcelona tambi\u00e9n figura como acusado en un juicio penal en Brasil. El dirigente espa\u00f1ol fue denunciado en los primeros meses de 2013 por el Ministerio P\u00fablico de Brasilia por","twitter:image":"https:\/\/www.eldigitaldeasturias.com\/noticias\/wp-content\/uploads\/2026\/06\/Contenidos.jpg","twitter:label1":"Escrito por","twitter:data1":"El Digital de Asturias","twitter:label2":"Tiempo de lectura estimado","twitter:data2":"3 minutos"},"aioseo_meta_data":{"post_id":"478374","title":null,"description":null,"keywords":null,"keyphrases":null,"primary_term":null,"canonical_url":null,"og_title":null,"og_description":null,"og_object_type":"default","og_image_type":"default","og_image_url":null,"og_image_width":null,"og_image_height":null,"og_image_custom_url":null,"og_image_custom_fields":null,"og_video":null,"og_custom_url":null,"og_article_section":null,"og_article_tags":null,"twitter_use_og":true,"twitter_card":"default","twitter_image_type":"default","twitter_image_url":null,"twitter_image_custom_url":null,"twitter_image_custom_fields":null,"twitter_title":null,"twitter_description":null,"schema":{"blockGraphs":[],"customGraphs":[],"default":{"data":{"Article":[],"Course":[],"Dataset":[],"FAQPage":[],"Movie":[],"Person":[],"Product":[],"ProductReview":[],"Car":[],"Recipe":[],"Service":[],"SoftwareApplication":[],"WebPage":[]},"graphName":"","isEnabled":true},"graphs":[],"defaultGraph":"","defaultPostTypeGraph":""},"schema_type":null,"schema_type_options":null,"pillar_content":false,"robots_default":true,"robots_noindex":false,"robots_noarchive":false,"robots_nosnippet":false,"robots_nofollow":false,"robots_noimageindex":false,"robots_noodp":false,"robots_notranslate":false,"robots_max_snippet":null,"robots_max_videopreview":null,"robots_max_imagepreview":"none","priority":null,"frequency":null,"local_seo":null,"seo_analyzer_scan_date":"2026-06-01 21:18:49","breadcrumb_settings":null,"limit_modified_date":false,"open_ai":null,"ai":null,"created":"2020-11-14 22:53:55","updated":"2026-06-01 21:18:49","focus_keyword":null,"additional_keywords":null,"truseo_locale":null},"aioseo_breadcrumb":"<div class=\"aioseo-breadcrumbs\"><span class=\"aioseo-breadcrumb\">\n\t<a href=\"https:\/\/www.eldigitaldeasturias.com\/noticias\" title=\"Home\">Home<\/a>\n<\/span><span class=\"aioseo-breadcrumb-separator\">\u2013<\/span><span class=\"aioseo-breadcrumb\">\n\t<a href=\"https:\/\/www.eldigitaldeasturias.com\/noticias\/category\/actualidad\/\" title=\"Actualidad\">Actualidad<\/a>\n<\/span><span class=\"aioseo-breadcrumb-separator\">\u2013<\/span><span class=\"aioseo-breadcrumb\">\n\t<a href=\"https:\/\/www.eldigitaldeasturias.com\/noticias\/no-todo-es-neymar-rosell-blanco-de-juicio-penal-tambien-en-brasil\/\" title=\"No todo es Neymar: Rosell, blanco de juicio penal tambi\u00e9n en Brasil\">No todo es Neymar: Rosell, blanco de juicio penal tambi\u00e9n en Brasil<\/a>\n<\/span><\/div>","aioseo_breadcrumb_json":[{"label":"Home","link":"https:\/\/www.eldigitaldeasturias.com\/noticias"},{"label":"Actualidad","link":"https:\/\/www.eldigitaldeasturias.com\/noticias\/category\/actualidad\/"},{"label":"No todo es Neymar: Rosell, blanco de juicio penal tambi\u00e9n en Brasil","link":"https:\/\/www.eldigitaldeasturias.com\/noticias\/no-todo-es-neymar-rosell-blanco-de-juicio-penal-tambien-en-brasil\/"}],"_links":{"self":[{"href":"https:\/\/www.eldigitaldeasturias.com\/noticias\/wp-json\/wp\/v2\/posts\/478374","targetHints":{"allow":["GET"]}}],"collection":[{"href":"https:\/\/www.eldigitaldeasturias.com\/noticias\/wp-json\/wp\/v2\/posts"}],"about":[{"href":"https:\/\/www.eldigitaldeasturias.com\/noticias\/wp-json\/wp\/v2\/types\/post"}],"author":[{"embeddable":true,"href":"https:\/\/www.eldigitaldeasturias.com\/noticias\/wp-json\/wp\/v2\/users\/1"}],"replies":[{"embeddable":true,"href":"https:\/\/www.eldigitaldeasturias.com\/noticias\/wp-json\/wp\/v2\/comments?post=478374"}],"version-history":[{"count":0,"href":"https:\/\/www.eldigitaldeasturias.com\/noticias\/wp-json\/wp\/v2\/posts\/478374\/revisions"}],"wp:featuredmedia":[{"embeddable":true,"href":"https:\/\/www.eldigitaldeasturias.com\/noticias\/wp-json\/wp\/v2\/media\/1132184"}],"wp:attachment":[{"href":"https:\/\/www.eldigitaldeasturias.com\/noticias\/wp-json\/wp\/v2\/media?parent=478374"}],"wp:term":[{"taxonomy":"category","embeddable":true,"href":"https:\/\/www.eldigitaldeasturias.com\/noticias\/wp-json\/wp\/v2\/categories?post=478374"},{"taxonomy":"post_tag","embeddable":true,"href":"https:\/\/www.eldigitaldeasturias.com\/noticias\/wp-json\/wp\/v2\/tags?post=478374"}],"curies":[{"name":"wp","href":"https:\/\/api.w.org\/{rel}","templated":true}]}}