{"id":478372,"date":"2014-01-24T21:12:34","date_gmt":"2014-01-24T22:12:34","guid":{"rendered":"http:\/\/www.eldigitaldeasturias.com\/noticias\/?p=478372"},"modified":"2014-01-24T21:12:34","modified_gmt":"2014-01-24T22:12:34","slug":"nadal-y-su-23-10-ante-federer-los-numeros-por-algo-son","status":"publish","type":"post","link":"https:\/\/www.eldigitaldeasturias.com\/noticias\/nadal-y-su-23-10-ante-federer-los-numeros-por-algo-son\/","title":{"rendered":"Nadal y su 23-10 ante Federer: \u00abLos n\u00fameros por algo son\u00bb"},"content":{"rendered":"<p><img loading=\"lazy\" decoding=\"async\" class=\"alignleft size-medium wp-image-477415\" alt=\"nadal1\" src=\"https:\/\/www.eldigitaldeasturias.com\/noticias\/wp-content\/uploads\/2014\/01\/nadal1-360x264.jpg\" width=\"360\" height=\"264\" \/>Melbourne, 24 ene (dpa) &#8211; El espa\u00f1ol Rafael Nadal admiti\u00f3 hoy que la amplia ventaja que tiene en sus enfrentamientos con el suizo Roger Federer no es casual y se debe a razones concretas.<\/p>\n<p>\u00abLos n\u00fameros por algo son. Uno tiene que apoyarse en los n\u00fameros cuando son extensos\u00bb, dijo el n\u00famero uno del mundo tras derrotar a Federer 7-6 (7-4), 6-3 y 6-3 para sumar su vig\u00e9simo tercer triunfo en 33 partidos y avanzar a la final del Abierto de tenis de Australia.<\/p>\n<p>\u00abEvidentemente, algo ha ocurrido\u00bb, a\u00f1adi\u00f3 el espa\u00f1ol, que reitera constantemente su admiraci\u00f3n por el suizo y es sumamente reacio en general a hablar de la superioridad que los n\u00fameros marcan que tiene sobre \u00e9l.<\/p>\n<p>\u00abS\u00ed, es verdad que yo he sido capaz de encontrar muchas veces c\u00f3mo jugar a un nivel muy alto contra \u00e9l\u00bb, prosigui\u00f3 el ocho veces campe\u00f3n de Roland Garros, que no pierde con Federer en un Grand Slam desde la final de Wimbledon 2007.<\/p>\n<p>\u00abDe todos modos, el a\u00f1o pasado muchos de vosotros hablabais de que Federer ya no estaba, y empez\u00f3 el a\u00f1o con final en Brisbane y semifinal aqu\u00ed venciendo a dos &#8216;top ten&#8217;. El de hoy fue un partido que cay\u00f3 de mi lado\u00bb.<\/p>\n<p>Nadal advirti\u00f3 adem\u00e1s de que la final del domingo no est\u00e1 ganada de antemano, pese al 12-0 que exhibe en el balance de enfrentamientos personales con Stanislas Wawrinka.<\/p>\n<p>\u00abTiene un servicio fant\u00e1stico y sus golpes de fondo de pista son cada vez mejores\u00bb.<\/p>\n<p>\u00abLo que me voy a encontrar es muy diferente a lo que me he encontrado en el d\u00eda de hoy. Tengo que jugar a una intensidad muy alta\u00bb, a\u00f1adi\u00f3 un Nadal muy satisfecho con su juego de hoy.<\/p>\n<p>\u00abHoy el rev\u00e9s cruzado ha sido muy importante. Cuando consigo eso y la derecha paralela, soy un jugador mucho m\u00e1s imprevisible\u00bb.<\/p>\n<p>\u00abEstoy aguantando la intensidad del partido y los peloteos largos, estoy bastante r\u00e1pido, con una buena velocidad\u00bb.<\/p>\n<p>Nadal se revolvi\u00f3 inc\u00f3modo cuando se le pregunt\u00f3 por la ampolla que tiene en la mano izquierda, y que le obliga a jugar con un ap\u00f3sito protector.<\/p>\n<p>\u00ab\u00a1Vamos a hacer una pel\u00edcula ya de la ampolla!\u00bb, se quej\u00f3 el espa\u00f1ol, cuya ampolla, en efecto, tuvo hoy su breve momento de gloria con una sanguinolenta presencia en primer plano en las pantallas gigantes del Rod Laver Arena.<\/p>\n<p>\u00abYa no hay ampolla, tengo la piel nueva\u00bb, insisti\u00f3 el jugador, que se hizo atender por un m\u00e9dico al inicio del segundo set para que le limpiaran el \u00e1rea y le cambiaran la protecci\u00f3n.<\/p>\n<p>Ausente un a\u00f1o atr\u00e1s de Melbourne debido a una doble lesi\u00f3n de rodilla, Nadal asegur\u00f3 que su balance es ya positivo: \u00abPase lo que pase en la final, el torneo es ya fant\u00e1stico\u00bb.<\/p>\n","protected":false},"excerpt":{"rendered":"<p>Melbourne, 24 ene (dpa) &#8211; El espa\u00f1ol Rafael Nadal admiti\u00f3 hoy que la amplia ventaja que tiene en sus enfrentamientos con el suizo Roger Federer no es casual y se debe a razones concretas. \u00abLos n\u00fameros por algo son. Uno tiene que apoyarse en los n\u00fameros cuando son extensos\u00bb, dijo el n\u00famero uno del mundo [&hellip;]<\/p>\n","protected":false},"author":1,"featured_media":1132184,"comment_status":"closed","ping_status":"open","sticky":false,"template":"","format":"standard","meta":{"footnotes":""},"categories":[1],"tags":[],"class_list":["post-478372","post","type-post","status-publish","format-standard","has-post-thumbnail","hentry","category-actualidad"],"aioseo_notices":[],"aioseo_head":"\n\t\t<!-- All in One SEO Pro 5.0.1 - aioseo.com -->\n\t<meta name=\"description\" content=\"Melbourne, 24 ene (dpa) - El espa\u00f1ol Rafael Nadal admiti\u00f3 hoy que la amplia ventaja que tiene en sus enfrentamientos con el suizo Roger Federer no es casual y se debe a razones concretas. &quot;Los n\u00fameros por algo son. Uno tiene que apoyarse en los n\u00fameros cuando son extensos&quot;, dijo el n\u00famero uno del mundo\" \/>\n\t<meta name=\"robots\" content=\"max-image-preview:large\" \/>\n\t<meta name=\"author\" content=\"El Digital de Asturias\"\/>\n\t<meta name=\"google-site-verification\" content=\"UA-38556648-1\" \/>\n\t<meta name=\"msvalidate.01\" content=\"7dfe9f3f1b24437ab69f4f2559babe99\" \/>\n\t<meta name=\"keywords\" content=\"actualidad\" \/>\n\t<link rel=\"canonical\" href=\"https:\/\/www.eldigitaldeasturias.com\/noticias\/nadal-y-su-23-10-ante-federer-los-numeros-por-algo-son\/\" \/>\n\t<meta name=\"generator\" content=\"All in One SEO Pro (AIOSEO) 5.0.1\" \/>\n\t\t<meta property=\"og:locale\" content=\"es_ES\" \/>\n\t\t<meta property=\"og:site_name\" content=\"El Digital de Asturias\" \/>\n\t\t<meta property=\"og:type\" content=\"article\" \/>\n\t\t<meta property=\"og:title\" content=\"Nadal y su 23-10 ante Federer: \u00abLos n\u00fameros por algo son\u00bb - El Digital de Asturias\" \/>\n\t\t<meta property=\"og:description\" content=\"Melbourne, 24 ene (dpa) - El espa\u00f1ol Rafael Nadal admiti\u00f3 hoy que la amplia ventaja que tiene en sus enfrentamientos con el suizo Roger Federer no es casual y se debe a razones concretas. &quot;Los n\u00fameros por algo son. Uno tiene que apoyarse en los n\u00fameros cuando son extensos&quot;, dijo el n\u00famero uno del mundo\" \/>\n\t\t<meta property=\"og:url\" content=\"https:\/\/www.eldigitaldeasturias.com\/noticias\/nadal-y-su-23-10-ante-federer-los-numeros-por-algo-son\/\" \/>\n\t\t<meta property=\"og:image\" content=\"https:\/\/www.eldigitaldeasturias.com\/noticias\/wp-content\/uploads\/2026\/06\/Contenidos.jpg\" \/>\n\t\t<meta property=\"og:image:secure_url\" content=\"https:\/\/www.eldigitaldeasturias.com\/noticias\/wp-content\/uploads\/2026\/06\/Contenidos.jpg\" \/>\n\t\t<meta property=\"og:image:width\" content=\"1265\" \/>\n\t\t<meta property=\"og:image:height\" content=\"697\" \/>\n\t\t<meta property=\"article:tag\" content=\"actualidad\" \/>\n\t\t<meta property=\"article:published_time\" content=\"2014-01-24T22:12:34+00:00\" \/>\n\t\t<meta property=\"article:modified_time\" content=\"2014-01-24T22:12:34+00:00\" \/>\n\t\t<meta property=\"article:publisher\" content=\"https:\/\/facebook.com\/eldigitaldeasturias\" \/>\n\t\t<meta name=\"twitter:card\" content=\"summary_large_image\" \/>\n\t\t<meta name=\"twitter:title\" content=\"Nadal y su 23-10 ante Federer: \u00abLos n\u00fameros por algo son\u00bb - El Digital de Asturias\" \/>\n\t\t<meta name=\"twitter:description\" content=\"Melbourne, 24 ene (dpa) - El espa\u00f1ol Rafael Nadal admiti\u00f3 hoy que la amplia ventaja que tiene en sus enfrentamientos con el suizo Roger Federer no es casual y se debe a razones concretas. &quot;Los n\u00fameros por algo son. Uno tiene que apoyarse en los n\u00fameros cuando son extensos&quot;, dijo el n\u00famero uno del mundo\" \/>\n\t\t<meta name=\"twitter:image\" content=\"https:\/\/www.eldigitaldeasturias.com\/noticias\/wp-content\/uploads\/2026\/06\/Contenidos.jpg\" \/>\n\t\t<meta name=\"twitter:label1\" content=\"Escrito por\" \/>\n\t\t<meta name=\"twitter:data1\" content=\"El Digital de Asturias\" \/>\n\t\t<meta name=\"twitter:label2\" content=\"Tiempo de lectura estimado\" \/>\n\t\t<meta name=\"twitter:data2\" content=\"2 minutos\" \/>\n\t\t<script type=\"application\/ld+json\" class=\"aioseo-schema\">\n\t\t\t{\"@context\":\"https:\\\/\\\/schema.org\",\"@graph\":[{\"@type\":\"BlogPosting\",\"@id\":\"https:\\\/\\\/www.eldigitaldeasturias.com\\\/noticias\\\/nadal-y-su-23-10-ante-federer-los-numeros-por-algo-son\\\/#blogposting\",\"name\":\"Nadal y su 23-10 ante Federer: \\u00abLos n\\u00fameros por algo son\\u00bb - El Digital de Asturias\",\"headline\":\"Nadal y su 23-10 ante Federer: \\u00abLos n\\u00fameros por algo son\\u00bb\",\"author\":{\"@id\":\"https:\\\/\\\/www.eldigitaldeasturias.com\\\/noticias\\\/author\\\/admin\\\/#author\"},\"publisher\":{\"@id\":\"https:\\\/\\\/www.eldigitaldeasturias.com\\\/noticias\\\/#organization\"},\"image\":{\"@type\":\"ImageObject\",\"url\":\"https:\\\/\\\/www.eldigitaldeasturias.com\\\/noticias\\\/wp-content\\\/uploads\\\/2026\\\/06\\\/Contenidos.jpg\",\"width\":1265,\"height\":697,\"caption\":\"Contenidos\"},\"datePublished\":\"2014-01-24T21:12:34+01:00\",\"dateModified\":\"2014-01-24T21:12:34+01:00\",\"inLanguage\":\"es-ES\",\"mainEntityOfPage\":{\"@id\":\"https:\\\/\\\/www.eldigitaldeasturias.com\\\/noticias\\\/nadal-y-su-23-10-ante-federer-los-numeros-por-algo-son\\\/#webpage\"},\"isPartOf\":{\"@id\":\"https:\\\/\\\/www.eldigitaldeasturias.com\\\/noticias\\\/nadal-y-su-23-10-ante-federer-los-numeros-por-algo-son\\\/#webpage\"},\"articleSection\":\"Actualidad\"},{\"@type\":\"BreadcrumbList\",\"@id\":\"https:\\\/\\\/www.eldigitaldeasturias.com\\\/noticias\\\/nadal-y-su-23-10-ante-federer-los-numeros-por-algo-son\\\/#breadcrumblist\",\"itemListElement\":[{\"@type\":\"ListItem\",\"@id\":\"https:\\\/\\\/www.eldigitaldeasturias.com\\\/noticias#listItem\",\"position\":1,\"name\":\"Home\",\"item\":\"https:\\\/\\\/www.eldigitaldeasturias.com\\\/noticias\",\"nextItem\":{\"@type\":\"ListItem\",\"@id\":\"https:\\\/\\\/www.eldigitaldeasturias.com\\\/noticias\\\/category\\\/actualidad\\\/#listItem\",\"name\":\"Actualidad\"}},{\"@type\":\"ListItem\",\"@id\":\"https:\\\/\\\/www.eldigitaldeasturias.com\\\/noticias\\\/category\\\/actualidad\\\/#listItem\",\"position\":2,\"name\":\"Actualidad\",\"item\":\"https:\\\/\\\/www.eldigitaldeasturias.com\\\/noticias\\\/category\\\/actualidad\\\/\",\"nextItem\":{\"@type\":\"ListItem\",\"@id\":\"https:\\\/\\\/www.eldigitaldeasturias.com\\\/noticias\\\/nadal-y-su-23-10-ante-federer-los-numeros-por-algo-son\\\/#listItem\",\"name\":\"Nadal y su 23-10 ante Federer: \\u00abLos n\\u00fameros por algo son\\u00bb\"},\"previousItem\":{\"@type\":\"ListItem\",\"@id\":\"https:\\\/\\\/www.eldigitaldeasturias.com\\\/noticias#listItem\",\"name\":\"Home\"}},{\"@type\":\"ListItem\",\"@id\":\"https:\\\/\\\/www.eldigitaldeasturias.com\\\/noticias\\\/nadal-y-su-23-10-ante-federer-los-numeros-por-algo-son\\\/#listItem\",\"position\":3,\"name\":\"Nadal y su 23-10 ante Federer: \\u00abLos n\\u00fameros por algo son\\u00bb\",\"previousItem\":{\"@type\":\"ListItem\",\"@id\":\"https:\\\/\\\/www.eldigitaldeasturias.com\\\/noticias\\\/category\\\/actualidad\\\/#listItem\",\"name\":\"Actualidad\"}}]},{\"@type\":\"Organization\",\"@id\":\"https:\\\/\\\/www.eldigitaldeasturias.com\\\/noticias\\\/#organization\",\"name\":\"El Digital de Asturias\",\"description\":\"Hemeroteca\",\"url\":\"https:\\\/\\\/www.eldigitaldeasturias.com\\\/noticias\\\/\",\"email\":\"info@eldigitaldeasturias.com\",\"telephone\":\"+34652131393\",\"logo\":{\"@type\":\"ImageObject\",\"url\":\"https:\\\/\\\/www.eldigitaldeasturias.com\\\/noticias\\\/wp-content\\\/uploads\\\/2020\\\/12\\\/EDA.jpg\",\"@id\":\"https:\\\/\\\/www.eldigitaldeasturias.com\\\/noticias\\\/nadal-y-su-23-10-ante-federer-los-numeros-por-algo-son\\\/#organizationLogo\"},\"image\":{\"@id\":\"https:\\\/\\\/www.eldigitaldeasturias.com\\\/noticias\\\/nadal-y-su-23-10-ante-federer-los-numeros-por-algo-son\\\/#organizationLogo\"},\"sameAs\":[\"https:\\\/\\\/facebook.com\\\/eldigitaldeasturias\",\"https:\\\/\\\/www.youtube.com\\\/channel\\\/UCZP-2wLEB9Rv6erhFmqVnvg\"],\"address\":{\"@id\":\"https:\\\/\\\/www.eldigitaldeasturias.com\\\/noticias\\\/#postaladdress\",\"@type\":\"PostalAddress\",\"streetAddress\":\"san antonio 4\",\"postalCode\":\"33430\",\"addressLocality\":\"Cand\\u00e1s\",\"addressRegion\":\"Asturias\",\"addressCountry\":\"ES\"}},{\"@type\":\"Person\",\"@id\":\"https:\\\/\\\/www.eldigitaldeasturias.com\\\/noticias\\\/author\\\/admin\\\/#author\",\"url\":\"https:\\\/\\\/www.eldigitaldeasturias.com\\\/noticias\\\/author\\\/admin\\\/\",\"name\":\"El Digital de Asturias\",\"image\":{\"@type\":\"ImageObject\",\"@id\":\"https:\\\/\\\/www.eldigitaldeasturias.com\\\/noticias\\\/nadal-y-su-23-10-ante-federer-los-numeros-por-algo-son\\\/#authorImage\",\"url\":\"https:\\\/\\\/secure.gravatar.com\\\/avatar\\\/df2aeffc32bcd13f8d26072ef8a91b623d677766deac7f97ca815868cd41bf5e?s=96&d=mm&r=g\",\"width\":96,\"height\":96,\"caption\":\"El Digital de Asturias\"}},{\"@type\":\"WebPage\",\"@id\":\"https:\\\/\\\/www.eldigitaldeasturias.com\\\/noticias\\\/nadal-y-su-23-10-ante-federer-los-numeros-por-algo-son\\\/#webpage\",\"url\":\"https:\\\/\\\/www.eldigitaldeasturias.com\\\/noticias\\\/nadal-y-su-23-10-ante-federer-los-numeros-por-algo-son\\\/\",\"name\":\"Nadal y su 23-10 ante Federer: \\u00abLos n\\u00fameros por algo son\\u00bb - El Digital de Asturias\",\"description\":\"Melbourne, 24 ene (dpa) - El espa\\u00f1ol Rafael Nadal admiti\\u00f3 hoy que la amplia ventaja que tiene en sus enfrentamientos con el suizo Roger Federer no es casual y se debe a razones concretas. \\\"Los n\\u00fameros por algo son. Uno tiene que apoyarse en los n\\u00fameros cuando son extensos\\\", dijo el n\\u00famero uno del mundo\",\"inLanguage\":\"es-ES\",\"isPartOf\":{\"@id\":\"https:\\\/\\\/www.eldigitaldeasturias.com\\\/noticias\\\/#website\"},\"breadcrumb\":{\"@id\":\"https:\\\/\\\/www.eldigitaldeasturias.com\\\/noticias\\\/nadal-y-su-23-10-ante-federer-los-numeros-por-algo-son\\\/#breadcrumblist\"},\"author\":{\"@id\":\"https:\\\/\\\/www.eldigitaldeasturias.com\\\/noticias\\\/author\\\/admin\\\/#author\"},\"creator\":{\"@id\":\"https:\\\/\\\/www.eldigitaldeasturias.com\\\/noticias\\\/author\\\/admin\\\/#author\"},\"image\":{\"@type\":\"ImageObject\",\"url\":\"https:\\\/\\\/www.eldigitaldeasturias.com\\\/noticias\\\/wp-content\\\/uploads\\\/2026\\\/06\\\/Contenidos.jpg\",\"@id\":\"https:\\\/\\\/www.eldigitaldeasturias.com\\\/noticias\\\/nadal-y-su-23-10-ante-federer-los-numeros-por-algo-son\\\/#mainImage\",\"width\":1265,\"height\":697,\"caption\":\"Contenidos\"},\"primaryImageOfPage\":{\"@id\":\"https:\\\/\\\/www.eldigitaldeasturias.com\\\/noticias\\\/nadal-y-su-23-10-ante-federer-los-numeros-por-algo-son\\\/#mainImage\"},\"datePublished\":\"2014-01-24T21:12:34+01:00\",\"dateModified\":\"2014-01-24T21:12:34+01:00\"},{\"@type\":\"WebSite\",\"@id\":\"https:\\\/\\\/www.eldigitaldeasturias.com\\\/noticias\\\/#website\",\"url\":\"https:\\\/\\\/www.eldigitaldeasturias.com\\\/noticias\\\/\",\"name\":\"El Digital de Asturias - Diario de actualidad y noticias\",\"alternateName\":\"El Digital de Asturias - Diario de actualidad y noticias\",\"description\":\"Hemeroteca\",\"inLanguage\":\"es-ES\",\"publisher\":{\"@id\":\"https:\\\/\\\/www.eldigitaldeasturias.com\\\/noticias\\\/#organization\"}}]}\n\t\t<\/script>\n\t\t<!-- All in One SEO Pro -->\r\n\t\t<title>Nadal y su 23-10 ante Federer: \u00abLos n\u00fameros por algo son\u00bb - El Digital de Asturias<\/title>\n\n","aioseo_head_json":{"title":"Nadal y su 23-10 ante Federer: \u00abLos n\u00fameros por algo son\u00bb - El Digital de Asturias","description":"Melbourne, 24 ene (dpa) - El espa\u00f1ol Rafael Nadal admiti\u00f3 hoy que la amplia ventaja que tiene en sus enfrentamientos con el suizo Roger Federer no es casual y se debe a razones concretas. \"Los n\u00fameros por algo son. Uno tiene que apoyarse en los n\u00fameros cuando son extensos\", dijo el n\u00famero uno del mundo","canonical_url":"https:\/\/www.eldigitaldeasturias.com\/noticias\/nadal-y-su-23-10-ante-federer-los-numeros-por-algo-son\/","robots":"max-image-preview:large","keywords":"actualidad","webmasterTools":{"google-site-verification":"UA-38556648-1","msvalidate.01":"7dfe9f3f1b24437ab69f4f2559babe99","miscellaneous":""},"schema":{"@context":"https:\/\/schema.org","@graph":[{"@type":"BlogPosting","@id":"https:\/\/www.eldigitaldeasturias.com\/noticias\/nadal-y-su-23-10-ante-federer-los-numeros-por-algo-son\/#blogposting","name":"Nadal y su 23-10 ante Federer: \u00abLos n\u00fameros por algo son\u00bb - El Digital de Asturias","headline":"Nadal y su 23-10 ante Federer: \u00abLos n\u00fameros por algo son\u00bb","author":{"@id":"https:\/\/www.eldigitaldeasturias.com\/noticias\/author\/admin\/#author"},"publisher":{"@id":"https:\/\/www.eldigitaldeasturias.com\/noticias\/#organization"},"image":{"@type":"ImageObject","url":"https:\/\/www.eldigitaldeasturias.com\/noticias\/wp-content\/uploads\/2026\/06\/Contenidos.jpg","width":1265,"height":697,"caption":"Contenidos"},"datePublished":"2014-01-24T21:12:34+01:00","dateModified":"2014-01-24T21:12:34+01:00","inLanguage":"es-ES","mainEntityOfPage":{"@id":"https:\/\/www.eldigitaldeasturias.com\/noticias\/nadal-y-su-23-10-ante-federer-los-numeros-por-algo-son\/#webpage"},"isPartOf":{"@id":"https:\/\/www.eldigitaldeasturias.com\/noticias\/nadal-y-su-23-10-ante-federer-los-numeros-por-algo-son\/#webpage"},"articleSection":"Actualidad"},{"@type":"BreadcrumbList","@id":"https:\/\/www.eldigitaldeasturias.com\/noticias\/nadal-y-su-23-10-ante-federer-los-numeros-por-algo-son\/#breadcrumblist","itemListElement":[{"@type":"ListItem","@id":"https:\/\/www.eldigitaldeasturias.com\/noticias#listItem","position":1,"name":"Home","item":"https:\/\/www.eldigitaldeasturias.com\/noticias","nextItem":{"@type":"ListItem","@id":"https:\/\/www.eldigitaldeasturias.com\/noticias\/category\/actualidad\/#listItem","name":"Actualidad"}},{"@type":"ListItem","@id":"https:\/\/www.eldigitaldeasturias.com\/noticias\/category\/actualidad\/#listItem","position":2,"name":"Actualidad","item":"https:\/\/www.eldigitaldeasturias.com\/noticias\/category\/actualidad\/","nextItem":{"@type":"ListItem","@id":"https:\/\/www.eldigitaldeasturias.com\/noticias\/nadal-y-su-23-10-ante-federer-los-numeros-por-algo-son\/#listItem","name":"Nadal y su 23-10 ante Federer: \u00abLos n\u00fameros por algo son\u00bb"},"previousItem":{"@type":"ListItem","@id":"https:\/\/www.eldigitaldeasturias.com\/noticias#listItem","name":"Home"}},{"@type":"ListItem","@id":"https:\/\/www.eldigitaldeasturias.com\/noticias\/nadal-y-su-23-10-ante-federer-los-numeros-por-algo-son\/#listItem","position":3,"name":"Nadal y su 23-10 ante Federer: \u00abLos n\u00fameros por algo son\u00bb","previousItem":{"@type":"ListItem","@id":"https:\/\/www.eldigitaldeasturias.com\/noticias\/category\/actualidad\/#listItem","name":"Actualidad"}}]},{"@type":"Organization","@id":"https:\/\/www.eldigitaldeasturias.com\/noticias\/#organization","name":"El Digital de Asturias","description":"Hemeroteca","url":"https:\/\/www.eldigitaldeasturias.com\/noticias\/","email":"info@eldigitaldeasturias.com","telephone":"+34652131393","logo":{"@type":"ImageObject","url":"https:\/\/www.eldigitaldeasturias.com\/noticias\/wp-content\/uploads\/2020\/12\/EDA.jpg","@id":"https:\/\/www.eldigitaldeasturias.com\/noticias\/nadal-y-su-23-10-ante-federer-los-numeros-por-algo-son\/#organizationLogo"},"image":{"@id":"https:\/\/www.eldigitaldeasturias.com\/noticias\/nadal-y-su-23-10-ante-federer-los-numeros-por-algo-son\/#organizationLogo"},"sameAs":["https:\/\/facebook.com\/eldigitaldeasturias","https:\/\/www.youtube.com\/channel\/UCZP-2wLEB9Rv6erhFmqVnvg"],"address":{"@id":"https:\/\/www.eldigitaldeasturias.com\/noticias\/#postaladdress","@type":"PostalAddress","streetAddress":"san antonio 4","postalCode":"33430","addressLocality":"Cand\u00e1s","addressRegion":"Asturias","addressCountry":"ES"}},{"@type":"Person","@id":"https:\/\/www.eldigitaldeasturias.com\/noticias\/author\/admin\/#author","url":"https:\/\/www.eldigitaldeasturias.com\/noticias\/author\/admin\/","name":"El Digital de Asturias","image":{"@type":"ImageObject","@id":"https:\/\/www.eldigitaldeasturias.com\/noticias\/nadal-y-su-23-10-ante-federer-los-numeros-por-algo-son\/#authorImage","url":"https:\/\/secure.gravatar.com\/avatar\/df2aeffc32bcd13f8d26072ef8a91b623d677766deac7f97ca815868cd41bf5e?s=96&d=mm&r=g","width":96,"height":96,"caption":"El Digital de Asturias"}},{"@type":"WebPage","@id":"https:\/\/www.eldigitaldeasturias.com\/noticias\/nadal-y-su-23-10-ante-federer-los-numeros-por-algo-son\/#webpage","url":"https:\/\/www.eldigitaldeasturias.com\/noticias\/nadal-y-su-23-10-ante-federer-los-numeros-por-algo-son\/","name":"Nadal y su 23-10 ante Federer: \u00abLos n\u00fameros por algo son\u00bb - El Digital de Asturias","description":"Melbourne, 24 ene (dpa) - El espa\u00f1ol Rafael Nadal admiti\u00f3 hoy que la amplia ventaja que tiene en sus enfrentamientos con el suizo Roger Federer no es casual y se debe a razones concretas. \"Los n\u00fameros por algo son. Uno tiene que apoyarse en los n\u00fameros cuando son extensos\", dijo el n\u00famero uno del mundo","inLanguage":"es-ES","isPartOf":{"@id":"https:\/\/www.eldigitaldeasturias.com\/noticias\/#website"},"breadcrumb":{"@id":"https:\/\/www.eldigitaldeasturias.com\/noticias\/nadal-y-su-23-10-ante-federer-los-numeros-por-algo-son\/#breadcrumblist"},"author":{"@id":"https:\/\/www.eldigitaldeasturias.com\/noticias\/author\/admin\/#author"},"creator":{"@id":"https:\/\/www.eldigitaldeasturias.com\/noticias\/author\/admin\/#author"},"image":{"@type":"ImageObject","url":"https:\/\/www.eldigitaldeasturias.com\/noticias\/wp-content\/uploads\/2026\/06\/Contenidos.jpg","@id":"https:\/\/www.eldigitaldeasturias.com\/noticias\/nadal-y-su-23-10-ante-federer-los-numeros-por-algo-son\/#mainImage","width":1265,"height":697,"caption":"Contenidos"},"primaryImageOfPage":{"@id":"https:\/\/www.eldigitaldeasturias.com\/noticias\/nadal-y-su-23-10-ante-federer-los-numeros-por-algo-son\/#mainImage"},"datePublished":"2014-01-24T21:12:34+01:00","dateModified":"2014-01-24T21:12:34+01:00"},{"@type":"WebSite","@id":"https:\/\/www.eldigitaldeasturias.com\/noticias\/#website","url":"https:\/\/www.eldigitaldeasturias.com\/noticias\/","name":"El Digital de Asturias - Diario de actualidad y noticias","alternateName":"El Digital de Asturias - Diario de actualidad y noticias","description":"Hemeroteca","inLanguage":"es-ES","publisher":{"@id":"https:\/\/www.eldigitaldeasturias.com\/noticias\/#organization"}}]},"og:locale":"es_ES","og:site_name":"El Digital de Asturias","og:type":"article","og:title":"Nadal y su 23-10 ante Federer: \u00abLos n\u00fameros por algo son\u00bb - El Digital de Asturias","og:description":"Melbourne, 24 ene (dpa) - El espa\u00f1ol Rafael Nadal admiti\u00f3 hoy que la amplia ventaja que tiene en sus enfrentamientos con el suizo Roger Federer no es casual y se debe a razones concretas. &quot;Los n\u00fameros por algo son. Uno tiene que apoyarse en los n\u00fameros cuando son extensos&quot;, dijo el n\u00famero uno del mundo","og:url":"https:\/\/www.eldigitaldeasturias.com\/noticias\/nadal-y-su-23-10-ante-federer-los-numeros-por-algo-son\/","og:image":"https:\/\/www.eldigitaldeasturias.com\/noticias\/wp-content\/uploads\/2026\/06\/Contenidos.jpg","og:image:secure_url":"https:\/\/www.eldigitaldeasturias.com\/noticias\/wp-content\/uploads\/2026\/06\/Contenidos.jpg","og:image:width":1265,"og:image:height":697,"article:tag":["actualidad"],"article:published_time":"2014-01-24T22:12:34+00:00","article:modified_time":"2014-01-24T22:12:34+00:00","article:publisher":"https:\/\/facebook.com\/eldigitaldeasturias","twitter:card":"summary_large_image","twitter:title":"Nadal y su 23-10 ante Federer: \u00abLos n\u00fameros por algo son\u00bb - El Digital de Asturias","twitter:description":"Melbourne, 24 ene (dpa) - El espa\u00f1ol Rafael Nadal admiti\u00f3 hoy que la amplia ventaja que tiene en sus enfrentamientos con el suizo Roger Federer no es casual y se debe a razones concretas. &quot;Los n\u00fameros por algo son. Uno tiene que apoyarse en los n\u00fameros cuando son extensos&quot;, dijo el n\u00famero uno del mundo","twitter:image":"https:\/\/www.eldigitaldeasturias.com\/noticias\/wp-content\/uploads\/2026\/06\/Contenidos.jpg","twitter:label1":"Escrito por","twitter:data1":"El Digital de Asturias","twitter:label2":"Tiempo de lectura estimado","twitter:data2":"2 minutos"},"aioseo_meta_data":{"post_id":"478372","title":null,"description":null,"keywords":null,"keyphrases":null,"primary_term":null,"canonical_url":null,"og_title":null,"og_description":null,"og_object_type":"default","og_image_type":"default","og_image_url":null,"og_image_width":null,"og_image_height":null,"og_image_custom_url":null,"og_image_custom_fields":null,"og_video":null,"og_custom_url":null,"og_article_section":null,"og_article_tags":null,"twitter_use_og":true,"twitter_card":"default","twitter_image_type":"default","twitter_image_url":null,"twitter_image_custom_url":null,"twitter_image_custom_fields":null,"twitter_title":null,"twitter_description":null,"schema":{"blockGraphs":[],"customGraphs":[],"default":{"data":{"Article":[],"Course":[],"Dataset":[],"FAQPage":[],"Movie":[],"Person":[],"Product":[],"ProductReview":[],"Car":[],"Recipe":[],"Service":[],"SoftwareApplication":[],"WebPage":[]},"graphName":"","isEnabled":true},"graphs":[],"defaultGraph":"","defaultPostTypeGraph":""},"schema_type":null,"schema_type_options":null,"pillar_content":false,"robots_default":true,"robots_noindex":false,"robots_noarchive":false,"robots_nosnippet":false,"robots_nofollow":false,"robots_noimageindex":false,"robots_noodp":false,"robots_notranslate":false,"robots_max_snippet":null,"robots_max_videopreview":null,"robots_max_imagepreview":"none","priority":null,"frequency":null,"local_seo":null,"seo_analyzer_scan_date":"2026-06-01 21:18:49","breadcrumb_settings":null,"limit_modified_date":false,"open_ai":null,"ai":null,"created":"2020-11-14 22:53:55","updated":"2026-06-01 21:18:49","focus_keyword":null,"additional_keywords":null,"truseo_locale":null},"aioseo_breadcrumb":"<div class=\"aioseo-breadcrumbs\"><span class=\"aioseo-breadcrumb\">\n\t<a href=\"https:\/\/www.eldigitaldeasturias.com\/noticias\" title=\"Home\">Home<\/a>\n<\/span><span class=\"aioseo-breadcrumb-separator\">\u2013<\/span><span class=\"aioseo-breadcrumb\">\n\t<a href=\"https:\/\/www.eldigitaldeasturias.com\/noticias\/category\/actualidad\/\" title=\"Actualidad\">Actualidad<\/a>\n<\/span><span class=\"aioseo-breadcrumb-separator\">\u2013<\/span><span class=\"aioseo-breadcrumb\">\n\t<a href=\"https:\/\/www.eldigitaldeasturias.com\/noticias\/nadal-y-su-23-10-ante-federer-los-numeros-por-algo-son\/\" title=\"Nadal y su 23-10 ante Federer: \u00abLos n\u00fameros por algo son\u00bb\">Nadal y su 23-10 ante Federer: \u00abLos n\u00fameros por algo son\u00bb<\/a>\n<\/span><\/div>","aioseo_breadcrumb_json":[{"label":"Home","link":"https:\/\/www.eldigitaldeasturias.com\/noticias"},{"label":"Actualidad","link":"https:\/\/www.eldigitaldeasturias.com\/noticias\/category\/actualidad\/"},{"label":"Nadal y su 23-10 ante Federer: \u00abLos n\u00fameros por algo son\u00bb","link":"https:\/\/www.eldigitaldeasturias.com\/noticias\/nadal-y-su-23-10-ante-federer-los-numeros-por-algo-son\/"}],"_links":{"self":[{"href":"https:\/\/www.eldigitaldeasturias.com\/noticias\/wp-json\/wp\/v2\/posts\/478372","targetHints":{"allow":["GET"]}}],"collection":[{"href":"https:\/\/www.eldigitaldeasturias.com\/noticias\/wp-json\/wp\/v2\/posts"}],"about":[{"href":"https:\/\/www.eldigitaldeasturias.com\/noticias\/wp-json\/wp\/v2\/types\/post"}],"author":[{"embeddable":true,"href":"https:\/\/www.eldigitaldeasturias.com\/noticias\/wp-json\/wp\/v2\/users\/1"}],"replies":[{"embeddable":true,"href":"https:\/\/www.eldigitaldeasturias.com\/noticias\/wp-json\/wp\/v2\/comments?post=478372"}],"version-history":[{"count":0,"href":"https:\/\/www.eldigitaldeasturias.com\/noticias\/wp-json\/wp\/v2\/posts\/478372\/revisions"}],"wp:featuredmedia":[{"embeddable":true,"href":"https:\/\/www.eldigitaldeasturias.com\/noticias\/wp-json\/wp\/v2\/media\/1132184"}],"wp:attachment":[{"href":"https:\/\/www.eldigitaldeasturias.com\/noticias\/wp-json\/wp\/v2\/media?parent=478372"}],"wp:term":[{"taxonomy":"category","embeddable":true,"href":"https:\/\/www.eldigitaldeasturias.com\/noticias\/wp-json\/wp\/v2\/categories?post=478372"},{"taxonomy":"post_tag","embeddable":true,"href":"https:\/\/www.eldigitaldeasturias.com\/noticias\/wp-json\/wp\/v2\/tags?post=478372"}],"curies":[{"name":"wp","href":"https:\/\/api.w.org\/{rel}","templated":true}]}}