{"id":478369,"date":"2014-01-24T21:09:31","date_gmt":"2014-01-24T22:09:31","guid":{"rendered":"http:\/\/www.eldigitaldeasturias.com\/noticias\/?p=478369"},"modified":"2014-01-24T21:09:31","modified_gmt":"2014-01-24T22:09:31","slug":"la-prensa-espanola-reclama-a-rosell-que-explique-las-razones-de-su-marcha","status":"publish","type":"post","link":"https:\/\/www.eldigitaldeasturias.com\/noticias\/la-prensa-espanola-reclama-a-rosell-que-explique-las-razones-de-su-marcha\/","title":{"rendered":"La Prensa espa\u00f1ola reclama a Rosell que explique las razones de su marcha"},"content":{"rendered":"<p><img loading=\"lazy\" decoding=\"async\" class=\"alignleft size-full wp-image-431388\" alt=\"Sandro Rosell\" src=\"https:\/\/www.eldigitaldeasturias.com\/noticias\/wp-content\/uploads\/2013\/09\/Sandro-Rosell.jpg\" width=\"300\" height=\"196\" \/>Madrid, 24 ene (dpa) &#8211; La prensa espa\u00f1ola reaccion\u00f3 hoy sorprendida por la dimisi\u00f3n de Sandro Rosell como presidente del Barcelona y le reproch\u00f3 que no explicara las razones de su \u00abhuida\u00bb.<\/p>\n<p>\u00abRosell huye, el esc\u00e1ndalo permanece\u00bb, titul\u00f3 \u00abMarca\u00bb tras se\u00f1alar que el dirigente fue \u00abla primera v\u00edctima\u00bb del caso Neymar.<\/p>\n<p>Adem\u00e1s, el peri\u00f3dico madrile\u00f1o destac\u00f3 que su sucesor, Josep Mar\u00eda Bartomeu, es af\u00edn a Rosell y \u00abtambi\u00e9n firm\u00f3 los contratos de Neymar\u00bb.<\/p>\n<p>Por su parte, \u00abAs\u00bb insisti\u00f3 en reprochar a Rosell que el jueves no ofreciera ninguna explicaci\u00f3n de los motivos de su marca. S\u00f3lo ley\u00f3 un breve discurso y no permiti\u00f3 preguntas.<\/p>\n<p>\u00ab\u00bfCu\u00e1nto cost\u00f3 Neymar? \u00bfCu\u00e1nto y de qu\u00e9 forma? \u00bfCu\u00e1nto es traspaso, cu\u00e1nto ingreso para el jugador, para el padre? \u00bfCu\u00e1nto queda en zonas oscuras en las que manos m\u00e1s o menos aprovechadas pueden sisar? Esas son las dudas y en nada de eso entr\u00f3. Hizo gala de su amplio respaldo en la elecci\u00f3n, que lo tuvo, pero sali\u00f3 por la puerta de atr\u00e1s\u00bb, opin\u00f3.<\/p>\n<p>El peri\u00f3dico barcelon\u00e9s \u00abSport\u00bb tambi\u00e9n expreso su incredulidad por la primera gran consecuencia del esc\u00e1ndalo del fichaje de Neymar y coincidi\u00f3 en pedir explicaciones a Rosell.<\/p>\n<p>\u00abSeguro que tendr\u00e1 sus motivos, pero solo Rosell sabe realmente por qu\u00e9 lo deja\u00bb, afirm\u00f3.<\/p>\n<p>En cambio, para \u00abMundo Deportivo\u00bb fue una \u00abdecisi\u00f3n responsable\u00bb porque \u00abel presidente se ha ido para no perjudicar al club en un proceso que se intuye largo tras la querella admitida a tr\u00e1mite por el fichaje de Neymar\u00bb.<\/p>\n","protected":false},"excerpt":{"rendered":"<p>Madrid, 24 ene (dpa) &#8211; La prensa espa\u00f1ola reaccion\u00f3 hoy sorprendida por la dimisi\u00f3n de Sandro Rosell como presidente del Barcelona y le reproch\u00f3 que no explicara las razones de su \u00abhuida\u00bb. \u00abRosell huye, el esc\u00e1ndalo permanece\u00bb, titul\u00f3 \u00abMarca\u00bb tras se\u00f1alar que el dirigente fue \u00abla primera v\u00edctima\u00bb del caso Neymar. Adem\u00e1s, el peri\u00f3dico madrile\u00f1o [&hellip;]<\/p>\n","protected":false},"author":1,"featured_media":1132184,"comment_status":"closed","ping_status":"open","sticky":false,"template":"","format":"standard","meta":{"footnotes":""},"categories":[1],"tags":[],"class_list":["post-478369","post","type-post","status-publish","format-standard","has-post-thumbnail","hentry","category-actualidad"],"aioseo_notices":[],"aioseo_head":"\n\t\t<!-- All in One SEO Pro 5.0.1 - aioseo.com -->\n\t<meta name=\"description\" content=\"Madrid, 24 ene (dpa) - La prensa espa\u00f1ola reaccion\u00f3 hoy sorprendida por la dimisi\u00f3n de Sandro Rosell como presidente del Barcelona y le reproch\u00f3 que no explicara las razones de su &quot;huida&quot;. &quot;Rosell huye, el esc\u00e1ndalo permanece&quot;, titul\u00f3 &quot;Marca&quot; tras se\u00f1alar que el dirigente fue &quot;la primera v\u00edctima&quot; del caso Neymar. Adem\u00e1s, el peri\u00f3dico madrile\u00f1o\" \/>\n\t<meta name=\"robots\" content=\"max-image-preview:large\" \/>\n\t<meta name=\"author\" content=\"El Digital de Asturias\"\/>\n\t<meta name=\"google-site-verification\" content=\"UA-38556648-1\" \/>\n\t<meta name=\"msvalidate.01\" content=\"7dfe9f3f1b24437ab69f4f2559babe99\" \/>\n\t<meta name=\"keywords\" content=\"actualidad\" \/>\n\t<link rel=\"canonical\" href=\"https:\/\/www.eldigitaldeasturias.com\/noticias\/la-prensa-espanola-reclama-a-rosell-que-explique-las-razones-de-su-marcha\/\" \/>\n\t<meta name=\"generator\" content=\"All in One SEO Pro (AIOSEO) 5.0.1\" \/>\n\t\t<meta property=\"og:locale\" content=\"es_ES\" \/>\n\t\t<meta property=\"og:site_name\" content=\"El Digital de Asturias\" \/>\n\t\t<meta property=\"og:type\" content=\"article\" \/>\n\t\t<meta property=\"og:title\" content=\"La Prensa espa\u00f1ola reclama a Rosell que explique las razones de su marcha - El Digital de Asturias\" \/>\n\t\t<meta property=\"og:description\" content=\"Madrid, 24 ene (dpa) - La prensa espa\u00f1ola reaccion\u00f3 hoy sorprendida por la dimisi\u00f3n de Sandro Rosell como presidente del Barcelona y le reproch\u00f3 que no explicara las razones de su &quot;huida&quot;. &quot;Rosell huye, el esc\u00e1ndalo permanece&quot;, titul\u00f3 &quot;Marca&quot; tras se\u00f1alar que el dirigente fue &quot;la primera v\u00edctima&quot; del caso Neymar. Adem\u00e1s, el peri\u00f3dico madrile\u00f1o\" \/>\n\t\t<meta property=\"og:url\" content=\"https:\/\/www.eldigitaldeasturias.com\/noticias\/la-prensa-espanola-reclama-a-rosell-que-explique-las-razones-de-su-marcha\/\" \/>\n\t\t<meta property=\"og:image\" content=\"https:\/\/www.eldigitaldeasturias.com\/noticias\/wp-content\/uploads\/2026\/06\/Contenidos.jpg\" \/>\n\t\t<meta property=\"og:image:secure_url\" content=\"https:\/\/www.eldigitaldeasturias.com\/noticias\/wp-content\/uploads\/2026\/06\/Contenidos.jpg\" \/>\n\t\t<meta property=\"og:image:width\" content=\"1265\" \/>\n\t\t<meta property=\"og:image:height\" content=\"697\" \/>\n\t\t<meta property=\"article:tag\" content=\"actualidad\" \/>\n\t\t<meta property=\"article:published_time\" content=\"2014-01-24T22:09:31+00:00\" \/>\n\t\t<meta property=\"article:modified_time\" content=\"2014-01-24T22:09:31+00:00\" \/>\n\t\t<meta property=\"article:publisher\" content=\"https:\/\/facebook.com\/eldigitaldeasturias\" \/>\n\t\t<meta name=\"twitter:card\" content=\"summary_large_image\" \/>\n\t\t<meta name=\"twitter:title\" content=\"La Prensa espa\u00f1ola reclama a Rosell que explique las razones de su marcha - El Digital de Asturias\" \/>\n\t\t<meta name=\"twitter:description\" content=\"Madrid, 24 ene (dpa) - La prensa espa\u00f1ola reaccion\u00f3 hoy sorprendida por la dimisi\u00f3n de Sandro Rosell como presidente del Barcelona y le reproch\u00f3 que no explicara las razones de su &quot;huida&quot;. &quot;Rosell huye, el esc\u00e1ndalo permanece&quot;, titul\u00f3 &quot;Marca&quot; tras se\u00f1alar que el dirigente fue &quot;la primera v\u00edctima&quot; del caso Neymar. Adem\u00e1s, el peri\u00f3dico madrile\u00f1o\" \/>\n\t\t<meta name=\"twitter:image\" content=\"https:\/\/www.eldigitaldeasturias.com\/noticias\/wp-content\/uploads\/2026\/06\/Contenidos.jpg\" \/>\n\t\t<meta name=\"twitter:label1\" content=\"Escrito por\" \/>\n\t\t<meta name=\"twitter:data1\" content=\"El Digital de Asturias\" \/>\n\t\t<meta name=\"twitter:label2\" content=\"Tiempo de lectura estimado\" \/>\n\t\t<meta name=\"twitter:data2\" content=\"1 minuto\" \/>\n\t\t<script type=\"application\/ld+json\" class=\"aioseo-schema\">\n\t\t\t{\"@context\":\"https:\\\/\\\/schema.org\",\"@graph\":[{\"@type\":\"BlogPosting\",\"@id\":\"https:\\\/\\\/www.eldigitaldeasturias.com\\\/noticias\\\/la-prensa-espanola-reclama-a-rosell-que-explique-las-razones-de-su-marcha\\\/#blogposting\",\"name\":\"La Prensa espa\\u00f1ola reclama a Rosell que explique las razones de su marcha - El Digital de Asturias\",\"headline\":\"La Prensa espa\\u00f1ola reclama a Rosell que explique las razones de su marcha\",\"author\":{\"@id\":\"https:\\\/\\\/www.eldigitaldeasturias.com\\\/noticias\\\/author\\\/admin\\\/#author\"},\"publisher\":{\"@id\":\"https:\\\/\\\/www.eldigitaldeasturias.com\\\/noticias\\\/#organization\"},\"image\":{\"@type\":\"ImageObject\",\"url\":\"https:\\\/\\\/www.eldigitaldeasturias.com\\\/noticias\\\/wp-content\\\/uploads\\\/2026\\\/06\\\/Contenidos.jpg\",\"width\":1265,\"height\":697,\"caption\":\"Contenidos\"},\"datePublished\":\"2014-01-24T21:09:31+01:00\",\"dateModified\":\"2014-01-24T21:09:31+01:00\",\"inLanguage\":\"es-ES\",\"mainEntityOfPage\":{\"@id\":\"https:\\\/\\\/www.eldigitaldeasturias.com\\\/noticias\\\/la-prensa-espanola-reclama-a-rosell-que-explique-las-razones-de-su-marcha\\\/#webpage\"},\"isPartOf\":{\"@id\":\"https:\\\/\\\/www.eldigitaldeasturias.com\\\/noticias\\\/la-prensa-espanola-reclama-a-rosell-que-explique-las-razones-de-su-marcha\\\/#webpage\"},\"articleSection\":\"Actualidad\"},{\"@type\":\"BreadcrumbList\",\"@id\":\"https:\\\/\\\/www.eldigitaldeasturias.com\\\/noticias\\\/la-prensa-espanola-reclama-a-rosell-que-explique-las-razones-de-su-marcha\\\/#breadcrumblist\",\"itemListElement\":[{\"@type\":\"ListItem\",\"@id\":\"https:\\\/\\\/www.eldigitaldeasturias.com\\\/noticias#listItem\",\"position\":1,\"name\":\"Home\",\"item\":\"https:\\\/\\\/www.eldigitaldeasturias.com\\\/noticias\",\"nextItem\":{\"@type\":\"ListItem\",\"@id\":\"https:\\\/\\\/www.eldigitaldeasturias.com\\\/noticias\\\/category\\\/actualidad\\\/#listItem\",\"name\":\"Actualidad\"}},{\"@type\":\"ListItem\",\"@id\":\"https:\\\/\\\/www.eldigitaldeasturias.com\\\/noticias\\\/category\\\/actualidad\\\/#listItem\",\"position\":2,\"name\":\"Actualidad\",\"item\":\"https:\\\/\\\/www.eldigitaldeasturias.com\\\/noticias\\\/category\\\/actualidad\\\/\",\"nextItem\":{\"@type\":\"ListItem\",\"@id\":\"https:\\\/\\\/www.eldigitaldeasturias.com\\\/noticias\\\/la-prensa-espanola-reclama-a-rosell-que-explique-las-razones-de-su-marcha\\\/#listItem\",\"name\":\"La Prensa espa\\u00f1ola reclama a Rosell que explique las razones de su marcha\"},\"previousItem\":{\"@type\":\"ListItem\",\"@id\":\"https:\\\/\\\/www.eldigitaldeasturias.com\\\/noticias#listItem\",\"name\":\"Home\"}},{\"@type\":\"ListItem\",\"@id\":\"https:\\\/\\\/www.eldigitaldeasturias.com\\\/noticias\\\/la-prensa-espanola-reclama-a-rosell-que-explique-las-razones-de-su-marcha\\\/#listItem\",\"position\":3,\"name\":\"La Prensa espa\\u00f1ola reclama a Rosell que explique las razones de su marcha\",\"previousItem\":{\"@type\":\"ListItem\",\"@id\":\"https:\\\/\\\/www.eldigitaldeasturias.com\\\/noticias\\\/category\\\/actualidad\\\/#listItem\",\"name\":\"Actualidad\"}}]},{\"@type\":\"Organization\",\"@id\":\"https:\\\/\\\/www.eldigitaldeasturias.com\\\/noticias\\\/#organization\",\"name\":\"El Digital de Asturias\",\"description\":\"Hemeroteca\",\"url\":\"https:\\\/\\\/www.eldigitaldeasturias.com\\\/noticias\\\/\",\"email\":\"info@eldigitaldeasturias.com\",\"telephone\":\"+34652131393\",\"logo\":{\"@type\":\"ImageObject\",\"url\":\"https:\\\/\\\/www.eldigitaldeasturias.com\\\/noticias\\\/wp-content\\\/uploads\\\/2020\\\/12\\\/EDA.jpg\",\"@id\":\"https:\\\/\\\/www.eldigitaldeasturias.com\\\/noticias\\\/la-prensa-espanola-reclama-a-rosell-que-explique-las-razones-de-su-marcha\\\/#organizationLogo\"},\"image\":{\"@id\":\"https:\\\/\\\/www.eldigitaldeasturias.com\\\/noticias\\\/la-prensa-espanola-reclama-a-rosell-que-explique-las-razones-de-su-marcha\\\/#organizationLogo\"},\"sameAs\":[\"https:\\\/\\\/facebook.com\\\/eldigitaldeasturias\",\"https:\\\/\\\/www.youtube.com\\\/channel\\\/UCZP-2wLEB9Rv6erhFmqVnvg\"],\"address\":{\"@id\":\"https:\\\/\\\/www.eldigitaldeasturias.com\\\/noticias\\\/#postaladdress\",\"@type\":\"PostalAddress\",\"streetAddress\":\"san antonio 4\",\"postalCode\":\"33430\",\"addressLocality\":\"Cand\\u00e1s\",\"addressRegion\":\"Asturias\",\"addressCountry\":\"ES\"}},{\"@type\":\"Person\",\"@id\":\"https:\\\/\\\/www.eldigitaldeasturias.com\\\/noticias\\\/author\\\/admin\\\/#author\",\"url\":\"https:\\\/\\\/www.eldigitaldeasturias.com\\\/noticias\\\/author\\\/admin\\\/\",\"name\":\"El Digital de Asturias\",\"image\":{\"@type\":\"ImageObject\",\"@id\":\"https:\\\/\\\/www.eldigitaldeasturias.com\\\/noticias\\\/la-prensa-espanola-reclama-a-rosell-que-explique-las-razones-de-su-marcha\\\/#authorImage\",\"url\":\"https:\\\/\\\/secure.gravatar.com\\\/avatar\\\/df2aeffc32bcd13f8d26072ef8a91b623d677766deac7f97ca815868cd41bf5e?s=96&d=mm&r=g\",\"width\":96,\"height\":96,\"caption\":\"El Digital de Asturias\"}},{\"@type\":\"WebPage\",\"@id\":\"https:\\\/\\\/www.eldigitaldeasturias.com\\\/noticias\\\/la-prensa-espanola-reclama-a-rosell-que-explique-las-razones-de-su-marcha\\\/#webpage\",\"url\":\"https:\\\/\\\/www.eldigitaldeasturias.com\\\/noticias\\\/la-prensa-espanola-reclama-a-rosell-que-explique-las-razones-de-su-marcha\\\/\",\"name\":\"La Prensa espa\\u00f1ola reclama a Rosell que explique las razones de su marcha - El Digital de Asturias\",\"description\":\"Madrid, 24 ene (dpa) - La prensa espa\\u00f1ola reaccion\\u00f3 hoy sorprendida por la dimisi\\u00f3n de Sandro Rosell como presidente del Barcelona y le reproch\\u00f3 que no explicara las razones de su \\\"huida\\\". \\\"Rosell huye, el esc\\u00e1ndalo permanece\\\", titul\\u00f3 \\\"Marca\\\" tras se\\u00f1alar que el dirigente fue \\\"la primera v\\u00edctima\\\" del caso Neymar. Adem\\u00e1s, el peri\\u00f3dico madrile\\u00f1o\",\"inLanguage\":\"es-ES\",\"isPartOf\":{\"@id\":\"https:\\\/\\\/www.eldigitaldeasturias.com\\\/noticias\\\/#website\"},\"breadcrumb\":{\"@id\":\"https:\\\/\\\/www.eldigitaldeasturias.com\\\/noticias\\\/la-prensa-espanola-reclama-a-rosell-que-explique-las-razones-de-su-marcha\\\/#breadcrumblist\"},\"author\":{\"@id\":\"https:\\\/\\\/www.eldigitaldeasturias.com\\\/noticias\\\/author\\\/admin\\\/#author\"},\"creator\":{\"@id\":\"https:\\\/\\\/www.eldigitaldeasturias.com\\\/noticias\\\/author\\\/admin\\\/#author\"},\"image\":{\"@type\":\"ImageObject\",\"url\":\"https:\\\/\\\/www.eldigitaldeasturias.com\\\/noticias\\\/wp-content\\\/uploads\\\/2026\\\/06\\\/Contenidos.jpg\",\"@id\":\"https:\\\/\\\/www.eldigitaldeasturias.com\\\/noticias\\\/la-prensa-espanola-reclama-a-rosell-que-explique-las-razones-de-su-marcha\\\/#mainImage\",\"width\":1265,\"height\":697,\"caption\":\"Contenidos\"},\"primaryImageOfPage\":{\"@id\":\"https:\\\/\\\/www.eldigitaldeasturias.com\\\/noticias\\\/la-prensa-espanola-reclama-a-rosell-que-explique-las-razones-de-su-marcha\\\/#mainImage\"},\"datePublished\":\"2014-01-24T21:09:31+01:00\",\"dateModified\":\"2014-01-24T21:09:31+01:00\"},{\"@type\":\"WebSite\",\"@id\":\"https:\\\/\\\/www.eldigitaldeasturias.com\\\/noticias\\\/#website\",\"url\":\"https:\\\/\\\/www.eldigitaldeasturias.com\\\/noticias\\\/\",\"name\":\"El Digital de Asturias - Diario de actualidad y noticias\",\"alternateName\":\"El Digital de Asturias - Diario de actualidad y noticias\",\"description\":\"Hemeroteca\",\"inLanguage\":\"es-ES\",\"publisher\":{\"@id\":\"https:\\\/\\\/www.eldigitaldeasturias.com\\\/noticias\\\/#organization\"}}]}\n\t\t<\/script>\n\t\t<!-- All in One SEO Pro -->\r\n\t\t<title>La Prensa espa\u00f1ola reclama a Rosell que explique las razones de su marcha - El Digital de Asturias<\/title>\n\n","aioseo_head_json":{"title":"La Prensa espa\u00f1ola reclama a Rosell que explique las razones de su marcha - El Digital de Asturias","description":"Madrid, 24 ene (dpa) - La prensa espa\u00f1ola reaccion\u00f3 hoy sorprendida por la dimisi\u00f3n de Sandro Rosell como presidente del Barcelona y le reproch\u00f3 que no explicara las razones de su \"huida\". \"Rosell huye, el esc\u00e1ndalo permanece\", titul\u00f3 \"Marca\" tras se\u00f1alar que el dirigente fue \"la primera v\u00edctima\" del caso Neymar. Adem\u00e1s, el peri\u00f3dico madrile\u00f1o","canonical_url":"https:\/\/www.eldigitaldeasturias.com\/noticias\/la-prensa-espanola-reclama-a-rosell-que-explique-las-razones-de-su-marcha\/","robots":"max-image-preview:large","keywords":"actualidad","webmasterTools":{"google-site-verification":"UA-38556648-1","msvalidate.01":"7dfe9f3f1b24437ab69f4f2559babe99","miscellaneous":""},"schema":{"@context":"https:\/\/schema.org","@graph":[{"@type":"BlogPosting","@id":"https:\/\/www.eldigitaldeasturias.com\/noticias\/la-prensa-espanola-reclama-a-rosell-que-explique-las-razones-de-su-marcha\/#blogposting","name":"La Prensa espa\u00f1ola reclama a Rosell que explique las razones de su marcha - El Digital de Asturias","headline":"La Prensa espa\u00f1ola reclama a Rosell que explique las razones de su marcha","author":{"@id":"https:\/\/www.eldigitaldeasturias.com\/noticias\/author\/admin\/#author"},"publisher":{"@id":"https:\/\/www.eldigitaldeasturias.com\/noticias\/#organization"},"image":{"@type":"ImageObject","url":"https:\/\/www.eldigitaldeasturias.com\/noticias\/wp-content\/uploads\/2026\/06\/Contenidos.jpg","width":1265,"height":697,"caption":"Contenidos"},"datePublished":"2014-01-24T21:09:31+01:00","dateModified":"2014-01-24T21:09:31+01:00","inLanguage":"es-ES","mainEntityOfPage":{"@id":"https:\/\/www.eldigitaldeasturias.com\/noticias\/la-prensa-espanola-reclama-a-rosell-que-explique-las-razones-de-su-marcha\/#webpage"},"isPartOf":{"@id":"https:\/\/www.eldigitaldeasturias.com\/noticias\/la-prensa-espanola-reclama-a-rosell-que-explique-las-razones-de-su-marcha\/#webpage"},"articleSection":"Actualidad"},{"@type":"BreadcrumbList","@id":"https:\/\/www.eldigitaldeasturias.com\/noticias\/la-prensa-espanola-reclama-a-rosell-que-explique-las-razones-de-su-marcha\/#breadcrumblist","itemListElement":[{"@type":"ListItem","@id":"https:\/\/www.eldigitaldeasturias.com\/noticias#listItem","position":1,"name":"Home","item":"https:\/\/www.eldigitaldeasturias.com\/noticias","nextItem":{"@type":"ListItem","@id":"https:\/\/www.eldigitaldeasturias.com\/noticias\/category\/actualidad\/#listItem","name":"Actualidad"}},{"@type":"ListItem","@id":"https:\/\/www.eldigitaldeasturias.com\/noticias\/category\/actualidad\/#listItem","position":2,"name":"Actualidad","item":"https:\/\/www.eldigitaldeasturias.com\/noticias\/category\/actualidad\/","nextItem":{"@type":"ListItem","@id":"https:\/\/www.eldigitaldeasturias.com\/noticias\/la-prensa-espanola-reclama-a-rosell-que-explique-las-razones-de-su-marcha\/#listItem","name":"La Prensa espa\u00f1ola reclama a Rosell que explique las razones de su marcha"},"previousItem":{"@type":"ListItem","@id":"https:\/\/www.eldigitaldeasturias.com\/noticias#listItem","name":"Home"}},{"@type":"ListItem","@id":"https:\/\/www.eldigitaldeasturias.com\/noticias\/la-prensa-espanola-reclama-a-rosell-que-explique-las-razones-de-su-marcha\/#listItem","position":3,"name":"La Prensa espa\u00f1ola reclama a Rosell que explique las razones de su marcha","previousItem":{"@type":"ListItem","@id":"https:\/\/www.eldigitaldeasturias.com\/noticias\/category\/actualidad\/#listItem","name":"Actualidad"}}]},{"@type":"Organization","@id":"https:\/\/www.eldigitaldeasturias.com\/noticias\/#organization","name":"El Digital de Asturias","description":"Hemeroteca","url":"https:\/\/www.eldigitaldeasturias.com\/noticias\/","email":"info@eldigitaldeasturias.com","telephone":"+34652131393","logo":{"@type":"ImageObject","url":"https:\/\/www.eldigitaldeasturias.com\/noticias\/wp-content\/uploads\/2020\/12\/EDA.jpg","@id":"https:\/\/www.eldigitaldeasturias.com\/noticias\/la-prensa-espanola-reclama-a-rosell-que-explique-las-razones-de-su-marcha\/#organizationLogo"},"image":{"@id":"https:\/\/www.eldigitaldeasturias.com\/noticias\/la-prensa-espanola-reclama-a-rosell-que-explique-las-razones-de-su-marcha\/#organizationLogo"},"sameAs":["https:\/\/facebook.com\/eldigitaldeasturias","https:\/\/www.youtube.com\/channel\/UCZP-2wLEB9Rv6erhFmqVnvg"],"address":{"@id":"https:\/\/www.eldigitaldeasturias.com\/noticias\/#postaladdress","@type":"PostalAddress","streetAddress":"san antonio 4","postalCode":"33430","addressLocality":"Cand\u00e1s","addressRegion":"Asturias","addressCountry":"ES"}},{"@type":"Person","@id":"https:\/\/www.eldigitaldeasturias.com\/noticias\/author\/admin\/#author","url":"https:\/\/www.eldigitaldeasturias.com\/noticias\/author\/admin\/","name":"El Digital de Asturias","image":{"@type":"ImageObject","@id":"https:\/\/www.eldigitaldeasturias.com\/noticias\/la-prensa-espanola-reclama-a-rosell-que-explique-las-razones-de-su-marcha\/#authorImage","url":"https:\/\/secure.gravatar.com\/avatar\/df2aeffc32bcd13f8d26072ef8a91b623d677766deac7f97ca815868cd41bf5e?s=96&d=mm&r=g","width":96,"height":96,"caption":"El Digital de Asturias"}},{"@type":"WebPage","@id":"https:\/\/www.eldigitaldeasturias.com\/noticias\/la-prensa-espanola-reclama-a-rosell-que-explique-las-razones-de-su-marcha\/#webpage","url":"https:\/\/www.eldigitaldeasturias.com\/noticias\/la-prensa-espanola-reclama-a-rosell-que-explique-las-razones-de-su-marcha\/","name":"La Prensa espa\u00f1ola reclama a Rosell que explique las razones de su marcha - El Digital de Asturias","description":"Madrid, 24 ene (dpa) - La prensa espa\u00f1ola reaccion\u00f3 hoy sorprendida por la dimisi\u00f3n de Sandro Rosell como presidente del Barcelona y le reproch\u00f3 que no explicara las razones de su \"huida\". \"Rosell huye, el esc\u00e1ndalo permanece\", titul\u00f3 \"Marca\" tras se\u00f1alar que el dirigente fue \"la primera v\u00edctima\" del caso Neymar. Adem\u00e1s, el peri\u00f3dico madrile\u00f1o","inLanguage":"es-ES","isPartOf":{"@id":"https:\/\/www.eldigitaldeasturias.com\/noticias\/#website"},"breadcrumb":{"@id":"https:\/\/www.eldigitaldeasturias.com\/noticias\/la-prensa-espanola-reclama-a-rosell-que-explique-las-razones-de-su-marcha\/#breadcrumblist"},"author":{"@id":"https:\/\/www.eldigitaldeasturias.com\/noticias\/author\/admin\/#author"},"creator":{"@id":"https:\/\/www.eldigitaldeasturias.com\/noticias\/author\/admin\/#author"},"image":{"@type":"ImageObject","url":"https:\/\/www.eldigitaldeasturias.com\/noticias\/wp-content\/uploads\/2026\/06\/Contenidos.jpg","@id":"https:\/\/www.eldigitaldeasturias.com\/noticias\/la-prensa-espanola-reclama-a-rosell-que-explique-las-razones-de-su-marcha\/#mainImage","width":1265,"height":697,"caption":"Contenidos"},"primaryImageOfPage":{"@id":"https:\/\/www.eldigitaldeasturias.com\/noticias\/la-prensa-espanola-reclama-a-rosell-que-explique-las-razones-de-su-marcha\/#mainImage"},"datePublished":"2014-01-24T21:09:31+01:00","dateModified":"2014-01-24T21:09:31+01:00"},{"@type":"WebSite","@id":"https:\/\/www.eldigitaldeasturias.com\/noticias\/#website","url":"https:\/\/www.eldigitaldeasturias.com\/noticias\/","name":"El Digital de Asturias - Diario de actualidad y noticias","alternateName":"El Digital de Asturias - Diario de actualidad y noticias","description":"Hemeroteca","inLanguage":"es-ES","publisher":{"@id":"https:\/\/www.eldigitaldeasturias.com\/noticias\/#organization"}}]},"og:locale":"es_ES","og:site_name":"El Digital de Asturias","og:type":"article","og:title":"La Prensa espa\u00f1ola reclama a Rosell que explique las razones de su marcha - El Digital de Asturias","og:description":"Madrid, 24 ene (dpa) - La prensa espa\u00f1ola reaccion\u00f3 hoy sorprendida por la dimisi\u00f3n de Sandro Rosell como presidente del Barcelona y le reproch\u00f3 que no explicara las razones de su &quot;huida&quot;. &quot;Rosell huye, el esc\u00e1ndalo permanece&quot;, titul\u00f3 &quot;Marca&quot; tras se\u00f1alar que el dirigente fue &quot;la primera v\u00edctima&quot; del caso Neymar. Adem\u00e1s, el peri\u00f3dico madrile\u00f1o","og:url":"https:\/\/www.eldigitaldeasturias.com\/noticias\/la-prensa-espanola-reclama-a-rosell-que-explique-las-razones-de-su-marcha\/","og:image":"https:\/\/www.eldigitaldeasturias.com\/noticias\/wp-content\/uploads\/2026\/06\/Contenidos.jpg","og:image:secure_url":"https:\/\/www.eldigitaldeasturias.com\/noticias\/wp-content\/uploads\/2026\/06\/Contenidos.jpg","og:image:width":1265,"og:image:height":697,"article:tag":["actualidad"],"article:published_time":"2014-01-24T22:09:31+00:00","article:modified_time":"2014-01-24T22:09:31+00:00","article:publisher":"https:\/\/facebook.com\/eldigitaldeasturias","twitter:card":"summary_large_image","twitter:title":"La Prensa espa\u00f1ola reclama a Rosell que explique las razones de su marcha - El Digital de Asturias","twitter:description":"Madrid, 24 ene (dpa) - La prensa espa\u00f1ola reaccion\u00f3 hoy sorprendida por la dimisi\u00f3n de Sandro Rosell como presidente del Barcelona y le reproch\u00f3 que no explicara las razones de su &quot;huida&quot;. &quot;Rosell huye, el esc\u00e1ndalo permanece&quot;, titul\u00f3 &quot;Marca&quot; tras se\u00f1alar que el dirigente fue &quot;la primera v\u00edctima&quot; del caso Neymar. Adem\u00e1s, el peri\u00f3dico madrile\u00f1o","twitter:image":"https:\/\/www.eldigitaldeasturias.com\/noticias\/wp-content\/uploads\/2026\/06\/Contenidos.jpg","twitter:label1":"Escrito por","twitter:data1":"El Digital de Asturias","twitter:label2":"Tiempo de lectura estimado","twitter:data2":"1 minuto"},"aioseo_meta_data":{"post_id":"478369","title":null,"description":null,"keywords":null,"keyphrases":null,"primary_term":null,"canonical_url":null,"og_title":null,"og_description":null,"og_object_type":"default","og_image_type":"default","og_image_url":null,"og_image_width":null,"og_image_height":null,"og_image_custom_url":null,"og_image_custom_fields":null,"og_video":null,"og_custom_url":null,"og_article_section":null,"og_article_tags":null,"twitter_use_og":true,"twitter_card":"default","twitter_image_type":"default","twitter_image_url":null,"twitter_image_custom_url":null,"twitter_image_custom_fields":null,"twitter_title":null,"twitter_description":null,"schema":{"blockGraphs":[],"customGraphs":[],"default":{"data":{"Article":[],"Course":[],"Dataset":[],"FAQPage":[],"Movie":[],"Person":[],"Product":[],"ProductReview":[],"Car":[],"Recipe":[],"Service":[],"SoftwareApplication":[],"WebPage":[]},"graphName":"","isEnabled":true},"graphs":[],"defaultGraph":"","defaultPostTypeGraph":""},"schema_type":null,"schema_type_options":null,"pillar_content":false,"robots_default":true,"robots_noindex":false,"robots_noarchive":false,"robots_nosnippet":false,"robots_nofollow":false,"robots_noimageindex":false,"robots_noodp":false,"robots_notranslate":false,"robots_max_snippet":null,"robots_max_videopreview":null,"robots_max_imagepreview":"none","priority":null,"frequency":null,"local_seo":null,"seo_analyzer_scan_date":"2026-06-01 21:18:48","breadcrumb_settings":null,"limit_modified_date":false,"open_ai":null,"ai":null,"created":"2020-11-14 22:53:55","updated":"2026-06-01 21:18:48","focus_keyword":null,"additional_keywords":null,"truseo_locale":null},"aioseo_breadcrumb":"<div class=\"aioseo-breadcrumbs\"><span class=\"aioseo-breadcrumb\">\n\t<a href=\"https:\/\/www.eldigitaldeasturias.com\/noticias\" title=\"Home\">Home<\/a>\n<\/span><span class=\"aioseo-breadcrumb-separator\">\u2013<\/span><span class=\"aioseo-breadcrumb\">\n\t<a href=\"https:\/\/www.eldigitaldeasturias.com\/noticias\/category\/actualidad\/\" title=\"Actualidad\">Actualidad<\/a>\n<\/span><span class=\"aioseo-breadcrumb-separator\">\u2013<\/span><span class=\"aioseo-breadcrumb\">\n\t<a href=\"https:\/\/www.eldigitaldeasturias.com\/noticias\/la-prensa-espanola-reclama-a-rosell-que-explique-las-razones-de-su-marcha\/\" title=\"La Prensa espa\u00f1ola reclama a Rosell que explique las razones de su marcha\">La Prensa espa\u00f1ola reclama a Rosell que explique las razones de su marcha<\/a>\n<\/span><\/div>","aioseo_breadcrumb_json":[{"label":"Home","link":"https:\/\/www.eldigitaldeasturias.com\/noticias"},{"label":"Actualidad","link":"https:\/\/www.eldigitaldeasturias.com\/noticias\/category\/actualidad\/"},{"label":"La Prensa espa\u00f1ola reclama a Rosell que explique las razones de su marcha","link":"https:\/\/www.eldigitaldeasturias.com\/noticias\/la-prensa-espanola-reclama-a-rosell-que-explique-las-razones-de-su-marcha\/"}],"_links":{"self":[{"href":"https:\/\/www.eldigitaldeasturias.com\/noticias\/wp-json\/wp\/v2\/posts\/478369","targetHints":{"allow":["GET"]}}],"collection":[{"href":"https:\/\/www.eldigitaldeasturias.com\/noticias\/wp-json\/wp\/v2\/posts"}],"about":[{"href":"https:\/\/www.eldigitaldeasturias.com\/noticias\/wp-json\/wp\/v2\/types\/post"}],"author":[{"embeddable":true,"href":"https:\/\/www.eldigitaldeasturias.com\/noticias\/wp-json\/wp\/v2\/users\/1"}],"replies":[{"embeddable":true,"href":"https:\/\/www.eldigitaldeasturias.com\/noticias\/wp-json\/wp\/v2\/comments?post=478369"}],"version-history":[{"count":0,"href":"https:\/\/www.eldigitaldeasturias.com\/noticias\/wp-json\/wp\/v2\/posts\/478369\/revisions"}],"wp:featuredmedia":[{"embeddable":true,"href":"https:\/\/www.eldigitaldeasturias.com\/noticias\/wp-json\/wp\/v2\/media\/1132184"}],"wp:attachment":[{"href":"https:\/\/www.eldigitaldeasturias.com\/noticias\/wp-json\/wp\/v2\/media?parent=478369"}],"wp:term":[{"taxonomy":"category","embeddable":true,"href":"https:\/\/www.eldigitaldeasturias.com\/noticias\/wp-json\/wp\/v2\/categories?post=478369"},{"taxonomy":"post_tag","embeddable":true,"href":"https:\/\/www.eldigitaldeasturias.com\/noticias\/wp-json\/wp\/v2\/tags?post=478369"}],"curies":[{"name":"wp","href":"https:\/\/api.w.org\/{rel}","templated":true}]}}