{"id":478363,"date":"2014-01-24T21:02:39","date_gmt":"2014-01-24T22:02:39","guid":{"rendered":"http:\/\/www.eldigitaldeasturias.com\/noticias\/?p=478363"},"modified":"2014-01-24T21:02:39","modified_gmt":"2014-01-24T22:02:39","slug":"cinco-muertos-en-atentados-en-el-cairo","status":"publish","type":"post","link":"https:\/\/www.eldigitaldeasturias.com\/noticias\/cinco-muertos-en-atentados-en-el-cairo\/","title":{"rendered":"Cinco muertos en atentados en El Cairo"},"content":{"rendered":"<p><img loading=\"lazy\" decoding=\"async\" class=\"alignleft size-medium wp-image-434207\" alt=\"egipto\" src=\"https:\/\/www.eldigitaldeasturias.com\/noticias\/wp-content\/uploads\/2013\/10\/egipto-360x202.jpg\" width=\"360\" height=\"202\" \/>El Cairo, 24 ene (dpa) &#8211; Al menos cinco personas murieron en El Cairo al estallar un coche bomba cerca de una comisar\u00eda de polic\u00eda en el centro y en otro ataque posterior contra una estaci\u00f3n de metro, inform\u00f3 hoy la televisi\u00f3n estatal.<\/p>\n<p>En el ataque contra la comisar\u00eda murieron tres personas y el atacante suicida y hubo 51 heridos. El diario \u00abAl-Ahram\u00bb asegura que la explosi\u00f3n caus\u00f3 da\u00f1os en el cuartel de polic\u00eda del distrito de Bab el Jalk, un edificio de varios pisos en la zona medieval de la capital, as\u00ed como en un museo isl\u00e1mico vecino.<\/p>\n<p>Un portavoz policial se\u00f1al\u00f3 que el atacante quer\u00eda entrar en la comisar\u00eda, pero que \u00ablos guardias en servicio le dispararon\u00bb, por lo que el estallido se produjo en el exterior.<\/p>\n<p>Poco despu\u00e9s explot\u00f3 una segunda bomba cerca de una estaci\u00f3n de metro en el barrio de Dokki, causando la muerte de una persona y 15 heridos. Tambi\u00e9n en este caso el blanco era la polic\u00eda, en concreto un coche patrulla que estaba estacionado en el \u00e1rea.<\/p>\n<p>El jueves fueron tiroteados y murieron cinco polic\u00edas en un puesto de control en la ciudad de Beni Sueif, al sur de El Cairo.<\/p>\n<p>Ma\u00f1ana s\u00e1bado se cumplen tres a\u00f1os del inicio de la revuelta que sac\u00f3 del poder al presidente Hosni Mubarak. Por miedo a atentados, el gobierno de transici\u00f3n ha aumentado las medidas de seguridad y ha suspendido el servicio de trenes desde el jueves entre el Alto Egipto y El Cairo, para impedir la llegada masiva de manifestantes.<\/p>\n","protected":false},"excerpt":{"rendered":"<p>El Cairo, 24 ene (dpa) &#8211; Al menos cinco personas murieron en El Cairo al estallar un coche bomba cerca de una comisar\u00eda de polic\u00eda en el centro y en otro ataque posterior contra una estaci\u00f3n de metro, inform\u00f3 hoy la televisi\u00f3n estatal. En el ataque contra la comisar\u00eda murieron tres personas y el atacante [&hellip;]<\/p>\n","protected":false},"author":1,"featured_media":434207,"comment_status":"closed","ping_status":"open","sticky":false,"template":"","format":"standard","meta":{"footnotes":""},"categories":[1],"tags":[],"class_list":["post-478363","post","type-post","status-publish","format-standard","has-post-thumbnail","hentry","category-actualidad"],"aioseo_notices":[],"aioseo_head":"\n\t\t<!-- All in One SEO Pro 5.0.1 - aioseo.com -->\n\t<meta name=\"description\" content=\"El Cairo, 24 ene (dpa) - Al menos cinco personas murieron en El Cairo al estallar un coche bomba cerca de una comisar\u00eda de polic\u00eda en el centro y en otro ataque posterior contra una estaci\u00f3n de metro, inform\u00f3 hoy la televisi\u00f3n estatal. En el ataque contra la comisar\u00eda murieron tres personas y el atacante\" \/>\n\t<meta name=\"robots\" content=\"max-image-preview:large\" \/>\n\t<meta name=\"author\" content=\"El Digital de Asturias\"\/>\n\t<meta name=\"google-site-verification\" content=\"UA-38556648-1\" \/>\n\t<meta name=\"msvalidate.01\" content=\"7dfe9f3f1b24437ab69f4f2559babe99\" \/>\n\t<meta name=\"keywords\" content=\"actualidad\" \/>\n\t<link rel=\"canonical\" href=\"https:\/\/www.eldigitaldeasturias.com\/noticias\/cinco-muertos-en-atentados-en-el-cairo\/\" \/>\n\t<meta name=\"generator\" content=\"All in One SEO Pro (AIOSEO) 5.0.1\" \/>\n\t\t<meta property=\"og:locale\" content=\"es_ES\" \/>\n\t\t<meta property=\"og:site_name\" content=\"El Digital de Asturias\" \/>\n\t\t<meta property=\"og:type\" content=\"article\" \/>\n\t\t<meta property=\"og:title\" content=\"Cinco muertos en atentados en El Cairo - El Digital de Asturias\" \/>\n\t\t<meta property=\"og:description\" content=\"El Cairo, 24 ene (dpa) - Al menos cinco personas murieron en El Cairo al estallar un coche bomba cerca de una comisar\u00eda de polic\u00eda en el centro y en otro ataque posterior contra una estaci\u00f3n de metro, inform\u00f3 hoy la televisi\u00f3n estatal. En el ataque contra la comisar\u00eda murieron tres personas y el atacante\" \/>\n\t\t<meta property=\"og:url\" content=\"https:\/\/www.eldigitaldeasturias.com\/noticias\/cinco-muertos-en-atentados-en-el-cairo\/\" \/>\n\t\t<meta property=\"article:tag\" content=\"actualidad\" \/>\n\t\t<meta property=\"article:published_time\" content=\"2014-01-24T22:02:39+00:00\" \/>\n\t\t<meta property=\"article:modified_time\" content=\"2014-01-24T22:02:39+00:00\" \/>\n\t\t<meta property=\"article:publisher\" content=\"https:\/\/facebook.com\/eldigitaldeasturias\" \/>\n\t\t<meta name=\"twitter:card\" content=\"summary_large_image\" \/>\n\t\t<meta name=\"twitter:title\" content=\"Cinco muertos en atentados en El Cairo - El Digital de Asturias\" \/>\n\t\t<meta name=\"twitter:description\" content=\"El Cairo, 24 ene (dpa) - Al menos cinco personas murieron en El Cairo al estallar un coche bomba cerca de una comisar\u00eda de polic\u00eda en el centro y en otro ataque posterior contra una estaci\u00f3n de metro, inform\u00f3 hoy la televisi\u00f3n estatal. En el ataque contra la comisar\u00eda murieron tres personas y el atacante\" \/>\n\t\t<meta name=\"twitter:label1\" content=\"Escrito por\" \/>\n\t\t<meta name=\"twitter:data1\" content=\"El Digital de Asturias\" \/>\n\t\t<meta name=\"twitter:label2\" content=\"Tiempo de lectura estimado\" \/>\n\t\t<meta name=\"twitter:data2\" content=\"1 minuto\" \/>\n\t\t<script type=\"application\/ld+json\" class=\"aioseo-schema\">\n\t\t\t{\"@context\":\"https:\\\/\\\/schema.org\",\"@graph\":[{\"@type\":\"BlogPosting\",\"@id\":\"https:\\\/\\\/www.eldigitaldeasturias.com\\\/noticias\\\/cinco-muertos-en-atentados-en-el-cairo\\\/#blogposting\",\"name\":\"Cinco muertos en atentados en El Cairo - El Digital de Asturias\",\"headline\":\"Cinco muertos en atentados en El Cairo\",\"author\":{\"@id\":\"https:\\\/\\\/www.eldigitaldeasturias.com\\\/noticias\\\/author\\\/admin\\\/#author\"},\"publisher\":{\"@id\":\"https:\\\/\\\/www.eldigitaldeasturias.com\\\/noticias\\\/#organization\"},\"image\":{\"@type\":\"ImageObject\",\"url\":434207},\"datePublished\":\"2014-01-24T21:02:39+01:00\",\"dateModified\":\"2014-01-24T21:02:39+01:00\",\"inLanguage\":\"es-ES\",\"mainEntityOfPage\":{\"@id\":\"https:\\\/\\\/www.eldigitaldeasturias.com\\\/noticias\\\/cinco-muertos-en-atentados-en-el-cairo\\\/#webpage\"},\"isPartOf\":{\"@id\":\"https:\\\/\\\/www.eldigitaldeasturias.com\\\/noticias\\\/cinco-muertos-en-atentados-en-el-cairo\\\/#webpage\"},\"articleSection\":\"Actualidad\"},{\"@type\":\"BreadcrumbList\",\"@id\":\"https:\\\/\\\/www.eldigitaldeasturias.com\\\/noticias\\\/cinco-muertos-en-atentados-en-el-cairo\\\/#breadcrumblist\",\"itemListElement\":[{\"@type\":\"ListItem\",\"@id\":\"https:\\\/\\\/www.eldigitaldeasturias.com\\\/noticias#listItem\",\"position\":1,\"name\":\"Home\",\"item\":\"https:\\\/\\\/www.eldigitaldeasturias.com\\\/noticias\",\"nextItem\":{\"@type\":\"ListItem\",\"@id\":\"https:\\\/\\\/www.eldigitaldeasturias.com\\\/noticias\\\/category\\\/actualidad\\\/#listItem\",\"name\":\"Actualidad\"}},{\"@type\":\"ListItem\",\"@id\":\"https:\\\/\\\/www.eldigitaldeasturias.com\\\/noticias\\\/category\\\/actualidad\\\/#listItem\",\"position\":2,\"name\":\"Actualidad\",\"item\":\"https:\\\/\\\/www.eldigitaldeasturias.com\\\/noticias\\\/category\\\/actualidad\\\/\",\"nextItem\":{\"@type\":\"ListItem\",\"@id\":\"https:\\\/\\\/www.eldigitaldeasturias.com\\\/noticias\\\/cinco-muertos-en-atentados-en-el-cairo\\\/#listItem\",\"name\":\"Cinco muertos en atentados en El Cairo\"},\"previousItem\":{\"@type\":\"ListItem\",\"@id\":\"https:\\\/\\\/www.eldigitaldeasturias.com\\\/noticias#listItem\",\"name\":\"Home\"}},{\"@type\":\"ListItem\",\"@id\":\"https:\\\/\\\/www.eldigitaldeasturias.com\\\/noticias\\\/cinco-muertos-en-atentados-en-el-cairo\\\/#listItem\",\"position\":3,\"name\":\"Cinco muertos en atentados en El Cairo\",\"previousItem\":{\"@type\":\"ListItem\",\"@id\":\"https:\\\/\\\/www.eldigitaldeasturias.com\\\/noticias\\\/category\\\/actualidad\\\/#listItem\",\"name\":\"Actualidad\"}}]},{\"@type\":\"Organization\",\"@id\":\"https:\\\/\\\/www.eldigitaldeasturias.com\\\/noticias\\\/#organization\",\"name\":\"El Digital de Asturias\",\"description\":\"Hemeroteca\",\"url\":\"https:\\\/\\\/www.eldigitaldeasturias.com\\\/noticias\\\/\",\"email\":\"info@eldigitaldeasturias.com\",\"telephone\":\"+34652131393\",\"logo\":{\"@type\":\"ImageObject\",\"url\":\"https:\\\/\\\/www.eldigitaldeasturias.com\\\/noticias\\\/wp-content\\\/uploads\\\/2020\\\/12\\\/EDA.jpg\",\"@id\":\"https:\\\/\\\/www.eldigitaldeasturias.com\\\/noticias\\\/cinco-muertos-en-atentados-en-el-cairo\\\/#organizationLogo\"},\"image\":{\"@id\":\"https:\\\/\\\/www.eldigitaldeasturias.com\\\/noticias\\\/cinco-muertos-en-atentados-en-el-cairo\\\/#organizationLogo\"},\"sameAs\":[\"https:\\\/\\\/facebook.com\\\/eldigitaldeasturias\",\"https:\\\/\\\/www.youtube.com\\\/channel\\\/UCZP-2wLEB9Rv6erhFmqVnvg\"],\"address\":{\"@id\":\"https:\\\/\\\/www.eldigitaldeasturias.com\\\/noticias\\\/#postaladdress\",\"@type\":\"PostalAddress\",\"streetAddress\":\"san antonio 4\",\"postalCode\":\"33430\",\"addressLocality\":\"Cand\\u00e1s\",\"addressRegion\":\"Asturias\",\"addressCountry\":\"ES\"}},{\"@type\":\"Person\",\"@id\":\"https:\\\/\\\/www.eldigitaldeasturias.com\\\/noticias\\\/author\\\/admin\\\/#author\",\"url\":\"https:\\\/\\\/www.eldigitaldeasturias.com\\\/noticias\\\/author\\\/admin\\\/\",\"name\":\"El Digital de Asturias\",\"image\":{\"@type\":\"ImageObject\",\"@id\":\"https:\\\/\\\/www.eldigitaldeasturias.com\\\/noticias\\\/cinco-muertos-en-atentados-en-el-cairo\\\/#authorImage\",\"url\":\"https:\\\/\\\/secure.gravatar.com\\\/avatar\\\/df2aeffc32bcd13f8d26072ef8a91b623d677766deac7f97ca815868cd41bf5e?s=96&d=mm&r=g\",\"width\":96,\"height\":96,\"caption\":\"El Digital de Asturias\"}},{\"@type\":\"WebPage\",\"@id\":\"https:\\\/\\\/www.eldigitaldeasturias.com\\\/noticias\\\/cinco-muertos-en-atentados-en-el-cairo\\\/#webpage\",\"url\":\"https:\\\/\\\/www.eldigitaldeasturias.com\\\/noticias\\\/cinco-muertos-en-atentados-en-el-cairo\\\/\",\"name\":\"Cinco muertos en atentados en El Cairo - El Digital de Asturias\",\"description\":\"El Cairo, 24 ene (dpa) - Al menos cinco personas murieron en El Cairo al estallar un coche bomba cerca de una comisar\\u00eda de polic\\u00eda en el centro y en otro ataque posterior contra una estaci\\u00f3n de metro, inform\\u00f3 hoy la televisi\\u00f3n estatal. En el ataque contra la comisar\\u00eda murieron tres personas y el atacante\",\"inLanguage\":\"es-ES\",\"isPartOf\":{\"@id\":\"https:\\\/\\\/www.eldigitaldeasturias.com\\\/noticias\\\/#website\"},\"breadcrumb\":{\"@id\":\"https:\\\/\\\/www.eldigitaldeasturias.com\\\/noticias\\\/cinco-muertos-en-atentados-en-el-cairo\\\/#breadcrumblist\"},\"author\":{\"@id\":\"https:\\\/\\\/www.eldigitaldeasturias.com\\\/noticias\\\/author\\\/admin\\\/#author\"},\"creator\":{\"@id\":\"https:\\\/\\\/www.eldigitaldeasturias.com\\\/noticias\\\/author\\\/admin\\\/#author\"},\"image\":{\"@type\":\"ImageObject\",\"url\":434207,\"@id\":\"https:\\\/\\\/www.eldigitaldeasturias.com\\\/noticias\\\/cinco-muertos-en-atentados-en-el-cairo\\\/#mainImage\"},\"primaryImageOfPage\":{\"@id\":\"https:\\\/\\\/www.eldigitaldeasturias.com\\\/noticias\\\/cinco-muertos-en-atentados-en-el-cairo\\\/#mainImage\"},\"datePublished\":\"2014-01-24T21:02:39+01:00\",\"dateModified\":\"2014-01-24T21:02:39+01:00\"},{\"@type\":\"WebSite\",\"@id\":\"https:\\\/\\\/www.eldigitaldeasturias.com\\\/noticias\\\/#website\",\"url\":\"https:\\\/\\\/www.eldigitaldeasturias.com\\\/noticias\\\/\",\"name\":\"El Digital de Asturias - Diario de actualidad y noticias\",\"alternateName\":\"El Digital de Asturias - Diario de actualidad y noticias\",\"description\":\"Hemeroteca\",\"inLanguage\":\"es-ES\",\"publisher\":{\"@id\":\"https:\\\/\\\/www.eldigitaldeasturias.com\\\/noticias\\\/#organization\"}}]}\n\t\t<\/script>\n\t\t<!-- All in One SEO Pro -->\r\n\t\t<title>Cinco muertos en atentados en El Cairo - El Digital de Asturias<\/title>\n\n","aioseo_head_json":{"title":"Cinco muertos en atentados en El Cairo - El Digital de Asturias","description":"El Cairo, 24 ene (dpa) - Al menos cinco personas murieron en El Cairo al estallar un coche bomba cerca de una comisar\u00eda de polic\u00eda en el centro y en otro ataque posterior contra una estaci\u00f3n de metro, inform\u00f3 hoy la televisi\u00f3n estatal. En el ataque contra la comisar\u00eda murieron tres personas y el atacante","canonical_url":"https:\/\/www.eldigitaldeasturias.com\/noticias\/cinco-muertos-en-atentados-en-el-cairo\/","robots":"max-image-preview:large","keywords":"actualidad","webmasterTools":{"google-site-verification":"UA-38556648-1","msvalidate.01":"7dfe9f3f1b24437ab69f4f2559babe99","miscellaneous":""},"schema":{"@context":"https:\/\/schema.org","@graph":[{"@type":"BlogPosting","@id":"https:\/\/www.eldigitaldeasturias.com\/noticias\/cinco-muertos-en-atentados-en-el-cairo\/#blogposting","name":"Cinco muertos en atentados en El Cairo - El Digital de Asturias","headline":"Cinco muertos en atentados en El Cairo","author":{"@id":"https:\/\/www.eldigitaldeasturias.com\/noticias\/author\/admin\/#author"},"publisher":{"@id":"https:\/\/www.eldigitaldeasturias.com\/noticias\/#organization"},"image":{"@type":"ImageObject","url":434207},"datePublished":"2014-01-24T21:02:39+01:00","dateModified":"2014-01-24T21:02:39+01:00","inLanguage":"es-ES","mainEntityOfPage":{"@id":"https:\/\/www.eldigitaldeasturias.com\/noticias\/cinco-muertos-en-atentados-en-el-cairo\/#webpage"},"isPartOf":{"@id":"https:\/\/www.eldigitaldeasturias.com\/noticias\/cinco-muertos-en-atentados-en-el-cairo\/#webpage"},"articleSection":"Actualidad"},{"@type":"BreadcrumbList","@id":"https:\/\/www.eldigitaldeasturias.com\/noticias\/cinco-muertos-en-atentados-en-el-cairo\/#breadcrumblist","itemListElement":[{"@type":"ListItem","@id":"https:\/\/www.eldigitaldeasturias.com\/noticias#listItem","position":1,"name":"Home","item":"https:\/\/www.eldigitaldeasturias.com\/noticias","nextItem":{"@type":"ListItem","@id":"https:\/\/www.eldigitaldeasturias.com\/noticias\/category\/actualidad\/#listItem","name":"Actualidad"}},{"@type":"ListItem","@id":"https:\/\/www.eldigitaldeasturias.com\/noticias\/category\/actualidad\/#listItem","position":2,"name":"Actualidad","item":"https:\/\/www.eldigitaldeasturias.com\/noticias\/category\/actualidad\/","nextItem":{"@type":"ListItem","@id":"https:\/\/www.eldigitaldeasturias.com\/noticias\/cinco-muertos-en-atentados-en-el-cairo\/#listItem","name":"Cinco muertos en atentados en El Cairo"},"previousItem":{"@type":"ListItem","@id":"https:\/\/www.eldigitaldeasturias.com\/noticias#listItem","name":"Home"}},{"@type":"ListItem","@id":"https:\/\/www.eldigitaldeasturias.com\/noticias\/cinco-muertos-en-atentados-en-el-cairo\/#listItem","position":3,"name":"Cinco muertos en atentados en El Cairo","previousItem":{"@type":"ListItem","@id":"https:\/\/www.eldigitaldeasturias.com\/noticias\/category\/actualidad\/#listItem","name":"Actualidad"}}]},{"@type":"Organization","@id":"https:\/\/www.eldigitaldeasturias.com\/noticias\/#organization","name":"El Digital de Asturias","description":"Hemeroteca","url":"https:\/\/www.eldigitaldeasturias.com\/noticias\/","email":"info@eldigitaldeasturias.com","telephone":"+34652131393","logo":{"@type":"ImageObject","url":"https:\/\/www.eldigitaldeasturias.com\/noticias\/wp-content\/uploads\/2020\/12\/EDA.jpg","@id":"https:\/\/www.eldigitaldeasturias.com\/noticias\/cinco-muertos-en-atentados-en-el-cairo\/#organizationLogo"},"image":{"@id":"https:\/\/www.eldigitaldeasturias.com\/noticias\/cinco-muertos-en-atentados-en-el-cairo\/#organizationLogo"},"sameAs":["https:\/\/facebook.com\/eldigitaldeasturias","https:\/\/www.youtube.com\/channel\/UCZP-2wLEB9Rv6erhFmqVnvg"],"address":{"@id":"https:\/\/www.eldigitaldeasturias.com\/noticias\/#postaladdress","@type":"PostalAddress","streetAddress":"san antonio 4","postalCode":"33430","addressLocality":"Cand\u00e1s","addressRegion":"Asturias","addressCountry":"ES"}},{"@type":"Person","@id":"https:\/\/www.eldigitaldeasturias.com\/noticias\/author\/admin\/#author","url":"https:\/\/www.eldigitaldeasturias.com\/noticias\/author\/admin\/","name":"El Digital de Asturias","image":{"@type":"ImageObject","@id":"https:\/\/www.eldigitaldeasturias.com\/noticias\/cinco-muertos-en-atentados-en-el-cairo\/#authorImage","url":"https:\/\/secure.gravatar.com\/avatar\/df2aeffc32bcd13f8d26072ef8a91b623d677766deac7f97ca815868cd41bf5e?s=96&d=mm&r=g","width":96,"height":96,"caption":"El Digital de Asturias"}},{"@type":"WebPage","@id":"https:\/\/www.eldigitaldeasturias.com\/noticias\/cinco-muertos-en-atentados-en-el-cairo\/#webpage","url":"https:\/\/www.eldigitaldeasturias.com\/noticias\/cinco-muertos-en-atentados-en-el-cairo\/","name":"Cinco muertos en atentados en El Cairo - El Digital de Asturias","description":"El Cairo, 24 ene (dpa) - Al menos cinco personas murieron en El Cairo al estallar un coche bomba cerca de una comisar\u00eda de polic\u00eda en el centro y en otro ataque posterior contra una estaci\u00f3n de metro, inform\u00f3 hoy la televisi\u00f3n estatal. En el ataque contra la comisar\u00eda murieron tres personas y el atacante","inLanguage":"es-ES","isPartOf":{"@id":"https:\/\/www.eldigitaldeasturias.com\/noticias\/#website"},"breadcrumb":{"@id":"https:\/\/www.eldigitaldeasturias.com\/noticias\/cinco-muertos-en-atentados-en-el-cairo\/#breadcrumblist"},"author":{"@id":"https:\/\/www.eldigitaldeasturias.com\/noticias\/author\/admin\/#author"},"creator":{"@id":"https:\/\/www.eldigitaldeasturias.com\/noticias\/author\/admin\/#author"},"image":{"@type":"ImageObject","url":434207,"@id":"https:\/\/www.eldigitaldeasturias.com\/noticias\/cinco-muertos-en-atentados-en-el-cairo\/#mainImage"},"primaryImageOfPage":{"@id":"https:\/\/www.eldigitaldeasturias.com\/noticias\/cinco-muertos-en-atentados-en-el-cairo\/#mainImage"},"datePublished":"2014-01-24T21:02:39+01:00","dateModified":"2014-01-24T21:02:39+01:00"},{"@type":"WebSite","@id":"https:\/\/www.eldigitaldeasturias.com\/noticias\/#website","url":"https:\/\/www.eldigitaldeasturias.com\/noticias\/","name":"El Digital de Asturias - Diario de actualidad y noticias","alternateName":"El Digital de Asturias - Diario de actualidad y noticias","description":"Hemeroteca","inLanguage":"es-ES","publisher":{"@id":"https:\/\/www.eldigitaldeasturias.com\/noticias\/#organization"}}]},"og:locale":"es_ES","og:site_name":"El Digital de Asturias","og:type":"article","og:title":"Cinco muertos en atentados en El Cairo - El Digital de Asturias","og:description":"El Cairo, 24 ene (dpa) - Al menos cinco personas murieron en El Cairo al estallar un coche bomba cerca de una comisar\u00eda de polic\u00eda en el centro y en otro ataque posterior contra una estaci\u00f3n de metro, inform\u00f3 hoy la televisi\u00f3n estatal. En el ataque contra la comisar\u00eda murieron tres personas y el atacante","og:url":"https:\/\/www.eldigitaldeasturias.com\/noticias\/cinco-muertos-en-atentados-en-el-cairo\/","article:tag":["actualidad"],"article:published_time":"2014-01-24T22:02:39+00:00","article:modified_time":"2014-01-24T22:02:39+00:00","article:publisher":"https:\/\/facebook.com\/eldigitaldeasturias","twitter:card":"summary_large_image","twitter:title":"Cinco muertos en atentados en El Cairo - El Digital de Asturias","twitter:description":"El Cairo, 24 ene (dpa) - Al menos cinco personas murieron en El Cairo al estallar un coche bomba cerca de una comisar\u00eda de polic\u00eda en el centro y en otro ataque posterior contra una estaci\u00f3n de metro, inform\u00f3 hoy la televisi\u00f3n estatal. En el ataque contra la comisar\u00eda murieron tres personas y el atacante","twitter:label1":"Escrito por","twitter:data1":"El Digital de Asturias","twitter:label2":"Tiempo de lectura estimado","twitter:data2":"1 minuto"},"aioseo_meta_data":{"post_id":"478363","title":null,"description":null,"keywords":null,"keyphrases":null,"primary_term":null,"canonical_url":null,"og_title":null,"og_description":null,"og_object_type":"default","og_image_type":"default","og_image_url":null,"og_image_width":null,"og_image_height":null,"og_image_custom_url":null,"og_image_custom_fields":null,"og_video":null,"og_custom_url":null,"og_article_section":null,"og_article_tags":null,"twitter_use_og":true,"twitter_card":"default","twitter_image_type":"default","twitter_image_url":null,"twitter_image_custom_url":null,"twitter_image_custom_fields":null,"twitter_title":null,"twitter_description":null,"schema":{"blockGraphs":[],"customGraphs":[],"default":{"data":{"Article":[],"Course":[],"Dataset":[],"FAQPage":[],"Movie":[],"Person":[],"Product":[],"ProductReview":[],"Car":[],"Recipe":[],"Service":[],"SoftwareApplication":[],"WebPage":[]},"graphName":"","isEnabled":true},"graphs":[],"defaultGraph":"","defaultPostTypeGraph":""},"schema_type":null,"schema_type_options":null,"pillar_content":false,"robots_default":true,"robots_noindex":false,"robots_noarchive":false,"robots_nosnippet":false,"robots_nofollow":false,"robots_noimageindex":false,"robots_noodp":false,"robots_notranslate":false,"robots_max_snippet":null,"robots_max_videopreview":null,"robots_max_imagepreview":"none","priority":null,"frequency":null,"local_seo":null,"seo_analyzer_scan_date":"2026-06-01 21:16:52","breadcrumb_settings":null,"limit_modified_date":false,"open_ai":null,"ai":null,"created":"2020-11-14 22:53:55","updated":"2026-06-01 21:16:52","focus_keyword":null,"additional_keywords":null,"truseo_locale":null},"aioseo_breadcrumb":"<div class=\"aioseo-breadcrumbs\"><span class=\"aioseo-breadcrumb\">\n\t<a href=\"https:\/\/www.eldigitaldeasturias.com\/noticias\" title=\"Home\">Home<\/a>\n<\/span><span class=\"aioseo-breadcrumb-separator\">\u2013<\/span><span class=\"aioseo-breadcrumb\">\n\t<a href=\"https:\/\/www.eldigitaldeasturias.com\/noticias\/category\/actualidad\/\" title=\"Actualidad\">Actualidad<\/a>\n<\/span><span class=\"aioseo-breadcrumb-separator\">\u2013<\/span><span class=\"aioseo-breadcrumb\">\n\t<a href=\"https:\/\/www.eldigitaldeasturias.com\/noticias\/cinco-muertos-en-atentados-en-el-cairo\/\" title=\"Cinco muertos en atentados en El Cairo\">Cinco muertos en atentados en El Cairo<\/a>\n<\/span><\/div>","aioseo_breadcrumb_json":[{"label":"Home","link":"https:\/\/www.eldigitaldeasturias.com\/noticias"},{"label":"Actualidad","link":"https:\/\/www.eldigitaldeasturias.com\/noticias\/category\/actualidad\/"},{"label":"Cinco muertos en atentados en El Cairo","link":"https:\/\/www.eldigitaldeasturias.com\/noticias\/cinco-muertos-en-atentados-en-el-cairo\/"}],"_links":{"self":[{"href":"https:\/\/www.eldigitaldeasturias.com\/noticias\/wp-json\/wp\/v2\/posts\/478363","targetHints":{"allow":["GET"]}}],"collection":[{"href":"https:\/\/www.eldigitaldeasturias.com\/noticias\/wp-json\/wp\/v2\/posts"}],"about":[{"href":"https:\/\/www.eldigitaldeasturias.com\/noticias\/wp-json\/wp\/v2\/types\/post"}],"author":[{"embeddable":true,"href":"https:\/\/www.eldigitaldeasturias.com\/noticias\/wp-json\/wp\/v2\/users\/1"}],"replies":[{"embeddable":true,"href":"https:\/\/www.eldigitaldeasturias.com\/noticias\/wp-json\/wp\/v2\/comments?post=478363"}],"version-history":[{"count":0,"href":"https:\/\/www.eldigitaldeasturias.com\/noticias\/wp-json\/wp\/v2\/posts\/478363\/revisions"}],"wp:attachment":[{"href":"https:\/\/www.eldigitaldeasturias.com\/noticias\/wp-json\/wp\/v2\/media?parent=478363"}],"wp:term":[{"taxonomy":"category","embeddable":true,"href":"https:\/\/www.eldigitaldeasturias.com\/noticias\/wp-json\/wp\/v2\/categories?post=478363"},{"taxonomy":"post_tag","embeddable":true,"href":"https:\/\/www.eldigitaldeasturias.com\/noticias\/wp-json\/wp\/v2\/tags?post=478363"}],"curies":[{"name":"wp","href":"https:\/\/api.w.org\/{rel}","templated":true}]}}