{"id":478361,"date":"2014-01-24T21:01:31","date_gmt":"2014-01-24T22:01:31","guid":{"rendered":"http:\/\/www.eldigitaldeasturias.com\/noticias\/?p=478361"},"modified":"2014-01-24T21:01:31","modified_gmt":"2014-01-24T22:01:31","slug":"escandalo-por-un-video-del-maltrato-a-los-manifestante-en-ucrania","status":"publish","type":"post","link":"https:\/\/www.eldigitaldeasturias.com\/noticias\/escandalo-por-un-video-del-maltrato-a-los-manifestante-en-ucrania\/","title":{"rendered":"Esc\u00e1ndalo por un video del maltrato a los manifestante en Ucrania"},"content":{"rendered":"<p><img loading=\"lazy\" decoding=\"async\" class=\"alignleft size-medium wp-image-476167\" alt=\"ucrania\" src=\"https:\/\/www.eldigitaldeasturias.com\/noticias\/wp-content\/uploads\/2014\/01\/ucrania-360x226.jpg\" width=\"360\" height=\"226\" \/>Kiev, 24 ene (dpa) &#8211; Un video en el que se ve c\u00f3mo unos polic\u00edas maltratan a un manifestante al que mantienen desnudo en medio de las g\u00e9lidas temperaturas caus\u00f3 hoy enorme indignaci\u00f3n en Uncrania.<\/p>\n<p>Las autoridades confirmaron que la grabaci\u00f3n es aut\u00e9ntica y ordenaron una investigaci\u00f3n. En las im\u00e1genes de m\u00e1s de un minuto se ve a los polic\u00edas posando con un hombre desnudo en la nieve, que muestra signos de haber sido golpeado. Adem\u00e1s, un enmascararo lo golpea y lo patea mientras los agentes hacen fotos.<\/p>\n<p>\u00abEl Ministerio del Interior de Ucrania se disculpa por las actuaciones inaceptables de hombres con uniforme de las milicias\u00bb, se\u00f1alaron las autoridades en un comunicado.<\/p>\n<p>\u00abEl ministro Vitali Sajarchenko ha insistido en que estas acciones son inaceptables\u00bb, a\u00f1ade el texto.<\/p>\n<p>En las protestas hubo hasta ahora al menos tres muertos confirmados por las autoridades, as\u00ed como cientos de heridos.<\/p>\n","protected":false},"excerpt":{"rendered":"<p>Kiev, 24 ene (dpa) &#8211; Un video en el que se ve c\u00f3mo unos polic\u00edas maltratan a un manifestante al que mantienen desnudo en medio de las g\u00e9lidas temperaturas caus\u00f3 hoy enorme indignaci\u00f3n en Uncrania. Las autoridades confirmaron que la grabaci\u00f3n es aut\u00e9ntica y ordenaron una investigaci\u00f3n. En las im\u00e1genes de m\u00e1s de un minuto [&hellip;]<\/p>\n","protected":false},"author":1,"featured_media":1132184,"comment_status":"closed","ping_status":"open","sticky":false,"template":"","format":"standard","meta":{"footnotes":""},"categories":[1],"tags":[],"class_list":["post-478361","post","type-post","status-publish","format-standard","has-post-thumbnail","hentry","category-actualidad"],"aioseo_notices":[],"aioseo_head":"\n\t\t<!-- All in One SEO Pro 5.0.1 - aioseo.com -->\n\t<meta name=\"description\" content=\"Kiev, 24 ene (dpa) - Un video en el que se ve c\u00f3mo unos polic\u00edas maltratan a un manifestante al que mantienen desnudo en medio de las g\u00e9lidas temperaturas caus\u00f3 hoy enorme indignaci\u00f3n en Uncrania. Las autoridades confirmaron que la grabaci\u00f3n es aut\u00e9ntica y ordenaron una investigaci\u00f3n. En las im\u00e1genes de m\u00e1s de un minuto\" \/>\n\t<meta name=\"robots\" content=\"max-image-preview:large\" \/>\n\t<meta name=\"author\" content=\"El Digital de Asturias\"\/>\n\t<meta name=\"google-site-verification\" content=\"UA-38556648-1\" \/>\n\t<meta name=\"msvalidate.01\" content=\"7dfe9f3f1b24437ab69f4f2559babe99\" \/>\n\t<meta name=\"keywords\" content=\"actualidad\" \/>\n\t<link rel=\"canonical\" href=\"https:\/\/www.eldigitaldeasturias.com\/noticias\/escandalo-por-un-video-del-maltrato-a-los-manifestante-en-ucrania\/\" \/>\n\t<meta name=\"generator\" content=\"All in One SEO Pro (AIOSEO) 5.0.1\" \/>\n\t\t<meta property=\"og:locale\" content=\"es_ES\" \/>\n\t\t<meta property=\"og:site_name\" content=\"El Digital de Asturias\" \/>\n\t\t<meta property=\"og:type\" content=\"article\" \/>\n\t\t<meta property=\"og:title\" content=\"Esc\u00e1ndalo por un video del maltrato a los manifestante en Ucrania - El Digital de Asturias\" \/>\n\t\t<meta property=\"og:description\" content=\"Kiev, 24 ene (dpa) - Un video en el que se ve c\u00f3mo unos polic\u00edas maltratan a un manifestante al que mantienen desnudo en medio de las g\u00e9lidas temperaturas caus\u00f3 hoy enorme indignaci\u00f3n en Uncrania. Las autoridades confirmaron que la grabaci\u00f3n es aut\u00e9ntica y ordenaron una investigaci\u00f3n. En las im\u00e1genes de m\u00e1s de un minuto\" \/>\n\t\t<meta property=\"og:url\" content=\"https:\/\/www.eldigitaldeasturias.com\/noticias\/escandalo-por-un-video-del-maltrato-a-los-manifestante-en-ucrania\/\" \/>\n\t\t<meta property=\"og:image\" content=\"https:\/\/www.eldigitaldeasturias.com\/noticias\/wp-content\/uploads\/2026\/06\/Contenidos.jpg\" \/>\n\t\t<meta property=\"og:image:secure_url\" content=\"https:\/\/www.eldigitaldeasturias.com\/noticias\/wp-content\/uploads\/2026\/06\/Contenidos.jpg\" \/>\n\t\t<meta property=\"og:image:width\" content=\"1265\" \/>\n\t\t<meta property=\"og:image:height\" content=\"697\" \/>\n\t\t<meta property=\"article:tag\" content=\"actualidad\" \/>\n\t\t<meta property=\"article:published_time\" content=\"2014-01-24T22:01:31+00:00\" \/>\n\t\t<meta property=\"article:modified_time\" content=\"2014-01-24T22:01:31+00:00\" \/>\n\t\t<meta property=\"article:publisher\" content=\"https:\/\/facebook.com\/eldigitaldeasturias\" \/>\n\t\t<meta name=\"twitter:card\" content=\"summary_large_image\" \/>\n\t\t<meta name=\"twitter:title\" content=\"Esc\u00e1ndalo por un video del maltrato a los manifestante en Ucrania - El Digital de Asturias\" \/>\n\t\t<meta name=\"twitter:description\" content=\"Kiev, 24 ene (dpa) - Un video en el que se ve c\u00f3mo unos polic\u00edas maltratan a un manifestante al que mantienen desnudo en medio de las g\u00e9lidas temperaturas caus\u00f3 hoy enorme indignaci\u00f3n en Uncrania. Las autoridades confirmaron que la grabaci\u00f3n es aut\u00e9ntica y ordenaron una investigaci\u00f3n. En las im\u00e1genes de m\u00e1s de un minuto\" \/>\n\t\t<meta name=\"twitter:image\" content=\"https:\/\/www.eldigitaldeasturias.com\/noticias\/wp-content\/uploads\/2026\/06\/Contenidos.jpg\" \/>\n\t\t<meta name=\"twitter:label1\" content=\"Escrito por\" \/>\n\t\t<meta name=\"twitter:data1\" content=\"El Digital de Asturias\" \/>\n\t\t<meta name=\"twitter:label2\" content=\"Tiempo de lectura estimado\" \/>\n\t\t<meta name=\"twitter:data2\" content=\"1 minuto\" \/>\n\t\t<script type=\"application\/ld+json\" class=\"aioseo-schema\">\n\t\t\t{\"@context\":\"https:\\\/\\\/schema.org\",\"@graph\":[{\"@type\":\"BlogPosting\",\"@id\":\"https:\\\/\\\/www.eldigitaldeasturias.com\\\/noticias\\\/escandalo-por-un-video-del-maltrato-a-los-manifestante-en-ucrania\\\/#blogposting\",\"name\":\"Esc\\u00e1ndalo por un video del maltrato a los manifestante en Ucrania - El Digital de Asturias\",\"headline\":\"Esc\\u00e1ndalo por un video del maltrato a los manifestante en Ucrania\",\"author\":{\"@id\":\"https:\\\/\\\/www.eldigitaldeasturias.com\\\/noticias\\\/author\\\/admin\\\/#author\"},\"publisher\":{\"@id\":\"https:\\\/\\\/www.eldigitaldeasturias.com\\\/noticias\\\/#organization\"},\"image\":{\"@type\":\"ImageObject\",\"url\":\"https:\\\/\\\/www.eldigitaldeasturias.com\\\/noticias\\\/wp-content\\\/uploads\\\/2026\\\/06\\\/Contenidos.jpg\",\"width\":1265,\"height\":697,\"caption\":\"Contenidos\"},\"datePublished\":\"2014-01-24T21:01:31+01:00\",\"dateModified\":\"2014-01-24T21:01:31+01:00\",\"inLanguage\":\"es-ES\",\"mainEntityOfPage\":{\"@id\":\"https:\\\/\\\/www.eldigitaldeasturias.com\\\/noticias\\\/escandalo-por-un-video-del-maltrato-a-los-manifestante-en-ucrania\\\/#webpage\"},\"isPartOf\":{\"@id\":\"https:\\\/\\\/www.eldigitaldeasturias.com\\\/noticias\\\/escandalo-por-un-video-del-maltrato-a-los-manifestante-en-ucrania\\\/#webpage\"},\"articleSection\":\"Actualidad\"},{\"@type\":\"BreadcrumbList\",\"@id\":\"https:\\\/\\\/www.eldigitaldeasturias.com\\\/noticias\\\/escandalo-por-un-video-del-maltrato-a-los-manifestante-en-ucrania\\\/#breadcrumblist\",\"itemListElement\":[{\"@type\":\"ListItem\",\"@id\":\"https:\\\/\\\/www.eldigitaldeasturias.com\\\/noticias#listItem\",\"position\":1,\"name\":\"Home\",\"item\":\"https:\\\/\\\/www.eldigitaldeasturias.com\\\/noticias\",\"nextItem\":{\"@type\":\"ListItem\",\"@id\":\"https:\\\/\\\/www.eldigitaldeasturias.com\\\/noticias\\\/category\\\/actualidad\\\/#listItem\",\"name\":\"Actualidad\"}},{\"@type\":\"ListItem\",\"@id\":\"https:\\\/\\\/www.eldigitaldeasturias.com\\\/noticias\\\/category\\\/actualidad\\\/#listItem\",\"position\":2,\"name\":\"Actualidad\",\"item\":\"https:\\\/\\\/www.eldigitaldeasturias.com\\\/noticias\\\/category\\\/actualidad\\\/\",\"nextItem\":{\"@type\":\"ListItem\",\"@id\":\"https:\\\/\\\/www.eldigitaldeasturias.com\\\/noticias\\\/escandalo-por-un-video-del-maltrato-a-los-manifestante-en-ucrania\\\/#listItem\",\"name\":\"Esc\\u00e1ndalo por un video del maltrato a los manifestante en Ucrania\"},\"previousItem\":{\"@type\":\"ListItem\",\"@id\":\"https:\\\/\\\/www.eldigitaldeasturias.com\\\/noticias#listItem\",\"name\":\"Home\"}},{\"@type\":\"ListItem\",\"@id\":\"https:\\\/\\\/www.eldigitaldeasturias.com\\\/noticias\\\/escandalo-por-un-video-del-maltrato-a-los-manifestante-en-ucrania\\\/#listItem\",\"position\":3,\"name\":\"Esc\\u00e1ndalo por un video del maltrato a los manifestante en Ucrania\",\"previousItem\":{\"@type\":\"ListItem\",\"@id\":\"https:\\\/\\\/www.eldigitaldeasturias.com\\\/noticias\\\/category\\\/actualidad\\\/#listItem\",\"name\":\"Actualidad\"}}]},{\"@type\":\"Organization\",\"@id\":\"https:\\\/\\\/www.eldigitaldeasturias.com\\\/noticias\\\/#organization\",\"name\":\"El Digital de Asturias\",\"description\":\"Hemeroteca\",\"url\":\"https:\\\/\\\/www.eldigitaldeasturias.com\\\/noticias\\\/\",\"email\":\"info@eldigitaldeasturias.com\",\"telephone\":\"+34652131393\",\"logo\":{\"@type\":\"ImageObject\",\"url\":\"https:\\\/\\\/www.eldigitaldeasturias.com\\\/noticias\\\/wp-content\\\/uploads\\\/2020\\\/12\\\/EDA.jpg\",\"@id\":\"https:\\\/\\\/www.eldigitaldeasturias.com\\\/noticias\\\/escandalo-por-un-video-del-maltrato-a-los-manifestante-en-ucrania\\\/#organizationLogo\"},\"image\":{\"@id\":\"https:\\\/\\\/www.eldigitaldeasturias.com\\\/noticias\\\/escandalo-por-un-video-del-maltrato-a-los-manifestante-en-ucrania\\\/#organizationLogo\"},\"sameAs\":[\"https:\\\/\\\/facebook.com\\\/eldigitaldeasturias\",\"https:\\\/\\\/www.youtube.com\\\/channel\\\/UCZP-2wLEB9Rv6erhFmqVnvg\"],\"address\":{\"@id\":\"https:\\\/\\\/www.eldigitaldeasturias.com\\\/noticias\\\/#postaladdress\",\"@type\":\"PostalAddress\",\"streetAddress\":\"san antonio 4\",\"postalCode\":\"33430\",\"addressLocality\":\"Cand\\u00e1s\",\"addressRegion\":\"Asturias\",\"addressCountry\":\"ES\"}},{\"@type\":\"Person\",\"@id\":\"https:\\\/\\\/www.eldigitaldeasturias.com\\\/noticias\\\/author\\\/admin\\\/#author\",\"url\":\"https:\\\/\\\/www.eldigitaldeasturias.com\\\/noticias\\\/author\\\/admin\\\/\",\"name\":\"El Digital de Asturias\",\"image\":{\"@type\":\"ImageObject\",\"@id\":\"https:\\\/\\\/www.eldigitaldeasturias.com\\\/noticias\\\/escandalo-por-un-video-del-maltrato-a-los-manifestante-en-ucrania\\\/#authorImage\",\"url\":\"https:\\\/\\\/secure.gravatar.com\\\/avatar\\\/df2aeffc32bcd13f8d26072ef8a91b623d677766deac7f97ca815868cd41bf5e?s=96&d=mm&r=g\",\"width\":96,\"height\":96,\"caption\":\"El Digital de Asturias\"}},{\"@type\":\"WebPage\",\"@id\":\"https:\\\/\\\/www.eldigitaldeasturias.com\\\/noticias\\\/escandalo-por-un-video-del-maltrato-a-los-manifestante-en-ucrania\\\/#webpage\",\"url\":\"https:\\\/\\\/www.eldigitaldeasturias.com\\\/noticias\\\/escandalo-por-un-video-del-maltrato-a-los-manifestante-en-ucrania\\\/\",\"name\":\"Esc\\u00e1ndalo por un video del maltrato a los manifestante en Ucrania - El Digital de Asturias\",\"description\":\"Kiev, 24 ene (dpa) - Un video en el que se ve c\\u00f3mo unos polic\\u00edas maltratan a un manifestante al que mantienen desnudo en medio de las g\\u00e9lidas temperaturas caus\\u00f3 hoy enorme indignaci\\u00f3n en Uncrania. Las autoridades confirmaron que la grabaci\\u00f3n es aut\\u00e9ntica y ordenaron una investigaci\\u00f3n. En las im\\u00e1genes de m\\u00e1s de un minuto\",\"inLanguage\":\"es-ES\",\"isPartOf\":{\"@id\":\"https:\\\/\\\/www.eldigitaldeasturias.com\\\/noticias\\\/#website\"},\"breadcrumb\":{\"@id\":\"https:\\\/\\\/www.eldigitaldeasturias.com\\\/noticias\\\/escandalo-por-un-video-del-maltrato-a-los-manifestante-en-ucrania\\\/#breadcrumblist\"},\"author\":{\"@id\":\"https:\\\/\\\/www.eldigitaldeasturias.com\\\/noticias\\\/author\\\/admin\\\/#author\"},\"creator\":{\"@id\":\"https:\\\/\\\/www.eldigitaldeasturias.com\\\/noticias\\\/author\\\/admin\\\/#author\"},\"image\":{\"@type\":\"ImageObject\",\"url\":\"https:\\\/\\\/www.eldigitaldeasturias.com\\\/noticias\\\/wp-content\\\/uploads\\\/2026\\\/06\\\/Contenidos.jpg\",\"@id\":\"https:\\\/\\\/www.eldigitaldeasturias.com\\\/noticias\\\/escandalo-por-un-video-del-maltrato-a-los-manifestante-en-ucrania\\\/#mainImage\",\"width\":1265,\"height\":697,\"caption\":\"Contenidos\"},\"primaryImageOfPage\":{\"@id\":\"https:\\\/\\\/www.eldigitaldeasturias.com\\\/noticias\\\/escandalo-por-un-video-del-maltrato-a-los-manifestante-en-ucrania\\\/#mainImage\"},\"datePublished\":\"2014-01-24T21:01:31+01:00\",\"dateModified\":\"2014-01-24T21:01:31+01:00\"},{\"@type\":\"WebSite\",\"@id\":\"https:\\\/\\\/www.eldigitaldeasturias.com\\\/noticias\\\/#website\",\"url\":\"https:\\\/\\\/www.eldigitaldeasturias.com\\\/noticias\\\/\",\"name\":\"El Digital de Asturias - Diario de actualidad y noticias\",\"alternateName\":\"El Digital de Asturias - Diario de actualidad y noticias\",\"description\":\"Hemeroteca\",\"inLanguage\":\"es-ES\",\"publisher\":{\"@id\":\"https:\\\/\\\/www.eldigitaldeasturias.com\\\/noticias\\\/#organization\"}}]}\n\t\t<\/script>\n\t\t<!-- All in One SEO Pro -->\r\n\t\t<title>Esc\u00e1ndalo por un video del maltrato a los manifestante en Ucrania - El Digital de Asturias<\/title>\n\n","aioseo_head_json":{"title":"Esc\u00e1ndalo por un video del maltrato a los manifestante en Ucrania - El Digital de Asturias","description":"Kiev, 24 ene (dpa) - Un video en el que se ve c\u00f3mo unos polic\u00edas maltratan a un manifestante al que mantienen desnudo en medio de las g\u00e9lidas temperaturas caus\u00f3 hoy enorme indignaci\u00f3n en Uncrania. Las autoridades confirmaron que la grabaci\u00f3n es aut\u00e9ntica y ordenaron una investigaci\u00f3n. En las im\u00e1genes de m\u00e1s de un minuto","canonical_url":"https:\/\/www.eldigitaldeasturias.com\/noticias\/escandalo-por-un-video-del-maltrato-a-los-manifestante-en-ucrania\/","robots":"max-image-preview:large","keywords":"actualidad","webmasterTools":{"google-site-verification":"UA-38556648-1","msvalidate.01":"7dfe9f3f1b24437ab69f4f2559babe99","miscellaneous":""},"schema":{"@context":"https:\/\/schema.org","@graph":[{"@type":"BlogPosting","@id":"https:\/\/www.eldigitaldeasturias.com\/noticias\/escandalo-por-un-video-del-maltrato-a-los-manifestante-en-ucrania\/#blogposting","name":"Esc\u00e1ndalo por un video del maltrato a los manifestante en Ucrania - El Digital de Asturias","headline":"Esc\u00e1ndalo por un video del maltrato a los manifestante en Ucrania","author":{"@id":"https:\/\/www.eldigitaldeasturias.com\/noticias\/author\/admin\/#author"},"publisher":{"@id":"https:\/\/www.eldigitaldeasturias.com\/noticias\/#organization"},"image":{"@type":"ImageObject","url":"https:\/\/www.eldigitaldeasturias.com\/noticias\/wp-content\/uploads\/2026\/06\/Contenidos.jpg","width":1265,"height":697,"caption":"Contenidos"},"datePublished":"2014-01-24T21:01:31+01:00","dateModified":"2014-01-24T21:01:31+01:00","inLanguage":"es-ES","mainEntityOfPage":{"@id":"https:\/\/www.eldigitaldeasturias.com\/noticias\/escandalo-por-un-video-del-maltrato-a-los-manifestante-en-ucrania\/#webpage"},"isPartOf":{"@id":"https:\/\/www.eldigitaldeasturias.com\/noticias\/escandalo-por-un-video-del-maltrato-a-los-manifestante-en-ucrania\/#webpage"},"articleSection":"Actualidad"},{"@type":"BreadcrumbList","@id":"https:\/\/www.eldigitaldeasturias.com\/noticias\/escandalo-por-un-video-del-maltrato-a-los-manifestante-en-ucrania\/#breadcrumblist","itemListElement":[{"@type":"ListItem","@id":"https:\/\/www.eldigitaldeasturias.com\/noticias#listItem","position":1,"name":"Home","item":"https:\/\/www.eldigitaldeasturias.com\/noticias","nextItem":{"@type":"ListItem","@id":"https:\/\/www.eldigitaldeasturias.com\/noticias\/category\/actualidad\/#listItem","name":"Actualidad"}},{"@type":"ListItem","@id":"https:\/\/www.eldigitaldeasturias.com\/noticias\/category\/actualidad\/#listItem","position":2,"name":"Actualidad","item":"https:\/\/www.eldigitaldeasturias.com\/noticias\/category\/actualidad\/","nextItem":{"@type":"ListItem","@id":"https:\/\/www.eldigitaldeasturias.com\/noticias\/escandalo-por-un-video-del-maltrato-a-los-manifestante-en-ucrania\/#listItem","name":"Esc\u00e1ndalo por un video del maltrato a los manifestante en Ucrania"},"previousItem":{"@type":"ListItem","@id":"https:\/\/www.eldigitaldeasturias.com\/noticias#listItem","name":"Home"}},{"@type":"ListItem","@id":"https:\/\/www.eldigitaldeasturias.com\/noticias\/escandalo-por-un-video-del-maltrato-a-los-manifestante-en-ucrania\/#listItem","position":3,"name":"Esc\u00e1ndalo por un video del maltrato a los manifestante en Ucrania","previousItem":{"@type":"ListItem","@id":"https:\/\/www.eldigitaldeasturias.com\/noticias\/category\/actualidad\/#listItem","name":"Actualidad"}}]},{"@type":"Organization","@id":"https:\/\/www.eldigitaldeasturias.com\/noticias\/#organization","name":"El Digital de Asturias","description":"Hemeroteca","url":"https:\/\/www.eldigitaldeasturias.com\/noticias\/","email":"info@eldigitaldeasturias.com","telephone":"+34652131393","logo":{"@type":"ImageObject","url":"https:\/\/www.eldigitaldeasturias.com\/noticias\/wp-content\/uploads\/2020\/12\/EDA.jpg","@id":"https:\/\/www.eldigitaldeasturias.com\/noticias\/escandalo-por-un-video-del-maltrato-a-los-manifestante-en-ucrania\/#organizationLogo"},"image":{"@id":"https:\/\/www.eldigitaldeasturias.com\/noticias\/escandalo-por-un-video-del-maltrato-a-los-manifestante-en-ucrania\/#organizationLogo"},"sameAs":["https:\/\/facebook.com\/eldigitaldeasturias","https:\/\/www.youtube.com\/channel\/UCZP-2wLEB9Rv6erhFmqVnvg"],"address":{"@id":"https:\/\/www.eldigitaldeasturias.com\/noticias\/#postaladdress","@type":"PostalAddress","streetAddress":"san antonio 4","postalCode":"33430","addressLocality":"Cand\u00e1s","addressRegion":"Asturias","addressCountry":"ES"}},{"@type":"Person","@id":"https:\/\/www.eldigitaldeasturias.com\/noticias\/author\/admin\/#author","url":"https:\/\/www.eldigitaldeasturias.com\/noticias\/author\/admin\/","name":"El Digital de Asturias","image":{"@type":"ImageObject","@id":"https:\/\/www.eldigitaldeasturias.com\/noticias\/escandalo-por-un-video-del-maltrato-a-los-manifestante-en-ucrania\/#authorImage","url":"https:\/\/secure.gravatar.com\/avatar\/df2aeffc32bcd13f8d26072ef8a91b623d677766deac7f97ca815868cd41bf5e?s=96&d=mm&r=g","width":96,"height":96,"caption":"El Digital de Asturias"}},{"@type":"WebPage","@id":"https:\/\/www.eldigitaldeasturias.com\/noticias\/escandalo-por-un-video-del-maltrato-a-los-manifestante-en-ucrania\/#webpage","url":"https:\/\/www.eldigitaldeasturias.com\/noticias\/escandalo-por-un-video-del-maltrato-a-los-manifestante-en-ucrania\/","name":"Esc\u00e1ndalo por un video del maltrato a los manifestante en Ucrania - El Digital de Asturias","description":"Kiev, 24 ene (dpa) - Un video en el que se ve c\u00f3mo unos polic\u00edas maltratan a un manifestante al que mantienen desnudo en medio de las g\u00e9lidas temperaturas caus\u00f3 hoy enorme indignaci\u00f3n en Uncrania. Las autoridades confirmaron que la grabaci\u00f3n es aut\u00e9ntica y ordenaron una investigaci\u00f3n. En las im\u00e1genes de m\u00e1s de un minuto","inLanguage":"es-ES","isPartOf":{"@id":"https:\/\/www.eldigitaldeasturias.com\/noticias\/#website"},"breadcrumb":{"@id":"https:\/\/www.eldigitaldeasturias.com\/noticias\/escandalo-por-un-video-del-maltrato-a-los-manifestante-en-ucrania\/#breadcrumblist"},"author":{"@id":"https:\/\/www.eldigitaldeasturias.com\/noticias\/author\/admin\/#author"},"creator":{"@id":"https:\/\/www.eldigitaldeasturias.com\/noticias\/author\/admin\/#author"},"image":{"@type":"ImageObject","url":"https:\/\/www.eldigitaldeasturias.com\/noticias\/wp-content\/uploads\/2026\/06\/Contenidos.jpg","@id":"https:\/\/www.eldigitaldeasturias.com\/noticias\/escandalo-por-un-video-del-maltrato-a-los-manifestante-en-ucrania\/#mainImage","width":1265,"height":697,"caption":"Contenidos"},"primaryImageOfPage":{"@id":"https:\/\/www.eldigitaldeasturias.com\/noticias\/escandalo-por-un-video-del-maltrato-a-los-manifestante-en-ucrania\/#mainImage"},"datePublished":"2014-01-24T21:01:31+01:00","dateModified":"2014-01-24T21:01:31+01:00"},{"@type":"WebSite","@id":"https:\/\/www.eldigitaldeasturias.com\/noticias\/#website","url":"https:\/\/www.eldigitaldeasturias.com\/noticias\/","name":"El Digital de Asturias - Diario de actualidad y noticias","alternateName":"El Digital de Asturias - Diario de actualidad y noticias","description":"Hemeroteca","inLanguage":"es-ES","publisher":{"@id":"https:\/\/www.eldigitaldeasturias.com\/noticias\/#organization"}}]},"og:locale":"es_ES","og:site_name":"El Digital de Asturias","og:type":"article","og:title":"Esc\u00e1ndalo por un video del maltrato a los manifestante en Ucrania - El Digital de Asturias","og:description":"Kiev, 24 ene (dpa) - Un video en el que se ve c\u00f3mo unos polic\u00edas maltratan a un manifestante al que mantienen desnudo en medio de las g\u00e9lidas temperaturas caus\u00f3 hoy enorme indignaci\u00f3n en Uncrania. Las autoridades confirmaron que la grabaci\u00f3n es aut\u00e9ntica y ordenaron una investigaci\u00f3n. En las im\u00e1genes de m\u00e1s de un minuto","og:url":"https:\/\/www.eldigitaldeasturias.com\/noticias\/escandalo-por-un-video-del-maltrato-a-los-manifestante-en-ucrania\/","og:image":"https:\/\/www.eldigitaldeasturias.com\/noticias\/wp-content\/uploads\/2026\/06\/Contenidos.jpg","og:image:secure_url":"https:\/\/www.eldigitaldeasturias.com\/noticias\/wp-content\/uploads\/2026\/06\/Contenidos.jpg","og:image:width":1265,"og:image:height":697,"article:tag":["actualidad"],"article:published_time":"2014-01-24T22:01:31+00:00","article:modified_time":"2014-01-24T22:01:31+00:00","article:publisher":"https:\/\/facebook.com\/eldigitaldeasturias","twitter:card":"summary_large_image","twitter:title":"Esc\u00e1ndalo por un video del maltrato a los manifestante en Ucrania - El Digital de Asturias","twitter:description":"Kiev, 24 ene (dpa) - Un video en el que se ve c\u00f3mo unos polic\u00edas maltratan a un manifestante al que mantienen desnudo en medio de las g\u00e9lidas temperaturas caus\u00f3 hoy enorme indignaci\u00f3n en Uncrania. Las autoridades confirmaron que la grabaci\u00f3n es aut\u00e9ntica y ordenaron una investigaci\u00f3n. En las im\u00e1genes de m\u00e1s de un minuto","twitter:image":"https:\/\/www.eldigitaldeasturias.com\/noticias\/wp-content\/uploads\/2026\/06\/Contenidos.jpg","twitter:label1":"Escrito por","twitter:data1":"El Digital de Asturias","twitter:label2":"Tiempo de lectura estimado","twitter:data2":"1 minuto"},"aioseo_meta_data":{"post_id":"478361","title":null,"description":null,"keywords":null,"keyphrases":null,"primary_term":null,"canonical_url":null,"og_title":null,"og_description":null,"og_object_type":"default","og_image_type":"default","og_image_url":null,"og_image_width":null,"og_image_height":null,"og_image_custom_url":null,"og_image_custom_fields":null,"og_video":null,"og_custom_url":null,"og_article_section":null,"og_article_tags":null,"twitter_use_og":true,"twitter_card":"default","twitter_image_type":"default","twitter_image_url":null,"twitter_image_custom_url":null,"twitter_image_custom_fields":null,"twitter_title":null,"twitter_description":null,"schema":{"blockGraphs":[],"customGraphs":[],"default":{"data":{"Article":[],"Course":[],"Dataset":[],"FAQPage":[],"Movie":[],"Person":[],"Product":[],"ProductReview":[],"Car":[],"Recipe":[],"Service":[],"SoftwareApplication":[],"WebPage":[]},"graphName":"","isEnabled":true},"graphs":[]},"schema_type":null,"schema_type_options":null,"pillar_content":false,"robots_default":true,"robots_noindex":false,"robots_noarchive":false,"robots_nosnippet":false,"robots_nofollow":false,"robots_noimageindex":false,"robots_noodp":false,"robots_notranslate":false,"robots_max_snippet":null,"robots_max_videopreview":null,"robots_max_imagepreview":"none","priority":null,"frequency":null,"local_seo":null,"seo_analyzer_scan_date":"2026-06-01 21:16:51","breadcrumb_settings":null,"limit_modified_date":false,"open_ai":null,"ai":null,"created":"2020-11-14 22:53:55","updated":"2026-06-01 21:16:51","focus_keyword":null,"additional_keywords":null,"truseo_locale":null},"aioseo_breadcrumb":"<div class=\"aioseo-breadcrumbs\"><span class=\"aioseo-breadcrumb\">\n\t<a href=\"https:\/\/www.eldigitaldeasturias.com\/noticias\" title=\"Home\">Home<\/a>\n<\/span><span class=\"aioseo-breadcrumb-separator\">\u2013<\/span><span class=\"aioseo-breadcrumb\">\n\t<a href=\"https:\/\/www.eldigitaldeasturias.com\/noticias\/category\/actualidad\/\" title=\"Actualidad\">Actualidad<\/a>\n<\/span><span class=\"aioseo-breadcrumb-separator\">\u2013<\/span><span class=\"aioseo-breadcrumb\">\n\t<a href=\"https:\/\/www.eldigitaldeasturias.com\/noticias\/escandalo-por-un-video-del-maltrato-a-los-manifestante-en-ucrania\/\" title=\"Esc\u00e1ndalo por un video del maltrato a los manifestante en Ucrania\">Esc\u00e1ndalo por un video del maltrato a los manifestante en Ucrania<\/a>\n<\/span><\/div>","aioseo_breadcrumb_json":[{"label":"Home","link":"https:\/\/www.eldigitaldeasturias.com\/noticias"},{"label":"Actualidad","link":"https:\/\/www.eldigitaldeasturias.com\/noticias\/category\/actualidad\/"},{"label":"Esc\u00e1ndalo por un video del maltrato a los manifestante en Ucrania","link":"https:\/\/www.eldigitaldeasturias.com\/noticias\/escandalo-por-un-video-del-maltrato-a-los-manifestante-en-ucrania\/"}],"_links":{"self":[{"href":"https:\/\/www.eldigitaldeasturias.com\/noticias\/wp-json\/wp\/v2\/posts\/478361","targetHints":{"allow":["GET"]}}],"collection":[{"href":"https:\/\/www.eldigitaldeasturias.com\/noticias\/wp-json\/wp\/v2\/posts"}],"about":[{"href":"https:\/\/www.eldigitaldeasturias.com\/noticias\/wp-json\/wp\/v2\/types\/post"}],"author":[{"embeddable":true,"href":"https:\/\/www.eldigitaldeasturias.com\/noticias\/wp-json\/wp\/v2\/users\/1"}],"replies":[{"embeddable":true,"href":"https:\/\/www.eldigitaldeasturias.com\/noticias\/wp-json\/wp\/v2\/comments?post=478361"}],"version-history":[{"count":0,"href":"https:\/\/www.eldigitaldeasturias.com\/noticias\/wp-json\/wp\/v2\/posts\/478361\/revisions"}],"wp:featuredmedia":[{"embeddable":true,"href":"https:\/\/www.eldigitaldeasturias.com\/noticias\/wp-json\/wp\/v2\/media\/1132184"}],"wp:attachment":[{"href":"https:\/\/www.eldigitaldeasturias.com\/noticias\/wp-json\/wp\/v2\/media?parent=478361"}],"wp:term":[{"taxonomy":"category","embeddable":true,"href":"https:\/\/www.eldigitaldeasturias.com\/noticias\/wp-json\/wp\/v2\/categories?post=478361"},{"taxonomy":"post_tag","embeddable":true,"href":"https:\/\/www.eldigitaldeasturias.com\/noticias\/wp-json\/wp\/v2\/tags?post=478361"}],"curies":[{"name":"wp","href":"https:\/\/api.w.org\/{rel}","templated":true}]}}