{"id":478357,"date":"2014-01-24T20:56:56","date_gmt":"2014-01-24T21:56:56","guid":{"rendered":"http:\/\/www.eldigitaldeasturias.com\/noticias\/?p=478357"},"modified":"2014-01-24T20:56:56","modified_gmt":"2014-01-24T21:56:56","slug":"adios-a-brasil-falcao-tiene-grave-una-lesion-y-colombia-sufre","status":"publish","type":"post","link":"https:\/\/www.eldigitaldeasturias.com\/noticias\/adios-a-brasil-falcao-tiene-grave-una-lesion-y-colombia-sufre\/","title":{"rendered":"\u00bfAdi\u00f3s a Brasil? Falcao tiene grave una lesi\u00f3n y Colombia sufre"},"content":{"rendered":"<p><img loading=\"lazy\" decoding=\"async\" class=\"alignleft size-medium wp-image-478311\" alt=\"5870226w\" src=\"https:\/\/www.eldigitaldeasturias.com\/noticias\/wp-content\/uploads\/2014\/01\/5870226w-360x239.jpg\" width=\"360\" height=\"239\" \/>(dpa), 23 ene (dpa) &#8211; Los peores pron\u00f3sticos se confirmaron: Radamel Falcao Garc\u00eda tiene una lesi\u00f3n en el ligamento cruzado anterior de la rodilla izquierda y podr\u00eda ver esfumada la ilusi\u00f3n de jugar con Colombia el primer Mundial de su carrera.<\/p>\n<p>El jugador del M\u00f3naco, de 27 a\u00f1os, se lesion\u00f3 el mi\u00e9rcoles en un partido de la Copa francesa ante el Chasselay y los ex\u00e1menes m\u00e9dicos hechos en Portugal ratificaron hoy los temores.<\/p>\n<p>Seg\u00fan el reporte m\u00e9dico, el delantero sufri\u00f3 una lesi\u00f3n en el ligamento cruzado anterior y deber\u00e1 someterse a una operaci\u00f3n el pr\u00f3ximo fin de semana, lo que en opini\u00f3n de m\u00e9dicos implica una recuperaci\u00f3n de entre cuatro y seis meses, aunque su club no habl\u00f3 de ning\u00fan plazo.<\/p>\n<p>\u00abLos m\u00e9dicos har\u00e1n todo lo posible para que Falcao tenga una recuperaci\u00f3n lo m\u00e1s r\u00e1pida posible\u00bb, se\u00f1al\u00f3 el club.<\/p>\n<p>El presidente de la Federaci\u00f3n Colombiana de F\u00fatbol (FCF), Luis Bedoya, dijo que los m\u00e9dicos de la selecci\u00f3n han estado en permanente contacto con sus colegas del M\u00f3naco y con el jugador.<\/p>\n<p>\u00abA Falcao le deseo lo mejor. Conocemos su fortaleza f\u00edsica y mental\u00bb, dijo Bedoya, tras revelar que los m\u00e9dicos de la FCF viajar\u00e1n a Oporto para dialogar con el m\u00e9dico Jos\u00e9 Carlos Noronha, quien hizo el diagn\u00f3stico.<\/p>\n<p>El m\u00e9dico Winston Tob\u00f3n, que ha trabajado con selecciones colombianas, dijo que \u00abEl Tigre\u00bb Falcao podr\u00eda recuperarse en cuatro meses, aunque de todas formas el tiempo ser\u00eda corto para estar en plenas condiciones f\u00edsicas para el Mundial.<\/p>\n<p>Su colega Juan Carlos Quiceno, que ha tratado a varios deportistas colombianos, coment\u00f3 que Falcao podr\u00eda estar listo en ese tiempo, pero apunt\u00f3 que lo habitual en estos casos es un lapso de hasta medio a\u00f1o.<\/p>\n<p>A pesar de la gravedad del diagn\u00f3stico, Bedoya dio lugar a la esperanza al manifestar que a\u00fan hay tiempo para que el principal referente de la selecci\u00f3n colombiana se recupere.<\/p>\n<p>\u00abFrente a los tiempos de FIFA sabemos que es casi sobre el Mundial que se hacen las inscripciones de jugadores, para llegar a los 23 definitivos en los \u00faltimos d\u00edas\u00bb, dijo el principal dirigente del f\u00fatbol \u00abcafetero\u00bb.<\/p>\n<p>\u00abSoy optimista y s\u00e9 que vamos a salir adelante porque sabemos que contamos con una persona muy dedicada. \u00c9l tendr\u00e1 las mejores condiciones y todo el apoyo de la Federaci\u00f3n, del club y de todo el pa\u00eds\u00bb, a\u00f1adi\u00f3.<\/p>\n<p>La leyenda del f\u00fatbol mundial Pel\u00e9 dijo que Falcao puede jugar en Brasil 2014 con \u00abfe en dios\u00bb, as\u00ed como la tuvo \u00e9l para recuperarse de una lesi\u00f3n que sufri\u00f3 poco antes del Mundial de M\u00e9xico 1970, en el que fue la gran estrella.<\/p>\n<p>\u00abQue no se preocupe, que si tiene fe en dios y se prepara, va a pasar lo mismo que ocurri\u00f3 conmigo. En el 70 yo estuve con la selecci\u00f3n Brasil y fui uno de los mejores jugadores y a \u00e9l le puede pasar lo mismo\u00bb, dijo el ex astro brasile\u00f1o, que cumple compromisos publicitarios en Bogot\u00e1.<\/p>\n<p>Por las redes sociales circularon hoy innumerables mensajes de aliento al delantero, escritos por el presidente Juan Manuel Santos, dirigentes deportivos, aficionados, ex compa\u00f1eros de equipos y por los miembros de la selecci\u00f3n colombiana, que logr\u00f3 clasificarse a Brasil 2014 de la mano del t\u00e9cnico argentino Jos\u00e9 Pekerman, quien guarda silencio sobre lo ocurrido.<\/p>\n<p>Por su parte, el jugador del Chasselay que lesion\u00f3 a Falcao, el amateur Soner Ertek, denunci\u00f3 haber recibido por e-mail amenazas de hinchas colombianos enfurecidos.<\/p>\n<p>\u00abEl Tigre\u00bb arrib\u00f3 a mediados del a\u00f1o pasado al M\u00f3naco por una suma r\u00e9cord de 60 millones de euros (unos 82 millones de d\u00f3lares), pero debi\u00f3 perderse varios encuentros a fines de 2013 por una prolongada lesi\u00f3n muscular.<\/p>\n<p>El ex delantero del River Plate, del Porto y el Atl\u00e9tico de Madrid aspira a jugar en Brasil su primer Mundial.<\/p>\n<p>Colombia est\u00e1 encuadrada en el Grupo C junto a Grecia, Costa de Marfil y Jap\u00f3n.<\/p>\n<p>El debut ser\u00e1 el 14 de junio ante Grecia, una fecha que para Falcao se convertir\u00e1 ahora en una cuenta regresiva.<\/p>\n","protected":false},"excerpt":{"rendered":"<p>(dpa), 23 ene (dpa) &#8211; Los peores pron\u00f3sticos se confirmaron: Radamel Falcao Garc\u00eda tiene una lesi\u00f3n en el ligamento cruzado anterior de la rodilla izquierda y podr\u00eda ver esfumada la ilusi\u00f3n de jugar con Colombia el primer Mundial de su carrera. El jugador del M\u00f3naco, de 27 a\u00f1os, se lesion\u00f3 el mi\u00e9rcoles en un partido [&hellip;]<\/p>\n","protected":false},"author":1,"featured_media":1132184,"comment_status":"closed","ping_status":"open","sticky":false,"template":"","format":"standard","meta":{"footnotes":""},"categories":[1],"tags":[],"class_list":["post-478357","post","type-post","status-publish","format-standard","has-post-thumbnail","hentry","category-actualidad"],"aioseo_notices":[],"aioseo_head":"\n\t\t<!-- All in One SEO Pro 5.0.1 - aioseo.com -->\n\t<meta name=\"description\" content=\"(dpa), 23 ene (dpa) - Los peores pron\u00f3sticos se confirmaron: Radamel Falcao Garc\u00eda tiene una lesi\u00f3n en el ligamento cruzado anterior de la rodilla izquierda y podr\u00eda ver esfumada la ilusi\u00f3n de jugar con Colombia el primer Mundial de su carrera. El jugador del M\u00f3naco, de 27 a\u00f1os, se lesion\u00f3 el mi\u00e9rcoles en un partido\" \/>\n\t<meta name=\"robots\" content=\"max-image-preview:large\" \/>\n\t<meta name=\"author\" content=\"El Digital de Asturias\"\/>\n\t<meta name=\"google-site-verification\" content=\"UA-38556648-1\" \/>\n\t<meta name=\"msvalidate.01\" content=\"7dfe9f3f1b24437ab69f4f2559babe99\" \/>\n\t<meta name=\"keywords\" content=\"actualidad\" \/>\n\t<link rel=\"canonical\" href=\"https:\/\/www.eldigitaldeasturias.com\/noticias\/adios-a-brasil-falcao-tiene-grave-una-lesion-y-colombia-sufre\/\" \/>\n\t<meta name=\"generator\" content=\"All in One SEO Pro (AIOSEO) 5.0.1\" \/>\n\t\t<meta property=\"og:locale\" content=\"es_ES\" \/>\n\t\t<meta property=\"og:site_name\" content=\"El Digital de Asturias\" \/>\n\t\t<meta property=\"og:type\" content=\"article\" \/>\n\t\t<meta property=\"og:title\" content=\"\u00bfAdi\u00f3s a Brasil? Falcao tiene grave una lesi\u00f3n y Colombia sufre - El Digital de Asturias\" \/>\n\t\t<meta property=\"og:description\" content=\"(dpa), 23 ene (dpa) - Los peores pron\u00f3sticos se confirmaron: Radamel Falcao Garc\u00eda tiene una lesi\u00f3n en el ligamento cruzado anterior de la rodilla izquierda y podr\u00eda ver esfumada la ilusi\u00f3n de jugar con Colombia el primer Mundial de su carrera. El jugador del M\u00f3naco, de 27 a\u00f1os, se lesion\u00f3 el mi\u00e9rcoles en un partido\" \/>\n\t\t<meta property=\"og:url\" content=\"https:\/\/www.eldigitaldeasturias.com\/noticias\/adios-a-brasil-falcao-tiene-grave-una-lesion-y-colombia-sufre\/\" \/>\n\t\t<meta property=\"og:image\" content=\"https:\/\/www.eldigitaldeasturias.com\/noticias\/wp-content\/uploads\/2026\/06\/Contenidos.jpg\" \/>\n\t\t<meta property=\"og:image:secure_url\" content=\"https:\/\/www.eldigitaldeasturias.com\/noticias\/wp-content\/uploads\/2026\/06\/Contenidos.jpg\" \/>\n\t\t<meta property=\"og:image:width\" content=\"1265\" \/>\n\t\t<meta property=\"og:image:height\" content=\"697\" \/>\n\t\t<meta property=\"article:tag\" content=\"actualidad\" \/>\n\t\t<meta property=\"article:published_time\" content=\"2014-01-24T21:56:56+00:00\" \/>\n\t\t<meta property=\"article:modified_time\" content=\"2014-01-24T21:56:56+00:00\" \/>\n\t\t<meta property=\"article:publisher\" content=\"https:\/\/facebook.com\/eldigitaldeasturias\" \/>\n\t\t<meta name=\"twitter:card\" content=\"summary_large_image\" \/>\n\t\t<meta name=\"twitter:title\" content=\"\u00bfAdi\u00f3s a Brasil? Falcao tiene grave una lesi\u00f3n y Colombia sufre - El Digital de Asturias\" \/>\n\t\t<meta name=\"twitter:description\" content=\"(dpa), 23 ene (dpa) - Los peores pron\u00f3sticos se confirmaron: Radamel Falcao Garc\u00eda tiene una lesi\u00f3n en el ligamento cruzado anterior de la rodilla izquierda y podr\u00eda ver esfumada la ilusi\u00f3n de jugar con Colombia el primer Mundial de su carrera. El jugador del M\u00f3naco, de 27 a\u00f1os, se lesion\u00f3 el mi\u00e9rcoles en un partido\" \/>\n\t\t<meta name=\"twitter:image\" content=\"https:\/\/www.eldigitaldeasturias.com\/noticias\/wp-content\/uploads\/2026\/06\/Contenidos.jpg\" \/>\n\t\t<meta name=\"twitter:label1\" content=\"Escrito por\" \/>\n\t\t<meta name=\"twitter:data1\" content=\"El Digital de Asturias\" \/>\n\t\t<meta name=\"twitter:label2\" content=\"Tiempo de lectura estimado\" \/>\n\t\t<meta name=\"twitter:data2\" content=\"4 minutos\" \/>\n\t\t<script type=\"application\/ld+json\" class=\"aioseo-schema\">\n\t\t\t{\"@context\":\"https:\\\/\\\/schema.org\",\"@graph\":[{\"@type\":\"BlogPosting\",\"@id\":\"https:\\\/\\\/www.eldigitaldeasturias.com\\\/noticias\\\/adios-a-brasil-falcao-tiene-grave-una-lesion-y-colombia-sufre\\\/#blogposting\",\"name\":\"\\u00bfAdi\\u00f3s a Brasil? Falcao tiene grave una lesi\\u00f3n y Colombia sufre - El Digital de Asturias\",\"headline\":\"\\u00bfAdi\\u00f3s a Brasil? Falcao tiene grave una lesi\\u00f3n y Colombia sufre\",\"author\":{\"@id\":\"https:\\\/\\\/www.eldigitaldeasturias.com\\\/noticias\\\/author\\\/admin\\\/#author\"},\"publisher\":{\"@id\":\"https:\\\/\\\/www.eldigitaldeasturias.com\\\/noticias\\\/#organization\"},\"image\":{\"@type\":\"ImageObject\",\"url\":\"https:\\\/\\\/www.eldigitaldeasturias.com\\\/noticias\\\/wp-content\\\/uploads\\\/2026\\\/06\\\/Contenidos.jpg\",\"width\":1265,\"height\":697,\"caption\":\"Contenidos\"},\"datePublished\":\"2014-01-24T20:56:56+01:00\",\"dateModified\":\"2014-01-24T20:56:56+01:00\",\"inLanguage\":\"es-ES\",\"mainEntityOfPage\":{\"@id\":\"https:\\\/\\\/www.eldigitaldeasturias.com\\\/noticias\\\/adios-a-brasil-falcao-tiene-grave-una-lesion-y-colombia-sufre\\\/#webpage\"},\"isPartOf\":{\"@id\":\"https:\\\/\\\/www.eldigitaldeasturias.com\\\/noticias\\\/adios-a-brasil-falcao-tiene-grave-una-lesion-y-colombia-sufre\\\/#webpage\"},\"articleSection\":\"Actualidad\"},{\"@type\":\"BreadcrumbList\",\"@id\":\"https:\\\/\\\/www.eldigitaldeasturias.com\\\/noticias\\\/adios-a-brasil-falcao-tiene-grave-una-lesion-y-colombia-sufre\\\/#breadcrumblist\",\"itemListElement\":[{\"@type\":\"ListItem\",\"@id\":\"https:\\\/\\\/www.eldigitaldeasturias.com\\\/noticias#listItem\",\"position\":1,\"name\":\"Home\",\"item\":\"https:\\\/\\\/www.eldigitaldeasturias.com\\\/noticias\",\"nextItem\":{\"@type\":\"ListItem\",\"@id\":\"https:\\\/\\\/www.eldigitaldeasturias.com\\\/noticias\\\/category\\\/actualidad\\\/#listItem\",\"name\":\"Actualidad\"}},{\"@type\":\"ListItem\",\"@id\":\"https:\\\/\\\/www.eldigitaldeasturias.com\\\/noticias\\\/category\\\/actualidad\\\/#listItem\",\"position\":2,\"name\":\"Actualidad\",\"item\":\"https:\\\/\\\/www.eldigitaldeasturias.com\\\/noticias\\\/category\\\/actualidad\\\/\",\"nextItem\":{\"@type\":\"ListItem\",\"@id\":\"https:\\\/\\\/www.eldigitaldeasturias.com\\\/noticias\\\/adios-a-brasil-falcao-tiene-grave-una-lesion-y-colombia-sufre\\\/#listItem\",\"name\":\"\\u00bfAdi\\u00f3s a Brasil? Falcao tiene grave una lesi\\u00f3n y Colombia sufre\"},\"previousItem\":{\"@type\":\"ListItem\",\"@id\":\"https:\\\/\\\/www.eldigitaldeasturias.com\\\/noticias#listItem\",\"name\":\"Home\"}},{\"@type\":\"ListItem\",\"@id\":\"https:\\\/\\\/www.eldigitaldeasturias.com\\\/noticias\\\/adios-a-brasil-falcao-tiene-grave-una-lesion-y-colombia-sufre\\\/#listItem\",\"position\":3,\"name\":\"\\u00bfAdi\\u00f3s a Brasil? Falcao tiene grave una lesi\\u00f3n y Colombia sufre\",\"previousItem\":{\"@type\":\"ListItem\",\"@id\":\"https:\\\/\\\/www.eldigitaldeasturias.com\\\/noticias\\\/category\\\/actualidad\\\/#listItem\",\"name\":\"Actualidad\"}}]},{\"@type\":\"Organization\",\"@id\":\"https:\\\/\\\/www.eldigitaldeasturias.com\\\/noticias\\\/#organization\",\"name\":\"El Digital de Asturias\",\"description\":\"Hemeroteca\",\"url\":\"https:\\\/\\\/www.eldigitaldeasturias.com\\\/noticias\\\/\",\"email\":\"info@eldigitaldeasturias.com\",\"telephone\":\"+34652131393\",\"logo\":{\"@type\":\"ImageObject\",\"url\":\"https:\\\/\\\/www.eldigitaldeasturias.com\\\/noticias\\\/wp-content\\\/uploads\\\/2020\\\/12\\\/EDA.jpg\",\"@id\":\"https:\\\/\\\/www.eldigitaldeasturias.com\\\/noticias\\\/adios-a-brasil-falcao-tiene-grave-una-lesion-y-colombia-sufre\\\/#organizationLogo\"},\"image\":{\"@id\":\"https:\\\/\\\/www.eldigitaldeasturias.com\\\/noticias\\\/adios-a-brasil-falcao-tiene-grave-una-lesion-y-colombia-sufre\\\/#organizationLogo\"},\"sameAs\":[\"https:\\\/\\\/facebook.com\\\/eldigitaldeasturias\",\"https:\\\/\\\/www.youtube.com\\\/channel\\\/UCZP-2wLEB9Rv6erhFmqVnvg\"],\"address\":{\"@id\":\"https:\\\/\\\/www.eldigitaldeasturias.com\\\/noticias\\\/#postaladdress\",\"@type\":\"PostalAddress\",\"streetAddress\":\"san antonio 4\",\"postalCode\":\"33430\",\"addressLocality\":\"Cand\\u00e1s\",\"addressRegion\":\"Asturias\",\"addressCountry\":\"ES\"}},{\"@type\":\"Person\",\"@id\":\"https:\\\/\\\/www.eldigitaldeasturias.com\\\/noticias\\\/author\\\/admin\\\/#author\",\"url\":\"https:\\\/\\\/www.eldigitaldeasturias.com\\\/noticias\\\/author\\\/admin\\\/\",\"name\":\"El Digital de Asturias\",\"image\":{\"@type\":\"ImageObject\",\"@id\":\"https:\\\/\\\/www.eldigitaldeasturias.com\\\/noticias\\\/adios-a-brasil-falcao-tiene-grave-una-lesion-y-colombia-sufre\\\/#authorImage\",\"url\":\"https:\\\/\\\/secure.gravatar.com\\\/avatar\\\/df2aeffc32bcd13f8d26072ef8a91b623d677766deac7f97ca815868cd41bf5e?s=96&d=mm&r=g\",\"width\":96,\"height\":96,\"caption\":\"El Digital de Asturias\"}},{\"@type\":\"WebPage\",\"@id\":\"https:\\\/\\\/www.eldigitaldeasturias.com\\\/noticias\\\/adios-a-brasil-falcao-tiene-grave-una-lesion-y-colombia-sufre\\\/#webpage\",\"url\":\"https:\\\/\\\/www.eldigitaldeasturias.com\\\/noticias\\\/adios-a-brasil-falcao-tiene-grave-una-lesion-y-colombia-sufre\\\/\",\"name\":\"\\u00bfAdi\\u00f3s a Brasil? Falcao tiene grave una lesi\\u00f3n y Colombia sufre - El Digital de Asturias\",\"description\":\"(dpa), 23 ene (dpa) - Los peores pron\\u00f3sticos se confirmaron: Radamel Falcao Garc\\u00eda tiene una lesi\\u00f3n en el ligamento cruzado anterior de la rodilla izquierda y podr\\u00eda ver esfumada la ilusi\\u00f3n de jugar con Colombia el primer Mundial de su carrera. El jugador del M\\u00f3naco, de 27 a\\u00f1os, se lesion\\u00f3 el mi\\u00e9rcoles en un partido\",\"inLanguage\":\"es-ES\",\"isPartOf\":{\"@id\":\"https:\\\/\\\/www.eldigitaldeasturias.com\\\/noticias\\\/#website\"},\"breadcrumb\":{\"@id\":\"https:\\\/\\\/www.eldigitaldeasturias.com\\\/noticias\\\/adios-a-brasil-falcao-tiene-grave-una-lesion-y-colombia-sufre\\\/#breadcrumblist\"},\"author\":{\"@id\":\"https:\\\/\\\/www.eldigitaldeasturias.com\\\/noticias\\\/author\\\/admin\\\/#author\"},\"creator\":{\"@id\":\"https:\\\/\\\/www.eldigitaldeasturias.com\\\/noticias\\\/author\\\/admin\\\/#author\"},\"image\":{\"@type\":\"ImageObject\",\"url\":\"https:\\\/\\\/www.eldigitaldeasturias.com\\\/noticias\\\/wp-content\\\/uploads\\\/2026\\\/06\\\/Contenidos.jpg\",\"@id\":\"https:\\\/\\\/www.eldigitaldeasturias.com\\\/noticias\\\/adios-a-brasil-falcao-tiene-grave-una-lesion-y-colombia-sufre\\\/#mainImage\",\"width\":1265,\"height\":697,\"caption\":\"Contenidos\"},\"primaryImageOfPage\":{\"@id\":\"https:\\\/\\\/www.eldigitaldeasturias.com\\\/noticias\\\/adios-a-brasil-falcao-tiene-grave-una-lesion-y-colombia-sufre\\\/#mainImage\"},\"datePublished\":\"2014-01-24T20:56:56+01:00\",\"dateModified\":\"2014-01-24T20:56:56+01:00\"},{\"@type\":\"WebSite\",\"@id\":\"https:\\\/\\\/www.eldigitaldeasturias.com\\\/noticias\\\/#website\",\"url\":\"https:\\\/\\\/www.eldigitaldeasturias.com\\\/noticias\\\/\",\"name\":\"El Digital de Asturias - Diario de actualidad y noticias\",\"alternateName\":\"El Digital de Asturias - Diario de actualidad y noticias\",\"description\":\"Hemeroteca\",\"inLanguage\":\"es-ES\",\"publisher\":{\"@id\":\"https:\\\/\\\/www.eldigitaldeasturias.com\\\/noticias\\\/#organization\"}}]}\n\t\t<\/script>\n\t\t<!-- All in One SEO Pro -->\r\n\t\t<title>\u00bfAdi\u00f3s a Brasil? Falcao tiene grave una lesi\u00f3n y Colombia sufre - El Digital de Asturias<\/title>\n\n","aioseo_head_json":{"title":"\u00bfAdi\u00f3s a Brasil? Falcao tiene grave una lesi\u00f3n y Colombia sufre - El Digital de Asturias","description":"(dpa), 23 ene (dpa) - Los peores pron\u00f3sticos se confirmaron: Radamel Falcao Garc\u00eda tiene una lesi\u00f3n en el ligamento cruzado anterior de la rodilla izquierda y podr\u00eda ver esfumada la ilusi\u00f3n de jugar con Colombia el primer Mundial de su carrera. El jugador del M\u00f3naco, de 27 a\u00f1os, se lesion\u00f3 el mi\u00e9rcoles en un partido","canonical_url":"https:\/\/www.eldigitaldeasturias.com\/noticias\/adios-a-brasil-falcao-tiene-grave-una-lesion-y-colombia-sufre\/","robots":"max-image-preview:large","keywords":"actualidad","webmasterTools":{"google-site-verification":"UA-38556648-1","msvalidate.01":"7dfe9f3f1b24437ab69f4f2559babe99","miscellaneous":""},"schema":{"@context":"https:\/\/schema.org","@graph":[{"@type":"BlogPosting","@id":"https:\/\/www.eldigitaldeasturias.com\/noticias\/adios-a-brasil-falcao-tiene-grave-una-lesion-y-colombia-sufre\/#blogposting","name":"\u00bfAdi\u00f3s a Brasil? Falcao tiene grave una lesi\u00f3n y Colombia sufre - El Digital de Asturias","headline":"\u00bfAdi\u00f3s a Brasil? Falcao tiene grave una lesi\u00f3n y Colombia sufre","author":{"@id":"https:\/\/www.eldigitaldeasturias.com\/noticias\/author\/admin\/#author"},"publisher":{"@id":"https:\/\/www.eldigitaldeasturias.com\/noticias\/#organization"},"image":{"@type":"ImageObject","url":"https:\/\/www.eldigitaldeasturias.com\/noticias\/wp-content\/uploads\/2026\/06\/Contenidos.jpg","width":1265,"height":697,"caption":"Contenidos"},"datePublished":"2014-01-24T20:56:56+01:00","dateModified":"2014-01-24T20:56:56+01:00","inLanguage":"es-ES","mainEntityOfPage":{"@id":"https:\/\/www.eldigitaldeasturias.com\/noticias\/adios-a-brasil-falcao-tiene-grave-una-lesion-y-colombia-sufre\/#webpage"},"isPartOf":{"@id":"https:\/\/www.eldigitaldeasturias.com\/noticias\/adios-a-brasil-falcao-tiene-grave-una-lesion-y-colombia-sufre\/#webpage"},"articleSection":"Actualidad"},{"@type":"BreadcrumbList","@id":"https:\/\/www.eldigitaldeasturias.com\/noticias\/adios-a-brasil-falcao-tiene-grave-una-lesion-y-colombia-sufre\/#breadcrumblist","itemListElement":[{"@type":"ListItem","@id":"https:\/\/www.eldigitaldeasturias.com\/noticias#listItem","position":1,"name":"Home","item":"https:\/\/www.eldigitaldeasturias.com\/noticias","nextItem":{"@type":"ListItem","@id":"https:\/\/www.eldigitaldeasturias.com\/noticias\/category\/actualidad\/#listItem","name":"Actualidad"}},{"@type":"ListItem","@id":"https:\/\/www.eldigitaldeasturias.com\/noticias\/category\/actualidad\/#listItem","position":2,"name":"Actualidad","item":"https:\/\/www.eldigitaldeasturias.com\/noticias\/category\/actualidad\/","nextItem":{"@type":"ListItem","@id":"https:\/\/www.eldigitaldeasturias.com\/noticias\/adios-a-brasil-falcao-tiene-grave-una-lesion-y-colombia-sufre\/#listItem","name":"\u00bfAdi\u00f3s a Brasil? Falcao tiene grave una lesi\u00f3n y Colombia sufre"},"previousItem":{"@type":"ListItem","@id":"https:\/\/www.eldigitaldeasturias.com\/noticias#listItem","name":"Home"}},{"@type":"ListItem","@id":"https:\/\/www.eldigitaldeasturias.com\/noticias\/adios-a-brasil-falcao-tiene-grave-una-lesion-y-colombia-sufre\/#listItem","position":3,"name":"\u00bfAdi\u00f3s a Brasil? Falcao tiene grave una lesi\u00f3n y Colombia sufre","previousItem":{"@type":"ListItem","@id":"https:\/\/www.eldigitaldeasturias.com\/noticias\/category\/actualidad\/#listItem","name":"Actualidad"}}]},{"@type":"Organization","@id":"https:\/\/www.eldigitaldeasturias.com\/noticias\/#organization","name":"El Digital de Asturias","description":"Hemeroteca","url":"https:\/\/www.eldigitaldeasturias.com\/noticias\/","email":"info@eldigitaldeasturias.com","telephone":"+34652131393","logo":{"@type":"ImageObject","url":"https:\/\/www.eldigitaldeasturias.com\/noticias\/wp-content\/uploads\/2020\/12\/EDA.jpg","@id":"https:\/\/www.eldigitaldeasturias.com\/noticias\/adios-a-brasil-falcao-tiene-grave-una-lesion-y-colombia-sufre\/#organizationLogo"},"image":{"@id":"https:\/\/www.eldigitaldeasturias.com\/noticias\/adios-a-brasil-falcao-tiene-grave-una-lesion-y-colombia-sufre\/#organizationLogo"},"sameAs":["https:\/\/facebook.com\/eldigitaldeasturias","https:\/\/www.youtube.com\/channel\/UCZP-2wLEB9Rv6erhFmqVnvg"],"address":{"@id":"https:\/\/www.eldigitaldeasturias.com\/noticias\/#postaladdress","@type":"PostalAddress","streetAddress":"san antonio 4","postalCode":"33430","addressLocality":"Cand\u00e1s","addressRegion":"Asturias","addressCountry":"ES"}},{"@type":"Person","@id":"https:\/\/www.eldigitaldeasturias.com\/noticias\/author\/admin\/#author","url":"https:\/\/www.eldigitaldeasturias.com\/noticias\/author\/admin\/","name":"El Digital de Asturias","image":{"@type":"ImageObject","@id":"https:\/\/www.eldigitaldeasturias.com\/noticias\/adios-a-brasil-falcao-tiene-grave-una-lesion-y-colombia-sufre\/#authorImage","url":"https:\/\/secure.gravatar.com\/avatar\/df2aeffc32bcd13f8d26072ef8a91b623d677766deac7f97ca815868cd41bf5e?s=96&d=mm&r=g","width":96,"height":96,"caption":"El Digital de Asturias"}},{"@type":"WebPage","@id":"https:\/\/www.eldigitaldeasturias.com\/noticias\/adios-a-brasil-falcao-tiene-grave-una-lesion-y-colombia-sufre\/#webpage","url":"https:\/\/www.eldigitaldeasturias.com\/noticias\/adios-a-brasil-falcao-tiene-grave-una-lesion-y-colombia-sufre\/","name":"\u00bfAdi\u00f3s a Brasil? Falcao tiene grave una lesi\u00f3n y Colombia sufre - El Digital de Asturias","description":"(dpa), 23 ene (dpa) - Los peores pron\u00f3sticos se confirmaron: Radamel Falcao Garc\u00eda tiene una lesi\u00f3n en el ligamento cruzado anterior de la rodilla izquierda y podr\u00eda ver esfumada la ilusi\u00f3n de jugar con Colombia el primer Mundial de su carrera. El jugador del M\u00f3naco, de 27 a\u00f1os, se lesion\u00f3 el mi\u00e9rcoles en un partido","inLanguage":"es-ES","isPartOf":{"@id":"https:\/\/www.eldigitaldeasturias.com\/noticias\/#website"},"breadcrumb":{"@id":"https:\/\/www.eldigitaldeasturias.com\/noticias\/adios-a-brasil-falcao-tiene-grave-una-lesion-y-colombia-sufre\/#breadcrumblist"},"author":{"@id":"https:\/\/www.eldigitaldeasturias.com\/noticias\/author\/admin\/#author"},"creator":{"@id":"https:\/\/www.eldigitaldeasturias.com\/noticias\/author\/admin\/#author"},"image":{"@type":"ImageObject","url":"https:\/\/www.eldigitaldeasturias.com\/noticias\/wp-content\/uploads\/2026\/06\/Contenidos.jpg","@id":"https:\/\/www.eldigitaldeasturias.com\/noticias\/adios-a-brasil-falcao-tiene-grave-una-lesion-y-colombia-sufre\/#mainImage","width":1265,"height":697,"caption":"Contenidos"},"primaryImageOfPage":{"@id":"https:\/\/www.eldigitaldeasturias.com\/noticias\/adios-a-brasil-falcao-tiene-grave-una-lesion-y-colombia-sufre\/#mainImage"},"datePublished":"2014-01-24T20:56:56+01:00","dateModified":"2014-01-24T20:56:56+01:00"},{"@type":"WebSite","@id":"https:\/\/www.eldigitaldeasturias.com\/noticias\/#website","url":"https:\/\/www.eldigitaldeasturias.com\/noticias\/","name":"El Digital de Asturias - Diario de actualidad y noticias","alternateName":"El Digital de Asturias - Diario de actualidad y noticias","description":"Hemeroteca","inLanguage":"es-ES","publisher":{"@id":"https:\/\/www.eldigitaldeasturias.com\/noticias\/#organization"}}]},"og:locale":"es_ES","og:site_name":"El Digital de Asturias","og:type":"article","og:title":"\u00bfAdi\u00f3s a Brasil? Falcao tiene grave una lesi\u00f3n y Colombia sufre - El Digital de Asturias","og:description":"(dpa), 23 ene (dpa) - Los peores pron\u00f3sticos se confirmaron: Radamel Falcao Garc\u00eda tiene una lesi\u00f3n en el ligamento cruzado anterior de la rodilla izquierda y podr\u00eda ver esfumada la ilusi\u00f3n de jugar con Colombia el primer Mundial de su carrera. El jugador del M\u00f3naco, de 27 a\u00f1os, se lesion\u00f3 el mi\u00e9rcoles en un partido","og:url":"https:\/\/www.eldigitaldeasturias.com\/noticias\/adios-a-brasil-falcao-tiene-grave-una-lesion-y-colombia-sufre\/","og:image":"https:\/\/www.eldigitaldeasturias.com\/noticias\/wp-content\/uploads\/2026\/06\/Contenidos.jpg","og:image:secure_url":"https:\/\/www.eldigitaldeasturias.com\/noticias\/wp-content\/uploads\/2026\/06\/Contenidos.jpg","og:image:width":1265,"og:image:height":697,"article:tag":["actualidad"],"article:published_time":"2014-01-24T21:56:56+00:00","article:modified_time":"2014-01-24T21:56:56+00:00","article:publisher":"https:\/\/facebook.com\/eldigitaldeasturias","twitter:card":"summary_large_image","twitter:title":"\u00bfAdi\u00f3s a Brasil? Falcao tiene grave una lesi\u00f3n y Colombia sufre - El Digital de Asturias","twitter:description":"(dpa), 23 ene (dpa) - Los peores pron\u00f3sticos se confirmaron: Radamel Falcao Garc\u00eda tiene una lesi\u00f3n en el ligamento cruzado anterior de la rodilla izquierda y podr\u00eda ver esfumada la ilusi\u00f3n de jugar con Colombia el primer Mundial de su carrera. El jugador del M\u00f3naco, de 27 a\u00f1os, se lesion\u00f3 el mi\u00e9rcoles en un partido","twitter:image":"https:\/\/www.eldigitaldeasturias.com\/noticias\/wp-content\/uploads\/2026\/06\/Contenidos.jpg","twitter:label1":"Escrito por","twitter:data1":"El Digital de Asturias","twitter:label2":"Tiempo de lectura estimado","twitter:data2":"4 minutos"},"aioseo_meta_data":{"post_id":"478357","title":null,"description":null,"keywords":null,"keyphrases":null,"primary_term":null,"canonical_url":null,"og_title":null,"og_description":null,"og_object_type":"default","og_image_type":"default","og_image_url":null,"og_image_width":null,"og_image_height":null,"og_image_custom_url":null,"og_image_custom_fields":null,"og_video":null,"og_custom_url":null,"og_article_section":null,"og_article_tags":null,"twitter_use_og":true,"twitter_card":"default","twitter_image_type":"default","twitter_image_url":null,"twitter_image_custom_url":null,"twitter_image_custom_fields":null,"twitter_title":null,"twitter_description":null,"schema":{"blockGraphs":[],"customGraphs":[],"default":{"data":{"Article":[],"Course":[],"Dataset":[],"FAQPage":[],"Movie":[],"Person":[],"Product":[],"ProductReview":[],"Car":[],"Recipe":[],"Service":[],"SoftwareApplication":[],"WebPage":[]},"graphName":"","isEnabled":true},"graphs":[],"defaultGraph":"","defaultPostTypeGraph":""},"schema_type":null,"schema_type_options":null,"pillar_content":false,"robots_default":true,"robots_noindex":false,"robots_noarchive":false,"robots_nosnippet":false,"robots_nofollow":false,"robots_noimageindex":false,"robots_noodp":false,"robots_notranslate":false,"robots_max_snippet":null,"robots_max_videopreview":null,"robots_max_imagepreview":"none","priority":null,"frequency":null,"local_seo":null,"seo_analyzer_scan_date":"2026-06-01 21:14:49","breadcrumb_settings":null,"limit_modified_date":false,"open_ai":null,"ai":null,"created":"2020-11-14 22:53:55","updated":"2026-06-01 21:14:49","focus_keyword":null,"additional_keywords":null,"truseo_locale":null},"aioseo_breadcrumb":"<div class=\"aioseo-breadcrumbs\"><span class=\"aioseo-breadcrumb\">\n\t<a href=\"https:\/\/www.eldigitaldeasturias.com\/noticias\" title=\"Home\">Home<\/a>\n<\/span><span class=\"aioseo-breadcrumb-separator\">\u2013<\/span><span class=\"aioseo-breadcrumb\">\n\t<a href=\"https:\/\/www.eldigitaldeasturias.com\/noticias\/category\/actualidad\/\" title=\"Actualidad\">Actualidad<\/a>\n<\/span><span class=\"aioseo-breadcrumb-separator\">\u2013<\/span><span class=\"aioseo-breadcrumb\">\n\t<a href=\"https:\/\/www.eldigitaldeasturias.com\/noticias\/adios-a-brasil-falcao-tiene-grave-una-lesion-y-colombia-sufre\/\" title=\"\u00bfAdi\u00f3s a Brasil? Falcao tiene grave una lesi\u00f3n y Colombia sufre\">\u00bfAdi\u00f3s a Brasil? Falcao tiene grave una lesi\u00f3n y Colombia sufre<\/a>\n<\/span><\/div>","aioseo_breadcrumb_json":[{"label":"Home","link":"https:\/\/www.eldigitaldeasturias.com\/noticias"},{"label":"Actualidad","link":"https:\/\/www.eldigitaldeasturias.com\/noticias\/category\/actualidad\/"},{"label":"\u00bfAdi\u00f3s a Brasil? Falcao tiene grave una lesi\u00f3n y Colombia sufre","link":"https:\/\/www.eldigitaldeasturias.com\/noticias\/adios-a-brasil-falcao-tiene-grave-una-lesion-y-colombia-sufre\/"}],"_links":{"self":[{"href":"https:\/\/www.eldigitaldeasturias.com\/noticias\/wp-json\/wp\/v2\/posts\/478357","targetHints":{"allow":["GET"]}}],"collection":[{"href":"https:\/\/www.eldigitaldeasturias.com\/noticias\/wp-json\/wp\/v2\/posts"}],"about":[{"href":"https:\/\/www.eldigitaldeasturias.com\/noticias\/wp-json\/wp\/v2\/types\/post"}],"author":[{"embeddable":true,"href":"https:\/\/www.eldigitaldeasturias.com\/noticias\/wp-json\/wp\/v2\/users\/1"}],"replies":[{"embeddable":true,"href":"https:\/\/www.eldigitaldeasturias.com\/noticias\/wp-json\/wp\/v2\/comments?post=478357"}],"version-history":[{"count":0,"href":"https:\/\/www.eldigitaldeasturias.com\/noticias\/wp-json\/wp\/v2\/posts\/478357\/revisions"}],"wp:featuredmedia":[{"embeddable":true,"href":"https:\/\/www.eldigitaldeasturias.com\/noticias\/wp-json\/wp\/v2\/media\/1132184"}],"wp:attachment":[{"href":"https:\/\/www.eldigitaldeasturias.com\/noticias\/wp-json\/wp\/v2\/media?parent=478357"}],"wp:term":[{"taxonomy":"category","embeddable":true,"href":"https:\/\/www.eldigitaldeasturias.com\/noticias\/wp-json\/wp\/v2\/categories?post=478357"},{"taxonomy":"post_tag","embeddable":true,"href":"https:\/\/www.eldigitaldeasturias.com\/noticias\/wp-json\/wp\/v2\/tags?post=478357"}],"curies":[{"name":"wp","href":"https:\/\/api.w.org\/{rel}","templated":true}]}}