{"id":478354,"date":"2014-01-24T20:52:50","date_gmt":"2014-01-24T21:52:50","guid":{"rendered":"http:\/\/www.eldigitaldeasturias.com\/noticias\/?p=478354"},"modified":"2014-01-24T20:52:50","modified_gmt":"2014-01-24T21:52:50","slug":"fernandez-diaz-contrario-a-la-reubicacion-de-inmigrantes-irregulares","status":"publish","type":"post","link":"https:\/\/www.eldigitaldeasturias.com\/noticias\/fernandez-diaz-contrario-a-la-reubicacion-de-inmigrantes-irregulares\/","title":{"rendered":"Fern\u00e1ndez D\u00edaz contrario a la reubicaci\u00f3n de inmigrantes irregulares"},"content":{"rendered":"<p><img loading=\"lazy\" decoding=\"async\" class=\"alignleft size-medium wp-image-478355\" alt=\"5873314w\" src=\"https:\/\/www.eldigitaldeasturias.com\/noticias\/wp-content\/uploads\/2014\/01\/5873314w-360x306.jpg\" width=\"360\" height=\"306\" \/>Atenas, 24 ene (EFE).- El ministro espa\u00f1ol del Interior, Jorge Fern\u00e1ndez D\u00edaz, se mostr\u00f3 hoy contrario a la propuesta de la presidencia griega de la Uni\u00f3n Europea de hacer un reparto m\u00e1s equitativo de los inmigrantes irregulares entre los pa\u00edses miembros, pues considera que el problema debe resolverse sobre todo en origen.<\/p>\n<p>\u00abLa reubicaci\u00f3n es un tema de especial complejidad. No creemos que en s\u00ed mismo sea una soluci\u00f3n\u00bb, dijo Fern\u00e1ndez D\u00edaz en un encuentro con la prensa espa\u00f1ola durante el Consejo de ministros de Interior de la UE que se celebra hoy en Atenas.<\/p>\n<p>A juicio del ministro, la mejor soluci\u00f3n es \u00ababordar el problema en origen, con pol\u00edticas de prevenci\u00f3n en los pa\u00edses de origen, cooperaci\u00f3n reforzada con los pa\u00edses de origen y tr\u00e1nsito, lucha contra las mafias y control con los equipos conjuntos policiales de las fronteras mar\u00edtimas\u00bb.<\/p>\n<p>Fern\u00e1ndez D\u00edaz se\u00f1al\u00f3 que la gesti\u00f3n de la inmigraci\u00f3n tal y como se ha llevado a cabo en Espa\u00f1a en los \u00faltimos a\u00f1os \u00abes un modelo que puede trasladarse a otros pa\u00edses\u00bb, pues ha dado \u00abexcelentes resultados\u00bb.<\/p>\n<p>En ese contexto cit\u00f3 la eficacia que ha tenido la buena cooperaci\u00f3n con la agencia de protecci\u00f3n de fronteras exteriores Frontex o con el Reino de Marruecos, o los programas de retorno voluntario.<\/p>\n<p>El ministro record\u00f3 que mientras que en la denominada \u00abcrisis de los cayucos\u00bb en 2006 llegaron a las costas canarias 30.000 inmigrantes irregulares, en 2013 ya solo fueron 200.<\/p>\n<p>En cifras totales, la llegada de sin papeles cay\u00f3 el pasado a\u00f1o un 18 % con respecto a 2012, a\u00f1o en el que ya se hab\u00eda registrado un retroceso del 30 % en relaci\u00f3n con 2011.<\/p>\n<p>Respecto al reparto de los refugiados -que no de los inmigrantes irregulares- Fern\u00e1ndez D\u00edaz precis\u00f3 que en este punto \u00abvamos a escuchar las propuestas de la Comisi\u00f3n Europea\u00bb.<\/p>\n<p>Record\u00f3 que Espa\u00f1a, \u00absiguiendo los principios de solidaridad\u00bb, est\u00e1 siendo muy activa desde los ministerios de Interior y Empleo con el programa de reasentamiento de personas desplazadas y refugiados.<\/p>\n<p>Fern\u00e1ndez D\u00edaz recalc\u00f3 que en este asunto deben primar \u00ablos principios de solidaridad compartida\u00bb, y que estos deben regir tambi\u00e9n en temas de financiaci\u00f3n.<\/p>\n","protected":false},"excerpt":{"rendered":"<p>Atenas, 24 ene (EFE).- El ministro espa\u00f1ol del Interior, Jorge Fern\u00e1ndez D\u00edaz, se mostr\u00f3 hoy contrario a la propuesta de la presidencia griega de la Uni\u00f3n Europea de hacer un reparto m\u00e1s equitativo de los inmigrantes irregulares entre los pa\u00edses miembros, pues considera que el problema debe resolverse sobre todo en origen. \u00abLa reubicaci\u00f3n es [&hellip;]<\/p>\n","protected":false},"author":1,"featured_media":1132184,"comment_status":"closed","ping_status":"open","sticky":false,"template":"","format":"standard","meta":{"footnotes":""},"categories":[1],"tags":[],"class_list":["post-478354","post","type-post","status-publish","format-standard","has-post-thumbnail","hentry","category-actualidad"],"aioseo_notices":[],"aioseo_head":"\n\t\t<!-- All in One SEO Pro 5.0.1 - aioseo.com -->\n\t<meta name=\"description\" content=\"Atenas, 24 ene (EFE).- El ministro espa\u00f1ol del Interior, Jorge Fern\u00e1ndez D\u00edaz, se mostr\u00f3 hoy contrario a la propuesta de la presidencia griega de la Uni\u00f3n Europea de hacer un reparto m\u00e1s equitativo de los inmigrantes irregulares entre los pa\u00edses miembros, pues considera que el problema debe resolverse sobre todo en origen. &quot;La reubicaci\u00f3n es\" \/>\n\t<meta name=\"robots\" content=\"max-image-preview:large\" \/>\n\t<meta name=\"author\" content=\"El Digital de Asturias\"\/>\n\t<meta name=\"google-site-verification\" content=\"UA-38556648-1\" \/>\n\t<meta name=\"msvalidate.01\" content=\"7dfe9f3f1b24437ab69f4f2559babe99\" \/>\n\t<meta name=\"keywords\" content=\"actualidad\" \/>\n\t<link rel=\"canonical\" href=\"https:\/\/www.eldigitaldeasturias.com\/noticias\/fernandez-diaz-contrario-a-la-reubicacion-de-inmigrantes-irregulares\/\" \/>\n\t<meta name=\"generator\" content=\"All in One SEO Pro (AIOSEO) 5.0.1\" \/>\n\t\t<meta property=\"og:locale\" content=\"es_ES\" \/>\n\t\t<meta property=\"og:site_name\" content=\"El Digital de Asturias\" \/>\n\t\t<meta property=\"og:type\" content=\"article\" \/>\n\t\t<meta property=\"og:title\" content=\"Fern\u00e1ndez D\u00edaz contrario a la reubicaci\u00f3n de inmigrantes irregulares - El Digital de Asturias\" \/>\n\t\t<meta property=\"og:description\" content=\"Atenas, 24 ene (EFE).- El ministro espa\u00f1ol del Interior, Jorge Fern\u00e1ndez D\u00edaz, se mostr\u00f3 hoy contrario a la propuesta de la presidencia griega de la Uni\u00f3n Europea de hacer un reparto m\u00e1s equitativo de los inmigrantes irregulares entre los pa\u00edses miembros, pues considera que el problema debe resolverse sobre todo en origen. &quot;La reubicaci\u00f3n es\" \/>\n\t\t<meta property=\"og:url\" content=\"https:\/\/www.eldigitaldeasturias.com\/noticias\/fernandez-diaz-contrario-a-la-reubicacion-de-inmigrantes-irregulares\/\" \/>\n\t\t<meta property=\"og:image\" content=\"https:\/\/www.eldigitaldeasturias.com\/noticias\/wp-content\/uploads\/2026\/06\/Contenidos.jpg\" \/>\n\t\t<meta property=\"og:image:secure_url\" content=\"https:\/\/www.eldigitaldeasturias.com\/noticias\/wp-content\/uploads\/2026\/06\/Contenidos.jpg\" \/>\n\t\t<meta property=\"og:image:width\" content=\"1265\" \/>\n\t\t<meta property=\"og:image:height\" content=\"697\" \/>\n\t\t<meta property=\"article:tag\" content=\"actualidad\" \/>\n\t\t<meta property=\"article:published_time\" content=\"2014-01-24T21:52:50+00:00\" \/>\n\t\t<meta property=\"article:modified_time\" content=\"2014-01-24T21:52:50+00:00\" \/>\n\t\t<meta property=\"article:publisher\" content=\"https:\/\/facebook.com\/eldigitaldeasturias\" \/>\n\t\t<meta name=\"twitter:card\" content=\"summary_large_image\" \/>\n\t\t<meta name=\"twitter:title\" content=\"Fern\u00e1ndez D\u00edaz contrario a la reubicaci\u00f3n de inmigrantes irregulares - El Digital de Asturias\" \/>\n\t\t<meta name=\"twitter:description\" content=\"Atenas, 24 ene (EFE).- El ministro espa\u00f1ol del Interior, Jorge Fern\u00e1ndez D\u00edaz, se mostr\u00f3 hoy contrario a la propuesta de la presidencia griega de la Uni\u00f3n Europea de hacer un reparto m\u00e1s equitativo de los inmigrantes irregulares entre los pa\u00edses miembros, pues considera que el problema debe resolverse sobre todo en origen. &quot;La reubicaci\u00f3n es\" \/>\n\t\t<meta name=\"twitter:image\" content=\"https:\/\/www.eldigitaldeasturias.com\/noticias\/wp-content\/uploads\/2026\/06\/Contenidos.jpg\" \/>\n\t\t<meta name=\"twitter:label1\" content=\"Escrito por\" \/>\n\t\t<meta name=\"twitter:data1\" content=\"El Digital de Asturias\" \/>\n\t\t<meta name=\"twitter:label2\" content=\"Tiempo de lectura estimado\" \/>\n\t\t<meta name=\"twitter:data2\" content=\"2 minutos\" \/>\n\t\t<script type=\"application\/ld+json\" class=\"aioseo-schema\">\n\t\t\t{\"@context\":\"https:\\\/\\\/schema.org\",\"@graph\":[{\"@type\":\"BlogPosting\",\"@id\":\"https:\\\/\\\/www.eldigitaldeasturias.com\\\/noticias\\\/fernandez-diaz-contrario-a-la-reubicacion-de-inmigrantes-irregulares\\\/#blogposting\",\"name\":\"Fern\\u00e1ndez D\\u00edaz contrario a la reubicaci\\u00f3n de inmigrantes irregulares - El Digital de Asturias\",\"headline\":\"Fern\\u00e1ndez D\\u00edaz contrario a la reubicaci\\u00f3n de inmigrantes irregulares\",\"author\":{\"@id\":\"https:\\\/\\\/www.eldigitaldeasturias.com\\\/noticias\\\/author\\\/admin\\\/#author\"},\"publisher\":{\"@id\":\"https:\\\/\\\/www.eldigitaldeasturias.com\\\/noticias\\\/#organization\"},\"image\":{\"@type\":\"ImageObject\",\"url\":\"https:\\\/\\\/www.eldigitaldeasturias.com\\\/noticias\\\/wp-content\\\/uploads\\\/2026\\\/06\\\/Contenidos.jpg\",\"width\":1265,\"height\":697,\"caption\":\"Contenidos\"},\"datePublished\":\"2014-01-24T20:52:50+01:00\",\"dateModified\":\"2014-01-24T20:52:50+01:00\",\"inLanguage\":\"es-ES\",\"mainEntityOfPage\":{\"@id\":\"https:\\\/\\\/www.eldigitaldeasturias.com\\\/noticias\\\/fernandez-diaz-contrario-a-la-reubicacion-de-inmigrantes-irregulares\\\/#webpage\"},\"isPartOf\":{\"@id\":\"https:\\\/\\\/www.eldigitaldeasturias.com\\\/noticias\\\/fernandez-diaz-contrario-a-la-reubicacion-de-inmigrantes-irregulares\\\/#webpage\"},\"articleSection\":\"Actualidad\"},{\"@type\":\"BreadcrumbList\",\"@id\":\"https:\\\/\\\/www.eldigitaldeasturias.com\\\/noticias\\\/fernandez-diaz-contrario-a-la-reubicacion-de-inmigrantes-irregulares\\\/#breadcrumblist\",\"itemListElement\":[{\"@type\":\"ListItem\",\"@id\":\"https:\\\/\\\/www.eldigitaldeasturias.com\\\/noticias#listItem\",\"position\":1,\"name\":\"Home\",\"item\":\"https:\\\/\\\/www.eldigitaldeasturias.com\\\/noticias\",\"nextItem\":{\"@type\":\"ListItem\",\"@id\":\"https:\\\/\\\/www.eldigitaldeasturias.com\\\/noticias\\\/category\\\/actualidad\\\/#listItem\",\"name\":\"Actualidad\"}},{\"@type\":\"ListItem\",\"@id\":\"https:\\\/\\\/www.eldigitaldeasturias.com\\\/noticias\\\/category\\\/actualidad\\\/#listItem\",\"position\":2,\"name\":\"Actualidad\",\"item\":\"https:\\\/\\\/www.eldigitaldeasturias.com\\\/noticias\\\/category\\\/actualidad\\\/\",\"nextItem\":{\"@type\":\"ListItem\",\"@id\":\"https:\\\/\\\/www.eldigitaldeasturias.com\\\/noticias\\\/fernandez-diaz-contrario-a-la-reubicacion-de-inmigrantes-irregulares\\\/#listItem\",\"name\":\"Fern\\u00e1ndez D\\u00edaz contrario a la reubicaci\\u00f3n de inmigrantes irregulares\"},\"previousItem\":{\"@type\":\"ListItem\",\"@id\":\"https:\\\/\\\/www.eldigitaldeasturias.com\\\/noticias#listItem\",\"name\":\"Home\"}},{\"@type\":\"ListItem\",\"@id\":\"https:\\\/\\\/www.eldigitaldeasturias.com\\\/noticias\\\/fernandez-diaz-contrario-a-la-reubicacion-de-inmigrantes-irregulares\\\/#listItem\",\"position\":3,\"name\":\"Fern\\u00e1ndez D\\u00edaz contrario a la reubicaci\\u00f3n de inmigrantes irregulares\",\"previousItem\":{\"@type\":\"ListItem\",\"@id\":\"https:\\\/\\\/www.eldigitaldeasturias.com\\\/noticias\\\/category\\\/actualidad\\\/#listItem\",\"name\":\"Actualidad\"}}]},{\"@type\":\"Organization\",\"@id\":\"https:\\\/\\\/www.eldigitaldeasturias.com\\\/noticias\\\/#organization\",\"name\":\"El Digital de Asturias\",\"description\":\"Hemeroteca\",\"url\":\"https:\\\/\\\/www.eldigitaldeasturias.com\\\/noticias\\\/\",\"email\":\"info@eldigitaldeasturias.com\",\"telephone\":\"+34652131393\",\"logo\":{\"@type\":\"ImageObject\",\"url\":\"https:\\\/\\\/www.eldigitaldeasturias.com\\\/noticias\\\/wp-content\\\/uploads\\\/2020\\\/12\\\/EDA.jpg\",\"@id\":\"https:\\\/\\\/www.eldigitaldeasturias.com\\\/noticias\\\/fernandez-diaz-contrario-a-la-reubicacion-de-inmigrantes-irregulares\\\/#organizationLogo\"},\"image\":{\"@id\":\"https:\\\/\\\/www.eldigitaldeasturias.com\\\/noticias\\\/fernandez-diaz-contrario-a-la-reubicacion-de-inmigrantes-irregulares\\\/#organizationLogo\"},\"sameAs\":[\"https:\\\/\\\/facebook.com\\\/eldigitaldeasturias\",\"https:\\\/\\\/www.youtube.com\\\/channel\\\/UCZP-2wLEB9Rv6erhFmqVnvg\"],\"address\":{\"@id\":\"https:\\\/\\\/www.eldigitaldeasturias.com\\\/noticias\\\/#postaladdress\",\"@type\":\"PostalAddress\",\"streetAddress\":\"san antonio 4\",\"postalCode\":\"33430\",\"addressLocality\":\"Cand\\u00e1s\",\"addressRegion\":\"Asturias\",\"addressCountry\":\"ES\"}},{\"@type\":\"Person\",\"@id\":\"https:\\\/\\\/www.eldigitaldeasturias.com\\\/noticias\\\/author\\\/admin\\\/#author\",\"url\":\"https:\\\/\\\/www.eldigitaldeasturias.com\\\/noticias\\\/author\\\/admin\\\/\",\"name\":\"El Digital de Asturias\",\"image\":{\"@type\":\"ImageObject\",\"@id\":\"https:\\\/\\\/www.eldigitaldeasturias.com\\\/noticias\\\/fernandez-diaz-contrario-a-la-reubicacion-de-inmigrantes-irregulares\\\/#authorImage\",\"url\":\"https:\\\/\\\/secure.gravatar.com\\\/avatar\\\/df2aeffc32bcd13f8d26072ef8a91b623d677766deac7f97ca815868cd41bf5e?s=96&d=mm&r=g\",\"width\":96,\"height\":96,\"caption\":\"El Digital de Asturias\"}},{\"@type\":\"WebPage\",\"@id\":\"https:\\\/\\\/www.eldigitaldeasturias.com\\\/noticias\\\/fernandez-diaz-contrario-a-la-reubicacion-de-inmigrantes-irregulares\\\/#webpage\",\"url\":\"https:\\\/\\\/www.eldigitaldeasturias.com\\\/noticias\\\/fernandez-diaz-contrario-a-la-reubicacion-de-inmigrantes-irregulares\\\/\",\"name\":\"Fern\\u00e1ndez D\\u00edaz contrario a la reubicaci\\u00f3n de inmigrantes irregulares - El Digital de Asturias\",\"description\":\"Atenas, 24 ene (EFE).- El ministro espa\\u00f1ol del Interior, Jorge Fern\\u00e1ndez D\\u00edaz, se mostr\\u00f3 hoy contrario a la propuesta de la presidencia griega de la Uni\\u00f3n Europea de hacer un reparto m\\u00e1s equitativo de los inmigrantes irregulares entre los pa\\u00edses miembros, pues considera que el problema debe resolverse sobre todo en origen. \\\"La reubicaci\\u00f3n es\",\"inLanguage\":\"es-ES\",\"isPartOf\":{\"@id\":\"https:\\\/\\\/www.eldigitaldeasturias.com\\\/noticias\\\/#website\"},\"breadcrumb\":{\"@id\":\"https:\\\/\\\/www.eldigitaldeasturias.com\\\/noticias\\\/fernandez-diaz-contrario-a-la-reubicacion-de-inmigrantes-irregulares\\\/#breadcrumblist\"},\"author\":{\"@id\":\"https:\\\/\\\/www.eldigitaldeasturias.com\\\/noticias\\\/author\\\/admin\\\/#author\"},\"creator\":{\"@id\":\"https:\\\/\\\/www.eldigitaldeasturias.com\\\/noticias\\\/author\\\/admin\\\/#author\"},\"image\":{\"@type\":\"ImageObject\",\"url\":\"https:\\\/\\\/www.eldigitaldeasturias.com\\\/noticias\\\/wp-content\\\/uploads\\\/2026\\\/06\\\/Contenidos.jpg\",\"@id\":\"https:\\\/\\\/www.eldigitaldeasturias.com\\\/noticias\\\/fernandez-diaz-contrario-a-la-reubicacion-de-inmigrantes-irregulares\\\/#mainImage\",\"width\":1265,\"height\":697,\"caption\":\"Contenidos\"},\"primaryImageOfPage\":{\"@id\":\"https:\\\/\\\/www.eldigitaldeasturias.com\\\/noticias\\\/fernandez-diaz-contrario-a-la-reubicacion-de-inmigrantes-irregulares\\\/#mainImage\"},\"datePublished\":\"2014-01-24T20:52:50+01:00\",\"dateModified\":\"2014-01-24T20:52:50+01:00\"},{\"@type\":\"WebSite\",\"@id\":\"https:\\\/\\\/www.eldigitaldeasturias.com\\\/noticias\\\/#website\",\"url\":\"https:\\\/\\\/www.eldigitaldeasturias.com\\\/noticias\\\/\",\"name\":\"El Digital de Asturias - Diario de actualidad y noticias\",\"alternateName\":\"El Digital de Asturias - Diario de actualidad y noticias\",\"description\":\"Hemeroteca\",\"inLanguage\":\"es-ES\",\"publisher\":{\"@id\":\"https:\\\/\\\/www.eldigitaldeasturias.com\\\/noticias\\\/#organization\"}}]}\n\t\t<\/script>\n\t\t<!-- All in One SEO Pro -->\r\n\t\t<title>Fern\u00e1ndez D\u00edaz contrario a la reubicaci\u00f3n de inmigrantes irregulares - El Digital de Asturias<\/title>\n\n","aioseo_head_json":{"title":"Fern\u00e1ndez D\u00edaz contrario a la reubicaci\u00f3n de inmigrantes irregulares - El Digital de Asturias","description":"Atenas, 24 ene (EFE).- El ministro espa\u00f1ol del Interior, Jorge Fern\u00e1ndez D\u00edaz, se mostr\u00f3 hoy contrario a la propuesta de la presidencia griega de la Uni\u00f3n Europea de hacer un reparto m\u00e1s equitativo de los inmigrantes irregulares entre los pa\u00edses miembros, pues considera que el problema debe resolverse sobre todo en origen. \"La reubicaci\u00f3n es","canonical_url":"https:\/\/www.eldigitaldeasturias.com\/noticias\/fernandez-diaz-contrario-a-la-reubicacion-de-inmigrantes-irregulares\/","robots":"max-image-preview:large","keywords":"actualidad","webmasterTools":{"google-site-verification":"UA-38556648-1","msvalidate.01":"7dfe9f3f1b24437ab69f4f2559babe99","miscellaneous":""},"schema":{"@context":"https:\/\/schema.org","@graph":[{"@type":"BlogPosting","@id":"https:\/\/www.eldigitaldeasturias.com\/noticias\/fernandez-diaz-contrario-a-la-reubicacion-de-inmigrantes-irregulares\/#blogposting","name":"Fern\u00e1ndez D\u00edaz contrario a la reubicaci\u00f3n de inmigrantes irregulares - El Digital de Asturias","headline":"Fern\u00e1ndez D\u00edaz contrario a la reubicaci\u00f3n de inmigrantes irregulares","author":{"@id":"https:\/\/www.eldigitaldeasturias.com\/noticias\/author\/admin\/#author"},"publisher":{"@id":"https:\/\/www.eldigitaldeasturias.com\/noticias\/#organization"},"image":{"@type":"ImageObject","url":"https:\/\/www.eldigitaldeasturias.com\/noticias\/wp-content\/uploads\/2026\/06\/Contenidos.jpg","width":1265,"height":697,"caption":"Contenidos"},"datePublished":"2014-01-24T20:52:50+01:00","dateModified":"2014-01-24T20:52:50+01:00","inLanguage":"es-ES","mainEntityOfPage":{"@id":"https:\/\/www.eldigitaldeasturias.com\/noticias\/fernandez-diaz-contrario-a-la-reubicacion-de-inmigrantes-irregulares\/#webpage"},"isPartOf":{"@id":"https:\/\/www.eldigitaldeasturias.com\/noticias\/fernandez-diaz-contrario-a-la-reubicacion-de-inmigrantes-irregulares\/#webpage"},"articleSection":"Actualidad"},{"@type":"BreadcrumbList","@id":"https:\/\/www.eldigitaldeasturias.com\/noticias\/fernandez-diaz-contrario-a-la-reubicacion-de-inmigrantes-irregulares\/#breadcrumblist","itemListElement":[{"@type":"ListItem","@id":"https:\/\/www.eldigitaldeasturias.com\/noticias#listItem","position":1,"name":"Home","item":"https:\/\/www.eldigitaldeasturias.com\/noticias","nextItem":{"@type":"ListItem","@id":"https:\/\/www.eldigitaldeasturias.com\/noticias\/category\/actualidad\/#listItem","name":"Actualidad"}},{"@type":"ListItem","@id":"https:\/\/www.eldigitaldeasturias.com\/noticias\/category\/actualidad\/#listItem","position":2,"name":"Actualidad","item":"https:\/\/www.eldigitaldeasturias.com\/noticias\/category\/actualidad\/","nextItem":{"@type":"ListItem","@id":"https:\/\/www.eldigitaldeasturias.com\/noticias\/fernandez-diaz-contrario-a-la-reubicacion-de-inmigrantes-irregulares\/#listItem","name":"Fern\u00e1ndez D\u00edaz contrario a la reubicaci\u00f3n de inmigrantes irregulares"},"previousItem":{"@type":"ListItem","@id":"https:\/\/www.eldigitaldeasturias.com\/noticias#listItem","name":"Home"}},{"@type":"ListItem","@id":"https:\/\/www.eldigitaldeasturias.com\/noticias\/fernandez-diaz-contrario-a-la-reubicacion-de-inmigrantes-irregulares\/#listItem","position":3,"name":"Fern\u00e1ndez D\u00edaz contrario a la reubicaci\u00f3n de inmigrantes irregulares","previousItem":{"@type":"ListItem","@id":"https:\/\/www.eldigitaldeasturias.com\/noticias\/category\/actualidad\/#listItem","name":"Actualidad"}}]},{"@type":"Organization","@id":"https:\/\/www.eldigitaldeasturias.com\/noticias\/#organization","name":"El Digital de Asturias","description":"Hemeroteca","url":"https:\/\/www.eldigitaldeasturias.com\/noticias\/","email":"info@eldigitaldeasturias.com","telephone":"+34652131393","logo":{"@type":"ImageObject","url":"https:\/\/www.eldigitaldeasturias.com\/noticias\/wp-content\/uploads\/2020\/12\/EDA.jpg","@id":"https:\/\/www.eldigitaldeasturias.com\/noticias\/fernandez-diaz-contrario-a-la-reubicacion-de-inmigrantes-irregulares\/#organizationLogo"},"image":{"@id":"https:\/\/www.eldigitaldeasturias.com\/noticias\/fernandez-diaz-contrario-a-la-reubicacion-de-inmigrantes-irregulares\/#organizationLogo"},"sameAs":["https:\/\/facebook.com\/eldigitaldeasturias","https:\/\/www.youtube.com\/channel\/UCZP-2wLEB9Rv6erhFmqVnvg"],"address":{"@id":"https:\/\/www.eldigitaldeasturias.com\/noticias\/#postaladdress","@type":"PostalAddress","streetAddress":"san antonio 4","postalCode":"33430","addressLocality":"Cand\u00e1s","addressRegion":"Asturias","addressCountry":"ES"}},{"@type":"Person","@id":"https:\/\/www.eldigitaldeasturias.com\/noticias\/author\/admin\/#author","url":"https:\/\/www.eldigitaldeasturias.com\/noticias\/author\/admin\/","name":"El Digital de Asturias","image":{"@type":"ImageObject","@id":"https:\/\/www.eldigitaldeasturias.com\/noticias\/fernandez-diaz-contrario-a-la-reubicacion-de-inmigrantes-irregulares\/#authorImage","url":"https:\/\/secure.gravatar.com\/avatar\/df2aeffc32bcd13f8d26072ef8a91b623d677766deac7f97ca815868cd41bf5e?s=96&d=mm&r=g","width":96,"height":96,"caption":"El Digital de Asturias"}},{"@type":"WebPage","@id":"https:\/\/www.eldigitaldeasturias.com\/noticias\/fernandez-diaz-contrario-a-la-reubicacion-de-inmigrantes-irregulares\/#webpage","url":"https:\/\/www.eldigitaldeasturias.com\/noticias\/fernandez-diaz-contrario-a-la-reubicacion-de-inmigrantes-irregulares\/","name":"Fern\u00e1ndez D\u00edaz contrario a la reubicaci\u00f3n de inmigrantes irregulares - El Digital de Asturias","description":"Atenas, 24 ene (EFE).- El ministro espa\u00f1ol del Interior, Jorge Fern\u00e1ndez D\u00edaz, se mostr\u00f3 hoy contrario a la propuesta de la presidencia griega de la Uni\u00f3n Europea de hacer un reparto m\u00e1s equitativo de los inmigrantes irregulares entre los pa\u00edses miembros, pues considera que el problema debe resolverse sobre todo en origen. \"La reubicaci\u00f3n es","inLanguage":"es-ES","isPartOf":{"@id":"https:\/\/www.eldigitaldeasturias.com\/noticias\/#website"},"breadcrumb":{"@id":"https:\/\/www.eldigitaldeasturias.com\/noticias\/fernandez-diaz-contrario-a-la-reubicacion-de-inmigrantes-irregulares\/#breadcrumblist"},"author":{"@id":"https:\/\/www.eldigitaldeasturias.com\/noticias\/author\/admin\/#author"},"creator":{"@id":"https:\/\/www.eldigitaldeasturias.com\/noticias\/author\/admin\/#author"},"image":{"@type":"ImageObject","url":"https:\/\/www.eldigitaldeasturias.com\/noticias\/wp-content\/uploads\/2026\/06\/Contenidos.jpg","@id":"https:\/\/www.eldigitaldeasturias.com\/noticias\/fernandez-diaz-contrario-a-la-reubicacion-de-inmigrantes-irregulares\/#mainImage","width":1265,"height":697,"caption":"Contenidos"},"primaryImageOfPage":{"@id":"https:\/\/www.eldigitaldeasturias.com\/noticias\/fernandez-diaz-contrario-a-la-reubicacion-de-inmigrantes-irregulares\/#mainImage"},"datePublished":"2014-01-24T20:52:50+01:00","dateModified":"2014-01-24T20:52:50+01:00"},{"@type":"WebSite","@id":"https:\/\/www.eldigitaldeasturias.com\/noticias\/#website","url":"https:\/\/www.eldigitaldeasturias.com\/noticias\/","name":"El Digital de Asturias - Diario de actualidad y noticias","alternateName":"El Digital de Asturias - Diario de actualidad y noticias","description":"Hemeroteca","inLanguage":"es-ES","publisher":{"@id":"https:\/\/www.eldigitaldeasturias.com\/noticias\/#organization"}}]},"og:locale":"es_ES","og:site_name":"El Digital de Asturias","og:type":"article","og:title":"Fern\u00e1ndez D\u00edaz contrario a la reubicaci\u00f3n de inmigrantes irregulares - El Digital de Asturias","og:description":"Atenas, 24 ene (EFE).- El ministro espa\u00f1ol del Interior, Jorge Fern\u00e1ndez D\u00edaz, se mostr\u00f3 hoy contrario a la propuesta de la presidencia griega de la Uni\u00f3n Europea de hacer un reparto m\u00e1s equitativo de los inmigrantes irregulares entre los pa\u00edses miembros, pues considera que el problema debe resolverse sobre todo en origen. &quot;La reubicaci\u00f3n es","og:url":"https:\/\/www.eldigitaldeasturias.com\/noticias\/fernandez-diaz-contrario-a-la-reubicacion-de-inmigrantes-irregulares\/","og:image":"https:\/\/www.eldigitaldeasturias.com\/noticias\/wp-content\/uploads\/2026\/06\/Contenidos.jpg","og:image:secure_url":"https:\/\/www.eldigitaldeasturias.com\/noticias\/wp-content\/uploads\/2026\/06\/Contenidos.jpg","og:image:width":1265,"og:image:height":697,"article:tag":["actualidad"],"article:published_time":"2014-01-24T21:52:50+00:00","article:modified_time":"2014-01-24T21:52:50+00:00","article:publisher":"https:\/\/facebook.com\/eldigitaldeasturias","twitter:card":"summary_large_image","twitter:title":"Fern\u00e1ndez D\u00edaz contrario a la reubicaci\u00f3n de inmigrantes irregulares - El Digital de Asturias","twitter:description":"Atenas, 24 ene (EFE).- El ministro espa\u00f1ol del Interior, Jorge Fern\u00e1ndez D\u00edaz, se mostr\u00f3 hoy contrario a la propuesta de la presidencia griega de la Uni\u00f3n Europea de hacer un reparto m\u00e1s equitativo de los inmigrantes irregulares entre los pa\u00edses miembros, pues considera que el problema debe resolverse sobre todo en origen. &quot;La reubicaci\u00f3n es","twitter:image":"https:\/\/www.eldigitaldeasturias.com\/noticias\/wp-content\/uploads\/2026\/06\/Contenidos.jpg","twitter:label1":"Escrito por","twitter:data1":"El Digital de Asturias","twitter:label2":"Tiempo de lectura estimado","twitter:data2":"2 minutos"},"aioseo_meta_data":{"post_id":"478354","title":null,"description":null,"keywords":null,"keyphrases":null,"primary_term":null,"canonical_url":null,"og_title":null,"og_description":null,"og_object_type":"default","og_image_type":"default","og_image_url":null,"og_image_width":null,"og_image_height":null,"og_image_custom_url":null,"og_image_custom_fields":null,"og_video":null,"og_custom_url":null,"og_article_section":null,"og_article_tags":null,"twitter_use_og":true,"twitter_card":"default","twitter_image_type":"default","twitter_image_url":null,"twitter_image_custom_url":null,"twitter_image_custom_fields":null,"twitter_title":null,"twitter_description":null,"schema":{"blockGraphs":[],"customGraphs":[],"default":{"data":{"Article":[],"Course":[],"Dataset":[],"FAQPage":[],"Movie":[],"Person":[],"Product":[],"ProductReview":[],"Car":[],"Recipe":[],"Service":[],"SoftwareApplication":[],"WebPage":[]},"graphName":"","isEnabled":true},"graphs":[],"defaultGraph":"","defaultPostTypeGraph":""},"schema_type":null,"schema_type_options":null,"pillar_content":false,"robots_default":true,"robots_noindex":false,"robots_noarchive":false,"robots_nosnippet":false,"robots_nofollow":false,"robots_noimageindex":false,"robots_noodp":false,"robots_notranslate":false,"robots_max_snippet":null,"robots_max_videopreview":null,"robots_max_imagepreview":"none","priority":null,"frequency":null,"local_seo":null,"seo_analyzer_scan_date":"2026-06-01 21:14:49","breadcrumb_settings":null,"limit_modified_date":false,"open_ai":null,"ai":null,"created":"2020-11-14 22:53:55","updated":"2026-06-01 21:14:49","focus_keyword":null,"additional_keywords":null,"truseo_locale":null},"aioseo_breadcrumb":"<div class=\"aioseo-breadcrumbs\"><span class=\"aioseo-breadcrumb\">\n\t<a href=\"https:\/\/www.eldigitaldeasturias.com\/noticias\" title=\"Home\">Home<\/a>\n<\/span><span class=\"aioseo-breadcrumb-separator\">\u2013<\/span><span class=\"aioseo-breadcrumb\">\n\t<a href=\"https:\/\/www.eldigitaldeasturias.com\/noticias\/category\/actualidad\/\" title=\"Actualidad\">Actualidad<\/a>\n<\/span><span class=\"aioseo-breadcrumb-separator\">\u2013<\/span><span class=\"aioseo-breadcrumb\">\n\t<a href=\"https:\/\/www.eldigitaldeasturias.com\/noticias\/fernandez-diaz-contrario-a-la-reubicacion-de-inmigrantes-irregulares\/\" title=\"Fern\u00e1ndez D\u00edaz contrario a la reubicaci\u00f3n de inmigrantes irregulares\">Fern\u00e1ndez D\u00edaz contrario a la reubicaci\u00f3n de inmigrantes irregulares<\/a>\n<\/span><\/div>","aioseo_breadcrumb_json":[{"label":"Home","link":"https:\/\/www.eldigitaldeasturias.com\/noticias"},{"label":"Actualidad","link":"https:\/\/www.eldigitaldeasturias.com\/noticias\/category\/actualidad\/"},{"label":"Fern\u00e1ndez D\u00edaz contrario a la reubicaci\u00f3n de inmigrantes irregulares","link":"https:\/\/www.eldigitaldeasturias.com\/noticias\/fernandez-diaz-contrario-a-la-reubicacion-de-inmigrantes-irregulares\/"}],"_links":{"self":[{"href":"https:\/\/www.eldigitaldeasturias.com\/noticias\/wp-json\/wp\/v2\/posts\/478354","targetHints":{"allow":["GET"]}}],"collection":[{"href":"https:\/\/www.eldigitaldeasturias.com\/noticias\/wp-json\/wp\/v2\/posts"}],"about":[{"href":"https:\/\/www.eldigitaldeasturias.com\/noticias\/wp-json\/wp\/v2\/types\/post"}],"author":[{"embeddable":true,"href":"https:\/\/www.eldigitaldeasturias.com\/noticias\/wp-json\/wp\/v2\/users\/1"}],"replies":[{"embeddable":true,"href":"https:\/\/www.eldigitaldeasturias.com\/noticias\/wp-json\/wp\/v2\/comments?post=478354"}],"version-history":[{"count":0,"href":"https:\/\/www.eldigitaldeasturias.com\/noticias\/wp-json\/wp\/v2\/posts\/478354\/revisions"}],"wp:featuredmedia":[{"embeddable":true,"href":"https:\/\/www.eldigitaldeasturias.com\/noticias\/wp-json\/wp\/v2\/media\/1132184"}],"wp:attachment":[{"href":"https:\/\/www.eldigitaldeasturias.com\/noticias\/wp-json\/wp\/v2\/media?parent=478354"}],"wp:term":[{"taxonomy":"category","embeddable":true,"href":"https:\/\/www.eldigitaldeasturias.com\/noticias\/wp-json\/wp\/v2\/categories?post=478354"},{"taxonomy":"post_tag","embeddable":true,"href":"https:\/\/www.eldigitaldeasturias.com\/noticias\/wp-json\/wp\/v2\/tags?post=478354"}],"curies":[{"name":"wp","href":"https:\/\/api.w.org\/{rel}","templated":true}]}}