{"id":478350,"date":"2014-01-24T20:50:43","date_gmt":"2014-01-24T21:50:43","guid":{"rendered":"http:\/\/www.eldigitaldeasturias.com\/noticias\/?p=478350"},"modified":"2014-01-24T20:50:43","modified_gmt":"2014-01-24T21:50:43","slug":"el-gobierno-tiene-desde-hoy-un-mes-para-vetar-la-propuesta-de-la-consulta","status":"publish","type":"post","link":"https:\/\/www.eldigitaldeasturias.com\/noticias\/el-gobierno-tiene-desde-hoy-un-mes-para-vetar-la-propuesta-de-la-consulta\/","title":{"rendered":"El Gobierno tiene desde hoy un mes para vetar la propuesta de \u00abla consulta\u00bb"},"content":{"rendered":"<p><img loading=\"lazy\" decoding=\"async\" class=\"alignleft size-medium wp-image-478351\" alt=\"5873268w\" src=\"https:\/\/www.eldigitaldeasturias.com\/noticias\/wp-content\/uploads\/2014\/01\/5873268w-360x152.jpg\" width=\"360\" height=\"152\" \/>Madrid, 24 ene (EFE).- El Gobierno tiene desde hoy un mes para decidir si veta o no la proposici\u00f3n de ley del Parlamento de Catalu\u00f1a que pide que se delegue en la Generalitat la competencia para convocar la consulta independentista, despu\u00e9s de que la iniciativa se haya publicado hoy en el Bolet\u00edn de las Cortes.<\/p>\n<p>El pasado martes, la Mesa del Congreso dio el visto bueno a la tramitaci\u00f3n parlamentaria de la propuesta del Parlamento de Catalu\u00f1a, al ajustarse al Reglamento de la C\u00e1mara.<\/p>\n<p>Publicada la propuesta, el Ejecutivo tiene ahora treinta d\u00edas para mostrar su conformidad o no con la proposici\u00f3n, en el caso de que \u00e9sta implique \u00abaumento de los cr\u00e9ditos o disminuci\u00f3n de los ingresos presupuestarios\u00bb, seg\u00fan el art\u00edculo 126.2 del Reglamento.<\/p>\n<p>Se trata de una prerrogativa que los diferentes gobiernos han utilizado de forma excepcional, por lo que no se espera que en esta ocasi\u00f3n se oponga a la tramitaci\u00f3n.<\/p>\n<p>De hecho y para evitar ese hipot\u00e9tico veto del Gobierno, la Generalitat ya ha consignado una partida en los presupuestos de 2014 para financiar la consulta soberanista, anunciada para el 9 de noviembre.<\/p>\n<p>Transcurrido este mes sin que el Gobierno se haya opuesto expresamente a su tramitaci\u00f3n, la proposici\u00f3n quedar\u00e1 en condiciones de elevarse al pleno, aunque si no se retira ninguna de las proposiciones de otros parlamentos auton\u00f3micos pendientes de debate, la iniciativa no llegar\u00eda al pleno hasta junio o septiembre.<\/p>\n<p>Sin embargo, fuentes parlamentarias no descartan que se retiren algunas de estas proposiciones auton\u00f3micas -hay cinco en cola, una de ellas tambi\u00e9n de Catalu\u00f1a- para adelantar el debate de la consulta soberanista a esta primavera.<\/p>\n<p>No obstante, y para evitar retrasos, las tres formaciones del Congreso que apoyan la consulta -CiU, ICV y ERC- tienen un \u00abplan B\u00bb para forzar que la iniciativa se debata a finales de marzo, o como mucho en abril.<\/p>\n<p>Estos tres partidos presentar\u00e1n el pr\u00f3ximo 3 de febrero una proposici\u00f3n de ley en los mismos t\u00e9rminos que la aprobada por el Parlamento de Catalu\u00f1a y un segundo texto -tambi\u00e9n id\u00e9ntico- firmado por un m\u00ednimo de quince diputados, tal y como exige el Reglamento.<\/p>\n<p>Seg\u00fan estos grupos, la doble v\u00eda busca apurar todos los instrumentos parlamentarios a su alcance para conseguir que la proposici\u00f3n de ley sobre la consulta independentista se debata cuanto antes y eludir posibles \u00abmaniobras\u00bb dilatorias por parte del PP.<\/p>\n<p>En cualquier caso, y ya sea con la f\u00f3rmula de la proposici\u00f3n de ley del Parlamento de Catalu\u00f1a, con una proposici\u00f3n de los grupos nacionalistas o la presentada por quince diputados, la consulta independentista ser\u00e1 rechazada por cerca de un 85 por ciento del Congreso.<\/p>\n<p>Si no hay sorpresas, votar\u00e1n en contra los 185 diputados del PP, los 110 del PSOE -a expensas de lo que puedan hacer los diputados del PSC- y los cinco de UPyD, a los que habr\u00eda que sumar los diputados no nacionalistas del Grupo Mixto.<\/p>\n","protected":false},"excerpt":{"rendered":"<p>Madrid, 24 ene (EFE).- El Gobierno tiene desde hoy un mes para decidir si veta o no la proposici\u00f3n de ley del Parlamento de Catalu\u00f1a que pide que se delegue en la Generalitat la competencia para convocar la consulta independentista, despu\u00e9s de que la iniciativa se haya publicado hoy en el Bolet\u00edn de las Cortes. [&hellip;]<\/p>\n","protected":false},"author":1,"featured_media":1132184,"comment_status":"closed","ping_status":"open","sticky":false,"template":"","format":"standard","meta":{"footnotes":""},"categories":[1],"tags":[],"class_list":["post-478350","post","type-post","status-publish","format-standard","has-post-thumbnail","hentry","category-actualidad"],"aioseo_notices":[],"aioseo_head":"\n\t\t<!-- All in One SEO Pro 5.0.1 - aioseo.com -->\n\t<meta name=\"description\" content=\"Madrid, 24 ene (EFE).- El Gobierno tiene desde hoy un mes para decidir si veta o no la proposici\u00f3n de ley del Parlamento de Catalu\u00f1a que pide que se delegue en la Generalitat la competencia para convocar la consulta independentista, despu\u00e9s de que la iniciativa se haya publicado hoy en el Bolet\u00edn de las Cortes.\" \/>\n\t<meta name=\"robots\" content=\"max-image-preview:large\" \/>\n\t<meta name=\"author\" content=\"El Digital de Asturias\"\/>\n\t<meta name=\"google-site-verification\" content=\"UA-38556648-1\" \/>\n\t<meta name=\"msvalidate.01\" content=\"7dfe9f3f1b24437ab69f4f2559babe99\" \/>\n\t<meta name=\"keywords\" content=\"actualidad\" \/>\n\t<link rel=\"canonical\" href=\"https:\/\/www.eldigitaldeasturias.com\/noticias\/el-gobierno-tiene-desde-hoy-un-mes-para-vetar-la-propuesta-de-la-consulta\/\" \/>\n\t<meta name=\"generator\" content=\"All in One SEO Pro (AIOSEO) 5.0.1\" \/>\n\t\t<meta property=\"og:locale\" content=\"es_ES\" \/>\n\t\t<meta property=\"og:site_name\" content=\"El Digital de Asturias\" \/>\n\t\t<meta property=\"og:type\" content=\"article\" \/>\n\t\t<meta property=\"og:title\" content=\"El Gobierno tiene desde hoy un mes para vetar la propuesta de \u00abla consulta\u00bb - El Digital de Asturias\" \/>\n\t\t<meta property=\"og:description\" content=\"Madrid, 24 ene (EFE).- El Gobierno tiene desde hoy un mes para decidir si veta o no la proposici\u00f3n de ley del Parlamento de Catalu\u00f1a que pide que se delegue en la Generalitat la competencia para convocar la consulta independentista, despu\u00e9s de que la iniciativa se haya publicado hoy en el Bolet\u00edn de las Cortes.\" \/>\n\t\t<meta property=\"og:url\" content=\"https:\/\/www.eldigitaldeasturias.com\/noticias\/el-gobierno-tiene-desde-hoy-un-mes-para-vetar-la-propuesta-de-la-consulta\/\" \/>\n\t\t<meta property=\"og:image\" content=\"https:\/\/www.eldigitaldeasturias.com\/noticias\/wp-content\/uploads\/2026\/06\/Contenidos.jpg\" \/>\n\t\t<meta property=\"og:image:secure_url\" content=\"https:\/\/www.eldigitaldeasturias.com\/noticias\/wp-content\/uploads\/2026\/06\/Contenidos.jpg\" \/>\n\t\t<meta property=\"og:image:width\" content=\"1265\" \/>\n\t\t<meta property=\"og:image:height\" content=\"697\" \/>\n\t\t<meta property=\"article:tag\" content=\"actualidad\" \/>\n\t\t<meta property=\"article:published_time\" content=\"2014-01-24T21:50:43+00:00\" \/>\n\t\t<meta property=\"article:modified_time\" content=\"2014-01-24T21:50:43+00:00\" \/>\n\t\t<meta property=\"article:publisher\" content=\"https:\/\/facebook.com\/eldigitaldeasturias\" \/>\n\t\t<meta name=\"twitter:card\" content=\"summary_large_image\" \/>\n\t\t<meta name=\"twitter:title\" content=\"El Gobierno tiene desde hoy un mes para vetar la propuesta de \u00abla consulta\u00bb - El Digital de Asturias\" \/>\n\t\t<meta name=\"twitter:description\" content=\"Madrid, 24 ene (EFE).- El Gobierno tiene desde hoy un mes para decidir si veta o no la proposici\u00f3n de ley del Parlamento de Catalu\u00f1a que pide que se delegue en la Generalitat la competencia para convocar la consulta independentista, despu\u00e9s de que la iniciativa se haya publicado hoy en el Bolet\u00edn de las Cortes.\" \/>\n\t\t<meta name=\"twitter:image\" content=\"https:\/\/www.eldigitaldeasturias.com\/noticias\/wp-content\/uploads\/2026\/06\/Contenidos.jpg\" \/>\n\t\t<meta name=\"twitter:label1\" content=\"Escrito por\" \/>\n\t\t<meta name=\"twitter:data1\" content=\"El Digital de Asturias\" \/>\n\t\t<meta name=\"twitter:label2\" content=\"Tiempo de lectura estimado\" \/>\n\t\t<meta name=\"twitter:data2\" content=\"3 minutos\" \/>\n\t\t<script type=\"application\/ld+json\" class=\"aioseo-schema\">\n\t\t\t{\"@context\":\"https:\\\/\\\/schema.org\",\"@graph\":[{\"@type\":\"BlogPosting\",\"@id\":\"https:\\\/\\\/www.eldigitaldeasturias.com\\\/noticias\\\/el-gobierno-tiene-desde-hoy-un-mes-para-vetar-la-propuesta-de-la-consulta\\\/#blogposting\",\"name\":\"El Gobierno tiene desde hoy un mes para vetar la propuesta de \\u00abla consulta\\u00bb - El Digital de Asturias\",\"headline\":\"El Gobierno tiene desde hoy un mes para vetar la propuesta de \\u00abla consulta\\u00bb\",\"author\":{\"@id\":\"https:\\\/\\\/www.eldigitaldeasturias.com\\\/noticias\\\/author\\\/admin\\\/#author\"},\"publisher\":{\"@id\":\"https:\\\/\\\/www.eldigitaldeasturias.com\\\/noticias\\\/#organization\"},\"image\":{\"@type\":\"ImageObject\",\"url\":\"https:\\\/\\\/www.eldigitaldeasturias.com\\\/noticias\\\/wp-content\\\/uploads\\\/2026\\\/06\\\/Contenidos.jpg\",\"width\":1265,\"height\":697,\"caption\":\"Contenidos\"},\"datePublished\":\"2014-01-24T20:50:43+01:00\",\"dateModified\":\"2014-01-24T20:50:43+01:00\",\"inLanguage\":\"es-ES\",\"mainEntityOfPage\":{\"@id\":\"https:\\\/\\\/www.eldigitaldeasturias.com\\\/noticias\\\/el-gobierno-tiene-desde-hoy-un-mes-para-vetar-la-propuesta-de-la-consulta\\\/#webpage\"},\"isPartOf\":{\"@id\":\"https:\\\/\\\/www.eldigitaldeasturias.com\\\/noticias\\\/el-gobierno-tiene-desde-hoy-un-mes-para-vetar-la-propuesta-de-la-consulta\\\/#webpage\"},\"articleSection\":\"Actualidad\"},{\"@type\":\"BreadcrumbList\",\"@id\":\"https:\\\/\\\/www.eldigitaldeasturias.com\\\/noticias\\\/el-gobierno-tiene-desde-hoy-un-mes-para-vetar-la-propuesta-de-la-consulta\\\/#breadcrumblist\",\"itemListElement\":[{\"@type\":\"ListItem\",\"@id\":\"https:\\\/\\\/www.eldigitaldeasturias.com\\\/noticias#listItem\",\"position\":1,\"name\":\"Home\",\"item\":\"https:\\\/\\\/www.eldigitaldeasturias.com\\\/noticias\",\"nextItem\":{\"@type\":\"ListItem\",\"@id\":\"https:\\\/\\\/www.eldigitaldeasturias.com\\\/noticias\\\/category\\\/actualidad\\\/#listItem\",\"name\":\"Actualidad\"}},{\"@type\":\"ListItem\",\"@id\":\"https:\\\/\\\/www.eldigitaldeasturias.com\\\/noticias\\\/category\\\/actualidad\\\/#listItem\",\"position\":2,\"name\":\"Actualidad\",\"item\":\"https:\\\/\\\/www.eldigitaldeasturias.com\\\/noticias\\\/category\\\/actualidad\\\/\",\"nextItem\":{\"@type\":\"ListItem\",\"@id\":\"https:\\\/\\\/www.eldigitaldeasturias.com\\\/noticias\\\/el-gobierno-tiene-desde-hoy-un-mes-para-vetar-la-propuesta-de-la-consulta\\\/#listItem\",\"name\":\"El Gobierno tiene desde hoy un mes para vetar la propuesta de \\u00abla consulta\\u00bb\"},\"previousItem\":{\"@type\":\"ListItem\",\"@id\":\"https:\\\/\\\/www.eldigitaldeasturias.com\\\/noticias#listItem\",\"name\":\"Home\"}},{\"@type\":\"ListItem\",\"@id\":\"https:\\\/\\\/www.eldigitaldeasturias.com\\\/noticias\\\/el-gobierno-tiene-desde-hoy-un-mes-para-vetar-la-propuesta-de-la-consulta\\\/#listItem\",\"position\":3,\"name\":\"El Gobierno tiene desde hoy un mes para vetar la propuesta de \\u00abla consulta\\u00bb\",\"previousItem\":{\"@type\":\"ListItem\",\"@id\":\"https:\\\/\\\/www.eldigitaldeasturias.com\\\/noticias\\\/category\\\/actualidad\\\/#listItem\",\"name\":\"Actualidad\"}}]},{\"@type\":\"Organization\",\"@id\":\"https:\\\/\\\/www.eldigitaldeasturias.com\\\/noticias\\\/#organization\",\"name\":\"El Digital de Asturias\",\"description\":\"Hemeroteca\",\"url\":\"https:\\\/\\\/www.eldigitaldeasturias.com\\\/noticias\\\/\",\"email\":\"info@eldigitaldeasturias.com\",\"telephone\":\"+34652131393\",\"logo\":{\"@type\":\"ImageObject\",\"url\":\"https:\\\/\\\/www.eldigitaldeasturias.com\\\/noticias\\\/wp-content\\\/uploads\\\/2020\\\/12\\\/EDA.jpg\",\"@id\":\"https:\\\/\\\/www.eldigitaldeasturias.com\\\/noticias\\\/el-gobierno-tiene-desde-hoy-un-mes-para-vetar-la-propuesta-de-la-consulta\\\/#organizationLogo\"},\"image\":{\"@id\":\"https:\\\/\\\/www.eldigitaldeasturias.com\\\/noticias\\\/el-gobierno-tiene-desde-hoy-un-mes-para-vetar-la-propuesta-de-la-consulta\\\/#organizationLogo\"},\"sameAs\":[\"https:\\\/\\\/facebook.com\\\/eldigitaldeasturias\",\"https:\\\/\\\/www.youtube.com\\\/channel\\\/UCZP-2wLEB9Rv6erhFmqVnvg\"],\"address\":{\"@id\":\"https:\\\/\\\/www.eldigitaldeasturias.com\\\/noticias\\\/#postaladdress\",\"@type\":\"PostalAddress\",\"streetAddress\":\"san antonio 4\",\"postalCode\":\"33430\",\"addressLocality\":\"Cand\\u00e1s\",\"addressRegion\":\"Asturias\",\"addressCountry\":\"ES\"}},{\"@type\":\"Person\",\"@id\":\"https:\\\/\\\/www.eldigitaldeasturias.com\\\/noticias\\\/author\\\/admin\\\/#author\",\"url\":\"https:\\\/\\\/www.eldigitaldeasturias.com\\\/noticias\\\/author\\\/admin\\\/\",\"name\":\"El Digital de Asturias\",\"image\":{\"@type\":\"ImageObject\",\"@id\":\"https:\\\/\\\/www.eldigitaldeasturias.com\\\/noticias\\\/el-gobierno-tiene-desde-hoy-un-mes-para-vetar-la-propuesta-de-la-consulta\\\/#authorImage\",\"url\":\"https:\\\/\\\/secure.gravatar.com\\\/avatar\\\/df2aeffc32bcd13f8d26072ef8a91b623d677766deac7f97ca815868cd41bf5e?s=96&d=mm&r=g\",\"width\":96,\"height\":96,\"caption\":\"El Digital de Asturias\"}},{\"@type\":\"WebPage\",\"@id\":\"https:\\\/\\\/www.eldigitaldeasturias.com\\\/noticias\\\/el-gobierno-tiene-desde-hoy-un-mes-para-vetar-la-propuesta-de-la-consulta\\\/#webpage\",\"url\":\"https:\\\/\\\/www.eldigitaldeasturias.com\\\/noticias\\\/el-gobierno-tiene-desde-hoy-un-mes-para-vetar-la-propuesta-de-la-consulta\\\/\",\"name\":\"El Gobierno tiene desde hoy un mes para vetar la propuesta de \\u00abla consulta\\u00bb - El Digital de Asturias\",\"description\":\"Madrid, 24 ene (EFE).- El Gobierno tiene desde hoy un mes para decidir si veta o no la proposici\\u00f3n de ley del Parlamento de Catalu\\u00f1a que pide que se delegue en la Generalitat la competencia para convocar la consulta independentista, despu\\u00e9s de que la iniciativa se haya publicado hoy en el Bolet\\u00edn de las Cortes.\",\"inLanguage\":\"es-ES\",\"isPartOf\":{\"@id\":\"https:\\\/\\\/www.eldigitaldeasturias.com\\\/noticias\\\/#website\"},\"breadcrumb\":{\"@id\":\"https:\\\/\\\/www.eldigitaldeasturias.com\\\/noticias\\\/el-gobierno-tiene-desde-hoy-un-mes-para-vetar-la-propuesta-de-la-consulta\\\/#breadcrumblist\"},\"author\":{\"@id\":\"https:\\\/\\\/www.eldigitaldeasturias.com\\\/noticias\\\/author\\\/admin\\\/#author\"},\"creator\":{\"@id\":\"https:\\\/\\\/www.eldigitaldeasturias.com\\\/noticias\\\/author\\\/admin\\\/#author\"},\"image\":{\"@type\":\"ImageObject\",\"url\":\"https:\\\/\\\/www.eldigitaldeasturias.com\\\/noticias\\\/wp-content\\\/uploads\\\/2026\\\/06\\\/Contenidos.jpg\",\"@id\":\"https:\\\/\\\/www.eldigitaldeasturias.com\\\/noticias\\\/el-gobierno-tiene-desde-hoy-un-mes-para-vetar-la-propuesta-de-la-consulta\\\/#mainImage\",\"width\":1265,\"height\":697,\"caption\":\"Contenidos\"},\"primaryImageOfPage\":{\"@id\":\"https:\\\/\\\/www.eldigitaldeasturias.com\\\/noticias\\\/el-gobierno-tiene-desde-hoy-un-mes-para-vetar-la-propuesta-de-la-consulta\\\/#mainImage\"},\"datePublished\":\"2014-01-24T20:50:43+01:00\",\"dateModified\":\"2014-01-24T20:50:43+01:00\"},{\"@type\":\"WebSite\",\"@id\":\"https:\\\/\\\/www.eldigitaldeasturias.com\\\/noticias\\\/#website\",\"url\":\"https:\\\/\\\/www.eldigitaldeasturias.com\\\/noticias\\\/\",\"name\":\"El Digital de Asturias - Diario de actualidad y noticias\",\"alternateName\":\"El Digital de Asturias - Diario de actualidad y noticias\",\"description\":\"Hemeroteca\",\"inLanguage\":\"es-ES\",\"publisher\":{\"@id\":\"https:\\\/\\\/www.eldigitaldeasturias.com\\\/noticias\\\/#organization\"}}]}\n\t\t<\/script>\n\t\t<!-- All in One SEO Pro -->\r\n\t\t<title>El Gobierno tiene desde hoy un mes para vetar la propuesta de \u00abla consulta\u00bb - El Digital de Asturias<\/title>\n\n","aioseo_head_json":{"title":"El Gobierno tiene desde hoy un mes para vetar la propuesta de \u00abla consulta\u00bb - El Digital de Asturias","description":"Madrid, 24 ene (EFE).- El Gobierno tiene desde hoy un mes para decidir si veta o no la proposici\u00f3n de ley del Parlamento de Catalu\u00f1a que pide que se delegue en la Generalitat la competencia para convocar la consulta independentista, despu\u00e9s de que la iniciativa se haya publicado hoy en el Bolet\u00edn de las Cortes.","canonical_url":"https:\/\/www.eldigitaldeasturias.com\/noticias\/el-gobierno-tiene-desde-hoy-un-mes-para-vetar-la-propuesta-de-la-consulta\/","robots":"max-image-preview:large","keywords":"actualidad","webmasterTools":{"google-site-verification":"UA-38556648-1","msvalidate.01":"7dfe9f3f1b24437ab69f4f2559babe99","miscellaneous":""},"schema":{"@context":"https:\/\/schema.org","@graph":[{"@type":"BlogPosting","@id":"https:\/\/www.eldigitaldeasturias.com\/noticias\/el-gobierno-tiene-desde-hoy-un-mes-para-vetar-la-propuesta-de-la-consulta\/#blogposting","name":"El Gobierno tiene desde hoy un mes para vetar la propuesta de \u00abla consulta\u00bb - El Digital de Asturias","headline":"El Gobierno tiene desde hoy un mes para vetar la propuesta de \u00abla consulta\u00bb","author":{"@id":"https:\/\/www.eldigitaldeasturias.com\/noticias\/author\/admin\/#author"},"publisher":{"@id":"https:\/\/www.eldigitaldeasturias.com\/noticias\/#organization"},"image":{"@type":"ImageObject","url":"https:\/\/www.eldigitaldeasturias.com\/noticias\/wp-content\/uploads\/2026\/06\/Contenidos.jpg","width":1265,"height":697,"caption":"Contenidos"},"datePublished":"2014-01-24T20:50:43+01:00","dateModified":"2014-01-24T20:50:43+01:00","inLanguage":"es-ES","mainEntityOfPage":{"@id":"https:\/\/www.eldigitaldeasturias.com\/noticias\/el-gobierno-tiene-desde-hoy-un-mes-para-vetar-la-propuesta-de-la-consulta\/#webpage"},"isPartOf":{"@id":"https:\/\/www.eldigitaldeasturias.com\/noticias\/el-gobierno-tiene-desde-hoy-un-mes-para-vetar-la-propuesta-de-la-consulta\/#webpage"},"articleSection":"Actualidad"},{"@type":"BreadcrumbList","@id":"https:\/\/www.eldigitaldeasturias.com\/noticias\/el-gobierno-tiene-desde-hoy-un-mes-para-vetar-la-propuesta-de-la-consulta\/#breadcrumblist","itemListElement":[{"@type":"ListItem","@id":"https:\/\/www.eldigitaldeasturias.com\/noticias#listItem","position":1,"name":"Home","item":"https:\/\/www.eldigitaldeasturias.com\/noticias","nextItem":{"@type":"ListItem","@id":"https:\/\/www.eldigitaldeasturias.com\/noticias\/category\/actualidad\/#listItem","name":"Actualidad"}},{"@type":"ListItem","@id":"https:\/\/www.eldigitaldeasturias.com\/noticias\/category\/actualidad\/#listItem","position":2,"name":"Actualidad","item":"https:\/\/www.eldigitaldeasturias.com\/noticias\/category\/actualidad\/","nextItem":{"@type":"ListItem","@id":"https:\/\/www.eldigitaldeasturias.com\/noticias\/el-gobierno-tiene-desde-hoy-un-mes-para-vetar-la-propuesta-de-la-consulta\/#listItem","name":"El Gobierno tiene desde hoy un mes para vetar la propuesta de \u00abla consulta\u00bb"},"previousItem":{"@type":"ListItem","@id":"https:\/\/www.eldigitaldeasturias.com\/noticias#listItem","name":"Home"}},{"@type":"ListItem","@id":"https:\/\/www.eldigitaldeasturias.com\/noticias\/el-gobierno-tiene-desde-hoy-un-mes-para-vetar-la-propuesta-de-la-consulta\/#listItem","position":3,"name":"El Gobierno tiene desde hoy un mes para vetar la propuesta de \u00abla consulta\u00bb","previousItem":{"@type":"ListItem","@id":"https:\/\/www.eldigitaldeasturias.com\/noticias\/category\/actualidad\/#listItem","name":"Actualidad"}}]},{"@type":"Organization","@id":"https:\/\/www.eldigitaldeasturias.com\/noticias\/#organization","name":"El Digital de Asturias","description":"Hemeroteca","url":"https:\/\/www.eldigitaldeasturias.com\/noticias\/","email":"info@eldigitaldeasturias.com","telephone":"+34652131393","logo":{"@type":"ImageObject","url":"https:\/\/www.eldigitaldeasturias.com\/noticias\/wp-content\/uploads\/2020\/12\/EDA.jpg","@id":"https:\/\/www.eldigitaldeasturias.com\/noticias\/el-gobierno-tiene-desde-hoy-un-mes-para-vetar-la-propuesta-de-la-consulta\/#organizationLogo"},"image":{"@id":"https:\/\/www.eldigitaldeasturias.com\/noticias\/el-gobierno-tiene-desde-hoy-un-mes-para-vetar-la-propuesta-de-la-consulta\/#organizationLogo"},"sameAs":["https:\/\/facebook.com\/eldigitaldeasturias","https:\/\/www.youtube.com\/channel\/UCZP-2wLEB9Rv6erhFmqVnvg"],"address":{"@id":"https:\/\/www.eldigitaldeasturias.com\/noticias\/#postaladdress","@type":"PostalAddress","streetAddress":"san antonio 4","postalCode":"33430","addressLocality":"Cand\u00e1s","addressRegion":"Asturias","addressCountry":"ES"}},{"@type":"Person","@id":"https:\/\/www.eldigitaldeasturias.com\/noticias\/author\/admin\/#author","url":"https:\/\/www.eldigitaldeasturias.com\/noticias\/author\/admin\/","name":"El Digital de Asturias","image":{"@type":"ImageObject","@id":"https:\/\/www.eldigitaldeasturias.com\/noticias\/el-gobierno-tiene-desde-hoy-un-mes-para-vetar-la-propuesta-de-la-consulta\/#authorImage","url":"https:\/\/secure.gravatar.com\/avatar\/df2aeffc32bcd13f8d26072ef8a91b623d677766deac7f97ca815868cd41bf5e?s=96&d=mm&r=g","width":96,"height":96,"caption":"El Digital de Asturias"}},{"@type":"WebPage","@id":"https:\/\/www.eldigitaldeasturias.com\/noticias\/el-gobierno-tiene-desde-hoy-un-mes-para-vetar-la-propuesta-de-la-consulta\/#webpage","url":"https:\/\/www.eldigitaldeasturias.com\/noticias\/el-gobierno-tiene-desde-hoy-un-mes-para-vetar-la-propuesta-de-la-consulta\/","name":"El Gobierno tiene desde hoy un mes para vetar la propuesta de \u00abla consulta\u00bb - El Digital de Asturias","description":"Madrid, 24 ene (EFE).- El Gobierno tiene desde hoy un mes para decidir si veta o no la proposici\u00f3n de ley del Parlamento de Catalu\u00f1a que pide que se delegue en la Generalitat la competencia para convocar la consulta independentista, despu\u00e9s de que la iniciativa se haya publicado hoy en el Bolet\u00edn de las Cortes.","inLanguage":"es-ES","isPartOf":{"@id":"https:\/\/www.eldigitaldeasturias.com\/noticias\/#website"},"breadcrumb":{"@id":"https:\/\/www.eldigitaldeasturias.com\/noticias\/el-gobierno-tiene-desde-hoy-un-mes-para-vetar-la-propuesta-de-la-consulta\/#breadcrumblist"},"author":{"@id":"https:\/\/www.eldigitaldeasturias.com\/noticias\/author\/admin\/#author"},"creator":{"@id":"https:\/\/www.eldigitaldeasturias.com\/noticias\/author\/admin\/#author"},"image":{"@type":"ImageObject","url":"https:\/\/www.eldigitaldeasturias.com\/noticias\/wp-content\/uploads\/2026\/06\/Contenidos.jpg","@id":"https:\/\/www.eldigitaldeasturias.com\/noticias\/el-gobierno-tiene-desde-hoy-un-mes-para-vetar-la-propuesta-de-la-consulta\/#mainImage","width":1265,"height":697,"caption":"Contenidos"},"primaryImageOfPage":{"@id":"https:\/\/www.eldigitaldeasturias.com\/noticias\/el-gobierno-tiene-desde-hoy-un-mes-para-vetar-la-propuesta-de-la-consulta\/#mainImage"},"datePublished":"2014-01-24T20:50:43+01:00","dateModified":"2014-01-24T20:50:43+01:00"},{"@type":"WebSite","@id":"https:\/\/www.eldigitaldeasturias.com\/noticias\/#website","url":"https:\/\/www.eldigitaldeasturias.com\/noticias\/","name":"El Digital de Asturias - Diario de actualidad y noticias","alternateName":"El Digital de Asturias - Diario de actualidad y noticias","description":"Hemeroteca","inLanguage":"es-ES","publisher":{"@id":"https:\/\/www.eldigitaldeasturias.com\/noticias\/#organization"}}]},"og:locale":"es_ES","og:site_name":"El Digital de Asturias","og:type":"article","og:title":"El Gobierno tiene desde hoy un mes para vetar la propuesta de \u00abla consulta\u00bb - El Digital de Asturias","og:description":"Madrid, 24 ene (EFE).- El Gobierno tiene desde hoy un mes para decidir si veta o no la proposici\u00f3n de ley del Parlamento de Catalu\u00f1a que pide que se delegue en la Generalitat la competencia para convocar la consulta independentista, despu\u00e9s de que la iniciativa se haya publicado hoy en el Bolet\u00edn de las Cortes.","og:url":"https:\/\/www.eldigitaldeasturias.com\/noticias\/el-gobierno-tiene-desde-hoy-un-mes-para-vetar-la-propuesta-de-la-consulta\/","og:image":"https:\/\/www.eldigitaldeasturias.com\/noticias\/wp-content\/uploads\/2026\/06\/Contenidos.jpg","og:image:secure_url":"https:\/\/www.eldigitaldeasturias.com\/noticias\/wp-content\/uploads\/2026\/06\/Contenidos.jpg","og:image:width":1265,"og:image:height":697,"article:tag":["actualidad"],"article:published_time":"2014-01-24T21:50:43+00:00","article:modified_time":"2014-01-24T21:50:43+00:00","article:publisher":"https:\/\/facebook.com\/eldigitaldeasturias","twitter:card":"summary_large_image","twitter:title":"El Gobierno tiene desde hoy un mes para vetar la propuesta de \u00abla consulta\u00bb - El Digital de Asturias","twitter:description":"Madrid, 24 ene (EFE).- El Gobierno tiene desde hoy un mes para decidir si veta o no la proposici\u00f3n de ley del Parlamento de Catalu\u00f1a que pide que se delegue en la Generalitat la competencia para convocar la consulta independentista, despu\u00e9s de que la iniciativa se haya publicado hoy en el Bolet\u00edn de las Cortes.","twitter:image":"https:\/\/www.eldigitaldeasturias.com\/noticias\/wp-content\/uploads\/2026\/06\/Contenidos.jpg","twitter:label1":"Escrito por","twitter:data1":"El Digital de Asturias","twitter:label2":"Tiempo de lectura estimado","twitter:data2":"3 minutos"},"aioseo_meta_data":{"post_id":"478350","title":null,"description":null,"keywords":null,"keyphrases":null,"primary_term":null,"canonical_url":null,"og_title":null,"og_description":null,"og_object_type":"default","og_image_type":"default","og_image_url":null,"og_image_width":null,"og_image_height":null,"og_image_custom_url":null,"og_image_custom_fields":null,"og_video":null,"og_custom_url":null,"og_article_section":null,"og_article_tags":null,"twitter_use_og":true,"twitter_card":"default","twitter_image_type":"default","twitter_image_url":null,"twitter_image_custom_url":null,"twitter_image_custom_fields":null,"twitter_title":null,"twitter_description":null,"schema":{"blockGraphs":[],"customGraphs":[],"default":{"data":{"Article":[],"Course":[],"Dataset":[],"FAQPage":[],"Movie":[],"Person":[],"Product":[],"ProductReview":[],"Car":[],"Recipe":[],"Service":[],"SoftwareApplication":[],"WebPage":[]},"graphName":"","isEnabled":true},"graphs":[],"defaultGraph":"","defaultPostTypeGraph":""},"schema_type":null,"schema_type_options":null,"pillar_content":false,"robots_default":true,"robots_noindex":false,"robots_noarchive":false,"robots_nosnippet":false,"robots_nofollow":false,"robots_noimageindex":false,"robots_noodp":false,"robots_notranslate":false,"robots_max_snippet":null,"robots_max_videopreview":null,"robots_max_imagepreview":"none","priority":null,"frequency":null,"local_seo":null,"seo_analyzer_scan_date":"2026-06-01 21:14:48","breadcrumb_settings":null,"limit_modified_date":false,"open_ai":null,"ai":null,"created":"2020-11-14 22:53:55","updated":"2026-06-01 21:14:48","focus_keyword":null,"additional_keywords":null,"truseo_locale":null},"aioseo_breadcrumb":"<div class=\"aioseo-breadcrumbs\"><span class=\"aioseo-breadcrumb\">\n\t<a href=\"https:\/\/www.eldigitaldeasturias.com\/noticias\" title=\"Home\">Home<\/a>\n<\/span><span class=\"aioseo-breadcrumb-separator\">\u2013<\/span><span class=\"aioseo-breadcrumb\">\n\t<a href=\"https:\/\/www.eldigitaldeasturias.com\/noticias\/category\/actualidad\/\" title=\"Actualidad\">Actualidad<\/a>\n<\/span><span class=\"aioseo-breadcrumb-separator\">\u2013<\/span><span class=\"aioseo-breadcrumb\">\n\t<a href=\"https:\/\/www.eldigitaldeasturias.com\/noticias\/el-gobierno-tiene-desde-hoy-un-mes-para-vetar-la-propuesta-de-la-consulta\/\" title=\"El Gobierno tiene desde hoy un mes para vetar la propuesta de \u00abla consulta\u00bb\">El Gobierno tiene desde hoy un mes para vetar la propuesta de \u00abla consulta\u00bb<\/a>\n<\/span><\/div>","aioseo_breadcrumb_json":[{"label":"Home","link":"https:\/\/www.eldigitaldeasturias.com\/noticias"},{"label":"Actualidad","link":"https:\/\/www.eldigitaldeasturias.com\/noticias\/category\/actualidad\/"},{"label":"El Gobierno tiene desde hoy un mes para vetar la propuesta de \u00abla consulta\u00bb","link":"https:\/\/www.eldigitaldeasturias.com\/noticias\/el-gobierno-tiene-desde-hoy-un-mes-para-vetar-la-propuesta-de-la-consulta\/"}],"_links":{"self":[{"href":"https:\/\/www.eldigitaldeasturias.com\/noticias\/wp-json\/wp\/v2\/posts\/478350","targetHints":{"allow":["GET"]}}],"collection":[{"href":"https:\/\/www.eldigitaldeasturias.com\/noticias\/wp-json\/wp\/v2\/posts"}],"about":[{"href":"https:\/\/www.eldigitaldeasturias.com\/noticias\/wp-json\/wp\/v2\/types\/post"}],"author":[{"embeddable":true,"href":"https:\/\/www.eldigitaldeasturias.com\/noticias\/wp-json\/wp\/v2\/users\/1"}],"replies":[{"embeddable":true,"href":"https:\/\/www.eldigitaldeasturias.com\/noticias\/wp-json\/wp\/v2\/comments?post=478350"}],"version-history":[{"count":0,"href":"https:\/\/www.eldigitaldeasturias.com\/noticias\/wp-json\/wp\/v2\/posts\/478350\/revisions"}],"wp:featuredmedia":[{"embeddable":true,"href":"https:\/\/www.eldigitaldeasturias.com\/noticias\/wp-json\/wp\/v2\/media\/1132184"}],"wp:attachment":[{"href":"https:\/\/www.eldigitaldeasturias.com\/noticias\/wp-json\/wp\/v2\/media?parent=478350"}],"wp:term":[{"taxonomy":"category","embeddable":true,"href":"https:\/\/www.eldigitaldeasturias.com\/noticias\/wp-json\/wp\/v2\/categories?post=478350"},{"taxonomy":"post_tag","embeddable":true,"href":"https:\/\/www.eldigitaldeasturias.com\/noticias\/wp-json\/wp\/v2\/tags?post=478350"}],"curies":[{"name":"wp","href":"https:\/\/api.w.org\/{rel}","templated":true}]}}