{"id":478343,"date":"2014-01-24T20:47:32","date_gmt":"2014-01-24T21:47:32","guid":{"rendered":"http:\/\/www.eldigitaldeasturias.com\/noticias\/?p=478343"},"modified":"2014-01-24T20:47:32","modified_gmt":"2014-01-24T21:47:32","slug":"las-minorias-religiosas-aplauden-que-el-pentagono-permita-llevar-turbante-y-barba","status":"publish","type":"post","link":"https:\/\/www.eldigitaldeasturias.com\/noticias\/las-minorias-religiosas-aplauden-que-el-pentagono-permita-llevar-turbante-y-barba\/","title":{"rendered":"Las minor\u00edas religiosas aplauden que el Pent\u00e1gono permita llevar turbante y barba"},"content":{"rendered":"<p><img loading=\"lazy\" decoding=\"async\" class=\"alignleft size-medium wp-image-478344\" alt=\"5873185w\" src=\"https:\/\/www.eldigitaldeasturias.com\/noticias\/wp-content\/uploads\/2014\/01\/5873185w-360x239.jpg\" width=\"360\" height=\"239\" \/>Washington, 24 ene (EFE).- Las minor\u00edas religiosas en EEUU aplaudieron hoy que el Departamento de Defensa permita a partir de ahora que los militares vistan de acuerdo a su fe, es decir, que puedan lucir por ejemplo turbante o barba, siempre que esto no les impida desarrollar sus tareas o estar protegidos de manera adecuada.<\/p>\n<p>\u00abAcogemos de buen grado esta importante decisi\u00f3n que ampl\u00eda los derechos religiosos del personal militar de EEUU. Esperamos que esta nueva medida permita que estos oficiales puedan practicar su fe mientras sirven a la naci\u00f3n\u00bb, dijo en un comunicado Ibrahim Hooper, portavoz del Consejo de Relaciones Isl\u00e1mico-Estadounidenses.<\/p>\n<p>Y a\u00f1adi\u00f3: \u00abEsperamos que estas nuevas reglas reduzcan los incidentes que sufren los oficiales musulmanes al ser acosados por sus superiores por llevar barba o turbante\u00bb.<\/p>\n<p>El Pent\u00e1gono, que anunci\u00f3 esta regulaci\u00f3n hist\u00f3rica el mi\u00e9rcoles, decidir\u00e1 caso por caso si autoriza el uso de elementos religiosos, aunque en principio s\u00f3lo podr\u00e1 denegar su utilizaci\u00f3n si estos impiden el uso adecuado del equipamiento militar o interfieren en la ejecuci\u00f3n de una misi\u00f3n.<\/p>\n<p>Para Hooper, este cambio en las normas del Pent\u00e1gono \u00abno es una revoluci\u00f3n pero s\u00ed una evoluci\u00f3n\u00bb, ya que \u00abenv\u00eda el mensaje de que las Fuerzas Armadas son respetuosas con las creencias minoritarias\u00bb.<\/p>\n<p>En el mismo sentido, aunque con un tono algo m\u00e1s cr\u00edtico, se expresaron los grupos que pertenecen al sijismo, una religi\u00f3n india que es la novena del mundo en n\u00famero de creyentes.<\/p>\n<p>El Fondo Educativo y de Defensa Legal del sijismo en EEUU consider\u00f3 que las nuevas reglas son un \u00abtrampol\u00edn\u00bb para el \u00e9xito de las reclamaciones que durante a\u00f1os han hecho los sijistas y los musulmanes para que el Pent\u00e1gono permita a su personal vestir de acuerdo a su fe.<\/p>\n<p>No obstante, este grupo dijo estar decepcionado por que los casos se resuelvan de manera individual y las normas no se apliquen en general para todos los militares.<\/p>\n","protected":false},"excerpt":{"rendered":"<p>Washington, 24 ene (EFE).- Las minor\u00edas religiosas en EEUU aplaudieron hoy que el Departamento de Defensa permita a partir de ahora que los militares vistan de acuerdo a su fe, es decir, que puedan lucir por ejemplo turbante o barba, siempre que esto no les impida desarrollar sus tareas o estar protegidos de manera adecuada. [&hellip;]<\/p>\n","protected":false},"author":1,"featured_media":1132184,"comment_status":"closed","ping_status":"open","sticky":false,"template":"","format":"standard","meta":{"footnotes":""},"categories":[1],"tags":[],"class_list":["post-478343","post","type-post","status-publish","format-standard","has-post-thumbnail","hentry","category-actualidad"],"aioseo_notices":[],"aioseo_head":"\n\t\t<!-- All in One SEO Pro 5.0.1 - aioseo.com -->\n\t<meta name=\"description\" content=\"Washington, 24 ene (EFE).- Las minor\u00edas religiosas en EEUU aplaudieron hoy que el Departamento de Defensa permita a partir de ahora que los militares vistan de acuerdo a su fe, es decir, que puedan lucir por ejemplo turbante o barba, siempre que esto no les impida desarrollar sus tareas o estar protegidos de manera adecuada.\" \/>\n\t<meta name=\"robots\" content=\"max-image-preview:large\" \/>\n\t<meta name=\"author\" content=\"El Digital de Asturias\"\/>\n\t<meta name=\"google-site-verification\" content=\"UA-38556648-1\" \/>\n\t<meta name=\"msvalidate.01\" content=\"7dfe9f3f1b24437ab69f4f2559babe99\" \/>\n\t<meta name=\"keywords\" content=\"actualidad\" \/>\n\t<link rel=\"canonical\" href=\"https:\/\/www.eldigitaldeasturias.com\/noticias\/las-minorias-religiosas-aplauden-que-el-pentagono-permita-llevar-turbante-y-barba\/\" \/>\n\t<meta name=\"generator\" content=\"All in One SEO Pro (AIOSEO) 5.0.1\" \/>\n\t\t<meta property=\"og:locale\" content=\"es_ES\" \/>\n\t\t<meta property=\"og:site_name\" content=\"El Digital de Asturias\" \/>\n\t\t<meta property=\"og:type\" content=\"article\" \/>\n\t\t<meta property=\"og:title\" content=\"Las minor\u00edas religiosas aplauden que el Pent\u00e1gono permita llevar turbante y barba - El Digital de Asturias\" \/>\n\t\t<meta property=\"og:description\" content=\"Washington, 24 ene (EFE).- Las minor\u00edas religiosas en EEUU aplaudieron hoy que el Departamento de Defensa permita a partir de ahora que los militares vistan de acuerdo a su fe, es decir, que puedan lucir por ejemplo turbante o barba, siempre que esto no les impida desarrollar sus tareas o estar protegidos de manera adecuada.\" \/>\n\t\t<meta property=\"og:url\" content=\"https:\/\/www.eldigitaldeasturias.com\/noticias\/las-minorias-religiosas-aplauden-que-el-pentagono-permita-llevar-turbante-y-barba\/\" \/>\n\t\t<meta property=\"og:image\" content=\"https:\/\/www.eldigitaldeasturias.com\/noticias\/wp-content\/uploads\/2026\/06\/Contenidos.jpg\" \/>\n\t\t<meta property=\"og:image:secure_url\" content=\"https:\/\/www.eldigitaldeasturias.com\/noticias\/wp-content\/uploads\/2026\/06\/Contenidos.jpg\" \/>\n\t\t<meta property=\"og:image:width\" content=\"1265\" \/>\n\t\t<meta property=\"og:image:height\" content=\"697\" \/>\n\t\t<meta property=\"article:tag\" content=\"actualidad\" \/>\n\t\t<meta property=\"article:published_time\" content=\"2014-01-24T21:47:32+00:00\" \/>\n\t\t<meta property=\"article:modified_time\" content=\"2014-01-24T21:47:32+00:00\" \/>\n\t\t<meta property=\"article:publisher\" content=\"https:\/\/facebook.com\/eldigitaldeasturias\" \/>\n\t\t<meta name=\"twitter:card\" content=\"summary_large_image\" \/>\n\t\t<meta name=\"twitter:title\" content=\"Las minor\u00edas religiosas aplauden que el Pent\u00e1gono permita llevar turbante y barba - El Digital de Asturias\" \/>\n\t\t<meta name=\"twitter:description\" content=\"Washington, 24 ene (EFE).- Las minor\u00edas religiosas en EEUU aplaudieron hoy que el Departamento de Defensa permita a partir de ahora que los militares vistan de acuerdo a su fe, es decir, que puedan lucir por ejemplo turbante o barba, siempre que esto no les impida desarrollar sus tareas o estar protegidos de manera adecuada.\" \/>\n\t\t<meta name=\"twitter:image\" content=\"https:\/\/www.eldigitaldeasturias.com\/noticias\/wp-content\/uploads\/2026\/06\/Contenidos.jpg\" \/>\n\t\t<meta name=\"twitter:label1\" content=\"Escrito por\" \/>\n\t\t<meta name=\"twitter:data1\" content=\"El Digital de Asturias\" \/>\n\t\t<meta name=\"twitter:label2\" content=\"Tiempo de lectura estimado\" \/>\n\t\t<meta name=\"twitter:data2\" content=\"2 minutos\" \/>\n\t\t<script type=\"application\/ld+json\" class=\"aioseo-schema\">\n\t\t\t{\"@context\":\"https:\\\/\\\/schema.org\",\"@graph\":[{\"@type\":\"BlogPosting\",\"@id\":\"https:\\\/\\\/www.eldigitaldeasturias.com\\\/noticias\\\/las-minorias-religiosas-aplauden-que-el-pentagono-permita-llevar-turbante-y-barba\\\/#blogposting\",\"name\":\"Las minor\\u00edas religiosas aplauden que el Pent\\u00e1gono permita llevar turbante y barba - El Digital de Asturias\",\"headline\":\"Las minor\\u00edas religiosas aplauden que el Pent\\u00e1gono permita llevar turbante y barba\",\"author\":{\"@id\":\"https:\\\/\\\/www.eldigitaldeasturias.com\\\/noticias\\\/author\\\/admin\\\/#author\"},\"publisher\":{\"@id\":\"https:\\\/\\\/www.eldigitaldeasturias.com\\\/noticias\\\/#organization\"},\"image\":{\"@type\":\"ImageObject\",\"url\":\"https:\\\/\\\/www.eldigitaldeasturias.com\\\/noticias\\\/wp-content\\\/uploads\\\/2026\\\/06\\\/Contenidos.jpg\",\"width\":1265,\"height\":697,\"caption\":\"Contenidos\"},\"datePublished\":\"2014-01-24T20:47:32+01:00\",\"dateModified\":\"2014-01-24T20:47:32+01:00\",\"inLanguage\":\"es-ES\",\"mainEntityOfPage\":{\"@id\":\"https:\\\/\\\/www.eldigitaldeasturias.com\\\/noticias\\\/las-minorias-religiosas-aplauden-que-el-pentagono-permita-llevar-turbante-y-barba\\\/#webpage\"},\"isPartOf\":{\"@id\":\"https:\\\/\\\/www.eldigitaldeasturias.com\\\/noticias\\\/las-minorias-religiosas-aplauden-que-el-pentagono-permita-llevar-turbante-y-barba\\\/#webpage\"},\"articleSection\":\"Actualidad\"},{\"@type\":\"BreadcrumbList\",\"@id\":\"https:\\\/\\\/www.eldigitaldeasturias.com\\\/noticias\\\/las-minorias-religiosas-aplauden-que-el-pentagono-permita-llevar-turbante-y-barba\\\/#breadcrumblist\",\"itemListElement\":[{\"@type\":\"ListItem\",\"@id\":\"https:\\\/\\\/www.eldigitaldeasturias.com\\\/noticias#listItem\",\"position\":1,\"name\":\"Home\",\"item\":\"https:\\\/\\\/www.eldigitaldeasturias.com\\\/noticias\",\"nextItem\":{\"@type\":\"ListItem\",\"@id\":\"https:\\\/\\\/www.eldigitaldeasturias.com\\\/noticias\\\/category\\\/actualidad\\\/#listItem\",\"name\":\"Actualidad\"}},{\"@type\":\"ListItem\",\"@id\":\"https:\\\/\\\/www.eldigitaldeasturias.com\\\/noticias\\\/category\\\/actualidad\\\/#listItem\",\"position\":2,\"name\":\"Actualidad\",\"item\":\"https:\\\/\\\/www.eldigitaldeasturias.com\\\/noticias\\\/category\\\/actualidad\\\/\",\"nextItem\":{\"@type\":\"ListItem\",\"@id\":\"https:\\\/\\\/www.eldigitaldeasturias.com\\\/noticias\\\/las-minorias-religiosas-aplauden-que-el-pentagono-permita-llevar-turbante-y-barba\\\/#listItem\",\"name\":\"Las minor\\u00edas religiosas aplauden que el Pent\\u00e1gono permita llevar turbante y barba\"},\"previousItem\":{\"@type\":\"ListItem\",\"@id\":\"https:\\\/\\\/www.eldigitaldeasturias.com\\\/noticias#listItem\",\"name\":\"Home\"}},{\"@type\":\"ListItem\",\"@id\":\"https:\\\/\\\/www.eldigitaldeasturias.com\\\/noticias\\\/las-minorias-religiosas-aplauden-que-el-pentagono-permita-llevar-turbante-y-barba\\\/#listItem\",\"position\":3,\"name\":\"Las minor\\u00edas religiosas aplauden que el Pent\\u00e1gono permita llevar turbante y barba\",\"previousItem\":{\"@type\":\"ListItem\",\"@id\":\"https:\\\/\\\/www.eldigitaldeasturias.com\\\/noticias\\\/category\\\/actualidad\\\/#listItem\",\"name\":\"Actualidad\"}}]},{\"@type\":\"Organization\",\"@id\":\"https:\\\/\\\/www.eldigitaldeasturias.com\\\/noticias\\\/#organization\",\"name\":\"El Digital de Asturias\",\"description\":\"Hemeroteca\",\"url\":\"https:\\\/\\\/www.eldigitaldeasturias.com\\\/noticias\\\/\",\"email\":\"info@eldigitaldeasturias.com\",\"telephone\":\"+34652131393\",\"logo\":{\"@type\":\"ImageObject\",\"url\":\"https:\\\/\\\/www.eldigitaldeasturias.com\\\/noticias\\\/wp-content\\\/uploads\\\/2020\\\/12\\\/EDA.jpg\",\"@id\":\"https:\\\/\\\/www.eldigitaldeasturias.com\\\/noticias\\\/las-minorias-religiosas-aplauden-que-el-pentagono-permita-llevar-turbante-y-barba\\\/#organizationLogo\"},\"image\":{\"@id\":\"https:\\\/\\\/www.eldigitaldeasturias.com\\\/noticias\\\/las-minorias-religiosas-aplauden-que-el-pentagono-permita-llevar-turbante-y-barba\\\/#organizationLogo\"},\"sameAs\":[\"https:\\\/\\\/facebook.com\\\/eldigitaldeasturias\",\"https:\\\/\\\/www.youtube.com\\\/channel\\\/UCZP-2wLEB9Rv6erhFmqVnvg\"],\"address\":{\"@id\":\"https:\\\/\\\/www.eldigitaldeasturias.com\\\/noticias\\\/#postaladdress\",\"@type\":\"PostalAddress\",\"streetAddress\":\"san antonio 4\",\"postalCode\":\"33430\",\"addressLocality\":\"Cand\\u00e1s\",\"addressRegion\":\"Asturias\",\"addressCountry\":\"ES\"}},{\"@type\":\"Person\",\"@id\":\"https:\\\/\\\/www.eldigitaldeasturias.com\\\/noticias\\\/author\\\/admin\\\/#author\",\"url\":\"https:\\\/\\\/www.eldigitaldeasturias.com\\\/noticias\\\/author\\\/admin\\\/\",\"name\":\"El Digital de Asturias\",\"image\":{\"@type\":\"ImageObject\",\"@id\":\"https:\\\/\\\/www.eldigitaldeasturias.com\\\/noticias\\\/las-minorias-religiosas-aplauden-que-el-pentagono-permita-llevar-turbante-y-barba\\\/#authorImage\",\"url\":\"https:\\\/\\\/secure.gravatar.com\\\/avatar\\\/df2aeffc32bcd13f8d26072ef8a91b623d677766deac7f97ca815868cd41bf5e?s=96&d=mm&r=g\",\"width\":96,\"height\":96,\"caption\":\"El Digital de Asturias\"}},{\"@type\":\"WebPage\",\"@id\":\"https:\\\/\\\/www.eldigitaldeasturias.com\\\/noticias\\\/las-minorias-religiosas-aplauden-que-el-pentagono-permita-llevar-turbante-y-barba\\\/#webpage\",\"url\":\"https:\\\/\\\/www.eldigitaldeasturias.com\\\/noticias\\\/las-minorias-religiosas-aplauden-que-el-pentagono-permita-llevar-turbante-y-barba\\\/\",\"name\":\"Las minor\\u00edas religiosas aplauden que el Pent\\u00e1gono permita llevar turbante y barba - El Digital de Asturias\",\"description\":\"Washington, 24 ene (EFE).- Las minor\\u00edas religiosas en EEUU aplaudieron hoy que el Departamento de Defensa permita a partir de ahora que los militares vistan de acuerdo a su fe, es decir, que puedan lucir por ejemplo turbante o barba, siempre que esto no les impida desarrollar sus tareas o estar protegidos de manera adecuada.\",\"inLanguage\":\"es-ES\",\"isPartOf\":{\"@id\":\"https:\\\/\\\/www.eldigitaldeasturias.com\\\/noticias\\\/#website\"},\"breadcrumb\":{\"@id\":\"https:\\\/\\\/www.eldigitaldeasturias.com\\\/noticias\\\/las-minorias-religiosas-aplauden-que-el-pentagono-permita-llevar-turbante-y-barba\\\/#breadcrumblist\"},\"author\":{\"@id\":\"https:\\\/\\\/www.eldigitaldeasturias.com\\\/noticias\\\/author\\\/admin\\\/#author\"},\"creator\":{\"@id\":\"https:\\\/\\\/www.eldigitaldeasturias.com\\\/noticias\\\/author\\\/admin\\\/#author\"},\"image\":{\"@type\":\"ImageObject\",\"url\":\"https:\\\/\\\/www.eldigitaldeasturias.com\\\/noticias\\\/wp-content\\\/uploads\\\/2026\\\/06\\\/Contenidos.jpg\",\"@id\":\"https:\\\/\\\/www.eldigitaldeasturias.com\\\/noticias\\\/las-minorias-religiosas-aplauden-que-el-pentagono-permita-llevar-turbante-y-barba\\\/#mainImage\",\"width\":1265,\"height\":697,\"caption\":\"Contenidos\"},\"primaryImageOfPage\":{\"@id\":\"https:\\\/\\\/www.eldigitaldeasturias.com\\\/noticias\\\/las-minorias-religiosas-aplauden-que-el-pentagono-permita-llevar-turbante-y-barba\\\/#mainImage\"},\"datePublished\":\"2014-01-24T20:47:32+01:00\",\"dateModified\":\"2014-01-24T20:47:32+01:00\"},{\"@type\":\"WebSite\",\"@id\":\"https:\\\/\\\/www.eldigitaldeasturias.com\\\/noticias\\\/#website\",\"url\":\"https:\\\/\\\/www.eldigitaldeasturias.com\\\/noticias\\\/\",\"name\":\"El Digital de Asturias - Diario de actualidad y noticias\",\"alternateName\":\"El Digital de Asturias - Diario de actualidad y noticias\",\"description\":\"Hemeroteca\",\"inLanguage\":\"es-ES\",\"publisher\":{\"@id\":\"https:\\\/\\\/www.eldigitaldeasturias.com\\\/noticias\\\/#organization\"}}]}\n\t\t<\/script>\n\t\t<!-- All in One SEO Pro -->\r\n\t\t<title>Las minor\u00edas religiosas aplauden que el Pent\u00e1gono permita llevar turbante y barba - El Digital de Asturias<\/title>\n\n","aioseo_head_json":{"title":"Las minor\u00edas religiosas aplauden que el Pent\u00e1gono permita llevar turbante y barba - El Digital de Asturias","description":"Washington, 24 ene (EFE).- Las minor\u00edas religiosas en EEUU aplaudieron hoy que el Departamento de Defensa permita a partir de ahora que los militares vistan de acuerdo a su fe, es decir, que puedan lucir por ejemplo turbante o barba, siempre que esto no les impida desarrollar sus tareas o estar protegidos de manera adecuada.","canonical_url":"https:\/\/www.eldigitaldeasturias.com\/noticias\/las-minorias-religiosas-aplauden-que-el-pentagono-permita-llevar-turbante-y-barba\/","robots":"max-image-preview:large","keywords":"actualidad","webmasterTools":{"google-site-verification":"UA-38556648-1","msvalidate.01":"7dfe9f3f1b24437ab69f4f2559babe99","miscellaneous":""},"schema":{"@context":"https:\/\/schema.org","@graph":[{"@type":"BlogPosting","@id":"https:\/\/www.eldigitaldeasturias.com\/noticias\/las-minorias-religiosas-aplauden-que-el-pentagono-permita-llevar-turbante-y-barba\/#blogposting","name":"Las minor\u00edas religiosas aplauden que el Pent\u00e1gono permita llevar turbante y barba - El Digital de Asturias","headline":"Las minor\u00edas religiosas aplauden que el Pent\u00e1gono permita llevar turbante y barba","author":{"@id":"https:\/\/www.eldigitaldeasturias.com\/noticias\/author\/admin\/#author"},"publisher":{"@id":"https:\/\/www.eldigitaldeasturias.com\/noticias\/#organization"},"image":{"@type":"ImageObject","url":"https:\/\/www.eldigitaldeasturias.com\/noticias\/wp-content\/uploads\/2026\/06\/Contenidos.jpg","width":1265,"height":697,"caption":"Contenidos"},"datePublished":"2014-01-24T20:47:32+01:00","dateModified":"2014-01-24T20:47:32+01:00","inLanguage":"es-ES","mainEntityOfPage":{"@id":"https:\/\/www.eldigitaldeasturias.com\/noticias\/las-minorias-religiosas-aplauden-que-el-pentagono-permita-llevar-turbante-y-barba\/#webpage"},"isPartOf":{"@id":"https:\/\/www.eldigitaldeasturias.com\/noticias\/las-minorias-religiosas-aplauden-que-el-pentagono-permita-llevar-turbante-y-barba\/#webpage"},"articleSection":"Actualidad"},{"@type":"BreadcrumbList","@id":"https:\/\/www.eldigitaldeasturias.com\/noticias\/las-minorias-religiosas-aplauden-que-el-pentagono-permita-llevar-turbante-y-barba\/#breadcrumblist","itemListElement":[{"@type":"ListItem","@id":"https:\/\/www.eldigitaldeasturias.com\/noticias#listItem","position":1,"name":"Home","item":"https:\/\/www.eldigitaldeasturias.com\/noticias","nextItem":{"@type":"ListItem","@id":"https:\/\/www.eldigitaldeasturias.com\/noticias\/category\/actualidad\/#listItem","name":"Actualidad"}},{"@type":"ListItem","@id":"https:\/\/www.eldigitaldeasturias.com\/noticias\/category\/actualidad\/#listItem","position":2,"name":"Actualidad","item":"https:\/\/www.eldigitaldeasturias.com\/noticias\/category\/actualidad\/","nextItem":{"@type":"ListItem","@id":"https:\/\/www.eldigitaldeasturias.com\/noticias\/las-minorias-religiosas-aplauden-que-el-pentagono-permita-llevar-turbante-y-barba\/#listItem","name":"Las minor\u00edas religiosas aplauden que el Pent\u00e1gono permita llevar turbante y barba"},"previousItem":{"@type":"ListItem","@id":"https:\/\/www.eldigitaldeasturias.com\/noticias#listItem","name":"Home"}},{"@type":"ListItem","@id":"https:\/\/www.eldigitaldeasturias.com\/noticias\/las-minorias-religiosas-aplauden-que-el-pentagono-permita-llevar-turbante-y-barba\/#listItem","position":3,"name":"Las minor\u00edas religiosas aplauden que el Pent\u00e1gono permita llevar turbante y barba","previousItem":{"@type":"ListItem","@id":"https:\/\/www.eldigitaldeasturias.com\/noticias\/category\/actualidad\/#listItem","name":"Actualidad"}}]},{"@type":"Organization","@id":"https:\/\/www.eldigitaldeasturias.com\/noticias\/#organization","name":"El Digital de Asturias","description":"Hemeroteca","url":"https:\/\/www.eldigitaldeasturias.com\/noticias\/","email":"info@eldigitaldeasturias.com","telephone":"+34652131393","logo":{"@type":"ImageObject","url":"https:\/\/www.eldigitaldeasturias.com\/noticias\/wp-content\/uploads\/2020\/12\/EDA.jpg","@id":"https:\/\/www.eldigitaldeasturias.com\/noticias\/las-minorias-religiosas-aplauden-que-el-pentagono-permita-llevar-turbante-y-barba\/#organizationLogo"},"image":{"@id":"https:\/\/www.eldigitaldeasturias.com\/noticias\/las-minorias-religiosas-aplauden-que-el-pentagono-permita-llevar-turbante-y-barba\/#organizationLogo"},"sameAs":["https:\/\/facebook.com\/eldigitaldeasturias","https:\/\/www.youtube.com\/channel\/UCZP-2wLEB9Rv6erhFmqVnvg"],"address":{"@id":"https:\/\/www.eldigitaldeasturias.com\/noticias\/#postaladdress","@type":"PostalAddress","streetAddress":"san antonio 4","postalCode":"33430","addressLocality":"Cand\u00e1s","addressRegion":"Asturias","addressCountry":"ES"}},{"@type":"Person","@id":"https:\/\/www.eldigitaldeasturias.com\/noticias\/author\/admin\/#author","url":"https:\/\/www.eldigitaldeasturias.com\/noticias\/author\/admin\/","name":"El Digital de Asturias","image":{"@type":"ImageObject","@id":"https:\/\/www.eldigitaldeasturias.com\/noticias\/las-minorias-religiosas-aplauden-que-el-pentagono-permita-llevar-turbante-y-barba\/#authorImage","url":"https:\/\/secure.gravatar.com\/avatar\/df2aeffc32bcd13f8d26072ef8a91b623d677766deac7f97ca815868cd41bf5e?s=96&d=mm&r=g","width":96,"height":96,"caption":"El Digital de Asturias"}},{"@type":"WebPage","@id":"https:\/\/www.eldigitaldeasturias.com\/noticias\/las-minorias-religiosas-aplauden-que-el-pentagono-permita-llevar-turbante-y-barba\/#webpage","url":"https:\/\/www.eldigitaldeasturias.com\/noticias\/las-minorias-religiosas-aplauden-que-el-pentagono-permita-llevar-turbante-y-barba\/","name":"Las minor\u00edas religiosas aplauden que el Pent\u00e1gono permita llevar turbante y barba - El Digital de Asturias","description":"Washington, 24 ene (EFE).- Las minor\u00edas religiosas en EEUU aplaudieron hoy que el Departamento de Defensa permita a partir de ahora que los militares vistan de acuerdo a su fe, es decir, que puedan lucir por ejemplo turbante o barba, siempre que esto no les impida desarrollar sus tareas o estar protegidos de manera adecuada.","inLanguage":"es-ES","isPartOf":{"@id":"https:\/\/www.eldigitaldeasturias.com\/noticias\/#website"},"breadcrumb":{"@id":"https:\/\/www.eldigitaldeasturias.com\/noticias\/las-minorias-religiosas-aplauden-que-el-pentagono-permita-llevar-turbante-y-barba\/#breadcrumblist"},"author":{"@id":"https:\/\/www.eldigitaldeasturias.com\/noticias\/author\/admin\/#author"},"creator":{"@id":"https:\/\/www.eldigitaldeasturias.com\/noticias\/author\/admin\/#author"},"image":{"@type":"ImageObject","url":"https:\/\/www.eldigitaldeasturias.com\/noticias\/wp-content\/uploads\/2026\/06\/Contenidos.jpg","@id":"https:\/\/www.eldigitaldeasturias.com\/noticias\/las-minorias-religiosas-aplauden-que-el-pentagono-permita-llevar-turbante-y-barba\/#mainImage","width":1265,"height":697,"caption":"Contenidos"},"primaryImageOfPage":{"@id":"https:\/\/www.eldigitaldeasturias.com\/noticias\/las-minorias-religiosas-aplauden-que-el-pentagono-permita-llevar-turbante-y-barba\/#mainImage"},"datePublished":"2014-01-24T20:47:32+01:00","dateModified":"2014-01-24T20:47:32+01:00"},{"@type":"WebSite","@id":"https:\/\/www.eldigitaldeasturias.com\/noticias\/#website","url":"https:\/\/www.eldigitaldeasturias.com\/noticias\/","name":"El Digital de Asturias - Diario de actualidad y noticias","alternateName":"El Digital de Asturias - Diario de actualidad y noticias","description":"Hemeroteca","inLanguage":"es-ES","publisher":{"@id":"https:\/\/www.eldigitaldeasturias.com\/noticias\/#organization"}}]},"og:locale":"es_ES","og:site_name":"El Digital de Asturias","og:type":"article","og:title":"Las minor\u00edas religiosas aplauden que el Pent\u00e1gono permita llevar turbante y barba - El Digital de Asturias","og:description":"Washington, 24 ene (EFE).- Las minor\u00edas religiosas en EEUU aplaudieron hoy que el Departamento de Defensa permita a partir de ahora que los militares vistan de acuerdo a su fe, es decir, que puedan lucir por ejemplo turbante o barba, siempre que esto no les impida desarrollar sus tareas o estar protegidos de manera adecuada.","og:url":"https:\/\/www.eldigitaldeasturias.com\/noticias\/las-minorias-religiosas-aplauden-que-el-pentagono-permita-llevar-turbante-y-barba\/","og:image":"https:\/\/www.eldigitaldeasturias.com\/noticias\/wp-content\/uploads\/2026\/06\/Contenidos.jpg","og:image:secure_url":"https:\/\/www.eldigitaldeasturias.com\/noticias\/wp-content\/uploads\/2026\/06\/Contenidos.jpg","og:image:width":1265,"og:image:height":697,"article:tag":["actualidad"],"article:published_time":"2014-01-24T21:47:32+00:00","article:modified_time":"2014-01-24T21:47:32+00:00","article:publisher":"https:\/\/facebook.com\/eldigitaldeasturias","twitter:card":"summary_large_image","twitter:title":"Las minor\u00edas religiosas aplauden que el Pent\u00e1gono permita llevar turbante y barba - El Digital de Asturias","twitter:description":"Washington, 24 ene (EFE).- Las minor\u00edas religiosas en EEUU aplaudieron hoy que el Departamento de Defensa permita a partir de ahora que los militares vistan de acuerdo a su fe, es decir, que puedan lucir por ejemplo turbante o barba, siempre que esto no les impida desarrollar sus tareas o estar protegidos de manera adecuada.","twitter:image":"https:\/\/www.eldigitaldeasturias.com\/noticias\/wp-content\/uploads\/2026\/06\/Contenidos.jpg","twitter:label1":"Escrito por","twitter:data1":"El Digital de Asturias","twitter:label2":"Tiempo de lectura estimado","twitter:data2":"2 minutos"},"aioseo_meta_data":{"post_id":"478343","title":null,"description":null,"keywords":null,"keyphrases":null,"primary_term":null,"canonical_url":null,"og_title":null,"og_description":null,"og_object_type":"default","og_image_type":"default","og_image_url":null,"og_image_width":null,"og_image_height":null,"og_image_custom_url":null,"og_image_custom_fields":null,"og_video":null,"og_custom_url":null,"og_article_section":null,"og_article_tags":null,"twitter_use_og":true,"twitter_card":"default","twitter_image_type":"default","twitter_image_url":null,"twitter_image_custom_url":null,"twitter_image_custom_fields":null,"twitter_title":null,"twitter_description":null,"schema":{"blockGraphs":[],"customGraphs":[],"default":{"data":{"Article":[],"Course":[],"Dataset":[],"FAQPage":[],"Movie":[],"Person":[],"Product":[],"ProductReview":[],"Car":[],"Recipe":[],"Service":[],"SoftwareApplication":[],"WebPage":[]},"graphName":"","isEnabled":true},"graphs":[],"defaultGraph":"","defaultPostTypeGraph":""},"schema_type":null,"schema_type_options":null,"pillar_content":false,"robots_default":true,"robots_noindex":false,"robots_noarchive":false,"robots_nosnippet":false,"robots_nofollow":false,"robots_noimageindex":false,"robots_noodp":false,"robots_notranslate":false,"robots_max_snippet":null,"robots_max_videopreview":null,"robots_max_imagepreview":"none","priority":null,"frequency":null,"local_seo":null,"seo_analyzer_scan_date":"2026-06-01 21:12:49","breadcrumb_settings":null,"limit_modified_date":false,"open_ai":null,"ai":null,"created":"2020-11-14 22:53:55","updated":"2026-06-01 21:12:49","focus_keyword":null,"additional_keywords":null,"truseo_locale":null},"aioseo_breadcrumb":"<div class=\"aioseo-breadcrumbs\"><span class=\"aioseo-breadcrumb\">\n\t<a href=\"https:\/\/www.eldigitaldeasturias.com\/noticias\" title=\"Home\">Home<\/a>\n<\/span><span class=\"aioseo-breadcrumb-separator\">\u2013<\/span><span class=\"aioseo-breadcrumb\">\n\t<a href=\"https:\/\/www.eldigitaldeasturias.com\/noticias\/category\/actualidad\/\" title=\"Actualidad\">Actualidad<\/a>\n<\/span><span class=\"aioseo-breadcrumb-separator\">\u2013<\/span><span class=\"aioseo-breadcrumb\">\n\t<a href=\"https:\/\/www.eldigitaldeasturias.com\/noticias\/las-minorias-religiosas-aplauden-que-el-pentagono-permita-llevar-turbante-y-barba\/\" title=\"Las minor\u00edas religiosas aplauden que el Pent\u00e1gono permita llevar turbante y barba\">Las minor\u00edas religiosas aplauden que el Pent\u00e1gono permita llevar turbante y barba<\/a>\n<\/span><\/div>","aioseo_breadcrumb_json":[{"label":"Home","link":"https:\/\/www.eldigitaldeasturias.com\/noticias"},{"label":"Actualidad","link":"https:\/\/www.eldigitaldeasturias.com\/noticias\/category\/actualidad\/"},{"label":"Las minor\u00edas religiosas aplauden que el Pent\u00e1gono permita llevar turbante y barba","link":"https:\/\/www.eldigitaldeasturias.com\/noticias\/las-minorias-religiosas-aplauden-que-el-pentagono-permita-llevar-turbante-y-barba\/"}],"_links":{"self":[{"href":"https:\/\/www.eldigitaldeasturias.com\/noticias\/wp-json\/wp\/v2\/posts\/478343","targetHints":{"allow":["GET"]}}],"collection":[{"href":"https:\/\/www.eldigitaldeasturias.com\/noticias\/wp-json\/wp\/v2\/posts"}],"about":[{"href":"https:\/\/www.eldigitaldeasturias.com\/noticias\/wp-json\/wp\/v2\/types\/post"}],"author":[{"embeddable":true,"href":"https:\/\/www.eldigitaldeasturias.com\/noticias\/wp-json\/wp\/v2\/users\/1"}],"replies":[{"embeddable":true,"href":"https:\/\/www.eldigitaldeasturias.com\/noticias\/wp-json\/wp\/v2\/comments?post=478343"}],"version-history":[{"count":0,"href":"https:\/\/www.eldigitaldeasturias.com\/noticias\/wp-json\/wp\/v2\/posts\/478343\/revisions"}],"wp:featuredmedia":[{"embeddable":true,"href":"https:\/\/www.eldigitaldeasturias.com\/noticias\/wp-json\/wp\/v2\/media\/1132184"}],"wp:attachment":[{"href":"https:\/\/www.eldigitaldeasturias.com\/noticias\/wp-json\/wp\/v2\/media?parent=478343"}],"wp:term":[{"taxonomy":"category","embeddable":true,"href":"https:\/\/www.eldigitaldeasturias.com\/noticias\/wp-json\/wp\/v2\/categories?post=478343"},{"taxonomy":"post_tag","embeddable":true,"href":"https:\/\/www.eldigitaldeasturias.com\/noticias\/wp-json\/wp\/v2\/tags?post=478343"}],"curies":[{"name":"wp","href":"https:\/\/api.w.org\/{rel}","templated":true}]}}