{"id":478310,"date":"2014-01-24T20:12:39","date_gmt":"2014-01-24T21:12:39","guid":{"rendered":"http:\/\/www.eldigitaldeasturias.com\/noticias\/?p=478310"},"modified":"2014-01-24T20:12:39","modified_gmt":"2014-01-24T21:12:39","slug":"falcao-tengo-una-esperanza-del-tamano-de-un-grano-de-mostaza","status":"publish","type":"post","link":"https:\/\/www.eldigitaldeasturias.com\/noticias\/falcao-tengo-una-esperanza-del-tamano-de-un-grano-de-mostaza\/","title":{"rendered":"Falcao: \u00abtengo una esperanza del tama\u00f1o de un grano de mostaza\u00bb"},"content":{"rendered":"<p><img loading=\"lazy\" decoding=\"async\" class=\"alignleft size-medium wp-image-478311\" alt=\"5870226w\" src=\"https:\/\/www.eldigitaldeasturias.com\/noticias\/wp-content\/uploads\/2014\/01\/5870226w-360x239.jpg\" width=\"360\" height=\"239\" \/>Madrid, 23 ene (EFE).- El colombiano Radamel Falcao, cuya lesi\u00f3n del ligamento cruzado anterior de la rodilla izquierda le deja casi fuera del Mundial, afirm\u00f3 que tiene todav\u00eda \u00abuna esperanza del tama\u00f1o de un grano de mostaza\u00bb y que a ella se aferra pues considera que \u00abDios hace posible lo improbable\u00bb.<\/p>\n<p>\u00abMuchas gracias a todos\u00bb, escribi\u00f3 en su cuenta de twitter. \u00abQuiero agradecerles a todos ustedes por tantos mensajes de apoyo en estas \u00faltimas horas, me he emocionado much\u00edsimo con el cari\u00f1o que me muestran desde diferentes partes del mundo\u00bb.<\/p>\n<p>\u00abNo les voy a esconder\u00bb, a\u00f1ade, \u00abque mi tristeza es enorme, mi coraz\u00f3n est\u00e1 destrozado, pero cuento con una esperanza del tama\u00f1o de un grano de mostaza a la cual me aferro, y es suficiente para creer que mi ilusi\u00f3n por el Mundial todav\u00eda est\u00e1 viva. Dios hace posible lo improbable, en \u00c9l creo yo\u00bb.<\/p>\n<p>El delantero del M\u00f3naco ser\u00e1 sometido a una operaci\u00f3n en los pr\u00f3ximos d\u00edas, anunci\u00f3 hoy el club del Principado en su p\u00e1gina web.<\/p>\n<p>\u00abTras la lesi\u00f3n sufrida este mi\u00e9rcoles, Radamel Falcao se ha sometido a ex\u00e1menes m\u00e9dicos. El resultado es que el jugador tiene una lesi\u00f3n del ligamento cruzado anterior en la rodilla izquierda. Es necesaria una operaci\u00f3n m\u00e9dica en los pr\u00f3ximos d\u00edas\u00bb, indic\u00f3 el M\u00f3naco.<\/p>\n<p>Si embargo, el cirujano portugu\u00e9s Jos\u00e9 Carlos Noronha, especialista de prestigio al que acudi\u00f3 el jugador para hacerse pruebas y conocer el alcance de la lesi\u00f3n, confirm\u00f3 hoy a EFE que Falcao podr\u00eda estar fuera de los terrenos de juego unos seis meses, lo que impedir\u00eda su participaci\u00f3n en el Mundial.<\/p>\n<p>Falcao, de 27 a\u00f1os, viaj\u00f3 hoy a Oporto para visitar a Noronha, considerado uno de los mejores especialistas mundiales en lesiones de ligamento cruzado.<\/p>\n<p>El delantero colombiano se lesion\u00f3 ayer durante un partido de Copa contra el Chasselay, un club de la tercera divisi\u00f3n francesa.<\/p>\n<p>El defensa Soner Ertek derrib\u00f3 por detr\u00e1s a \u00abEl Tigre\u00bb en el minuto 40 de partido y el colombiano abandon\u00f3 el campo en camilla, con evidentes gestos de dolor.<\/p>\n","protected":false},"excerpt":{"rendered":"<p>Madrid, 23 ene (EFE).- El colombiano Radamel Falcao, cuya lesi\u00f3n del ligamento cruzado anterior de la rodilla izquierda le deja casi fuera del Mundial, afirm\u00f3 que tiene todav\u00eda \u00abuna esperanza del tama\u00f1o de un grano de mostaza\u00bb y que a ella se aferra pues considera que \u00abDios hace posible lo improbable\u00bb. \u00abMuchas gracias a todos\u00bb, [&hellip;]<\/p>\n","protected":false},"author":1,"featured_media":1132184,"comment_status":"closed","ping_status":"open","sticky":false,"template":"","format":"standard","meta":{"footnotes":""},"categories":[1],"tags":[],"class_list":["post-478310","post","type-post","status-publish","format-standard","has-post-thumbnail","hentry","category-actualidad"],"aioseo_notices":[],"aioseo_head":"\n\t\t<!-- All in One SEO Pro 5.0.1 - aioseo.com -->\n\t<meta name=\"description\" content=\"Madrid, 23 ene (EFE).- El colombiano Radamel Falcao, cuya lesi\u00f3n del ligamento cruzado anterior de la rodilla izquierda le deja casi fuera del Mundial, afirm\u00f3 que tiene todav\u00eda &quot;una esperanza del tama\u00f1o de un grano de mostaza&quot; y que a ella se aferra pues considera que &quot;Dios hace posible lo improbable&quot;. &quot;Muchas gracias a todos&quot;,\" \/>\n\t<meta name=\"robots\" content=\"max-image-preview:large\" \/>\n\t<meta name=\"author\" content=\"El Digital de Asturias\"\/>\n\t<meta name=\"google-site-verification\" content=\"UA-38556648-1\" \/>\n\t<meta name=\"msvalidate.01\" content=\"7dfe9f3f1b24437ab69f4f2559babe99\" \/>\n\t<meta name=\"keywords\" content=\"actualidad\" \/>\n\t<link rel=\"canonical\" href=\"https:\/\/www.eldigitaldeasturias.com\/noticias\/falcao-tengo-una-esperanza-del-tamano-de-un-grano-de-mostaza\/\" \/>\n\t<meta name=\"generator\" content=\"All in One SEO Pro (AIOSEO) 5.0.1\" \/>\n\t\t<meta property=\"og:locale\" content=\"es_ES\" \/>\n\t\t<meta property=\"og:site_name\" content=\"El Digital de Asturias\" \/>\n\t\t<meta property=\"og:type\" content=\"article\" \/>\n\t\t<meta property=\"og:title\" content=\"Falcao: \u00abtengo una esperanza del tama\u00f1o de un grano de mostaza\u00bb - El Digital de Asturias\" \/>\n\t\t<meta property=\"og:description\" content=\"Madrid, 23 ene (EFE).- El colombiano Radamel Falcao, cuya lesi\u00f3n del ligamento cruzado anterior de la rodilla izquierda le deja casi fuera del Mundial, afirm\u00f3 que tiene todav\u00eda &quot;una esperanza del tama\u00f1o de un grano de mostaza&quot; y que a ella se aferra pues considera que &quot;Dios hace posible lo improbable&quot;. &quot;Muchas gracias a todos&quot;,\" \/>\n\t\t<meta property=\"og:url\" content=\"https:\/\/www.eldigitaldeasturias.com\/noticias\/falcao-tengo-una-esperanza-del-tamano-de-un-grano-de-mostaza\/\" \/>\n\t\t<meta property=\"og:image\" content=\"https:\/\/www.eldigitaldeasturias.com\/noticias\/wp-content\/uploads\/2026\/06\/Contenidos.jpg\" \/>\n\t\t<meta property=\"og:image:secure_url\" content=\"https:\/\/www.eldigitaldeasturias.com\/noticias\/wp-content\/uploads\/2026\/06\/Contenidos.jpg\" \/>\n\t\t<meta property=\"og:image:width\" content=\"1265\" \/>\n\t\t<meta property=\"og:image:height\" content=\"697\" \/>\n\t\t<meta property=\"article:tag\" content=\"actualidad\" \/>\n\t\t<meta property=\"article:published_time\" content=\"2014-01-24T21:12:39+00:00\" \/>\n\t\t<meta property=\"article:modified_time\" content=\"2014-01-24T21:12:39+00:00\" \/>\n\t\t<meta property=\"article:publisher\" content=\"https:\/\/facebook.com\/eldigitaldeasturias\" \/>\n\t\t<meta name=\"twitter:card\" content=\"summary_large_image\" \/>\n\t\t<meta name=\"twitter:title\" content=\"Falcao: \u00abtengo una esperanza del tama\u00f1o de un grano de mostaza\u00bb - El Digital de Asturias\" \/>\n\t\t<meta name=\"twitter:description\" content=\"Madrid, 23 ene (EFE).- El colombiano Radamel Falcao, cuya lesi\u00f3n del ligamento cruzado anterior de la rodilla izquierda le deja casi fuera del Mundial, afirm\u00f3 que tiene todav\u00eda &quot;una esperanza del tama\u00f1o de un grano de mostaza&quot; y que a ella se aferra pues considera que &quot;Dios hace posible lo improbable&quot;. &quot;Muchas gracias a todos&quot;,\" \/>\n\t\t<meta name=\"twitter:image\" content=\"https:\/\/www.eldigitaldeasturias.com\/noticias\/wp-content\/uploads\/2026\/06\/Contenidos.jpg\" \/>\n\t\t<meta name=\"twitter:label1\" content=\"Escrito por\" \/>\n\t\t<meta name=\"twitter:data1\" content=\"El Digital de Asturias\" \/>\n\t\t<meta name=\"twitter:label2\" content=\"Tiempo de lectura estimado\" \/>\n\t\t<meta name=\"twitter:data2\" content=\"2 minutos\" \/>\n\t\t<script type=\"application\/ld+json\" class=\"aioseo-schema\">\n\t\t\t{\"@context\":\"https:\\\/\\\/schema.org\",\"@graph\":[{\"@type\":\"BlogPosting\",\"@id\":\"https:\\\/\\\/www.eldigitaldeasturias.com\\\/noticias\\\/falcao-tengo-una-esperanza-del-tamano-de-un-grano-de-mostaza\\\/#blogposting\",\"name\":\"Falcao: \\u00abtengo una esperanza del tama\\u00f1o de un grano de mostaza\\u00bb - El Digital de Asturias\",\"headline\":\"Falcao: \\u00abtengo una esperanza del tama\\u00f1o de un grano de mostaza\\u00bb\",\"author\":{\"@id\":\"https:\\\/\\\/www.eldigitaldeasturias.com\\\/noticias\\\/author\\\/admin\\\/#author\"},\"publisher\":{\"@id\":\"https:\\\/\\\/www.eldigitaldeasturias.com\\\/noticias\\\/#organization\"},\"image\":{\"@type\":\"ImageObject\",\"url\":\"https:\\\/\\\/www.eldigitaldeasturias.com\\\/noticias\\\/wp-content\\\/uploads\\\/2026\\\/06\\\/Contenidos.jpg\",\"width\":1265,\"height\":697,\"caption\":\"Contenidos\"},\"datePublished\":\"2014-01-24T20:12:39+01:00\",\"dateModified\":\"2014-01-24T20:12:39+01:00\",\"inLanguage\":\"es-ES\",\"mainEntityOfPage\":{\"@id\":\"https:\\\/\\\/www.eldigitaldeasturias.com\\\/noticias\\\/falcao-tengo-una-esperanza-del-tamano-de-un-grano-de-mostaza\\\/#webpage\"},\"isPartOf\":{\"@id\":\"https:\\\/\\\/www.eldigitaldeasturias.com\\\/noticias\\\/falcao-tengo-una-esperanza-del-tamano-de-un-grano-de-mostaza\\\/#webpage\"},\"articleSection\":\"Actualidad\"},{\"@type\":\"BreadcrumbList\",\"@id\":\"https:\\\/\\\/www.eldigitaldeasturias.com\\\/noticias\\\/falcao-tengo-una-esperanza-del-tamano-de-un-grano-de-mostaza\\\/#breadcrumblist\",\"itemListElement\":[{\"@type\":\"ListItem\",\"@id\":\"https:\\\/\\\/www.eldigitaldeasturias.com\\\/noticias#listItem\",\"position\":1,\"name\":\"Home\",\"item\":\"https:\\\/\\\/www.eldigitaldeasturias.com\\\/noticias\",\"nextItem\":{\"@type\":\"ListItem\",\"@id\":\"https:\\\/\\\/www.eldigitaldeasturias.com\\\/noticias\\\/category\\\/actualidad\\\/#listItem\",\"name\":\"Actualidad\"}},{\"@type\":\"ListItem\",\"@id\":\"https:\\\/\\\/www.eldigitaldeasturias.com\\\/noticias\\\/category\\\/actualidad\\\/#listItem\",\"position\":2,\"name\":\"Actualidad\",\"item\":\"https:\\\/\\\/www.eldigitaldeasturias.com\\\/noticias\\\/category\\\/actualidad\\\/\",\"nextItem\":{\"@type\":\"ListItem\",\"@id\":\"https:\\\/\\\/www.eldigitaldeasturias.com\\\/noticias\\\/falcao-tengo-una-esperanza-del-tamano-de-un-grano-de-mostaza\\\/#listItem\",\"name\":\"Falcao: \\u00abtengo una esperanza del tama\\u00f1o de un grano de mostaza\\u00bb\"},\"previousItem\":{\"@type\":\"ListItem\",\"@id\":\"https:\\\/\\\/www.eldigitaldeasturias.com\\\/noticias#listItem\",\"name\":\"Home\"}},{\"@type\":\"ListItem\",\"@id\":\"https:\\\/\\\/www.eldigitaldeasturias.com\\\/noticias\\\/falcao-tengo-una-esperanza-del-tamano-de-un-grano-de-mostaza\\\/#listItem\",\"position\":3,\"name\":\"Falcao: \\u00abtengo una esperanza del tama\\u00f1o de un grano de mostaza\\u00bb\",\"previousItem\":{\"@type\":\"ListItem\",\"@id\":\"https:\\\/\\\/www.eldigitaldeasturias.com\\\/noticias\\\/category\\\/actualidad\\\/#listItem\",\"name\":\"Actualidad\"}}]},{\"@type\":\"Organization\",\"@id\":\"https:\\\/\\\/www.eldigitaldeasturias.com\\\/noticias\\\/#organization\",\"name\":\"El Digital de Asturias\",\"description\":\"Hemeroteca\",\"url\":\"https:\\\/\\\/www.eldigitaldeasturias.com\\\/noticias\\\/\",\"email\":\"info@eldigitaldeasturias.com\",\"telephone\":\"+34652131393\",\"logo\":{\"@type\":\"ImageObject\",\"url\":\"https:\\\/\\\/www.eldigitaldeasturias.com\\\/noticias\\\/wp-content\\\/uploads\\\/2020\\\/12\\\/EDA.jpg\",\"@id\":\"https:\\\/\\\/www.eldigitaldeasturias.com\\\/noticias\\\/falcao-tengo-una-esperanza-del-tamano-de-un-grano-de-mostaza\\\/#organizationLogo\"},\"image\":{\"@id\":\"https:\\\/\\\/www.eldigitaldeasturias.com\\\/noticias\\\/falcao-tengo-una-esperanza-del-tamano-de-un-grano-de-mostaza\\\/#organizationLogo\"},\"sameAs\":[\"https:\\\/\\\/facebook.com\\\/eldigitaldeasturias\",\"https:\\\/\\\/www.youtube.com\\\/channel\\\/UCZP-2wLEB9Rv6erhFmqVnvg\"],\"address\":{\"@id\":\"https:\\\/\\\/www.eldigitaldeasturias.com\\\/noticias\\\/#postaladdress\",\"@type\":\"PostalAddress\",\"streetAddress\":\"san antonio 4\",\"postalCode\":\"33430\",\"addressLocality\":\"Cand\\u00e1s\",\"addressRegion\":\"Asturias\",\"addressCountry\":\"ES\"}},{\"@type\":\"Person\",\"@id\":\"https:\\\/\\\/www.eldigitaldeasturias.com\\\/noticias\\\/author\\\/admin\\\/#author\",\"url\":\"https:\\\/\\\/www.eldigitaldeasturias.com\\\/noticias\\\/author\\\/admin\\\/\",\"name\":\"El Digital de Asturias\",\"image\":{\"@type\":\"ImageObject\",\"@id\":\"https:\\\/\\\/www.eldigitaldeasturias.com\\\/noticias\\\/falcao-tengo-una-esperanza-del-tamano-de-un-grano-de-mostaza\\\/#authorImage\",\"url\":\"https:\\\/\\\/secure.gravatar.com\\\/avatar\\\/df2aeffc32bcd13f8d26072ef8a91b623d677766deac7f97ca815868cd41bf5e?s=96&d=mm&r=g\",\"width\":96,\"height\":96,\"caption\":\"El Digital de Asturias\"}},{\"@type\":\"WebPage\",\"@id\":\"https:\\\/\\\/www.eldigitaldeasturias.com\\\/noticias\\\/falcao-tengo-una-esperanza-del-tamano-de-un-grano-de-mostaza\\\/#webpage\",\"url\":\"https:\\\/\\\/www.eldigitaldeasturias.com\\\/noticias\\\/falcao-tengo-una-esperanza-del-tamano-de-un-grano-de-mostaza\\\/\",\"name\":\"Falcao: \\u00abtengo una esperanza del tama\\u00f1o de un grano de mostaza\\u00bb - El Digital de Asturias\",\"description\":\"Madrid, 23 ene (EFE).- El colombiano Radamel Falcao, cuya lesi\\u00f3n del ligamento cruzado anterior de la rodilla izquierda le deja casi fuera del Mundial, afirm\\u00f3 que tiene todav\\u00eda \\\"una esperanza del tama\\u00f1o de un grano de mostaza\\\" y que a ella se aferra pues considera que \\\"Dios hace posible lo improbable\\\". \\\"Muchas gracias a todos\\\",\",\"inLanguage\":\"es-ES\",\"isPartOf\":{\"@id\":\"https:\\\/\\\/www.eldigitaldeasturias.com\\\/noticias\\\/#website\"},\"breadcrumb\":{\"@id\":\"https:\\\/\\\/www.eldigitaldeasturias.com\\\/noticias\\\/falcao-tengo-una-esperanza-del-tamano-de-un-grano-de-mostaza\\\/#breadcrumblist\"},\"author\":{\"@id\":\"https:\\\/\\\/www.eldigitaldeasturias.com\\\/noticias\\\/author\\\/admin\\\/#author\"},\"creator\":{\"@id\":\"https:\\\/\\\/www.eldigitaldeasturias.com\\\/noticias\\\/author\\\/admin\\\/#author\"},\"image\":{\"@type\":\"ImageObject\",\"url\":\"https:\\\/\\\/www.eldigitaldeasturias.com\\\/noticias\\\/wp-content\\\/uploads\\\/2026\\\/06\\\/Contenidos.jpg\",\"@id\":\"https:\\\/\\\/www.eldigitaldeasturias.com\\\/noticias\\\/falcao-tengo-una-esperanza-del-tamano-de-un-grano-de-mostaza\\\/#mainImage\",\"width\":1265,\"height\":697,\"caption\":\"Contenidos\"},\"primaryImageOfPage\":{\"@id\":\"https:\\\/\\\/www.eldigitaldeasturias.com\\\/noticias\\\/falcao-tengo-una-esperanza-del-tamano-de-un-grano-de-mostaza\\\/#mainImage\"},\"datePublished\":\"2014-01-24T20:12:39+01:00\",\"dateModified\":\"2014-01-24T20:12:39+01:00\"},{\"@type\":\"WebSite\",\"@id\":\"https:\\\/\\\/www.eldigitaldeasturias.com\\\/noticias\\\/#website\",\"url\":\"https:\\\/\\\/www.eldigitaldeasturias.com\\\/noticias\\\/\",\"name\":\"El Digital de Asturias - Diario de actualidad y noticias\",\"alternateName\":\"El Digital de Asturias - Diario de actualidad y noticias\",\"description\":\"Hemeroteca\",\"inLanguage\":\"es-ES\",\"publisher\":{\"@id\":\"https:\\\/\\\/www.eldigitaldeasturias.com\\\/noticias\\\/#organization\"}}]}\n\t\t<\/script>\n\t\t<!-- All in One SEO Pro -->\r\n\t\t<title>Falcao: \u00abtengo una esperanza del tama\u00f1o de un grano de mostaza\u00bb - El Digital de Asturias<\/title>\n\n","aioseo_head_json":{"title":"Falcao: \u00abtengo una esperanza del tama\u00f1o de un grano de mostaza\u00bb - El Digital de Asturias","description":"Madrid, 23 ene (EFE).- El colombiano Radamel Falcao, cuya lesi\u00f3n del ligamento cruzado anterior de la rodilla izquierda le deja casi fuera del Mundial, afirm\u00f3 que tiene todav\u00eda \"una esperanza del tama\u00f1o de un grano de mostaza\" y que a ella se aferra pues considera que \"Dios hace posible lo improbable\". \"Muchas gracias a todos\",","canonical_url":"https:\/\/www.eldigitaldeasturias.com\/noticias\/falcao-tengo-una-esperanza-del-tamano-de-un-grano-de-mostaza\/","robots":"max-image-preview:large","keywords":"actualidad","webmasterTools":{"google-site-verification":"UA-38556648-1","msvalidate.01":"7dfe9f3f1b24437ab69f4f2559babe99","miscellaneous":""},"schema":{"@context":"https:\/\/schema.org","@graph":[{"@type":"BlogPosting","@id":"https:\/\/www.eldigitaldeasturias.com\/noticias\/falcao-tengo-una-esperanza-del-tamano-de-un-grano-de-mostaza\/#blogposting","name":"Falcao: \u00abtengo una esperanza del tama\u00f1o de un grano de mostaza\u00bb - El Digital de Asturias","headline":"Falcao: \u00abtengo una esperanza del tama\u00f1o de un grano de mostaza\u00bb","author":{"@id":"https:\/\/www.eldigitaldeasturias.com\/noticias\/author\/admin\/#author"},"publisher":{"@id":"https:\/\/www.eldigitaldeasturias.com\/noticias\/#organization"},"image":{"@type":"ImageObject","url":"https:\/\/www.eldigitaldeasturias.com\/noticias\/wp-content\/uploads\/2026\/06\/Contenidos.jpg","width":1265,"height":697,"caption":"Contenidos"},"datePublished":"2014-01-24T20:12:39+01:00","dateModified":"2014-01-24T20:12:39+01:00","inLanguage":"es-ES","mainEntityOfPage":{"@id":"https:\/\/www.eldigitaldeasturias.com\/noticias\/falcao-tengo-una-esperanza-del-tamano-de-un-grano-de-mostaza\/#webpage"},"isPartOf":{"@id":"https:\/\/www.eldigitaldeasturias.com\/noticias\/falcao-tengo-una-esperanza-del-tamano-de-un-grano-de-mostaza\/#webpage"},"articleSection":"Actualidad"},{"@type":"BreadcrumbList","@id":"https:\/\/www.eldigitaldeasturias.com\/noticias\/falcao-tengo-una-esperanza-del-tamano-de-un-grano-de-mostaza\/#breadcrumblist","itemListElement":[{"@type":"ListItem","@id":"https:\/\/www.eldigitaldeasturias.com\/noticias#listItem","position":1,"name":"Home","item":"https:\/\/www.eldigitaldeasturias.com\/noticias","nextItem":{"@type":"ListItem","@id":"https:\/\/www.eldigitaldeasturias.com\/noticias\/category\/actualidad\/#listItem","name":"Actualidad"}},{"@type":"ListItem","@id":"https:\/\/www.eldigitaldeasturias.com\/noticias\/category\/actualidad\/#listItem","position":2,"name":"Actualidad","item":"https:\/\/www.eldigitaldeasturias.com\/noticias\/category\/actualidad\/","nextItem":{"@type":"ListItem","@id":"https:\/\/www.eldigitaldeasturias.com\/noticias\/falcao-tengo-una-esperanza-del-tamano-de-un-grano-de-mostaza\/#listItem","name":"Falcao: \u00abtengo una esperanza del tama\u00f1o de un grano de mostaza\u00bb"},"previousItem":{"@type":"ListItem","@id":"https:\/\/www.eldigitaldeasturias.com\/noticias#listItem","name":"Home"}},{"@type":"ListItem","@id":"https:\/\/www.eldigitaldeasturias.com\/noticias\/falcao-tengo-una-esperanza-del-tamano-de-un-grano-de-mostaza\/#listItem","position":3,"name":"Falcao: \u00abtengo una esperanza del tama\u00f1o de un grano de mostaza\u00bb","previousItem":{"@type":"ListItem","@id":"https:\/\/www.eldigitaldeasturias.com\/noticias\/category\/actualidad\/#listItem","name":"Actualidad"}}]},{"@type":"Organization","@id":"https:\/\/www.eldigitaldeasturias.com\/noticias\/#organization","name":"El Digital de Asturias","description":"Hemeroteca","url":"https:\/\/www.eldigitaldeasturias.com\/noticias\/","email":"info@eldigitaldeasturias.com","telephone":"+34652131393","logo":{"@type":"ImageObject","url":"https:\/\/www.eldigitaldeasturias.com\/noticias\/wp-content\/uploads\/2020\/12\/EDA.jpg","@id":"https:\/\/www.eldigitaldeasturias.com\/noticias\/falcao-tengo-una-esperanza-del-tamano-de-un-grano-de-mostaza\/#organizationLogo"},"image":{"@id":"https:\/\/www.eldigitaldeasturias.com\/noticias\/falcao-tengo-una-esperanza-del-tamano-de-un-grano-de-mostaza\/#organizationLogo"},"sameAs":["https:\/\/facebook.com\/eldigitaldeasturias","https:\/\/www.youtube.com\/channel\/UCZP-2wLEB9Rv6erhFmqVnvg"],"address":{"@id":"https:\/\/www.eldigitaldeasturias.com\/noticias\/#postaladdress","@type":"PostalAddress","streetAddress":"san antonio 4","postalCode":"33430","addressLocality":"Cand\u00e1s","addressRegion":"Asturias","addressCountry":"ES"}},{"@type":"Person","@id":"https:\/\/www.eldigitaldeasturias.com\/noticias\/author\/admin\/#author","url":"https:\/\/www.eldigitaldeasturias.com\/noticias\/author\/admin\/","name":"El Digital de Asturias","image":{"@type":"ImageObject","@id":"https:\/\/www.eldigitaldeasturias.com\/noticias\/falcao-tengo-una-esperanza-del-tamano-de-un-grano-de-mostaza\/#authorImage","url":"https:\/\/secure.gravatar.com\/avatar\/df2aeffc32bcd13f8d26072ef8a91b623d677766deac7f97ca815868cd41bf5e?s=96&d=mm&r=g","width":96,"height":96,"caption":"El Digital de Asturias"}},{"@type":"WebPage","@id":"https:\/\/www.eldigitaldeasturias.com\/noticias\/falcao-tengo-una-esperanza-del-tamano-de-un-grano-de-mostaza\/#webpage","url":"https:\/\/www.eldigitaldeasturias.com\/noticias\/falcao-tengo-una-esperanza-del-tamano-de-un-grano-de-mostaza\/","name":"Falcao: \u00abtengo una esperanza del tama\u00f1o de un grano de mostaza\u00bb - El Digital de Asturias","description":"Madrid, 23 ene (EFE).- El colombiano Radamel Falcao, cuya lesi\u00f3n del ligamento cruzado anterior de la rodilla izquierda le deja casi fuera del Mundial, afirm\u00f3 que tiene todav\u00eda \"una esperanza del tama\u00f1o de un grano de mostaza\" y que a ella se aferra pues considera que \"Dios hace posible lo improbable\". \"Muchas gracias a todos\",","inLanguage":"es-ES","isPartOf":{"@id":"https:\/\/www.eldigitaldeasturias.com\/noticias\/#website"},"breadcrumb":{"@id":"https:\/\/www.eldigitaldeasturias.com\/noticias\/falcao-tengo-una-esperanza-del-tamano-de-un-grano-de-mostaza\/#breadcrumblist"},"author":{"@id":"https:\/\/www.eldigitaldeasturias.com\/noticias\/author\/admin\/#author"},"creator":{"@id":"https:\/\/www.eldigitaldeasturias.com\/noticias\/author\/admin\/#author"},"image":{"@type":"ImageObject","url":"https:\/\/www.eldigitaldeasturias.com\/noticias\/wp-content\/uploads\/2026\/06\/Contenidos.jpg","@id":"https:\/\/www.eldigitaldeasturias.com\/noticias\/falcao-tengo-una-esperanza-del-tamano-de-un-grano-de-mostaza\/#mainImage","width":1265,"height":697,"caption":"Contenidos"},"primaryImageOfPage":{"@id":"https:\/\/www.eldigitaldeasturias.com\/noticias\/falcao-tengo-una-esperanza-del-tamano-de-un-grano-de-mostaza\/#mainImage"},"datePublished":"2014-01-24T20:12:39+01:00","dateModified":"2014-01-24T20:12:39+01:00"},{"@type":"WebSite","@id":"https:\/\/www.eldigitaldeasturias.com\/noticias\/#website","url":"https:\/\/www.eldigitaldeasturias.com\/noticias\/","name":"El Digital de Asturias - Diario de actualidad y noticias","alternateName":"El Digital de Asturias - Diario de actualidad y noticias","description":"Hemeroteca","inLanguage":"es-ES","publisher":{"@id":"https:\/\/www.eldigitaldeasturias.com\/noticias\/#organization"}}]},"og:locale":"es_ES","og:site_name":"El Digital de Asturias","og:type":"article","og:title":"Falcao: \u00abtengo una esperanza del tama\u00f1o de un grano de mostaza\u00bb - El Digital de Asturias","og:description":"Madrid, 23 ene (EFE).- El colombiano Radamel Falcao, cuya lesi\u00f3n del ligamento cruzado anterior de la rodilla izquierda le deja casi fuera del Mundial, afirm\u00f3 que tiene todav\u00eda &quot;una esperanza del tama\u00f1o de un grano de mostaza&quot; y que a ella se aferra pues considera que &quot;Dios hace posible lo improbable&quot;. &quot;Muchas gracias a todos&quot;,","og:url":"https:\/\/www.eldigitaldeasturias.com\/noticias\/falcao-tengo-una-esperanza-del-tamano-de-un-grano-de-mostaza\/","og:image":"https:\/\/www.eldigitaldeasturias.com\/noticias\/wp-content\/uploads\/2026\/06\/Contenidos.jpg","og:image:secure_url":"https:\/\/www.eldigitaldeasturias.com\/noticias\/wp-content\/uploads\/2026\/06\/Contenidos.jpg","og:image:width":1265,"og:image:height":697,"article:tag":["actualidad"],"article:published_time":"2014-01-24T21:12:39+00:00","article:modified_time":"2014-01-24T21:12:39+00:00","article:publisher":"https:\/\/facebook.com\/eldigitaldeasturias","twitter:card":"summary_large_image","twitter:title":"Falcao: \u00abtengo una esperanza del tama\u00f1o de un grano de mostaza\u00bb - El Digital de Asturias","twitter:description":"Madrid, 23 ene (EFE).- El colombiano Radamel Falcao, cuya lesi\u00f3n del ligamento cruzado anterior de la rodilla izquierda le deja casi fuera del Mundial, afirm\u00f3 que tiene todav\u00eda &quot;una esperanza del tama\u00f1o de un grano de mostaza&quot; y que a ella se aferra pues considera que &quot;Dios hace posible lo improbable&quot;. &quot;Muchas gracias a todos&quot;,","twitter:image":"https:\/\/www.eldigitaldeasturias.com\/noticias\/wp-content\/uploads\/2026\/06\/Contenidos.jpg","twitter:label1":"Escrito por","twitter:data1":"El Digital de Asturias","twitter:label2":"Tiempo de lectura estimado","twitter:data2":"2 minutos"},"aioseo_meta_data":{"post_id":"478310","title":null,"description":null,"keywords":null,"keyphrases":null,"primary_term":null,"canonical_url":null,"og_title":null,"og_description":null,"og_object_type":"default","og_image_type":"default","og_image_url":null,"og_image_width":null,"og_image_height":null,"og_image_custom_url":null,"og_image_custom_fields":null,"og_video":null,"og_custom_url":null,"og_article_section":null,"og_article_tags":null,"twitter_use_og":true,"twitter_card":"default","twitter_image_type":"default","twitter_image_url":null,"twitter_image_custom_url":null,"twitter_image_custom_fields":null,"twitter_title":null,"twitter_description":null,"schema":{"blockGraphs":[],"customGraphs":[],"default":{"data":{"Article":[],"Course":[],"Dataset":[],"FAQPage":[],"Movie":[],"Person":[],"Product":[],"ProductReview":[],"Car":[],"Recipe":[],"Service":[],"SoftwareApplication":[],"WebPage":[]},"graphName":"","isEnabled":true},"graphs":[],"defaultGraph":"","defaultPostTypeGraph":""},"schema_type":null,"schema_type_options":null,"pillar_content":false,"robots_default":true,"robots_noindex":false,"robots_noarchive":false,"robots_nosnippet":false,"robots_nofollow":false,"robots_noimageindex":false,"robots_noodp":false,"robots_notranslate":false,"robots_max_snippet":null,"robots_max_videopreview":null,"robots_max_imagepreview":"none","priority":null,"frequency":null,"local_seo":null,"seo_analyzer_scan_date":"2026-06-01 21:08:46","breadcrumb_settings":null,"limit_modified_date":false,"open_ai":null,"ai":null,"created":"2020-11-14 22:53:55","updated":"2026-06-01 21:08:46","focus_keyword":null,"additional_keywords":null,"truseo_locale":null},"aioseo_breadcrumb":"<div class=\"aioseo-breadcrumbs\"><span class=\"aioseo-breadcrumb\">\n\t<a href=\"https:\/\/www.eldigitaldeasturias.com\/noticias\" title=\"Home\">Home<\/a>\n<\/span><span class=\"aioseo-breadcrumb-separator\">\u2013<\/span><span class=\"aioseo-breadcrumb\">\n\t<a href=\"https:\/\/www.eldigitaldeasturias.com\/noticias\/category\/actualidad\/\" title=\"Actualidad\">Actualidad<\/a>\n<\/span><span class=\"aioseo-breadcrumb-separator\">\u2013<\/span><span class=\"aioseo-breadcrumb\">\n\t<a href=\"https:\/\/www.eldigitaldeasturias.com\/noticias\/falcao-tengo-una-esperanza-del-tamano-de-un-grano-de-mostaza\/\" title=\"Falcao: \u00abtengo una esperanza del tama\u00f1o de un grano de mostaza\u00bb\">Falcao: \u00abtengo una esperanza del tama\u00f1o de un grano de mostaza\u00bb<\/a>\n<\/span><\/div>","aioseo_breadcrumb_json":[{"label":"Home","link":"https:\/\/www.eldigitaldeasturias.com\/noticias"},{"label":"Actualidad","link":"https:\/\/www.eldigitaldeasturias.com\/noticias\/category\/actualidad\/"},{"label":"Falcao: \u00abtengo una esperanza del tama\u00f1o de un grano de mostaza\u00bb","link":"https:\/\/www.eldigitaldeasturias.com\/noticias\/falcao-tengo-una-esperanza-del-tamano-de-un-grano-de-mostaza\/"}],"_links":{"self":[{"href":"https:\/\/www.eldigitaldeasturias.com\/noticias\/wp-json\/wp\/v2\/posts\/478310","targetHints":{"allow":["GET"]}}],"collection":[{"href":"https:\/\/www.eldigitaldeasturias.com\/noticias\/wp-json\/wp\/v2\/posts"}],"about":[{"href":"https:\/\/www.eldigitaldeasturias.com\/noticias\/wp-json\/wp\/v2\/types\/post"}],"author":[{"embeddable":true,"href":"https:\/\/www.eldigitaldeasturias.com\/noticias\/wp-json\/wp\/v2\/users\/1"}],"replies":[{"embeddable":true,"href":"https:\/\/www.eldigitaldeasturias.com\/noticias\/wp-json\/wp\/v2\/comments?post=478310"}],"version-history":[{"count":0,"href":"https:\/\/www.eldigitaldeasturias.com\/noticias\/wp-json\/wp\/v2\/posts\/478310\/revisions"}],"wp:featuredmedia":[{"embeddable":true,"href":"https:\/\/www.eldigitaldeasturias.com\/noticias\/wp-json\/wp\/v2\/media\/1132184"}],"wp:attachment":[{"href":"https:\/\/www.eldigitaldeasturias.com\/noticias\/wp-json\/wp\/v2\/media?parent=478310"}],"wp:term":[{"taxonomy":"category","embeddable":true,"href":"https:\/\/www.eldigitaldeasturias.com\/noticias\/wp-json\/wp\/v2\/categories?post=478310"},{"taxonomy":"post_tag","embeddable":true,"href":"https:\/\/www.eldigitaldeasturias.com\/noticias\/wp-json\/wp\/v2\/tags?post=478310"}],"curies":[{"name":"wp","href":"https:\/\/api.w.org\/{rel}","templated":true}]}}