{"id":478292,"date":"2014-01-24T17:40:11","date_gmt":"2014-01-24T18:40:11","guid":{"rendered":"http:\/\/www.eldigitaldeasturias.com\/noticias\/?p=478292"},"modified":"2014-01-24T17:40:11","modified_gmt":"2014-01-24T18:40:11","slug":"ban-celebra-el-acuerdo-de-alto-el-fuego-en-sudan-del-sur","status":"publish","type":"post","link":"https:\/\/www.eldigitaldeasturias.com\/noticias\/ban-celebra-el-acuerdo-de-alto-el-fuego-en-sudan-del-sur\/","title":{"rendered":"Ban celebra el acuerdo de alto el fuego en Sud\u00e1n del Sur"},"content":{"rendered":"<p><img loading=\"lazy\" decoding=\"async\" class=\"alignleft size-medium wp-image-478293\" alt=\"5872546w\" src=\"https:\/\/www.eldigitaldeasturias.com\/noticias\/wp-content\/uploads\/2014\/01\/5872546w-360x225.jpg\" width=\"360\" height=\"225\" \/>Naciones Unidas, 23 ene (EFE).- El secretario general de la ONU, Ban Ki-moon, celebr\u00f3 hoy el acuerdo de alto el fuego firmado por el Gobierno de Sud\u00e1n del Sur y los rebeldes despu\u00e9s de m\u00e1s de un mes de un conflicto que dej\u00f3 al pa\u00eds al borde la guerra civil.<\/p>\n<p>\u00abEspero sinceramente que este acuerdo de paz dar\u00e1 una oportunidad a los sursudaneses para que sus dirigentes puedas concentrar sus energ\u00edas y recursos en ayuda a la poblaci\u00f3n\u00bb, dijo Ban desde Davos, donde particip\u00f3 en un evento sobre lucha contra el hambre, seg\u00fan un comunicado distribuido por la oficina de su portavoz.<\/p>\n<p>El m\u00e1ximo responsable de Naciones Unidas se mostr\u00f3 \u00abmuy esperanzado\u00bb por las \u00abbuenas noticias\u00bb procedentes de Adis Abeba, donde las partes firmaron el acuerdo tras semanas de negociaciones.<\/p>\n<p>Ban destac\u00f3 que el acuerdo de alto el fuego se firm\u00f3 gracias a los auspicios de la Autoridad Intergubernamental para el Desarrollo (IGAD), el bloque regional mediador de \u00c1frica Oriental en la crisis de Sud\u00e1n del Sur, y con la \u00abimplicaci\u00f3n activa\u00bb de la ONU.<\/p>\n<p>Ambas partes acordaron hoy en la capital de Etiop\u00eda decretar un alto el fuego y buscar una soluci\u00f3n al asunto de los rebeldes detenidos por el Gobierno sursudan\u00e9s, cuesti\u00f3n que hab\u00eda obstaculizado el di\u00e1logo.<\/p>\n<p>El pacto fue firmado por los jefes de la delegaci\u00f3n de Gobierno sursudan\u00e9s, teniente general Nhail Deng Nhail, y de la delegaci\u00f3n rebelde, general Taban Deng, en la sala de un hotel de Adis Abeba abarrotada de diplom\u00e1ticos y periodistas.<\/p>\n<p>Con el fin de poner fin a la violencia, el Gobierno y los rebeldes sursudaneses hab\u00edan acordado la semana pasada parte de los detalles de un alto el fuego, si bien persist\u00edan puntos de fricci\u00f3n, como las condiciones para ponerlo en marcha.<\/p>\n<p>Los l\u00edderes de los siete pa\u00edses de \u00c1frica Oriental que forman el IGAD han aprobado el env\u00edo a Sud\u00e1n del Sur de una fuerza pacificadora de 5.500 soldados, anunci\u00f3 ayer la ministra de Exteriores de Kenia, Amina Mohamed.<\/p>\n<p>Con esa decisi\u00f3n, la IGAD da curso a una resoluci\u00f3n de la ONU, que el pasado 24 de diciembre aprobaba redoblar su presencia en Sud\u00e1n del Sur con 5.500 cascos azules m\u00e1s, que ser\u00e1n aportados por algunos de los pa\u00edses miembros de la organizaci\u00f3n regional.<\/p>\n<p>El conflicto en Sud\u00e1n del Sur estall\u00f3 el pasado 15 de diciembre, cuando el presidente del pa\u00eds, Salva Kir, acus\u00f3 a su exvicepresidente y actual l\u00edder rebelde, Riek Mashar, de una intentona golpista.<\/p>\n<p>Cerca de 10.000 personas han fallecido durante los enfrentamientos, seg\u00fan c\u00e1lculos del Grupo Internacional de Crisis, una organizaci\u00f3n internacional no gubernamental especializada en el an\u00e1lisis de conflictos.<\/p>\n","protected":false},"excerpt":{"rendered":"<p>Naciones Unidas, 23 ene (EFE).- El secretario general de la ONU, Ban Ki-moon, celebr\u00f3 hoy el acuerdo de alto el fuego firmado por el Gobierno de Sud\u00e1n del Sur y los rebeldes despu\u00e9s de m\u00e1s de un mes de un conflicto que dej\u00f3 al pa\u00eds al borde la guerra civil. \u00abEspero sinceramente que este acuerdo [&hellip;]<\/p>\n","protected":false},"author":1,"featured_media":1132184,"comment_status":"closed","ping_status":"open","sticky":false,"template":"","format":"standard","meta":{"footnotes":""},"categories":[1],"tags":[],"class_list":["post-478292","post","type-post","status-publish","format-standard","has-post-thumbnail","hentry","category-actualidad"],"aioseo_notices":[],"aioseo_head":"\n\t\t<!-- All in One SEO Pro 5.0.1 - aioseo.com -->\n\t<meta name=\"description\" content=\"Naciones Unidas, 23 ene (EFE).- El secretario general de la ONU, Ban Ki-moon, celebr\u00f3 hoy el acuerdo de alto el fuego firmado por el Gobierno de Sud\u00e1n del Sur y los rebeldes despu\u00e9s de m\u00e1s de un mes de un conflicto que dej\u00f3 al pa\u00eds al borde la guerra civil. &quot;Espero sinceramente que este acuerdo\" \/>\n\t<meta name=\"robots\" content=\"max-image-preview:large\" \/>\n\t<meta name=\"author\" content=\"El Digital de Asturias\"\/>\n\t<meta name=\"google-site-verification\" content=\"UA-38556648-1\" \/>\n\t<meta name=\"msvalidate.01\" content=\"7dfe9f3f1b24437ab69f4f2559babe99\" \/>\n\t<meta name=\"keywords\" content=\"actualidad\" \/>\n\t<link rel=\"canonical\" href=\"https:\/\/www.eldigitaldeasturias.com\/noticias\/ban-celebra-el-acuerdo-de-alto-el-fuego-en-sudan-del-sur\/\" \/>\n\t<meta name=\"generator\" content=\"All in One SEO Pro (AIOSEO) 5.0.1\" \/>\n\t\t<meta property=\"og:locale\" content=\"es_ES\" \/>\n\t\t<meta property=\"og:site_name\" content=\"El Digital de Asturias\" \/>\n\t\t<meta property=\"og:type\" content=\"article\" \/>\n\t\t<meta property=\"og:title\" content=\"Ban celebra el acuerdo de alto el fuego en Sud\u00e1n del Sur - El Digital de Asturias\" \/>\n\t\t<meta property=\"og:description\" content=\"Naciones Unidas, 23 ene (EFE).- El secretario general de la ONU, Ban Ki-moon, celebr\u00f3 hoy el acuerdo de alto el fuego firmado por el Gobierno de Sud\u00e1n del Sur y los rebeldes despu\u00e9s de m\u00e1s de un mes de un conflicto que dej\u00f3 al pa\u00eds al borde la guerra civil. &quot;Espero sinceramente que este acuerdo\" \/>\n\t\t<meta property=\"og:url\" content=\"https:\/\/www.eldigitaldeasturias.com\/noticias\/ban-celebra-el-acuerdo-de-alto-el-fuego-en-sudan-del-sur\/\" \/>\n\t\t<meta property=\"og:image\" content=\"https:\/\/www.eldigitaldeasturias.com\/noticias\/wp-content\/uploads\/2026\/06\/Contenidos.jpg\" \/>\n\t\t<meta property=\"og:image:secure_url\" content=\"https:\/\/www.eldigitaldeasturias.com\/noticias\/wp-content\/uploads\/2026\/06\/Contenidos.jpg\" \/>\n\t\t<meta property=\"og:image:width\" content=\"1265\" \/>\n\t\t<meta property=\"og:image:height\" content=\"697\" \/>\n\t\t<meta property=\"article:tag\" content=\"actualidad\" \/>\n\t\t<meta property=\"article:published_time\" content=\"2014-01-24T18:40:11+00:00\" \/>\n\t\t<meta property=\"article:modified_time\" content=\"2014-01-24T18:40:11+00:00\" \/>\n\t\t<meta property=\"article:publisher\" content=\"https:\/\/facebook.com\/eldigitaldeasturias\" \/>\n\t\t<meta name=\"twitter:card\" content=\"summary_large_image\" \/>\n\t\t<meta name=\"twitter:title\" content=\"Ban celebra el acuerdo de alto el fuego en Sud\u00e1n del Sur - El Digital de Asturias\" \/>\n\t\t<meta name=\"twitter:description\" content=\"Naciones Unidas, 23 ene (EFE).- El secretario general de la ONU, Ban Ki-moon, celebr\u00f3 hoy el acuerdo de alto el fuego firmado por el Gobierno de Sud\u00e1n del Sur y los rebeldes despu\u00e9s de m\u00e1s de un mes de un conflicto que dej\u00f3 al pa\u00eds al borde la guerra civil. &quot;Espero sinceramente que este acuerdo\" \/>\n\t\t<meta name=\"twitter:image\" content=\"https:\/\/www.eldigitaldeasturias.com\/noticias\/wp-content\/uploads\/2026\/06\/Contenidos.jpg\" \/>\n\t\t<meta name=\"twitter:label1\" content=\"Escrito por\" \/>\n\t\t<meta name=\"twitter:data1\" content=\"El Digital de Asturias\" \/>\n\t\t<meta name=\"twitter:label2\" content=\"Tiempo de lectura estimado\" \/>\n\t\t<meta name=\"twitter:data2\" content=\"2 minutos\" \/>\n\t\t<script type=\"application\/ld+json\" class=\"aioseo-schema\">\n\t\t\t{\"@context\":\"https:\\\/\\\/schema.org\",\"@graph\":[{\"@type\":\"BlogPosting\",\"@id\":\"https:\\\/\\\/www.eldigitaldeasturias.com\\\/noticias\\\/ban-celebra-el-acuerdo-de-alto-el-fuego-en-sudan-del-sur\\\/#blogposting\",\"name\":\"Ban celebra el acuerdo de alto el fuego en Sud\\u00e1n del Sur - El Digital de Asturias\",\"headline\":\"Ban celebra el acuerdo de alto el fuego en Sud\\u00e1n del Sur\",\"author\":{\"@id\":\"https:\\\/\\\/www.eldigitaldeasturias.com\\\/noticias\\\/author\\\/admin\\\/#author\"},\"publisher\":{\"@id\":\"https:\\\/\\\/www.eldigitaldeasturias.com\\\/noticias\\\/#organization\"},\"image\":{\"@type\":\"ImageObject\",\"url\":\"https:\\\/\\\/www.eldigitaldeasturias.com\\\/noticias\\\/wp-content\\\/uploads\\\/2026\\\/06\\\/Contenidos.jpg\",\"width\":1265,\"height\":697,\"caption\":\"Contenidos\"},\"datePublished\":\"2014-01-24T17:40:11+01:00\",\"dateModified\":\"2014-01-24T17:40:11+01:00\",\"inLanguage\":\"es-ES\",\"mainEntityOfPage\":{\"@id\":\"https:\\\/\\\/www.eldigitaldeasturias.com\\\/noticias\\\/ban-celebra-el-acuerdo-de-alto-el-fuego-en-sudan-del-sur\\\/#webpage\"},\"isPartOf\":{\"@id\":\"https:\\\/\\\/www.eldigitaldeasturias.com\\\/noticias\\\/ban-celebra-el-acuerdo-de-alto-el-fuego-en-sudan-del-sur\\\/#webpage\"},\"articleSection\":\"Actualidad\"},{\"@type\":\"BreadcrumbList\",\"@id\":\"https:\\\/\\\/www.eldigitaldeasturias.com\\\/noticias\\\/ban-celebra-el-acuerdo-de-alto-el-fuego-en-sudan-del-sur\\\/#breadcrumblist\",\"itemListElement\":[{\"@type\":\"ListItem\",\"@id\":\"https:\\\/\\\/www.eldigitaldeasturias.com\\\/noticias#listItem\",\"position\":1,\"name\":\"Home\",\"item\":\"https:\\\/\\\/www.eldigitaldeasturias.com\\\/noticias\",\"nextItem\":{\"@type\":\"ListItem\",\"@id\":\"https:\\\/\\\/www.eldigitaldeasturias.com\\\/noticias\\\/category\\\/actualidad\\\/#listItem\",\"name\":\"Actualidad\"}},{\"@type\":\"ListItem\",\"@id\":\"https:\\\/\\\/www.eldigitaldeasturias.com\\\/noticias\\\/category\\\/actualidad\\\/#listItem\",\"position\":2,\"name\":\"Actualidad\",\"item\":\"https:\\\/\\\/www.eldigitaldeasturias.com\\\/noticias\\\/category\\\/actualidad\\\/\",\"nextItem\":{\"@type\":\"ListItem\",\"@id\":\"https:\\\/\\\/www.eldigitaldeasturias.com\\\/noticias\\\/ban-celebra-el-acuerdo-de-alto-el-fuego-en-sudan-del-sur\\\/#listItem\",\"name\":\"Ban celebra el acuerdo de alto el fuego en Sud\\u00e1n del Sur\"},\"previousItem\":{\"@type\":\"ListItem\",\"@id\":\"https:\\\/\\\/www.eldigitaldeasturias.com\\\/noticias#listItem\",\"name\":\"Home\"}},{\"@type\":\"ListItem\",\"@id\":\"https:\\\/\\\/www.eldigitaldeasturias.com\\\/noticias\\\/ban-celebra-el-acuerdo-de-alto-el-fuego-en-sudan-del-sur\\\/#listItem\",\"position\":3,\"name\":\"Ban celebra el acuerdo de alto el fuego en Sud\\u00e1n del Sur\",\"previousItem\":{\"@type\":\"ListItem\",\"@id\":\"https:\\\/\\\/www.eldigitaldeasturias.com\\\/noticias\\\/category\\\/actualidad\\\/#listItem\",\"name\":\"Actualidad\"}}]},{\"@type\":\"Organization\",\"@id\":\"https:\\\/\\\/www.eldigitaldeasturias.com\\\/noticias\\\/#organization\",\"name\":\"El Digital de Asturias\",\"description\":\"Hemeroteca\",\"url\":\"https:\\\/\\\/www.eldigitaldeasturias.com\\\/noticias\\\/\",\"email\":\"info@eldigitaldeasturias.com\",\"telephone\":\"+34652131393\",\"logo\":{\"@type\":\"ImageObject\",\"url\":\"https:\\\/\\\/www.eldigitaldeasturias.com\\\/noticias\\\/wp-content\\\/uploads\\\/2020\\\/12\\\/EDA.jpg\",\"@id\":\"https:\\\/\\\/www.eldigitaldeasturias.com\\\/noticias\\\/ban-celebra-el-acuerdo-de-alto-el-fuego-en-sudan-del-sur\\\/#organizationLogo\"},\"image\":{\"@id\":\"https:\\\/\\\/www.eldigitaldeasturias.com\\\/noticias\\\/ban-celebra-el-acuerdo-de-alto-el-fuego-en-sudan-del-sur\\\/#organizationLogo\"},\"sameAs\":[\"https:\\\/\\\/facebook.com\\\/eldigitaldeasturias\",\"https:\\\/\\\/www.youtube.com\\\/channel\\\/UCZP-2wLEB9Rv6erhFmqVnvg\"],\"address\":{\"@id\":\"https:\\\/\\\/www.eldigitaldeasturias.com\\\/noticias\\\/#postaladdress\",\"@type\":\"PostalAddress\",\"streetAddress\":\"san antonio 4\",\"postalCode\":\"33430\",\"addressLocality\":\"Cand\\u00e1s\",\"addressRegion\":\"Asturias\",\"addressCountry\":\"ES\"}},{\"@type\":\"Person\",\"@id\":\"https:\\\/\\\/www.eldigitaldeasturias.com\\\/noticias\\\/author\\\/admin\\\/#author\",\"url\":\"https:\\\/\\\/www.eldigitaldeasturias.com\\\/noticias\\\/author\\\/admin\\\/\",\"name\":\"El Digital de Asturias\",\"image\":{\"@type\":\"ImageObject\",\"@id\":\"https:\\\/\\\/www.eldigitaldeasturias.com\\\/noticias\\\/ban-celebra-el-acuerdo-de-alto-el-fuego-en-sudan-del-sur\\\/#authorImage\",\"url\":\"https:\\\/\\\/secure.gravatar.com\\\/avatar\\\/df2aeffc32bcd13f8d26072ef8a91b623d677766deac7f97ca815868cd41bf5e?s=96&d=mm&r=g\",\"width\":96,\"height\":96,\"caption\":\"El Digital de Asturias\"}},{\"@type\":\"WebPage\",\"@id\":\"https:\\\/\\\/www.eldigitaldeasturias.com\\\/noticias\\\/ban-celebra-el-acuerdo-de-alto-el-fuego-en-sudan-del-sur\\\/#webpage\",\"url\":\"https:\\\/\\\/www.eldigitaldeasturias.com\\\/noticias\\\/ban-celebra-el-acuerdo-de-alto-el-fuego-en-sudan-del-sur\\\/\",\"name\":\"Ban celebra el acuerdo de alto el fuego en Sud\\u00e1n del Sur - El Digital de Asturias\",\"description\":\"Naciones Unidas, 23 ene (EFE).- El secretario general de la ONU, Ban Ki-moon, celebr\\u00f3 hoy el acuerdo de alto el fuego firmado por el Gobierno de Sud\\u00e1n del Sur y los rebeldes despu\\u00e9s de m\\u00e1s de un mes de un conflicto que dej\\u00f3 al pa\\u00eds al borde la guerra civil. \\\"Espero sinceramente que este acuerdo\",\"inLanguage\":\"es-ES\",\"isPartOf\":{\"@id\":\"https:\\\/\\\/www.eldigitaldeasturias.com\\\/noticias\\\/#website\"},\"breadcrumb\":{\"@id\":\"https:\\\/\\\/www.eldigitaldeasturias.com\\\/noticias\\\/ban-celebra-el-acuerdo-de-alto-el-fuego-en-sudan-del-sur\\\/#breadcrumblist\"},\"author\":{\"@id\":\"https:\\\/\\\/www.eldigitaldeasturias.com\\\/noticias\\\/author\\\/admin\\\/#author\"},\"creator\":{\"@id\":\"https:\\\/\\\/www.eldigitaldeasturias.com\\\/noticias\\\/author\\\/admin\\\/#author\"},\"image\":{\"@type\":\"ImageObject\",\"url\":\"https:\\\/\\\/www.eldigitaldeasturias.com\\\/noticias\\\/wp-content\\\/uploads\\\/2026\\\/06\\\/Contenidos.jpg\",\"@id\":\"https:\\\/\\\/www.eldigitaldeasturias.com\\\/noticias\\\/ban-celebra-el-acuerdo-de-alto-el-fuego-en-sudan-del-sur\\\/#mainImage\",\"width\":1265,\"height\":697,\"caption\":\"Contenidos\"},\"primaryImageOfPage\":{\"@id\":\"https:\\\/\\\/www.eldigitaldeasturias.com\\\/noticias\\\/ban-celebra-el-acuerdo-de-alto-el-fuego-en-sudan-del-sur\\\/#mainImage\"},\"datePublished\":\"2014-01-24T17:40:11+01:00\",\"dateModified\":\"2014-01-24T17:40:11+01:00\"},{\"@type\":\"WebSite\",\"@id\":\"https:\\\/\\\/www.eldigitaldeasturias.com\\\/noticias\\\/#website\",\"url\":\"https:\\\/\\\/www.eldigitaldeasturias.com\\\/noticias\\\/\",\"name\":\"El Digital de Asturias - Diario de actualidad y noticias\",\"alternateName\":\"El Digital de Asturias - Diario de actualidad y noticias\",\"description\":\"Hemeroteca\",\"inLanguage\":\"es-ES\",\"publisher\":{\"@id\":\"https:\\\/\\\/www.eldigitaldeasturias.com\\\/noticias\\\/#organization\"}}]}\n\t\t<\/script>\n\t\t<!-- All in One SEO Pro -->\r\n\t\t<title>Ban celebra el acuerdo de alto el fuego en Sud\u00e1n del Sur - El Digital de Asturias<\/title>\n\n","aioseo_head_json":{"title":"Ban celebra el acuerdo de alto el fuego en Sud\u00e1n del Sur - El Digital de Asturias","description":"Naciones Unidas, 23 ene (EFE).- El secretario general de la ONU, Ban Ki-moon, celebr\u00f3 hoy el acuerdo de alto el fuego firmado por el Gobierno de Sud\u00e1n del Sur y los rebeldes despu\u00e9s de m\u00e1s de un mes de un conflicto que dej\u00f3 al pa\u00eds al borde la guerra civil. \"Espero sinceramente que este acuerdo","canonical_url":"https:\/\/www.eldigitaldeasturias.com\/noticias\/ban-celebra-el-acuerdo-de-alto-el-fuego-en-sudan-del-sur\/","robots":"max-image-preview:large","keywords":"actualidad","webmasterTools":{"google-site-verification":"UA-38556648-1","msvalidate.01":"7dfe9f3f1b24437ab69f4f2559babe99","miscellaneous":""},"schema":{"@context":"https:\/\/schema.org","@graph":[{"@type":"BlogPosting","@id":"https:\/\/www.eldigitaldeasturias.com\/noticias\/ban-celebra-el-acuerdo-de-alto-el-fuego-en-sudan-del-sur\/#blogposting","name":"Ban celebra el acuerdo de alto el fuego en Sud\u00e1n del Sur - El Digital de Asturias","headline":"Ban celebra el acuerdo de alto el fuego en Sud\u00e1n del Sur","author":{"@id":"https:\/\/www.eldigitaldeasturias.com\/noticias\/author\/admin\/#author"},"publisher":{"@id":"https:\/\/www.eldigitaldeasturias.com\/noticias\/#organization"},"image":{"@type":"ImageObject","url":"https:\/\/www.eldigitaldeasturias.com\/noticias\/wp-content\/uploads\/2026\/06\/Contenidos.jpg","width":1265,"height":697,"caption":"Contenidos"},"datePublished":"2014-01-24T17:40:11+01:00","dateModified":"2014-01-24T17:40:11+01:00","inLanguage":"es-ES","mainEntityOfPage":{"@id":"https:\/\/www.eldigitaldeasturias.com\/noticias\/ban-celebra-el-acuerdo-de-alto-el-fuego-en-sudan-del-sur\/#webpage"},"isPartOf":{"@id":"https:\/\/www.eldigitaldeasturias.com\/noticias\/ban-celebra-el-acuerdo-de-alto-el-fuego-en-sudan-del-sur\/#webpage"},"articleSection":"Actualidad"},{"@type":"BreadcrumbList","@id":"https:\/\/www.eldigitaldeasturias.com\/noticias\/ban-celebra-el-acuerdo-de-alto-el-fuego-en-sudan-del-sur\/#breadcrumblist","itemListElement":[{"@type":"ListItem","@id":"https:\/\/www.eldigitaldeasturias.com\/noticias#listItem","position":1,"name":"Home","item":"https:\/\/www.eldigitaldeasturias.com\/noticias","nextItem":{"@type":"ListItem","@id":"https:\/\/www.eldigitaldeasturias.com\/noticias\/category\/actualidad\/#listItem","name":"Actualidad"}},{"@type":"ListItem","@id":"https:\/\/www.eldigitaldeasturias.com\/noticias\/category\/actualidad\/#listItem","position":2,"name":"Actualidad","item":"https:\/\/www.eldigitaldeasturias.com\/noticias\/category\/actualidad\/","nextItem":{"@type":"ListItem","@id":"https:\/\/www.eldigitaldeasturias.com\/noticias\/ban-celebra-el-acuerdo-de-alto-el-fuego-en-sudan-del-sur\/#listItem","name":"Ban celebra el acuerdo de alto el fuego en Sud\u00e1n del Sur"},"previousItem":{"@type":"ListItem","@id":"https:\/\/www.eldigitaldeasturias.com\/noticias#listItem","name":"Home"}},{"@type":"ListItem","@id":"https:\/\/www.eldigitaldeasturias.com\/noticias\/ban-celebra-el-acuerdo-de-alto-el-fuego-en-sudan-del-sur\/#listItem","position":3,"name":"Ban celebra el acuerdo de alto el fuego en Sud\u00e1n del Sur","previousItem":{"@type":"ListItem","@id":"https:\/\/www.eldigitaldeasturias.com\/noticias\/category\/actualidad\/#listItem","name":"Actualidad"}}]},{"@type":"Organization","@id":"https:\/\/www.eldigitaldeasturias.com\/noticias\/#organization","name":"El Digital de Asturias","description":"Hemeroteca","url":"https:\/\/www.eldigitaldeasturias.com\/noticias\/","email":"info@eldigitaldeasturias.com","telephone":"+34652131393","logo":{"@type":"ImageObject","url":"https:\/\/www.eldigitaldeasturias.com\/noticias\/wp-content\/uploads\/2020\/12\/EDA.jpg","@id":"https:\/\/www.eldigitaldeasturias.com\/noticias\/ban-celebra-el-acuerdo-de-alto-el-fuego-en-sudan-del-sur\/#organizationLogo"},"image":{"@id":"https:\/\/www.eldigitaldeasturias.com\/noticias\/ban-celebra-el-acuerdo-de-alto-el-fuego-en-sudan-del-sur\/#organizationLogo"},"sameAs":["https:\/\/facebook.com\/eldigitaldeasturias","https:\/\/www.youtube.com\/channel\/UCZP-2wLEB9Rv6erhFmqVnvg"],"address":{"@id":"https:\/\/www.eldigitaldeasturias.com\/noticias\/#postaladdress","@type":"PostalAddress","streetAddress":"san antonio 4","postalCode":"33430","addressLocality":"Cand\u00e1s","addressRegion":"Asturias","addressCountry":"ES"}},{"@type":"Person","@id":"https:\/\/www.eldigitaldeasturias.com\/noticias\/author\/admin\/#author","url":"https:\/\/www.eldigitaldeasturias.com\/noticias\/author\/admin\/","name":"El Digital de Asturias","image":{"@type":"ImageObject","@id":"https:\/\/www.eldigitaldeasturias.com\/noticias\/ban-celebra-el-acuerdo-de-alto-el-fuego-en-sudan-del-sur\/#authorImage","url":"https:\/\/secure.gravatar.com\/avatar\/df2aeffc32bcd13f8d26072ef8a91b623d677766deac7f97ca815868cd41bf5e?s=96&d=mm&r=g","width":96,"height":96,"caption":"El Digital de Asturias"}},{"@type":"WebPage","@id":"https:\/\/www.eldigitaldeasturias.com\/noticias\/ban-celebra-el-acuerdo-de-alto-el-fuego-en-sudan-del-sur\/#webpage","url":"https:\/\/www.eldigitaldeasturias.com\/noticias\/ban-celebra-el-acuerdo-de-alto-el-fuego-en-sudan-del-sur\/","name":"Ban celebra el acuerdo de alto el fuego en Sud\u00e1n del Sur - El Digital de Asturias","description":"Naciones Unidas, 23 ene (EFE).- El secretario general de la ONU, Ban Ki-moon, celebr\u00f3 hoy el acuerdo de alto el fuego firmado por el Gobierno de Sud\u00e1n del Sur y los rebeldes despu\u00e9s de m\u00e1s de un mes de un conflicto que dej\u00f3 al pa\u00eds al borde la guerra civil. \"Espero sinceramente que este acuerdo","inLanguage":"es-ES","isPartOf":{"@id":"https:\/\/www.eldigitaldeasturias.com\/noticias\/#website"},"breadcrumb":{"@id":"https:\/\/www.eldigitaldeasturias.com\/noticias\/ban-celebra-el-acuerdo-de-alto-el-fuego-en-sudan-del-sur\/#breadcrumblist"},"author":{"@id":"https:\/\/www.eldigitaldeasturias.com\/noticias\/author\/admin\/#author"},"creator":{"@id":"https:\/\/www.eldigitaldeasturias.com\/noticias\/author\/admin\/#author"},"image":{"@type":"ImageObject","url":"https:\/\/www.eldigitaldeasturias.com\/noticias\/wp-content\/uploads\/2026\/06\/Contenidos.jpg","@id":"https:\/\/www.eldigitaldeasturias.com\/noticias\/ban-celebra-el-acuerdo-de-alto-el-fuego-en-sudan-del-sur\/#mainImage","width":1265,"height":697,"caption":"Contenidos"},"primaryImageOfPage":{"@id":"https:\/\/www.eldigitaldeasturias.com\/noticias\/ban-celebra-el-acuerdo-de-alto-el-fuego-en-sudan-del-sur\/#mainImage"},"datePublished":"2014-01-24T17:40:11+01:00","dateModified":"2014-01-24T17:40:11+01:00"},{"@type":"WebSite","@id":"https:\/\/www.eldigitaldeasturias.com\/noticias\/#website","url":"https:\/\/www.eldigitaldeasturias.com\/noticias\/","name":"El Digital de Asturias - Diario de actualidad y noticias","alternateName":"El Digital de Asturias - Diario de actualidad y noticias","description":"Hemeroteca","inLanguage":"es-ES","publisher":{"@id":"https:\/\/www.eldigitaldeasturias.com\/noticias\/#organization"}}]},"og:locale":"es_ES","og:site_name":"El Digital de Asturias","og:type":"article","og:title":"Ban celebra el acuerdo de alto el fuego en Sud\u00e1n del Sur - El Digital de Asturias","og:description":"Naciones Unidas, 23 ene (EFE).- El secretario general de la ONU, Ban Ki-moon, celebr\u00f3 hoy el acuerdo de alto el fuego firmado por el Gobierno de Sud\u00e1n del Sur y los rebeldes despu\u00e9s de m\u00e1s de un mes de un conflicto que dej\u00f3 al pa\u00eds al borde la guerra civil. &quot;Espero sinceramente que este acuerdo","og:url":"https:\/\/www.eldigitaldeasturias.com\/noticias\/ban-celebra-el-acuerdo-de-alto-el-fuego-en-sudan-del-sur\/","og:image":"https:\/\/www.eldigitaldeasturias.com\/noticias\/wp-content\/uploads\/2026\/06\/Contenidos.jpg","og:image:secure_url":"https:\/\/www.eldigitaldeasturias.com\/noticias\/wp-content\/uploads\/2026\/06\/Contenidos.jpg","og:image:width":1265,"og:image:height":697,"article:tag":["actualidad"],"article:published_time":"2014-01-24T18:40:11+00:00","article:modified_time":"2014-01-24T18:40:11+00:00","article:publisher":"https:\/\/facebook.com\/eldigitaldeasturias","twitter:card":"summary_large_image","twitter:title":"Ban celebra el acuerdo de alto el fuego en Sud\u00e1n del Sur - El Digital de Asturias","twitter:description":"Naciones Unidas, 23 ene (EFE).- El secretario general de la ONU, Ban Ki-moon, celebr\u00f3 hoy el acuerdo de alto el fuego firmado por el Gobierno de Sud\u00e1n del Sur y los rebeldes despu\u00e9s de m\u00e1s de un mes de un conflicto que dej\u00f3 al pa\u00eds al borde la guerra civil. &quot;Espero sinceramente que este acuerdo","twitter:image":"https:\/\/www.eldigitaldeasturias.com\/noticias\/wp-content\/uploads\/2026\/06\/Contenidos.jpg","twitter:label1":"Escrito por","twitter:data1":"El Digital de Asturias","twitter:label2":"Tiempo de lectura estimado","twitter:data2":"2 minutos"},"aioseo_meta_data":{"post_id":"478292","title":null,"description":null,"keywords":null,"keyphrases":null,"primary_term":null,"canonical_url":null,"og_title":null,"og_description":null,"og_object_type":"default","og_image_type":"default","og_image_url":null,"og_image_width":null,"og_image_height":null,"og_image_custom_url":null,"og_image_custom_fields":null,"og_video":null,"og_custom_url":null,"og_article_section":null,"og_article_tags":null,"twitter_use_og":true,"twitter_card":"default","twitter_image_type":"default","twitter_image_url":null,"twitter_image_custom_url":null,"twitter_image_custom_fields":null,"twitter_title":null,"twitter_description":null,"schema":{"blockGraphs":[],"customGraphs":[],"default":{"data":{"Article":[],"Course":[],"Dataset":[],"FAQPage":[],"Movie":[],"Person":[],"Product":[],"ProductReview":[],"Car":[],"Recipe":[],"Service":[],"SoftwareApplication":[],"WebPage":[]},"graphName":"","isEnabled":true},"graphs":[],"defaultGraph":"","defaultPostTypeGraph":""},"schema_type":null,"schema_type_options":null,"pillar_content":false,"robots_default":true,"robots_noindex":false,"robots_noarchive":false,"robots_nosnippet":false,"robots_nofollow":false,"robots_noimageindex":false,"robots_noodp":false,"robots_notranslate":false,"robots_max_snippet":null,"robots_max_videopreview":null,"robots_max_imagepreview":"none","priority":null,"frequency":null,"local_seo":null,"seo_analyzer_scan_date":"2026-06-01 21:05:06","breadcrumb_settings":null,"limit_modified_date":false,"open_ai":null,"ai":null,"created":"2020-11-14 22:53:55","updated":"2026-06-01 21:05:06","focus_keyword":null,"additional_keywords":null,"truseo_locale":null},"aioseo_breadcrumb":"<div class=\"aioseo-breadcrumbs\"><span class=\"aioseo-breadcrumb\">\n\t<a href=\"https:\/\/www.eldigitaldeasturias.com\/noticias\" title=\"Home\">Home<\/a>\n<\/span><span class=\"aioseo-breadcrumb-separator\">\u2013<\/span><span class=\"aioseo-breadcrumb\">\n\t<a href=\"https:\/\/www.eldigitaldeasturias.com\/noticias\/category\/actualidad\/\" title=\"Actualidad\">Actualidad<\/a>\n<\/span><span class=\"aioseo-breadcrumb-separator\">\u2013<\/span><span class=\"aioseo-breadcrumb\">\n\t<a href=\"https:\/\/www.eldigitaldeasturias.com\/noticias\/ban-celebra-el-acuerdo-de-alto-el-fuego-en-sudan-del-sur\/\" title=\"Ban celebra el acuerdo de alto el fuego en Sud\u00e1n del Sur\">Ban celebra el acuerdo de alto el fuego en Sud\u00e1n del Sur<\/a>\n<\/span><\/div>","aioseo_breadcrumb_json":[{"label":"Home","link":"https:\/\/www.eldigitaldeasturias.com\/noticias"},{"label":"Actualidad","link":"https:\/\/www.eldigitaldeasturias.com\/noticias\/category\/actualidad\/"},{"label":"Ban celebra el acuerdo de alto el fuego en Sud\u00e1n del Sur","link":"https:\/\/www.eldigitaldeasturias.com\/noticias\/ban-celebra-el-acuerdo-de-alto-el-fuego-en-sudan-del-sur\/"}],"_links":{"self":[{"href":"https:\/\/www.eldigitaldeasturias.com\/noticias\/wp-json\/wp\/v2\/posts\/478292","targetHints":{"allow":["GET"]}}],"collection":[{"href":"https:\/\/www.eldigitaldeasturias.com\/noticias\/wp-json\/wp\/v2\/posts"}],"about":[{"href":"https:\/\/www.eldigitaldeasturias.com\/noticias\/wp-json\/wp\/v2\/types\/post"}],"author":[{"embeddable":true,"href":"https:\/\/www.eldigitaldeasturias.com\/noticias\/wp-json\/wp\/v2\/users\/1"}],"replies":[{"embeddable":true,"href":"https:\/\/www.eldigitaldeasturias.com\/noticias\/wp-json\/wp\/v2\/comments?post=478292"}],"version-history":[{"count":0,"href":"https:\/\/www.eldigitaldeasturias.com\/noticias\/wp-json\/wp\/v2\/posts\/478292\/revisions"}],"wp:featuredmedia":[{"embeddable":true,"href":"https:\/\/www.eldigitaldeasturias.com\/noticias\/wp-json\/wp\/v2\/media\/1132184"}],"wp:attachment":[{"href":"https:\/\/www.eldigitaldeasturias.com\/noticias\/wp-json\/wp\/v2\/media?parent=478292"}],"wp:term":[{"taxonomy":"category","embeddable":true,"href":"https:\/\/www.eldigitaldeasturias.com\/noticias\/wp-json\/wp\/v2\/categories?post=478292"},{"taxonomy":"post_tag","embeddable":true,"href":"https:\/\/www.eldigitaldeasturias.com\/noticias\/wp-json\/wp\/v2\/tags?post=478292"}],"curies":[{"name":"wp","href":"https:\/\/api.w.org\/{rel}","templated":true}]}}