{"id":478286,"date":"2014-01-24T17:37:19","date_gmt":"2014-01-24T18:37:19","guid":{"rendered":"http:\/\/www.eldigitaldeasturias.com\/noticias\/?p=478286"},"modified":"2014-01-24T17:37:19","modified_gmt":"2014-01-24T18:37:19","slug":"el-fmi-senala-que-recuperacion-en-espana-va-mas-rapido-de-lo-esperado","status":"publish","type":"post","link":"https:\/\/www.eldigitaldeasturias.com\/noticias\/el-fmi-senala-que-recuperacion-en-espana-va-mas-rapido-de-lo-esperado\/","title":{"rendered":"El FMI se\u00f1ala que recuperaci\u00f3n en Espa\u00f1a va \u00abm\u00e1s r\u00e1pido\u00bb de lo esperado"},"content":{"rendered":"<p><img loading=\"lazy\" decoding=\"async\" class=\"alignleft size-medium wp-image-478287\" alt=\"5872461w\" src=\"https:\/\/www.eldigitaldeasturias.com\/noticias\/wp-content\/uploads\/2014\/01\/5872461w-360x239.jpg\" width=\"360\" height=\"239\" \/>Washington, 23 ene (EFE).- El Fondo Monetario Internacional (FMI) se\u00f1al\u00f3 hoy que la reciente mejora de las previsiones de crecimiento en Espa\u00f1a para 2014 y 2015 responde a que la recuperaci\u00f3n \u00abest\u00e1 ganando impulso m\u00e1s r\u00e1pidamente\u00bb gracias a la demanda interna.<\/p>\n<p>\u00abLos \u00faltimos datos demuestran que la recuperaci\u00f3n est\u00e1 ganando impulso m\u00e1s r\u00e1pidamente de lo esperado en el momento de la publicaci\u00f3n en octubre de 2013 del informe de &#8216;Perspectivas Econ\u00f3micas Globales'\u00bb, se\u00f1al\u00f3 William Murray, portavoz adjunto del FMI, consultado por Efe en rueda de prensa.<\/p>\n<p>El comportamiento de la demanda interna ha sido mejor \u00abde lo esperado\u00bb en octubre, agreg\u00f3.<\/p>\n<p>La instituci\u00f3n internacional revis\u00f3 este martes al alza las previsiones de crecimiento de la econom\u00eda espa\u00f1ola del 0,2% al 0,6% en 2014, y las de 2015 del 0,5% al 0,8%.<\/p>\n<p>Murray agreg\u00f3 que \u00abaunque es dif\u00edcil evaluar la velocidad de la recuperaci\u00f3n en este momento del cambio de ciclo, estamos m\u00e1s confiados en que el impulso del crecimiento ser\u00e1 sostenido\u00bb en Espa\u00f1a.<\/p>\n<p>Asimismo, indic\u00f3 que esta revisi\u00f3n, uno de las mayores del informe dentro de las econom\u00edas avanzadas, \u00abrefleja una demanda interna, m\u00e1s que externa, m\u00e1s fuerte\u00bb.<\/p>\n<p>Por \u00faltimo, concluy\u00f3 que el Fondo espera que \u00abel desempleo se mantenga a niveles inaceptablemente altos por muchos a\u00f1os\u00bb en Espa\u00f1a, pese a percibir \u00abalguna mejor\u00eda\u00bb en el mercado laboral.<\/p>\n","protected":false},"excerpt":{"rendered":"<p>Washington, 23 ene (EFE).- El Fondo Monetario Internacional (FMI) se\u00f1al\u00f3 hoy que la reciente mejora de las previsiones de crecimiento en Espa\u00f1a para 2014 y 2015 responde a que la recuperaci\u00f3n \u00abest\u00e1 ganando impulso m\u00e1s r\u00e1pidamente\u00bb gracias a la demanda interna. \u00abLos \u00faltimos datos demuestran que la recuperaci\u00f3n est\u00e1 ganando impulso m\u00e1s r\u00e1pidamente de lo [&hellip;]<\/p>\n","protected":false},"author":1,"featured_media":1132184,"comment_status":"closed","ping_status":"open","sticky":false,"template":"","format":"standard","meta":{"footnotes":""},"categories":[1],"tags":[],"class_list":["post-478286","post","type-post","status-publish","format-standard","has-post-thumbnail","hentry","category-actualidad"],"aioseo_notices":[],"aioseo_head":"\n\t\t<!-- All in One SEO Pro 5.0.1 - aioseo.com -->\n\t<meta name=\"description\" content=\"Washington, 23 ene (EFE).- El Fondo Monetario Internacional (FMI) se\u00f1al\u00f3 hoy que la reciente mejora de las previsiones de crecimiento en Espa\u00f1a para 2014 y 2015 responde a que la recuperaci\u00f3n &quot;est\u00e1 ganando impulso m\u00e1s r\u00e1pidamente&quot; gracias a la demanda interna. &quot;Los \u00faltimos datos demuestran que la recuperaci\u00f3n est\u00e1 ganando impulso m\u00e1s r\u00e1pidamente de lo\" \/>\n\t<meta name=\"robots\" content=\"max-image-preview:large\" \/>\n\t<meta name=\"author\" content=\"El Digital de Asturias\"\/>\n\t<meta name=\"google-site-verification\" content=\"UA-38556648-1\" \/>\n\t<meta name=\"msvalidate.01\" content=\"7dfe9f3f1b24437ab69f4f2559babe99\" \/>\n\t<meta name=\"keywords\" content=\"actualidad\" \/>\n\t<link rel=\"canonical\" href=\"https:\/\/www.eldigitaldeasturias.com\/noticias\/el-fmi-senala-que-recuperacion-en-espana-va-mas-rapido-de-lo-esperado\/\" \/>\n\t<meta name=\"generator\" content=\"All in One SEO Pro (AIOSEO) 5.0.1\" \/>\n\t\t<meta property=\"og:locale\" content=\"es_ES\" \/>\n\t\t<meta property=\"og:site_name\" content=\"El Digital de Asturias\" \/>\n\t\t<meta property=\"og:type\" content=\"article\" \/>\n\t\t<meta property=\"og:title\" content=\"El FMI se\u00f1ala que recuperaci\u00f3n en Espa\u00f1a va \u00abm\u00e1s r\u00e1pido\u00bb de lo esperado - El Digital de Asturias\" \/>\n\t\t<meta property=\"og:description\" content=\"Washington, 23 ene (EFE).- El Fondo Monetario Internacional (FMI) se\u00f1al\u00f3 hoy que la reciente mejora de las previsiones de crecimiento en Espa\u00f1a para 2014 y 2015 responde a que la recuperaci\u00f3n &quot;est\u00e1 ganando impulso m\u00e1s r\u00e1pidamente&quot; gracias a la demanda interna. &quot;Los \u00faltimos datos demuestran que la recuperaci\u00f3n est\u00e1 ganando impulso m\u00e1s r\u00e1pidamente de lo\" \/>\n\t\t<meta property=\"og:url\" content=\"https:\/\/www.eldigitaldeasturias.com\/noticias\/el-fmi-senala-que-recuperacion-en-espana-va-mas-rapido-de-lo-esperado\/\" \/>\n\t\t<meta property=\"og:image\" content=\"https:\/\/www.eldigitaldeasturias.com\/noticias\/wp-content\/uploads\/2026\/06\/Contenidos.jpg\" \/>\n\t\t<meta property=\"og:image:secure_url\" content=\"https:\/\/www.eldigitaldeasturias.com\/noticias\/wp-content\/uploads\/2026\/06\/Contenidos.jpg\" \/>\n\t\t<meta property=\"og:image:width\" content=\"1265\" \/>\n\t\t<meta property=\"og:image:height\" content=\"697\" \/>\n\t\t<meta property=\"article:tag\" content=\"actualidad\" \/>\n\t\t<meta property=\"article:published_time\" content=\"2014-01-24T18:37:19+00:00\" \/>\n\t\t<meta property=\"article:modified_time\" content=\"2014-01-24T18:37:19+00:00\" \/>\n\t\t<meta property=\"article:publisher\" content=\"https:\/\/facebook.com\/eldigitaldeasturias\" \/>\n\t\t<meta name=\"twitter:card\" content=\"summary_large_image\" \/>\n\t\t<meta name=\"twitter:title\" content=\"El FMI se\u00f1ala que recuperaci\u00f3n en Espa\u00f1a va \u00abm\u00e1s r\u00e1pido\u00bb de lo esperado - El Digital de Asturias\" \/>\n\t\t<meta name=\"twitter:description\" content=\"Washington, 23 ene (EFE).- El Fondo Monetario Internacional (FMI) se\u00f1al\u00f3 hoy que la reciente mejora de las previsiones de crecimiento en Espa\u00f1a para 2014 y 2015 responde a que la recuperaci\u00f3n &quot;est\u00e1 ganando impulso m\u00e1s r\u00e1pidamente&quot; gracias a la demanda interna. &quot;Los \u00faltimos datos demuestran que la recuperaci\u00f3n est\u00e1 ganando impulso m\u00e1s r\u00e1pidamente de lo\" \/>\n\t\t<meta name=\"twitter:image\" content=\"https:\/\/www.eldigitaldeasturias.com\/noticias\/wp-content\/uploads\/2026\/06\/Contenidos.jpg\" \/>\n\t\t<meta name=\"twitter:label1\" content=\"Escrito por\" \/>\n\t\t<meta name=\"twitter:data1\" content=\"El Digital de Asturias\" \/>\n\t\t<meta name=\"twitter:label2\" content=\"Tiempo de lectura estimado\" \/>\n\t\t<meta name=\"twitter:data2\" content=\"1 minuto\" \/>\n\t\t<script type=\"application\/ld+json\" class=\"aioseo-schema\">\n\t\t\t{\"@context\":\"https:\\\/\\\/schema.org\",\"@graph\":[{\"@type\":\"BlogPosting\",\"@id\":\"https:\\\/\\\/www.eldigitaldeasturias.com\\\/noticias\\\/el-fmi-senala-que-recuperacion-en-espana-va-mas-rapido-de-lo-esperado\\\/#blogposting\",\"name\":\"El FMI se\\u00f1ala que recuperaci\\u00f3n en Espa\\u00f1a va \\u00abm\\u00e1s r\\u00e1pido\\u00bb de lo esperado - El Digital de Asturias\",\"headline\":\"El FMI se\\u00f1ala que recuperaci\\u00f3n en Espa\\u00f1a va \\u00abm\\u00e1s r\\u00e1pido\\u00bb de lo esperado\",\"author\":{\"@id\":\"https:\\\/\\\/www.eldigitaldeasturias.com\\\/noticias\\\/author\\\/admin\\\/#author\"},\"publisher\":{\"@id\":\"https:\\\/\\\/www.eldigitaldeasturias.com\\\/noticias\\\/#organization\"},\"image\":{\"@type\":\"ImageObject\",\"url\":\"https:\\\/\\\/www.eldigitaldeasturias.com\\\/noticias\\\/wp-content\\\/uploads\\\/2026\\\/06\\\/Contenidos.jpg\",\"width\":1265,\"height\":697,\"caption\":\"Contenidos\"},\"datePublished\":\"2014-01-24T17:37:19+01:00\",\"dateModified\":\"2014-01-24T17:37:19+01:00\",\"inLanguage\":\"es-ES\",\"mainEntityOfPage\":{\"@id\":\"https:\\\/\\\/www.eldigitaldeasturias.com\\\/noticias\\\/el-fmi-senala-que-recuperacion-en-espana-va-mas-rapido-de-lo-esperado\\\/#webpage\"},\"isPartOf\":{\"@id\":\"https:\\\/\\\/www.eldigitaldeasturias.com\\\/noticias\\\/el-fmi-senala-que-recuperacion-en-espana-va-mas-rapido-de-lo-esperado\\\/#webpage\"},\"articleSection\":\"Actualidad\"},{\"@type\":\"BreadcrumbList\",\"@id\":\"https:\\\/\\\/www.eldigitaldeasturias.com\\\/noticias\\\/el-fmi-senala-que-recuperacion-en-espana-va-mas-rapido-de-lo-esperado\\\/#breadcrumblist\",\"itemListElement\":[{\"@type\":\"ListItem\",\"@id\":\"https:\\\/\\\/www.eldigitaldeasturias.com\\\/noticias#listItem\",\"position\":1,\"name\":\"Home\",\"item\":\"https:\\\/\\\/www.eldigitaldeasturias.com\\\/noticias\",\"nextItem\":{\"@type\":\"ListItem\",\"@id\":\"https:\\\/\\\/www.eldigitaldeasturias.com\\\/noticias\\\/category\\\/actualidad\\\/#listItem\",\"name\":\"Actualidad\"}},{\"@type\":\"ListItem\",\"@id\":\"https:\\\/\\\/www.eldigitaldeasturias.com\\\/noticias\\\/category\\\/actualidad\\\/#listItem\",\"position\":2,\"name\":\"Actualidad\",\"item\":\"https:\\\/\\\/www.eldigitaldeasturias.com\\\/noticias\\\/category\\\/actualidad\\\/\",\"nextItem\":{\"@type\":\"ListItem\",\"@id\":\"https:\\\/\\\/www.eldigitaldeasturias.com\\\/noticias\\\/el-fmi-senala-que-recuperacion-en-espana-va-mas-rapido-de-lo-esperado\\\/#listItem\",\"name\":\"El FMI se\\u00f1ala que recuperaci\\u00f3n en Espa\\u00f1a va \\u00abm\\u00e1s r\\u00e1pido\\u00bb de lo esperado\"},\"previousItem\":{\"@type\":\"ListItem\",\"@id\":\"https:\\\/\\\/www.eldigitaldeasturias.com\\\/noticias#listItem\",\"name\":\"Home\"}},{\"@type\":\"ListItem\",\"@id\":\"https:\\\/\\\/www.eldigitaldeasturias.com\\\/noticias\\\/el-fmi-senala-que-recuperacion-en-espana-va-mas-rapido-de-lo-esperado\\\/#listItem\",\"position\":3,\"name\":\"El FMI se\\u00f1ala que recuperaci\\u00f3n en Espa\\u00f1a va \\u00abm\\u00e1s r\\u00e1pido\\u00bb de lo esperado\",\"previousItem\":{\"@type\":\"ListItem\",\"@id\":\"https:\\\/\\\/www.eldigitaldeasturias.com\\\/noticias\\\/category\\\/actualidad\\\/#listItem\",\"name\":\"Actualidad\"}}]},{\"@type\":\"Organization\",\"@id\":\"https:\\\/\\\/www.eldigitaldeasturias.com\\\/noticias\\\/#organization\",\"name\":\"El Digital de Asturias\",\"description\":\"Hemeroteca\",\"url\":\"https:\\\/\\\/www.eldigitaldeasturias.com\\\/noticias\\\/\",\"email\":\"info@eldigitaldeasturias.com\",\"telephone\":\"+34652131393\",\"logo\":{\"@type\":\"ImageObject\",\"url\":\"https:\\\/\\\/www.eldigitaldeasturias.com\\\/noticias\\\/wp-content\\\/uploads\\\/2020\\\/12\\\/EDA.jpg\",\"@id\":\"https:\\\/\\\/www.eldigitaldeasturias.com\\\/noticias\\\/el-fmi-senala-que-recuperacion-en-espana-va-mas-rapido-de-lo-esperado\\\/#organizationLogo\"},\"image\":{\"@id\":\"https:\\\/\\\/www.eldigitaldeasturias.com\\\/noticias\\\/el-fmi-senala-que-recuperacion-en-espana-va-mas-rapido-de-lo-esperado\\\/#organizationLogo\"},\"sameAs\":[\"https:\\\/\\\/facebook.com\\\/eldigitaldeasturias\",\"https:\\\/\\\/www.youtube.com\\\/channel\\\/UCZP-2wLEB9Rv6erhFmqVnvg\"],\"address\":{\"@id\":\"https:\\\/\\\/www.eldigitaldeasturias.com\\\/noticias\\\/#postaladdress\",\"@type\":\"PostalAddress\",\"streetAddress\":\"san antonio 4\",\"postalCode\":\"33430\",\"addressLocality\":\"Cand\\u00e1s\",\"addressRegion\":\"Asturias\",\"addressCountry\":\"ES\"}},{\"@type\":\"Person\",\"@id\":\"https:\\\/\\\/www.eldigitaldeasturias.com\\\/noticias\\\/author\\\/admin\\\/#author\",\"url\":\"https:\\\/\\\/www.eldigitaldeasturias.com\\\/noticias\\\/author\\\/admin\\\/\",\"name\":\"El Digital de Asturias\",\"image\":{\"@type\":\"ImageObject\",\"@id\":\"https:\\\/\\\/www.eldigitaldeasturias.com\\\/noticias\\\/el-fmi-senala-que-recuperacion-en-espana-va-mas-rapido-de-lo-esperado\\\/#authorImage\",\"url\":\"https:\\\/\\\/secure.gravatar.com\\\/avatar\\\/df2aeffc32bcd13f8d26072ef8a91b623d677766deac7f97ca815868cd41bf5e?s=96&d=mm&r=g\",\"width\":96,\"height\":96,\"caption\":\"El Digital de Asturias\"}},{\"@type\":\"WebPage\",\"@id\":\"https:\\\/\\\/www.eldigitaldeasturias.com\\\/noticias\\\/el-fmi-senala-que-recuperacion-en-espana-va-mas-rapido-de-lo-esperado\\\/#webpage\",\"url\":\"https:\\\/\\\/www.eldigitaldeasturias.com\\\/noticias\\\/el-fmi-senala-que-recuperacion-en-espana-va-mas-rapido-de-lo-esperado\\\/\",\"name\":\"El FMI se\\u00f1ala que recuperaci\\u00f3n en Espa\\u00f1a va \\u00abm\\u00e1s r\\u00e1pido\\u00bb de lo esperado - El Digital de Asturias\",\"description\":\"Washington, 23 ene (EFE).- El Fondo Monetario Internacional (FMI) se\\u00f1al\\u00f3 hoy que la reciente mejora de las previsiones de crecimiento en Espa\\u00f1a para 2014 y 2015 responde a que la recuperaci\\u00f3n \\\"est\\u00e1 ganando impulso m\\u00e1s r\\u00e1pidamente\\\" gracias a la demanda interna. \\\"Los \\u00faltimos datos demuestran que la recuperaci\\u00f3n est\\u00e1 ganando impulso m\\u00e1s r\\u00e1pidamente de lo\",\"inLanguage\":\"es-ES\",\"isPartOf\":{\"@id\":\"https:\\\/\\\/www.eldigitaldeasturias.com\\\/noticias\\\/#website\"},\"breadcrumb\":{\"@id\":\"https:\\\/\\\/www.eldigitaldeasturias.com\\\/noticias\\\/el-fmi-senala-que-recuperacion-en-espana-va-mas-rapido-de-lo-esperado\\\/#breadcrumblist\"},\"author\":{\"@id\":\"https:\\\/\\\/www.eldigitaldeasturias.com\\\/noticias\\\/author\\\/admin\\\/#author\"},\"creator\":{\"@id\":\"https:\\\/\\\/www.eldigitaldeasturias.com\\\/noticias\\\/author\\\/admin\\\/#author\"},\"image\":{\"@type\":\"ImageObject\",\"url\":\"https:\\\/\\\/www.eldigitaldeasturias.com\\\/noticias\\\/wp-content\\\/uploads\\\/2026\\\/06\\\/Contenidos.jpg\",\"@id\":\"https:\\\/\\\/www.eldigitaldeasturias.com\\\/noticias\\\/el-fmi-senala-que-recuperacion-en-espana-va-mas-rapido-de-lo-esperado\\\/#mainImage\",\"width\":1265,\"height\":697,\"caption\":\"Contenidos\"},\"primaryImageOfPage\":{\"@id\":\"https:\\\/\\\/www.eldigitaldeasturias.com\\\/noticias\\\/el-fmi-senala-que-recuperacion-en-espana-va-mas-rapido-de-lo-esperado\\\/#mainImage\"},\"datePublished\":\"2014-01-24T17:37:19+01:00\",\"dateModified\":\"2014-01-24T17:37:19+01:00\"},{\"@type\":\"WebSite\",\"@id\":\"https:\\\/\\\/www.eldigitaldeasturias.com\\\/noticias\\\/#website\",\"url\":\"https:\\\/\\\/www.eldigitaldeasturias.com\\\/noticias\\\/\",\"name\":\"El Digital de Asturias - Diario de actualidad y noticias\",\"alternateName\":\"El Digital de Asturias - Diario de actualidad y noticias\",\"description\":\"Hemeroteca\",\"inLanguage\":\"es-ES\",\"publisher\":{\"@id\":\"https:\\\/\\\/www.eldigitaldeasturias.com\\\/noticias\\\/#organization\"}}]}\n\t\t<\/script>\n\t\t<!-- All in One SEO Pro -->\r\n\t\t<title>El FMI se\u00f1ala que recuperaci\u00f3n en Espa\u00f1a va \u00abm\u00e1s r\u00e1pido\u00bb de lo esperado - El Digital de Asturias<\/title>\n\n","aioseo_head_json":{"title":"El FMI se\u00f1ala que recuperaci\u00f3n en Espa\u00f1a va \u00abm\u00e1s r\u00e1pido\u00bb de lo esperado - El Digital de Asturias","description":"Washington, 23 ene (EFE).- El Fondo Monetario Internacional (FMI) se\u00f1al\u00f3 hoy que la reciente mejora de las previsiones de crecimiento en Espa\u00f1a para 2014 y 2015 responde a que la recuperaci\u00f3n \"est\u00e1 ganando impulso m\u00e1s r\u00e1pidamente\" gracias a la demanda interna. \"Los \u00faltimos datos demuestran que la recuperaci\u00f3n est\u00e1 ganando impulso m\u00e1s r\u00e1pidamente de lo","canonical_url":"https:\/\/www.eldigitaldeasturias.com\/noticias\/el-fmi-senala-que-recuperacion-en-espana-va-mas-rapido-de-lo-esperado\/","robots":"max-image-preview:large","keywords":"actualidad","webmasterTools":{"google-site-verification":"UA-38556648-1","msvalidate.01":"7dfe9f3f1b24437ab69f4f2559babe99","miscellaneous":""},"schema":{"@context":"https:\/\/schema.org","@graph":[{"@type":"BlogPosting","@id":"https:\/\/www.eldigitaldeasturias.com\/noticias\/el-fmi-senala-que-recuperacion-en-espana-va-mas-rapido-de-lo-esperado\/#blogposting","name":"El FMI se\u00f1ala que recuperaci\u00f3n en Espa\u00f1a va \u00abm\u00e1s r\u00e1pido\u00bb de lo esperado - El Digital de Asturias","headline":"El FMI se\u00f1ala que recuperaci\u00f3n en Espa\u00f1a va \u00abm\u00e1s r\u00e1pido\u00bb de lo esperado","author":{"@id":"https:\/\/www.eldigitaldeasturias.com\/noticias\/author\/admin\/#author"},"publisher":{"@id":"https:\/\/www.eldigitaldeasturias.com\/noticias\/#organization"},"image":{"@type":"ImageObject","url":"https:\/\/www.eldigitaldeasturias.com\/noticias\/wp-content\/uploads\/2026\/06\/Contenidos.jpg","width":1265,"height":697,"caption":"Contenidos"},"datePublished":"2014-01-24T17:37:19+01:00","dateModified":"2014-01-24T17:37:19+01:00","inLanguage":"es-ES","mainEntityOfPage":{"@id":"https:\/\/www.eldigitaldeasturias.com\/noticias\/el-fmi-senala-que-recuperacion-en-espana-va-mas-rapido-de-lo-esperado\/#webpage"},"isPartOf":{"@id":"https:\/\/www.eldigitaldeasturias.com\/noticias\/el-fmi-senala-que-recuperacion-en-espana-va-mas-rapido-de-lo-esperado\/#webpage"},"articleSection":"Actualidad"},{"@type":"BreadcrumbList","@id":"https:\/\/www.eldigitaldeasturias.com\/noticias\/el-fmi-senala-que-recuperacion-en-espana-va-mas-rapido-de-lo-esperado\/#breadcrumblist","itemListElement":[{"@type":"ListItem","@id":"https:\/\/www.eldigitaldeasturias.com\/noticias#listItem","position":1,"name":"Home","item":"https:\/\/www.eldigitaldeasturias.com\/noticias","nextItem":{"@type":"ListItem","@id":"https:\/\/www.eldigitaldeasturias.com\/noticias\/category\/actualidad\/#listItem","name":"Actualidad"}},{"@type":"ListItem","@id":"https:\/\/www.eldigitaldeasturias.com\/noticias\/category\/actualidad\/#listItem","position":2,"name":"Actualidad","item":"https:\/\/www.eldigitaldeasturias.com\/noticias\/category\/actualidad\/","nextItem":{"@type":"ListItem","@id":"https:\/\/www.eldigitaldeasturias.com\/noticias\/el-fmi-senala-que-recuperacion-en-espana-va-mas-rapido-de-lo-esperado\/#listItem","name":"El FMI se\u00f1ala que recuperaci\u00f3n en Espa\u00f1a va \u00abm\u00e1s r\u00e1pido\u00bb de lo esperado"},"previousItem":{"@type":"ListItem","@id":"https:\/\/www.eldigitaldeasturias.com\/noticias#listItem","name":"Home"}},{"@type":"ListItem","@id":"https:\/\/www.eldigitaldeasturias.com\/noticias\/el-fmi-senala-que-recuperacion-en-espana-va-mas-rapido-de-lo-esperado\/#listItem","position":3,"name":"El FMI se\u00f1ala que recuperaci\u00f3n en Espa\u00f1a va \u00abm\u00e1s r\u00e1pido\u00bb de lo esperado","previousItem":{"@type":"ListItem","@id":"https:\/\/www.eldigitaldeasturias.com\/noticias\/category\/actualidad\/#listItem","name":"Actualidad"}}]},{"@type":"Organization","@id":"https:\/\/www.eldigitaldeasturias.com\/noticias\/#organization","name":"El Digital de Asturias","description":"Hemeroteca","url":"https:\/\/www.eldigitaldeasturias.com\/noticias\/","email":"info@eldigitaldeasturias.com","telephone":"+34652131393","logo":{"@type":"ImageObject","url":"https:\/\/www.eldigitaldeasturias.com\/noticias\/wp-content\/uploads\/2020\/12\/EDA.jpg","@id":"https:\/\/www.eldigitaldeasturias.com\/noticias\/el-fmi-senala-que-recuperacion-en-espana-va-mas-rapido-de-lo-esperado\/#organizationLogo"},"image":{"@id":"https:\/\/www.eldigitaldeasturias.com\/noticias\/el-fmi-senala-que-recuperacion-en-espana-va-mas-rapido-de-lo-esperado\/#organizationLogo"},"sameAs":["https:\/\/facebook.com\/eldigitaldeasturias","https:\/\/www.youtube.com\/channel\/UCZP-2wLEB9Rv6erhFmqVnvg"],"address":{"@id":"https:\/\/www.eldigitaldeasturias.com\/noticias\/#postaladdress","@type":"PostalAddress","streetAddress":"san antonio 4","postalCode":"33430","addressLocality":"Cand\u00e1s","addressRegion":"Asturias","addressCountry":"ES"}},{"@type":"Person","@id":"https:\/\/www.eldigitaldeasturias.com\/noticias\/author\/admin\/#author","url":"https:\/\/www.eldigitaldeasturias.com\/noticias\/author\/admin\/","name":"El Digital de Asturias","image":{"@type":"ImageObject","@id":"https:\/\/www.eldigitaldeasturias.com\/noticias\/el-fmi-senala-que-recuperacion-en-espana-va-mas-rapido-de-lo-esperado\/#authorImage","url":"https:\/\/secure.gravatar.com\/avatar\/df2aeffc32bcd13f8d26072ef8a91b623d677766deac7f97ca815868cd41bf5e?s=96&d=mm&r=g","width":96,"height":96,"caption":"El Digital de Asturias"}},{"@type":"WebPage","@id":"https:\/\/www.eldigitaldeasturias.com\/noticias\/el-fmi-senala-que-recuperacion-en-espana-va-mas-rapido-de-lo-esperado\/#webpage","url":"https:\/\/www.eldigitaldeasturias.com\/noticias\/el-fmi-senala-que-recuperacion-en-espana-va-mas-rapido-de-lo-esperado\/","name":"El FMI se\u00f1ala que recuperaci\u00f3n en Espa\u00f1a va \u00abm\u00e1s r\u00e1pido\u00bb de lo esperado - El Digital de Asturias","description":"Washington, 23 ene (EFE).- El Fondo Monetario Internacional (FMI) se\u00f1al\u00f3 hoy que la reciente mejora de las previsiones de crecimiento en Espa\u00f1a para 2014 y 2015 responde a que la recuperaci\u00f3n \"est\u00e1 ganando impulso m\u00e1s r\u00e1pidamente\" gracias a la demanda interna. \"Los \u00faltimos datos demuestran que la recuperaci\u00f3n est\u00e1 ganando impulso m\u00e1s r\u00e1pidamente de lo","inLanguage":"es-ES","isPartOf":{"@id":"https:\/\/www.eldigitaldeasturias.com\/noticias\/#website"},"breadcrumb":{"@id":"https:\/\/www.eldigitaldeasturias.com\/noticias\/el-fmi-senala-que-recuperacion-en-espana-va-mas-rapido-de-lo-esperado\/#breadcrumblist"},"author":{"@id":"https:\/\/www.eldigitaldeasturias.com\/noticias\/author\/admin\/#author"},"creator":{"@id":"https:\/\/www.eldigitaldeasturias.com\/noticias\/author\/admin\/#author"},"image":{"@type":"ImageObject","url":"https:\/\/www.eldigitaldeasturias.com\/noticias\/wp-content\/uploads\/2026\/06\/Contenidos.jpg","@id":"https:\/\/www.eldigitaldeasturias.com\/noticias\/el-fmi-senala-que-recuperacion-en-espana-va-mas-rapido-de-lo-esperado\/#mainImage","width":1265,"height":697,"caption":"Contenidos"},"primaryImageOfPage":{"@id":"https:\/\/www.eldigitaldeasturias.com\/noticias\/el-fmi-senala-que-recuperacion-en-espana-va-mas-rapido-de-lo-esperado\/#mainImage"},"datePublished":"2014-01-24T17:37:19+01:00","dateModified":"2014-01-24T17:37:19+01:00"},{"@type":"WebSite","@id":"https:\/\/www.eldigitaldeasturias.com\/noticias\/#website","url":"https:\/\/www.eldigitaldeasturias.com\/noticias\/","name":"El Digital de Asturias - Diario de actualidad y noticias","alternateName":"El Digital de Asturias - Diario de actualidad y noticias","description":"Hemeroteca","inLanguage":"es-ES","publisher":{"@id":"https:\/\/www.eldigitaldeasturias.com\/noticias\/#organization"}}]},"og:locale":"es_ES","og:site_name":"El Digital de Asturias","og:type":"article","og:title":"El FMI se\u00f1ala que recuperaci\u00f3n en Espa\u00f1a va \u00abm\u00e1s r\u00e1pido\u00bb de lo esperado - El Digital de Asturias","og:description":"Washington, 23 ene (EFE).- El Fondo Monetario Internacional (FMI) se\u00f1al\u00f3 hoy que la reciente mejora de las previsiones de crecimiento en Espa\u00f1a para 2014 y 2015 responde a que la recuperaci\u00f3n &quot;est\u00e1 ganando impulso m\u00e1s r\u00e1pidamente&quot; gracias a la demanda interna. &quot;Los \u00faltimos datos demuestran que la recuperaci\u00f3n est\u00e1 ganando impulso m\u00e1s r\u00e1pidamente de lo","og:url":"https:\/\/www.eldigitaldeasturias.com\/noticias\/el-fmi-senala-que-recuperacion-en-espana-va-mas-rapido-de-lo-esperado\/","og:image":"https:\/\/www.eldigitaldeasturias.com\/noticias\/wp-content\/uploads\/2026\/06\/Contenidos.jpg","og:image:secure_url":"https:\/\/www.eldigitaldeasturias.com\/noticias\/wp-content\/uploads\/2026\/06\/Contenidos.jpg","og:image:width":1265,"og:image:height":697,"article:tag":["actualidad"],"article:published_time":"2014-01-24T18:37:19+00:00","article:modified_time":"2014-01-24T18:37:19+00:00","article:publisher":"https:\/\/facebook.com\/eldigitaldeasturias","twitter:card":"summary_large_image","twitter:title":"El FMI se\u00f1ala que recuperaci\u00f3n en Espa\u00f1a va \u00abm\u00e1s r\u00e1pido\u00bb de lo esperado - El Digital de Asturias","twitter:description":"Washington, 23 ene (EFE).- El Fondo Monetario Internacional (FMI) se\u00f1al\u00f3 hoy que la reciente mejora de las previsiones de crecimiento en Espa\u00f1a para 2014 y 2015 responde a que la recuperaci\u00f3n &quot;est\u00e1 ganando impulso m\u00e1s r\u00e1pidamente&quot; gracias a la demanda interna. &quot;Los \u00faltimos datos demuestran que la recuperaci\u00f3n est\u00e1 ganando impulso m\u00e1s r\u00e1pidamente de lo","twitter:image":"https:\/\/www.eldigitaldeasturias.com\/noticias\/wp-content\/uploads\/2026\/06\/Contenidos.jpg","twitter:label1":"Escrito por","twitter:data1":"El Digital de Asturias","twitter:label2":"Tiempo de lectura estimado","twitter:data2":"1 minuto"},"aioseo_meta_data":{"post_id":"478286","title":null,"description":null,"keywords":null,"keyphrases":null,"primary_term":null,"canonical_url":null,"og_title":null,"og_description":null,"og_object_type":"default","og_image_type":"default","og_image_url":null,"og_image_width":null,"og_image_height":null,"og_image_custom_url":null,"og_image_custom_fields":null,"og_video":null,"og_custom_url":null,"og_article_section":null,"og_article_tags":null,"twitter_use_og":true,"twitter_card":"default","twitter_image_type":"default","twitter_image_url":null,"twitter_image_custom_url":null,"twitter_image_custom_fields":null,"twitter_title":null,"twitter_description":null,"schema":{"blockGraphs":[],"customGraphs":[],"default":{"data":{"Article":[],"Course":[],"Dataset":[],"FAQPage":[],"Movie":[],"Person":[],"Product":[],"ProductReview":[],"Car":[],"Recipe":[],"Service":[],"SoftwareApplication":[],"WebPage":[]},"graphName":"","isEnabled":true},"graphs":[],"defaultGraph":"","defaultPostTypeGraph":""},"schema_type":null,"schema_type_options":null,"pillar_content":false,"robots_default":true,"robots_noindex":false,"robots_noarchive":false,"robots_nosnippet":false,"robots_nofollow":false,"robots_noimageindex":false,"robots_noodp":false,"robots_notranslate":false,"robots_max_snippet":null,"robots_max_videopreview":null,"robots_max_imagepreview":"none","priority":null,"frequency":null,"local_seo":null,"seo_analyzer_scan_date":"2026-06-01 21:05:04","breadcrumb_settings":null,"limit_modified_date":false,"open_ai":null,"ai":null,"created":"2020-11-14 22:53:54","updated":"2026-06-01 21:05:04","focus_keyword":null,"additional_keywords":null,"truseo_locale":null},"aioseo_breadcrumb":"<div class=\"aioseo-breadcrumbs\"><span class=\"aioseo-breadcrumb\">\n\t<a href=\"https:\/\/www.eldigitaldeasturias.com\/noticias\" title=\"Home\">Home<\/a>\n<\/span><span class=\"aioseo-breadcrumb-separator\">\u2013<\/span><span class=\"aioseo-breadcrumb\">\n\t<a href=\"https:\/\/www.eldigitaldeasturias.com\/noticias\/category\/actualidad\/\" title=\"Actualidad\">Actualidad<\/a>\n<\/span><span class=\"aioseo-breadcrumb-separator\">\u2013<\/span><span class=\"aioseo-breadcrumb\">\n\t<a href=\"https:\/\/www.eldigitaldeasturias.com\/noticias\/el-fmi-senala-que-recuperacion-en-espana-va-mas-rapido-de-lo-esperado\/\" title=\"El FMI se\u00f1ala que recuperaci\u00f3n en Espa\u00f1a va \u00abm\u00e1s r\u00e1pido\u00bb de lo esperado\">El FMI se\u00f1ala que recuperaci\u00f3n en Espa\u00f1a va \u00abm\u00e1s r\u00e1pido\u00bb de lo esperado<\/a>\n<\/span><\/div>","aioseo_breadcrumb_json":[{"label":"Home","link":"https:\/\/www.eldigitaldeasturias.com\/noticias"},{"label":"Actualidad","link":"https:\/\/www.eldigitaldeasturias.com\/noticias\/category\/actualidad\/"},{"label":"El FMI se\u00f1ala que recuperaci\u00f3n en Espa\u00f1a va \u00abm\u00e1s r\u00e1pido\u00bb de lo esperado","link":"https:\/\/www.eldigitaldeasturias.com\/noticias\/el-fmi-senala-que-recuperacion-en-espana-va-mas-rapido-de-lo-esperado\/"}],"_links":{"self":[{"href":"https:\/\/www.eldigitaldeasturias.com\/noticias\/wp-json\/wp\/v2\/posts\/478286","targetHints":{"allow":["GET"]}}],"collection":[{"href":"https:\/\/www.eldigitaldeasturias.com\/noticias\/wp-json\/wp\/v2\/posts"}],"about":[{"href":"https:\/\/www.eldigitaldeasturias.com\/noticias\/wp-json\/wp\/v2\/types\/post"}],"author":[{"embeddable":true,"href":"https:\/\/www.eldigitaldeasturias.com\/noticias\/wp-json\/wp\/v2\/users\/1"}],"replies":[{"embeddable":true,"href":"https:\/\/www.eldigitaldeasturias.com\/noticias\/wp-json\/wp\/v2\/comments?post=478286"}],"version-history":[{"count":0,"href":"https:\/\/www.eldigitaldeasturias.com\/noticias\/wp-json\/wp\/v2\/posts\/478286\/revisions"}],"wp:featuredmedia":[{"embeddable":true,"href":"https:\/\/www.eldigitaldeasturias.com\/noticias\/wp-json\/wp\/v2\/media\/1132184"}],"wp:attachment":[{"href":"https:\/\/www.eldigitaldeasturias.com\/noticias\/wp-json\/wp\/v2\/media?parent=478286"}],"wp:term":[{"taxonomy":"category","embeddable":true,"href":"https:\/\/www.eldigitaldeasturias.com\/noticias\/wp-json\/wp\/v2\/categories?post=478286"},{"taxonomy":"post_tag","embeddable":true,"href":"https:\/\/www.eldigitaldeasturias.com\/noticias\/wp-json\/wp\/v2\/tags?post=478286"}],"curies":[{"name":"wp","href":"https:\/\/api.w.org\/{rel}","templated":true}]}}