{"id":478274,"date":"2014-01-24T17:26:00","date_gmt":"2014-01-24T18:26:00","guid":{"rendered":"http:\/\/www.eldigitaldeasturias.com\/noticias\/?p=478274"},"modified":"2014-01-24T17:26:00","modified_gmt":"2014-01-24T18:26:00","slug":"silva-denuncia-una-campana-de-acoso-y-derribo-y-dice-que-sopesa-saltar-a-la-politica","status":"publish","type":"post","link":"https:\/\/www.eldigitaldeasturias.com\/noticias\/silva-denuncia-una-campana-de-acoso-y-derribo-y-dice-que-sopesa-saltar-a-la-politica\/","title":{"rendered":"Silva denuncia una campa\u00f1a de acoso y derribo y dice que sopesa saltar a la pol\u00edtica"},"content":{"rendered":"<p><img loading=\"lazy\" decoding=\"async\" class=\"alignleft size-medium wp-image-478275\" alt=\"5871902w\" src=\"https:\/\/www.eldigitaldeasturias.com\/noticias\/wp-content\/uploads\/2014\/01\/5871902w-360x242.jpg\" width=\"360\" height=\"242\" \/>Madrid, 23 ene (EFE).- El juez Elpidio Jos\u00e9 Silva ha afirmado hoy sentirse v\u00edctima de una campa\u00f1a de \u00abacoso y derribo\u00bb por parte del Tribunal Superior de Justicia de Madrid, que hoy ha abierto juicio oral contra \u00e9l, al tiempo que ha se\u00f1alado que est\u00e1 sopesando dar el salto a la pol\u00edtica en las pr\u00f3ximas elecciones europeas.<\/p>\n<p>Silva ha hecho estas declaraciones en una rueda de prensa celebrada poco despu\u00e9s de que el juez del TSJM Jes\u00fas Gavil\u00e1n haya acordado sentarle en el banquillo de los acusados por un delito de prevaricaci\u00f3n, dos contra la libertad individual y uno de retardo malicioso en la administraci\u00f3n de Justicia presuntamente cometidos en su investigaci\u00f3n al expresidente de Caja Madrid Miguel Blesa.<\/p>\n<p>El a\u00fan titular del Juzgado de Instrucci\u00f3n n\u00famero 9 de Madrid, para el que la Fiscal\u00eda ha reclamado una pena de inhabilitaci\u00f3n de 30 a\u00f1os por estos delitos, ha recordado que se querellar\u00e1 contra Gavil\u00e1n por llevar \u00abel canon de la Justicia por debajo del franquismo\u00bb y del \u00abtercer mundo\u00bb con su decisi\u00f3n.<\/p>\n<p>Previsiblemente, interpondr\u00e1n la querella la semana que viene en el Tribunal Supremo y cuenta ya con el apoyo de 170.000 firmantes, seg\u00fan ha relatado uno de sus abogados, C\u00e1ndido Conde-Pumpido Varela.<\/p>\n<p>El juez Silva ha dicho sentirse \u00abv\u00edctima de una campa\u00f1a de acoso y derribo\u00bb orquestada por \u00abmentes desfasadas\u00bb que han fabricado una \u00abopereta tenebrosa\u00bb para \u00abfavorecer a los corruptos\u00bb.<\/p>\n<p>\u00abEsto est\u00e1 fabricado, est\u00e1 montado para seguir denigrando al juez\u00bb, ha recalcado Silva antes de desear que su situaci\u00f3n \u00abno salga gratis, porque si sale gratis el corrupto vive instalado en la salsa de impunidad, que es lo que le gusta y donde vive c\u00f3modamente\u00bb.<\/p>\n<p>Ha justificado su actuaci\u00f3n en el \u00abcaso Blesa\u00bb ante el \u00abhundimiento de la tercera entidad del pa\u00eds\u00bb sin que el expresidente de Caja Madrid diera \u00abla m\u00e1s m\u00ednima explicaci\u00f3n coherente\u00bb.<\/p>\n<p>Por ello, ha lamentado que se le impute un delito de prevaricaci\u00f3n del que no se ha acusado a otros jueces que investigan a Blesa, entre ellos el magistrado de la Audiencia Nacional Fernando Andreu.<\/p>\n<p>En este sentido, preguntado por la declaraci\u00f3n ma\u00f1ana de Blesa en los Juzgados de Plaza de Castilla por la compra del City National Bank de Florida, por la que orden\u00f3 su encarcelamiento en dos ocasiones, Silva ha considerado que su sustituto en esta causa deber\u00eda inhibirse en favor de la Audiencia Nacional porque se trata de \u00abuna p\u00e9sima gesti\u00f3n bancaria criminalizada\u00bb.<\/p>\n<p>Adem\u00e1s, ha considerado \u00abmuy coherente\u00bb que Bankia se persone como perjudicada, ya que ha resultado as\u00ed \u00abcomo todos los ciudadanos espa\u00f1oles\u00bb.<\/p>\n<p>Durante el acto, el abogado Miguel \u00c1ngel Jim\u00e9nez, miembro de la plataforma ciudadana \u00abDemocracia Real Ya\u00bb, le ha trasladado su propuesta para presentarse como candidato a las pr\u00f3ximas elecciones europeas, aunque sin especificar bajo el nombre de qu\u00e9 colectivos lo har\u00eda.<\/p>\n<p>A ello, Silva ha respondido que deber\u00e1 pensarlo y, a preguntas de los periodistas, ha precisado que si se ve \u00abobligado\u00bb dar\u00e1 el salto a la pol\u00edtica como quien \u00abva a urgencias de un hospital\u00bb y que, aunque a\u00fan no ha tomado una decisi\u00f3n firme, no lo har\u00e1 nunca bajo las siglas de un partido pol\u00edtico, sino de un movimiento ciudadano.<\/p>\n","protected":false},"excerpt":{"rendered":"<p>Madrid, 23 ene (EFE).- El juez Elpidio Jos\u00e9 Silva ha afirmado hoy sentirse v\u00edctima de una campa\u00f1a de \u00abacoso y derribo\u00bb por parte del Tribunal Superior de Justicia de Madrid, que hoy ha abierto juicio oral contra \u00e9l, al tiempo que ha se\u00f1alado que est\u00e1 sopesando dar el salto a la pol\u00edtica en las pr\u00f3ximas [&hellip;]<\/p>\n","protected":false},"author":1,"featured_media":1132184,"comment_status":"closed","ping_status":"open","sticky":false,"template":"","format":"standard","meta":{"footnotes":""},"categories":[1],"tags":[],"class_list":["post-478274","post","type-post","status-publish","format-standard","has-post-thumbnail","hentry","category-actualidad"],"aioseo_notices":[],"aioseo_head":"\n\t\t<!-- All in One SEO Pro 5.0.1 - aioseo.com -->\n\t<meta name=\"description\" content=\"Madrid, 23 ene (EFE).- El juez Elpidio Jos\u00e9 Silva ha afirmado hoy sentirse v\u00edctima de una campa\u00f1a de &quot;acoso y derribo&quot; por parte del Tribunal Superior de Justicia de Madrid, que hoy ha abierto juicio oral contra \u00e9l, al tiempo que ha se\u00f1alado que est\u00e1 sopesando dar el salto a la pol\u00edtica en las pr\u00f3ximas\" \/>\n\t<meta name=\"robots\" content=\"max-image-preview:large\" \/>\n\t<meta name=\"author\" content=\"El Digital de Asturias\"\/>\n\t<meta name=\"google-site-verification\" content=\"UA-38556648-1\" \/>\n\t<meta name=\"msvalidate.01\" content=\"7dfe9f3f1b24437ab69f4f2559babe99\" \/>\n\t<meta name=\"keywords\" content=\"actualidad\" \/>\n\t<link rel=\"canonical\" href=\"https:\/\/www.eldigitaldeasturias.com\/noticias\/silva-denuncia-una-campana-de-acoso-y-derribo-y-dice-que-sopesa-saltar-a-la-politica\/\" \/>\n\t<meta name=\"generator\" content=\"All in One SEO Pro (AIOSEO) 5.0.1\" \/>\n\t\t<meta property=\"og:locale\" content=\"es_ES\" \/>\n\t\t<meta property=\"og:site_name\" content=\"El Digital de Asturias\" \/>\n\t\t<meta property=\"og:type\" content=\"article\" \/>\n\t\t<meta property=\"og:title\" content=\"Silva denuncia una campa\u00f1a de acoso y derribo y dice que sopesa saltar a la pol\u00edtica - El Digital de Asturias\" \/>\n\t\t<meta property=\"og:description\" content=\"Madrid, 23 ene (EFE).- El juez Elpidio Jos\u00e9 Silva ha afirmado hoy sentirse v\u00edctima de una campa\u00f1a de &quot;acoso y derribo&quot; por parte del Tribunal Superior de Justicia de Madrid, que hoy ha abierto juicio oral contra \u00e9l, al tiempo que ha se\u00f1alado que est\u00e1 sopesando dar el salto a la pol\u00edtica en las pr\u00f3ximas\" \/>\n\t\t<meta property=\"og:url\" content=\"https:\/\/www.eldigitaldeasturias.com\/noticias\/silva-denuncia-una-campana-de-acoso-y-derribo-y-dice-que-sopesa-saltar-a-la-politica\/\" \/>\n\t\t<meta property=\"og:image\" content=\"https:\/\/www.eldigitaldeasturias.com\/noticias\/wp-content\/uploads\/2026\/06\/Contenidos.jpg\" \/>\n\t\t<meta property=\"og:image:secure_url\" content=\"https:\/\/www.eldigitaldeasturias.com\/noticias\/wp-content\/uploads\/2026\/06\/Contenidos.jpg\" \/>\n\t\t<meta property=\"og:image:width\" content=\"1265\" \/>\n\t\t<meta property=\"og:image:height\" content=\"697\" \/>\n\t\t<meta property=\"article:tag\" content=\"actualidad\" \/>\n\t\t<meta property=\"article:published_time\" content=\"2014-01-24T18:26:00+00:00\" \/>\n\t\t<meta property=\"article:modified_time\" content=\"2014-01-24T18:26:00+00:00\" \/>\n\t\t<meta property=\"article:publisher\" content=\"https:\/\/facebook.com\/eldigitaldeasturias\" \/>\n\t\t<meta name=\"twitter:card\" content=\"summary_large_image\" \/>\n\t\t<meta name=\"twitter:title\" content=\"Silva denuncia una campa\u00f1a de acoso y derribo y dice que sopesa saltar a la pol\u00edtica - El Digital de Asturias\" \/>\n\t\t<meta name=\"twitter:description\" content=\"Madrid, 23 ene (EFE).- El juez Elpidio Jos\u00e9 Silva ha afirmado hoy sentirse v\u00edctima de una campa\u00f1a de &quot;acoso y derribo&quot; por parte del Tribunal Superior de Justicia de Madrid, que hoy ha abierto juicio oral contra \u00e9l, al tiempo que ha se\u00f1alado que est\u00e1 sopesando dar el salto a la pol\u00edtica en las pr\u00f3ximas\" \/>\n\t\t<meta name=\"twitter:image\" content=\"https:\/\/www.eldigitaldeasturias.com\/noticias\/wp-content\/uploads\/2026\/06\/Contenidos.jpg\" \/>\n\t\t<meta name=\"twitter:label1\" content=\"Escrito por\" \/>\n\t\t<meta name=\"twitter:data1\" content=\"El Digital de Asturias\" \/>\n\t\t<meta name=\"twitter:label2\" content=\"Tiempo de lectura estimado\" \/>\n\t\t<meta name=\"twitter:data2\" content=\"3 minutos\" \/>\n\t\t<script type=\"application\/ld+json\" class=\"aioseo-schema\">\n\t\t\t{\"@context\":\"https:\\\/\\\/schema.org\",\"@graph\":[{\"@type\":\"BlogPosting\",\"@id\":\"https:\\\/\\\/www.eldigitaldeasturias.com\\\/noticias\\\/silva-denuncia-una-campana-de-acoso-y-derribo-y-dice-que-sopesa-saltar-a-la-politica\\\/#blogposting\",\"name\":\"Silva denuncia una campa\\u00f1a de acoso y derribo y dice que sopesa saltar a la pol\\u00edtica - El Digital de Asturias\",\"headline\":\"Silva denuncia una campa\\u00f1a de acoso y derribo y dice que sopesa saltar a la pol\\u00edtica\",\"author\":{\"@id\":\"https:\\\/\\\/www.eldigitaldeasturias.com\\\/noticias\\\/author\\\/admin\\\/#author\"},\"publisher\":{\"@id\":\"https:\\\/\\\/www.eldigitaldeasturias.com\\\/noticias\\\/#organization\"},\"image\":{\"@type\":\"ImageObject\",\"url\":\"https:\\\/\\\/www.eldigitaldeasturias.com\\\/noticias\\\/wp-content\\\/uploads\\\/2026\\\/06\\\/Contenidos.jpg\",\"width\":1265,\"height\":697,\"caption\":\"Contenidos\"},\"datePublished\":\"2014-01-24T17:26:00+01:00\",\"dateModified\":\"2014-01-24T17:26:00+01:00\",\"inLanguage\":\"es-ES\",\"mainEntityOfPage\":{\"@id\":\"https:\\\/\\\/www.eldigitaldeasturias.com\\\/noticias\\\/silva-denuncia-una-campana-de-acoso-y-derribo-y-dice-que-sopesa-saltar-a-la-politica\\\/#webpage\"},\"isPartOf\":{\"@id\":\"https:\\\/\\\/www.eldigitaldeasturias.com\\\/noticias\\\/silva-denuncia-una-campana-de-acoso-y-derribo-y-dice-que-sopesa-saltar-a-la-politica\\\/#webpage\"},\"articleSection\":\"Actualidad\"},{\"@type\":\"BreadcrumbList\",\"@id\":\"https:\\\/\\\/www.eldigitaldeasturias.com\\\/noticias\\\/silva-denuncia-una-campana-de-acoso-y-derribo-y-dice-que-sopesa-saltar-a-la-politica\\\/#breadcrumblist\",\"itemListElement\":[{\"@type\":\"ListItem\",\"@id\":\"https:\\\/\\\/www.eldigitaldeasturias.com\\\/noticias#listItem\",\"position\":1,\"name\":\"Home\",\"item\":\"https:\\\/\\\/www.eldigitaldeasturias.com\\\/noticias\",\"nextItem\":{\"@type\":\"ListItem\",\"@id\":\"https:\\\/\\\/www.eldigitaldeasturias.com\\\/noticias\\\/category\\\/actualidad\\\/#listItem\",\"name\":\"Actualidad\"}},{\"@type\":\"ListItem\",\"@id\":\"https:\\\/\\\/www.eldigitaldeasturias.com\\\/noticias\\\/category\\\/actualidad\\\/#listItem\",\"position\":2,\"name\":\"Actualidad\",\"item\":\"https:\\\/\\\/www.eldigitaldeasturias.com\\\/noticias\\\/category\\\/actualidad\\\/\",\"nextItem\":{\"@type\":\"ListItem\",\"@id\":\"https:\\\/\\\/www.eldigitaldeasturias.com\\\/noticias\\\/silva-denuncia-una-campana-de-acoso-y-derribo-y-dice-que-sopesa-saltar-a-la-politica\\\/#listItem\",\"name\":\"Silva denuncia una campa\\u00f1a de acoso y derribo y dice que sopesa saltar a la pol\\u00edtica\"},\"previousItem\":{\"@type\":\"ListItem\",\"@id\":\"https:\\\/\\\/www.eldigitaldeasturias.com\\\/noticias#listItem\",\"name\":\"Home\"}},{\"@type\":\"ListItem\",\"@id\":\"https:\\\/\\\/www.eldigitaldeasturias.com\\\/noticias\\\/silva-denuncia-una-campana-de-acoso-y-derribo-y-dice-que-sopesa-saltar-a-la-politica\\\/#listItem\",\"position\":3,\"name\":\"Silva denuncia una campa\\u00f1a de acoso y derribo y dice que sopesa saltar a la pol\\u00edtica\",\"previousItem\":{\"@type\":\"ListItem\",\"@id\":\"https:\\\/\\\/www.eldigitaldeasturias.com\\\/noticias\\\/category\\\/actualidad\\\/#listItem\",\"name\":\"Actualidad\"}}]},{\"@type\":\"Organization\",\"@id\":\"https:\\\/\\\/www.eldigitaldeasturias.com\\\/noticias\\\/#organization\",\"name\":\"El Digital de Asturias\",\"description\":\"Hemeroteca\",\"url\":\"https:\\\/\\\/www.eldigitaldeasturias.com\\\/noticias\\\/\",\"email\":\"info@eldigitaldeasturias.com\",\"telephone\":\"+34652131393\",\"logo\":{\"@type\":\"ImageObject\",\"url\":\"https:\\\/\\\/www.eldigitaldeasturias.com\\\/noticias\\\/wp-content\\\/uploads\\\/2020\\\/12\\\/EDA.jpg\",\"@id\":\"https:\\\/\\\/www.eldigitaldeasturias.com\\\/noticias\\\/silva-denuncia-una-campana-de-acoso-y-derribo-y-dice-que-sopesa-saltar-a-la-politica\\\/#organizationLogo\"},\"image\":{\"@id\":\"https:\\\/\\\/www.eldigitaldeasturias.com\\\/noticias\\\/silva-denuncia-una-campana-de-acoso-y-derribo-y-dice-que-sopesa-saltar-a-la-politica\\\/#organizationLogo\"},\"sameAs\":[\"https:\\\/\\\/facebook.com\\\/eldigitaldeasturias\",\"https:\\\/\\\/www.youtube.com\\\/channel\\\/UCZP-2wLEB9Rv6erhFmqVnvg\"],\"address\":{\"@id\":\"https:\\\/\\\/www.eldigitaldeasturias.com\\\/noticias\\\/#postaladdress\",\"@type\":\"PostalAddress\",\"streetAddress\":\"san antonio 4\",\"postalCode\":\"33430\",\"addressLocality\":\"Cand\\u00e1s\",\"addressRegion\":\"Asturias\",\"addressCountry\":\"ES\"}},{\"@type\":\"Person\",\"@id\":\"https:\\\/\\\/www.eldigitaldeasturias.com\\\/noticias\\\/author\\\/admin\\\/#author\",\"url\":\"https:\\\/\\\/www.eldigitaldeasturias.com\\\/noticias\\\/author\\\/admin\\\/\",\"name\":\"El Digital de Asturias\",\"image\":{\"@type\":\"ImageObject\",\"@id\":\"https:\\\/\\\/www.eldigitaldeasturias.com\\\/noticias\\\/silva-denuncia-una-campana-de-acoso-y-derribo-y-dice-que-sopesa-saltar-a-la-politica\\\/#authorImage\",\"url\":\"https:\\\/\\\/secure.gravatar.com\\\/avatar\\\/df2aeffc32bcd13f8d26072ef8a91b623d677766deac7f97ca815868cd41bf5e?s=96&d=mm&r=g\",\"width\":96,\"height\":96,\"caption\":\"El Digital de Asturias\"}},{\"@type\":\"WebPage\",\"@id\":\"https:\\\/\\\/www.eldigitaldeasturias.com\\\/noticias\\\/silva-denuncia-una-campana-de-acoso-y-derribo-y-dice-que-sopesa-saltar-a-la-politica\\\/#webpage\",\"url\":\"https:\\\/\\\/www.eldigitaldeasturias.com\\\/noticias\\\/silva-denuncia-una-campana-de-acoso-y-derribo-y-dice-que-sopesa-saltar-a-la-politica\\\/\",\"name\":\"Silva denuncia una campa\\u00f1a de acoso y derribo y dice que sopesa saltar a la pol\\u00edtica - El Digital de Asturias\",\"description\":\"Madrid, 23 ene (EFE).- El juez Elpidio Jos\\u00e9 Silva ha afirmado hoy sentirse v\\u00edctima de una campa\\u00f1a de \\\"acoso y derribo\\\" por parte del Tribunal Superior de Justicia de Madrid, que hoy ha abierto juicio oral contra \\u00e9l, al tiempo que ha se\\u00f1alado que est\\u00e1 sopesando dar el salto a la pol\\u00edtica en las pr\\u00f3ximas\",\"inLanguage\":\"es-ES\",\"isPartOf\":{\"@id\":\"https:\\\/\\\/www.eldigitaldeasturias.com\\\/noticias\\\/#website\"},\"breadcrumb\":{\"@id\":\"https:\\\/\\\/www.eldigitaldeasturias.com\\\/noticias\\\/silva-denuncia-una-campana-de-acoso-y-derribo-y-dice-que-sopesa-saltar-a-la-politica\\\/#breadcrumblist\"},\"author\":{\"@id\":\"https:\\\/\\\/www.eldigitaldeasturias.com\\\/noticias\\\/author\\\/admin\\\/#author\"},\"creator\":{\"@id\":\"https:\\\/\\\/www.eldigitaldeasturias.com\\\/noticias\\\/author\\\/admin\\\/#author\"},\"image\":{\"@type\":\"ImageObject\",\"url\":\"https:\\\/\\\/www.eldigitaldeasturias.com\\\/noticias\\\/wp-content\\\/uploads\\\/2026\\\/06\\\/Contenidos.jpg\",\"@id\":\"https:\\\/\\\/www.eldigitaldeasturias.com\\\/noticias\\\/silva-denuncia-una-campana-de-acoso-y-derribo-y-dice-que-sopesa-saltar-a-la-politica\\\/#mainImage\",\"width\":1265,\"height\":697,\"caption\":\"Contenidos\"},\"primaryImageOfPage\":{\"@id\":\"https:\\\/\\\/www.eldigitaldeasturias.com\\\/noticias\\\/silva-denuncia-una-campana-de-acoso-y-derribo-y-dice-que-sopesa-saltar-a-la-politica\\\/#mainImage\"},\"datePublished\":\"2014-01-24T17:26:00+01:00\",\"dateModified\":\"2014-01-24T17:26:00+01:00\"},{\"@type\":\"WebSite\",\"@id\":\"https:\\\/\\\/www.eldigitaldeasturias.com\\\/noticias\\\/#website\",\"url\":\"https:\\\/\\\/www.eldigitaldeasturias.com\\\/noticias\\\/\",\"name\":\"El Digital de Asturias - Diario de actualidad y noticias\",\"alternateName\":\"El Digital de Asturias - Diario de actualidad y noticias\",\"description\":\"Hemeroteca\",\"inLanguage\":\"es-ES\",\"publisher\":{\"@id\":\"https:\\\/\\\/www.eldigitaldeasturias.com\\\/noticias\\\/#organization\"}}]}\n\t\t<\/script>\n\t\t<!-- All in One SEO Pro -->\r\n\t\t<title>Silva denuncia una campa\u00f1a de acoso y derribo y dice que sopesa saltar a la pol\u00edtica - El Digital de Asturias<\/title>\n\n","aioseo_head_json":{"title":"Silva denuncia una campa\u00f1a de acoso y derribo y dice que sopesa saltar a la pol\u00edtica - El Digital de Asturias","description":"Madrid, 23 ene (EFE).- El juez Elpidio Jos\u00e9 Silva ha afirmado hoy sentirse v\u00edctima de una campa\u00f1a de \"acoso y derribo\" por parte del Tribunal Superior de Justicia de Madrid, que hoy ha abierto juicio oral contra \u00e9l, al tiempo que ha se\u00f1alado que est\u00e1 sopesando dar el salto a la pol\u00edtica en las pr\u00f3ximas","canonical_url":"https:\/\/www.eldigitaldeasturias.com\/noticias\/silva-denuncia-una-campana-de-acoso-y-derribo-y-dice-que-sopesa-saltar-a-la-politica\/","robots":"max-image-preview:large","keywords":"actualidad","webmasterTools":{"google-site-verification":"UA-38556648-1","msvalidate.01":"7dfe9f3f1b24437ab69f4f2559babe99","miscellaneous":""},"schema":{"@context":"https:\/\/schema.org","@graph":[{"@type":"BlogPosting","@id":"https:\/\/www.eldigitaldeasturias.com\/noticias\/silva-denuncia-una-campana-de-acoso-y-derribo-y-dice-que-sopesa-saltar-a-la-politica\/#blogposting","name":"Silva denuncia una campa\u00f1a de acoso y derribo y dice que sopesa saltar a la pol\u00edtica - El Digital de Asturias","headline":"Silva denuncia una campa\u00f1a de acoso y derribo y dice que sopesa saltar a la pol\u00edtica","author":{"@id":"https:\/\/www.eldigitaldeasturias.com\/noticias\/author\/admin\/#author"},"publisher":{"@id":"https:\/\/www.eldigitaldeasturias.com\/noticias\/#organization"},"image":{"@type":"ImageObject","url":"https:\/\/www.eldigitaldeasturias.com\/noticias\/wp-content\/uploads\/2026\/06\/Contenidos.jpg","width":1265,"height":697,"caption":"Contenidos"},"datePublished":"2014-01-24T17:26:00+01:00","dateModified":"2014-01-24T17:26:00+01:00","inLanguage":"es-ES","mainEntityOfPage":{"@id":"https:\/\/www.eldigitaldeasturias.com\/noticias\/silva-denuncia-una-campana-de-acoso-y-derribo-y-dice-que-sopesa-saltar-a-la-politica\/#webpage"},"isPartOf":{"@id":"https:\/\/www.eldigitaldeasturias.com\/noticias\/silva-denuncia-una-campana-de-acoso-y-derribo-y-dice-que-sopesa-saltar-a-la-politica\/#webpage"},"articleSection":"Actualidad"},{"@type":"BreadcrumbList","@id":"https:\/\/www.eldigitaldeasturias.com\/noticias\/silva-denuncia-una-campana-de-acoso-y-derribo-y-dice-que-sopesa-saltar-a-la-politica\/#breadcrumblist","itemListElement":[{"@type":"ListItem","@id":"https:\/\/www.eldigitaldeasturias.com\/noticias#listItem","position":1,"name":"Home","item":"https:\/\/www.eldigitaldeasturias.com\/noticias","nextItem":{"@type":"ListItem","@id":"https:\/\/www.eldigitaldeasturias.com\/noticias\/category\/actualidad\/#listItem","name":"Actualidad"}},{"@type":"ListItem","@id":"https:\/\/www.eldigitaldeasturias.com\/noticias\/category\/actualidad\/#listItem","position":2,"name":"Actualidad","item":"https:\/\/www.eldigitaldeasturias.com\/noticias\/category\/actualidad\/","nextItem":{"@type":"ListItem","@id":"https:\/\/www.eldigitaldeasturias.com\/noticias\/silva-denuncia-una-campana-de-acoso-y-derribo-y-dice-que-sopesa-saltar-a-la-politica\/#listItem","name":"Silva denuncia una campa\u00f1a de acoso y derribo y dice que sopesa saltar a la pol\u00edtica"},"previousItem":{"@type":"ListItem","@id":"https:\/\/www.eldigitaldeasturias.com\/noticias#listItem","name":"Home"}},{"@type":"ListItem","@id":"https:\/\/www.eldigitaldeasturias.com\/noticias\/silva-denuncia-una-campana-de-acoso-y-derribo-y-dice-que-sopesa-saltar-a-la-politica\/#listItem","position":3,"name":"Silva denuncia una campa\u00f1a de acoso y derribo y dice que sopesa saltar a la pol\u00edtica","previousItem":{"@type":"ListItem","@id":"https:\/\/www.eldigitaldeasturias.com\/noticias\/category\/actualidad\/#listItem","name":"Actualidad"}}]},{"@type":"Organization","@id":"https:\/\/www.eldigitaldeasturias.com\/noticias\/#organization","name":"El Digital de Asturias","description":"Hemeroteca","url":"https:\/\/www.eldigitaldeasturias.com\/noticias\/","email":"info@eldigitaldeasturias.com","telephone":"+34652131393","logo":{"@type":"ImageObject","url":"https:\/\/www.eldigitaldeasturias.com\/noticias\/wp-content\/uploads\/2020\/12\/EDA.jpg","@id":"https:\/\/www.eldigitaldeasturias.com\/noticias\/silva-denuncia-una-campana-de-acoso-y-derribo-y-dice-que-sopesa-saltar-a-la-politica\/#organizationLogo"},"image":{"@id":"https:\/\/www.eldigitaldeasturias.com\/noticias\/silva-denuncia-una-campana-de-acoso-y-derribo-y-dice-que-sopesa-saltar-a-la-politica\/#organizationLogo"},"sameAs":["https:\/\/facebook.com\/eldigitaldeasturias","https:\/\/www.youtube.com\/channel\/UCZP-2wLEB9Rv6erhFmqVnvg"],"address":{"@id":"https:\/\/www.eldigitaldeasturias.com\/noticias\/#postaladdress","@type":"PostalAddress","streetAddress":"san antonio 4","postalCode":"33430","addressLocality":"Cand\u00e1s","addressRegion":"Asturias","addressCountry":"ES"}},{"@type":"Person","@id":"https:\/\/www.eldigitaldeasturias.com\/noticias\/author\/admin\/#author","url":"https:\/\/www.eldigitaldeasturias.com\/noticias\/author\/admin\/","name":"El Digital de Asturias","image":{"@type":"ImageObject","@id":"https:\/\/www.eldigitaldeasturias.com\/noticias\/silva-denuncia-una-campana-de-acoso-y-derribo-y-dice-que-sopesa-saltar-a-la-politica\/#authorImage","url":"https:\/\/secure.gravatar.com\/avatar\/df2aeffc32bcd13f8d26072ef8a91b623d677766deac7f97ca815868cd41bf5e?s=96&d=mm&r=g","width":96,"height":96,"caption":"El Digital de Asturias"}},{"@type":"WebPage","@id":"https:\/\/www.eldigitaldeasturias.com\/noticias\/silva-denuncia-una-campana-de-acoso-y-derribo-y-dice-que-sopesa-saltar-a-la-politica\/#webpage","url":"https:\/\/www.eldigitaldeasturias.com\/noticias\/silva-denuncia-una-campana-de-acoso-y-derribo-y-dice-que-sopesa-saltar-a-la-politica\/","name":"Silva denuncia una campa\u00f1a de acoso y derribo y dice que sopesa saltar a la pol\u00edtica - El Digital de Asturias","description":"Madrid, 23 ene (EFE).- El juez Elpidio Jos\u00e9 Silva ha afirmado hoy sentirse v\u00edctima de una campa\u00f1a de \"acoso y derribo\" por parte del Tribunal Superior de Justicia de Madrid, que hoy ha abierto juicio oral contra \u00e9l, al tiempo que ha se\u00f1alado que est\u00e1 sopesando dar el salto a la pol\u00edtica en las pr\u00f3ximas","inLanguage":"es-ES","isPartOf":{"@id":"https:\/\/www.eldigitaldeasturias.com\/noticias\/#website"},"breadcrumb":{"@id":"https:\/\/www.eldigitaldeasturias.com\/noticias\/silva-denuncia-una-campana-de-acoso-y-derribo-y-dice-que-sopesa-saltar-a-la-politica\/#breadcrumblist"},"author":{"@id":"https:\/\/www.eldigitaldeasturias.com\/noticias\/author\/admin\/#author"},"creator":{"@id":"https:\/\/www.eldigitaldeasturias.com\/noticias\/author\/admin\/#author"},"image":{"@type":"ImageObject","url":"https:\/\/www.eldigitaldeasturias.com\/noticias\/wp-content\/uploads\/2026\/06\/Contenidos.jpg","@id":"https:\/\/www.eldigitaldeasturias.com\/noticias\/silva-denuncia-una-campana-de-acoso-y-derribo-y-dice-que-sopesa-saltar-a-la-politica\/#mainImage","width":1265,"height":697,"caption":"Contenidos"},"primaryImageOfPage":{"@id":"https:\/\/www.eldigitaldeasturias.com\/noticias\/silva-denuncia-una-campana-de-acoso-y-derribo-y-dice-que-sopesa-saltar-a-la-politica\/#mainImage"},"datePublished":"2014-01-24T17:26:00+01:00","dateModified":"2014-01-24T17:26:00+01:00"},{"@type":"WebSite","@id":"https:\/\/www.eldigitaldeasturias.com\/noticias\/#website","url":"https:\/\/www.eldigitaldeasturias.com\/noticias\/","name":"El Digital de Asturias - Diario de actualidad y noticias","alternateName":"El Digital de Asturias - Diario de actualidad y noticias","description":"Hemeroteca","inLanguage":"es-ES","publisher":{"@id":"https:\/\/www.eldigitaldeasturias.com\/noticias\/#organization"}}]},"og:locale":"es_ES","og:site_name":"El Digital de Asturias","og:type":"article","og:title":"Silva denuncia una campa\u00f1a de acoso y derribo y dice que sopesa saltar a la pol\u00edtica - El Digital de Asturias","og:description":"Madrid, 23 ene (EFE).- El juez Elpidio Jos\u00e9 Silva ha afirmado hoy sentirse v\u00edctima de una campa\u00f1a de &quot;acoso y derribo&quot; por parte del Tribunal Superior de Justicia de Madrid, que hoy ha abierto juicio oral contra \u00e9l, al tiempo que ha se\u00f1alado que est\u00e1 sopesando dar el salto a la pol\u00edtica en las pr\u00f3ximas","og:url":"https:\/\/www.eldigitaldeasturias.com\/noticias\/silva-denuncia-una-campana-de-acoso-y-derribo-y-dice-que-sopesa-saltar-a-la-politica\/","og:image":"https:\/\/www.eldigitaldeasturias.com\/noticias\/wp-content\/uploads\/2026\/06\/Contenidos.jpg","og:image:secure_url":"https:\/\/www.eldigitaldeasturias.com\/noticias\/wp-content\/uploads\/2026\/06\/Contenidos.jpg","og:image:width":1265,"og:image:height":697,"article:tag":["actualidad"],"article:published_time":"2014-01-24T18:26:00+00:00","article:modified_time":"2014-01-24T18:26:00+00:00","article:publisher":"https:\/\/facebook.com\/eldigitaldeasturias","twitter:card":"summary_large_image","twitter:title":"Silva denuncia una campa\u00f1a de acoso y derribo y dice que sopesa saltar a la pol\u00edtica - El Digital de Asturias","twitter:description":"Madrid, 23 ene (EFE).- El juez Elpidio Jos\u00e9 Silva ha afirmado hoy sentirse v\u00edctima de una campa\u00f1a de &quot;acoso y derribo&quot; por parte del Tribunal Superior de Justicia de Madrid, que hoy ha abierto juicio oral contra \u00e9l, al tiempo que ha se\u00f1alado que est\u00e1 sopesando dar el salto a la pol\u00edtica en las pr\u00f3ximas","twitter:image":"https:\/\/www.eldigitaldeasturias.com\/noticias\/wp-content\/uploads\/2026\/06\/Contenidos.jpg","twitter:label1":"Escrito por","twitter:data1":"El Digital de Asturias","twitter:label2":"Tiempo de lectura estimado","twitter:data2":"3 minutos"},"aioseo_meta_data":{"post_id":"478274","title":null,"description":null,"keywords":null,"keyphrases":null,"primary_term":null,"canonical_url":null,"og_title":null,"og_description":null,"og_object_type":"default","og_image_type":"default","og_image_url":null,"og_image_width":null,"og_image_height":null,"og_image_custom_url":null,"og_image_custom_fields":null,"og_video":null,"og_custom_url":null,"og_article_section":null,"og_article_tags":null,"twitter_use_og":true,"twitter_card":"default","twitter_image_type":"default","twitter_image_url":null,"twitter_image_custom_url":null,"twitter_image_custom_fields":null,"twitter_title":null,"twitter_description":null,"schema":{"blockGraphs":[],"customGraphs":[],"default":{"data":{"Article":[],"Course":[],"Dataset":[],"FAQPage":[],"Movie":[],"Person":[],"Product":[],"ProductReview":[],"Car":[],"Recipe":[],"Service":[],"SoftwareApplication":[],"WebPage":[]},"graphName":"","isEnabled":true},"graphs":[],"defaultGraph":"","defaultPostTypeGraph":""},"schema_type":null,"schema_type_options":null,"pillar_content":false,"robots_default":true,"robots_noindex":false,"robots_noarchive":false,"robots_nosnippet":false,"robots_nofollow":false,"robots_noimageindex":false,"robots_noodp":false,"robots_notranslate":false,"robots_max_snippet":null,"robots_max_videopreview":null,"robots_max_imagepreview":"none","priority":null,"frequency":null,"local_seo":null,"seo_analyzer_scan_date":"2026-06-01 21:02:49","breadcrumb_settings":null,"limit_modified_date":false,"open_ai":null,"ai":null,"created":"2020-11-14 22:53:54","updated":"2026-06-01 21:02:49","focus_keyword":null,"additional_keywords":null,"truseo_locale":null},"aioseo_breadcrumb":"<div class=\"aioseo-breadcrumbs\"><span class=\"aioseo-breadcrumb\">\n\t<a href=\"https:\/\/www.eldigitaldeasturias.com\/noticias\" title=\"Home\">Home<\/a>\n<\/span><span class=\"aioseo-breadcrumb-separator\">\u2013<\/span><span class=\"aioseo-breadcrumb\">\n\t<a href=\"https:\/\/www.eldigitaldeasturias.com\/noticias\/category\/actualidad\/\" title=\"Actualidad\">Actualidad<\/a>\n<\/span><span class=\"aioseo-breadcrumb-separator\">\u2013<\/span><span class=\"aioseo-breadcrumb\">\n\t<a href=\"https:\/\/www.eldigitaldeasturias.com\/noticias\/silva-denuncia-una-campana-de-acoso-y-derribo-y-dice-que-sopesa-saltar-a-la-politica\/\" title=\"Silva denuncia una campa\u00f1a de acoso y derribo y dice que sopesa saltar a la pol\u00edtica\">Silva denuncia una campa\u00f1a de acoso y derribo y dice que sopesa saltar a la pol\u00edtica<\/a>\n<\/span><\/div>","aioseo_breadcrumb_json":[{"label":"Home","link":"https:\/\/www.eldigitaldeasturias.com\/noticias"},{"label":"Actualidad","link":"https:\/\/www.eldigitaldeasturias.com\/noticias\/category\/actualidad\/"},{"label":"Silva denuncia una campa\u00f1a de acoso y derribo y dice que sopesa saltar a la pol\u00edtica","link":"https:\/\/www.eldigitaldeasturias.com\/noticias\/silva-denuncia-una-campana-de-acoso-y-derribo-y-dice-que-sopesa-saltar-a-la-politica\/"}],"_links":{"self":[{"href":"https:\/\/www.eldigitaldeasturias.com\/noticias\/wp-json\/wp\/v2\/posts\/478274","targetHints":{"allow":["GET"]}}],"collection":[{"href":"https:\/\/www.eldigitaldeasturias.com\/noticias\/wp-json\/wp\/v2\/posts"}],"about":[{"href":"https:\/\/www.eldigitaldeasturias.com\/noticias\/wp-json\/wp\/v2\/types\/post"}],"author":[{"embeddable":true,"href":"https:\/\/www.eldigitaldeasturias.com\/noticias\/wp-json\/wp\/v2\/users\/1"}],"replies":[{"embeddable":true,"href":"https:\/\/www.eldigitaldeasturias.com\/noticias\/wp-json\/wp\/v2\/comments?post=478274"}],"version-history":[{"count":0,"href":"https:\/\/www.eldigitaldeasturias.com\/noticias\/wp-json\/wp\/v2\/posts\/478274\/revisions"}],"wp:featuredmedia":[{"embeddable":true,"href":"https:\/\/www.eldigitaldeasturias.com\/noticias\/wp-json\/wp\/v2\/media\/1132184"}],"wp:attachment":[{"href":"https:\/\/www.eldigitaldeasturias.com\/noticias\/wp-json\/wp\/v2\/media?parent=478274"}],"wp:term":[{"taxonomy":"category","embeddable":true,"href":"https:\/\/www.eldigitaldeasturias.com\/noticias\/wp-json\/wp\/v2\/categories?post=478274"},{"taxonomy":"post_tag","embeddable":true,"href":"https:\/\/www.eldigitaldeasturias.com\/noticias\/wp-json\/wp\/v2\/tags?post=478274"}],"curies":[{"name":"wp","href":"https:\/\/api.w.org\/{rel}","templated":true}]}}