{"id":478265,"date":"2014-01-24T17:19:29","date_gmt":"2014-01-24T18:19:29","guid":{"rendered":"http:\/\/www.eldigitaldeasturias.com\/noticias\/?p=478265"},"modified":"2014-01-24T17:19:29","modified_gmt":"2014-01-24T18:19:29","slug":"guevara-promete-un-crecimiento-economico-de-7-por-ciento-y-abrir-el-mercado-electrico","status":"publish","type":"post","link":"https:\/\/www.eldigitaldeasturias.com\/noticias\/guevara-promete-un-crecimiento-economico-de-7-por-ciento-y-abrir-el-mercado-electrico\/","title":{"rendered":"Guevara promete un crecimiento econ\u00f3mico de 7 por ciento y abrir el mercado el\u00e9ctrico"},"content":{"rendered":"<p><img loading=\"lazy\" decoding=\"async\" class=\"alignleft size-medium wp-image-478266\" alt=\"5872360w\" src=\"https:\/\/www.eldigitaldeasturias.com\/noticias\/wp-content\/uploads\/2014\/01\/5872360w-360x268.jpg\" width=\"360\" height=\"268\" \/>San Jos\u00e9, 23 ene (EFE).- El candidato presidencial del derechista Movimiento Libertario (ML), Otto Guevara, asegura que de llegar al Gobierno har\u00e1 crecer la econom\u00eda al 7% anual, crear\u00e1 medio mill\u00f3n de empleos y abrir\u00e1 a la competencia privada el mercado el\u00e9ctrico.<\/p>\n<p>En una entrevista hoy con Efe, Guevara manifest\u00f3 que los principales retos que enfrenta el pa\u00eds est\u00e1n en el \u00e1mbito econ\u00f3mico, con asuntos como el desempleo y el crecimiento y \u00abla corrupci\u00f3n de esta administraci\u00f3n\u00bb de la presidenta, Laura Chinchilla.<\/p>\n<p>\u00abEn nuestra administraci\u00f3n vamos a crear las condiciones para generar 500.000 puestos de trabajo (el doble de los desempleados actuales). Vamos a hacer crecer la econom\u00eda a un 7 % anual en forma sostenida durante los pr\u00f3ximos cuatro a\u00f1os y de esa manera se crear\u00e1n esa cantidad de puestos de trabajo\u00bb, declar\u00f3 Guevara.<\/p>\n<p>Para lograr ese crecimiento econ\u00f3mico, el candidato del ML pretende impulsar \u00abcuatro motores\u00bb: el sector construcci\u00f3n, el turismo, el agropecuario y la inversi\u00f3n extranjera directa.<\/p>\n<p>Seg\u00fan Guevara, remover\u00e1 \u00abobst\u00e1culos burocr\u00e1ticos\u00bb y otros como el alto costo de la energ\u00eda para atraer m\u00e1s inversi\u00f3n, crear empleos y dinamizar la construcci\u00f3n privada y p\u00fablica a peque\u00f1a y gran escala.<\/p>\n<p>Entre los planes figura la apertura a la competencia privada del sector el\u00e9ctrico, que ha estado siempre a cargo del estatal Instituto Costarricense de Electricidad (ICE).<\/p>\n<p>Guevara considera que el ICE ha perdido capacidad para atender la demanda del pa\u00eds y ha tenido que recurrir a generar una parte de la energ\u00eda con combustible, lo que ha elevado las tarifas.<\/p>\n<p>\u00abLa \u00fanica manera de bajar el precio de la luz es a trav\u00e9s de la promoci\u00f3n de la competencia (&#8230;) poniendo al ICE a competir con productores privados con diferentes fuentes: geot\u00e9rmica, biomasa, agua, viento, sol y gas natural\u00bb, manifest\u00f3.<\/p>\n<p>Guevara descart\u00f3 que una apertura vaya a quebrar al ICE, como han advertido otros candidatos presidenciales, y asegur\u00f3 que es el mismo escenario que se present\u00f3 a partir del 2011 con la apertura de las telecomunicaciones, que tambi\u00e9n estaban en manos de esa instituci\u00f3n.<\/p>\n<p>El abogado y empresario asegur\u00f3 que prev\u00e9 una fuerte oposici\u00f3n en la Asamblea Legislativa a la propuesta sobre electricidad y que por ello planea llevarla a las urnas en un refer\u00e9ndum.<\/p>\n<p>En cuanto a la pobreza, que ronda el 21%, Guevara dijo que la mejor forma de reducirla es creando empleo, eliminando burocracia a las empresas y mejorando el acceso al cr\u00e9dito.<\/p>\n<p>Sobre el d\u00e9ficit fiscal, que en 2013 cerr\u00f3 en el 5,4 % del PIB, Guevara descart\u00f3 nuevos impuestos y responsabiliz\u00f3 del \u00abdesequilibrio\u00bb a los Gobiernos del Partido Liberaci\u00f3n Nacional (PLN) de \u00d3scar Arias (2006-2010) y Laura Chinchilla (2010-2014).<\/p>\n<p>Para solucionar el d\u00e9ficit, asegur\u00f3 que pondr\u00e1 un \u00abfreno al gasto p\u00fablico\u00bb, que la n\u00f3mina estatal no crezca, realizar \u00abtraslados horizontales de personal\u00bb para un mejor uso del recurso humano p\u00fablico y \u00abrevisar cl\u00e1usulas abusivas en convenciones colectivas\u00bb.<\/p>\n<p>Insisti\u00f3 en que con la econom\u00eda creciendo al 7% se dinamizar\u00e1 el pago de impuestos y se lograr\u00e1 un aumento de los ingresos, y tambi\u00e9n prometi\u00f3 que entablar\u00e1 una lucha fuerte contra el contrabando de mercanc\u00edas y la evasi\u00f3n del impuesto de la renta.<\/p>\n<p>Por otra parte, Guevara se declar\u00f3 \u00abradical\u00bb en su posici\u00f3n de \u00ababorto cero\u00bb con el argumento de que \u00abla vida empieza desde la concepci\u00f3n\u00bb, mientras en el tema de uniones de personas del mismo sexo coment\u00f3 que apoya el reconocimiento de derechos patrimoniales de estas parejas pero \u00abnada m\u00e1s all\u00e1 de eso\u00bb.<\/p>\n<p>Sobre la fecundaci\u00f3n in vitro, Guevara dijo que acatar\u00e1 la sentencia de la Corte Interamericana de Derechos Humanos que obliga a Costa Rica a reactivar la t\u00e9cnica m\u00e9dica prohibida desde el a\u00f1o 2000 por la Sala Constitucional, que en ese entonces consider\u00f3 que afectaba el derecho a la vida de los no nacidos.<\/p>\n<p>Seg\u00fan las encuestas Guevara es uno de los cuatro candidatos con m\u00e1s opciones a ganar los comicios del 2 de febrero pr\u00f3ximo junto a Johnny Araya, del oficialista Liberaci\u00f3n Nacional; Jos\u00e9 Mar\u00eda Villalta del izquierdista Frente Amplio y Luis Guillermo Sol\u00eds del Partido Acci\u00f3n Ciudadana.<\/p>\n<p>&nbsp;<\/p>\n<p>Douglas Mar\u00edn<\/p>\n","protected":false},"excerpt":{"rendered":"<p>San Jos\u00e9, 23 ene (EFE).- El candidato presidencial del derechista Movimiento Libertario (ML), Otto Guevara, asegura que de llegar al Gobierno har\u00e1 crecer la econom\u00eda al 7% anual, crear\u00e1 medio mill\u00f3n de empleos y abrir\u00e1 a la competencia privada el mercado el\u00e9ctrico. En una entrevista hoy con Efe, Guevara manifest\u00f3 que los principales retos que [&hellip;]<\/p>\n","protected":false},"author":1,"featured_media":1132184,"comment_status":"closed","ping_status":"open","sticky":false,"template":"","format":"standard","meta":{"footnotes":""},"categories":[1],"tags":[],"class_list":["post-478265","post","type-post","status-publish","format-standard","has-post-thumbnail","hentry","category-actualidad"],"aioseo_notices":[],"aioseo_head":"\n\t\t<!-- All in One SEO Pro 5.0.1 - aioseo.com -->\n\t<meta name=\"description\" content=\"San Jos\u00e9, 23 ene (EFE).- El candidato presidencial del derechista Movimiento Libertario (ML), Otto Guevara, asegura que de llegar al Gobierno har\u00e1 crecer la econom\u00eda al 7% anual, crear\u00e1 medio mill\u00f3n de empleos y abrir\u00e1 a la competencia privada el mercado el\u00e9ctrico. En una entrevista hoy con Efe, Guevara manifest\u00f3 que los principales retos que\" \/>\n\t<meta name=\"robots\" content=\"max-image-preview:large\" \/>\n\t<meta name=\"author\" content=\"El Digital de Asturias\"\/>\n\t<meta name=\"google-site-verification\" content=\"UA-38556648-1\" \/>\n\t<meta name=\"msvalidate.01\" content=\"7dfe9f3f1b24437ab69f4f2559babe99\" \/>\n\t<meta name=\"keywords\" content=\"actualidad\" \/>\n\t<link rel=\"canonical\" href=\"https:\/\/www.eldigitaldeasturias.com\/noticias\/guevara-promete-un-crecimiento-economico-de-7-por-ciento-y-abrir-el-mercado-electrico\/\" \/>\n\t<meta name=\"generator\" content=\"All in One SEO Pro (AIOSEO) 5.0.1\" \/>\n\t\t<meta property=\"og:locale\" content=\"es_ES\" \/>\n\t\t<meta property=\"og:site_name\" content=\"El Digital de Asturias\" \/>\n\t\t<meta property=\"og:type\" content=\"article\" \/>\n\t\t<meta property=\"og:title\" content=\"Guevara promete un crecimiento econ\u00f3mico de 7 por ciento y abrir el mercado el\u00e9ctrico - El Digital de Asturias\" \/>\n\t\t<meta property=\"og:description\" content=\"San Jos\u00e9, 23 ene (EFE).- El candidato presidencial del derechista Movimiento Libertario (ML), Otto Guevara, asegura que de llegar al Gobierno har\u00e1 crecer la econom\u00eda al 7% anual, crear\u00e1 medio mill\u00f3n de empleos y abrir\u00e1 a la competencia privada el mercado el\u00e9ctrico. En una entrevista hoy con Efe, Guevara manifest\u00f3 que los principales retos que\" \/>\n\t\t<meta property=\"og:url\" content=\"https:\/\/www.eldigitaldeasturias.com\/noticias\/guevara-promete-un-crecimiento-economico-de-7-por-ciento-y-abrir-el-mercado-electrico\/\" \/>\n\t\t<meta property=\"og:image\" content=\"https:\/\/www.eldigitaldeasturias.com\/noticias\/wp-content\/uploads\/2026\/06\/Contenidos.jpg\" \/>\n\t\t<meta property=\"og:image:secure_url\" content=\"https:\/\/www.eldigitaldeasturias.com\/noticias\/wp-content\/uploads\/2026\/06\/Contenidos.jpg\" \/>\n\t\t<meta property=\"og:image:width\" content=\"1265\" \/>\n\t\t<meta property=\"og:image:height\" content=\"697\" \/>\n\t\t<meta property=\"article:tag\" content=\"actualidad\" \/>\n\t\t<meta property=\"article:published_time\" content=\"2014-01-24T18:19:29+00:00\" \/>\n\t\t<meta property=\"article:modified_time\" content=\"2014-01-24T18:19:29+00:00\" \/>\n\t\t<meta property=\"article:publisher\" content=\"https:\/\/facebook.com\/eldigitaldeasturias\" \/>\n\t\t<meta name=\"twitter:card\" content=\"summary_large_image\" \/>\n\t\t<meta name=\"twitter:title\" content=\"Guevara promete un crecimiento econ\u00f3mico de 7 por ciento y abrir el mercado el\u00e9ctrico - El Digital de Asturias\" \/>\n\t\t<meta name=\"twitter:description\" content=\"San Jos\u00e9, 23 ene (EFE).- El candidato presidencial del derechista Movimiento Libertario (ML), Otto Guevara, asegura que de llegar al Gobierno har\u00e1 crecer la econom\u00eda al 7% anual, crear\u00e1 medio mill\u00f3n de empleos y abrir\u00e1 a la competencia privada el mercado el\u00e9ctrico. En una entrevista hoy con Efe, Guevara manifest\u00f3 que los principales retos que\" \/>\n\t\t<meta name=\"twitter:image\" content=\"https:\/\/www.eldigitaldeasturias.com\/noticias\/wp-content\/uploads\/2026\/06\/Contenidos.jpg\" \/>\n\t\t<meta name=\"twitter:label1\" content=\"Escrito por\" \/>\n\t\t<meta name=\"twitter:data1\" content=\"El Digital de Asturias\" \/>\n\t\t<meta name=\"twitter:label2\" content=\"Tiempo de lectura estimado\" \/>\n\t\t<meta name=\"twitter:data2\" content=\"4 minutos\" \/>\n\t\t<script type=\"application\/ld+json\" class=\"aioseo-schema\">\n\t\t\t{\"@context\":\"https:\\\/\\\/schema.org\",\"@graph\":[{\"@type\":\"BlogPosting\",\"@id\":\"https:\\\/\\\/www.eldigitaldeasturias.com\\\/noticias\\\/guevara-promete-un-crecimiento-economico-de-7-por-ciento-y-abrir-el-mercado-electrico\\\/#blogposting\",\"name\":\"Guevara promete un crecimiento econ\\u00f3mico de 7 por ciento y abrir el mercado el\\u00e9ctrico - El Digital de Asturias\",\"headline\":\"Guevara promete un crecimiento econ\\u00f3mico de 7 por ciento y abrir el mercado el\\u00e9ctrico\",\"author\":{\"@id\":\"https:\\\/\\\/www.eldigitaldeasturias.com\\\/noticias\\\/author\\\/admin\\\/#author\"},\"publisher\":{\"@id\":\"https:\\\/\\\/www.eldigitaldeasturias.com\\\/noticias\\\/#organization\"},\"image\":{\"@type\":\"ImageObject\",\"url\":\"https:\\\/\\\/www.eldigitaldeasturias.com\\\/noticias\\\/wp-content\\\/uploads\\\/2026\\\/06\\\/Contenidos.jpg\",\"width\":1265,\"height\":697,\"caption\":\"Contenidos\"},\"datePublished\":\"2014-01-24T17:19:29+01:00\",\"dateModified\":\"2014-01-24T17:19:29+01:00\",\"inLanguage\":\"es-ES\",\"mainEntityOfPage\":{\"@id\":\"https:\\\/\\\/www.eldigitaldeasturias.com\\\/noticias\\\/guevara-promete-un-crecimiento-economico-de-7-por-ciento-y-abrir-el-mercado-electrico\\\/#webpage\"},\"isPartOf\":{\"@id\":\"https:\\\/\\\/www.eldigitaldeasturias.com\\\/noticias\\\/guevara-promete-un-crecimiento-economico-de-7-por-ciento-y-abrir-el-mercado-electrico\\\/#webpage\"},\"articleSection\":\"Actualidad\"},{\"@type\":\"BreadcrumbList\",\"@id\":\"https:\\\/\\\/www.eldigitaldeasturias.com\\\/noticias\\\/guevara-promete-un-crecimiento-economico-de-7-por-ciento-y-abrir-el-mercado-electrico\\\/#breadcrumblist\",\"itemListElement\":[{\"@type\":\"ListItem\",\"@id\":\"https:\\\/\\\/www.eldigitaldeasturias.com\\\/noticias#listItem\",\"position\":1,\"name\":\"Home\",\"item\":\"https:\\\/\\\/www.eldigitaldeasturias.com\\\/noticias\",\"nextItem\":{\"@type\":\"ListItem\",\"@id\":\"https:\\\/\\\/www.eldigitaldeasturias.com\\\/noticias\\\/category\\\/actualidad\\\/#listItem\",\"name\":\"Actualidad\"}},{\"@type\":\"ListItem\",\"@id\":\"https:\\\/\\\/www.eldigitaldeasturias.com\\\/noticias\\\/category\\\/actualidad\\\/#listItem\",\"position\":2,\"name\":\"Actualidad\",\"item\":\"https:\\\/\\\/www.eldigitaldeasturias.com\\\/noticias\\\/category\\\/actualidad\\\/\",\"nextItem\":{\"@type\":\"ListItem\",\"@id\":\"https:\\\/\\\/www.eldigitaldeasturias.com\\\/noticias\\\/guevara-promete-un-crecimiento-economico-de-7-por-ciento-y-abrir-el-mercado-electrico\\\/#listItem\",\"name\":\"Guevara promete un crecimiento econ\\u00f3mico de 7 por ciento y abrir el mercado el\\u00e9ctrico\"},\"previousItem\":{\"@type\":\"ListItem\",\"@id\":\"https:\\\/\\\/www.eldigitaldeasturias.com\\\/noticias#listItem\",\"name\":\"Home\"}},{\"@type\":\"ListItem\",\"@id\":\"https:\\\/\\\/www.eldigitaldeasturias.com\\\/noticias\\\/guevara-promete-un-crecimiento-economico-de-7-por-ciento-y-abrir-el-mercado-electrico\\\/#listItem\",\"position\":3,\"name\":\"Guevara promete un crecimiento econ\\u00f3mico de 7 por ciento y abrir el mercado el\\u00e9ctrico\",\"previousItem\":{\"@type\":\"ListItem\",\"@id\":\"https:\\\/\\\/www.eldigitaldeasturias.com\\\/noticias\\\/category\\\/actualidad\\\/#listItem\",\"name\":\"Actualidad\"}}]},{\"@type\":\"Organization\",\"@id\":\"https:\\\/\\\/www.eldigitaldeasturias.com\\\/noticias\\\/#organization\",\"name\":\"El Digital de Asturias\",\"description\":\"Hemeroteca\",\"url\":\"https:\\\/\\\/www.eldigitaldeasturias.com\\\/noticias\\\/\",\"email\":\"info@eldigitaldeasturias.com\",\"telephone\":\"+34652131393\",\"logo\":{\"@type\":\"ImageObject\",\"url\":\"https:\\\/\\\/www.eldigitaldeasturias.com\\\/noticias\\\/wp-content\\\/uploads\\\/2020\\\/12\\\/EDA.jpg\",\"@id\":\"https:\\\/\\\/www.eldigitaldeasturias.com\\\/noticias\\\/guevara-promete-un-crecimiento-economico-de-7-por-ciento-y-abrir-el-mercado-electrico\\\/#organizationLogo\"},\"image\":{\"@id\":\"https:\\\/\\\/www.eldigitaldeasturias.com\\\/noticias\\\/guevara-promete-un-crecimiento-economico-de-7-por-ciento-y-abrir-el-mercado-electrico\\\/#organizationLogo\"},\"sameAs\":[\"https:\\\/\\\/facebook.com\\\/eldigitaldeasturias\",\"https:\\\/\\\/www.youtube.com\\\/channel\\\/UCZP-2wLEB9Rv6erhFmqVnvg\"],\"address\":{\"@id\":\"https:\\\/\\\/www.eldigitaldeasturias.com\\\/noticias\\\/#postaladdress\",\"@type\":\"PostalAddress\",\"streetAddress\":\"san antonio 4\",\"postalCode\":\"33430\",\"addressLocality\":\"Cand\\u00e1s\",\"addressRegion\":\"Asturias\",\"addressCountry\":\"ES\"}},{\"@type\":\"Person\",\"@id\":\"https:\\\/\\\/www.eldigitaldeasturias.com\\\/noticias\\\/author\\\/admin\\\/#author\",\"url\":\"https:\\\/\\\/www.eldigitaldeasturias.com\\\/noticias\\\/author\\\/admin\\\/\",\"name\":\"El Digital de Asturias\",\"image\":{\"@type\":\"ImageObject\",\"@id\":\"https:\\\/\\\/www.eldigitaldeasturias.com\\\/noticias\\\/guevara-promete-un-crecimiento-economico-de-7-por-ciento-y-abrir-el-mercado-electrico\\\/#authorImage\",\"url\":\"https:\\\/\\\/secure.gravatar.com\\\/avatar\\\/df2aeffc32bcd13f8d26072ef8a91b623d677766deac7f97ca815868cd41bf5e?s=96&d=mm&r=g\",\"width\":96,\"height\":96,\"caption\":\"El Digital de Asturias\"}},{\"@type\":\"WebPage\",\"@id\":\"https:\\\/\\\/www.eldigitaldeasturias.com\\\/noticias\\\/guevara-promete-un-crecimiento-economico-de-7-por-ciento-y-abrir-el-mercado-electrico\\\/#webpage\",\"url\":\"https:\\\/\\\/www.eldigitaldeasturias.com\\\/noticias\\\/guevara-promete-un-crecimiento-economico-de-7-por-ciento-y-abrir-el-mercado-electrico\\\/\",\"name\":\"Guevara promete un crecimiento econ\\u00f3mico de 7 por ciento y abrir el mercado el\\u00e9ctrico - El Digital de Asturias\",\"description\":\"San Jos\\u00e9, 23 ene (EFE).- El candidato presidencial del derechista Movimiento Libertario (ML), Otto Guevara, asegura que de llegar al Gobierno har\\u00e1 crecer la econom\\u00eda al 7% anual, crear\\u00e1 medio mill\\u00f3n de empleos y abrir\\u00e1 a la competencia privada el mercado el\\u00e9ctrico. En una entrevista hoy con Efe, Guevara manifest\\u00f3 que los principales retos que\",\"inLanguage\":\"es-ES\",\"isPartOf\":{\"@id\":\"https:\\\/\\\/www.eldigitaldeasturias.com\\\/noticias\\\/#website\"},\"breadcrumb\":{\"@id\":\"https:\\\/\\\/www.eldigitaldeasturias.com\\\/noticias\\\/guevara-promete-un-crecimiento-economico-de-7-por-ciento-y-abrir-el-mercado-electrico\\\/#breadcrumblist\"},\"author\":{\"@id\":\"https:\\\/\\\/www.eldigitaldeasturias.com\\\/noticias\\\/author\\\/admin\\\/#author\"},\"creator\":{\"@id\":\"https:\\\/\\\/www.eldigitaldeasturias.com\\\/noticias\\\/author\\\/admin\\\/#author\"},\"image\":{\"@type\":\"ImageObject\",\"url\":\"https:\\\/\\\/www.eldigitaldeasturias.com\\\/noticias\\\/wp-content\\\/uploads\\\/2026\\\/06\\\/Contenidos.jpg\",\"@id\":\"https:\\\/\\\/www.eldigitaldeasturias.com\\\/noticias\\\/guevara-promete-un-crecimiento-economico-de-7-por-ciento-y-abrir-el-mercado-electrico\\\/#mainImage\",\"width\":1265,\"height\":697,\"caption\":\"Contenidos\"},\"primaryImageOfPage\":{\"@id\":\"https:\\\/\\\/www.eldigitaldeasturias.com\\\/noticias\\\/guevara-promete-un-crecimiento-economico-de-7-por-ciento-y-abrir-el-mercado-electrico\\\/#mainImage\"},\"datePublished\":\"2014-01-24T17:19:29+01:00\",\"dateModified\":\"2014-01-24T17:19:29+01:00\"},{\"@type\":\"WebSite\",\"@id\":\"https:\\\/\\\/www.eldigitaldeasturias.com\\\/noticias\\\/#website\",\"url\":\"https:\\\/\\\/www.eldigitaldeasturias.com\\\/noticias\\\/\",\"name\":\"El Digital de Asturias - Diario de actualidad y noticias\",\"alternateName\":\"El Digital de Asturias - Diario de actualidad y noticias\",\"description\":\"Hemeroteca\",\"inLanguage\":\"es-ES\",\"publisher\":{\"@id\":\"https:\\\/\\\/www.eldigitaldeasturias.com\\\/noticias\\\/#organization\"}}]}\n\t\t<\/script>\n\t\t<!-- All in One SEO Pro -->\r\n\t\t<title>Guevara promete un crecimiento econ\u00f3mico de 7 por ciento y abrir el mercado el\u00e9ctrico - El Digital de Asturias<\/title>\n\n","aioseo_head_json":{"title":"Guevara promete un crecimiento econ\u00f3mico de 7 por ciento y abrir el mercado el\u00e9ctrico - El Digital de Asturias","description":"San Jos\u00e9, 23 ene (EFE).- El candidato presidencial del derechista Movimiento Libertario (ML), Otto Guevara, asegura que de llegar al Gobierno har\u00e1 crecer la econom\u00eda al 7% anual, crear\u00e1 medio mill\u00f3n de empleos y abrir\u00e1 a la competencia privada el mercado el\u00e9ctrico. En una entrevista hoy con Efe, Guevara manifest\u00f3 que los principales retos que","canonical_url":"https:\/\/www.eldigitaldeasturias.com\/noticias\/guevara-promete-un-crecimiento-economico-de-7-por-ciento-y-abrir-el-mercado-electrico\/","robots":"max-image-preview:large","keywords":"actualidad","webmasterTools":{"google-site-verification":"UA-38556648-1","msvalidate.01":"7dfe9f3f1b24437ab69f4f2559babe99","miscellaneous":""},"schema":{"@context":"https:\/\/schema.org","@graph":[{"@type":"BlogPosting","@id":"https:\/\/www.eldigitaldeasturias.com\/noticias\/guevara-promete-un-crecimiento-economico-de-7-por-ciento-y-abrir-el-mercado-electrico\/#blogposting","name":"Guevara promete un crecimiento econ\u00f3mico de 7 por ciento y abrir el mercado el\u00e9ctrico - El Digital de Asturias","headline":"Guevara promete un crecimiento econ\u00f3mico de 7 por ciento y abrir el mercado el\u00e9ctrico","author":{"@id":"https:\/\/www.eldigitaldeasturias.com\/noticias\/author\/admin\/#author"},"publisher":{"@id":"https:\/\/www.eldigitaldeasturias.com\/noticias\/#organization"},"image":{"@type":"ImageObject","url":"https:\/\/www.eldigitaldeasturias.com\/noticias\/wp-content\/uploads\/2026\/06\/Contenidos.jpg","width":1265,"height":697,"caption":"Contenidos"},"datePublished":"2014-01-24T17:19:29+01:00","dateModified":"2014-01-24T17:19:29+01:00","inLanguage":"es-ES","mainEntityOfPage":{"@id":"https:\/\/www.eldigitaldeasturias.com\/noticias\/guevara-promete-un-crecimiento-economico-de-7-por-ciento-y-abrir-el-mercado-electrico\/#webpage"},"isPartOf":{"@id":"https:\/\/www.eldigitaldeasturias.com\/noticias\/guevara-promete-un-crecimiento-economico-de-7-por-ciento-y-abrir-el-mercado-electrico\/#webpage"},"articleSection":"Actualidad"},{"@type":"BreadcrumbList","@id":"https:\/\/www.eldigitaldeasturias.com\/noticias\/guevara-promete-un-crecimiento-economico-de-7-por-ciento-y-abrir-el-mercado-electrico\/#breadcrumblist","itemListElement":[{"@type":"ListItem","@id":"https:\/\/www.eldigitaldeasturias.com\/noticias#listItem","position":1,"name":"Home","item":"https:\/\/www.eldigitaldeasturias.com\/noticias","nextItem":{"@type":"ListItem","@id":"https:\/\/www.eldigitaldeasturias.com\/noticias\/category\/actualidad\/#listItem","name":"Actualidad"}},{"@type":"ListItem","@id":"https:\/\/www.eldigitaldeasturias.com\/noticias\/category\/actualidad\/#listItem","position":2,"name":"Actualidad","item":"https:\/\/www.eldigitaldeasturias.com\/noticias\/category\/actualidad\/","nextItem":{"@type":"ListItem","@id":"https:\/\/www.eldigitaldeasturias.com\/noticias\/guevara-promete-un-crecimiento-economico-de-7-por-ciento-y-abrir-el-mercado-electrico\/#listItem","name":"Guevara promete un crecimiento econ\u00f3mico de 7 por ciento y abrir el mercado el\u00e9ctrico"},"previousItem":{"@type":"ListItem","@id":"https:\/\/www.eldigitaldeasturias.com\/noticias#listItem","name":"Home"}},{"@type":"ListItem","@id":"https:\/\/www.eldigitaldeasturias.com\/noticias\/guevara-promete-un-crecimiento-economico-de-7-por-ciento-y-abrir-el-mercado-electrico\/#listItem","position":3,"name":"Guevara promete un crecimiento econ\u00f3mico de 7 por ciento y abrir el mercado el\u00e9ctrico","previousItem":{"@type":"ListItem","@id":"https:\/\/www.eldigitaldeasturias.com\/noticias\/category\/actualidad\/#listItem","name":"Actualidad"}}]},{"@type":"Organization","@id":"https:\/\/www.eldigitaldeasturias.com\/noticias\/#organization","name":"El Digital de Asturias","description":"Hemeroteca","url":"https:\/\/www.eldigitaldeasturias.com\/noticias\/","email":"info@eldigitaldeasturias.com","telephone":"+34652131393","logo":{"@type":"ImageObject","url":"https:\/\/www.eldigitaldeasturias.com\/noticias\/wp-content\/uploads\/2020\/12\/EDA.jpg","@id":"https:\/\/www.eldigitaldeasturias.com\/noticias\/guevara-promete-un-crecimiento-economico-de-7-por-ciento-y-abrir-el-mercado-electrico\/#organizationLogo"},"image":{"@id":"https:\/\/www.eldigitaldeasturias.com\/noticias\/guevara-promete-un-crecimiento-economico-de-7-por-ciento-y-abrir-el-mercado-electrico\/#organizationLogo"},"sameAs":["https:\/\/facebook.com\/eldigitaldeasturias","https:\/\/www.youtube.com\/channel\/UCZP-2wLEB9Rv6erhFmqVnvg"],"address":{"@id":"https:\/\/www.eldigitaldeasturias.com\/noticias\/#postaladdress","@type":"PostalAddress","streetAddress":"san antonio 4","postalCode":"33430","addressLocality":"Cand\u00e1s","addressRegion":"Asturias","addressCountry":"ES"}},{"@type":"Person","@id":"https:\/\/www.eldigitaldeasturias.com\/noticias\/author\/admin\/#author","url":"https:\/\/www.eldigitaldeasturias.com\/noticias\/author\/admin\/","name":"El Digital de Asturias","image":{"@type":"ImageObject","@id":"https:\/\/www.eldigitaldeasturias.com\/noticias\/guevara-promete-un-crecimiento-economico-de-7-por-ciento-y-abrir-el-mercado-electrico\/#authorImage","url":"https:\/\/secure.gravatar.com\/avatar\/df2aeffc32bcd13f8d26072ef8a91b623d677766deac7f97ca815868cd41bf5e?s=96&d=mm&r=g","width":96,"height":96,"caption":"El Digital de Asturias"}},{"@type":"WebPage","@id":"https:\/\/www.eldigitaldeasturias.com\/noticias\/guevara-promete-un-crecimiento-economico-de-7-por-ciento-y-abrir-el-mercado-electrico\/#webpage","url":"https:\/\/www.eldigitaldeasturias.com\/noticias\/guevara-promete-un-crecimiento-economico-de-7-por-ciento-y-abrir-el-mercado-electrico\/","name":"Guevara promete un crecimiento econ\u00f3mico de 7 por ciento y abrir el mercado el\u00e9ctrico - El Digital de Asturias","description":"San Jos\u00e9, 23 ene (EFE).- El candidato presidencial del derechista Movimiento Libertario (ML), Otto Guevara, asegura que de llegar al Gobierno har\u00e1 crecer la econom\u00eda al 7% anual, crear\u00e1 medio mill\u00f3n de empleos y abrir\u00e1 a la competencia privada el mercado el\u00e9ctrico. En una entrevista hoy con Efe, Guevara manifest\u00f3 que los principales retos que","inLanguage":"es-ES","isPartOf":{"@id":"https:\/\/www.eldigitaldeasturias.com\/noticias\/#website"},"breadcrumb":{"@id":"https:\/\/www.eldigitaldeasturias.com\/noticias\/guevara-promete-un-crecimiento-economico-de-7-por-ciento-y-abrir-el-mercado-electrico\/#breadcrumblist"},"author":{"@id":"https:\/\/www.eldigitaldeasturias.com\/noticias\/author\/admin\/#author"},"creator":{"@id":"https:\/\/www.eldigitaldeasturias.com\/noticias\/author\/admin\/#author"},"image":{"@type":"ImageObject","url":"https:\/\/www.eldigitaldeasturias.com\/noticias\/wp-content\/uploads\/2026\/06\/Contenidos.jpg","@id":"https:\/\/www.eldigitaldeasturias.com\/noticias\/guevara-promete-un-crecimiento-economico-de-7-por-ciento-y-abrir-el-mercado-electrico\/#mainImage","width":1265,"height":697,"caption":"Contenidos"},"primaryImageOfPage":{"@id":"https:\/\/www.eldigitaldeasturias.com\/noticias\/guevara-promete-un-crecimiento-economico-de-7-por-ciento-y-abrir-el-mercado-electrico\/#mainImage"},"datePublished":"2014-01-24T17:19:29+01:00","dateModified":"2014-01-24T17:19:29+01:00"},{"@type":"WebSite","@id":"https:\/\/www.eldigitaldeasturias.com\/noticias\/#website","url":"https:\/\/www.eldigitaldeasturias.com\/noticias\/","name":"El Digital de Asturias - Diario de actualidad y noticias","alternateName":"El Digital de Asturias - Diario de actualidad y noticias","description":"Hemeroteca","inLanguage":"es-ES","publisher":{"@id":"https:\/\/www.eldigitaldeasturias.com\/noticias\/#organization"}}]},"og:locale":"es_ES","og:site_name":"El Digital de Asturias","og:type":"article","og:title":"Guevara promete un crecimiento econ\u00f3mico de 7 por ciento y abrir el mercado el\u00e9ctrico - El Digital de Asturias","og:description":"San Jos\u00e9, 23 ene (EFE).- El candidato presidencial del derechista Movimiento Libertario (ML), Otto Guevara, asegura que de llegar al Gobierno har\u00e1 crecer la econom\u00eda al 7% anual, crear\u00e1 medio mill\u00f3n de empleos y abrir\u00e1 a la competencia privada el mercado el\u00e9ctrico. En una entrevista hoy con Efe, Guevara manifest\u00f3 que los principales retos que","og:url":"https:\/\/www.eldigitaldeasturias.com\/noticias\/guevara-promete-un-crecimiento-economico-de-7-por-ciento-y-abrir-el-mercado-electrico\/","og:image":"https:\/\/www.eldigitaldeasturias.com\/noticias\/wp-content\/uploads\/2026\/06\/Contenidos.jpg","og:image:secure_url":"https:\/\/www.eldigitaldeasturias.com\/noticias\/wp-content\/uploads\/2026\/06\/Contenidos.jpg","og:image:width":1265,"og:image:height":697,"article:tag":["actualidad"],"article:published_time":"2014-01-24T18:19:29+00:00","article:modified_time":"2014-01-24T18:19:29+00:00","article:publisher":"https:\/\/facebook.com\/eldigitaldeasturias","twitter:card":"summary_large_image","twitter:title":"Guevara promete un crecimiento econ\u00f3mico de 7 por ciento y abrir el mercado el\u00e9ctrico - El Digital de Asturias","twitter:description":"San Jos\u00e9, 23 ene (EFE).- El candidato presidencial del derechista Movimiento Libertario (ML), Otto Guevara, asegura que de llegar al Gobierno har\u00e1 crecer la econom\u00eda al 7% anual, crear\u00e1 medio mill\u00f3n de empleos y abrir\u00e1 a la competencia privada el mercado el\u00e9ctrico. En una entrevista hoy con Efe, Guevara manifest\u00f3 que los principales retos que","twitter:image":"https:\/\/www.eldigitaldeasturias.com\/noticias\/wp-content\/uploads\/2026\/06\/Contenidos.jpg","twitter:label1":"Escrito por","twitter:data1":"El Digital de Asturias","twitter:label2":"Tiempo de lectura estimado","twitter:data2":"4 minutos"},"aioseo_meta_data":{"post_id":"478265","title":null,"description":null,"keywords":null,"keyphrases":null,"primary_term":null,"canonical_url":null,"og_title":null,"og_description":null,"og_object_type":"default","og_image_type":"default","og_image_url":null,"og_image_width":null,"og_image_height":null,"og_image_custom_url":null,"og_image_custom_fields":null,"og_video":null,"og_custom_url":null,"og_article_section":null,"og_article_tags":null,"twitter_use_og":true,"twitter_card":"default","twitter_image_type":"default","twitter_image_url":null,"twitter_image_custom_url":null,"twitter_image_custom_fields":null,"twitter_title":null,"twitter_description":null,"schema":{"blockGraphs":[],"customGraphs":[],"default":{"data":{"Article":[],"Course":[],"Dataset":[],"FAQPage":[],"Movie":[],"Person":[],"Product":[],"ProductReview":[],"Car":[],"Recipe":[],"Service":[],"SoftwareApplication":[],"WebPage":[]},"graphName":"","isEnabled":true},"graphs":[],"defaultGraph":"","defaultPostTypeGraph":""},"schema_type":null,"schema_type_options":null,"pillar_content":false,"robots_default":true,"robots_noindex":false,"robots_noarchive":false,"robots_nosnippet":false,"robots_nofollow":false,"robots_noimageindex":false,"robots_noodp":false,"robots_notranslate":false,"robots_max_snippet":null,"robots_max_videopreview":null,"robots_max_imagepreview":"none","priority":null,"frequency":null,"local_seo":null,"seo_analyzer_scan_date":"2026-06-01 21:00:52","breadcrumb_settings":null,"limit_modified_date":false,"open_ai":null,"ai":null,"created":"2020-11-14 22:53:54","updated":"2026-06-01 21:00:52","focus_keyword":null,"additional_keywords":null,"truseo_locale":null},"aioseo_breadcrumb":"<div class=\"aioseo-breadcrumbs\"><span class=\"aioseo-breadcrumb\">\n\t<a href=\"https:\/\/www.eldigitaldeasturias.com\/noticias\" title=\"Home\">Home<\/a>\n<\/span><span class=\"aioseo-breadcrumb-separator\">\u2013<\/span><span class=\"aioseo-breadcrumb\">\n\t<a href=\"https:\/\/www.eldigitaldeasturias.com\/noticias\/category\/actualidad\/\" title=\"Actualidad\">Actualidad<\/a>\n<\/span><span class=\"aioseo-breadcrumb-separator\">\u2013<\/span><span class=\"aioseo-breadcrumb\">\n\t<a href=\"https:\/\/www.eldigitaldeasturias.com\/noticias\/guevara-promete-un-crecimiento-economico-de-7-por-ciento-y-abrir-el-mercado-electrico\/\" title=\"Guevara promete un crecimiento econ\u00f3mico de 7 por ciento y abrir el mercado el\u00e9ctrico\">Guevara promete un crecimiento econ\u00f3mico de 7 por ciento y abrir el mercado el\u00e9ctrico<\/a>\n<\/span><\/div>","aioseo_breadcrumb_json":[{"label":"Home","link":"https:\/\/www.eldigitaldeasturias.com\/noticias"},{"label":"Actualidad","link":"https:\/\/www.eldigitaldeasturias.com\/noticias\/category\/actualidad\/"},{"label":"Guevara promete un crecimiento econ\u00f3mico de 7 por ciento y abrir el mercado el\u00e9ctrico","link":"https:\/\/www.eldigitaldeasturias.com\/noticias\/guevara-promete-un-crecimiento-economico-de-7-por-ciento-y-abrir-el-mercado-electrico\/"}],"_links":{"self":[{"href":"https:\/\/www.eldigitaldeasturias.com\/noticias\/wp-json\/wp\/v2\/posts\/478265","targetHints":{"allow":["GET"]}}],"collection":[{"href":"https:\/\/www.eldigitaldeasturias.com\/noticias\/wp-json\/wp\/v2\/posts"}],"about":[{"href":"https:\/\/www.eldigitaldeasturias.com\/noticias\/wp-json\/wp\/v2\/types\/post"}],"author":[{"embeddable":true,"href":"https:\/\/www.eldigitaldeasturias.com\/noticias\/wp-json\/wp\/v2\/users\/1"}],"replies":[{"embeddable":true,"href":"https:\/\/www.eldigitaldeasturias.com\/noticias\/wp-json\/wp\/v2\/comments?post=478265"}],"version-history":[{"count":0,"href":"https:\/\/www.eldigitaldeasturias.com\/noticias\/wp-json\/wp\/v2\/posts\/478265\/revisions"}],"wp:featuredmedia":[{"embeddable":true,"href":"https:\/\/www.eldigitaldeasturias.com\/noticias\/wp-json\/wp\/v2\/media\/1132184"}],"wp:attachment":[{"href":"https:\/\/www.eldigitaldeasturias.com\/noticias\/wp-json\/wp\/v2\/media?parent=478265"}],"wp:term":[{"taxonomy":"category","embeddable":true,"href":"https:\/\/www.eldigitaldeasturias.com\/noticias\/wp-json\/wp\/v2\/categories?post=478265"},{"taxonomy":"post_tag","embeddable":true,"href":"https:\/\/www.eldigitaldeasturias.com\/noticias\/wp-json\/wp\/v2\/tags?post=478265"}],"curies":[{"name":"wp","href":"https:\/\/api.w.org\/{rel}","templated":true}]}}