{"id":478256,"date":"2014-01-24T17:01:49","date_gmt":"2014-01-24T18:01:49","guid":{"rendered":"http:\/\/www.eldigitaldeasturias.com\/noticias\/?p=478256"},"modified":"2014-01-24T17:01:49","modified_gmt":"2014-01-24T18:01:49","slug":"el-pp-confirma-la-expulsion-del-exconseller-valenciano-rafael-blasco","status":"publish","type":"post","link":"https:\/\/www.eldigitaldeasturias.com\/noticias\/el-pp-confirma-la-expulsion-del-exconseller-valenciano-rafael-blasco\/","title":{"rendered":"El PP confirma la expulsi\u00f3n del exconseller valenciano Rafael Blasco"},"content":{"rendered":"<p><img loading=\"lazy\" decoding=\"async\" class=\"alignleft size-medium wp-image-478257\" alt=\"5872348w\" src=\"https:\/\/www.eldigitaldeasturias.com\/noticias\/wp-content\/uploads\/2014\/01\/5872348w-360x263.jpg\" width=\"360\" height=\"263\" \/>Valencia, 23 ene (EFE).- El PP de la Comunitat Valenciana ha sido informado de la resoluci\u00f3n del Comit\u00e9 Nacional de Derechos y Garant\u00edas del partido en la que desestima el recurso interpuesto por el exconseller Rafael Blasco, imputado en el caso Cooperaci\u00f3n, y ratifica la baja de militancia de la organizaci\u00f3n.<\/p>\n<p>Seg\u00fan un comunicado del PPCV, el Comit\u00e9 Nacional de Derechos y Garant\u00edas del PP ha trasladado al Comit\u00e9 de Derechos y Garant\u00edas del PP valenciano la decisi\u00f3n acordada por dicho Comit\u00e9 en la que se aprueba desestimar el recurso presentado por Blasco, \u00abde manera que queda fuera de la disciplina del PP y se procede al archivo del expediente\u00bb.<\/p>\n<p>En concreto, en el escrito remitido por el Comit\u00e9 Nacional de Derechos y Garant\u00edas del PP se especifica que la resoluci\u00f3n es \u00abfirme y no puede ser recurrida ante ning\u00fan \u00f3rgano del PP\u00bb.<\/p>\n<p>El Comit\u00e9, seg\u00fan el comunicado del PPCV, \u00abno puede aceptar desde ning\u00fan punto de vista\u00bb el recurso interpuesto por Blasco puesto que como indica en su resoluci\u00f3n, los estatutos del PP establecen que pasar a formar parte de otro grupo parlamentario diferente del Grupo Popular -mantiene el esca\u00f1o en Les Corts como diputado no adscrito- equivale a la p\u00e9rdida de la condici\u00f3n de afiliado.<\/p>\n<p>Blasco est\u00e1 siendo juzgado desde el pasado d\u00eda 8 junto a ocho acusados m\u00e1s en la vista oral del llamado caso Cooperaci\u00f3n, que investiga el supuesto desv\u00edo de fondos de la Generalitat destinados a proyectos solidarios.<\/p>\n","protected":false},"excerpt":{"rendered":"<p>Valencia, 23 ene (EFE).- El PP de la Comunitat Valenciana ha sido informado de la resoluci\u00f3n del Comit\u00e9 Nacional de Derechos y Garant\u00edas del partido en la que desestima el recurso interpuesto por el exconseller Rafael Blasco, imputado en el caso Cooperaci\u00f3n, y ratifica la baja de militancia de la organizaci\u00f3n. Seg\u00fan un comunicado del [&hellip;]<\/p>\n","protected":false},"author":1,"featured_media":1132184,"comment_status":"closed","ping_status":"open","sticky":false,"template":"","format":"standard","meta":{"footnotes":""},"categories":[1],"tags":[],"class_list":["post-478256","post","type-post","status-publish","format-standard","has-post-thumbnail","hentry","category-actualidad"],"aioseo_notices":[],"aioseo_head":"\n\t\t<!-- All in One SEO Pro 5.0.1 - aioseo.com -->\n\t<meta name=\"description\" content=\"Valencia, 23 ene (EFE).- El PP de la Comunitat Valenciana ha sido informado de la resoluci\u00f3n del Comit\u00e9 Nacional de Derechos y Garant\u00edas del partido en la que desestima el recurso interpuesto por el exconseller Rafael Blasco, imputado en el caso Cooperaci\u00f3n, y ratifica la baja de militancia de la organizaci\u00f3n. Seg\u00fan un comunicado del\" \/>\n\t<meta name=\"robots\" content=\"max-image-preview:large\" \/>\n\t<meta name=\"author\" content=\"El Digital de Asturias\"\/>\n\t<meta name=\"google-site-verification\" content=\"UA-38556648-1\" \/>\n\t<meta name=\"msvalidate.01\" content=\"7dfe9f3f1b24437ab69f4f2559babe99\" \/>\n\t<meta name=\"keywords\" content=\"actualidad\" \/>\n\t<link rel=\"canonical\" href=\"https:\/\/www.eldigitaldeasturias.com\/noticias\/el-pp-confirma-la-expulsion-del-exconseller-valenciano-rafael-blasco\/\" \/>\n\t<meta name=\"generator\" content=\"All in One SEO Pro (AIOSEO) 5.0.1\" \/>\n\t\t<meta property=\"og:locale\" content=\"es_ES\" \/>\n\t\t<meta property=\"og:site_name\" content=\"El Digital de Asturias\" \/>\n\t\t<meta property=\"og:type\" content=\"article\" \/>\n\t\t<meta property=\"og:title\" content=\"El PP confirma la expulsi\u00f3n del exconseller valenciano Rafael Blasco - El Digital de Asturias\" \/>\n\t\t<meta property=\"og:description\" content=\"Valencia, 23 ene (EFE).- El PP de la Comunitat Valenciana ha sido informado de la resoluci\u00f3n del Comit\u00e9 Nacional de Derechos y Garant\u00edas del partido en la que desestima el recurso interpuesto por el exconseller Rafael Blasco, imputado en el caso Cooperaci\u00f3n, y ratifica la baja de militancia de la organizaci\u00f3n. Seg\u00fan un comunicado del\" \/>\n\t\t<meta property=\"og:url\" content=\"https:\/\/www.eldigitaldeasturias.com\/noticias\/el-pp-confirma-la-expulsion-del-exconseller-valenciano-rafael-blasco\/\" \/>\n\t\t<meta property=\"og:image\" content=\"https:\/\/www.eldigitaldeasturias.com\/noticias\/wp-content\/uploads\/2026\/06\/Contenidos.jpg\" \/>\n\t\t<meta property=\"og:image:secure_url\" content=\"https:\/\/www.eldigitaldeasturias.com\/noticias\/wp-content\/uploads\/2026\/06\/Contenidos.jpg\" \/>\n\t\t<meta property=\"og:image:width\" content=\"1265\" \/>\n\t\t<meta property=\"og:image:height\" content=\"697\" \/>\n\t\t<meta property=\"article:tag\" content=\"actualidad\" \/>\n\t\t<meta property=\"article:published_time\" content=\"2014-01-24T18:01:49+00:00\" \/>\n\t\t<meta property=\"article:modified_time\" content=\"2014-01-24T18:01:49+00:00\" \/>\n\t\t<meta property=\"article:publisher\" content=\"https:\/\/facebook.com\/eldigitaldeasturias\" \/>\n\t\t<meta name=\"twitter:card\" content=\"summary_large_image\" \/>\n\t\t<meta name=\"twitter:title\" content=\"El PP confirma la expulsi\u00f3n del exconseller valenciano Rafael Blasco - El Digital de Asturias\" \/>\n\t\t<meta name=\"twitter:description\" content=\"Valencia, 23 ene (EFE).- El PP de la Comunitat Valenciana ha sido informado de la resoluci\u00f3n del Comit\u00e9 Nacional de Derechos y Garant\u00edas del partido en la que desestima el recurso interpuesto por el exconseller Rafael Blasco, imputado en el caso Cooperaci\u00f3n, y ratifica la baja de militancia de la organizaci\u00f3n. Seg\u00fan un comunicado del\" \/>\n\t\t<meta name=\"twitter:image\" content=\"https:\/\/www.eldigitaldeasturias.com\/noticias\/wp-content\/uploads\/2026\/06\/Contenidos.jpg\" \/>\n\t\t<meta name=\"twitter:label1\" content=\"Escrito por\" \/>\n\t\t<meta name=\"twitter:data1\" content=\"El Digital de Asturias\" \/>\n\t\t<meta name=\"twitter:label2\" content=\"Tiempo de lectura estimado\" \/>\n\t\t<meta name=\"twitter:data2\" content=\"1 minuto\" \/>\n\t\t<script type=\"application\/ld+json\" class=\"aioseo-schema\">\n\t\t\t{\"@context\":\"https:\\\/\\\/schema.org\",\"@graph\":[{\"@type\":\"BlogPosting\",\"@id\":\"https:\\\/\\\/www.eldigitaldeasturias.com\\\/noticias\\\/el-pp-confirma-la-expulsion-del-exconseller-valenciano-rafael-blasco\\\/#blogposting\",\"name\":\"El PP confirma la expulsi\\u00f3n del exconseller valenciano Rafael Blasco - El Digital de Asturias\",\"headline\":\"El PP confirma la expulsi\\u00f3n del exconseller valenciano Rafael Blasco\",\"author\":{\"@id\":\"https:\\\/\\\/www.eldigitaldeasturias.com\\\/noticias\\\/author\\\/admin\\\/#author\"},\"publisher\":{\"@id\":\"https:\\\/\\\/www.eldigitaldeasturias.com\\\/noticias\\\/#organization\"},\"image\":{\"@type\":\"ImageObject\",\"url\":\"https:\\\/\\\/www.eldigitaldeasturias.com\\\/noticias\\\/wp-content\\\/uploads\\\/2026\\\/06\\\/Contenidos.jpg\",\"width\":1265,\"height\":697,\"caption\":\"Contenidos\"},\"datePublished\":\"2014-01-24T17:01:49+01:00\",\"dateModified\":\"2014-01-24T17:01:49+01:00\",\"inLanguage\":\"es-ES\",\"mainEntityOfPage\":{\"@id\":\"https:\\\/\\\/www.eldigitaldeasturias.com\\\/noticias\\\/el-pp-confirma-la-expulsion-del-exconseller-valenciano-rafael-blasco\\\/#webpage\"},\"isPartOf\":{\"@id\":\"https:\\\/\\\/www.eldigitaldeasturias.com\\\/noticias\\\/el-pp-confirma-la-expulsion-del-exconseller-valenciano-rafael-blasco\\\/#webpage\"},\"articleSection\":\"Actualidad\"},{\"@type\":\"BreadcrumbList\",\"@id\":\"https:\\\/\\\/www.eldigitaldeasturias.com\\\/noticias\\\/el-pp-confirma-la-expulsion-del-exconseller-valenciano-rafael-blasco\\\/#breadcrumblist\",\"itemListElement\":[{\"@type\":\"ListItem\",\"@id\":\"https:\\\/\\\/www.eldigitaldeasturias.com\\\/noticias#listItem\",\"position\":1,\"name\":\"Home\",\"item\":\"https:\\\/\\\/www.eldigitaldeasturias.com\\\/noticias\",\"nextItem\":{\"@type\":\"ListItem\",\"@id\":\"https:\\\/\\\/www.eldigitaldeasturias.com\\\/noticias\\\/category\\\/actualidad\\\/#listItem\",\"name\":\"Actualidad\"}},{\"@type\":\"ListItem\",\"@id\":\"https:\\\/\\\/www.eldigitaldeasturias.com\\\/noticias\\\/category\\\/actualidad\\\/#listItem\",\"position\":2,\"name\":\"Actualidad\",\"item\":\"https:\\\/\\\/www.eldigitaldeasturias.com\\\/noticias\\\/category\\\/actualidad\\\/\",\"nextItem\":{\"@type\":\"ListItem\",\"@id\":\"https:\\\/\\\/www.eldigitaldeasturias.com\\\/noticias\\\/el-pp-confirma-la-expulsion-del-exconseller-valenciano-rafael-blasco\\\/#listItem\",\"name\":\"El PP confirma la expulsi\\u00f3n del exconseller valenciano Rafael Blasco\"},\"previousItem\":{\"@type\":\"ListItem\",\"@id\":\"https:\\\/\\\/www.eldigitaldeasturias.com\\\/noticias#listItem\",\"name\":\"Home\"}},{\"@type\":\"ListItem\",\"@id\":\"https:\\\/\\\/www.eldigitaldeasturias.com\\\/noticias\\\/el-pp-confirma-la-expulsion-del-exconseller-valenciano-rafael-blasco\\\/#listItem\",\"position\":3,\"name\":\"El PP confirma la expulsi\\u00f3n del exconseller valenciano Rafael Blasco\",\"previousItem\":{\"@type\":\"ListItem\",\"@id\":\"https:\\\/\\\/www.eldigitaldeasturias.com\\\/noticias\\\/category\\\/actualidad\\\/#listItem\",\"name\":\"Actualidad\"}}]},{\"@type\":\"Organization\",\"@id\":\"https:\\\/\\\/www.eldigitaldeasturias.com\\\/noticias\\\/#organization\",\"name\":\"El Digital de Asturias\",\"description\":\"Hemeroteca\",\"url\":\"https:\\\/\\\/www.eldigitaldeasturias.com\\\/noticias\\\/\",\"email\":\"info@eldigitaldeasturias.com\",\"telephone\":\"+34652131393\",\"logo\":{\"@type\":\"ImageObject\",\"url\":\"https:\\\/\\\/www.eldigitaldeasturias.com\\\/noticias\\\/wp-content\\\/uploads\\\/2020\\\/12\\\/EDA.jpg\",\"@id\":\"https:\\\/\\\/www.eldigitaldeasturias.com\\\/noticias\\\/el-pp-confirma-la-expulsion-del-exconseller-valenciano-rafael-blasco\\\/#organizationLogo\"},\"image\":{\"@id\":\"https:\\\/\\\/www.eldigitaldeasturias.com\\\/noticias\\\/el-pp-confirma-la-expulsion-del-exconseller-valenciano-rafael-blasco\\\/#organizationLogo\"},\"sameAs\":[\"https:\\\/\\\/facebook.com\\\/eldigitaldeasturias\",\"https:\\\/\\\/www.youtube.com\\\/channel\\\/UCZP-2wLEB9Rv6erhFmqVnvg\"],\"address\":{\"@id\":\"https:\\\/\\\/www.eldigitaldeasturias.com\\\/noticias\\\/#postaladdress\",\"@type\":\"PostalAddress\",\"streetAddress\":\"san antonio 4\",\"postalCode\":\"33430\",\"addressLocality\":\"Cand\\u00e1s\",\"addressRegion\":\"Asturias\",\"addressCountry\":\"ES\"}},{\"@type\":\"Person\",\"@id\":\"https:\\\/\\\/www.eldigitaldeasturias.com\\\/noticias\\\/author\\\/admin\\\/#author\",\"url\":\"https:\\\/\\\/www.eldigitaldeasturias.com\\\/noticias\\\/author\\\/admin\\\/\",\"name\":\"El Digital de Asturias\",\"image\":{\"@type\":\"ImageObject\",\"@id\":\"https:\\\/\\\/www.eldigitaldeasturias.com\\\/noticias\\\/el-pp-confirma-la-expulsion-del-exconseller-valenciano-rafael-blasco\\\/#authorImage\",\"url\":\"https:\\\/\\\/secure.gravatar.com\\\/avatar\\\/df2aeffc32bcd13f8d26072ef8a91b623d677766deac7f97ca815868cd41bf5e?s=96&d=mm&r=g\",\"width\":96,\"height\":96,\"caption\":\"El Digital de Asturias\"}},{\"@type\":\"WebPage\",\"@id\":\"https:\\\/\\\/www.eldigitaldeasturias.com\\\/noticias\\\/el-pp-confirma-la-expulsion-del-exconseller-valenciano-rafael-blasco\\\/#webpage\",\"url\":\"https:\\\/\\\/www.eldigitaldeasturias.com\\\/noticias\\\/el-pp-confirma-la-expulsion-del-exconseller-valenciano-rafael-blasco\\\/\",\"name\":\"El PP confirma la expulsi\\u00f3n del exconseller valenciano Rafael Blasco - El Digital de Asturias\",\"description\":\"Valencia, 23 ene (EFE).- El PP de la Comunitat Valenciana ha sido informado de la resoluci\\u00f3n del Comit\\u00e9 Nacional de Derechos y Garant\\u00edas del partido en la que desestima el recurso interpuesto por el exconseller Rafael Blasco, imputado en el caso Cooperaci\\u00f3n, y ratifica la baja de militancia de la organizaci\\u00f3n. Seg\\u00fan un comunicado del\",\"inLanguage\":\"es-ES\",\"isPartOf\":{\"@id\":\"https:\\\/\\\/www.eldigitaldeasturias.com\\\/noticias\\\/#website\"},\"breadcrumb\":{\"@id\":\"https:\\\/\\\/www.eldigitaldeasturias.com\\\/noticias\\\/el-pp-confirma-la-expulsion-del-exconseller-valenciano-rafael-blasco\\\/#breadcrumblist\"},\"author\":{\"@id\":\"https:\\\/\\\/www.eldigitaldeasturias.com\\\/noticias\\\/author\\\/admin\\\/#author\"},\"creator\":{\"@id\":\"https:\\\/\\\/www.eldigitaldeasturias.com\\\/noticias\\\/author\\\/admin\\\/#author\"},\"image\":{\"@type\":\"ImageObject\",\"url\":\"https:\\\/\\\/www.eldigitaldeasturias.com\\\/noticias\\\/wp-content\\\/uploads\\\/2026\\\/06\\\/Contenidos.jpg\",\"@id\":\"https:\\\/\\\/www.eldigitaldeasturias.com\\\/noticias\\\/el-pp-confirma-la-expulsion-del-exconseller-valenciano-rafael-blasco\\\/#mainImage\",\"width\":1265,\"height\":697,\"caption\":\"Contenidos\"},\"primaryImageOfPage\":{\"@id\":\"https:\\\/\\\/www.eldigitaldeasturias.com\\\/noticias\\\/el-pp-confirma-la-expulsion-del-exconseller-valenciano-rafael-blasco\\\/#mainImage\"},\"datePublished\":\"2014-01-24T17:01:49+01:00\",\"dateModified\":\"2014-01-24T17:01:49+01:00\"},{\"@type\":\"WebSite\",\"@id\":\"https:\\\/\\\/www.eldigitaldeasturias.com\\\/noticias\\\/#website\",\"url\":\"https:\\\/\\\/www.eldigitaldeasturias.com\\\/noticias\\\/\",\"name\":\"El Digital de Asturias - Diario de actualidad y noticias\",\"alternateName\":\"El Digital de Asturias - Diario de actualidad y noticias\",\"description\":\"Hemeroteca\",\"inLanguage\":\"es-ES\",\"publisher\":{\"@id\":\"https:\\\/\\\/www.eldigitaldeasturias.com\\\/noticias\\\/#organization\"}}]}\n\t\t<\/script>\n\t\t<!-- All in One SEO Pro -->\r\n\t\t<title>El PP confirma la expulsi\u00f3n del exconseller valenciano Rafael Blasco - El Digital de Asturias<\/title>\n\n","aioseo_head_json":{"title":"El PP confirma la expulsi\u00f3n del exconseller valenciano Rafael Blasco - El Digital de Asturias","description":"Valencia, 23 ene (EFE).- El PP de la Comunitat Valenciana ha sido informado de la resoluci\u00f3n del Comit\u00e9 Nacional de Derechos y Garant\u00edas del partido en la que desestima el recurso interpuesto por el exconseller Rafael Blasco, imputado en el caso Cooperaci\u00f3n, y ratifica la baja de militancia de la organizaci\u00f3n. Seg\u00fan un comunicado del","canonical_url":"https:\/\/www.eldigitaldeasturias.com\/noticias\/el-pp-confirma-la-expulsion-del-exconseller-valenciano-rafael-blasco\/","robots":"max-image-preview:large","keywords":"actualidad","webmasterTools":{"google-site-verification":"UA-38556648-1","msvalidate.01":"7dfe9f3f1b24437ab69f4f2559babe99","miscellaneous":""},"schema":{"@context":"https:\/\/schema.org","@graph":[{"@type":"BlogPosting","@id":"https:\/\/www.eldigitaldeasturias.com\/noticias\/el-pp-confirma-la-expulsion-del-exconseller-valenciano-rafael-blasco\/#blogposting","name":"El PP confirma la expulsi\u00f3n del exconseller valenciano Rafael Blasco - El Digital de Asturias","headline":"El PP confirma la expulsi\u00f3n del exconseller valenciano Rafael Blasco","author":{"@id":"https:\/\/www.eldigitaldeasturias.com\/noticias\/author\/admin\/#author"},"publisher":{"@id":"https:\/\/www.eldigitaldeasturias.com\/noticias\/#organization"},"image":{"@type":"ImageObject","url":"https:\/\/www.eldigitaldeasturias.com\/noticias\/wp-content\/uploads\/2026\/06\/Contenidos.jpg","width":1265,"height":697,"caption":"Contenidos"},"datePublished":"2014-01-24T17:01:49+01:00","dateModified":"2014-01-24T17:01:49+01:00","inLanguage":"es-ES","mainEntityOfPage":{"@id":"https:\/\/www.eldigitaldeasturias.com\/noticias\/el-pp-confirma-la-expulsion-del-exconseller-valenciano-rafael-blasco\/#webpage"},"isPartOf":{"@id":"https:\/\/www.eldigitaldeasturias.com\/noticias\/el-pp-confirma-la-expulsion-del-exconseller-valenciano-rafael-blasco\/#webpage"},"articleSection":"Actualidad"},{"@type":"BreadcrumbList","@id":"https:\/\/www.eldigitaldeasturias.com\/noticias\/el-pp-confirma-la-expulsion-del-exconseller-valenciano-rafael-blasco\/#breadcrumblist","itemListElement":[{"@type":"ListItem","@id":"https:\/\/www.eldigitaldeasturias.com\/noticias#listItem","position":1,"name":"Home","item":"https:\/\/www.eldigitaldeasturias.com\/noticias","nextItem":{"@type":"ListItem","@id":"https:\/\/www.eldigitaldeasturias.com\/noticias\/category\/actualidad\/#listItem","name":"Actualidad"}},{"@type":"ListItem","@id":"https:\/\/www.eldigitaldeasturias.com\/noticias\/category\/actualidad\/#listItem","position":2,"name":"Actualidad","item":"https:\/\/www.eldigitaldeasturias.com\/noticias\/category\/actualidad\/","nextItem":{"@type":"ListItem","@id":"https:\/\/www.eldigitaldeasturias.com\/noticias\/el-pp-confirma-la-expulsion-del-exconseller-valenciano-rafael-blasco\/#listItem","name":"El PP confirma la expulsi\u00f3n del exconseller valenciano Rafael Blasco"},"previousItem":{"@type":"ListItem","@id":"https:\/\/www.eldigitaldeasturias.com\/noticias#listItem","name":"Home"}},{"@type":"ListItem","@id":"https:\/\/www.eldigitaldeasturias.com\/noticias\/el-pp-confirma-la-expulsion-del-exconseller-valenciano-rafael-blasco\/#listItem","position":3,"name":"El PP confirma la expulsi\u00f3n del exconseller valenciano Rafael Blasco","previousItem":{"@type":"ListItem","@id":"https:\/\/www.eldigitaldeasturias.com\/noticias\/category\/actualidad\/#listItem","name":"Actualidad"}}]},{"@type":"Organization","@id":"https:\/\/www.eldigitaldeasturias.com\/noticias\/#organization","name":"El Digital de Asturias","description":"Hemeroteca","url":"https:\/\/www.eldigitaldeasturias.com\/noticias\/","email":"info@eldigitaldeasturias.com","telephone":"+34652131393","logo":{"@type":"ImageObject","url":"https:\/\/www.eldigitaldeasturias.com\/noticias\/wp-content\/uploads\/2020\/12\/EDA.jpg","@id":"https:\/\/www.eldigitaldeasturias.com\/noticias\/el-pp-confirma-la-expulsion-del-exconseller-valenciano-rafael-blasco\/#organizationLogo"},"image":{"@id":"https:\/\/www.eldigitaldeasturias.com\/noticias\/el-pp-confirma-la-expulsion-del-exconseller-valenciano-rafael-blasco\/#organizationLogo"},"sameAs":["https:\/\/facebook.com\/eldigitaldeasturias","https:\/\/www.youtube.com\/channel\/UCZP-2wLEB9Rv6erhFmqVnvg"],"address":{"@id":"https:\/\/www.eldigitaldeasturias.com\/noticias\/#postaladdress","@type":"PostalAddress","streetAddress":"san antonio 4","postalCode":"33430","addressLocality":"Cand\u00e1s","addressRegion":"Asturias","addressCountry":"ES"}},{"@type":"Person","@id":"https:\/\/www.eldigitaldeasturias.com\/noticias\/author\/admin\/#author","url":"https:\/\/www.eldigitaldeasturias.com\/noticias\/author\/admin\/","name":"El Digital de Asturias","image":{"@type":"ImageObject","@id":"https:\/\/www.eldigitaldeasturias.com\/noticias\/el-pp-confirma-la-expulsion-del-exconseller-valenciano-rafael-blasco\/#authorImage","url":"https:\/\/secure.gravatar.com\/avatar\/df2aeffc32bcd13f8d26072ef8a91b623d677766deac7f97ca815868cd41bf5e?s=96&d=mm&r=g","width":96,"height":96,"caption":"El Digital de Asturias"}},{"@type":"WebPage","@id":"https:\/\/www.eldigitaldeasturias.com\/noticias\/el-pp-confirma-la-expulsion-del-exconseller-valenciano-rafael-blasco\/#webpage","url":"https:\/\/www.eldigitaldeasturias.com\/noticias\/el-pp-confirma-la-expulsion-del-exconseller-valenciano-rafael-blasco\/","name":"El PP confirma la expulsi\u00f3n del exconseller valenciano Rafael Blasco - El Digital de Asturias","description":"Valencia, 23 ene (EFE).- El PP de la Comunitat Valenciana ha sido informado de la resoluci\u00f3n del Comit\u00e9 Nacional de Derechos y Garant\u00edas del partido en la que desestima el recurso interpuesto por el exconseller Rafael Blasco, imputado en el caso Cooperaci\u00f3n, y ratifica la baja de militancia de la organizaci\u00f3n. Seg\u00fan un comunicado del","inLanguage":"es-ES","isPartOf":{"@id":"https:\/\/www.eldigitaldeasturias.com\/noticias\/#website"},"breadcrumb":{"@id":"https:\/\/www.eldigitaldeasturias.com\/noticias\/el-pp-confirma-la-expulsion-del-exconseller-valenciano-rafael-blasco\/#breadcrumblist"},"author":{"@id":"https:\/\/www.eldigitaldeasturias.com\/noticias\/author\/admin\/#author"},"creator":{"@id":"https:\/\/www.eldigitaldeasturias.com\/noticias\/author\/admin\/#author"},"image":{"@type":"ImageObject","url":"https:\/\/www.eldigitaldeasturias.com\/noticias\/wp-content\/uploads\/2026\/06\/Contenidos.jpg","@id":"https:\/\/www.eldigitaldeasturias.com\/noticias\/el-pp-confirma-la-expulsion-del-exconseller-valenciano-rafael-blasco\/#mainImage","width":1265,"height":697,"caption":"Contenidos"},"primaryImageOfPage":{"@id":"https:\/\/www.eldigitaldeasturias.com\/noticias\/el-pp-confirma-la-expulsion-del-exconseller-valenciano-rafael-blasco\/#mainImage"},"datePublished":"2014-01-24T17:01:49+01:00","dateModified":"2014-01-24T17:01:49+01:00"},{"@type":"WebSite","@id":"https:\/\/www.eldigitaldeasturias.com\/noticias\/#website","url":"https:\/\/www.eldigitaldeasturias.com\/noticias\/","name":"El Digital de Asturias - Diario de actualidad y noticias","alternateName":"El Digital de Asturias - Diario de actualidad y noticias","description":"Hemeroteca","inLanguage":"es-ES","publisher":{"@id":"https:\/\/www.eldigitaldeasturias.com\/noticias\/#organization"}}]},"og:locale":"es_ES","og:site_name":"El Digital de Asturias","og:type":"article","og:title":"El PP confirma la expulsi\u00f3n del exconseller valenciano Rafael Blasco - El Digital de Asturias","og:description":"Valencia, 23 ene (EFE).- El PP de la Comunitat Valenciana ha sido informado de la resoluci\u00f3n del Comit\u00e9 Nacional de Derechos y Garant\u00edas del partido en la que desestima el recurso interpuesto por el exconseller Rafael Blasco, imputado en el caso Cooperaci\u00f3n, y ratifica la baja de militancia de la organizaci\u00f3n. Seg\u00fan un comunicado del","og:url":"https:\/\/www.eldigitaldeasturias.com\/noticias\/el-pp-confirma-la-expulsion-del-exconseller-valenciano-rafael-blasco\/","og:image":"https:\/\/www.eldigitaldeasturias.com\/noticias\/wp-content\/uploads\/2026\/06\/Contenidos.jpg","og:image:secure_url":"https:\/\/www.eldigitaldeasturias.com\/noticias\/wp-content\/uploads\/2026\/06\/Contenidos.jpg","og:image:width":1265,"og:image:height":697,"article:tag":["actualidad"],"article:published_time":"2014-01-24T18:01:49+00:00","article:modified_time":"2014-01-24T18:01:49+00:00","article:publisher":"https:\/\/facebook.com\/eldigitaldeasturias","twitter:card":"summary_large_image","twitter:title":"El PP confirma la expulsi\u00f3n del exconseller valenciano Rafael Blasco - El Digital de Asturias","twitter:description":"Valencia, 23 ene (EFE).- El PP de la Comunitat Valenciana ha sido informado de la resoluci\u00f3n del Comit\u00e9 Nacional de Derechos y Garant\u00edas del partido en la que desestima el recurso interpuesto por el exconseller Rafael Blasco, imputado en el caso Cooperaci\u00f3n, y ratifica la baja de militancia de la organizaci\u00f3n. Seg\u00fan un comunicado del","twitter:image":"https:\/\/www.eldigitaldeasturias.com\/noticias\/wp-content\/uploads\/2026\/06\/Contenidos.jpg","twitter:label1":"Escrito por","twitter:data1":"El Digital de Asturias","twitter:label2":"Tiempo de lectura estimado","twitter:data2":"1 minuto"},"aioseo_meta_data":{"post_id":"478256","title":null,"description":null,"keywords":null,"keyphrases":null,"primary_term":null,"canonical_url":null,"og_title":null,"og_description":null,"og_object_type":"default","og_image_type":"default","og_image_url":null,"og_image_width":null,"og_image_height":null,"og_image_custom_url":null,"og_image_custom_fields":null,"og_video":null,"og_custom_url":null,"og_article_section":null,"og_article_tags":null,"twitter_use_og":true,"twitter_card":"default","twitter_image_type":"default","twitter_image_url":null,"twitter_image_custom_url":null,"twitter_image_custom_fields":null,"twitter_title":null,"twitter_description":null,"schema":{"blockGraphs":[],"customGraphs":[],"default":{"data":{"Article":[],"Course":[],"Dataset":[],"FAQPage":[],"Movie":[],"Person":[],"Product":[],"ProductReview":[],"Car":[],"Recipe":[],"Service":[],"SoftwareApplication":[],"WebPage":[]},"graphName":"","isEnabled":true},"graphs":[],"defaultGraph":"","defaultPostTypeGraph":""},"schema_type":null,"schema_type_options":null,"pillar_content":false,"robots_default":true,"robots_noindex":false,"robots_noarchive":false,"robots_nosnippet":false,"robots_nofollow":false,"robots_noimageindex":false,"robots_noodp":false,"robots_notranslate":false,"robots_max_snippet":null,"robots_max_videopreview":null,"robots_max_imagepreview":"none","priority":null,"frequency":null,"local_seo":null,"seo_analyzer_scan_date":"2026-06-01 20:59:18","breadcrumb_settings":null,"limit_modified_date":false,"open_ai":null,"ai":null,"created":"2020-11-14 22:53:54","updated":"2026-06-01 20:59:18","focus_keyword":null,"additional_keywords":null,"truseo_locale":null},"aioseo_breadcrumb":"<div class=\"aioseo-breadcrumbs\"><span class=\"aioseo-breadcrumb\">\n\t<a href=\"https:\/\/www.eldigitaldeasturias.com\/noticias\" title=\"Home\">Home<\/a>\n<\/span><span class=\"aioseo-breadcrumb-separator\">\u2013<\/span><span class=\"aioseo-breadcrumb\">\n\t<a href=\"https:\/\/www.eldigitaldeasturias.com\/noticias\/category\/actualidad\/\" title=\"Actualidad\">Actualidad<\/a>\n<\/span><span class=\"aioseo-breadcrumb-separator\">\u2013<\/span><span class=\"aioseo-breadcrumb\">\n\t<a href=\"https:\/\/www.eldigitaldeasturias.com\/noticias\/el-pp-confirma-la-expulsion-del-exconseller-valenciano-rafael-blasco\/\" title=\"El PP confirma la expulsi\u00f3n del exconseller valenciano Rafael Blasco\">El PP confirma la expulsi\u00f3n del exconseller valenciano Rafael Blasco<\/a>\n<\/span><\/div>","aioseo_breadcrumb_json":[{"label":"Home","link":"https:\/\/www.eldigitaldeasturias.com\/noticias"},{"label":"Actualidad","link":"https:\/\/www.eldigitaldeasturias.com\/noticias\/category\/actualidad\/"},{"label":"El PP confirma la expulsi\u00f3n del exconseller valenciano Rafael Blasco","link":"https:\/\/www.eldigitaldeasturias.com\/noticias\/el-pp-confirma-la-expulsion-del-exconseller-valenciano-rafael-blasco\/"}],"_links":{"self":[{"href":"https:\/\/www.eldigitaldeasturias.com\/noticias\/wp-json\/wp\/v2\/posts\/478256","targetHints":{"allow":["GET"]}}],"collection":[{"href":"https:\/\/www.eldigitaldeasturias.com\/noticias\/wp-json\/wp\/v2\/posts"}],"about":[{"href":"https:\/\/www.eldigitaldeasturias.com\/noticias\/wp-json\/wp\/v2\/types\/post"}],"author":[{"embeddable":true,"href":"https:\/\/www.eldigitaldeasturias.com\/noticias\/wp-json\/wp\/v2\/users\/1"}],"replies":[{"embeddable":true,"href":"https:\/\/www.eldigitaldeasturias.com\/noticias\/wp-json\/wp\/v2\/comments?post=478256"}],"version-history":[{"count":0,"href":"https:\/\/www.eldigitaldeasturias.com\/noticias\/wp-json\/wp\/v2\/posts\/478256\/revisions"}],"wp:featuredmedia":[{"embeddable":true,"href":"https:\/\/www.eldigitaldeasturias.com\/noticias\/wp-json\/wp\/v2\/media\/1132184"}],"wp:attachment":[{"href":"https:\/\/www.eldigitaldeasturias.com\/noticias\/wp-json\/wp\/v2\/media?parent=478256"}],"wp:term":[{"taxonomy":"category","embeddable":true,"href":"https:\/\/www.eldigitaldeasturias.com\/noticias\/wp-json\/wp\/v2\/categories?post=478256"},{"taxonomy":"post_tag","embeddable":true,"href":"https:\/\/www.eldigitaldeasturias.com\/noticias\/wp-json\/wp\/v2\/tags?post=478256"}],"curies":[{"name":"wp","href":"https:\/\/api.w.org\/{rel}","templated":true}]}}