{"id":478247,"date":"2014-01-24T16:51:02","date_gmt":"2014-01-24T17:51:02","guid":{"rendered":"http:\/\/www.eldigitaldeasturias.com\/noticias\/?p=478247"},"modified":"2014-01-24T16:51:02","modified_gmt":"2014-01-24T17:51:02","slug":"sandoval-resolvera-manana-las-dudas-sobre-barrera-y-santi-jara","status":"publish","type":"post","link":"https:\/\/www.eldigitaldeasturias.com\/noticias\/sandoval-resolvera-manana-las-dudas-sobre-barrera-y-santi-jara\/","title":{"rendered":"Sandoval resolver\u00e1 ma\u00f1ana las dudas sobre Barrera y Santi Jara"},"content":{"rendered":"<p><img loading=\"lazy\" decoding=\"async\" class=\"alignleft size-medium wp-image-438679\" alt=\"sandoval\" src=\"https:\/\/www.eldigitaldeasturias.com\/noticias\/wp-content\/uploads\/2013\/10\/sandoval-360x183.jpg\" width=\"360\" height=\"183\" \/>Gij\u00f3n, 24 ene (EFE).- El entrenador del Sporting Jos\u00e9 Ram\u00f3n Sandoval deber\u00e1 esperar a ma\u00f1ana para saber si podr\u00e1 contar para el partido ante el Recreativo de Huelva con Alex Barrera y Santi Jara, que evolucionan bien de sus molestias pero a\u00fan mantienen algunos dolores.<\/p>\n<p>Santi Jara parece tener m\u00e1s complicado entrar en la convocatoria y, caso de no hacerlo, ser\u00eda Hugo Fraile quien recuperar\u00eda un puesto en el once titular tras caerse del mismo hace casi dos meses.<\/p>\n<p>En el entrenamiento de hoy Jara se ha ejercitado con el grupo pero sin forzar en los ejercicios mientras que Alex Barrera lo hizo junto a Lekic, Canella e Iv\u00e1n Hern\u00e1ndez con el recuperador, pero en una intensa sesi\u00f3n de car\u00e1cter f\u00edsico.<\/p>\n<p>El Sporting no podr\u00e1 contar con Iv\u00e1n Hern\u00e1ndez, Nacho Cases, Lora y Carmona, todos ellos por acumulaci\u00f3n de tarjetas, y Bernardo entrar\u00e1 por el primero y probablemente Alex Serrano por Nacho Cases como ya hiciera en Tenerife.<\/p>\n<p>El t\u00e9cnico, no obstante, ha manifestado hoy su confianza en poder contar con ambos jugadores a pesar de la precauci\u00f3n de los servicios m\u00e9dicos y tambi\u00e9n indic\u00f3 que \u00abten\u00eda claro\u00bb qui\u00e9n ser\u00e1 el sustituto de Nacho Cases, si bien no ha desvelado el nombre del elegido.<\/p>\n<p>Sandoval ensay\u00f3 esta semana como Casquero y Hugo Fraile en las posiciones de Alex Barrera y Santi Jara para el caso de que finalmente estos dos jugadores no se hayan recuperado manteniendo el resto del equipo as\u00ed como previsiblemente el esquema t\u00e1ctico.<\/p>\n<p>Al margen de estos ensayos Sandoval no ha dado muchas pistas sobre sus planes para recibir al Recreativo de Huelva e incluso ha decidido que el entrenamiento de ma\u00f1ana sea a puerta cerrada por lo que podr\u00eda ser ah\u00ed cuando prepararse alguna estrategia diferente.<\/p>\n<p>En El Molin\u00f3n se van a enfrentar a los dos equipos m\u00e1s goleadores de la Segunda divisi\u00f3n si bien el Sporting atraviesa el momento m\u00e1s regular de la temporada mientras que los onubenses empezaron muy fuertes pero la lesi\u00f3n de alguno de sus jugadores claves les ha hecho perder varias posiciones en la clasificaci\u00f3n.<\/p>\n<p>Para Sandoval, \u00abel Recreativo es un equipo a respetar, no ha cambiado su estilo y es contundente y veloz arriba, para ganarle hay que hacerlo muy bien\u00bb.<\/p>\n<p>El entrenador madrile\u00f1o ha resaltado que \u00abla afici\u00f3n est\u00e1 con el equipo\u00bb y que \u00abla victoria no supone sino la suma de tres puntos y la continuidad del trabajo que se est\u00e1 haciendo\u00bb rechazando as\u00ed la opini\u00f3n de quienes ven el encuentro como una final.<\/p>\n<p>\u00abNo siento envidia de los refuerzos de los rivales. Al contrario quiere decir que lo hicimos bien al confeccionar la plantilla al principio de liga y los que est\u00e1n son los que han puesto al equipo l\u00edderes\u00bb, ha se\u00f1alado Ram\u00f3n Sandoval, que tambi\u00e9n ha rechazado que su equipo estuviera corto de efectivos en defensa.<\/p>\n","protected":false},"excerpt":{"rendered":"<p>Gij\u00f3n, 24 ene (EFE).- El entrenador del Sporting Jos\u00e9 Ram\u00f3n Sandoval deber\u00e1 esperar a ma\u00f1ana para saber si podr\u00e1 contar para el partido ante el Recreativo de Huelva con Alex Barrera y Santi Jara, que evolucionan bien de sus molestias pero a\u00fan mantienen algunos dolores. Santi Jara parece tener m\u00e1s complicado entrar en la convocatoria [&hellip;]<\/p>\n","protected":false},"author":1,"featured_media":438679,"comment_status":"closed","ping_status":"open","sticky":false,"template":"","format":"standard","meta":{"footnotes":""},"categories":[1],"tags":[],"class_list":["post-478247","post","type-post","status-publish","format-standard","has-post-thumbnail","hentry","category-actualidad"],"aioseo_notices":[],"aioseo_head":"\n\t\t<!-- All in One SEO Pro 5.0.1 - aioseo.com -->\n\t<meta name=\"description\" content=\"Gij\u00f3n, 24 ene (EFE).- El entrenador del Sporting Jos\u00e9 Ram\u00f3n Sandoval deber\u00e1 esperar a ma\u00f1ana para saber si podr\u00e1 contar para el partido ante el Recreativo de Huelva con Alex Barrera y Santi Jara, que evolucionan bien de sus molestias pero a\u00fan mantienen algunos dolores. Santi Jara parece tener m\u00e1s complicado entrar en la convocatoria\" \/>\n\t<meta name=\"robots\" content=\"max-image-preview:large\" \/>\n\t<meta name=\"author\" content=\"El Digital de Asturias\"\/>\n\t<meta name=\"google-site-verification\" content=\"UA-38556648-1\" \/>\n\t<meta name=\"msvalidate.01\" content=\"7dfe9f3f1b24437ab69f4f2559babe99\" \/>\n\t<meta name=\"keywords\" content=\"actualidad\" \/>\n\t<link rel=\"canonical\" href=\"https:\/\/www.eldigitaldeasturias.com\/noticias\/sandoval-resolvera-manana-las-dudas-sobre-barrera-y-santi-jara\/\" \/>\n\t<meta name=\"generator\" content=\"All in One SEO Pro (AIOSEO) 5.0.1\" \/>\n\t\t<meta property=\"og:locale\" content=\"es_ES\" \/>\n\t\t<meta property=\"og:site_name\" content=\"El Digital de Asturias\" \/>\n\t\t<meta property=\"og:type\" content=\"article\" \/>\n\t\t<meta property=\"og:title\" content=\"Sandoval resolver\u00e1 ma\u00f1ana las dudas sobre Barrera y Santi Jara - El Digital de Asturias\" \/>\n\t\t<meta property=\"og:description\" content=\"Gij\u00f3n, 24 ene (EFE).- El entrenador del Sporting Jos\u00e9 Ram\u00f3n Sandoval deber\u00e1 esperar a ma\u00f1ana para saber si podr\u00e1 contar para el partido ante el Recreativo de Huelva con Alex Barrera y Santi Jara, que evolucionan bien de sus molestias pero a\u00fan mantienen algunos dolores. Santi Jara parece tener m\u00e1s complicado entrar en la convocatoria\" \/>\n\t\t<meta property=\"og:url\" content=\"https:\/\/www.eldigitaldeasturias.com\/noticias\/sandoval-resolvera-manana-las-dudas-sobre-barrera-y-santi-jara\/\" \/>\n\t\t<meta property=\"article:tag\" content=\"actualidad\" \/>\n\t\t<meta property=\"article:published_time\" content=\"2014-01-24T17:51:02+00:00\" \/>\n\t\t<meta property=\"article:modified_time\" content=\"2014-01-24T17:51:02+00:00\" \/>\n\t\t<meta property=\"article:publisher\" content=\"https:\/\/facebook.com\/eldigitaldeasturias\" \/>\n\t\t<meta name=\"twitter:card\" content=\"summary_large_image\" \/>\n\t\t<meta name=\"twitter:title\" content=\"Sandoval resolver\u00e1 ma\u00f1ana las dudas sobre Barrera y Santi Jara - El Digital de Asturias\" \/>\n\t\t<meta name=\"twitter:description\" content=\"Gij\u00f3n, 24 ene (EFE).- El entrenador del Sporting Jos\u00e9 Ram\u00f3n Sandoval deber\u00e1 esperar a ma\u00f1ana para saber si podr\u00e1 contar para el partido ante el Recreativo de Huelva con Alex Barrera y Santi Jara, que evolucionan bien de sus molestias pero a\u00fan mantienen algunos dolores. Santi Jara parece tener m\u00e1s complicado entrar en la convocatoria\" \/>\n\t\t<meta name=\"twitter:label1\" content=\"Escrito por\" \/>\n\t\t<meta name=\"twitter:data1\" content=\"El Digital de Asturias\" \/>\n\t\t<meta name=\"twitter:label2\" content=\"Tiempo de lectura estimado\" \/>\n\t\t<meta name=\"twitter:data2\" content=\"3 minutos\" \/>\n\t\t<script type=\"application\/ld+json\" class=\"aioseo-schema\">\n\t\t\t{\"@context\":\"https:\\\/\\\/schema.org\",\"@graph\":[{\"@type\":\"BlogPosting\",\"@id\":\"https:\\\/\\\/www.eldigitaldeasturias.com\\\/noticias\\\/sandoval-resolvera-manana-las-dudas-sobre-barrera-y-santi-jara\\\/#blogposting\",\"name\":\"Sandoval resolver\\u00e1 ma\\u00f1ana las dudas sobre Barrera y Santi Jara - El Digital de Asturias\",\"headline\":\"Sandoval resolver\\u00e1 ma\\u00f1ana las dudas sobre Barrera y Santi Jara\",\"author\":{\"@id\":\"https:\\\/\\\/www.eldigitaldeasturias.com\\\/noticias\\\/author\\\/admin\\\/#author\"},\"publisher\":{\"@id\":\"https:\\\/\\\/www.eldigitaldeasturias.com\\\/noticias\\\/#organization\"},\"image\":{\"@type\":\"ImageObject\",\"url\":438679},\"datePublished\":\"2014-01-24T16:51:02+01:00\",\"dateModified\":\"2014-01-24T16:51:02+01:00\",\"inLanguage\":\"es-ES\",\"mainEntityOfPage\":{\"@id\":\"https:\\\/\\\/www.eldigitaldeasturias.com\\\/noticias\\\/sandoval-resolvera-manana-las-dudas-sobre-barrera-y-santi-jara\\\/#webpage\"},\"isPartOf\":{\"@id\":\"https:\\\/\\\/www.eldigitaldeasturias.com\\\/noticias\\\/sandoval-resolvera-manana-las-dudas-sobre-barrera-y-santi-jara\\\/#webpage\"},\"articleSection\":\"Actualidad\"},{\"@type\":\"BreadcrumbList\",\"@id\":\"https:\\\/\\\/www.eldigitaldeasturias.com\\\/noticias\\\/sandoval-resolvera-manana-las-dudas-sobre-barrera-y-santi-jara\\\/#breadcrumblist\",\"itemListElement\":[{\"@type\":\"ListItem\",\"@id\":\"https:\\\/\\\/www.eldigitaldeasturias.com\\\/noticias#listItem\",\"position\":1,\"name\":\"Home\",\"item\":\"https:\\\/\\\/www.eldigitaldeasturias.com\\\/noticias\",\"nextItem\":{\"@type\":\"ListItem\",\"@id\":\"https:\\\/\\\/www.eldigitaldeasturias.com\\\/noticias\\\/category\\\/actualidad\\\/#listItem\",\"name\":\"Actualidad\"}},{\"@type\":\"ListItem\",\"@id\":\"https:\\\/\\\/www.eldigitaldeasturias.com\\\/noticias\\\/category\\\/actualidad\\\/#listItem\",\"position\":2,\"name\":\"Actualidad\",\"item\":\"https:\\\/\\\/www.eldigitaldeasturias.com\\\/noticias\\\/category\\\/actualidad\\\/\",\"nextItem\":{\"@type\":\"ListItem\",\"@id\":\"https:\\\/\\\/www.eldigitaldeasturias.com\\\/noticias\\\/sandoval-resolvera-manana-las-dudas-sobre-barrera-y-santi-jara\\\/#listItem\",\"name\":\"Sandoval resolver\\u00e1 ma\\u00f1ana las dudas sobre Barrera y Santi Jara\"},\"previousItem\":{\"@type\":\"ListItem\",\"@id\":\"https:\\\/\\\/www.eldigitaldeasturias.com\\\/noticias#listItem\",\"name\":\"Home\"}},{\"@type\":\"ListItem\",\"@id\":\"https:\\\/\\\/www.eldigitaldeasturias.com\\\/noticias\\\/sandoval-resolvera-manana-las-dudas-sobre-barrera-y-santi-jara\\\/#listItem\",\"position\":3,\"name\":\"Sandoval resolver\\u00e1 ma\\u00f1ana las dudas sobre Barrera y Santi Jara\",\"previousItem\":{\"@type\":\"ListItem\",\"@id\":\"https:\\\/\\\/www.eldigitaldeasturias.com\\\/noticias\\\/category\\\/actualidad\\\/#listItem\",\"name\":\"Actualidad\"}}]},{\"@type\":\"Organization\",\"@id\":\"https:\\\/\\\/www.eldigitaldeasturias.com\\\/noticias\\\/#organization\",\"name\":\"El Digital de Asturias\",\"description\":\"Hemeroteca\",\"url\":\"https:\\\/\\\/www.eldigitaldeasturias.com\\\/noticias\\\/\",\"email\":\"info@eldigitaldeasturias.com\",\"telephone\":\"+34652131393\",\"logo\":{\"@type\":\"ImageObject\",\"url\":\"https:\\\/\\\/www.eldigitaldeasturias.com\\\/noticias\\\/wp-content\\\/uploads\\\/2020\\\/12\\\/EDA.jpg\",\"@id\":\"https:\\\/\\\/www.eldigitaldeasturias.com\\\/noticias\\\/sandoval-resolvera-manana-las-dudas-sobre-barrera-y-santi-jara\\\/#organizationLogo\"},\"image\":{\"@id\":\"https:\\\/\\\/www.eldigitaldeasturias.com\\\/noticias\\\/sandoval-resolvera-manana-las-dudas-sobre-barrera-y-santi-jara\\\/#organizationLogo\"},\"sameAs\":[\"https:\\\/\\\/facebook.com\\\/eldigitaldeasturias\",\"https:\\\/\\\/www.youtube.com\\\/channel\\\/UCZP-2wLEB9Rv6erhFmqVnvg\"],\"address\":{\"@id\":\"https:\\\/\\\/www.eldigitaldeasturias.com\\\/noticias\\\/#postaladdress\",\"@type\":\"PostalAddress\",\"streetAddress\":\"san antonio 4\",\"postalCode\":\"33430\",\"addressLocality\":\"Cand\\u00e1s\",\"addressRegion\":\"Asturias\",\"addressCountry\":\"ES\"}},{\"@type\":\"Person\",\"@id\":\"https:\\\/\\\/www.eldigitaldeasturias.com\\\/noticias\\\/author\\\/admin\\\/#author\",\"url\":\"https:\\\/\\\/www.eldigitaldeasturias.com\\\/noticias\\\/author\\\/admin\\\/\",\"name\":\"El Digital de Asturias\",\"image\":{\"@type\":\"ImageObject\",\"@id\":\"https:\\\/\\\/www.eldigitaldeasturias.com\\\/noticias\\\/sandoval-resolvera-manana-las-dudas-sobre-barrera-y-santi-jara\\\/#authorImage\",\"url\":\"https:\\\/\\\/secure.gravatar.com\\\/avatar\\\/df2aeffc32bcd13f8d26072ef8a91b623d677766deac7f97ca815868cd41bf5e?s=96&d=mm&r=g\",\"width\":96,\"height\":96,\"caption\":\"El Digital de Asturias\"}},{\"@type\":\"WebPage\",\"@id\":\"https:\\\/\\\/www.eldigitaldeasturias.com\\\/noticias\\\/sandoval-resolvera-manana-las-dudas-sobre-barrera-y-santi-jara\\\/#webpage\",\"url\":\"https:\\\/\\\/www.eldigitaldeasturias.com\\\/noticias\\\/sandoval-resolvera-manana-las-dudas-sobre-barrera-y-santi-jara\\\/\",\"name\":\"Sandoval resolver\\u00e1 ma\\u00f1ana las dudas sobre Barrera y Santi Jara - El Digital de Asturias\",\"description\":\"Gij\\u00f3n, 24 ene (EFE).- El entrenador del Sporting Jos\\u00e9 Ram\\u00f3n Sandoval deber\\u00e1 esperar a ma\\u00f1ana para saber si podr\\u00e1 contar para el partido ante el Recreativo de Huelva con Alex Barrera y Santi Jara, que evolucionan bien de sus molestias pero a\\u00fan mantienen algunos dolores. Santi Jara parece tener m\\u00e1s complicado entrar en la convocatoria\",\"inLanguage\":\"es-ES\",\"isPartOf\":{\"@id\":\"https:\\\/\\\/www.eldigitaldeasturias.com\\\/noticias\\\/#website\"},\"breadcrumb\":{\"@id\":\"https:\\\/\\\/www.eldigitaldeasturias.com\\\/noticias\\\/sandoval-resolvera-manana-las-dudas-sobre-barrera-y-santi-jara\\\/#breadcrumblist\"},\"author\":{\"@id\":\"https:\\\/\\\/www.eldigitaldeasturias.com\\\/noticias\\\/author\\\/admin\\\/#author\"},\"creator\":{\"@id\":\"https:\\\/\\\/www.eldigitaldeasturias.com\\\/noticias\\\/author\\\/admin\\\/#author\"},\"image\":{\"@type\":\"ImageObject\",\"url\":438679,\"@id\":\"https:\\\/\\\/www.eldigitaldeasturias.com\\\/noticias\\\/sandoval-resolvera-manana-las-dudas-sobre-barrera-y-santi-jara\\\/#mainImage\"},\"primaryImageOfPage\":{\"@id\":\"https:\\\/\\\/www.eldigitaldeasturias.com\\\/noticias\\\/sandoval-resolvera-manana-las-dudas-sobre-barrera-y-santi-jara\\\/#mainImage\"},\"datePublished\":\"2014-01-24T16:51:02+01:00\",\"dateModified\":\"2014-01-24T16:51:02+01:00\"},{\"@type\":\"WebSite\",\"@id\":\"https:\\\/\\\/www.eldigitaldeasturias.com\\\/noticias\\\/#website\",\"url\":\"https:\\\/\\\/www.eldigitaldeasturias.com\\\/noticias\\\/\",\"name\":\"El Digital de Asturias - Diario de actualidad y noticias\",\"alternateName\":\"El Digital de Asturias - Diario de actualidad y noticias\",\"description\":\"Hemeroteca\",\"inLanguage\":\"es-ES\",\"publisher\":{\"@id\":\"https:\\\/\\\/www.eldigitaldeasturias.com\\\/noticias\\\/#organization\"}}]}\n\t\t<\/script>\n\t\t<!-- All in One SEO Pro -->\r\n\t\t<title>Sandoval resolver\u00e1 ma\u00f1ana las dudas sobre Barrera y Santi Jara - El Digital de Asturias<\/title>\n\n","aioseo_head_json":{"title":"Sandoval resolver\u00e1 ma\u00f1ana las dudas sobre Barrera y Santi Jara - El Digital de Asturias","description":"Gij\u00f3n, 24 ene (EFE).- El entrenador del Sporting Jos\u00e9 Ram\u00f3n Sandoval deber\u00e1 esperar a ma\u00f1ana para saber si podr\u00e1 contar para el partido ante el Recreativo de Huelva con Alex Barrera y Santi Jara, que evolucionan bien de sus molestias pero a\u00fan mantienen algunos dolores. Santi Jara parece tener m\u00e1s complicado entrar en la convocatoria","canonical_url":"https:\/\/www.eldigitaldeasturias.com\/noticias\/sandoval-resolvera-manana-las-dudas-sobre-barrera-y-santi-jara\/","robots":"max-image-preview:large","keywords":"actualidad","webmasterTools":{"google-site-verification":"UA-38556648-1","msvalidate.01":"7dfe9f3f1b24437ab69f4f2559babe99","miscellaneous":""},"schema":{"@context":"https:\/\/schema.org","@graph":[{"@type":"BlogPosting","@id":"https:\/\/www.eldigitaldeasturias.com\/noticias\/sandoval-resolvera-manana-las-dudas-sobre-barrera-y-santi-jara\/#blogposting","name":"Sandoval resolver\u00e1 ma\u00f1ana las dudas sobre Barrera y Santi Jara - El Digital de Asturias","headline":"Sandoval resolver\u00e1 ma\u00f1ana las dudas sobre Barrera y Santi Jara","author":{"@id":"https:\/\/www.eldigitaldeasturias.com\/noticias\/author\/admin\/#author"},"publisher":{"@id":"https:\/\/www.eldigitaldeasturias.com\/noticias\/#organization"},"image":{"@type":"ImageObject","url":438679},"datePublished":"2014-01-24T16:51:02+01:00","dateModified":"2014-01-24T16:51:02+01:00","inLanguage":"es-ES","mainEntityOfPage":{"@id":"https:\/\/www.eldigitaldeasturias.com\/noticias\/sandoval-resolvera-manana-las-dudas-sobre-barrera-y-santi-jara\/#webpage"},"isPartOf":{"@id":"https:\/\/www.eldigitaldeasturias.com\/noticias\/sandoval-resolvera-manana-las-dudas-sobre-barrera-y-santi-jara\/#webpage"},"articleSection":"Actualidad"},{"@type":"BreadcrumbList","@id":"https:\/\/www.eldigitaldeasturias.com\/noticias\/sandoval-resolvera-manana-las-dudas-sobre-barrera-y-santi-jara\/#breadcrumblist","itemListElement":[{"@type":"ListItem","@id":"https:\/\/www.eldigitaldeasturias.com\/noticias#listItem","position":1,"name":"Home","item":"https:\/\/www.eldigitaldeasturias.com\/noticias","nextItem":{"@type":"ListItem","@id":"https:\/\/www.eldigitaldeasturias.com\/noticias\/category\/actualidad\/#listItem","name":"Actualidad"}},{"@type":"ListItem","@id":"https:\/\/www.eldigitaldeasturias.com\/noticias\/category\/actualidad\/#listItem","position":2,"name":"Actualidad","item":"https:\/\/www.eldigitaldeasturias.com\/noticias\/category\/actualidad\/","nextItem":{"@type":"ListItem","@id":"https:\/\/www.eldigitaldeasturias.com\/noticias\/sandoval-resolvera-manana-las-dudas-sobre-barrera-y-santi-jara\/#listItem","name":"Sandoval resolver\u00e1 ma\u00f1ana las dudas sobre Barrera y Santi Jara"},"previousItem":{"@type":"ListItem","@id":"https:\/\/www.eldigitaldeasturias.com\/noticias#listItem","name":"Home"}},{"@type":"ListItem","@id":"https:\/\/www.eldigitaldeasturias.com\/noticias\/sandoval-resolvera-manana-las-dudas-sobre-barrera-y-santi-jara\/#listItem","position":3,"name":"Sandoval resolver\u00e1 ma\u00f1ana las dudas sobre Barrera y Santi Jara","previousItem":{"@type":"ListItem","@id":"https:\/\/www.eldigitaldeasturias.com\/noticias\/category\/actualidad\/#listItem","name":"Actualidad"}}]},{"@type":"Organization","@id":"https:\/\/www.eldigitaldeasturias.com\/noticias\/#organization","name":"El Digital de Asturias","description":"Hemeroteca","url":"https:\/\/www.eldigitaldeasturias.com\/noticias\/","email":"info@eldigitaldeasturias.com","telephone":"+34652131393","logo":{"@type":"ImageObject","url":"https:\/\/www.eldigitaldeasturias.com\/noticias\/wp-content\/uploads\/2020\/12\/EDA.jpg","@id":"https:\/\/www.eldigitaldeasturias.com\/noticias\/sandoval-resolvera-manana-las-dudas-sobre-barrera-y-santi-jara\/#organizationLogo"},"image":{"@id":"https:\/\/www.eldigitaldeasturias.com\/noticias\/sandoval-resolvera-manana-las-dudas-sobre-barrera-y-santi-jara\/#organizationLogo"},"sameAs":["https:\/\/facebook.com\/eldigitaldeasturias","https:\/\/www.youtube.com\/channel\/UCZP-2wLEB9Rv6erhFmqVnvg"],"address":{"@id":"https:\/\/www.eldigitaldeasturias.com\/noticias\/#postaladdress","@type":"PostalAddress","streetAddress":"san antonio 4","postalCode":"33430","addressLocality":"Cand\u00e1s","addressRegion":"Asturias","addressCountry":"ES"}},{"@type":"Person","@id":"https:\/\/www.eldigitaldeasturias.com\/noticias\/author\/admin\/#author","url":"https:\/\/www.eldigitaldeasturias.com\/noticias\/author\/admin\/","name":"El Digital de Asturias","image":{"@type":"ImageObject","@id":"https:\/\/www.eldigitaldeasturias.com\/noticias\/sandoval-resolvera-manana-las-dudas-sobre-barrera-y-santi-jara\/#authorImage","url":"https:\/\/secure.gravatar.com\/avatar\/df2aeffc32bcd13f8d26072ef8a91b623d677766deac7f97ca815868cd41bf5e?s=96&d=mm&r=g","width":96,"height":96,"caption":"El Digital de Asturias"}},{"@type":"WebPage","@id":"https:\/\/www.eldigitaldeasturias.com\/noticias\/sandoval-resolvera-manana-las-dudas-sobre-barrera-y-santi-jara\/#webpage","url":"https:\/\/www.eldigitaldeasturias.com\/noticias\/sandoval-resolvera-manana-las-dudas-sobre-barrera-y-santi-jara\/","name":"Sandoval resolver\u00e1 ma\u00f1ana las dudas sobre Barrera y Santi Jara - El Digital de Asturias","description":"Gij\u00f3n, 24 ene (EFE).- El entrenador del Sporting Jos\u00e9 Ram\u00f3n Sandoval deber\u00e1 esperar a ma\u00f1ana para saber si podr\u00e1 contar para el partido ante el Recreativo de Huelva con Alex Barrera y Santi Jara, que evolucionan bien de sus molestias pero a\u00fan mantienen algunos dolores. Santi Jara parece tener m\u00e1s complicado entrar en la convocatoria","inLanguage":"es-ES","isPartOf":{"@id":"https:\/\/www.eldigitaldeasturias.com\/noticias\/#website"},"breadcrumb":{"@id":"https:\/\/www.eldigitaldeasturias.com\/noticias\/sandoval-resolvera-manana-las-dudas-sobre-barrera-y-santi-jara\/#breadcrumblist"},"author":{"@id":"https:\/\/www.eldigitaldeasturias.com\/noticias\/author\/admin\/#author"},"creator":{"@id":"https:\/\/www.eldigitaldeasturias.com\/noticias\/author\/admin\/#author"},"image":{"@type":"ImageObject","url":438679,"@id":"https:\/\/www.eldigitaldeasturias.com\/noticias\/sandoval-resolvera-manana-las-dudas-sobre-barrera-y-santi-jara\/#mainImage"},"primaryImageOfPage":{"@id":"https:\/\/www.eldigitaldeasturias.com\/noticias\/sandoval-resolvera-manana-las-dudas-sobre-barrera-y-santi-jara\/#mainImage"},"datePublished":"2014-01-24T16:51:02+01:00","dateModified":"2014-01-24T16:51:02+01:00"},{"@type":"WebSite","@id":"https:\/\/www.eldigitaldeasturias.com\/noticias\/#website","url":"https:\/\/www.eldigitaldeasturias.com\/noticias\/","name":"El Digital de Asturias - Diario de actualidad y noticias","alternateName":"El Digital de Asturias - Diario de actualidad y noticias","description":"Hemeroteca","inLanguage":"es-ES","publisher":{"@id":"https:\/\/www.eldigitaldeasturias.com\/noticias\/#organization"}}]},"og:locale":"es_ES","og:site_name":"El Digital de Asturias","og:type":"article","og:title":"Sandoval resolver\u00e1 ma\u00f1ana las dudas sobre Barrera y Santi Jara - El Digital de Asturias","og:description":"Gij\u00f3n, 24 ene (EFE).- El entrenador del Sporting Jos\u00e9 Ram\u00f3n Sandoval deber\u00e1 esperar a ma\u00f1ana para saber si podr\u00e1 contar para el partido ante el Recreativo de Huelva con Alex Barrera y Santi Jara, que evolucionan bien de sus molestias pero a\u00fan mantienen algunos dolores. Santi Jara parece tener m\u00e1s complicado entrar en la convocatoria","og:url":"https:\/\/www.eldigitaldeasturias.com\/noticias\/sandoval-resolvera-manana-las-dudas-sobre-barrera-y-santi-jara\/","article:tag":["actualidad"],"article:published_time":"2014-01-24T17:51:02+00:00","article:modified_time":"2014-01-24T17:51:02+00:00","article:publisher":"https:\/\/facebook.com\/eldigitaldeasturias","twitter:card":"summary_large_image","twitter:title":"Sandoval resolver\u00e1 ma\u00f1ana las dudas sobre Barrera y Santi Jara - El Digital de Asturias","twitter:description":"Gij\u00f3n, 24 ene (EFE).- El entrenador del Sporting Jos\u00e9 Ram\u00f3n Sandoval deber\u00e1 esperar a ma\u00f1ana para saber si podr\u00e1 contar para el partido ante el Recreativo de Huelva con Alex Barrera y Santi Jara, que evolucionan bien de sus molestias pero a\u00fan mantienen algunos dolores. Santi Jara parece tener m\u00e1s complicado entrar en la convocatoria","twitter:label1":"Escrito por","twitter:data1":"El Digital de Asturias","twitter:label2":"Tiempo de lectura estimado","twitter:data2":"3 minutos"},"aioseo_meta_data":{"post_id":"478247","title":null,"description":null,"keywords":null,"keyphrases":null,"primary_term":null,"canonical_url":null,"og_title":null,"og_description":null,"og_object_type":"default","og_image_type":"default","og_image_url":null,"og_image_width":null,"og_image_height":null,"og_image_custom_url":null,"og_image_custom_fields":null,"og_video":null,"og_custom_url":null,"og_article_section":null,"og_article_tags":null,"twitter_use_og":true,"twitter_card":"default","twitter_image_type":"default","twitter_image_url":null,"twitter_image_custom_url":null,"twitter_image_custom_fields":null,"twitter_title":null,"twitter_description":null,"schema":{"blockGraphs":[],"customGraphs":[],"default":{"data":{"Article":[],"Course":[],"Dataset":[],"FAQPage":[],"Movie":[],"Person":[],"Product":[],"ProductReview":[],"Car":[],"Recipe":[],"Service":[],"SoftwareApplication":[],"WebPage":[]},"graphName":"","isEnabled":true},"graphs":[],"defaultGraph":"","defaultPostTypeGraph":""},"schema_type":null,"schema_type_options":null,"pillar_content":false,"robots_default":true,"robots_noindex":false,"robots_noarchive":false,"robots_nosnippet":false,"robots_nofollow":false,"robots_noimageindex":false,"robots_noodp":false,"robots_notranslate":false,"robots_max_snippet":null,"robots_max_videopreview":null,"robots_max_imagepreview":"none","priority":null,"frequency":null,"local_seo":null,"seo_analyzer_scan_date":"2026-06-01 20:56:58","breadcrumb_settings":null,"limit_modified_date":false,"open_ai":null,"ai":null,"created":"2020-11-14 22:53:54","updated":"2026-06-01 20:56:58","focus_keyword":null,"additional_keywords":null,"truseo_locale":null},"aioseo_breadcrumb":"<div class=\"aioseo-breadcrumbs\"><span class=\"aioseo-breadcrumb\">\n\t<a href=\"https:\/\/www.eldigitaldeasturias.com\/noticias\" title=\"Home\">Home<\/a>\n<\/span><span class=\"aioseo-breadcrumb-separator\">\u2013<\/span><span class=\"aioseo-breadcrumb\">\n\t<a href=\"https:\/\/www.eldigitaldeasturias.com\/noticias\/category\/actualidad\/\" title=\"Actualidad\">Actualidad<\/a>\n<\/span><span class=\"aioseo-breadcrumb-separator\">\u2013<\/span><span class=\"aioseo-breadcrumb\">\n\t<a href=\"https:\/\/www.eldigitaldeasturias.com\/noticias\/sandoval-resolvera-manana-las-dudas-sobre-barrera-y-santi-jara\/\" title=\"Sandoval resolver\u00e1 ma\u00f1ana las dudas sobre Barrera y Santi Jara\">Sandoval resolver\u00e1 ma\u00f1ana las dudas sobre Barrera y Santi Jara<\/a>\n<\/span><\/div>","aioseo_breadcrumb_json":[{"label":"Home","link":"https:\/\/www.eldigitaldeasturias.com\/noticias"},{"label":"Actualidad","link":"https:\/\/www.eldigitaldeasturias.com\/noticias\/category\/actualidad\/"},{"label":"Sandoval resolver\u00e1 ma\u00f1ana las dudas sobre Barrera y Santi Jara","link":"https:\/\/www.eldigitaldeasturias.com\/noticias\/sandoval-resolvera-manana-las-dudas-sobre-barrera-y-santi-jara\/"}],"_links":{"self":[{"href":"https:\/\/www.eldigitaldeasturias.com\/noticias\/wp-json\/wp\/v2\/posts\/478247","targetHints":{"allow":["GET"]}}],"collection":[{"href":"https:\/\/www.eldigitaldeasturias.com\/noticias\/wp-json\/wp\/v2\/posts"}],"about":[{"href":"https:\/\/www.eldigitaldeasturias.com\/noticias\/wp-json\/wp\/v2\/types\/post"}],"author":[{"embeddable":true,"href":"https:\/\/www.eldigitaldeasturias.com\/noticias\/wp-json\/wp\/v2\/users\/1"}],"replies":[{"embeddable":true,"href":"https:\/\/www.eldigitaldeasturias.com\/noticias\/wp-json\/wp\/v2\/comments?post=478247"}],"version-history":[{"count":0,"href":"https:\/\/www.eldigitaldeasturias.com\/noticias\/wp-json\/wp\/v2\/posts\/478247\/revisions"}],"wp:attachment":[{"href":"https:\/\/www.eldigitaldeasturias.com\/noticias\/wp-json\/wp\/v2\/media?parent=478247"}],"wp:term":[{"taxonomy":"category","embeddable":true,"href":"https:\/\/www.eldigitaldeasturias.com\/noticias\/wp-json\/wp\/v2\/categories?post=478247"},{"taxonomy":"post_tag","embeddable":true,"href":"https:\/\/www.eldigitaldeasturias.com\/noticias\/wp-json\/wp\/v2\/tags?post=478247"}],"curies":[{"name":"wp","href":"https:\/\/api.w.org\/{rel}","templated":true}]}}