{"id":478171,"date":"2014-01-24T09:57:48","date_gmt":"2014-01-24T10:57:48","guid":{"rendered":"http:\/\/www.eldigitaldeasturias.com\/noticias\/?p=478171"},"modified":"2014-01-24T09:57:48","modified_gmt":"2014-01-24T10:57:48","slug":"valenciano-pide-amparo-a-posada-porque-gallardon-dudo-de-su-respeto-a-la-vida","status":"publish","type":"post","link":"https:\/\/www.eldigitaldeasturias.com\/noticias\/valenciano-pide-amparo-a-posada-porque-gallardon-dudo-de-su-respeto-a-la-vida\/","title":{"rendered":"Valenciano pide amparo a Posada porque Gallard\u00f3n dud\u00f3 de su respeto a la vida"},"content":{"rendered":"<p><img loading=\"lazy\" decoding=\"async\" class=\"alignleft size-medium wp-image-478172\" alt=\"5870448w\" src=\"https:\/\/www.eldigitaldeasturias.com\/noticias\/wp-content\/uploads\/2014\/01\/5870448w-360x239.jpg\" width=\"360\" height=\"239\" \/>Madrid, 23 ene (EFE).- La vicesecretaria general del PSOE, Elena Valenciano, ha pedido hoy amparo al presidente del Congreso, Jes\u00fas Posada, despu\u00e9s de que el ministro de Justicia, Alberto Ruiz-Gallard\u00f3n, pusiera en duda su respeto \u00abal derecho a la vida de las personas\u00bb durante un debate sobre el aborto en la C\u00e1mara Baja.<\/p>\n<p>Valenciano, en una carta dirigida a Posada a la que ha tenido acceso Efe, solicita al presidente que ordene la retirada del Diario de Sesiones de las manifestaciones de Gallard\u00f3n que considera \u00abofensivas\u00bb y que incluso podr\u00edan ser entendidas \u00abcomo una directa acusaci\u00f3n de ser capaz de cometer acciones delictivas\u00bb.<\/p>\n<p>La cita textual recogida en el Diario de Sesiones dice lo siguiente: \u00abNo podemos tener una postura profundamente ego\u00edsta, consistente en decir: solo valen mis derechos, porque si usted ese \u00absolo lo m\u00edo\u00bb lo ejerce frente a un concebido y no nacido, qui\u00e9n me dice que despu\u00e9s, con otra legislaci\u00f3n, no lo va a intentar ejercer frente a una persona que efectivamente haya nacido\u00bb.<\/p>\n<p>Para Valenciano, esas palabras ponen en duda, \u00abde forma objetiva, manifiesta e injusta\u00bb, su respeto \u00abal derecho a la vida de las personas\u00bb en unos t\u00e9rminos \u00abmuy graves y claramente ofensivos\u00bb.<\/p>\n<p>Esta petici\u00f3n de amparo se produce despu\u00e9s de que Valenciano reclamara ayer al PP al t\u00e9rmino del pleno del Congreso que retirara del Diario de Sesiones esas manifestaciones del titular de Justicia.<\/p>\n<p>El portavoz del PP, Alfonso Alonso, rechaz\u00f3 esta petici\u00f3n hasta que la propia Valenciano no retirara otras afirmaciones dirigidas a Gallard\u00f3n y en las que acus\u00f3 al ministro de estar m\u00e1s preocupado en \u00abrecortar las libertades de las mujeres\u00bb que en legislar para \u00abproteger\u00bb a las mujeres v\u00edctimas de la violencia de g\u00e9nero.<\/p>\n<p>\u00abSi usted retira esa afirmaci\u00f3n nosotros no tenemos inconveniente en retirar la otra\u00bb, afirm\u00f3 Alonso.<\/p>\n<p>Ante la falta de acuerdo, Jes\u00fas Posada avanz\u00f3 que reflexionar\u00eda sobre lo ocurrido durante el pleno y que adoptar\u00e1 la decisi\u00f3n que considere oportuna.<\/p>\n","protected":false},"excerpt":{"rendered":"<p>Madrid, 23 ene (EFE).- La vicesecretaria general del PSOE, Elena Valenciano, ha pedido hoy amparo al presidente del Congreso, Jes\u00fas Posada, despu\u00e9s de que el ministro de Justicia, Alberto Ruiz-Gallard\u00f3n, pusiera en duda su respeto \u00abal derecho a la vida de las personas\u00bb durante un debate sobre el aborto en la C\u00e1mara Baja. Valenciano, en [&hellip;]<\/p>\n","protected":false},"author":1,"featured_media":1132184,"comment_status":"closed","ping_status":"open","sticky":false,"template":"","format":"standard","meta":{"footnotes":""},"categories":[1],"tags":[],"class_list":["post-478171","post","type-post","status-publish","format-standard","has-post-thumbnail","hentry","category-actualidad"],"aioseo_notices":[],"aioseo_head":"\n\t\t<!-- All in One SEO Pro 5.0.1 - aioseo.com -->\n\t<meta name=\"description\" content=\"Madrid, 23 ene (EFE).- La vicesecretaria general del PSOE, Elena Valenciano, ha pedido hoy amparo al presidente del Congreso, Jes\u00fas Posada, despu\u00e9s de que el ministro de Justicia, Alberto Ruiz-Gallard\u00f3n, pusiera en duda su respeto &quot;al derecho a la vida de las personas&quot; durante un debate sobre el aborto en la C\u00e1mara Baja. Valenciano, en\" \/>\n\t<meta name=\"robots\" content=\"max-image-preview:large\" \/>\n\t<meta name=\"author\" content=\"El Digital de Asturias\"\/>\n\t<meta name=\"google-site-verification\" content=\"UA-38556648-1\" \/>\n\t<meta name=\"msvalidate.01\" content=\"7dfe9f3f1b24437ab69f4f2559babe99\" \/>\n\t<meta name=\"keywords\" content=\"actualidad\" \/>\n\t<link rel=\"canonical\" href=\"https:\/\/www.eldigitaldeasturias.com\/noticias\/valenciano-pide-amparo-a-posada-porque-gallardon-dudo-de-su-respeto-a-la-vida\/\" \/>\n\t<meta name=\"generator\" content=\"All in One SEO Pro (AIOSEO) 5.0.1\" \/>\n\t\t<meta property=\"og:locale\" content=\"es_ES\" \/>\n\t\t<meta property=\"og:site_name\" content=\"El Digital de Asturias\" \/>\n\t\t<meta property=\"og:type\" content=\"article\" \/>\n\t\t<meta property=\"og:title\" content=\"Valenciano pide amparo a Posada porque Gallard\u00f3n dud\u00f3 de su respeto a la vida - El Digital de Asturias\" \/>\n\t\t<meta property=\"og:description\" content=\"Madrid, 23 ene (EFE).- La vicesecretaria general del PSOE, Elena Valenciano, ha pedido hoy amparo al presidente del Congreso, Jes\u00fas Posada, despu\u00e9s de que el ministro de Justicia, Alberto Ruiz-Gallard\u00f3n, pusiera en duda su respeto &quot;al derecho a la vida de las personas&quot; durante un debate sobre el aborto en la C\u00e1mara Baja. Valenciano, en\" \/>\n\t\t<meta property=\"og:url\" content=\"https:\/\/www.eldigitaldeasturias.com\/noticias\/valenciano-pide-amparo-a-posada-porque-gallardon-dudo-de-su-respeto-a-la-vida\/\" \/>\n\t\t<meta property=\"og:image\" content=\"https:\/\/www.eldigitaldeasturias.com\/noticias\/wp-content\/uploads\/2026\/06\/Contenidos.jpg\" \/>\n\t\t<meta property=\"og:image:secure_url\" content=\"https:\/\/www.eldigitaldeasturias.com\/noticias\/wp-content\/uploads\/2026\/06\/Contenidos.jpg\" \/>\n\t\t<meta property=\"og:image:width\" content=\"1265\" \/>\n\t\t<meta property=\"og:image:height\" content=\"697\" \/>\n\t\t<meta property=\"article:tag\" content=\"actualidad\" \/>\n\t\t<meta property=\"article:published_time\" content=\"2014-01-24T10:57:48+00:00\" \/>\n\t\t<meta property=\"article:modified_time\" content=\"2014-01-24T10:57:48+00:00\" \/>\n\t\t<meta property=\"article:publisher\" content=\"https:\/\/facebook.com\/eldigitaldeasturias\" \/>\n\t\t<meta name=\"twitter:card\" content=\"summary_large_image\" \/>\n\t\t<meta name=\"twitter:title\" content=\"Valenciano pide amparo a Posada porque Gallard\u00f3n dud\u00f3 de su respeto a la vida - El Digital de Asturias\" \/>\n\t\t<meta name=\"twitter:description\" content=\"Madrid, 23 ene (EFE).- La vicesecretaria general del PSOE, Elena Valenciano, ha pedido hoy amparo al presidente del Congreso, Jes\u00fas Posada, despu\u00e9s de que el ministro de Justicia, Alberto Ruiz-Gallard\u00f3n, pusiera en duda su respeto &quot;al derecho a la vida de las personas&quot; durante un debate sobre el aborto en la C\u00e1mara Baja. Valenciano, en\" \/>\n\t\t<meta name=\"twitter:image\" content=\"https:\/\/www.eldigitaldeasturias.com\/noticias\/wp-content\/uploads\/2026\/06\/Contenidos.jpg\" \/>\n\t\t<meta name=\"twitter:label1\" content=\"Escrito por\" \/>\n\t\t<meta name=\"twitter:data1\" content=\"El Digital de Asturias\" \/>\n\t\t<meta name=\"twitter:label2\" content=\"Tiempo de lectura estimado\" \/>\n\t\t<meta name=\"twitter:data2\" content=\"2 minutos\" \/>\n\t\t<script type=\"application\/ld+json\" class=\"aioseo-schema\">\n\t\t\t{\"@context\":\"https:\\\/\\\/schema.org\",\"@graph\":[{\"@type\":\"BlogPosting\",\"@id\":\"https:\\\/\\\/www.eldigitaldeasturias.com\\\/noticias\\\/valenciano-pide-amparo-a-posada-porque-gallardon-dudo-de-su-respeto-a-la-vida\\\/#blogposting\",\"name\":\"Valenciano pide amparo a Posada porque Gallard\\u00f3n dud\\u00f3 de su respeto a la vida - El Digital de Asturias\",\"headline\":\"Valenciano pide amparo a Posada porque Gallard\\u00f3n dud\\u00f3 de su respeto a la vida\",\"author\":{\"@id\":\"https:\\\/\\\/www.eldigitaldeasturias.com\\\/noticias\\\/author\\\/admin\\\/#author\"},\"publisher\":{\"@id\":\"https:\\\/\\\/www.eldigitaldeasturias.com\\\/noticias\\\/#organization\"},\"image\":{\"@type\":\"ImageObject\",\"url\":\"https:\\\/\\\/www.eldigitaldeasturias.com\\\/noticias\\\/wp-content\\\/uploads\\\/2026\\\/06\\\/Contenidos.jpg\",\"width\":1265,\"height\":697,\"caption\":\"Contenidos\"},\"datePublished\":\"2014-01-24T09:57:48+01:00\",\"dateModified\":\"2014-01-24T09:57:48+01:00\",\"inLanguage\":\"es-ES\",\"mainEntityOfPage\":{\"@id\":\"https:\\\/\\\/www.eldigitaldeasturias.com\\\/noticias\\\/valenciano-pide-amparo-a-posada-porque-gallardon-dudo-de-su-respeto-a-la-vida\\\/#webpage\"},\"isPartOf\":{\"@id\":\"https:\\\/\\\/www.eldigitaldeasturias.com\\\/noticias\\\/valenciano-pide-amparo-a-posada-porque-gallardon-dudo-de-su-respeto-a-la-vida\\\/#webpage\"},\"articleSection\":\"Actualidad\"},{\"@type\":\"BreadcrumbList\",\"@id\":\"https:\\\/\\\/www.eldigitaldeasturias.com\\\/noticias\\\/valenciano-pide-amparo-a-posada-porque-gallardon-dudo-de-su-respeto-a-la-vida\\\/#breadcrumblist\",\"itemListElement\":[{\"@type\":\"ListItem\",\"@id\":\"https:\\\/\\\/www.eldigitaldeasturias.com\\\/noticias#listItem\",\"position\":1,\"name\":\"Home\",\"item\":\"https:\\\/\\\/www.eldigitaldeasturias.com\\\/noticias\",\"nextItem\":{\"@type\":\"ListItem\",\"@id\":\"https:\\\/\\\/www.eldigitaldeasturias.com\\\/noticias\\\/category\\\/actualidad\\\/#listItem\",\"name\":\"Actualidad\"}},{\"@type\":\"ListItem\",\"@id\":\"https:\\\/\\\/www.eldigitaldeasturias.com\\\/noticias\\\/category\\\/actualidad\\\/#listItem\",\"position\":2,\"name\":\"Actualidad\",\"item\":\"https:\\\/\\\/www.eldigitaldeasturias.com\\\/noticias\\\/category\\\/actualidad\\\/\",\"nextItem\":{\"@type\":\"ListItem\",\"@id\":\"https:\\\/\\\/www.eldigitaldeasturias.com\\\/noticias\\\/valenciano-pide-amparo-a-posada-porque-gallardon-dudo-de-su-respeto-a-la-vida\\\/#listItem\",\"name\":\"Valenciano pide amparo a Posada porque Gallard\\u00f3n dud\\u00f3 de su respeto a la vida\"},\"previousItem\":{\"@type\":\"ListItem\",\"@id\":\"https:\\\/\\\/www.eldigitaldeasturias.com\\\/noticias#listItem\",\"name\":\"Home\"}},{\"@type\":\"ListItem\",\"@id\":\"https:\\\/\\\/www.eldigitaldeasturias.com\\\/noticias\\\/valenciano-pide-amparo-a-posada-porque-gallardon-dudo-de-su-respeto-a-la-vida\\\/#listItem\",\"position\":3,\"name\":\"Valenciano pide amparo a Posada porque Gallard\\u00f3n dud\\u00f3 de su respeto a la vida\",\"previousItem\":{\"@type\":\"ListItem\",\"@id\":\"https:\\\/\\\/www.eldigitaldeasturias.com\\\/noticias\\\/category\\\/actualidad\\\/#listItem\",\"name\":\"Actualidad\"}}]},{\"@type\":\"Organization\",\"@id\":\"https:\\\/\\\/www.eldigitaldeasturias.com\\\/noticias\\\/#organization\",\"name\":\"El Digital de Asturias\",\"description\":\"Hemeroteca\",\"url\":\"https:\\\/\\\/www.eldigitaldeasturias.com\\\/noticias\\\/\",\"email\":\"info@eldigitaldeasturias.com\",\"telephone\":\"+34652131393\",\"logo\":{\"@type\":\"ImageObject\",\"url\":\"https:\\\/\\\/www.eldigitaldeasturias.com\\\/noticias\\\/wp-content\\\/uploads\\\/2020\\\/12\\\/EDA.jpg\",\"@id\":\"https:\\\/\\\/www.eldigitaldeasturias.com\\\/noticias\\\/valenciano-pide-amparo-a-posada-porque-gallardon-dudo-de-su-respeto-a-la-vida\\\/#organizationLogo\"},\"image\":{\"@id\":\"https:\\\/\\\/www.eldigitaldeasturias.com\\\/noticias\\\/valenciano-pide-amparo-a-posada-porque-gallardon-dudo-de-su-respeto-a-la-vida\\\/#organizationLogo\"},\"sameAs\":[\"https:\\\/\\\/facebook.com\\\/eldigitaldeasturias\",\"https:\\\/\\\/www.youtube.com\\\/channel\\\/UCZP-2wLEB9Rv6erhFmqVnvg\"],\"address\":{\"@id\":\"https:\\\/\\\/www.eldigitaldeasturias.com\\\/noticias\\\/#postaladdress\",\"@type\":\"PostalAddress\",\"streetAddress\":\"san antonio 4\",\"postalCode\":\"33430\",\"addressLocality\":\"Cand\\u00e1s\",\"addressRegion\":\"Asturias\",\"addressCountry\":\"ES\"}},{\"@type\":\"Person\",\"@id\":\"https:\\\/\\\/www.eldigitaldeasturias.com\\\/noticias\\\/author\\\/admin\\\/#author\",\"url\":\"https:\\\/\\\/www.eldigitaldeasturias.com\\\/noticias\\\/author\\\/admin\\\/\",\"name\":\"El Digital de Asturias\",\"image\":{\"@type\":\"ImageObject\",\"@id\":\"https:\\\/\\\/www.eldigitaldeasturias.com\\\/noticias\\\/valenciano-pide-amparo-a-posada-porque-gallardon-dudo-de-su-respeto-a-la-vida\\\/#authorImage\",\"url\":\"https:\\\/\\\/secure.gravatar.com\\\/avatar\\\/df2aeffc32bcd13f8d26072ef8a91b623d677766deac7f97ca815868cd41bf5e?s=96&d=mm&r=g\",\"width\":96,\"height\":96,\"caption\":\"El Digital de Asturias\"}},{\"@type\":\"WebPage\",\"@id\":\"https:\\\/\\\/www.eldigitaldeasturias.com\\\/noticias\\\/valenciano-pide-amparo-a-posada-porque-gallardon-dudo-de-su-respeto-a-la-vida\\\/#webpage\",\"url\":\"https:\\\/\\\/www.eldigitaldeasturias.com\\\/noticias\\\/valenciano-pide-amparo-a-posada-porque-gallardon-dudo-de-su-respeto-a-la-vida\\\/\",\"name\":\"Valenciano pide amparo a Posada porque Gallard\\u00f3n dud\\u00f3 de su respeto a la vida - El Digital de Asturias\",\"description\":\"Madrid, 23 ene (EFE).- La vicesecretaria general del PSOE, Elena Valenciano, ha pedido hoy amparo al presidente del Congreso, Jes\\u00fas Posada, despu\\u00e9s de que el ministro de Justicia, Alberto Ruiz-Gallard\\u00f3n, pusiera en duda su respeto \\\"al derecho a la vida de las personas\\\" durante un debate sobre el aborto en la C\\u00e1mara Baja. Valenciano, en\",\"inLanguage\":\"es-ES\",\"isPartOf\":{\"@id\":\"https:\\\/\\\/www.eldigitaldeasturias.com\\\/noticias\\\/#website\"},\"breadcrumb\":{\"@id\":\"https:\\\/\\\/www.eldigitaldeasturias.com\\\/noticias\\\/valenciano-pide-amparo-a-posada-porque-gallardon-dudo-de-su-respeto-a-la-vida\\\/#breadcrumblist\"},\"author\":{\"@id\":\"https:\\\/\\\/www.eldigitaldeasturias.com\\\/noticias\\\/author\\\/admin\\\/#author\"},\"creator\":{\"@id\":\"https:\\\/\\\/www.eldigitaldeasturias.com\\\/noticias\\\/author\\\/admin\\\/#author\"},\"image\":{\"@type\":\"ImageObject\",\"url\":\"https:\\\/\\\/www.eldigitaldeasturias.com\\\/noticias\\\/wp-content\\\/uploads\\\/2026\\\/06\\\/Contenidos.jpg\",\"@id\":\"https:\\\/\\\/www.eldigitaldeasturias.com\\\/noticias\\\/valenciano-pide-amparo-a-posada-porque-gallardon-dudo-de-su-respeto-a-la-vida\\\/#mainImage\",\"width\":1265,\"height\":697,\"caption\":\"Contenidos\"},\"primaryImageOfPage\":{\"@id\":\"https:\\\/\\\/www.eldigitaldeasturias.com\\\/noticias\\\/valenciano-pide-amparo-a-posada-porque-gallardon-dudo-de-su-respeto-a-la-vida\\\/#mainImage\"},\"datePublished\":\"2014-01-24T09:57:48+01:00\",\"dateModified\":\"2014-01-24T09:57:48+01:00\"},{\"@type\":\"WebSite\",\"@id\":\"https:\\\/\\\/www.eldigitaldeasturias.com\\\/noticias\\\/#website\",\"url\":\"https:\\\/\\\/www.eldigitaldeasturias.com\\\/noticias\\\/\",\"name\":\"El Digital de Asturias - Diario de actualidad y noticias\",\"alternateName\":\"El Digital de Asturias - Diario de actualidad y noticias\",\"description\":\"Hemeroteca\",\"inLanguage\":\"es-ES\",\"publisher\":{\"@id\":\"https:\\\/\\\/www.eldigitaldeasturias.com\\\/noticias\\\/#organization\"}}]}\n\t\t<\/script>\n\t\t<!-- All in One SEO Pro -->\r\n\t\t<title>Valenciano pide amparo a Posada porque Gallard\u00f3n dud\u00f3 de su respeto a la vida - El Digital de Asturias<\/title>\n\n","aioseo_head_json":{"title":"Valenciano pide amparo a Posada porque Gallard\u00f3n dud\u00f3 de su respeto a la vida - El Digital de Asturias","description":"Madrid, 23 ene (EFE).- La vicesecretaria general del PSOE, Elena Valenciano, ha pedido hoy amparo al presidente del Congreso, Jes\u00fas Posada, despu\u00e9s de que el ministro de Justicia, Alberto Ruiz-Gallard\u00f3n, pusiera en duda su respeto \"al derecho a la vida de las personas\" durante un debate sobre el aborto en la C\u00e1mara Baja. Valenciano, en","canonical_url":"https:\/\/www.eldigitaldeasturias.com\/noticias\/valenciano-pide-amparo-a-posada-porque-gallardon-dudo-de-su-respeto-a-la-vida\/","robots":"max-image-preview:large","keywords":"actualidad","webmasterTools":{"google-site-verification":"UA-38556648-1","msvalidate.01":"7dfe9f3f1b24437ab69f4f2559babe99","miscellaneous":""},"schema":{"@context":"https:\/\/schema.org","@graph":[{"@type":"BlogPosting","@id":"https:\/\/www.eldigitaldeasturias.com\/noticias\/valenciano-pide-amparo-a-posada-porque-gallardon-dudo-de-su-respeto-a-la-vida\/#blogposting","name":"Valenciano pide amparo a Posada porque Gallard\u00f3n dud\u00f3 de su respeto a la vida - El Digital de Asturias","headline":"Valenciano pide amparo a Posada porque Gallard\u00f3n dud\u00f3 de su respeto a la vida","author":{"@id":"https:\/\/www.eldigitaldeasturias.com\/noticias\/author\/admin\/#author"},"publisher":{"@id":"https:\/\/www.eldigitaldeasturias.com\/noticias\/#organization"},"image":{"@type":"ImageObject","url":"https:\/\/www.eldigitaldeasturias.com\/noticias\/wp-content\/uploads\/2026\/06\/Contenidos.jpg","width":1265,"height":697,"caption":"Contenidos"},"datePublished":"2014-01-24T09:57:48+01:00","dateModified":"2014-01-24T09:57:48+01:00","inLanguage":"es-ES","mainEntityOfPage":{"@id":"https:\/\/www.eldigitaldeasturias.com\/noticias\/valenciano-pide-amparo-a-posada-porque-gallardon-dudo-de-su-respeto-a-la-vida\/#webpage"},"isPartOf":{"@id":"https:\/\/www.eldigitaldeasturias.com\/noticias\/valenciano-pide-amparo-a-posada-porque-gallardon-dudo-de-su-respeto-a-la-vida\/#webpage"},"articleSection":"Actualidad"},{"@type":"BreadcrumbList","@id":"https:\/\/www.eldigitaldeasturias.com\/noticias\/valenciano-pide-amparo-a-posada-porque-gallardon-dudo-de-su-respeto-a-la-vida\/#breadcrumblist","itemListElement":[{"@type":"ListItem","@id":"https:\/\/www.eldigitaldeasturias.com\/noticias#listItem","position":1,"name":"Home","item":"https:\/\/www.eldigitaldeasturias.com\/noticias","nextItem":{"@type":"ListItem","@id":"https:\/\/www.eldigitaldeasturias.com\/noticias\/category\/actualidad\/#listItem","name":"Actualidad"}},{"@type":"ListItem","@id":"https:\/\/www.eldigitaldeasturias.com\/noticias\/category\/actualidad\/#listItem","position":2,"name":"Actualidad","item":"https:\/\/www.eldigitaldeasturias.com\/noticias\/category\/actualidad\/","nextItem":{"@type":"ListItem","@id":"https:\/\/www.eldigitaldeasturias.com\/noticias\/valenciano-pide-amparo-a-posada-porque-gallardon-dudo-de-su-respeto-a-la-vida\/#listItem","name":"Valenciano pide amparo a Posada porque Gallard\u00f3n dud\u00f3 de su respeto a la vida"},"previousItem":{"@type":"ListItem","@id":"https:\/\/www.eldigitaldeasturias.com\/noticias#listItem","name":"Home"}},{"@type":"ListItem","@id":"https:\/\/www.eldigitaldeasturias.com\/noticias\/valenciano-pide-amparo-a-posada-porque-gallardon-dudo-de-su-respeto-a-la-vida\/#listItem","position":3,"name":"Valenciano pide amparo a Posada porque Gallard\u00f3n dud\u00f3 de su respeto a la vida","previousItem":{"@type":"ListItem","@id":"https:\/\/www.eldigitaldeasturias.com\/noticias\/category\/actualidad\/#listItem","name":"Actualidad"}}]},{"@type":"Organization","@id":"https:\/\/www.eldigitaldeasturias.com\/noticias\/#organization","name":"El Digital de Asturias","description":"Hemeroteca","url":"https:\/\/www.eldigitaldeasturias.com\/noticias\/","email":"info@eldigitaldeasturias.com","telephone":"+34652131393","logo":{"@type":"ImageObject","url":"https:\/\/www.eldigitaldeasturias.com\/noticias\/wp-content\/uploads\/2020\/12\/EDA.jpg","@id":"https:\/\/www.eldigitaldeasturias.com\/noticias\/valenciano-pide-amparo-a-posada-porque-gallardon-dudo-de-su-respeto-a-la-vida\/#organizationLogo"},"image":{"@id":"https:\/\/www.eldigitaldeasturias.com\/noticias\/valenciano-pide-amparo-a-posada-porque-gallardon-dudo-de-su-respeto-a-la-vida\/#organizationLogo"},"sameAs":["https:\/\/facebook.com\/eldigitaldeasturias","https:\/\/www.youtube.com\/channel\/UCZP-2wLEB9Rv6erhFmqVnvg"],"address":{"@id":"https:\/\/www.eldigitaldeasturias.com\/noticias\/#postaladdress","@type":"PostalAddress","streetAddress":"san antonio 4","postalCode":"33430","addressLocality":"Cand\u00e1s","addressRegion":"Asturias","addressCountry":"ES"}},{"@type":"Person","@id":"https:\/\/www.eldigitaldeasturias.com\/noticias\/author\/admin\/#author","url":"https:\/\/www.eldigitaldeasturias.com\/noticias\/author\/admin\/","name":"El Digital de Asturias","image":{"@type":"ImageObject","@id":"https:\/\/www.eldigitaldeasturias.com\/noticias\/valenciano-pide-amparo-a-posada-porque-gallardon-dudo-de-su-respeto-a-la-vida\/#authorImage","url":"https:\/\/secure.gravatar.com\/avatar\/df2aeffc32bcd13f8d26072ef8a91b623d677766deac7f97ca815868cd41bf5e?s=96&d=mm&r=g","width":96,"height":96,"caption":"El Digital de Asturias"}},{"@type":"WebPage","@id":"https:\/\/www.eldigitaldeasturias.com\/noticias\/valenciano-pide-amparo-a-posada-porque-gallardon-dudo-de-su-respeto-a-la-vida\/#webpage","url":"https:\/\/www.eldigitaldeasturias.com\/noticias\/valenciano-pide-amparo-a-posada-porque-gallardon-dudo-de-su-respeto-a-la-vida\/","name":"Valenciano pide amparo a Posada porque Gallard\u00f3n dud\u00f3 de su respeto a la vida - El Digital de Asturias","description":"Madrid, 23 ene (EFE).- La vicesecretaria general del PSOE, Elena Valenciano, ha pedido hoy amparo al presidente del Congreso, Jes\u00fas Posada, despu\u00e9s de que el ministro de Justicia, Alberto Ruiz-Gallard\u00f3n, pusiera en duda su respeto \"al derecho a la vida de las personas\" durante un debate sobre el aborto en la C\u00e1mara Baja. Valenciano, en","inLanguage":"es-ES","isPartOf":{"@id":"https:\/\/www.eldigitaldeasturias.com\/noticias\/#website"},"breadcrumb":{"@id":"https:\/\/www.eldigitaldeasturias.com\/noticias\/valenciano-pide-amparo-a-posada-porque-gallardon-dudo-de-su-respeto-a-la-vida\/#breadcrumblist"},"author":{"@id":"https:\/\/www.eldigitaldeasturias.com\/noticias\/author\/admin\/#author"},"creator":{"@id":"https:\/\/www.eldigitaldeasturias.com\/noticias\/author\/admin\/#author"},"image":{"@type":"ImageObject","url":"https:\/\/www.eldigitaldeasturias.com\/noticias\/wp-content\/uploads\/2026\/06\/Contenidos.jpg","@id":"https:\/\/www.eldigitaldeasturias.com\/noticias\/valenciano-pide-amparo-a-posada-porque-gallardon-dudo-de-su-respeto-a-la-vida\/#mainImage","width":1265,"height":697,"caption":"Contenidos"},"primaryImageOfPage":{"@id":"https:\/\/www.eldigitaldeasturias.com\/noticias\/valenciano-pide-amparo-a-posada-porque-gallardon-dudo-de-su-respeto-a-la-vida\/#mainImage"},"datePublished":"2014-01-24T09:57:48+01:00","dateModified":"2014-01-24T09:57:48+01:00"},{"@type":"WebSite","@id":"https:\/\/www.eldigitaldeasturias.com\/noticias\/#website","url":"https:\/\/www.eldigitaldeasturias.com\/noticias\/","name":"El Digital de Asturias - Diario de actualidad y noticias","alternateName":"El Digital de Asturias - Diario de actualidad y noticias","description":"Hemeroteca","inLanguage":"es-ES","publisher":{"@id":"https:\/\/www.eldigitaldeasturias.com\/noticias\/#organization"}}]},"og:locale":"es_ES","og:site_name":"El Digital de Asturias","og:type":"article","og:title":"Valenciano pide amparo a Posada porque Gallard\u00f3n dud\u00f3 de su respeto a la vida - El Digital de Asturias","og:description":"Madrid, 23 ene (EFE).- La vicesecretaria general del PSOE, Elena Valenciano, ha pedido hoy amparo al presidente del Congreso, Jes\u00fas Posada, despu\u00e9s de que el ministro de Justicia, Alberto Ruiz-Gallard\u00f3n, pusiera en duda su respeto &quot;al derecho a la vida de las personas&quot; durante un debate sobre el aborto en la C\u00e1mara Baja. Valenciano, en","og:url":"https:\/\/www.eldigitaldeasturias.com\/noticias\/valenciano-pide-amparo-a-posada-porque-gallardon-dudo-de-su-respeto-a-la-vida\/","og:image":"https:\/\/www.eldigitaldeasturias.com\/noticias\/wp-content\/uploads\/2026\/06\/Contenidos.jpg","og:image:secure_url":"https:\/\/www.eldigitaldeasturias.com\/noticias\/wp-content\/uploads\/2026\/06\/Contenidos.jpg","og:image:width":1265,"og:image:height":697,"article:tag":["actualidad"],"article:published_time":"2014-01-24T10:57:48+00:00","article:modified_time":"2014-01-24T10:57:48+00:00","article:publisher":"https:\/\/facebook.com\/eldigitaldeasturias","twitter:card":"summary_large_image","twitter:title":"Valenciano pide amparo a Posada porque Gallard\u00f3n dud\u00f3 de su respeto a la vida - El Digital de Asturias","twitter:description":"Madrid, 23 ene (EFE).- La vicesecretaria general del PSOE, Elena Valenciano, ha pedido hoy amparo al presidente del Congreso, Jes\u00fas Posada, despu\u00e9s de que el ministro de Justicia, Alberto Ruiz-Gallard\u00f3n, pusiera en duda su respeto &quot;al derecho a la vida de las personas&quot; durante un debate sobre el aborto en la C\u00e1mara Baja. Valenciano, en","twitter:image":"https:\/\/www.eldigitaldeasturias.com\/noticias\/wp-content\/uploads\/2026\/06\/Contenidos.jpg","twitter:label1":"Escrito por","twitter:data1":"El Digital de Asturias","twitter:label2":"Tiempo de lectura estimado","twitter:data2":"2 minutos"},"aioseo_meta_data":{"post_id":"478171","title":null,"description":null,"keywords":null,"keyphrases":null,"primary_term":null,"canonical_url":null,"og_title":null,"og_description":null,"og_object_type":"default","og_image_type":"default","og_image_url":null,"og_image_width":null,"og_image_height":null,"og_image_custom_url":null,"og_image_custom_fields":null,"og_video":null,"og_custom_url":null,"og_article_section":null,"og_article_tags":null,"twitter_use_og":true,"twitter_card":"default","twitter_image_type":"default","twitter_image_url":null,"twitter_image_custom_url":null,"twitter_image_custom_fields":null,"twitter_title":null,"twitter_description":null,"schema":{"blockGraphs":[],"customGraphs":[],"default":{"data":{"Article":[],"Course":[],"Dataset":[],"FAQPage":[],"Movie":[],"Person":[],"Product":[],"ProductReview":[],"Car":[],"Recipe":[],"Service":[],"SoftwareApplication":[],"WebPage":[]},"graphName":"","isEnabled":true},"graphs":[],"defaultGraph":"","defaultPostTypeGraph":""},"schema_type":null,"schema_type_options":null,"pillar_content":false,"robots_default":true,"robots_noindex":false,"robots_noarchive":false,"robots_nosnippet":false,"robots_nofollow":false,"robots_noimageindex":false,"robots_noodp":false,"robots_notranslate":false,"robots_max_snippet":null,"robots_max_videopreview":null,"robots_max_imagepreview":"none","priority":null,"frequency":null,"local_seo":null,"seo_analyzer_scan_date":"2026-06-01 20:40:50","breadcrumb_settings":null,"limit_modified_date":false,"open_ai":null,"ai":null,"created":"2020-11-14 22:53:49","updated":"2026-06-01 20:40:50","focus_keyword":null,"additional_keywords":null,"truseo_locale":null},"aioseo_breadcrumb":"<div class=\"aioseo-breadcrumbs\"><span class=\"aioseo-breadcrumb\">\n\t<a href=\"https:\/\/www.eldigitaldeasturias.com\/noticias\" title=\"Home\">Home<\/a>\n<\/span><span class=\"aioseo-breadcrumb-separator\">\u2013<\/span><span class=\"aioseo-breadcrumb\">\n\t<a href=\"https:\/\/www.eldigitaldeasturias.com\/noticias\/category\/actualidad\/\" title=\"Actualidad\">Actualidad<\/a>\n<\/span><span class=\"aioseo-breadcrumb-separator\">\u2013<\/span><span class=\"aioseo-breadcrumb\">\n\t<a href=\"https:\/\/www.eldigitaldeasturias.com\/noticias\/valenciano-pide-amparo-a-posada-porque-gallardon-dudo-de-su-respeto-a-la-vida\/\" title=\"Valenciano pide amparo a Posada porque Gallard\u00f3n dud\u00f3 de su respeto a la vida\">Valenciano pide amparo a Posada porque Gallard\u00f3n dud\u00f3 de su respeto a la vida<\/a>\n<\/span><\/div>","aioseo_breadcrumb_json":[{"label":"Home","link":"https:\/\/www.eldigitaldeasturias.com\/noticias"},{"label":"Actualidad","link":"https:\/\/www.eldigitaldeasturias.com\/noticias\/category\/actualidad\/"},{"label":"Valenciano pide amparo a Posada porque Gallard\u00f3n dud\u00f3 de su respeto a la vida","link":"https:\/\/www.eldigitaldeasturias.com\/noticias\/valenciano-pide-amparo-a-posada-porque-gallardon-dudo-de-su-respeto-a-la-vida\/"}],"_links":{"self":[{"href":"https:\/\/www.eldigitaldeasturias.com\/noticias\/wp-json\/wp\/v2\/posts\/478171","targetHints":{"allow":["GET"]}}],"collection":[{"href":"https:\/\/www.eldigitaldeasturias.com\/noticias\/wp-json\/wp\/v2\/posts"}],"about":[{"href":"https:\/\/www.eldigitaldeasturias.com\/noticias\/wp-json\/wp\/v2\/types\/post"}],"author":[{"embeddable":true,"href":"https:\/\/www.eldigitaldeasturias.com\/noticias\/wp-json\/wp\/v2\/users\/1"}],"replies":[{"embeddable":true,"href":"https:\/\/www.eldigitaldeasturias.com\/noticias\/wp-json\/wp\/v2\/comments?post=478171"}],"version-history":[{"count":0,"href":"https:\/\/www.eldigitaldeasturias.com\/noticias\/wp-json\/wp\/v2\/posts\/478171\/revisions"}],"wp:featuredmedia":[{"embeddable":true,"href":"https:\/\/www.eldigitaldeasturias.com\/noticias\/wp-json\/wp\/v2\/media\/1132184"}],"wp:attachment":[{"href":"https:\/\/www.eldigitaldeasturias.com\/noticias\/wp-json\/wp\/v2\/media?parent=478171"}],"wp:term":[{"taxonomy":"category","embeddable":true,"href":"https:\/\/www.eldigitaldeasturias.com\/noticias\/wp-json\/wp\/v2\/categories?post=478171"},{"taxonomy":"post_tag","embeddable":true,"href":"https:\/\/www.eldigitaldeasturias.com\/noticias\/wp-json\/wp\/v2\/tags?post=478171"}],"curies":[{"name":"wp","href":"https:\/\/api.w.org\/{rel}","templated":true}]}}