{"id":478162,"date":"2014-01-24T09:50:51","date_gmt":"2014-01-24T10:50:51","guid":{"rendered":"http:\/\/www.eldigitaldeasturias.com\/noticias\/?p=478162"},"modified":"2014-01-24T09:50:51","modified_gmt":"2014-01-24T10:50:51","slug":"el-gobierno-de-sudan-del-sur-y-los-rebeldes-firman-un-alto-el-fuego","status":"publish","type":"post","link":"https:\/\/www.eldigitaldeasturias.com\/noticias\/el-gobierno-de-sudan-del-sur-y-los-rebeldes-firman-un-alto-el-fuego\/","title":{"rendered":"El Gobierno de Sud\u00e1n del Sur y los rebeldes firman un alto el fuego"},"content":{"rendered":"<p><img loading=\"lazy\" decoding=\"async\" class=\"alignleft size-medium wp-image-478163\" alt=\"5871826w\" src=\"https:\/\/www.eldigitaldeasturias.com\/noticias\/wp-content\/uploads\/2014\/01\/5871826w-360x251.jpg\" width=\"360\" height=\"251\" \/>Adis Abeba, 23 ene (EFE).- El Gobierno de Sud\u00e1n del Sur y los rebeldes firmaron hoy en Adis Abeba un acuerdo de alto el fuego, despu\u00e9s de m\u00e1s de un mes de un conflicto que ha colocado al pa\u00eds m\u00e1s joven de \u00c1frica al borde la guerra civil.<\/p>\n<p>El acuerdo se logr\u00f3 tras varias semanas de negociaciones auspiciadas por la Autoridad Intergubernamental para el Desarrollo (IGAD), el bloque regional mediador de \u00c1frica Oriental en la crisis de Sud\u00e1n del Sur.<\/p>\n<p>Ambas partes acordaron decretar un alto el fuego y buscar una soluci\u00f3n al asunto de los rebeldes detenidos por el Gobierno sursudan\u00e9s, cuesti\u00f3n que hab\u00eda obstaculizado el di\u00e1logo.<\/p>\n<p>El pacto fue firmado por los jefes de la delegaci\u00f3n de Gobierno sursudan\u00e9s, teniente general Nhail Deng Nhail, y de la delegaci\u00f3n rebelde, general Taban Deng, en la sala de un hotel de la capital et\u00edope abarrotada de diplom\u00e1ticos y periodistas.<\/p>\n<p>\u00abEl Gobierno es capaz de hacer cumplir a su Ej\u00e9rcito el cese de las hostilidades y aplicar la letra y el esp\u00edritu del acuerdo\u00bb, asegur\u00f3 Deng Nhail, quien dio un apret\u00f3n de manos a su interlocutor tras rubricar el pacto.<\/p>\n<p>\u00abCreemos que nuestros camaradas que languidecen en prisi\u00f3n son presos de conciencia por sus opiniones pol\u00edticas. Pensamos que su presencia f\u00edsica es importante para que las negociaciones terminen con \u00e9xito\u00bb, dijo el negociador rebelde.<\/p>\n<p>Por su parte, el director de Paz y Seguridad de la IGAD, Tewolde Gebremeskal, manifest\u00f3 su esperanza de que \u00ablas armas se silencien antes de 24 horas\u00bb.<\/p>\n<p>Entre los diplom\u00e1ticos presentes en la ceremonia se encontraba el embajador de la Uni\u00f3n Europea (UE), Alex Rondos, quien subray\u00f3 que \u00abla paz se deber\u00eda restaurar y los asesinatos deben cesar\u00bb, pues \u00abla ley internacional ha de respetarse\u00bb.<\/p>\n<p>Con el fin de poner fin a la violencia, el Gobierno y los rebeldes sursudaneses hab\u00edan acordado la semana pasada en Adis Abeba parte de los detalles de un alto el fuego, si bien persist\u00edan puntos de fricci\u00f3n, como las condiciones para ponerlo en marcha.<\/p>\n<p>Las negociaciones han encallado en varios ocasiones por la insistencia de los insurgentes en exigir, para lograr un acuerdo, la liberaci\u00f3n incondicional de los \u00abdetenidos pol\u00edticos\u00bb en Sud\u00e1n del Sur.<\/p>\n<p>La presencia activa de tropas de Uganda -miembro de la IGAD- en Sud\u00e1n del Sur tambi\u00e9n ha provocado el malestar de los rebeldes, que acusan a los soldados ugandeses de atacar sus posiciones y de contravenir as\u00ed el esp\u00edritu de las negociaciones.<\/p>\n<p>Los l\u00edderes de los siete pa\u00edses de \u00c1frica Oriental que forman IGAD han aprobado el env\u00edo a Sud\u00e1n del Sur de una fuerza pacificadora de 5.500 soldados, anunci\u00f3 ayer la ministra de Exteriores de Kenia, Amina Mohamed.<\/p>\n<p>Con esa decisi\u00f3n, la IGAD da curso a una resoluci\u00f3n de la ONU, que el pasado 24 de diciembre aprobaba redoblar su presencia en Sud\u00e1n del Sur con 5.500 cascos azules m\u00e1s, que ser\u00e1n aportados por algunos de los pa\u00edses miembros de la organizaci\u00f3n regional.<\/p>\n<p>Con el env\u00edo de estas tropas, la misi\u00f3n de la ONU en Sud\u00e1n del Sur, UNMISS, contar\u00e1 con 12.500 efectivos en este pa\u00eds.<\/p>\n<p>El conflicto en Sud\u00e1n del Sur estall\u00f3 el pasado 15 de diciembre, cuando el presidente del pa\u00eds, Salva Kir, acus\u00f3 a su exvicepresidente y actual l\u00edder rebelde, Riek Mashar, de una intentona golpista.<\/p>\n<p>Cerca de 10.000 personas han fallecido durante los enfrentamientos, seg\u00fan c\u00e1lculos del Grupo Internacional de Crisis, una organizaci\u00f3n internacional no gubernamental especializada en el an\u00e1lisis de conflictos.<\/p>\n<p>Al menos 335.000 personas se han visto obligadas a abandonar sus hogares por la violencia en Sud\u00e1n del Sur y 78.000 se han refugiado en los pa\u00edses vecinos, seg\u00fan inform\u00f3 el pasado martes el Alto Comisionado de las Naciones Unidas para los Refugiados (ACNUR).<\/p>\n","protected":false},"excerpt":{"rendered":"<p>Adis Abeba, 23 ene (EFE).- El Gobierno de Sud\u00e1n del Sur y los rebeldes firmaron hoy en Adis Abeba un acuerdo de alto el fuego, despu\u00e9s de m\u00e1s de un mes de un conflicto que ha colocado al pa\u00eds m\u00e1s joven de \u00c1frica al borde la guerra civil. El acuerdo se logr\u00f3 tras varias semanas [&hellip;]<\/p>\n","protected":false},"author":1,"featured_media":1132184,"comment_status":"closed","ping_status":"open","sticky":false,"template":"","format":"standard","meta":{"footnotes":""},"categories":[1],"tags":[],"class_list":["post-478162","post","type-post","status-publish","format-standard","has-post-thumbnail","hentry","category-actualidad"],"aioseo_notices":[],"aioseo_head":"\n\t\t<!-- All in One SEO Pro 5.0.1 - aioseo.com -->\n\t<meta name=\"description\" content=\"Adis Abeba, 23 ene (EFE).- El Gobierno de Sud\u00e1n del Sur y los rebeldes firmaron hoy en Adis Abeba un acuerdo de alto el fuego, despu\u00e9s de m\u00e1s de un mes de un conflicto que ha colocado al pa\u00eds m\u00e1s joven de \u00c1frica al borde la guerra civil. El acuerdo se logr\u00f3 tras varias semanas\" \/>\n\t<meta name=\"robots\" content=\"max-image-preview:large\" \/>\n\t<meta name=\"author\" content=\"El Digital de Asturias\"\/>\n\t<meta name=\"google-site-verification\" content=\"UA-38556648-1\" \/>\n\t<meta name=\"msvalidate.01\" content=\"7dfe9f3f1b24437ab69f4f2559babe99\" \/>\n\t<meta name=\"keywords\" content=\"actualidad\" \/>\n\t<link rel=\"canonical\" href=\"https:\/\/www.eldigitaldeasturias.com\/noticias\/el-gobierno-de-sudan-del-sur-y-los-rebeldes-firman-un-alto-el-fuego\/\" \/>\n\t<meta name=\"generator\" content=\"All in One SEO Pro (AIOSEO) 5.0.1\" \/>\n\t\t<meta property=\"og:locale\" content=\"es_ES\" \/>\n\t\t<meta property=\"og:site_name\" content=\"El Digital de Asturias\" \/>\n\t\t<meta property=\"og:type\" content=\"article\" \/>\n\t\t<meta property=\"og:title\" content=\"El Gobierno de Sud\u00e1n del Sur y los rebeldes firman un alto el fuego - El Digital de Asturias\" \/>\n\t\t<meta property=\"og:description\" content=\"Adis Abeba, 23 ene (EFE).- El Gobierno de Sud\u00e1n del Sur y los rebeldes firmaron hoy en Adis Abeba un acuerdo de alto el fuego, despu\u00e9s de m\u00e1s de un mes de un conflicto que ha colocado al pa\u00eds m\u00e1s joven de \u00c1frica al borde la guerra civil. El acuerdo se logr\u00f3 tras varias semanas\" \/>\n\t\t<meta property=\"og:url\" content=\"https:\/\/www.eldigitaldeasturias.com\/noticias\/el-gobierno-de-sudan-del-sur-y-los-rebeldes-firman-un-alto-el-fuego\/\" \/>\n\t\t<meta property=\"og:image\" content=\"https:\/\/www.eldigitaldeasturias.com\/noticias\/wp-content\/uploads\/2026\/06\/Contenidos.jpg\" \/>\n\t\t<meta property=\"og:image:secure_url\" content=\"https:\/\/www.eldigitaldeasturias.com\/noticias\/wp-content\/uploads\/2026\/06\/Contenidos.jpg\" \/>\n\t\t<meta property=\"og:image:width\" content=\"1265\" \/>\n\t\t<meta property=\"og:image:height\" content=\"697\" \/>\n\t\t<meta property=\"article:tag\" content=\"actualidad\" \/>\n\t\t<meta property=\"article:published_time\" content=\"2014-01-24T10:50:51+00:00\" \/>\n\t\t<meta property=\"article:modified_time\" content=\"2014-01-24T10:50:51+00:00\" \/>\n\t\t<meta property=\"article:publisher\" content=\"https:\/\/facebook.com\/eldigitaldeasturias\" \/>\n\t\t<meta name=\"twitter:card\" content=\"summary_large_image\" \/>\n\t\t<meta name=\"twitter:title\" content=\"El Gobierno de Sud\u00e1n del Sur y los rebeldes firman un alto el fuego - El Digital de Asturias\" \/>\n\t\t<meta name=\"twitter:description\" content=\"Adis Abeba, 23 ene (EFE).- El Gobierno de Sud\u00e1n del Sur y los rebeldes firmaron hoy en Adis Abeba un acuerdo de alto el fuego, despu\u00e9s de m\u00e1s de un mes de un conflicto que ha colocado al pa\u00eds m\u00e1s joven de \u00c1frica al borde la guerra civil. El acuerdo se logr\u00f3 tras varias semanas\" \/>\n\t\t<meta name=\"twitter:image\" content=\"https:\/\/www.eldigitaldeasturias.com\/noticias\/wp-content\/uploads\/2026\/06\/Contenidos.jpg\" \/>\n\t\t<meta name=\"twitter:label1\" content=\"Escrito por\" \/>\n\t\t<meta name=\"twitter:data1\" content=\"El Digital de Asturias\" \/>\n\t\t<meta name=\"twitter:label2\" content=\"Tiempo de lectura estimado\" \/>\n\t\t<meta name=\"twitter:data2\" content=\"3 minutos\" \/>\n\t\t<script type=\"application\/ld+json\" class=\"aioseo-schema\">\n\t\t\t{\"@context\":\"https:\\\/\\\/schema.org\",\"@graph\":[{\"@type\":\"BlogPosting\",\"@id\":\"https:\\\/\\\/www.eldigitaldeasturias.com\\\/noticias\\\/el-gobierno-de-sudan-del-sur-y-los-rebeldes-firman-un-alto-el-fuego\\\/#blogposting\",\"name\":\"El Gobierno de Sud\\u00e1n del Sur y los rebeldes firman un alto el fuego - El Digital de Asturias\",\"headline\":\"El Gobierno de Sud\\u00e1n del Sur y los rebeldes firman un alto el fuego\",\"author\":{\"@id\":\"https:\\\/\\\/www.eldigitaldeasturias.com\\\/noticias\\\/author\\\/admin\\\/#author\"},\"publisher\":{\"@id\":\"https:\\\/\\\/www.eldigitaldeasturias.com\\\/noticias\\\/#organization\"},\"image\":{\"@type\":\"ImageObject\",\"url\":\"https:\\\/\\\/www.eldigitaldeasturias.com\\\/noticias\\\/wp-content\\\/uploads\\\/2026\\\/06\\\/Contenidos.jpg\",\"width\":1265,\"height\":697,\"caption\":\"Contenidos\"},\"datePublished\":\"2014-01-24T09:50:51+01:00\",\"dateModified\":\"2014-01-24T09:50:51+01:00\",\"inLanguage\":\"es-ES\",\"mainEntityOfPage\":{\"@id\":\"https:\\\/\\\/www.eldigitaldeasturias.com\\\/noticias\\\/el-gobierno-de-sudan-del-sur-y-los-rebeldes-firman-un-alto-el-fuego\\\/#webpage\"},\"isPartOf\":{\"@id\":\"https:\\\/\\\/www.eldigitaldeasturias.com\\\/noticias\\\/el-gobierno-de-sudan-del-sur-y-los-rebeldes-firman-un-alto-el-fuego\\\/#webpage\"},\"articleSection\":\"Actualidad\"},{\"@type\":\"BreadcrumbList\",\"@id\":\"https:\\\/\\\/www.eldigitaldeasturias.com\\\/noticias\\\/el-gobierno-de-sudan-del-sur-y-los-rebeldes-firman-un-alto-el-fuego\\\/#breadcrumblist\",\"itemListElement\":[{\"@type\":\"ListItem\",\"@id\":\"https:\\\/\\\/www.eldigitaldeasturias.com\\\/noticias#listItem\",\"position\":1,\"name\":\"Home\",\"item\":\"https:\\\/\\\/www.eldigitaldeasturias.com\\\/noticias\",\"nextItem\":{\"@type\":\"ListItem\",\"@id\":\"https:\\\/\\\/www.eldigitaldeasturias.com\\\/noticias\\\/category\\\/actualidad\\\/#listItem\",\"name\":\"Actualidad\"}},{\"@type\":\"ListItem\",\"@id\":\"https:\\\/\\\/www.eldigitaldeasturias.com\\\/noticias\\\/category\\\/actualidad\\\/#listItem\",\"position\":2,\"name\":\"Actualidad\",\"item\":\"https:\\\/\\\/www.eldigitaldeasturias.com\\\/noticias\\\/category\\\/actualidad\\\/\",\"nextItem\":{\"@type\":\"ListItem\",\"@id\":\"https:\\\/\\\/www.eldigitaldeasturias.com\\\/noticias\\\/el-gobierno-de-sudan-del-sur-y-los-rebeldes-firman-un-alto-el-fuego\\\/#listItem\",\"name\":\"El Gobierno de Sud\\u00e1n del Sur y los rebeldes firman un alto el fuego\"},\"previousItem\":{\"@type\":\"ListItem\",\"@id\":\"https:\\\/\\\/www.eldigitaldeasturias.com\\\/noticias#listItem\",\"name\":\"Home\"}},{\"@type\":\"ListItem\",\"@id\":\"https:\\\/\\\/www.eldigitaldeasturias.com\\\/noticias\\\/el-gobierno-de-sudan-del-sur-y-los-rebeldes-firman-un-alto-el-fuego\\\/#listItem\",\"position\":3,\"name\":\"El Gobierno de Sud\\u00e1n del Sur y los rebeldes firman un alto el fuego\",\"previousItem\":{\"@type\":\"ListItem\",\"@id\":\"https:\\\/\\\/www.eldigitaldeasturias.com\\\/noticias\\\/category\\\/actualidad\\\/#listItem\",\"name\":\"Actualidad\"}}]},{\"@type\":\"Organization\",\"@id\":\"https:\\\/\\\/www.eldigitaldeasturias.com\\\/noticias\\\/#organization\",\"name\":\"El Digital de Asturias\",\"description\":\"Hemeroteca\",\"url\":\"https:\\\/\\\/www.eldigitaldeasturias.com\\\/noticias\\\/\",\"email\":\"info@eldigitaldeasturias.com\",\"telephone\":\"+34652131393\",\"logo\":{\"@type\":\"ImageObject\",\"url\":\"https:\\\/\\\/www.eldigitaldeasturias.com\\\/noticias\\\/wp-content\\\/uploads\\\/2020\\\/12\\\/EDA.jpg\",\"@id\":\"https:\\\/\\\/www.eldigitaldeasturias.com\\\/noticias\\\/el-gobierno-de-sudan-del-sur-y-los-rebeldes-firman-un-alto-el-fuego\\\/#organizationLogo\"},\"image\":{\"@id\":\"https:\\\/\\\/www.eldigitaldeasturias.com\\\/noticias\\\/el-gobierno-de-sudan-del-sur-y-los-rebeldes-firman-un-alto-el-fuego\\\/#organizationLogo\"},\"sameAs\":[\"https:\\\/\\\/facebook.com\\\/eldigitaldeasturias\",\"https:\\\/\\\/www.youtube.com\\\/channel\\\/UCZP-2wLEB9Rv6erhFmqVnvg\"],\"address\":{\"@id\":\"https:\\\/\\\/www.eldigitaldeasturias.com\\\/noticias\\\/#postaladdress\",\"@type\":\"PostalAddress\",\"streetAddress\":\"san antonio 4\",\"postalCode\":\"33430\",\"addressLocality\":\"Cand\\u00e1s\",\"addressRegion\":\"Asturias\",\"addressCountry\":\"ES\"}},{\"@type\":\"Person\",\"@id\":\"https:\\\/\\\/www.eldigitaldeasturias.com\\\/noticias\\\/author\\\/admin\\\/#author\",\"url\":\"https:\\\/\\\/www.eldigitaldeasturias.com\\\/noticias\\\/author\\\/admin\\\/\",\"name\":\"El Digital de Asturias\",\"image\":{\"@type\":\"ImageObject\",\"@id\":\"https:\\\/\\\/www.eldigitaldeasturias.com\\\/noticias\\\/el-gobierno-de-sudan-del-sur-y-los-rebeldes-firman-un-alto-el-fuego\\\/#authorImage\",\"url\":\"https:\\\/\\\/secure.gravatar.com\\\/avatar\\\/df2aeffc32bcd13f8d26072ef8a91b623d677766deac7f97ca815868cd41bf5e?s=96&d=mm&r=g\",\"width\":96,\"height\":96,\"caption\":\"El Digital de Asturias\"}},{\"@type\":\"WebPage\",\"@id\":\"https:\\\/\\\/www.eldigitaldeasturias.com\\\/noticias\\\/el-gobierno-de-sudan-del-sur-y-los-rebeldes-firman-un-alto-el-fuego\\\/#webpage\",\"url\":\"https:\\\/\\\/www.eldigitaldeasturias.com\\\/noticias\\\/el-gobierno-de-sudan-del-sur-y-los-rebeldes-firman-un-alto-el-fuego\\\/\",\"name\":\"El Gobierno de Sud\\u00e1n del Sur y los rebeldes firman un alto el fuego - El Digital de Asturias\",\"description\":\"Adis Abeba, 23 ene (EFE).- El Gobierno de Sud\\u00e1n del Sur y los rebeldes firmaron hoy en Adis Abeba un acuerdo de alto el fuego, despu\\u00e9s de m\\u00e1s de un mes de un conflicto que ha colocado al pa\\u00eds m\\u00e1s joven de \\u00c1frica al borde la guerra civil. El acuerdo se logr\\u00f3 tras varias semanas\",\"inLanguage\":\"es-ES\",\"isPartOf\":{\"@id\":\"https:\\\/\\\/www.eldigitaldeasturias.com\\\/noticias\\\/#website\"},\"breadcrumb\":{\"@id\":\"https:\\\/\\\/www.eldigitaldeasturias.com\\\/noticias\\\/el-gobierno-de-sudan-del-sur-y-los-rebeldes-firman-un-alto-el-fuego\\\/#breadcrumblist\"},\"author\":{\"@id\":\"https:\\\/\\\/www.eldigitaldeasturias.com\\\/noticias\\\/author\\\/admin\\\/#author\"},\"creator\":{\"@id\":\"https:\\\/\\\/www.eldigitaldeasturias.com\\\/noticias\\\/author\\\/admin\\\/#author\"},\"image\":{\"@type\":\"ImageObject\",\"url\":\"https:\\\/\\\/www.eldigitaldeasturias.com\\\/noticias\\\/wp-content\\\/uploads\\\/2026\\\/06\\\/Contenidos.jpg\",\"@id\":\"https:\\\/\\\/www.eldigitaldeasturias.com\\\/noticias\\\/el-gobierno-de-sudan-del-sur-y-los-rebeldes-firman-un-alto-el-fuego\\\/#mainImage\",\"width\":1265,\"height\":697,\"caption\":\"Contenidos\"},\"primaryImageOfPage\":{\"@id\":\"https:\\\/\\\/www.eldigitaldeasturias.com\\\/noticias\\\/el-gobierno-de-sudan-del-sur-y-los-rebeldes-firman-un-alto-el-fuego\\\/#mainImage\"},\"datePublished\":\"2014-01-24T09:50:51+01:00\",\"dateModified\":\"2014-01-24T09:50:51+01:00\"},{\"@type\":\"WebSite\",\"@id\":\"https:\\\/\\\/www.eldigitaldeasturias.com\\\/noticias\\\/#website\",\"url\":\"https:\\\/\\\/www.eldigitaldeasturias.com\\\/noticias\\\/\",\"name\":\"El Digital de Asturias - Diario de actualidad y noticias\",\"alternateName\":\"El Digital de Asturias - Diario de actualidad y noticias\",\"description\":\"Hemeroteca\",\"inLanguage\":\"es-ES\",\"publisher\":{\"@id\":\"https:\\\/\\\/www.eldigitaldeasturias.com\\\/noticias\\\/#organization\"}}]}\n\t\t<\/script>\n\t\t<!-- All in One SEO Pro -->\r\n\t\t<title>El Gobierno de Sud\u00e1n del Sur y los rebeldes firman un alto el fuego - El Digital de Asturias<\/title>\n\n","aioseo_head_json":{"title":"El Gobierno de Sud\u00e1n del Sur y los rebeldes firman un alto el fuego - El Digital de Asturias","description":"Adis Abeba, 23 ene (EFE).- El Gobierno de Sud\u00e1n del Sur y los rebeldes firmaron hoy en Adis Abeba un acuerdo de alto el fuego, despu\u00e9s de m\u00e1s de un mes de un conflicto que ha colocado al pa\u00eds m\u00e1s joven de \u00c1frica al borde la guerra civil. El acuerdo se logr\u00f3 tras varias semanas","canonical_url":"https:\/\/www.eldigitaldeasturias.com\/noticias\/el-gobierno-de-sudan-del-sur-y-los-rebeldes-firman-un-alto-el-fuego\/","robots":"max-image-preview:large","keywords":"actualidad","webmasterTools":{"google-site-verification":"UA-38556648-1","msvalidate.01":"7dfe9f3f1b24437ab69f4f2559babe99","miscellaneous":""},"schema":{"@context":"https:\/\/schema.org","@graph":[{"@type":"BlogPosting","@id":"https:\/\/www.eldigitaldeasturias.com\/noticias\/el-gobierno-de-sudan-del-sur-y-los-rebeldes-firman-un-alto-el-fuego\/#blogposting","name":"El Gobierno de Sud\u00e1n del Sur y los rebeldes firman un alto el fuego - El Digital de Asturias","headline":"El Gobierno de Sud\u00e1n del Sur y los rebeldes firman un alto el fuego","author":{"@id":"https:\/\/www.eldigitaldeasturias.com\/noticias\/author\/admin\/#author"},"publisher":{"@id":"https:\/\/www.eldigitaldeasturias.com\/noticias\/#organization"},"image":{"@type":"ImageObject","url":"https:\/\/www.eldigitaldeasturias.com\/noticias\/wp-content\/uploads\/2026\/06\/Contenidos.jpg","width":1265,"height":697,"caption":"Contenidos"},"datePublished":"2014-01-24T09:50:51+01:00","dateModified":"2014-01-24T09:50:51+01:00","inLanguage":"es-ES","mainEntityOfPage":{"@id":"https:\/\/www.eldigitaldeasturias.com\/noticias\/el-gobierno-de-sudan-del-sur-y-los-rebeldes-firman-un-alto-el-fuego\/#webpage"},"isPartOf":{"@id":"https:\/\/www.eldigitaldeasturias.com\/noticias\/el-gobierno-de-sudan-del-sur-y-los-rebeldes-firman-un-alto-el-fuego\/#webpage"},"articleSection":"Actualidad"},{"@type":"BreadcrumbList","@id":"https:\/\/www.eldigitaldeasturias.com\/noticias\/el-gobierno-de-sudan-del-sur-y-los-rebeldes-firman-un-alto-el-fuego\/#breadcrumblist","itemListElement":[{"@type":"ListItem","@id":"https:\/\/www.eldigitaldeasturias.com\/noticias#listItem","position":1,"name":"Home","item":"https:\/\/www.eldigitaldeasturias.com\/noticias","nextItem":{"@type":"ListItem","@id":"https:\/\/www.eldigitaldeasturias.com\/noticias\/category\/actualidad\/#listItem","name":"Actualidad"}},{"@type":"ListItem","@id":"https:\/\/www.eldigitaldeasturias.com\/noticias\/category\/actualidad\/#listItem","position":2,"name":"Actualidad","item":"https:\/\/www.eldigitaldeasturias.com\/noticias\/category\/actualidad\/","nextItem":{"@type":"ListItem","@id":"https:\/\/www.eldigitaldeasturias.com\/noticias\/el-gobierno-de-sudan-del-sur-y-los-rebeldes-firman-un-alto-el-fuego\/#listItem","name":"El Gobierno de Sud\u00e1n del Sur y los rebeldes firman un alto el fuego"},"previousItem":{"@type":"ListItem","@id":"https:\/\/www.eldigitaldeasturias.com\/noticias#listItem","name":"Home"}},{"@type":"ListItem","@id":"https:\/\/www.eldigitaldeasturias.com\/noticias\/el-gobierno-de-sudan-del-sur-y-los-rebeldes-firman-un-alto-el-fuego\/#listItem","position":3,"name":"El Gobierno de Sud\u00e1n del Sur y los rebeldes firman un alto el fuego","previousItem":{"@type":"ListItem","@id":"https:\/\/www.eldigitaldeasturias.com\/noticias\/category\/actualidad\/#listItem","name":"Actualidad"}}]},{"@type":"Organization","@id":"https:\/\/www.eldigitaldeasturias.com\/noticias\/#organization","name":"El Digital de Asturias","description":"Hemeroteca","url":"https:\/\/www.eldigitaldeasturias.com\/noticias\/","email":"info@eldigitaldeasturias.com","telephone":"+34652131393","logo":{"@type":"ImageObject","url":"https:\/\/www.eldigitaldeasturias.com\/noticias\/wp-content\/uploads\/2020\/12\/EDA.jpg","@id":"https:\/\/www.eldigitaldeasturias.com\/noticias\/el-gobierno-de-sudan-del-sur-y-los-rebeldes-firman-un-alto-el-fuego\/#organizationLogo"},"image":{"@id":"https:\/\/www.eldigitaldeasturias.com\/noticias\/el-gobierno-de-sudan-del-sur-y-los-rebeldes-firman-un-alto-el-fuego\/#organizationLogo"},"sameAs":["https:\/\/facebook.com\/eldigitaldeasturias","https:\/\/www.youtube.com\/channel\/UCZP-2wLEB9Rv6erhFmqVnvg"],"address":{"@id":"https:\/\/www.eldigitaldeasturias.com\/noticias\/#postaladdress","@type":"PostalAddress","streetAddress":"san antonio 4","postalCode":"33430","addressLocality":"Cand\u00e1s","addressRegion":"Asturias","addressCountry":"ES"}},{"@type":"Person","@id":"https:\/\/www.eldigitaldeasturias.com\/noticias\/author\/admin\/#author","url":"https:\/\/www.eldigitaldeasturias.com\/noticias\/author\/admin\/","name":"El Digital de Asturias","image":{"@type":"ImageObject","@id":"https:\/\/www.eldigitaldeasturias.com\/noticias\/el-gobierno-de-sudan-del-sur-y-los-rebeldes-firman-un-alto-el-fuego\/#authorImage","url":"https:\/\/secure.gravatar.com\/avatar\/df2aeffc32bcd13f8d26072ef8a91b623d677766deac7f97ca815868cd41bf5e?s=96&d=mm&r=g","width":96,"height":96,"caption":"El Digital de Asturias"}},{"@type":"WebPage","@id":"https:\/\/www.eldigitaldeasturias.com\/noticias\/el-gobierno-de-sudan-del-sur-y-los-rebeldes-firman-un-alto-el-fuego\/#webpage","url":"https:\/\/www.eldigitaldeasturias.com\/noticias\/el-gobierno-de-sudan-del-sur-y-los-rebeldes-firman-un-alto-el-fuego\/","name":"El Gobierno de Sud\u00e1n del Sur y los rebeldes firman un alto el fuego - El Digital de Asturias","description":"Adis Abeba, 23 ene (EFE).- El Gobierno de Sud\u00e1n del Sur y los rebeldes firmaron hoy en Adis Abeba un acuerdo de alto el fuego, despu\u00e9s de m\u00e1s de un mes de un conflicto que ha colocado al pa\u00eds m\u00e1s joven de \u00c1frica al borde la guerra civil. El acuerdo se logr\u00f3 tras varias semanas","inLanguage":"es-ES","isPartOf":{"@id":"https:\/\/www.eldigitaldeasturias.com\/noticias\/#website"},"breadcrumb":{"@id":"https:\/\/www.eldigitaldeasturias.com\/noticias\/el-gobierno-de-sudan-del-sur-y-los-rebeldes-firman-un-alto-el-fuego\/#breadcrumblist"},"author":{"@id":"https:\/\/www.eldigitaldeasturias.com\/noticias\/author\/admin\/#author"},"creator":{"@id":"https:\/\/www.eldigitaldeasturias.com\/noticias\/author\/admin\/#author"},"image":{"@type":"ImageObject","url":"https:\/\/www.eldigitaldeasturias.com\/noticias\/wp-content\/uploads\/2026\/06\/Contenidos.jpg","@id":"https:\/\/www.eldigitaldeasturias.com\/noticias\/el-gobierno-de-sudan-del-sur-y-los-rebeldes-firman-un-alto-el-fuego\/#mainImage","width":1265,"height":697,"caption":"Contenidos"},"primaryImageOfPage":{"@id":"https:\/\/www.eldigitaldeasturias.com\/noticias\/el-gobierno-de-sudan-del-sur-y-los-rebeldes-firman-un-alto-el-fuego\/#mainImage"},"datePublished":"2014-01-24T09:50:51+01:00","dateModified":"2014-01-24T09:50:51+01:00"},{"@type":"WebSite","@id":"https:\/\/www.eldigitaldeasturias.com\/noticias\/#website","url":"https:\/\/www.eldigitaldeasturias.com\/noticias\/","name":"El Digital de Asturias - Diario de actualidad y noticias","alternateName":"El Digital de Asturias - Diario de actualidad y noticias","description":"Hemeroteca","inLanguage":"es-ES","publisher":{"@id":"https:\/\/www.eldigitaldeasturias.com\/noticias\/#organization"}}]},"og:locale":"es_ES","og:site_name":"El Digital de Asturias","og:type":"article","og:title":"El Gobierno de Sud\u00e1n del Sur y los rebeldes firman un alto el fuego - El Digital de Asturias","og:description":"Adis Abeba, 23 ene (EFE).- El Gobierno de Sud\u00e1n del Sur y los rebeldes firmaron hoy en Adis Abeba un acuerdo de alto el fuego, despu\u00e9s de m\u00e1s de un mes de un conflicto que ha colocado al pa\u00eds m\u00e1s joven de \u00c1frica al borde la guerra civil. El acuerdo se logr\u00f3 tras varias semanas","og:url":"https:\/\/www.eldigitaldeasturias.com\/noticias\/el-gobierno-de-sudan-del-sur-y-los-rebeldes-firman-un-alto-el-fuego\/","og:image":"https:\/\/www.eldigitaldeasturias.com\/noticias\/wp-content\/uploads\/2026\/06\/Contenidos.jpg","og:image:secure_url":"https:\/\/www.eldigitaldeasturias.com\/noticias\/wp-content\/uploads\/2026\/06\/Contenidos.jpg","og:image:width":1265,"og:image:height":697,"article:tag":["actualidad"],"article:published_time":"2014-01-24T10:50:51+00:00","article:modified_time":"2014-01-24T10:50:51+00:00","article:publisher":"https:\/\/facebook.com\/eldigitaldeasturias","twitter:card":"summary_large_image","twitter:title":"El Gobierno de Sud\u00e1n del Sur y los rebeldes firman un alto el fuego - El Digital de Asturias","twitter:description":"Adis Abeba, 23 ene (EFE).- El Gobierno de Sud\u00e1n del Sur y los rebeldes firmaron hoy en Adis Abeba un acuerdo de alto el fuego, despu\u00e9s de m\u00e1s de un mes de un conflicto que ha colocado al pa\u00eds m\u00e1s joven de \u00c1frica al borde la guerra civil. El acuerdo se logr\u00f3 tras varias semanas","twitter:image":"https:\/\/www.eldigitaldeasturias.com\/noticias\/wp-content\/uploads\/2026\/06\/Contenidos.jpg","twitter:label1":"Escrito por","twitter:data1":"El Digital de Asturias","twitter:label2":"Tiempo de lectura estimado","twitter:data2":"3 minutos"},"aioseo_meta_data":{"post_id":"478162","title":null,"description":null,"keywords":null,"keyphrases":null,"primary_term":null,"canonical_url":null,"og_title":null,"og_description":null,"og_object_type":"default","og_image_type":"default","og_image_url":null,"og_image_width":null,"og_image_height":null,"og_image_custom_url":null,"og_image_custom_fields":null,"og_video":null,"og_custom_url":null,"og_article_section":null,"og_article_tags":null,"twitter_use_og":true,"twitter_card":"default","twitter_image_type":"default","twitter_image_url":null,"twitter_image_custom_url":null,"twitter_image_custom_fields":null,"twitter_title":null,"twitter_description":null,"schema":{"blockGraphs":[],"customGraphs":[],"default":{"data":{"Article":[],"Course":[],"Dataset":[],"FAQPage":[],"Movie":[],"Person":[],"Product":[],"ProductReview":[],"Car":[],"Recipe":[],"Service":[],"SoftwareApplication":[],"WebPage":[]},"graphName":"","isEnabled":true},"graphs":[],"defaultGraph":"","defaultPostTypeGraph":""},"schema_type":null,"schema_type_options":null,"pillar_content":false,"robots_default":true,"robots_noindex":false,"robots_noarchive":false,"robots_nosnippet":false,"robots_nofollow":false,"robots_noimageindex":false,"robots_noodp":false,"robots_notranslate":false,"robots_max_snippet":null,"robots_max_videopreview":null,"robots_max_imagepreview":"none","priority":null,"frequency":null,"local_seo":null,"seo_analyzer_scan_date":"2026-06-01 20:38:55","breadcrumb_settings":null,"limit_modified_date":false,"open_ai":null,"ai":null,"created":"2020-11-14 22:53:48","updated":"2026-06-01 20:38:55","focus_keyword":null,"additional_keywords":null,"truseo_locale":null},"aioseo_breadcrumb":"<div class=\"aioseo-breadcrumbs\"><span class=\"aioseo-breadcrumb\">\n\t<a href=\"https:\/\/www.eldigitaldeasturias.com\/noticias\" title=\"Home\">Home<\/a>\n<\/span><span class=\"aioseo-breadcrumb-separator\">\u2013<\/span><span class=\"aioseo-breadcrumb\">\n\t<a href=\"https:\/\/www.eldigitaldeasturias.com\/noticias\/category\/actualidad\/\" title=\"Actualidad\">Actualidad<\/a>\n<\/span><span class=\"aioseo-breadcrumb-separator\">\u2013<\/span><span class=\"aioseo-breadcrumb\">\n\t<a href=\"https:\/\/www.eldigitaldeasturias.com\/noticias\/el-gobierno-de-sudan-del-sur-y-los-rebeldes-firman-un-alto-el-fuego\/\" title=\"El Gobierno de Sud\u00e1n del Sur y los rebeldes firman un alto el fuego\">El Gobierno de Sud\u00e1n del Sur y los rebeldes firman un alto el fuego<\/a>\n<\/span><\/div>","aioseo_breadcrumb_json":[{"label":"Home","link":"https:\/\/www.eldigitaldeasturias.com\/noticias"},{"label":"Actualidad","link":"https:\/\/www.eldigitaldeasturias.com\/noticias\/category\/actualidad\/"},{"label":"El Gobierno de Sud\u00e1n del Sur y los rebeldes firman un alto el fuego","link":"https:\/\/www.eldigitaldeasturias.com\/noticias\/el-gobierno-de-sudan-del-sur-y-los-rebeldes-firman-un-alto-el-fuego\/"}],"_links":{"self":[{"href":"https:\/\/www.eldigitaldeasturias.com\/noticias\/wp-json\/wp\/v2\/posts\/478162","targetHints":{"allow":["GET"]}}],"collection":[{"href":"https:\/\/www.eldigitaldeasturias.com\/noticias\/wp-json\/wp\/v2\/posts"}],"about":[{"href":"https:\/\/www.eldigitaldeasturias.com\/noticias\/wp-json\/wp\/v2\/types\/post"}],"author":[{"embeddable":true,"href":"https:\/\/www.eldigitaldeasturias.com\/noticias\/wp-json\/wp\/v2\/users\/1"}],"replies":[{"embeddable":true,"href":"https:\/\/www.eldigitaldeasturias.com\/noticias\/wp-json\/wp\/v2\/comments?post=478162"}],"version-history":[{"count":0,"href":"https:\/\/www.eldigitaldeasturias.com\/noticias\/wp-json\/wp\/v2\/posts\/478162\/revisions"}],"wp:featuredmedia":[{"embeddable":true,"href":"https:\/\/www.eldigitaldeasturias.com\/noticias\/wp-json\/wp\/v2\/media\/1132184"}],"wp:attachment":[{"href":"https:\/\/www.eldigitaldeasturias.com\/noticias\/wp-json\/wp\/v2\/media?parent=478162"}],"wp:term":[{"taxonomy":"category","embeddable":true,"href":"https:\/\/www.eldigitaldeasturias.com\/noticias\/wp-json\/wp\/v2\/categories?post=478162"},{"taxonomy":"post_tag","embeddable":true,"href":"https:\/\/www.eldigitaldeasturias.com\/noticias\/wp-json\/wp\/v2\/tags?post=478162"}],"curies":[{"name":"wp","href":"https:\/\/api.w.org\/{rel}","templated":true}]}}