{"id":478147,"date":"2014-01-24T09:39:43","date_gmt":"2014-01-24T10:39:43","guid":{"rendered":"http:\/\/www.eldigitaldeasturias.com\/noticias\/?p=478147"},"modified":"2014-01-24T09:39:43","modified_gmt":"2014-01-24T10:39:43","slug":"pena-nieto-dice-que-a-finales-de-ano-entraran-proyectos-privados-en-energia","status":"publish","type":"post","link":"https:\/\/www.eldigitaldeasturias.com\/noticias\/pena-nieto-dice-que-a-finales-de-ano-entraran-proyectos-privados-en-energia\/","title":{"rendered":"Pe\u00f1a Nieto dice que a finales de a\u00f1o entrar\u00e1n proyectos privados en energ\u00eda"},"content":{"rendered":"<p><img loading=\"lazy\" decoding=\"async\" class=\"alignleft size-medium wp-image-478148\" alt=\"5871819w\" src=\"https:\/\/www.eldigitaldeasturias.com\/noticias\/wp-content\/uploads\/2014\/01\/5871819w-360x239.jpg\" width=\"360\" height=\"239\" \/>Davos (Suiza) 23 ene (EFE).- El presidente de M\u00e9xico, Enrique Pe\u00f1a Nieto, dijo hoy en Davos que la reforma energ\u00e9tica permitir\u00e1 \u00abllevar a cabo a finales de este a\u00f1o los primeros proyectos en la participaci\u00f3n del sector privado\u00bb.<\/p>\n<p>Adem\u00e1s, destac\u00f3 que \u00abla reforma energ\u00e9tica llevar\u00e1 a que se tenga un \u00f3rgano regulador de energ\u00eda\u00bb.<\/p>\n<p>En su intervenci\u00f3n, el presidente de M\u00e9xico dijo asimismo que se va \u00aba cambiar el r\u00e9gimen corporativo de Pemex (Petr\u00f3leos Mexicanos) para hacerla m\u00e1s competitiva\u00bb.<\/p>\n<p>Pe\u00f1a Nieto present\u00f3 hoy a M\u00e9xico en el Foro Econ\u00f3mico Mundial, que se celebra en la localidad suiza de Davos, como un pa\u00eds id\u00f3neo para la inversi\u00f3n, democr\u00e1tico y con una gran estabilidad macroecon\u00f3mica, que han permitido crear una plataforma para el crecimiento.<\/p>\n<p>\u00abM\u00e9xico es un pa\u00eds democr\u00e1tico, que d\u00eda a d\u00eda ha consolidado su democracia, pocos son los pa\u00edses que pueden decir que en los \u00faltimos ochenta a\u00f1os han tenido una transici\u00f3n democr\u00e1tica, relevo institucional cada seis a\u00f1os en la titularidad de la presidencia de la Rep\u00fablica de manera ordenada y pac\u00edfica\u00bb, afirm\u00f3.<\/p>\n<p>Se\u00f1al\u00f3 asimismo que su pa\u00eds es la segunda econom\u00eda m\u00e1s importante de Am\u00e9rica Latina y la decimocuarta del mundo.<\/p>\n<p>\u00abM\u00e9xico es un pa\u00eds con una gran estabilidad macroecon\u00f3mica\u00bb y finanzas p\u00fablicas sanas, con un nivel de deuda del 38,7 % del producto interior bruto (PIB) -menor al que tienen otros pa\u00edses de mayor desarrollo-, una pol\u00edtica monetaria aut\u00f3noma y un sistema financiero robusto con niveles de capitalizaci\u00f3n del 16,1 %.<\/p>\n<p>Adem\u00e1s, subray\u00f3 tambi\u00e9n que es un pa\u00eds predominante joven, con un promedio de edad de 27 a\u00f1os, que permitir\u00e1 tener crecimiento en los pr\u00f3ximos a\u00f1os.<\/p>\n<p>Pe\u00f1a Nieto se refiri\u00f3 a la agenda de cambios y reformas estructurales que introdujo su Gobierno en 2013, como la del mercado laboral, para flexibilizarlo y facilitar la entrada de j\u00f3venes y mujeres.<\/p>\n<p>Tambi\u00e9n cit\u00f3 la reforma en materia educativa para asegurar la calidad de la educaci\u00f3n; en el sector de las telecomunicaciones, para favorecer la productividad y competitividad e inhibir las pr\u00e1cticas monopolistas.<\/p>\n<p>Enumer\u00f3 asimismo la reforma financiera, \u00abque tiene por prop\u00f3sito que el sistema pueda extender los niveles de cr\u00e9dito a todos los mexicanos, a las pymes, para que cualquier ciudadano puedan tener acceso al cr\u00e9dito y sea m\u00e1s barato\u00bb.<\/p>\n<p>Sobre la reforma energ\u00e9tica destac\u00f3 que \u00abprecisa la propiedad de los hidrocarburos para el Estado Mexicano y para todos los mexicanos, pero establece varias modalidades distintas para explotar y refinar los hidrocarburos y permitir tener recursos energ\u00e9ticos m\u00e1s baratos y m\u00e1s cuando vemos que la geograf\u00eda energ\u00e9tica del mundo se modifica\u00bb.<\/p>\n","protected":false},"excerpt":{"rendered":"<p>Davos (Suiza) 23 ene (EFE).- El presidente de M\u00e9xico, Enrique Pe\u00f1a Nieto, dijo hoy en Davos que la reforma energ\u00e9tica permitir\u00e1 \u00abllevar a cabo a finales de este a\u00f1o los primeros proyectos en la participaci\u00f3n del sector privado\u00bb. Adem\u00e1s, destac\u00f3 que \u00abla reforma energ\u00e9tica llevar\u00e1 a que se tenga un \u00f3rgano regulador de energ\u00eda\u00bb. En [&hellip;]<\/p>\n","protected":false},"author":1,"featured_media":1132184,"comment_status":"closed","ping_status":"open","sticky":false,"template":"","format":"standard","meta":{"footnotes":""},"categories":[1],"tags":[],"class_list":["post-478147","post","type-post","status-publish","format-standard","has-post-thumbnail","hentry","category-actualidad"],"aioseo_notices":[],"aioseo_head":"\n\t\t<!-- All in One SEO Pro 5.0.1 - aioseo.com -->\n\t<meta name=\"description\" content=\"Davos (Suiza) 23 ene (EFE).- El presidente de M\u00e9xico, Enrique Pe\u00f1a Nieto, dijo hoy en Davos que la reforma energ\u00e9tica permitir\u00e1 &quot;llevar a cabo a finales de este a\u00f1o los primeros proyectos en la participaci\u00f3n del sector privado&quot;. Adem\u00e1s, destac\u00f3 que &quot;la reforma energ\u00e9tica llevar\u00e1 a que se tenga un \u00f3rgano regulador de energ\u00eda&quot;. En\" \/>\n\t<meta name=\"robots\" content=\"max-image-preview:large\" \/>\n\t<meta name=\"author\" content=\"El Digital de Asturias\"\/>\n\t<meta name=\"google-site-verification\" content=\"UA-38556648-1\" \/>\n\t<meta name=\"msvalidate.01\" content=\"7dfe9f3f1b24437ab69f4f2559babe99\" \/>\n\t<meta name=\"keywords\" content=\"actualidad\" \/>\n\t<link rel=\"canonical\" href=\"https:\/\/www.eldigitaldeasturias.com\/noticias\/pena-nieto-dice-que-a-finales-de-ano-entraran-proyectos-privados-en-energia\/\" \/>\n\t<meta name=\"generator\" content=\"All in One SEO Pro (AIOSEO) 5.0.1\" \/>\n\t\t<meta property=\"og:locale\" content=\"es_ES\" \/>\n\t\t<meta property=\"og:site_name\" content=\"El Digital de Asturias\" \/>\n\t\t<meta property=\"og:type\" content=\"article\" \/>\n\t\t<meta property=\"og:title\" content=\"Pe\u00f1a Nieto dice que a finales de a\u00f1o entrar\u00e1n proyectos privados en energ\u00eda - El Digital de Asturias\" \/>\n\t\t<meta property=\"og:description\" content=\"Davos (Suiza) 23 ene (EFE).- El presidente de M\u00e9xico, Enrique Pe\u00f1a Nieto, dijo hoy en Davos que la reforma energ\u00e9tica permitir\u00e1 &quot;llevar a cabo a finales de este a\u00f1o los primeros proyectos en la participaci\u00f3n del sector privado&quot;. Adem\u00e1s, destac\u00f3 que &quot;la reforma energ\u00e9tica llevar\u00e1 a que se tenga un \u00f3rgano regulador de energ\u00eda&quot;. En\" \/>\n\t\t<meta property=\"og:url\" content=\"https:\/\/www.eldigitaldeasturias.com\/noticias\/pena-nieto-dice-que-a-finales-de-ano-entraran-proyectos-privados-en-energia\/\" \/>\n\t\t<meta property=\"og:image\" content=\"https:\/\/www.eldigitaldeasturias.com\/noticias\/wp-content\/uploads\/2026\/06\/Contenidos.jpg\" \/>\n\t\t<meta property=\"og:image:secure_url\" content=\"https:\/\/www.eldigitaldeasturias.com\/noticias\/wp-content\/uploads\/2026\/06\/Contenidos.jpg\" \/>\n\t\t<meta property=\"og:image:width\" content=\"1265\" \/>\n\t\t<meta property=\"og:image:height\" content=\"697\" \/>\n\t\t<meta property=\"article:tag\" content=\"actualidad\" \/>\n\t\t<meta property=\"article:published_time\" content=\"2014-01-24T10:39:43+00:00\" \/>\n\t\t<meta property=\"article:modified_time\" content=\"2014-01-24T10:39:43+00:00\" \/>\n\t\t<meta property=\"article:publisher\" content=\"https:\/\/facebook.com\/eldigitaldeasturias\" \/>\n\t\t<meta name=\"twitter:card\" content=\"summary_large_image\" \/>\n\t\t<meta name=\"twitter:title\" content=\"Pe\u00f1a Nieto dice que a finales de a\u00f1o entrar\u00e1n proyectos privados en energ\u00eda - El Digital de Asturias\" \/>\n\t\t<meta name=\"twitter:description\" content=\"Davos (Suiza) 23 ene (EFE).- El presidente de M\u00e9xico, Enrique Pe\u00f1a Nieto, dijo hoy en Davos que la reforma energ\u00e9tica permitir\u00e1 &quot;llevar a cabo a finales de este a\u00f1o los primeros proyectos en la participaci\u00f3n del sector privado&quot;. Adem\u00e1s, destac\u00f3 que &quot;la reforma energ\u00e9tica llevar\u00e1 a que se tenga un \u00f3rgano regulador de energ\u00eda&quot;. En\" \/>\n\t\t<meta name=\"twitter:image\" content=\"https:\/\/www.eldigitaldeasturias.com\/noticias\/wp-content\/uploads\/2026\/06\/Contenidos.jpg\" \/>\n\t\t<meta name=\"twitter:label1\" content=\"Escrito por\" \/>\n\t\t<meta name=\"twitter:data1\" content=\"El Digital de Asturias\" \/>\n\t\t<meta name=\"twitter:label2\" content=\"Tiempo de lectura estimado\" \/>\n\t\t<meta name=\"twitter:data2\" content=\"2 minutos\" \/>\n\t\t<script type=\"application\/ld+json\" class=\"aioseo-schema\">\n\t\t\t{\"@context\":\"https:\\\/\\\/schema.org\",\"@graph\":[{\"@type\":\"BlogPosting\",\"@id\":\"https:\\\/\\\/www.eldigitaldeasturias.com\\\/noticias\\\/pena-nieto-dice-que-a-finales-de-ano-entraran-proyectos-privados-en-energia\\\/#blogposting\",\"name\":\"Pe\\u00f1a Nieto dice que a finales de a\\u00f1o entrar\\u00e1n proyectos privados en energ\\u00eda - El Digital de Asturias\",\"headline\":\"Pe\\u00f1a Nieto dice que a finales de a\\u00f1o entrar\\u00e1n proyectos privados en energ\\u00eda\",\"author\":{\"@id\":\"https:\\\/\\\/www.eldigitaldeasturias.com\\\/noticias\\\/author\\\/admin\\\/#author\"},\"publisher\":{\"@id\":\"https:\\\/\\\/www.eldigitaldeasturias.com\\\/noticias\\\/#organization\"},\"image\":{\"@type\":\"ImageObject\",\"url\":\"https:\\\/\\\/www.eldigitaldeasturias.com\\\/noticias\\\/wp-content\\\/uploads\\\/2026\\\/06\\\/Contenidos.jpg\",\"width\":1265,\"height\":697,\"caption\":\"Contenidos\"},\"datePublished\":\"2014-01-24T09:39:43+01:00\",\"dateModified\":\"2014-01-24T09:39:43+01:00\",\"inLanguage\":\"es-ES\",\"mainEntityOfPage\":{\"@id\":\"https:\\\/\\\/www.eldigitaldeasturias.com\\\/noticias\\\/pena-nieto-dice-que-a-finales-de-ano-entraran-proyectos-privados-en-energia\\\/#webpage\"},\"isPartOf\":{\"@id\":\"https:\\\/\\\/www.eldigitaldeasturias.com\\\/noticias\\\/pena-nieto-dice-que-a-finales-de-ano-entraran-proyectos-privados-en-energia\\\/#webpage\"},\"articleSection\":\"Actualidad\"},{\"@type\":\"BreadcrumbList\",\"@id\":\"https:\\\/\\\/www.eldigitaldeasturias.com\\\/noticias\\\/pena-nieto-dice-que-a-finales-de-ano-entraran-proyectos-privados-en-energia\\\/#breadcrumblist\",\"itemListElement\":[{\"@type\":\"ListItem\",\"@id\":\"https:\\\/\\\/www.eldigitaldeasturias.com\\\/noticias#listItem\",\"position\":1,\"name\":\"Home\",\"item\":\"https:\\\/\\\/www.eldigitaldeasturias.com\\\/noticias\",\"nextItem\":{\"@type\":\"ListItem\",\"@id\":\"https:\\\/\\\/www.eldigitaldeasturias.com\\\/noticias\\\/category\\\/actualidad\\\/#listItem\",\"name\":\"Actualidad\"}},{\"@type\":\"ListItem\",\"@id\":\"https:\\\/\\\/www.eldigitaldeasturias.com\\\/noticias\\\/category\\\/actualidad\\\/#listItem\",\"position\":2,\"name\":\"Actualidad\",\"item\":\"https:\\\/\\\/www.eldigitaldeasturias.com\\\/noticias\\\/category\\\/actualidad\\\/\",\"nextItem\":{\"@type\":\"ListItem\",\"@id\":\"https:\\\/\\\/www.eldigitaldeasturias.com\\\/noticias\\\/pena-nieto-dice-que-a-finales-de-ano-entraran-proyectos-privados-en-energia\\\/#listItem\",\"name\":\"Pe\\u00f1a Nieto dice que a finales de a\\u00f1o entrar\\u00e1n proyectos privados en energ\\u00eda\"},\"previousItem\":{\"@type\":\"ListItem\",\"@id\":\"https:\\\/\\\/www.eldigitaldeasturias.com\\\/noticias#listItem\",\"name\":\"Home\"}},{\"@type\":\"ListItem\",\"@id\":\"https:\\\/\\\/www.eldigitaldeasturias.com\\\/noticias\\\/pena-nieto-dice-que-a-finales-de-ano-entraran-proyectos-privados-en-energia\\\/#listItem\",\"position\":3,\"name\":\"Pe\\u00f1a Nieto dice que a finales de a\\u00f1o entrar\\u00e1n proyectos privados en energ\\u00eda\",\"previousItem\":{\"@type\":\"ListItem\",\"@id\":\"https:\\\/\\\/www.eldigitaldeasturias.com\\\/noticias\\\/category\\\/actualidad\\\/#listItem\",\"name\":\"Actualidad\"}}]},{\"@type\":\"Organization\",\"@id\":\"https:\\\/\\\/www.eldigitaldeasturias.com\\\/noticias\\\/#organization\",\"name\":\"El Digital de Asturias\",\"description\":\"Hemeroteca\",\"url\":\"https:\\\/\\\/www.eldigitaldeasturias.com\\\/noticias\\\/\",\"email\":\"info@eldigitaldeasturias.com\",\"telephone\":\"+34652131393\",\"logo\":{\"@type\":\"ImageObject\",\"url\":\"https:\\\/\\\/www.eldigitaldeasturias.com\\\/noticias\\\/wp-content\\\/uploads\\\/2020\\\/12\\\/EDA.jpg\",\"@id\":\"https:\\\/\\\/www.eldigitaldeasturias.com\\\/noticias\\\/pena-nieto-dice-que-a-finales-de-ano-entraran-proyectos-privados-en-energia\\\/#organizationLogo\"},\"image\":{\"@id\":\"https:\\\/\\\/www.eldigitaldeasturias.com\\\/noticias\\\/pena-nieto-dice-que-a-finales-de-ano-entraran-proyectos-privados-en-energia\\\/#organizationLogo\"},\"sameAs\":[\"https:\\\/\\\/facebook.com\\\/eldigitaldeasturias\",\"https:\\\/\\\/www.youtube.com\\\/channel\\\/UCZP-2wLEB9Rv6erhFmqVnvg\"],\"address\":{\"@id\":\"https:\\\/\\\/www.eldigitaldeasturias.com\\\/noticias\\\/#postaladdress\",\"@type\":\"PostalAddress\",\"streetAddress\":\"san antonio 4\",\"postalCode\":\"33430\",\"addressLocality\":\"Cand\\u00e1s\",\"addressRegion\":\"Asturias\",\"addressCountry\":\"ES\"}},{\"@type\":\"Person\",\"@id\":\"https:\\\/\\\/www.eldigitaldeasturias.com\\\/noticias\\\/author\\\/admin\\\/#author\",\"url\":\"https:\\\/\\\/www.eldigitaldeasturias.com\\\/noticias\\\/author\\\/admin\\\/\",\"name\":\"El Digital de Asturias\",\"image\":{\"@type\":\"ImageObject\",\"@id\":\"https:\\\/\\\/www.eldigitaldeasturias.com\\\/noticias\\\/pena-nieto-dice-que-a-finales-de-ano-entraran-proyectos-privados-en-energia\\\/#authorImage\",\"url\":\"https:\\\/\\\/secure.gravatar.com\\\/avatar\\\/df2aeffc32bcd13f8d26072ef8a91b623d677766deac7f97ca815868cd41bf5e?s=96&d=mm&r=g\",\"width\":96,\"height\":96,\"caption\":\"El Digital de Asturias\"}},{\"@type\":\"WebPage\",\"@id\":\"https:\\\/\\\/www.eldigitaldeasturias.com\\\/noticias\\\/pena-nieto-dice-que-a-finales-de-ano-entraran-proyectos-privados-en-energia\\\/#webpage\",\"url\":\"https:\\\/\\\/www.eldigitaldeasturias.com\\\/noticias\\\/pena-nieto-dice-que-a-finales-de-ano-entraran-proyectos-privados-en-energia\\\/\",\"name\":\"Pe\\u00f1a Nieto dice que a finales de a\\u00f1o entrar\\u00e1n proyectos privados en energ\\u00eda - El Digital de Asturias\",\"description\":\"Davos (Suiza) 23 ene (EFE).- El presidente de M\\u00e9xico, Enrique Pe\\u00f1a Nieto, dijo hoy en Davos que la reforma energ\\u00e9tica permitir\\u00e1 \\\"llevar a cabo a finales de este a\\u00f1o los primeros proyectos en la participaci\\u00f3n del sector privado\\\". Adem\\u00e1s, destac\\u00f3 que \\\"la reforma energ\\u00e9tica llevar\\u00e1 a que se tenga un \\u00f3rgano regulador de energ\\u00eda\\\". En\",\"inLanguage\":\"es-ES\",\"isPartOf\":{\"@id\":\"https:\\\/\\\/www.eldigitaldeasturias.com\\\/noticias\\\/#website\"},\"breadcrumb\":{\"@id\":\"https:\\\/\\\/www.eldigitaldeasturias.com\\\/noticias\\\/pena-nieto-dice-que-a-finales-de-ano-entraran-proyectos-privados-en-energia\\\/#breadcrumblist\"},\"author\":{\"@id\":\"https:\\\/\\\/www.eldigitaldeasturias.com\\\/noticias\\\/author\\\/admin\\\/#author\"},\"creator\":{\"@id\":\"https:\\\/\\\/www.eldigitaldeasturias.com\\\/noticias\\\/author\\\/admin\\\/#author\"},\"image\":{\"@type\":\"ImageObject\",\"url\":\"https:\\\/\\\/www.eldigitaldeasturias.com\\\/noticias\\\/wp-content\\\/uploads\\\/2026\\\/06\\\/Contenidos.jpg\",\"@id\":\"https:\\\/\\\/www.eldigitaldeasturias.com\\\/noticias\\\/pena-nieto-dice-que-a-finales-de-ano-entraran-proyectos-privados-en-energia\\\/#mainImage\",\"width\":1265,\"height\":697,\"caption\":\"Contenidos\"},\"primaryImageOfPage\":{\"@id\":\"https:\\\/\\\/www.eldigitaldeasturias.com\\\/noticias\\\/pena-nieto-dice-que-a-finales-de-ano-entraran-proyectos-privados-en-energia\\\/#mainImage\"},\"datePublished\":\"2014-01-24T09:39:43+01:00\",\"dateModified\":\"2014-01-24T09:39:43+01:00\"},{\"@type\":\"WebSite\",\"@id\":\"https:\\\/\\\/www.eldigitaldeasturias.com\\\/noticias\\\/#website\",\"url\":\"https:\\\/\\\/www.eldigitaldeasturias.com\\\/noticias\\\/\",\"name\":\"El Digital de Asturias - Diario de actualidad y noticias\",\"alternateName\":\"El Digital de Asturias - Diario de actualidad y noticias\",\"description\":\"Hemeroteca\",\"inLanguage\":\"es-ES\",\"publisher\":{\"@id\":\"https:\\\/\\\/www.eldigitaldeasturias.com\\\/noticias\\\/#organization\"}}]}\n\t\t<\/script>\n\t\t<!-- All in One SEO Pro -->\r\n\t\t<title>Pe\u00f1a Nieto dice que a finales de a\u00f1o entrar\u00e1n proyectos privados en energ\u00eda - El Digital de Asturias<\/title>\n\n","aioseo_head_json":{"title":"Pe\u00f1a Nieto dice que a finales de a\u00f1o entrar\u00e1n proyectos privados en energ\u00eda - El Digital de Asturias","description":"Davos (Suiza) 23 ene (EFE).- El presidente de M\u00e9xico, Enrique Pe\u00f1a Nieto, dijo hoy en Davos que la reforma energ\u00e9tica permitir\u00e1 \"llevar a cabo a finales de este a\u00f1o los primeros proyectos en la participaci\u00f3n del sector privado\". Adem\u00e1s, destac\u00f3 que \"la reforma energ\u00e9tica llevar\u00e1 a que se tenga un \u00f3rgano regulador de energ\u00eda\". En","canonical_url":"https:\/\/www.eldigitaldeasturias.com\/noticias\/pena-nieto-dice-que-a-finales-de-ano-entraran-proyectos-privados-en-energia\/","robots":"max-image-preview:large","keywords":"actualidad","webmasterTools":{"google-site-verification":"UA-38556648-1","msvalidate.01":"7dfe9f3f1b24437ab69f4f2559babe99","miscellaneous":""},"schema":{"@context":"https:\/\/schema.org","@graph":[{"@type":"BlogPosting","@id":"https:\/\/www.eldigitaldeasturias.com\/noticias\/pena-nieto-dice-que-a-finales-de-ano-entraran-proyectos-privados-en-energia\/#blogposting","name":"Pe\u00f1a Nieto dice que a finales de a\u00f1o entrar\u00e1n proyectos privados en energ\u00eda - El Digital de Asturias","headline":"Pe\u00f1a Nieto dice que a finales de a\u00f1o entrar\u00e1n proyectos privados en energ\u00eda","author":{"@id":"https:\/\/www.eldigitaldeasturias.com\/noticias\/author\/admin\/#author"},"publisher":{"@id":"https:\/\/www.eldigitaldeasturias.com\/noticias\/#organization"},"image":{"@type":"ImageObject","url":"https:\/\/www.eldigitaldeasturias.com\/noticias\/wp-content\/uploads\/2026\/06\/Contenidos.jpg","width":1265,"height":697,"caption":"Contenidos"},"datePublished":"2014-01-24T09:39:43+01:00","dateModified":"2014-01-24T09:39:43+01:00","inLanguage":"es-ES","mainEntityOfPage":{"@id":"https:\/\/www.eldigitaldeasturias.com\/noticias\/pena-nieto-dice-que-a-finales-de-ano-entraran-proyectos-privados-en-energia\/#webpage"},"isPartOf":{"@id":"https:\/\/www.eldigitaldeasturias.com\/noticias\/pena-nieto-dice-que-a-finales-de-ano-entraran-proyectos-privados-en-energia\/#webpage"},"articleSection":"Actualidad"},{"@type":"BreadcrumbList","@id":"https:\/\/www.eldigitaldeasturias.com\/noticias\/pena-nieto-dice-que-a-finales-de-ano-entraran-proyectos-privados-en-energia\/#breadcrumblist","itemListElement":[{"@type":"ListItem","@id":"https:\/\/www.eldigitaldeasturias.com\/noticias#listItem","position":1,"name":"Home","item":"https:\/\/www.eldigitaldeasturias.com\/noticias","nextItem":{"@type":"ListItem","@id":"https:\/\/www.eldigitaldeasturias.com\/noticias\/category\/actualidad\/#listItem","name":"Actualidad"}},{"@type":"ListItem","@id":"https:\/\/www.eldigitaldeasturias.com\/noticias\/category\/actualidad\/#listItem","position":2,"name":"Actualidad","item":"https:\/\/www.eldigitaldeasturias.com\/noticias\/category\/actualidad\/","nextItem":{"@type":"ListItem","@id":"https:\/\/www.eldigitaldeasturias.com\/noticias\/pena-nieto-dice-que-a-finales-de-ano-entraran-proyectos-privados-en-energia\/#listItem","name":"Pe\u00f1a Nieto dice que a finales de a\u00f1o entrar\u00e1n proyectos privados en energ\u00eda"},"previousItem":{"@type":"ListItem","@id":"https:\/\/www.eldigitaldeasturias.com\/noticias#listItem","name":"Home"}},{"@type":"ListItem","@id":"https:\/\/www.eldigitaldeasturias.com\/noticias\/pena-nieto-dice-que-a-finales-de-ano-entraran-proyectos-privados-en-energia\/#listItem","position":3,"name":"Pe\u00f1a Nieto dice que a finales de a\u00f1o entrar\u00e1n proyectos privados en energ\u00eda","previousItem":{"@type":"ListItem","@id":"https:\/\/www.eldigitaldeasturias.com\/noticias\/category\/actualidad\/#listItem","name":"Actualidad"}}]},{"@type":"Organization","@id":"https:\/\/www.eldigitaldeasturias.com\/noticias\/#organization","name":"El Digital de Asturias","description":"Hemeroteca","url":"https:\/\/www.eldigitaldeasturias.com\/noticias\/","email":"info@eldigitaldeasturias.com","telephone":"+34652131393","logo":{"@type":"ImageObject","url":"https:\/\/www.eldigitaldeasturias.com\/noticias\/wp-content\/uploads\/2020\/12\/EDA.jpg","@id":"https:\/\/www.eldigitaldeasturias.com\/noticias\/pena-nieto-dice-que-a-finales-de-ano-entraran-proyectos-privados-en-energia\/#organizationLogo"},"image":{"@id":"https:\/\/www.eldigitaldeasturias.com\/noticias\/pena-nieto-dice-que-a-finales-de-ano-entraran-proyectos-privados-en-energia\/#organizationLogo"},"sameAs":["https:\/\/facebook.com\/eldigitaldeasturias","https:\/\/www.youtube.com\/channel\/UCZP-2wLEB9Rv6erhFmqVnvg"],"address":{"@id":"https:\/\/www.eldigitaldeasturias.com\/noticias\/#postaladdress","@type":"PostalAddress","streetAddress":"san antonio 4","postalCode":"33430","addressLocality":"Cand\u00e1s","addressRegion":"Asturias","addressCountry":"ES"}},{"@type":"Person","@id":"https:\/\/www.eldigitaldeasturias.com\/noticias\/author\/admin\/#author","url":"https:\/\/www.eldigitaldeasturias.com\/noticias\/author\/admin\/","name":"El Digital de Asturias","image":{"@type":"ImageObject","@id":"https:\/\/www.eldigitaldeasturias.com\/noticias\/pena-nieto-dice-que-a-finales-de-ano-entraran-proyectos-privados-en-energia\/#authorImage","url":"https:\/\/secure.gravatar.com\/avatar\/df2aeffc32bcd13f8d26072ef8a91b623d677766deac7f97ca815868cd41bf5e?s=96&d=mm&r=g","width":96,"height":96,"caption":"El Digital de Asturias"}},{"@type":"WebPage","@id":"https:\/\/www.eldigitaldeasturias.com\/noticias\/pena-nieto-dice-que-a-finales-de-ano-entraran-proyectos-privados-en-energia\/#webpage","url":"https:\/\/www.eldigitaldeasturias.com\/noticias\/pena-nieto-dice-que-a-finales-de-ano-entraran-proyectos-privados-en-energia\/","name":"Pe\u00f1a Nieto dice que a finales de a\u00f1o entrar\u00e1n proyectos privados en energ\u00eda - El Digital de Asturias","description":"Davos (Suiza) 23 ene (EFE).- El presidente de M\u00e9xico, Enrique Pe\u00f1a Nieto, dijo hoy en Davos que la reforma energ\u00e9tica permitir\u00e1 \"llevar a cabo a finales de este a\u00f1o los primeros proyectos en la participaci\u00f3n del sector privado\". Adem\u00e1s, destac\u00f3 que \"la reforma energ\u00e9tica llevar\u00e1 a que se tenga un \u00f3rgano regulador de energ\u00eda\". En","inLanguage":"es-ES","isPartOf":{"@id":"https:\/\/www.eldigitaldeasturias.com\/noticias\/#website"},"breadcrumb":{"@id":"https:\/\/www.eldigitaldeasturias.com\/noticias\/pena-nieto-dice-que-a-finales-de-ano-entraran-proyectos-privados-en-energia\/#breadcrumblist"},"author":{"@id":"https:\/\/www.eldigitaldeasturias.com\/noticias\/author\/admin\/#author"},"creator":{"@id":"https:\/\/www.eldigitaldeasturias.com\/noticias\/author\/admin\/#author"},"image":{"@type":"ImageObject","url":"https:\/\/www.eldigitaldeasturias.com\/noticias\/wp-content\/uploads\/2026\/06\/Contenidos.jpg","@id":"https:\/\/www.eldigitaldeasturias.com\/noticias\/pena-nieto-dice-que-a-finales-de-ano-entraran-proyectos-privados-en-energia\/#mainImage","width":1265,"height":697,"caption":"Contenidos"},"primaryImageOfPage":{"@id":"https:\/\/www.eldigitaldeasturias.com\/noticias\/pena-nieto-dice-que-a-finales-de-ano-entraran-proyectos-privados-en-energia\/#mainImage"},"datePublished":"2014-01-24T09:39:43+01:00","dateModified":"2014-01-24T09:39:43+01:00"},{"@type":"WebSite","@id":"https:\/\/www.eldigitaldeasturias.com\/noticias\/#website","url":"https:\/\/www.eldigitaldeasturias.com\/noticias\/","name":"El Digital de Asturias - Diario de actualidad y noticias","alternateName":"El Digital de Asturias - Diario de actualidad y noticias","description":"Hemeroteca","inLanguage":"es-ES","publisher":{"@id":"https:\/\/www.eldigitaldeasturias.com\/noticias\/#organization"}}]},"og:locale":"es_ES","og:site_name":"El Digital de Asturias","og:type":"article","og:title":"Pe\u00f1a Nieto dice que a finales de a\u00f1o entrar\u00e1n proyectos privados en energ\u00eda - El Digital de Asturias","og:description":"Davos (Suiza) 23 ene (EFE).- El presidente de M\u00e9xico, Enrique Pe\u00f1a Nieto, dijo hoy en Davos que la reforma energ\u00e9tica permitir\u00e1 &quot;llevar a cabo a finales de este a\u00f1o los primeros proyectos en la participaci\u00f3n del sector privado&quot;. Adem\u00e1s, destac\u00f3 que &quot;la reforma energ\u00e9tica llevar\u00e1 a que se tenga un \u00f3rgano regulador de energ\u00eda&quot;. En","og:url":"https:\/\/www.eldigitaldeasturias.com\/noticias\/pena-nieto-dice-que-a-finales-de-ano-entraran-proyectos-privados-en-energia\/","og:image":"https:\/\/www.eldigitaldeasturias.com\/noticias\/wp-content\/uploads\/2026\/06\/Contenidos.jpg","og:image:secure_url":"https:\/\/www.eldigitaldeasturias.com\/noticias\/wp-content\/uploads\/2026\/06\/Contenidos.jpg","og:image:width":1265,"og:image:height":697,"article:tag":["actualidad"],"article:published_time":"2014-01-24T10:39:43+00:00","article:modified_time":"2014-01-24T10:39:43+00:00","article:publisher":"https:\/\/facebook.com\/eldigitaldeasturias","twitter:card":"summary_large_image","twitter:title":"Pe\u00f1a Nieto dice que a finales de a\u00f1o entrar\u00e1n proyectos privados en energ\u00eda - El Digital de Asturias","twitter:description":"Davos (Suiza) 23 ene (EFE).- El presidente de M\u00e9xico, Enrique Pe\u00f1a Nieto, dijo hoy en Davos que la reforma energ\u00e9tica permitir\u00e1 &quot;llevar a cabo a finales de este a\u00f1o los primeros proyectos en la participaci\u00f3n del sector privado&quot;. Adem\u00e1s, destac\u00f3 que &quot;la reforma energ\u00e9tica llevar\u00e1 a que se tenga un \u00f3rgano regulador de energ\u00eda&quot;. En","twitter:image":"https:\/\/www.eldigitaldeasturias.com\/noticias\/wp-content\/uploads\/2026\/06\/Contenidos.jpg","twitter:label1":"Escrito por","twitter:data1":"El Digital de Asturias","twitter:label2":"Tiempo de lectura estimado","twitter:data2":"2 minutos"},"aioseo_meta_data":{"post_id":"478147","title":null,"description":null,"keywords":null,"keyphrases":null,"primary_term":null,"canonical_url":null,"og_title":null,"og_description":null,"og_object_type":"default","og_image_type":"default","og_image_url":null,"og_image_width":null,"og_image_height":null,"og_image_custom_url":null,"og_image_custom_fields":null,"og_video":null,"og_custom_url":null,"og_article_section":null,"og_article_tags":null,"twitter_use_og":true,"twitter_card":"default","twitter_image_type":"default","twitter_image_url":null,"twitter_image_custom_url":null,"twitter_image_custom_fields":null,"twitter_title":null,"twitter_description":null,"schema":{"blockGraphs":[],"customGraphs":[],"default":{"data":{"Article":[],"Course":[],"Dataset":[],"FAQPage":[],"Movie":[],"Person":[],"Product":[],"ProductReview":[],"Car":[],"Recipe":[],"Service":[],"SoftwareApplication":[],"WebPage":[]},"graphName":"","isEnabled":true},"graphs":[],"defaultGraph":"","defaultPostTypeGraph":""},"schema_type":null,"schema_type_options":null,"pillar_content":false,"robots_default":true,"robots_noindex":false,"robots_noarchive":false,"robots_nosnippet":false,"robots_nofollow":false,"robots_noimageindex":false,"robots_noodp":false,"robots_notranslate":false,"robots_max_snippet":null,"robots_max_videopreview":null,"robots_max_imagepreview":"none","priority":null,"frequency":null,"local_seo":null,"seo_analyzer_scan_date":"2026-06-01 20:36:59","breadcrumb_settings":null,"limit_modified_date":false,"open_ai":null,"ai":null,"created":"2020-11-14 22:53:48","updated":"2026-06-01 20:36:59","focus_keyword":null,"additional_keywords":null,"truseo_locale":null},"aioseo_breadcrumb":"<div class=\"aioseo-breadcrumbs\"><span class=\"aioseo-breadcrumb\">\n\t<a href=\"https:\/\/www.eldigitaldeasturias.com\/noticias\" title=\"Home\">Home<\/a>\n<\/span><span class=\"aioseo-breadcrumb-separator\">\u2013<\/span><span class=\"aioseo-breadcrumb\">\n\t<a href=\"https:\/\/www.eldigitaldeasturias.com\/noticias\/category\/actualidad\/\" title=\"Actualidad\">Actualidad<\/a>\n<\/span><span class=\"aioseo-breadcrumb-separator\">\u2013<\/span><span class=\"aioseo-breadcrumb\">\n\t<a href=\"https:\/\/www.eldigitaldeasturias.com\/noticias\/pena-nieto-dice-que-a-finales-de-ano-entraran-proyectos-privados-en-energia\/\" title=\"Pe\u00f1a Nieto dice que a finales de a\u00f1o entrar\u00e1n proyectos privados en energ\u00eda\">Pe\u00f1a Nieto dice que a finales de a\u00f1o entrar\u00e1n proyectos privados en energ\u00eda<\/a>\n<\/span><\/div>","aioseo_breadcrumb_json":[{"label":"Home","link":"https:\/\/www.eldigitaldeasturias.com\/noticias"},{"label":"Actualidad","link":"https:\/\/www.eldigitaldeasturias.com\/noticias\/category\/actualidad\/"},{"label":"Pe\u00f1a Nieto dice que a finales de a\u00f1o entrar\u00e1n proyectos privados en energ\u00eda","link":"https:\/\/www.eldigitaldeasturias.com\/noticias\/pena-nieto-dice-que-a-finales-de-ano-entraran-proyectos-privados-en-energia\/"}],"_links":{"self":[{"href":"https:\/\/www.eldigitaldeasturias.com\/noticias\/wp-json\/wp\/v2\/posts\/478147","targetHints":{"allow":["GET"]}}],"collection":[{"href":"https:\/\/www.eldigitaldeasturias.com\/noticias\/wp-json\/wp\/v2\/posts"}],"about":[{"href":"https:\/\/www.eldigitaldeasturias.com\/noticias\/wp-json\/wp\/v2\/types\/post"}],"author":[{"embeddable":true,"href":"https:\/\/www.eldigitaldeasturias.com\/noticias\/wp-json\/wp\/v2\/users\/1"}],"replies":[{"embeddable":true,"href":"https:\/\/www.eldigitaldeasturias.com\/noticias\/wp-json\/wp\/v2\/comments?post=478147"}],"version-history":[{"count":0,"href":"https:\/\/www.eldigitaldeasturias.com\/noticias\/wp-json\/wp\/v2\/posts\/478147\/revisions"}],"wp:featuredmedia":[{"embeddable":true,"href":"https:\/\/www.eldigitaldeasturias.com\/noticias\/wp-json\/wp\/v2\/media\/1132184"}],"wp:attachment":[{"href":"https:\/\/www.eldigitaldeasturias.com\/noticias\/wp-json\/wp\/v2\/media?parent=478147"}],"wp:term":[{"taxonomy":"category","embeddable":true,"href":"https:\/\/www.eldigitaldeasturias.com\/noticias\/wp-json\/wp\/v2\/categories?post=478147"},{"taxonomy":"post_tag","embeddable":true,"href":"https:\/\/www.eldigitaldeasturias.com\/noticias\/wp-json\/wp\/v2\/tags?post=478147"}],"curies":[{"name":"wp","href":"https:\/\/api.w.org\/{rel}","templated":true}]}}