{"id":478144,"date":"2014-01-24T09:38:07","date_gmt":"2014-01-24T10:38:07","guid":{"rendered":"http:\/\/www.eldigitaldeasturias.com\/noticias\/?p=478144"},"modified":"2014-01-24T09:38:07","modified_gmt":"2014-01-24T10:38:07","slug":"comandante-de-ee-uu-lamenta-la-poca-profesionalidad-de-la-armada-china","status":"publish","type":"post","link":"https:\/\/www.eldigitaldeasturias.com\/noticias\/comandante-de-ee-uu-lamenta-la-poca-profesionalidad-de-la-armada-china\/","title":{"rendered":"Comandante de EE.UU. lamenta la poca profesionalidad de la Armada china"},"content":{"rendered":"<p><img loading=\"lazy\" decoding=\"async\" class=\"alignleft size-medium wp-image-478145\" alt=\"5872264w\" src=\"https:\/\/www.eldigitaldeasturias.com\/noticias\/wp-content\/uploads\/2014\/01\/5872264w-360x239.jpg\" width=\"360\" height=\"239\" \/>Washington, 23 ene (EFE).- El comandante de las Fuerzas Armadas de Estados Unidos en el Pac\u00edfico, el almirante Samuel Locklear, lament\u00f3 hoy la falta de profesionalidad de la Armada china en un encontronazo ocurrido en aguas internacionales el mes pasado.<\/p>\n<p>El incidente tuvo lugar a comienzos de diciembre en el Mar de China Meridional y oblig\u00f3 a un nav\u00edo de guerra estadounidense con misiles guiados realizar una maniobra evasiva de emergencia para evitar una colisi\u00f3n con el nav\u00edo de guerra chino.<\/p>\n<p>En rueda de prensa en el Pent\u00e1gono, Locklear indic\u00f3 que China ha asegurado que se realizaron las notificaciones pertinentes para evitar un mal entendido, pero las autoridades militares estadounidense no recibieron aviso alguno.<\/p>\n<p>\u00abNo tenemos constancia de ninguna notificaci\u00f3n previa (por parte de China). Esto fue una situaci\u00f3n innecesaria, no profesional\u00bb, lament\u00f3 Locklear, que record\u00f3 que esta regi\u00f3n del mundo requiere una prudencia especial debido al gran n\u00famero de Armadas nacionales operando y a las tensiones territoriales.<\/p>\n<p>El incidente ocurri\u00f3 poco despu\u00e9s de que China proclamara unilateralmente la ampliaci\u00f3n de su zona de seguridad de defensa a\u00e9rea e incluyera territorios controlados por Jap\u00f3n y parte del espacio a\u00e9reo reclamado por Corea del Sur y Taiw\u00e1n.<\/p>\n<p>En opini\u00f3n del almirante estadounidense, este incidente puso en evidencia otra variable a tener en cuenta y que podr\u00eda contribuir a \u00aberrores de c\u00e1lculos\u00bb: el hecho de que al interactuar en ingl\u00e9s, las fuerzas estadounidense tengan que \u00abaveriguar qu\u00e9 es lo que nos intentan decir cuando usan una segunda o tercera lengua\u00bb.<\/p>\n<p>Locklear confes\u00f3 que la comunicaci\u00f3n tanto con los nav\u00edos como con las autoridades militares chinas no es lo fluida que se deber\u00eda para evitar un incidente que podr\u00eda salirse de control, aunque el secretario de Defensa, Chuck Hagel, ha intentado mejorar los canales de comunicaci\u00f3n existentes con Pek\u00edn.<\/p>\n<p>El almirante reconoci\u00f3: \u00abNo tengo la posibilidad de levantar el tel\u00e9fono y hablar directamente con un almirante o general (chino) en un momento de crisis y tenemos que trabajar en ello\u00bb.<\/p>\n<p>\u00abLas fuerzas militares (en la regi\u00f3n Asia-Pac\u00edfico) van a operar de cerca m\u00e1s a menudo y del mismo modo se debe suponer que las armadas estadounidenses y chinas interactuar\u00e1n m\u00e1s\u00bb, explic\u00f3 Locklear.<\/p>\n<p>\u00abEstados Unidos seguir\u00e1 operando libremente y de manera profesional y pac\u00edfica\u00bb, concluy\u00f3 el jefe del Comando del Pac\u00edfico desde 2012.<\/p>\n","protected":false},"excerpt":{"rendered":"<p>Washington, 23 ene (EFE).- El comandante de las Fuerzas Armadas de Estados Unidos en el Pac\u00edfico, el almirante Samuel Locklear, lament\u00f3 hoy la falta de profesionalidad de la Armada china en un encontronazo ocurrido en aguas internacionales el mes pasado. El incidente tuvo lugar a comienzos de diciembre en el Mar de China Meridional y [&hellip;]<\/p>\n","protected":false},"author":1,"featured_media":1132184,"comment_status":"closed","ping_status":"open","sticky":false,"template":"","format":"standard","meta":{"footnotes":""},"categories":[1],"tags":[],"class_list":["post-478144","post","type-post","status-publish","format-standard","has-post-thumbnail","hentry","category-actualidad"],"aioseo_notices":[],"aioseo_head":"\n\t\t<!-- All in One SEO Pro 5.0.1 - aioseo.com -->\n\t<meta name=\"description\" content=\"Washington, 23 ene (EFE).- El comandante de las Fuerzas Armadas de Estados Unidos en el Pac\u00edfico, el almirante Samuel Locklear, lament\u00f3 hoy la falta de profesionalidad de la Armada china en un encontronazo ocurrido en aguas internacionales el mes pasado. El incidente tuvo lugar a comienzos de diciembre en el Mar de China Meridional y\" \/>\n\t<meta name=\"robots\" content=\"max-image-preview:large\" \/>\n\t<meta name=\"author\" content=\"El Digital de Asturias\"\/>\n\t<meta name=\"google-site-verification\" content=\"UA-38556648-1\" \/>\n\t<meta name=\"msvalidate.01\" content=\"7dfe9f3f1b24437ab69f4f2559babe99\" \/>\n\t<meta name=\"keywords\" content=\"actualidad\" \/>\n\t<link rel=\"canonical\" href=\"https:\/\/www.eldigitaldeasturias.com\/noticias\/comandante-de-ee-uu-lamenta-la-poca-profesionalidad-de-la-armada-china\/\" \/>\n\t<meta name=\"generator\" content=\"All in One SEO Pro (AIOSEO) 5.0.1\" \/>\n\t\t<meta property=\"og:locale\" content=\"es_ES\" \/>\n\t\t<meta property=\"og:site_name\" content=\"El Digital de Asturias\" \/>\n\t\t<meta property=\"og:type\" content=\"article\" \/>\n\t\t<meta property=\"og:title\" content=\"Comandante de EE.UU. lamenta la poca profesionalidad de la Armada china - El Digital de Asturias\" \/>\n\t\t<meta property=\"og:description\" content=\"Washington, 23 ene (EFE).- El comandante de las Fuerzas Armadas de Estados Unidos en el Pac\u00edfico, el almirante Samuel Locklear, lament\u00f3 hoy la falta de profesionalidad de la Armada china en un encontronazo ocurrido en aguas internacionales el mes pasado. El incidente tuvo lugar a comienzos de diciembre en el Mar de China Meridional y\" \/>\n\t\t<meta property=\"og:url\" content=\"https:\/\/www.eldigitaldeasturias.com\/noticias\/comandante-de-ee-uu-lamenta-la-poca-profesionalidad-de-la-armada-china\/\" \/>\n\t\t<meta property=\"og:image\" content=\"https:\/\/www.eldigitaldeasturias.com\/noticias\/wp-content\/uploads\/2026\/06\/Contenidos.jpg\" \/>\n\t\t<meta property=\"og:image:secure_url\" content=\"https:\/\/www.eldigitaldeasturias.com\/noticias\/wp-content\/uploads\/2026\/06\/Contenidos.jpg\" \/>\n\t\t<meta property=\"og:image:width\" content=\"1265\" \/>\n\t\t<meta property=\"og:image:height\" content=\"697\" \/>\n\t\t<meta property=\"article:tag\" content=\"actualidad\" \/>\n\t\t<meta property=\"article:published_time\" content=\"2014-01-24T10:38:07+00:00\" \/>\n\t\t<meta property=\"article:modified_time\" content=\"2014-01-24T10:38:07+00:00\" \/>\n\t\t<meta property=\"article:publisher\" content=\"https:\/\/facebook.com\/eldigitaldeasturias\" \/>\n\t\t<meta name=\"twitter:card\" content=\"summary_large_image\" \/>\n\t\t<meta name=\"twitter:title\" content=\"Comandante de EE.UU. lamenta la poca profesionalidad de la Armada china - El Digital de Asturias\" \/>\n\t\t<meta name=\"twitter:description\" content=\"Washington, 23 ene (EFE).- El comandante de las Fuerzas Armadas de Estados Unidos en el Pac\u00edfico, el almirante Samuel Locklear, lament\u00f3 hoy la falta de profesionalidad de la Armada china en un encontronazo ocurrido en aguas internacionales el mes pasado. El incidente tuvo lugar a comienzos de diciembre en el Mar de China Meridional y\" \/>\n\t\t<meta name=\"twitter:image\" content=\"https:\/\/www.eldigitaldeasturias.com\/noticias\/wp-content\/uploads\/2026\/06\/Contenidos.jpg\" \/>\n\t\t<meta name=\"twitter:label1\" content=\"Escrito por\" \/>\n\t\t<meta name=\"twitter:data1\" content=\"El Digital de Asturias\" \/>\n\t\t<meta name=\"twitter:label2\" content=\"Tiempo de lectura estimado\" \/>\n\t\t<meta name=\"twitter:data2\" content=\"2 minutos\" \/>\n\t\t<script type=\"application\/ld+json\" class=\"aioseo-schema\">\n\t\t\t{\"@context\":\"https:\\\/\\\/schema.org\",\"@graph\":[{\"@type\":\"BlogPosting\",\"@id\":\"https:\\\/\\\/www.eldigitaldeasturias.com\\\/noticias\\\/comandante-de-ee-uu-lamenta-la-poca-profesionalidad-de-la-armada-china\\\/#blogposting\",\"name\":\"Comandante de EE.UU. lamenta la poca profesionalidad de la Armada china - El Digital de Asturias\",\"headline\":\"Comandante de EE.UU. lamenta la poca profesionalidad de la Armada china\",\"author\":{\"@id\":\"https:\\\/\\\/www.eldigitaldeasturias.com\\\/noticias\\\/author\\\/admin\\\/#author\"},\"publisher\":{\"@id\":\"https:\\\/\\\/www.eldigitaldeasturias.com\\\/noticias\\\/#organization\"},\"image\":{\"@type\":\"ImageObject\",\"url\":\"https:\\\/\\\/www.eldigitaldeasturias.com\\\/noticias\\\/wp-content\\\/uploads\\\/2026\\\/06\\\/Contenidos.jpg\",\"width\":1265,\"height\":697,\"caption\":\"Contenidos\"},\"datePublished\":\"2014-01-24T09:38:07+01:00\",\"dateModified\":\"2014-01-24T09:38:07+01:00\",\"inLanguage\":\"es-ES\",\"mainEntityOfPage\":{\"@id\":\"https:\\\/\\\/www.eldigitaldeasturias.com\\\/noticias\\\/comandante-de-ee-uu-lamenta-la-poca-profesionalidad-de-la-armada-china\\\/#webpage\"},\"isPartOf\":{\"@id\":\"https:\\\/\\\/www.eldigitaldeasturias.com\\\/noticias\\\/comandante-de-ee-uu-lamenta-la-poca-profesionalidad-de-la-armada-china\\\/#webpage\"},\"articleSection\":\"Actualidad\"},{\"@type\":\"BreadcrumbList\",\"@id\":\"https:\\\/\\\/www.eldigitaldeasturias.com\\\/noticias\\\/comandante-de-ee-uu-lamenta-la-poca-profesionalidad-de-la-armada-china\\\/#breadcrumblist\",\"itemListElement\":[{\"@type\":\"ListItem\",\"@id\":\"https:\\\/\\\/www.eldigitaldeasturias.com\\\/noticias#listItem\",\"position\":1,\"name\":\"Home\",\"item\":\"https:\\\/\\\/www.eldigitaldeasturias.com\\\/noticias\",\"nextItem\":{\"@type\":\"ListItem\",\"@id\":\"https:\\\/\\\/www.eldigitaldeasturias.com\\\/noticias\\\/category\\\/actualidad\\\/#listItem\",\"name\":\"Actualidad\"}},{\"@type\":\"ListItem\",\"@id\":\"https:\\\/\\\/www.eldigitaldeasturias.com\\\/noticias\\\/category\\\/actualidad\\\/#listItem\",\"position\":2,\"name\":\"Actualidad\",\"item\":\"https:\\\/\\\/www.eldigitaldeasturias.com\\\/noticias\\\/category\\\/actualidad\\\/\",\"nextItem\":{\"@type\":\"ListItem\",\"@id\":\"https:\\\/\\\/www.eldigitaldeasturias.com\\\/noticias\\\/comandante-de-ee-uu-lamenta-la-poca-profesionalidad-de-la-armada-china\\\/#listItem\",\"name\":\"Comandante de EE.UU. lamenta la poca profesionalidad de la Armada china\"},\"previousItem\":{\"@type\":\"ListItem\",\"@id\":\"https:\\\/\\\/www.eldigitaldeasturias.com\\\/noticias#listItem\",\"name\":\"Home\"}},{\"@type\":\"ListItem\",\"@id\":\"https:\\\/\\\/www.eldigitaldeasturias.com\\\/noticias\\\/comandante-de-ee-uu-lamenta-la-poca-profesionalidad-de-la-armada-china\\\/#listItem\",\"position\":3,\"name\":\"Comandante de EE.UU. lamenta la poca profesionalidad de la Armada china\",\"previousItem\":{\"@type\":\"ListItem\",\"@id\":\"https:\\\/\\\/www.eldigitaldeasturias.com\\\/noticias\\\/category\\\/actualidad\\\/#listItem\",\"name\":\"Actualidad\"}}]},{\"@type\":\"Organization\",\"@id\":\"https:\\\/\\\/www.eldigitaldeasturias.com\\\/noticias\\\/#organization\",\"name\":\"El Digital de Asturias\",\"description\":\"Hemeroteca\",\"url\":\"https:\\\/\\\/www.eldigitaldeasturias.com\\\/noticias\\\/\",\"email\":\"info@eldigitaldeasturias.com\",\"telephone\":\"+34652131393\",\"logo\":{\"@type\":\"ImageObject\",\"url\":\"https:\\\/\\\/www.eldigitaldeasturias.com\\\/noticias\\\/wp-content\\\/uploads\\\/2020\\\/12\\\/EDA.jpg\",\"@id\":\"https:\\\/\\\/www.eldigitaldeasturias.com\\\/noticias\\\/comandante-de-ee-uu-lamenta-la-poca-profesionalidad-de-la-armada-china\\\/#organizationLogo\"},\"image\":{\"@id\":\"https:\\\/\\\/www.eldigitaldeasturias.com\\\/noticias\\\/comandante-de-ee-uu-lamenta-la-poca-profesionalidad-de-la-armada-china\\\/#organizationLogo\"},\"sameAs\":[\"https:\\\/\\\/facebook.com\\\/eldigitaldeasturias\",\"https:\\\/\\\/www.youtube.com\\\/channel\\\/UCZP-2wLEB9Rv6erhFmqVnvg\"],\"address\":{\"@id\":\"https:\\\/\\\/www.eldigitaldeasturias.com\\\/noticias\\\/#postaladdress\",\"@type\":\"PostalAddress\",\"streetAddress\":\"san antonio 4\",\"postalCode\":\"33430\",\"addressLocality\":\"Cand\\u00e1s\",\"addressRegion\":\"Asturias\",\"addressCountry\":\"ES\"}},{\"@type\":\"Person\",\"@id\":\"https:\\\/\\\/www.eldigitaldeasturias.com\\\/noticias\\\/author\\\/admin\\\/#author\",\"url\":\"https:\\\/\\\/www.eldigitaldeasturias.com\\\/noticias\\\/author\\\/admin\\\/\",\"name\":\"El Digital de Asturias\",\"image\":{\"@type\":\"ImageObject\",\"@id\":\"https:\\\/\\\/www.eldigitaldeasturias.com\\\/noticias\\\/comandante-de-ee-uu-lamenta-la-poca-profesionalidad-de-la-armada-china\\\/#authorImage\",\"url\":\"https:\\\/\\\/secure.gravatar.com\\\/avatar\\\/df2aeffc32bcd13f8d26072ef8a91b623d677766deac7f97ca815868cd41bf5e?s=96&d=mm&r=g\",\"width\":96,\"height\":96,\"caption\":\"El Digital de Asturias\"}},{\"@type\":\"WebPage\",\"@id\":\"https:\\\/\\\/www.eldigitaldeasturias.com\\\/noticias\\\/comandante-de-ee-uu-lamenta-la-poca-profesionalidad-de-la-armada-china\\\/#webpage\",\"url\":\"https:\\\/\\\/www.eldigitaldeasturias.com\\\/noticias\\\/comandante-de-ee-uu-lamenta-la-poca-profesionalidad-de-la-armada-china\\\/\",\"name\":\"Comandante de EE.UU. lamenta la poca profesionalidad de la Armada china - El Digital de Asturias\",\"description\":\"Washington, 23 ene (EFE).- El comandante de las Fuerzas Armadas de Estados Unidos en el Pac\\u00edfico, el almirante Samuel Locklear, lament\\u00f3 hoy la falta de profesionalidad de la Armada china en un encontronazo ocurrido en aguas internacionales el mes pasado. El incidente tuvo lugar a comienzos de diciembre en el Mar de China Meridional y\",\"inLanguage\":\"es-ES\",\"isPartOf\":{\"@id\":\"https:\\\/\\\/www.eldigitaldeasturias.com\\\/noticias\\\/#website\"},\"breadcrumb\":{\"@id\":\"https:\\\/\\\/www.eldigitaldeasturias.com\\\/noticias\\\/comandante-de-ee-uu-lamenta-la-poca-profesionalidad-de-la-armada-china\\\/#breadcrumblist\"},\"author\":{\"@id\":\"https:\\\/\\\/www.eldigitaldeasturias.com\\\/noticias\\\/author\\\/admin\\\/#author\"},\"creator\":{\"@id\":\"https:\\\/\\\/www.eldigitaldeasturias.com\\\/noticias\\\/author\\\/admin\\\/#author\"},\"image\":{\"@type\":\"ImageObject\",\"url\":\"https:\\\/\\\/www.eldigitaldeasturias.com\\\/noticias\\\/wp-content\\\/uploads\\\/2026\\\/06\\\/Contenidos.jpg\",\"@id\":\"https:\\\/\\\/www.eldigitaldeasturias.com\\\/noticias\\\/comandante-de-ee-uu-lamenta-la-poca-profesionalidad-de-la-armada-china\\\/#mainImage\",\"width\":1265,\"height\":697,\"caption\":\"Contenidos\"},\"primaryImageOfPage\":{\"@id\":\"https:\\\/\\\/www.eldigitaldeasturias.com\\\/noticias\\\/comandante-de-ee-uu-lamenta-la-poca-profesionalidad-de-la-armada-china\\\/#mainImage\"},\"datePublished\":\"2014-01-24T09:38:07+01:00\",\"dateModified\":\"2014-01-24T09:38:07+01:00\"},{\"@type\":\"WebSite\",\"@id\":\"https:\\\/\\\/www.eldigitaldeasturias.com\\\/noticias\\\/#website\",\"url\":\"https:\\\/\\\/www.eldigitaldeasturias.com\\\/noticias\\\/\",\"name\":\"El Digital de Asturias - Diario de actualidad y noticias\",\"alternateName\":\"El Digital de Asturias - Diario de actualidad y noticias\",\"description\":\"Hemeroteca\",\"inLanguage\":\"es-ES\",\"publisher\":{\"@id\":\"https:\\\/\\\/www.eldigitaldeasturias.com\\\/noticias\\\/#organization\"}}]}\n\t\t<\/script>\n\t\t<!-- All in One SEO Pro -->\r\n\t\t<title>Comandante de EE.UU. lamenta la poca profesionalidad de la Armada china - El Digital de Asturias<\/title>\n\n","aioseo_head_json":{"title":"Comandante de EE.UU. lamenta la poca profesionalidad de la Armada china - El Digital de Asturias","description":"Washington, 23 ene (EFE).- El comandante de las Fuerzas Armadas de Estados Unidos en el Pac\u00edfico, el almirante Samuel Locklear, lament\u00f3 hoy la falta de profesionalidad de la Armada china en un encontronazo ocurrido en aguas internacionales el mes pasado. El incidente tuvo lugar a comienzos de diciembre en el Mar de China Meridional y","canonical_url":"https:\/\/www.eldigitaldeasturias.com\/noticias\/comandante-de-ee-uu-lamenta-la-poca-profesionalidad-de-la-armada-china\/","robots":"max-image-preview:large","keywords":"actualidad","webmasterTools":{"google-site-verification":"UA-38556648-1","msvalidate.01":"7dfe9f3f1b24437ab69f4f2559babe99","miscellaneous":""},"schema":{"@context":"https:\/\/schema.org","@graph":[{"@type":"BlogPosting","@id":"https:\/\/www.eldigitaldeasturias.com\/noticias\/comandante-de-ee-uu-lamenta-la-poca-profesionalidad-de-la-armada-china\/#blogposting","name":"Comandante de EE.UU. lamenta la poca profesionalidad de la Armada china - El Digital de Asturias","headline":"Comandante de EE.UU. lamenta la poca profesionalidad de la Armada china","author":{"@id":"https:\/\/www.eldigitaldeasturias.com\/noticias\/author\/admin\/#author"},"publisher":{"@id":"https:\/\/www.eldigitaldeasturias.com\/noticias\/#organization"},"image":{"@type":"ImageObject","url":"https:\/\/www.eldigitaldeasturias.com\/noticias\/wp-content\/uploads\/2026\/06\/Contenidos.jpg","width":1265,"height":697,"caption":"Contenidos"},"datePublished":"2014-01-24T09:38:07+01:00","dateModified":"2014-01-24T09:38:07+01:00","inLanguage":"es-ES","mainEntityOfPage":{"@id":"https:\/\/www.eldigitaldeasturias.com\/noticias\/comandante-de-ee-uu-lamenta-la-poca-profesionalidad-de-la-armada-china\/#webpage"},"isPartOf":{"@id":"https:\/\/www.eldigitaldeasturias.com\/noticias\/comandante-de-ee-uu-lamenta-la-poca-profesionalidad-de-la-armada-china\/#webpage"},"articleSection":"Actualidad"},{"@type":"BreadcrumbList","@id":"https:\/\/www.eldigitaldeasturias.com\/noticias\/comandante-de-ee-uu-lamenta-la-poca-profesionalidad-de-la-armada-china\/#breadcrumblist","itemListElement":[{"@type":"ListItem","@id":"https:\/\/www.eldigitaldeasturias.com\/noticias#listItem","position":1,"name":"Home","item":"https:\/\/www.eldigitaldeasturias.com\/noticias","nextItem":{"@type":"ListItem","@id":"https:\/\/www.eldigitaldeasturias.com\/noticias\/category\/actualidad\/#listItem","name":"Actualidad"}},{"@type":"ListItem","@id":"https:\/\/www.eldigitaldeasturias.com\/noticias\/category\/actualidad\/#listItem","position":2,"name":"Actualidad","item":"https:\/\/www.eldigitaldeasturias.com\/noticias\/category\/actualidad\/","nextItem":{"@type":"ListItem","@id":"https:\/\/www.eldigitaldeasturias.com\/noticias\/comandante-de-ee-uu-lamenta-la-poca-profesionalidad-de-la-armada-china\/#listItem","name":"Comandante de EE.UU. lamenta la poca profesionalidad de la Armada china"},"previousItem":{"@type":"ListItem","@id":"https:\/\/www.eldigitaldeasturias.com\/noticias#listItem","name":"Home"}},{"@type":"ListItem","@id":"https:\/\/www.eldigitaldeasturias.com\/noticias\/comandante-de-ee-uu-lamenta-la-poca-profesionalidad-de-la-armada-china\/#listItem","position":3,"name":"Comandante de EE.UU. lamenta la poca profesionalidad de la Armada china","previousItem":{"@type":"ListItem","@id":"https:\/\/www.eldigitaldeasturias.com\/noticias\/category\/actualidad\/#listItem","name":"Actualidad"}}]},{"@type":"Organization","@id":"https:\/\/www.eldigitaldeasturias.com\/noticias\/#organization","name":"El Digital de Asturias","description":"Hemeroteca","url":"https:\/\/www.eldigitaldeasturias.com\/noticias\/","email":"info@eldigitaldeasturias.com","telephone":"+34652131393","logo":{"@type":"ImageObject","url":"https:\/\/www.eldigitaldeasturias.com\/noticias\/wp-content\/uploads\/2020\/12\/EDA.jpg","@id":"https:\/\/www.eldigitaldeasturias.com\/noticias\/comandante-de-ee-uu-lamenta-la-poca-profesionalidad-de-la-armada-china\/#organizationLogo"},"image":{"@id":"https:\/\/www.eldigitaldeasturias.com\/noticias\/comandante-de-ee-uu-lamenta-la-poca-profesionalidad-de-la-armada-china\/#organizationLogo"},"sameAs":["https:\/\/facebook.com\/eldigitaldeasturias","https:\/\/www.youtube.com\/channel\/UCZP-2wLEB9Rv6erhFmqVnvg"],"address":{"@id":"https:\/\/www.eldigitaldeasturias.com\/noticias\/#postaladdress","@type":"PostalAddress","streetAddress":"san antonio 4","postalCode":"33430","addressLocality":"Cand\u00e1s","addressRegion":"Asturias","addressCountry":"ES"}},{"@type":"Person","@id":"https:\/\/www.eldigitaldeasturias.com\/noticias\/author\/admin\/#author","url":"https:\/\/www.eldigitaldeasturias.com\/noticias\/author\/admin\/","name":"El Digital de Asturias","image":{"@type":"ImageObject","@id":"https:\/\/www.eldigitaldeasturias.com\/noticias\/comandante-de-ee-uu-lamenta-la-poca-profesionalidad-de-la-armada-china\/#authorImage","url":"https:\/\/secure.gravatar.com\/avatar\/df2aeffc32bcd13f8d26072ef8a91b623d677766deac7f97ca815868cd41bf5e?s=96&d=mm&r=g","width":96,"height":96,"caption":"El Digital de Asturias"}},{"@type":"WebPage","@id":"https:\/\/www.eldigitaldeasturias.com\/noticias\/comandante-de-ee-uu-lamenta-la-poca-profesionalidad-de-la-armada-china\/#webpage","url":"https:\/\/www.eldigitaldeasturias.com\/noticias\/comandante-de-ee-uu-lamenta-la-poca-profesionalidad-de-la-armada-china\/","name":"Comandante de EE.UU. lamenta la poca profesionalidad de la Armada china - El Digital de Asturias","description":"Washington, 23 ene (EFE).- El comandante de las Fuerzas Armadas de Estados Unidos en el Pac\u00edfico, el almirante Samuel Locklear, lament\u00f3 hoy la falta de profesionalidad de la Armada china en un encontronazo ocurrido en aguas internacionales el mes pasado. El incidente tuvo lugar a comienzos de diciembre en el Mar de China Meridional y","inLanguage":"es-ES","isPartOf":{"@id":"https:\/\/www.eldigitaldeasturias.com\/noticias\/#website"},"breadcrumb":{"@id":"https:\/\/www.eldigitaldeasturias.com\/noticias\/comandante-de-ee-uu-lamenta-la-poca-profesionalidad-de-la-armada-china\/#breadcrumblist"},"author":{"@id":"https:\/\/www.eldigitaldeasturias.com\/noticias\/author\/admin\/#author"},"creator":{"@id":"https:\/\/www.eldigitaldeasturias.com\/noticias\/author\/admin\/#author"},"image":{"@type":"ImageObject","url":"https:\/\/www.eldigitaldeasturias.com\/noticias\/wp-content\/uploads\/2026\/06\/Contenidos.jpg","@id":"https:\/\/www.eldigitaldeasturias.com\/noticias\/comandante-de-ee-uu-lamenta-la-poca-profesionalidad-de-la-armada-china\/#mainImage","width":1265,"height":697,"caption":"Contenidos"},"primaryImageOfPage":{"@id":"https:\/\/www.eldigitaldeasturias.com\/noticias\/comandante-de-ee-uu-lamenta-la-poca-profesionalidad-de-la-armada-china\/#mainImage"},"datePublished":"2014-01-24T09:38:07+01:00","dateModified":"2014-01-24T09:38:07+01:00"},{"@type":"WebSite","@id":"https:\/\/www.eldigitaldeasturias.com\/noticias\/#website","url":"https:\/\/www.eldigitaldeasturias.com\/noticias\/","name":"El Digital de Asturias - Diario de actualidad y noticias","alternateName":"El Digital de Asturias - Diario de actualidad y noticias","description":"Hemeroteca","inLanguage":"es-ES","publisher":{"@id":"https:\/\/www.eldigitaldeasturias.com\/noticias\/#organization"}}]},"og:locale":"es_ES","og:site_name":"El Digital de Asturias","og:type":"article","og:title":"Comandante de EE.UU. lamenta la poca profesionalidad de la Armada china - El Digital de Asturias","og:description":"Washington, 23 ene (EFE).- El comandante de las Fuerzas Armadas de Estados Unidos en el Pac\u00edfico, el almirante Samuel Locklear, lament\u00f3 hoy la falta de profesionalidad de la Armada china en un encontronazo ocurrido en aguas internacionales el mes pasado. El incidente tuvo lugar a comienzos de diciembre en el Mar de China Meridional y","og:url":"https:\/\/www.eldigitaldeasturias.com\/noticias\/comandante-de-ee-uu-lamenta-la-poca-profesionalidad-de-la-armada-china\/","og:image":"https:\/\/www.eldigitaldeasturias.com\/noticias\/wp-content\/uploads\/2026\/06\/Contenidos.jpg","og:image:secure_url":"https:\/\/www.eldigitaldeasturias.com\/noticias\/wp-content\/uploads\/2026\/06\/Contenidos.jpg","og:image:width":1265,"og:image:height":697,"article:tag":["actualidad"],"article:published_time":"2014-01-24T10:38:07+00:00","article:modified_time":"2014-01-24T10:38:07+00:00","article:publisher":"https:\/\/facebook.com\/eldigitaldeasturias","twitter:card":"summary_large_image","twitter:title":"Comandante de EE.UU. lamenta la poca profesionalidad de la Armada china - El Digital de Asturias","twitter:description":"Washington, 23 ene (EFE).- El comandante de las Fuerzas Armadas de Estados Unidos en el Pac\u00edfico, el almirante Samuel Locklear, lament\u00f3 hoy la falta de profesionalidad de la Armada china en un encontronazo ocurrido en aguas internacionales el mes pasado. El incidente tuvo lugar a comienzos de diciembre en el Mar de China Meridional y","twitter:image":"https:\/\/www.eldigitaldeasturias.com\/noticias\/wp-content\/uploads\/2026\/06\/Contenidos.jpg","twitter:label1":"Escrito por","twitter:data1":"El Digital de Asturias","twitter:label2":"Tiempo de lectura estimado","twitter:data2":"2 minutos"},"aioseo_meta_data":{"post_id":"478144","title":null,"description":null,"keywords":null,"keyphrases":null,"primary_term":null,"canonical_url":null,"og_title":null,"og_description":null,"og_object_type":"default","og_image_type":"default","og_image_url":null,"og_image_width":null,"og_image_height":null,"og_image_custom_url":null,"og_image_custom_fields":null,"og_video":null,"og_custom_url":null,"og_article_section":null,"og_article_tags":null,"twitter_use_og":true,"twitter_card":"default","twitter_image_type":"default","twitter_image_url":null,"twitter_image_custom_url":null,"twitter_image_custom_fields":null,"twitter_title":null,"twitter_description":null,"schema":{"blockGraphs":[],"customGraphs":[],"default":{"data":{"Article":[],"Course":[],"Dataset":[],"FAQPage":[],"Movie":[],"Person":[],"Product":[],"ProductReview":[],"Car":[],"Recipe":[],"Service":[],"SoftwareApplication":[],"WebPage":[]},"graphName":"","isEnabled":true},"graphs":[],"defaultGraph":"","defaultPostTypeGraph":""},"schema_type":null,"schema_type_options":null,"pillar_content":false,"robots_default":true,"robots_noindex":false,"robots_noarchive":false,"robots_nosnippet":false,"robots_nofollow":false,"robots_noimageindex":false,"robots_noodp":false,"robots_notranslate":false,"robots_max_snippet":null,"robots_max_videopreview":null,"robots_max_imagepreview":"none","priority":null,"frequency":null,"local_seo":null,"seo_analyzer_scan_date":"2026-06-01 20:36:56","breadcrumb_settings":null,"limit_modified_date":false,"open_ai":null,"ai":null,"created":"2020-11-14 22:53:48","updated":"2026-06-01 20:36:56","focus_keyword":null,"additional_keywords":null,"truseo_locale":null},"aioseo_breadcrumb":"<div class=\"aioseo-breadcrumbs\"><span class=\"aioseo-breadcrumb\">\n\t<a href=\"https:\/\/www.eldigitaldeasturias.com\/noticias\" title=\"Home\">Home<\/a>\n<\/span><span class=\"aioseo-breadcrumb-separator\">\u2013<\/span><span class=\"aioseo-breadcrumb\">\n\t<a href=\"https:\/\/www.eldigitaldeasturias.com\/noticias\/category\/actualidad\/\" title=\"Actualidad\">Actualidad<\/a>\n<\/span><span class=\"aioseo-breadcrumb-separator\">\u2013<\/span><span class=\"aioseo-breadcrumb\">\n\t<a href=\"https:\/\/www.eldigitaldeasturias.com\/noticias\/comandante-de-ee-uu-lamenta-la-poca-profesionalidad-de-la-armada-china\/\" title=\"Comandante de EE.UU. lamenta la poca profesionalidad de la Armada china\">Comandante de EE.UU. lamenta la poca profesionalidad de la Armada china<\/a>\n<\/span><\/div>","aioseo_breadcrumb_json":[{"label":"Home","link":"https:\/\/www.eldigitaldeasturias.com\/noticias"},{"label":"Actualidad","link":"https:\/\/www.eldigitaldeasturias.com\/noticias\/category\/actualidad\/"},{"label":"Comandante de EE.UU. lamenta la poca profesionalidad de la Armada china","link":"https:\/\/www.eldigitaldeasturias.com\/noticias\/comandante-de-ee-uu-lamenta-la-poca-profesionalidad-de-la-armada-china\/"}],"_links":{"self":[{"href":"https:\/\/www.eldigitaldeasturias.com\/noticias\/wp-json\/wp\/v2\/posts\/478144","targetHints":{"allow":["GET"]}}],"collection":[{"href":"https:\/\/www.eldigitaldeasturias.com\/noticias\/wp-json\/wp\/v2\/posts"}],"about":[{"href":"https:\/\/www.eldigitaldeasturias.com\/noticias\/wp-json\/wp\/v2\/types\/post"}],"author":[{"embeddable":true,"href":"https:\/\/www.eldigitaldeasturias.com\/noticias\/wp-json\/wp\/v2\/users\/1"}],"replies":[{"embeddable":true,"href":"https:\/\/www.eldigitaldeasturias.com\/noticias\/wp-json\/wp\/v2\/comments?post=478144"}],"version-history":[{"count":0,"href":"https:\/\/www.eldigitaldeasturias.com\/noticias\/wp-json\/wp\/v2\/posts\/478144\/revisions"}],"wp:featuredmedia":[{"embeddable":true,"href":"https:\/\/www.eldigitaldeasturias.com\/noticias\/wp-json\/wp\/v2\/media\/1132184"}],"wp:attachment":[{"href":"https:\/\/www.eldigitaldeasturias.com\/noticias\/wp-json\/wp\/v2\/media?parent=478144"}],"wp:term":[{"taxonomy":"category","embeddable":true,"href":"https:\/\/www.eldigitaldeasturias.com\/noticias\/wp-json\/wp\/v2\/categories?post=478144"},{"taxonomy":"post_tag","embeddable":true,"href":"https:\/\/www.eldigitaldeasturias.com\/noticias\/wp-json\/wp\/v2\/tags?post=478144"}],"curies":[{"name":"wp","href":"https:\/\/api.w.org\/{rel}","templated":true}]}}