{"id":478141,"date":"2014-01-24T09:36:41","date_gmt":"2014-01-24T10:36:41","guid":{"rendered":"http:\/\/www.eldigitaldeasturias.com\/noticias\/?p=478141"},"modified":"2014-01-24T09:36:41","modified_gmt":"2014-01-24T10:36:41","slug":"medioambiente-anuncia-nuevas-medidas-para-la-proteccion-de-los-alcornocales","status":"publish","type":"post","link":"https:\/\/www.eldigitaldeasturias.com\/noticias\/medioambiente-anuncia-nuevas-medidas-para-la-proteccion-de-los-alcornocales\/","title":{"rendered":"Medioambiente anuncia nuevas medidas para la protecci\u00f3n de los alcornocales"},"content":{"rendered":"<p><img loading=\"lazy\" decoding=\"async\" class=\"alignleft size-medium wp-image-478142\" alt=\"5872228w\" src=\"https:\/\/www.eldigitaldeasturias.com\/noticias\/wp-content\/uploads\/2014\/01\/5872228w-360x237.jpg\" width=\"360\" height=\"237\" \/>Madrid, 23 ene (EFE).- Un inventario nacional sobre el estado de los alcornocales, un plan espec\u00edfico sobre dehesas y la redacci\u00f3n de varias gu\u00edas de buenas pr\u00e1cticas son algunas de las medidas que pondr\u00e1 en marcha el Gobierno para mejorar la protecci\u00f3n de estas masas forestales.<\/p>\n<p>As\u00ed lo ha anunciado hoy el secretario de Estado de Medioambiente, Federico Ramos, durante la clausura de la Conferencia Internacional \u00abAlcornocales y sector corchero\u00bb que ha reunido en Madrid a unos 300 expertos espa\u00f1oles, portugueses y franceses.<\/p>\n<p>Ramos ha recordado que los bosques de alcornoques constituyen una fuente \u00abincalculable\u00bb de riqueza verde, por lo que hay que defender, proteger y promover sus ecosistemas.<\/p>\n<p>Adem\u00e1s, durante estas sesiones se ha propuesto llevar a cabo un plan de difusi\u00f3n conjunto entre Espa\u00f1a y Portugal dirigido al sector del corcho y a la poblaci\u00f3n en general, para dar a conocer los valores del alcornoque.<\/p>\n<p>Una gesti\u00f3n \u00abadecuada\u00bb de estos bosques puede satisfacer necesidades como la creaci\u00f3n de empleo y el fomento de la actividad econ\u00f3mica en el entorno rural, gracias a los recursos que proporciona este \u00e1rbol, como la madera y el corcho, ha resaltado el secretario de Estado.<\/p>\n<p>Adem\u00e1s de la saca del corcho, esta especie ofrece \u00abgran valor\u00bb al turismo de naturaleza, por sus valores paisaj\u00edsticos y su inter\u00e9s micol\u00f3gico.<\/p>\n<p>Seg\u00fan Ramos, la dehesa de alcornoque presta \u00abservicios ambientales\u00bb porque tiene una funci\u00f3n activa frente al cambio clim\u00e1tico en su calidad de sumidero de di\u00f3xido de carbono y un papel regulador en el ciclo del agua.<\/p>\n<p>Los especialistas que han participado en estas jornadas han apostado por el renacimiento de la cultura de la dehesa y el redescubrimiento del corcho como fuente de riqueza.<\/p>\n<p>Ramos ha recordado las actuales amenazas del alcornoque como la sobreexplotaci\u00f3n de los pastos, el abandono rural y el estancamiento del sector; problemas que afectan a \u00abla salud\u00bb de la especie y la hace vulnerable a enfermedades e incendios.<\/p>\n<p>Para luchar contra estas adversidades, el secretario de Estado ha se\u00f1alado que es precisa una acci\u00f3n decidida de colaboraci\u00f3n entre la administraci\u00f3n p\u00fablica, el sector del corcho y los propietarios de los bosques<\/p>\n","protected":false},"excerpt":{"rendered":"<p>Madrid, 23 ene (EFE).- Un inventario nacional sobre el estado de los alcornocales, un plan espec\u00edfico sobre dehesas y la redacci\u00f3n de varias gu\u00edas de buenas pr\u00e1cticas son algunas de las medidas que pondr\u00e1 en marcha el Gobierno para mejorar la protecci\u00f3n de estas masas forestales. As\u00ed lo ha anunciado hoy el secretario de Estado [&hellip;]<\/p>\n","protected":false},"author":1,"featured_media":1132184,"comment_status":"closed","ping_status":"open","sticky":false,"template":"","format":"standard","meta":{"footnotes":""},"categories":[1],"tags":[],"class_list":["post-478141","post","type-post","status-publish","format-standard","has-post-thumbnail","hentry","category-actualidad"],"aioseo_notices":[],"aioseo_head":"\n\t\t<!-- All in One SEO Pro 5.0.1 - aioseo.com -->\n\t<meta name=\"description\" content=\"Madrid, 23 ene (EFE).- Un inventario nacional sobre el estado de los alcornocales, un plan espec\u00edfico sobre dehesas y la redacci\u00f3n de varias gu\u00edas de buenas pr\u00e1cticas son algunas de las medidas que pondr\u00e1 en marcha el Gobierno para mejorar la protecci\u00f3n de estas masas forestales. As\u00ed lo ha anunciado hoy el secretario de Estado\" \/>\n\t<meta name=\"robots\" content=\"max-image-preview:large\" \/>\n\t<meta name=\"author\" content=\"El Digital de Asturias\"\/>\n\t<meta name=\"google-site-verification\" content=\"UA-38556648-1\" \/>\n\t<meta name=\"msvalidate.01\" content=\"7dfe9f3f1b24437ab69f4f2559babe99\" \/>\n\t<meta name=\"keywords\" content=\"actualidad\" \/>\n\t<link rel=\"canonical\" href=\"https:\/\/www.eldigitaldeasturias.com\/noticias\/medioambiente-anuncia-nuevas-medidas-para-la-proteccion-de-los-alcornocales\/\" \/>\n\t<meta name=\"generator\" content=\"All in One SEO Pro (AIOSEO) 5.0.1\" \/>\n\t\t<meta property=\"og:locale\" content=\"es_ES\" \/>\n\t\t<meta property=\"og:site_name\" content=\"El Digital de Asturias\" \/>\n\t\t<meta property=\"og:type\" content=\"article\" \/>\n\t\t<meta property=\"og:title\" content=\"Medioambiente anuncia nuevas medidas para la protecci\u00f3n de los alcornocales - El Digital de Asturias\" \/>\n\t\t<meta property=\"og:description\" content=\"Madrid, 23 ene (EFE).- Un inventario nacional sobre el estado de los alcornocales, un plan espec\u00edfico sobre dehesas y la redacci\u00f3n de varias gu\u00edas de buenas pr\u00e1cticas son algunas de las medidas que pondr\u00e1 en marcha el Gobierno para mejorar la protecci\u00f3n de estas masas forestales. As\u00ed lo ha anunciado hoy el secretario de Estado\" \/>\n\t\t<meta property=\"og:url\" content=\"https:\/\/www.eldigitaldeasturias.com\/noticias\/medioambiente-anuncia-nuevas-medidas-para-la-proteccion-de-los-alcornocales\/\" \/>\n\t\t<meta property=\"og:image\" content=\"https:\/\/www.eldigitaldeasturias.com\/noticias\/wp-content\/uploads\/2026\/06\/Contenidos.jpg\" \/>\n\t\t<meta property=\"og:image:secure_url\" content=\"https:\/\/www.eldigitaldeasturias.com\/noticias\/wp-content\/uploads\/2026\/06\/Contenidos.jpg\" \/>\n\t\t<meta property=\"og:image:width\" content=\"1265\" \/>\n\t\t<meta property=\"og:image:height\" content=\"697\" \/>\n\t\t<meta property=\"article:tag\" content=\"actualidad\" \/>\n\t\t<meta property=\"article:published_time\" content=\"2014-01-24T10:36:41+00:00\" \/>\n\t\t<meta property=\"article:modified_time\" content=\"2014-01-24T10:36:41+00:00\" \/>\n\t\t<meta property=\"article:publisher\" content=\"https:\/\/facebook.com\/eldigitaldeasturias\" \/>\n\t\t<meta name=\"twitter:card\" content=\"summary_large_image\" \/>\n\t\t<meta name=\"twitter:title\" content=\"Medioambiente anuncia nuevas medidas para la protecci\u00f3n de los alcornocales - El Digital de Asturias\" \/>\n\t\t<meta name=\"twitter:description\" content=\"Madrid, 23 ene (EFE).- Un inventario nacional sobre el estado de los alcornocales, un plan espec\u00edfico sobre dehesas y la redacci\u00f3n de varias gu\u00edas de buenas pr\u00e1cticas son algunas de las medidas que pondr\u00e1 en marcha el Gobierno para mejorar la protecci\u00f3n de estas masas forestales. As\u00ed lo ha anunciado hoy el secretario de Estado\" \/>\n\t\t<meta name=\"twitter:image\" content=\"https:\/\/www.eldigitaldeasturias.com\/noticias\/wp-content\/uploads\/2026\/06\/Contenidos.jpg\" \/>\n\t\t<meta name=\"twitter:label1\" content=\"Escrito por\" \/>\n\t\t<meta name=\"twitter:data1\" content=\"El Digital de Asturias\" \/>\n\t\t<meta name=\"twitter:label2\" content=\"Tiempo de lectura estimado\" \/>\n\t\t<meta name=\"twitter:data2\" content=\"2 minutos\" \/>\n\t\t<script type=\"application\/ld+json\" class=\"aioseo-schema\">\n\t\t\t{\"@context\":\"https:\\\/\\\/schema.org\",\"@graph\":[{\"@type\":\"BlogPosting\",\"@id\":\"https:\\\/\\\/www.eldigitaldeasturias.com\\\/noticias\\\/medioambiente-anuncia-nuevas-medidas-para-la-proteccion-de-los-alcornocales\\\/#blogposting\",\"name\":\"Medioambiente anuncia nuevas medidas para la protecci\\u00f3n de los alcornocales - El Digital de Asturias\",\"headline\":\"Medioambiente anuncia nuevas medidas para la protecci\\u00f3n de los alcornocales\",\"author\":{\"@id\":\"https:\\\/\\\/www.eldigitaldeasturias.com\\\/noticias\\\/author\\\/admin\\\/#author\"},\"publisher\":{\"@id\":\"https:\\\/\\\/www.eldigitaldeasturias.com\\\/noticias\\\/#organization\"},\"image\":{\"@type\":\"ImageObject\",\"url\":\"https:\\\/\\\/www.eldigitaldeasturias.com\\\/noticias\\\/wp-content\\\/uploads\\\/2026\\\/06\\\/Contenidos.jpg\",\"width\":1265,\"height\":697,\"caption\":\"Contenidos\"},\"datePublished\":\"2014-01-24T09:36:41+01:00\",\"dateModified\":\"2014-01-24T09:36:41+01:00\",\"inLanguage\":\"es-ES\",\"mainEntityOfPage\":{\"@id\":\"https:\\\/\\\/www.eldigitaldeasturias.com\\\/noticias\\\/medioambiente-anuncia-nuevas-medidas-para-la-proteccion-de-los-alcornocales\\\/#webpage\"},\"isPartOf\":{\"@id\":\"https:\\\/\\\/www.eldigitaldeasturias.com\\\/noticias\\\/medioambiente-anuncia-nuevas-medidas-para-la-proteccion-de-los-alcornocales\\\/#webpage\"},\"articleSection\":\"Actualidad\"},{\"@type\":\"BreadcrumbList\",\"@id\":\"https:\\\/\\\/www.eldigitaldeasturias.com\\\/noticias\\\/medioambiente-anuncia-nuevas-medidas-para-la-proteccion-de-los-alcornocales\\\/#breadcrumblist\",\"itemListElement\":[{\"@type\":\"ListItem\",\"@id\":\"https:\\\/\\\/www.eldigitaldeasturias.com\\\/noticias#listItem\",\"position\":1,\"name\":\"Home\",\"item\":\"https:\\\/\\\/www.eldigitaldeasturias.com\\\/noticias\",\"nextItem\":{\"@type\":\"ListItem\",\"@id\":\"https:\\\/\\\/www.eldigitaldeasturias.com\\\/noticias\\\/category\\\/actualidad\\\/#listItem\",\"name\":\"Actualidad\"}},{\"@type\":\"ListItem\",\"@id\":\"https:\\\/\\\/www.eldigitaldeasturias.com\\\/noticias\\\/category\\\/actualidad\\\/#listItem\",\"position\":2,\"name\":\"Actualidad\",\"item\":\"https:\\\/\\\/www.eldigitaldeasturias.com\\\/noticias\\\/category\\\/actualidad\\\/\",\"nextItem\":{\"@type\":\"ListItem\",\"@id\":\"https:\\\/\\\/www.eldigitaldeasturias.com\\\/noticias\\\/medioambiente-anuncia-nuevas-medidas-para-la-proteccion-de-los-alcornocales\\\/#listItem\",\"name\":\"Medioambiente anuncia nuevas medidas para la protecci\\u00f3n de los alcornocales\"},\"previousItem\":{\"@type\":\"ListItem\",\"@id\":\"https:\\\/\\\/www.eldigitaldeasturias.com\\\/noticias#listItem\",\"name\":\"Home\"}},{\"@type\":\"ListItem\",\"@id\":\"https:\\\/\\\/www.eldigitaldeasturias.com\\\/noticias\\\/medioambiente-anuncia-nuevas-medidas-para-la-proteccion-de-los-alcornocales\\\/#listItem\",\"position\":3,\"name\":\"Medioambiente anuncia nuevas medidas para la protecci\\u00f3n de los alcornocales\",\"previousItem\":{\"@type\":\"ListItem\",\"@id\":\"https:\\\/\\\/www.eldigitaldeasturias.com\\\/noticias\\\/category\\\/actualidad\\\/#listItem\",\"name\":\"Actualidad\"}}]},{\"@type\":\"Organization\",\"@id\":\"https:\\\/\\\/www.eldigitaldeasturias.com\\\/noticias\\\/#organization\",\"name\":\"El Digital de Asturias\",\"description\":\"Hemeroteca\",\"url\":\"https:\\\/\\\/www.eldigitaldeasturias.com\\\/noticias\\\/\",\"email\":\"info@eldigitaldeasturias.com\",\"telephone\":\"+34652131393\",\"logo\":{\"@type\":\"ImageObject\",\"url\":\"https:\\\/\\\/www.eldigitaldeasturias.com\\\/noticias\\\/wp-content\\\/uploads\\\/2020\\\/12\\\/EDA.jpg\",\"@id\":\"https:\\\/\\\/www.eldigitaldeasturias.com\\\/noticias\\\/medioambiente-anuncia-nuevas-medidas-para-la-proteccion-de-los-alcornocales\\\/#organizationLogo\"},\"image\":{\"@id\":\"https:\\\/\\\/www.eldigitaldeasturias.com\\\/noticias\\\/medioambiente-anuncia-nuevas-medidas-para-la-proteccion-de-los-alcornocales\\\/#organizationLogo\"},\"sameAs\":[\"https:\\\/\\\/facebook.com\\\/eldigitaldeasturias\",\"https:\\\/\\\/www.youtube.com\\\/channel\\\/UCZP-2wLEB9Rv6erhFmqVnvg\"],\"address\":{\"@id\":\"https:\\\/\\\/www.eldigitaldeasturias.com\\\/noticias\\\/#postaladdress\",\"@type\":\"PostalAddress\",\"streetAddress\":\"san antonio 4\",\"postalCode\":\"33430\",\"addressLocality\":\"Cand\\u00e1s\",\"addressRegion\":\"Asturias\",\"addressCountry\":\"ES\"}},{\"@type\":\"Person\",\"@id\":\"https:\\\/\\\/www.eldigitaldeasturias.com\\\/noticias\\\/author\\\/admin\\\/#author\",\"url\":\"https:\\\/\\\/www.eldigitaldeasturias.com\\\/noticias\\\/author\\\/admin\\\/\",\"name\":\"El Digital de Asturias\",\"image\":{\"@type\":\"ImageObject\",\"@id\":\"https:\\\/\\\/www.eldigitaldeasturias.com\\\/noticias\\\/medioambiente-anuncia-nuevas-medidas-para-la-proteccion-de-los-alcornocales\\\/#authorImage\",\"url\":\"https:\\\/\\\/secure.gravatar.com\\\/avatar\\\/df2aeffc32bcd13f8d26072ef8a91b623d677766deac7f97ca815868cd41bf5e?s=96&d=mm&r=g\",\"width\":96,\"height\":96,\"caption\":\"El Digital de Asturias\"}},{\"@type\":\"WebPage\",\"@id\":\"https:\\\/\\\/www.eldigitaldeasturias.com\\\/noticias\\\/medioambiente-anuncia-nuevas-medidas-para-la-proteccion-de-los-alcornocales\\\/#webpage\",\"url\":\"https:\\\/\\\/www.eldigitaldeasturias.com\\\/noticias\\\/medioambiente-anuncia-nuevas-medidas-para-la-proteccion-de-los-alcornocales\\\/\",\"name\":\"Medioambiente anuncia nuevas medidas para la protecci\\u00f3n de los alcornocales - El Digital de Asturias\",\"description\":\"Madrid, 23 ene (EFE).- Un inventario nacional sobre el estado de los alcornocales, un plan espec\\u00edfico sobre dehesas y la redacci\\u00f3n de varias gu\\u00edas de buenas pr\\u00e1cticas son algunas de las medidas que pondr\\u00e1 en marcha el Gobierno para mejorar la protecci\\u00f3n de estas masas forestales. As\\u00ed lo ha anunciado hoy el secretario de Estado\",\"inLanguage\":\"es-ES\",\"isPartOf\":{\"@id\":\"https:\\\/\\\/www.eldigitaldeasturias.com\\\/noticias\\\/#website\"},\"breadcrumb\":{\"@id\":\"https:\\\/\\\/www.eldigitaldeasturias.com\\\/noticias\\\/medioambiente-anuncia-nuevas-medidas-para-la-proteccion-de-los-alcornocales\\\/#breadcrumblist\"},\"author\":{\"@id\":\"https:\\\/\\\/www.eldigitaldeasturias.com\\\/noticias\\\/author\\\/admin\\\/#author\"},\"creator\":{\"@id\":\"https:\\\/\\\/www.eldigitaldeasturias.com\\\/noticias\\\/author\\\/admin\\\/#author\"},\"image\":{\"@type\":\"ImageObject\",\"url\":\"https:\\\/\\\/www.eldigitaldeasturias.com\\\/noticias\\\/wp-content\\\/uploads\\\/2026\\\/06\\\/Contenidos.jpg\",\"@id\":\"https:\\\/\\\/www.eldigitaldeasturias.com\\\/noticias\\\/medioambiente-anuncia-nuevas-medidas-para-la-proteccion-de-los-alcornocales\\\/#mainImage\",\"width\":1265,\"height\":697,\"caption\":\"Contenidos\"},\"primaryImageOfPage\":{\"@id\":\"https:\\\/\\\/www.eldigitaldeasturias.com\\\/noticias\\\/medioambiente-anuncia-nuevas-medidas-para-la-proteccion-de-los-alcornocales\\\/#mainImage\"},\"datePublished\":\"2014-01-24T09:36:41+01:00\",\"dateModified\":\"2014-01-24T09:36:41+01:00\"},{\"@type\":\"WebSite\",\"@id\":\"https:\\\/\\\/www.eldigitaldeasturias.com\\\/noticias\\\/#website\",\"url\":\"https:\\\/\\\/www.eldigitaldeasturias.com\\\/noticias\\\/\",\"name\":\"El Digital de Asturias - Diario de actualidad y noticias\",\"alternateName\":\"El Digital de Asturias - Diario de actualidad y noticias\",\"description\":\"Hemeroteca\",\"inLanguage\":\"es-ES\",\"publisher\":{\"@id\":\"https:\\\/\\\/www.eldigitaldeasturias.com\\\/noticias\\\/#organization\"}}]}\n\t\t<\/script>\n\t\t<!-- All in One SEO Pro -->\r\n\t\t<title>Medioambiente anuncia nuevas medidas para la protecci\u00f3n de los alcornocales - El Digital de Asturias<\/title>\n\n","aioseo_head_json":{"title":"Medioambiente anuncia nuevas medidas para la protecci\u00f3n de los alcornocales - El Digital de Asturias","description":"Madrid, 23 ene (EFE).- Un inventario nacional sobre el estado de los alcornocales, un plan espec\u00edfico sobre dehesas y la redacci\u00f3n de varias gu\u00edas de buenas pr\u00e1cticas son algunas de las medidas que pondr\u00e1 en marcha el Gobierno para mejorar la protecci\u00f3n de estas masas forestales. As\u00ed lo ha anunciado hoy el secretario de Estado","canonical_url":"https:\/\/www.eldigitaldeasturias.com\/noticias\/medioambiente-anuncia-nuevas-medidas-para-la-proteccion-de-los-alcornocales\/","robots":"max-image-preview:large","keywords":"actualidad","webmasterTools":{"google-site-verification":"UA-38556648-1","msvalidate.01":"7dfe9f3f1b24437ab69f4f2559babe99","miscellaneous":""},"schema":{"@context":"https:\/\/schema.org","@graph":[{"@type":"BlogPosting","@id":"https:\/\/www.eldigitaldeasturias.com\/noticias\/medioambiente-anuncia-nuevas-medidas-para-la-proteccion-de-los-alcornocales\/#blogposting","name":"Medioambiente anuncia nuevas medidas para la protecci\u00f3n de los alcornocales - El Digital de Asturias","headline":"Medioambiente anuncia nuevas medidas para la protecci\u00f3n de los alcornocales","author":{"@id":"https:\/\/www.eldigitaldeasturias.com\/noticias\/author\/admin\/#author"},"publisher":{"@id":"https:\/\/www.eldigitaldeasturias.com\/noticias\/#organization"},"image":{"@type":"ImageObject","url":"https:\/\/www.eldigitaldeasturias.com\/noticias\/wp-content\/uploads\/2026\/06\/Contenidos.jpg","width":1265,"height":697,"caption":"Contenidos"},"datePublished":"2014-01-24T09:36:41+01:00","dateModified":"2014-01-24T09:36:41+01:00","inLanguage":"es-ES","mainEntityOfPage":{"@id":"https:\/\/www.eldigitaldeasturias.com\/noticias\/medioambiente-anuncia-nuevas-medidas-para-la-proteccion-de-los-alcornocales\/#webpage"},"isPartOf":{"@id":"https:\/\/www.eldigitaldeasturias.com\/noticias\/medioambiente-anuncia-nuevas-medidas-para-la-proteccion-de-los-alcornocales\/#webpage"},"articleSection":"Actualidad"},{"@type":"BreadcrumbList","@id":"https:\/\/www.eldigitaldeasturias.com\/noticias\/medioambiente-anuncia-nuevas-medidas-para-la-proteccion-de-los-alcornocales\/#breadcrumblist","itemListElement":[{"@type":"ListItem","@id":"https:\/\/www.eldigitaldeasturias.com\/noticias#listItem","position":1,"name":"Home","item":"https:\/\/www.eldigitaldeasturias.com\/noticias","nextItem":{"@type":"ListItem","@id":"https:\/\/www.eldigitaldeasturias.com\/noticias\/category\/actualidad\/#listItem","name":"Actualidad"}},{"@type":"ListItem","@id":"https:\/\/www.eldigitaldeasturias.com\/noticias\/category\/actualidad\/#listItem","position":2,"name":"Actualidad","item":"https:\/\/www.eldigitaldeasturias.com\/noticias\/category\/actualidad\/","nextItem":{"@type":"ListItem","@id":"https:\/\/www.eldigitaldeasturias.com\/noticias\/medioambiente-anuncia-nuevas-medidas-para-la-proteccion-de-los-alcornocales\/#listItem","name":"Medioambiente anuncia nuevas medidas para la protecci\u00f3n de los alcornocales"},"previousItem":{"@type":"ListItem","@id":"https:\/\/www.eldigitaldeasturias.com\/noticias#listItem","name":"Home"}},{"@type":"ListItem","@id":"https:\/\/www.eldigitaldeasturias.com\/noticias\/medioambiente-anuncia-nuevas-medidas-para-la-proteccion-de-los-alcornocales\/#listItem","position":3,"name":"Medioambiente anuncia nuevas medidas para la protecci\u00f3n de los alcornocales","previousItem":{"@type":"ListItem","@id":"https:\/\/www.eldigitaldeasturias.com\/noticias\/category\/actualidad\/#listItem","name":"Actualidad"}}]},{"@type":"Organization","@id":"https:\/\/www.eldigitaldeasturias.com\/noticias\/#organization","name":"El Digital de Asturias","description":"Hemeroteca","url":"https:\/\/www.eldigitaldeasturias.com\/noticias\/","email":"info@eldigitaldeasturias.com","telephone":"+34652131393","logo":{"@type":"ImageObject","url":"https:\/\/www.eldigitaldeasturias.com\/noticias\/wp-content\/uploads\/2020\/12\/EDA.jpg","@id":"https:\/\/www.eldigitaldeasturias.com\/noticias\/medioambiente-anuncia-nuevas-medidas-para-la-proteccion-de-los-alcornocales\/#organizationLogo"},"image":{"@id":"https:\/\/www.eldigitaldeasturias.com\/noticias\/medioambiente-anuncia-nuevas-medidas-para-la-proteccion-de-los-alcornocales\/#organizationLogo"},"sameAs":["https:\/\/facebook.com\/eldigitaldeasturias","https:\/\/www.youtube.com\/channel\/UCZP-2wLEB9Rv6erhFmqVnvg"],"address":{"@id":"https:\/\/www.eldigitaldeasturias.com\/noticias\/#postaladdress","@type":"PostalAddress","streetAddress":"san antonio 4","postalCode":"33430","addressLocality":"Cand\u00e1s","addressRegion":"Asturias","addressCountry":"ES"}},{"@type":"Person","@id":"https:\/\/www.eldigitaldeasturias.com\/noticias\/author\/admin\/#author","url":"https:\/\/www.eldigitaldeasturias.com\/noticias\/author\/admin\/","name":"El Digital de Asturias","image":{"@type":"ImageObject","@id":"https:\/\/www.eldigitaldeasturias.com\/noticias\/medioambiente-anuncia-nuevas-medidas-para-la-proteccion-de-los-alcornocales\/#authorImage","url":"https:\/\/secure.gravatar.com\/avatar\/df2aeffc32bcd13f8d26072ef8a91b623d677766deac7f97ca815868cd41bf5e?s=96&d=mm&r=g","width":96,"height":96,"caption":"El Digital de Asturias"}},{"@type":"WebPage","@id":"https:\/\/www.eldigitaldeasturias.com\/noticias\/medioambiente-anuncia-nuevas-medidas-para-la-proteccion-de-los-alcornocales\/#webpage","url":"https:\/\/www.eldigitaldeasturias.com\/noticias\/medioambiente-anuncia-nuevas-medidas-para-la-proteccion-de-los-alcornocales\/","name":"Medioambiente anuncia nuevas medidas para la protecci\u00f3n de los alcornocales - El Digital de Asturias","description":"Madrid, 23 ene (EFE).- Un inventario nacional sobre el estado de los alcornocales, un plan espec\u00edfico sobre dehesas y la redacci\u00f3n de varias gu\u00edas de buenas pr\u00e1cticas son algunas de las medidas que pondr\u00e1 en marcha el Gobierno para mejorar la protecci\u00f3n de estas masas forestales. As\u00ed lo ha anunciado hoy el secretario de Estado","inLanguage":"es-ES","isPartOf":{"@id":"https:\/\/www.eldigitaldeasturias.com\/noticias\/#website"},"breadcrumb":{"@id":"https:\/\/www.eldigitaldeasturias.com\/noticias\/medioambiente-anuncia-nuevas-medidas-para-la-proteccion-de-los-alcornocales\/#breadcrumblist"},"author":{"@id":"https:\/\/www.eldigitaldeasturias.com\/noticias\/author\/admin\/#author"},"creator":{"@id":"https:\/\/www.eldigitaldeasturias.com\/noticias\/author\/admin\/#author"},"image":{"@type":"ImageObject","url":"https:\/\/www.eldigitaldeasturias.com\/noticias\/wp-content\/uploads\/2026\/06\/Contenidos.jpg","@id":"https:\/\/www.eldigitaldeasturias.com\/noticias\/medioambiente-anuncia-nuevas-medidas-para-la-proteccion-de-los-alcornocales\/#mainImage","width":1265,"height":697,"caption":"Contenidos"},"primaryImageOfPage":{"@id":"https:\/\/www.eldigitaldeasturias.com\/noticias\/medioambiente-anuncia-nuevas-medidas-para-la-proteccion-de-los-alcornocales\/#mainImage"},"datePublished":"2014-01-24T09:36:41+01:00","dateModified":"2014-01-24T09:36:41+01:00"},{"@type":"WebSite","@id":"https:\/\/www.eldigitaldeasturias.com\/noticias\/#website","url":"https:\/\/www.eldigitaldeasturias.com\/noticias\/","name":"El Digital de Asturias - Diario de actualidad y noticias","alternateName":"El Digital de Asturias - Diario de actualidad y noticias","description":"Hemeroteca","inLanguage":"es-ES","publisher":{"@id":"https:\/\/www.eldigitaldeasturias.com\/noticias\/#organization"}}]},"og:locale":"es_ES","og:site_name":"El Digital de Asturias","og:type":"article","og:title":"Medioambiente anuncia nuevas medidas para la protecci\u00f3n de los alcornocales - El Digital de Asturias","og:description":"Madrid, 23 ene (EFE).- Un inventario nacional sobre el estado de los alcornocales, un plan espec\u00edfico sobre dehesas y la redacci\u00f3n de varias gu\u00edas de buenas pr\u00e1cticas son algunas de las medidas que pondr\u00e1 en marcha el Gobierno para mejorar la protecci\u00f3n de estas masas forestales. As\u00ed lo ha anunciado hoy el secretario de Estado","og:url":"https:\/\/www.eldigitaldeasturias.com\/noticias\/medioambiente-anuncia-nuevas-medidas-para-la-proteccion-de-los-alcornocales\/","og:image":"https:\/\/www.eldigitaldeasturias.com\/noticias\/wp-content\/uploads\/2026\/06\/Contenidos.jpg","og:image:secure_url":"https:\/\/www.eldigitaldeasturias.com\/noticias\/wp-content\/uploads\/2026\/06\/Contenidos.jpg","og:image:width":1265,"og:image:height":697,"article:tag":["actualidad"],"article:published_time":"2014-01-24T10:36:41+00:00","article:modified_time":"2014-01-24T10:36:41+00:00","article:publisher":"https:\/\/facebook.com\/eldigitaldeasturias","twitter:card":"summary_large_image","twitter:title":"Medioambiente anuncia nuevas medidas para la protecci\u00f3n de los alcornocales - El Digital de Asturias","twitter:description":"Madrid, 23 ene (EFE).- Un inventario nacional sobre el estado de los alcornocales, un plan espec\u00edfico sobre dehesas y la redacci\u00f3n de varias gu\u00edas de buenas pr\u00e1cticas son algunas de las medidas que pondr\u00e1 en marcha el Gobierno para mejorar la protecci\u00f3n de estas masas forestales. As\u00ed lo ha anunciado hoy el secretario de Estado","twitter:image":"https:\/\/www.eldigitaldeasturias.com\/noticias\/wp-content\/uploads\/2026\/06\/Contenidos.jpg","twitter:label1":"Escrito por","twitter:data1":"El Digital de Asturias","twitter:label2":"Tiempo de lectura estimado","twitter:data2":"2 minutos"},"aioseo_meta_data":{"post_id":"478141","title":null,"description":null,"keywords":null,"keyphrases":null,"primary_term":null,"canonical_url":null,"og_title":null,"og_description":null,"og_object_type":"default","og_image_type":"default","og_image_url":null,"og_image_width":null,"og_image_height":null,"og_image_custom_url":null,"og_image_custom_fields":null,"og_video":null,"og_custom_url":null,"og_article_section":null,"og_article_tags":null,"twitter_use_og":true,"twitter_card":"default","twitter_image_type":"default","twitter_image_url":null,"twitter_image_custom_url":null,"twitter_image_custom_fields":null,"twitter_title":null,"twitter_description":null,"schema":{"blockGraphs":[],"customGraphs":[],"default":{"data":{"Article":[],"Course":[],"Dataset":[],"FAQPage":[],"Movie":[],"Person":[],"Product":[],"ProductReview":[],"Car":[],"Recipe":[],"Service":[],"SoftwareApplication":[],"WebPage":[]},"graphName":"","isEnabled":true},"graphs":[]},"schema_type":null,"schema_type_options":null,"pillar_content":false,"robots_default":true,"robots_noindex":false,"robots_noarchive":false,"robots_nosnippet":false,"robots_nofollow":false,"robots_noimageindex":false,"robots_noodp":false,"robots_notranslate":false,"robots_max_snippet":null,"robots_max_videopreview":null,"robots_max_imagepreview":"none","priority":null,"frequency":null,"local_seo":null,"seo_analyzer_scan_date":"2026-06-01 20:36:56","breadcrumb_settings":null,"limit_modified_date":false,"open_ai":null,"ai":null,"created":"2020-11-14 22:53:48","updated":"2026-06-01 20:36:56","focus_keyword":null,"additional_keywords":null,"truseo_locale":null},"aioseo_breadcrumb":"<div class=\"aioseo-breadcrumbs\"><span class=\"aioseo-breadcrumb\">\n\t<a href=\"https:\/\/www.eldigitaldeasturias.com\/noticias\" title=\"Home\">Home<\/a>\n<\/span><span class=\"aioseo-breadcrumb-separator\">\u2013<\/span><span class=\"aioseo-breadcrumb\">\n\t<a href=\"https:\/\/www.eldigitaldeasturias.com\/noticias\/category\/actualidad\/\" title=\"Actualidad\">Actualidad<\/a>\n<\/span><span class=\"aioseo-breadcrumb-separator\">\u2013<\/span><span class=\"aioseo-breadcrumb\">\n\t<a href=\"https:\/\/www.eldigitaldeasturias.com\/noticias\/medioambiente-anuncia-nuevas-medidas-para-la-proteccion-de-los-alcornocales\/\" title=\"Medioambiente anuncia nuevas medidas para la protecci\u00f3n de los alcornocales\">Medioambiente anuncia nuevas medidas para la protecci\u00f3n de los alcornocales<\/a>\n<\/span><\/div>","aioseo_breadcrumb_json":[{"label":"Home","link":"https:\/\/www.eldigitaldeasturias.com\/noticias"},{"label":"Actualidad","link":"https:\/\/www.eldigitaldeasturias.com\/noticias\/category\/actualidad\/"},{"label":"Medioambiente anuncia nuevas medidas para la protecci\u00f3n de los alcornocales","link":"https:\/\/www.eldigitaldeasturias.com\/noticias\/medioambiente-anuncia-nuevas-medidas-para-la-proteccion-de-los-alcornocales\/"}],"_links":{"self":[{"href":"https:\/\/www.eldigitaldeasturias.com\/noticias\/wp-json\/wp\/v2\/posts\/478141","targetHints":{"allow":["GET"]}}],"collection":[{"href":"https:\/\/www.eldigitaldeasturias.com\/noticias\/wp-json\/wp\/v2\/posts"}],"about":[{"href":"https:\/\/www.eldigitaldeasturias.com\/noticias\/wp-json\/wp\/v2\/types\/post"}],"author":[{"embeddable":true,"href":"https:\/\/www.eldigitaldeasturias.com\/noticias\/wp-json\/wp\/v2\/users\/1"}],"replies":[{"embeddable":true,"href":"https:\/\/www.eldigitaldeasturias.com\/noticias\/wp-json\/wp\/v2\/comments?post=478141"}],"version-history":[{"count":0,"href":"https:\/\/www.eldigitaldeasturias.com\/noticias\/wp-json\/wp\/v2\/posts\/478141\/revisions"}],"wp:featuredmedia":[{"embeddable":true,"href":"https:\/\/www.eldigitaldeasturias.com\/noticias\/wp-json\/wp\/v2\/media\/1132184"}],"wp:attachment":[{"href":"https:\/\/www.eldigitaldeasturias.com\/noticias\/wp-json\/wp\/v2\/media?parent=478141"}],"wp:term":[{"taxonomy":"category","embeddable":true,"href":"https:\/\/www.eldigitaldeasturias.com\/noticias\/wp-json\/wp\/v2\/categories?post=478141"},{"taxonomy":"post_tag","embeddable":true,"href":"https:\/\/www.eldigitaldeasturias.com\/noticias\/wp-json\/wp\/v2\/tags?post=478141"}],"curies":[{"name":"wp","href":"https:\/\/api.w.org\/{rel}","templated":true}]}}