{"id":478138,"date":"2014-01-24T09:35:09","date_gmt":"2014-01-24T10:35:09","guid":{"rendered":"http:\/\/www.eldigitaldeasturias.com\/noticias\/?p=478138"},"modified":"2014-01-24T09:35:09","modified_gmt":"2014-01-24T10:35:09","slug":"ministra-venezolana-admite-que-hay-discotecas-dentro-de-las-carceles","status":"publish","type":"post","link":"https:\/\/www.eldigitaldeasturias.com\/noticias\/ministra-venezolana-admite-que-hay-discotecas-dentro-de-las-carceles\/","title":{"rendered":"Ministra venezolana admite que hay \u00abdiscotecas\u00bb dentro de las c\u00e1rceles"},"content":{"rendered":"<p><img loading=\"lazy\" decoding=\"async\" class=\"alignleft size-medium wp-image-478139\" alt=\"5872215w\" src=\"https:\/\/www.eldigitaldeasturias.com\/noticias\/wp-content\/uploads\/2014\/01\/5872215w-360x239.jpg\" width=\"360\" height=\"239\" \/>Caracas, 23 ene (EFE).- La ministra para el Servicio Penitenciario de Venezuela, Iris Varela, dijo hoy que \u00absiempre han existido\u00bb discotecas en las c\u00e1rceles del pa\u00eds, al reprochar que alguien se escandalice por ello, tras la muerte de una joven en uno de esos recintos.<\/p>\n<p>\u00abEl esc\u00e1ndalo que tienen, que si &#8216;las discotecas en las c\u00e1rceles&#8217;. Las discotecas en las c\u00e1rceles siempre han existido, por lo menos desde que la revoluci\u00f3n (1999) lleg\u00f3 aqu\u00ed. Lamentablemente, es una perversi\u00f3n\u00bb, dijo Varela a periodistas desde un penal en el estado Anzo\u00e1tegui (este).<\/p>\n<p>La ministra asegur\u00f3 que \u00ablo que ha hecho la gesti\u00f3n del Gobierno revolucionario es acabar con esas discotecas, cerrarlas\u00bb.<\/p>\n<p>Varela no hizo menci\u00f3n a los informes sobre la muerte de una visitante de 18 a\u00f1os el domingo pasado al parecer por consumo de sustancias t\u00f3xicas tras pasar todo el fin de semana en una discoteca de la c\u00e1rcel de Tocor\u00f3n, estado Aragua (centro).<\/p>\n<p>Hace exactamente un mes la ministra declar\u00f3 que la crisis cr\u00f3nica de las c\u00e1rceles venezolanas estaba llegando a su fin tras informar el desarme de los reclusos que ocupan una treintena de penales en un 85 % y anunciar la construcci\u00f3n de nuevos centros penitenciarios.<\/p>\n<p>Seg\u00fan la ONG Observatorio Venezolano de Prisiones (OVP), en los primeros nueve meses de 2013 murieron m\u00e1s de 300 presos en las c\u00e1rceles del pa\u00eds mientras que en 2012 fallecieron 591 internos, un 5,53 % m\u00e1s que en 2011.<\/p>\n<p>El sistema penitenciario venezolano padece una crisis cr\u00f3nica por el ingreso de armas y estupefacientes en las c\u00e1rceles y las altas tasas de asesinatos, un problema que el fallecido presidente Hugo Ch\u00e1vez (1999-2013) lleg\u00f3 a calificar como un \u00abc\u00e1ncer\u00bb y que lo impuls\u00f3 a crear un ministerio dedicado al sector.<\/p>\n","protected":false},"excerpt":{"rendered":"<p>Caracas, 23 ene (EFE).- La ministra para el Servicio Penitenciario de Venezuela, Iris Varela, dijo hoy que \u00absiempre han existido\u00bb discotecas en las c\u00e1rceles del pa\u00eds, al reprochar que alguien se escandalice por ello, tras la muerte de una joven en uno de esos recintos. \u00abEl esc\u00e1ndalo que tienen, que si &#8216;las discotecas en las [&hellip;]<\/p>\n","protected":false},"author":1,"featured_media":1132184,"comment_status":"closed","ping_status":"open","sticky":false,"template":"","format":"standard","meta":{"footnotes":""},"categories":[1],"tags":[],"class_list":["post-478138","post","type-post","status-publish","format-standard","has-post-thumbnail","hentry","category-actualidad"],"aioseo_notices":[],"aioseo_head":"\n\t\t<!-- All in One SEO Pro 5.0.1 - aioseo.com -->\n\t<meta name=\"description\" content=\"Caracas, 23 ene (EFE).- La ministra para el Servicio Penitenciario de Venezuela, Iris Varela, dijo hoy que &quot;siempre han existido&quot; discotecas en las c\u00e1rceles del pa\u00eds, al reprochar que alguien se escandalice por ello, tras la muerte de una joven en uno de esos recintos. &quot;El esc\u00e1ndalo que tienen, que si &#039;las discotecas en las\" \/>\n\t<meta name=\"robots\" content=\"max-image-preview:large\" \/>\n\t<meta name=\"author\" content=\"El Digital de Asturias\"\/>\n\t<meta name=\"google-site-verification\" content=\"UA-38556648-1\" \/>\n\t<meta name=\"msvalidate.01\" content=\"7dfe9f3f1b24437ab69f4f2559babe99\" \/>\n\t<meta name=\"keywords\" content=\"actualidad\" \/>\n\t<link rel=\"canonical\" href=\"https:\/\/www.eldigitaldeasturias.com\/noticias\/ministra-venezolana-admite-que-hay-discotecas-dentro-de-las-carceles\/\" \/>\n\t<meta name=\"generator\" content=\"All in One SEO Pro (AIOSEO) 5.0.1\" \/>\n\t\t<meta property=\"og:locale\" content=\"es_ES\" \/>\n\t\t<meta property=\"og:site_name\" content=\"El Digital de Asturias\" \/>\n\t\t<meta property=\"og:type\" content=\"article\" \/>\n\t\t<meta property=\"og:title\" content=\"Ministra venezolana admite que hay \u00abdiscotecas\u00bb dentro de las c\u00e1rceles - El Digital de Asturias\" \/>\n\t\t<meta property=\"og:description\" content=\"Caracas, 23 ene (EFE).- La ministra para el Servicio Penitenciario de Venezuela, Iris Varela, dijo hoy que &quot;siempre han existido&quot; discotecas en las c\u00e1rceles del pa\u00eds, al reprochar que alguien se escandalice por ello, tras la muerte de una joven en uno de esos recintos. &quot;El esc\u00e1ndalo que tienen, que si &#039;las discotecas en las\" \/>\n\t\t<meta property=\"og:url\" content=\"https:\/\/www.eldigitaldeasturias.com\/noticias\/ministra-venezolana-admite-que-hay-discotecas-dentro-de-las-carceles\/\" \/>\n\t\t<meta property=\"og:image\" content=\"https:\/\/www.eldigitaldeasturias.com\/noticias\/wp-content\/uploads\/2026\/06\/Contenidos.jpg\" \/>\n\t\t<meta property=\"og:image:secure_url\" content=\"https:\/\/www.eldigitaldeasturias.com\/noticias\/wp-content\/uploads\/2026\/06\/Contenidos.jpg\" \/>\n\t\t<meta property=\"og:image:width\" content=\"1265\" \/>\n\t\t<meta property=\"og:image:height\" content=\"697\" \/>\n\t\t<meta property=\"article:tag\" content=\"actualidad\" \/>\n\t\t<meta property=\"article:published_time\" content=\"2014-01-24T10:35:09+00:00\" \/>\n\t\t<meta property=\"article:modified_time\" content=\"2014-01-24T10:35:09+00:00\" \/>\n\t\t<meta property=\"article:publisher\" content=\"https:\/\/facebook.com\/eldigitaldeasturias\" \/>\n\t\t<meta name=\"twitter:card\" content=\"summary_large_image\" \/>\n\t\t<meta name=\"twitter:title\" content=\"Ministra venezolana admite que hay \u00abdiscotecas\u00bb dentro de las c\u00e1rceles - El Digital de Asturias\" \/>\n\t\t<meta name=\"twitter:description\" content=\"Caracas, 23 ene (EFE).- La ministra para el Servicio Penitenciario de Venezuela, Iris Varela, dijo hoy que &quot;siempre han existido&quot; discotecas en las c\u00e1rceles del pa\u00eds, al reprochar que alguien se escandalice por ello, tras la muerte de una joven en uno de esos recintos. &quot;El esc\u00e1ndalo que tienen, que si &#039;las discotecas en las\" \/>\n\t\t<meta name=\"twitter:image\" content=\"https:\/\/www.eldigitaldeasturias.com\/noticias\/wp-content\/uploads\/2026\/06\/Contenidos.jpg\" \/>\n\t\t<meta name=\"twitter:label1\" content=\"Escrito por\" \/>\n\t\t<meta name=\"twitter:data1\" content=\"El Digital de Asturias\" \/>\n\t\t<meta name=\"twitter:label2\" content=\"Tiempo de lectura estimado\" \/>\n\t\t<meta name=\"twitter:data2\" content=\"2 minutos\" \/>\n\t\t<script type=\"application\/ld+json\" class=\"aioseo-schema\">\n\t\t\t{\"@context\":\"https:\\\/\\\/schema.org\",\"@graph\":[{\"@type\":\"BlogPosting\",\"@id\":\"https:\\\/\\\/www.eldigitaldeasturias.com\\\/noticias\\\/ministra-venezolana-admite-que-hay-discotecas-dentro-de-las-carceles\\\/#blogposting\",\"name\":\"Ministra venezolana admite que hay \\u00abdiscotecas\\u00bb dentro de las c\\u00e1rceles - El Digital de Asturias\",\"headline\":\"Ministra venezolana admite que hay \\u00abdiscotecas\\u00bb dentro de las c\\u00e1rceles\",\"author\":{\"@id\":\"https:\\\/\\\/www.eldigitaldeasturias.com\\\/noticias\\\/author\\\/admin\\\/#author\"},\"publisher\":{\"@id\":\"https:\\\/\\\/www.eldigitaldeasturias.com\\\/noticias\\\/#organization\"},\"image\":{\"@type\":\"ImageObject\",\"url\":\"https:\\\/\\\/www.eldigitaldeasturias.com\\\/noticias\\\/wp-content\\\/uploads\\\/2026\\\/06\\\/Contenidos.jpg\",\"width\":1265,\"height\":697,\"caption\":\"Contenidos\"},\"datePublished\":\"2014-01-24T09:35:09+01:00\",\"dateModified\":\"2014-01-24T09:35:09+01:00\",\"inLanguage\":\"es-ES\",\"mainEntityOfPage\":{\"@id\":\"https:\\\/\\\/www.eldigitaldeasturias.com\\\/noticias\\\/ministra-venezolana-admite-que-hay-discotecas-dentro-de-las-carceles\\\/#webpage\"},\"isPartOf\":{\"@id\":\"https:\\\/\\\/www.eldigitaldeasturias.com\\\/noticias\\\/ministra-venezolana-admite-que-hay-discotecas-dentro-de-las-carceles\\\/#webpage\"},\"articleSection\":\"Actualidad\"},{\"@type\":\"BreadcrumbList\",\"@id\":\"https:\\\/\\\/www.eldigitaldeasturias.com\\\/noticias\\\/ministra-venezolana-admite-que-hay-discotecas-dentro-de-las-carceles\\\/#breadcrumblist\",\"itemListElement\":[{\"@type\":\"ListItem\",\"@id\":\"https:\\\/\\\/www.eldigitaldeasturias.com\\\/noticias#listItem\",\"position\":1,\"name\":\"Home\",\"item\":\"https:\\\/\\\/www.eldigitaldeasturias.com\\\/noticias\",\"nextItem\":{\"@type\":\"ListItem\",\"@id\":\"https:\\\/\\\/www.eldigitaldeasturias.com\\\/noticias\\\/category\\\/actualidad\\\/#listItem\",\"name\":\"Actualidad\"}},{\"@type\":\"ListItem\",\"@id\":\"https:\\\/\\\/www.eldigitaldeasturias.com\\\/noticias\\\/category\\\/actualidad\\\/#listItem\",\"position\":2,\"name\":\"Actualidad\",\"item\":\"https:\\\/\\\/www.eldigitaldeasturias.com\\\/noticias\\\/category\\\/actualidad\\\/\",\"nextItem\":{\"@type\":\"ListItem\",\"@id\":\"https:\\\/\\\/www.eldigitaldeasturias.com\\\/noticias\\\/ministra-venezolana-admite-que-hay-discotecas-dentro-de-las-carceles\\\/#listItem\",\"name\":\"Ministra venezolana admite que hay \\u00abdiscotecas\\u00bb dentro de las c\\u00e1rceles\"},\"previousItem\":{\"@type\":\"ListItem\",\"@id\":\"https:\\\/\\\/www.eldigitaldeasturias.com\\\/noticias#listItem\",\"name\":\"Home\"}},{\"@type\":\"ListItem\",\"@id\":\"https:\\\/\\\/www.eldigitaldeasturias.com\\\/noticias\\\/ministra-venezolana-admite-que-hay-discotecas-dentro-de-las-carceles\\\/#listItem\",\"position\":3,\"name\":\"Ministra venezolana admite que hay \\u00abdiscotecas\\u00bb dentro de las c\\u00e1rceles\",\"previousItem\":{\"@type\":\"ListItem\",\"@id\":\"https:\\\/\\\/www.eldigitaldeasturias.com\\\/noticias\\\/category\\\/actualidad\\\/#listItem\",\"name\":\"Actualidad\"}}]},{\"@type\":\"Organization\",\"@id\":\"https:\\\/\\\/www.eldigitaldeasturias.com\\\/noticias\\\/#organization\",\"name\":\"El Digital de Asturias\",\"description\":\"Hemeroteca\",\"url\":\"https:\\\/\\\/www.eldigitaldeasturias.com\\\/noticias\\\/\",\"email\":\"info@eldigitaldeasturias.com\",\"telephone\":\"+34652131393\",\"logo\":{\"@type\":\"ImageObject\",\"url\":\"https:\\\/\\\/www.eldigitaldeasturias.com\\\/noticias\\\/wp-content\\\/uploads\\\/2020\\\/12\\\/EDA.jpg\",\"@id\":\"https:\\\/\\\/www.eldigitaldeasturias.com\\\/noticias\\\/ministra-venezolana-admite-que-hay-discotecas-dentro-de-las-carceles\\\/#organizationLogo\"},\"image\":{\"@id\":\"https:\\\/\\\/www.eldigitaldeasturias.com\\\/noticias\\\/ministra-venezolana-admite-que-hay-discotecas-dentro-de-las-carceles\\\/#organizationLogo\"},\"sameAs\":[\"https:\\\/\\\/facebook.com\\\/eldigitaldeasturias\",\"https:\\\/\\\/www.youtube.com\\\/channel\\\/UCZP-2wLEB9Rv6erhFmqVnvg\"],\"address\":{\"@id\":\"https:\\\/\\\/www.eldigitaldeasturias.com\\\/noticias\\\/#postaladdress\",\"@type\":\"PostalAddress\",\"streetAddress\":\"san antonio 4\",\"postalCode\":\"33430\",\"addressLocality\":\"Cand\\u00e1s\",\"addressRegion\":\"Asturias\",\"addressCountry\":\"ES\"}},{\"@type\":\"Person\",\"@id\":\"https:\\\/\\\/www.eldigitaldeasturias.com\\\/noticias\\\/author\\\/admin\\\/#author\",\"url\":\"https:\\\/\\\/www.eldigitaldeasturias.com\\\/noticias\\\/author\\\/admin\\\/\",\"name\":\"El Digital de Asturias\",\"image\":{\"@type\":\"ImageObject\",\"@id\":\"https:\\\/\\\/www.eldigitaldeasturias.com\\\/noticias\\\/ministra-venezolana-admite-que-hay-discotecas-dentro-de-las-carceles\\\/#authorImage\",\"url\":\"https:\\\/\\\/secure.gravatar.com\\\/avatar\\\/df2aeffc32bcd13f8d26072ef8a91b623d677766deac7f97ca815868cd41bf5e?s=96&d=mm&r=g\",\"width\":96,\"height\":96,\"caption\":\"El Digital de Asturias\"}},{\"@type\":\"WebPage\",\"@id\":\"https:\\\/\\\/www.eldigitaldeasturias.com\\\/noticias\\\/ministra-venezolana-admite-que-hay-discotecas-dentro-de-las-carceles\\\/#webpage\",\"url\":\"https:\\\/\\\/www.eldigitaldeasturias.com\\\/noticias\\\/ministra-venezolana-admite-que-hay-discotecas-dentro-de-las-carceles\\\/\",\"name\":\"Ministra venezolana admite que hay \\u00abdiscotecas\\u00bb dentro de las c\\u00e1rceles - El Digital de Asturias\",\"description\":\"Caracas, 23 ene (EFE).- La ministra para el Servicio Penitenciario de Venezuela, Iris Varela, dijo hoy que \\\"siempre han existido\\\" discotecas en las c\\u00e1rceles del pa\\u00eds, al reprochar que alguien se escandalice por ello, tras la muerte de una joven en uno de esos recintos. \\\"El esc\\u00e1ndalo que tienen, que si 'las discotecas en las\",\"inLanguage\":\"es-ES\",\"isPartOf\":{\"@id\":\"https:\\\/\\\/www.eldigitaldeasturias.com\\\/noticias\\\/#website\"},\"breadcrumb\":{\"@id\":\"https:\\\/\\\/www.eldigitaldeasturias.com\\\/noticias\\\/ministra-venezolana-admite-que-hay-discotecas-dentro-de-las-carceles\\\/#breadcrumblist\"},\"author\":{\"@id\":\"https:\\\/\\\/www.eldigitaldeasturias.com\\\/noticias\\\/author\\\/admin\\\/#author\"},\"creator\":{\"@id\":\"https:\\\/\\\/www.eldigitaldeasturias.com\\\/noticias\\\/author\\\/admin\\\/#author\"},\"image\":{\"@type\":\"ImageObject\",\"url\":\"https:\\\/\\\/www.eldigitaldeasturias.com\\\/noticias\\\/wp-content\\\/uploads\\\/2026\\\/06\\\/Contenidos.jpg\",\"@id\":\"https:\\\/\\\/www.eldigitaldeasturias.com\\\/noticias\\\/ministra-venezolana-admite-que-hay-discotecas-dentro-de-las-carceles\\\/#mainImage\",\"width\":1265,\"height\":697,\"caption\":\"Contenidos\"},\"primaryImageOfPage\":{\"@id\":\"https:\\\/\\\/www.eldigitaldeasturias.com\\\/noticias\\\/ministra-venezolana-admite-que-hay-discotecas-dentro-de-las-carceles\\\/#mainImage\"},\"datePublished\":\"2014-01-24T09:35:09+01:00\",\"dateModified\":\"2014-01-24T09:35:09+01:00\"},{\"@type\":\"WebSite\",\"@id\":\"https:\\\/\\\/www.eldigitaldeasturias.com\\\/noticias\\\/#website\",\"url\":\"https:\\\/\\\/www.eldigitaldeasturias.com\\\/noticias\\\/\",\"name\":\"El Digital de Asturias - Diario de actualidad y noticias\",\"alternateName\":\"El Digital de Asturias - Diario de actualidad y noticias\",\"description\":\"Hemeroteca\",\"inLanguage\":\"es-ES\",\"publisher\":{\"@id\":\"https:\\\/\\\/www.eldigitaldeasturias.com\\\/noticias\\\/#organization\"}}]}\n\t\t<\/script>\n\t\t<!-- All in One SEO Pro -->\r\n\t\t<title>Ministra venezolana admite que hay \u00abdiscotecas\u00bb dentro de las c\u00e1rceles - El Digital de Asturias<\/title>\n\n","aioseo_head_json":{"title":"Ministra venezolana admite que hay \u00abdiscotecas\u00bb dentro de las c\u00e1rceles - El Digital de Asturias","description":"Caracas, 23 ene (EFE).- La ministra para el Servicio Penitenciario de Venezuela, Iris Varela, dijo hoy que \"siempre han existido\" discotecas en las c\u00e1rceles del pa\u00eds, al reprochar que alguien se escandalice por ello, tras la muerte de una joven en uno de esos recintos. \"El esc\u00e1ndalo que tienen, que si 'las discotecas en las","canonical_url":"https:\/\/www.eldigitaldeasturias.com\/noticias\/ministra-venezolana-admite-que-hay-discotecas-dentro-de-las-carceles\/","robots":"max-image-preview:large","keywords":"actualidad","webmasterTools":{"google-site-verification":"UA-38556648-1","msvalidate.01":"7dfe9f3f1b24437ab69f4f2559babe99","miscellaneous":""},"schema":{"@context":"https:\/\/schema.org","@graph":[{"@type":"BlogPosting","@id":"https:\/\/www.eldigitaldeasturias.com\/noticias\/ministra-venezolana-admite-que-hay-discotecas-dentro-de-las-carceles\/#blogposting","name":"Ministra venezolana admite que hay \u00abdiscotecas\u00bb dentro de las c\u00e1rceles - El Digital de Asturias","headline":"Ministra venezolana admite que hay \u00abdiscotecas\u00bb dentro de las c\u00e1rceles","author":{"@id":"https:\/\/www.eldigitaldeasturias.com\/noticias\/author\/admin\/#author"},"publisher":{"@id":"https:\/\/www.eldigitaldeasturias.com\/noticias\/#organization"},"image":{"@type":"ImageObject","url":"https:\/\/www.eldigitaldeasturias.com\/noticias\/wp-content\/uploads\/2026\/06\/Contenidos.jpg","width":1265,"height":697,"caption":"Contenidos"},"datePublished":"2014-01-24T09:35:09+01:00","dateModified":"2014-01-24T09:35:09+01:00","inLanguage":"es-ES","mainEntityOfPage":{"@id":"https:\/\/www.eldigitaldeasturias.com\/noticias\/ministra-venezolana-admite-que-hay-discotecas-dentro-de-las-carceles\/#webpage"},"isPartOf":{"@id":"https:\/\/www.eldigitaldeasturias.com\/noticias\/ministra-venezolana-admite-que-hay-discotecas-dentro-de-las-carceles\/#webpage"},"articleSection":"Actualidad"},{"@type":"BreadcrumbList","@id":"https:\/\/www.eldigitaldeasturias.com\/noticias\/ministra-venezolana-admite-que-hay-discotecas-dentro-de-las-carceles\/#breadcrumblist","itemListElement":[{"@type":"ListItem","@id":"https:\/\/www.eldigitaldeasturias.com\/noticias#listItem","position":1,"name":"Home","item":"https:\/\/www.eldigitaldeasturias.com\/noticias","nextItem":{"@type":"ListItem","@id":"https:\/\/www.eldigitaldeasturias.com\/noticias\/category\/actualidad\/#listItem","name":"Actualidad"}},{"@type":"ListItem","@id":"https:\/\/www.eldigitaldeasturias.com\/noticias\/category\/actualidad\/#listItem","position":2,"name":"Actualidad","item":"https:\/\/www.eldigitaldeasturias.com\/noticias\/category\/actualidad\/","nextItem":{"@type":"ListItem","@id":"https:\/\/www.eldigitaldeasturias.com\/noticias\/ministra-venezolana-admite-que-hay-discotecas-dentro-de-las-carceles\/#listItem","name":"Ministra venezolana admite que hay \u00abdiscotecas\u00bb dentro de las c\u00e1rceles"},"previousItem":{"@type":"ListItem","@id":"https:\/\/www.eldigitaldeasturias.com\/noticias#listItem","name":"Home"}},{"@type":"ListItem","@id":"https:\/\/www.eldigitaldeasturias.com\/noticias\/ministra-venezolana-admite-que-hay-discotecas-dentro-de-las-carceles\/#listItem","position":3,"name":"Ministra venezolana admite que hay \u00abdiscotecas\u00bb dentro de las c\u00e1rceles","previousItem":{"@type":"ListItem","@id":"https:\/\/www.eldigitaldeasturias.com\/noticias\/category\/actualidad\/#listItem","name":"Actualidad"}}]},{"@type":"Organization","@id":"https:\/\/www.eldigitaldeasturias.com\/noticias\/#organization","name":"El Digital de Asturias","description":"Hemeroteca","url":"https:\/\/www.eldigitaldeasturias.com\/noticias\/","email":"info@eldigitaldeasturias.com","telephone":"+34652131393","logo":{"@type":"ImageObject","url":"https:\/\/www.eldigitaldeasturias.com\/noticias\/wp-content\/uploads\/2020\/12\/EDA.jpg","@id":"https:\/\/www.eldigitaldeasturias.com\/noticias\/ministra-venezolana-admite-que-hay-discotecas-dentro-de-las-carceles\/#organizationLogo"},"image":{"@id":"https:\/\/www.eldigitaldeasturias.com\/noticias\/ministra-venezolana-admite-que-hay-discotecas-dentro-de-las-carceles\/#organizationLogo"},"sameAs":["https:\/\/facebook.com\/eldigitaldeasturias","https:\/\/www.youtube.com\/channel\/UCZP-2wLEB9Rv6erhFmqVnvg"],"address":{"@id":"https:\/\/www.eldigitaldeasturias.com\/noticias\/#postaladdress","@type":"PostalAddress","streetAddress":"san antonio 4","postalCode":"33430","addressLocality":"Cand\u00e1s","addressRegion":"Asturias","addressCountry":"ES"}},{"@type":"Person","@id":"https:\/\/www.eldigitaldeasturias.com\/noticias\/author\/admin\/#author","url":"https:\/\/www.eldigitaldeasturias.com\/noticias\/author\/admin\/","name":"El Digital de Asturias","image":{"@type":"ImageObject","@id":"https:\/\/www.eldigitaldeasturias.com\/noticias\/ministra-venezolana-admite-que-hay-discotecas-dentro-de-las-carceles\/#authorImage","url":"https:\/\/secure.gravatar.com\/avatar\/df2aeffc32bcd13f8d26072ef8a91b623d677766deac7f97ca815868cd41bf5e?s=96&d=mm&r=g","width":96,"height":96,"caption":"El Digital de Asturias"}},{"@type":"WebPage","@id":"https:\/\/www.eldigitaldeasturias.com\/noticias\/ministra-venezolana-admite-que-hay-discotecas-dentro-de-las-carceles\/#webpage","url":"https:\/\/www.eldigitaldeasturias.com\/noticias\/ministra-venezolana-admite-que-hay-discotecas-dentro-de-las-carceles\/","name":"Ministra venezolana admite que hay \u00abdiscotecas\u00bb dentro de las c\u00e1rceles - El Digital de Asturias","description":"Caracas, 23 ene (EFE).- La ministra para el Servicio Penitenciario de Venezuela, Iris Varela, dijo hoy que \"siempre han existido\" discotecas en las c\u00e1rceles del pa\u00eds, al reprochar que alguien se escandalice por ello, tras la muerte de una joven en uno de esos recintos. \"El esc\u00e1ndalo que tienen, que si 'las discotecas en las","inLanguage":"es-ES","isPartOf":{"@id":"https:\/\/www.eldigitaldeasturias.com\/noticias\/#website"},"breadcrumb":{"@id":"https:\/\/www.eldigitaldeasturias.com\/noticias\/ministra-venezolana-admite-que-hay-discotecas-dentro-de-las-carceles\/#breadcrumblist"},"author":{"@id":"https:\/\/www.eldigitaldeasturias.com\/noticias\/author\/admin\/#author"},"creator":{"@id":"https:\/\/www.eldigitaldeasturias.com\/noticias\/author\/admin\/#author"},"image":{"@type":"ImageObject","url":"https:\/\/www.eldigitaldeasturias.com\/noticias\/wp-content\/uploads\/2026\/06\/Contenidos.jpg","@id":"https:\/\/www.eldigitaldeasturias.com\/noticias\/ministra-venezolana-admite-que-hay-discotecas-dentro-de-las-carceles\/#mainImage","width":1265,"height":697,"caption":"Contenidos"},"primaryImageOfPage":{"@id":"https:\/\/www.eldigitaldeasturias.com\/noticias\/ministra-venezolana-admite-que-hay-discotecas-dentro-de-las-carceles\/#mainImage"},"datePublished":"2014-01-24T09:35:09+01:00","dateModified":"2014-01-24T09:35:09+01:00"},{"@type":"WebSite","@id":"https:\/\/www.eldigitaldeasturias.com\/noticias\/#website","url":"https:\/\/www.eldigitaldeasturias.com\/noticias\/","name":"El Digital de Asturias - Diario de actualidad y noticias","alternateName":"El Digital de Asturias - Diario de actualidad y noticias","description":"Hemeroteca","inLanguage":"es-ES","publisher":{"@id":"https:\/\/www.eldigitaldeasturias.com\/noticias\/#organization"}}]},"og:locale":"es_ES","og:site_name":"El Digital de Asturias","og:type":"article","og:title":"Ministra venezolana admite que hay \u00abdiscotecas\u00bb dentro de las c\u00e1rceles - El Digital de Asturias","og:description":"Caracas, 23 ene (EFE).- La ministra para el Servicio Penitenciario de Venezuela, Iris Varela, dijo hoy que &quot;siempre han existido&quot; discotecas en las c\u00e1rceles del pa\u00eds, al reprochar que alguien se escandalice por ello, tras la muerte de una joven en uno de esos recintos. &quot;El esc\u00e1ndalo que tienen, que si 'las discotecas en las","og:url":"https:\/\/www.eldigitaldeasturias.com\/noticias\/ministra-venezolana-admite-que-hay-discotecas-dentro-de-las-carceles\/","og:image":"https:\/\/www.eldigitaldeasturias.com\/noticias\/wp-content\/uploads\/2026\/06\/Contenidos.jpg","og:image:secure_url":"https:\/\/www.eldigitaldeasturias.com\/noticias\/wp-content\/uploads\/2026\/06\/Contenidos.jpg","og:image:width":1265,"og:image:height":697,"article:tag":["actualidad"],"article:published_time":"2014-01-24T10:35:09+00:00","article:modified_time":"2014-01-24T10:35:09+00:00","article:publisher":"https:\/\/facebook.com\/eldigitaldeasturias","twitter:card":"summary_large_image","twitter:title":"Ministra venezolana admite que hay \u00abdiscotecas\u00bb dentro de las c\u00e1rceles - El Digital de Asturias","twitter:description":"Caracas, 23 ene (EFE).- La ministra para el Servicio Penitenciario de Venezuela, Iris Varela, dijo hoy que &quot;siempre han existido&quot; discotecas en las c\u00e1rceles del pa\u00eds, al reprochar que alguien se escandalice por ello, tras la muerte de una joven en uno de esos recintos. &quot;El esc\u00e1ndalo que tienen, que si 'las discotecas en las","twitter:image":"https:\/\/www.eldigitaldeasturias.com\/noticias\/wp-content\/uploads\/2026\/06\/Contenidos.jpg","twitter:label1":"Escrito por","twitter:data1":"El Digital de Asturias","twitter:label2":"Tiempo de lectura estimado","twitter:data2":"2 minutos"},"aioseo_meta_data":{"post_id":"478138","title":null,"description":null,"keywords":null,"keyphrases":null,"primary_term":null,"canonical_url":null,"og_title":null,"og_description":null,"og_object_type":"default","og_image_type":"default","og_image_url":null,"og_image_width":null,"og_image_height":null,"og_image_custom_url":null,"og_image_custom_fields":null,"og_video":null,"og_custom_url":null,"og_article_section":null,"og_article_tags":null,"twitter_use_og":true,"twitter_card":"default","twitter_image_type":"default","twitter_image_url":null,"twitter_image_custom_url":null,"twitter_image_custom_fields":null,"twitter_title":null,"twitter_description":null,"schema":{"blockGraphs":[],"customGraphs":[],"default":{"data":{"Article":[],"Course":[],"Dataset":[],"FAQPage":[],"Movie":[],"Person":[],"Product":[],"ProductReview":[],"Car":[],"Recipe":[],"Service":[],"SoftwareApplication":[],"WebPage":[]},"graphName":"","isEnabled":true},"graphs":[],"defaultGraph":"","defaultPostTypeGraph":""},"schema_type":null,"schema_type_options":null,"pillar_content":false,"robots_default":true,"robots_noindex":false,"robots_noarchive":false,"robots_nosnippet":false,"robots_nofollow":false,"robots_noimageindex":false,"robots_noodp":false,"robots_notranslate":false,"robots_max_snippet":null,"robots_max_videopreview":null,"robots_max_imagepreview":"none","priority":null,"frequency":null,"local_seo":null,"seo_analyzer_scan_date":"2026-06-01 20:34:55","breadcrumb_settings":null,"limit_modified_date":false,"open_ai":null,"ai":null,"created":"2020-11-14 22:53:48","updated":"2026-06-01 20:34:55","focus_keyword":null,"additional_keywords":null,"truseo_locale":null},"aioseo_breadcrumb":"<div class=\"aioseo-breadcrumbs\"><span class=\"aioseo-breadcrumb\">\n\t<a href=\"https:\/\/www.eldigitaldeasturias.com\/noticias\" title=\"Home\">Home<\/a>\n<\/span><span class=\"aioseo-breadcrumb-separator\">\u2013<\/span><span class=\"aioseo-breadcrumb\">\n\t<a href=\"https:\/\/www.eldigitaldeasturias.com\/noticias\/category\/actualidad\/\" title=\"Actualidad\">Actualidad<\/a>\n<\/span><span class=\"aioseo-breadcrumb-separator\">\u2013<\/span><span class=\"aioseo-breadcrumb\">\n\t<a href=\"https:\/\/www.eldigitaldeasturias.com\/noticias\/ministra-venezolana-admite-que-hay-discotecas-dentro-de-las-carceles\/\" title=\"Ministra venezolana admite que hay \u00abdiscotecas\u00bb dentro de las c\u00e1rceles\">Ministra venezolana admite que hay \u00abdiscotecas\u00bb dentro de las c\u00e1rceles<\/a>\n<\/span><\/div>","aioseo_breadcrumb_json":[{"label":"Home","link":"https:\/\/www.eldigitaldeasturias.com\/noticias"},{"label":"Actualidad","link":"https:\/\/www.eldigitaldeasturias.com\/noticias\/category\/actualidad\/"},{"label":"Ministra venezolana admite que hay \u00abdiscotecas\u00bb dentro de las c\u00e1rceles","link":"https:\/\/www.eldigitaldeasturias.com\/noticias\/ministra-venezolana-admite-que-hay-discotecas-dentro-de-las-carceles\/"}],"_links":{"self":[{"href":"https:\/\/www.eldigitaldeasturias.com\/noticias\/wp-json\/wp\/v2\/posts\/478138","targetHints":{"allow":["GET"]}}],"collection":[{"href":"https:\/\/www.eldigitaldeasturias.com\/noticias\/wp-json\/wp\/v2\/posts"}],"about":[{"href":"https:\/\/www.eldigitaldeasturias.com\/noticias\/wp-json\/wp\/v2\/types\/post"}],"author":[{"embeddable":true,"href":"https:\/\/www.eldigitaldeasturias.com\/noticias\/wp-json\/wp\/v2\/users\/1"}],"replies":[{"embeddable":true,"href":"https:\/\/www.eldigitaldeasturias.com\/noticias\/wp-json\/wp\/v2\/comments?post=478138"}],"version-history":[{"count":0,"href":"https:\/\/www.eldigitaldeasturias.com\/noticias\/wp-json\/wp\/v2\/posts\/478138\/revisions"}],"wp:featuredmedia":[{"embeddable":true,"href":"https:\/\/www.eldigitaldeasturias.com\/noticias\/wp-json\/wp\/v2\/media\/1132184"}],"wp:attachment":[{"href":"https:\/\/www.eldigitaldeasturias.com\/noticias\/wp-json\/wp\/v2\/media?parent=478138"}],"wp:term":[{"taxonomy":"category","embeddable":true,"href":"https:\/\/www.eldigitaldeasturias.com\/noticias\/wp-json\/wp\/v2\/categories?post=478138"},{"taxonomy":"post_tag","embeddable":true,"href":"https:\/\/www.eldigitaldeasturias.com\/noticias\/wp-json\/wp\/v2\/tags?post=478138"}],"curies":[{"name":"wp","href":"https:\/\/api.w.org\/{rel}","templated":true}]}}