{"id":478122,"date":"2014-01-24T09:27:19","date_gmt":"2014-01-24T10:27:19","guid":{"rendered":"http:\/\/www.eldigitaldeasturias.com\/noticias\/?p=478122"},"modified":"2014-01-24T09:27:19","modified_gmt":"2014-01-24T10:27:19","slug":"mediapro-vende-tres-canales-por-cable-en-espanol-en-eeuu-por-102-millones","status":"publish","type":"post","link":"https:\/\/www.eldigitaldeasturias.com\/noticias\/mediapro-vende-tres-canales-por-cable-en-espanol-en-eeuu-por-102-millones\/","title":{"rendered":"Mediapro vende tres canales por cable en espa\u00f1ol en EEUU por 102 millones"},"content":{"rendered":"<p><img loading=\"lazy\" decoding=\"async\" class=\"alignleft size-medium wp-image-478123\" alt=\"5872008w\" src=\"https:\/\/www.eldigitaldeasturias.com\/noticias\/wp-content\/uploads\/2014\/01\/5872008w-360x206.jpg\" width=\"360\" height=\"206\" \/>Barcelona, 23 ene (EFE).- El Grupo Mediapro ha alcanzado un acuerdo con el Grupo Hemisphere Media para la venta, por 102 millones de d\u00f3lares, de tres canales de televisi\u00f3n por cable en espa\u00f1ol que emiten en los Estados Unidos.<\/p>\n<p>Seg\u00fan ha informado hoy Mediapro, su divisi\u00f3n americana, Media World, ha llegado a un acuerdo para la venta de los canales Pasiones, con m\u00e1s de 11 millones de abonados, dedicado a la emisi\u00f3n de telenovelas y series; Centroam\u00e9rica TV, con 3,3 millones de abonados; y TV Dominicana, con 2,2 millones de abonados, estos \u00faltimos de car\u00e1cter generalista.<\/p>\n<p>Mediapro se\u00f1ala en un comunicado que \u00abel \u00e9xito alcanzado por los tres canales creados por Media World hace que sus posibilidades de crecimiento pasen por su integraci\u00f3n en un marco con mayor alcance, tanto territorial como de p\u00fablico potencial, como es el Grupo Hemisphere\u00bb.<\/p>\n<p>\u00abEs indudable que de su integraci\u00f3n en el gigante de la televisi\u00f3n por cable en lengua hispana en EEUU surgir\u00e1n innumerables sinergias y econom\u00edas de escala\u00bb, a\u00f1ade Mediapro, que puntualiza que Media World \u00abseguir\u00e1 produciendo los contenidos del canal y aportando todos los servicios t\u00e9cnicos necesarios\u00bb.<\/p>\n<p>La transacci\u00f3n se cerrar\u00e1 previsiblemente en el primer trimestre de 2014, indica el Grupo Mediapro.<\/p>\n<p>La divisi\u00f3n americana del Grupo Mediapro est\u00e1 presente en EEUU desde hace 15 a\u00f1os y se ha consolidado como productora de televisi\u00f3n en el mercado hispano de Estados Unidos y como productora especializada en desarrollo y distribuci\u00f3n de contenido audiovisual.<\/p>\n<p>Entre sus actividades destacan la producci\u00f3n de contenidos audiovisuales, la postproducci\u00f3n, la gesti\u00f3n de derechos de televisi\u00f3n y la distribuci\u00f3n y la transmisi\u00f3n de canales tem\u00e1ticos de televisi\u00f3n, entre otras.<\/p>\n<p>Con sede y centro de producci\u00f3n en Miami, cuenta con estudios en esta ciudad y Los \u00c1ngeles, su equipo est\u00e1 formado por 200 profesionales y su facturaci\u00f3n anual supera los 100 millones de d\u00f3lares.<\/p>\n","protected":false},"excerpt":{"rendered":"<p>Barcelona, 23 ene (EFE).- El Grupo Mediapro ha alcanzado un acuerdo con el Grupo Hemisphere Media para la venta, por 102 millones de d\u00f3lares, de tres canales de televisi\u00f3n por cable en espa\u00f1ol que emiten en los Estados Unidos. Seg\u00fan ha informado hoy Mediapro, su divisi\u00f3n americana, Media World, ha llegado a un acuerdo para [&hellip;]<\/p>\n","protected":false},"author":1,"featured_media":1132184,"comment_status":"closed","ping_status":"open","sticky":false,"template":"","format":"standard","meta":{"footnotes":""},"categories":[1],"tags":[],"class_list":["post-478122","post","type-post","status-publish","format-standard","has-post-thumbnail","hentry","category-actualidad"],"aioseo_notices":[],"aioseo_head":"\n\t\t<!-- All in One SEO Pro 5.0.1 - aioseo.com -->\n\t<meta name=\"description\" content=\"Barcelona, 23 ene (EFE).- El Grupo Mediapro ha alcanzado un acuerdo con el Grupo Hemisphere Media para la venta, por 102 millones de d\u00f3lares, de tres canales de televisi\u00f3n por cable en espa\u00f1ol que emiten en los Estados Unidos. Seg\u00fan ha informado hoy Mediapro, su divisi\u00f3n americana, Media World, ha llegado a un acuerdo para\" \/>\n\t<meta name=\"robots\" content=\"max-image-preview:large\" \/>\n\t<meta name=\"author\" content=\"El Digital de Asturias\"\/>\n\t<meta name=\"google-site-verification\" content=\"UA-38556648-1\" \/>\n\t<meta name=\"msvalidate.01\" content=\"7dfe9f3f1b24437ab69f4f2559babe99\" \/>\n\t<meta name=\"keywords\" content=\"actualidad\" \/>\n\t<link rel=\"canonical\" href=\"https:\/\/www.eldigitaldeasturias.com\/noticias\/mediapro-vende-tres-canales-por-cable-en-espanol-en-eeuu-por-102-millones\/\" \/>\n\t<meta name=\"generator\" content=\"All in One SEO Pro (AIOSEO) 5.0.1\" \/>\n\t\t<meta property=\"og:locale\" content=\"es_ES\" \/>\n\t\t<meta property=\"og:site_name\" content=\"El Digital de Asturias\" \/>\n\t\t<meta property=\"og:type\" content=\"article\" \/>\n\t\t<meta property=\"og:title\" content=\"Mediapro vende tres canales por cable en espa\u00f1ol en EEUU por 102 millones - El Digital de Asturias\" \/>\n\t\t<meta property=\"og:description\" content=\"Barcelona, 23 ene (EFE).- El Grupo Mediapro ha alcanzado un acuerdo con el Grupo Hemisphere Media para la venta, por 102 millones de d\u00f3lares, de tres canales de televisi\u00f3n por cable en espa\u00f1ol que emiten en los Estados Unidos. Seg\u00fan ha informado hoy Mediapro, su divisi\u00f3n americana, Media World, ha llegado a un acuerdo para\" \/>\n\t\t<meta property=\"og:url\" content=\"https:\/\/www.eldigitaldeasturias.com\/noticias\/mediapro-vende-tres-canales-por-cable-en-espanol-en-eeuu-por-102-millones\/\" \/>\n\t\t<meta property=\"og:image\" content=\"https:\/\/www.eldigitaldeasturias.com\/noticias\/wp-content\/uploads\/2026\/06\/Contenidos.jpg\" \/>\n\t\t<meta property=\"og:image:secure_url\" content=\"https:\/\/www.eldigitaldeasturias.com\/noticias\/wp-content\/uploads\/2026\/06\/Contenidos.jpg\" \/>\n\t\t<meta property=\"og:image:width\" content=\"1265\" \/>\n\t\t<meta property=\"og:image:height\" content=\"697\" \/>\n\t\t<meta property=\"article:tag\" content=\"actualidad\" \/>\n\t\t<meta property=\"article:published_time\" content=\"2014-01-24T10:27:19+00:00\" \/>\n\t\t<meta property=\"article:modified_time\" content=\"2014-01-24T10:27:19+00:00\" \/>\n\t\t<meta property=\"article:publisher\" content=\"https:\/\/facebook.com\/eldigitaldeasturias\" \/>\n\t\t<meta name=\"twitter:card\" content=\"summary_large_image\" \/>\n\t\t<meta name=\"twitter:title\" content=\"Mediapro vende tres canales por cable en espa\u00f1ol en EEUU por 102 millones - El Digital de Asturias\" \/>\n\t\t<meta name=\"twitter:description\" content=\"Barcelona, 23 ene (EFE).- El Grupo Mediapro ha alcanzado un acuerdo con el Grupo Hemisphere Media para la venta, por 102 millones de d\u00f3lares, de tres canales de televisi\u00f3n por cable en espa\u00f1ol que emiten en los Estados Unidos. Seg\u00fan ha informado hoy Mediapro, su divisi\u00f3n americana, Media World, ha llegado a un acuerdo para\" \/>\n\t\t<meta name=\"twitter:image\" content=\"https:\/\/www.eldigitaldeasturias.com\/noticias\/wp-content\/uploads\/2026\/06\/Contenidos.jpg\" \/>\n\t\t<meta name=\"twitter:label1\" content=\"Escrito por\" \/>\n\t\t<meta name=\"twitter:data1\" content=\"El Digital de Asturias\" \/>\n\t\t<meta name=\"twitter:label2\" content=\"Tiempo de lectura estimado\" \/>\n\t\t<meta name=\"twitter:data2\" content=\"2 minutos\" \/>\n\t\t<script type=\"application\/ld+json\" class=\"aioseo-schema\">\n\t\t\t{\"@context\":\"https:\\\/\\\/schema.org\",\"@graph\":[{\"@type\":\"BlogPosting\",\"@id\":\"https:\\\/\\\/www.eldigitaldeasturias.com\\\/noticias\\\/mediapro-vende-tres-canales-por-cable-en-espanol-en-eeuu-por-102-millones\\\/#blogposting\",\"name\":\"Mediapro vende tres canales por cable en espa\\u00f1ol en EEUU por 102 millones - El Digital de Asturias\",\"headline\":\"Mediapro vende tres canales por cable en espa\\u00f1ol en EEUU por 102 millones\",\"author\":{\"@id\":\"https:\\\/\\\/www.eldigitaldeasturias.com\\\/noticias\\\/author\\\/admin\\\/#author\"},\"publisher\":{\"@id\":\"https:\\\/\\\/www.eldigitaldeasturias.com\\\/noticias\\\/#organization\"},\"image\":{\"@type\":\"ImageObject\",\"url\":\"https:\\\/\\\/www.eldigitaldeasturias.com\\\/noticias\\\/wp-content\\\/uploads\\\/2026\\\/06\\\/Contenidos.jpg\",\"width\":1265,\"height\":697,\"caption\":\"Contenidos\"},\"datePublished\":\"2014-01-24T09:27:19+01:00\",\"dateModified\":\"2014-01-24T09:27:19+01:00\",\"inLanguage\":\"es-ES\",\"mainEntityOfPage\":{\"@id\":\"https:\\\/\\\/www.eldigitaldeasturias.com\\\/noticias\\\/mediapro-vende-tres-canales-por-cable-en-espanol-en-eeuu-por-102-millones\\\/#webpage\"},\"isPartOf\":{\"@id\":\"https:\\\/\\\/www.eldigitaldeasturias.com\\\/noticias\\\/mediapro-vende-tres-canales-por-cable-en-espanol-en-eeuu-por-102-millones\\\/#webpage\"},\"articleSection\":\"Actualidad\"},{\"@type\":\"BreadcrumbList\",\"@id\":\"https:\\\/\\\/www.eldigitaldeasturias.com\\\/noticias\\\/mediapro-vende-tres-canales-por-cable-en-espanol-en-eeuu-por-102-millones\\\/#breadcrumblist\",\"itemListElement\":[{\"@type\":\"ListItem\",\"@id\":\"https:\\\/\\\/www.eldigitaldeasturias.com\\\/noticias#listItem\",\"position\":1,\"name\":\"Home\",\"item\":\"https:\\\/\\\/www.eldigitaldeasturias.com\\\/noticias\",\"nextItem\":{\"@type\":\"ListItem\",\"@id\":\"https:\\\/\\\/www.eldigitaldeasturias.com\\\/noticias\\\/category\\\/actualidad\\\/#listItem\",\"name\":\"Actualidad\"}},{\"@type\":\"ListItem\",\"@id\":\"https:\\\/\\\/www.eldigitaldeasturias.com\\\/noticias\\\/category\\\/actualidad\\\/#listItem\",\"position\":2,\"name\":\"Actualidad\",\"item\":\"https:\\\/\\\/www.eldigitaldeasturias.com\\\/noticias\\\/category\\\/actualidad\\\/\",\"nextItem\":{\"@type\":\"ListItem\",\"@id\":\"https:\\\/\\\/www.eldigitaldeasturias.com\\\/noticias\\\/mediapro-vende-tres-canales-por-cable-en-espanol-en-eeuu-por-102-millones\\\/#listItem\",\"name\":\"Mediapro vende tres canales por cable en espa\\u00f1ol en EEUU por 102 millones\"},\"previousItem\":{\"@type\":\"ListItem\",\"@id\":\"https:\\\/\\\/www.eldigitaldeasturias.com\\\/noticias#listItem\",\"name\":\"Home\"}},{\"@type\":\"ListItem\",\"@id\":\"https:\\\/\\\/www.eldigitaldeasturias.com\\\/noticias\\\/mediapro-vende-tres-canales-por-cable-en-espanol-en-eeuu-por-102-millones\\\/#listItem\",\"position\":3,\"name\":\"Mediapro vende tres canales por cable en espa\\u00f1ol en EEUU por 102 millones\",\"previousItem\":{\"@type\":\"ListItem\",\"@id\":\"https:\\\/\\\/www.eldigitaldeasturias.com\\\/noticias\\\/category\\\/actualidad\\\/#listItem\",\"name\":\"Actualidad\"}}]},{\"@type\":\"Organization\",\"@id\":\"https:\\\/\\\/www.eldigitaldeasturias.com\\\/noticias\\\/#organization\",\"name\":\"El Digital de Asturias\",\"description\":\"Hemeroteca\",\"url\":\"https:\\\/\\\/www.eldigitaldeasturias.com\\\/noticias\\\/\",\"email\":\"info@eldigitaldeasturias.com\",\"telephone\":\"+34652131393\",\"logo\":{\"@type\":\"ImageObject\",\"url\":\"https:\\\/\\\/www.eldigitaldeasturias.com\\\/noticias\\\/wp-content\\\/uploads\\\/2020\\\/12\\\/EDA.jpg\",\"@id\":\"https:\\\/\\\/www.eldigitaldeasturias.com\\\/noticias\\\/mediapro-vende-tres-canales-por-cable-en-espanol-en-eeuu-por-102-millones\\\/#organizationLogo\"},\"image\":{\"@id\":\"https:\\\/\\\/www.eldigitaldeasturias.com\\\/noticias\\\/mediapro-vende-tres-canales-por-cable-en-espanol-en-eeuu-por-102-millones\\\/#organizationLogo\"},\"sameAs\":[\"https:\\\/\\\/facebook.com\\\/eldigitaldeasturias\",\"https:\\\/\\\/www.youtube.com\\\/channel\\\/UCZP-2wLEB9Rv6erhFmqVnvg\"],\"address\":{\"@id\":\"https:\\\/\\\/www.eldigitaldeasturias.com\\\/noticias\\\/#postaladdress\",\"@type\":\"PostalAddress\",\"streetAddress\":\"san antonio 4\",\"postalCode\":\"33430\",\"addressLocality\":\"Cand\\u00e1s\",\"addressRegion\":\"Asturias\",\"addressCountry\":\"ES\"}},{\"@type\":\"Person\",\"@id\":\"https:\\\/\\\/www.eldigitaldeasturias.com\\\/noticias\\\/author\\\/admin\\\/#author\",\"url\":\"https:\\\/\\\/www.eldigitaldeasturias.com\\\/noticias\\\/author\\\/admin\\\/\",\"name\":\"El Digital de Asturias\",\"image\":{\"@type\":\"ImageObject\",\"@id\":\"https:\\\/\\\/www.eldigitaldeasturias.com\\\/noticias\\\/mediapro-vende-tres-canales-por-cable-en-espanol-en-eeuu-por-102-millones\\\/#authorImage\",\"url\":\"https:\\\/\\\/secure.gravatar.com\\\/avatar\\\/df2aeffc32bcd13f8d26072ef8a91b623d677766deac7f97ca815868cd41bf5e?s=96&d=mm&r=g\",\"width\":96,\"height\":96,\"caption\":\"El Digital de Asturias\"}},{\"@type\":\"WebPage\",\"@id\":\"https:\\\/\\\/www.eldigitaldeasturias.com\\\/noticias\\\/mediapro-vende-tres-canales-por-cable-en-espanol-en-eeuu-por-102-millones\\\/#webpage\",\"url\":\"https:\\\/\\\/www.eldigitaldeasturias.com\\\/noticias\\\/mediapro-vende-tres-canales-por-cable-en-espanol-en-eeuu-por-102-millones\\\/\",\"name\":\"Mediapro vende tres canales por cable en espa\\u00f1ol en EEUU por 102 millones - El Digital de Asturias\",\"description\":\"Barcelona, 23 ene (EFE).- El Grupo Mediapro ha alcanzado un acuerdo con el Grupo Hemisphere Media para la venta, por 102 millones de d\\u00f3lares, de tres canales de televisi\\u00f3n por cable en espa\\u00f1ol que emiten en los Estados Unidos. Seg\\u00fan ha informado hoy Mediapro, su divisi\\u00f3n americana, Media World, ha llegado a un acuerdo para\",\"inLanguage\":\"es-ES\",\"isPartOf\":{\"@id\":\"https:\\\/\\\/www.eldigitaldeasturias.com\\\/noticias\\\/#website\"},\"breadcrumb\":{\"@id\":\"https:\\\/\\\/www.eldigitaldeasturias.com\\\/noticias\\\/mediapro-vende-tres-canales-por-cable-en-espanol-en-eeuu-por-102-millones\\\/#breadcrumblist\"},\"author\":{\"@id\":\"https:\\\/\\\/www.eldigitaldeasturias.com\\\/noticias\\\/author\\\/admin\\\/#author\"},\"creator\":{\"@id\":\"https:\\\/\\\/www.eldigitaldeasturias.com\\\/noticias\\\/author\\\/admin\\\/#author\"},\"image\":{\"@type\":\"ImageObject\",\"url\":\"https:\\\/\\\/www.eldigitaldeasturias.com\\\/noticias\\\/wp-content\\\/uploads\\\/2026\\\/06\\\/Contenidos.jpg\",\"@id\":\"https:\\\/\\\/www.eldigitaldeasturias.com\\\/noticias\\\/mediapro-vende-tres-canales-por-cable-en-espanol-en-eeuu-por-102-millones\\\/#mainImage\",\"width\":1265,\"height\":697,\"caption\":\"Contenidos\"},\"primaryImageOfPage\":{\"@id\":\"https:\\\/\\\/www.eldigitaldeasturias.com\\\/noticias\\\/mediapro-vende-tres-canales-por-cable-en-espanol-en-eeuu-por-102-millones\\\/#mainImage\"},\"datePublished\":\"2014-01-24T09:27:19+01:00\",\"dateModified\":\"2014-01-24T09:27:19+01:00\"},{\"@type\":\"WebSite\",\"@id\":\"https:\\\/\\\/www.eldigitaldeasturias.com\\\/noticias\\\/#website\",\"url\":\"https:\\\/\\\/www.eldigitaldeasturias.com\\\/noticias\\\/\",\"name\":\"El Digital de Asturias - Diario de actualidad y noticias\",\"alternateName\":\"El Digital de Asturias - Diario de actualidad y noticias\",\"description\":\"Hemeroteca\",\"inLanguage\":\"es-ES\",\"publisher\":{\"@id\":\"https:\\\/\\\/www.eldigitaldeasturias.com\\\/noticias\\\/#organization\"}}]}\n\t\t<\/script>\n\t\t<!-- All in One SEO Pro -->\r\n\t\t<title>Mediapro vende tres canales por cable en espa\u00f1ol en EEUU por 102 millones - El Digital de Asturias<\/title>\n\n","aioseo_head_json":{"title":"Mediapro vende tres canales por cable en espa\u00f1ol en EEUU por 102 millones - El Digital de Asturias","description":"Barcelona, 23 ene (EFE).- El Grupo Mediapro ha alcanzado un acuerdo con el Grupo Hemisphere Media para la venta, por 102 millones de d\u00f3lares, de tres canales de televisi\u00f3n por cable en espa\u00f1ol que emiten en los Estados Unidos. Seg\u00fan ha informado hoy Mediapro, su divisi\u00f3n americana, Media World, ha llegado a un acuerdo para","canonical_url":"https:\/\/www.eldigitaldeasturias.com\/noticias\/mediapro-vende-tres-canales-por-cable-en-espanol-en-eeuu-por-102-millones\/","robots":"max-image-preview:large","keywords":"actualidad","webmasterTools":{"google-site-verification":"UA-38556648-1","msvalidate.01":"7dfe9f3f1b24437ab69f4f2559babe99","miscellaneous":""},"schema":{"@context":"https:\/\/schema.org","@graph":[{"@type":"BlogPosting","@id":"https:\/\/www.eldigitaldeasturias.com\/noticias\/mediapro-vende-tres-canales-por-cable-en-espanol-en-eeuu-por-102-millones\/#blogposting","name":"Mediapro vende tres canales por cable en espa\u00f1ol en EEUU por 102 millones - El Digital de Asturias","headline":"Mediapro vende tres canales por cable en espa\u00f1ol en EEUU por 102 millones","author":{"@id":"https:\/\/www.eldigitaldeasturias.com\/noticias\/author\/admin\/#author"},"publisher":{"@id":"https:\/\/www.eldigitaldeasturias.com\/noticias\/#organization"},"image":{"@type":"ImageObject","url":"https:\/\/www.eldigitaldeasturias.com\/noticias\/wp-content\/uploads\/2026\/06\/Contenidos.jpg","width":1265,"height":697,"caption":"Contenidos"},"datePublished":"2014-01-24T09:27:19+01:00","dateModified":"2014-01-24T09:27:19+01:00","inLanguage":"es-ES","mainEntityOfPage":{"@id":"https:\/\/www.eldigitaldeasturias.com\/noticias\/mediapro-vende-tres-canales-por-cable-en-espanol-en-eeuu-por-102-millones\/#webpage"},"isPartOf":{"@id":"https:\/\/www.eldigitaldeasturias.com\/noticias\/mediapro-vende-tres-canales-por-cable-en-espanol-en-eeuu-por-102-millones\/#webpage"},"articleSection":"Actualidad"},{"@type":"BreadcrumbList","@id":"https:\/\/www.eldigitaldeasturias.com\/noticias\/mediapro-vende-tres-canales-por-cable-en-espanol-en-eeuu-por-102-millones\/#breadcrumblist","itemListElement":[{"@type":"ListItem","@id":"https:\/\/www.eldigitaldeasturias.com\/noticias#listItem","position":1,"name":"Home","item":"https:\/\/www.eldigitaldeasturias.com\/noticias","nextItem":{"@type":"ListItem","@id":"https:\/\/www.eldigitaldeasturias.com\/noticias\/category\/actualidad\/#listItem","name":"Actualidad"}},{"@type":"ListItem","@id":"https:\/\/www.eldigitaldeasturias.com\/noticias\/category\/actualidad\/#listItem","position":2,"name":"Actualidad","item":"https:\/\/www.eldigitaldeasturias.com\/noticias\/category\/actualidad\/","nextItem":{"@type":"ListItem","@id":"https:\/\/www.eldigitaldeasturias.com\/noticias\/mediapro-vende-tres-canales-por-cable-en-espanol-en-eeuu-por-102-millones\/#listItem","name":"Mediapro vende tres canales por cable en espa\u00f1ol en EEUU por 102 millones"},"previousItem":{"@type":"ListItem","@id":"https:\/\/www.eldigitaldeasturias.com\/noticias#listItem","name":"Home"}},{"@type":"ListItem","@id":"https:\/\/www.eldigitaldeasturias.com\/noticias\/mediapro-vende-tres-canales-por-cable-en-espanol-en-eeuu-por-102-millones\/#listItem","position":3,"name":"Mediapro vende tres canales por cable en espa\u00f1ol en EEUU por 102 millones","previousItem":{"@type":"ListItem","@id":"https:\/\/www.eldigitaldeasturias.com\/noticias\/category\/actualidad\/#listItem","name":"Actualidad"}}]},{"@type":"Organization","@id":"https:\/\/www.eldigitaldeasturias.com\/noticias\/#organization","name":"El Digital de Asturias","description":"Hemeroteca","url":"https:\/\/www.eldigitaldeasturias.com\/noticias\/","email":"info@eldigitaldeasturias.com","telephone":"+34652131393","logo":{"@type":"ImageObject","url":"https:\/\/www.eldigitaldeasturias.com\/noticias\/wp-content\/uploads\/2020\/12\/EDA.jpg","@id":"https:\/\/www.eldigitaldeasturias.com\/noticias\/mediapro-vende-tres-canales-por-cable-en-espanol-en-eeuu-por-102-millones\/#organizationLogo"},"image":{"@id":"https:\/\/www.eldigitaldeasturias.com\/noticias\/mediapro-vende-tres-canales-por-cable-en-espanol-en-eeuu-por-102-millones\/#organizationLogo"},"sameAs":["https:\/\/facebook.com\/eldigitaldeasturias","https:\/\/www.youtube.com\/channel\/UCZP-2wLEB9Rv6erhFmqVnvg"],"address":{"@id":"https:\/\/www.eldigitaldeasturias.com\/noticias\/#postaladdress","@type":"PostalAddress","streetAddress":"san antonio 4","postalCode":"33430","addressLocality":"Cand\u00e1s","addressRegion":"Asturias","addressCountry":"ES"}},{"@type":"Person","@id":"https:\/\/www.eldigitaldeasturias.com\/noticias\/author\/admin\/#author","url":"https:\/\/www.eldigitaldeasturias.com\/noticias\/author\/admin\/","name":"El Digital de Asturias","image":{"@type":"ImageObject","@id":"https:\/\/www.eldigitaldeasturias.com\/noticias\/mediapro-vende-tres-canales-por-cable-en-espanol-en-eeuu-por-102-millones\/#authorImage","url":"https:\/\/secure.gravatar.com\/avatar\/df2aeffc32bcd13f8d26072ef8a91b623d677766deac7f97ca815868cd41bf5e?s=96&d=mm&r=g","width":96,"height":96,"caption":"El Digital de Asturias"}},{"@type":"WebPage","@id":"https:\/\/www.eldigitaldeasturias.com\/noticias\/mediapro-vende-tres-canales-por-cable-en-espanol-en-eeuu-por-102-millones\/#webpage","url":"https:\/\/www.eldigitaldeasturias.com\/noticias\/mediapro-vende-tres-canales-por-cable-en-espanol-en-eeuu-por-102-millones\/","name":"Mediapro vende tres canales por cable en espa\u00f1ol en EEUU por 102 millones - El Digital de Asturias","description":"Barcelona, 23 ene (EFE).- El Grupo Mediapro ha alcanzado un acuerdo con el Grupo Hemisphere Media para la venta, por 102 millones de d\u00f3lares, de tres canales de televisi\u00f3n por cable en espa\u00f1ol que emiten en los Estados Unidos. Seg\u00fan ha informado hoy Mediapro, su divisi\u00f3n americana, Media World, ha llegado a un acuerdo para","inLanguage":"es-ES","isPartOf":{"@id":"https:\/\/www.eldigitaldeasturias.com\/noticias\/#website"},"breadcrumb":{"@id":"https:\/\/www.eldigitaldeasturias.com\/noticias\/mediapro-vende-tres-canales-por-cable-en-espanol-en-eeuu-por-102-millones\/#breadcrumblist"},"author":{"@id":"https:\/\/www.eldigitaldeasturias.com\/noticias\/author\/admin\/#author"},"creator":{"@id":"https:\/\/www.eldigitaldeasturias.com\/noticias\/author\/admin\/#author"},"image":{"@type":"ImageObject","url":"https:\/\/www.eldigitaldeasturias.com\/noticias\/wp-content\/uploads\/2026\/06\/Contenidos.jpg","@id":"https:\/\/www.eldigitaldeasturias.com\/noticias\/mediapro-vende-tres-canales-por-cable-en-espanol-en-eeuu-por-102-millones\/#mainImage","width":1265,"height":697,"caption":"Contenidos"},"primaryImageOfPage":{"@id":"https:\/\/www.eldigitaldeasturias.com\/noticias\/mediapro-vende-tres-canales-por-cable-en-espanol-en-eeuu-por-102-millones\/#mainImage"},"datePublished":"2014-01-24T09:27:19+01:00","dateModified":"2014-01-24T09:27:19+01:00"},{"@type":"WebSite","@id":"https:\/\/www.eldigitaldeasturias.com\/noticias\/#website","url":"https:\/\/www.eldigitaldeasturias.com\/noticias\/","name":"El Digital de Asturias - Diario de actualidad y noticias","alternateName":"El Digital de Asturias - Diario de actualidad y noticias","description":"Hemeroteca","inLanguage":"es-ES","publisher":{"@id":"https:\/\/www.eldigitaldeasturias.com\/noticias\/#organization"}}]},"og:locale":"es_ES","og:site_name":"El Digital de Asturias","og:type":"article","og:title":"Mediapro vende tres canales por cable en espa\u00f1ol en EEUU por 102 millones - El Digital de Asturias","og:description":"Barcelona, 23 ene (EFE).- El Grupo Mediapro ha alcanzado un acuerdo con el Grupo Hemisphere Media para la venta, por 102 millones de d\u00f3lares, de tres canales de televisi\u00f3n por cable en espa\u00f1ol que emiten en los Estados Unidos. Seg\u00fan ha informado hoy Mediapro, su divisi\u00f3n americana, Media World, ha llegado a un acuerdo para","og:url":"https:\/\/www.eldigitaldeasturias.com\/noticias\/mediapro-vende-tres-canales-por-cable-en-espanol-en-eeuu-por-102-millones\/","og:image":"https:\/\/www.eldigitaldeasturias.com\/noticias\/wp-content\/uploads\/2026\/06\/Contenidos.jpg","og:image:secure_url":"https:\/\/www.eldigitaldeasturias.com\/noticias\/wp-content\/uploads\/2026\/06\/Contenidos.jpg","og:image:width":1265,"og:image:height":697,"article:tag":["actualidad"],"article:published_time":"2014-01-24T10:27:19+00:00","article:modified_time":"2014-01-24T10:27:19+00:00","article:publisher":"https:\/\/facebook.com\/eldigitaldeasturias","twitter:card":"summary_large_image","twitter:title":"Mediapro vende tres canales por cable en espa\u00f1ol en EEUU por 102 millones - El Digital de Asturias","twitter:description":"Barcelona, 23 ene (EFE).- El Grupo Mediapro ha alcanzado un acuerdo con el Grupo Hemisphere Media para la venta, por 102 millones de d\u00f3lares, de tres canales de televisi\u00f3n por cable en espa\u00f1ol que emiten en los Estados Unidos. Seg\u00fan ha informado hoy Mediapro, su divisi\u00f3n americana, Media World, ha llegado a un acuerdo para","twitter:image":"https:\/\/www.eldigitaldeasturias.com\/noticias\/wp-content\/uploads\/2026\/06\/Contenidos.jpg","twitter:label1":"Escrito por","twitter:data1":"El Digital de Asturias","twitter:label2":"Tiempo de lectura estimado","twitter:data2":"2 minutos"},"aioseo_meta_data":{"post_id":"478122","title":null,"description":null,"keywords":null,"keyphrases":null,"primary_term":null,"canonical_url":null,"og_title":null,"og_description":null,"og_object_type":"default","og_image_type":"default","og_image_url":null,"og_image_width":null,"og_image_height":null,"og_image_custom_url":null,"og_image_custom_fields":null,"og_video":null,"og_custom_url":null,"og_article_section":null,"og_article_tags":null,"twitter_use_og":true,"twitter_card":"default","twitter_image_type":"default","twitter_image_url":null,"twitter_image_custom_url":null,"twitter_image_custom_fields":null,"twitter_title":null,"twitter_description":null,"schema":{"blockGraphs":[],"customGraphs":[],"default":{"data":{"Article":[],"Course":[],"Dataset":[],"FAQPage":[],"Movie":[],"Person":[],"Product":[],"ProductReview":[],"Car":[],"Recipe":[],"Service":[],"SoftwareApplication":[],"WebPage":[]},"graphName":"","isEnabled":true},"graphs":[],"defaultGraph":"","defaultPostTypeGraph":""},"schema_type":null,"schema_type_options":null,"pillar_content":false,"robots_default":true,"robots_noindex":false,"robots_noarchive":false,"robots_nosnippet":false,"robots_nofollow":false,"robots_noimageindex":false,"robots_noodp":false,"robots_notranslate":false,"robots_max_snippet":null,"robots_max_videopreview":null,"robots_max_imagepreview":"none","priority":null,"frequency":null,"local_seo":null,"seo_analyzer_scan_date":"2026-06-01 20:33:03","breadcrumb_settings":null,"limit_modified_date":false,"open_ai":null,"ai":null,"created":"2020-11-14 22:53:48","updated":"2026-06-01 20:33:03","focus_keyword":null,"additional_keywords":null,"truseo_locale":null},"aioseo_breadcrumb":"<div class=\"aioseo-breadcrumbs\"><span class=\"aioseo-breadcrumb\">\n\t<a href=\"https:\/\/www.eldigitaldeasturias.com\/noticias\" title=\"Home\">Home<\/a>\n<\/span><span class=\"aioseo-breadcrumb-separator\">\u2013<\/span><span class=\"aioseo-breadcrumb\">\n\t<a href=\"https:\/\/www.eldigitaldeasturias.com\/noticias\/category\/actualidad\/\" title=\"Actualidad\">Actualidad<\/a>\n<\/span><span class=\"aioseo-breadcrumb-separator\">\u2013<\/span><span class=\"aioseo-breadcrumb\">\n\t<a href=\"https:\/\/www.eldigitaldeasturias.com\/noticias\/mediapro-vende-tres-canales-por-cable-en-espanol-en-eeuu-por-102-millones\/\" title=\"Mediapro vende tres canales por cable en espa\u00f1ol en EEUU por 102 millones\">Mediapro vende tres canales por cable en espa\u00f1ol en EEUU por 102 millones<\/a>\n<\/span><\/div>","aioseo_breadcrumb_json":[{"label":"Home","link":"https:\/\/www.eldigitaldeasturias.com\/noticias"},{"label":"Actualidad","link":"https:\/\/www.eldigitaldeasturias.com\/noticias\/category\/actualidad\/"},{"label":"Mediapro vende tres canales por cable en espa\u00f1ol en EEUU por 102 millones","link":"https:\/\/www.eldigitaldeasturias.com\/noticias\/mediapro-vende-tres-canales-por-cable-en-espanol-en-eeuu-por-102-millones\/"}],"_links":{"self":[{"href":"https:\/\/www.eldigitaldeasturias.com\/noticias\/wp-json\/wp\/v2\/posts\/478122","targetHints":{"allow":["GET"]}}],"collection":[{"href":"https:\/\/www.eldigitaldeasturias.com\/noticias\/wp-json\/wp\/v2\/posts"}],"about":[{"href":"https:\/\/www.eldigitaldeasturias.com\/noticias\/wp-json\/wp\/v2\/types\/post"}],"author":[{"embeddable":true,"href":"https:\/\/www.eldigitaldeasturias.com\/noticias\/wp-json\/wp\/v2\/users\/1"}],"replies":[{"embeddable":true,"href":"https:\/\/www.eldigitaldeasturias.com\/noticias\/wp-json\/wp\/v2\/comments?post=478122"}],"version-history":[{"count":0,"href":"https:\/\/www.eldigitaldeasturias.com\/noticias\/wp-json\/wp\/v2\/posts\/478122\/revisions"}],"wp:featuredmedia":[{"embeddable":true,"href":"https:\/\/www.eldigitaldeasturias.com\/noticias\/wp-json\/wp\/v2\/media\/1132184"}],"wp:attachment":[{"href":"https:\/\/www.eldigitaldeasturias.com\/noticias\/wp-json\/wp\/v2\/media?parent=478122"}],"wp:term":[{"taxonomy":"category","embeddable":true,"href":"https:\/\/www.eldigitaldeasturias.com\/noticias\/wp-json\/wp\/v2\/categories?post=478122"},{"taxonomy":"post_tag","embeddable":true,"href":"https:\/\/www.eldigitaldeasturias.com\/noticias\/wp-json\/wp\/v2\/tags?post=478122"}],"curies":[{"name":"wp","href":"https:\/\/api.w.org\/{rel}","templated":true}]}}