{"id":478095,"date":"2014-01-24T09:07:30","date_gmt":"2014-01-24T10:07:30","guid":{"rendered":"http:\/\/www.eldigitaldeasturias.com\/noticias\/?p=478095"},"modified":"2014-01-24T09:07:30","modified_gmt":"2014-01-24T10:07:30","slug":"el-supremo-admite-a-tramite-el-recurso-de-upyd-contra-la-renovacion-del-cgpj","status":"publish","type":"post","link":"https:\/\/www.eldigitaldeasturias.com\/noticias\/el-supremo-admite-a-tramite-el-recurso-de-upyd-contra-la-renovacion-del-cgpj\/","title":{"rendered":"El Supremo admite a tr\u00e1mite el recurso de UPyD contra la renovaci\u00f3n del CGPJ"},"content":{"rendered":"<p><img loading=\"lazy\" decoding=\"async\" class=\"alignleft size-medium wp-image-478096\" alt=\"5870488w\" src=\"https:\/\/www.eldigitaldeasturias.com\/noticias\/wp-content\/uploads\/2014\/01\/5870488w-360x268.jpg\" width=\"360\" height=\"268\" \/>Madrid, 23 ene (EFE).- La sala tercera de lo contencioso administrativo del Tribunal Supremo (TS) ha admitido a tr\u00e1mite el recurso presentado por UPyD en contra del reciente nombramiento de los vocales y del presidente del Consejo General del Poder Judicial (CGPJ) al ser fruto de un reparto \u00abespurio\u00bb de los partidos.<\/p>\n<p>En la resoluci\u00f3n judicial, el Supremo requiere al CGPJ que le remita en el plazo improrrogable de 20 d\u00edas el expediente administrativo del nombramiento de los vocales, que es objeto del recurso.<\/p>\n<p>En el recurso presentado el pasado 18 de diciembre, el partido liderado por Rosa D\u00edez argumenta que el acuerdo que permiti\u00f3 el nombramiento de los veinte vocales del \u00f3rgano de gobierno de los jueces y de su presidente, Carlos Lesmes, \u00abvulnera\u00bb el esp\u00edritu constitucional y el derecho fundamental de participaci\u00f3n de UPyD en el procedimiento de designaci\u00f3n.<\/p>\n<p>Y esto es as\u00ed, a\u00f1ade el escrito, porque se ha hecho un reparto \u00abpartidista por cuotas\u00bb del CGPJ, lo que supone una \u00abextralimitaci\u00f3n\u00bb de las funciones asignadas a las fuerzas pol\u00edticas en la Constituci\u00f3n y, adem\u00e1s, \u00abconculca\u00bb el principio de independencia de la Justicia.<\/p>\n<p>A UPyD -insiste- se le ha perjudicado \u00abdirectamente\u00bb por la forma en que se ha desarrollado todo el proceso de nombramiento que fue pactado por seis partidos: PP, PSOE, CiU, PNV, IU y UPN, por lo que pide al alto tribunal que presente una cuesti\u00f3n de inconstitucionalidad.<\/p>\n<p>Deja claro que este recurso no pretende \u00abni impugnar ni combatir\u00bb el sistema vigente de designaci\u00f3n de los integrantes del \u00f3rgano de gobierno de los jueces -si bien cree que \u00abdebilita\u00bb la democracia- sino que se respete la sentencia del Constitucional en la que, seg\u00fan se\u00f1ala, los nombramientos no se har\u00e1n con un reparto de cuotas partidistas.<\/p>\n<p>La sentencia mencionada se\u00f1ala, tal como refleja el recurso, que la composici\u00f3n del Consejo debe asegurar que se \u00abrefleje el pluralismo existente\u00bb en el seno de la sociedad y, \u00abmuy en especial\u00bb, en el seno del Poder Judicial.<\/p>\n","protected":false},"excerpt":{"rendered":"<p>Madrid, 23 ene (EFE).- La sala tercera de lo contencioso administrativo del Tribunal Supremo (TS) ha admitido a tr\u00e1mite el recurso presentado por UPyD en contra del reciente nombramiento de los vocales y del presidente del Consejo General del Poder Judicial (CGPJ) al ser fruto de un reparto \u00abespurio\u00bb de los partidos. En la resoluci\u00f3n [&hellip;]<\/p>\n","protected":false},"author":1,"featured_media":1132184,"comment_status":"closed","ping_status":"open","sticky":false,"template":"","format":"standard","meta":{"footnotes":""},"categories":[1],"tags":[],"class_list":["post-478095","post","type-post","status-publish","format-standard","has-post-thumbnail","hentry","category-actualidad"],"aioseo_notices":[],"aioseo_head":"\n\t\t<!-- All in One SEO Pro 5.0.1 - aioseo.com -->\n\t<meta name=\"description\" content=\"Madrid, 23 ene (EFE).- La sala tercera de lo contencioso administrativo del Tribunal Supremo (TS) ha admitido a tr\u00e1mite el recurso presentado por UPyD en contra del reciente nombramiento de los vocales y del presidente del Consejo General del Poder Judicial (CGPJ) al ser fruto de un reparto &quot;espurio&quot; de los partidos. En la resoluci\u00f3n\" \/>\n\t<meta name=\"robots\" content=\"max-image-preview:large\" \/>\n\t<meta name=\"author\" content=\"El Digital de Asturias\"\/>\n\t<meta name=\"google-site-verification\" content=\"UA-38556648-1\" \/>\n\t<meta name=\"msvalidate.01\" content=\"7dfe9f3f1b24437ab69f4f2559babe99\" \/>\n\t<meta name=\"keywords\" content=\"actualidad\" \/>\n\t<link rel=\"canonical\" href=\"https:\/\/www.eldigitaldeasturias.com\/noticias\/el-supremo-admite-a-tramite-el-recurso-de-upyd-contra-la-renovacion-del-cgpj\/\" \/>\n\t<meta name=\"generator\" content=\"All in One SEO Pro (AIOSEO) 5.0.1\" \/>\n\t\t<meta property=\"og:locale\" content=\"es_ES\" \/>\n\t\t<meta property=\"og:site_name\" content=\"El Digital de Asturias\" \/>\n\t\t<meta property=\"og:type\" content=\"article\" \/>\n\t\t<meta property=\"og:title\" content=\"El Supremo admite a tr\u00e1mite el recurso de UPyD contra la renovaci\u00f3n del CGPJ - El Digital de Asturias\" \/>\n\t\t<meta property=\"og:description\" content=\"Madrid, 23 ene (EFE).- La sala tercera de lo contencioso administrativo del Tribunal Supremo (TS) ha admitido a tr\u00e1mite el recurso presentado por UPyD en contra del reciente nombramiento de los vocales y del presidente del Consejo General del Poder Judicial (CGPJ) al ser fruto de un reparto &quot;espurio&quot; de los partidos. En la resoluci\u00f3n\" \/>\n\t\t<meta property=\"og:url\" content=\"https:\/\/www.eldigitaldeasturias.com\/noticias\/el-supremo-admite-a-tramite-el-recurso-de-upyd-contra-la-renovacion-del-cgpj\/\" \/>\n\t\t<meta property=\"og:image\" content=\"https:\/\/www.eldigitaldeasturias.com\/noticias\/wp-content\/uploads\/2026\/06\/Contenidos.jpg\" \/>\n\t\t<meta property=\"og:image:secure_url\" content=\"https:\/\/www.eldigitaldeasturias.com\/noticias\/wp-content\/uploads\/2026\/06\/Contenidos.jpg\" \/>\n\t\t<meta property=\"og:image:width\" content=\"1265\" \/>\n\t\t<meta property=\"og:image:height\" content=\"697\" \/>\n\t\t<meta property=\"article:tag\" content=\"actualidad\" \/>\n\t\t<meta property=\"article:published_time\" content=\"2014-01-24T10:07:30+00:00\" \/>\n\t\t<meta property=\"article:modified_time\" content=\"2014-01-24T10:07:30+00:00\" \/>\n\t\t<meta property=\"article:publisher\" content=\"https:\/\/facebook.com\/eldigitaldeasturias\" \/>\n\t\t<meta name=\"twitter:card\" content=\"summary_large_image\" \/>\n\t\t<meta name=\"twitter:title\" content=\"El Supremo admite a tr\u00e1mite el recurso de UPyD contra la renovaci\u00f3n del CGPJ - El Digital de Asturias\" \/>\n\t\t<meta name=\"twitter:description\" content=\"Madrid, 23 ene (EFE).- La sala tercera de lo contencioso administrativo del Tribunal Supremo (TS) ha admitido a tr\u00e1mite el recurso presentado por UPyD en contra del reciente nombramiento de los vocales y del presidente del Consejo General del Poder Judicial (CGPJ) al ser fruto de un reparto &quot;espurio&quot; de los partidos. En la resoluci\u00f3n\" \/>\n\t\t<meta name=\"twitter:image\" content=\"https:\/\/www.eldigitaldeasturias.com\/noticias\/wp-content\/uploads\/2026\/06\/Contenidos.jpg\" \/>\n\t\t<meta name=\"twitter:label1\" content=\"Escrito por\" \/>\n\t\t<meta name=\"twitter:data1\" content=\"El Digital de Asturias\" \/>\n\t\t<meta name=\"twitter:label2\" content=\"Tiempo de lectura estimado\" \/>\n\t\t<meta name=\"twitter:data2\" content=\"2 minutos\" \/>\n\t\t<script type=\"application\/ld+json\" class=\"aioseo-schema\">\n\t\t\t{\"@context\":\"https:\\\/\\\/schema.org\",\"@graph\":[{\"@type\":\"BlogPosting\",\"@id\":\"https:\\\/\\\/www.eldigitaldeasturias.com\\\/noticias\\\/el-supremo-admite-a-tramite-el-recurso-de-upyd-contra-la-renovacion-del-cgpj\\\/#blogposting\",\"name\":\"El Supremo admite a tr\\u00e1mite el recurso de UPyD contra la renovaci\\u00f3n del CGPJ - El Digital de Asturias\",\"headline\":\"El Supremo admite a tr\\u00e1mite el recurso de UPyD contra la renovaci\\u00f3n del CGPJ\",\"author\":{\"@id\":\"https:\\\/\\\/www.eldigitaldeasturias.com\\\/noticias\\\/author\\\/admin\\\/#author\"},\"publisher\":{\"@id\":\"https:\\\/\\\/www.eldigitaldeasturias.com\\\/noticias\\\/#organization\"},\"image\":{\"@type\":\"ImageObject\",\"url\":\"https:\\\/\\\/www.eldigitaldeasturias.com\\\/noticias\\\/wp-content\\\/uploads\\\/2026\\\/06\\\/Contenidos.jpg\",\"width\":1265,\"height\":697,\"caption\":\"Contenidos\"},\"datePublished\":\"2014-01-24T09:07:30+01:00\",\"dateModified\":\"2014-01-24T09:07:30+01:00\",\"inLanguage\":\"es-ES\",\"mainEntityOfPage\":{\"@id\":\"https:\\\/\\\/www.eldigitaldeasturias.com\\\/noticias\\\/el-supremo-admite-a-tramite-el-recurso-de-upyd-contra-la-renovacion-del-cgpj\\\/#webpage\"},\"isPartOf\":{\"@id\":\"https:\\\/\\\/www.eldigitaldeasturias.com\\\/noticias\\\/el-supremo-admite-a-tramite-el-recurso-de-upyd-contra-la-renovacion-del-cgpj\\\/#webpage\"},\"articleSection\":\"Actualidad\"},{\"@type\":\"BreadcrumbList\",\"@id\":\"https:\\\/\\\/www.eldigitaldeasturias.com\\\/noticias\\\/el-supremo-admite-a-tramite-el-recurso-de-upyd-contra-la-renovacion-del-cgpj\\\/#breadcrumblist\",\"itemListElement\":[{\"@type\":\"ListItem\",\"@id\":\"https:\\\/\\\/www.eldigitaldeasturias.com\\\/noticias#listItem\",\"position\":1,\"name\":\"Home\",\"item\":\"https:\\\/\\\/www.eldigitaldeasturias.com\\\/noticias\",\"nextItem\":{\"@type\":\"ListItem\",\"@id\":\"https:\\\/\\\/www.eldigitaldeasturias.com\\\/noticias\\\/category\\\/actualidad\\\/#listItem\",\"name\":\"Actualidad\"}},{\"@type\":\"ListItem\",\"@id\":\"https:\\\/\\\/www.eldigitaldeasturias.com\\\/noticias\\\/category\\\/actualidad\\\/#listItem\",\"position\":2,\"name\":\"Actualidad\",\"item\":\"https:\\\/\\\/www.eldigitaldeasturias.com\\\/noticias\\\/category\\\/actualidad\\\/\",\"nextItem\":{\"@type\":\"ListItem\",\"@id\":\"https:\\\/\\\/www.eldigitaldeasturias.com\\\/noticias\\\/el-supremo-admite-a-tramite-el-recurso-de-upyd-contra-la-renovacion-del-cgpj\\\/#listItem\",\"name\":\"El Supremo admite a tr\\u00e1mite el recurso de UPyD contra la renovaci\\u00f3n del CGPJ\"},\"previousItem\":{\"@type\":\"ListItem\",\"@id\":\"https:\\\/\\\/www.eldigitaldeasturias.com\\\/noticias#listItem\",\"name\":\"Home\"}},{\"@type\":\"ListItem\",\"@id\":\"https:\\\/\\\/www.eldigitaldeasturias.com\\\/noticias\\\/el-supremo-admite-a-tramite-el-recurso-de-upyd-contra-la-renovacion-del-cgpj\\\/#listItem\",\"position\":3,\"name\":\"El Supremo admite a tr\\u00e1mite el recurso de UPyD contra la renovaci\\u00f3n del CGPJ\",\"previousItem\":{\"@type\":\"ListItem\",\"@id\":\"https:\\\/\\\/www.eldigitaldeasturias.com\\\/noticias\\\/category\\\/actualidad\\\/#listItem\",\"name\":\"Actualidad\"}}]},{\"@type\":\"Organization\",\"@id\":\"https:\\\/\\\/www.eldigitaldeasturias.com\\\/noticias\\\/#organization\",\"name\":\"El Digital de Asturias\",\"description\":\"Hemeroteca\",\"url\":\"https:\\\/\\\/www.eldigitaldeasturias.com\\\/noticias\\\/\",\"email\":\"info@eldigitaldeasturias.com\",\"telephone\":\"+34652131393\",\"logo\":{\"@type\":\"ImageObject\",\"url\":\"https:\\\/\\\/www.eldigitaldeasturias.com\\\/noticias\\\/wp-content\\\/uploads\\\/2020\\\/12\\\/EDA.jpg\",\"@id\":\"https:\\\/\\\/www.eldigitaldeasturias.com\\\/noticias\\\/el-supremo-admite-a-tramite-el-recurso-de-upyd-contra-la-renovacion-del-cgpj\\\/#organizationLogo\"},\"image\":{\"@id\":\"https:\\\/\\\/www.eldigitaldeasturias.com\\\/noticias\\\/el-supremo-admite-a-tramite-el-recurso-de-upyd-contra-la-renovacion-del-cgpj\\\/#organizationLogo\"},\"sameAs\":[\"https:\\\/\\\/facebook.com\\\/eldigitaldeasturias\",\"https:\\\/\\\/www.youtube.com\\\/channel\\\/UCZP-2wLEB9Rv6erhFmqVnvg\"],\"address\":{\"@id\":\"https:\\\/\\\/www.eldigitaldeasturias.com\\\/noticias\\\/#postaladdress\",\"@type\":\"PostalAddress\",\"streetAddress\":\"san antonio 4\",\"postalCode\":\"33430\",\"addressLocality\":\"Cand\\u00e1s\",\"addressRegion\":\"Asturias\",\"addressCountry\":\"ES\"}},{\"@type\":\"Person\",\"@id\":\"https:\\\/\\\/www.eldigitaldeasturias.com\\\/noticias\\\/author\\\/admin\\\/#author\",\"url\":\"https:\\\/\\\/www.eldigitaldeasturias.com\\\/noticias\\\/author\\\/admin\\\/\",\"name\":\"El Digital de Asturias\",\"image\":{\"@type\":\"ImageObject\",\"@id\":\"https:\\\/\\\/www.eldigitaldeasturias.com\\\/noticias\\\/el-supremo-admite-a-tramite-el-recurso-de-upyd-contra-la-renovacion-del-cgpj\\\/#authorImage\",\"url\":\"https:\\\/\\\/secure.gravatar.com\\\/avatar\\\/df2aeffc32bcd13f8d26072ef8a91b623d677766deac7f97ca815868cd41bf5e?s=96&d=mm&r=g\",\"width\":96,\"height\":96,\"caption\":\"El Digital de Asturias\"}},{\"@type\":\"WebPage\",\"@id\":\"https:\\\/\\\/www.eldigitaldeasturias.com\\\/noticias\\\/el-supremo-admite-a-tramite-el-recurso-de-upyd-contra-la-renovacion-del-cgpj\\\/#webpage\",\"url\":\"https:\\\/\\\/www.eldigitaldeasturias.com\\\/noticias\\\/el-supremo-admite-a-tramite-el-recurso-de-upyd-contra-la-renovacion-del-cgpj\\\/\",\"name\":\"El Supremo admite a tr\\u00e1mite el recurso de UPyD contra la renovaci\\u00f3n del CGPJ - El Digital de Asturias\",\"description\":\"Madrid, 23 ene (EFE).- La sala tercera de lo contencioso administrativo del Tribunal Supremo (TS) ha admitido a tr\\u00e1mite el recurso presentado por UPyD en contra del reciente nombramiento de los vocales y del presidente del Consejo General del Poder Judicial (CGPJ) al ser fruto de un reparto \\\"espurio\\\" de los partidos. En la resoluci\\u00f3n\",\"inLanguage\":\"es-ES\",\"isPartOf\":{\"@id\":\"https:\\\/\\\/www.eldigitaldeasturias.com\\\/noticias\\\/#website\"},\"breadcrumb\":{\"@id\":\"https:\\\/\\\/www.eldigitaldeasturias.com\\\/noticias\\\/el-supremo-admite-a-tramite-el-recurso-de-upyd-contra-la-renovacion-del-cgpj\\\/#breadcrumblist\"},\"author\":{\"@id\":\"https:\\\/\\\/www.eldigitaldeasturias.com\\\/noticias\\\/author\\\/admin\\\/#author\"},\"creator\":{\"@id\":\"https:\\\/\\\/www.eldigitaldeasturias.com\\\/noticias\\\/author\\\/admin\\\/#author\"},\"image\":{\"@type\":\"ImageObject\",\"url\":\"https:\\\/\\\/www.eldigitaldeasturias.com\\\/noticias\\\/wp-content\\\/uploads\\\/2026\\\/06\\\/Contenidos.jpg\",\"@id\":\"https:\\\/\\\/www.eldigitaldeasturias.com\\\/noticias\\\/el-supremo-admite-a-tramite-el-recurso-de-upyd-contra-la-renovacion-del-cgpj\\\/#mainImage\",\"width\":1265,\"height\":697,\"caption\":\"Contenidos\"},\"primaryImageOfPage\":{\"@id\":\"https:\\\/\\\/www.eldigitaldeasturias.com\\\/noticias\\\/el-supremo-admite-a-tramite-el-recurso-de-upyd-contra-la-renovacion-del-cgpj\\\/#mainImage\"},\"datePublished\":\"2014-01-24T09:07:30+01:00\",\"dateModified\":\"2014-01-24T09:07:30+01:00\"},{\"@type\":\"WebSite\",\"@id\":\"https:\\\/\\\/www.eldigitaldeasturias.com\\\/noticias\\\/#website\",\"url\":\"https:\\\/\\\/www.eldigitaldeasturias.com\\\/noticias\\\/\",\"name\":\"El Digital de Asturias - Diario de actualidad y noticias\",\"alternateName\":\"El Digital de Asturias - Diario de actualidad y noticias\",\"description\":\"Hemeroteca\",\"inLanguage\":\"es-ES\",\"publisher\":{\"@id\":\"https:\\\/\\\/www.eldigitaldeasturias.com\\\/noticias\\\/#organization\"}}]}\n\t\t<\/script>\n\t\t<!-- All in One SEO Pro -->\r\n\t\t<title>El Supremo admite a tr\u00e1mite el recurso de UPyD contra la renovaci\u00f3n del CGPJ - El Digital de Asturias<\/title>\n\n","aioseo_head_json":{"title":"El Supremo admite a tr\u00e1mite el recurso de UPyD contra la renovaci\u00f3n del CGPJ - El Digital de Asturias","description":"Madrid, 23 ene (EFE).- La sala tercera de lo contencioso administrativo del Tribunal Supremo (TS) ha admitido a tr\u00e1mite el recurso presentado por UPyD en contra del reciente nombramiento de los vocales y del presidente del Consejo General del Poder Judicial (CGPJ) al ser fruto de un reparto \"espurio\" de los partidos. En la resoluci\u00f3n","canonical_url":"https:\/\/www.eldigitaldeasturias.com\/noticias\/el-supremo-admite-a-tramite-el-recurso-de-upyd-contra-la-renovacion-del-cgpj\/","robots":"max-image-preview:large","keywords":"actualidad","webmasterTools":{"google-site-verification":"UA-38556648-1","msvalidate.01":"7dfe9f3f1b24437ab69f4f2559babe99","miscellaneous":""},"schema":{"@context":"https:\/\/schema.org","@graph":[{"@type":"BlogPosting","@id":"https:\/\/www.eldigitaldeasturias.com\/noticias\/el-supremo-admite-a-tramite-el-recurso-de-upyd-contra-la-renovacion-del-cgpj\/#blogposting","name":"El Supremo admite a tr\u00e1mite el recurso de UPyD contra la renovaci\u00f3n del CGPJ - El Digital de Asturias","headline":"El Supremo admite a tr\u00e1mite el recurso de UPyD contra la renovaci\u00f3n del CGPJ","author":{"@id":"https:\/\/www.eldigitaldeasturias.com\/noticias\/author\/admin\/#author"},"publisher":{"@id":"https:\/\/www.eldigitaldeasturias.com\/noticias\/#organization"},"image":{"@type":"ImageObject","url":"https:\/\/www.eldigitaldeasturias.com\/noticias\/wp-content\/uploads\/2026\/06\/Contenidos.jpg","width":1265,"height":697,"caption":"Contenidos"},"datePublished":"2014-01-24T09:07:30+01:00","dateModified":"2014-01-24T09:07:30+01:00","inLanguage":"es-ES","mainEntityOfPage":{"@id":"https:\/\/www.eldigitaldeasturias.com\/noticias\/el-supremo-admite-a-tramite-el-recurso-de-upyd-contra-la-renovacion-del-cgpj\/#webpage"},"isPartOf":{"@id":"https:\/\/www.eldigitaldeasturias.com\/noticias\/el-supremo-admite-a-tramite-el-recurso-de-upyd-contra-la-renovacion-del-cgpj\/#webpage"},"articleSection":"Actualidad"},{"@type":"BreadcrumbList","@id":"https:\/\/www.eldigitaldeasturias.com\/noticias\/el-supremo-admite-a-tramite-el-recurso-de-upyd-contra-la-renovacion-del-cgpj\/#breadcrumblist","itemListElement":[{"@type":"ListItem","@id":"https:\/\/www.eldigitaldeasturias.com\/noticias#listItem","position":1,"name":"Home","item":"https:\/\/www.eldigitaldeasturias.com\/noticias","nextItem":{"@type":"ListItem","@id":"https:\/\/www.eldigitaldeasturias.com\/noticias\/category\/actualidad\/#listItem","name":"Actualidad"}},{"@type":"ListItem","@id":"https:\/\/www.eldigitaldeasturias.com\/noticias\/category\/actualidad\/#listItem","position":2,"name":"Actualidad","item":"https:\/\/www.eldigitaldeasturias.com\/noticias\/category\/actualidad\/","nextItem":{"@type":"ListItem","@id":"https:\/\/www.eldigitaldeasturias.com\/noticias\/el-supremo-admite-a-tramite-el-recurso-de-upyd-contra-la-renovacion-del-cgpj\/#listItem","name":"El Supremo admite a tr\u00e1mite el recurso de UPyD contra la renovaci\u00f3n del CGPJ"},"previousItem":{"@type":"ListItem","@id":"https:\/\/www.eldigitaldeasturias.com\/noticias#listItem","name":"Home"}},{"@type":"ListItem","@id":"https:\/\/www.eldigitaldeasturias.com\/noticias\/el-supremo-admite-a-tramite-el-recurso-de-upyd-contra-la-renovacion-del-cgpj\/#listItem","position":3,"name":"El Supremo admite a tr\u00e1mite el recurso de UPyD contra la renovaci\u00f3n del CGPJ","previousItem":{"@type":"ListItem","@id":"https:\/\/www.eldigitaldeasturias.com\/noticias\/category\/actualidad\/#listItem","name":"Actualidad"}}]},{"@type":"Organization","@id":"https:\/\/www.eldigitaldeasturias.com\/noticias\/#organization","name":"El Digital de Asturias","description":"Hemeroteca","url":"https:\/\/www.eldigitaldeasturias.com\/noticias\/","email":"info@eldigitaldeasturias.com","telephone":"+34652131393","logo":{"@type":"ImageObject","url":"https:\/\/www.eldigitaldeasturias.com\/noticias\/wp-content\/uploads\/2020\/12\/EDA.jpg","@id":"https:\/\/www.eldigitaldeasturias.com\/noticias\/el-supremo-admite-a-tramite-el-recurso-de-upyd-contra-la-renovacion-del-cgpj\/#organizationLogo"},"image":{"@id":"https:\/\/www.eldigitaldeasturias.com\/noticias\/el-supremo-admite-a-tramite-el-recurso-de-upyd-contra-la-renovacion-del-cgpj\/#organizationLogo"},"sameAs":["https:\/\/facebook.com\/eldigitaldeasturias","https:\/\/www.youtube.com\/channel\/UCZP-2wLEB9Rv6erhFmqVnvg"],"address":{"@id":"https:\/\/www.eldigitaldeasturias.com\/noticias\/#postaladdress","@type":"PostalAddress","streetAddress":"san antonio 4","postalCode":"33430","addressLocality":"Cand\u00e1s","addressRegion":"Asturias","addressCountry":"ES"}},{"@type":"Person","@id":"https:\/\/www.eldigitaldeasturias.com\/noticias\/author\/admin\/#author","url":"https:\/\/www.eldigitaldeasturias.com\/noticias\/author\/admin\/","name":"El Digital de Asturias","image":{"@type":"ImageObject","@id":"https:\/\/www.eldigitaldeasturias.com\/noticias\/el-supremo-admite-a-tramite-el-recurso-de-upyd-contra-la-renovacion-del-cgpj\/#authorImage","url":"https:\/\/secure.gravatar.com\/avatar\/df2aeffc32bcd13f8d26072ef8a91b623d677766deac7f97ca815868cd41bf5e?s=96&d=mm&r=g","width":96,"height":96,"caption":"El Digital de Asturias"}},{"@type":"WebPage","@id":"https:\/\/www.eldigitaldeasturias.com\/noticias\/el-supremo-admite-a-tramite-el-recurso-de-upyd-contra-la-renovacion-del-cgpj\/#webpage","url":"https:\/\/www.eldigitaldeasturias.com\/noticias\/el-supremo-admite-a-tramite-el-recurso-de-upyd-contra-la-renovacion-del-cgpj\/","name":"El Supremo admite a tr\u00e1mite el recurso de UPyD contra la renovaci\u00f3n del CGPJ - El Digital de Asturias","description":"Madrid, 23 ene (EFE).- La sala tercera de lo contencioso administrativo del Tribunal Supremo (TS) ha admitido a tr\u00e1mite el recurso presentado por UPyD en contra del reciente nombramiento de los vocales y del presidente del Consejo General del Poder Judicial (CGPJ) al ser fruto de un reparto \"espurio\" de los partidos. En la resoluci\u00f3n","inLanguage":"es-ES","isPartOf":{"@id":"https:\/\/www.eldigitaldeasturias.com\/noticias\/#website"},"breadcrumb":{"@id":"https:\/\/www.eldigitaldeasturias.com\/noticias\/el-supremo-admite-a-tramite-el-recurso-de-upyd-contra-la-renovacion-del-cgpj\/#breadcrumblist"},"author":{"@id":"https:\/\/www.eldigitaldeasturias.com\/noticias\/author\/admin\/#author"},"creator":{"@id":"https:\/\/www.eldigitaldeasturias.com\/noticias\/author\/admin\/#author"},"image":{"@type":"ImageObject","url":"https:\/\/www.eldigitaldeasturias.com\/noticias\/wp-content\/uploads\/2026\/06\/Contenidos.jpg","@id":"https:\/\/www.eldigitaldeasturias.com\/noticias\/el-supremo-admite-a-tramite-el-recurso-de-upyd-contra-la-renovacion-del-cgpj\/#mainImage","width":1265,"height":697,"caption":"Contenidos"},"primaryImageOfPage":{"@id":"https:\/\/www.eldigitaldeasturias.com\/noticias\/el-supremo-admite-a-tramite-el-recurso-de-upyd-contra-la-renovacion-del-cgpj\/#mainImage"},"datePublished":"2014-01-24T09:07:30+01:00","dateModified":"2014-01-24T09:07:30+01:00"},{"@type":"WebSite","@id":"https:\/\/www.eldigitaldeasturias.com\/noticias\/#website","url":"https:\/\/www.eldigitaldeasturias.com\/noticias\/","name":"El Digital de Asturias - Diario de actualidad y noticias","alternateName":"El Digital de Asturias - Diario de actualidad y noticias","description":"Hemeroteca","inLanguage":"es-ES","publisher":{"@id":"https:\/\/www.eldigitaldeasturias.com\/noticias\/#organization"}}]},"og:locale":"es_ES","og:site_name":"El Digital de Asturias","og:type":"article","og:title":"El Supremo admite a tr\u00e1mite el recurso de UPyD contra la renovaci\u00f3n del CGPJ - El Digital de Asturias","og:description":"Madrid, 23 ene (EFE).- La sala tercera de lo contencioso administrativo del Tribunal Supremo (TS) ha admitido a tr\u00e1mite el recurso presentado por UPyD en contra del reciente nombramiento de los vocales y del presidente del Consejo General del Poder Judicial (CGPJ) al ser fruto de un reparto &quot;espurio&quot; de los partidos. En la resoluci\u00f3n","og:url":"https:\/\/www.eldigitaldeasturias.com\/noticias\/el-supremo-admite-a-tramite-el-recurso-de-upyd-contra-la-renovacion-del-cgpj\/","og:image":"https:\/\/www.eldigitaldeasturias.com\/noticias\/wp-content\/uploads\/2026\/06\/Contenidos.jpg","og:image:secure_url":"https:\/\/www.eldigitaldeasturias.com\/noticias\/wp-content\/uploads\/2026\/06\/Contenidos.jpg","og:image:width":1265,"og:image:height":697,"article:tag":["actualidad"],"article:published_time":"2014-01-24T10:07:30+00:00","article:modified_time":"2014-01-24T10:07:30+00:00","article:publisher":"https:\/\/facebook.com\/eldigitaldeasturias","twitter:card":"summary_large_image","twitter:title":"El Supremo admite a tr\u00e1mite el recurso de UPyD contra la renovaci\u00f3n del CGPJ - El Digital de Asturias","twitter:description":"Madrid, 23 ene (EFE).- La sala tercera de lo contencioso administrativo del Tribunal Supremo (TS) ha admitido a tr\u00e1mite el recurso presentado por UPyD en contra del reciente nombramiento de los vocales y del presidente del Consejo General del Poder Judicial (CGPJ) al ser fruto de un reparto &quot;espurio&quot; de los partidos. En la resoluci\u00f3n","twitter:image":"https:\/\/www.eldigitaldeasturias.com\/noticias\/wp-content\/uploads\/2026\/06\/Contenidos.jpg","twitter:label1":"Escrito por","twitter:data1":"El Digital de Asturias","twitter:label2":"Tiempo de lectura estimado","twitter:data2":"2 minutos"},"aioseo_meta_data":{"post_id":"478095","title":null,"description":null,"keywords":null,"keyphrases":null,"primary_term":null,"canonical_url":null,"og_title":null,"og_description":null,"og_object_type":"default","og_image_type":"default","og_image_url":null,"og_image_width":null,"og_image_height":null,"og_image_custom_url":null,"og_image_custom_fields":null,"og_video":null,"og_custom_url":null,"og_article_section":null,"og_article_tags":null,"twitter_use_og":true,"twitter_card":"default","twitter_image_type":"default","twitter_image_url":null,"twitter_image_custom_url":null,"twitter_image_custom_fields":null,"twitter_title":null,"twitter_description":null,"schema":{"blockGraphs":[],"customGraphs":[],"default":{"data":{"Article":[],"Course":[],"Dataset":[],"FAQPage":[],"Movie":[],"Person":[],"Product":[],"ProductReview":[],"Car":[],"Recipe":[],"Service":[],"SoftwareApplication":[],"WebPage":[]},"graphName":"","isEnabled":true},"graphs":[],"defaultGraph":"","defaultPostTypeGraph":""},"schema_type":null,"schema_type_options":null,"pillar_content":false,"robots_default":true,"robots_noindex":false,"robots_noarchive":false,"robots_nosnippet":false,"robots_nofollow":false,"robots_noimageindex":false,"robots_noodp":false,"robots_notranslate":false,"robots_max_snippet":null,"robots_max_videopreview":null,"robots_max_imagepreview":"none","priority":null,"frequency":null,"local_seo":null,"seo_analyzer_scan_date":"2026-06-01 20:29:02","breadcrumb_settings":null,"limit_modified_date":false,"open_ai":null,"ai":null,"created":"2020-11-14 22:53:48","updated":"2026-06-01 20:29:02","focus_keyword":null,"additional_keywords":null,"truseo_locale":null},"aioseo_breadcrumb":"<div class=\"aioseo-breadcrumbs\"><span class=\"aioseo-breadcrumb\">\n\t<a href=\"https:\/\/www.eldigitaldeasturias.com\/noticias\" title=\"Home\">Home<\/a>\n<\/span><span class=\"aioseo-breadcrumb-separator\">\u2013<\/span><span class=\"aioseo-breadcrumb\">\n\t<a href=\"https:\/\/www.eldigitaldeasturias.com\/noticias\/category\/actualidad\/\" title=\"Actualidad\">Actualidad<\/a>\n<\/span><span class=\"aioseo-breadcrumb-separator\">\u2013<\/span><span class=\"aioseo-breadcrumb\">\n\t<a href=\"https:\/\/www.eldigitaldeasturias.com\/noticias\/el-supremo-admite-a-tramite-el-recurso-de-upyd-contra-la-renovacion-del-cgpj\/\" title=\"El Supremo admite a tr\u00e1mite el recurso de UPyD contra la renovaci\u00f3n del CGPJ\">El Supremo admite a tr\u00e1mite el recurso de UPyD contra la renovaci\u00f3n del CGPJ<\/a>\n<\/span><\/div>","aioseo_breadcrumb_json":[{"label":"Home","link":"https:\/\/www.eldigitaldeasturias.com\/noticias"},{"label":"Actualidad","link":"https:\/\/www.eldigitaldeasturias.com\/noticias\/category\/actualidad\/"},{"label":"El Supremo admite a tr\u00e1mite el recurso de UPyD contra la renovaci\u00f3n del CGPJ","link":"https:\/\/www.eldigitaldeasturias.com\/noticias\/el-supremo-admite-a-tramite-el-recurso-de-upyd-contra-la-renovacion-del-cgpj\/"}],"_links":{"self":[{"href":"https:\/\/www.eldigitaldeasturias.com\/noticias\/wp-json\/wp\/v2\/posts\/478095","targetHints":{"allow":["GET"]}}],"collection":[{"href":"https:\/\/www.eldigitaldeasturias.com\/noticias\/wp-json\/wp\/v2\/posts"}],"about":[{"href":"https:\/\/www.eldigitaldeasturias.com\/noticias\/wp-json\/wp\/v2\/types\/post"}],"author":[{"embeddable":true,"href":"https:\/\/www.eldigitaldeasturias.com\/noticias\/wp-json\/wp\/v2\/users\/1"}],"replies":[{"embeddable":true,"href":"https:\/\/www.eldigitaldeasturias.com\/noticias\/wp-json\/wp\/v2\/comments?post=478095"}],"version-history":[{"count":0,"href":"https:\/\/www.eldigitaldeasturias.com\/noticias\/wp-json\/wp\/v2\/posts\/478095\/revisions"}],"wp:featuredmedia":[{"embeddable":true,"href":"https:\/\/www.eldigitaldeasturias.com\/noticias\/wp-json\/wp\/v2\/media\/1132184"}],"wp:attachment":[{"href":"https:\/\/www.eldigitaldeasturias.com\/noticias\/wp-json\/wp\/v2\/media?parent=478095"}],"wp:term":[{"taxonomy":"category","embeddable":true,"href":"https:\/\/www.eldigitaldeasturias.com\/noticias\/wp-json\/wp\/v2\/categories?post=478095"},{"taxonomy":"post_tag","embeddable":true,"href":"https:\/\/www.eldigitaldeasturias.com\/noticias\/wp-json\/wp\/v2\/tags?post=478095"}],"curies":[{"name":"wp","href":"https:\/\/api.w.org\/{rel}","templated":true}]}}