{"id":478091,"date":"2014-01-24T09:05:46","date_gmt":"2014-01-24T10:05:46","guid":{"rendered":"http:\/\/www.eldigitaldeasturias.com\/noticias\/?p=478091"},"modified":"2014-01-24T09:05:46","modified_gmt":"2014-01-24T10:05:46","slug":"las-farc-proponen-estimular-los-usos-licitos-de-los-cultivos-de-coca-con-control-estatal","status":"publish","type":"post","link":"https:\/\/www.eldigitaldeasturias.com\/noticias\/las-farc-proponen-estimular-los-usos-licitos-de-los-cultivos-de-coca-con-control-estatal\/","title":{"rendered":"Las FARC proponen estimular los usos l\u00edcitos de los cultivos de coca con control estatal"},"content":{"rendered":"<p><img loading=\"lazy\" decoding=\"async\" class=\"alignleft size-medium wp-image-478092\" alt=\"5871475w\" src=\"https:\/\/www.eldigitaldeasturias.com\/noticias\/wp-content\/uploads\/2014\/01\/5871475w-360x206.jpg\" width=\"360\" height=\"206\" \/>La Habana, 23 ene (EFE).- Las FARC propusieron hoy que se reconozcan y estimulen los usos l\u00edcitos de cultivos de coca, marihuana y amapola con control del Estado, y argumentaron que ese podr\u00eda ser un rengl\u00f3n agr\u00edcola que generara empleos e ingresos para Colombia.<\/p>\n<p>La iniciativa forma parte de una propuesta de la guerrilla sobre el \u00abreconocimiento y est\u00edmulo de los usos nutricionales, medicinales, terap\u00e9uticos, artesanales, industriales y culturales de los cultivos de coca, marihuana y amapola\u00bb, presentada este jueves en La Habana.<\/p>\n<p>\u00abSe reconocer\u00e1n y estimular\u00e1n sus usos l\u00edcitos a trav\u00e9s de una pol\u00edtica dirigida y regulada por el Estado y con participaci\u00f3n directa de las comunidades productoras, campesinas, ind\u00edgenas y afrodescendientes\u00bb, indic\u00f3 la propuesta, le\u00edda por el guerrillero Andr\u00e9s Paris.<\/p>\n<p>El grupo rebelde considera que tanto el cultivo como el \u00abprocesamiento artesanal e industrial\u00bb de hoja de coca, marihuana y amapola \u00abpueden convertirse en un rengl\u00f3n de la actividad agr\u00edcola del pa\u00eds, generador de empleos e ingresos\u00bb.<\/p>\n<p>De acuerdo con la guerrilla, las actividades de producci\u00f3n y procesamiento pueden formar parte de \u00abplanes de desarrollo alternativos\u00bb que dise\u00f1en la comunidades productoras, pero estar\u00e1n reguladas y dirigidas por el Estado.<\/p>\n<p>Por ejemplo, proponen que las zonas productivas se definan mediante estudios de la demanda interna y externa en \u00abconcertaci\u00f3n\u00bb con los propios productores, y que se establezca un \u00absistema de compras estatales\u00bb con \u00abprecios de sustentaci\u00f3n\u00bb al margen de las fluctuaciones del mercado.<\/p>\n<p>Las Fuerzas Armadas Revolucionarias de Colombia (FARC) refieren que tanto los estudios cient\u00edficos como las \u00abpr\u00e1cticas ancestrales\u00bb han demostrado las cualidades de esos cultivos, pero sostienen al tiempo que deber\u00edan ser \u00abdifundidas ampliamente\u00bb a la poblaci\u00f3n.<\/p>\n<p>En ese sentido, tambi\u00e9n piden que se protejan y aprendan \u00ablas pr\u00e1cticas ancestrales de las comunidades y pueblos ind\u00edgenas\u00bb, apoyando sus procesamientos artesanales, reconociendo el \u00abvalor cultural\u00bb de la coca, y creando un centro de investigaciones de dicha planta.<\/p>\n<p>Seg\u00fan c\u00e1lculos oficiales, en Colombia hay actualmente unos 68.000 peque\u00f1os productores de hoja de coca, un cultivo que en su mayor parte es derivado, por distintas v\u00edas ilegales, a la producci\u00f3n de coca\u00edna.<\/p>\n<p>Las propuestas divulgadas hoy por las FARC forman parte de su aportaci\u00f3n al debate sobre el problema de las drogas y el narcotr\u00e1fico en la mesa de los di\u00e1logos de paz con el Gobierno de Juan Manuel Santos, que hoy concluye su decimos\u00e9ptimo ciclo de negociaciones.<\/p>\n<p>El tema de drogas y narcotr\u00e1fico es el tercero en la negociaci\u00f3n que sostienen las partes desde noviembre de 2012 con sede permanente en La Habana, y que ya ha logrado dos acuerdos parciales sobre la cuesti\u00f3n agraria y la participaci\u00f3n pol\u00edtica.<\/p>\n","protected":false},"excerpt":{"rendered":"<p>La Habana, 23 ene (EFE).- Las FARC propusieron hoy que se reconozcan y estimulen los usos l\u00edcitos de cultivos de coca, marihuana y amapola con control del Estado, y argumentaron que ese podr\u00eda ser un rengl\u00f3n agr\u00edcola que generara empleos e ingresos para Colombia. La iniciativa forma parte de una propuesta de la guerrilla sobre [&hellip;]<\/p>\n","protected":false},"author":1,"featured_media":1132184,"comment_status":"closed","ping_status":"open","sticky":false,"template":"","format":"standard","meta":{"footnotes":""},"categories":[1],"tags":[],"class_list":["post-478091","post","type-post","status-publish","format-standard","has-post-thumbnail","hentry","category-actualidad"],"aioseo_notices":[],"aioseo_head":"\n\t\t<!-- All in One SEO Pro 5.0.1 - aioseo.com -->\n\t<meta name=\"description\" content=\"La Habana, 23 ene (EFE).- Las FARC propusieron hoy que se reconozcan y estimulen los usos l\u00edcitos de cultivos de coca, marihuana y amapola con control del Estado, y argumentaron que ese podr\u00eda ser un rengl\u00f3n agr\u00edcola que generara empleos e ingresos para Colombia. La iniciativa forma parte de una propuesta de la guerrilla sobre\" \/>\n\t<meta name=\"robots\" content=\"max-image-preview:large\" \/>\n\t<meta name=\"author\" content=\"El Digital de Asturias\"\/>\n\t<meta name=\"google-site-verification\" content=\"UA-38556648-1\" \/>\n\t<meta name=\"msvalidate.01\" content=\"7dfe9f3f1b24437ab69f4f2559babe99\" \/>\n\t<meta name=\"keywords\" content=\"actualidad\" \/>\n\t<link rel=\"canonical\" href=\"https:\/\/www.eldigitaldeasturias.com\/noticias\/las-farc-proponen-estimular-los-usos-licitos-de-los-cultivos-de-coca-con-control-estatal\/\" \/>\n\t<meta name=\"generator\" content=\"All in One SEO Pro (AIOSEO) 5.0.1\" \/>\n\t\t<meta property=\"og:locale\" content=\"es_ES\" \/>\n\t\t<meta property=\"og:site_name\" content=\"El Digital de Asturias\" \/>\n\t\t<meta property=\"og:type\" content=\"article\" \/>\n\t\t<meta property=\"og:title\" content=\"Las FARC proponen estimular los usos l\u00edcitos de los cultivos de coca con control estatal - El Digital de Asturias\" \/>\n\t\t<meta property=\"og:description\" content=\"La Habana, 23 ene (EFE).- Las FARC propusieron hoy que se reconozcan y estimulen los usos l\u00edcitos de cultivos de coca, marihuana y amapola con control del Estado, y argumentaron que ese podr\u00eda ser un rengl\u00f3n agr\u00edcola que generara empleos e ingresos para Colombia. La iniciativa forma parte de una propuesta de la guerrilla sobre\" \/>\n\t\t<meta property=\"og:url\" content=\"https:\/\/www.eldigitaldeasturias.com\/noticias\/las-farc-proponen-estimular-los-usos-licitos-de-los-cultivos-de-coca-con-control-estatal\/\" \/>\n\t\t<meta property=\"og:image\" content=\"https:\/\/www.eldigitaldeasturias.com\/noticias\/wp-content\/uploads\/2026\/06\/Contenidos.jpg\" \/>\n\t\t<meta property=\"og:image:secure_url\" content=\"https:\/\/www.eldigitaldeasturias.com\/noticias\/wp-content\/uploads\/2026\/06\/Contenidos.jpg\" \/>\n\t\t<meta property=\"og:image:width\" content=\"1265\" \/>\n\t\t<meta property=\"og:image:height\" content=\"697\" \/>\n\t\t<meta property=\"article:tag\" content=\"actualidad\" \/>\n\t\t<meta property=\"article:published_time\" content=\"2014-01-24T10:05:46+00:00\" \/>\n\t\t<meta property=\"article:modified_time\" content=\"2014-01-24T10:05:46+00:00\" \/>\n\t\t<meta property=\"article:publisher\" content=\"https:\/\/facebook.com\/eldigitaldeasturias\" \/>\n\t\t<meta name=\"twitter:card\" content=\"summary_large_image\" \/>\n\t\t<meta name=\"twitter:title\" content=\"Las FARC proponen estimular los usos l\u00edcitos de los cultivos de coca con control estatal - El Digital de Asturias\" \/>\n\t\t<meta name=\"twitter:description\" content=\"La Habana, 23 ene (EFE).- Las FARC propusieron hoy que se reconozcan y estimulen los usos l\u00edcitos de cultivos de coca, marihuana y amapola con control del Estado, y argumentaron que ese podr\u00eda ser un rengl\u00f3n agr\u00edcola que generara empleos e ingresos para Colombia. La iniciativa forma parte de una propuesta de la guerrilla sobre\" \/>\n\t\t<meta name=\"twitter:image\" content=\"https:\/\/www.eldigitaldeasturias.com\/noticias\/wp-content\/uploads\/2026\/06\/Contenidos.jpg\" \/>\n\t\t<meta name=\"twitter:label1\" content=\"Escrito por\" \/>\n\t\t<meta name=\"twitter:data1\" content=\"El Digital de Asturias\" \/>\n\t\t<meta name=\"twitter:label2\" content=\"Tiempo de lectura estimado\" \/>\n\t\t<meta name=\"twitter:data2\" content=\"2 minutos\" \/>\n\t\t<script type=\"application\/ld+json\" class=\"aioseo-schema\">\n\t\t\t{\"@context\":\"https:\\\/\\\/schema.org\",\"@graph\":[{\"@type\":\"BlogPosting\",\"@id\":\"https:\\\/\\\/www.eldigitaldeasturias.com\\\/noticias\\\/las-farc-proponen-estimular-los-usos-licitos-de-los-cultivos-de-coca-con-control-estatal\\\/#blogposting\",\"name\":\"Las FARC proponen estimular los usos l\\u00edcitos de los cultivos de coca con control estatal - El Digital de Asturias\",\"headline\":\"Las FARC proponen estimular los usos l\\u00edcitos de los cultivos de coca con control estatal\",\"author\":{\"@id\":\"https:\\\/\\\/www.eldigitaldeasturias.com\\\/noticias\\\/author\\\/admin\\\/#author\"},\"publisher\":{\"@id\":\"https:\\\/\\\/www.eldigitaldeasturias.com\\\/noticias\\\/#organization\"},\"image\":{\"@type\":\"ImageObject\",\"url\":\"https:\\\/\\\/www.eldigitaldeasturias.com\\\/noticias\\\/wp-content\\\/uploads\\\/2026\\\/06\\\/Contenidos.jpg\",\"width\":1265,\"height\":697,\"caption\":\"Contenidos\"},\"datePublished\":\"2014-01-24T09:05:46+01:00\",\"dateModified\":\"2014-01-24T09:05:46+01:00\",\"inLanguage\":\"es-ES\",\"mainEntityOfPage\":{\"@id\":\"https:\\\/\\\/www.eldigitaldeasturias.com\\\/noticias\\\/las-farc-proponen-estimular-los-usos-licitos-de-los-cultivos-de-coca-con-control-estatal\\\/#webpage\"},\"isPartOf\":{\"@id\":\"https:\\\/\\\/www.eldigitaldeasturias.com\\\/noticias\\\/las-farc-proponen-estimular-los-usos-licitos-de-los-cultivos-de-coca-con-control-estatal\\\/#webpage\"},\"articleSection\":\"Actualidad\"},{\"@type\":\"BreadcrumbList\",\"@id\":\"https:\\\/\\\/www.eldigitaldeasturias.com\\\/noticias\\\/las-farc-proponen-estimular-los-usos-licitos-de-los-cultivos-de-coca-con-control-estatal\\\/#breadcrumblist\",\"itemListElement\":[{\"@type\":\"ListItem\",\"@id\":\"https:\\\/\\\/www.eldigitaldeasturias.com\\\/noticias#listItem\",\"position\":1,\"name\":\"Home\",\"item\":\"https:\\\/\\\/www.eldigitaldeasturias.com\\\/noticias\",\"nextItem\":{\"@type\":\"ListItem\",\"@id\":\"https:\\\/\\\/www.eldigitaldeasturias.com\\\/noticias\\\/category\\\/actualidad\\\/#listItem\",\"name\":\"Actualidad\"}},{\"@type\":\"ListItem\",\"@id\":\"https:\\\/\\\/www.eldigitaldeasturias.com\\\/noticias\\\/category\\\/actualidad\\\/#listItem\",\"position\":2,\"name\":\"Actualidad\",\"item\":\"https:\\\/\\\/www.eldigitaldeasturias.com\\\/noticias\\\/category\\\/actualidad\\\/\",\"nextItem\":{\"@type\":\"ListItem\",\"@id\":\"https:\\\/\\\/www.eldigitaldeasturias.com\\\/noticias\\\/las-farc-proponen-estimular-los-usos-licitos-de-los-cultivos-de-coca-con-control-estatal\\\/#listItem\",\"name\":\"Las FARC proponen estimular los usos l\\u00edcitos de los cultivos de coca con control estatal\"},\"previousItem\":{\"@type\":\"ListItem\",\"@id\":\"https:\\\/\\\/www.eldigitaldeasturias.com\\\/noticias#listItem\",\"name\":\"Home\"}},{\"@type\":\"ListItem\",\"@id\":\"https:\\\/\\\/www.eldigitaldeasturias.com\\\/noticias\\\/las-farc-proponen-estimular-los-usos-licitos-de-los-cultivos-de-coca-con-control-estatal\\\/#listItem\",\"position\":3,\"name\":\"Las FARC proponen estimular los usos l\\u00edcitos de los cultivos de coca con control estatal\",\"previousItem\":{\"@type\":\"ListItem\",\"@id\":\"https:\\\/\\\/www.eldigitaldeasturias.com\\\/noticias\\\/category\\\/actualidad\\\/#listItem\",\"name\":\"Actualidad\"}}]},{\"@type\":\"Organization\",\"@id\":\"https:\\\/\\\/www.eldigitaldeasturias.com\\\/noticias\\\/#organization\",\"name\":\"El Digital de Asturias\",\"description\":\"Hemeroteca\",\"url\":\"https:\\\/\\\/www.eldigitaldeasturias.com\\\/noticias\\\/\",\"email\":\"info@eldigitaldeasturias.com\",\"telephone\":\"+34652131393\",\"logo\":{\"@type\":\"ImageObject\",\"url\":\"https:\\\/\\\/www.eldigitaldeasturias.com\\\/noticias\\\/wp-content\\\/uploads\\\/2020\\\/12\\\/EDA.jpg\",\"@id\":\"https:\\\/\\\/www.eldigitaldeasturias.com\\\/noticias\\\/las-farc-proponen-estimular-los-usos-licitos-de-los-cultivos-de-coca-con-control-estatal\\\/#organizationLogo\"},\"image\":{\"@id\":\"https:\\\/\\\/www.eldigitaldeasturias.com\\\/noticias\\\/las-farc-proponen-estimular-los-usos-licitos-de-los-cultivos-de-coca-con-control-estatal\\\/#organizationLogo\"},\"sameAs\":[\"https:\\\/\\\/facebook.com\\\/eldigitaldeasturias\",\"https:\\\/\\\/www.youtube.com\\\/channel\\\/UCZP-2wLEB9Rv6erhFmqVnvg\"],\"address\":{\"@id\":\"https:\\\/\\\/www.eldigitaldeasturias.com\\\/noticias\\\/#postaladdress\",\"@type\":\"PostalAddress\",\"streetAddress\":\"san antonio 4\",\"postalCode\":\"33430\",\"addressLocality\":\"Cand\\u00e1s\",\"addressRegion\":\"Asturias\",\"addressCountry\":\"ES\"}},{\"@type\":\"Person\",\"@id\":\"https:\\\/\\\/www.eldigitaldeasturias.com\\\/noticias\\\/author\\\/admin\\\/#author\",\"url\":\"https:\\\/\\\/www.eldigitaldeasturias.com\\\/noticias\\\/author\\\/admin\\\/\",\"name\":\"El Digital de Asturias\",\"image\":{\"@type\":\"ImageObject\",\"@id\":\"https:\\\/\\\/www.eldigitaldeasturias.com\\\/noticias\\\/las-farc-proponen-estimular-los-usos-licitos-de-los-cultivos-de-coca-con-control-estatal\\\/#authorImage\",\"url\":\"https:\\\/\\\/secure.gravatar.com\\\/avatar\\\/df2aeffc32bcd13f8d26072ef8a91b623d677766deac7f97ca815868cd41bf5e?s=96&d=mm&r=g\",\"width\":96,\"height\":96,\"caption\":\"El Digital de Asturias\"}},{\"@type\":\"WebPage\",\"@id\":\"https:\\\/\\\/www.eldigitaldeasturias.com\\\/noticias\\\/las-farc-proponen-estimular-los-usos-licitos-de-los-cultivos-de-coca-con-control-estatal\\\/#webpage\",\"url\":\"https:\\\/\\\/www.eldigitaldeasturias.com\\\/noticias\\\/las-farc-proponen-estimular-los-usos-licitos-de-los-cultivos-de-coca-con-control-estatal\\\/\",\"name\":\"Las FARC proponen estimular los usos l\\u00edcitos de los cultivos de coca con control estatal - El Digital de Asturias\",\"description\":\"La Habana, 23 ene (EFE).- Las FARC propusieron hoy que se reconozcan y estimulen los usos l\\u00edcitos de cultivos de coca, marihuana y amapola con control del Estado, y argumentaron que ese podr\\u00eda ser un rengl\\u00f3n agr\\u00edcola que generara empleos e ingresos para Colombia. La iniciativa forma parte de una propuesta de la guerrilla sobre\",\"inLanguage\":\"es-ES\",\"isPartOf\":{\"@id\":\"https:\\\/\\\/www.eldigitaldeasturias.com\\\/noticias\\\/#website\"},\"breadcrumb\":{\"@id\":\"https:\\\/\\\/www.eldigitaldeasturias.com\\\/noticias\\\/las-farc-proponen-estimular-los-usos-licitos-de-los-cultivos-de-coca-con-control-estatal\\\/#breadcrumblist\"},\"author\":{\"@id\":\"https:\\\/\\\/www.eldigitaldeasturias.com\\\/noticias\\\/author\\\/admin\\\/#author\"},\"creator\":{\"@id\":\"https:\\\/\\\/www.eldigitaldeasturias.com\\\/noticias\\\/author\\\/admin\\\/#author\"},\"image\":{\"@type\":\"ImageObject\",\"url\":\"https:\\\/\\\/www.eldigitaldeasturias.com\\\/noticias\\\/wp-content\\\/uploads\\\/2026\\\/06\\\/Contenidos.jpg\",\"@id\":\"https:\\\/\\\/www.eldigitaldeasturias.com\\\/noticias\\\/las-farc-proponen-estimular-los-usos-licitos-de-los-cultivos-de-coca-con-control-estatal\\\/#mainImage\",\"width\":1265,\"height\":697,\"caption\":\"Contenidos\"},\"primaryImageOfPage\":{\"@id\":\"https:\\\/\\\/www.eldigitaldeasturias.com\\\/noticias\\\/las-farc-proponen-estimular-los-usos-licitos-de-los-cultivos-de-coca-con-control-estatal\\\/#mainImage\"},\"datePublished\":\"2014-01-24T09:05:46+01:00\",\"dateModified\":\"2014-01-24T09:05:46+01:00\"},{\"@type\":\"WebSite\",\"@id\":\"https:\\\/\\\/www.eldigitaldeasturias.com\\\/noticias\\\/#website\",\"url\":\"https:\\\/\\\/www.eldigitaldeasturias.com\\\/noticias\\\/\",\"name\":\"El Digital de Asturias - Diario de actualidad y noticias\",\"alternateName\":\"El Digital de Asturias - Diario de actualidad y noticias\",\"description\":\"Hemeroteca\",\"inLanguage\":\"es-ES\",\"publisher\":{\"@id\":\"https:\\\/\\\/www.eldigitaldeasturias.com\\\/noticias\\\/#organization\"}}]}\n\t\t<\/script>\n\t\t<!-- All in One SEO Pro -->\r\n\t\t<title>Las FARC proponen estimular los usos l\u00edcitos de los cultivos de coca con control estatal - El Digital de Asturias<\/title>\n\n","aioseo_head_json":{"title":"Las FARC proponen estimular los usos l\u00edcitos de los cultivos de coca con control estatal - El Digital de Asturias","description":"La Habana, 23 ene (EFE).- Las FARC propusieron hoy que se reconozcan y estimulen los usos l\u00edcitos de cultivos de coca, marihuana y amapola con control del Estado, y argumentaron que ese podr\u00eda ser un rengl\u00f3n agr\u00edcola que generara empleos e ingresos para Colombia. La iniciativa forma parte de una propuesta de la guerrilla sobre","canonical_url":"https:\/\/www.eldigitaldeasturias.com\/noticias\/las-farc-proponen-estimular-los-usos-licitos-de-los-cultivos-de-coca-con-control-estatal\/","robots":"max-image-preview:large","keywords":"actualidad","webmasterTools":{"google-site-verification":"UA-38556648-1","msvalidate.01":"7dfe9f3f1b24437ab69f4f2559babe99","miscellaneous":""},"schema":{"@context":"https:\/\/schema.org","@graph":[{"@type":"BlogPosting","@id":"https:\/\/www.eldigitaldeasturias.com\/noticias\/las-farc-proponen-estimular-los-usos-licitos-de-los-cultivos-de-coca-con-control-estatal\/#blogposting","name":"Las FARC proponen estimular los usos l\u00edcitos de los cultivos de coca con control estatal - El Digital de Asturias","headline":"Las FARC proponen estimular los usos l\u00edcitos de los cultivos de coca con control estatal","author":{"@id":"https:\/\/www.eldigitaldeasturias.com\/noticias\/author\/admin\/#author"},"publisher":{"@id":"https:\/\/www.eldigitaldeasturias.com\/noticias\/#organization"},"image":{"@type":"ImageObject","url":"https:\/\/www.eldigitaldeasturias.com\/noticias\/wp-content\/uploads\/2026\/06\/Contenidos.jpg","width":1265,"height":697,"caption":"Contenidos"},"datePublished":"2014-01-24T09:05:46+01:00","dateModified":"2014-01-24T09:05:46+01:00","inLanguage":"es-ES","mainEntityOfPage":{"@id":"https:\/\/www.eldigitaldeasturias.com\/noticias\/las-farc-proponen-estimular-los-usos-licitos-de-los-cultivos-de-coca-con-control-estatal\/#webpage"},"isPartOf":{"@id":"https:\/\/www.eldigitaldeasturias.com\/noticias\/las-farc-proponen-estimular-los-usos-licitos-de-los-cultivos-de-coca-con-control-estatal\/#webpage"},"articleSection":"Actualidad"},{"@type":"BreadcrumbList","@id":"https:\/\/www.eldigitaldeasturias.com\/noticias\/las-farc-proponen-estimular-los-usos-licitos-de-los-cultivos-de-coca-con-control-estatal\/#breadcrumblist","itemListElement":[{"@type":"ListItem","@id":"https:\/\/www.eldigitaldeasturias.com\/noticias#listItem","position":1,"name":"Home","item":"https:\/\/www.eldigitaldeasturias.com\/noticias","nextItem":{"@type":"ListItem","@id":"https:\/\/www.eldigitaldeasturias.com\/noticias\/category\/actualidad\/#listItem","name":"Actualidad"}},{"@type":"ListItem","@id":"https:\/\/www.eldigitaldeasturias.com\/noticias\/category\/actualidad\/#listItem","position":2,"name":"Actualidad","item":"https:\/\/www.eldigitaldeasturias.com\/noticias\/category\/actualidad\/","nextItem":{"@type":"ListItem","@id":"https:\/\/www.eldigitaldeasturias.com\/noticias\/las-farc-proponen-estimular-los-usos-licitos-de-los-cultivos-de-coca-con-control-estatal\/#listItem","name":"Las FARC proponen estimular los usos l\u00edcitos de los cultivos de coca con control estatal"},"previousItem":{"@type":"ListItem","@id":"https:\/\/www.eldigitaldeasturias.com\/noticias#listItem","name":"Home"}},{"@type":"ListItem","@id":"https:\/\/www.eldigitaldeasturias.com\/noticias\/las-farc-proponen-estimular-los-usos-licitos-de-los-cultivos-de-coca-con-control-estatal\/#listItem","position":3,"name":"Las FARC proponen estimular los usos l\u00edcitos de los cultivos de coca con control estatal","previousItem":{"@type":"ListItem","@id":"https:\/\/www.eldigitaldeasturias.com\/noticias\/category\/actualidad\/#listItem","name":"Actualidad"}}]},{"@type":"Organization","@id":"https:\/\/www.eldigitaldeasturias.com\/noticias\/#organization","name":"El Digital de Asturias","description":"Hemeroteca","url":"https:\/\/www.eldigitaldeasturias.com\/noticias\/","email":"info@eldigitaldeasturias.com","telephone":"+34652131393","logo":{"@type":"ImageObject","url":"https:\/\/www.eldigitaldeasturias.com\/noticias\/wp-content\/uploads\/2020\/12\/EDA.jpg","@id":"https:\/\/www.eldigitaldeasturias.com\/noticias\/las-farc-proponen-estimular-los-usos-licitos-de-los-cultivos-de-coca-con-control-estatal\/#organizationLogo"},"image":{"@id":"https:\/\/www.eldigitaldeasturias.com\/noticias\/las-farc-proponen-estimular-los-usos-licitos-de-los-cultivos-de-coca-con-control-estatal\/#organizationLogo"},"sameAs":["https:\/\/facebook.com\/eldigitaldeasturias","https:\/\/www.youtube.com\/channel\/UCZP-2wLEB9Rv6erhFmqVnvg"],"address":{"@id":"https:\/\/www.eldigitaldeasturias.com\/noticias\/#postaladdress","@type":"PostalAddress","streetAddress":"san antonio 4","postalCode":"33430","addressLocality":"Cand\u00e1s","addressRegion":"Asturias","addressCountry":"ES"}},{"@type":"Person","@id":"https:\/\/www.eldigitaldeasturias.com\/noticias\/author\/admin\/#author","url":"https:\/\/www.eldigitaldeasturias.com\/noticias\/author\/admin\/","name":"El Digital de Asturias","image":{"@type":"ImageObject","@id":"https:\/\/www.eldigitaldeasturias.com\/noticias\/las-farc-proponen-estimular-los-usos-licitos-de-los-cultivos-de-coca-con-control-estatal\/#authorImage","url":"https:\/\/secure.gravatar.com\/avatar\/df2aeffc32bcd13f8d26072ef8a91b623d677766deac7f97ca815868cd41bf5e?s=96&d=mm&r=g","width":96,"height":96,"caption":"El Digital de Asturias"}},{"@type":"WebPage","@id":"https:\/\/www.eldigitaldeasturias.com\/noticias\/las-farc-proponen-estimular-los-usos-licitos-de-los-cultivos-de-coca-con-control-estatal\/#webpage","url":"https:\/\/www.eldigitaldeasturias.com\/noticias\/las-farc-proponen-estimular-los-usos-licitos-de-los-cultivos-de-coca-con-control-estatal\/","name":"Las FARC proponen estimular los usos l\u00edcitos de los cultivos de coca con control estatal - El Digital de Asturias","description":"La Habana, 23 ene (EFE).- Las FARC propusieron hoy que se reconozcan y estimulen los usos l\u00edcitos de cultivos de coca, marihuana y amapola con control del Estado, y argumentaron que ese podr\u00eda ser un rengl\u00f3n agr\u00edcola que generara empleos e ingresos para Colombia. La iniciativa forma parte de una propuesta de la guerrilla sobre","inLanguage":"es-ES","isPartOf":{"@id":"https:\/\/www.eldigitaldeasturias.com\/noticias\/#website"},"breadcrumb":{"@id":"https:\/\/www.eldigitaldeasturias.com\/noticias\/las-farc-proponen-estimular-los-usos-licitos-de-los-cultivos-de-coca-con-control-estatal\/#breadcrumblist"},"author":{"@id":"https:\/\/www.eldigitaldeasturias.com\/noticias\/author\/admin\/#author"},"creator":{"@id":"https:\/\/www.eldigitaldeasturias.com\/noticias\/author\/admin\/#author"},"image":{"@type":"ImageObject","url":"https:\/\/www.eldigitaldeasturias.com\/noticias\/wp-content\/uploads\/2026\/06\/Contenidos.jpg","@id":"https:\/\/www.eldigitaldeasturias.com\/noticias\/las-farc-proponen-estimular-los-usos-licitos-de-los-cultivos-de-coca-con-control-estatal\/#mainImage","width":1265,"height":697,"caption":"Contenidos"},"primaryImageOfPage":{"@id":"https:\/\/www.eldigitaldeasturias.com\/noticias\/las-farc-proponen-estimular-los-usos-licitos-de-los-cultivos-de-coca-con-control-estatal\/#mainImage"},"datePublished":"2014-01-24T09:05:46+01:00","dateModified":"2014-01-24T09:05:46+01:00"},{"@type":"WebSite","@id":"https:\/\/www.eldigitaldeasturias.com\/noticias\/#website","url":"https:\/\/www.eldigitaldeasturias.com\/noticias\/","name":"El Digital de Asturias - Diario de actualidad y noticias","alternateName":"El Digital de Asturias - Diario de actualidad y noticias","description":"Hemeroteca","inLanguage":"es-ES","publisher":{"@id":"https:\/\/www.eldigitaldeasturias.com\/noticias\/#organization"}}]},"og:locale":"es_ES","og:site_name":"El Digital de Asturias","og:type":"article","og:title":"Las FARC proponen estimular los usos l\u00edcitos de los cultivos de coca con control estatal - El Digital de Asturias","og:description":"La Habana, 23 ene (EFE).- Las FARC propusieron hoy que se reconozcan y estimulen los usos l\u00edcitos de cultivos de coca, marihuana y amapola con control del Estado, y argumentaron que ese podr\u00eda ser un rengl\u00f3n agr\u00edcola que generara empleos e ingresos para Colombia. La iniciativa forma parte de una propuesta de la guerrilla sobre","og:url":"https:\/\/www.eldigitaldeasturias.com\/noticias\/las-farc-proponen-estimular-los-usos-licitos-de-los-cultivos-de-coca-con-control-estatal\/","og:image":"https:\/\/www.eldigitaldeasturias.com\/noticias\/wp-content\/uploads\/2026\/06\/Contenidos.jpg","og:image:secure_url":"https:\/\/www.eldigitaldeasturias.com\/noticias\/wp-content\/uploads\/2026\/06\/Contenidos.jpg","og:image:width":1265,"og:image:height":697,"article:tag":["actualidad"],"article:published_time":"2014-01-24T10:05:46+00:00","article:modified_time":"2014-01-24T10:05:46+00:00","article:publisher":"https:\/\/facebook.com\/eldigitaldeasturias","twitter:card":"summary_large_image","twitter:title":"Las FARC proponen estimular los usos l\u00edcitos de los cultivos de coca con control estatal - El Digital de Asturias","twitter:description":"La Habana, 23 ene (EFE).- Las FARC propusieron hoy que se reconozcan y estimulen los usos l\u00edcitos de cultivos de coca, marihuana y amapola con control del Estado, y argumentaron que ese podr\u00eda ser un rengl\u00f3n agr\u00edcola que generara empleos e ingresos para Colombia. La iniciativa forma parte de una propuesta de la guerrilla sobre","twitter:image":"https:\/\/www.eldigitaldeasturias.com\/noticias\/wp-content\/uploads\/2026\/06\/Contenidos.jpg","twitter:label1":"Escrito por","twitter:data1":"El Digital de Asturias","twitter:label2":"Tiempo de lectura estimado","twitter:data2":"2 minutos"},"aioseo_meta_data":{"post_id":"478091","title":null,"description":null,"keywords":null,"keyphrases":null,"primary_term":null,"canonical_url":null,"og_title":null,"og_description":null,"og_object_type":"default","og_image_type":"default","og_image_url":null,"og_image_width":null,"og_image_height":null,"og_image_custom_url":null,"og_image_custom_fields":null,"og_video":null,"og_custom_url":null,"og_article_section":null,"og_article_tags":null,"twitter_use_og":true,"twitter_card":"default","twitter_image_type":"default","twitter_image_url":null,"twitter_image_custom_url":null,"twitter_image_custom_fields":null,"twitter_title":null,"twitter_description":null,"schema":{"blockGraphs":[],"customGraphs":[],"default":{"data":{"Article":[],"Course":[],"Dataset":[],"FAQPage":[],"Movie":[],"Person":[],"Product":[],"ProductReview":[],"Car":[],"Recipe":[],"Service":[],"SoftwareApplication":[],"WebPage":[]},"graphName":"","isEnabled":true},"graphs":[],"defaultGraph":"","defaultPostTypeGraph":""},"schema_type":null,"schema_type_options":null,"pillar_content":false,"robots_default":true,"robots_noindex":false,"robots_noarchive":false,"robots_nosnippet":false,"robots_nofollow":false,"robots_noimageindex":false,"robots_noodp":false,"robots_notranslate":false,"robots_max_snippet":null,"robots_max_videopreview":null,"robots_max_imagepreview":"none","priority":null,"frequency":null,"local_seo":null,"seo_analyzer_scan_date":"2026-06-01 20:29:01","breadcrumb_settings":null,"limit_modified_date":false,"open_ai":null,"ai":null,"created":"2020-11-14 22:53:48","updated":"2026-06-01 20:29:01","focus_keyword":null,"additional_keywords":null,"truseo_locale":null},"aioseo_breadcrumb":"<div class=\"aioseo-breadcrumbs\"><span class=\"aioseo-breadcrumb\">\n\t<a href=\"https:\/\/www.eldigitaldeasturias.com\/noticias\" title=\"Home\">Home<\/a>\n<\/span><span class=\"aioseo-breadcrumb-separator\">\u2013<\/span><span class=\"aioseo-breadcrumb\">\n\t<a href=\"https:\/\/www.eldigitaldeasturias.com\/noticias\/category\/actualidad\/\" title=\"Actualidad\">Actualidad<\/a>\n<\/span><span class=\"aioseo-breadcrumb-separator\">\u2013<\/span><span class=\"aioseo-breadcrumb\">\n\t<a href=\"https:\/\/www.eldigitaldeasturias.com\/noticias\/las-farc-proponen-estimular-los-usos-licitos-de-los-cultivos-de-coca-con-control-estatal\/\" title=\"Las FARC proponen estimular los usos l\u00edcitos de los cultivos de coca con control estatal\">Las FARC proponen estimular los usos l\u00edcitos de los cultivos de coca con control estatal<\/a>\n<\/span><\/div>","aioseo_breadcrumb_json":[{"label":"Home","link":"https:\/\/www.eldigitaldeasturias.com\/noticias"},{"label":"Actualidad","link":"https:\/\/www.eldigitaldeasturias.com\/noticias\/category\/actualidad\/"},{"label":"Las FARC proponen estimular los usos l\u00edcitos de los cultivos de coca con control estatal","link":"https:\/\/www.eldigitaldeasturias.com\/noticias\/las-farc-proponen-estimular-los-usos-licitos-de-los-cultivos-de-coca-con-control-estatal\/"}],"_links":{"self":[{"href":"https:\/\/www.eldigitaldeasturias.com\/noticias\/wp-json\/wp\/v2\/posts\/478091","targetHints":{"allow":["GET"]}}],"collection":[{"href":"https:\/\/www.eldigitaldeasturias.com\/noticias\/wp-json\/wp\/v2\/posts"}],"about":[{"href":"https:\/\/www.eldigitaldeasturias.com\/noticias\/wp-json\/wp\/v2\/types\/post"}],"author":[{"embeddable":true,"href":"https:\/\/www.eldigitaldeasturias.com\/noticias\/wp-json\/wp\/v2\/users\/1"}],"replies":[{"embeddable":true,"href":"https:\/\/www.eldigitaldeasturias.com\/noticias\/wp-json\/wp\/v2\/comments?post=478091"}],"version-history":[{"count":0,"href":"https:\/\/www.eldigitaldeasturias.com\/noticias\/wp-json\/wp\/v2\/posts\/478091\/revisions"}],"wp:featuredmedia":[{"embeddable":true,"href":"https:\/\/www.eldigitaldeasturias.com\/noticias\/wp-json\/wp\/v2\/media\/1132184"}],"wp:attachment":[{"href":"https:\/\/www.eldigitaldeasturias.com\/noticias\/wp-json\/wp\/v2\/media?parent=478091"}],"wp:term":[{"taxonomy":"category","embeddable":true,"href":"https:\/\/www.eldigitaldeasturias.com\/noticias\/wp-json\/wp\/v2\/categories?post=478091"},{"taxonomy":"post_tag","embeddable":true,"href":"https:\/\/www.eldigitaldeasturias.com\/noticias\/wp-json\/wp\/v2\/tags?post=478091"}],"curies":[{"name":"wp","href":"https:\/\/api.w.org\/{rel}","templated":true}]}}