{"id":478073,"date":"2014-01-24T08:54:33","date_gmt":"2014-01-24T09:54:33","guid":{"rendered":"http:\/\/www.eldigitaldeasturias.com\/noticias\/?p=478073"},"modified":"2014-01-24T08:54:33","modified_gmt":"2014-01-24T09:54:33","slug":"rousseff-reitera-a-blatter-que-brasil-organizara-la-copa-de-las-copas","status":"publish","type":"post","link":"https:\/\/www.eldigitaldeasturias.com\/noticias\/rousseff-reitera-a-blatter-que-brasil-organizara-la-copa-de-las-copas\/","title":{"rendered":"Rousseff reitera a Blatter que Brasil organizar\u00e1 la \u00abCopa de las Copas\u00bb"},"content":{"rendered":"<p><img loading=\"lazy\" decoding=\"async\" class=\"alignleft size-medium wp-image-478074\" alt=\"5871839w\" src=\"https:\/\/www.eldigitaldeasturias.com\/noticias\/wp-content\/uploads\/2014\/01\/5871839w-360x249.jpg\" width=\"360\" height=\"249\" \/>Sao Paulo, 23 ene (EFE).- La presidenta brasile\u00f1a, Dilma Rousseff, garantiz\u00f3 hoy en Z\u00farich al presidente de la FIFA, Joseph Blatter, que el pa\u00eds sudamericano ha puesto todo el empe\u00f1o para celebrar la \u00abCopa de las Copas\u00bb, seg\u00fan inform\u00f3 la Presidencia.<\/p>\n<p>\u00abEl f\u00fatbol es un deporte diseminado por todos los pa\u00edses del mundo. Pero yo quer\u00eda reiterar que nosotros somos un pa\u00eds que tiene en ese deporte una pasi\u00f3n nacional\u00bb, afirm\u00f3 Rousseff, seg\u00fan consigna el blog presidencial de Planalto.<\/p>\n<p>Durante la reuni\u00f3n, la presidenta asegur\u00f3 que Brasil tiene preparada una infraestructura para recibir a los turistas que llegar\u00e1n con el Mundial de f\u00fatbol 2014.<\/p>\n<p>\u00abLos estadios, los aeropuertos, los puertos, tendremos todas las obras para ser un pa\u00eds que recibe bien. Pueden venir a Brasil y ser\u00e1n recibidos de brazos abiertos por el pueblo brasile\u00f1o\u00bb, a\u00f1adi\u00f3.<\/p>\n<p>Blatter dijo que la organizaci\u00f3n busca transformar el Mundial en un \u00abmovimiento muy especial por la paz\u00bb y anunci\u00f3 que durante el partido inaugural Brasil-Croacia, el 12 de junio en Sao Paulo, se lanzar\u00e1 al aire una paloma.<\/p>\n<p>Dicha iniciativa, coment\u00f3, se realizar\u00e1 en colaboraci\u00f3n con la fundaci\u00f3n responsable del Premio Nobel de la Paz, se\u00f1al\u00f3 la Presidencia brasile\u00f1a.<\/p>\n<p>\u00abLa Copa del Mundo de la FIFA ser\u00e1 disputada en Brasil, el pa\u00eds del f\u00fatbol. No hay mejor pa\u00eds para hablar de f\u00fatbol. Al final, todo estar\u00e1 bien, sobre todo en Brasil\u00bb, apunt\u00f3 Blatter.<\/p>\n<p>Seg\u00fan la Presidencia brasile\u00f1a, Blater destac\u00f3: \u00abQueremos dejar un legado. Un aspecto importante, un pa\u00eds tan multicultural, donde todas las razas del mundo se encuentran, abre la posibilidad para una acci\u00f3n contra el racismo y la discriminaci\u00f3n\u00bb.<\/p>\n<p>Rousseff considera que el f\u00fatbol puede ser una acci\u00f3n afirmativa en la lucha contra los prejuicios y el racismo, adem\u00e1s de esparcir los valores de paz, del entendimiento entre los hombres y entre las naciones.<\/p>\n","protected":false},"excerpt":{"rendered":"<p>Sao Paulo, 23 ene (EFE).- La presidenta brasile\u00f1a, Dilma Rousseff, garantiz\u00f3 hoy en Z\u00farich al presidente de la FIFA, Joseph Blatter, que el pa\u00eds sudamericano ha puesto todo el empe\u00f1o para celebrar la \u00abCopa de las Copas\u00bb, seg\u00fan inform\u00f3 la Presidencia. \u00abEl f\u00fatbol es un deporte diseminado por todos los pa\u00edses del mundo. Pero yo [&hellip;]<\/p>\n","protected":false},"author":1,"featured_media":1132184,"comment_status":"closed","ping_status":"open","sticky":false,"template":"","format":"standard","meta":{"footnotes":""},"categories":[1],"tags":[],"class_list":["post-478073","post","type-post","status-publish","format-standard","has-post-thumbnail","hentry","category-actualidad"],"aioseo_notices":[],"aioseo_head":"\n\t\t<!-- All in One SEO Pro 5.0.1 - aioseo.com -->\n\t<meta name=\"description\" content=\"Sao Paulo, 23 ene (EFE).- La presidenta brasile\u00f1a, Dilma Rousseff, garantiz\u00f3 hoy en Z\u00farich al presidente de la FIFA, Joseph Blatter, que el pa\u00eds sudamericano ha puesto todo el empe\u00f1o para celebrar la &quot;Copa de las Copas&quot;, seg\u00fan inform\u00f3 la Presidencia. &quot;El f\u00fatbol es un deporte diseminado por todos los pa\u00edses del mundo. Pero yo\" \/>\n\t<meta name=\"robots\" content=\"max-image-preview:large\" \/>\n\t<meta name=\"author\" content=\"El Digital de Asturias\"\/>\n\t<meta name=\"google-site-verification\" content=\"UA-38556648-1\" \/>\n\t<meta name=\"msvalidate.01\" content=\"7dfe9f3f1b24437ab69f4f2559babe99\" \/>\n\t<meta name=\"keywords\" content=\"actualidad\" \/>\n\t<link rel=\"canonical\" href=\"https:\/\/www.eldigitaldeasturias.com\/noticias\/rousseff-reitera-a-blatter-que-brasil-organizara-la-copa-de-las-copas\/\" \/>\n\t<meta name=\"generator\" content=\"All in One SEO Pro (AIOSEO) 5.0.1\" \/>\n\t\t<meta property=\"og:locale\" content=\"es_ES\" \/>\n\t\t<meta property=\"og:site_name\" content=\"El Digital de Asturias\" \/>\n\t\t<meta property=\"og:type\" content=\"article\" \/>\n\t\t<meta property=\"og:title\" content=\"Rousseff reitera a Blatter que Brasil organizar\u00e1 la \u00abCopa de las Copas\u00bb - El Digital de Asturias\" \/>\n\t\t<meta property=\"og:description\" content=\"Sao Paulo, 23 ene (EFE).- La presidenta brasile\u00f1a, Dilma Rousseff, garantiz\u00f3 hoy en Z\u00farich al presidente de la FIFA, Joseph Blatter, que el pa\u00eds sudamericano ha puesto todo el empe\u00f1o para celebrar la &quot;Copa de las Copas&quot;, seg\u00fan inform\u00f3 la Presidencia. &quot;El f\u00fatbol es un deporte diseminado por todos los pa\u00edses del mundo. Pero yo\" \/>\n\t\t<meta property=\"og:url\" content=\"https:\/\/www.eldigitaldeasturias.com\/noticias\/rousseff-reitera-a-blatter-que-brasil-organizara-la-copa-de-las-copas\/\" \/>\n\t\t<meta property=\"og:image\" content=\"https:\/\/www.eldigitaldeasturias.com\/noticias\/wp-content\/uploads\/2026\/06\/Contenidos.jpg\" \/>\n\t\t<meta property=\"og:image:secure_url\" content=\"https:\/\/www.eldigitaldeasturias.com\/noticias\/wp-content\/uploads\/2026\/06\/Contenidos.jpg\" \/>\n\t\t<meta property=\"og:image:width\" content=\"1265\" \/>\n\t\t<meta property=\"og:image:height\" content=\"697\" \/>\n\t\t<meta property=\"article:tag\" content=\"actualidad\" \/>\n\t\t<meta property=\"article:published_time\" content=\"2014-01-24T09:54:33+00:00\" \/>\n\t\t<meta property=\"article:modified_time\" content=\"2014-01-24T09:54:33+00:00\" \/>\n\t\t<meta property=\"article:publisher\" content=\"https:\/\/facebook.com\/eldigitaldeasturias\" \/>\n\t\t<meta name=\"twitter:card\" content=\"summary_large_image\" \/>\n\t\t<meta name=\"twitter:title\" content=\"Rousseff reitera a Blatter que Brasil organizar\u00e1 la \u00abCopa de las Copas\u00bb - El Digital de Asturias\" \/>\n\t\t<meta name=\"twitter:description\" content=\"Sao Paulo, 23 ene (EFE).- La presidenta brasile\u00f1a, Dilma Rousseff, garantiz\u00f3 hoy en Z\u00farich al presidente de la FIFA, Joseph Blatter, que el pa\u00eds sudamericano ha puesto todo el empe\u00f1o para celebrar la &quot;Copa de las Copas&quot;, seg\u00fan inform\u00f3 la Presidencia. &quot;El f\u00fatbol es un deporte diseminado por todos los pa\u00edses del mundo. Pero yo\" \/>\n\t\t<meta name=\"twitter:image\" content=\"https:\/\/www.eldigitaldeasturias.com\/noticias\/wp-content\/uploads\/2026\/06\/Contenidos.jpg\" \/>\n\t\t<meta name=\"twitter:label1\" content=\"Escrito por\" \/>\n\t\t<meta name=\"twitter:data1\" content=\"El Digital de Asturias\" \/>\n\t\t<meta name=\"twitter:label2\" content=\"Tiempo de lectura estimado\" \/>\n\t\t<meta name=\"twitter:data2\" content=\"2 minutos\" \/>\n\t\t<script type=\"application\/ld+json\" class=\"aioseo-schema\">\n\t\t\t{\"@context\":\"https:\\\/\\\/schema.org\",\"@graph\":[{\"@type\":\"BlogPosting\",\"@id\":\"https:\\\/\\\/www.eldigitaldeasturias.com\\\/noticias\\\/rousseff-reitera-a-blatter-que-brasil-organizara-la-copa-de-las-copas\\\/#blogposting\",\"name\":\"Rousseff reitera a Blatter que Brasil organizar\\u00e1 la \\u00abCopa de las Copas\\u00bb - El Digital de Asturias\",\"headline\":\"Rousseff reitera a Blatter que Brasil organizar\\u00e1 la \\u00abCopa de las Copas\\u00bb\",\"author\":{\"@id\":\"https:\\\/\\\/www.eldigitaldeasturias.com\\\/noticias\\\/author\\\/admin\\\/#author\"},\"publisher\":{\"@id\":\"https:\\\/\\\/www.eldigitaldeasturias.com\\\/noticias\\\/#organization\"},\"image\":{\"@type\":\"ImageObject\",\"url\":\"https:\\\/\\\/www.eldigitaldeasturias.com\\\/noticias\\\/wp-content\\\/uploads\\\/2026\\\/06\\\/Contenidos.jpg\",\"width\":1265,\"height\":697,\"caption\":\"Contenidos\"},\"datePublished\":\"2014-01-24T08:54:33+01:00\",\"dateModified\":\"2014-01-24T08:54:33+01:00\",\"inLanguage\":\"es-ES\",\"mainEntityOfPage\":{\"@id\":\"https:\\\/\\\/www.eldigitaldeasturias.com\\\/noticias\\\/rousseff-reitera-a-blatter-que-brasil-organizara-la-copa-de-las-copas\\\/#webpage\"},\"isPartOf\":{\"@id\":\"https:\\\/\\\/www.eldigitaldeasturias.com\\\/noticias\\\/rousseff-reitera-a-blatter-que-brasil-organizara-la-copa-de-las-copas\\\/#webpage\"},\"articleSection\":\"Actualidad\"},{\"@type\":\"BreadcrumbList\",\"@id\":\"https:\\\/\\\/www.eldigitaldeasturias.com\\\/noticias\\\/rousseff-reitera-a-blatter-que-brasil-organizara-la-copa-de-las-copas\\\/#breadcrumblist\",\"itemListElement\":[{\"@type\":\"ListItem\",\"@id\":\"https:\\\/\\\/www.eldigitaldeasturias.com\\\/noticias#listItem\",\"position\":1,\"name\":\"Home\",\"item\":\"https:\\\/\\\/www.eldigitaldeasturias.com\\\/noticias\",\"nextItem\":{\"@type\":\"ListItem\",\"@id\":\"https:\\\/\\\/www.eldigitaldeasturias.com\\\/noticias\\\/category\\\/actualidad\\\/#listItem\",\"name\":\"Actualidad\"}},{\"@type\":\"ListItem\",\"@id\":\"https:\\\/\\\/www.eldigitaldeasturias.com\\\/noticias\\\/category\\\/actualidad\\\/#listItem\",\"position\":2,\"name\":\"Actualidad\",\"item\":\"https:\\\/\\\/www.eldigitaldeasturias.com\\\/noticias\\\/category\\\/actualidad\\\/\",\"nextItem\":{\"@type\":\"ListItem\",\"@id\":\"https:\\\/\\\/www.eldigitaldeasturias.com\\\/noticias\\\/rousseff-reitera-a-blatter-que-brasil-organizara-la-copa-de-las-copas\\\/#listItem\",\"name\":\"Rousseff reitera a Blatter que Brasil organizar\\u00e1 la \\u00abCopa de las Copas\\u00bb\"},\"previousItem\":{\"@type\":\"ListItem\",\"@id\":\"https:\\\/\\\/www.eldigitaldeasturias.com\\\/noticias#listItem\",\"name\":\"Home\"}},{\"@type\":\"ListItem\",\"@id\":\"https:\\\/\\\/www.eldigitaldeasturias.com\\\/noticias\\\/rousseff-reitera-a-blatter-que-brasil-organizara-la-copa-de-las-copas\\\/#listItem\",\"position\":3,\"name\":\"Rousseff reitera a Blatter que Brasil organizar\\u00e1 la \\u00abCopa de las Copas\\u00bb\",\"previousItem\":{\"@type\":\"ListItem\",\"@id\":\"https:\\\/\\\/www.eldigitaldeasturias.com\\\/noticias\\\/category\\\/actualidad\\\/#listItem\",\"name\":\"Actualidad\"}}]},{\"@type\":\"Organization\",\"@id\":\"https:\\\/\\\/www.eldigitaldeasturias.com\\\/noticias\\\/#organization\",\"name\":\"El Digital de Asturias\",\"description\":\"Hemeroteca\",\"url\":\"https:\\\/\\\/www.eldigitaldeasturias.com\\\/noticias\\\/\",\"email\":\"info@eldigitaldeasturias.com\",\"telephone\":\"+34652131393\",\"logo\":{\"@type\":\"ImageObject\",\"url\":\"https:\\\/\\\/www.eldigitaldeasturias.com\\\/noticias\\\/wp-content\\\/uploads\\\/2020\\\/12\\\/EDA.jpg\",\"@id\":\"https:\\\/\\\/www.eldigitaldeasturias.com\\\/noticias\\\/rousseff-reitera-a-blatter-que-brasil-organizara-la-copa-de-las-copas\\\/#organizationLogo\"},\"image\":{\"@id\":\"https:\\\/\\\/www.eldigitaldeasturias.com\\\/noticias\\\/rousseff-reitera-a-blatter-que-brasil-organizara-la-copa-de-las-copas\\\/#organizationLogo\"},\"sameAs\":[\"https:\\\/\\\/facebook.com\\\/eldigitaldeasturias\",\"https:\\\/\\\/www.youtube.com\\\/channel\\\/UCZP-2wLEB9Rv6erhFmqVnvg\"],\"address\":{\"@id\":\"https:\\\/\\\/www.eldigitaldeasturias.com\\\/noticias\\\/#postaladdress\",\"@type\":\"PostalAddress\",\"streetAddress\":\"san antonio 4\",\"postalCode\":\"33430\",\"addressLocality\":\"Cand\\u00e1s\",\"addressRegion\":\"Asturias\",\"addressCountry\":\"ES\"}},{\"@type\":\"Person\",\"@id\":\"https:\\\/\\\/www.eldigitaldeasturias.com\\\/noticias\\\/author\\\/admin\\\/#author\",\"url\":\"https:\\\/\\\/www.eldigitaldeasturias.com\\\/noticias\\\/author\\\/admin\\\/\",\"name\":\"El Digital de Asturias\",\"image\":{\"@type\":\"ImageObject\",\"@id\":\"https:\\\/\\\/www.eldigitaldeasturias.com\\\/noticias\\\/rousseff-reitera-a-blatter-que-brasil-organizara-la-copa-de-las-copas\\\/#authorImage\",\"url\":\"https:\\\/\\\/secure.gravatar.com\\\/avatar\\\/df2aeffc32bcd13f8d26072ef8a91b623d677766deac7f97ca815868cd41bf5e?s=96&d=mm&r=g\",\"width\":96,\"height\":96,\"caption\":\"El Digital de Asturias\"}},{\"@type\":\"WebPage\",\"@id\":\"https:\\\/\\\/www.eldigitaldeasturias.com\\\/noticias\\\/rousseff-reitera-a-blatter-que-brasil-organizara-la-copa-de-las-copas\\\/#webpage\",\"url\":\"https:\\\/\\\/www.eldigitaldeasturias.com\\\/noticias\\\/rousseff-reitera-a-blatter-que-brasil-organizara-la-copa-de-las-copas\\\/\",\"name\":\"Rousseff reitera a Blatter que Brasil organizar\\u00e1 la \\u00abCopa de las Copas\\u00bb - El Digital de Asturias\",\"description\":\"Sao Paulo, 23 ene (EFE).- La presidenta brasile\\u00f1a, Dilma Rousseff, garantiz\\u00f3 hoy en Z\\u00farich al presidente de la FIFA, Joseph Blatter, que el pa\\u00eds sudamericano ha puesto todo el empe\\u00f1o para celebrar la \\\"Copa de las Copas\\\", seg\\u00fan inform\\u00f3 la Presidencia. \\\"El f\\u00fatbol es un deporte diseminado por todos los pa\\u00edses del mundo. Pero yo\",\"inLanguage\":\"es-ES\",\"isPartOf\":{\"@id\":\"https:\\\/\\\/www.eldigitaldeasturias.com\\\/noticias\\\/#website\"},\"breadcrumb\":{\"@id\":\"https:\\\/\\\/www.eldigitaldeasturias.com\\\/noticias\\\/rousseff-reitera-a-blatter-que-brasil-organizara-la-copa-de-las-copas\\\/#breadcrumblist\"},\"author\":{\"@id\":\"https:\\\/\\\/www.eldigitaldeasturias.com\\\/noticias\\\/author\\\/admin\\\/#author\"},\"creator\":{\"@id\":\"https:\\\/\\\/www.eldigitaldeasturias.com\\\/noticias\\\/author\\\/admin\\\/#author\"},\"image\":{\"@type\":\"ImageObject\",\"url\":\"https:\\\/\\\/www.eldigitaldeasturias.com\\\/noticias\\\/wp-content\\\/uploads\\\/2026\\\/06\\\/Contenidos.jpg\",\"@id\":\"https:\\\/\\\/www.eldigitaldeasturias.com\\\/noticias\\\/rousseff-reitera-a-blatter-que-brasil-organizara-la-copa-de-las-copas\\\/#mainImage\",\"width\":1265,\"height\":697,\"caption\":\"Contenidos\"},\"primaryImageOfPage\":{\"@id\":\"https:\\\/\\\/www.eldigitaldeasturias.com\\\/noticias\\\/rousseff-reitera-a-blatter-que-brasil-organizara-la-copa-de-las-copas\\\/#mainImage\"},\"datePublished\":\"2014-01-24T08:54:33+01:00\",\"dateModified\":\"2014-01-24T08:54:33+01:00\"},{\"@type\":\"WebSite\",\"@id\":\"https:\\\/\\\/www.eldigitaldeasturias.com\\\/noticias\\\/#website\",\"url\":\"https:\\\/\\\/www.eldigitaldeasturias.com\\\/noticias\\\/\",\"name\":\"El Digital de Asturias - Diario de actualidad y noticias\",\"alternateName\":\"El Digital de Asturias - Diario de actualidad y noticias\",\"description\":\"Hemeroteca\",\"inLanguage\":\"es-ES\",\"publisher\":{\"@id\":\"https:\\\/\\\/www.eldigitaldeasturias.com\\\/noticias\\\/#organization\"}}]}\n\t\t<\/script>\n\t\t<!-- All in One SEO Pro -->\r\n\t\t<title>Rousseff reitera a Blatter que Brasil organizar\u00e1 la \u00abCopa de las Copas\u00bb - El Digital de Asturias<\/title>\n\n","aioseo_head_json":{"title":"Rousseff reitera a Blatter que Brasil organizar\u00e1 la \u00abCopa de las Copas\u00bb - El Digital de Asturias","description":"Sao Paulo, 23 ene (EFE).- La presidenta brasile\u00f1a, Dilma Rousseff, garantiz\u00f3 hoy en Z\u00farich al presidente de la FIFA, Joseph Blatter, que el pa\u00eds sudamericano ha puesto todo el empe\u00f1o para celebrar la \"Copa de las Copas\", seg\u00fan inform\u00f3 la Presidencia. \"El f\u00fatbol es un deporte diseminado por todos los pa\u00edses del mundo. Pero yo","canonical_url":"https:\/\/www.eldigitaldeasturias.com\/noticias\/rousseff-reitera-a-blatter-que-brasil-organizara-la-copa-de-las-copas\/","robots":"max-image-preview:large","keywords":"actualidad","webmasterTools":{"google-site-verification":"UA-38556648-1","msvalidate.01":"7dfe9f3f1b24437ab69f4f2559babe99","miscellaneous":""},"schema":{"@context":"https:\/\/schema.org","@graph":[{"@type":"BlogPosting","@id":"https:\/\/www.eldigitaldeasturias.com\/noticias\/rousseff-reitera-a-blatter-que-brasil-organizara-la-copa-de-las-copas\/#blogposting","name":"Rousseff reitera a Blatter que Brasil organizar\u00e1 la \u00abCopa de las Copas\u00bb - El Digital de Asturias","headline":"Rousseff reitera a Blatter que Brasil organizar\u00e1 la \u00abCopa de las Copas\u00bb","author":{"@id":"https:\/\/www.eldigitaldeasturias.com\/noticias\/author\/admin\/#author"},"publisher":{"@id":"https:\/\/www.eldigitaldeasturias.com\/noticias\/#organization"},"image":{"@type":"ImageObject","url":"https:\/\/www.eldigitaldeasturias.com\/noticias\/wp-content\/uploads\/2026\/06\/Contenidos.jpg","width":1265,"height":697,"caption":"Contenidos"},"datePublished":"2014-01-24T08:54:33+01:00","dateModified":"2014-01-24T08:54:33+01:00","inLanguage":"es-ES","mainEntityOfPage":{"@id":"https:\/\/www.eldigitaldeasturias.com\/noticias\/rousseff-reitera-a-blatter-que-brasil-organizara-la-copa-de-las-copas\/#webpage"},"isPartOf":{"@id":"https:\/\/www.eldigitaldeasturias.com\/noticias\/rousseff-reitera-a-blatter-que-brasil-organizara-la-copa-de-las-copas\/#webpage"},"articleSection":"Actualidad"},{"@type":"BreadcrumbList","@id":"https:\/\/www.eldigitaldeasturias.com\/noticias\/rousseff-reitera-a-blatter-que-brasil-organizara-la-copa-de-las-copas\/#breadcrumblist","itemListElement":[{"@type":"ListItem","@id":"https:\/\/www.eldigitaldeasturias.com\/noticias#listItem","position":1,"name":"Home","item":"https:\/\/www.eldigitaldeasturias.com\/noticias","nextItem":{"@type":"ListItem","@id":"https:\/\/www.eldigitaldeasturias.com\/noticias\/category\/actualidad\/#listItem","name":"Actualidad"}},{"@type":"ListItem","@id":"https:\/\/www.eldigitaldeasturias.com\/noticias\/category\/actualidad\/#listItem","position":2,"name":"Actualidad","item":"https:\/\/www.eldigitaldeasturias.com\/noticias\/category\/actualidad\/","nextItem":{"@type":"ListItem","@id":"https:\/\/www.eldigitaldeasturias.com\/noticias\/rousseff-reitera-a-blatter-que-brasil-organizara-la-copa-de-las-copas\/#listItem","name":"Rousseff reitera a Blatter que Brasil organizar\u00e1 la \u00abCopa de las Copas\u00bb"},"previousItem":{"@type":"ListItem","@id":"https:\/\/www.eldigitaldeasturias.com\/noticias#listItem","name":"Home"}},{"@type":"ListItem","@id":"https:\/\/www.eldigitaldeasturias.com\/noticias\/rousseff-reitera-a-blatter-que-brasil-organizara-la-copa-de-las-copas\/#listItem","position":3,"name":"Rousseff reitera a Blatter que Brasil organizar\u00e1 la \u00abCopa de las Copas\u00bb","previousItem":{"@type":"ListItem","@id":"https:\/\/www.eldigitaldeasturias.com\/noticias\/category\/actualidad\/#listItem","name":"Actualidad"}}]},{"@type":"Organization","@id":"https:\/\/www.eldigitaldeasturias.com\/noticias\/#organization","name":"El Digital de Asturias","description":"Hemeroteca","url":"https:\/\/www.eldigitaldeasturias.com\/noticias\/","email":"info@eldigitaldeasturias.com","telephone":"+34652131393","logo":{"@type":"ImageObject","url":"https:\/\/www.eldigitaldeasturias.com\/noticias\/wp-content\/uploads\/2020\/12\/EDA.jpg","@id":"https:\/\/www.eldigitaldeasturias.com\/noticias\/rousseff-reitera-a-blatter-que-brasil-organizara-la-copa-de-las-copas\/#organizationLogo"},"image":{"@id":"https:\/\/www.eldigitaldeasturias.com\/noticias\/rousseff-reitera-a-blatter-que-brasil-organizara-la-copa-de-las-copas\/#organizationLogo"},"sameAs":["https:\/\/facebook.com\/eldigitaldeasturias","https:\/\/www.youtube.com\/channel\/UCZP-2wLEB9Rv6erhFmqVnvg"],"address":{"@id":"https:\/\/www.eldigitaldeasturias.com\/noticias\/#postaladdress","@type":"PostalAddress","streetAddress":"san antonio 4","postalCode":"33430","addressLocality":"Cand\u00e1s","addressRegion":"Asturias","addressCountry":"ES"}},{"@type":"Person","@id":"https:\/\/www.eldigitaldeasturias.com\/noticias\/author\/admin\/#author","url":"https:\/\/www.eldigitaldeasturias.com\/noticias\/author\/admin\/","name":"El Digital de Asturias","image":{"@type":"ImageObject","@id":"https:\/\/www.eldigitaldeasturias.com\/noticias\/rousseff-reitera-a-blatter-que-brasil-organizara-la-copa-de-las-copas\/#authorImage","url":"https:\/\/secure.gravatar.com\/avatar\/df2aeffc32bcd13f8d26072ef8a91b623d677766deac7f97ca815868cd41bf5e?s=96&d=mm&r=g","width":96,"height":96,"caption":"El Digital de Asturias"}},{"@type":"WebPage","@id":"https:\/\/www.eldigitaldeasturias.com\/noticias\/rousseff-reitera-a-blatter-que-brasil-organizara-la-copa-de-las-copas\/#webpage","url":"https:\/\/www.eldigitaldeasturias.com\/noticias\/rousseff-reitera-a-blatter-que-brasil-organizara-la-copa-de-las-copas\/","name":"Rousseff reitera a Blatter que Brasil organizar\u00e1 la \u00abCopa de las Copas\u00bb - El Digital de Asturias","description":"Sao Paulo, 23 ene (EFE).- La presidenta brasile\u00f1a, Dilma Rousseff, garantiz\u00f3 hoy en Z\u00farich al presidente de la FIFA, Joseph Blatter, que el pa\u00eds sudamericano ha puesto todo el empe\u00f1o para celebrar la \"Copa de las Copas\", seg\u00fan inform\u00f3 la Presidencia. \"El f\u00fatbol es un deporte diseminado por todos los pa\u00edses del mundo. Pero yo","inLanguage":"es-ES","isPartOf":{"@id":"https:\/\/www.eldigitaldeasturias.com\/noticias\/#website"},"breadcrumb":{"@id":"https:\/\/www.eldigitaldeasturias.com\/noticias\/rousseff-reitera-a-blatter-que-brasil-organizara-la-copa-de-las-copas\/#breadcrumblist"},"author":{"@id":"https:\/\/www.eldigitaldeasturias.com\/noticias\/author\/admin\/#author"},"creator":{"@id":"https:\/\/www.eldigitaldeasturias.com\/noticias\/author\/admin\/#author"},"image":{"@type":"ImageObject","url":"https:\/\/www.eldigitaldeasturias.com\/noticias\/wp-content\/uploads\/2026\/06\/Contenidos.jpg","@id":"https:\/\/www.eldigitaldeasturias.com\/noticias\/rousseff-reitera-a-blatter-que-brasil-organizara-la-copa-de-las-copas\/#mainImage","width":1265,"height":697,"caption":"Contenidos"},"primaryImageOfPage":{"@id":"https:\/\/www.eldigitaldeasturias.com\/noticias\/rousseff-reitera-a-blatter-que-brasil-organizara-la-copa-de-las-copas\/#mainImage"},"datePublished":"2014-01-24T08:54:33+01:00","dateModified":"2014-01-24T08:54:33+01:00"},{"@type":"WebSite","@id":"https:\/\/www.eldigitaldeasturias.com\/noticias\/#website","url":"https:\/\/www.eldigitaldeasturias.com\/noticias\/","name":"El Digital de Asturias - Diario de actualidad y noticias","alternateName":"El Digital de Asturias - Diario de actualidad y noticias","description":"Hemeroteca","inLanguage":"es-ES","publisher":{"@id":"https:\/\/www.eldigitaldeasturias.com\/noticias\/#organization"}}]},"og:locale":"es_ES","og:site_name":"El Digital de Asturias","og:type":"article","og:title":"Rousseff reitera a Blatter que Brasil organizar\u00e1 la \u00abCopa de las Copas\u00bb - El Digital de Asturias","og:description":"Sao Paulo, 23 ene (EFE).- La presidenta brasile\u00f1a, Dilma Rousseff, garantiz\u00f3 hoy en Z\u00farich al presidente de la FIFA, Joseph Blatter, que el pa\u00eds sudamericano ha puesto todo el empe\u00f1o para celebrar la &quot;Copa de las Copas&quot;, seg\u00fan inform\u00f3 la Presidencia. &quot;El f\u00fatbol es un deporte diseminado por todos los pa\u00edses del mundo. Pero yo","og:url":"https:\/\/www.eldigitaldeasturias.com\/noticias\/rousseff-reitera-a-blatter-que-brasil-organizara-la-copa-de-las-copas\/","og:image":"https:\/\/www.eldigitaldeasturias.com\/noticias\/wp-content\/uploads\/2026\/06\/Contenidos.jpg","og:image:secure_url":"https:\/\/www.eldigitaldeasturias.com\/noticias\/wp-content\/uploads\/2026\/06\/Contenidos.jpg","og:image:width":1265,"og:image:height":697,"article:tag":["actualidad"],"article:published_time":"2014-01-24T09:54:33+00:00","article:modified_time":"2014-01-24T09:54:33+00:00","article:publisher":"https:\/\/facebook.com\/eldigitaldeasturias","twitter:card":"summary_large_image","twitter:title":"Rousseff reitera a Blatter que Brasil organizar\u00e1 la \u00abCopa de las Copas\u00bb - El Digital de Asturias","twitter:description":"Sao Paulo, 23 ene (EFE).- La presidenta brasile\u00f1a, Dilma Rousseff, garantiz\u00f3 hoy en Z\u00farich al presidente de la FIFA, Joseph Blatter, que el pa\u00eds sudamericano ha puesto todo el empe\u00f1o para celebrar la &quot;Copa de las Copas&quot;, seg\u00fan inform\u00f3 la Presidencia. &quot;El f\u00fatbol es un deporte diseminado por todos los pa\u00edses del mundo. Pero yo","twitter:image":"https:\/\/www.eldigitaldeasturias.com\/noticias\/wp-content\/uploads\/2026\/06\/Contenidos.jpg","twitter:label1":"Escrito por","twitter:data1":"El Digital de Asturias","twitter:label2":"Tiempo de lectura estimado","twitter:data2":"2 minutos"},"aioseo_meta_data":{"post_id":"478073","title":null,"description":null,"keywords":null,"keyphrases":null,"primary_term":null,"canonical_url":null,"og_title":null,"og_description":null,"og_object_type":"default","og_image_type":"default","og_image_url":null,"og_image_width":null,"og_image_height":null,"og_image_custom_url":null,"og_image_custom_fields":null,"og_video":null,"og_custom_url":null,"og_article_section":null,"og_article_tags":null,"twitter_use_og":true,"twitter_card":"default","twitter_image_type":"default","twitter_image_url":null,"twitter_image_custom_url":null,"twitter_image_custom_fields":null,"twitter_title":null,"twitter_description":null,"schema":{"blockGraphs":[],"customGraphs":[],"default":{"data":{"Article":[],"Course":[],"Dataset":[],"FAQPage":[],"Movie":[],"Person":[],"Product":[],"ProductReview":[],"Car":[],"Recipe":[],"Service":[],"SoftwareApplication":[],"WebPage":[]},"graphName":"","isEnabled":true},"graphs":[],"defaultGraph":"","defaultPostTypeGraph":""},"schema_type":null,"schema_type_options":null,"pillar_content":false,"robots_default":true,"robots_noindex":false,"robots_noarchive":false,"robots_nosnippet":false,"robots_nofollow":false,"robots_noimageindex":false,"robots_noodp":false,"robots_notranslate":false,"robots_max_snippet":null,"robots_max_videopreview":null,"robots_max_imagepreview":"none","priority":null,"frequency":null,"local_seo":null,"seo_analyzer_scan_date":"2026-06-01 20:23:45","breadcrumb_settings":null,"limit_modified_date":false,"open_ai":null,"ai":null,"created":"2020-11-14 22:53:48","updated":"2026-06-01 20:23:45","focus_keyword":null,"additional_keywords":null,"truseo_locale":null},"aioseo_breadcrumb":"<div class=\"aioseo-breadcrumbs\"><span class=\"aioseo-breadcrumb\">\n\t<a href=\"https:\/\/www.eldigitaldeasturias.com\/noticias\" title=\"Home\">Home<\/a>\n<\/span><span class=\"aioseo-breadcrumb-separator\">\u2013<\/span><span class=\"aioseo-breadcrumb\">\n\t<a href=\"https:\/\/www.eldigitaldeasturias.com\/noticias\/category\/actualidad\/\" title=\"Actualidad\">Actualidad<\/a>\n<\/span><span class=\"aioseo-breadcrumb-separator\">\u2013<\/span><span class=\"aioseo-breadcrumb\">\n\t<a href=\"https:\/\/www.eldigitaldeasturias.com\/noticias\/rousseff-reitera-a-blatter-que-brasil-organizara-la-copa-de-las-copas\/\" title=\"Rousseff reitera a Blatter que Brasil organizar\u00e1 la \u00abCopa de las Copas\u00bb\">Rousseff reitera a Blatter que Brasil organizar\u00e1 la \u00abCopa de las Copas\u00bb<\/a>\n<\/span><\/div>","aioseo_breadcrumb_json":[{"label":"Home","link":"https:\/\/www.eldigitaldeasturias.com\/noticias"},{"label":"Actualidad","link":"https:\/\/www.eldigitaldeasturias.com\/noticias\/category\/actualidad\/"},{"label":"Rousseff reitera a Blatter que Brasil organizar\u00e1 la \u00abCopa de las Copas\u00bb","link":"https:\/\/www.eldigitaldeasturias.com\/noticias\/rousseff-reitera-a-blatter-que-brasil-organizara-la-copa-de-las-copas\/"}],"_links":{"self":[{"href":"https:\/\/www.eldigitaldeasturias.com\/noticias\/wp-json\/wp\/v2\/posts\/478073","targetHints":{"allow":["GET"]}}],"collection":[{"href":"https:\/\/www.eldigitaldeasturias.com\/noticias\/wp-json\/wp\/v2\/posts"}],"about":[{"href":"https:\/\/www.eldigitaldeasturias.com\/noticias\/wp-json\/wp\/v2\/types\/post"}],"author":[{"embeddable":true,"href":"https:\/\/www.eldigitaldeasturias.com\/noticias\/wp-json\/wp\/v2\/users\/1"}],"replies":[{"embeddable":true,"href":"https:\/\/www.eldigitaldeasturias.com\/noticias\/wp-json\/wp\/v2\/comments?post=478073"}],"version-history":[{"count":0,"href":"https:\/\/www.eldigitaldeasturias.com\/noticias\/wp-json\/wp\/v2\/posts\/478073\/revisions"}],"wp:featuredmedia":[{"embeddable":true,"href":"https:\/\/www.eldigitaldeasturias.com\/noticias\/wp-json\/wp\/v2\/media\/1132184"}],"wp:attachment":[{"href":"https:\/\/www.eldigitaldeasturias.com\/noticias\/wp-json\/wp\/v2\/media?parent=478073"}],"wp:term":[{"taxonomy":"category","embeddable":true,"href":"https:\/\/www.eldigitaldeasturias.com\/noticias\/wp-json\/wp\/v2\/categories?post=478073"},{"taxonomy":"post_tag","embeddable":true,"href":"https:\/\/www.eldigitaldeasturias.com\/noticias\/wp-json\/wp\/v2\/tags?post=478073"}],"curies":[{"name":"wp","href":"https:\/\/api.w.org\/{rel}","templated":true}]}}