{"id":478058,"date":"2014-01-24T08:47:09","date_gmt":"2014-01-24T09:47:09","guid":{"rendered":"http:\/\/www.eldigitaldeasturias.com\/noticias\/?p=478058"},"modified":"2014-01-24T08:47:09","modified_gmt":"2014-01-24T09:47:09","slug":"las-visitas-turisticas-a-las-ventas-crecieron-un-123-por-ciento-en-2013","status":"publish","type":"post","link":"https:\/\/www.eldigitaldeasturias.com\/noticias\/las-visitas-turisticas-a-las-ventas-crecieron-un-123-por-ciento-en-2013\/","title":{"rendered":"Las visitas tur\u00edsticas a Las Ventas crecieron un 12,3 por ciento en 2013"},"content":{"rendered":"<p><img loading=\"lazy\" decoding=\"async\" class=\"alignleft size-medium wp-image-478059\" alt=\"5871758w\" src=\"https:\/\/www.eldigitaldeasturias.com\/noticias\/wp-content\/uploads\/2014\/01\/5871758w-213x320.jpg\" width=\"213\" height=\"320\" \/>Madrid, 23 ene (EFE).- La plaza de toros de Las Ventas (Madrid) recibi\u00f3 en 2013 un total de 74.244 visitas tur\u00edsticas, un 12,3 por ciento m\u00e1s que el a\u00f1o anterior, que fueron realizadas principalmente por italianos, franceses y brasile\u00f1os.<\/p>\n<p>La empresa que gestiona Las Ventas Tour, Toroshopping.com, ha presentado hoy estos datos en Fitur, donde tambi\u00e9n ha anunciado que espera un crecimiento de las visitas de un 14 % este a\u00f1o -m\u00e1s de 85.000- y que, por tanto, el coso madrile\u00f1o se ha convertido en \u00abuno de los lugares m\u00e1s visitados de la ciudad\u00bb.<\/p>\n<p>Los meses de m\u00e1s afluencia son marzo, abril, mayo y octubre, siendo la mayor\u00eda de nacionalidad italiana (18 %), seguidos de franceses (14 %), brasile\u00f1os (9 %), norteamericanos y espa\u00f1oles (8 %) e ingleses con el 6 por ciento.<\/p>\n<p>Entre las novedades para 2014 se ha anunciado la promoci\u00f3n del paquete tur\u00edstico Toros y Flamenco, que incluye las visitas a Las Ventas y a algunos de los tablaos de la capital, como Torres Bermejas o Caf\u00e9 de Chinitas, \u00abuniendo as\u00ed dos de los espect\u00e1culos m\u00e1s demandados por los turistas que llegan a Madrid\u00bb, ha apuntado el gerente de Las Ventas Tour, Pedro Gracia.<\/p>\n<p>Adem\u00e1s, los seis idiomas en los que actualmente se ofrece el recorrido -espa\u00f1ol, ingl\u00e9s, franc\u00e9s, italiano, portugu\u00e9s, alem\u00e1n, ruso y alem\u00e1n-, se ampliar\u00e1n con ruso y chino, y se proyectar\u00e1n audiovisuales sobre el mundo de los toro bravos.<\/p>\n<p>La visita actual incluye un recorrido, con explicaciones sobre la historia del toreo, por los lugares m\u00e1s emblem\u00e1ticos de este coso neomud\u00e9jar edificado en 1929, y se puede ampliar con actividades como sesiones de toreo de sal\u00f3n, una demostraci\u00f3n del ritual de c\u00f3mo se viste un torero y, en temporada taurina, un asistente personal para ver una corrida de toros que explica todos sus pormenores.<\/p>\n","protected":false},"excerpt":{"rendered":"<p>Madrid, 23 ene (EFE).- La plaza de toros de Las Ventas (Madrid) recibi\u00f3 en 2013 un total de 74.244 visitas tur\u00edsticas, un 12,3 por ciento m\u00e1s que el a\u00f1o anterior, que fueron realizadas principalmente por italianos, franceses y brasile\u00f1os. La empresa que gestiona Las Ventas Tour, Toroshopping.com, ha presentado hoy estos datos en Fitur, donde [&hellip;]<\/p>\n","protected":false},"author":1,"featured_media":0,"comment_status":"closed","ping_status":"open","sticky":false,"template":"","format":"standard","meta":{"footnotes":""},"categories":[148],"tags":[],"class_list":["post-478058","post","type-post","status-publish","format-standard","hentry","category-turismo"],"aioseo_notices":[],"aioseo_head":"\n\t\t<!-- All in One SEO Pro 4.9.6.2 - aioseo.com -->\n\t<meta name=\"description\" content=\"Madrid, 23 ene (EFE).- La plaza de toros de Las Ventas (Madrid) recibi\u00f3 en 2013 un total de 74.244 visitas tur\u00edsticas, un 12,3 por ciento m\u00e1s que el a\u00f1o anterior, que fueron realizadas principalmente por italianos, franceses y brasile\u00f1os. La empresa que gestiona Las Ventas Tour, Toroshopping.com, ha presentado hoy estos datos en Fitur, donde\" \/>\n\t<meta name=\"robots\" content=\"max-image-preview:large\" \/>\n\t<meta name=\"author\" content=\"El Digital de Asturias\"\/>\n\t<meta name=\"google-site-verification\" content=\"UA-38556648-1\" \/>\n\t<meta name=\"msvalidate.01\" content=\"7dfe9f3f1b24437ab69f4f2559babe99\" \/>\n\t<meta name=\"keywords\" content=\"turismo\" \/>\n\t<link rel=\"canonical\" href=\"https:\/\/www.eldigitaldeasturias.com\/noticias\/las-visitas-turisticas-a-las-ventas-crecieron-un-123-por-ciento-en-2013\/\" \/>\n\t<meta name=\"generator\" content=\"All in One SEO Pro (AIOSEO) 4.9.6.2\" \/>\n\t\t<meta property=\"og:locale\" content=\"es_ES\" \/>\n\t\t<meta property=\"og:site_name\" content=\"El Digital de Asturias\" \/>\n\t\t<meta property=\"og:type\" content=\"article\" \/>\n\t\t<meta property=\"og:title\" content=\"Las visitas tur\u00edsticas a Las Ventas crecieron un 12,3 por ciento en 2013 - El Digital de Asturias\" \/>\n\t\t<meta property=\"og:description\" content=\"Madrid, 23 ene (EFE).- La plaza de toros de Las Ventas (Madrid) recibi\u00f3 en 2013 un total de 74.244 visitas tur\u00edsticas, un 12,3 por ciento m\u00e1s que el a\u00f1o anterior, que fueron realizadas principalmente por italianos, franceses y brasile\u00f1os. La empresa que gestiona Las Ventas Tour, Toroshopping.com, ha presentado hoy estos datos en Fitur, donde\" \/>\n\t\t<meta property=\"og:url\" content=\"https:\/\/www.eldigitaldeasturias.com\/noticias\/las-visitas-turisticas-a-las-ventas-crecieron-un-123-por-ciento-en-2013\/\" \/>\n\t\t<meta property=\"article:tag\" content=\"turismo\" \/>\n\t\t<meta property=\"article:published_time\" content=\"2014-01-24T09:47:09+00:00\" \/>\n\t\t<meta property=\"article:modified_time\" content=\"2014-01-24T09:47:09+00:00\" \/>\n\t\t<meta property=\"article:publisher\" content=\"https:\/\/facebook.com\/eldigitaldeasturias\" \/>\n\t\t<meta name=\"twitter:card\" content=\"summary_large_image\" \/>\n\t\t<meta name=\"twitter:title\" content=\"Las visitas tur\u00edsticas a Las Ventas crecieron un 12,3 por ciento en 2013 - El Digital de Asturias\" \/>\n\t\t<meta name=\"twitter:description\" content=\"Madrid, 23 ene (EFE).- La plaza de toros de Las Ventas (Madrid) recibi\u00f3 en 2013 un total de 74.244 visitas tur\u00edsticas, un 12,3 por ciento m\u00e1s que el a\u00f1o anterior, que fueron realizadas principalmente por italianos, franceses y brasile\u00f1os. La empresa que gestiona Las Ventas Tour, Toroshopping.com, ha presentado hoy estos datos en Fitur, donde\" \/>\n\t\t<meta name=\"twitter:label1\" content=\"Escrito por\" \/>\n\t\t<meta name=\"twitter:data1\" content=\"El Digital de Asturias\" \/>\n\t\t<meta name=\"twitter:label2\" content=\"Tiempo de lectura estimado\" \/>\n\t\t<meta name=\"twitter:data2\" content=\"2 minutos\" \/>\n\t\t<script type=\"application\/ld+json\" class=\"aioseo-schema\">\n\t\t\t{\"@context\":\"https:\\\/\\\/schema.org\",\"@graph\":[{\"@type\":\"BlogPosting\",\"@id\":\"https:\\\/\\\/www.eldigitaldeasturias.com\\\/noticias\\\/las-visitas-turisticas-a-las-ventas-crecieron-un-123-por-ciento-en-2013\\\/#blogposting\",\"name\":\"Las visitas tur\\u00edsticas a Las Ventas crecieron un 12,3 por ciento en 2013 - El Digital de Asturias\",\"headline\":\"Las visitas tur\\u00edsticas a Las Ventas crecieron un 12,3 por ciento en 2013\",\"author\":{\"@id\":\"https:\\\/\\\/www.eldigitaldeasturias.com\\\/noticias\\\/author\\\/admin\\\/#author\"},\"publisher\":{\"@id\":\"https:\\\/\\\/www.eldigitaldeasturias.com\\\/noticias\\\/#organization\"},\"image\":{\"@type\":\"ImageObject\",\"url\":\"http:\\\/\\\/www.eldigitaldeasturias.com\\\/noticias\\\/wp-content\\\/uploads\\\/2014\\\/01\\\/5871758w-213x320.jpg\",\"@id\":\"https:\\\/\\\/www.eldigitaldeasturias.com\\\/noticias\\\/las-visitas-turisticas-a-las-ventas-crecieron-un-123-por-ciento-en-2013\\\/#articleImage\"},\"datePublished\":\"2014-01-24T08:47:09+01:00\",\"dateModified\":\"2014-01-24T08:47:09+01:00\",\"inLanguage\":\"es-ES\",\"mainEntityOfPage\":{\"@id\":\"https:\\\/\\\/www.eldigitaldeasturias.com\\\/noticias\\\/las-visitas-turisticas-a-las-ventas-crecieron-un-123-por-ciento-en-2013\\\/#webpage\"},\"isPartOf\":{\"@id\":\"https:\\\/\\\/www.eldigitaldeasturias.com\\\/noticias\\\/las-visitas-turisticas-a-las-ventas-crecieron-un-123-por-ciento-en-2013\\\/#webpage\"},\"articleSection\":\"Turismo\"},{\"@type\":\"BreadcrumbList\",\"@id\":\"https:\\\/\\\/www.eldigitaldeasturias.com\\\/noticias\\\/las-visitas-turisticas-a-las-ventas-crecieron-un-123-por-ciento-en-2013\\\/#breadcrumblist\",\"itemListElement\":[{\"@type\":\"ListItem\",\"@id\":\"https:\\\/\\\/www.eldigitaldeasturias.com\\\/noticias#listItem\",\"position\":1,\"name\":\"Home\",\"item\":\"https:\\\/\\\/www.eldigitaldeasturias.com\\\/noticias\",\"nextItem\":{\"@type\":\"ListItem\",\"@id\":\"https:\\\/\\\/www.eldigitaldeasturias.com\\\/noticias\\\/category\\\/turismo\\\/#listItem\",\"name\":\"Turismo\"}},{\"@type\":\"ListItem\",\"@id\":\"https:\\\/\\\/www.eldigitaldeasturias.com\\\/noticias\\\/category\\\/turismo\\\/#listItem\",\"position\":2,\"name\":\"Turismo\",\"item\":\"https:\\\/\\\/www.eldigitaldeasturias.com\\\/noticias\\\/category\\\/turismo\\\/\",\"nextItem\":{\"@type\":\"ListItem\",\"@id\":\"https:\\\/\\\/www.eldigitaldeasturias.com\\\/noticias\\\/las-visitas-turisticas-a-las-ventas-crecieron-un-123-por-ciento-en-2013\\\/#listItem\",\"name\":\"Las visitas tur\\u00edsticas a Las Ventas crecieron un 12,3 por ciento en 2013\"},\"previousItem\":{\"@type\":\"ListItem\",\"@id\":\"https:\\\/\\\/www.eldigitaldeasturias.com\\\/noticias#listItem\",\"name\":\"Home\"}},{\"@type\":\"ListItem\",\"@id\":\"https:\\\/\\\/www.eldigitaldeasturias.com\\\/noticias\\\/las-visitas-turisticas-a-las-ventas-crecieron-un-123-por-ciento-en-2013\\\/#listItem\",\"position\":3,\"name\":\"Las visitas tur\\u00edsticas a Las Ventas crecieron un 12,3 por ciento en 2013\",\"previousItem\":{\"@type\":\"ListItem\",\"@id\":\"https:\\\/\\\/www.eldigitaldeasturias.com\\\/noticias\\\/category\\\/turismo\\\/#listItem\",\"name\":\"Turismo\"}}]},{\"@type\":\"Organization\",\"@id\":\"https:\\\/\\\/www.eldigitaldeasturias.com\\\/noticias\\\/#organization\",\"name\":\"El Digital de Asturias\",\"description\":\"Hemeroteca\",\"url\":\"https:\\\/\\\/www.eldigitaldeasturias.com\\\/noticias\\\/\",\"email\":\"info@eldigitaldeasturias.com\",\"telephone\":\"+34652131393\",\"logo\":{\"@type\":\"ImageObject\",\"url\":\"https:\\\/\\\/www.eldigitaldeasturias.com\\\/noticias\\\/wp-content\\\/uploads\\\/2020\\\/12\\\/EDA.jpg\",\"@id\":\"https:\\\/\\\/www.eldigitaldeasturias.com\\\/noticias\\\/las-visitas-turisticas-a-las-ventas-crecieron-un-123-por-ciento-en-2013\\\/#organizationLogo\",\"width\":649,\"height\":297},\"image\":{\"@id\":\"https:\\\/\\\/www.eldigitaldeasturias.com\\\/noticias\\\/las-visitas-turisticas-a-las-ventas-crecieron-un-123-por-ciento-en-2013\\\/#organizationLogo\"},\"sameAs\":[\"https:\\\/\\\/facebook.com\\\/eldigitaldeasturias\",\"https:\\\/\\\/www.youtube.com\\\/channel\\\/UCZP-2wLEB9Rv6erhFmqVnvg\"],\"address\":{\"@id\":\"https:\\\/\\\/www.eldigitaldeasturias.com\\\/noticias\\\/#postaladdress\",\"@type\":\"PostalAddress\",\"streetAddress\":\"san antonio 4,\",\"postalCode\":\"33430\",\"addressLocality\":\"Cand\\u00e1s\",\"addressRegion\":\"Asturias\",\"addressCountry\":\"ES\"}},{\"@type\":\"Person\",\"@id\":\"https:\\\/\\\/www.eldigitaldeasturias.com\\\/noticias\\\/author\\\/admin\\\/#author\",\"url\":\"https:\\\/\\\/www.eldigitaldeasturias.com\\\/noticias\\\/author\\\/admin\\\/\",\"name\":\"El Digital de Asturias\",\"image\":{\"@type\":\"ImageObject\",\"@id\":\"https:\\\/\\\/www.eldigitaldeasturias.com\\\/noticias\\\/las-visitas-turisticas-a-las-ventas-crecieron-un-123-por-ciento-en-2013\\\/#authorImage\",\"url\":\"https:\\\/\\\/www.eldigitaldeasturias.com\\\/noticias\\\/wp-content\\\/litespeed\\\/avatar\\\/18677e78aa0546b92d9dbf31ec7d7668.jpg?ver=1776685526\",\"width\":96,\"height\":96,\"caption\":\"El Digital de Asturias\"}},{\"@type\":\"WebPage\",\"@id\":\"https:\\\/\\\/www.eldigitaldeasturias.com\\\/noticias\\\/las-visitas-turisticas-a-las-ventas-crecieron-un-123-por-ciento-en-2013\\\/#webpage\",\"url\":\"https:\\\/\\\/www.eldigitaldeasturias.com\\\/noticias\\\/las-visitas-turisticas-a-las-ventas-crecieron-un-123-por-ciento-en-2013\\\/\",\"name\":\"Las visitas tur\\u00edsticas a Las Ventas crecieron un 12,3 por ciento en 2013 - El Digital de Asturias\",\"description\":\"Madrid, 23 ene (EFE).- La plaza de toros de Las Ventas (Madrid) recibi\\u00f3 en 2013 un total de 74.244 visitas tur\\u00edsticas, un 12,3 por ciento m\\u00e1s que el a\\u00f1o anterior, que fueron realizadas principalmente por italianos, franceses y brasile\\u00f1os. La empresa que gestiona Las Ventas Tour, Toroshopping.com, ha presentado hoy estos datos en Fitur, donde\",\"inLanguage\":\"es-ES\",\"isPartOf\":{\"@id\":\"https:\\\/\\\/www.eldigitaldeasturias.com\\\/noticias\\\/#website\"},\"breadcrumb\":{\"@id\":\"https:\\\/\\\/www.eldigitaldeasturias.com\\\/noticias\\\/las-visitas-turisticas-a-las-ventas-crecieron-un-123-por-ciento-en-2013\\\/#breadcrumblist\"},\"author\":{\"@id\":\"https:\\\/\\\/www.eldigitaldeasturias.com\\\/noticias\\\/author\\\/admin\\\/#author\"},\"creator\":{\"@id\":\"https:\\\/\\\/www.eldigitaldeasturias.com\\\/noticias\\\/author\\\/admin\\\/#author\"},\"datePublished\":\"2014-01-24T08:47:09+01:00\",\"dateModified\":\"2014-01-24T08:47:09+01:00\"},{\"@type\":\"WebSite\",\"@id\":\"https:\\\/\\\/www.eldigitaldeasturias.com\\\/noticias\\\/#website\",\"url\":\"https:\\\/\\\/www.eldigitaldeasturias.com\\\/noticias\\\/\",\"name\":\"El Digital de Asturias - Diario de actualidad y noticias\",\"alternateName\":\"El Digital de Asturias - Diario de actualidad y noticias\",\"description\":\"Hemeroteca\",\"inLanguage\":\"es-ES\",\"publisher\":{\"@id\":\"https:\\\/\\\/www.eldigitaldeasturias.com\\\/noticias\\\/#organization\"}}]}\n\t\t<\/script>\n\t\t<!-- All in One SEO Pro -->\r\n\t\t<title>Las visitas tur\u00edsticas a Las Ventas crecieron un 12,3 por ciento en 2013 - El Digital de Asturias<\/title>\n\n","aioseo_head_json":{"title":"Las visitas tur\u00edsticas a Las Ventas crecieron un 12,3 por ciento en 2013 - El Digital de Asturias","description":"Madrid, 23 ene (EFE).- La plaza de toros de Las Ventas (Madrid) recibi\u00f3 en 2013 un total de 74.244 visitas tur\u00edsticas, un 12,3 por ciento m\u00e1s que el a\u00f1o anterior, que fueron realizadas principalmente por italianos, franceses y brasile\u00f1os. La empresa que gestiona Las Ventas Tour, Toroshopping.com, ha presentado hoy estos datos en Fitur, donde","canonical_url":"https:\/\/www.eldigitaldeasturias.com\/noticias\/las-visitas-turisticas-a-las-ventas-crecieron-un-123-por-ciento-en-2013\/","robots":"max-image-preview:large","keywords":"turismo","webmasterTools":{"google-site-verification":"UA-38556648-1","msvalidate.01":"7dfe9f3f1b24437ab69f4f2559babe99","miscellaneous":""},"schema":{"@context":"https:\/\/schema.org","@graph":[{"@type":"BlogPosting","@id":"https:\/\/www.eldigitaldeasturias.com\/noticias\/las-visitas-turisticas-a-las-ventas-crecieron-un-123-por-ciento-en-2013\/#blogposting","name":"Las visitas tur\u00edsticas a Las Ventas crecieron un 12,3 por ciento en 2013 - El Digital de Asturias","headline":"Las visitas tur\u00edsticas a Las Ventas crecieron un 12,3 por ciento en 2013","author":{"@id":"https:\/\/www.eldigitaldeasturias.com\/noticias\/author\/admin\/#author"},"publisher":{"@id":"https:\/\/www.eldigitaldeasturias.com\/noticias\/#organization"},"image":{"@type":"ImageObject","url":"http:\/\/www.eldigitaldeasturias.com\/noticias\/wp-content\/uploads\/2014\/01\/5871758w-213x320.jpg","@id":"https:\/\/www.eldigitaldeasturias.com\/noticias\/las-visitas-turisticas-a-las-ventas-crecieron-un-123-por-ciento-en-2013\/#articleImage"},"datePublished":"2014-01-24T08:47:09+01:00","dateModified":"2014-01-24T08:47:09+01:00","inLanguage":"es-ES","mainEntityOfPage":{"@id":"https:\/\/www.eldigitaldeasturias.com\/noticias\/las-visitas-turisticas-a-las-ventas-crecieron-un-123-por-ciento-en-2013\/#webpage"},"isPartOf":{"@id":"https:\/\/www.eldigitaldeasturias.com\/noticias\/las-visitas-turisticas-a-las-ventas-crecieron-un-123-por-ciento-en-2013\/#webpage"},"articleSection":"Turismo"},{"@type":"BreadcrumbList","@id":"https:\/\/www.eldigitaldeasturias.com\/noticias\/las-visitas-turisticas-a-las-ventas-crecieron-un-123-por-ciento-en-2013\/#breadcrumblist","itemListElement":[{"@type":"ListItem","@id":"https:\/\/www.eldigitaldeasturias.com\/noticias#listItem","position":1,"name":"Home","item":"https:\/\/www.eldigitaldeasturias.com\/noticias","nextItem":{"@type":"ListItem","@id":"https:\/\/www.eldigitaldeasturias.com\/noticias\/category\/turismo\/#listItem","name":"Turismo"}},{"@type":"ListItem","@id":"https:\/\/www.eldigitaldeasturias.com\/noticias\/category\/turismo\/#listItem","position":2,"name":"Turismo","item":"https:\/\/www.eldigitaldeasturias.com\/noticias\/category\/turismo\/","nextItem":{"@type":"ListItem","@id":"https:\/\/www.eldigitaldeasturias.com\/noticias\/las-visitas-turisticas-a-las-ventas-crecieron-un-123-por-ciento-en-2013\/#listItem","name":"Las visitas tur\u00edsticas a Las Ventas crecieron un 12,3 por ciento en 2013"},"previousItem":{"@type":"ListItem","@id":"https:\/\/www.eldigitaldeasturias.com\/noticias#listItem","name":"Home"}},{"@type":"ListItem","@id":"https:\/\/www.eldigitaldeasturias.com\/noticias\/las-visitas-turisticas-a-las-ventas-crecieron-un-123-por-ciento-en-2013\/#listItem","position":3,"name":"Las visitas tur\u00edsticas a Las Ventas crecieron un 12,3 por ciento en 2013","previousItem":{"@type":"ListItem","@id":"https:\/\/www.eldigitaldeasturias.com\/noticias\/category\/turismo\/#listItem","name":"Turismo"}}]},{"@type":"Organization","@id":"https:\/\/www.eldigitaldeasturias.com\/noticias\/#organization","name":"El Digital de Asturias","description":"Hemeroteca","url":"https:\/\/www.eldigitaldeasturias.com\/noticias\/","email":"info@eldigitaldeasturias.com","telephone":"+34652131393","logo":{"@type":"ImageObject","url":"https:\/\/www.eldigitaldeasturias.com\/noticias\/wp-content\/uploads\/2020\/12\/EDA.jpg","@id":"https:\/\/www.eldigitaldeasturias.com\/noticias\/las-visitas-turisticas-a-las-ventas-crecieron-un-123-por-ciento-en-2013\/#organizationLogo","width":649,"height":297},"image":{"@id":"https:\/\/www.eldigitaldeasturias.com\/noticias\/las-visitas-turisticas-a-las-ventas-crecieron-un-123-por-ciento-en-2013\/#organizationLogo"},"sameAs":["https:\/\/facebook.com\/eldigitaldeasturias","https:\/\/www.youtube.com\/channel\/UCZP-2wLEB9Rv6erhFmqVnvg"],"address":{"@id":"https:\/\/www.eldigitaldeasturias.com\/noticias\/#postaladdress","@type":"PostalAddress","streetAddress":"san antonio 4,","postalCode":"33430","addressLocality":"Cand\u00e1s","addressRegion":"Asturias","addressCountry":"ES"}},{"@type":"Person","@id":"https:\/\/www.eldigitaldeasturias.com\/noticias\/author\/admin\/#author","url":"https:\/\/www.eldigitaldeasturias.com\/noticias\/author\/admin\/","name":"El Digital de Asturias","image":{"@type":"ImageObject","@id":"https:\/\/www.eldigitaldeasturias.com\/noticias\/las-visitas-turisticas-a-las-ventas-crecieron-un-123-por-ciento-en-2013\/#authorImage","url":"https:\/\/www.eldigitaldeasturias.com\/noticias\/wp-content\/litespeed\/avatar\/18677e78aa0546b92d9dbf31ec7d7668.jpg?ver=1776685526","width":96,"height":96,"caption":"El Digital de Asturias"}},{"@type":"WebPage","@id":"https:\/\/www.eldigitaldeasturias.com\/noticias\/las-visitas-turisticas-a-las-ventas-crecieron-un-123-por-ciento-en-2013\/#webpage","url":"https:\/\/www.eldigitaldeasturias.com\/noticias\/las-visitas-turisticas-a-las-ventas-crecieron-un-123-por-ciento-en-2013\/","name":"Las visitas tur\u00edsticas a Las Ventas crecieron un 12,3 por ciento en 2013 - El Digital de Asturias","description":"Madrid, 23 ene (EFE).- La plaza de toros de Las Ventas (Madrid) recibi\u00f3 en 2013 un total de 74.244 visitas tur\u00edsticas, un 12,3 por ciento m\u00e1s que el a\u00f1o anterior, que fueron realizadas principalmente por italianos, franceses y brasile\u00f1os. La empresa que gestiona Las Ventas Tour, Toroshopping.com, ha presentado hoy estos datos en Fitur, donde","inLanguage":"es-ES","isPartOf":{"@id":"https:\/\/www.eldigitaldeasturias.com\/noticias\/#website"},"breadcrumb":{"@id":"https:\/\/www.eldigitaldeasturias.com\/noticias\/las-visitas-turisticas-a-las-ventas-crecieron-un-123-por-ciento-en-2013\/#breadcrumblist"},"author":{"@id":"https:\/\/www.eldigitaldeasturias.com\/noticias\/author\/admin\/#author"},"creator":{"@id":"https:\/\/www.eldigitaldeasturias.com\/noticias\/author\/admin\/#author"},"datePublished":"2014-01-24T08:47:09+01:00","dateModified":"2014-01-24T08:47:09+01:00"},{"@type":"WebSite","@id":"https:\/\/www.eldigitaldeasturias.com\/noticias\/#website","url":"https:\/\/www.eldigitaldeasturias.com\/noticias\/","name":"El Digital de Asturias - Diario de actualidad y noticias","alternateName":"El Digital de Asturias - Diario de actualidad y noticias","description":"Hemeroteca","inLanguage":"es-ES","publisher":{"@id":"https:\/\/www.eldigitaldeasturias.com\/noticias\/#organization"}}]},"og:locale":"es_ES","og:site_name":"El Digital de Asturias","og:type":"article","og:title":"Las visitas tur\u00edsticas a Las Ventas crecieron un 12,3 por ciento en 2013 - El Digital de Asturias","og:description":"Madrid, 23 ene (EFE).- La plaza de toros de Las Ventas (Madrid) recibi\u00f3 en 2013 un total de 74.244 visitas tur\u00edsticas, un 12,3 por ciento m\u00e1s que el a\u00f1o anterior, que fueron realizadas principalmente por italianos, franceses y brasile\u00f1os. La empresa que gestiona Las Ventas Tour, Toroshopping.com, ha presentado hoy estos datos en Fitur, donde","og:url":"https:\/\/www.eldigitaldeasturias.com\/noticias\/las-visitas-turisticas-a-las-ventas-crecieron-un-123-por-ciento-en-2013\/","article:tag":["turismo"],"article:published_time":"2014-01-24T09:47:09+00:00","article:modified_time":"2014-01-24T09:47:09+00:00","article:publisher":"https:\/\/facebook.com\/eldigitaldeasturias","twitter:card":"summary_large_image","twitter:title":"Las visitas tur\u00edsticas a Las Ventas crecieron un 12,3 por ciento en 2013 - El Digital de Asturias","twitter:description":"Madrid, 23 ene (EFE).- La plaza de toros de Las Ventas (Madrid) recibi\u00f3 en 2013 un total de 74.244 visitas tur\u00edsticas, un 12,3 por ciento m\u00e1s que el a\u00f1o anterior, que fueron realizadas principalmente por italianos, franceses y brasile\u00f1os. La empresa que gestiona Las Ventas Tour, Toroshopping.com, ha presentado hoy estos datos en Fitur, donde","twitter:label1":"Escrito por","twitter:data1":"El Digital de Asturias","twitter:label2":"Tiempo de lectura estimado","twitter:data2":"2 minutos"},"aioseo_meta_data":{"post_id":"478058","title":null,"description":null,"keywords":null,"keyphrases":null,"primary_term":null,"canonical_url":null,"og_title":null,"og_description":null,"og_object_type":"default","og_image_type":"default","og_image_url":null,"og_image_width":null,"og_image_height":null,"og_image_custom_url":null,"og_image_custom_fields":null,"og_video":null,"og_custom_url":null,"og_article_section":null,"og_article_tags":null,"twitter_use_og":true,"twitter_card":"default","twitter_image_type":"default","twitter_image_url":null,"twitter_image_custom_url":null,"twitter_image_custom_fields":null,"twitter_title":null,"twitter_description":null,"schema":{"blockGraphs":[],"customGraphs":[],"default":{"data":{"Article":[],"Course":[],"Dataset":[],"FAQPage":[],"Movie":[],"Person":[],"Product":[],"ProductReview":[],"Car":[],"Recipe":[],"Service":[],"SoftwareApplication":[],"WebPage":[]},"graphName":"","isEnabled":true},"graphs":[],"defaultGraph":"","defaultPostTypeGraph":""},"schema_type":null,"schema_type_options":null,"pillar_content":false,"robots_default":true,"robots_noindex":false,"robots_noarchive":false,"robots_nosnippet":false,"robots_nofollow":false,"robots_noimageindex":false,"robots_noodp":false,"robots_notranslate":false,"robots_max_snippet":null,"robots_max_videopreview":null,"robots_max_imagepreview":"none","priority":null,"frequency":null,"local_seo":null,"seo_analyzer_scan_date":"2025-08-26 02:57:53","breadcrumb_settings":null,"limit_modified_date":false,"open_ai":null,"ai":null,"created":"2020-11-14 22:53:48","updated":"2025-08-26 02:57:53"},"aioseo_breadcrumb":"<div class=\"aioseo-breadcrumbs\"><span class=\"aioseo-breadcrumb\">\n\t<a href=\"https:\/\/www.eldigitaldeasturias.com\/noticias\" title=\"Home\">Home<\/a>\n<\/span><span class=\"aioseo-breadcrumb-separator\">\u2013<\/span><span class=\"aioseo-breadcrumb\">\n\t<a href=\"https:\/\/www.eldigitaldeasturias.com\/noticias\/category\/turismo\/\" title=\"Turismo\">Turismo<\/a>\n<\/span><span class=\"aioseo-breadcrumb-separator\">\u2013<\/span><span class=\"aioseo-breadcrumb\">\n\t<a href=\"https:\/\/www.eldigitaldeasturias.com\/noticias\/las-visitas-turisticas-a-las-ventas-crecieron-un-123-por-ciento-en-2013\/\" title=\"Las visitas tur\u00edsticas a Las Ventas crecieron un 12,3 por ciento en 2013\">Las visitas tur\u00edsticas a Las Ventas crecieron un 12,3 por ciento en 2013<\/a>\n<\/span><\/div>","aioseo_breadcrumb_json":[{"label":"Home","link":"https:\/\/www.eldigitaldeasturias.com\/noticias"},{"label":"Turismo","link":"https:\/\/www.eldigitaldeasturias.com\/noticias\/category\/turismo\/"},{"label":"Las visitas tur\u00edsticas a Las Ventas crecieron un 12,3 por ciento en 2013","link":"https:\/\/www.eldigitaldeasturias.com\/noticias\/las-visitas-turisticas-a-las-ventas-crecieron-un-123-por-ciento-en-2013\/"}],"_links":{"self":[{"href":"https:\/\/www.eldigitaldeasturias.com\/noticias\/wp-json\/wp\/v2\/posts\/478058","targetHints":{"allow":["GET"]}}],"collection":[{"href":"https:\/\/www.eldigitaldeasturias.com\/noticias\/wp-json\/wp\/v2\/posts"}],"about":[{"href":"https:\/\/www.eldigitaldeasturias.com\/noticias\/wp-json\/wp\/v2\/types\/post"}],"author":[{"embeddable":true,"href":"https:\/\/www.eldigitaldeasturias.com\/noticias\/wp-json\/wp\/v2\/users\/1"}],"replies":[{"embeddable":true,"href":"https:\/\/www.eldigitaldeasturias.com\/noticias\/wp-json\/wp\/v2\/comments?post=478058"}],"version-history":[{"count":0,"href":"https:\/\/www.eldigitaldeasturias.com\/noticias\/wp-json\/wp\/v2\/posts\/478058\/revisions"}],"wp:attachment":[{"href":"https:\/\/www.eldigitaldeasturias.com\/noticias\/wp-json\/wp\/v2\/media?parent=478058"}],"wp:term":[{"taxonomy":"category","embeddable":true,"href":"https:\/\/www.eldigitaldeasturias.com\/noticias\/wp-json\/wp\/v2\/categories?post=478058"},{"taxonomy":"post_tag","embeddable":true,"href":"https:\/\/www.eldigitaldeasturias.com\/noticias\/wp-json\/wp\/v2\/tags?post=478058"}],"curies":[{"name":"wp","href":"https:\/\/api.w.org\/{rel}","templated":true}]}}