{"id":478055,"date":"2014-01-24T08:45:50","date_gmt":"2014-01-24T09:45:50","guid":{"rendered":"http:\/\/www.eldigitaldeasturias.com\/noticias\/?p=478055"},"modified":"2014-01-24T08:45:50","modified_gmt":"2014-01-24T09:45:50","slug":"empresarios-venezolanos-piden-al-gobierno-claridad-sobre-medidas-cambiarias","status":"publish","type":"post","link":"https:\/\/www.eldigitaldeasturias.com\/noticias\/empresarios-venezolanos-piden-al-gobierno-claridad-sobre-medidas-cambiarias\/","title":{"rendered":"Empresarios venezolanos piden al Gobierno claridad sobre medidas cambiarias"},"content":{"rendered":"<p><img loading=\"lazy\" decoding=\"async\" class=\"alignleft size-medium wp-image-478056\" alt=\"5871713w\" src=\"https:\/\/www.eldigitaldeasturias.com\/noticias\/wp-content\/uploads\/2014\/01\/5871713w-360x239.jpg\" width=\"360\" height=\"239\" \/>Caracas, 23 ene (EFE).- Los principales gremios empresariales de Venezuela reclamaron hoy al Gobierno mayor claridad en torno a las medidas cambiarias anunciadas este mi\u00e9rcoles para despejar la incertidumbre y dudas sobre su implementaci\u00f3n e impacto en los precios de los distintos sectores productivos.<\/p>\n<p>\u00abLos anuncios hechos ayer dejan mucha sombra de dudas de c\u00f3mo se va a implementar este sistema\u00bb, afirm\u00f3 el presidente de Fedec\u00e1maras, Jorge Roig, en rueda de prensa.<\/p>\n<p>El ejecutivo sostuvo que uno de los grandes interrogantes es si las medidas representan una devaluaci\u00f3n al sacar del r\u00e9gimen de d\u00f3lar preferencial a sectores no prioritarios y enviarlos a un mecanismo que entrega divisas a una tasa que duplica a la oficial.<\/p>\n<p>En Venezuela, el Estado regula la compra y venta de divisas y monopoliza su distribuci\u00f3n, en el marco de un sistema control de cambios vigente desde hace m\u00e1s de una d\u00e9cada.<\/p>\n<p>El Gobierno anunci\u00f3 el mi\u00e9rcoles una modificaci\u00f3n de ese sistema cambiario que prev\u00e9 que, para conseguir d\u00f3lares, los sectores no prioritarios (alrededor de un 20 % del total) deber\u00e1n comenzar a regirse por la tasa del Sistema Complementario de Administraci\u00f3n de Divisas (Sicad) y no por la oficial de 6,3 bol\u00edvares por d\u00f3lar como hasta ahora.<\/p>\n<p>El tipo de cambio del Sicad, que var\u00eda con base en un sistema de subastas, ronda actualmente los 11,3 bol\u00edvares por d\u00f3lar.<\/p>\n<p>Roig sostuvo que es \u00abevidente\u00bb que para las empresas que a partir de ahora deban regirse por el tipo de cambio del Sicad los anuncios suponen una devaluaci\u00f3n.<\/p>\n<p>El responsable de Fedec\u00e1maras, se\u00f1alado reiteradamente por el Gobierno como uno de los cerebros de una supuesta \u00abguerra econ\u00f3mica\u00bb en su contra, calific\u00f3 las medidas como una \u00abnovela por cap\u00edtulos\u00bb que no resuelve los problemas de fondo, como el exceso de liquidez que presiona la inflaci\u00f3n, ni alientan el crecimiento.<\/p>\n<p>Con las medidas \u00abse est\u00e1n reduciendo las importaciones con respecto a 2013, lo cual pone en riesgo los indicadores econ\u00f3micos que el Gobierno est\u00e1 persiguiendo, que es un crecimiento de 4 % anual\u00bb, afirm\u00f3.<\/p>\n<p>Tambi\u00e9n se mostr\u00f3 preocupado por las declaraciones del Gobierno en torno al reconocimiento de la deuda con las empresas en concepto de liquidaci\u00f3n de divisas bajo el control de cambios vigente en el pa\u00eds.<\/p>\n<p>Para Roig, el Gobierno ha hecho un \u00abdesconocimiento impl\u00edcito\u00bb de la deuda, que en sectores como las aerol\u00edneas ronda los 3.000 millones de d\u00f3lares, y pidi\u00f3 no meter a todas las empresas \u00aben el mismo paquete\u00bb a la hora de honrar los compromisos.<\/p>\n<p>El vicepresidente econ\u00f3mico, Rafael Ram\u00edrez, indic\u00f3 ayer que se va a \u00abdiscutir\u00bb la deuda que el Gobierno arrastra con el sector privado en concepto de entrega de divisas para ver el \u00absustento\u00bb de los pagos pendientes, alegando irregularidades por parte de algunas empresas.<\/p>\n<p>Por el lado positivo, Roig salud\u00f3 que el Gobierno haya reconocido que \u00abexisten desequilibrios econ\u00f3micos\u00bb y que haya duplicado de 100 millones a 220 millones de d\u00f3lares el monto semanal a ofrecerse en las subastas del Sicad.<\/p>\n<p>Igualmente, el presidente del Consejo Nacional del Comercio y los Servicios (Consecomercio), Mauricio Tancredi, pidi\u00f3 \u00abreglas claras\u00bb para su sector, donde seg\u00fan dijo hay muchas tiendas cerradas porque no tienen productos o porque \u00abno saben a qu\u00e9 precio vender\u00bb.<\/p>\n<p>\u00abAqu\u00ed lo que necesitamos nosotros son reglas claras, transparencia, claridad y eso estamos esperando que se cristalice con la publicaci\u00f3n de la ley porque el d\u00eda de ayer quedaron muchas dudas\u00bb, dijo Tancredi al canal privado Telev\u00e9n.<\/p>\n<p>Si bien consider\u00f3 positivo que se duplique el monto ofertado en Sicad, alert\u00f3 que los 220 millones de d\u00f3lares semanales podr\u00edan ser insuficientes para atender a todos los sectores que tras los cambios deber\u00e1n acudir a este mecanismo para hacerse de divisas.<\/p>\n<p>El Gobierno ha dicho que el r\u00e9gimen de d\u00f3lar preferencial de 6,30 bol\u00edvares por d\u00f3lar se mantendr\u00e1 para m\u00e1s del 80 % de los productos y servicios esenciales, al tiempo que neg\u00f3 que el sistema de subastas signifique una devaluaci\u00f3n.<\/p>\n","protected":false},"excerpt":{"rendered":"<p>Caracas, 23 ene (EFE).- Los principales gremios empresariales de Venezuela reclamaron hoy al Gobierno mayor claridad en torno a las medidas cambiarias anunciadas este mi\u00e9rcoles para despejar la incertidumbre y dudas sobre su implementaci\u00f3n e impacto en los precios de los distintos sectores productivos. \u00abLos anuncios hechos ayer dejan mucha sombra de dudas de c\u00f3mo [&hellip;]<\/p>\n","protected":false},"author":1,"featured_media":1132184,"comment_status":"closed","ping_status":"open","sticky":false,"template":"","format":"standard","meta":{"footnotes":""},"categories":[1],"tags":[],"class_list":["post-478055","post","type-post","status-publish","format-standard","has-post-thumbnail","hentry","category-actualidad"],"aioseo_notices":[],"aioseo_head":"\n\t\t<!-- All in One SEO Pro 5.0.1 - aioseo.com -->\n\t<meta name=\"description\" content=\"Caracas, 23 ene (EFE).- Los principales gremios empresariales de Venezuela reclamaron hoy al Gobierno mayor claridad en torno a las medidas cambiarias anunciadas este mi\u00e9rcoles para despejar la incertidumbre y dudas sobre su implementaci\u00f3n e impacto en los precios de los distintos sectores productivos. &quot;Los anuncios hechos ayer dejan mucha sombra de dudas de c\u00f3mo\" \/>\n\t<meta name=\"robots\" content=\"max-image-preview:large\" \/>\n\t<meta name=\"author\" content=\"El Digital de Asturias\"\/>\n\t<meta name=\"google-site-verification\" content=\"UA-38556648-1\" \/>\n\t<meta name=\"msvalidate.01\" content=\"7dfe9f3f1b24437ab69f4f2559babe99\" \/>\n\t<meta name=\"keywords\" content=\"actualidad\" \/>\n\t<link rel=\"canonical\" href=\"https:\/\/www.eldigitaldeasturias.com\/noticias\/empresarios-venezolanos-piden-al-gobierno-claridad-sobre-medidas-cambiarias\/\" \/>\n\t<meta name=\"generator\" content=\"All in One SEO Pro (AIOSEO) 5.0.1\" \/>\n\t\t<meta property=\"og:locale\" content=\"es_ES\" \/>\n\t\t<meta property=\"og:site_name\" content=\"El Digital de Asturias\" \/>\n\t\t<meta property=\"og:type\" content=\"article\" \/>\n\t\t<meta property=\"og:title\" content=\"Empresarios venezolanos piden al Gobierno claridad sobre medidas cambiarias - El Digital de Asturias\" \/>\n\t\t<meta property=\"og:description\" content=\"Caracas, 23 ene (EFE).- Los principales gremios empresariales de Venezuela reclamaron hoy al Gobierno mayor claridad en torno a las medidas cambiarias anunciadas este mi\u00e9rcoles para despejar la incertidumbre y dudas sobre su implementaci\u00f3n e impacto en los precios de los distintos sectores productivos. &quot;Los anuncios hechos ayer dejan mucha sombra de dudas de c\u00f3mo\" \/>\n\t\t<meta property=\"og:url\" content=\"https:\/\/www.eldigitaldeasturias.com\/noticias\/empresarios-venezolanos-piden-al-gobierno-claridad-sobre-medidas-cambiarias\/\" \/>\n\t\t<meta property=\"og:image\" content=\"https:\/\/www.eldigitaldeasturias.com\/noticias\/wp-content\/uploads\/2026\/06\/Contenidos.jpg\" \/>\n\t\t<meta property=\"og:image:secure_url\" content=\"https:\/\/www.eldigitaldeasturias.com\/noticias\/wp-content\/uploads\/2026\/06\/Contenidos.jpg\" \/>\n\t\t<meta property=\"og:image:width\" content=\"1265\" \/>\n\t\t<meta property=\"og:image:height\" content=\"697\" \/>\n\t\t<meta property=\"article:tag\" content=\"actualidad\" \/>\n\t\t<meta property=\"article:published_time\" content=\"2014-01-24T09:45:50+00:00\" \/>\n\t\t<meta property=\"article:modified_time\" content=\"2014-01-24T09:45:50+00:00\" \/>\n\t\t<meta property=\"article:publisher\" content=\"https:\/\/facebook.com\/eldigitaldeasturias\" \/>\n\t\t<meta name=\"twitter:card\" content=\"summary_large_image\" \/>\n\t\t<meta name=\"twitter:title\" content=\"Empresarios venezolanos piden al Gobierno claridad sobre medidas cambiarias - El Digital de Asturias\" \/>\n\t\t<meta name=\"twitter:description\" content=\"Caracas, 23 ene (EFE).- Los principales gremios empresariales de Venezuela reclamaron hoy al Gobierno mayor claridad en torno a las medidas cambiarias anunciadas este mi\u00e9rcoles para despejar la incertidumbre y dudas sobre su implementaci\u00f3n e impacto en los precios de los distintos sectores productivos. &quot;Los anuncios hechos ayer dejan mucha sombra de dudas de c\u00f3mo\" \/>\n\t\t<meta name=\"twitter:image\" content=\"https:\/\/www.eldigitaldeasturias.com\/noticias\/wp-content\/uploads\/2026\/06\/Contenidos.jpg\" \/>\n\t\t<meta name=\"twitter:label1\" content=\"Escrito por\" \/>\n\t\t<meta name=\"twitter:data1\" content=\"El Digital de Asturias\" \/>\n\t\t<meta name=\"twitter:label2\" content=\"Tiempo de lectura estimado\" \/>\n\t\t<meta name=\"twitter:data2\" content=\"3 minutos\" \/>\n\t\t<script type=\"application\/ld+json\" class=\"aioseo-schema\">\n\t\t\t{\"@context\":\"https:\\\/\\\/schema.org\",\"@graph\":[{\"@type\":\"BlogPosting\",\"@id\":\"https:\\\/\\\/www.eldigitaldeasturias.com\\\/noticias\\\/empresarios-venezolanos-piden-al-gobierno-claridad-sobre-medidas-cambiarias\\\/#blogposting\",\"name\":\"Empresarios venezolanos piden al Gobierno claridad sobre medidas cambiarias - El Digital de Asturias\",\"headline\":\"Empresarios venezolanos piden al Gobierno claridad sobre medidas cambiarias\",\"author\":{\"@id\":\"https:\\\/\\\/www.eldigitaldeasturias.com\\\/noticias\\\/author\\\/admin\\\/#author\"},\"publisher\":{\"@id\":\"https:\\\/\\\/www.eldigitaldeasturias.com\\\/noticias\\\/#organization\"},\"image\":{\"@type\":\"ImageObject\",\"url\":\"https:\\\/\\\/www.eldigitaldeasturias.com\\\/noticias\\\/wp-content\\\/uploads\\\/2026\\\/06\\\/Contenidos.jpg\",\"width\":1265,\"height\":697,\"caption\":\"Contenidos\"},\"datePublished\":\"2014-01-24T08:45:50+01:00\",\"dateModified\":\"2014-01-24T08:45:50+01:00\",\"inLanguage\":\"es-ES\",\"mainEntityOfPage\":{\"@id\":\"https:\\\/\\\/www.eldigitaldeasturias.com\\\/noticias\\\/empresarios-venezolanos-piden-al-gobierno-claridad-sobre-medidas-cambiarias\\\/#webpage\"},\"isPartOf\":{\"@id\":\"https:\\\/\\\/www.eldigitaldeasturias.com\\\/noticias\\\/empresarios-venezolanos-piden-al-gobierno-claridad-sobre-medidas-cambiarias\\\/#webpage\"},\"articleSection\":\"Actualidad\"},{\"@type\":\"BreadcrumbList\",\"@id\":\"https:\\\/\\\/www.eldigitaldeasturias.com\\\/noticias\\\/empresarios-venezolanos-piden-al-gobierno-claridad-sobre-medidas-cambiarias\\\/#breadcrumblist\",\"itemListElement\":[{\"@type\":\"ListItem\",\"@id\":\"https:\\\/\\\/www.eldigitaldeasturias.com\\\/noticias#listItem\",\"position\":1,\"name\":\"Home\",\"item\":\"https:\\\/\\\/www.eldigitaldeasturias.com\\\/noticias\",\"nextItem\":{\"@type\":\"ListItem\",\"@id\":\"https:\\\/\\\/www.eldigitaldeasturias.com\\\/noticias\\\/category\\\/actualidad\\\/#listItem\",\"name\":\"Actualidad\"}},{\"@type\":\"ListItem\",\"@id\":\"https:\\\/\\\/www.eldigitaldeasturias.com\\\/noticias\\\/category\\\/actualidad\\\/#listItem\",\"position\":2,\"name\":\"Actualidad\",\"item\":\"https:\\\/\\\/www.eldigitaldeasturias.com\\\/noticias\\\/category\\\/actualidad\\\/\",\"nextItem\":{\"@type\":\"ListItem\",\"@id\":\"https:\\\/\\\/www.eldigitaldeasturias.com\\\/noticias\\\/empresarios-venezolanos-piden-al-gobierno-claridad-sobre-medidas-cambiarias\\\/#listItem\",\"name\":\"Empresarios venezolanos piden al Gobierno claridad sobre medidas cambiarias\"},\"previousItem\":{\"@type\":\"ListItem\",\"@id\":\"https:\\\/\\\/www.eldigitaldeasturias.com\\\/noticias#listItem\",\"name\":\"Home\"}},{\"@type\":\"ListItem\",\"@id\":\"https:\\\/\\\/www.eldigitaldeasturias.com\\\/noticias\\\/empresarios-venezolanos-piden-al-gobierno-claridad-sobre-medidas-cambiarias\\\/#listItem\",\"position\":3,\"name\":\"Empresarios venezolanos piden al Gobierno claridad sobre medidas cambiarias\",\"previousItem\":{\"@type\":\"ListItem\",\"@id\":\"https:\\\/\\\/www.eldigitaldeasturias.com\\\/noticias\\\/category\\\/actualidad\\\/#listItem\",\"name\":\"Actualidad\"}}]},{\"@type\":\"Organization\",\"@id\":\"https:\\\/\\\/www.eldigitaldeasturias.com\\\/noticias\\\/#organization\",\"name\":\"El Digital de Asturias\",\"description\":\"Hemeroteca\",\"url\":\"https:\\\/\\\/www.eldigitaldeasturias.com\\\/noticias\\\/\",\"email\":\"info@eldigitaldeasturias.com\",\"telephone\":\"+34652131393\",\"logo\":{\"@type\":\"ImageObject\",\"url\":\"https:\\\/\\\/www.eldigitaldeasturias.com\\\/noticias\\\/wp-content\\\/uploads\\\/2020\\\/12\\\/EDA.jpg\",\"@id\":\"https:\\\/\\\/www.eldigitaldeasturias.com\\\/noticias\\\/empresarios-venezolanos-piden-al-gobierno-claridad-sobre-medidas-cambiarias\\\/#organizationLogo\"},\"image\":{\"@id\":\"https:\\\/\\\/www.eldigitaldeasturias.com\\\/noticias\\\/empresarios-venezolanos-piden-al-gobierno-claridad-sobre-medidas-cambiarias\\\/#organizationLogo\"},\"sameAs\":[\"https:\\\/\\\/facebook.com\\\/eldigitaldeasturias\",\"https:\\\/\\\/www.youtube.com\\\/channel\\\/UCZP-2wLEB9Rv6erhFmqVnvg\"],\"address\":{\"@id\":\"https:\\\/\\\/www.eldigitaldeasturias.com\\\/noticias\\\/#postaladdress\",\"@type\":\"PostalAddress\",\"streetAddress\":\"san antonio 4\",\"postalCode\":\"33430\",\"addressLocality\":\"Cand\\u00e1s\",\"addressRegion\":\"Asturias\",\"addressCountry\":\"ES\"}},{\"@type\":\"Person\",\"@id\":\"https:\\\/\\\/www.eldigitaldeasturias.com\\\/noticias\\\/author\\\/admin\\\/#author\",\"url\":\"https:\\\/\\\/www.eldigitaldeasturias.com\\\/noticias\\\/author\\\/admin\\\/\",\"name\":\"El Digital de Asturias\",\"image\":{\"@type\":\"ImageObject\",\"@id\":\"https:\\\/\\\/www.eldigitaldeasturias.com\\\/noticias\\\/empresarios-venezolanos-piden-al-gobierno-claridad-sobre-medidas-cambiarias\\\/#authorImage\",\"url\":\"https:\\\/\\\/secure.gravatar.com\\\/avatar\\\/df2aeffc32bcd13f8d26072ef8a91b623d677766deac7f97ca815868cd41bf5e?s=96&d=mm&r=g\",\"width\":96,\"height\":96,\"caption\":\"El Digital de Asturias\"}},{\"@type\":\"WebPage\",\"@id\":\"https:\\\/\\\/www.eldigitaldeasturias.com\\\/noticias\\\/empresarios-venezolanos-piden-al-gobierno-claridad-sobre-medidas-cambiarias\\\/#webpage\",\"url\":\"https:\\\/\\\/www.eldigitaldeasturias.com\\\/noticias\\\/empresarios-venezolanos-piden-al-gobierno-claridad-sobre-medidas-cambiarias\\\/\",\"name\":\"Empresarios venezolanos piden al Gobierno claridad sobre medidas cambiarias - El Digital de Asturias\",\"description\":\"Caracas, 23 ene (EFE).- Los principales gremios empresariales de Venezuela reclamaron hoy al Gobierno mayor claridad en torno a las medidas cambiarias anunciadas este mi\\u00e9rcoles para despejar la incertidumbre y dudas sobre su implementaci\\u00f3n e impacto en los precios de los distintos sectores productivos. \\\"Los anuncios hechos ayer dejan mucha sombra de dudas de c\\u00f3mo\",\"inLanguage\":\"es-ES\",\"isPartOf\":{\"@id\":\"https:\\\/\\\/www.eldigitaldeasturias.com\\\/noticias\\\/#website\"},\"breadcrumb\":{\"@id\":\"https:\\\/\\\/www.eldigitaldeasturias.com\\\/noticias\\\/empresarios-venezolanos-piden-al-gobierno-claridad-sobre-medidas-cambiarias\\\/#breadcrumblist\"},\"author\":{\"@id\":\"https:\\\/\\\/www.eldigitaldeasturias.com\\\/noticias\\\/author\\\/admin\\\/#author\"},\"creator\":{\"@id\":\"https:\\\/\\\/www.eldigitaldeasturias.com\\\/noticias\\\/author\\\/admin\\\/#author\"},\"image\":{\"@type\":\"ImageObject\",\"url\":\"https:\\\/\\\/www.eldigitaldeasturias.com\\\/noticias\\\/wp-content\\\/uploads\\\/2026\\\/06\\\/Contenidos.jpg\",\"@id\":\"https:\\\/\\\/www.eldigitaldeasturias.com\\\/noticias\\\/empresarios-venezolanos-piden-al-gobierno-claridad-sobre-medidas-cambiarias\\\/#mainImage\",\"width\":1265,\"height\":697,\"caption\":\"Contenidos\"},\"primaryImageOfPage\":{\"@id\":\"https:\\\/\\\/www.eldigitaldeasturias.com\\\/noticias\\\/empresarios-venezolanos-piden-al-gobierno-claridad-sobre-medidas-cambiarias\\\/#mainImage\"},\"datePublished\":\"2014-01-24T08:45:50+01:00\",\"dateModified\":\"2014-01-24T08:45:50+01:00\"},{\"@type\":\"WebSite\",\"@id\":\"https:\\\/\\\/www.eldigitaldeasturias.com\\\/noticias\\\/#website\",\"url\":\"https:\\\/\\\/www.eldigitaldeasturias.com\\\/noticias\\\/\",\"name\":\"El Digital de Asturias - Diario de actualidad y noticias\",\"alternateName\":\"El Digital de Asturias - Diario de actualidad y noticias\",\"description\":\"Hemeroteca\",\"inLanguage\":\"es-ES\",\"publisher\":{\"@id\":\"https:\\\/\\\/www.eldigitaldeasturias.com\\\/noticias\\\/#organization\"}}]}\n\t\t<\/script>\n\t\t<!-- All in One SEO Pro -->\r\n\t\t<title>Empresarios venezolanos piden al Gobierno claridad sobre medidas cambiarias - El Digital de Asturias<\/title>\n\n","aioseo_head_json":{"title":"Empresarios venezolanos piden al Gobierno claridad sobre medidas cambiarias - El Digital de Asturias","description":"Caracas, 23 ene (EFE).- Los principales gremios empresariales de Venezuela reclamaron hoy al Gobierno mayor claridad en torno a las medidas cambiarias anunciadas este mi\u00e9rcoles para despejar la incertidumbre y dudas sobre su implementaci\u00f3n e impacto en los precios de los distintos sectores productivos. \"Los anuncios hechos ayer dejan mucha sombra de dudas de c\u00f3mo","canonical_url":"https:\/\/www.eldigitaldeasturias.com\/noticias\/empresarios-venezolanos-piden-al-gobierno-claridad-sobre-medidas-cambiarias\/","robots":"max-image-preview:large","keywords":"actualidad","webmasterTools":{"google-site-verification":"UA-38556648-1","msvalidate.01":"7dfe9f3f1b24437ab69f4f2559babe99","miscellaneous":""},"schema":{"@context":"https:\/\/schema.org","@graph":[{"@type":"BlogPosting","@id":"https:\/\/www.eldigitaldeasturias.com\/noticias\/empresarios-venezolanos-piden-al-gobierno-claridad-sobre-medidas-cambiarias\/#blogposting","name":"Empresarios venezolanos piden al Gobierno claridad sobre medidas cambiarias - El Digital de Asturias","headline":"Empresarios venezolanos piden al Gobierno claridad sobre medidas cambiarias","author":{"@id":"https:\/\/www.eldigitaldeasturias.com\/noticias\/author\/admin\/#author"},"publisher":{"@id":"https:\/\/www.eldigitaldeasturias.com\/noticias\/#organization"},"image":{"@type":"ImageObject","url":"https:\/\/www.eldigitaldeasturias.com\/noticias\/wp-content\/uploads\/2026\/06\/Contenidos.jpg","width":1265,"height":697,"caption":"Contenidos"},"datePublished":"2014-01-24T08:45:50+01:00","dateModified":"2014-01-24T08:45:50+01:00","inLanguage":"es-ES","mainEntityOfPage":{"@id":"https:\/\/www.eldigitaldeasturias.com\/noticias\/empresarios-venezolanos-piden-al-gobierno-claridad-sobre-medidas-cambiarias\/#webpage"},"isPartOf":{"@id":"https:\/\/www.eldigitaldeasturias.com\/noticias\/empresarios-venezolanos-piden-al-gobierno-claridad-sobre-medidas-cambiarias\/#webpage"},"articleSection":"Actualidad"},{"@type":"BreadcrumbList","@id":"https:\/\/www.eldigitaldeasturias.com\/noticias\/empresarios-venezolanos-piden-al-gobierno-claridad-sobre-medidas-cambiarias\/#breadcrumblist","itemListElement":[{"@type":"ListItem","@id":"https:\/\/www.eldigitaldeasturias.com\/noticias#listItem","position":1,"name":"Home","item":"https:\/\/www.eldigitaldeasturias.com\/noticias","nextItem":{"@type":"ListItem","@id":"https:\/\/www.eldigitaldeasturias.com\/noticias\/category\/actualidad\/#listItem","name":"Actualidad"}},{"@type":"ListItem","@id":"https:\/\/www.eldigitaldeasturias.com\/noticias\/category\/actualidad\/#listItem","position":2,"name":"Actualidad","item":"https:\/\/www.eldigitaldeasturias.com\/noticias\/category\/actualidad\/","nextItem":{"@type":"ListItem","@id":"https:\/\/www.eldigitaldeasturias.com\/noticias\/empresarios-venezolanos-piden-al-gobierno-claridad-sobre-medidas-cambiarias\/#listItem","name":"Empresarios venezolanos piden al Gobierno claridad sobre medidas cambiarias"},"previousItem":{"@type":"ListItem","@id":"https:\/\/www.eldigitaldeasturias.com\/noticias#listItem","name":"Home"}},{"@type":"ListItem","@id":"https:\/\/www.eldigitaldeasturias.com\/noticias\/empresarios-venezolanos-piden-al-gobierno-claridad-sobre-medidas-cambiarias\/#listItem","position":3,"name":"Empresarios venezolanos piden al Gobierno claridad sobre medidas cambiarias","previousItem":{"@type":"ListItem","@id":"https:\/\/www.eldigitaldeasturias.com\/noticias\/category\/actualidad\/#listItem","name":"Actualidad"}}]},{"@type":"Organization","@id":"https:\/\/www.eldigitaldeasturias.com\/noticias\/#organization","name":"El Digital de Asturias","description":"Hemeroteca","url":"https:\/\/www.eldigitaldeasturias.com\/noticias\/","email":"info@eldigitaldeasturias.com","telephone":"+34652131393","logo":{"@type":"ImageObject","url":"https:\/\/www.eldigitaldeasturias.com\/noticias\/wp-content\/uploads\/2020\/12\/EDA.jpg","@id":"https:\/\/www.eldigitaldeasturias.com\/noticias\/empresarios-venezolanos-piden-al-gobierno-claridad-sobre-medidas-cambiarias\/#organizationLogo"},"image":{"@id":"https:\/\/www.eldigitaldeasturias.com\/noticias\/empresarios-venezolanos-piden-al-gobierno-claridad-sobre-medidas-cambiarias\/#organizationLogo"},"sameAs":["https:\/\/facebook.com\/eldigitaldeasturias","https:\/\/www.youtube.com\/channel\/UCZP-2wLEB9Rv6erhFmqVnvg"],"address":{"@id":"https:\/\/www.eldigitaldeasturias.com\/noticias\/#postaladdress","@type":"PostalAddress","streetAddress":"san antonio 4","postalCode":"33430","addressLocality":"Cand\u00e1s","addressRegion":"Asturias","addressCountry":"ES"}},{"@type":"Person","@id":"https:\/\/www.eldigitaldeasturias.com\/noticias\/author\/admin\/#author","url":"https:\/\/www.eldigitaldeasturias.com\/noticias\/author\/admin\/","name":"El Digital de Asturias","image":{"@type":"ImageObject","@id":"https:\/\/www.eldigitaldeasturias.com\/noticias\/empresarios-venezolanos-piden-al-gobierno-claridad-sobre-medidas-cambiarias\/#authorImage","url":"https:\/\/secure.gravatar.com\/avatar\/df2aeffc32bcd13f8d26072ef8a91b623d677766deac7f97ca815868cd41bf5e?s=96&d=mm&r=g","width":96,"height":96,"caption":"El Digital de Asturias"}},{"@type":"WebPage","@id":"https:\/\/www.eldigitaldeasturias.com\/noticias\/empresarios-venezolanos-piden-al-gobierno-claridad-sobre-medidas-cambiarias\/#webpage","url":"https:\/\/www.eldigitaldeasturias.com\/noticias\/empresarios-venezolanos-piden-al-gobierno-claridad-sobre-medidas-cambiarias\/","name":"Empresarios venezolanos piden al Gobierno claridad sobre medidas cambiarias - El Digital de Asturias","description":"Caracas, 23 ene (EFE).- Los principales gremios empresariales de Venezuela reclamaron hoy al Gobierno mayor claridad en torno a las medidas cambiarias anunciadas este mi\u00e9rcoles para despejar la incertidumbre y dudas sobre su implementaci\u00f3n e impacto en los precios de los distintos sectores productivos. \"Los anuncios hechos ayer dejan mucha sombra de dudas de c\u00f3mo","inLanguage":"es-ES","isPartOf":{"@id":"https:\/\/www.eldigitaldeasturias.com\/noticias\/#website"},"breadcrumb":{"@id":"https:\/\/www.eldigitaldeasturias.com\/noticias\/empresarios-venezolanos-piden-al-gobierno-claridad-sobre-medidas-cambiarias\/#breadcrumblist"},"author":{"@id":"https:\/\/www.eldigitaldeasturias.com\/noticias\/author\/admin\/#author"},"creator":{"@id":"https:\/\/www.eldigitaldeasturias.com\/noticias\/author\/admin\/#author"},"image":{"@type":"ImageObject","url":"https:\/\/www.eldigitaldeasturias.com\/noticias\/wp-content\/uploads\/2026\/06\/Contenidos.jpg","@id":"https:\/\/www.eldigitaldeasturias.com\/noticias\/empresarios-venezolanos-piden-al-gobierno-claridad-sobre-medidas-cambiarias\/#mainImage","width":1265,"height":697,"caption":"Contenidos"},"primaryImageOfPage":{"@id":"https:\/\/www.eldigitaldeasturias.com\/noticias\/empresarios-venezolanos-piden-al-gobierno-claridad-sobre-medidas-cambiarias\/#mainImage"},"datePublished":"2014-01-24T08:45:50+01:00","dateModified":"2014-01-24T08:45:50+01:00"},{"@type":"WebSite","@id":"https:\/\/www.eldigitaldeasturias.com\/noticias\/#website","url":"https:\/\/www.eldigitaldeasturias.com\/noticias\/","name":"El Digital de Asturias - Diario de actualidad y noticias","alternateName":"El Digital de Asturias - Diario de actualidad y noticias","description":"Hemeroteca","inLanguage":"es-ES","publisher":{"@id":"https:\/\/www.eldigitaldeasturias.com\/noticias\/#organization"}}]},"og:locale":"es_ES","og:site_name":"El Digital de Asturias","og:type":"article","og:title":"Empresarios venezolanos piden al Gobierno claridad sobre medidas cambiarias - El Digital de Asturias","og:description":"Caracas, 23 ene (EFE).- Los principales gremios empresariales de Venezuela reclamaron hoy al Gobierno mayor claridad en torno a las medidas cambiarias anunciadas este mi\u00e9rcoles para despejar la incertidumbre y dudas sobre su implementaci\u00f3n e impacto en los precios de los distintos sectores productivos. &quot;Los anuncios hechos ayer dejan mucha sombra de dudas de c\u00f3mo","og:url":"https:\/\/www.eldigitaldeasturias.com\/noticias\/empresarios-venezolanos-piden-al-gobierno-claridad-sobre-medidas-cambiarias\/","og:image":"https:\/\/www.eldigitaldeasturias.com\/noticias\/wp-content\/uploads\/2026\/06\/Contenidos.jpg","og:image:secure_url":"https:\/\/www.eldigitaldeasturias.com\/noticias\/wp-content\/uploads\/2026\/06\/Contenidos.jpg","og:image:width":1265,"og:image:height":697,"article:tag":["actualidad"],"article:published_time":"2014-01-24T09:45:50+00:00","article:modified_time":"2014-01-24T09:45:50+00:00","article:publisher":"https:\/\/facebook.com\/eldigitaldeasturias","twitter:card":"summary_large_image","twitter:title":"Empresarios venezolanos piden al Gobierno claridad sobre medidas cambiarias - El Digital de Asturias","twitter:description":"Caracas, 23 ene (EFE).- Los principales gremios empresariales de Venezuela reclamaron hoy al Gobierno mayor claridad en torno a las medidas cambiarias anunciadas este mi\u00e9rcoles para despejar la incertidumbre y dudas sobre su implementaci\u00f3n e impacto en los precios de los distintos sectores productivos. &quot;Los anuncios hechos ayer dejan mucha sombra de dudas de c\u00f3mo","twitter:image":"https:\/\/www.eldigitaldeasturias.com\/noticias\/wp-content\/uploads\/2026\/06\/Contenidos.jpg","twitter:label1":"Escrito por","twitter:data1":"El Digital de Asturias","twitter:label2":"Tiempo de lectura estimado","twitter:data2":"3 minutos"},"aioseo_meta_data":{"post_id":"478055","title":null,"description":null,"keywords":null,"keyphrases":null,"primary_term":null,"canonical_url":null,"og_title":null,"og_description":null,"og_object_type":"default","og_image_type":"default","og_image_url":null,"og_image_width":null,"og_image_height":null,"og_image_custom_url":null,"og_image_custom_fields":null,"og_video":null,"og_custom_url":null,"og_article_section":null,"og_article_tags":null,"twitter_use_og":true,"twitter_card":"default","twitter_image_type":"default","twitter_image_url":null,"twitter_image_custom_url":null,"twitter_image_custom_fields":null,"twitter_title":null,"twitter_description":null,"schema":{"blockGraphs":[],"customGraphs":[],"default":{"data":{"Article":[],"Course":[],"Dataset":[],"FAQPage":[],"Movie":[],"Person":[],"Product":[],"ProductReview":[],"Car":[],"Recipe":[],"Service":[],"SoftwareApplication":[],"WebPage":[]},"graphName":"","isEnabled":true},"graphs":[],"defaultGraph":"","defaultPostTypeGraph":""},"schema_type":null,"schema_type_options":null,"pillar_content":false,"robots_default":true,"robots_noindex":false,"robots_noarchive":false,"robots_nosnippet":false,"robots_nofollow":false,"robots_noimageindex":false,"robots_noodp":false,"robots_notranslate":false,"robots_max_snippet":null,"robots_max_videopreview":null,"robots_max_imagepreview":"none","priority":null,"frequency":null,"local_seo":null,"seo_analyzer_scan_date":"2026-06-01 20:22:00","breadcrumb_settings":null,"limit_modified_date":false,"open_ai":null,"ai":null,"created":"2020-11-14 22:53:48","updated":"2026-06-01 20:22:00","focus_keyword":null,"additional_keywords":null,"truseo_locale":null},"aioseo_breadcrumb":"<div class=\"aioseo-breadcrumbs\"><span class=\"aioseo-breadcrumb\">\n\t<a href=\"https:\/\/www.eldigitaldeasturias.com\/noticias\" title=\"Home\">Home<\/a>\n<\/span><span class=\"aioseo-breadcrumb-separator\">\u2013<\/span><span class=\"aioseo-breadcrumb\">\n\t<a href=\"https:\/\/www.eldigitaldeasturias.com\/noticias\/category\/actualidad\/\" title=\"Actualidad\">Actualidad<\/a>\n<\/span><span class=\"aioseo-breadcrumb-separator\">\u2013<\/span><span class=\"aioseo-breadcrumb\">\n\t<a href=\"https:\/\/www.eldigitaldeasturias.com\/noticias\/empresarios-venezolanos-piden-al-gobierno-claridad-sobre-medidas-cambiarias\/\" title=\"Empresarios venezolanos piden al Gobierno claridad sobre medidas cambiarias\">Empresarios venezolanos piden al Gobierno claridad sobre medidas cambiarias<\/a>\n<\/span><\/div>","aioseo_breadcrumb_json":[{"label":"Home","link":"https:\/\/www.eldigitaldeasturias.com\/noticias"},{"label":"Actualidad","link":"https:\/\/www.eldigitaldeasturias.com\/noticias\/category\/actualidad\/"},{"label":"Empresarios venezolanos piden al Gobierno claridad sobre medidas cambiarias","link":"https:\/\/www.eldigitaldeasturias.com\/noticias\/empresarios-venezolanos-piden-al-gobierno-claridad-sobre-medidas-cambiarias\/"}],"_links":{"self":[{"href":"https:\/\/www.eldigitaldeasturias.com\/noticias\/wp-json\/wp\/v2\/posts\/478055","targetHints":{"allow":["GET"]}}],"collection":[{"href":"https:\/\/www.eldigitaldeasturias.com\/noticias\/wp-json\/wp\/v2\/posts"}],"about":[{"href":"https:\/\/www.eldigitaldeasturias.com\/noticias\/wp-json\/wp\/v2\/types\/post"}],"author":[{"embeddable":true,"href":"https:\/\/www.eldigitaldeasturias.com\/noticias\/wp-json\/wp\/v2\/users\/1"}],"replies":[{"embeddable":true,"href":"https:\/\/www.eldigitaldeasturias.com\/noticias\/wp-json\/wp\/v2\/comments?post=478055"}],"version-history":[{"count":0,"href":"https:\/\/www.eldigitaldeasturias.com\/noticias\/wp-json\/wp\/v2\/posts\/478055\/revisions"}],"wp:featuredmedia":[{"embeddable":true,"href":"https:\/\/www.eldigitaldeasturias.com\/noticias\/wp-json\/wp\/v2\/media\/1132184"}],"wp:attachment":[{"href":"https:\/\/www.eldigitaldeasturias.com\/noticias\/wp-json\/wp\/v2\/media?parent=478055"}],"wp:term":[{"taxonomy":"category","embeddable":true,"href":"https:\/\/www.eldigitaldeasturias.com\/noticias\/wp-json\/wp\/v2\/categories?post=478055"},{"taxonomy":"post_tag","embeddable":true,"href":"https:\/\/www.eldigitaldeasturias.com\/noticias\/wp-json\/wp\/v2\/tags?post=478055"}],"curies":[{"name":"wp","href":"https:\/\/api.w.org\/{rel}","templated":true}]}}