{"id":478052,"date":"2014-01-24T08:44:24","date_gmt":"2014-01-24T09:44:24","guid":{"rendered":"http:\/\/www.eldigitaldeasturias.com\/noticias\/?p=478052"},"modified":"2014-01-24T08:44:24","modified_gmt":"2014-01-24T09:44:24","slug":"botella-explica-en-davos-su-proyecto-de-ciudad-inteligente","status":"publish","type":"post","link":"https:\/\/www.eldigitaldeasturias.com\/noticias\/botella-explica-en-davos-su-proyecto-de-ciudad-inteligente\/","title":{"rendered":"Botella explica en Davos su proyecto de \u00abciudad inteligente\u00bb"},"content":{"rendered":"<p><img loading=\"lazy\" decoding=\"async\" class=\"alignleft size-medium wp-image-478053\" alt=\"5871596w\" src=\"https:\/\/www.eldigitaldeasturias.com\/noticias\/wp-content\/uploads\/2014\/01\/5871596w-360x239.jpg\" width=\"360\" height=\"239\" \/>Davos (Suiza), 23 ene (EFE).- La alcaldesa de Madrid, Ana Botella, ha presentado hoy en el Foro Econ\u00f3mico Mundial de Davos el modelo adoptado por la capital para afrontar el futuro de su desarrollo urbano y los pasos tomados para responder al reto de ser una \u00abciudad inteligente\u00bb.<\/p>\n<p>Botella ha participado en una sesi\u00f3n que ha reunido a regidores, l\u00edderes empresariales y expertos para analizar los distintos modelos planteados para afrontar los problemas urbanos, y se ha centrado en el nuevo sistema de contrataci\u00f3n, la apuesta por la movilidad inteligente y el uso eficiente de los recursos.<\/p>\n<p>Madrid, seg\u00fan ha informado su gabinete en un comunicado, ha sido \u00abpionera\u00bb en la implantaci\u00f3n de un sistema de transformaci\u00f3n de los residuos en electricidad y gas, que lleva aparejada la reducci\u00f3n de 300.000 toneladas al a\u00f1o de emisiones de di\u00f3xido de carbono (CO2).<\/p>\n<p>La estrategia madrile\u00f1a, seg\u00fan esa nota, radica en \u00abaunar los esfuerzos tanto p\u00fablicos como privados y sumarles el talento de los emprendedores\u00bb, con el objetivo de \u00abhacer m\u00e1s con menos\u00bb.<\/p>\n<p>A modo de ejemplo, se cit\u00f3 que el Ayuntamiento ha implantado un modelo de contrataci\u00f3n para servicios p\u00fablicos esenciales como limpieza, alumbrado y conservaci\u00f3n de calles y parques, en el que seis contratos integrales \u00abhan sustituido a m\u00e1s de un centenar vigentes hasta ese momento, con el consiguiente ahorro de 98 millones de euros anuales\u00bb.<\/p>\n<p>Ese modelo, seg\u00fan los datos ofrecidos, incluye un nuevo sistema de control de calidad, en el que los pagos est\u00e1n vinculados a la calidad en la prestaci\u00f3n.<\/p>\n<p>\u00abLas ciudades inteligentes son tambi\u00e9n las m\u00e1s ecol\u00f3gicas\u00bb, ha destacado la alcaldesa en la sesi\u00f3n \u00abEl futuro del desarrollo urbano\u00bb.<\/p>\n<p>Entre los pasos de los que se ha congratulado en Davos la capital figura el esfuerzo en pos de la calidad del aire, que se ha traducido, seg\u00fan sus cifras, en la reducci\u00f3n de las emisiones de gases con efecto invernadero en m\u00e1s de un 16% respecto a 2008.<\/p>\n<p>En esa puesta en com\u00fan de experiencias se ha incluido el plan para comenzar a regular a partir de mayo el estacionamiento viario con criterios basados en la emisi\u00f3n de contaminantes de los veh\u00edculos y los vol\u00famenes de tr\u00e1fico.<\/p>\n<p>Y tambi\u00e9n, en la l\u00ednea de la sostenibilidad, se ha hecho constar que Madrid cuenta con una red de agua reciclada \u00abcuyos ahorros anuales equivalen al consumo de agua de una ciudad de 80.000 habitantes\u00bb.<\/p>\n","protected":false},"excerpt":{"rendered":"<p>Davos (Suiza), 23 ene (EFE).- La alcaldesa de Madrid, Ana Botella, ha presentado hoy en el Foro Econ\u00f3mico Mundial de Davos el modelo adoptado por la capital para afrontar el futuro de su desarrollo urbano y los pasos tomados para responder al reto de ser una \u00abciudad inteligente\u00bb. Botella ha participado en una sesi\u00f3n que [&hellip;]<\/p>\n","protected":false},"author":1,"featured_media":1132184,"comment_status":"closed","ping_status":"open","sticky":false,"template":"","format":"standard","meta":{"footnotes":""},"categories":[1],"tags":[],"class_list":["post-478052","post","type-post","status-publish","format-standard","has-post-thumbnail","hentry","category-actualidad"],"aioseo_notices":[],"aioseo_head":"\n\t\t<!-- All in One SEO Pro 5.0.1 - aioseo.com -->\n\t<meta name=\"description\" content=\"Davos (Suiza), 23 ene (EFE).- La alcaldesa de Madrid, Ana Botella, ha presentado hoy en el Foro Econ\u00f3mico Mundial de Davos el modelo adoptado por la capital para afrontar el futuro de su desarrollo urbano y los pasos tomados para responder al reto de ser una &quot;ciudad inteligente&quot;. Botella ha participado en una sesi\u00f3n que\" \/>\n\t<meta name=\"robots\" content=\"max-image-preview:large\" \/>\n\t<meta name=\"author\" content=\"El Digital de Asturias\"\/>\n\t<meta name=\"google-site-verification\" content=\"UA-38556648-1\" \/>\n\t<meta name=\"msvalidate.01\" content=\"7dfe9f3f1b24437ab69f4f2559babe99\" \/>\n\t<meta name=\"keywords\" content=\"actualidad\" \/>\n\t<link rel=\"canonical\" href=\"https:\/\/www.eldigitaldeasturias.com\/noticias\/botella-explica-en-davos-su-proyecto-de-ciudad-inteligente\/\" \/>\n\t<meta name=\"generator\" content=\"All in One SEO Pro (AIOSEO) 5.0.1\" \/>\n\t\t<meta property=\"og:locale\" content=\"es_ES\" \/>\n\t\t<meta property=\"og:site_name\" content=\"El Digital de Asturias\" \/>\n\t\t<meta property=\"og:type\" content=\"article\" \/>\n\t\t<meta property=\"og:title\" content=\"Botella explica en Davos su proyecto de \u00abciudad inteligente\u00bb - El Digital de Asturias\" \/>\n\t\t<meta property=\"og:description\" content=\"Davos (Suiza), 23 ene (EFE).- La alcaldesa de Madrid, Ana Botella, ha presentado hoy en el Foro Econ\u00f3mico Mundial de Davos el modelo adoptado por la capital para afrontar el futuro de su desarrollo urbano y los pasos tomados para responder al reto de ser una &quot;ciudad inteligente&quot;. Botella ha participado en una sesi\u00f3n que\" \/>\n\t\t<meta property=\"og:url\" content=\"https:\/\/www.eldigitaldeasturias.com\/noticias\/botella-explica-en-davos-su-proyecto-de-ciudad-inteligente\/\" \/>\n\t\t<meta property=\"og:image\" content=\"https:\/\/www.eldigitaldeasturias.com\/noticias\/wp-content\/uploads\/2026\/06\/Contenidos.jpg\" \/>\n\t\t<meta property=\"og:image:secure_url\" content=\"https:\/\/www.eldigitaldeasturias.com\/noticias\/wp-content\/uploads\/2026\/06\/Contenidos.jpg\" \/>\n\t\t<meta property=\"og:image:width\" content=\"1265\" \/>\n\t\t<meta property=\"og:image:height\" content=\"697\" \/>\n\t\t<meta property=\"article:tag\" content=\"actualidad\" \/>\n\t\t<meta property=\"article:published_time\" content=\"2014-01-24T09:44:24+00:00\" \/>\n\t\t<meta property=\"article:modified_time\" content=\"2014-01-24T09:44:24+00:00\" \/>\n\t\t<meta property=\"article:publisher\" content=\"https:\/\/facebook.com\/eldigitaldeasturias\" \/>\n\t\t<meta name=\"twitter:card\" content=\"summary_large_image\" \/>\n\t\t<meta name=\"twitter:title\" content=\"Botella explica en Davos su proyecto de \u00abciudad inteligente\u00bb - El Digital de Asturias\" \/>\n\t\t<meta name=\"twitter:description\" content=\"Davos (Suiza), 23 ene (EFE).- La alcaldesa de Madrid, Ana Botella, ha presentado hoy en el Foro Econ\u00f3mico Mundial de Davos el modelo adoptado por la capital para afrontar el futuro de su desarrollo urbano y los pasos tomados para responder al reto de ser una &quot;ciudad inteligente&quot;. Botella ha participado en una sesi\u00f3n que\" \/>\n\t\t<meta name=\"twitter:image\" content=\"https:\/\/www.eldigitaldeasturias.com\/noticias\/wp-content\/uploads\/2026\/06\/Contenidos.jpg\" \/>\n\t\t<meta name=\"twitter:label1\" content=\"Escrito por\" \/>\n\t\t<meta name=\"twitter:data1\" content=\"El Digital de Asturias\" \/>\n\t\t<meta name=\"twitter:label2\" content=\"Tiempo de lectura estimado\" \/>\n\t\t<meta name=\"twitter:data2\" content=\"2 minutos\" \/>\n\t\t<script type=\"application\/ld+json\" class=\"aioseo-schema\">\n\t\t\t{\"@context\":\"https:\\\/\\\/schema.org\",\"@graph\":[{\"@type\":\"BlogPosting\",\"@id\":\"https:\\\/\\\/www.eldigitaldeasturias.com\\\/noticias\\\/botella-explica-en-davos-su-proyecto-de-ciudad-inteligente\\\/#blogposting\",\"name\":\"Botella explica en Davos su proyecto de \\u00abciudad inteligente\\u00bb - El Digital de Asturias\",\"headline\":\"Botella explica en Davos su proyecto de \\u00abciudad inteligente\\u00bb\",\"author\":{\"@id\":\"https:\\\/\\\/www.eldigitaldeasturias.com\\\/noticias\\\/author\\\/admin\\\/#author\"},\"publisher\":{\"@id\":\"https:\\\/\\\/www.eldigitaldeasturias.com\\\/noticias\\\/#organization\"},\"image\":{\"@type\":\"ImageObject\",\"url\":\"https:\\\/\\\/www.eldigitaldeasturias.com\\\/noticias\\\/wp-content\\\/uploads\\\/2026\\\/06\\\/Contenidos.jpg\",\"width\":1265,\"height\":697,\"caption\":\"Contenidos\"},\"datePublished\":\"2014-01-24T08:44:24+01:00\",\"dateModified\":\"2014-01-24T08:44:24+01:00\",\"inLanguage\":\"es-ES\",\"mainEntityOfPage\":{\"@id\":\"https:\\\/\\\/www.eldigitaldeasturias.com\\\/noticias\\\/botella-explica-en-davos-su-proyecto-de-ciudad-inteligente\\\/#webpage\"},\"isPartOf\":{\"@id\":\"https:\\\/\\\/www.eldigitaldeasturias.com\\\/noticias\\\/botella-explica-en-davos-su-proyecto-de-ciudad-inteligente\\\/#webpage\"},\"articleSection\":\"Actualidad\"},{\"@type\":\"BreadcrumbList\",\"@id\":\"https:\\\/\\\/www.eldigitaldeasturias.com\\\/noticias\\\/botella-explica-en-davos-su-proyecto-de-ciudad-inteligente\\\/#breadcrumblist\",\"itemListElement\":[{\"@type\":\"ListItem\",\"@id\":\"https:\\\/\\\/www.eldigitaldeasturias.com\\\/noticias#listItem\",\"position\":1,\"name\":\"Home\",\"item\":\"https:\\\/\\\/www.eldigitaldeasturias.com\\\/noticias\",\"nextItem\":{\"@type\":\"ListItem\",\"@id\":\"https:\\\/\\\/www.eldigitaldeasturias.com\\\/noticias\\\/category\\\/actualidad\\\/#listItem\",\"name\":\"Actualidad\"}},{\"@type\":\"ListItem\",\"@id\":\"https:\\\/\\\/www.eldigitaldeasturias.com\\\/noticias\\\/category\\\/actualidad\\\/#listItem\",\"position\":2,\"name\":\"Actualidad\",\"item\":\"https:\\\/\\\/www.eldigitaldeasturias.com\\\/noticias\\\/category\\\/actualidad\\\/\",\"nextItem\":{\"@type\":\"ListItem\",\"@id\":\"https:\\\/\\\/www.eldigitaldeasturias.com\\\/noticias\\\/botella-explica-en-davos-su-proyecto-de-ciudad-inteligente\\\/#listItem\",\"name\":\"Botella explica en Davos su proyecto de \\u00abciudad inteligente\\u00bb\"},\"previousItem\":{\"@type\":\"ListItem\",\"@id\":\"https:\\\/\\\/www.eldigitaldeasturias.com\\\/noticias#listItem\",\"name\":\"Home\"}},{\"@type\":\"ListItem\",\"@id\":\"https:\\\/\\\/www.eldigitaldeasturias.com\\\/noticias\\\/botella-explica-en-davos-su-proyecto-de-ciudad-inteligente\\\/#listItem\",\"position\":3,\"name\":\"Botella explica en Davos su proyecto de \\u00abciudad inteligente\\u00bb\",\"previousItem\":{\"@type\":\"ListItem\",\"@id\":\"https:\\\/\\\/www.eldigitaldeasturias.com\\\/noticias\\\/category\\\/actualidad\\\/#listItem\",\"name\":\"Actualidad\"}}]},{\"@type\":\"Organization\",\"@id\":\"https:\\\/\\\/www.eldigitaldeasturias.com\\\/noticias\\\/#organization\",\"name\":\"El Digital de Asturias\",\"description\":\"Hemeroteca\",\"url\":\"https:\\\/\\\/www.eldigitaldeasturias.com\\\/noticias\\\/\",\"email\":\"info@eldigitaldeasturias.com\",\"telephone\":\"+34652131393\",\"logo\":{\"@type\":\"ImageObject\",\"url\":\"https:\\\/\\\/www.eldigitaldeasturias.com\\\/noticias\\\/wp-content\\\/uploads\\\/2020\\\/12\\\/EDA.jpg\",\"@id\":\"https:\\\/\\\/www.eldigitaldeasturias.com\\\/noticias\\\/botella-explica-en-davos-su-proyecto-de-ciudad-inteligente\\\/#organizationLogo\"},\"image\":{\"@id\":\"https:\\\/\\\/www.eldigitaldeasturias.com\\\/noticias\\\/botella-explica-en-davos-su-proyecto-de-ciudad-inteligente\\\/#organizationLogo\"},\"sameAs\":[\"https:\\\/\\\/facebook.com\\\/eldigitaldeasturias\",\"https:\\\/\\\/www.youtube.com\\\/channel\\\/UCZP-2wLEB9Rv6erhFmqVnvg\"],\"address\":{\"@id\":\"https:\\\/\\\/www.eldigitaldeasturias.com\\\/noticias\\\/#postaladdress\",\"@type\":\"PostalAddress\",\"streetAddress\":\"san antonio 4\",\"postalCode\":\"33430\",\"addressLocality\":\"Cand\\u00e1s\",\"addressRegion\":\"Asturias\",\"addressCountry\":\"ES\"}},{\"@type\":\"Person\",\"@id\":\"https:\\\/\\\/www.eldigitaldeasturias.com\\\/noticias\\\/author\\\/admin\\\/#author\",\"url\":\"https:\\\/\\\/www.eldigitaldeasturias.com\\\/noticias\\\/author\\\/admin\\\/\",\"name\":\"El Digital de Asturias\",\"image\":{\"@type\":\"ImageObject\",\"@id\":\"https:\\\/\\\/www.eldigitaldeasturias.com\\\/noticias\\\/botella-explica-en-davos-su-proyecto-de-ciudad-inteligente\\\/#authorImage\",\"url\":\"https:\\\/\\\/secure.gravatar.com\\\/avatar\\\/df2aeffc32bcd13f8d26072ef8a91b623d677766deac7f97ca815868cd41bf5e?s=96&d=mm&r=g\",\"width\":96,\"height\":96,\"caption\":\"El Digital de Asturias\"}},{\"@type\":\"WebPage\",\"@id\":\"https:\\\/\\\/www.eldigitaldeasturias.com\\\/noticias\\\/botella-explica-en-davos-su-proyecto-de-ciudad-inteligente\\\/#webpage\",\"url\":\"https:\\\/\\\/www.eldigitaldeasturias.com\\\/noticias\\\/botella-explica-en-davos-su-proyecto-de-ciudad-inteligente\\\/\",\"name\":\"Botella explica en Davos su proyecto de \\u00abciudad inteligente\\u00bb - El Digital de Asturias\",\"description\":\"Davos (Suiza), 23 ene (EFE).- La alcaldesa de Madrid, Ana Botella, ha presentado hoy en el Foro Econ\\u00f3mico Mundial de Davos el modelo adoptado por la capital para afrontar el futuro de su desarrollo urbano y los pasos tomados para responder al reto de ser una \\\"ciudad inteligente\\\". Botella ha participado en una sesi\\u00f3n que\",\"inLanguage\":\"es-ES\",\"isPartOf\":{\"@id\":\"https:\\\/\\\/www.eldigitaldeasturias.com\\\/noticias\\\/#website\"},\"breadcrumb\":{\"@id\":\"https:\\\/\\\/www.eldigitaldeasturias.com\\\/noticias\\\/botella-explica-en-davos-su-proyecto-de-ciudad-inteligente\\\/#breadcrumblist\"},\"author\":{\"@id\":\"https:\\\/\\\/www.eldigitaldeasturias.com\\\/noticias\\\/author\\\/admin\\\/#author\"},\"creator\":{\"@id\":\"https:\\\/\\\/www.eldigitaldeasturias.com\\\/noticias\\\/author\\\/admin\\\/#author\"},\"image\":{\"@type\":\"ImageObject\",\"url\":\"https:\\\/\\\/www.eldigitaldeasturias.com\\\/noticias\\\/wp-content\\\/uploads\\\/2026\\\/06\\\/Contenidos.jpg\",\"@id\":\"https:\\\/\\\/www.eldigitaldeasturias.com\\\/noticias\\\/botella-explica-en-davos-su-proyecto-de-ciudad-inteligente\\\/#mainImage\",\"width\":1265,\"height\":697,\"caption\":\"Contenidos\"},\"primaryImageOfPage\":{\"@id\":\"https:\\\/\\\/www.eldigitaldeasturias.com\\\/noticias\\\/botella-explica-en-davos-su-proyecto-de-ciudad-inteligente\\\/#mainImage\"},\"datePublished\":\"2014-01-24T08:44:24+01:00\",\"dateModified\":\"2014-01-24T08:44:24+01:00\"},{\"@type\":\"WebSite\",\"@id\":\"https:\\\/\\\/www.eldigitaldeasturias.com\\\/noticias\\\/#website\",\"url\":\"https:\\\/\\\/www.eldigitaldeasturias.com\\\/noticias\\\/\",\"name\":\"El Digital de Asturias - Diario de actualidad y noticias\",\"alternateName\":\"El Digital de Asturias - Diario de actualidad y noticias\",\"description\":\"Hemeroteca\",\"inLanguage\":\"es-ES\",\"publisher\":{\"@id\":\"https:\\\/\\\/www.eldigitaldeasturias.com\\\/noticias\\\/#organization\"}}]}\n\t\t<\/script>\n\t\t<!-- All in One SEO Pro -->\r\n\t\t<title>Botella explica en Davos su proyecto de \u00abciudad inteligente\u00bb - El Digital de Asturias<\/title>\n\n","aioseo_head_json":{"title":"Botella explica en Davos su proyecto de \u00abciudad inteligente\u00bb - El Digital de Asturias","description":"Davos (Suiza), 23 ene (EFE).- La alcaldesa de Madrid, Ana Botella, ha presentado hoy en el Foro Econ\u00f3mico Mundial de Davos el modelo adoptado por la capital para afrontar el futuro de su desarrollo urbano y los pasos tomados para responder al reto de ser una \"ciudad inteligente\". Botella ha participado en una sesi\u00f3n que","canonical_url":"https:\/\/www.eldigitaldeasturias.com\/noticias\/botella-explica-en-davos-su-proyecto-de-ciudad-inteligente\/","robots":"max-image-preview:large","keywords":"actualidad","webmasterTools":{"google-site-verification":"UA-38556648-1","msvalidate.01":"7dfe9f3f1b24437ab69f4f2559babe99","miscellaneous":""},"schema":{"@context":"https:\/\/schema.org","@graph":[{"@type":"BlogPosting","@id":"https:\/\/www.eldigitaldeasturias.com\/noticias\/botella-explica-en-davos-su-proyecto-de-ciudad-inteligente\/#blogposting","name":"Botella explica en Davos su proyecto de \u00abciudad inteligente\u00bb - El Digital de Asturias","headline":"Botella explica en Davos su proyecto de \u00abciudad inteligente\u00bb","author":{"@id":"https:\/\/www.eldigitaldeasturias.com\/noticias\/author\/admin\/#author"},"publisher":{"@id":"https:\/\/www.eldigitaldeasturias.com\/noticias\/#organization"},"image":{"@type":"ImageObject","url":"https:\/\/www.eldigitaldeasturias.com\/noticias\/wp-content\/uploads\/2026\/06\/Contenidos.jpg","width":1265,"height":697,"caption":"Contenidos"},"datePublished":"2014-01-24T08:44:24+01:00","dateModified":"2014-01-24T08:44:24+01:00","inLanguage":"es-ES","mainEntityOfPage":{"@id":"https:\/\/www.eldigitaldeasturias.com\/noticias\/botella-explica-en-davos-su-proyecto-de-ciudad-inteligente\/#webpage"},"isPartOf":{"@id":"https:\/\/www.eldigitaldeasturias.com\/noticias\/botella-explica-en-davos-su-proyecto-de-ciudad-inteligente\/#webpage"},"articleSection":"Actualidad"},{"@type":"BreadcrumbList","@id":"https:\/\/www.eldigitaldeasturias.com\/noticias\/botella-explica-en-davos-su-proyecto-de-ciudad-inteligente\/#breadcrumblist","itemListElement":[{"@type":"ListItem","@id":"https:\/\/www.eldigitaldeasturias.com\/noticias#listItem","position":1,"name":"Home","item":"https:\/\/www.eldigitaldeasturias.com\/noticias","nextItem":{"@type":"ListItem","@id":"https:\/\/www.eldigitaldeasturias.com\/noticias\/category\/actualidad\/#listItem","name":"Actualidad"}},{"@type":"ListItem","@id":"https:\/\/www.eldigitaldeasturias.com\/noticias\/category\/actualidad\/#listItem","position":2,"name":"Actualidad","item":"https:\/\/www.eldigitaldeasturias.com\/noticias\/category\/actualidad\/","nextItem":{"@type":"ListItem","@id":"https:\/\/www.eldigitaldeasturias.com\/noticias\/botella-explica-en-davos-su-proyecto-de-ciudad-inteligente\/#listItem","name":"Botella explica en Davos su proyecto de \u00abciudad inteligente\u00bb"},"previousItem":{"@type":"ListItem","@id":"https:\/\/www.eldigitaldeasturias.com\/noticias#listItem","name":"Home"}},{"@type":"ListItem","@id":"https:\/\/www.eldigitaldeasturias.com\/noticias\/botella-explica-en-davos-su-proyecto-de-ciudad-inteligente\/#listItem","position":3,"name":"Botella explica en Davos su proyecto de \u00abciudad inteligente\u00bb","previousItem":{"@type":"ListItem","@id":"https:\/\/www.eldigitaldeasturias.com\/noticias\/category\/actualidad\/#listItem","name":"Actualidad"}}]},{"@type":"Organization","@id":"https:\/\/www.eldigitaldeasturias.com\/noticias\/#organization","name":"El Digital de Asturias","description":"Hemeroteca","url":"https:\/\/www.eldigitaldeasturias.com\/noticias\/","email":"info@eldigitaldeasturias.com","telephone":"+34652131393","logo":{"@type":"ImageObject","url":"https:\/\/www.eldigitaldeasturias.com\/noticias\/wp-content\/uploads\/2020\/12\/EDA.jpg","@id":"https:\/\/www.eldigitaldeasturias.com\/noticias\/botella-explica-en-davos-su-proyecto-de-ciudad-inteligente\/#organizationLogo"},"image":{"@id":"https:\/\/www.eldigitaldeasturias.com\/noticias\/botella-explica-en-davos-su-proyecto-de-ciudad-inteligente\/#organizationLogo"},"sameAs":["https:\/\/facebook.com\/eldigitaldeasturias","https:\/\/www.youtube.com\/channel\/UCZP-2wLEB9Rv6erhFmqVnvg"],"address":{"@id":"https:\/\/www.eldigitaldeasturias.com\/noticias\/#postaladdress","@type":"PostalAddress","streetAddress":"san antonio 4","postalCode":"33430","addressLocality":"Cand\u00e1s","addressRegion":"Asturias","addressCountry":"ES"}},{"@type":"Person","@id":"https:\/\/www.eldigitaldeasturias.com\/noticias\/author\/admin\/#author","url":"https:\/\/www.eldigitaldeasturias.com\/noticias\/author\/admin\/","name":"El Digital de Asturias","image":{"@type":"ImageObject","@id":"https:\/\/www.eldigitaldeasturias.com\/noticias\/botella-explica-en-davos-su-proyecto-de-ciudad-inteligente\/#authorImage","url":"https:\/\/secure.gravatar.com\/avatar\/df2aeffc32bcd13f8d26072ef8a91b623d677766deac7f97ca815868cd41bf5e?s=96&d=mm&r=g","width":96,"height":96,"caption":"El Digital de Asturias"}},{"@type":"WebPage","@id":"https:\/\/www.eldigitaldeasturias.com\/noticias\/botella-explica-en-davos-su-proyecto-de-ciudad-inteligente\/#webpage","url":"https:\/\/www.eldigitaldeasturias.com\/noticias\/botella-explica-en-davos-su-proyecto-de-ciudad-inteligente\/","name":"Botella explica en Davos su proyecto de \u00abciudad inteligente\u00bb - El Digital de Asturias","description":"Davos (Suiza), 23 ene (EFE).- La alcaldesa de Madrid, Ana Botella, ha presentado hoy en el Foro Econ\u00f3mico Mundial de Davos el modelo adoptado por la capital para afrontar el futuro de su desarrollo urbano y los pasos tomados para responder al reto de ser una \"ciudad inteligente\". Botella ha participado en una sesi\u00f3n que","inLanguage":"es-ES","isPartOf":{"@id":"https:\/\/www.eldigitaldeasturias.com\/noticias\/#website"},"breadcrumb":{"@id":"https:\/\/www.eldigitaldeasturias.com\/noticias\/botella-explica-en-davos-su-proyecto-de-ciudad-inteligente\/#breadcrumblist"},"author":{"@id":"https:\/\/www.eldigitaldeasturias.com\/noticias\/author\/admin\/#author"},"creator":{"@id":"https:\/\/www.eldigitaldeasturias.com\/noticias\/author\/admin\/#author"},"image":{"@type":"ImageObject","url":"https:\/\/www.eldigitaldeasturias.com\/noticias\/wp-content\/uploads\/2026\/06\/Contenidos.jpg","@id":"https:\/\/www.eldigitaldeasturias.com\/noticias\/botella-explica-en-davos-su-proyecto-de-ciudad-inteligente\/#mainImage","width":1265,"height":697,"caption":"Contenidos"},"primaryImageOfPage":{"@id":"https:\/\/www.eldigitaldeasturias.com\/noticias\/botella-explica-en-davos-su-proyecto-de-ciudad-inteligente\/#mainImage"},"datePublished":"2014-01-24T08:44:24+01:00","dateModified":"2014-01-24T08:44:24+01:00"},{"@type":"WebSite","@id":"https:\/\/www.eldigitaldeasturias.com\/noticias\/#website","url":"https:\/\/www.eldigitaldeasturias.com\/noticias\/","name":"El Digital de Asturias - Diario de actualidad y noticias","alternateName":"El Digital de Asturias - Diario de actualidad y noticias","description":"Hemeroteca","inLanguage":"es-ES","publisher":{"@id":"https:\/\/www.eldigitaldeasturias.com\/noticias\/#organization"}}]},"og:locale":"es_ES","og:site_name":"El Digital de Asturias","og:type":"article","og:title":"Botella explica en Davos su proyecto de \u00abciudad inteligente\u00bb - El Digital de Asturias","og:description":"Davos (Suiza), 23 ene (EFE).- La alcaldesa de Madrid, Ana Botella, ha presentado hoy en el Foro Econ\u00f3mico Mundial de Davos el modelo adoptado por la capital para afrontar el futuro de su desarrollo urbano y los pasos tomados para responder al reto de ser una &quot;ciudad inteligente&quot;. Botella ha participado en una sesi\u00f3n que","og:url":"https:\/\/www.eldigitaldeasturias.com\/noticias\/botella-explica-en-davos-su-proyecto-de-ciudad-inteligente\/","og:image":"https:\/\/www.eldigitaldeasturias.com\/noticias\/wp-content\/uploads\/2026\/06\/Contenidos.jpg","og:image:secure_url":"https:\/\/www.eldigitaldeasturias.com\/noticias\/wp-content\/uploads\/2026\/06\/Contenidos.jpg","og:image:width":1265,"og:image:height":697,"article:tag":["actualidad"],"article:published_time":"2014-01-24T09:44:24+00:00","article:modified_time":"2014-01-24T09:44:24+00:00","article:publisher":"https:\/\/facebook.com\/eldigitaldeasturias","twitter:card":"summary_large_image","twitter:title":"Botella explica en Davos su proyecto de \u00abciudad inteligente\u00bb - El Digital de Asturias","twitter:description":"Davos (Suiza), 23 ene (EFE).- La alcaldesa de Madrid, Ana Botella, ha presentado hoy en el Foro Econ\u00f3mico Mundial de Davos el modelo adoptado por la capital para afrontar el futuro de su desarrollo urbano y los pasos tomados para responder al reto de ser una &quot;ciudad inteligente&quot;. Botella ha participado en una sesi\u00f3n que","twitter:image":"https:\/\/www.eldigitaldeasturias.com\/noticias\/wp-content\/uploads\/2026\/06\/Contenidos.jpg","twitter:label1":"Escrito por","twitter:data1":"El Digital de Asturias","twitter:label2":"Tiempo de lectura estimado","twitter:data2":"2 minutos"},"aioseo_meta_data":{"post_id":"478052","title":null,"description":null,"keywords":null,"keyphrases":null,"primary_term":null,"canonical_url":null,"og_title":null,"og_description":null,"og_object_type":"default","og_image_type":"default","og_image_url":null,"og_image_width":null,"og_image_height":null,"og_image_custom_url":null,"og_image_custom_fields":null,"og_video":null,"og_custom_url":null,"og_article_section":null,"og_article_tags":null,"twitter_use_og":true,"twitter_card":"default","twitter_image_type":"default","twitter_image_url":null,"twitter_image_custom_url":null,"twitter_image_custom_fields":null,"twitter_title":null,"twitter_description":null,"schema":{"blockGraphs":[],"customGraphs":[],"default":{"data":{"Article":[],"Course":[],"Dataset":[],"FAQPage":[],"Movie":[],"Person":[],"Product":[],"ProductReview":[],"Car":[],"Recipe":[],"Service":[],"SoftwareApplication":[],"WebPage":[]},"graphName":"","isEnabled":true},"graphs":[],"defaultGraph":"","defaultPostTypeGraph":""},"schema_type":null,"schema_type_options":null,"pillar_content":false,"robots_default":true,"robots_noindex":false,"robots_noarchive":false,"robots_nosnippet":false,"robots_nofollow":false,"robots_noimageindex":false,"robots_noodp":false,"robots_notranslate":false,"robots_max_snippet":null,"robots_max_videopreview":null,"robots_max_imagepreview":"none","priority":null,"frequency":null,"local_seo":null,"seo_analyzer_scan_date":"2026-06-01 20:19:54","breadcrumb_settings":null,"limit_modified_date":false,"open_ai":null,"ai":null,"created":"2020-11-14 22:53:48","updated":"2026-06-01 20:19:54","focus_keyword":null,"additional_keywords":null,"truseo_locale":null},"aioseo_breadcrumb":"<div class=\"aioseo-breadcrumbs\"><span class=\"aioseo-breadcrumb\">\n\t<a href=\"https:\/\/www.eldigitaldeasturias.com\/noticias\" title=\"Home\">Home<\/a>\n<\/span><span class=\"aioseo-breadcrumb-separator\">\u2013<\/span><span class=\"aioseo-breadcrumb\">\n\t<a href=\"https:\/\/www.eldigitaldeasturias.com\/noticias\/category\/actualidad\/\" title=\"Actualidad\">Actualidad<\/a>\n<\/span><span class=\"aioseo-breadcrumb-separator\">\u2013<\/span><span class=\"aioseo-breadcrumb\">\n\t<a href=\"https:\/\/www.eldigitaldeasturias.com\/noticias\/botella-explica-en-davos-su-proyecto-de-ciudad-inteligente\/\" title=\"Botella explica en Davos su proyecto de \u00abciudad inteligente\u00bb\">Botella explica en Davos su proyecto de \u00abciudad inteligente\u00bb<\/a>\n<\/span><\/div>","aioseo_breadcrumb_json":[{"label":"Home","link":"https:\/\/www.eldigitaldeasturias.com\/noticias"},{"label":"Actualidad","link":"https:\/\/www.eldigitaldeasturias.com\/noticias\/category\/actualidad\/"},{"label":"Botella explica en Davos su proyecto de \u00abciudad inteligente\u00bb","link":"https:\/\/www.eldigitaldeasturias.com\/noticias\/botella-explica-en-davos-su-proyecto-de-ciudad-inteligente\/"}],"_links":{"self":[{"href":"https:\/\/www.eldigitaldeasturias.com\/noticias\/wp-json\/wp\/v2\/posts\/478052","targetHints":{"allow":["GET"]}}],"collection":[{"href":"https:\/\/www.eldigitaldeasturias.com\/noticias\/wp-json\/wp\/v2\/posts"}],"about":[{"href":"https:\/\/www.eldigitaldeasturias.com\/noticias\/wp-json\/wp\/v2\/types\/post"}],"author":[{"embeddable":true,"href":"https:\/\/www.eldigitaldeasturias.com\/noticias\/wp-json\/wp\/v2\/users\/1"}],"replies":[{"embeddable":true,"href":"https:\/\/www.eldigitaldeasturias.com\/noticias\/wp-json\/wp\/v2\/comments?post=478052"}],"version-history":[{"count":0,"href":"https:\/\/www.eldigitaldeasturias.com\/noticias\/wp-json\/wp\/v2\/posts\/478052\/revisions"}],"wp:featuredmedia":[{"embeddable":true,"href":"https:\/\/www.eldigitaldeasturias.com\/noticias\/wp-json\/wp\/v2\/media\/1132184"}],"wp:attachment":[{"href":"https:\/\/www.eldigitaldeasturias.com\/noticias\/wp-json\/wp\/v2\/media?parent=478052"}],"wp:term":[{"taxonomy":"category","embeddable":true,"href":"https:\/\/www.eldigitaldeasturias.com\/noticias\/wp-json\/wp\/v2\/categories?post=478052"},{"taxonomy":"post_tag","embeddable":true,"href":"https:\/\/www.eldigitaldeasturias.com\/noticias\/wp-json\/wp\/v2\/tags?post=478052"}],"curies":[{"name":"wp","href":"https:\/\/api.w.org\/{rel}","templated":true}]}}