{"id":478049,"date":"2014-01-24T08:43:07","date_gmt":"2014-01-24T09:43:07","guid":{"rendered":"http:\/\/www.eldigitaldeasturias.com\/noticias\/?p=478049"},"modified":"2014-01-24T08:43:07","modified_gmt":"2014-01-24T09:43:07","slug":"el-presidente-portugues-cumple-tres-anos-de-un-mandato-convulso-y-agitado","status":"publish","type":"post","link":"https:\/\/www.eldigitaldeasturias.com\/noticias\/el-presidente-portugues-cumple-tres-anos-de-un-mandato-convulso-y-agitado\/","title":{"rendered":"El presidente portugu\u00e9s cumple tres a\u00f1os de un mandato convulso y agitado"},"content":{"rendered":"<p><img loading=\"lazy\" decoding=\"async\" class=\"alignleft size-medium wp-image-478050\" alt=\"5871707w\" src=\"https:\/\/www.eldigitaldeasturias.com\/noticias\/wp-content\/uploads\/2014\/01\/5871707w-360x288.jpg\" width=\"360\" height=\"288\" \/>Lisboa, 23 ene (EFE).- El jefe de Estado de Portugal, An\u00edbal Cavaco Silva, cumpli\u00f3 hoy tres a\u00f1os en el cargo, un segundo mandato marcado por la crisis econ\u00f3mica y el rescate y notablemente m\u00e1s agitado de lo habitual para un presidente de la Rep\u00fablica.<\/p>\n<p>En este per\u00edodo, el dirigente conservador ha tenido que hacer frente a la dimisi\u00f3n de un primer ministro, a la crisis en el seno de la coalici\u00f3n en el Gobierno, a la llegada de la troika de acreedores internacionales y a un ambiente de crispaci\u00f3n social pr\u00e1cticamente inaudito en el pa\u00eds que acab\u00f3 coloc\u00e1ndolo como blanco de muchas cr\u00edticas.<\/p>\n<p>Su figura, sin responsabilidades ejecutivas y normalmente vista como neutral, acab\u00f3 por verse deteriorada y sus niveles de popularidad cayeron en picado en los momentos de mayor tensi\u00f3n.<\/p>\n<p>Hoy mismo, un 80 % de los participantes en una encuesta telef\u00f3nica realizada en la televisi\u00f3n suspendi\u00f3 la labor de su presidente, lo que se corresponde con los sondeos de opini\u00f3n publicados peri\u00f3dicamente y contrasta con su victoria en la primera vuelta de los comicios con el 53 % de los votos.<\/p>\n<p>Durante el segundo mandato del actual presidente, que ya ocup\u00f3 la jefatura de Estado entre 2006 y 2011, han sido notables las divergencias con el Gobierno liderado por el primer ministro Pedro Passos Coelho, pese a que ambos pertenecen al mismo partido, el socialdem\u00f3crata PSD, de centro derecha.<\/p>\n<p>Sus desavenencias se remontan al siglo pasado, cuando Cavaco era el jefe del Ejecutivo y Passos Coelho l\u00edder de las juventudes del partido. Mientras que el primero representa la facci\u00f3n m\u00e1s conservadora del PSD, el segundo encabeza la parte m\u00e1s liberal.<\/p>\n<p>El presidente luso ha discrepado abiertamente del Gobierno sobre el alcance de las medidas de austeridad impuestas por la troika a Portugal a cambio de su rescate, y era partidario de aliviar los ajustes para no perjudicar la recuperaci\u00f3n econ\u00f3mica.<\/p>\n<p>De hecho, decidi\u00f3 enviar al Tribunal Constitucional varios recortes aprobados por el Ejecutivo al dudar de su legalidad, y los jueces acabaron por darle la raz\u00f3n al anularlos.<\/p>\n<p>Esta postura cr\u00edtica frente al Gobierno, sin embargo, no le ha sido suficiente para granjearse las simpat\u00edas de la oposici\u00f3n de izquierdas, que lo acusa de ser \u00abc\u00f3mplice\u00bb de las pol\u00edticas de austeridad por no usar toda su autoridad para frenarlas.<\/p>\n<p>Adem\u00e1s de comunistas y marxistas, tambi\u00e9n el Partido Socialista ha censurado p\u00fablicamente los discursos del jefe de Estado, quien recuerda frecuentemente que la crisis actual es herencia de per\u00edodos de gasto excesivo, como en el que en su opini\u00f3n cay\u00f3 el Gobierno del primer ministro Jos\u00e9 S\u00f3crates (2005-2011).<\/p>\n<p>\u00abEs un equilibrio dif\u00edcil\u00bb, admiti\u00f3 Ant\u00f3nio Costa Pinto, investigador de Ciencias Pol\u00edticas y comentarista habitual en las tertulias lusas, quien se\u00f1al\u00f3 que a Cavaco Silva las circunstancias le llevaron \u00aba adoptar una perspectiva m\u00e1s activa, menos neutral\u00bb.<\/p>\n<p>En declaraciones a Efe, Costa Pinto consider\u00f3 que el presidente, de 74 a\u00f1os, \u00abse vio obligado\u00bb a desmarcarse de las posiciones gubernamentales, pero no deja de ser visto por una parte de la sociedad como pr\u00f3ximo a las tesis que defienden la austeridad como soluci\u00f3n para el pa\u00eds.<\/p>\n<p>\u00abAunque hemos tenido jefes de Estado que tambi\u00e9n estuvieron muy metidos en el debate pol\u00edtico, los ajustes aprobados han puesto en duda el Estado social en Portugal y le han implicado directamente\u00bb, explic\u00f3.<\/p>\n<p>Para la polit\u00f3loga Marina Costa Lobo, el rechazo de Cavaco Silva a los ajustes ha sido \u00abtibio\u00bb en comparaci\u00f3n con el trabajo desarrollado por el Constitucional.<\/p>\n<p>El presidente \u00abno cree que haya alternativas a la austeridad, pero s\u00ed ve posible mejorar las condiciones pol\u00edticas en que \u00e9sta es implementada\u00bb, agreg\u00f3.<\/p>\n<p>\u00abSus acciones son vistas por una parte del electorado como insuficientes frente a la gravedad de la situaci\u00f3n nacional\u00bb, analiz\u00f3 Costa Lobo, quien insiste adem\u00e1s en el fracaso de sus llamamientos al consenso.<\/p>\n<p>El presidente, que ya no puede volver a presentarse a la reelecci\u00f3n y cuyo mandato expira en 2016, se ha establecido como prioridad convencer a los partidos mayoritarios para alcanzar un pacto de m\u00ednimos sobre la estrategia que debe seguir el pa\u00eds a medio y largo plazo, con un \u00fanico prop\u00f3sito: no repetir los errores del pasado.<\/p>\n<p>Por \u00d3scar Tomasi<\/p>\n","protected":false},"excerpt":{"rendered":"<p>Lisboa, 23 ene (EFE).- El jefe de Estado de Portugal, An\u00edbal Cavaco Silva, cumpli\u00f3 hoy tres a\u00f1os en el cargo, un segundo mandato marcado por la crisis econ\u00f3mica y el rescate y notablemente m\u00e1s agitado de lo habitual para un presidente de la Rep\u00fablica. En este per\u00edodo, el dirigente conservador ha tenido que hacer frente [&hellip;]<\/p>\n","protected":false},"author":1,"featured_media":1132184,"comment_status":"closed","ping_status":"open","sticky":false,"template":"","format":"standard","meta":{"footnotes":""},"categories":[1],"tags":[],"class_list":["post-478049","post","type-post","status-publish","format-standard","has-post-thumbnail","hentry","category-actualidad"],"aioseo_notices":[],"aioseo_head":"\n\t\t<!-- All in One SEO Pro 5.0.1 - aioseo.com -->\n\t<meta name=\"description\" content=\"Lisboa, 23 ene (EFE).- El jefe de Estado de Portugal, An\u00edbal Cavaco Silva, cumpli\u00f3 hoy tres a\u00f1os en el cargo, un segundo mandato marcado por la crisis econ\u00f3mica y el rescate y notablemente m\u00e1s agitado de lo habitual para un presidente de la Rep\u00fablica. En este per\u00edodo, el dirigente conservador ha tenido que hacer frente\" \/>\n\t<meta name=\"robots\" content=\"max-image-preview:large\" \/>\n\t<meta name=\"author\" content=\"El Digital de Asturias\"\/>\n\t<meta name=\"google-site-verification\" content=\"UA-38556648-1\" \/>\n\t<meta name=\"msvalidate.01\" content=\"7dfe9f3f1b24437ab69f4f2559babe99\" \/>\n\t<meta name=\"keywords\" content=\"actualidad\" \/>\n\t<link rel=\"canonical\" href=\"https:\/\/www.eldigitaldeasturias.com\/noticias\/el-presidente-portugues-cumple-tres-anos-de-un-mandato-convulso-y-agitado\/\" \/>\n\t<meta name=\"generator\" content=\"All in One SEO Pro (AIOSEO) 5.0.1\" \/>\n\t\t<meta property=\"og:locale\" content=\"es_ES\" \/>\n\t\t<meta property=\"og:site_name\" content=\"El Digital de Asturias\" \/>\n\t\t<meta property=\"og:type\" content=\"article\" \/>\n\t\t<meta property=\"og:title\" content=\"El presidente portugu\u00e9s cumple tres a\u00f1os de un mandato convulso y agitado - El Digital de Asturias\" \/>\n\t\t<meta property=\"og:description\" content=\"Lisboa, 23 ene (EFE).- El jefe de Estado de Portugal, An\u00edbal Cavaco Silva, cumpli\u00f3 hoy tres a\u00f1os en el cargo, un segundo mandato marcado por la crisis econ\u00f3mica y el rescate y notablemente m\u00e1s agitado de lo habitual para un presidente de la Rep\u00fablica. En este per\u00edodo, el dirigente conservador ha tenido que hacer frente\" \/>\n\t\t<meta property=\"og:url\" content=\"https:\/\/www.eldigitaldeasturias.com\/noticias\/el-presidente-portugues-cumple-tres-anos-de-un-mandato-convulso-y-agitado\/\" \/>\n\t\t<meta property=\"og:image\" content=\"https:\/\/www.eldigitaldeasturias.com\/noticias\/wp-content\/uploads\/2026\/06\/Contenidos.jpg\" \/>\n\t\t<meta property=\"og:image:secure_url\" content=\"https:\/\/www.eldigitaldeasturias.com\/noticias\/wp-content\/uploads\/2026\/06\/Contenidos.jpg\" \/>\n\t\t<meta property=\"og:image:width\" content=\"1265\" \/>\n\t\t<meta property=\"og:image:height\" content=\"697\" \/>\n\t\t<meta property=\"article:tag\" content=\"actualidad\" \/>\n\t\t<meta property=\"article:published_time\" content=\"2014-01-24T09:43:07+00:00\" \/>\n\t\t<meta property=\"article:modified_time\" content=\"2014-01-24T09:43:07+00:00\" \/>\n\t\t<meta property=\"article:publisher\" content=\"https:\/\/facebook.com\/eldigitaldeasturias\" \/>\n\t\t<meta name=\"twitter:card\" content=\"summary_large_image\" \/>\n\t\t<meta name=\"twitter:title\" content=\"El presidente portugu\u00e9s cumple tres a\u00f1os de un mandato convulso y agitado - El Digital de Asturias\" \/>\n\t\t<meta name=\"twitter:description\" content=\"Lisboa, 23 ene (EFE).- El jefe de Estado de Portugal, An\u00edbal Cavaco Silva, cumpli\u00f3 hoy tres a\u00f1os en el cargo, un segundo mandato marcado por la crisis econ\u00f3mica y el rescate y notablemente m\u00e1s agitado de lo habitual para un presidente de la Rep\u00fablica. En este per\u00edodo, el dirigente conservador ha tenido que hacer frente\" \/>\n\t\t<meta name=\"twitter:image\" content=\"https:\/\/www.eldigitaldeasturias.com\/noticias\/wp-content\/uploads\/2026\/06\/Contenidos.jpg\" \/>\n\t\t<meta name=\"twitter:label1\" content=\"Escrito por\" \/>\n\t\t<meta name=\"twitter:data1\" content=\"El Digital de Asturias\" \/>\n\t\t<meta name=\"twitter:label2\" content=\"Tiempo de lectura estimado\" \/>\n\t\t<meta name=\"twitter:data2\" content=\"4 minutos\" \/>\n\t\t<script type=\"application\/ld+json\" class=\"aioseo-schema\">\n\t\t\t{\"@context\":\"https:\\\/\\\/schema.org\",\"@graph\":[{\"@type\":\"BlogPosting\",\"@id\":\"https:\\\/\\\/www.eldigitaldeasturias.com\\\/noticias\\\/el-presidente-portugues-cumple-tres-anos-de-un-mandato-convulso-y-agitado\\\/#blogposting\",\"name\":\"El presidente portugu\\u00e9s cumple tres a\\u00f1os de un mandato convulso y agitado - El Digital de Asturias\",\"headline\":\"El presidente portugu\\u00e9s cumple tres a\\u00f1os de un mandato convulso y agitado\",\"author\":{\"@id\":\"https:\\\/\\\/www.eldigitaldeasturias.com\\\/noticias\\\/author\\\/admin\\\/#author\"},\"publisher\":{\"@id\":\"https:\\\/\\\/www.eldigitaldeasturias.com\\\/noticias\\\/#organization\"},\"image\":{\"@type\":\"ImageObject\",\"url\":\"https:\\\/\\\/www.eldigitaldeasturias.com\\\/noticias\\\/wp-content\\\/uploads\\\/2026\\\/06\\\/Contenidos.jpg\",\"width\":1265,\"height\":697,\"caption\":\"Contenidos\"},\"datePublished\":\"2014-01-24T08:43:07+01:00\",\"dateModified\":\"2014-01-24T08:43:07+01:00\",\"inLanguage\":\"es-ES\",\"mainEntityOfPage\":{\"@id\":\"https:\\\/\\\/www.eldigitaldeasturias.com\\\/noticias\\\/el-presidente-portugues-cumple-tres-anos-de-un-mandato-convulso-y-agitado\\\/#webpage\"},\"isPartOf\":{\"@id\":\"https:\\\/\\\/www.eldigitaldeasturias.com\\\/noticias\\\/el-presidente-portugues-cumple-tres-anos-de-un-mandato-convulso-y-agitado\\\/#webpage\"},\"articleSection\":\"Actualidad\"},{\"@type\":\"BreadcrumbList\",\"@id\":\"https:\\\/\\\/www.eldigitaldeasturias.com\\\/noticias\\\/el-presidente-portugues-cumple-tres-anos-de-un-mandato-convulso-y-agitado\\\/#breadcrumblist\",\"itemListElement\":[{\"@type\":\"ListItem\",\"@id\":\"https:\\\/\\\/www.eldigitaldeasturias.com\\\/noticias#listItem\",\"position\":1,\"name\":\"Home\",\"item\":\"https:\\\/\\\/www.eldigitaldeasturias.com\\\/noticias\",\"nextItem\":{\"@type\":\"ListItem\",\"@id\":\"https:\\\/\\\/www.eldigitaldeasturias.com\\\/noticias\\\/category\\\/actualidad\\\/#listItem\",\"name\":\"Actualidad\"}},{\"@type\":\"ListItem\",\"@id\":\"https:\\\/\\\/www.eldigitaldeasturias.com\\\/noticias\\\/category\\\/actualidad\\\/#listItem\",\"position\":2,\"name\":\"Actualidad\",\"item\":\"https:\\\/\\\/www.eldigitaldeasturias.com\\\/noticias\\\/category\\\/actualidad\\\/\",\"nextItem\":{\"@type\":\"ListItem\",\"@id\":\"https:\\\/\\\/www.eldigitaldeasturias.com\\\/noticias\\\/el-presidente-portugues-cumple-tres-anos-de-un-mandato-convulso-y-agitado\\\/#listItem\",\"name\":\"El presidente portugu\\u00e9s cumple tres a\\u00f1os de un mandato convulso y agitado\"},\"previousItem\":{\"@type\":\"ListItem\",\"@id\":\"https:\\\/\\\/www.eldigitaldeasturias.com\\\/noticias#listItem\",\"name\":\"Home\"}},{\"@type\":\"ListItem\",\"@id\":\"https:\\\/\\\/www.eldigitaldeasturias.com\\\/noticias\\\/el-presidente-portugues-cumple-tres-anos-de-un-mandato-convulso-y-agitado\\\/#listItem\",\"position\":3,\"name\":\"El presidente portugu\\u00e9s cumple tres a\\u00f1os de un mandato convulso y agitado\",\"previousItem\":{\"@type\":\"ListItem\",\"@id\":\"https:\\\/\\\/www.eldigitaldeasturias.com\\\/noticias\\\/category\\\/actualidad\\\/#listItem\",\"name\":\"Actualidad\"}}]},{\"@type\":\"Organization\",\"@id\":\"https:\\\/\\\/www.eldigitaldeasturias.com\\\/noticias\\\/#organization\",\"name\":\"El Digital de Asturias\",\"description\":\"Hemeroteca\",\"url\":\"https:\\\/\\\/www.eldigitaldeasturias.com\\\/noticias\\\/\",\"email\":\"info@eldigitaldeasturias.com\",\"telephone\":\"+34652131393\",\"logo\":{\"@type\":\"ImageObject\",\"url\":\"https:\\\/\\\/www.eldigitaldeasturias.com\\\/noticias\\\/wp-content\\\/uploads\\\/2020\\\/12\\\/EDA.jpg\",\"@id\":\"https:\\\/\\\/www.eldigitaldeasturias.com\\\/noticias\\\/el-presidente-portugues-cumple-tres-anos-de-un-mandato-convulso-y-agitado\\\/#organizationLogo\"},\"image\":{\"@id\":\"https:\\\/\\\/www.eldigitaldeasturias.com\\\/noticias\\\/el-presidente-portugues-cumple-tres-anos-de-un-mandato-convulso-y-agitado\\\/#organizationLogo\"},\"sameAs\":[\"https:\\\/\\\/facebook.com\\\/eldigitaldeasturias\",\"https:\\\/\\\/www.youtube.com\\\/channel\\\/UCZP-2wLEB9Rv6erhFmqVnvg\"],\"address\":{\"@id\":\"https:\\\/\\\/www.eldigitaldeasturias.com\\\/noticias\\\/#postaladdress\",\"@type\":\"PostalAddress\",\"streetAddress\":\"san antonio 4\",\"postalCode\":\"33430\",\"addressLocality\":\"Cand\\u00e1s\",\"addressRegion\":\"Asturias\",\"addressCountry\":\"ES\"}},{\"@type\":\"Person\",\"@id\":\"https:\\\/\\\/www.eldigitaldeasturias.com\\\/noticias\\\/author\\\/admin\\\/#author\",\"url\":\"https:\\\/\\\/www.eldigitaldeasturias.com\\\/noticias\\\/author\\\/admin\\\/\",\"name\":\"El Digital de Asturias\",\"image\":{\"@type\":\"ImageObject\",\"@id\":\"https:\\\/\\\/www.eldigitaldeasturias.com\\\/noticias\\\/el-presidente-portugues-cumple-tres-anos-de-un-mandato-convulso-y-agitado\\\/#authorImage\",\"url\":\"https:\\\/\\\/secure.gravatar.com\\\/avatar\\\/df2aeffc32bcd13f8d26072ef8a91b623d677766deac7f97ca815868cd41bf5e?s=96&d=mm&r=g\",\"width\":96,\"height\":96,\"caption\":\"El Digital de Asturias\"}},{\"@type\":\"WebPage\",\"@id\":\"https:\\\/\\\/www.eldigitaldeasturias.com\\\/noticias\\\/el-presidente-portugues-cumple-tres-anos-de-un-mandato-convulso-y-agitado\\\/#webpage\",\"url\":\"https:\\\/\\\/www.eldigitaldeasturias.com\\\/noticias\\\/el-presidente-portugues-cumple-tres-anos-de-un-mandato-convulso-y-agitado\\\/\",\"name\":\"El presidente portugu\\u00e9s cumple tres a\\u00f1os de un mandato convulso y agitado - El Digital de Asturias\",\"description\":\"Lisboa, 23 ene (EFE).- El jefe de Estado de Portugal, An\\u00edbal Cavaco Silva, cumpli\\u00f3 hoy tres a\\u00f1os en el cargo, un segundo mandato marcado por la crisis econ\\u00f3mica y el rescate y notablemente m\\u00e1s agitado de lo habitual para un presidente de la Rep\\u00fablica. En este per\\u00edodo, el dirigente conservador ha tenido que hacer frente\",\"inLanguage\":\"es-ES\",\"isPartOf\":{\"@id\":\"https:\\\/\\\/www.eldigitaldeasturias.com\\\/noticias\\\/#website\"},\"breadcrumb\":{\"@id\":\"https:\\\/\\\/www.eldigitaldeasturias.com\\\/noticias\\\/el-presidente-portugues-cumple-tres-anos-de-un-mandato-convulso-y-agitado\\\/#breadcrumblist\"},\"author\":{\"@id\":\"https:\\\/\\\/www.eldigitaldeasturias.com\\\/noticias\\\/author\\\/admin\\\/#author\"},\"creator\":{\"@id\":\"https:\\\/\\\/www.eldigitaldeasturias.com\\\/noticias\\\/author\\\/admin\\\/#author\"},\"image\":{\"@type\":\"ImageObject\",\"url\":\"https:\\\/\\\/www.eldigitaldeasturias.com\\\/noticias\\\/wp-content\\\/uploads\\\/2026\\\/06\\\/Contenidos.jpg\",\"@id\":\"https:\\\/\\\/www.eldigitaldeasturias.com\\\/noticias\\\/el-presidente-portugues-cumple-tres-anos-de-un-mandato-convulso-y-agitado\\\/#mainImage\",\"width\":1265,\"height\":697,\"caption\":\"Contenidos\"},\"primaryImageOfPage\":{\"@id\":\"https:\\\/\\\/www.eldigitaldeasturias.com\\\/noticias\\\/el-presidente-portugues-cumple-tres-anos-de-un-mandato-convulso-y-agitado\\\/#mainImage\"},\"datePublished\":\"2014-01-24T08:43:07+01:00\",\"dateModified\":\"2014-01-24T08:43:07+01:00\"},{\"@type\":\"WebSite\",\"@id\":\"https:\\\/\\\/www.eldigitaldeasturias.com\\\/noticias\\\/#website\",\"url\":\"https:\\\/\\\/www.eldigitaldeasturias.com\\\/noticias\\\/\",\"name\":\"El Digital de Asturias - Diario de actualidad y noticias\",\"alternateName\":\"El Digital de Asturias - Diario de actualidad y noticias\",\"description\":\"Hemeroteca\",\"inLanguage\":\"es-ES\",\"publisher\":{\"@id\":\"https:\\\/\\\/www.eldigitaldeasturias.com\\\/noticias\\\/#organization\"}}]}\n\t\t<\/script>\n\t\t<!-- All in One SEO Pro -->\r\n\t\t<title>El presidente portugu\u00e9s cumple tres a\u00f1os de un mandato convulso y agitado - El Digital de Asturias<\/title>\n\n","aioseo_head_json":{"title":"El presidente portugu\u00e9s cumple tres a\u00f1os de un mandato convulso y agitado - El Digital de Asturias","description":"Lisboa, 23 ene (EFE).- El jefe de Estado de Portugal, An\u00edbal Cavaco Silva, cumpli\u00f3 hoy tres a\u00f1os en el cargo, un segundo mandato marcado por la crisis econ\u00f3mica y el rescate y notablemente m\u00e1s agitado de lo habitual para un presidente de la Rep\u00fablica. En este per\u00edodo, el dirigente conservador ha tenido que hacer frente","canonical_url":"https:\/\/www.eldigitaldeasturias.com\/noticias\/el-presidente-portugues-cumple-tres-anos-de-un-mandato-convulso-y-agitado\/","robots":"max-image-preview:large","keywords":"actualidad","webmasterTools":{"google-site-verification":"UA-38556648-1","msvalidate.01":"7dfe9f3f1b24437ab69f4f2559babe99","miscellaneous":""},"schema":{"@context":"https:\/\/schema.org","@graph":[{"@type":"BlogPosting","@id":"https:\/\/www.eldigitaldeasturias.com\/noticias\/el-presidente-portugues-cumple-tres-anos-de-un-mandato-convulso-y-agitado\/#blogposting","name":"El presidente portugu\u00e9s cumple tres a\u00f1os de un mandato convulso y agitado - El Digital de Asturias","headline":"El presidente portugu\u00e9s cumple tres a\u00f1os de un mandato convulso y agitado","author":{"@id":"https:\/\/www.eldigitaldeasturias.com\/noticias\/author\/admin\/#author"},"publisher":{"@id":"https:\/\/www.eldigitaldeasturias.com\/noticias\/#organization"},"image":{"@type":"ImageObject","url":"https:\/\/www.eldigitaldeasturias.com\/noticias\/wp-content\/uploads\/2026\/06\/Contenidos.jpg","width":1265,"height":697,"caption":"Contenidos"},"datePublished":"2014-01-24T08:43:07+01:00","dateModified":"2014-01-24T08:43:07+01:00","inLanguage":"es-ES","mainEntityOfPage":{"@id":"https:\/\/www.eldigitaldeasturias.com\/noticias\/el-presidente-portugues-cumple-tres-anos-de-un-mandato-convulso-y-agitado\/#webpage"},"isPartOf":{"@id":"https:\/\/www.eldigitaldeasturias.com\/noticias\/el-presidente-portugues-cumple-tres-anos-de-un-mandato-convulso-y-agitado\/#webpage"},"articleSection":"Actualidad"},{"@type":"BreadcrumbList","@id":"https:\/\/www.eldigitaldeasturias.com\/noticias\/el-presidente-portugues-cumple-tres-anos-de-un-mandato-convulso-y-agitado\/#breadcrumblist","itemListElement":[{"@type":"ListItem","@id":"https:\/\/www.eldigitaldeasturias.com\/noticias#listItem","position":1,"name":"Home","item":"https:\/\/www.eldigitaldeasturias.com\/noticias","nextItem":{"@type":"ListItem","@id":"https:\/\/www.eldigitaldeasturias.com\/noticias\/category\/actualidad\/#listItem","name":"Actualidad"}},{"@type":"ListItem","@id":"https:\/\/www.eldigitaldeasturias.com\/noticias\/category\/actualidad\/#listItem","position":2,"name":"Actualidad","item":"https:\/\/www.eldigitaldeasturias.com\/noticias\/category\/actualidad\/","nextItem":{"@type":"ListItem","@id":"https:\/\/www.eldigitaldeasturias.com\/noticias\/el-presidente-portugues-cumple-tres-anos-de-un-mandato-convulso-y-agitado\/#listItem","name":"El presidente portugu\u00e9s cumple tres a\u00f1os de un mandato convulso y agitado"},"previousItem":{"@type":"ListItem","@id":"https:\/\/www.eldigitaldeasturias.com\/noticias#listItem","name":"Home"}},{"@type":"ListItem","@id":"https:\/\/www.eldigitaldeasturias.com\/noticias\/el-presidente-portugues-cumple-tres-anos-de-un-mandato-convulso-y-agitado\/#listItem","position":3,"name":"El presidente portugu\u00e9s cumple tres a\u00f1os de un mandato convulso y agitado","previousItem":{"@type":"ListItem","@id":"https:\/\/www.eldigitaldeasturias.com\/noticias\/category\/actualidad\/#listItem","name":"Actualidad"}}]},{"@type":"Organization","@id":"https:\/\/www.eldigitaldeasturias.com\/noticias\/#organization","name":"El Digital de Asturias","description":"Hemeroteca","url":"https:\/\/www.eldigitaldeasturias.com\/noticias\/","email":"info@eldigitaldeasturias.com","telephone":"+34652131393","logo":{"@type":"ImageObject","url":"https:\/\/www.eldigitaldeasturias.com\/noticias\/wp-content\/uploads\/2020\/12\/EDA.jpg","@id":"https:\/\/www.eldigitaldeasturias.com\/noticias\/el-presidente-portugues-cumple-tres-anos-de-un-mandato-convulso-y-agitado\/#organizationLogo"},"image":{"@id":"https:\/\/www.eldigitaldeasturias.com\/noticias\/el-presidente-portugues-cumple-tres-anos-de-un-mandato-convulso-y-agitado\/#organizationLogo"},"sameAs":["https:\/\/facebook.com\/eldigitaldeasturias","https:\/\/www.youtube.com\/channel\/UCZP-2wLEB9Rv6erhFmqVnvg"],"address":{"@id":"https:\/\/www.eldigitaldeasturias.com\/noticias\/#postaladdress","@type":"PostalAddress","streetAddress":"san antonio 4","postalCode":"33430","addressLocality":"Cand\u00e1s","addressRegion":"Asturias","addressCountry":"ES"}},{"@type":"Person","@id":"https:\/\/www.eldigitaldeasturias.com\/noticias\/author\/admin\/#author","url":"https:\/\/www.eldigitaldeasturias.com\/noticias\/author\/admin\/","name":"El Digital de Asturias","image":{"@type":"ImageObject","@id":"https:\/\/www.eldigitaldeasturias.com\/noticias\/el-presidente-portugues-cumple-tres-anos-de-un-mandato-convulso-y-agitado\/#authorImage","url":"https:\/\/secure.gravatar.com\/avatar\/df2aeffc32bcd13f8d26072ef8a91b623d677766deac7f97ca815868cd41bf5e?s=96&d=mm&r=g","width":96,"height":96,"caption":"El Digital de Asturias"}},{"@type":"WebPage","@id":"https:\/\/www.eldigitaldeasturias.com\/noticias\/el-presidente-portugues-cumple-tres-anos-de-un-mandato-convulso-y-agitado\/#webpage","url":"https:\/\/www.eldigitaldeasturias.com\/noticias\/el-presidente-portugues-cumple-tres-anos-de-un-mandato-convulso-y-agitado\/","name":"El presidente portugu\u00e9s cumple tres a\u00f1os de un mandato convulso y agitado - El Digital de Asturias","description":"Lisboa, 23 ene (EFE).- El jefe de Estado de Portugal, An\u00edbal Cavaco Silva, cumpli\u00f3 hoy tres a\u00f1os en el cargo, un segundo mandato marcado por la crisis econ\u00f3mica y el rescate y notablemente m\u00e1s agitado de lo habitual para un presidente de la Rep\u00fablica. En este per\u00edodo, el dirigente conservador ha tenido que hacer frente","inLanguage":"es-ES","isPartOf":{"@id":"https:\/\/www.eldigitaldeasturias.com\/noticias\/#website"},"breadcrumb":{"@id":"https:\/\/www.eldigitaldeasturias.com\/noticias\/el-presidente-portugues-cumple-tres-anos-de-un-mandato-convulso-y-agitado\/#breadcrumblist"},"author":{"@id":"https:\/\/www.eldigitaldeasturias.com\/noticias\/author\/admin\/#author"},"creator":{"@id":"https:\/\/www.eldigitaldeasturias.com\/noticias\/author\/admin\/#author"},"image":{"@type":"ImageObject","url":"https:\/\/www.eldigitaldeasturias.com\/noticias\/wp-content\/uploads\/2026\/06\/Contenidos.jpg","@id":"https:\/\/www.eldigitaldeasturias.com\/noticias\/el-presidente-portugues-cumple-tres-anos-de-un-mandato-convulso-y-agitado\/#mainImage","width":1265,"height":697,"caption":"Contenidos"},"primaryImageOfPage":{"@id":"https:\/\/www.eldigitaldeasturias.com\/noticias\/el-presidente-portugues-cumple-tres-anos-de-un-mandato-convulso-y-agitado\/#mainImage"},"datePublished":"2014-01-24T08:43:07+01:00","dateModified":"2014-01-24T08:43:07+01:00"},{"@type":"WebSite","@id":"https:\/\/www.eldigitaldeasturias.com\/noticias\/#website","url":"https:\/\/www.eldigitaldeasturias.com\/noticias\/","name":"El Digital de Asturias - Diario de actualidad y noticias","alternateName":"El Digital de Asturias - Diario de actualidad y noticias","description":"Hemeroteca","inLanguage":"es-ES","publisher":{"@id":"https:\/\/www.eldigitaldeasturias.com\/noticias\/#organization"}}]},"og:locale":"es_ES","og:site_name":"El Digital de Asturias","og:type":"article","og:title":"El presidente portugu\u00e9s cumple tres a\u00f1os de un mandato convulso y agitado - El Digital de Asturias","og:description":"Lisboa, 23 ene (EFE).- El jefe de Estado de Portugal, An\u00edbal Cavaco Silva, cumpli\u00f3 hoy tres a\u00f1os en el cargo, un segundo mandato marcado por la crisis econ\u00f3mica y el rescate y notablemente m\u00e1s agitado de lo habitual para un presidente de la Rep\u00fablica. En este per\u00edodo, el dirigente conservador ha tenido que hacer frente","og:url":"https:\/\/www.eldigitaldeasturias.com\/noticias\/el-presidente-portugues-cumple-tres-anos-de-un-mandato-convulso-y-agitado\/","og:image":"https:\/\/www.eldigitaldeasturias.com\/noticias\/wp-content\/uploads\/2026\/06\/Contenidos.jpg","og:image:secure_url":"https:\/\/www.eldigitaldeasturias.com\/noticias\/wp-content\/uploads\/2026\/06\/Contenidos.jpg","og:image:width":1265,"og:image:height":697,"article:tag":["actualidad"],"article:published_time":"2014-01-24T09:43:07+00:00","article:modified_time":"2014-01-24T09:43:07+00:00","article:publisher":"https:\/\/facebook.com\/eldigitaldeasturias","twitter:card":"summary_large_image","twitter:title":"El presidente portugu\u00e9s cumple tres a\u00f1os de un mandato convulso y agitado - El Digital de Asturias","twitter:description":"Lisboa, 23 ene (EFE).- El jefe de Estado de Portugal, An\u00edbal Cavaco Silva, cumpli\u00f3 hoy tres a\u00f1os en el cargo, un segundo mandato marcado por la crisis econ\u00f3mica y el rescate y notablemente m\u00e1s agitado de lo habitual para un presidente de la Rep\u00fablica. En este per\u00edodo, el dirigente conservador ha tenido que hacer frente","twitter:image":"https:\/\/www.eldigitaldeasturias.com\/noticias\/wp-content\/uploads\/2026\/06\/Contenidos.jpg","twitter:label1":"Escrito por","twitter:data1":"El Digital de Asturias","twitter:label2":"Tiempo de lectura estimado","twitter:data2":"4 minutos"},"aioseo_meta_data":{"post_id":"478049","title":null,"description":null,"keywords":null,"keyphrases":null,"primary_term":null,"canonical_url":null,"og_title":null,"og_description":null,"og_object_type":"default","og_image_type":"default","og_image_url":null,"og_image_width":null,"og_image_height":null,"og_image_custom_url":null,"og_image_custom_fields":null,"og_video":null,"og_custom_url":null,"og_article_section":null,"og_article_tags":null,"twitter_use_og":true,"twitter_card":"default","twitter_image_type":"default","twitter_image_url":null,"twitter_image_custom_url":null,"twitter_image_custom_fields":null,"twitter_title":null,"twitter_description":null,"schema":{"blockGraphs":[],"customGraphs":[],"default":{"data":{"Article":[],"Course":[],"Dataset":[],"FAQPage":[],"Movie":[],"Person":[],"Product":[],"ProductReview":[],"Car":[],"Recipe":[],"Service":[],"SoftwareApplication":[],"WebPage":[]},"graphName":"","isEnabled":true},"graphs":[],"defaultGraph":"","defaultPostTypeGraph":""},"schema_type":null,"schema_type_options":null,"pillar_content":false,"robots_default":true,"robots_noindex":false,"robots_noarchive":false,"robots_nosnippet":false,"robots_nofollow":false,"robots_noimageindex":false,"robots_noodp":false,"robots_notranslate":false,"robots_max_snippet":null,"robots_max_videopreview":null,"robots_max_imagepreview":"none","priority":null,"frequency":null,"local_seo":null,"seo_analyzer_scan_date":"2026-06-01 20:19:53","breadcrumb_settings":null,"limit_modified_date":false,"open_ai":null,"ai":null,"created":"2020-11-14 22:53:48","updated":"2026-06-01 20:19:53","focus_keyword":null,"additional_keywords":null,"truseo_locale":null},"aioseo_breadcrumb":"<div class=\"aioseo-breadcrumbs\"><span class=\"aioseo-breadcrumb\">\n\t<a href=\"https:\/\/www.eldigitaldeasturias.com\/noticias\" title=\"Home\">Home<\/a>\n<\/span><span class=\"aioseo-breadcrumb-separator\">\u2013<\/span><span class=\"aioseo-breadcrumb\">\n\t<a href=\"https:\/\/www.eldigitaldeasturias.com\/noticias\/category\/actualidad\/\" title=\"Actualidad\">Actualidad<\/a>\n<\/span><span class=\"aioseo-breadcrumb-separator\">\u2013<\/span><span class=\"aioseo-breadcrumb\">\n\t<a href=\"https:\/\/www.eldigitaldeasturias.com\/noticias\/el-presidente-portugues-cumple-tres-anos-de-un-mandato-convulso-y-agitado\/\" title=\"El presidente portugu\u00e9s cumple tres a\u00f1os de un mandato convulso y agitado\">El presidente portugu\u00e9s cumple tres a\u00f1os de un mandato convulso y agitado<\/a>\n<\/span><\/div>","aioseo_breadcrumb_json":[{"label":"Home","link":"https:\/\/www.eldigitaldeasturias.com\/noticias"},{"label":"Actualidad","link":"https:\/\/www.eldigitaldeasturias.com\/noticias\/category\/actualidad\/"},{"label":"El presidente portugu\u00e9s cumple tres a\u00f1os de un mandato convulso y agitado","link":"https:\/\/www.eldigitaldeasturias.com\/noticias\/el-presidente-portugues-cumple-tres-anos-de-un-mandato-convulso-y-agitado\/"}],"_links":{"self":[{"href":"https:\/\/www.eldigitaldeasturias.com\/noticias\/wp-json\/wp\/v2\/posts\/478049","targetHints":{"allow":["GET"]}}],"collection":[{"href":"https:\/\/www.eldigitaldeasturias.com\/noticias\/wp-json\/wp\/v2\/posts"}],"about":[{"href":"https:\/\/www.eldigitaldeasturias.com\/noticias\/wp-json\/wp\/v2\/types\/post"}],"author":[{"embeddable":true,"href":"https:\/\/www.eldigitaldeasturias.com\/noticias\/wp-json\/wp\/v2\/users\/1"}],"replies":[{"embeddable":true,"href":"https:\/\/www.eldigitaldeasturias.com\/noticias\/wp-json\/wp\/v2\/comments?post=478049"}],"version-history":[{"count":0,"href":"https:\/\/www.eldigitaldeasturias.com\/noticias\/wp-json\/wp\/v2\/posts\/478049\/revisions"}],"wp:featuredmedia":[{"embeddable":true,"href":"https:\/\/www.eldigitaldeasturias.com\/noticias\/wp-json\/wp\/v2\/media\/1132184"}],"wp:attachment":[{"href":"https:\/\/www.eldigitaldeasturias.com\/noticias\/wp-json\/wp\/v2\/media?parent=478049"}],"wp:term":[{"taxonomy":"category","embeddable":true,"href":"https:\/\/www.eldigitaldeasturias.com\/noticias\/wp-json\/wp\/v2\/categories?post=478049"},{"taxonomy":"post_tag","embeddable":true,"href":"https:\/\/www.eldigitaldeasturias.com\/noticias\/wp-json\/wp\/v2\/tags?post=478049"}],"curies":[{"name":"wp","href":"https:\/\/api.w.org\/{rel}","templated":true}]}}