{"id":478043,"date":"2014-01-24T08:40:22","date_gmt":"2014-01-24T09:40:22","guid":{"rendered":"http:\/\/www.eldigitaldeasturias.com\/noticias\/?p=478043"},"modified":"2014-01-24T08:40:22","modified_gmt":"2014-01-24T09:40:22","slug":"el-eurodiputado-raul-romeva-ira-en-las-europeas-en-las-listas-de-los-verdes-franceses","status":"publish","type":"post","link":"https:\/\/www.eldigitaldeasturias.com\/noticias\/el-eurodiputado-raul-romeva-ira-en-las-europeas-en-las-listas-de-los-verdes-franceses\/","title":{"rendered":"El eurodiputado Raul Romeva ir\u00e1 en las europeas en las listas de los Verdes franceses"},"content":{"rendered":"<p><img loading=\"lazy\" decoding=\"async\" class=\"alignleft size-medium wp-image-478044\" alt=\"5871637w\" src=\"https:\/\/www.eldigitaldeasturias.com\/noticias\/wp-content\/uploads\/2014\/01\/5871637w-360x239.jpg\" width=\"360\" height=\"239\" \/>Bruselas, 23 ene (EFE).- El eurodiputado de ICV Raul Romeva, que ha renunciado a volver a ser candidato por la formaci\u00f3n catalana, concurrir\u00e1 en las listas de los Verdes franceses en las pr\u00f3ximas elecciones europeas, confirm\u00f3 a Efe el europarlamentario.<\/p>\n<p>Romeva estar\u00e1 en la lista de \u00abEurope Ecologie-les Verts\u00bb en la circunscripci\u00f3n electoral francesa del Sudeste, de la que ser\u00e1 cabeza de lista su compa\u00f1ero de filas en la Euroc\u00e1mara Jos\u00e9 Bov\u00e9.<\/p>\n<p>El eurodiputado de ICV se\u00f1al\u00f3 que ha aceptado hacer campa\u00f1a con Bov\u00e9 y estar en su lista \u00absiempre que sea en un puesto al final sin posibilidades de salir\u00bb.<\/p>\n<p>Romeva, que ha ocupado el esca\u00f1o de ICV en las dos \u00faltimas legislaturas, dej\u00f3 claro desde el principio de su andadura en la Euroc\u00e1mara que no ser\u00eda diputado un tercer mandato.<\/p>\n<p>El eurodiputado justifica su decisi\u00f3n de no repetir en su convicci\u00f3n en la \u00abregeneraci\u00f3n democr\u00e1tica\u00bb, as\u00ed como para poder dedicar m\u00e1s tiempo a su familia.<\/p>\n<p>Bov\u00e9, de 60 a\u00f1os, es un pol\u00edtico y sindicalista franc\u00e9s del sector agr\u00edcola, figura relevante del movimiento del alternativo, portavoz desde 1993 de la organizaci\u00f3n internacional V\u00eda Campesina y que ya fue el cabeza de lista de su circunscripci\u00f3n en las europeas de 2009.<\/p>\n<p>El candidato de ICV para las pr\u00f3ximas elecciones al PE, elegido el pasado 21 de diciembre en primarias, es el economista y diplom\u00e1tico Ernest Urtasun.<\/p>\n<p>Urtasun, de 31 a\u00f1os, se impuso al otro candidato que aspiraba a encabezar la lista de ICV en las elecciones europeas del 25 de mayo de 2014, el &#8216;exconseller&#8217; de Medio Ambiente y Vivienda Salvador Mil\u00e0.<\/p>\n","protected":false},"excerpt":{"rendered":"<p>Bruselas, 23 ene (EFE).- El eurodiputado de ICV Raul Romeva, que ha renunciado a volver a ser candidato por la formaci\u00f3n catalana, concurrir\u00e1 en las listas de los Verdes franceses en las pr\u00f3ximas elecciones europeas, confirm\u00f3 a Efe el europarlamentario. Romeva estar\u00e1 en la lista de \u00abEurope Ecologie-les Verts\u00bb en la circunscripci\u00f3n electoral francesa del [&hellip;]<\/p>\n","protected":false},"author":1,"featured_media":1132184,"comment_status":"closed","ping_status":"open","sticky":false,"template":"","format":"standard","meta":{"footnotes":""},"categories":[1],"tags":[],"class_list":["post-478043","post","type-post","status-publish","format-standard","has-post-thumbnail","hentry","category-actualidad"],"aioseo_notices":[],"aioseo_head":"\n\t\t<!-- All in One SEO Pro 5.0.1 - aioseo.com -->\n\t<meta name=\"description\" content=\"Bruselas, 23 ene (EFE).- El eurodiputado de ICV Raul Romeva, que ha renunciado a volver a ser candidato por la formaci\u00f3n catalana, concurrir\u00e1 en las listas de los Verdes franceses en las pr\u00f3ximas elecciones europeas, confirm\u00f3 a Efe el europarlamentario. Romeva estar\u00e1 en la lista de &quot;Europe Ecologie-les Verts&quot; en la circunscripci\u00f3n electoral francesa del\" \/>\n\t<meta name=\"robots\" content=\"max-image-preview:large\" \/>\n\t<meta name=\"author\" content=\"El Digital de Asturias\"\/>\n\t<meta name=\"google-site-verification\" content=\"UA-38556648-1\" \/>\n\t<meta name=\"msvalidate.01\" content=\"7dfe9f3f1b24437ab69f4f2559babe99\" \/>\n\t<meta name=\"keywords\" content=\"actualidad\" \/>\n\t<link rel=\"canonical\" href=\"https:\/\/www.eldigitaldeasturias.com\/noticias\/el-eurodiputado-raul-romeva-ira-en-las-europeas-en-las-listas-de-los-verdes-franceses\/\" \/>\n\t<meta name=\"generator\" content=\"All in One SEO Pro (AIOSEO) 5.0.1\" \/>\n\t\t<meta property=\"og:locale\" content=\"es_ES\" \/>\n\t\t<meta property=\"og:site_name\" content=\"El Digital de Asturias\" \/>\n\t\t<meta property=\"og:type\" content=\"article\" \/>\n\t\t<meta property=\"og:title\" content=\"El eurodiputado Raul Romeva ir\u00e1 en las europeas en las listas de los Verdes franceses - El Digital de Asturias\" \/>\n\t\t<meta property=\"og:description\" content=\"Bruselas, 23 ene (EFE).- El eurodiputado de ICV Raul Romeva, que ha renunciado a volver a ser candidato por la formaci\u00f3n catalana, concurrir\u00e1 en las listas de los Verdes franceses en las pr\u00f3ximas elecciones europeas, confirm\u00f3 a Efe el europarlamentario. Romeva estar\u00e1 en la lista de &quot;Europe Ecologie-les Verts&quot; en la circunscripci\u00f3n electoral francesa del\" \/>\n\t\t<meta property=\"og:url\" content=\"https:\/\/www.eldigitaldeasturias.com\/noticias\/el-eurodiputado-raul-romeva-ira-en-las-europeas-en-las-listas-de-los-verdes-franceses\/\" \/>\n\t\t<meta property=\"og:image\" content=\"https:\/\/www.eldigitaldeasturias.com\/noticias\/wp-content\/uploads\/2026\/06\/Contenidos.jpg\" \/>\n\t\t<meta property=\"og:image:secure_url\" content=\"https:\/\/www.eldigitaldeasturias.com\/noticias\/wp-content\/uploads\/2026\/06\/Contenidos.jpg\" \/>\n\t\t<meta property=\"og:image:width\" content=\"1265\" \/>\n\t\t<meta property=\"og:image:height\" content=\"697\" \/>\n\t\t<meta property=\"article:tag\" content=\"actualidad\" \/>\n\t\t<meta property=\"article:published_time\" content=\"2014-01-24T09:40:22+00:00\" \/>\n\t\t<meta property=\"article:modified_time\" content=\"2014-01-24T09:40:22+00:00\" \/>\n\t\t<meta property=\"article:publisher\" content=\"https:\/\/facebook.com\/eldigitaldeasturias\" \/>\n\t\t<meta name=\"twitter:card\" content=\"summary_large_image\" \/>\n\t\t<meta name=\"twitter:title\" content=\"El eurodiputado Raul Romeva ir\u00e1 en las europeas en las listas de los Verdes franceses - El Digital de Asturias\" \/>\n\t\t<meta name=\"twitter:description\" content=\"Bruselas, 23 ene (EFE).- El eurodiputado de ICV Raul Romeva, que ha renunciado a volver a ser candidato por la formaci\u00f3n catalana, concurrir\u00e1 en las listas de los Verdes franceses en las pr\u00f3ximas elecciones europeas, confirm\u00f3 a Efe el europarlamentario. Romeva estar\u00e1 en la lista de &quot;Europe Ecologie-les Verts&quot; en la circunscripci\u00f3n electoral francesa del\" \/>\n\t\t<meta name=\"twitter:image\" content=\"https:\/\/www.eldigitaldeasturias.com\/noticias\/wp-content\/uploads\/2026\/06\/Contenidos.jpg\" \/>\n\t\t<meta name=\"twitter:label1\" content=\"Escrito por\" \/>\n\t\t<meta name=\"twitter:data1\" content=\"El Digital de Asturias\" \/>\n\t\t<meta name=\"twitter:label2\" content=\"Tiempo de lectura estimado\" \/>\n\t\t<meta name=\"twitter:data2\" content=\"1 minuto\" \/>\n\t\t<script type=\"application\/ld+json\" class=\"aioseo-schema\">\n\t\t\t{\"@context\":\"https:\\\/\\\/schema.org\",\"@graph\":[{\"@type\":\"BlogPosting\",\"@id\":\"https:\\\/\\\/www.eldigitaldeasturias.com\\\/noticias\\\/el-eurodiputado-raul-romeva-ira-en-las-europeas-en-las-listas-de-los-verdes-franceses\\\/#blogposting\",\"name\":\"El eurodiputado Raul Romeva ir\\u00e1 en las europeas en las listas de los Verdes franceses - El Digital de Asturias\",\"headline\":\"El eurodiputado Raul Romeva ir\\u00e1 en las europeas en las listas de los Verdes franceses\",\"author\":{\"@id\":\"https:\\\/\\\/www.eldigitaldeasturias.com\\\/noticias\\\/author\\\/admin\\\/#author\"},\"publisher\":{\"@id\":\"https:\\\/\\\/www.eldigitaldeasturias.com\\\/noticias\\\/#organization\"},\"image\":{\"@type\":\"ImageObject\",\"url\":\"https:\\\/\\\/www.eldigitaldeasturias.com\\\/noticias\\\/wp-content\\\/uploads\\\/2026\\\/06\\\/Contenidos.jpg\",\"width\":1265,\"height\":697,\"caption\":\"Contenidos\"},\"datePublished\":\"2014-01-24T08:40:22+01:00\",\"dateModified\":\"2014-01-24T08:40:22+01:00\",\"inLanguage\":\"es-ES\",\"mainEntityOfPage\":{\"@id\":\"https:\\\/\\\/www.eldigitaldeasturias.com\\\/noticias\\\/el-eurodiputado-raul-romeva-ira-en-las-europeas-en-las-listas-de-los-verdes-franceses\\\/#webpage\"},\"isPartOf\":{\"@id\":\"https:\\\/\\\/www.eldigitaldeasturias.com\\\/noticias\\\/el-eurodiputado-raul-romeva-ira-en-las-europeas-en-las-listas-de-los-verdes-franceses\\\/#webpage\"},\"articleSection\":\"Actualidad\"},{\"@type\":\"BreadcrumbList\",\"@id\":\"https:\\\/\\\/www.eldigitaldeasturias.com\\\/noticias\\\/el-eurodiputado-raul-romeva-ira-en-las-europeas-en-las-listas-de-los-verdes-franceses\\\/#breadcrumblist\",\"itemListElement\":[{\"@type\":\"ListItem\",\"@id\":\"https:\\\/\\\/www.eldigitaldeasturias.com\\\/noticias#listItem\",\"position\":1,\"name\":\"Home\",\"item\":\"https:\\\/\\\/www.eldigitaldeasturias.com\\\/noticias\",\"nextItem\":{\"@type\":\"ListItem\",\"@id\":\"https:\\\/\\\/www.eldigitaldeasturias.com\\\/noticias\\\/category\\\/actualidad\\\/#listItem\",\"name\":\"Actualidad\"}},{\"@type\":\"ListItem\",\"@id\":\"https:\\\/\\\/www.eldigitaldeasturias.com\\\/noticias\\\/category\\\/actualidad\\\/#listItem\",\"position\":2,\"name\":\"Actualidad\",\"item\":\"https:\\\/\\\/www.eldigitaldeasturias.com\\\/noticias\\\/category\\\/actualidad\\\/\",\"nextItem\":{\"@type\":\"ListItem\",\"@id\":\"https:\\\/\\\/www.eldigitaldeasturias.com\\\/noticias\\\/el-eurodiputado-raul-romeva-ira-en-las-europeas-en-las-listas-de-los-verdes-franceses\\\/#listItem\",\"name\":\"El eurodiputado Raul Romeva ir\\u00e1 en las europeas en las listas de los Verdes franceses\"},\"previousItem\":{\"@type\":\"ListItem\",\"@id\":\"https:\\\/\\\/www.eldigitaldeasturias.com\\\/noticias#listItem\",\"name\":\"Home\"}},{\"@type\":\"ListItem\",\"@id\":\"https:\\\/\\\/www.eldigitaldeasturias.com\\\/noticias\\\/el-eurodiputado-raul-romeva-ira-en-las-europeas-en-las-listas-de-los-verdes-franceses\\\/#listItem\",\"position\":3,\"name\":\"El eurodiputado Raul Romeva ir\\u00e1 en las europeas en las listas de los Verdes franceses\",\"previousItem\":{\"@type\":\"ListItem\",\"@id\":\"https:\\\/\\\/www.eldigitaldeasturias.com\\\/noticias\\\/category\\\/actualidad\\\/#listItem\",\"name\":\"Actualidad\"}}]},{\"@type\":\"Organization\",\"@id\":\"https:\\\/\\\/www.eldigitaldeasturias.com\\\/noticias\\\/#organization\",\"name\":\"El Digital de Asturias\",\"description\":\"Hemeroteca\",\"url\":\"https:\\\/\\\/www.eldigitaldeasturias.com\\\/noticias\\\/\",\"email\":\"info@eldigitaldeasturias.com\",\"telephone\":\"+34652131393\",\"logo\":{\"@type\":\"ImageObject\",\"url\":\"https:\\\/\\\/www.eldigitaldeasturias.com\\\/noticias\\\/wp-content\\\/uploads\\\/2020\\\/12\\\/EDA.jpg\",\"@id\":\"https:\\\/\\\/www.eldigitaldeasturias.com\\\/noticias\\\/el-eurodiputado-raul-romeva-ira-en-las-europeas-en-las-listas-de-los-verdes-franceses\\\/#organizationLogo\"},\"image\":{\"@id\":\"https:\\\/\\\/www.eldigitaldeasturias.com\\\/noticias\\\/el-eurodiputado-raul-romeva-ira-en-las-europeas-en-las-listas-de-los-verdes-franceses\\\/#organizationLogo\"},\"sameAs\":[\"https:\\\/\\\/facebook.com\\\/eldigitaldeasturias\",\"https:\\\/\\\/www.youtube.com\\\/channel\\\/UCZP-2wLEB9Rv6erhFmqVnvg\"],\"address\":{\"@id\":\"https:\\\/\\\/www.eldigitaldeasturias.com\\\/noticias\\\/#postaladdress\",\"@type\":\"PostalAddress\",\"streetAddress\":\"san antonio 4\",\"postalCode\":\"33430\",\"addressLocality\":\"Cand\\u00e1s\",\"addressRegion\":\"Asturias\",\"addressCountry\":\"ES\"}},{\"@type\":\"Person\",\"@id\":\"https:\\\/\\\/www.eldigitaldeasturias.com\\\/noticias\\\/author\\\/admin\\\/#author\",\"url\":\"https:\\\/\\\/www.eldigitaldeasturias.com\\\/noticias\\\/author\\\/admin\\\/\",\"name\":\"El Digital de Asturias\",\"image\":{\"@type\":\"ImageObject\",\"@id\":\"https:\\\/\\\/www.eldigitaldeasturias.com\\\/noticias\\\/el-eurodiputado-raul-romeva-ira-en-las-europeas-en-las-listas-de-los-verdes-franceses\\\/#authorImage\",\"url\":\"https:\\\/\\\/secure.gravatar.com\\\/avatar\\\/df2aeffc32bcd13f8d26072ef8a91b623d677766deac7f97ca815868cd41bf5e?s=96&d=mm&r=g\",\"width\":96,\"height\":96,\"caption\":\"El Digital de Asturias\"}},{\"@type\":\"WebPage\",\"@id\":\"https:\\\/\\\/www.eldigitaldeasturias.com\\\/noticias\\\/el-eurodiputado-raul-romeva-ira-en-las-europeas-en-las-listas-de-los-verdes-franceses\\\/#webpage\",\"url\":\"https:\\\/\\\/www.eldigitaldeasturias.com\\\/noticias\\\/el-eurodiputado-raul-romeva-ira-en-las-europeas-en-las-listas-de-los-verdes-franceses\\\/\",\"name\":\"El eurodiputado Raul Romeva ir\\u00e1 en las europeas en las listas de los Verdes franceses - El Digital de Asturias\",\"description\":\"Bruselas, 23 ene (EFE).- El eurodiputado de ICV Raul Romeva, que ha renunciado a volver a ser candidato por la formaci\\u00f3n catalana, concurrir\\u00e1 en las listas de los Verdes franceses en las pr\\u00f3ximas elecciones europeas, confirm\\u00f3 a Efe el europarlamentario. Romeva estar\\u00e1 en la lista de \\\"Europe Ecologie-les Verts\\\" en la circunscripci\\u00f3n electoral francesa del\",\"inLanguage\":\"es-ES\",\"isPartOf\":{\"@id\":\"https:\\\/\\\/www.eldigitaldeasturias.com\\\/noticias\\\/#website\"},\"breadcrumb\":{\"@id\":\"https:\\\/\\\/www.eldigitaldeasturias.com\\\/noticias\\\/el-eurodiputado-raul-romeva-ira-en-las-europeas-en-las-listas-de-los-verdes-franceses\\\/#breadcrumblist\"},\"author\":{\"@id\":\"https:\\\/\\\/www.eldigitaldeasturias.com\\\/noticias\\\/author\\\/admin\\\/#author\"},\"creator\":{\"@id\":\"https:\\\/\\\/www.eldigitaldeasturias.com\\\/noticias\\\/author\\\/admin\\\/#author\"},\"image\":{\"@type\":\"ImageObject\",\"url\":\"https:\\\/\\\/www.eldigitaldeasturias.com\\\/noticias\\\/wp-content\\\/uploads\\\/2026\\\/06\\\/Contenidos.jpg\",\"@id\":\"https:\\\/\\\/www.eldigitaldeasturias.com\\\/noticias\\\/el-eurodiputado-raul-romeva-ira-en-las-europeas-en-las-listas-de-los-verdes-franceses\\\/#mainImage\",\"width\":1265,\"height\":697,\"caption\":\"Contenidos\"},\"primaryImageOfPage\":{\"@id\":\"https:\\\/\\\/www.eldigitaldeasturias.com\\\/noticias\\\/el-eurodiputado-raul-romeva-ira-en-las-europeas-en-las-listas-de-los-verdes-franceses\\\/#mainImage\"},\"datePublished\":\"2014-01-24T08:40:22+01:00\",\"dateModified\":\"2014-01-24T08:40:22+01:00\"},{\"@type\":\"WebSite\",\"@id\":\"https:\\\/\\\/www.eldigitaldeasturias.com\\\/noticias\\\/#website\",\"url\":\"https:\\\/\\\/www.eldigitaldeasturias.com\\\/noticias\\\/\",\"name\":\"El Digital de Asturias - Diario de actualidad y noticias\",\"alternateName\":\"El Digital de Asturias - Diario de actualidad y noticias\",\"description\":\"Hemeroteca\",\"inLanguage\":\"es-ES\",\"publisher\":{\"@id\":\"https:\\\/\\\/www.eldigitaldeasturias.com\\\/noticias\\\/#organization\"}}]}\n\t\t<\/script>\n\t\t<!-- All in One SEO Pro -->\r\n\t\t<title>El eurodiputado Raul Romeva ir\u00e1 en las europeas en las listas de los Verdes franceses - El Digital de Asturias<\/title>\n\n","aioseo_head_json":{"title":"El eurodiputado Raul Romeva ir\u00e1 en las europeas en las listas de los Verdes franceses - El Digital de Asturias","description":"Bruselas, 23 ene (EFE).- El eurodiputado de ICV Raul Romeva, que ha renunciado a volver a ser candidato por la formaci\u00f3n catalana, concurrir\u00e1 en las listas de los Verdes franceses en las pr\u00f3ximas elecciones europeas, confirm\u00f3 a Efe el europarlamentario. Romeva estar\u00e1 en la lista de \"Europe Ecologie-les Verts\" en la circunscripci\u00f3n electoral francesa del","canonical_url":"https:\/\/www.eldigitaldeasturias.com\/noticias\/el-eurodiputado-raul-romeva-ira-en-las-europeas-en-las-listas-de-los-verdes-franceses\/","robots":"max-image-preview:large","keywords":"actualidad","webmasterTools":{"google-site-verification":"UA-38556648-1","msvalidate.01":"7dfe9f3f1b24437ab69f4f2559babe99","miscellaneous":""},"schema":{"@context":"https:\/\/schema.org","@graph":[{"@type":"BlogPosting","@id":"https:\/\/www.eldigitaldeasturias.com\/noticias\/el-eurodiputado-raul-romeva-ira-en-las-europeas-en-las-listas-de-los-verdes-franceses\/#blogposting","name":"El eurodiputado Raul Romeva ir\u00e1 en las europeas en las listas de los Verdes franceses - El Digital de Asturias","headline":"El eurodiputado Raul Romeva ir\u00e1 en las europeas en las listas de los Verdes franceses","author":{"@id":"https:\/\/www.eldigitaldeasturias.com\/noticias\/author\/admin\/#author"},"publisher":{"@id":"https:\/\/www.eldigitaldeasturias.com\/noticias\/#organization"},"image":{"@type":"ImageObject","url":"https:\/\/www.eldigitaldeasturias.com\/noticias\/wp-content\/uploads\/2026\/06\/Contenidos.jpg","width":1265,"height":697,"caption":"Contenidos"},"datePublished":"2014-01-24T08:40:22+01:00","dateModified":"2014-01-24T08:40:22+01:00","inLanguage":"es-ES","mainEntityOfPage":{"@id":"https:\/\/www.eldigitaldeasturias.com\/noticias\/el-eurodiputado-raul-romeva-ira-en-las-europeas-en-las-listas-de-los-verdes-franceses\/#webpage"},"isPartOf":{"@id":"https:\/\/www.eldigitaldeasturias.com\/noticias\/el-eurodiputado-raul-romeva-ira-en-las-europeas-en-las-listas-de-los-verdes-franceses\/#webpage"},"articleSection":"Actualidad"},{"@type":"BreadcrumbList","@id":"https:\/\/www.eldigitaldeasturias.com\/noticias\/el-eurodiputado-raul-romeva-ira-en-las-europeas-en-las-listas-de-los-verdes-franceses\/#breadcrumblist","itemListElement":[{"@type":"ListItem","@id":"https:\/\/www.eldigitaldeasturias.com\/noticias#listItem","position":1,"name":"Home","item":"https:\/\/www.eldigitaldeasturias.com\/noticias","nextItem":{"@type":"ListItem","@id":"https:\/\/www.eldigitaldeasturias.com\/noticias\/category\/actualidad\/#listItem","name":"Actualidad"}},{"@type":"ListItem","@id":"https:\/\/www.eldigitaldeasturias.com\/noticias\/category\/actualidad\/#listItem","position":2,"name":"Actualidad","item":"https:\/\/www.eldigitaldeasturias.com\/noticias\/category\/actualidad\/","nextItem":{"@type":"ListItem","@id":"https:\/\/www.eldigitaldeasturias.com\/noticias\/el-eurodiputado-raul-romeva-ira-en-las-europeas-en-las-listas-de-los-verdes-franceses\/#listItem","name":"El eurodiputado Raul Romeva ir\u00e1 en las europeas en las listas de los Verdes franceses"},"previousItem":{"@type":"ListItem","@id":"https:\/\/www.eldigitaldeasturias.com\/noticias#listItem","name":"Home"}},{"@type":"ListItem","@id":"https:\/\/www.eldigitaldeasturias.com\/noticias\/el-eurodiputado-raul-romeva-ira-en-las-europeas-en-las-listas-de-los-verdes-franceses\/#listItem","position":3,"name":"El eurodiputado Raul Romeva ir\u00e1 en las europeas en las listas de los Verdes franceses","previousItem":{"@type":"ListItem","@id":"https:\/\/www.eldigitaldeasturias.com\/noticias\/category\/actualidad\/#listItem","name":"Actualidad"}}]},{"@type":"Organization","@id":"https:\/\/www.eldigitaldeasturias.com\/noticias\/#organization","name":"El Digital de Asturias","description":"Hemeroteca","url":"https:\/\/www.eldigitaldeasturias.com\/noticias\/","email":"info@eldigitaldeasturias.com","telephone":"+34652131393","logo":{"@type":"ImageObject","url":"https:\/\/www.eldigitaldeasturias.com\/noticias\/wp-content\/uploads\/2020\/12\/EDA.jpg","@id":"https:\/\/www.eldigitaldeasturias.com\/noticias\/el-eurodiputado-raul-romeva-ira-en-las-europeas-en-las-listas-de-los-verdes-franceses\/#organizationLogo"},"image":{"@id":"https:\/\/www.eldigitaldeasturias.com\/noticias\/el-eurodiputado-raul-romeva-ira-en-las-europeas-en-las-listas-de-los-verdes-franceses\/#organizationLogo"},"sameAs":["https:\/\/facebook.com\/eldigitaldeasturias","https:\/\/www.youtube.com\/channel\/UCZP-2wLEB9Rv6erhFmqVnvg"],"address":{"@id":"https:\/\/www.eldigitaldeasturias.com\/noticias\/#postaladdress","@type":"PostalAddress","streetAddress":"san antonio 4","postalCode":"33430","addressLocality":"Cand\u00e1s","addressRegion":"Asturias","addressCountry":"ES"}},{"@type":"Person","@id":"https:\/\/www.eldigitaldeasturias.com\/noticias\/author\/admin\/#author","url":"https:\/\/www.eldigitaldeasturias.com\/noticias\/author\/admin\/","name":"El Digital de Asturias","image":{"@type":"ImageObject","@id":"https:\/\/www.eldigitaldeasturias.com\/noticias\/el-eurodiputado-raul-romeva-ira-en-las-europeas-en-las-listas-de-los-verdes-franceses\/#authorImage","url":"https:\/\/secure.gravatar.com\/avatar\/df2aeffc32bcd13f8d26072ef8a91b623d677766deac7f97ca815868cd41bf5e?s=96&d=mm&r=g","width":96,"height":96,"caption":"El Digital de Asturias"}},{"@type":"WebPage","@id":"https:\/\/www.eldigitaldeasturias.com\/noticias\/el-eurodiputado-raul-romeva-ira-en-las-europeas-en-las-listas-de-los-verdes-franceses\/#webpage","url":"https:\/\/www.eldigitaldeasturias.com\/noticias\/el-eurodiputado-raul-romeva-ira-en-las-europeas-en-las-listas-de-los-verdes-franceses\/","name":"El eurodiputado Raul Romeva ir\u00e1 en las europeas en las listas de los Verdes franceses - El Digital de Asturias","description":"Bruselas, 23 ene (EFE).- El eurodiputado de ICV Raul Romeva, que ha renunciado a volver a ser candidato por la formaci\u00f3n catalana, concurrir\u00e1 en las listas de los Verdes franceses en las pr\u00f3ximas elecciones europeas, confirm\u00f3 a Efe el europarlamentario. Romeva estar\u00e1 en la lista de \"Europe Ecologie-les Verts\" en la circunscripci\u00f3n electoral francesa del","inLanguage":"es-ES","isPartOf":{"@id":"https:\/\/www.eldigitaldeasturias.com\/noticias\/#website"},"breadcrumb":{"@id":"https:\/\/www.eldigitaldeasturias.com\/noticias\/el-eurodiputado-raul-romeva-ira-en-las-europeas-en-las-listas-de-los-verdes-franceses\/#breadcrumblist"},"author":{"@id":"https:\/\/www.eldigitaldeasturias.com\/noticias\/author\/admin\/#author"},"creator":{"@id":"https:\/\/www.eldigitaldeasturias.com\/noticias\/author\/admin\/#author"},"image":{"@type":"ImageObject","url":"https:\/\/www.eldigitaldeasturias.com\/noticias\/wp-content\/uploads\/2026\/06\/Contenidos.jpg","@id":"https:\/\/www.eldigitaldeasturias.com\/noticias\/el-eurodiputado-raul-romeva-ira-en-las-europeas-en-las-listas-de-los-verdes-franceses\/#mainImage","width":1265,"height":697,"caption":"Contenidos"},"primaryImageOfPage":{"@id":"https:\/\/www.eldigitaldeasturias.com\/noticias\/el-eurodiputado-raul-romeva-ira-en-las-europeas-en-las-listas-de-los-verdes-franceses\/#mainImage"},"datePublished":"2014-01-24T08:40:22+01:00","dateModified":"2014-01-24T08:40:22+01:00"},{"@type":"WebSite","@id":"https:\/\/www.eldigitaldeasturias.com\/noticias\/#website","url":"https:\/\/www.eldigitaldeasturias.com\/noticias\/","name":"El Digital de Asturias - Diario de actualidad y noticias","alternateName":"El Digital de Asturias - Diario de actualidad y noticias","description":"Hemeroteca","inLanguage":"es-ES","publisher":{"@id":"https:\/\/www.eldigitaldeasturias.com\/noticias\/#organization"}}]},"og:locale":"es_ES","og:site_name":"El Digital de Asturias","og:type":"article","og:title":"El eurodiputado Raul Romeva ir\u00e1 en las europeas en las listas de los Verdes franceses - El Digital de Asturias","og:description":"Bruselas, 23 ene (EFE).- El eurodiputado de ICV Raul Romeva, que ha renunciado a volver a ser candidato por la formaci\u00f3n catalana, concurrir\u00e1 en las listas de los Verdes franceses en las pr\u00f3ximas elecciones europeas, confirm\u00f3 a Efe el europarlamentario. Romeva estar\u00e1 en la lista de &quot;Europe Ecologie-les Verts&quot; en la circunscripci\u00f3n electoral francesa del","og:url":"https:\/\/www.eldigitaldeasturias.com\/noticias\/el-eurodiputado-raul-romeva-ira-en-las-europeas-en-las-listas-de-los-verdes-franceses\/","og:image":"https:\/\/www.eldigitaldeasturias.com\/noticias\/wp-content\/uploads\/2026\/06\/Contenidos.jpg","og:image:secure_url":"https:\/\/www.eldigitaldeasturias.com\/noticias\/wp-content\/uploads\/2026\/06\/Contenidos.jpg","og:image:width":1265,"og:image:height":697,"article:tag":["actualidad"],"article:published_time":"2014-01-24T09:40:22+00:00","article:modified_time":"2014-01-24T09:40:22+00:00","article:publisher":"https:\/\/facebook.com\/eldigitaldeasturias","twitter:card":"summary_large_image","twitter:title":"El eurodiputado Raul Romeva ir\u00e1 en las europeas en las listas de los Verdes franceses - El Digital de Asturias","twitter:description":"Bruselas, 23 ene (EFE).- El eurodiputado de ICV Raul Romeva, que ha renunciado a volver a ser candidato por la formaci\u00f3n catalana, concurrir\u00e1 en las listas de los Verdes franceses en las pr\u00f3ximas elecciones europeas, confirm\u00f3 a Efe el europarlamentario. Romeva estar\u00e1 en la lista de &quot;Europe Ecologie-les Verts&quot; en la circunscripci\u00f3n electoral francesa del","twitter:image":"https:\/\/www.eldigitaldeasturias.com\/noticias\/wp-content\/uploads\/2026\/06\/Contenidos.jpg","twitter:label1":"Escrito por","twitter:data1":"El Digital de Asturias","twitter:label2":"Tiempo de lectura estimado","twitter:data2":"1 minuto"},"aioseo_meta_data":{"post_id":"478043","title":null,"description":null,"keywords":null,"keyphrases":null,"primary_term":null,"canonical_url":null,"og_title":null,"og_description":null,"og_object_type":"default","og_image_type":"default","og_image_url":null,"og_image_width":null,"og_image_height":null,"og_image_custom_url":null,"og_image_custom_fields":null,"og_video":null,"og_custom_url":null,"og_article_section":null,"og_article_tags":null,"twitter_use_og":true,"twitter_card":"default","twitter_image_type":"default","twitter_image_url":null,"twitter_image_custom_url":null,"twitter_image_custom_fields":null,"twitter_title":null,"twitter_description":null,"schema":{"blockGraphs":[],"customGraphs":[],"default":{"data":{"Article":[],"Course":[],"Dataset":[],"FAQPage":[],"Movie":[],"Person":[],"Product":[],"ProductReview":[],"Car":[],"Recipe":[],"Service":[],"SoftwareApplication":[],"WebPage":[]},"graphName":"","isEnabled":true},"graphs":[],"defaultGraph":"","defaultPostTypeGraph":""},"schema_type":null,"schema_type_options":null,"pillar_content":false,"robots_default":true,"robots_noindex":false,"robots_noarchive":false,"robots_nosnippet":false,"robots_nofollow":false,"robots_noimageindex":false,"robots_noodp":false,"robots_notranslate":false,"robots_max_snippet":null,"robots_max_videopreview":null,"robots_max_imagepreview":"none","priority":null,"frequency":null,"local_seo":null,"seo_analyzer_scan_date":"2026-06-01 20:19:51","breadcrumb_settings":null,"limit_modified_date":false,"open_ai":null,"ai":null,"created":"2020-11-14 22:53:48","updated":"2026-06-01 20:19:51","focus_keyword":null,"additional_keywords":null,"truseo_locale":null},"aioseo_breadcrumb":"<div class=\"aioseo-breadcrumbs\"><span class=\"aioseo-breadcrumb\">\n\t<a href=\"https:\/\/www.eldigitaldeasturias.com\/noticias\" title=\"Home\">Home<\/a>\n<\/span><span class=\"aioseo-breadcrumb-separator\">\u2013<\/span><span class=\"aioseo-breadcrumb\">\n\t<a href=\"https:\/\/www.eldigitaldeasturias.com\/noticias\/category\/actualidad\/\" title=\"Actualidad\">Actualidad<\/a>\n<\/span><span class=\"aioseo-breadcrumb-separator\">\u2013<\/span><span class=\"aioseo-breadcrumb\">\n\t<a href=\"https:\/\/www.eldigitaldeasturias.com\/noticias\/el-eurodiputado-raul-romeva-ira-en-las-europeas-en-las-listas-de-los-verdes-franceses\/\" title=\"El eurodiputado Raul Romeva ir\u00e1 en las europeas en las listas de los Verdes franceses\">El eurodiputado Raul Romeva ir\u00e1 en las europeas en las listas de los Verdes franceses<\/a>\n<\/span><\/div>","aioseo_breadcrumb_json":[{"label":"Home","link":"https:\/\/www.eldigitaldeasturias.com\/noticias"},{"label":"Actualidad","link":"https:\/\/www.eldigitaldeasturias.com\/noticias\/category\/actualidad\/"},{"label":"El eurodiputado Raul Romeva ir\u00e1 en las europeas en las listas de los Verdes franceses","link":"https:\/\/www.eldigitaldeasturias.com\/noticias\/el-eurodiputado-raul-romeva-ira-en-las-europeas-en-las-listas-de-los-verdes-franceses\/"}],"_links":{"self":[{"href":"https:\/\/www.eldigitaldeasturias.com\/noticias\/wp-json\/wp\/v2\/posts\/478043","targetHints":{"allow":["GET"]}}],"collection":[{"href":"https:\/\/www.eldigitaldeasturias.com\/noticias\/wp-json\/wp\/v2\/posts"}],"about":[{"href":"https:\/\/www.eldigitaldeasturias.com\/noticias\/wp-json\/wp\/v2\/types\/post"}],"author":[{"embeddable":true,"href":"https:\/\/www.eldigitaldeasturias.com\/noticias\/wp-json\/wp\/v2\/users\/1"}],"replies":[{"embeddable":true,"href":"https:\/\/www.eldigitaldeasturias.com\/noticias\/wp-json\/wp\/v2\/comments?post=478043"}],"version-history":[{"count":0,"href":"https:\/\/www.eldigitaldeasturias.com\/noticias\/wp-json\/wp\/v2\/posts\/478043\/revisions"}],"wp:featuredmedia":[{"embeddable":true,"href":"https:\/\/www.eldigitaldeasturias.com\/noticias\/wp-json\/wp\/v2\/media\/1132184"}],"wp:attachment":[{"href":"https:\/\/www.eldigitaldeasturias.com\/noticias\/wp-json\/wp\/v2\/media?parent=478043"}],"wp:term":[{"taxonomy":"category","embeddable":true,"href":"https:\/\/www.eldigitaldeasturias.com\/noticias\/wp-json\/wp\/v2\/categories?post=478043"},{"taxonomy":"post_tag","embeddable":true,"href":"https:\/\/www.eldigitaldeasturias.com\/noticias\/wp-json\/wp\/v2\/tags?post=478043"}],"curies":[{"name":"wp","href":"https:\/\/api.w.org\/{rel}","templated":true}]}}