{"id":478040,"date":"2014-01-24T08:38:56","date_gmt":"2014-01-24T09:38:56","guid":{"rendered":"http:\/\/www.eldigitaldeasturias.com\/noticias\/?p=478040"},"modified":"2014-01-24T08:38:56","modified_gmt":"2014-01-24T09:38:56","slug":"opositores-venezolanos-llaman-a-protestar-contra-el-gobierno-apagando-las-luces","status":"publish","type":"post","link":"https:\/\/www.eldigitaldeasturias.com\/noticias\/opositores-venezolanos-llaman-a-protestar-contra-el-gobierno-apagando-las-luces\/","title":{"rendered":"Opositores venezolanos llaman a protestar contra el Gobierno apagando las luces"},"content":{"rendered":"<p><img loading=\"lazy\" decoding=\"async\" class=\"alignleft size-medium wp-image-478041\" alt=\"5871640w\" src=\"https:\/\/www.eldigitaldeasturias.com\/noticias\/wp-content\/uploads\/2014\/01\/5871640w-360x239.jpg\" width=\"360\" height=\"239\" \/>Caracas, 23 ene (EFE).- Dirigentes opositores venezolanos invitaron hoy a sus simpatizantes a apagar las luces esta noche durante diez minutos para protestar contra el Gobierno y hacer asambleas de calle para debatir sobre su \u00absalida\u00bb del poder.<\/p>\n<p>As\u00ed lo anunciaron la diputada Mar\u00eda Corina Machado y Leopoldo L\u00f3pez, l\u00edder del partido Voluntad Popular.<\/p>\n<p>\u00abRatificamos esa convocatoria de esta noche, diez minutos apagando a las 9 de la noche (1.30 GMT del viernes), las luces de nuestros hogares, repudiando todo lo oscuro que tiene este r\u00e9gimen de violencia, de corrupci\u00f3n, de divisi\u00f3n, de opresi\u00f3n\u00bb, dijo Machado en rueda de prensa.<\/p>\n<p>La propuesta de ambos opositores, que han definido un frente pol\u00edtico con iniciativas al margen de la Mesa de la Unidad Democr\u00e1tica (MUD), alianza que aglutina a casi todos los partidos opositores, tiene lugar en el d\u00eda en que se cumplen 56 a\u00f1os del fin de la dictadura militar de Marcos P\u00e9rez Jim\u00e9nez, r\u00e9gimen que compararon con el Gobierno actual.<\/p>\n<p>Machado llam\u00f3 \u00aba todos los sectores del pa\u00eds\u00bb a la movilizaci\u00f3n en la calle \u00abque es donde el pueblo se reconoce y reconoce su fuerza\u00bb y apunt\u00f3 que esas actividades tienen como objetivo \u00abconquistar esa ruta y esa salida que tiene que ser asumida por el pueblo de Venezuela como protagonista\u00bb.<\/p>\n<p>L\u00f3pez, por su parte, se\u00f1al\u00f3 que la movilizaci\u00f3n a la que se est\u00e1 convocando a partir de ma\u00f1ana se realizar\u00e1 con \u00abjornadas de asambleas de calle\u00bb en las que se debatir\u00e1 \u00abla salida de este Gobierno\u00bb.<\/p>\n<p>\u00abSi no comenzamos hoy, no vamos a salir nunca, estamos invitando al pueblo a ser protagonistas de una salida popular\u00bb, indic\u00f3.<\/p>\n<p>\u00abVenezolanos salgamos a hablar sobre la salida, no esperen convocatoria, hoy 23 de enero asumimos la lucha para cambiar el pa\u00eds\u00bb, apunt\u00f3.<\/p>\n<p>Otros representantes de la oposici\u00f3n han criticado a Machado y a L\u00f3pez por, en palabras del secretario general de Acci\u00f3n Democr\u00e1tica, Henry Ramos, \u00abquerer hacerse los radicales\u00bb, acus\u00e1ndoles de \u00abirresponsables\u00bb por lanzar, por ejemplo, una llamada a una Asamblea Constituyente el d\u00eda antes de las elecciones municipales.<\/p>\n","protected":false},"excerpt":{"rendered":"<p>Caracas, 23 ene (EFE).- Dirigentes opositores venezolanos invitaron hoy a sus simpatizantes a apagar las luces esta noche durante diez minutos para protestar contra el Gobierno y hacer asambleas de calle para debatir sobre su \u00absalida\u00bb del poder. As\u00ed lo anunciaron la diputada Mar\u00eda Corina Machado y Leopoldo L\u00f3pez, l\u00edder del partido Voluntad Popular. \u00abRatificamos [&hellip;]<\/p>\n","protected":false},"author":1,"featured_media":1132184,"comment_status":"closed","ping_status":"open","sticky":false,"template":"","format":"standard","meta":{"footnotes":""},"categories":[1],"tags":[],"class_list":["post-478040","post","type-post","status-publish","format-standard","has-post-thumbnail","hentry","category-actualidad"],"aioseo_notices":[],"aioseo_head":"\n\t\t<!-- All in One SEO Pro 5.0.1 - aioseo.com -->\n\t<meta name=\"description\" content=\"Caracas, 23 ene (EFE).- Dirigentes opositores venezolanos invitaron hoy a sus simpatizantes a apagar las luces esta noche durante diez minutos para protestar contra el Gobierno y hacer asambleas de calle para debatir sobre su &quot;salida&quot; del poder. As\u00ed lo anunciaron la diputada Mar\u00eda Corina Machado y Leopoldo L\u00f3pez, l\u00edder del partido Voluntad Popular. &quot;Ratificamos\" \/>\n\t<meta name=\"robots\" content=\"max-image-preview:large\" \/>\n\t<meta name=\"author\" content=\"El Digital de Asturias\"\/>\n\t<meta name=\"google-site-verification\" content=\"UA-38556648-1\" \/>\n\t<meta name=\"msvalidate.01\" content=\"7dfe9f3f1b24437ab69f4f2559babe99\" \/>\n\t<meta name=\"keywords\" content=\"actualidad\" \/>\n\t<link rel=\"canonical\" href=\"https:\/\/www.eldigitaldeasturias.com\/noticias\/opositores-venezolanos-llaman-a-protestar-contra-el-gobierno-apagando-las-luces\/\" \/>\n\t<meta name=\"generator\" content=\"All in One SEO Pro (AIOSEO) 5.0.1\" \/>\n\t\t<meta property=\"og:locale\" content=\"es_ES\" \/>\n\t\t<meta property=\"og:site_name\" content=\"El Digital de Asturias\" \/>\n\t\t<meta property=\"og:type\" content=\"article\" \/>\n\t\t<meta property=\"og:title\" content=\"Opositores venezolanos llaman a protestar contra el Gobierno apagando las luces - El Digital de Asturias\" \/>\n\t\t<meta property=\"og:description\" content=\"Caracas, 23 ene (EFE).- Dirigentes opositores venezolanos invitaron hoy a sus simpatizantes a apagar las luces esta noche durante diez minutos para protestar contra el Gobierno y hacer asambleas de calle para debatir sobre su &quot;salida&quot; del poder. As\u00ed lo anunciaron la diputada Mar\u00eda Corina Machado y Leopoldo L\u00f3pez, l\u00edder del partido Voluntad Popular. &quot;Ratificamos\" \/>\n\t\t<meta property=\"og:url\" content=\"https:\/\/www.eldigitaldeasturias.com\/noticias\/opositores-venezolanos-llaman-a-protestar-contra-el-gobierno-apagando-las-luces\/\" \/>\n\t\t<meta property=\"og:image\" content=\"https:\/\/www.eldigitaldeasturias.com\/noticias\/wp-content\/uploads\/2026\/06\/Contenidos.jpg\" \/>\n\t\t<meta property=\"og:image:secure_url\" content=\"https:\/\/www.eldigitaldeasturias.com\/noticias\/wp-content\/uploads\/2026\/06\/Contenidos.jpg\" \/>\n\t\t<meta property=\"og:image:width\" content=\"1265\" \/>\n\t\t<meta property=\"og:image:height\" content=\"697\" \/>\n\t\t<meta property=\"article:tag\" content=\"actualidad\" \/>\n\t\t<meta property=\"article:published_time\" content=\"2014-01-24T09:38:56+00:00\" \/>\n\t\t<meta property=\"article:modified_time\" content=\"2014-01-24T09:38:56+00:00\" \/>\n\t\t<meta property=\"article:publisher\" content=\"https:\/\/facebook.com\/eldigitaldeasturias\" \/>\n\t\t<meta name=\"twitter:card\" content=\"summary_large_image\" \/>\n\t\t<meta name=\"twitter:title\" content=\"Opositores venezolanos llaman a protestar contra el Gobierno apagando las luces - El Digital de Asturias\" \/>\n\t\t<meta name=\"twitter:description\" content=\"Caracas, 23 ene (EFE).- Dirigentes opositores venezolanos invitaron hoy a sus simpatizantes a apagar las luces esta noche durante diez minutos para protestar contra el Gobierno y hacer asambleas de calle para debatir sobre su &quot;salida&quot; del poder. As\u00ed lo anunciaron la diputada Mar\u00eda Corina Machado y Leopoldo L\u00f3pez, l\u00edder del partido Voluntad Popular. &quot;Ratificamos\" \/>\n\t\t<meta name=\"twitter:image\" content=\"https:\/\/www.eldigitaldeasturias.com\/noticias\/wp-content\/uploads\/2026\/06\/Contenidos.jpg\" \/>\n\t\t<meta name=\"twitter:label1\" content=\"Escrito por\" \/>\n\t\t<meta name=\"twitter:data1\" content=\"El Digital de Asturias\" \/>\n\t\t<meta name=\"twitter:label2\" content=\"Tiempo de lectura estimado\" \/>\n\t\t<meta name=\"twitter:data2\" content=\"2 minutos\" \/>\n\t\t<script type=\"application\/ld+json\" class=\"aioseo-schema\">\n\t\t\t{\"@context\":\"https:\\\/\\\/schema.org\",\"@graph\":[{\"@type\":\"BlogPosting\",\"@id\":\"https:\\\/\\\/www.eldigitaldeasturias.com\\\/noticias\\\/opositores-venezolanos-llaman-a-protestar-contra-el-gobierno-apagando-las-luces\\\/#blogposting\",\"name\":\"Opositores venezolanos llaman a protestar contra el Gobierno apagando las luces - El Digital de Asturias\",\"headline\":\"Opositores venezolanos llaman a protestar contra el Gobierno apagando las luces\",\"author\":{\"@id\":\"https:\\\/\\\/www.eldigitaldeasturias.com\\\/noticias\\\/author\\\/admin\\\/#author\"},\"publisher\":{\"@id\":\"https:\\\/\\\/www.eldigitaldeasturias.com\\\/noticias\\\/#organization\"},\"image\":{\"@type\":\"ImageObject\",\"url\":\"https:\\\/\\\/www.eldigitaldeasturias.com\\\/noticias\\\/wp-content\\\/uploads\\\/2026\\\/06\\\/Contenidos.jpg\",\"width\":1265,\"height\":697,\"caption\":\"Contenidos\"},\"datePublished\":\"2014-01-24T08:38:56+01:00\",\"dateModified\":\"2014-01-24T08:38:56+01:00\",\"inLanguage\":\"es-ES\",\"mainEntityOfPage\":{\"@id\":\"https:\\\/\\\/www.eldigitaldeasturias.com\\\/noticias\\\/opositores-venezolanos-llaman-a-protestar-contra-el-gobierno-apagando-las-luces\\\/#webpage\"},\"isPartOf\":{\"@id\":\"https:\\\/\\\/www.eldigitaldeasturias.com\\\/noticias\\\/opositores-venezolanos-llaman-a-protestar-contra-el-gobierno-apagando-las-luces\\\/#webpage\"},\"articleSection\":\"Actualidad\"},{\"@type\":\"BreadcrumbList\",\"@id\":\"https:\\\/\\\/www.eldigitaldeasturias.com\\\/noticias\\\/opositores-venezolanos-llaman-a-protestar-contra-el-gobierno-apagando-las-luces\\\/#breadcrumblist\",\"itemListElement\":[{\"@type\":\"ListItem\",\"@id\":\"https:\\\/\\\/www.eldigitaldeasturias.com\\\/noticias#listItem\",\"position\":1,\"name\":\"Home\",\"item\":\"https:\\\/\\\/www.eldigitaldeasturias.com\\\/noticias\",\"nextItem\":{\"@type\":\"ListItem\",\"@id\":\"https:\\\/\\\/www.eldigitaldeasturias.com\\\/noticias\\\/category\\\/actualidad\\\/#listItem\",\"name\":\"Actualidad\"}},{\"@type\":\"ListItem\",\"@id\":\"https:\\\/\\\/www.eldigitaldeasturias.com\\\/noticias\\\/category\\\/actualidad\\\/#listItem\",\"position\":2,\"name\":\"Actualidad\",\"item\":\"https:\\\/\\\/www.eldigitaldeasturias.com\\\/noticias\\\/category\\\/actualidad\\\/\",\"nextItem\":{\"@type\":\"ListItem\",\"@id\":\"https:\\\/\\\/www.eldigitaldeasturias.com\\\/noticias\\\/opositores-venezolanos-llaman-a-protestar-contra-el-gobierno-apagando-las-luces\\\/#listItem\",\"name\":\"Opositores venezolanos llaman a protestar contra el Gobierno apagando las luces\"},\"previousItem\":{\"@type\":\"ListItem\",\"@id\":\"https:\\\/\\\/www.eldigitaldeasturias.com\\\/noticias#listItem\",\"name\":\"Home\"}},{\"@type\":\"ListItem\",\"@id\":\"https:\\\/\\\/www.eldigitaldeasturias.com\\\/noticias\\\/opositores-venezolanos-llaman-a-protestar-contra-el-gobierno-apagando-las-luces\\\/#listItem\",\"position\":3,\"name\":\"Opositores venezolanos llaman a protestar contra el Gobierno apagando las luces\",\"previousItem\":{\"@type\":\"ListItem\",\"@id\":\"https:\\\/\\\/www.eldigitaldeasturias.com\\\/noticias\\\/category\\\/actualidad\\\/#listItem\",\"name\":\"Actualidad\"}}]},{\"@type\":\"Organization\",\"@id\":\"https:\\\/\\\/www.eldigitaldeasturias.com\\\/noticias\\\/#organization\",\"name\":\"El Digital de Asturias\",\"description\":\"Hemeroteca\",\"url\":\"https:\\\/\\\/www.eldigitaldeasturias.com\\\/noticias\\\/\",\"email\":\"info@eldigitaldeasturias.com\",\"telephone\":\"+34652131393\",\"logo\":{\"@type\":\"ImageObject\",\"url\":\"https:\\\/\\\/www.eldigitaldeasturias.com\\\/noticias\\\/wp-content\\\/uploads\\\/2020\\\/12\\\/EDA.jpg\",\"@id\":\"https:\\\/\\\/www.eldigitaldeasturias.com\\\/noticias\\\/opositores-venezolanos-llaman-a-protestar-contra-el-gobierno-apagando-las-luces\\\/#organizationLogo\"},\"image\":{\"@id\":\"https:\\\/\\\/www.eldigitaldeasturias.com\\\/noticias\\\/opositores-venezolanos-llaman-a-protestar-contra-el-gobierno-apagando-las-luces\\\/#organizationLogo\"},\"sameAs\":[\"https:\\\/\\\/facebook.com\\\/eldigitaldeasturias\",\"https:\\\/\\\/www.youtube.com\\\/channel\\\/UCZP-2wLEB9Rv6erhFmqVnvg\"],\"address\":{\"@id\":\"https:\\\/\\\/www.eldigitaldeasturias.com\\\/noticias\\\/#postaladdress\",\"@type\":\"PostalAddress\",\"streetAddress\":\"san antonio 4\",\"postalCode\":\"33430\",\"addressLocality\":\"Cand\\u00e1s\",\"addressRegion\":\"Asturias\",\"addressCountry\":\"ES\"}},{\"@type\":\"Person\",\"@id\":\"https:\\\/\\\/www.eldigitaldeasturias.com\\\/noticias\\\/author\\\/admin\\\/#author\",\"url\":\"https:\\\/\\\/www.eldigitaldeasturias.com\\\/noticias\\\/author\\\/admin\\\/\",\"name\":\"El Digital de Asturias\",\"image\":{\"@type\":\"ImageObject\",\"@id\":\"https:\\\/\\\/www.eldigitaldeasturias.com\\\/noticias\\\/opositores-venezolanos-llaman-a-protestar-contra-el-gobierno-apagando-las-luces\\\/#authorImage\",\"url\":\"https:\\\/\\\/secure.gravatar.com\\\/avatar\\\/df2aeffc32bcd13f8d26072ef8a91b623d677766deac7f97ca815868cd41bf5e?s=96&d=mm&r=g\",\"width\":96,\"height\":96,\"caption\":\"El Digital de Asturias\"}},{\"@type\":\"WebPage\",\"@id\":\"https:\\\/\\\/www.eldigitaldeasturias.com\\\/noticias\\\/opositores-venezolanos-llaman-a-protestar-contra-el-gobierno-apagando-las-luces\\\/#webpage\",\"url\":\"https:\\\/\\\/www.eldigitaldeasturias.com\\\/noticias\\\/opositores-venezolanos-llaman-a-protestar-contra-el-gobierno-apagando-las-luces\\\/\",\"name\":\"Opositores venezolanos llaman a protestar contra el Gobierno apagando las luces - El Digital de Asturias\",\"description\":\"Caracas, 23 ene (EFE).- Dirigentes opositores venezolanos invitaron hoy a sus simpatizantes a apagar las luces esta noche durante diez minutos para protestar contra el Gobierno y hacer asambleas de calle para debatir sobre su \\\"salida\\\" del poder. As\\u00ed lo anunciaron la diputada Mar\\u00eda Corina Machado y Leopoldo L\\u00f3pez, l\\u00edder del partido Voluntad Popular. \\\"Ratificamos\",\"inLanguage\":\"es-ES\",\"isPartOf\":{\"@id\":\"https:\\\/\\\/www.eldigitaldeasturias.com\\\/noticias\\\/#website\"},\"breadcrumb\":{\"@id\":\"https:\\\/\\\/www.eldigitaldeasturias.com\\\/noticias\\\/opositores-venezolanos-llaman-a-protestar-contra-el-gobierno-apagando-las-luces\\\/#breadcrumblist\"},\"author\":{\"@id\":\"https:\\\/\\\/www.eldigitaldeasturias.com\\\/noticias\\\/author\\\/admin\\\/#author\"},\"creator\":{\"@id\":\"https:\\\/\\\/www.eldigitaldeasturias.com\\\/noticias\\\/author\\\/admin\\\/#author\"},\"image\":{\"@type\":\"ImageObject\",\"url\":\"https:\\\/\\\/www.eldigitaldeasturias.com\\\/noticias\\\/wp-content\\\/uploads\\\/2026\\\/06\\\/Contenidos.jpg\",\"@id\":\"https:\\\/\\\/www.eldigitaldeasturias.com\\\/noticias\\\/opositores-venezolanos-llaman-a-protestar-contra-el-gobierno-apagando-las-luces\\\/#mainImage\",\"width\":1265,\"height\":697,\"caption\":\"Contenidos\"},\"primaryImageOfPage\":{\"@id\":\"https:\\\/\\\/www.eldigitaldeasturias.com\\\/noticias\\\/opositores-venezolanos-llaman-a-protestar-contra-el-gobierno-apagando-las-luces\\\/#mainImage\"},\"datePublished\":\"2014-01-24T08:38:56+01:00\",\"dateModified\":\"2014-01-24T08:38:56+01:00\"},{\"@type\":\"WebSite\",\"@id\":\"https:\\\/\\\/www.eldigitaldeasturias.com\\\/noticias\\\/#website\",\"url\":\"https:\\\/\\\/www.eldigitaldeasturias.com\\\/noticias\\\/\",\"name\":\"El Digital de Asturias - Diario de actualidad y noticias\",\"alternateName\":\"El Digital de Asturias - Diario de actualidad y noticias\",\"description\":\"Hemeroteca\",\"inLanguage\":\"es-ES\",\"publisher\":{\"@id\":\"https:\\\/\\\/www.eldigitaldeasturias.com\\\/noticias\\\/#organization\"}}]}\n\t\t<\/script>\n\t\t<!-- All in One SEO Pro -->\r\n\t\t<title>Opositores venezolanos llaman a protestar contra el Gobierno apagando las luces - El Digital de Asturias<\/title>\n\n","aioseo_head_json":{"title":"Opositores venezolanos llaman a protestar contra el Gobierno apagando las luces - El Digital de Asturias","description":"Caracas, 23 ene (EFE).- Dirigentes opositores venezolanos invitaron hoy a sus simpatizantes a apagar las luces esta noche durante diez minutos para protestar contra el Gobierno y hacer asambleas de calle para debatir sobre su \"salida\" del poder. As\u00ed lo anunciaron la diputada Mar\u00eda Corina Machado y Leopoldo L\u00f3pez, l\u00edder del partido Voluntad Popular. \"Ratificamos","canonical_url":"https:\/\/www.eldigitaldeasturias.com\/noticias\/opositores-venezolanos-llaman-a-protestar-contra-el-gobierno-apagando-las-luces\/","robots":"max-image-preview:large","keywords":"actualidad","webmasterTools":{"google-site-verification":"UA-38556648-1","msvalidate.01":"7dfe9f3f1b24437ab69f4f2559babe99","miscellaneous":""},"schema":{"@context":"https:\/\/schema.org","@graph":[{"@type":"BlogPosting","@id":"https:\/\/www.eldigitaldeasturias.com\/noticias\/opositores-venezolanos-llaman-a-protestar-contra-el-gobierno-apagando-las-luces\/#blogposting","name":"Opositores venezolanos llaman a protestar contra el Gobierno apagando las luces - El Digital de Asturias","headline":"Opositores venezolanos llaman a protestar contra el Gobierno apagando las luces","author":{"@id":"https:\/\/www.eldigitaldeasturias.com\/noticias\/author\/admin\/#author"},"publisher":{"@id":"https:\/\/www.eldigitaldeasturias.com\/noticias\/#organization"},"image":{"@type":"ImageObject","url":"https:\/\/www.eldigitaldeasturias.com\/noticias\/wp-content\/uploads\/2026\/06\/Contenidos.jpg","width":1265,"height":697,"caption":"Contenidos"},"datePublished":"2014-01-24T08:38:56+01:00","dateModified":"2014-01-24T08:38:56+01:00","inLanguage":"es-ES","mainEntityOfPage":{"@id":"https:\/\/www.eldigitaldeasturias.com\/noticias\/opositores-venezolanos-llaman-a-protestar-contra-el-gobierno-apagando-las-luces\/#webpage"},"isPartOf":{"@id":"https:\/\/www.eldigitaldeasturias.com\/noticias\/opositores-venezolanos-llaman-a-protestar-contra-el-gobierno-apagando-las-luces\/#webpage"},"articleSection":"Actualidad"},{"@type":"BreadcrumbList","@id":"https:\/\/www.eldigitaldeasturias.com\/noticias\/opositores-venezolanos-llaman-a-protestar-contra-el-gobierno-apagando-las-luces\/#breadcrumblist","itemListElement":[{"@type":"ListItem","@id":"https:\/\/www.eldigitaldeasturias.com\/noticias#listItem","position":1,"name":"Home","item":"https:\/\/www.eldigitaldeasturias.com\/noticias","nextItem":{"@type":"ListItem","@id":"https:\/\/www.eldigitaldeasturias.com\/noticias\/category\/actualidad\/#listItem","name":"Actualidad"}},{"@type":"ListItem","@id":"https:\/\/www.eldigitaldeasturias.com\/noticias\/category\/actualidad\/#listItem","position":2,"name":"Actualidad","item":"https:\/\/www.eldigitaldeasturias.com\/noticias\/category\/actualidad\/","nextItem":{"@type":"ListItem","@id":"https:\/\/www.eldigitaldeasturias.com\/noticias\/opositores-venezolanos-llaman-a-protestar-contra-el-gobierno-apagando-las-luces\/#listItem","name":"Opositores venezolanos llaman a protestar contra el Gobierno apagando las luces"},"previousItem":{"@type":"ListItem","@id":"https:\/\/www.eldigitaldeasturias.com\/noticias#listItem","name":"Home"}},{"@type":"ListItem","@id":"https:\/\/www.eldigitaldeasturias.com\/noticias\/opositores-venezolanos-llaman-a-protestar-contra-el-gobierno-apagando-las-luces\/#listItem","position":3,"name":"Opositores venezolanos llaman a protestar contra el Gobierno apagando las luces","previousItem":{"@type":"ListItem","@id":"https:\/\/www.eldigitaldeasturias.com\/noticias\/category\/actualidad\/#listItem","name":"Actualidad"}}]},{"@type":"Organization","@id":"https:\/\/www.eldigitaldeasturias.com\/noticias\/#organization","name":"El Digital de Asturias","description":"Hemeroteca","url":"https:\/\/www.eldigitaldeasturias.com\/noticias\/","email":"info@eldigitaldeasturias.com","telephone":"+34652131393","logo":{"@type":"ImageObject","url":"https:\/\/www.eldigitaldeasturias.com\/noticias\/wp-content\/uploads\/2020\/12\/EDA.jpg","@id":"https:\/\/www.eldigitaldeasturias.com\/noticias\/opositores-venezolanos-llaman-a-protestar-contra-el-gobierno-apagando-las-luces\/#organizationLogo"},"image":{"@id":"https:\/\/www.eldigitaldeasturias.com\/noticias\/opositores-venezolanos-llaman-a-protestar-contra-el-gobierno-apagando-las-luces\/#organizationLogo"},"sameAs":["https:\/\/facebook.com\/eldigitaldeasturias","https:\/\/www.youtube.com\/channel\/UCZP-2wLEB9Rv6erhFmqVnvg"],"address":{"@id":"https:\/\/www.eldigitaldeasturias.com\/noticias\/#postaladdress","@type":"PostalAddress","streetAddress":"san antonio 4","postalCode":"33430","addressLocality":"Cand\u00e1s","addressRegion":"Asturias","addressCountry":"ES"}},{"@type":"Person","@id":"https:\/\/www.eldigitaldeasturias.com\/noticias\/author\/admin\/#author","url":"https:\/\/www.eldigitaldeasturias.com\/noticias\/author\/admin\/","name":"El Digital de Asturias","image":{"@type":"ImageObject","@id":"https:\/\/www.eldigitaldeasturias.com\/noticias\/opositores-venezolanos-llaman-a-protestar-contra-el-gobierno-apagando-las-luces\/#authorImage","url":"https:\/\/secure.gravatar.com\/avatar\/df2aeffc32bcd13f8d26072ef8a91b623d677766deac7f97ca815868cd41bf5e?s=96&d=mm&r=g","width":96,"height":96,"caption":"El Digital de Asturias"}},{"@type":"WebPage","@id":"https:\/\/www.eldigitaldeasturias.com\/noticias\/opositores-venezolanos-llaman-a-protestar-contra-el-gobierno-apagando-las-luces\/#webpage","url":"https:\/\/www.eldigitaldeasturias.com\/noticias\/opositores-venezolanos-llaman-a-protestar-contra-el-gobierno-apagando-las-luces\/","name":"Opositores venezolanos llaman a protestar contra el Gobierno apagando las luces - El Digital de Asturias","description":"Caracas, 23 ene (EFE).- Dirigentes opositores venezolanos invitaron hoy a sus simpatizantes a apagar las luces esta noche durante diez minutos para protestar contra el Gobierno y hacer asambleas de calle para debatir sobre su \"salida\" del poder. As\u00ed lo anunciaron la diputada Mar\u00eda Corina Machado y Leopoldo L\u00f3pez, l\u00edder del partido Voluntad Popular. \"Ratificamos","inLanguage":"es-ES","isPartOf":{"@id":"https:\/\/www.eldigitaldeasturias.com\/noticias\/#website"},"breadcrumb":{"@id":"https:\/\/www.eldigitaldeasturias.com\/noticias\/opositores-venezolanos-llaman-a-protestar-contra-el-gobierno-apagando-las-luces\/#breadcrumblist"},"author":{"@id":"https:\/\/www.eldigitaldeasturias.com\/noticias\/author\/admin\/#author"},"creator":{"@id":"https:\/\/www.eldigitaldeasturias.com\/noticias\/author\/admin\/#author"},"image":{"@type":"ImageObject","url":"https:\/\/www.eldigitaldeasturias.com\/noticias\/wp-content\/uploads\/2026\/06\/Contenidos.jpg","@id":"https:\/\/www.eldigitaldeasturias.com\/noticias\/opositores-venezolanos-llaman-a-protestar-contra-el-gobierno-apagando-las-luces\/#mainImage","width":1265,"height":697,"caption":"Contenidos"},"primaryImageOfPage":{"@id":"https:\/\/www.eldigitaldeasturias.com\/noticias\/opositores-venezolanos-llaman-a-protestar-contra-el-gobierno-apagando-las-luces\/#mainImage"},"datePublished":"2014-01-24T08:38:56+01:00","dateModified":"2014-01-24T08:38:56+01:00"},{"@type":"WebSite","@id":"https:\/\/www.eldigitaldeasturias.com\/noticias\/#website","url":"https:\/\/www.eldigitaldeasturias.com\/noticias\/","name":"El Digital de Asturias - Diario de actualidad y noticias","alternateName":"El Digital de Asturias - Diario de actualidad y noticias","description":"Hemeroteca","inLanguage":"es-ES","publisher":{"@id":"https:\/\/www.eldigitaldeasturias.com\/noticias\/#organization"}}]},"og:locale":"es_ES","og:site_name":"El Digital de Asturias","og:type":"article","og:title":"Opositores venezolanos llaman a protestar contra el Gobierno apagando las luces - El Digital de Asturias","og:description":"Caracas, 23 ene (EFE).- Dirigentes opositores venezolanos invitaron hoy a sus simpatizantes a apagar las luces esta noche durante diez minutos para protestar contra el Gobierno y hacer asambleas de calle para debatir sobre su &quot;salida&quot; del poder. As\u00ed lo anunciaron la diputada Mar\u00eda Corina Machado y Leopoldo L\u00f3pez, l\u00edder del partido Voluntad Popular. &quot;Ratificamos","og:url":"https:\/\/www.eldigitaldeasturias.com\/noticias\/opositores-venezolanos-llaman-a-protestar-contra-el-gobierno-apagando-las-luces\/","og:image":"https:\/\/www.eldigitaldeasturias.com\/noticias\/wp-content\/uploads\/2026\/06\/Contenidos.jpg","og:image:secure_url":"https:\/\/www.eldigitaldeasturias.com\/noticias\/wp-content\/uploads\/2026\/06\/Contenidos.jpg","og:image:width":1265,"og:image:height":697,"article:tag":["actualidad"],"article:published_time":"2014-01-24T09:38:56+00:00","article:modified_time":"2014-01-24T09:38:56+00:00","article:publisher":"https:\/\/facebook.com\/eldigitaldeasturias","twitter:card":"summary_large_image","twitter:title":"Opositores venezolanos llaman a protestar contra el Gobierno apagando las luces - El Digital de Asturias","twitter:description":"Caracas, 23 ene (EFE).- Dirigentes opositores venezolanos invitaron hoy a sus simpatizantes a apagar las luces esta noche durante diez minutos para protestar contra el Gobierno y hacer asambleas de calle para debatir sobre su &quot;salida&quot; del poder. As\u00ed lo anunciaron la diputada Mar\u00eda Corina Machado y Leopoldo L\u00f3pez, l\u00edder del partido Voluntad Popular. &quot;Ratificamos","twitter:image":"https:\/\/www.eldigitaldeasturias.com\/noticias\/wp-content\/uploads\/2026\/06\/Contenidos.jpg","twitter:label1":"Escrito por","twitter:data1":"El Digital de Asturias","twitter:label2":"Tiempo de lectura estimado","twitter:data2":"2 minutos"},"aioseo_meta_data":{"post_id":"478040","title":null,"description":null,"keywords":null,"keyphrases":null,"primary_term":null,"canonical_url":null,"og_title":null,"og_description":null,"og_object_type":"default","og_image_type":"default","og_image_url":null,"og_image_width":null,"og_image_height":null,"og_image_custom_url":null,"og_image_custom_fields":null,"og_video":null,"og_custom_url":null,"og_article_section":null,"og_article_tags":null,"twitter_use_og":true,"twitter_card":"default","twitter_image_type":"default","twitter_image_url":null,"twitter_image_custom_url":null,"twitter_image_custom_fields":null,"twitter_title":null,"twitter_description":null,"schema":{"blockGraphs":[],"customGraphs":[],"default":{"data":{"Article":[],"Course":[],"Dataset":[],"FAQPage":[],"Movie":[],"Person":[],"Product":[],"ProductReview":[],"Car":[],"Recipe":[],"Service":[],"SoftwareApplication":[],"WebPage":[]},"graphName":"","isEnabled":true},"graphs":[],"defaultGraph":"","defaultPostTypeGraph":""},"schema_type":null,"schema_type_options":null,"pillar_content":false,"robots_default":true,"robots_noindex":false,"robots_noarchive":false,"robots_nosnippet":false,"robots_nofollow":false,"robots_noimageindex":false,"robots_noodp":false,"robots_notranslate":false,"robots_max_snippet":null,"robots_max_videopreview":null,"robots_max_imagepreview":"none","priority":null,"frequency":null,"local_seo":null,"seo_analyzer_scan_date":"2026-06-01 20:17:44","breadcrumb_settings":null,"limit_modified_date":false,"open_ai":null,"ai":null,"created":"2020-11-14 22:53:48","updated":"2026-06-01 20:17:44","focus_keyword":null,"additional_keywords":null,"truseo_locale":null},"aioseo_breadcrumb":"<div class=\"aioseo-breadcrumbs\"><span class=\"aioseo-breadcrumb\">\n\t<a href=\"https:\/\/www.eldigitaldeasturias.com\/noticias\" title=\"Home\">Home<\/a>\n<\/span><span class=\"aioseo-breadcrumb-separator\">\u2013<\/span><span class=\"aioseo-breadcrumb\">\n\t<a href=\"https:\/\/www.eldigitaldeasturias.com\/noticias\/category\/actualidad\/\" title=\"Actualidad\">Actualidad<\/a>\n<\/span><span class=\"aioseo-breadcrumb-separator\">\u2013<\/span><span class=\"aioseo-breadcrumb\">\n\t<a href=\"https:\/\/www.eldigitaldeasturias.com\/noticias\/opositores-venezolanos-llaman-a-protestar-contra-el-gobierno-apagando-las-luces\/\" title=\"Opositores venezolanos llaman a protestar contra el Gobierno apagando las luces\">Opositores venezolanos llaman a protestar contra el Gobierno apagando las luces<\/a>\n<\/span><\/div>","aioseo_breadcrumb_json":[{"label":"Home","link":"https:\/\/www.eldigitaldeasturias.com\/noticias"},{"label":"Actualidad","link":"https:\/\/www.eldigitaldeasturias.com\/noticias\/category\/actualidad\/"},{"label":"Opositores venezolanos llaman a protestar contra el Gobierno apagando las luces","link":"https:\/\/www.eldigitaldeasturias.com\/noticias\/opositores-venezolanos-llaman-a-protestar-contra-el-gobierno-apagando-las-luces\/"}],"_links":{"self":[{"href":"https:\/\/www.eldigitaldeasturias.com\/noticias\/wp-json\/wp\/v2\/posts\/478040","targetHints":{"allow":["GET"]}}],"collection":[{"href":"https:\/\/www.eldigitaldeasturias.com\/noticias\/wp-json\/wp\/v2\/posts"}],"about":[{"href":"https:\/\/www.eldigitaldeasturias.com\/noticias\/wp-json\/wp\/v2\/types\/post"}],"author":[{"embeddable":true,"href":"https:\/\/www.eldigitaldeasturias.com\/noticias\/wp-json\/wp\/v2\/users\/1"}],"replies":[{"embeddable":true,"href":"https:\/\/www.eldigitaldeasturias.com\/noticias\/wp-json\/wp\/v2\/comments?post=478040"}],"version-history":[{"count":0,"href":"https:\/\/www.eldigitaldeasturias.com\/noticias\/wp-json\/wp\/v2\/posts\/478040\/revisions"}],"wp:featuredmedia":[{"embeddable":true,"href":"https:\/\/www.eldigitaldeasturias.com\/noticias\/wp-json\/wp\/v2\/media\/1132184"}],"wp:attachment":[{"href":"https:\/\/www.eldigitaldeasturias.com\/noticias\/wp-json\/wp\/v2\/media?parent=478040"}],"wp:term":[{"taxonomy":"category","embeddable":true,"href":"https:\/\/www.eldigitaldeasturias.com\/noticias\/wp-json\/wp\/v2\/categories?post=478040"},{"taxonomy":"post_tag","embeddable":true,"href":"https:\/\/www.eldigitaldeasturias.com\/noticias\/wp-json\/wp\/v2\/tags?post=478040"}],"curies":[{"name":"wp","href":"https:\/\/api.w.org\/{rel}","templated":true}]}}