{"id":478025,"date":"2014-01-24T08:28:43","date_gmt":"2014-01-24T09:28:43","guid":{"rendered":"http:\/\/www.eldigitaldeasturias.com\/noticias\/?p=478025"},"modified":"2014-01-24T08:28:43","modified_gmt":"2014-01-24T09:28:43","slug":"la-cpi-aplaza-el-inicio-del-juicio-contra-el-presidente-de-kenia","status":"publish","type":"post","link":"https:\/\/www.eldigitaldeasturias.com\/noticias\/la-cpi-aplaza-el-inicio-del-juicio-contra-el-presidente-de-kenia\/","title":{"rendered":"La CPI aplaza el inicio del juicio contra el presidente de Kenia"},"content":{"rendered":"<p><img loading=\"lazy\" decoding=\"async\" class=\"alignleft size-medium wp-image-478026\" alt=\"5871574w\" src=\"https:\/\/www.eldigitaldeasturias.com\/noticias\/wp-content\/uploads\/2014\/01\/5871574w-360x247.jpg\" width=\"360\" height=\"247\" \/>Bruselas, 23 ene (EFE).- La Corte Penal Internacional (CPI) decidi\u00f3 hoy aplazar el juicio contra el presidente de Kenia, Uhuru Muigai Kenyatta, acusado de cr\u00edmenes de lesa humanidad por su presunta implicaci\u00f3n en la ola de violencia en el pa\u00eds africano tras las elecciones generales de 2007.<\/p>\n<p>El pr\u00f3ximo 5 de febrero, cuando estaba previsto el inicio del juicio contra Kenyatta, el fiscal celebrar\u00e1 una conferencia dando cuenta del estado del caso y los motivos del retraso.<\/p>\n<p>El pasado 19 de diciembre, el ministerio p\u00fablico, que ejerce Fatou Bensouda, solicit\u00f3 el retraso con el argumento de que necesitaba m\u00e1s tiempo para reunir pruebas tras haber perdido a dos testigos fundamentales.<\/p>\n<p>Detr\u00e1s de la solicitud se encontraba que uno de los testigos dijo no estar dispuesto a testificar de nuevo contra el presidente, mientras que el otro confes\u00f3 que hab\u00eda mentido en su testimonio incriminatorio.<\/p>\n<p>\u00abNecesito tiempo para obtener pruebas adicionales\u00bb, declar\u00f3 el fiscal en su solicitud al tribunal.<\/p>\n<p>La fiscal\u00eda acusa a Kenyatta de haber financiado a las turbas que en 2007 protagonizaron la grave ola de violencia postelectoral vivida en el pa\u00eds, cuando ostentaba el cargo de viceprimer ministro y titular de Finanzas, as\u00ed como de orquestar los ataques que tuvieron lugar en el Valle del Rift.<\/p>\n<p>Los disturbios de diciembre de 2007 se produjeron cuando los dos candidatos m\u00e1s votados en los comicios presidenciales se autoproclamaron ganadores y sus seguidores -pertenecientes a distintos grupos \u00e9tnicos- se enzarzaron durante dos meses en un violento conflicto que dej\u00f3 m\u00e1s de 1.100 muertos, 3.500 heridos y hasta 600.000 desplazados en el pa\u00eds, seg\u00fan datos de la Fiscal\u00eda.<\/p>\n<p>La crisis ces\u00f3 con la firma de un acuerdo en febrero de 2008, que facilit\u00f3 un Gobierno de coalici\u00f3n entre ambos l\u00edderes hasta las elecciones de 2013, de las que sali\u00f3 vencedor el ahora presidente Kenyatta.<\/p>\n<p>Por el mismo caso, la CPI tambi\u00e9n enjuicia al vicepresidente de Kenia, William Ruto, acusado igualmente de cr\u00edmenes de lesa humanidad.<\/p>\n","protected":false},"excerpt":{"rendered":"<p>Bruselas, 23 ene (EFE).- La Corte Penal Internacional (CPI) decidi\u00f3 hoy aplazar el juicio contra el presidente de Kenia, Uhuru Muigai Kenyatta, acusado de cr\u00edmenes de lesa humanidad por su presunta implicaci\u00f3n en la ola de violencia en el pa\u00eds africano tras las elecciones generales de 2007. El pr\u00f3ximo 5 de febrero, cuando estaba previsto [&hellip;]<\/p>\n","protected":false},"author":1,"featured_media":1132184,"comment_status":"closed","ping_status":"open","sticky":false,"template":"","format":"standard","meta":{"footnotes":""},"categories":[1],"tags":[],"class_list":["post-478025","post","type-post","status-publish","format-standard","has-post-thumbnail","hentry","category-actualidad"],"aioseo_notices":[],"aioseo_head":"\n\t\t<!-- All in One SEO Pro 5.0.1 - aioseo.com -->\n\t<meta name=\"description\" content=\"Bruselas, 23 ene (EFE).- La Corte Penal Internacional (CPI) decidi\u00f3 hoy aplazar el juicio contra el presidente de Kenia, Uhuru Muigai Kenyatta, acusado de cr\u00edmenes de lesa humanidad por su presunta implicaci\u00f3n en la ola de violencia en el pa\u00eds africano tras las elecciones generales de 2007. El pr\u00f3ximo 5 de febrero, cuando estaba previsto\" \/>\n\t<meta name=\"robots\" content=\"max-image-preview:large\" \/>\n\t<meta name=\"author\" content=\"El Digital de Asturias\"\/>\n\t<meta name=\"google-site-verification\" content=\"UA-38556648-1\" \/>\n\t<meta name=\"msvalidate.01\" content=\"7dfe9f3f1b24437ab69f4f2559babe99\" \/>\n\t<meta name=\"keywords\" content=\"actualidad\" \/>\n\t<link rel=\"canonical\" href=\"https:\/\/www.eldigitaldeasturias.com\/noticias\/la-cpi-aplaza-el-inicio-del-juicio-contra-el-presidente-de-kenia\/\" \/>\n\t<meta name=\"generator\" content=\"All in One SEO Pro (AIOSEO) 5.0.1\" \/>\n\t\t<meta property=\"og:locale\" content=\"es_ES\" \/>\n\t\t<meta property=\"og:site_name\" content=\"El Digital de Asturias\" \/>\n\t\t<meta property=\"og:type\" content=\"article\" \/>\n\t\t<meta property=\"og:title\" content=\"La CPI aplaza el inicio del juicio contra el presidente de Kenia - El Digital de Asturias\" \/>\n\t\t<meta property=\"og:description\" content=\"Bruselas, 23 ene (EFE).- La Corte Penal Internacional (CPI) decidi\u00f3 hoy aplazar el juicio contra el presidente de Kenia, Uhuru Muigai Kenyatta, acusado de cr\u00edmenes de lesa humanidad por su presunta implicaci\u00f3n en la ola de violencia en el pa\u00eds africano tras las elecciones generales de 2007. El pr\u00f3ximo 5 de febrero, cuando estaba previsto\" \/>\n\t\t<meta property=\"og:url\" content=\"https:\/\/www.eldigitaldeasturias.com\/noticias\/la-cpi-aplaza-el-inicio-del-juicio-contra-el-presidente-de-kenia\/\" \/>\n\t\t<meta property=\"og:image\" content=\"https:\/\/www.eldigitaldeasturias.com\/noticias\/wp-content\/uploads\/2026\/06\/Contenidos.jpg\" \/>\n\t\t<meta property=\"og:image:secure_url\" content=\"https:\/\/www.eldigitaldeasturias.com\/noticias\/wp-content\/uploads\/2026\/06\/Contenidos.jpg\" \/>\n\t\t<meta property=\"og:image:width\" content=\"1265\" \/>\n\t\t<meta property=\"og:image:height\" content=\"697\" \/>\n\t\t<meta property=\"article:tag\" content=\"actualidad\" \/>\n\t\t<meta property=\"article:published_time\" content=\"2014-01-24T09:28:43+00:00\" \/>\n\t\t<meta property=\"article:modified_time\" content=\"2014-01-24T09:28:43+00:00\" \/>\n\t\t<meta property=\"article:publisher\" content=\"https:\/\/facebook.com\/eldigitaldeasturias\" \/>\n\t\t<meta name=\"twitter:card\" content=\"summary_large_image\" \/>\n\t\t<meta name=\"twitter:title\" content=\"La CPI aplaza el inicio del juicio contra el presidente de Kenia - El Digital de Asturias\" \/>\n\t\t<meta name=\"twitter:description\" content=\"Bruselas, 23 ene (EFE).- La Corte Penal Internacional (CPI) decidi\u00f3 hoy aplazar el juicio contra el presidente de Kenia, Uhuru Muigai Kenyatta, acusado de cr\u00edmenes de lesa humanidad por su presunta implicaci\u00f3n en la ola de violencia en el pa\u00eds africano tras las elecciones generales de 2007. El pr\u00f3ximo 5 de febrero, cuando estaba previsto\" \/>\n\t\t<meta name=\"twitter:image\" content=\"https:\/\/www.eldigitaldeasturias.com\/noticias\/wp-content\/uploads\/2026\/06\/Contenidos.jpg\" \/>\n\t\t<meta name=\"twitter:label1\" content=\"Escrito por\" \/>\n\t\t<meta name=\"twitter:data1\" content=\"El Digital de Asturias\" \/>\n\t\t<meta name=\"twitter:label2\" content=\"Tiempo de lectura estimado\" \/>\n\t\t<meta name=\"twitter:data2\" content=\"2 minutos\" \/>\n\t\t<script type=\"application\/ld+json\" class=\"aioseo-schema\">\n\t\t\t{\"@context\":\"https:\\\/\\\/schema.org\",\"@graph\":[{\"@type\":\"BlogPosting\",\"@id\":\"https:\\\/\\\/www.eldigitaldeasturias.com\\\/noticias\\\/la-cpi-aplaza-el-inicio-del-juicio-contra-el-presidente-de-kenia\\\/#blogposting\",\"name\":\"La CPI aplaza el inicio del juicio contra el presidente de Kenia - El Digital de Asturias\",\"headline\":\"La CPI aplaza el inicio del juicio contra el presidente de Kenia\",\"author\":{\"@id\":\"https:\\\/\\\/www.eldigitaldeasturias.com\\\/noticias\\\/author\\\/admin\\\/#author\"},\"publisher\":{\"@id\":\"https:\\\/\\\/www.eldigitaldeasturias.com\\\/noticias\\\/#organization\"},\"image\":{\"@type\":\"ImageObject\",\"url\":\"https:\\\/\\\/www.eldigitaldeasturias.com\\\/noticias\\\/wp-content\\\/uploads\\\/2026\\\/06\\\/Contenidos.jpg\",\"width\":1265,\"height\":697,\"caption\":\"Contenidos\"},\"datePublished\":\"2014-01-24T08:28:43+01:00\",\"dateModified\":\"2014-01-24T08:28:43+01:00\",\"inLanguage\":\"es-ES\",\"mainEntityOfPage\":{\"@id\":\"https:\\\/\\\/www.eldigitaldeasturias.com\\\/noticias\\\/la-cpi-aplaza-el-inicio-del-juicio-contra-el-presidente-de-kenia\\\/#webpage\"},\"isPartOf\":{\"@id\":\"https:\\\/\\\/www.eldigitaldeasturias.com\\\/noticias\\\/la-cpi-aplaza-el-inicio-del-juicio-contra-el-presidente-de-kenia\\\/#webpage\"},\"articleSection\":\"Actualidad\"},{\"@type\":\"BreadcrumbList\",\"@id\":\"https:\\\/\\\/www.eldigitaldeasturias.com\\\/noticias\\\/la-cpi-aplaza-el-inicio-del-juicio-contra-el-presidente-de-kenia\\\/#breadcrumblist\",\"itemListElement\":[{\"@type\":\"ListItem\",\"@id\":\"https:\\\/\\\/www.eldigitaldeasturias.com\\\/noticias#listItem\",\"position\":1,\"name\":\"Home\",\"item\":\"https:\\\/\\\/www.eldigitaldeasturias.com\\\/noticias\",\"nextItem\":{\"@type\":\"ListItem\",\"@id\":\"https:\\\/\\\/www.eldigitaldeasturias.com\\\/noticias\\\/category\\\/actualidad\\\/#listItem\",\"name\":\"Actualidad\"}},{\"@type\":\"ListItem\",\"@id\":\"https:\\\/\\\/www.eldigitaldeasturias.com\\\/noticias\\\/category\\\/actualidad\\\/#listItem\",\"position\":2,\"name\":\"Actualidad\",\"item\":\"https:\\\/\\\/www.eldigitaldeasturias.com\\\/noticias\\\/category\\\/actualidad\\\/\",\"nextItem\":{\"@type\":\"ListItem\",\"@id\":\"https:\\\/\\\/www.eldigitaldeasturias.com\\\/noticias\\\/la-cpi-aplaza-el-inicio-del-juicio-contra-el-presidente-de-kenia\\\/#listItem\",\"name\":\"La CPI aplaza el inicio del juicio contra el presidente de Kenia\"},\"previousItem\":{\"@type\":\"ListItem\",\"@id\":\"https:\\\/\\\/www.eldigitaldeasturias.com\\\/noticias#listItem\",\"name\":\"Home\"}},{\"@type\":\"ListItem\",\"@id\":\"https:\\\/\\\/www.eldigitaldeasturias.com\\\/noticias\\\/la-cpi-aplaza-el-inicio-del-juicio-contra-el-presidente-de-kenia\\\/#listItem\",\"position\":3,\"name\":\"La CPI aplaza el inicio del juicio contra el presidente de Kenia\",\"previousItem\":{\"@type\":\"ListItem\",\"@id\":\"https:\\\/\\\/www.eldigitaldeasturias.com\\\/noticias\\\/category\\\/actualidad\\\/#listItem\",\"name\":\"Actualidad\"}}]},{\"@type\":\"Organization\",\"@id\":\"https:\\\/\\\/www.eldigitaldeasturias.com\\\/noticias\\\/#organization\",\"name\":\"El Digital de Asturias\",\"description\":\"Hemeroteca\",\"url\":\"https:\\\/\\\/www.eldigitaldeasturias.com\\\/noticias\\\/\",\"email\":\"info@eldigitaldeasturias.com\",\"telephone\":\"+34652131393\",\"logo\":{\"@type\":\"ImageObject\",\"url\":\"https:\\\/\\\/www.eldigitaldeasturias.com\\\/noticias\\\/wp-content\\\/uploads\\\/2020\\\/12\\\/EDA.jpg\",\"@id\":\"https:\\\/\\\/www.eldigitaldeasturias.com\\\/noticias\\\/la-cpi-aplaza-el-inicio-del-juicio-contra-el-presidente-de-kenia\\\/#organizationLogo\"},\"image\":{\"@id\":\"https:\\\/\\\/www.eldigitaldeasturias.com\\\/noticias\\\/la-cpi-aplaza-el-inicio-del-juicio-contra-el-presidente-de-kenia\\\/#organizationLogo\"},\"sameAs\":[\"https:\\\/\\\/facebook.com\\\/eldigitaldeasturias\",\"https:\\\/\\\/www.youtube.com\\\/channel\\\/UCZP-2wLEB9Rv6erhFmqVnvg\"],\"address\":{\"@id\":\"https:\\\/\\\/www.eldigitaldeasturias.com\\\/noticias\\\/#postaladdress\",\"@type\":\"PostalAddress\",\"streetAddress\":\"san antonio 4\",\"postalCode\":\"33430\",\"addressLocality\":\"Cand\\u00e1s\",\"addressRegion\":\"Asturias\",\"addressCountry\":\"ES\"}},{\"@type\":\"Person\",\"@id\":\"https:\\\/\\\/www.eldigitaldeasturias.com\\\/noticias\\\/author\\\/admin\\\/#author\",\"url\":\"https:\\\/\\\/www.eldigitaldeasturias.com\\\/noticias\\\/author\\\/admin\\\/\",\"name\":\"El Digital de Asturias\",\"image\":{\"@type\":\"ImageObject\",\"@id\":\"https:\\\/\\\/www.eldigitaldeasturias.com\\\/noticias\\\/la-cpi-aplaza-el-inicio-del-juicio-contra-el-presidente-de-kenia\\\/#authorImage\",\"url\":\"https:\\\/\\\/secure.gravatar.com\\\/avatar\\\/df2aeffc32bcd13f8d26072ef8a91b623d677766deac7f97ca815868cd41bf5e?s=96&d=mm&r=g\",\"width\":96,\"height\":96,\"caption\":\"El Digital de Asturias\"}},{\"@type\":\"WebPage\",\"@id\":\"https:\\\/\\\/www.eldigitaldeasturias.com\\\/noticias\\\/la-cpi-aplaza-el-inicio-del-juicio-contra-el-presidente-de-kenia\\\/#webpage\",\"url\":\"https:\\\/\\\/www.eldigitaldeasturias.com\\\/noticias\\\/la-cpi-aplaza-el-inicio-del-juicio-contra-el-presidente-de-kenia\\\/\",\"name\":\"La CPI aplaza el inicio del juicio contra el presidente de Kenia - El Digital de Asturias\",\"description\":\"Bruselas, 23 ene (EFE).- La Corte Penal Internacional (CPI) decidi\\u00f3 hoy aplazar el juicio contra el presidente de Kenia, Uhuru Muigai Kenyatta, acusado de cr\\u00edmenes de lesa humanidad por su presunta implicaci\\u00f3n en la ola de violencia en el pa\\u00eds africano tras las elecciones generales de 2007. El pr\\u00f3ximo 5 de febrero, cuando estaba previsto\",\"inLanguage\":\"es-ES\",\"isPartOf\":{\"@id\":\"https:\\\/\\\/www.eldigitaldeasturias.com\\\/noticias\\\/#website\"},\"breadcrumb\":{\"@id\":\"https:\\\/\\\/www.eldigitaldeasturias.com\\\/noticias\\\/la-cpi-aplaza-el-inicio-del-juicio-contra-el-presidente-de-kenia\\\/#breadcrumblist\"},\"author\":{\"@id\":\"https:\\\/\\\/www.eldigitaldeasturias.com\\\/noticias\\\/author\\\/admin\\\/#author\"},\"creator\":{\"@id\":\"https:\\\/\\\/www.eldigitaldeasturias.com\\\/noticias\\\/author\\\/admin\\\/#author\"},\"image\":{\"@type\":\"ImageObject\",\"url\":\"https:\\\/\\\/www.eldigitaldeasturias.com\\\/noticias\\\/wp-content\\\/uploads\\\/2026\\\/06\\\/Contenidos.jpg\",\"@id\":\"https:\\\/\\\/www.eldigitaldeasturias.com\\\/noticias\\\/la-cpi-aplaza-el-inicio-del-juicio-contra-el-presidente-de-kenia\\\/#mainImage\",\"width\":1265,\"height\":697,\"caption\":\"Contenidos\"},\"primaryImageOfPage\":{\"@id\":\"https:\\\/\\\/www.eldigitaldeasturias.com\\\/noticias\\\/la-cpi-aplaza-el-inicio-del-juicio-contra-el-presidente-de-kenia\\\/#mainImage\"},\"datePublished\":\"2014-01-24T08:28:43+01:00\",\"dateModified\":\"2014-01-24T08:28:43+01:00\"},{\"@type\":\"WebSite\",\"@id\":\"https:\\\/\\\/www.eldigitaldeasturias.com\\\/noticias\\\/#website\",\"url\":\"https:\\\/\\\/www.eldigitaldeasturias.com\\\/noticias\\\/\",\"name\":\"El Digital de Asturias - Diario de actualidad y noticias\",\"alternateName\":\"El Digital de Asturias - Diario de actualidad y noticias\",\"description\":\"Hemeroteca\",\"inLanguage\":\"es-ES\",\"publisher\":{\"@id\":\"https:\\\/\\\/www.eldigitaldeasturias.com\\\/noticias\\\/#organization\"}}]}\n\t\t<\/script>\n\t\t<!-- All in One SEO Pro -->\r\n\t\t<title>La CPI aplaza el inicio del juicio contra el presidente de Kenia - El Digital de Asturias<\/title>\n\n","aioseo_head_json":{"title":"La CPI aplaza el inicio del juicio contra el presidente de Kenia - El Digital de Asturias","description":"Bruselas, 23 ene (EFE).- La Corte Penal Internacional (CPI) decidi\u00f3 hoy aplazar el juicio contra el presidente de Kenia, Uhuru Muigai Kenyatta, acusado de cr\u00edmenes de lesa humanidad por su presunta implicaci\u00f3n en la ola de violencia en el pa\u00eds africano tras las elecciones generales de 2007. El pr\u00f3ximo 5 de febrero, cuando estaba previsto","canonical_url":"https:\/\/www.eldigitaldeasturias.com\/noticias\/la-cpi-aplaza-el-inicio-del-juicio-contra-el-presidente-de-kenia\/","robots":"max-image-preview:large","keywords":"actualidad","webmasterTools":{"google-site-verification":"UA-38556648-1","msvalidate.01":"7dfe9f3f1b24437ab69f4f2559babe99","miscellaneous":""},"schema":{"@context":"https:\/\/schema.org","@graph":[{"@type":"BlogPosting","@id":"https:\/\/www.eldigitaldeasturias.com\/noticias\/la-cpi-aplaza-el-inicio-del-juicio-contra-el-presidente-de-kenia\/#blogposting","name":"La CPI aplaza el inicio del juicio contra el presidente de Kenia - El Digital de Asturias","headline":"La CPI aplaza el inicio del juicio contra el presidente de Kenia","author":{"@id":"https:\/\/www.eldigitaldeasturias.com\/noticias\/author\/admin\/#author"},"publisher":{"@id":"https:\/\/www.eldigitaldeasturias.com\/noticias\/#organization"},"image":{"@type":"ImageObject","url":"https:\/\/www.eldigitaldeasturias.com\/noticias\/wp-content\/uploads\/2026\/06\/Contenidos.jpg","width":1265,"height":697,"caption":"Contenidos"},"datePublished":"2014-01-24T08:28:43+01:00","dateModified":"2014-01-24T08:28:43+01:00","inLanguage":"es-ES","mainEntityOfPage":{"@id":"https:\/\/www.eldigitaldeasturias.com\/noticias\/la-cpi-aplaza-el-inicio-del-juicio-contra-el-presidente-de-kenia\/#webpage"},"isPartOf":{"@id":"https:\/\/www.eldigitaldeasturias.com\/noticias\/la-cpi-aplaza-el-inicio-del-juicio-contra-el-presidente-de-kenia\/#webpage"},"articleSection":"Actualidad"},{"@type":"BreadcrumbList","@id":"https:\/\/www.eldigitaldeasturias.com\/noticias\/la-cpi-aplaza-el-inicio-del-juicio-contra-el-presidente-de-kenia\/#breadcrumblist","itemListElement":[{"@type":"ListItem","@id":"https:\/\/www.eldigitaldeasturias.com\/noticias#listItem","position":1,"name":"Home","item":"https:\/\/www.eldigitaldeasturias.com\/noticias","nextItem":{"@type":"ListItem","@id":"https:\/\/www.eldigitaldeasturias.com\/noticias\/category\/actualidad\/#listItem","name":"Actualidad"}},{"@type":"ListItem","@id":"https:\/\/www.eldigitaldeasturias.com\/noticias\/category\/actualidad\/#listItem","position":2,"name":"Actualidad","item":"https:\/\/www.eldigitaldeasturias.com\/noticias\/category\/actualidad\/","nextItem":{"@type":"ListItem","@id":"https:\/\/www.eldigitaldeasturias.com\/noticias\/la-cpi-aplaza-el-inicio-del-juicio-contra-el-presidente-de-kenia\/#listItem","name":"La CPI aplaza el inicio del juicio contra el presidente de Kenia"},"previousItem":{"@type":"ListItem","@id":"https:\/\/www.eldigitaldeasturias.com\/noticias#listItem","name":"Home"}},{"@type":"ListItem","@id":"https:\/\/www.eldigitaldeasturias.com\/noticias\/la-cpi-aplaza-el-inicio-del-juicio-contra-el-presidente-de-kenia\/#listItem","position":3,"name":"La CPI aplaza el inicio del juicio contra el presidente de Kenia","previousItem":{"@type":"ListItem","@id":"https:\/\/www.eldigitaldeasturias.com\/noticias\/category\/actualidad\/#listItem","name":"Actualidad"}}]},{"@type":"Organization","@id":"https:\/\/www.eldigitaldeasturias.com\/noticias\/#organization","name":"El Digital de Asturias","description":"Hemeroteca","url":"https:\/\/www.eldigitaldeasturias.com\/noticias\/","email":"info@eldigitaldeasturias.com","telephone":"+34652131393","logo":{"@type":"ImageObject","url":"https:\/\/www.eldigitaldeasturias.com\/noticias\/wp-content\/uploads\/2020\/12\/EDA.jpg","@id":"https:\/\/www.eldigitaldeasturias.com\/noticias\/la-cpi-aplaza-el-inicio-del-juicio-contra-el-presidente-de-kenia\/#organizationLogo"},"image":{"@id":"https:\/\/www.eldigitaldeasturias.com\/noticias\/la-cpi-aplaza-el-inicio-del-juicio-contra-el-presidente-de-kenia\/#organizationLogo"},"sameAs":["https:\/\/facebook.com\/eldigitaldeasturias","https:\/\/www.youtube.com\/channel\/UCZP-2wLEB9Rv6erhFmqVnvg"],"address":{"@id":"https:\/\/www.eldigitaldeasturias.com\/noticias\/#postaladdress","@type":"PostalAddress","streetAddress":"san antonio 4","postalCode":"33430","addressLocality":"Cand\u00e1s","addressRegion":"Asturias","addressCountry":"ES"}},{"@type":"Person","@id":"https:\/\/www.eldigitaldeasturias.com\/noticias\/author\/admin\/#author","url":"https:\/\/www.eldigitaldeasturias.com\/noticias\/author\/admin\/","name":"El Digital de Asturias","image":{"@type":"ImageObject","@id":"https:\/\/www.eldigitaldeasturias.com\/noticias\/la-cpi-aplaza-el-inicio-del-juicio-contra-el-presidente-de-kenia\/#authorImage","url":"https:\/\/secure.gravatar.com\/avatar\/df2aeffc32bcd13f8d26072ef8a91b623d677766deac7f97ca815868cd41bf5e?s=96&d=mm&r=g","width":96,"height":96,"caption":"El Digital de Asturias"}},{"@type":"WebPage","@id":"https:\/\/www.eldigitaldeasturias.com\/noticias\/la-cpi-aplaza-el-inicio-del-juicio-contra-el-presidente-de-kenia\/#webpage","url":"https:\/\/www.eldigitaldeasturias.com\/noticias\/la-cpi-aplaza-el-inicio-del-juicio-contra-el-presidente-de-kenia\/","name":"La CPI aplaza el inicio del juicio contra el presidente de Kenia - El Digital de Asturias","description":"Bruselas, 23 ene (EFE).- La Corte Penal Internacional (CPI) decidi\u00f3 hoy aplazar el juicio contra el presidente de Kenia, Uhuru Muigai Kenyatta, acusado de cr\u00edmenes de lesa humanidad por su presunta implicaci\u00f3n en la ola de violencia en el pa\u00eds africano tras las elecciones generales de 2007. El pr\u00f3ximo 5 de febrero, cuando estaba previsto","inLanguage":"es-ES","isPartOf":{"@id":"https:\/\/www.eldigitaldeasturias.com\/noticias\/#website"},"breadcrumb":{"@id":"https:\/\/www.eldigitaldeasturias.com\/noticias\/la-cpi-aplaza-el-inicio-del-juicio-contra-el-presidente-de-kenia\/#breadcrumblist"},"author":{"@id":"https:\/\/www.eldigitaldeasturias.com\/noticias\/author\/admin\/#author"},"creator":{"@id":"https:\/\/www.eldigitaldeasturias.com\/noticias\/author\/admin\/#author"},"image":{"@type":"ImageObject","url":"https:\/\/www.eldigitaldeasturias.com\/noticias\/wp-content\/uploads\/2026\/06\/Contenidos.jpg","@id":"https:\/\/www.eldigitaldeasturias.com\/noticias\/la-cpi-aplaza-el-inicio-del-juicio-contra-el-presidente-de-kenia\/#mainImage","width":1265,"height":697,"caption":"Contenidos"},"primaryImageOfPage":{"@id":"https:\/\/www.eldigitaldeasturias.com\/noticias\/la-cpi-aplaza-el-inicio-del-juicio-contra-el-presidente-de-kenia\/#mainImage"},"datePublished":"2014-01-24T08:28:43+01:00","dateModified":"2014-01-24T08:28:43+01:00"},{"@type":"WebSite","@id":"https:\/\/www.eldigitaldeasturias.com\/noticias\/#website","url":"https:\/\/www.eldigitaldeasturias.com\/noticias\/","name":"El Digital de Asturias - Diario de actualidad y noticias","alternateName":"El Digital de Asturias - Diario de actualidad y noticias","description":"Hemeroteca","inLanguage":"es-ES","publisher":{"@id":"https:\/\/www.eldigitaldeasturias.com\/noticias\/#organization"}}]},"og:locale":"es_ES","og:site_name":"El Digital de Asturias","og:type":"article","og:title":"La CPI aplaza el inicio del juicio contra el presidente de Kenia - El Digital de Asturias","og:description":"Bruselas, 23 ene (EFE).- La Corte Penal Internacional (CPI) decidi\u00f3 hoy aplazar el juicio contra el presidente de Kenia, Uhuru Muigai Kenyatta, acusado de cr\u00edmenes de lesa humanidad por su presunta implicaci\u00f3n en la ola de violencia en el pa\u00eds africano tras las elecciones generales de 2007. El pr\u00f3ximo 5 de febrero, cuando estaba previsto","og:url":"https:\/\/www.eldigitaldeasturias.com\/noticias\/la-cpi-aplaza-el-inicio-del-juicio-contra-el-presidente-de-kenia\/","og:image":"https:\/\/www.eldigitaldeasturias.com\/noticias\/wp-content\/uploads\/2026\/06\/Contenidos.jpg","og:image:secure_url":"https:\/\/www.eldigitaldeasturias.com\/noticias\/wp-content\/uploads\/2026\/06\/Contenidos.jpg","og:image:width":1265,"og:image:height":697,"article:tag":["actualidad"],"article:published_time":"2014-01-24T09:28:43+00:00","article:modified_time":"2014-01-24T09:28:43+00:00","article:publisher":"https:\/\/facebook.com\/eldigitaldeasturias","twitter:card":"summary_large_image","twitter:title":"La CPI aplaza el inicio del juicio contra el presidente de Kenia - El Digital de Asturias","twitter:description":"Bruselas, 23 ene (EFE).- La Corte Penal Internacional (CPI) decidi\u00f3 hoy aplazar el juicio contra el presidente de Kenia, Uhuru Muigai Kenyatta, acusado de cr\u00edmenes de lesa humanidad por su presunta implicaci\u00f3n en la ola de violencia en el pa\u00eds africano tras las elecciones generales de 2007. El pr\u00f3ximo 5 de febrero, cuando estaba previsto","twitter:image":"https:\/\/www.eldigitaldeasturias.com\/noticias\/wp-content\/uploads\/2026\/06\/Contenidos.jpg","twitter:label1":"Escrito por","twitter:data1":"El Digital de Asturias","twitter:label2":"Tiempo de lectura estimado","twitter:data2":"2 minutos"},"aioseo_meta_data":{"post_id":"478025","title":null,"description":null,"keywords":null,"keyphrases":null,"primary_term":null,"canonical_url":null,"og_title":null,"og_description":null,"og_object_type":"default","og_image_type":"default","og_image_url":null,"og_image_width":null,"og_image_height":null,"og_image_custom_url":null,"og_image_custom_fields":null,"og_video":null,"og_custom_url":null,"og_article_section":null,"og_article_tags":null,"twitter_use_og":true,"twitter_card":"default","twitter_image_type":"default","twitter_image_url":null,"twitter_image_custom_url":null,"twitter_image_custom_fields":null,"twitter_title":null,"twitter_description":null,"schema":{"blockGraphs":[],"customGraphs":[],"default":{"data":{"Article":[],"Course":[],"Dataset":[],"FAQPage":[],"Movie":[],"Person":[],"Product":[],"ProductReview":[],"Car":[],"Recipe":[],"Service":[],"SoftwareApplication":[],"WebPage":[]},"graphName":"","isEnabled":true},"graphs":[],"defaultGraph":"","defaultPostTypeGraph":""},"schema_type":null,"schema_type_options":null,"pillar_content":false,"robots_default":true,"robots_noindex":false,"robots_noarchive":false,"robots_nosnippet":false,"robots_nofollow":false,"robots_noimageindex":false,"robots_noodp":false,"robots_notranslate":false,"robots_max_snippet":null,"robots_max_videopreview":null,"robots_max_imagepreview":"none","priority":null,"frequency":null,"local_seo":null,"seo_analyzer_scan_date":"2026-06-01 20:15:51","breadcrumb_settings":null,"limit_modified_date":false,"open_ai":null,"ai":null,"created":"2020-11-14 22:53:48","updated":"2026-06-01 20:15:51","focus_keyword":null,"additional_keywords":null,"truseo_locale":null},"aioseo_breadcrumb":"<div class=\"aioseo-breadcrumbs\"><span class=\"aioseo-breadcrumb\">\n\t<a href=\"https:\/\/www.eldigitaldeasturias.com\/noticias\" title=\"Home\">Home<\/a>\n<\/span><span class=\"aioseo-breadcrumb-separator\">\u2013<\/span><span class=\"aioseo-breadcrumb\">\n\t<a href=\"https:\/\/www.eldigitaldeasturias.com\/noticias\/category\/actualidad\/\" title=\"Actualidad\">Actualidad<\/a>\n<\/span><span class=\"aioseo-breadcrumb-separator\">\u2013<\/span><span class=\"aioseo-breadcrumb\">\n\t<a href=\"https:\/\/www.eldigitaldeasturias.com\/noticias\/la-cpi-aplaza-el-inicio-del-juicio-contra-el-presidente-de-kenia\/\" title=\"La CPI aplaza el inicio del juicio contra el presidente de Kenia\">La CPI aplaza el inicio del juicio contra el presidente de Kenia<\/a>\n<\/span><\/div>","aioseo_breadcrumb_json":[{"label":"Home","link":"https:\/\/www.eldigitaldeasturias.com\/noticias"},{"label":"Actualidad","link":"https:\/\/www.eldigitaldeasturias.com\/noticias\/category\/actualidad\/"},{"label":"La CPI aplaza el inicio del juicio contra el presidente de Kenia","link":"https:\/\/www.eldigitaldeasturias.com\/noticias\/la-cpi-aplaza-el-inicio-del-juicio-contra-el-presidente-de-kenia\/"}],"_links":{"self":[{"href":"https:\/\/www.eldigitaldeasturias.com\/noticias\/wp-json\/wp\/v2\/posts\/478025","targetHints":{"allow":["GET"]}}],"collection":[{"href":"https:\/\/www.eldigitaldeasturias.com\/noticias\/wp-json\/wp\/v2\/posts"}],"about":[{"href":"https:\/\/www.eldigitaldeasturias.com\/noticias\/wp-json\/wp\/v2\/types\/post"}],"author":[{"embeddable":true,"href":"https:\/\/www.eldigitaldeasturias.com\/noticias\/wp-json\/wp\/v2\/users\/1"}],"replies":[{"embeddable":true,"href":"https:\/\/www.eldigitaldeasturias.com\/noticias\/wp-json\/wp\/v2\/comments?post=478025"}],"version-history":[{"count":0,"href":"https:\/\/www.eldigitaldeasturias.com\/noticias\/wp-json\/wp\/v2\/posts\/478025\/revisions"}],"wp:featuredmedia":[{"embeddable":true,"href":"https:\/\/www.eldigitaldeasturias.com\/noticias\/wp-json\/wp\/v2\/media\/1132184"}],"wp:attachment":[{"href":"https:\/\/www.eldigitaldeasturias.com\/noticias\/wp-json\/wp\/v2\/media?parent=478025"}],"wp:term":[{"taxonomy":"category","embeddable":true,"href":"https:\/\/www.eldigitaldeasturias.com\/noticias\/wp-json\/wp\/v2\/categories?post=478025"},{"taxonomy":"post_tag","embeddable":true,"href":"https:\/\/www.eldigitaldeasturias.com\/noticias\/wp-json\/wp\/v2\/tags?post=478025"}],"curies":[{"name":"wp","href":"https:\/\/api.w.org\/{rel}","templated":true}]}}