{"id":478022,"date":"2014-01-24T08:27:08","date_gmt":"2014-01-24T09:27:08","guid":{"rendered":"http:\/\/www.eldigitaldeasturias.com\/noticias\/?p=478022"},"modified":"2014-01-24T08:27:08","modified_gmt":"2014-01-24T09:27:08","slug":"madrid-pide-salvaguardar-los-derechos-de-los-empleados-de-coca-cola","status":"publish","type":"post","link":"https:\/\/www.eldigitaldeasturias.com\/noticias\/madrid-pide-salvaguardar-los-derechos-de-los-empleados-de-coca-cola\/","title":{"rendered":"Madrid pide salvaguardar los derechos de los empleados de Coca-Cola"},"content":{"rendered":"<p><img loading=\"lazy\" decoding=\"async\" class=\"alignleft size-medium wp-image-478023\" alt=\"5870306w\" src=\"https:\/\/www.eldigitaldeasturias.com\/noticias\/wp-content\/uploads\/2014\/01\/5870306w-360x239.jpg\" width=\"360\" height=\"239\" \/>Madrid, 23 ene (EFE).- El Gobierno de la Comunidad de Madrid considera una \u00abmal\u00edsima noticia\u00bb para Espa\u00f1a y para esta regi\u00f3n el expediente de regulaci\u00f3n de empleo (ERE) anunciado por Coca-Cola y el cierre de cuatro de sus plantas, entre ellas la de Fuenlabrada, y ha pedido que se salvaguarden los derechos de los trabajadores.<\/p>\n<p>En la rueda de prensa posterior a la reuni\u00f3n del Consejo de Gobierno, el consejero de Presidencia, Justicia y Portavoc\u00eda, Salvador Victoria, ha explicado que a Coca-Cola \u00abcomo empresa\u00bb no le va mal en Espa\u00f1a y que el cierre anunciado es fruto de una reorganizaci\u00f3n interna a nivel nacional.<\/p>\n<p>En cualquier caso, la decisi\u00f3n de esta compa\u00f1\u00eda de cerrar una planta tan importante como es la de Fuenlabrada \u00abno es una buena noticia\u00bb para el Gobierno regional, que ha abogado por \u00abcuidar muy mucho\u00bb la salvaguarda \u00abestricta\u00bb de los derechos de los trabajadores.<\/p>\n<p>En la negociaci\u00f3n que se abre ahora y en el posterior acuerdo que el Gobierno de la Comunidad espera que se alcance, los derechos de los empleados de Coca-Cola deben verse \u00abtotalmente protegidos y garantizados\u00bb, ha sentenciado Victoria.<\/p>\n<p>El portavoz del Ejecutivo regional ha recordado que el anuncio de Coca-Cola coincide en el tiempo con la intenci\u00f3n de dos grandes multinacionales norteamericanas de elegir Madrid para futuras inversiones.<\/p>\n","protected":false},"excerpt":{"rendered":"<p>Madrid, 23 ene (EFE).- El Gobierno de la Comunidad de Madrid considera una \u00abmal\u00edsima noticia\u00bb para Espa\u00f1a y para esta regi\u00f3n el expediente de regulaci\u00f3n de empleo (ERE) anunciado por Coca-Cola y el cierre de cuatro de sus plantas, entre ellas la de Fuenlabrada, y ha pedido que se salvaguarden los derechos de los trabajadores. [&hellip;]<\/p>\n","protected":false},"author":1,"featured_media":1132184,"comment_status":"closed","ping_status":"open","sticky":false,"template":"","format":"standard","meta":{"footnotes":""},"categories":[1],"tags":[],"class_list":["post-478022","post","type-post","status-publish","format-standard","has-post-thumbnail","hentry","category-actualidad"],"aioseo_notices":[],"aioseo_head":"\n\t\t<!-- All in One SEO Pro 5.0.1 - aioseo.com -->\n\t<meta name=\"description\" content=\"Madrid, 23 ene (EFE).- El Gobierno de la Comunidad de Madrid considera una &quot;mal\u00edsima noticia&quot; para Espa\u00f1a y para esta regi\u00f3n el expediente de regulaci\u00f3n de empleo (ERE) anunciado por Coca-Cola y el cierre de cuatro de sus plantas, entre ellas la de Fuenlabrada, y ha pedido que se salvaguarden los derechos de los trabajadores.\" \/>\n\t<meta name=\"robots\" content=\"max-image-preview:large\" \/>\n\t<meta name=\"author\" content=\"El Digital de Asturias\"\/>\n\t<meta name=\"google-site-verification\" content=\"UA-38556648-1\" \/>\n\t<meta name=\"msvalidate.01\" content=\"7dfe9f3f1b24437ab69f4f2559babe99\" \/>\n\t<meta name=\"keywords\" content=\"actualidad\" \/>\n\t<link rel=\"canonical\" href=\"https:\/\/www.eldigitaldeasturias.com\/noticias\/madrid-pide-salvaguardar-los-derechos-de-los-empleados-de-coca-cola\/\" \/>\n\t<meta name=\"generator\" content=\"All in One SEO Pro (AIOSEO) 5.0.1\" \/>\n\t\t<meta property=\"og:locale\" content=\"es_ES\" \/>\n\t\t<meta property=\"og:site_name\" content=\"El Digital de Asturias\" \/>\n\t\t<meta property=\"og:type\" content=\"article\" \/>\n\t\t<meta property=\"og:title\" content=\"Madrid pide salvaguardar los derechos de los empleados de Coca-Cola - El Digital de Asturias\" \/>\n\t\t<meta property=\"og:description\" content=\"Madrid, 23 ene (EFE).- El Gobierno de la Comunidad de Madrid considera una &quot;mal\u00edsima noticia&quot; para Espa\u00f1a y para esta regi\u00f3n el expediente de regulaci\u00f3n de empleo (ERE) anunciado por Coca-Cola y el cierre de cuatro de sus plantas, entre ellas la de Fuenlabrada, y ha pedido que se salvaguarden los derechos de los trabajadores.\" \/>\n\t\t<meta property=\"og:url\" content=\"https:\/\/www.eldigitaldeasturias.com\/noticias\/madrid-pide-salvaguardar-los-derechos-de-los-empleados-de-coca-cola\/\" \/>\n\t\t<meta property=\"og:image\" content=\"https:\/\/www.eldigitaldeasturias.com\/noticias\/wp-content\/uploads\/2026\/06\/Contenidos.jpg\" \/>\n\t\t<meta property=\"og:image:secure_url\" content=\"https:\/\/www.eldigitaldeasturias.com\/noticias\/wp-content\/uploads\/2026\/06\/Contenidos.jpg\" \/>\n\t\t<meta property=\"og:image:width\" content=\"1265\" \/>\n\t\t<meta property=\"og:image:height\" content=\"697\" \/>\n\t\t<meta property=\"article:tag\" content=\"actualidad\" \/>\n\t\t<meta property=\"article:published_time\" content=\"2014-01-24T09:27:08+00:00\" \/>\n\t\t<meta property=\"article:modified_time\" content=\"2014-01-24T09:27:08+00:00\" \/>\n\t\t<meta property=\"article:publisher\" content=\"https:\/\/facebook.com\/eldigitaldeasturias\" \/>\n\t\t<meta name=\"twitter:card\" content=\"summary_large_image\" \/>\n\t\t<meta name=\"twitter:title\" content=\"Madrid pide salvaguardar los derechos de los empleados de Coca-Cola - El Digital de Asturias\" \/>\n\t\t<meta name=\"twitter:description\" content=\"Madrid, 23 ene (EFE).- El Gobierno de la Comunidad de Madrid considera una &quot;mal\u00edsima noticia&quot; para Espa\u00f1a y para esta regi\u00f3n el expediente de regulaci\u00f3n de empleo (ERE) anunciado por Coca-Cola y el cierre de cuatro de sus plantas, entre ellas la de Fuenlabrada, y ha pedido que se salvaguarden los derechos de los trabajadores.\" \/>\n\t\t<meta name=\"twitter:image\" content=\"https:\/\/www.eldigitaldeasturias.com\/noticias\/wp-content\/uploads\/2026\/06\/Contenidos.jpg\" \/>\n\t\t<meta name=\"twitter:label1\" content=\"Escrito por\" \/>\n\t\t<meta name=\"twitter:data1\" content=\"El Digital de Asturias\" \/>\n\t\t<meta name=\"twitter:label2\" content=\"Tiempo de lectura estimado\" \/>\n\t\t<meta name=\"twitter:data2\" content=\"1 minuto\" \/>\n\t\t<script type=\"application\/ld+json\" class=\"aioseo-schema\">\n\t\t\t{\"@context\":\"https:\\\/\\\/schema.org\",\"@graph\":[{\"@type\":\"BlogPosting\",\"@id\":\"https:\\\/\\\/www.eldigitaldeasturias.com\\\/noticias\\\/madrid-pide-salvaguardar-los-derechos-de-los-empleados-de-coca-cola\\\/#blogposting\",\"name\":\"Madrid pide salvaguardar los derechos de los empleados de Coca-Cola - El Digital de Asturias\",\"headline\":\"Madrid pide salvaguardar los derechos de los empleados de Coca-Cola\",\"author\":{\"@id\":\"https:\\\/\\\/www.eldigitaldeasturias.com\\\/noticias\\\/author\\\/admin\\\/#author\"},\"publisher\":{\"@id\":\"https:\\\/\\\/www.eldigitaldeasturias.com\\\/noticias\\\/#organization\"},\"image\":{\"@type\":\"ImageObject\",\"url\":\"https:\\\/\\\/www.eldigitaldeasturias.com\\\/noticias\\\/wp-content\\\/uploads\\\/2026\\\/06\\\/Contenidos.jpg\",\"width\":1265,\"height\":697,\"caption\":\"Contenidos\"},\"datePublished\":\"2014-01-24T08:27:08+01:00\",\"dateModified\":\"2014-01-24T08:27:08+01:00\",\"inLanguage\":\"es-ES\",\"mainEntityOfPage\":{\"@id\":\"https:\\\/\\\/www.eldigitaldeasturias.com\\\/noticias\\\/madrid-pide-salvaguardar-los-derechos-de-los-empleados-de-coca-cola\\\/#webpage\"},\"isPartOf\":{\"@id\":\"https:\\\/\\\/www.eldigitaldeasturias.com\\\/noticias\\\/madrid-pide-salvaguardar-los-derechos-de-los-empleados-de-coca-cola\\\/#webpage\"},\"articleSection\":\"Actualidad\"},{\"@type\":\"BreadcrumbList\",\"@id\":\"https:\\\/\\\/www.eldigitaldeasturias.com\\\/noticias\\\/madrid-pide-salvaguardar-los-derechos-de-los-empleados-de-coca-cola\\\/#breadcrumblist\",\"itemListElement\":[{\"@type\":\"ListItem\",\"@id\":\"https:\\\/\\\/www.eldigitaldeasturias.com\\\/noticias#listItem\",\"position\":1,\"name\":\"Home\",\"item\":\"https:\\\/\\\/www.eldigitaldeasturias.com\\\/noticias\",\"nextItem\":{\"@type\":\"ListItem\",\"@id\":\"https:\\\/\\\/www.eldigitaldeasturias.com\\\/noticias\\\/category\\\/actualidad\\\/#listItem\",\"name\":\"Actualidad\"}},{\"@type\":\"ListItem\",\"@id\":\"https:\\\/\\\/www.eldigitaldeasturias.com\\\/noticias\\\/category\\\/actualidad\\\/#listItem\",\"position\":2,\"name\":\"Actualidad\",\"item\":\"https:\\\/\\\/www.eldigitaldeasturias.com\\\/noticias\\\/category\\\/actualidad\\\/\",\"nextItem\":{\"@type\":\"ListItem\",\"@id\":\"https:\\\/\\\/www.eldigitaldeasturias.com\\\/noticias\\\/madrid-pide-salvaguardar-los-derechos-de-los-empleados-de-coca-cola\\\/#listItem\",\"name\":\"Madrid pide salvaguardar los derechos de los empleados de Coca-Cola\"},\"previousItem\":{\"@type\":\"ListItem\",\"@id\":\"https:\\\/\\\/www.eldigitaldeasturias.com\\\/noticias#listItem\",\"name\":\"Home\"}},{\"@type\":\"ListItem\",\"@id\":\"https:\\\/\\\/www.eldigitaldeasturias.com\\\/noticias\\\/madrid-pide-salvaguardar-los-derechos-de-los-empleados-de-coca-cola\\\/#listItem\",\"position\":3,\"name\":\"Madrid pide salvaguardar los derechos de los empleados de Coca-Cola\",\"previousItem\":{\"@type\":\"ListItem\",\"@id\":\"https:\\\/\\\/www.eldigitaldeasturias.com\\\/noticias\\\/category\\\/actualidad\\\/#listItem\",\"name\":\"Actualidad\"}}]},{\"@type\":\"Organization\",\"@id\":\"https:\\\/\\\/www.eldigitaldeasturias.com\\\/noticias\\\/#organization\",\"name\":\"El Digital de Asturias\",\"description\":\"Hemeroteca\",\"url\":\"https:\\\/\\\/www.eldigitaldeasturias.com\\\/noticias\\\/\",\"email\":\"info@eldigitaldeasturias.com\",\"telephone\":\"+34652131393\",\"logo\":{\"@type\":\"ImageObject\",\"url\":\"https:\\\/\\\/www.eldigitaldeasturias.com\\\/noticias\\\/wp-content\\\/uploads\\\/2020\\\/12\\\/EDA.jpg\",\"@id\":\"https:\\\/\\\/www.eldigitaldeasturias.com\\\/noticias\\\/madrid-pide-salvaguardar-los-derechos-de-los-empleados-de-coca-cola\\\/#organizationLogo\"},\"image\":{\"@id\":\"https:\\\/\\\/www.eldigitaldeasturias.com\\\/noticias\\\/madrid-pide-salvaguardar-los-derechos-de-los-empleados-de-coca-cola\\\/#organizationLogo\"},\"sameAs\":[\"https:\\\/\\\/facebook.com\\\/eldigitaldeasturias\",\"https:\\\/\\\/www.youtube.com\\\/channel\\\/UCZP-2wLEB9Rv6erhFmqVnvg\"],\"address\":{\"@id\":\"https:\\\/\\\/www.eldigitaldeasturias.com\\\/noticias\\\/#postaladdress\",\"@type\":\"PostalAddress\",\"streetAddress\":\"san antonio 4\",\"postalCode\":\"33430\",\"addressLocality\":\"Cand\\u00e1s\",\"addressRegion\":\"Asturias\",\"addressCountry\":\"ES\"}},{\"@type\":\"Person\",\"@id\":\"https:\\\/\\\/www.eldigitaldeasturias.com\\\/noticias\\\/author\\\/admin\\\/#author\",\"url\":\"https:\\\/\\\/www.eldigitaldeasturias.com\\\/noticias\\\/author\\\/admin\\\/\",\"name\":\"El Digital de Asturias\",\"image\":{\"@type\":\"ImageObject\",\"@id\":\"https:\\\/\\\/www.eldigitaldeasturias.com\\\/noticias\\\/madrid-pide-salvaguardar-los-derechos-de-los-empleados-de-coca-cola\\\/#authorImage\",\"url\":\"https:\\\/\\\/secure.gravatar.com\\\/avatar\\\/df2aeffc32bcd13f8d26072ef8a91b623d677766deac7f97ca815868cd41bf5e?s=96&d=mm&r=g\",\"width\":96,\"height\":96,\"caption\":\"El Digital de Asturias\"}},{\"@type\":\"WebPage\",\"@id\":\"https:\\\/\\\/www.eldigitaldeasturias.com\\\/noticias\\\/madrid-pide-salvaguardar-los-derechos-de-los-empleados-de-coca-cola\\\/#webpage\",\"url\":\"https:\\\/\\\/www.eldigitaldeasturias.com\\\/noticias\\\/madrid-pide-salvaguardar-los-derechos-de-los-empleados-de-coca-cola\\\/\",\"name\":\"Madrid pide salvaguardar los derechos de los empleados de Coca-Cola - El Digital de Asturias\",\"description\":\"Madrid, 23 ene (EFE).- El Gobierno de la Comunidad de Madrid considera una \\\"mal\\u00edsima noticia\\\" para Espa\\u00f1a y para esta regi\\u00f3n el expediente de regulaci\\u00f3n de empleo (ERE) anunciado por Coca-Cola y el cierre de cuatro de sus plantas, entre ellas la de Fuenlabrada, y ha pedido que se salvaguarden los derechos de los trabajadores.\",\"inLanguage\":\"es-ES\",\"isPartOf\":{\"@id\":\"https:\\\/\\\/www.eldigitaldeasturias.com\\\/noticias\\\/#website\"},\"breadcrumb\":{\"@id\":\"https:\\\/\\\/www.eldigitaldeasturias.com\\\/noticias\\\/madrid-pide-salvaguardar-los-derechos-de-los-empleados-de-coca-cola\\\/#breadcrumblist\"},\"author\":{\"@id\":\"https:\\\/\\\/www.eldigitaldeasturias.com\\\/noticias\\\/author\\\/admin\\\/#author\"},\"creator\":{\"@id\":\"https:\\\/\\\/www.eldigitaldeasturias.com\\\/noticias\\\/author\\\/admin\\\/#author\"},\"image\":{\"@type\":\"ImageObject\",\"url\":\"https:\\\/\\\/www.eldigitaldeasturias.com\\\/noticias\\\/wp-content\\\/uploads\\\/2026\\\/06\\\/Contenidos.jpg\",\"@id\":\"https:\\\/\\\/www.eldigitaldeasturias.com\\\/noticias\\\/madrid-pide-salvaguardar-los-derechos-de-los-empleados-de-coca-cola\\\/#mainImage\",\"width\":1265,\"height\":697,\"caption\":\"Contenidos\"},\"primaryImageOfPage\":{\"@id\":\"https:\\\/\\\/www.eldigitaldeasturias.com\\\/noticias\\\/madrid-pide-salvaguardar-los-derechos-de-los-empleados-de-coca-cola\\\/#mainImage\"},\"datePublished\":\"2014-01-24T08:27:08+01:00\",\"dateModified\":\"2014-01-24T08:27:08+01:00\"},{\"@type\":\"WebSite\",\"@id\":\"https:\\\/\\\/www.eldigitaldeasturias.com\\\/noticias\\\/#website\",\"url\":\"https:\\\/\\\/www.eldigitaldeasturias.com\\\/noticias\\\/\",\"name\":\"El Digital de Asturias - Diario de actualidad y noticias\",\"alternateName\":\"El Digital de Asturias - Diario de actualidad y noticias\",\"description\":\"Hemeroteca\",\"inLanguage\":\"es-ES\",\"publisher\":{\"@id\":\"https:\\\/\\\/www.eldigitaldeasturias.com\\\/noticias\\\/#organization\"}}]}\n\t\t<\/script>\n\t\t<!-- All in One SEO Pro -->\r\n\t\t<title>Madrid pide salvaguardar los derechos de los empleados de Coca-Cola - El Digital de Asturias<\/title>\n\n","aioseo_head_json":{"title":"Madrid pide salvaguardar los derechos de los empleados de Coca-Cola - El Digital de Asturias","description":"Madrid, 23 ene (EFE).- El Gobierno de la Comunidad de Madrid considera una \"mal\u00edsima noticia\" para Espa\u00f1a y para esta regi\u00f3n el expediente de regulaci\u00f3n de empleo (ERE) anunciado por Coca-Cola y el cierre de cuatro de sus plantas, entre ellas la de Fuenlabrada, y ha pedido que se salvaguarden los derechos de los trabajadores.","canonical_url":"https:\/\/www.eldigitaldeasturias.com\/noticias\/madrid-pide-salvaguardar-los-derechos-de-los-empleados-de-coca-cola\/","robots":"max-image-preview:large","keywords":"actualidad","webmasterTools":{"google-site-verification":"UA-38556648-1","msvalidate.01":"7dfe9f3f1b24437ab69f4f2559babe99","miscellaneous":""},"schema":{"@context":"https:\/\/schema.org","@graph":[{"@type":"BlogPosting","@id":"https:\/\/www.eldigitaldeasturias.com\/noticias\/madrid-pide-salvaguardar-los-derechos-de-los-empleados-de-coca-cola\/#blogposting","name":"Madrid pide salvaguardar los derechos de los empleados de Coca-Cola - El Digital de Asturias","headline":"Madrid pide salvaguardar los derechos de los empleados de Coca-Cola","author":{"@id":"https:\/\/www.eldigitaldeasturias.com\/noticias\/author\/admin\/#author"},"publisher":{"@id":"https:\/\/www.eldigitaldeasturias.com\/noticias\/#organization"},"image":{"@type":"ImageObject","url":"https:\/\/www.eldigitaldeasturias.com\/noticias\/wp-content\/uploads\/2026\/06\/Contenidos.jpg","width":1265,"height":697,"caption":"Contenidos"},"datePublished":"2014-01-24T08:27:08+01:00","dateModified":"2014-01-24T08:27:08+01:00","inLanguage":"es-ES","mainEntityOfPage":{"@id":"https:\/\/www.eldigitaldeasturias.com\/noticias\/madrid-pide-salvaguardar-los-derechos-de-los-empleados-de-coca-cola\/#webpage"},"isPartOf":{"@id":"https:\/\/www.eldigitaldeasturias.com\/noticias\/madrid-pide-salvaguardar-los-derechos-de-los-empleados-de-coca-cola\/#webpage"},"articleSection":"Actualidad"},{"@type":"BreadcrumbList","@id":"https:\/\/www.eldigitaldeasturias.com\/noticias\/madrid-pide-salvaguardar-los-derechos-de-los-empleados-de-coca-cola\/#breadcrumblist","itemListElement":[{"@type":"ListItem","@id":"https:\/\/www.eldigitaldeasturias.com\/noticias#listItem","position":1,"name":"Home","item":"https:\/\/www.eldigitaldeasturias.com\/noticias","nextItem":{"@type":"ListItem","@id":"https:\/\/www.eldigitaldeasturias.com\/noticias\/category\/actualidad\/#listItem","name":"Actualidad"}},{"@type":"ListItem","@id":"https:\/\/www.eldigitaldeasturias.com\/noticias\/category\/actualidad\/#listItem","position":2,"name":"Actualidad","item":"https:\/\/www.eldigitaldeasturias.com\/noticias\/category\/actualidad\/","nextItem":{"@type":"ListItem","@id":"https:\/\/www.eldigitaldeasturias.com\/noticias\/madrid-pide-salvaguardar-los-derechos-de-los-empleados-de-coca-cola\/#listItem","name":"Madrid pide salvaguardar los derechos de los empleados de Coca-Cola"},"previousItem":{"@type":"ListItem","@id":"https:\/\/www.eldigitaldeasturias.com\/noticias#listItem","name":"Home"}},{"@type":"ListItem","@id":"https:\/\/www.eldigitaldeasturias.com\/noticias\/madrid-pide-salvaguardar-los-derechos-de-los-empleados-de-coca-cola\/#listItem","position":3,"name":"Madrid pide salvaguardar los derechos de los empleados de Coca-Cola","previousItem":{"@type":"ListItem","@id":"https:\/\/www.eldigitaldeasturias.com\/noticias\/category\/actualidad\/#listItem","name":"Actualidad"}}]},{"@type":"Organization","@id":"https:\/\/www.eldigitaldeasturias.com\/noticias\/#organization","name":"El Digital de Asturias","description":"Hemeroteca","url":"https:\/\/www.eldigitaldeasturias.com\/noticias\/","email":"info@eldigitaldeasturias.com","telephone":"+34652131393","logo":{"@type":"ImageObject","url":"https:\/\/www.eldigitaldeasturias.com\/noticias\/wp-content\/uploads\/2020\/12\/EDA.jpg","@id":"https:\/\/www.eldigitaldeasturias.com\/noticias\/madrid-pide-salvaguardar-los-derechos-de-los-empleados-de-coca-cola\/#organizationLogo"},"image":{"@id":"https:\/\/www.eldigitaldeasturias.com\/noticias\/madrid-pide-salvaguardar-los-derechos-de-los-empleados-de-coca-cola\/#organizationLogo"},"sameAs":["https:\/\/facebook.com\/eldigitaldeasturias","https:\/\/www.youtube.com\/channel\/UCZP-2wLEB9Rv6erhFmqVnvg"],"address":{"@id":"https:\/\/www.eldigitaldeasturias.com\/noticias\/#postaladdress","@type":"PostalAddress","streetAddress":"san antonio 4","postalCode":"33430","addressLocality":"Cand\u00e1s","addressRegion":"Asturias","addressCountry":"ES"}},{"@type":"Person","@id":"https:\/\/www.eldigitaldeasturias.com\/noticias\/author\/admin\/#author","url":"https:\/\/www.eldigitaldeasturias.com\/noticias\/author\/admin\/","name":"El Digital de Asturias","image":{"@type":"ImageObject","@id":"https:\/\/www.eldigitaldeasturias.com\/noticias\/madrid-pide-salvaguardar-los-derechos-de-los-empleados-de-coca-cola\/#authorImage","url":"https:\/\/secure.gravatar.com\/avatar\/df2aeffc32bcd13f8d26072ef8a91b623d677766deac7f97ca815868cd41bf5e?s=96&d=mm&r=g","width":96,"height":96,"caption":"El Digital de Asturias"}},{"@type":"WebPage","@id":"https:\/\/www.eldigitaldeasturias.com\/noticias\/madrid-pide-salvaguardar-los-derechos-de-los-empleados-de-coca-cola\/#webpage","url":"https:\/\/www.eldigitaldeasturias.com\/noticias\/madrid-pide-salvaguardar-los-derechos-de-los-empleados-de-coca-cola\/","name":"Madrid pide salvaguardar los derechos de los empleados de Coca-Cola - El Digital de Asturias","description":"Madrid, 23 ene (EFE).- El Gobierno de la Comunidad de Madrid considera una \"mal\u00edsima noticia\" para Espa\u00f1a y para esta regi\u00f3n el expediente de regulaci\u00f3n de empleo (ERE) anunciado por Coca-Cola y el cierre de cuatro de sus plantas, entre ellas la de Fuenlabrada, y ha pedido que se salvaguarden los derechos de los trabajadores.","inLanguage":"es-ES","isPartOf":{"@id":"https:\/\/www.eldigitaldeasturias.com\/noticias\/#website"},"breadcrumb":{"@id":"https:\/\/www.eldigitaldeasturias.com\/noticias\/madrid-pide-salvaguardar-los-derechos-de-los-empleados-de-coca-cola\/#breadcrumblist"},"author":{"@id":"https:\/\/www.eldigitaldeasturias.com\/noticias\/author\/admin\/#author"},"creator":{"@id":"https:\/\/www.eldigitaldeasturias.com\/noticias\/author\/admin\/#author"},"image":{"@type":"ImageObject","url":"https:\/\/www.eldigitaldeasturias.com\/noticias\/wp-content\/uploads\/2026\/06\/Contenidos.jpg","@id":"https:\/\/www.eldigitaldeasturias.com\/noticias\/madrid-pide-salvaguardar-los-derechos-de-los-empleados-de-coca-cola\/#mainImage","width":1265,"height":697,"caption":"Contenidos"},"primaryImageOfPage":{"@id":"https:\/\/www.eldigitaldeasturias.com\/noticias\/madrid-pide-salvaguardar-los-derechos-de-los-empleados-de-coca-cola\/#mainImage"},"datePublished":"2014-01-24T08:27:08+01:00","dateModified":"2014-01-24T08:27:08+01:00"},{"@type":"WebSite","@id":"https:\/\/www.eldigitaldeasturias.com\/noticias\/#website","url":"https:\/\/www.eldigitaldeasturias.com\/noticias\/","name":"El Digital de Asturias - Diario de actualidad y noticias","alternateName":"El Digital de Asturias - Diario de actualidad y noticias","description":"Hemeroteca","inLanguage":"es-ES","publisher":{"@id":"https:\/\/www.eldigitaldeasturias.com\/noticias\/#organization"}}]},"og:locale":"es_ES","og:site_name":"El Digital de Asturias","og:type":"article","og:title":"Madrid pide salvaguardar los derechos de los empleados de Coca-Cola - El Digital de Asturias","og:description":"Madrid, 23 ene (EFE).- El Gobierno de la Comunidad de Madrid considera una &quot;mal\u00edsima noticia&quot; para Espa\u00f1a y para esta regi\u00f3n el expediente de regulaci\u00f3n de empleo (ERE) anunciado por Coca-Cola y el cierre de cuatro de sus plantas, entre ellas la de Fuenlabrada, y ha pedido que se salvaguarden los derechos de los trabajadores.","og:url":"https:\/\/www.eldigitaldeasturias.com\/noticias\/madrid-pide-salvaguardar-los-derechos-de-los-empleados-de-coca-cola\/","og:image":"https:\/\/www.eldigitaldeasturias.com\/noticias\/wp-content\/uploads\/2026\/06\/Contenidos.jpg","og:image:secure_url":"https:\/\/www.eldigitaldeasturias.com\/noticias\/wp-content\/uploads\/2026\/06\/Contenidos.jpg","og:image:width":1265,"og:image:height":697,"article:tag":["actualidad"],"article:published_time":"2014-01-24T09:27:08+00:00","article:modified_time":"2014-01-24T09:27:08+00:00","article:publisher":"https:\/\/facebook.com\/eldigitaldeasturias","twitter:card":"summary_large_image","twitter:title":"Madrid pide salvaguardar los derechos de los empleados de Coca-Cola - El Digital de Asturias","twitter:description":"Madrid, 23 ene (EFE).- El Gobierno de la Comunidad de Madrid considera una &quot;mal\u00edsima noticia&quot; para Espa\u00f1a y para esta regi\u00f3n el expediente de regulaci\u00f3n de empleo (ERE) anunciado por Coca-Cola y el cierre de cuatro de sus plantas, entre ellas la de Fuenlabrada, y ha pedido que se salvaguarden los derechos de los trabajadores.","twitter:image":"https:\/\/www.eldigitaldeasturias.com\/noticias\/wp-content\/uploads\/2026\/06\/Contenidos.jpg","twitter:label1":"Escrito por","twitter:data1":"El Digital de Asturias","twitter:label2":"Tiempo de lectura estimado","twitter:data2":"1 minuto"},"aioseo_meta_data":{"post_id":"478022","title":null,"description":null,"keywords":null,"keyphrases":null,"primary_term":null,"canonical_url":null,"og_title":null,"og_description":null,"og_object_type":"default","og_image_type":"default","og_image_url":null,"og_image_width":null,"og_image_height":null,"og_image_custom_url":null,"og_image_custom_fields":null,"og_video":null,"og_custom_url":null,"og_article_section":null,"og_article_tags":null,"twitter_use_og":true,"twitter_card":"default","twitter_image_type":"default","twitter_image_url":null,"twitter_image_custom_url":null,"twitter_image_custom_fields":null,"twitter_title":null,"twitter_description":null,"schema":{"blockGraphs":[],"customGraphs":[],"default":{"data":{"Article":[],"Course":[],"Dataset":[],"FAQPage":[],"Movie":[],"Person":[],"Product":[],"ProductReview":[],"Car":[],"Recipe":[],"Service":[],"SoftwareApplication":[],"WebPage":[]},"graphName":"","isEnabled":true},"graphs":[],"defaultGraph":"","defaultPostTypeGraph":""},"schema_type":null,"schema_type_options":null,"pillar_content":false,"robots_default":true,"robots_noindex":false,"robots_noarchive":false,"robots_nosnippet":false,"robots_nofollow":false,"robots_noimageindex":false,"robots_noodp":false,"robots_notranslate":false,"robots_max_snippet":null,"robots_max_videopreview":null,"robots_max_imagepreview":"none","priority":null,"frequency":null,"local_seo":null,"seo_analyzer_scan_date":"2026-06-01 20:15:51","breadcrumb_settings":null,"limit_modified_date":false,"open_ai":null,"ai":null,"created":"2020-11-14 22:53:47","updated":"2026-06-01 20:15:51","focus_keyword":null,"additional_keywords":null,"truseo_locale":null},"aioseo_breadcrumb":"<div class=\"aioseo-breadcrumbs\"><span class=\"aioseo-breadcrumb\">\n\t<a href=\"https:\/\/www.eldigitaldeasturias.com\/noticias\" title=\"Home\">Home<\/a>\n<\/span><span class=\"aioseo-breadcrumb-separator\">\u2013<\/span><span class=\"aioseo-breadcrumb\">\n\t<a href=\"https:\/\/www.eldigitaldeasturias.com\/noticias\/category\/actualidad\/\" title=\"Actualidad\">Actualidad<\/a>\n<\/span><span class=\"aioseo-breadcrumb-separator\">\u2013<\/span><span class=\"aioseo-breadcrumb\">\n\t<a href=\"https:\/\/www.eldigitaldeasturias.com\/noticias\/madrid-pide-salvaguardar-los-derechos-de-los-empleados-de-coca-cola\/\" title=\"Madrid pide salvaguardar los derechos de los empleados de Coca-Cola\">Madrid pide salvaguardar los derechos de los empleados de Coca-Cola<\/a>\n<\/span><\/div>","aioseo_breadcrumb_json":[{"label":"Home","link":"https:\/\/www.eldigitaldeasturias.com\/noticias"},{"label":"Actualidad","link":"https:\/\/www.eldigitaldeasturias.com\/noticias\/category\/actualidad\/"},{"label":"Madrid pide salvaguardar los derechos de los empleados de Coca-Cola","link":"https:\/\/www.eldigitaldeasturias.com\/noticias\/madrid-pide-salvaguardar-los-derechos-de-los-empleados-de-coca-cola\/"}],"_links":{"self":[{"href":"https:\/\/www.eldigitaldeasturias.com\/noticias\/wp-json\/wp\/v2\/posts\/478022","targetHints":{"allow":["GET"]}}],"collection":[{"href":"https:\/\/www.eldigitaldeasturias.com\/noticias\/wp-json\/wp\/v2\/posts"}],"about":[{"href":"https:\/\/www.eldigitaldeasturias.com\/noticias\/wp-json\/wp\/v2\/types\/post"}],"author":[{"embeddable":true,"href":"https:\/\/www.eldigitaldeasturias.com\/noticias\/wp-json\/wp\/v2\/users\/1"}],"replies":[{"embeddable":true,"href":"https:\/\/www.eldigitaldeasturias.com\/noticias\/wp-json\/wp\/v2\/comments?post=478022"}],"version-history":[{"count":0,"href":"https:\/\/www.eldigitaldeasturias.com\/noticias\/wp-json\/wp\/v2\/posts\/478022\/revisions"}],"wp:featuredmedia":[{"embeddable":true,"href":"https:\/\/www.eldigitaldeasturias.com\/noticias\/wp-json\/wp\/v2\/media\/1132184"}],"wp:attachment":[{"href":"https:\/\/www.eldigitaldeasturias.com\/noticias\/wp-json\/wp\/v2\/media?parent=478022"}],"wp:term":[{"taxonomy":"category","embeddable":true,"href":"https:\/\/www.eldigitaldeasturias.com\/noticias\/wp-json\/wp\/v2\/categories?post=478022"},{"taxonomy":"post_tag","embeddable":true,"href":"https:\/\/www.eldigitaldeasturias.com\/noticias\/wp-json\/wp\/v2\/tags?post=478022"}],"curies":[{"name":"wp","href":"https:\/\/api.w.org\/{rel}","templated":true}]}}