{"id":478016,"date":"2014-01-24T08:21:49","date_gmt":"2014-01-24T09:21:49","guid":{"rendered":"http:\/\/www.eldigitaldeasturias.com\/noticias\/?p=478016"},"modified":"2014-01-24T08:21:49","modified_gmt":"2014-01-24T09:21:49","slug":"el-gobierno-sale-al-paso-de-las-criticas-contra-fernandez-por-eludir-temas-polemicos","status":"publish","type":"post","link":"https:\/\/www.eldigitaldeasturias.com\/noticias\/el-gobierno-sale-al-paso-de-las-criticas-contra-fernandez-por-eludir-temas-polemicos\/","title":{"rendered":"El Gobierno sale al paso de las cr\u00edticas contra Fern\u00e1ndez por eludir temas pol\u00e9micos"},"content":{"rendered":"<p><img loading=\"lazy\" decoding=\"async\" class=\"alignleft size-medium wp-image-478017\" alt=\"5871436w\" src=\"https:\/\/www.eldigitaldeasturias.com\/noticias\/wp-content\/uploads\/2014\/01\/5871436w-360x227.jpg\" width=\"360\" height=\"227\" \/>Buenos Aires, 23 ene (EFE).- El jefe de Gabinete del Gobierno argentino, Jorge Capitanich, sali\u00f3 hoy al paso de las cr\u00edticas a la presidenta Cristina Fern\u00e1ndez porque en su primer acto p\u00fablico en un mes no mencion\u00f3 ninguno de los problemas que m\u00e1s afectan al pa\u00eds, como la inflaci\u00f3n, la escalada del d\u00f3lar o la crisis energ\u00e9tica.<\/p>\n<p>\u00abEn un discurso no puede hablar de todos los temas\u00bb, defendi\u00f3 Capitanich, en referencia a los ataques recibidos desde algunos medios de comunicaci\u00f3n, que destacaron que Fern\u00e1ndez escenific\u00f3 un regreso en el que se ignoraron los problemas m\u00e1s acuciantes de Argentina.<\/p>\n<p>\u00abAlgunos o principalmente uno de los medios plantearon que la presidenta dio un discurso pero no habl\u00f3 ni de la inflaci\u00f3n, ni del d\u00f3lar, ni de la crisis energ\u00e9tica\u00bb, recalc\u00f3 en una rueda de prensa, en referencia a los diarios nacionales opositores al kirchnerismo.<\/p>\n<p>\u00abLa presidenta tampoco habl\u00f3 de c\u00f3mo los trabajadores argentinos pueden disfrutar de vacaciones.. (o) del r\u00e9cord de la industria automotriz desde el punto de vista de la comercializaci\u00f3n de sus productos, de venta de autos nuevos o usados, o de la incorporaci\u00f3n de nuevos trenes\u00bb, cit\u00f3 como ejemplos.<\/p>\n<p>Fern\u00e1ndez rompi\u00f3 el mi\u00e9rcoles m\u00e1s de un mes de silencio para presentar un programa de apoyo a j\u00f3venes sin estudios ni empleo, en un discurso en el que dijo estar \u00abdespojada de ambici\u00f3n\u00bb pol\u00edtica y carg\u00f3 contra quienes criticaron su ausencia de la escena p\u00fablica.<\/p>\n<p>La mandataria hab\u00eda aparecido por \u00faltima vez el pasado 19 de diciembre.<\/p>\n<p>Una semana despu\u00e9s viaj\u00f3 a su residencia de la ciudad sure\u00f1a de Calafate para las vacaciones navide\u00f1as y desde su regreso, el 7 de enero, se hab\u00eda reunido con miembros del Gobierno sin aparecer en p\u00fablico.<\/p>\n<p>En ausencia de la presidenta, Capitanich se mantuvo como cabeza visible del Ejecutivo e insisti\u00f3 en que Fern\u00e1ndez continuaba al frente de la gesti\u00f3n, ante las cr\u00edticas de la oposici\u00f3n, que hablaba de \u00abvac\u00edo de poder\u00bb en medio de una grave crisis energ\u00e9tica al arreciar el calor y de una escalada r\u00e9cord del d\u00f3lar en el mercado negro de divisas.<\/p>\n","protected":false},"excerpt":{"rendered":"<p>Buenos Aires, 23 ene (EFE).- El jefe de Gabinete del Gobierno argentino, Jorge Capitanich, sali\u00f3 hoy al paso de las cr\u00edticas a la presidenta Cristina Fern\u00e1ndez porque en su primer acto p\u00fablico en un mes no mencion\u00f3 ninguno de los problemas que m\u00e1s afectan al pa\u00eds, como la inflaci\u00f3n, la escalada del d\u00f3lar o la [&hellip;]<\/p>\n","protected":false},"author":1,"featured_media":1132184,"comment_status":"closed","ping_status":"open","sticky":false,"template":"","format":"standard","meta":{"footnotes":""},"categories":[1],"tags":[],"class_list":["post-478016","post","type-post","status-publish","format-standard","has-post-thumbnail","hentry","category-actualidad"],"aioseo_notices":[],"aioseo_head":"\n\t\t<!-- All in One SEO Pro 5.0.1 - aioseo.com -->\n\t<meta name=\"description\" content=\"Buenos Aires, 23 ene (EFE).- El jefe de Gabinete del Gobierno argentino, Jorge Capitanich, sali\u00f3 hoy al paso de las cr\u00edticas a la presidenta Cristina Fern\u00e1ndez porque en su primer acto p\u00fablico en un mes no mencion\u00f3 ninguno de los problemas que m\u00e1s afectan al pa\u00eds, como la inflaci\u00f3n, la escalada del d\u00f3lar o la\" \/>\n\t<meta name=\"robots\" content=\"max-image-preview:large\" \/>\n\t<meta name=\"author\" content=\"El Digital de Asturias\"\/>\n\t<meta name=\"google-site-verification\" content=\"UA-38556648-1\" \/>\n\t<meta name=\"msvalidate.01\" content=\"7dfe9f3f1b24437ab69f4f2559babe99\" \/>\n\t<meta name=\"keywords\" content=\"actualidad\" \/>\n\t<link rel=\"canonical\" href=\"https:\/\/www.eldigitaldeasturias.com\/noticias\/el-gobierno-sale-al-paso-de-las-criticas-contra-fernandez-por-eludir-temas-polemicos\/\" \/>\n\t<meta name=\"generator\" content=\"All in One SEO Pro (AIOSEO) 5.0.1\" \/>\n\t\t<meta property=\"og:locale\" content=\"es_ES\" \/>\n\t\t<meta property=\"og:site_name\" content=\"El Digital de Asturias\" \/>\n\t\t<meta property=\"og:type\" content=\"article\" \/>\n\t\t<meta property=\"og:title\" content=\"El Gobierno sale al paso de las cr\u00edticas contra Fern\u00e1ndez por eludir temas pol\u00e9micos - El Digital de Asturias\" \/>\n\t\t<meta property=\"og:description\" content=\"Buenos Aires, 23 ene (EFE).- El jefe de Gabinete del Gobierno argentino, Jorge Capitanich, sali\u00f3 hoy al paso de las cr\u00edticas a la presidenta Cristina Fern\u00e1ndez porque en su primer acto p\u00fablico en un mes no mencion\u00f3 ninguno de los problemas que m\u00e1s afectan al pa\u00eds, como la inflaci\u00f3n, la escalada del d\u00f3lar o la\" \/>\n\t\t<meta property=\"og:url\" content=\"https:\/\/www.eldigitaldeasturias.com\/noticias\/el-gobierno-sale-al-paso-de-las-criticas-contra-fernandez-por-eludir-temas-polemicos\/\" \/>\n\t\t<meta property=\"og:image\" content=\"https:\/\/www.eldigitaldeasturias.com\/noticias\/wp-content\/uploads\/2026\/06\/Contenidos.jpg\" \/>\n\t\t<meta property=\"og:image:secure_url\" content=\"https:\/\/www.eldigitaldeasturias.com\/noticias\/wp-content\/uploads\/2026\/06\/Contenidos.jpg\" \/>\n\t\t<meta property=\"og:image:width\" content=\"1265\" \/>\n\t\t<meta property=\"og:image:height\" content=\"697\" \/>\n\t\t<meta property=\"article:tag\" content=\"actualidad\" \/>\n\t\t<meta property=\"article:published_time\" content=\"2014-01-24T09:21:49+00:00\" \/>\n\t\t<meta property=\"article:modified_time\" content=\"2014-01-24T09:21:49+00:00\" \/>\n\t\t<meta property=\"article:publisher\" content=\"https:\/\/facebook.com\/eldigitaldeasturias\" \/>\n\t\t<meta name=\"twitter:card\" content=\"summary_large_image\" \/>\n\t\t<meta name=\"twitter:title\" content=\"El Gobierno sale al paso de las cr\u00edticas contra Fern\u00e1ndez por eludir temas pol\u00e9micos - El Digital de Asturias\" \/>\n\t\t<meta name=\"twitter:description\" content=\"Buenos Aires, 23 ene (EFE).- El jefe de Gabinete del Gobierno argentino, Jorge Capitanich, sali\u00f3 hoy al paso de las cr\u00edticas a la presidenta Cristina Fern\u00e1ndez porque en su primer acto p\u00fablico en un mes no mencion\u00f3 ninguno de los problemas que m\u00e1s afectan al pa\u00eds, como la inflaci\u00f3n, la escalada del d\u00f3lar o la\" \/>\n\t\t<meta name=\"twitter:image\" content=\"https:\/\/www.eldigitaldeasturias.com\/noticias\/wp-content\/uploads\/2026\/06\/Contenidos.jpg\" \/>\n\t\t<meta name=\"twitter:label1\" content=\"Escrito por\" \/>\n\t\t<meta name=\"twitter:data1\" content=\"El Digital de Asturias\" \/>\n\t\t<meta name=\"twitter:label2\" content=\"Tiempo de lectura estimado\" \/>\n\t\t<meta name=\"twitter:data2\" content=\"2 minutos\" \/>\n\t\t<script type=\"application\/ld+json\" class=\"aioseo-schema\">\n\t\t\t{\"@context\":\"https:\\\/\\\/schema.org\",\"@graph\":[{\"@type\":\"BlogPosting\",\"@id\":\"https:\\\/\\\/www.eldigitaldeasturias.com\\\/noticias\\\/el-gobierno-sale-al-paso-de-las-criticas-contra-fernandez-por-eludir-temas-polemicos\\\/#blogposting\",\"name\":\"El Gobierno sale al paso de las cr\\u00edticas contra Fern\\u00e1ndez por eludir temas pol\\u00e9micos - El Digital de Asturias\",\"headline\":\"El Gobierno sale al paso de las cr\\u00edticas contra Fern\\u00e1ndez por eludir temas pol\\u00e9micos\",\"author\":{\"@id\":\"https:\\\/\\\/www.eldigitaldeasturias.com\\\/noticias\\\/author\\\/admin\\\/#author\"},\"publisher\":{\"@id\":\"https:\\\/\\\/www.eldigitaldeasturias.com\\\/noticias\\\/#organization\"},\"image\":{\"@type\":\"ImageObject\",\"url\":\"https:\\\/\\\/www.eldigitaldeasturias.com\\\/noticias\\\/wp-content\\\/uploads\\\/2026\\\/06\\\/Contenidos.jpg\",\"width\":1265,\"height\":697,\"caption\":\"Contenidos\"},\"datePublished\":\"2014-01-24T08:21:49+01:00\",\"dateModified\":\"2014-01-24T08:21:49+01:00\",\"inLanguage\":\"es-ES\",\"mainEntityOfPage\":{\"@id\":\"https:\\\/\\\/www.eldigitaldeasturias.com\\\/noticias\\\/el-gobierno-sale-al-paso-de-las-criticas-contra-fernandez-por-eludir-temas-polemicos\\\/#webpage\"},\"isPartOf\":{\"@id\":\"https:\\\/\\\/www.eldigitaldeasturias.com\\\/noticias\\\/el-gobierno-sale-al-paso-de-las-criticas-contra-fernandez-por-eludir-temas-polemicos\\\/#webpage\"},\"articleSection\":\"Actualidad\"},{\"@type\":\"BreadcrumbList\",\"@id\":\"https:\\\/\\\/www.eldigitaldeasturias.com\\\/noticias\\\/el-gobierno-sale-al-paso-de-las-criticas-contra-fernandez-por-eludir-temas-polemicos\\\/#breadcrumblist\",\"itemListElement\":[{\"@type\":\"ListItem\",\"@id\":\"https:\\\/\\\/www.eldigitaldeasturias.com\\\/noticias#listItem\",\"position\":1,\"name\":\"Home\",\"item\":\"https:\\\/\\\/www.eldigitaldeasturias.com\\\/noticias\",\"nextItem\":{\"@type\":\"ListItem\",\"@id\":\"https:\\\/\\\/www.eldigitaldeasturias.com\\\/noticias\\\/category\\\/actualidad\\\/#listItem\",\"name\":\"Actualidad\"}},{\"@type\":\"ListItem\",\"@id\":\"https:\\\/\\\/www.eldigitaldeasturias.com\\\/noticias\\\/category\\\/actualidad\\\/#listItem\",\"position\":2,\"name\":\"Actualidad\",\"item\":\"https:\\\/\\\/www.eldigitaldeasturias.com\\\/noticias\\\/category\\\/actualidad\\\/\",\"nextItem\":{\"@type\":\"ListItem\",\"@id\":\"https:\\\/\\\/www.eldigitaldeasturias.com\\\/noticias\\\/el-gobierno-sale-al-paso-de-las-criticas-contra-fernandez-por-eludir-temas-polemicos\\\/#listItem\",\"name\":\"El Gobierno sale al paso de las cr\\u00edticas contra Fern\\u00e1ndez por eludir temas pol\\u00e9micos\"},\"previousItem\":{\"@type\":\"ListItem\",\"@id\":\"https:\\\/\\\/www.eldigitaldeasturias.com\\\/noticias#listItem\",\"name\":\"Home\"}},{\"@type\":\"ListItem\",\"@id\":\"https:\\\/\\\/www.eldigitaldeasturias.com\\\/noticias\\\/el-gobierno-sale-al-paso-de-las-criticas-contra-fernandez-por-eludir-temas-polemicos\\\/#listItem\",\"position\":3,\"name\":\"El Gobierno sale al paso de las cr\\u00edticas contra Fern\\u00e1ndez por eludir temas pol\\u00e9micos\",\"previousItem\":{\"@type\":\"ListItem\",\"@id\":\"https:\\\/\\\/www.eldigitaldeasturias.com\\\/noticias\\\/category\\\/actualidad\\\/#listItem\",\"name\":\"Actualidad\"}}]},{\"@type\":\"Organization\",\"@id\":\"https:\\\/\\\/www.eldigitaldeasturias.com\\\/noticias\\\/#organization\",\"name\":\"El Digital de Asturias\",\"description\":\"Hemeroteca\",\"url\":\"https:\\\/\\\/www.eldigitaldeasturias.com\\\/noticias\\\/\",\"email\":\"info@eldigitaldeasturias.com\",\"telephone\":\"+34652131393\",\"logo\":{\"@type\":\"ImageObject\",\"url\":\"https:\\\/\\\/www.eldigitaldeasturias.com\\\/noticias\\\/wp-content\\\/uploads\\\/2020\\\/12\\\/EDA.jpg\",\"@id\":\"https:\\\/\\\/www.eldigitaldeasturias.com\\\/noticias\\\/el-gobierno-sale-al-paso-de-las-criticas-contra-fernandez-por-eludir-temas-polemicos\\\/#organizationLogo\"},\"image\":{\"@id\":\"https:\\\/\\\/www.eldigitaldeasturias.com\\\/noticias\\\/el-gobierno-sale-al-paso-de-las-criticas-contra-fernandez-por-eludir-temas-polemicos\\\/#organizationLogo\"},\"sameAs\":[\"https:\\\/\\\/facebook.com\\\/eldigitaldeasturias\",\"https:\\\/\\\/www.youtube.com\\\/channel\\\/UCZP-2wLEB9Rv6erhFmqVnvg\"],\"address\":{\"@id\":\"https:\\\/\\\/www.eldigitaldeasturias.com\\\/noticias\\\/#postaladdress\",\"@type\":\"PostalAddress\",\"streetAddress\":\"san antonio 4\",\"postalCode\":\"33430\",\"addressLocality\":\"Cand\\u00e1s\",\"addressRegion\":\"Asturias\",\"addressCountry\":\"ES\"}},{\"@type\":\"Person\",\"@id\":\"https:\\\/\\\/www.eldigitaldeasturias.com\\\/noticias\\\/author\\\/admin\\\/#author\",\"url\":\"https:\\\/\\\/www.eldigitaldeasturias.com\\\/noticias\\\/author\\\/admin\\\/\",\"name\":\"El Digital de Asturias\",\"image\":{\"@type\":\"ImageObject\",\"@id\":\"https:\\\/\\\/www.eldigitaldeasturias.com\\\/noticias\\\/el-gobierno-sale-al-paso-de-las-criticas-contra-fernandez-por-eludir-temas-polemicos\\\/#authorImage\",\"url\":\"https:\\\/\\\/secure.gravatar.com\\\/avatar\\\/df2aeffc32bcd13f8d26072ef8a91b623d677766deac7f97ca815868cd41bf5e?s=96&d=mm&r=g\",\"width\":96,\"height\":96,\"caption\":\"El Digital de Asturias\"}},{\"@type\":\"WebPage\",\"@id\":\"https:\\\/\\\/www.eldigitaldeasturias.com\\\/noticias\\\/el-gobierno-sale-al-paso-de-las-criticas-contra-fernandez-por-eludir-temas-polemicos\\\/#webpage\",\"url\":\"https:\\\/\\\/www.eldigitaldeasturias.com\\\/noticias\\\/el-gobierno-sale-al-paso-de-las-criticas-contra-fernandez-por-eludir-temas-polemicos\\\/\",\"name\":\"El Gobierno sale al paso de las cr\\u00edticas contra Fern\\u00e1ndez por eludir temas pol\\u00e9micos - El Digital de Asturias\",\"description\":\"Buenos Aires, 23 ene (EFE).- El jefe de Gabinete del Gobierno argentino, Jorge Capitanich, sali\\u00f3 hoy al paso de las cr\\u00edticas a la presidenta Cristina Fern\\u00e1ndez porque en su primer acto p\\u00fablico en un mes no mencion\\u00f3 ninguno de los problemas que m\\u00e1s afectan al pa\\u00eds, como la inflaci\\u00f3n, la escalada del d\\u00f3lar o la\",\"inLanguage\":\"es-ES\",\"isPartOf\":{\"@id\":\"https:\\\/\\\/www.eldigitaldeasturias.com\\\/noticias\\\/#website\"},\"breadcrumb\":{\"@id\":\"https:\\\/\\\/www.eldigitaldeasturias.com\\\/noticias\\\/el-gobierno-sale-al-paso-de-las-criticas-contra-fernandez-por-eludir-temas-polemicos\\\/#breadcrumblist\"},\"author\":{\"@id\":\"https:\\\/\\\/www.eldigitaldeasturias.com\\\/noticias\\\/author\\\/admin\\\/#author\"},\"creator\":{\"@id\":\"https:\\\/\\\/www.eldigitaldeasturias.com\\\/noticias\\\/author\\\/admin\\\/#author\"},\"image\":{\"@type\":\"ImageObject\",\"url\":\"https:\\\/\\\/www.eldigitaldeasturias.com\\\/noticias\\\/wp-content\\\/uploads\\\/2026\\\/06\\\/Contenidos.jpg\",\"@id\":\"https:\\\/\\\/www.eldigitaldeasturias.com\\\/noticias\\\/el-gobierno-sale-al-paso-de-las-criticas-contra-fernandez-por-eludir-temas-polemicos\\\/#mainImage\",\"width\":1265,\"height\":697,\"caption\":\"Contenidos\"},\"primaryImageOfPage\":{\"@id\":\"https:\\\/\\\/www.eldigitaldeasturias.com\\\/noticias\\\/el-gobierno-sale-al-paso-de-las-criticas-contra-fernandez-por-eludir-temas-polemicos\\\/#mainImage\"},\"datePublished\":\"2014-01-24T08:21:49+01:00\",\"dateModified\":\"2014-01-24T08:21:49+01:00\"},{\"@type\":\"WebSite\",\"@id\":\"https:\\\/\\\/www.eldigitaldeasturias.com\\\/noticias\\\/#website\",\"url\":\"https:\\\/\\\/www.eldigitaldeasturias.com\\\/noticias\\\/\",\"name\":\"El Digital de Asturias - Diario de actualidad y noticias\",\"alternateName\":\"El Digital de Asturias - Diario de actualidad y noticias\",\"description\":\"Hemeroteca\",\"inLanguage\":\"es-ES\",\"publisher\":{\"@id\":\"https:\\\/\\\/www.eldigitaldeasturias.com\\\/noticias\\\/#organization\"}}]}\n\t\t<\/script>\n\t\t<!-- All in One SEO Pro -->\r\n\t\t<title>El Gobierno sale al paso de las cr\u00edticas contra Fern\u00e1ndez por eludir temas pol\u00e9micos - El Digital de Asturias<\/title>\n\n","aioseo_head_json":{"title":"El Gobierno sale al paso de las cr\u00edticas contra Fern\u00e1ndez por eludir temas pol\u00e9micos - El Digital de Asturias","description":"Buenos Aires, 23 ene (EFE).- El jefe de Gabinete del Gobierno argentino, Jorge Capitanich, sali\u00f3 hoy al paso de las cr\u00edticas a la presidenta Cristina Fern\u00e1ndez porque en su primer acto p\u00fablico en un mes no mencion\u00f3 ninguno de los problemas que m\u00e1s afectan al pa\u00eds, como la inflaci\u00f3n, la escalada del d\u00f3lar o la","canonical_url":"https:\/\/www.eldigitaldeasturias.com\/noticias\/el-gobierno-sale-al-paso-de-las-criticas-contra-fernandez-por-eludir-temas-polemicos\/","robots":"max-image-preview:large","keywords":"actualidad","webmasterTools":{"google-site-verification":"UA-38556648-1","msvalidate.01":"7dfe9f3f1b24437ab69f4f2559babe99","miscellaneous":""},"schema":{"@context":"https:\/\/schema.org","@graph":[{"@type":"BlogPosting","@id":"https:\/\/www.eldigitaldeasturias.com\/noticias\/el-gobierno-sale-al-paso-de-las-criticas-contra-fernandez-por-eludir-temas-polemicos\/#blogposting","name":"El Gobierno sale al paso de las cr\u00edticas contra Fern\u00e1ndez por eludir temas pol\u00e9micos - El Digital de Asturias","headline":"El Gobierno sale al paso de las cr\u00edticas contra Fern\u00e1ndez por eludir temas pol\u00e9micos","author":{"@id":"https:\/\/www.eldigitaldeasturias.com\/noticias\/author\/admin\/#author"},"publisher":{"@id":"https:\/\/www.eldigitaldeasturias.com\/noticias\/#organization"},"image":{"@type":"ImageObject","url":"https:\/\/www.eldigitaldeasturias.com\/noticias\/wp-content\/uploads\/2026\/06\/Contenidos.jpg","width":1265,"height":697,"caption":"Contenidos"},"datePublished":"2014-01-24T08:21:49+01:00","dateModified":"2014-01-24T08:21:49+01:00","inLanguage":"es-ES","mainEntityOfPage":{"@id":"https:\/\/www.eldigitaldeasturias.com\/noticias\/el-gobierno-sale-al-paso-de-las-criticas-contra-fernandez-por-eludir-temas-polemicos\/#webpage"},"isPartOf":{"@id":"https:\/\/www.eldigitaldeasturias.com\/noticias\/el-gobierno-sale-al-paso-de-las-criticas-contra-fernandez-por-eludir-temas-polemicos\/#webpage"},"articleSection":"Actualidad"},{"@type":"BreadcrumbList","@id":"https:\/\/www.eldigitaldeasturias.com\/noticias\/el-gobierno-sale-al-paso-de-las-criticas-contra-fernandez-por-eludir-temas-polemicos\/#breadcrumblist","itemListElement":[{"@type":"ListItem","@id":"https:\/\/www.eldigitaldeasturias.com\/noticias#listItem","position":1,"name":"Home","item":"https:\/\/www.eldigitaldeasturias.com\/noticias","nextItem":{"@type":"ListItem","@id":"https:\/\/www.eldigitaldeasturias.com\/noticias\/category\/actualidad\/#listItem","name":"Actualidad"}},{"@type":"ListItem","@id":"https:\/\/www.eldigitaldeasturias.com\/noticias\/category\/actualidad\/#listItem","position":2,"name":"Actualidad","item":"https:\/\/www.eldigitaldeasturias.com\/noticias\/category\/actualidad\/","nextItem":{"@type":"ListItem","@id":"https:\/\/www.eldigitaldeasturias.com\/noticias\/el-gobierno-sale-al-paso-de-las-criticas-contra-fernandez-por-eludir-temas-polemicos\/#listItem","name":"El Gobierno sale al paso de las cr\u00edticas contra Fern\u00e1ndez por eludir temas pol\u00e9micos"},"previousItem":{"@type":"ListItem","@id":"https:\/\/www.eldigitaldeasturias.com\/noticias#listItem","name":"Home"}},{"@type":"ListItem","@id":"https:\/\/www.eldigitaldeasturias.com\/noticias\/el-gobierno-sale-al-paso-de-las-criticas-contra-fernandez-por-eludir-temas-polemicos\/#listItem","position":3,"name":"El Gobierno sale al paso de las cr\u00edticas contra Fern\u00e1ndez por eludir temas pol\u00e9micos","previousItem":{"@type":"ListItem","@id":"https:\/\/www.eldigitaldeasturias.com\/noticias\/category\/actualidad\/#listItem","name":"Actualidad"}}]},{"@type":"Organization","@id":"https:\/\/www.eldigitaldeasturias.com\/noticias\/#organization","name":"El Digital de Asturias","description":"Hemeroteca","url":"https:\/\/www.eldigitaldeasturias.com\/noticias\/","email":"info@eldigitaldeasturias.com","telephone":"+34652131393","logo":{"@type":"ImageObject","url":"https:\/\/www.eldigitaldeasturias.com\/noticias\/wp-content\/uploads\/2020\/12\/EDA.jpg","@id":"https:\/\/www.eldigitaldeasturias.com\/noticias\/el-gobierno-sale-al-paso-de-las-criticas-contra-fernandez-por-eludir-temas-polemicos\/#organizationLogo"},"image":{"@id":"https:\/\/www.eldigitaldeasturias.com\/noticias\/el-gobierno-sale-al-paso-de-las-criticas-contra-fernandez-por-eludir-temas-polemicos\/#organizationLogo"},"sameAs":["https:\/\/facebook.com\/eldigitaldeasturias","https:\/\/www.youtube.com\/channel\/UCZP-2wLEB9Rv6erhFmqVnvg"],"address":{"@id":"https:\/\/www.eldigitaldeasturias.com\/noticias\/#postaladdress","@type":"PostalAddress","streetAddress":"san antonio 4","postalCode":"33430","addressLocality":"Cand\u00e1s","addressRegion":"Asturias","addressCountry":"ES"}},{"@type":"Person","@id":"https:\/\/www.eldigitaldeasturias.com\/noticias\/author\/admin\/#author","url":"https:\/\/www.eldigitaldeasturias.com\/noticias\/author\/admin\/","name":"El Digital de Asturias","image":{"@type":"ImageObject","@id":"https:\/\/www.eldigitaldeasturias.com\/noticias\/el-gobierno-sale-al-paso-de-las-criticas-contra-fernandez-por-eludir-temas-polemicos\/#authorImage","url":"https:\/\/secure.gravatar.com\/avatar\/df2aeffc32bcd13f8d26072ef8a91b623d677766deac7f97ca815868cd41bf5e?s=96&d=mm&r=g","width":96,"height":96,"caption":"El Digital de Asturias"}},{"@type":"WebPage","@id":"https:\/\/www.eldigitaldeasturias.com\/noticias\/el-gobierno-sale-al-paso-de-las-criticas-contra-fernandez-por-eludir-temas-polemicos\/#webpage","url":"https:\/\/www.eldigitaldeasturias.com\/noticias\/el-gobierno-sale-al-paso-de-las-criticas-contra-fernandez-por-eludir-temas-polemicos\/","name":"El Gobierno sale al paso de las cr\u00edticas contra Fern\u00e1ndez por eludir temas pol\u00e9micos - El Digital de Asturias","description":"Buenos Aires, 23 ene (EFE).- El jefe de Gabinete del Gobierno argentino, Jorge Capitanich, sali\u00f3 hoy al paso de las cr\u00edticas a la presidenta Cristina Fern\u00e1ndez porque en su primer acto p\u00fablico en un mes no mencion\u00f3 ninguno de los problemas que m\u00e1s afectan al pa\u00eds, como la inflaci\u00f3n, la escalada del d\u00f3lar o la","inLanguage":"es-ES","isPartOf":{"@id":"https:\/\/www.eldigitaldeasturias.com\/noticias\/#website"},"breadcrumb":{"@id":"https:\/\/www.eldigitaldeasturias.com\/noticias\/el-gobierno-sale-al-paso-de-las-criticas-contra-fernandez-por-eludir-temas-polemicos\/#breadcrumblist"},"author":{"@id":"https:\/\/www.eldigitaldeasturias.com\/noticias\/author\/admin\/#author"},"creator":{"@id":"https:\/\/www.eldigitaldeasturias.com\/noticias\/author\/admin\/#author"},"image":{"@type":"ImageObject","url":"https:\/\/www.eldigitaldeasturias.com\/noticias\/wp-content\/uploads\/2026\/06\/Contenidos.jpg","@id":"https:\/\/www.eldigitaldeasturias.com\/noticias\/el-gobierno-sale-al-paso-de-las-criticas-contra-fernandez-por-eludir-temas-polemicos\/#mainImage","width":1265,"height":697,"caption":"Contenidos"},"primaryImageOfPage":{"@id":"https:\/\/www.eldigitaldeasturias.com\/noticias\/el-gobierno-sale-al-paso-de-las-criticas-contra-fernandez-por-eludir-temas-polemicos\/#mainImage"},"datePublished":"2014-01-24T08:21:49+01:00","dateModified":"2014-01-24T08:21:49+01:00"},{"@type":"WebSite","@id":"https:\/\/www.eldigitaldeasturias.com\/noticias\/#website","url":"https:\/\/www.eldigitaldeasturias.com\/noticias\/","name":"El Digital de Asturias - Diario de actualidad y noticias","alternateName":"El Digital de Asturias - Diario de actualidad y noticias","description":"Hemeroteca","inLanguage":"es-ES","publisher":{"@id":"https:\/\/www.eldigitaldeasturias.com\/noticias\/#organization"}}]},"og:locale":"es_ES","og:site_name":"El Digital de Asturias","og:type":"article","og:title":"El Gobierno sale al paso de las cr\u00edticas contra Fern\u00e1ndez por eludir temas pol\u00e9micos - El Digital de Asturias","og:description":"Buenos Aires, 23 ene (EFE).- El jefe de Gabinete del Gobierno argentino, Jorge Capitanich, sali\u00f3 hoy al paso de las cr\u00edticas a la presidenta Cristina Fern\u00e1ndez porque en su primer acto p\u00fablico en un mes no mencion\u00f3 ninguno de los problemas que m\u00e1s afectan al pa\u00eds, como la inflaci\u00f3n, la escalada del d\u00f3lar o la","og:url":"https:\/\/www.eldigitaldeasturias.com\/noticias\/el-gobierno-sale-al-paso-de-las-criticas-contra-fernandez-por-eludir-temas-polemicos\/","og:image":"https:\/\/www.eldigitaldeasturias.com\/noticias\/wp-content\/uploads\/2026\/06\/Contenidos.jpg","og:image:secure_url":"https:\/\/www.eldigitaldeasturias.com\/noticias\/wp-content\/uploads\/2026\/06\/Contenidos.jpg","og:image:width":1265,"og:image:height":697,"article:tag":["actualidad"],"article:published_time":"2014-01-24T09:21:49+00:00","article:modified_time":"2014-01-24T09:21:49+00:00","article:publisher":"https:\/\/facebook.com\/eldigitaldeasturias","twitter:card":"summary_large_image","twitter:title":"El Gobierno sale al paso de las cr\u00edticas contra Fern\u00e1ndez por eludir temas pol\u00e9micos - El Digital de Asturias","twitter:description":"Buenos Aires, 23 ene (EFE).- El jefe de Gabinete del Gobierno argentino, Jorge Capitanich, sali\u00f3 hoy al paso de las cr\u00edticas a la presidenta Cristina Fern\u00e1ndez porque en su primer acto p\u00fablico en un mes no mencion\u00f3 ninguno de los problemas que m\u00e1s afectan al pa\u00eds, como la inflaci\u00f3n, la escalada del d\u00f3lar o la","twitter:image":"https:\/\/www.eldigitaldeasturias.com\/noticias\/wp-content\/uploads\/2026\/06\/Contenidos.jpg","twitter:label1":"Escrito por","twitter:data1":"El Digital de Asturias","twitter:label2":"Tiempo de lectura estimado","twitter:data2":"2 minutos"},"aioseo_meta_data":{"post_id":"478016","title":null,"description":null,"keywords":null,"keyphrases":null,"primary_term":null,"canonical_url":null,"og_title":null,"og_description":null,"og_object_type":"default","og_image_type":"default","og_image_url":null,"og_image_width":null,"og_image_height":null,"og_image_custom_url":null,"og_image_custom_fields":null,"og_video":null,"og_custom_url":null,"og_article_section":null,"og_article_tags":null,"twitter_use_og":true,"twitter_card":"default","twitter_image_type":"default","twitter_image_url":null,"twitter_image_custom_url":null,"twitter_image_custom_fields":null,"twitter_title":null,"twitter_description":null,"schema":{"blockGraphs":[],"customGraphs":[],"default":{"data":{"Article":[],"Course":[],"Dataset":[],"FAQPage":[],"Movie":[],"Person":[],"Product":[],"ProductReview":[],"Car":[],"Recipe":[],"Service":[],"SoftwareApplication":[],"WebPage":[]},"graphName":"","isEnabled":true},"graphs":[],"defaultGraph":"","defaultPostTypeGraph":""},"schema_type":null,"schema_type_options":null,"pillar_content":false,"robots_default":true,"robots_noindex":false,"robots_noarchive":false,"robots_nosnippet":false,"robots_nofollow":false,"robots_noimageindex":false,"robots_noodp":false,"robots_notranslate":false,"robots_max_snippet":null,"robots_max_videopreview":null,"robots_max_imagepreview":"none","priority":null,"frequency":null,"local_seo":null,"seo_analyzer_scan_date":"2026-06-01 20:13:58","breadcrumb_settings":null,"limit_modified_date":false,"open_ai":null,"ai":null,"created":"2020-11-14 22:53:47","updated":"2026-06-01 20:13:58","focus_keyword":null,"additional_keywords":null,"truseo_locale":null},"aioseo_breadcrumb":"<div class=\"aioseo-breadcrumbs\"><span class=\"aioseo-breadcrumb\">\n\t<a href=\"https:\/\/www.eldigitaldeasturias.com\/noticias\" title=\"Home\">Home<\/a>\n<\/span><span class=\"aioseo-breadcrumb-separator\">\u2013<\/span><span class=\"aioseo-breadcrumb\">\n\t<a href=\"https:\/\/www.eldigitaldeasturias.com\/noticias\/category\/actualidad\/\" title=\"Actualidad\">Actualidad<\/a>\n<\/span><span class=\"aioseo-breadcrumb-separator\">\u2013<\/span><span class=\"aioseo-breadcrumb\">\n\t<a href=\"https:\/\/www.eldigitaldeasturias.com\/noticias\/el-gobierno-sale-al-paso-de-las-criticas-contra-fernandez-por-eludir-temas-polemicos\/\" title=\"El Gobierno sale al paso de las cr\u00edticas contra Fern\u00e1ndez por eludir temas pol\u00e9micos\">El Gobierno sale al paso de las cr\u00edticas contra Fern\u00e1ndez por eludir temas pol\u00e9micos<\/a>\n<\/span><\/div>","aioseo_breadcrumb_json":[{"label":"Home","link":"https:\/\/www.eldigitaldeasturias.com\/noticias"},{"label":"Actualidad","link":"https:\/\/www.eldigitaldeasturias.com\/noticias\/category\/actualidad\/"},{"label":"El Gobierno sale al paso de las cr\u00edticas contra Fern\u00e1ndez por eludir temas pol\u00e9micos","link":"https:\/\/www.eldigitaldeasturias.com\/noticias\/el-gobierno-sale-al-paso-de-las-criticas-contra-fernandez-por-eludir-temas-polemicos\/"}],"_links":{"self":[{"href":"https:\/\/www.eldigitaldeasturias.com\/noticias\/wp-json\/wp\/v2\/posts\/478016","targetHints":{"allow":["GET"]}}],"collection":[{"href":"https:\/\/www.eldigitaldeasturias.com\/noticias\/wp-json\/wp\/v2\/posts"}],"about":[{"href":"https:\/\/www.eldigitaldeasturias.com\/noticias\/wp-json\/wp\/v2\/types\/post"}],"author":[{"embeddable":true,"href":"https:\/\/www.eldigitaldeasturias.com\/noticias\/wp-json\/wp\/v2\/users\/1"}],"replies":[{"embeddable":true,"href":"https:\/\/www.eldigitaldeasturias.com\/noticias\/wp-json\/wp\/v2\/comments?post=478016"}],"version-history":[{"count":0,"href":"https:\/\/www.eldigitaldeasturias.com\/noticias\/wp-json\/wp\/v2\/posts\/478016\/revisions"}],"wp:featuredmedia":[{"embeddable":true,"href":"https:\/\/www.eldigitaldeasturias.com\/noticias\/wp-json\/wp\/v2\/media\/1132184"}],"wp:attachment":[{"href":"https:\/\/www.eldigitaldeasturias.com\/noticias\/wp-json\/wp\/v2\/media?parent=478016"}],"wp:term":[{"taxonomy":"category","embeddable":true,"href":"https:\/\/www.eldigitaldeasturias.com\/noticias\/wp-json\/wp\/v2\/categories?post=478016"},{"taxonomy":"post_tag","embeddable":true,"href":"https:\/\/www.eldigitaldeasturias.com\/noticias\/wp-json\/wp\/v2\/tags?post=478016"}],"curies":[{"name":"wp","href":"https:\/\/api.w.org\/{rel}","templated":true}]}}