{"id":478013,"date":"2014-01-24T08:20:29","date_gmt":"2014-01-24T09:20:29","guid":{"rendered":"http:\/\/www.eldigitaldeasturias.com\/noticias\/?p=478013"},"modified":"2014-01-24T08:20:29","modified_gmt":"2014-01-24T09:20:29","slug":"grupo-disidente-cubano-pide-hablar-sobre-los-ddhh-con-los-asistentes-a-la-cumbre-de-la-celac","status":"publish","type":"post","link":"https:\/\/www.eldigitaldeasturias.com\/noticias\/grupo-disidente-cubano-pide-hablar-sobre-los-ddhh-con-los-asistentes-a-la-cumbre-de-la-celac\/","title":{"rendered":"Grupo disidente cubano pide hablar sobre los DDHH con los asistentes a la cumbre de la Celac"},"content":{"rendered":"<p><img loading=\"lazy\" decoding=\"async\" class=\"alignleft size-medium wp-image-478014\" alt=\"5871519w\" src=\"https:\/\/www.eldigitaldeasturias.com\/noticias\/wp-content\/uploads\/2014\/01\/5871519w-360x248.jpg\" width=\"360\" height=\"248\" \/>La Habana, 23 ene (EFE).- La disidente Comisi\u00f3n Cubana de Derechos Humanos y Reconciliaci\u00f3n Nacional (CCDHRN) anunci\u00f3 hoy que ha solicitado entrevistas con delegados de gobiernos asistentes a la II Cumbre de la Celac, que se celebrar\u00e1 La Habana la pr\u00f3xima semana, para hablar sobre derechos humanos en la regi\u00f3n y en la isla.<\/p>\n<p>El grupo que lidera el activista Elizardo S\u00e1nchez ha cursado esas peticiones mediante cartas a varios gobiernos latinoamericanos a trav\u00e9s de sus embajadas en La Habana, inform\u00f3 este jueves la CCDHRN en un comunicado.<\/p>\n<p>El prop\u00f3sito de esa petici\u00f3n es poder exponer el punto de vista de esta comisi\u00f3n \u00abacerca de la situaci\u00f3n de derechos humanos en el contexto interamericano\u00bb, seg\u00fan el texto de la misiva que el grupo disidente ha entregado ya en embajadas como las de M\u00e9xico, Costa Rica, Panam\u00e1, Colombia, Uruguay y Chile.<\/p>\n<p>La CCDHRN tambi\u00e9n quiere trasladar \u00abla necesidad de alentar al Gobierno de Cuba para que acepte de manera irrestricta los est\u00e1ndares y las posibilidades de cooperaci\u00f3n vigentes\u00bb en materia de derechos humanos.<\/p>\n<p>En declaraciones a Efe, Elizardo S\u00e1nchez dijo que por el momento no han tenido respuesta a esas peticiones de entrevistas.<\/p>\n<p>La Habana acoger\u00e1 los d\u00edas 28 y 29 de enero la II Cumbre de la Comunidad de Estados Latinoamericanos y Caribe\u00f1os, una cita en la que Cuba traspasar\u00e1 a Costa Rica la presidencia temporal del organismo.<\/p>\n<p>Varios miembros de disidencia interna cubana han anunciado su intenci\u00f3n de celebrar en La Habana un foro \u00abparalelo\u00bb a la cumbre para debatir sobre democracia.<\/p>\n<p>El Gobierno de Cuba, donde el \u00fanico partido pol\u00edtico permitido es el comunista, considera a los disidentes \u00abcontrarrevolucionarios\u00bb y \u00abmercenarios\u00bb al servicio de Estados Unidos, pa\u00eds enemistado con la isla desde hace m\u00e1s de medio siglo.<\/p>\n","protected":false},"excerpt":{"rendered":"<p>La Habana, 23 ene (EFE).- La disidente Comisi\u00f3n Cubana de Derechos Humanos y Reconciliaci\u00f3n Nacional (CCDHRN) anunci\u00f3 hoy que ha solicitado entrevistas con delegados de gobiernos asistentes a la II Cumbre de la Celac, que se celebrar\u00e1 La Habana la pr\u00f3xima semana, para hablar sobre derechos humanos en la regi\u00f3n y en la isla. El [&hellip;]<\/p>\n","protected":false},"author":1,"featured_media":1132184,"comment_status":"closed","ping_status":"open","sticky":false,"template":"","format":"standard","meta":{"footnotes":""},"categories":[1],"tags":[],"class_list":["post-478013","post","type-post","status-publish","format-standard","has-post-thumbnail","hentry","category-actualidad"],"aioseo_notices":[],"aioseo_head":"\n\t\t<!-- All in One SEO Pro 5.0.1 - aioseo.com -->\n\t<meta name=\"description\" content=\"La Habana, 23 ene (EFE).- La disidente Comisi\u00f3n Cubana de Derechos Humanos y Reconciliaci\u00f3n Nacional (CCDHRN) anunci\u00f3 hoy que ha solicitado entrevistas con delegados de gobiernos asistentes a la II Cumbre de la Celac, que se celebrar\u00e1 La Habana la pr\u00f3xima semana, para hablar sobre derechos humanos en la regi\u00f3n y en la isla. El\" \/>\n\t<meta name=\"robots\" content=\"max-image-preview:large\" \/>\n\t<meta name=\"author\" content=\"El Digital de Asturias\"\/>\n\t<meta name=\"google-site-verification\" content=\"UA-38556648-1\" \/>\n\t<meta name=\"msvalidate.01\" content=\"7dfe9f3f1b24437ab69f4f2559babe99\" \/>\n\t<meta name=\"keywords\" content=\"actualidad\" \/>\n\t<link rel=\"canonical\" href=\"https:\/\/www.eldigitaldeasturias.com\/noticias\/grupo-disidente-cubano-pide-hablar-sobre-los-ddhh-con-los-asistentes-a-la-cumbre-de-la-celac\/\" \/>\n\t<meta name=\"generator\" content=\"All in One SEO Pro (AIOSEO) 5.0.1\" \/>\n\t\t<meta property=\"og:locale\" content=\"es_ES\" \/>\n\t\t<meta property=\"og:site_name\" content=\"El Digital de Asturias\" \/>\n\t\t<meta property=\"og:type\" content=\"article\" \/>\n\t\t<meta property=\"og:title\" content=\"Grupo disidente cubano pide hablar sobre los DDHH con los asistentes a la cumbre de la Celac - El Digital de Asturias\" \/>\n\t\t<meta property=\"og:description\" content=\"La Habana, 23 ene (EFE).- La disidente Comisi\u00f3n Cubana de Derechos Humanos y Reconciliaci\u00f3n Nacional (CCDHRN) anunci\u00f3 hoy que ha solicitado entrevistas con delegados de gobiernos asistentes a la II Cumbre de la Celac, que se celebrar\u00e1 La Habana la pr\u00f3xima semana, para hablar sobre derechos humanos en la regi\u00f3n y en la isla. El\" \/>\n\t\t<meta property=\"og:url\" content=\"https:\/\/www.eldigitaldeasturias.com\/noticias\/grupo-disidente-cubano-pide-hablar-sobre-los-ddhh-con-los-asistentes-a-la-cumbre-de-la-celac\/\" \/>\n\t\t<meta property=\"og:image\" content=\"https:\/\/www.eldigitaldeasturias.com\/noticias\/wp-content\/uploads\/2026\/06\/Contenidos.jpg\" \/>\n\t\t<meta property=\"og:image:secure_url\" content=\"https:\/\/www.eldigitaldeasturias.com\/noticias\/wp-content\/uploads\/2026\/06\/Contenidos.jpg\" \/>\n\t\t<meta property=\"og:image:width\" content=\"1265\" \/>\n\t\t<meta property=\"og:image:height\" content=\"697\" \/>\n\t\t<meta property=\"article:tag\" content=\"actualidad\" \/>\n\t\t<meta property=\"article:published_time\" content=\"2014-01-24T09:20:29+00:00\" \/>\n\t\t<meta property=\"article:modified_time\" content=\"2014-01-24T09:20:29+00:00\" \/>\n\t\t<meta property=\"article:publisher\" content=\"https:\/\/facebook.com\/eldigitaldeasturias\" \/>\n\t\t<meta name=\"twitter:card\" content=\"summary_large_image\" \/>\n\t\t<meta name=\"twitter:title\" content=\"Grupo disidente cubano pide hablar sobre los DDHH con los asistentes a la cumbre de la Celac - El Digital de Asturias\" \/>\n\t\t<meta name=\"twitter:description\" content=\"La Habana, 23 ene (EFE).- La disidente Comisi\u00f3n Cubana de Derechos Humanos y Reconciliaci\u00f3n Nacional (CCDHRN) anunci\u00f3 hoy que ha solicitado entrevistas con delegados de gobiernos asistentes a la II Cumbre de la Celac, que se celebrar\u00e1 La Habana la pr\u00f3xima semana, para hablar sobre derechos humanos en la regi\u00f3n y en la isla. El\" \/>\n\t\t<meta name=\"twitter:image\" content=\"https:\/\/www.eldigitaldeasturias.com\/noticias\/wp-content\/uploads\/2026\/06\/Contenidos.jpg\" \/>\n\t\t<meta name=\"twitter:label1\" content=\"Escrito por\" \/>\n\t\t<meta name=\"twitter:data1\" content=\"El Digital de Asturias\" \/>\n\t\t<meta name=\"twitter:label2\" content=\"Tiempo de lectura estimado\" \/>\n\t\t<meta name=\"twitter:data2\" content=\"2 minutos\" \/>\n\t\t<script type=\"application\/ld+json\" class=\"aioseo-schema\">\n\t\t\t{\"@context\":\"https:\\\/\\\/schema.org\",\"@graph\":[{\"@type\":\"BlogPosting\",\"@id\":\"https:\\\/\\\/www.eldigitaldeasturias.com\\\/noticias\\\/grupo-disidente-cubano-pide-hablar-sobre-los-ddhh-con-los-asistentes-a-la-cumbre-de-la-celac\\\/#blogposting\",\"name\":\"Grupo disidente cubano pide hablar sobre los DDHH con los asistentes a la cumbre de la Celac - El Digital de Asturias\",\"headline\":\"Grupo disidente cubano pide hablar sobre los DDHH con los asistentes a la cumbre de la Celac\",\"author\":{\"@id\":\"https:\\\/\\\/www.eldigitaldeasturias.com\\\/noticias\\\/author\\\/admin\\\/#author\"},\"publisher\":{\"@id\":\"https:\\\/\\\/www.eldigitaldeasturias.com\\\/noticias\\\/#organization\"},\"image\":{\"@type\":\"ImageObject\",\"url\":\"https:\\\/\\\/www.eldigitaldeasturias.com\\\/noticias\\\/wp-content\\\/uploads\\\/2026\\\/06\\\/Contenidos.jpg\",\"width\":1265,\"height\":697,\"caption\":\"Contenidos\"},\"datePublished\":\"2014-01-24T08:20:29+01:00\",\"dateModified\":\"2014-01-24T08:20:29+01:00\",\"inLanguage\":\"es-ES\",\"mainEntityOfPage\":{\"@id\":\"https:\\\/\\\/www.eldigitaldeasturias.com\\\/noticias\\\/grupo-disidente-cubano-pide-hablar-sobre-los-ddhh-con-los-asistentes-a-la-cumbre-de-la-celac\\\/#webpage\"},\"isPartOf\":{\"@id\":\"https:\\\/\\\/www.eldigitaldeasturias.com\\\/noticias\\\/grupo-disidente-cubano-pide-hablar-sobre-los-ddhh-con-los-asistentes-a-la-cumbre-de-la-celac\\\/#webpage\"},\"articleSection\":\"Actualidad\"},{\"@type\":\"BreadcrumbList\",\"@id\":\"https:\\\/\\\/www.eldigitaldeasturias.com\\\/noticias\\\/grupo-disidente-cubano-pide-hablar-sobre-los-ddhh-con-los-asistentes-a-la-cumbre-de-la-celac\\\/#breadcrumblist\",\"itemListElement\":[{\"@type\":\"ListItem\",\"@id\":\"https:\\\/\\\/www.eldigitaldeasturias.com\\\/noticias#listItem\",\"position\":1,\"name\":\"Home\",\"item\":\"https:\\\/\\\/www.eldigitaldeasturias.com\\\/noticias\",\"nextItem\":{\"@type\":\"ListItem\",\"@id\":\"https:\\\/\\\/www.eldigitaldeasturias.com\\\/noticias\\\/category\\\/actualidad\\\/#listItem\",\"name\":\"Actualidad\"}},{\"@type\":\"ListItem\",\"@id\":\"https:\\\/\\\/www.eldigitaldeasturias.com\\\/noticias\\\/category\\\/actualidad\\\/#listItem\",\"position\":2,\"name\":\"Actualidad\",\"item\":\"https:\\\/\\\/www.eldigitaldeasturias.com\\\/noticias\\\/category\\\/actualidad\\\/\",\"nextItem\":{\"@type\":\"ListItem\",\"@id\":\"https:\\\/\\\/www.eldigitaldeasturias.com\\\/noticias\\\/grupo-disidente-cubano-pide-hablar-sobre-los-ddhh-con-los-asistentes-a-la-cumbre-de-la-celac\\\/#listItem\",\"name\":\"Grupo disidente cubano pide hablar sobre los DDHH con los asistentes a la cumbre de la Celac\"},\"previousItem\":{\"@type\":\"ListItem\",\"@id\":\"https:\\\/\\\/www.eldigitaldeasturias.com\\\/noticias#listItem\",\"name\":\"Home\"}},{\"@type\":\"ListItem\",\"@id\":\"https:\\\/\\\/www.eldigitaldeasturias.com\\\/noticias\\\/grupo-disidente-cubano-pide-hablar-sobre-los-ddhh-con-los-asistentes-a-la-cumbre-de-la-celac\\\/#listItem\",\"position\":3,\"name\":\"Grupo disidente cubano pide hablar sobre los DDHH con los asistentes a la cumbre de la Celac\",\"previousItem\":{\"@type\":\"ListItem\",\"@id\":\"https:\\\/\\\/www.eldigitaldeasturias.com\\\/noticias\\\/category\\\/actualidad\\\/#listItem\",\"name\":\"Actualidad\"}}]},{\"@type\":\"Organization\",\"@id\":\"https:\\\/\\\/www.eldigitaldeasturias.com\\\/noticias\\\/#organization\",\"name\":\"El Digital de Asturias\",\"description\":\"Hemeroteca\",\"url\":\"https:\\\/\\\/www.eldigitaldeasturias.com\\\/noticias\\\/\",\"email\":\"info@eldigitaldeasturias.com\",\"telephone\":\"+34652131393\",\"logo\":{\"@type\":\"ImageObject\",\"url\":\"https:\\\/\\\/www.eldigitaldeasturias.com\\\/noticias\\\/wp-content\\\/uploads\\\/2020\\\/12\\\/EDA.jpg\",\"@id\":\"https:\\\/\\\/www.eldigitaldeasturias.com\\\/noticias\\\/grupo-disidente-cubano-pide-hablar-sobre-los-ddhh-con-los-asistentes-a-la-cumbre-de-la-celac\\\/#organizationLogo\"},\"image\":{\"@id\":\"https:\\\/\\\/www.eldigitaldeasturias.com\\\/noticias\\\/grupo-disidente-cubano-pide-hablar-sobre-los-ddhh-con-los-asistentes-a-la-cumbre-de-la-celac\\\/#organizationLogo\"},\"sameAs\":[\"https:\\\/\\\/facebook.com\\\/eldigitaldeasturias\",\"https:\\\/\\\/www.youtube.com\\\/channel\\\/UCZP-2wLEB9Rv6erhFmqVnvg\"],\"address\":{\"@id\":\"https:\\\/\\\/www.eldigitaldeasturias.com\\\/noticias\\\/#postaladdress\",\"@type\":\"PostalAddress\",\"streetAddress\":\"san antonio 4\",\"postalCode\":\"33430\",\"addressLocality\":\"Cand\\u00e1s\",\"addressRegion\":\"Asturias\",\"addressCountry\":\"ES\"}},{\"@type\":\"Person\",\"@id\":\"https:\\\/\\\/www.eldigitaldeasturias.com\\\/noticias\\\/author\\\/admin\\\/#author\",\"url\":\"https:\\\/\\\/www.eldigitaldeasturias.com\\\/noticias\\\/author\\\/admin\\\/\",\"name\":\"El Digital de Asturias\",\"image\":{\"@type\":\"ImageObject\",\"@id\":\"https:\\\/\\\/www.eldigitaldeasturias.com\\\/noticias\\\/grupo-disidente-cubano-pide-hablar-sobre-los-ddhh-con-los-asistentes-a-la-cumbre-de-la-celac\\\/#authorImage\",\"url\":\"https:\\\/\\\/secure.gravatar.com\\\/avatar\\\/df2aeffc32bcd13f8d26072ef8a91b623d677766deac7f97ca815868cd41bf5e?s=96&d=mm&r=g\",\"width\":96,\"height\":96,\"caption\":\"El Digital de Asturias\"}},{\"@type\":\"WebPage\",\"@id\":\"https:\\\/\\\/www.eldigitaldeasturias.com\\\/noticias\\\/grupo-disidente-cubano-pide-hablar-sobre-los-ddhh-con-los-asistentes-a-la-cumbre-de-la-celac\\\/#webpage\",\"url\":\"https:\\\/\\\/www.eldigitaldeasturias.com\\\/noticias\\\/grupo-disidente-cubano-pide-hablar-sobre-los-ddhh-con-los-asistentes-a-la-cumbre-de-la-celac\\\/\",\"name\":\"Grupo disidente cubano pide hablar sobre los DDHH con los asistentes a la cumbre de la Celac - El Digital de Asturias\",\"description\":\"La Habana, 23 ene (EFE).- La disidente Comisi\\u00f3n Cubana de Derechos Humanos y Reconciliaci\\u00f3n Nacional (CCDHRN) anunci\\u00f3 hoy que ha solicitado entrevistas con delegados de gobiernos asistentes a la II Cumbre de la Celac, que se celebrar\\u00e1 La Habana la pr\\u00f3xima semana, para hablar sobre derechos humanos en la regi\\u00f3n y en la isla. El\",\"inLanguage\":\"es-ES\",\"isPartOf\":{\"@id\":\"https:\\\/\\\/www.eldigitaldeasturias.com\\\/noticias\\\/#website\"},\"breadcrumb\":{\"@id\":\"https:\\\/\\\/www.eldigitaldeasturias.com\\\/noticias\\\/grupo-disidente-cubano-pide-hablar-sobre-los-ddhh-con-los-asistentes-a-la-cumbre-de-la-celac\\\/#breadcrumblist\"},\"author\":{\"@id\":\"https:\\\/\\\/www.eldigitaldeasturias.com\\\/noticias\\\/author\\\/admin\\\/#author\"},\"creator\":{\"@id\":\"https:\\\/\\\/www.eldigitaldeasturias.com\\\/noticias\\\/author\\\/admin\\\/#author\"},\"image\":{\"@type\":\"ImageObject\",\"url\":\"https:\\\/\\\/www.eldigitaldeasturias.com\\\/noticias\\\/wp-content\\\/uploads\\\/2026\\\/06\\\/Contenidos.jpg\",\"@id\":\"https:\\\/\\\/www.eldigitaldeasturias.com\\\/noticias\\\/grupo-disidente-cubano-pide-hablar-sobre-los-ddhh-con-los-asistentes-a-la-cumbre-de-la-celac\\\/#mainImage\",\"width\":1265,\"height\":697,\"caption\":\"Contenidos\"},\"primaryImageOfPage\":{\"@id\":\"https:\\\/\\\/www.eldigitaldeasturias.com\\\/noticias\\\/grupo-disidente-cubano-pide-hablar-sobre-los-ddhh-con-los-asistentes-a-la-cumbre-de-la-celac\\\/#mainImage\"},\"datePublished\":\"2014-01-24T08:20:29+01:00\",\"dateModified\":\"2014-01-24T08:20:29+01:00\"},{\"@type\":\"WebSite\",\"@id\":\"https:\\\/\\\/www.eldigitaldeasturias.com\\\/noticias\\\/#website\",\"url\":\"https:\\\/\\\/www.eldigitaldeasturias.com\\\/noticias\\\/\",\"name\":\"El Digital de Asturias - Diario de actualidad y noticias\",\"alternateName\":\"El Digital de Asturias - Diario de actualidad y noticias\",\"description\":\"Hemeroteca\",\"inLanguage\":\"es-ES\",\"publisher\":{\"@id\":\"https:\\\/\\\/www.eldigitaldeasturias.com\\\/noticias\\\/#organization\"}}]}\n\t\t<\/script>\n\t\t<!-- All in One SEO Pro -->\r\n\t\t<title>Grupo disidente cubano pide hablar sobre los DDHH con los asistentes a la cumbre de la Celac - El Digital de Asturias<\/title>\n\n","aioseo_head_json":{"title":"Grupo disidente cubano pide hablar sobre los DDHH con los asistentes a la cumbre de la Celac - El Digital de Asturias","description":"La Habana, 23 ene (EFE).- La disidente Comisi\u00f3n Cubana de Derechos Humanos y Reconciliaci\u00f3n Nacional (CCDHRN) anunci\u00f3 hoy que ha solicitado entrevistas con delegados de gobiernos asistentes a la II Cumbre de la Celac, que se celebrar\u00e1 La Habana la pr\u00f3xima semana, para hablar sobre derechos humanos en la regi\u00f3n y en la isla. El","canonical_url":"https:\/\/www.eldigitaldeasturias.com\/noticias\/grupo-disidente-cubano-pide-hablar-sobre-los-ddhh-con-los-asistentes-a-la-cumbre-de-la-celac\/","robots":"max-image-preview:large","keywords":"actualidad","webmasterTools":{"google-site-verification":"UA-38556648-1","msvalidate.01":"7dfe9f3f1b24437ab69f4f2559babe99","miscellaneous":""},"schema":{"@context":"https:\/\/schema.org","@graph":[{"@type":"BlogPosting","@id":"https:\/\/www.eldigitaldeasturias.com\/noticias\/grupo-disidente-cubano-pide-hablar-sobre-los-ddhh-con-los-asistentes-a-la-cumbre-de-la-celac\/#blogposting","name":"Grupo disidente cubano pide hablar sobre los DDHH con los asistentes a la cumbre de la Celac - El Digital de Asturias","headline":"Grupo disidente cubano pide hablar sobre los DDHH con los asistentes a la cumbre de la Celac","author":{"@id":"https:\/\/www.eldigitaldeasturias.com\/noticias\/author\/admin\/#author"},"publisher":{"@id":"https:\/\/www.eldigitaldeasturias.com\/noticias\/#organization"},"image":{"@type":"ImageObject","url":"https:\/\/www.eldigitaldeasturias.com\/noticias\/wp-content\/uploads\/2026\/06\/Contenidos.jpg","width":1265,"height":697,"caption":"Contenidos"},"datePublished":"2014-01-24T08:20:29+01:00","dateModified":"2014-01-24T08:20:29+01:00","inLanguage":"es-ES","mainEntityOfPage":{"@id":"https:\/\/www.eldigitaldeasturias.com\/noticias\/grupo-disidente-cubano-pide-hablar-sobre-los-ddhh-con-los-asistentes-a-la-cumbre-de-la-celac\/#webpage"},"isPartOf":{"@id":"https:\/\/www.eldigitaldeasturias.com\/noticias\/grupo-disidente-cubano-pide-hablar-sobre-los-ddhh-con-los-asistentes-a-la-cumbre-de-la-celac\/#webpage"},"articleSection":"Actualidad"},{"@type":"BreadcrumbList","@id":"https:\/\/www.eldigitaldeasturias.com\/noticias\/grupo-disidente-cubano-pide-hablar-sobre-los-ddhh-con-los-asistentes-a-la-cumbre-de-la-celac\/#breadcrumblist","itemListElement":[{"@type":"ListItem","@id":"https:\/\/www.eldigitaldeasturias.com\/noticias#listItem","position":1,"name":"Home","item":"https:\/\/www.eldigitaldeasturias.com\/noticias","nextItem":{"@type":"ListItem","@id":"https:\/\/www.eldigitaldeasturias.com\/noticias\/category\/actualidad\/#listItem","name":"Actualidad"}},{"@type":"ListItem","@id":"https:\/\/www.eldigitaldeasturias.com\/noticias\/category\/actualidad\/#listItem","position":2,"name":"Actualidad","item":"https:\/\/www.eldigitaldeasturias.com\/noticias\/category\/actualidad\/","nextItem":{"@type":"ListItem","@id":"https:\/\/www.eldigitaldeasturias.com\/noticias\/grupo-disidente-cubano-pide-hablar-sobre-los-ddhh-con-los-asistentes-a-la-cumbre-de-la-celac\/#listItem","name":"Grupo disidente cubano pide hablar sobre los DDHH con los asistentes a la cumbre de la Celac"},"previousItem":{"@type":"ListItem","@id":"https:\/\/www.eldigitaldeasturias.com\/noticias#listItem","name":"Home"}},{"@type":"ListItem","@id":"https:\/\/www.eldigitaldeasturias.com\/noticias\/grupo-disidente-cubano-pide-hablar-sobre-los-ddhh-con-los-asistentes-a-la-cumbre-de-la-celac\/#listItem","position":3,"name":"Grupo disidente cubano pide hablar sobre los DDHH con los asistentes a la cumbre de la Celac","previousItem":{"@type":"ListItem","@id":"https:\/\/www.eldigitaldeasturias.com\/noticias\/category\/actualidad\/#listItem","name":"Actualidad"}}]},{"@type":"Organization","@id":"https:\/\/www.eldigitaldeasturias.com\/noticias\/#organization","name":"El Digital de Asturias","description":"Hemeroteca","url":"https:\/\/www.eldigitaldeasturias.com\/noticias\/","email":"info@eldigitaldeasturias.com","telephone":"+34652131393","logo":{"@type":"ImageObject","url":"https:\/\/www.eldigitaldeasturias.com\/noticias\/wp-content\/uploads\/2020\/12\/EDA.jpg","@id":"https:\/\/www.eldigitaldeasturias.com\/noticias\/grupo-disidente-cubano-pide-hablar-sobre-los-ddhh-con-los-asistentes-a-la-cumbre-de-la-celac\/#organizationLogo"},"image":{"@id":"https:\/\/www.eldigitaldeasturias.com\/noticias\/grupo-disidente-cubano-pide-hablar-sobre-los-ddhh-con-los-asistentes-a-la-cumbre-de-la-celac\/#organizationLogo"},"sameAs":["https:\/\/facebook.com\/eldigitaldeasturias","https:\/\/www.youtube.com\/channel\/UCZP-2wLEB9Rv6erhFmqVnvg"],"address":{"@id":"https:\/\/www.eldigitaldeasturias.com\/noticias\/#postaladdress","@type":"PostalAddress","streetAddress":"san antonio 4","postalCode":"33430","addressLocality":"Cand\u00e1s","addressRegion":"Asturias","addressCountry":"ES"}},{"@type":"Person","@id":"https:\/\/www.eldigitaldeasturias.com\/noticias\/author\/admin\/#author","url":"https:\/\/www.eldigitaldeasturias.com\/noticias\/author\/admin\/","name":"El Digital de Asturias","image":{"@type":"ImageObject","@id":"https:\/\/www.eldigitaldeasturias.com\/noticias\/grupo-disidente-cubano-pide-hablar-sobre-los-ddhh-con-los-asistentes-a-la-cumbre-de-la-celac\/#authorImage","url":"https:\/\/secure.gravatar.com\/avatar\/df2aeffc32bcd13f8d26072ef8a91b623d677766deac7f97ca815868cd41bf5e?s=96&d=mm&r=g","width":96,"height":96,"caption":"El Digital de Asturias"}},{"@type":"WebPage","@id":"https:\/\/www.eldigitaldeasturias.com\/noticias\/grupo-disidente-cubano-pide-hablar-sobre-los-ddhh-con-los-asistentes-a-la-cumbre-de-la-celac\/#webpage","url":"https:\/\/www.eldigitaldeasturias.com\/noticias\/grupo-disidente-cubano-pide-hablar-sobre-los-ddhh-con-los-asistentes-a-la-cumbre-de-la-celac\/","name":"Grupo disidente cubano pide hablar sobre los DDHH con los asistentes a la cumbre de la Celac - El Digital de Asturias","description":"La Habana, 23 ene (EFE).- La disidente Comisi\u00f3n Cubana de Derechos Humanos y Reconciliaci\u00f3n Nacional (CCDHRN) anunci\u00f3 hoy que ha solicitado entrevistas con delegados de gobiernos asistentes a la II Cumbre de la Celac, que se celebrar\u00e1 La Habana la pr\u00f3xima semana, para hablar sobre derechos humanos en la regi\u00f3n y en la isla. El","inLanguage":"es-ES","isPartOf":{"@id":"https:\/\/www.eldigitaldeasturias.com\/noticias\/#website"},"breadcrumb":{"@id":"https:\/\/www.eldigitaldeasturias.com\/noticias\/grupo-disidente-cubano-pide-hablar-sobre-los-ddhh-con-los-asistentes-a-la-cumbre-de-la-celac\/#breadcrumblist"},"author":{"@id":"https:\/\/www.eldigitaldeasturias.com\/noticias\/author\/admin\/#author"},"creator":{"@id":"https:\/\/www.eldigitaldeasturias.com\/noticias\/author\/admin\/#author"},"image":{"@type":"ImageObject","url":"https:\/\/www.eldigitaldeasturias.com\/noticias\/wp-content\/uploads\/2026\/06\/Contenidos.jpg","@id":"https:\/\/www.eldigitaldeasturias.com\/noticias\/grupo-disidente-cubano-pide-hablar-sobre-los-ddhh-con-los-asistentes-a-la-cumbre-de-la-celac\/#mainImage","width":1265,"height":697,"caption":"Contenidos"},"primaryImageOfPage":{"@id":"https:\/\/www.eldigitaldeasturias.com\/noticias\/grupo-disidente-cubano-pide-hablar-sobre-los-ddhh-con-los-asistentes-a-la-cumbre-de-la-celac\/#mainImage"},"datePublished":"2014-01-24T08:20:29+01:00","dateModified":"2014-01-24T08:20:29+01:00"},{"@type":"WebSite","@id":"https:\/\/www.eldigitaldeasturias.com\/noticias\/#website","url":"https:\/\/www.eldigitaldeasturias.com\/noticias\/","name":"El Digital de Asturias - Diario de actualidad y noticias","alternateName":"El Digital de Asturias - Diario de actualidad y noticias","description":"Hemeroteca","inLanguage":"es-ES","publisher":{"@id":"https:\/\/www.eldigitaldeasturias.com\/noticias\/#organization"}}]},"og:locale":"es_ES","og:site_name":"El Digital de Asturias","og:type":"article","og:title":"Grupo disidente cubano pide hablar sobre los DDHH con los asistentes a la cumbre de la Celac - El Digital de Asturias","og:description":"La Habana, 23 ene (EFE).- La disidente Comisi\u00f3n Cubana de Derechos Humanos y Reconciliaci\u00f3n Nacional (CCDHRN) anunci\u00f3 hoy que ha solicitado entrevistas con delegados de gobiernos asistentes a la II Cumbre de la Celac, que se celebrar\u00e1 La Habana la pr\u00f3xima semana, para hablar sobre derechos humanos en la regi\u00f3n y en la isla. El","og:url":"https:\/\/www.eldigitaldeasturias.com\/noticias\/grupo-disidente-cubano-pide-hablar-sobre-los-ddhh-con-los-asistentes-a-la-cumbre-de-la-celac\/","og:image":"https:\/\/www.eldigitaldeasturias.com\/noticias\/wp-content\/uploads\/2026\/06\/Contenidos.jpg","og:image:secure_url":"https:\/\/www.eldigitaldeasturias.com\/noticias\/wp-content\/uploads\/2026\/06\/Contenidos.jpg","og:image:width":1265,"og:image:height":697,"article:tag":["actualidad"],"article:published_time":"2014-01-24T09:20:29+00:00","article:modified_time":"2014-01-24T09:20:29+00:00","article:publisher":"https:\/\/facebook.com\/eldigitaldeasturias","twitter:card":"summary_large_image","twitter:title":"Grupo disidente cubano pide hablar sobre los DDHH con los asistentes a la cumbre de la Celac - El Digital de Asturias","twitter:description":"La Habana, 23 ene (EFE).- La disidente Comisi\u00f3n Cubana de Derechos Humanos y Reconciliaci\u00f3n Nacional (CCDHRN) anunci\u00f3 hoy que ha solicitado entrevistas con delegados de gobiernos asistentes a la II Cumbre de la Celac, que se celebrar\u00e1 La Habana la pr\u00f3xima semana, para hablar sobre derechos humanos en la regi\u00f3n y en la isla. El","twitter:image":"https:\/\/www.eldigitaldeasturias.com\/noticias\/wp-content\/uploads\/2026\/06\/Contenidos.jpg","twitter:label1":"Escrito por","twitter:data1":"El Digital de Asturias","twitter:label2":"Tiempo de lectura estimado","twitter:data2":"2 minutos"},"aioseo_meta_data":{"post_id":"478013","title":null,"description":null,"keywords":null,"keyphrases":null,"primary_term":null,"canonical_url":null,"og_title":null,"og_description":null,"og_object_type":"default","og_image_type":"default","og_image_url":null,"og_image_width":null,"og_image_height":null,"og_image_custom_url":null,"og_image_custom_fields":null,"og_video":null,"og_custom_url":null,"og_article_section":null,"og_article_tags":null,"twitter_use_og":true,"twitter_card":"default","twitter_image_type":"default","twitter_image_url":null,"twitter_image_custom_url":null,"twitter_image_custom_fields":null,"twitter_title":null,"twitter_description":null,"schema":{"blockGraphs":[],"customGraphs":[],"default":{"data":{"Article":[],"Course":[],"Dataset":[],"FAQPage":[],"Movie":[],"Person":[],"Product":[],"ProductReview":[],"Car":[],"Recipe":[],"Service":[],"SoftwareApplication":[],"WebPage":[]},"graphName":"","isEnabled":true},"graphs":[],"defaultGraph":"","defaultPostTypeGraph":""},"schema_type":null,"schema_type_options":null,"pillar_content":false,"robots_default":true,"robots_noindex":false,"robots_noarchive":false,"robots_nosnippet":false,"robots_nofollow":false,"robots_noimageindex":false,"robots_noodp":false,"robots_notranslate":false,"robots_max_snippet":null,"robots_max_videopreview":null,"robots_max_imagepreview":"none","priority":null,"frequency":null,"local_seo":null,"seo_analyzer_scan_date":"2026-06-01 20:13:57","breadcrumb_settings":null,"limit_modified_date":false,"open_ai":null,"ai":null,"created":"2020-11-14 22:53:47","updated":"2026-06-01 20:13:57","focus_keyword":null,"additional_keywords":null,"truseo_locale":null},"aioseo_breadcrumb":"<div class=\"aioseo-breadcrumbs\"><span class=\"aioseo-breadcrumb\">\n\t<a href=\"https:\/\/www.eldigitaldeasturias.com\/noticias\" title=\"Home\">Home<\/a>\n<\/span><span class=\"aioseo-breadcrumb-separator\">\u2013<\/span><span class=\"aioseo-breadcrumb\">\n\t<a href=\"https:\/\/www.eldigitaldeasturias.com\/noticias\/category\/actualidad\/\" title=\"Actualidad\">Actualidad<\/a>\n<\/span><span class=\"aioseo-breadcrumb-separator\">\u2013<\/span><span class=\"aioseo-breadcrumb\">\n\t<a href=\"https:\/\/www.eldigitaldeasturias.com\/noticias\/grupo-disidente-cubano-pide-hablar-sobre-los-ddhh-con-los-asistentes-a-la-cumbre-de-la-celac\/\" title=\"Grupo disidente cubano pide hablar sobre los DDHH con los asistentes a la cumbre de la Celac\">Grupo disidente cubano pide hablar sobre los DDHH con los asistentes a la cumbre de la Celac<\/a>\n<\/span><\/div>","aioseo_breadcrumb_json":[{"label":"Home","link":"https:\/\/www.eldigitaldeasturias.com\/noticias"},{"label":"Actualidad","link":"https:\/\/www.eldigitaldeasturias.com\/noticias\/category\/actualidad\/"},{"label":"Grupo disidente cubano pide hablar sobre los DDHH con los asistentes a la cumbre de la Celac","link":"https:\/\/www.eldigitaldeasturias.com\/noticias\/grupo-disidente-cubano-pide-hablar-sobre-los-ddhh-con-los-asistentes-a-la-cumbre-de-la-celac\/"}],"_links":{"self":[{"href":"https:\/\/www.eldigitaldeasturias.com\/noticias\/wp-json\/wp\/v2\/posts\/478013","targetHints":{"allow":["GET"]}}],"collection":[{"href":"https:\/\/www.eldigitaldeasturias.com\/noticias\/wp-json\/wp\/v2\/posts"}],"about":[{"href":"https:\/\/www.eldigitaldeasturias.com\/noticias\/wp-json\/wp\/v2\/types\/post"}],"author":[{"embeddable":true,"href":"https:\/\/www.eldigitaldeasturias.com\/noticias\/wp-json\/wp\/v2\/users\/1"}],"replies":[{"embeddable":true,"href":"https:\/\/www.eldigitaldeasturias.com\/noticias\/wp-json\/wp\/v2\/comments?post=478013"}],"version-history":[{"count":0,"href":"https:\/\/www.eldigitaldeasturias.com\/noticias\/wp-json\/wp\/v2\/posts\/478013\/revisions"}],"wp:featuredmedia":[{"embeddable":true,"href":"https:\/\/www.eldigitaldeasturias.com\/noticias\/wp-json\/wp\/v2\/media\/1132184"}],"wp:attachment":[{"href":"https:\/\/www.eldigitaldeasturias.com\/noticias\/wp-json\/wp\/v2\/media?parent=478013"}],"wp:term":[{"taxonomy":"category","embeddable":true,"href":"https:\/\/www.eldigitaldeasturias.com\/noticias\/wp-json\/wp\/v2\/categories?post=478013"},{"taxonomy":"post_tag","embeddable":true,"href":"https:\/\/www.eldigitaldeasturias.com\/noticias\/wp-json\/wp\/v2\/tags?post=478013"}],"curies":[{"name":"wp","href":"https:\/\/api.w.org\/{rel}","templated":true}]}}